{"id":215815,"date":"2021-12-15T20:54:00","date_gmt":"2021-12-15T23:54:00","guid":{"rendered":"https:\/\/www.suno.com.br\/noticias\/?p=215815"},"modified":"2021-12-15T21:49:17","modified_gmt":"2021-12-16T00:49:17","slug":"radar-banco-pan-bpan4-jcp-dexco-dxco3-credito-unidas-lcam3-localiza-rent3","status":"publish","type":"post","link":"https:\/\/www.suno.com.br\/noticias\/radar-banco-pan-bpan4-jcp-dexco-dxco3-credito-unidas-lcam3-localiza-rent3\/","title":{"rendered":"Radar: Banco Pan (BPAN4) paga JCP, Dexco (DXCO3) contrata cr\u00e9dito e Cade aprova compra da Unidas (LCAM3) pela Localiza (RENT3)"},"content":{"rendered":"<p>O\u00a0<strong>Banco Pan<\/strong>\u00a0(BPAN4) aprovou nesta quarta-feira (15) a distribui\u00e7\u00e3o de\u00a0<a class=\"suno-keyword\" href=\"https:\/\/www.suno.com.br\/artigos\/entenda-o-jcp\/\" target=\"_blank\" rel=\"noopener\" data-force=\"no\" data-priority=\"1\">Juros sobre Capital Pr\u00f3prio<\/a>\u00a0(JCP) no valor total de R$ 261 milh\u00f5es.<\/p>\t<div class=\"wrapper-featured-image\">\n\t\t<figure class=\"spotlightImg\">\n\n\t\t\t<picture>\n\t\t\t\t<source media=\"(max-width: 768px)\" srcset=\"https:\/\/files.sunoresearch.com.br\/n\/uploads\/2021\/09\/architecture-g5051196a2_1920-400x200.jpg\">\n\t\t\t\t<img loading=\"lazy\" decoding=\"async\" class=\"newsContent__article__imgCapa lazyloadDisabled \" src=\"https:\/\/files.sunoresearch.com.br\/n\/uploads\/2021\/09\/architecture-g5051196a2_1920-800x450.jpg\" width=\"800\" height=\"450\" alt=\"Radar: Banco Pan (BPAN4) paga JCP, Dexco (DXCO3) contrata cr\u00e9dito e Cade aprova compra da Unidas (LCAM3) pela Localiza (RENT3)\" fetchpriority=high \/>\n\t\t\t<\/picture>\n\n\t\t\t<figcaption class=\"wp-caption-text wp-caption-text--show\">Fundos Imobili\u00e1rios. Foto: Pixabay<\/figcaption>\n\t\t<\/figure>\n\t<\/div>\n\n\n<p>O\u00a0<a class=\"suno-keyword\" href=\"https:\/\/www.suno.com.br\/artigos\/valor-unitario\/\" target=\"_blank\" rel=\"noopener\" data-force=\"no\" data-priority=\"1\">valor unit\u00e1rio<\/a>\u00a0do\u00a0<strong>JCP do Banco Pan<\/strong>\u00a0\u00e9 de R$ 0,21 por a\u00e7\u00e3o preferencial, com reten\u00e7\u00e3o do imposto de renda na fonte.<\/p>\n<p>Ser\u00e3o considerados aptos para receber o pagamento os acionistas detentores de pap\u00e9is da companhia at\u00e9 o final do preg\u00e3o do dia 21 de dezembro de 2021. A partir do dia seguinte, as a\u00e7\u00f5es da empresa ser\u00e3o negociadas sem conceder direito de recebimento.<\/p>\n<p>O\u00a0<a class=\"suno-keyword\" href=\"https:\/\/www.suno.com.br\/acoes\/BPAN4\/\" target=\"_blank\" rel=\"noopener\" data-force=\"yes\" data-priority=\"2\">Banco Pan<\/a>\u00a0informa tamb\u00e9m que o pagamento ser\u00e1 realizado no dia 6 de janeiro de 2022.<\/p>\n<p>As\u00a0<strong>a\u00e7\u00f5es do Banco Pan<\/strong>\u00a0encerraram o preg\u00e3o de hoje em alta de 6,01%, cotadas a R$ 11,47. O cen\u00e1rio ben\u00e9fico \u00e9 visto tamb\u00e9m no acumulado do ano, onde os pap\u00e9is da companhia crescem 22,54%.<\/p>\n<p>Al\u00e9m do Banco Pan, veja as not\u00edcias que movimentaram o notici\u00e1rio nesta quarta:<\/p>\n<h2>Dexco (DXCO3) contrata de linha de cr\u00e9dito rotativo do Banco do Brasil (BBAS3) em R$ 500 milh\u00f5es<\/h2>\n<ul>\n<li>A <a href=\"https:\/\/www.suno.com.br\/acoes\/dxco3\/\"><strong>Dexco\u00a0<\/strong>(DXCO3),\u00a0<\/a>ex-Duratex, anunciou nesta quarta-feira (15) que o Conselho de Administra\u00e7\u00e3o da companhia aprovou a contrata\u00e7\u00e3o da linha de cr\u00e9dito rotativo junto ao\u00a0<a href=\"https:\/\/www.suno.com.br\/acoes\/bbas3\/\"><strong>Banco do Brasil<\/strong>\u00a0(BBAS3)<\/a>\u00a0no valor de at\u00e9 R$ 500 milh\u00f5es, com prazo de saque de 12 meses.<\/li>\n<li>A linha de cr\u00e9dito conta com a comiss\u00e3o de estrutura\u00e7\u00e3o de 0,10% flat antecipado, comiss\u00e3o de compromisso de 0,45% a.a.<\/li>\n<li>Por fim, foi acordado tamb\u00e9m um prazo de pagamento da linha de dois anos ap\u00f3s o saque e taxa de juros de 117,5% do\u00a0<strong>CDI (Certificados de Dep\u00f3sitos Interbanc\u00e1rios)<\/strong>\u00a0ou CDI acrescido de 2,03% a.a.<\/li>\n<\/ul>\n<h2>Fleury (FLRY3) vai pagar R$ 30 milh\u00f5es em JCP<\/h2>\n<ul>\n<li>A <a href=\"https:\/\/www.suno.com.br\/acoes\/flry3\/\"><strong>Fleury\u00a0<\/strong>(FLRY3)<\/a>\u00a0vai pagar R$ 30.046 milh\u00f5es em\u00a0<a class=\"suno-keyword\" href=\"https:\/\/www.suno.com.br\/artigos\/entenda-o-jcp\/\" target=\"_blank\" rel=\"noopener\" data-force=\"no\" data-priority=\"1\">Juros Sobre Capital Pr\u00f3prio<\/a>\u00a0(JCP) aos seus acionistas, segundo\u00a0<a class=\"suno-keyword\" href=\"https:\/\/www.suno.com.br\/artigos\/fato-relevante\/\" target=\"_blank\" rel=\"noopener\" data-force=\"no\" data-priority=\"1\">fato relevante<\/a>\u00a0divulgado nesta quarta-feira (15).<\/li>\n<li>O valor dos proventos por a\u00e7\u00e3o ser\u00e1 de R$ 0,094, que ser\u00e3o pagos em 30 de dezembro de 2021.<\/li>\n<li>Apenas os investidores com <strong>a\u00e7\u00f5es da Fleury<\/strong>\u00a0ao final do preg\u00e3o do dia 20 de dezembro ter\u00e3o direito de receber os rendimentos. A partir do dia 21 de dezembro, as a\u00e7\u00f5es ser\u00e3o negociadas sem direito aos\u00a0<a class=\"suno-keyword\" href=\"https:\/\/www.suno.com.br\/guias\/dividendos\/\" target=\"_blank\" rel=\"noopener\" data-force=\"no\" data-priority=\"1\">dividendos<\/a>.<\/li>\n<li>Conforme documento arquivado na<a href=\"https:\/\/www.suno.com.br\/artigos\/cvm\/\"><strong>\u00a0Comiss\u00e3o de Valores Mobili\u00e1rios (CVM)<\/strong><\/a>, esses proventos fazem parte dos dividendos obrigat\u00f3rios do exerc\u00edcio de 2021.O valor dos JCP ter\u00e1 reten\u00e7\u00e3o do imposto de renda na fonte, com al\u00edquota de 15%, exceto para os acionistas comprovadamente isentos ou imunes, ou acionistas domiciliados em pa\u00edses ou jurisdi\u00e7\u00f5es para os quais a legisla\u00e7\u00e3o estabele\u00e7a al\u00edquota diversa.<\/li>\n<\/ul>\n<h2>Tim (TIMS3) anuncia pagamento de JCP no total de R$ 560 milh\u00f5es<\/h2>\n<ul>\n<li>A <strong>TIM<\/strong>\u00a0(TIMS3) anunciou nesta quarta (15) o pagamento de\u00a0<a class=\"suno-keyword\" href=\"https:\/\/www.suno.com.br\/artigos\/entenda-o-jcp\/\" target=\"_blank\" rel=\"noopener\" data-force=\"no\" data-priority=\"1\">Juros sobre Capital Pr\u00f3prio<\/a>\u00a0(JCP) no valor total de R$ 560 milh\u00f5es.<\/li>\n<li>O <a class=\"suno-keyword\" href=\"https:\/\/www.suno.com.br\/artigos\/valor-unitario\/\" target=\"_blank\" rel=\"noopener\" data-force=\"no\" data-priority=\"1\">valor unit\u00e1rio<\/a>\u00a0do\u00a0<strong>JCP da Tim<\/strong>\u00a0\u00e9 de R$ 0,23 por a\u00e7\u00e3o ordin\u00e1ria, mas a companhia informa que \u201co valor bruto por a\u00e7\u00e3o poder\u00e1 ser modificado em raz\u00e3o da varia\u00e7\u00e3o na quantidade de\u00a0<a class=\"suno-keyword\" href=\"https:\/\/www.suno.com.br\/artigos\/acoes-em-tesouraria\/\" target=\"_blank\" rel=\"noopener\" data-force=\"no\" data-priority=\"1\">a\u00e7\u00f5es em tesouraria<\/a>\u00a0para atendimento ao Plano de Incentivo de\u00a0<a class=\"suno-keyword\" href=\"https:\/\/www.suno.com.br\/artigos\/longo-prazo\/\" target=\"_blank\" rel=\"noopener\" data-force=\"no\" data-priority=\"1\">Longo Prazo<\/a>\u00a0da companhia\u201d.<\/li>\n<li>Al\u00e9m disso, ser\u00e3o retidos 15% de Imposto de Renda na Fonte.<\/li>\n<li>O pagamento ocorrer\u00e1 no dia 25 de janeiro de 2022, e ser\u00e3o considerados aptos para receber o pagamento da <a class=\"suno-keyword\" href=\"https:\/\/www.suno.com.br\/acoes\/TIMS3\/\" target=\"_blank\" rel=\"noopener\" data-force=\"yes\" data-priority=\"2\">TIM\u00a0<\/a>os acionistas detentores de a\u00e7\u00f5es da companhia\u00a0<strong>at\u00e9 o final do preg\u00e3o do dia 20 de dezembro<\/strong>. Ap\u00f3s essa data, os pap\u00e9is ser\u00e3o negociados sem conceder direito de recebimento.<\/li>\n<\/ul>\n<h2>Cade: fus\u00e3o entre Hapvida (HAPV3) e NotreDame (GNDI3) \u00e9 aprovada sem restri\u00e7\u00f5es<\/h2>\n<ul>\n<li>A <strong>Hapvida<\/strong> (HAPV3) e a Notre Dame Interm\u00e9dica (GNDI3) anunciaram nesta quarta (15) que Superintend\u00eancia-Geral do Conselho Administrativo de Defesa Econ\u00f4mica (Cade) aprovou a fus\u00e3o entre as companhias.<\/li>\n<li>O Cade emitiu hoje despacho por meio do qual chancela <strong>a combina\u00e7\u00e3o de neg\u00f3cios entre as duas companhias<\/strong>. A opera\u00e7\u00e3o foi autorizada sem restri\u00e7\u00f5es, segundo os fatos relevantes divulgados pelas operadoras de sa\u00fade.<\/li>\n<li>A decis\u00e3o de aprova\u00e7\u00e3o se tornar\u00e1 definitiva no prazo de 15 dias corridos a partir de sua publica\u00e7\u00e3o, n\u00e3o havendo recurso de terceiros ou avoca\u00e7\u00e3o pelo Tribunal do Cade.<\/li>\n<li>A <strong>Hapvida <\/strong>e a NotreDame fecharam em fevereiro o acordo de fus\u00e3o entre as duas empresas. A Hapvida ter\u00e1 a maior parcela do novo neg\u00f3cio e ter\u00e1 C\u00e2ndido J\u00fanior e Jorge Pinheiro, seus administradores, no comando da nova empresa, enquanto os s\u00f3cios estrangeiros da Notre Dame vender\u00e3o suas participa\u00e7\u00f5es.<\/li>\n<li>A\u00a0<strong>fus\u00e3o<\/strong> <a href=\"https:\/\/www.suno.com.br\/noticias\/hapvida-hapv3-notredame-gndi3-fecham-fusao\/\">dar\u00e1 origem a uma empresa presente<\/a> em quase todo o pa\u00eds, em segundo lugar no mercado de sa\u00fade, ficando atr\u00e1s apenas da Rede D\u2019Or, que \u00e9 avaliada em R$ 146 bilh\u00f5es, de acordo com reportagem da revista Veja.<\/li>\n<li>Em novembro, o <a class=\"suno-keyword\" href=\"https:\/\/www.suno.com.br\/acoes\/BPAC11\/\" target=\"_blank\" rel=\"noopener\" data-force=\"yes\" data-priority=\"2\">BTG Pactual (BPAC11)<\/a>\u00a0manteve \u00a0suas prefer\u00eancias no<strong>\u00a0setor de sa\u00fade<\/strong>\u00a0e reiterou a escolha da\u00a0Hapvida (HAPV3)\u00a0e\u00a0NotreDame Interm\u00e9dica (GNDI3)\u00a0para o pr\u00f3ximo ano.<\/li>\n<\/ul>\n<h2>Eneva (ENEV3) aprova a cria\u00e7\u00e3o de programa de recompra de a\u00e7\u00f5es de sua emiss\u00e3o pela controlada<\/h2>\n<ul>\n<li>A <strong>Eneva<\/strong> (ENEV3) informou nesta quarta-feira (15) que o <strong><a class=\"suno-keyword\" href=\"https:\/\/www.suno.com.br\/artigos\/conselho-administracao\/\" target=\"_blank\" rel=\"noopener\" data-force=\"no\" data-priority=\"1\">Conselho de Administra\u00e7\u00e3o<\/a><\/strong> da empresa aprovou a cria\u00e7\u00e3o de um <strong>programa de recompra<\/strong> de a\u00e7\u00f5es de emiss\u00e3o pr\u00f3pria pela controlada <strong>Parna\u00edba II Gera\u00e7\u00e3o de Energia<\/strong>.<\/li>\n<li>O objetivo da Eneva \u00e9 fazer com que a controlada fa\u00e7a frente \u00e0s obriga\u00e7\u00f5es decorrentes dos planos e programas de incentivo de <a class=\"suno-keyword\" href=\"https:\/\/www.suno.com.br\/artigos\/longo-prazo\/\" target=\"_blank\" rel=\"noopener\" data-force=\"no\" data-priority=\"1\">longo prazo<\/a>, estipulados anteriormente. Os programas, no caso, s\u00e3o:<\/li>\n<li>Programa de Outorga de Op\u00e7\u00f5es;<\/li>\n<li>Plano de Incentivo de Remunera\u00e7\u00e3o de Longo Prazo Baseado em A\u00e7\u00f5es;<\/li>\n<li>Plano de <em>Performance Shares;<\/em><\/li>\n<li>Plano de Outorga de <a class=\"suno-keyword\" href=\"https:\/\/www.suno.com.br\/artigos\/opcao-de-compra\/\" target=\"_blank\" rel=\"noopener\" data-force=\"no\" data-priority=\"1\">Op\u00e7\u00f5es de Compra<\/a> ou <a class=\"suno-keyword\" href=\"https:\/\/www.suno.com.br\/artigos\/subscricao-de-acoes\/\" target=\"_blank\" rel=\"noopener\" data-force=\"no\" data-priority=\"1\">Subscri\u00e7\u00e3o de A\u00e7\u00f5es<\/a> Ordin\u00e1rias de Emiss\u00e3o da Eneva.<\/li>\n<li>Ser\u00e3o adquiridas at\u00e9 <strong>6 milh\u00f5es de a\u00e7\u00f5es<\/strong>, equivalentes a 0,47% das a\u00e7\u00f5es totais emitidas e 0,48% das a\u00e7\u00f5es em circula\u00e7\u00e3o. De acordo com a companhia, existem atualmente 1,2 bilh\u00e3o de a\u00e7\u00f5es em circula\u00e7\u00e3o e 332 mil em tesouraria. Adicionalmente, h\u00e1 em tesouraria da Parna\u00edba II Gera\u00e7\u00e3o de Energia, 199 mil a\u00e7\u00f5es.<\/li>\n<li>O prazo m\u00e1ximo para aquisi\u00e7\u00e3o de a\u00e7\u00f5es de emiss\u00e3o da companhia no programa de recompra \u00e9 de at\u00e9 18 meses a partir da data de hoje.<\/li>\n<\/ul>\n<h2>Cade aprova compra da Unidas (LCAM3) pela Localiza (RENT3) com vota\u00e7\u00e3o acirrada<\/h2>\n<ul>\n<li>O Tribunal do <strong><a class=\"suno-keyword\" href=\"https:\/\/www.suno.com.br\/artigos\/cade\/\" target=\"_blank\" rel=\"noopener\" data-force=\"no\" data-priority=\"2\">Conselho Administrativo de Defesa Econ\u00f4mica (Cade)<\/a><\/strong>\u00a0aprovou nesta quarta-feira (15) a uni\u00e3o entre a\u00a0<a href=\"https:\/\/www.suno.com.br\/acoes\/RENT3\/\"><strong>Localiza<\/strong>\u00a0(RENT3)<\/a>\u00a0e a\u00a0<a href=\"https:\/\/www.suno.com.br\/acoes\/LCAM3\/\"><strong>Unidas<\/strong>\u00a0(LCAM3)<\/a>, e incluiu na decis\u00e3o \u201crem\u00e9dios\u201d para diminuir a fatia do mercado da nova empresa para menos de 50%. A vota\u00e7\u00e3o foi apertada: 3 a 2. A Unidas foi comprada pela Localiza e a aprova\u00e7\u00e3o saiu com restri\u00e7\u00f5es.<\/li>\n<li>A jun\u00e7\u00e3o das duas maiores empresas do setor de aluguel de ve\u00edculos e gest\u00e3o de frotas do pa\u00eds foi aprovada com ressalvas. \u00c9 necess\u00e1rio o cumprimento de cl\u00e1usulas de restri\u00e7\u00f5es que incluem venda \u201csignificativa\u201d de ativos na \u00e1rea de loca\u00e7\u00e3o, de acordo com a relatora, Lenise Prado. Conforme a conselheira, o acordo firmado \u00e9 sigiloso e os termos n\u00e3o foram divulgados durante a leitura de seu voto.<\/li>\n<li>A Superintend\u00eancia-Geral recomendou, em setembro deste ano, a aprova\u00e7\u00e3o incorpora\u00e7\u00e3o da Unidas pela Localiza mediante \u201crem\u00e9dios\u201d. A autarquia avalia ainda a combina\u00e7\u00e3o de neg\u00f3cios entre as duas companhias.<\/li>\n<li>A <strong>proposta de fus\u00e3o<\/strong>\u00a0foi anunciada em 22 de setembro de 2020 e dependia da decis\u00e3o final do Cade. \u201cAp\u00f3s estudos e consultas ao mercado, a Superintend\u00eancia verificou que, entre os segmentos afetados pelo ato de concentra\u00e7\u00e3o, os relacionados \u00e0 venda de ve\u00edculos usados e \u00e0 Gest\u00e3o e Terceiriza\u00e7\u00e3o de Frotas (GTF) n\u00e3o apresentam maiores preocupa\u00e7\u00f5es do ponto de vista concorrencial\u201d, diz o Cade.<\/li>\n<li>A Localiza e a Unidas divulgaram fato relevante conjunto, informando sobre a aprova\u00e7\u00e3o pelo Cade com \u201crestri\u00e7\u00f5es estruturais e comportamentais, nos termos do Acordo em Controle de Concentra\u00e7\u00e3o \u2013 \u2018ACC\u2019\u201d. De acordo com as notas, o fechamento do neg\u00f3cio est\u00e1 ainda sujeito a outras condi\u00e7\u00f5es, como a aprova\u00e7\u00e3o pela autarquia do comprador do pacote de ativos a serem desinvestidos nos termos do ACC.<\/li>\n<li>Por fim, as empresas afirmam que est\u00e3o em processo de negocia\u00e7\u00e3o com potenciais interessados. Desta forma, ambas continuam operando com autonomia e independ\u00eancia at\u00e9 que a opera\u00e7\u00e3o seja finalizada.<\/li>\n<\/ul>\n<p>Do <b data-stringify-type=\"bold\">Banco Pan<\/b>\u00a0\u00e0 Localiza, essas foram as empresas que se destacaram hoje. Para ler todas as mat\u00e9rias\u00a0<b data-stringify-type=\"bold\"><a class=\"c-link\" tabindex=\"-1\" href=\"https:\/\/www.suno.com.br\/noticias\/\" target=\"_blank\" rel=\"noopener noreferrer\" data-stringify-link=\"https:\/\/www.suno.com.br\/noticias\/\" data-sk=\"tooltip_parent\" data-remove-tab-index=\"true\">clique aqui<\/a><\/b>.<\/p>\n","protected":false},"excerpt":{"rendered":"<p>O\u00a0Banco Pan\u00a0(BPAN4) aprovou nesta quarta-feira (15) a distribui\u00e7\u00e3o de\u00a0Juros sobre Capital Pr\u00f3prio\u00a0(JCP) no valor total de R$ 261 milh\u00f5es. Fundos Imobili\u00e1rios. Foto: Pixabay O\u00a0valor unit\u00e1rio\u00a0do\u00a0JCP do Banco Pan\u00a0\u00e9 de R$ 0,21 por a\u00e7\u00e3o preferencial, com reten\u00e7\u00e3o do imposto de renda na fonte. Ser\u00e3o considerados aptos para receber o pagamento os acionistas detentores de pap\u00e9is da [&hellip;]<\/p>\n","protected":false},"author":146,"featured_media":189537,"comment_status":"closed","ping_status":"closed","sticky":false,"template":"","format":"standard","meta":[],"categories":[64],"tags":[732,370,851,106758,479,4065,663,1061],"suno_strategy":[],"class_list":["post-215815","post","type-post","status-publish","format-standard","has-post-thumbnail","hentry","category-negocios","tag-banco-do-brasil-bbas3","tag-banco-pan-bpan4","tag-cade","tag-dexco-dxco3","tag-fleury-flry3","tag-localiza-rent3","tag-tim-tims3","tag-unidas-lcam3"],"yoast_head":"<!-- This site is optimized with the Yoast SEO plugin v24.4 - https:\/\/yoast.com\/wordpress\/plugins\/seo\/ -->\n<title>Radar: Banco Pan (BPAN4) paga JCP, Dexco (DXCO3) contrata cr\u00e9dito<\/title>\n<meta name=\"description\" content=\"O\u00a0Banco Pan\u00a0(BPAN4) aprovou nesta quarta-feira (15) a distribui\u00e7\u00e3o de\u00a0Juros sobre Capital Pr\u00f3prio\u00a0(JCP) no valor total de R$ 261 milh\u00f5es.\" \/>\n<meta name=\"robots\" content=\"index, follow, max-snippet:-1, max-image-preview:large, max-video-preview:-1\" \/>\n<link rel=\"canonical\" href=\"https:\/\/www.suno.com.br\/noticias\/radar-banco-pan-bpan4-jcp-dexco-dxco3-credito-unidas-lcam3-localiza-rent3\/\" \/>\n<meta property=\"og:locale\" content=\"pt_BR\" \/>\n<meta property=\"og:type\" content=\"article\" \/>\n<meta property=\"og:title\" content=\"Radar: Banco Pan (BPAN4) paga JCP, Dexco (DXCO3) contrata cr\u00e9dito\" \/>\n<meta property=\"og:description\" content=\"O\u00a0Banco Pan\u00a0(BPAN4) aprovou nesta quarta-feira (15) a distribui\u00e7\u00e3o de\u00a0Juros sobre Capital Pr\u00f3prio\u00a0(JCP) no valor total de R$ 261 milh\u00f5es.\" \/>\n<meta property=\"og:url\" content=\"https:\/\/www.suno.com.br\/noticias\/radar-banco-pan-bpan4-jcp-dexco-dxco3-credito-unidas-lcam3-localiza-rent3\/\" \/>\n<meta property=\"og:site_name\" content=\"Suno Not\u00edcias\" \/>\n<meta property=\"article:publisher\" content=\"https:\/\/facebook.com\/sunoresearch\" \/>\n<meta property=\"og:image\" content=\"https:\/\/files.sunoresearch.com.br\/n\/uploads\/2021\/09\/architecture-g5051196a2_1920.jpg\" \/>\n\t<meta property=\"og:image:width\" content=\"1920\" \/>\n\t<meta property=\"og:image:height\" content=\"1281\" \/>\n\t<meta property=\"og:image:type\" content=\"image\/jpeg\" \/>\n<meta name=\"author\" content=\"Vict\u00f3ria Anhesini\" \/>\n<meta name=\"twitter:card\" content=\"summary_large_image\" \/>\n<meta name=\"twitter:creator\" content=\"@sunoresearch\" \/>\n<meta name=\"twitter:site\" content=\"@sunoresearch\" \/>\n<meta name=\"twitter:label1\" content=\"Escrito por\" \/>\n\t<meta name=\"twitter:data1\" content=\"Vict\u00f3ria Anhesini\" \/>\n\t<meta name=\"twitter:label2\" content=\"Est. tempo de leitura\" \/>\n\t<meta name=\"twitter:data2\" content=\"6 minutos\" \/>\n<script type=\"application\/ld+json\" class=\"yoast-schema-graph\">{\"@context\":\"https:\/\/schema.org\",\"@graph\":[{\"@type\":\"NewsArticle\",\"@id\":\"https:\/\/www.suno.com.br\/noticias\/radar-banco-pan-bpan4-jcp-dexco-dxco3-credito-unidas-lcam3-localiza-rent3\/#article\",\"isPartOf\":{\"@id\":\"https:\/\/www.suno.com.br\/noticias\/radar-banco-pan-bpan4-jcp-dexco-dxco3-credito-unidas-lcam3-localiza-rent3\/\"},\"author\":{\"name\":\"Vict\u00f3ria Anhesini\",\"@id\":\"https:\/\/www.suno.com.br\/noticias\/#\/schema\/person\/46d847cb19ad53fde0857adca989c23f\"},\"headline\":\"Radar: Banco Pan (BPAN4) paga JCP, Dexco (DXCO3) contrata cr\u00e9dito e Cade aprova compra da Unidas (LCAM3) pela Localiza (RENT3)\",\"datePublished\":\"2021-12-15T23:54:00+00:00\",\"dateModified\":\"2021-12-16T00:49:17+00:00\",\"mainEntityOfPage\":{\"@id\":\"https:\/\/www.suno.com.br\/noticias\/radar-banco-pan-bpan4-jcp-dexco-dxco3-credito-unidas-lcam3-localiza-rent3\/\"},\"wordCount\":1459,\"publisher\":{\"@id\":\"https:\/\/www.suno.com.br\/noticias\/#organization\"},\"image\":{\"@id\":\"https:\/\/www.suno.com.br\/noticias\/radar-banco-pan-bpan4-jcp-dexco-dxco3-credito-unidas-lcam3-localiza-rent3\/#primaryimage\"},\"thumbnailUrl\":\"https:\/\/files.sunoresearch.com.br\/n\/uploads\/2021\/09\/architecture-g5051196a2_1920.jpg\",\"keywords\":[\"Banco do Brasil (BBAS3)\",\"Banco Pan (BPAN4)\",\"CADE\",\"Dexco (DXCO3)\",\"Fleury (FLRY3)\",\"Localiza (RENT3)\",\"TIM (TIMS3)\",\"Unidas (LCAM3)\"],\"articleSection\":[\"Neg\u00f3cios\"],\"inLanguage\":\"pt-BR\"},{\"@type\":\"WebPage\",\"@id\":\"https:\/\/www.suno.com.br\/noticias\/radar-banco-pan-bpan4-jcp-dexco-dxco3-credito-unidas-lcam3-localiza-rent3\/\",\"url\":\"https:\/\/www.suno.com.br\/noticias\/radar-banco-pan-bpan4-jcp-dexco-dxco3-credito-unidas-lcam3-localiza-rent3\/\",\"name\":\"Radar: Banco Pan (BPAN4) paga JCP, Dexco (DXCO3) contrata cr\u00e9dito\",\"isPartOf\":{\"@id\":\"https:\/\/www.suno.com.br\/noticias\/#website\"},\"primaryImageOfPage\":{\"@id\":\"https:\/\/www.suno.com.br\/noticias\/radar-banco-pan-bpan4-jcp-dexco-dxco3-credito-unidas-lcam3-localiza-rent3\/#primaryimage\"},\"image\":{\"@id\":\"https:\/\/www.suno.com.br\/noticias\/radar-banco-pan-bpan4-jcp-dexco-dxco3-credito-unidas-lcam3-localiza-rent3\/#primaryimage\"},\"thumbnailUrl\":\"https:\/\/files.sunoresearch.com.br\/n\/uploads\/2021\/09\/architecture-g5051196a2_1920.jpg\",\"datePublished\":\"2021-12-15T23:54:00+00:00\",\"dateModified\":\"2021-12-16T00:49:17+00:00\",\"description\":\"O\u00a0Banco Pan\u00a0(BPAN4) aprovou nesta quarta-feira (15) a distribui\u00e7\u00e3o de\u00a0Juros sobre Capital Pr\u00f3prio\u00a0(JCP) no valor total de R$ 261 milh\u00f5es.\",\"breadcrumb\":{\"@id\":\"https:\/\/www.suno.com.br\/noticias\/radar-banco-pan-bpan4-jcp-dexco-dxco3-credito-unidas-lcam3-localiza-rent3\/#breadcrumb\"},\"inLanguage\":\"pt-BR\",\"potentialAction\":[{\"@type\":\"ReadAction\",\"target\":[\"https:\/\/www.suno.com.br\/noticias\/radar-banco-pan-bpan4-jcp-dexco-dxco3-credito-unidas-lcam3-localiza-rent3\/\"]}]},{\"@type\":\"ImageObject\",\"inLanguage\":\"pt-BR\",\"@id\":\"https:\/\/www.suno.com.br\/noticias\/radar-banco-pan-bpan4-jcp-dexco-dxco3-credito-unidas-lcam3-localiza-rent3\/#primaryimage\",\"url\":\"https:\/\/files.sunoresearch.com.br\/n\/uploads\/2021\/09\/architecture-g5051196a2_1920.jpg\",\"contentUrl\":\"https:\/\/files.sunoresearch.com.br\/n\/uploads\/2021\/09\/architecture-g5051196a2_1920.jpg\",\"width\":1920,\"height\":1281,\"caption\":\"Fundos Imobili\u00e1rios. Foto: Pixabay\"},{\"@type\":\"BreadcrumbList\",\"@id\":\"https:\/\/www.suno.com.br\/noticias\/radar-banco-pan-bpan4-jcp-dexco-dxco3-credito-unidas-lcam3-localiza-rent3\/#breadcrumb\",\"itemListElement\":[{\"@type\":\"ListItem\",\"position\":1,\"name\":\"Not\u00edcias\",\"item\":\"https:\/\/www.suno.com.br\/noticias\/\"},{\"@type\":\"ListItem\",\"position\":2,\"name\":\"Neg\u00f3cios\",\"item\":\"https:\/\/www.suno.com.br\/noticias\/negocios\/\"},{\"@type\":\"ListItem\",\"position\":3,\"name\":\"Radar: Banco Pan (BPAN4) paga JCP, Dexco (DXCO3) contrata cr\u00e9dito e Cade aprova compra da Unidas (LCAM3) pela Localiza (RENT3)\"}]},{\"@type\":\"WebSite\",\"@id\":\"https:\/\/www.suno.com.br\/noticias\/#website\",\"url\":\"https:\/\/www.suno.com.br\/noticias\/\",\"name\":\"Suno Not\u00edcias\",\"description\":\"Seu portal de informa\u00e7\u00e3o sobre o mundo dos investimentos\",\"publisher\":{\"@id\":\"https:\/\/www.suno.com.br\/noticias\/#organization\"},\"potentialAction\":[{\"@type\":\"SearchAction\",\"target\":{\"@type\":\"EntryPoint\",\"urlTemplate\":\"https:\/\/www.suno.com.br\/noticias\/?s={search_term_string}\"},\"query-input\":{\"@type\":\"PropertyValueSpecification\",\"valueRequired\":true,\"valueName\":\"search_term_string\"}}],\"inLanguage\":\"pt-BR\"},{\"@type\":\"Organization\",\"@id\":\"https:\/\/www.suno.com.br\/noticias\/#organization\",\"name\":\"Suno Not\u00edcias\",\"url\":\"https:\/\/www.suno.com.br\/noticias\/\",\"logo\":{\"@type\":\"ImageObject\",\"inLanguage\":\"pt-BR\",\"@id\":\"https:\/\/www.suno.com.br\/noticias\/#\/schema\/logo\/image\/\",\"url\":\"https:\/\/files.sunoresearch.com.br\/n\/uploads\/2021\/09\/suno-logo.png\",\"contentUrl\":\"https:\/\/files.sunoresearch.com.br\/n\/uploads\/2021\/09\/suno-logo.png\",\"width\":180,\"height\":180,\"caption\":\"Suno Not\u00edcias\"},\"image\":{\"@id\":\"https:\/\/www.suno.com.br\/noticias\/#\/schema\/logo\/image\/\"},\"sameAs\":[\"https:\/\/facebook.com\/sunoresearch\",\"https:\/\/x.com\/sunoresearch\",\"https:\/\/www.instagram.com\/suno\",\"https:\/\/www.linkedin.com\/company\/suno-research\/\",\"https:\/\/www.youtube.com\/c\/sunoresearch\"]},{\"@type\":\"Person\",\"@id\":\"https:\/\/www.suno.com.br\/noticias\/#\/schema\/person\/46d847cb19ad53fde0857adca989c23f\",\"name\":\"Vict\u00f3ria Anhesini\",\"image\":{\"@type\":\"ImageObject\",\"inLanguage\":\"pt-BR\",\"@id\":\"https:\/\/www.suno.com.br\/noticias\/#\/schema\/person\/image\/\",\"url\":\"https:\/\/secure.gravatar.com\/avatar\/0172bdfcd9129dd9dd68794804304e6e?s=96&r=g\",\"contentUrl\":\"https:\/\/secure.gravatar.com\/avatar\/0172bdfcd9129dd9dd68794804304e6e?s=96&r=g\",\"caption\":\"Vict\u00f3ria Anhesini\"},\"description\":\"Rep\u00f3rter no Suno Not\u00edcias, cobre mercados, neg\u00f3cios e economia, escrevendo majoritariamente sobre movimentos das empresas, cobertura de balan\u00e7os trimestrais e Bolsa de Valores. Formada em jornalismo pela Universidade Presbiteriana Mackenzie em 2019, passou pelo portal de economia e finan\u00e7as EuQueroInvestir como rep\u00f3rter e anteriormente, trabalhou na assessoria de imprensa PinePR, onde liderou com startups de inova\u00e7\u00e3o, tecnologia e finan\u00e7as. Em seu tempo livre, fala sobre m\u00fasica para ambos os sites do selo ForMusic, Wikimetal e Mad Sound, e faz trabalho volunt\u00e1rio no programa Escreve Cartas do Poupatempo.\",\"sameAs\":[\"https:\/\/www.linkedin.com\/in\/victoria-anhesini\/\"],\"url\":\"https:\/\/www.suno.com.br\/noticias\/author\/victoria\/\"}]}<\/script>\n<!-- \/ Yoast SEO plugin. -->","yoast_head_json":{"title":"Radar: Banco Pan (BPAN4) paga JCP, Dexco (DXCO3) contrata cr\u00e9dito","description":"O\u00a0Banco Pan\u00a0(BPAN4) aprovou nesta quarta-feira (15) a distribui\u00e7\u00e3o de\u00a0Juros sobre Capital Pr\u00f3prio\u00a0(JCP) no valor total de R$ 261 milh\u00f5es.","robots":{"index":"index","follow":"follow","max-snippet":"max-snippet:-1","max-image-preview":"max-image-preview:large","max-video-preview":"max-video-preview:-1"},"canonical":"https:\/\/www.suno.com.br\/noticias\/radar-banco-pan-bpan4-jcp-dexco-dxco3-credito-unidas-lcam3-localiza-rent3\/","og_locale":"pt_BR","og_type":"article","og_title":"Radar: Banco Pan (BPAN4) paga JCP, Dexco (DXCO3) contrata cr\u00e9dito","og_description":"O\u00a0Banco Pan\u00a0(BPAN4) aprovou nesta quarta-feira (15) a distribui\u00e7\u00e3o de\u00a0Juros sobre Capital Pr\u00f3prio\u00a0(JCP) no valor total de R$ 261 milh\u00f5es.","og_url":"https:\/\/www.suno.com.br\/noticias\/radar-banco-pan-bpan4-jcp-dexco-dxco3-credito-unidas-lcam3-localiza-rent3\/","og_site_name":"Suno Not\u00edcias","article_publisher":"https:\/\/facebook.com\/sunoresearch","og_image":[{"width":1920,"height":1281,"url":"https:\/\/files.sunoresearch.com.br\/n\/uploads\/2021\/09\/architecture-g5051196a2_1920.jpg","type":"image\/jpeg"}],"author":"Vict\u00f3ria Anhesini","twitter_card":"summary_large_image","twitter_creator":"@sunoresearch","twitter_site":"@sunoresearch","twitter_misc":{"Escrito por":"Vict\u00f3ria Anhesini","Est. tempo de leitura":"6 minutos"},"schema":{"@context":"https:\/\/schema.org","@graph":[{"@type":"NewsArticle","@id":"https:\/\/www.suno.com.br\/noticias\/radar-banco-pan-bpan4-jcp-dexco-dxco3-credito-unidas-lcam3-localiza-rent3\/#article","isPartOf":{"@id":"https:\/\/www.suno.com.br\/noticias\/radar-banco-pan-bpan4-jcp-dexco-dxco3-credito-unidas-lcam3-localiza-rent3\/"},"author":{"name":"Vict\u00f3ria Anhesini","@id":"https:\/\/www.suno.com.br\/noticias\/#\/schema\/person\/46d847cb19ad53fde0857adca989c23f"},"headline":"Radar: Banco Pan (BPAN4) paga JCP, Dexco (DXCO3) contrata cr\u00e9dito e Cade aprova compra da Unidas (LCAM3) pela Localiza (RENT3)","datePublished":"2021-12-15T23:54:00+00:00","dateModified":"2021-12-16T00:49:17+00:00","mainEntityOfPage":{"@id":"https:\/\/www.suno.com.br\/noticias\/radar-banco-pan-bpan4-jcp-dexco-dxco3-credito-unidas-lcam3-localiza-rent3\/"},"wordCount":1459,"publisher":{"@id":"https:\/\/www.suno.com.br\/noticias\/#organization"},"image":{"@id":"https:\/\/www.suno.com.br\/noticias\/radar-banco-pan-bpan4-jcp-dexco-dxco3-credito-unidas-lcam3-localiza-rent3\/#primaryimage"},"thumbnailUrl":"https:\/\/files.sunoresearch.com.br\/n\/uploads\/2021\/09\/architecture-g5051196a2_1920.jpg","keywords":["Banco do Brasil (BBAS3)","Banco Pan (BPAN4)","CADE","Dexco (DXCO3)","Fleury (FLRY3)","Localiza (RENT3)","TIM (TIMS3)","Unidas (LCAM3)"],"articleSection":["Neg\u00f3cios"],"inLanguage":"pt-BR"},{"@type":"WebPage","@id":"https:\/\/www.suno.com.br\/noticias\/radar-banco-pan-bpan4-jcp-dexco-dxco3-credito-unidas-lcam3-localiza-rent3\/","url":"https:\/\/www.suno.com.br\/noticias\/radar-banco-pan-bpan4-jcp-dexco-dxco3-credito-unidas-lcam3-localiza-rent3\/","name":"Radar: Banco Pan (BPAN4) paga JCP, Dexco (DXCO3) contrata cr\u00e9dito","isPartOf":{"@id":"https:\/\/www.suno.com.br\/noticias\/#website"},"primaryImageOfPage":{"@id":"https:\/\/www.suno.com.br\/noticias\/radar-banco-pan-bpan4-jcp-dexco-dxco3-credito-unidas-lcam3-localiza-rent3\/#primaryimage"},"image":{"@id":"https:\/\/www.suno.com.br\/noticias\/radar-banco-pan-bpan4-jcp-dexco-dxco3-credito-unidas-lcam3-localiza-rent3\/#primaryimage"},"thumbnailUrl":"https:\/\/files.sunoresearch.com.br\/n\/uploads\/2021\/09\/architecture-g5051196a2_1920.jpg","datePublished":"2021-12-15T23:54:00+00:00","dateModified":"2021-12-16T00:49:17+00:00","description":"O\u00a0Banco Pan\u00a0(BPAN4) aprovou nesta quarta-feira (15) a distribui\u00e7\u00e3o de\u00a0Juros sobre Capital Pr\u00f3prio\u00a0(JCP) no valor total de R$ 261 milh\u00f5es.","breadcrumb":{"@id":"https:\/\/www.suno.com.br\/noticias\/radar-banco-pan-bpan4-jcp-dexco-dxco3-credito-unidas-lcam3-localiza-rent3\/#breadcrumb"},"inLanguage":"pt-BR","potentialAction":[{"@type":"ReadAction","target":["https:\/\/www.suno.com.br\/noticias\/radar-banco-pan-bpan4-jcp-dexco-dxco3-credito-unidas-lcam3-localiza-rent3\/"]}]},{"@type":"ImageObject","inLanguage":"pt-BR","@id":"https:\/\/www.suno.com.br\/noticias\/radar-banco-pan-bpan4-jcp-dexco-dxco3-credito-unidas-lcam3-localiza-rent3\/#primaryimage","url":"https:\/\/files.sunoresearch.com.br\/n\/uploads\/2021\/09\/architecture-g5051196a2_1920.jpg","contentUrl":"https:\/\/files.sunoresearch.com.br\/n\/uploads\/2021\/09\/architecture-g5051196a2_1920.jpg","width":1920,"height":1281,"caption":"Fundos Imobili\u00e1rios. Foto: Pixabay"},{"@type":"BreadcrumbList","@id":"https:\/\/www.suno.com.br\/noticias\/radar-banco-pan-bpan4-jcp-dexco-dxco3-credito-unidas-lcam3-localiza-rent3\/#breadcrumb","itemListElement":[{"@type":"ListItem","position":1,"name":"Not\u00edcias","item":"https:\/\/www.suno.com.br\/noticias\/"},{"@type":"ListItem","position":2,"name":"Neg\u00f3cios","item":"https:\/\/www.suno.com.br\/noticias\/negocios\/"},{"@type":"ListItem","position":3,"name":"Radar: Banco Pan (BPAN4) paga JCP, Dexco (DXCO3) contrata cr\u00e9dito e Cade aprova compra da Unidas (LCAM3) pela Localiza (RENT3)"}]},{"@type":"WebSite","@id":"https:\/\/www.suno.com.br\/noticias\/#website","url":"https:\/\/www.suno.com.br\/noticias\/","name":"Suno Not\u00edcias","description":"Seu portal de informa\u00e7\u00e3o sobre o mundo dos investimentos","publisher":{"@id":"https:\/\/www.suno.com.br\/noticias\/#organization"},"potentialAction":[{"@type":"SearchAction","target":{"@type":"EntryPoint","urlTemplate":"https:\/\/www.suno.com.br\/noticias\/?s={search_term_string}"},"query-input":{"@type":"PropertyValueSpecification","valueRequired":true,"valueName":"search_term_string"}}],"inLanguage":"pt-BR"},{"@type":"Organization","@id":"https:\/\/www.suno.com.br\/noticias\/#organization","name":"Suno Not\u00edcias","url":"https:\/\/www.suno.com.br\/noticias\/","logo":{"@type":"ImageObject","inLanguage":"pt-BR","@id":"https:\/\/www.suno.com.br\/noticias\/#\/schema\/logo\/image\/","url":"https:\/\/files.sunoresearch.com.br\/n\/uploads\/2021\/09\/suno-logo.png","contentUrl":"https:\/\/files.sunoresearch.com.br\/n\/uploads\/2021\/09\/suno-logo.png","width":180,"height":180,"caption":"Suno Not\u00edcias"},"image":{"@id":"https:\/\/www.suno.com.br\/noticias\/#\/schema\/logo\/image\/"},"sameAs":["https:\/\/facebook.com\/sunoresearch","https:\/\/x.com\/sunoresearch","https:\/\/www.instagram.com\/suno","https:\/\/www.linkedin.com\/company\/suno-research\/","https:\/\/www.youtube.com\/c\/sunoresearch"]},{"@type":"Person","@id":"https:\/\/www.suno.com.br\/noticias\/#\/schema\/person\/46d847cb19ad53fde0857adca989c23f","name":"Vict\u00f3ria Anhesini","image":{"@type":"ImageObject","inLanguage":"pt-BR","@id":"https:\/\/www.suno.com.br\/noticias\/#\/schema\/person\/image\/","url":"https:\/\/secure.gravatar.com\/avatar\/0172bdfcd9129dd9dd68794804304e6e?s=96&r=g","contentUrl":"https:\/\/secure.gravatar.com\/avatar\/0172bdfcd9129dd9dd68794804304e6e?s=96&r=g","caption":"Vict\u00f3ria Anhesini"},"description":"Rep\u00f3rter no Suno Not\u00edcias, cobre mercados, neg\u00f3cios e economia, escrevendo majoritariamente sobre movimentos das empresas, cobertura de balan\u00e7os trimestrais e Bolsa de Valores. Formada em jornalismo pela Universidade Presbiteriana Mackenzie em 2019, passou pelo portal de economia e finan\u00e7as EuQueroInvestir como rep\u00f3rter e anteriormente, trabalhou na assessoria de imprensa PinePR, onde liderou com startups de inova\u00e7\u00e3o, tecnologia e finan\u00e7as. Em seu tempo livre, fala sobre m\u00fasica para ambos os sites do selo ForMusic, Wikimetal e Mad Sound, e faz trabalho volunt\u00e1rio no programa Escreve Cartas do Poupatempo.","sameAs":["https:\/\/www.linkedin.com\/in\/victoria-anhesini\/"],"url":"https:\/\/www.suno.com.br\/noticias\/author\/victoria\/"}]}},"default_loop_html":"<div class=\"cardsPage__listCard__boxs\"><div class=\"cardsPage__listCard__boxs__img\"><a href=\"https:\/\/www.suno.com.br\/noticias\/radar-banco-pan-bpan4-jcp-dexco-dxco3-credito-unidas-lcam3-localiza-rent3\/\"><img class=\"mask\" src=\"https:\/\/www.suno.com.br\/noticias\/wp-content\/themes\/suno\/resources\/images\/spotlight\/spotlight1img\/bg-mask.png\" alt=\"Image Mask\"\/><img src=\"https:\/\/files.sunoresearch.com.br\/n\/uploads\/2021\/09\/architecture-g5051196a2_1920-400x200.jpg\" alt=\"Radar: Banco Pan (BPAN4) paga JCP, Dexco (DXCO3) contrata cr\u00e9dito e Cade aprova compra da Unidas (LCAM3) pela Localiza (RENT3)\"\/><\/a><span class=\"spotlightCategory\"><a href=\"https:\/\/www.suno.com.br\/noticias\/negocios\/\">Neg\u00f3cios<\/a><\/span><\/div><div class=\"cardsPage__listCard__boxs__content\"><a href=\"https:\/\/www.suno.com.br\/noticias\/radar-banco-pan-bpan4-jcp-dexco-dxco3-credito-unidas-lcam3-localiza-rent3\/\"><h2 class=\"content__title\">Radar: Banco Pan (BPAN4) paga JCP, Dexco (DXCO3) contrata cr\u00e9dito e Cade aprova compra da Unidas (LCAM3) pela Localiza (RENT3)<\/h2><\/a><div class=\"newsContent__article__meta\"><div class=\"newsContent__article__meta__authorBox\"><a href=\"https:\/\/www.suno.com.br\/noticias\/author\/victoria\/\" class=\"authorBox__avatar noMobi\"><img src=\"https:\/\/files.sunoresearch.com.br\/n\/uploads\/2021\/12\/20190129VickyPINEAPPLE01-1-150x150.jpg\" alt=\"Vict\u00f3ria Anhesini\"><\/a><div class=\"authorBox__name\"><span>por\n\t\t\t<a href=\"https:\/\/www.suno.com.br\/noticias\/author\/victoria\/\"><span itemprop=\"author\">Vict\u00f3ria Anhesini<\/span><\/a><\/span><time datetime=\"2021-12-15T20:54:00-03:00\" itemprop=\"datePublished\">15\/12\/2021 20:54<\/time><\/div><\/div><\/div><\/div><\/div>","single_layout":"posts","amp_enabled":true,"_links":{"self":[{"href":"https:\/\/www.suno.com.br\/noticias\/wp-json\/wp\/v2\/posts\/215815"}],"collection":[{"href":"https:\/\/www.suno.com.br\/noticias\/wp-json\/wp\/v2\/posts"}],"about":[{"href":"https:\/\/www.suno.com.br\/noticias\/wp-json\/wp\/v2\/types\/post"}],"author":[{"embeddable":true,"href":"https:\/\/www.suno.com.br\/noticias\/wp-json\/wp\/v2\/users\/146"}],"replies":[{"embeddable":true,"href":"https:\/\/www.suno.com.br\/noticias\/wp-json\/wp\/v2\/comments?post=215815"}],"version-history":[{"count":3,"href":"https:\/\/www.suno.com.br\/noticias\/wp-json\/wp\/v2\/posts\/215815\/revisions"}],"predecessor-version":[{"id":215840,"href":"https:\/\/www.suno.com.br\/noticias\/wp-json\/wp\/v2\/posts\/215815\/revisions\/215840"}],"wp:featuredmedia":[{"embeddable":true,"href":"https:\/\/www.suno.com.br\/noticias\/wp-json\/wp\/v2\/media\/189537"}],"wp:attachment":[{"href":"https:\/\/www.suno.com.br\/noticias\/wp-json\/wp\/v2\/media?parent=215815"}],"wp:term":[{"taxonomy":"category","embeddable":true,"href":"https:\/\/www.suno.com.br\/noticias\/wp-json\/wp\/v2\/categories?post=215815"},{"taxonomy":"post_tag","embeddable":true,"href":"https:\/\/www.suno.com.br\/noticias\/wp-json\/wp\/v2\/tags?post=215815"},{"taxonomy":"suno_strategy","embeddable":true,"href":"https:\/\/www.suno.com.br\/noticias\/wp-json\/wp\/v2\/suno_strategy?post=215815"}],"curies":[{"name":"wp","href":"https:\/\/api.w.org\/{rel}","templated":true}]}}