{"id":215406,"date":"2021-12-14T22:48:41","date_gmt":"2021-12-15T01:48:41","guid":{"rendered":"https:\/\/www.suno.com.br\/noticias\/?p=215406"},"modified":"2021-12-14T22:48:41","modified_gmt":"2021-12-15T01:48:41","slug":"pec-dos-precatorios-lira-adia-votacao-em-2o-turno","status":"publish","type":"post","link":"https:\/\/www.suno.com.br\/noticias\/pec-dos-precatorios-lira-adia-votacao-em-2o-turno\/","title":{"rendered":"PEC dos Precat\u00f3rios: Lira adia vota\u00e7\u00e3o em 2\u00ba turno de altera\u00e7\u00f5es para 4\u00aa feira"},"content":{"rendered":"<p>O presidente da C\u00e2mara, Arthur Lira (PP-AL), adiou para esta quarta-feira, 15, a vota\u00e7\u00e3o final da segunda parte da Proposta de Emenda \u00e0 Constitui\u00e7\u00e3o <strong>(PEC) dos Precat\u00f3rios<\/strong>. De acordo com l\u00edderes, a sess\u00e3o de hoje foi cancelada por precau\u00e7\u00e3o, em meio a um temor de falta de qu\u00f3rum no plen\u00e1rio. Os deputados analisavam os destaques \u00e0 mat\u00e9ria, que foi aprovada em primeiro turno com 327 votos a favor, 147 contra e 1 absten\u00e7\u00e3o.<\/p>\t<div class=\"wrapper-featured-image\">\n\t\t<figure class=\"spotlightImg\">\n\n\t\t\t<picture>\n\t\t\t\t<source media=\"(max-width: 768px)\" srcset=\"https:\/\/files.sunoresearch.com.br\/n\/uploads\/2021\/05\/e42e9228-foto-luis-macedo-agencia-camara-400x200.webp\">\n\t\t\t\t<img loading=\"lazy\" decoding=\"async\" class=\"newsContent__article__imgCapa lazyloadDisabled \" src=\"https:\/\/files.sunoresearch.com.br\/n\/uploads\/2021\/05\/e42e9228-foto-luis-macedo-agencia-camara-800x450.webp\" width=\"800\" height=\"450\" alt=\"PEC dos Precat\u00f3rios: Lira adia vota\u00e7\u00e3o em 2\u00ba turno de altera\u00e7\u00f5es para 4\u00aa feira\" fetchpriority=high \/>\n\t\t\t<\/picture>\n\n\t\t\t<figcaption class=\"wp-caption-text wp-caption-text--show\">Membros do Congresso. Foto: Luis Macedo\/Ag\u00eancia C\u00e2mara.<\/figcaption>\n\t\t<\/figure>\n\t<\/div>\n\n\n\t<p>\n\t\t<a href=\"https:\/\/lp.suno.com.br\/planilha-controle-gastos\/\" target=\"_blank\" data-element=\"shortcode-suno-banner\" title=\"Banner SUNO, clique e saiba mais\">\n\t\t\t<picture>\n\t\t\t\t<source media=\"(max-width: 500px)\" srcset=\"https:\/\/files.sunoresearch.com.br\/n\/uploads\/2023\/03\/400x300-Planilha-controle-de-gastos.png\">\n\t\t\t\t<img class=\"newsContent__article__imgCapa newsContent__article__imgCapa--banner\"\n\t\t\t\t\tsrc=\"https:\/\/files.sunoresearch.com.br\/n\/uploads\/2023\/03\/1420x240-Planilha-controle-de-gastos.png\"\n\t\t\t\t\tdata-promo-id=\"101751\"\t\t\t\t\t\t\t\t\t\twidth='1420' height='240'\t\t\t\t\talt=\"https:\/\/files.sunoresearch.com.br\/n\/uploads\/2023\/03\/1420x240-Planilha-controle-de-gastos.png\"\n\t\t\t\t>\n\t\t\t<\/picture>\n\t\t<\/a>\n\t<\/p>\n\n\n<p>Os deputados mantiveram, no primeiro turno, o limite <strong>de pagamento de precat\u00f3rios<\/strong> at\u00e9 2026, e n\u00e3o mais at\u00e9 2036, e a destina\u00e7\u00e3o do espa\u00e7o fiscal da PEC para o Aux\u00edlio Brasil e despesas previdenci\u00e1rias. A limita\u00e7\u00e3o para as despesas com senten\u00e7as judiciais abre uma folga de R$ 43,8 bilh\u00f5es no teto em 2022.<\/p>\n<p>A mudan\u00e7a no c\u00e1lculo do <a class=\"suno-keyword\" href=\"https:\/\/www.suno.com.br\/artigos\/teto-de-gastos\/\" target=\"_blank\" rel=\"noopener\" data-force=\"no\" data-priority=\"1\">teto de gastos<\/a>, promulgada na semana passada, garante mais <strong>R$ 62,2 bilh\u00f5es no Or\u00e7amento<\/strong>. No total, a proposta garante a abertura de um espa\u00e7o fiscal de R$ 106,1 bilh\u00f5es para aumento de gastos no ano que vem. Com a aprova\u00e7\u00e3o final, o governo do presidente <strong>Jair Bolsonaro<\/strong> (PL) poder\u00e1 pagar o Aux\u00edlio Brasil no valor de R$ 400 e ainda negociar o restante para atender demandas de parlamentares.<\/p>\n\t<p>\n\t\t<a href=\"https:\/\/lp.suno.com.br\/planilha-de-controle-de-investimentos\/\" target=\"_blank\" data-element=\"shortcode-suno-banner\" title=\"Banner SUNO, clique e saiba mais\">\n\t\t\t<picture>\n\t\t\t\t<source media=\"(max-width: 500px)\" srcset=\"https:\/\/files.sunoresearch.com.br\/n\/uploads\/2023\/03\/400x300-Controle-de-Investimentos.png\">\n\t\t\t\t<img class=\"newsContent__article__imgCapa newsContent__article__imgCapa--banner\"\n\t\t\t\t\tsrc=\"https:\/\/files.sunoresearch.com.br\/n\/uploads\/2023\/03\/1420x240-Controle-de-Investimentos.png\"\n\t\t\t\t\tdata-promo-id=\"75934\"\t\t\t\t\t\t\t\t\t\twidth='1420' height='240'\t\t\t\t\talt=\"https:\/\/files.sunoresearch.com.br\/n\/uploads\/2023\/03\/1420x240-Controle-de-Investimentos.png\"\n\t\t\t\t>\n\t\t\t<\/picture>\n\t\t<\/a>\n\t<\/p>\n\n\n<p>Antes de a sess\u00e3o ser cancelada, os deputados rejeitaram dois destaques apresentados pelo PT. Amanh\u00e3, com a continua\u00e7\u00e3o da an\u00e1lise dos destaques, a C\u00e2mara deve rejeitar uma proposta do Senado que garantiria a maior parte das d\u00edvidas do antigo Fundef para Estados antes do per\u00edodo eleitoral. Essa medida foi aprovada por senadores alinhados aos governadores da Bahia e do Cear\u00e1, que esperam esses repasses.<\/p>\n<p>Na C\u00e2mara, h\u00e1 uma oposi\u00e7\u00e3o maior aos gestores estaduais. Dessa forma, a parcela de 40% do Fundef dever\u00e1 ser paga em 2022, mas sem uma garantia de pagamento da maior parte at\u00e9 agosto. A despesa ficar\u00e1 fora do <strong>teto de gastos <\/strong>e do limite de precat\u00f3rios.<\/p>\n\t<p>\n\t\t<a href=\"https:\/\/lp.suno.com.br\/planilha-da-vida-financeira\/\" target=\"_blank\" data-element=\"shortcode-suno-banner\" title=\"Banner SUNO, clique e saiba mais\">\n\t\t\t<picture>\n\t\t\t\t<source media=\"(max-width: 500px)\" srcset=\"https:\/\/files.sunoresearch.com.br\/n\/uploads\/2023\/04\/400x300-Planilha-vida-financeira-true.png\">\n\t\t\t\t<img class=\"newsContent__article__imgCapa newsContent__article__imgCapa--banner\"\n\t\t\t\t\tsrc=\"https:\/\/files.sunoresearch.com.br\/n\/uploads\/2023\/04\/1420x240-Planilha-vida-financeira-true.png\"\n\t\t\t\t\tdata-promo-id=\"106682\"\t\t\t\t\t\t\t\t\t\twidth='1420' height='240'\t\t\t\t\talt=\"https:\/\/files.sunoresearch.com.br\/n\/uploads\/2023\/04\/1420x240-Planilha-vida-financeira-true.png\"\n\t\t\t\t>\n\t\t\t<\/picture>\n\t\t<\/a>\n\t<\/p>\n\n\n<p>A PEC 46\/21 determina, para 2022, que a aplica\u00e7\u00e3o dos recursos que foram economizados com o limite estabelecido para o pagamento de precat\u00f3rios seja destinado exclusivamente para as \u00e1reas de seguridade social e para o <strong>Aux\u00edlio Brasil<\/strong>, que passa a se tornar um programa permanente de transfer\u00eancia de renda.<\/p>\n\t<p>\n\t\t<a href=\"https:\/\/lp.suno.com.br\/ebook-como-analisar-uma-acao\/\" target=\"_blank\" data-element=\"shortcode-suno-banner\" title=\"Banner SUNO, clique e saiba mais\">\n\t\t\t<picture>\n\t\t\t\t<source media=\"(max-width: 500px)\" srcset=\"https:\/\/files.sunoresearch.com.br\/n\/uploads\/2023\/03\/Ebook-Acoes-Mobile-1.jpg\">\n\t\t\t\t<img class=\"newsContent__article__imgCapa newsContent__article__imgCapa--banner\"\n\t\t\t\t\tsrc=\"https:\/\/files.sunoresearch.com.br\/n\/uploads\/2023\/03\/Ebook-Acoes-Desktop-1.jpg\"\n\t\t\t\t\tdata-promo-id=\"171998\"\t\t\t\t\t\t\t\t\t\twidth='1420' height='286'\t\t\t\t\talt=\"https:\/\/files.sunoresearch.com.br\/n\/uploads\/2023\/03\/Ebook-Acoes-Desktop-1.jpg\"\n\t\t\t\t>\n\t\t\t<\/picture>\n\t\t<\/a>\n\t<\/p>\n\n\n<p>Outros pontos de diverg\u00eancia da <strong>PEC dos Precat\u00f3rios<\/strong>, como as regras que definem o limite de pagamento dos t\u00edtulos, est\u00e3o sendo votados em separado por meio de destaques apresentados pelos partidos. As mudan\u00e7as na Constitui\u00e7\u00e3o devem ser aprovadas em ambas as Casas (C\u00e2mara e Senado) em dois turnos de vota\u00e7\u00e3o, por isso os trechos novos aprovados pelo Senado dependem de vota\u00e7\u00e3o na C\u00e2mara.<\/p>\n<p><em>* Com informa\u00e7\u00f5es da Ag\u00eancia C\u00e2mara e Estad\u00e3o Conte\u00fado<\/em><\/p>\n<p>&nbsp;<\/p>\n","protected":false},"excerpt":{"rendered":"<p>O presidente da C\u00e2mara, Arthur Lira (PP-AL), adiou para esta quarta-feira, 15, a vota\u00e7\u00e3o final da segunda parte da Proposta de Emenda \u00e0 Constitui\u00e7\u00e3o (PEC) dos Precat\u00f3rios. De acordo com l\u00edderes, a sess\u00e3o de hoje foi cancelada por precau\u00e7\u00e3o, em meio a um temor de falta de qu\u00f3rum no plen\u00e1rio. Os deputados analisavam os destaques [&hellip;]<\/p>\n","protected":false},"author":43,"featured_media":150062,"comment_status":"closed","ping_status":"closed","sticky":false,"template":"","format":"standard","meta":[],"categories":[64],"tags":[938,104591,83329],"suno_strategy":[],"class_list":["post-215406","post","type-post","status-publish","format-standard","has-post-thumbnail","hentry","category-negocios","tag-camara-dos-deputados","tag-precatorios","tag-teto-de-gastos"],"yoast_head":"<!-- This site is optimized with the Yoast SEO plugin v24.4 - https:\/\/yoast.com\/wordpress\/plugins\/seo\/ -->\n<title>PEC dos Precat\u00f3rios: Lira adia vota\u00e7\u00e3o em 2\u00ba turno<\/title>\n<meta name=\"description\" content=\"O presidente da C\u00e2mara, Arthur Lira (PP-AL), adiou para esta quarta-feira, 15, a vota\u00e7\u00e3o final da PEC dos Precat\u00f3rios.\" \/>\n<meta name=\"robots\" content=\"index, follow, max-snippet:-1, max-image-preview:large, max-video-preview:-1\" \/>\n<link rel=\"canonical\" href=\"https:\/\/www.suno.com.br\/noticias\/pec-dos-precatorios-lira-adia-votacao-em-2o-turno\/\" \/>\n<meta property=\"og:locale\" content=\"pt_BR\" \/>\n<meta property=\"og:type\" content=\"article\" \/>\n<meta property=\"og:title\" content=\"PEC dos Precat\u00f3rios: Lira adia vota\u00e7\u00e3o em 2\u00ba turno\" \/>\n<meta property=\"og:description\" content=\"O presidente da C\u00e2mara, Arthur Lira (PP-AL), adiou para esta quarta-feira, 15, a vota\u00e7\u00e3o final da PEC dos Precat\u00f3rios.\" \/>\n<meta property=\"og:url\" content=\"https:\/\/www.suno.com.br\/noticias\/pec-dos-precatorios-lira-adia-votacao-em-2o-turno\/\" \/>\n<meta property=\"og:site_name\" content=\"Suno Not\u00edcias\" \/>\n<meta property=\"article:publisher\" content=\"https:\/\/facebook.com\/sunoresearch\" \/>\n<meta property=\"article:author\" content=\"https:\/\/www.facebook.com\/sunonoticias\/\" \/>\n<meta property=\"og:image\" content=\"https:\/\/files.sunoresearch.com.br\/n\/uploads\/2021\/05\/e42e9228-foto-luis-macedo-agencia-camara.jpg\" \/>\n\t<meta property=\"og:image:width\" content=\"2003\" \/>\n\t<meta property=\"og:image:height\" content=\"1312\" \/>\n\t<meta property=\"og:image:type\" content=\"image\/jpeg\" \/>\n<meta name=\"author\" content=\"Reda\u00e7\u00e3o Suno Not\u00edcias\" \/>\n<meta name=\"twitter:card\" content=\"summary_large_image\" \/>\n<meta name=\"twitter:creator\" content=\"@https:\/\/twitter.com\/sunoresearch\" \/>\n<meta name=\"twitter:site\" content=\"@sunoresearch\" \/>\n<meta name=\"twitter:label1\" content=\"Escrito por\" \/>\n\t<meta name=\"twitter:data1\" content=\"Reda\u00e7\u00e3o Suno Not\u00edcias\" \/>\n\t<meta name=\"twitter:label2\" content=\"Est. tempo de leitura\" \/>\n\t<meta name=\"twitter:data2\" content=\"2 minutos\" \/>\n<script type=\"application\/ld+json\" class=\"yoast-schema-graph\">{\"@context\":\"https:\/\/schema.org\",\"@graph\":[{\"@type\":\"NewsArticle\",\"@id\":\"https:\/\/www.suno.com.br\/noticias\/pec-dos-precatorios-lira-adia-votacao-em-2o-turno\/#article\",\"isPartOf\":{\"@id\":\"https:\/\/www.suno.com.br\/noticias\/pec-dos-precatorios-lira-adia-votacao-em-2o-turno\/\"},\"author\":{\"name\":\"Reda\u00e7\u00e3o Suno Not\u00edcias\",\"@id\":\"https:\/\/www.suno.com.br\/noticias\/#\/schema\/person\/c1b1bd3727fa852bd045e9dbff3673ea\"},\"headline\":\"PEC dos Precat\u00f3rios: Lira adia vota\u00e7\u00e3o em 2\u00ba turno de altera\u00e7\u00f5es para 4\u00aa feira\",\"datePublished\":\"2021-12-15T01:48:41+00:00\",\"mainEntityOfPage\":{\"@id\":\"https:\/\/www.suno.com.br\/noticias\/pec-dos-precatorios-lira-adia-votacao-em-2o-turno\/\"},\"wordCount\":496,\"publisher\":{\"@id\":\"https:\/\/www.suno.com.br\/noticias\/#organization\"},\"image\":{\"@id\":\"https:\/\/www.suno.com.br\/noticias\/pec-dos-precatorios-lira-adia-votacao-em-2o-turno\/#primaryimage\"},\"thumbnailUrl\":\"https:\/\/files.sunoresearch.com.br\/n\/uploads\/2021\/05\/e42e9228-foto-luis-macedo-agencia-camara-jpg.webp\",\"keywords\":[\"C\u00e2mara dos Deputados\",\"precat\u00f3rios\",\"teto de gastos\"],\"articleSection\":[\"Neg\u00f3cios\"],\"inLanguage\":\"pt-BR\"},{\"@type\":\"WebPage\",\"@id\":\"https:\/\/www.suno.com.br\/noticias\/pec-dos-precatorios-lira-adia-votacao-em-2o-turno\/\",\"url\":\"https:\/\/www.suno.com.br\/noticias\/pec-dos-precatorios-lira-adia-votacao-em-2o-turno\/\",\"name\":\"PEC dos Precat\u00f3rios: Lira adia vota\u00e7\u00e3o em 2\u00ba turno\",\"isPartOf\":{\"@id\":\"https:\/\/www.suno.com.br\/noticias\/#website\"},\"primaryImageOfPage\":{\"@id\":\"https:\/\/www.suno.com.br\/noticias\/pec-dos-precatorios-lira-adia-votacao-em-2o-turno\/#primaryimage\"},\"image\":{\"@id\":\"https:\/\/www.suno.com.br\/noticias\/pec-dos-precatorios-lira-adia-votacao-em-2o-turno\/#primaryimage\"},\"thumbnailUrl\":\"https:\/\/files.sunoresearch.com.br\/n\/uploads\/2021\/05\/e42e9228-foto-luis-macedo-agencia-camara-jpg.webp\",\"datePublished\":\"2021-12-15T01:48:41+00:00\",\"description\":\"O presidente da C\u00e2mara, Arthur Lira (PP-AL), adiou para esta quarta-feira, 15, a vota\u00e7\u00e3o final da PEC dos Precat\u00f3rios.\",\"breadcrumb\":{\"@id\":\"https:\/\/www.suno.com.br\/noticias\/pec-dos-precatorios-lira-adia-votacao-em-2o-turno\/#breadcrumb\"},\"inLanguage\":\"pt-BR\",\"potentialAction\":[{\"@type\":\"ReadAction\",\"target\":[\"https:\/\/www.suno.com.br\/noticias\/pec-dos-precatorios-lira-adia-votacao-em-2o-turno\/\"]}]},{\"@type\":\"ImageObject\",\"inLanguage\":\"pt-BR\",\"@id\":\"https:\/\/www.suno.com.br\/noticias\/pec-dos-precatorios-lira-adia-votacao-em-2o-turno\/#primaryimage\",\"url\":\"https:\/\/files.sunoresearch.com.br\/n\/uploads\/2021\/05\/e42e9228-foto-luis-macedo-agencia-camara-jpg.webp\",\"contentUrl\":\"https:\/\/files.sunoresearch.com.br\/n\/uploads\/2021\/05\/e42e9228-foto-luis-macedo-agencia-camara-jpg.webp\",\"width\":2003,\"height\":1312,\"caption\":\"Membros do Congresso. Foto: Luis Macedo\/Ag\u00eancia C\u00e2mara.\"},{\"@type\":\"BreadcrumbList\",\"@id\":\"https:\/\/www.suno.com.br\/noticias\/pec-dos-precatorios-lira-adia-votacao-em-2o-turno\/#breadcrumb\",\"itemListElement\":[{\"@type\":\"ListItem\",\"position\":1,\"name\":\"Not\u00edcias\",\"item\":\"https:\/\/www.suno.com.br\/noticias\/\"},{\"@type\":\"ListItem\",\"position\":2,\"name\":\"Neg\u00f3cios\",\"item\":\"https:\/\/www.suno.com.br\/noticias\/negocios\/\"},{\"@type\":\"ListItem\",\"position\":3,\"name\":\"PEC dos Precat\u00f3rios: Lira adia vota\u00e7\u00e3o em 2\u00ba turno de altera\u00e7\u00f5es para 4\u00aa feira\"}]},{\"@type\":\"WebSite\",\"@id\":\"https:\/\/www.suno.com.br\/noticias\/#website\",\"url\":\"https:\/\/www.suno.com.br\/noticias\/\",\"name\":\"Suno Not\u00edcias\",\"description\":\"Seu portal de informa\u00e7\u00e3o sobre o mundo dos investimentos\",\"publisher\":{\"@id\":\"https:\/\/www.suno.com.br\/noticias\/#organization\"},\"potentialAction\":[{\"@type\":\"SearchAction\",\"target\":{\"@type\":\"EntryPoint\",\"urlTemplate\":\"https:\/\/www.suno.com.br\/noticias\/?s={search_term_string}\"},\"query-input\":{\"@type\":\"PropertyValueSpecification\",\"valueRequired\":true,\"valueName\":\"search_term_string\"}}],\"inLanguage\":\"pt-BR\"},{\"@type\":\"Organization\",\"@id\":\"https:\/\/www.suno.com.br\/noticias\/#organization\",\"name\":\"Suno Not\u00edcias\",\"url\":\"https:\/\/www.suno.com.br\/noticias\/\",\"logo\":{\"@type\":\"ImageObject\",\"inLanguage\":\"pt-BR\",\"@id\":\"https:\/\/www.suno.com.br\/noticias\/#\/schema\/logo\/image\/\",\"url\":\"https:\/\/files.sunoresearch.com.br\/n\/uploads\/2021\/09\/suno-logo.png\",\"contentUrl\":\"https:\/\/files.sunoresearch.com.br\/n\/uploads\/2021\/09\/suno-logo.png\",\"width\":180,\"height\":180,\"caption\":\"Suno Not\u00edcias\"},\"image\":{\"@id\":\"https:\/\/www.suno.com.br\/noticias\/#\/schema\/logo\/image\/\"},\"sameAs\":[\"https:\/\/facebook.com\/sunoresearch\",\"https:\/\/x.com\/sunoresearch\",\"https:\/\/www.instagram.com\/suno\",\"https:\/\/www.linkedin.com\/company\/suno-research\/\",\"https:\/\/www.youtube.com\/c\/sunoresearch\"]},{\"@type\":\"Person\",\"@id\":\"https:\/\/www.suno.com.br\/noticias\/#\/schema\/person\/c1b1bd3727fa852bd045e9dbff3673ea\",\"name\":\"Reda\u00e7\u00e3o Suno Not\u00edcias\",\"image\":{\"@type\":\"ImageObject\",\"inLanguage\":\"pt-BR\",\"@id\":\"https:\/\/www.suno.com.br\/noticias\/#\/schema\/person\/image\/\",\"url\":\"https:\/\/secure.gravatar.com\/avatar\/b8104b9b5a71985d5238ee59fbe418af?s=96&r=g\",\"contentUrl\":\"https:\/\/secure.gravatar.com\/avatar\/b8104b9b5a71985d5238ee59fbe418af?s=96&r=g\",\"caption\":\"Reda\u00e7\u00e3o Suno Not\u00edcias\"},\"description\":\"O Suno Not\u00edcias \u00e9 um portal de informa\u00e7\u00f5es sobre Mercado Financeiro, Pol\u00edtica, Neg\u00f3cios, Economia e Finan\u00e7as Pessoais.\",\"sameAs\":[\"https:\/\/www.suno.com.br\/noticias\",\"https:\/\/www.facebook.com\/sunonoticias\/\",\"https:\/\/www.instagram.com\/sunonoticias\/\",\"https:\/\/x.com\/https:\/\/twitter.com\/sunoresearch\",\"https:\/\/www.youtube.com\/sunonoticias\"],\"url\":\"https:\/\/www.suno.com.br\/noticias\/author\/redacao-suno\/\"}]}<\/script>\n<!-- \/ Yoast SEO plugin. -->","yoast_head_json":{"title":"PEC dos Precat\u00f3rios: Lira adia vota\u00e7\u00e3o em 2\u00ba turno","description":"O presidente da C\u00e2mara, Arthur Lira (PP-AL), adiou para esta quarta-feira, 15, a vota\u00e7\u00e3o final da PEC dos Precat\u00f3rios.","robots":{"index":"index","follow":"follow","max-snippet":"max-snippet:-1","max-image-preview":"max-image-preview:large","max-video-preview":"max-video-preview:-1"},"canonical":"https:\/\/www.suno.com.br\/noticias\/pec-dos-precatorios-lira-adia-votacao-em-2o-turno\/","og_locale":"pt_BR","og_type":"article","og_title":"PEC dos Precat\u00f3rios: Lira adia vota\u00e7\u00e3o em 2\u00ba turno","og_description":"O presidente da C\u00e2mara, Arthur Lira (PP-AL), adiou para esta quarta-feira, 15, a vota\u00e7\u00e3o final da PEC dos Precat\u00f3rios.","og_url":"https:\/\/www.suno.com.br\/noticias\/pec-dos-precatorios-lira-adia-votacao-em-2o-turno\/","og_site_name":"Suno Not\u00edcias","article_publisher":"https:\/\/facebook.com\/sunoresearch","article_author":"https:\/\/www.facebook.com\/sunonoticias\/","og_image":[{"width":2003,"height":1312,"url":"https:\/\/files.sunoresearch.com.br\/n\/uploads\/2021\/05\/e42e9228-foto-luis-macedo-agencia-camara.jpg","type":"image\/jpeg"}],"author":"Reda\u00e7\u00e3o Suno Not\u00edcias","twitter_card":"summary_large_image","twitter_creator":"@https:\/\/twitter.com\/sunoresearch","twitter_site":"@sunoresearch","twitter_misc":{"Escrito por":"Reda\u00e7\u00e3o Suno Not\u00edcias","Est. tempo de leitura":"2 minutos"},"schema":{"@context":"https:\/\/schema.org","@graph":[{"@type":"NewsArticle","@id":"https:\/\/www.suno.com.br\/noticias\/pec-dos-precatorios-lira-adia-votacao-em-2o-turno\/#article","isPartOf":{"@id":"https:\/\/www.suno.com.br\/noticias\/pec-dos-precatorios-lira-adia-votacao-em-2o-turno\/"},"author":{"name":"Reda\u00e7\u00e3o Suno Not\u00edcias","@id":"https:\/\/www.suno.com.br\/noticias\/#\/schema\/person\/c1b1bd3727fa852bd045e9dbff3673ea"},"headline":"PEC dos Precat\u00f3rios: Lira adia vota\u00e7\u00e3o em 2\u00ba turno de altera\u00e7\u00f5es para 4\u00aa feira","datePublished":"2021-12-15T01:48:41+00:00","mainEntityOfPage":{"@id":"https:\/\/www.suno.com.br\/noticias\/pec-dos-precatorios-lira-adia-votacao-em-2o-turno\/"},"wordCount":496,"publisher":{"@id":"https:\/\/www.suno.com.br\/noticias\/#organization"},"image":{"@id":"https:\/\/www.suno.com.br\/noticias\/pec-dos-precatorios-lira-adia-votacao-em-2o-turno\/#primaryimage"},"thumbnailUrl":"https:\/\/files.sunoresearch.com.br\/n\/uploads\/2021\/05\/e42e9228-foto-luis-macedo-agencia-camara-jpg.webp","keywords":["C\u00e2mara dos Deputados","precat\u00f3rios","teto de gastos"],"articleSection":["Neg\u00f3cios"],"inLanguage":"pt-BR"},{"@type":"WebPage","@id":"https:\/\/www.suno.com.br\/noticias\/pec-dos-precatorios-lira-adia-votacao-em-2o-turno\/","url":"https:\/\/www.suno.com.br\/noticias\/pec-dos-precatorios-lira-adia-votacao-em-2o-turno\/","name":"PEC dos Precat\u00f3rios: Lira adia vota\u00e7\u00e3o em 2\u00ba turno","isPartOf":{"@id":"https:\/\/www.suno.com.br\/noticias\/#website"},"primaryImageOfPage":{"@id":"https:\/\/www.suno.com.br\/noticias\/pec-dos-precatorios-lira-adia-votacao-em-2o-turno\/#primaryimage"},"image":{"@id":"https:\/\/www.suno.com.br\/noticias\/pec-dos-precatorios-lira-adia-votacao-em-2o-turno\/#primaryimage"},"thumbnailUrl":"https:\/\/files.sunoresearch.com.br\/n\/uploads\/2021\/05\/e42e9228-foto-luis-macedo-agencia-camara-jpg.webp","datePublished":"2021-12-15T01:48:41+00:00","description":"O presidente da C\u00e2mara, Arthur Lira (PP-AL), adiou para esta quarta-feira, 15, a vota\u00e7\u00e3o final da PEC dos Precat\u00f3rios.","breadcrumb":{"@id":"https:\/\/www.suno.com.br\/noticias\/pec-dos-precatorios-lira-adia-votacao-em-2o-turno\/#breadcrumb"},"inLanguage":"pt-BR","potentialAction":[{"@type":"ReadAction","target":["https:\/\/www.suno.com.br\/noticias\/pec-dos-precatorios-lira-adia-votacao-em-2o-turno\/"]}]},{"@type":"ImageObject","inLanguage":"pt-BR","@id":"https:\/\/www.suno.com.br\/noticias\/pec-dos-precatorios-lira-adia-votacao-em-2o-turno\/#primaryimage","url":"https:\/\/files.sunoresearch.com.br\/n\/uploads\/2021\/05\/e42e9228-foto-luis-macedo-agencia-camara-jpg.webp","contentUrl":"https:\/\/files.sunoresearch.com.br\/n\/uploads\/2021\/05\/e42e9228-foto-luis-macedo-agencia-camara-jpg.webp","width":2003,"height":1312,"caption":"Membros do Congresso. Foto: Luis Macedo\/Ag\u00eancia C\u00e2mara."},{"@type":"BreadcrumbList","@id":"https:\/\/www.suno.com.br\/noticias\/pec-dos-precatorios-lira-adia-votacao-em-2o-turno\/#breadcrumb","itemListElement":[{"@type":"ListItem","position":1,"name":"Not\u00edcias","item":"https:\/\/www.suno.com.br\/noticias\/"},{"@type":"ListItem","position":2,"name":"Neg\u00f3cios","item":"https:\/\/www.suno.com.br\/noticias\/negocios\/"},{"@type":"ListItem","position":3,"name":"PEC dos Precat\u00f3rios: Lira adia vota\u00e7\u00e3o em 2\u00ba turno de altera\u00e7\u00f5es para 4\u00aa feira"}]},{"@type":"WebSite","@id":"https:\/\/www.suno.com.br\/noticias\/#website","url":"https:\/\/www.suno.com.br\/noticias\/","name":"Suno Not\u00edcias","description":"Seu portal de informa\u00e7\u00e3o sobre o mundo dos investimentos","publisher":{"@id":"https:\/\/www.suno.com.br\/noticias\/#organization"},"potentialAction":[{"@type":"SearchAction","target":{"@type":"EntryPoint","urlTemplate":"https:\/\/www.suno.com.br\/noticias\/?s={search_term_string}"},"query-input":{"@type":"PropertyValueSpecification","valueRequired":true,"valueName":"search_term_string"}}],"inLanguage":"pt-BR"},{"@type":"Organization","@id":"https:\/\/www.suno.com.br\/noticias\/#organization","name":"Suno Not\u00edcias","url":"https:\/\/www.suno.com.br\/noticias\/","logo":{"@type":"ImageObject","inLanguage":"pt-BR","@id":"https:\/\/www.suno.com.br\/noticias\/#\/schema\/logo\/image\/","url":"https:\/\/files.sunoresearch.com.br\/n\/uploads\/2021\/09\/suno-logo.png","contentUrl":"https:\/\/files.sunoresearch.com.br\/n\/uploads\/2021\/09\/suno-logo.png","width":180,"height":180,"caption":"Suno Not\u00edcias"},"image":{"@id":"https:\/\/www.suno.com.br\/noticias\/#\/schema\/logo\/image\/"},"sameAs":["https:\/\/facebook.com\/sunoresearch","https:\/\/x.com\/sunoresearch","https:\/\/www.instagram.com\/suno","https:\/\/www.linkedin.com\/company\/suno-research\/","https:\/\/www.youtube.com\/c\/sunoresearch"]},{"@type":"Person","@id":"https:\/\/www.suno.com.br\/noticias\/#\/schema\/person\/c1b1bd3727fa852bd045e9dbff3673ea","name":"Reda\u00e7\u00e3o Suno Not\u00edcias","image":{"@type":"ImageObject","inLanguage":"pt-BR","@id":"https:\/\/www.suno.com.br\/noticias\/#\/schema\/person\/image\/","url":"https:\/\/secure.gravatar.com\/avatar\/b8104b9b5a71985d5238ee59fbe418af?s=96&r=g","contentUrl":"https:\/\/secure.gravatar.com\/avatar\/b8104b9b5a71985d5238ee59fbe418af?s=96&r=g","caption":"Reda\u00e7\u00e3o Suno Not\u00edcias"},"description":"O Suno Not\u00edcias \u00e9 um portal de informa\u00e7\u00f5es sobre Mercado Financeiro, Pol\u00edtica, Neg\u00f3cios, Economia e Finan\u00e7as Pessoais.","sameAs":["https:\/\/www.suno.com.br\/noticias","https:\/\/www.facebook.com\/sunonoticias\/","https:\/\/www.instagram.com\/sunonoticias\/","https:\/\/x.com\/https:\/\/twitter.com\/sunoresearch","https:\/\/www.youtube.com\/sunonoticias"],"url":"https:\/\/www.suno.com.br\/noticias\/author\/redacao-suno\/"}]}},"default_loop_html":"<div class=\"cardsPage__listCard__boxs\"><div class=\"cardsPage__listCard__boxs__img\"><a href=\"https:\/\/www.suno.com.br\/noticias\/pec-dos-precatorios-lira-adia-votacao-em-2o-turno\/\"><img class=\"mask\" src=\"https:\/\/www.suno.com.br\/noticias\/wp-content\/themes\/suno\/resources\/images\/spotlight\/spotlight1img\/bg-mask.png\" alt=\"Image Mask\"\/><img src=\"https:\/\/files.sunoresearch.com.br\/n\/uploads\/2021\/05\/e42e9228-foto-luis-macedo-agencia-camara-400x200.webp\" alt=\"PEC dos Precat\u00f3rios: Lira adia vota\u00e7\u00e3o em 2\u00ba turno de altera\u00e7\u00f5es para 4\u00aa feira\"\/><\/a><span class=\"spotlightCategory\"><a href=\"https:\/\/www.suno.com.br\/noticias\/negocios\/\">Neg\u00f3cios<\/a><\/span><\/div><div class=\"cardsPage__listCard__boxs__content\"><a href=\"https:\/\/www.suno.com.br\/noticias\/pec-dos-precatorios-lira-adia-votacao-em-2o-turno\/\"><h2 class=\"content__title\">PEC dos Precat\u00f3rios: Lira adia vota\u00e7\u00e3o em 2\u00ba turno de altera\u00e7\u00f5es para 4\u00aa feira<\/h2><\/a><div class=\"newsContent__article__meta\"><div class=\"newsContent__article__meta__authorBox\"><a href=\"https:\/\/www.suno.com.br\/noticias\/author\/redacao-suno\/\" class=\"authorBox__avatar noMobi\"><img src=\"https:\/\/files.sunoresearch.com.br\/n\/uploads\/2020\/08\/0ace682d-redacao-1-150x150.webp\" alt=\"Reda\u00e7\u00e3o Suno Not\u00edcias\"><\/a><div class=\"authorBox__name\"><span>por\n\t\t\t<a href=\"https:\/\/www.suno.com.br\/noticias\/author\/redacao-suno\/\"><span itemprop=\"author\">Reda\u00e7\u00e3o Suno Not\u00edcias<\/span><\/a><\/span><time datetime=\"2021-12-14T22:48:41-03:00\" itemprop=\"datePublished\">14\/12\/2021 22:48<\/time><\/div><\/div><\/div><\/div><\/div>","single_layout":"posts","amp_enabled":true,"_links":{"self":[{"href":"https:\/\/www.suno.com.br\/noticias\/wp-json\/wp\/v2\/posts\/215406"}],"collection":[{"href":"https:\/\/www.suno.com.br\/noticias\/wp-json\/wp\/v2\/posts"}],"about":[{"href":"https:\/\/www.suno.com.br\/noticias\/wp-json\/wp\/v2\/types\/post"}],"author":[{"embeddable":true,"href":"https:\/\/www.suno.com.br\/noticias\/wp-json\/wp\/v2\/users\/43"}],"replies":[{"embeddable":true,"href":"https:\/\/www.suno.com.br\/noticias\/wp-json\/wp\/v2\/comments?post=215406"}],"version-history":[{"count":2,"href":"https:\/\/www.suno.com.br\/noticias\/wp-json\/wp\/v2\/posts\/215406\/revisions"}],"predecessor-version":[{"id":215411,"href":"https:\/\/www.suno.com.br\/noticias\/wp-json\/wp\/v2\/posts\/215406\/revisions\/215411"}],"wp:featuredmedia":[{"embeddable":true,"href":"https:\/\/www.suno.com.br\/noticias\/wp-json\/wp\/v2\/media\/150062"}],"wp:attachment":[{"href":"https:\/\/www.suno.com.br\/noticias\/wp-json\/wp\/v2\/media?parent=215406"}],"wp:term":[{"taxonomy":"category","embeddable":true,"href":"https:\/\/www.suno.com.br\/noticias\/wp-json\/wp\/v2\/categories?post=215406"},{"taxonomy":"post_tag","embeddable":true,"href":"https:\/\/www.suno.com.br\/noticias\/wp-json\/wp\/v2\/tags?post=215406"},{"taxonomy":"suno_strategy","embeddable":true,"href":"https:\/\/www.suno.com.br\/noticias\/wp-json\/wp\/v2\/suno_strategy?post=215406"}],"curies":[{"name":"wp","href":"https:\/\/api.w.org\/{rel}","templated":true}]}}