{"id":215391,"date":"2021-12-15T08:10:50","date_gmt":"2021-12-15T11:10:50","guid":{"rendered":"https:\/\/www.suno.com.br\/noticias\/?p=215391"},"modified":"2021-12-15T08:40:25","modified_gmt":"2021-12-15T11:40:25","slug":"camara-aprova-em-1o-turno-mudancas-do-senado-na-pec-dos-precatorios","status":"publish","type":"post","link":"https:\/\/www.suno.com.br\/noticias\/camara-aprova-em-1o-turno-mudancas-do-senado-na-pec-dos-precatorios\/","title":{"rendered":"C\u00e2mara aprova em 1\u00ba turno mudan\u00e7as do Senado na PEC dos Precat\u00f3rios"},"content":{"rendered":"<p>Os deputados aprovaram na ter\u00e7a-feira (14), em primeiro turno, o texto-base da Proposta de Emenda \u00e0 Constitui\u00e7\u00e3o (PEC) 46\/21, que cont\u00e9m os trechos n\u00e3o promulgados da vers\u00e3o do Senado para a <strong>PEC dos Precat\u00f3rios <\/strong>(PEC 23\/21). Durante a vota\u00e7\u00e3o, 327 parlamentares votaram a favor da PEC e 147 contra.<\/p>\t<div class=\"wrapper-featured-image\">\n\t\t<figure class=\"spotlightImg\">\n\n\t\t\t<picture>\n\t\t\t\t<source media=\"(max-width: 768px)\" srcset=\"https:\/\/files.sunoresearch.com.br\/n\/uploads\/2021\/09\/img20210901143651402-768x512-1-400x200.jpg\">\n\t\t\t\t<img loading=\"lazy\" decoding=\"async\" class=\"newsContent__article__imgCapa lazyloadDisabled \" src=\"https:\/\/files.sunoresearch.com.br\/n\/uploads\/2021\/09\/img20210901143651402-768x512-1.jpg\" width=\"800\" height=\"450\" alt=\"C\u00e2mara aprova em 1\u00ba turno mudan\u00e7as do Senado na PEC dos Precat\u00f3rios\" fetchpriority=high \/>\n\t\t\t<\/picture>\n\n\t\t\t<figcaption class=\"wp-caption-text wp-caption-text--show\">C\u00e2mara dos Deputados. Foto: Cleia Viana C\u00e2mara dos Deputados<\/figcaption>\n\t\t<\/figure>\n\t<\/div>\n\n\n\t<p>\n\t\t<a href=\"https:\/\/lp.suno.com.br\/planilha-controle-gastos\/\" target=\"_blank\" data-element=\"shortcode-suno-banner\" title=\"Banner SUNO, clique e saiba mais\">\n\t\t\t<picture>\n\t\t\t\t<source media=\"(max-width: 500px)\" srcset=\"https:\/\/files.sunoresearch.com.br\/n\/uploads\/2023\/03\/400x300-Planilha-controle-de-gastos.png\">\n\t\t\t\t<img class=\"newsContent__article__imgCapa newsContent__article__imgCapa--banner\"\n\t\t\t\t\tsrc=\"https:\/\/files.sunoresearch.com.br\/n\/uploads\/2023\/03\/1420x240-Planilha-controle-de-gastos.png\"\n\t\t\t\t\tdata-promo-id=\"101751\"\t\t\t\t\t\t\t\t\t\twidth='1420' height='240'\t\t\t\t\talt=\"https:\/\/files.sunoresearch.com.br\/n\/uploads\/2023\/03\/1420x240-Planilha-controle-de-gastos.png\"\n\t\t\t\t>\n\t\t\t<\/picture>\n\t\t<\/a>\n\t<\/p>\n\n\n<p>A PEC dos Precat\u00f3rios determina, para 2022, que a aplica\u00e7\u00e3o dos recursos que foram economizados com o limite estabelecido para o pagamento de precat\u00f3rios seja destinado exclusivamente para as \u00e1reas de seguridade social e para o <strong>Aux\u00edlio Brasil<\/strong>, que passa a se tornar um programa permanente de transfer\u00eancia de renda.<\/p>\n<p>O texto ainda precisa ser votado mais uma vez na C\u00e2mara, em segundo turno, em sess\u00e3o convocada para 10h desta quarta-feira (15). Os deputados devem iniciar a vota\u00e7\u00e3o pela an\u00e1lise de quatro destaques. A expectativa \u00e9 de que a promulga\u00e7\u00e3o ocorra ainda nesta semana, sem necessidade de nova vota\u00e7\u00e3o no <strong>Senado<\/strong>.<\/p>\n<p>Os deputados aprovaram o limite de <strong>pagamento de precat\u00f3rios<\/strong> at\u00e9 2026, e n\u00e3o mais at\u00e9 2036, e a destina\u00e7\u00e3o do espa\u00e7o fiscal da PEC para o Aux\u00edlio Brasil e <strong>despesas previdenci\u00e1rias<\/strong>. A limita\u00e7\u00e3o para as despesas com senten\u00e7as judiciais abre uma folga de R$ 43,8 bilh\u00f5es no teto em 2022. A mudan\u00e7a no c\u00e1lculo do <a class=\"suno-keyword\" href=\"https:\/\/www.suno.com.br\/artigos\/teto-de-gastos\/\" target=\"_blank\" rel=\"noopener\" data-force=\"no\" data-priority=\"1\">teto de gastos<\/a>, promulgada na semana passada, garante mais R$ 62,2 bilh\u00f5es no Or\u00e7amento.<\/p>\n<p>Outros pontos de diverg\u00eancia, como as regras que definem o limite de pagamento dos precat\u00f3rios, est\u00e3o sendo votados em separado por meio de destaques apresentados pelos partidos.<\/p>\n\t<p>\n\t\t<a href=\"https:\/\/lp.suno.com.br\/planilha-da-vida-financeira\/\" target=\"_blank\" data-element=\"shortcode-suno-banner\" title=\"Banner SUNO, clique e saiba mais\">\n\t\t\t<picture>\n\t\t\t\t<source media=\"(max-width: 500px)\" srcset=\"https:\/\/files.sunoresearch.com.br\/n\/uploads\/2023\/04\/400x300-Planilha-vida-financeira-true.png\">\n\t\t\t\t<img class=\"newsContent__article__imgCapa newsContent__article__imgCapa--banner\"\n\t\t\t\t\tsrc=\"https:\/\/files.sunoresearch.com.br\/n\/uploads\/2023\/04\/1420x240-Planilha-vida-financeira-true.png\"\n\t\t\t\t\tdata-promo-id=\"106682\"\t\t\t\t\t\t\t\t\t\twidth='1420' height='240'\t\t\t\t\talt=\"https:\/\/files.sunoresearch.com.br\/n\/uploads\/2023\/04\/1420x240-Planilha-vida-financeira-true.png\"\n\t\t\t\t>\n\t\t\t<\/picture>\n\t\t<\/a>\n\t<\/p>\n\n\n<h2>Confira os destaques da PEC dos Precat\u00f3rios<\/h2>\n<ul>\n<li>\u00a0destaque do PT pretende excluir a aplica\u00e7\u00e3o de restri\u00e7\u00f5es or\u00e7ament\u00e1rias e fiscais ao direito de todo brasileiro em situa\u00e7\u00e3o de vulnerabilidade social de ter uma renda ba\u0301sica familiar, inclu\u00eddo na Constitui\u00e7\u00e3o;<\/li>\n<li>destaque do PT pretende excluir do texto as novas regras para pagamento de precat\u00f3rios e a determina\u00e7\u00e3o de que uma lei fixar\u00e1 limites para acesso \u00e0 renda b\u00e1sica familiar, ambos dispositivos de um mesmo artigo;<\/li>\n<li>destaques do PT e do Psol pretendem excluir da PEC somente as regras para o limite de pagamento de precat\u00f3rios;<\/li>\n<li>destaque do Novo pretende retirar do texto dispositivo que dispensa, exclusivamente para 2022, a obedi\u00eancia a limites legais para aumento de despesa feito para pagar programas de transfer\u00eancia de renda;<\/li>\n<li>destaque do DEM pretende retirar do texto as datas de pagamento dos precat\u00f3rios do Fundef, fixadas em 30 de abril para 2022, em 31 de agosto para 2023 e em 31 de dezembro para 2024.<\/li>\n<\/ul>\n<p>As mudan\u00e7as no texto da<strong> PEC dos Precat\u00f3rios<\/strong> devem ser aprovadas em ambas as Casas (C\u00e2mara e Senado) em dois turnos de vota\u00e7\u00e3o, por isso os trechos novos aprovados pelo Senado dependem de vota\u00e7\u00e3o na C\u00e2mara.<\/p>\n<p><em>(Com informa\u00e7\u00f5es da Ag\u00eancia C\u00e2mara)<\/em><\/p>\n\t<p>\n\t\t<a href=\"https:\/\/lp.suno.com.br\/planilha-de-controle-de-investimentos\/\" target=\"_blank\" data-element=\"shortcode-suno-banner\" title=\"Banner SUNO, clique e saiba mais\">\n\t\t\t<picture>\n\t\t\t\t<source media=\"(max-width: 500px)\" srcset=\"https:\/\/files.sunoresearch.com.br\/n\/uploads\/2023\/03\/400x300-Controle-de-Investimentos.png\">\n\t\t\t\t<img class=\"newsContent__article__imgCapa newsContent__article__imgCapa--banner\"\n\t\t\t\t\tsrc=\"https:\/\/files.sunoresearch.com.br\/n\/uploads\/2023\/03\/1420x240-Controle-de-Investimentos.png\"\n\t\t\t\t\tdata-promo-id=\"75934\"\t\t\t\t\t\t\t\t\t\twidth='1420' height='240'\t\t\t\t\talt=\"https:\/\/files.sunoresearch.com.br\/n\/uploads\/2023\/03\/1420x240-Controle-de-Investimentos.png\"\n\t\t\t\t>\n\t\t\t<\/picture>\n\t\t<\/a>\n\t<\/p>\n\n\n","protected":false},"excerpt":{"rendered":"<p>Os deputados aprovaram na ter\u00e7a-feira (14), em primeiro turno, o texto-base da Proposta de Emenda \u00e0 Constitui\u00e7\u00e3o (PEC) 46\/21, que cont\u00e9m os trechos n\u00e3o promulgados da vers\u00e3o do Senado para a PEC dos Precat\u00f3rios (PEC 23\/21). Durante a vota\u00e7\u00e3o, 327 parlamentares votaram a favor da PEC e 147 contra. C\u00e2mara dos Deputados. Foto: Cleia Viana [&hellip;]<\/p>\n","protected":false},"author":15,"featured_media":180564,"comment_status":"closed","ping_status":"closed","sticky":false,"template":"","format":"standard","meta":[],"categories":[61],"tags":[938,1127,1068],"suno_strategy":[],"class_list":["post-215391","post","type-post","status-publish","format-standard","has-post-thumbnail","hentry","category-politica","tag-camara-dos-deputados","tag-pec-do-teto","tag-senado-federal"],"yoast_head":"<!-- This site is optimized with the Yoast SEO plugin v24.4 - https:\/\/yoast.com\/wordpress\/plugins\/seo\/ -->\n<title>C\u00e2mara aprova em 1\u00ba turno mudan\u00e7as do Senado na PEC dos Precat\u00f3rios<\/title>\n<meta name=\"description\" content=\"Os deputados aprovaram, em primeiro turno, o texto-base da PEC dos Precat\u00f3rios, que cont\u00e9m os trechos n\u00e3o promulgados. Veja aqui\" \/>\n<meta name=\"robots\" content=\"index, follow, max-snippet:-1, max-image-preview:large, max-video-preview:-1\" \/>\n<link rel=\"canonical\" href=\"https:\/\/www.suno.com.br\/noticias\/camara-aprova-em-1o-turno-mudancas-do-senado-na-pec-dos-precatorios\/\" \/>\n<meta property=\"og:locale\" content=\"pt_BR\" \/>\n<meta property=\"og:type\" content=\"article\" \/>\n<meta property=\"og:title\" content=\"C\u00e2mara aprova em 1\u00ba turno mudan\u00e7as do Senado na PEC dos Precat\u00f3rios\" \/>\n<meta property=\"og:description\" content=\"Os deputados aprovaram, em primeiro turno, o texto-base da PEC dos Precat\u00f3rios, que cont\u00e9m os trechos n\u00e3o promulgados. Veja aqui\" \/>\n<meta property=\"og:url\" content=\"https:\/\/www.suno.com.br\/noticias\/camara-aprova-em-1o-turno-mudancas-do-senado-na-pec-dos-precatorios\/\" \/>\n<meta property=\"og:site_name\" content=\"Suno Not\u00edcias\" \/>\n<meta property=\"article:publisher\" content=\"https:\/\/facebook.com\/sunoresearch\" \/>\n<meta property=\"og:image\" content=\"https:\/\/files.sunoresearch.com.br\/n\/uploads\/2021\/09\/img20210901143651402-768x512-1.jpg\" \/>\n\t<meta property=\"og:image:width\" content=\"768\" \/>\n\t<meta property=\"og:image:height\" content=\"512\" \/>\n\t<meta property=\"og:image:type\" content=\"image\/jpeg\" \/>\n<meta name=\"author\" content=\"Poliana Santos\" \/>\n<meta name=\"twitter:card\" content=\"summary_large_image\" \/>\n<meta name=\"twitter:creator\" content=\"@sunoresearch\" \/>\n<meta name=\"twitter:site\" content=\"@sunoresearch\" \/>\n<meta name=\"twitter:label1\" content=\"Escrito por\" \/>\n\t<meta name=\"twitter:data1\" content=\"Poliana Santos\" \/>\n\t<meta name=\"twitter:label2\" content=\"Est. tempo de leitura\" \/>\n\t<meta name=\"twitter:data2\" content=\"2 minutos\" \/>\n<script type=\"application\/ld+json\" class=\"yoast-schema-graph\">{\"@context\":\"https:\/\/schema.org\",\"@graph\":[{\"@type\":\"NewsArticle\",\"@id\":\"https:\/\/www.suno.com.br\/noticias\/camara-aprova-em-1o-turno-mudancas-do-senado-na-pec-dos-precatorios\/#article\",\"isPartOf\":{\"@id\":\"https:\/\/www.suno.com.br\/noticias\/camara-aprova-em-1o-turno-mudancas-do-senado-na-pec-dos-precatorios\/\"},\"author\":{\"name\":\"Poliana Santos\",\"@id\":\"https:\/\/www.suno.com.br\/noticias\/#\/schema\/person\/02ec1f752758247878a2bf4abee1aeda\"},\"headline\":\"C\u00e2mara aprova em 1\u00ba turno mudan\u00e7as do Senado na PEC dos Precat\u00f3rios\",\"datePublished\":\"2021-12-15T11:10:50+00:00\",\"dateModified\":\"2021-12-15T11:40:25+00:00\",\"mainEntityOfPage\":{\"@id\":\"https:\/\/www.suno.com.br\/noticias\/camara-aprova-em-1o-turno-mudancas-do-senado-na-pec-dos-precatorios\/\"},\"wordCount\":505,\"publisher\":{\"@id\":\"https:\/\/www.suno.com.br\/noticias\/#organization\"},\"image\":{\"@id\":\"https:\/\/www.suno.com.br\/noticias\/camara-aprova-em-1o-turno-mudancas-do-senado-na-pec-dos-precatorios\/#primaryimage\"},\"thumbnailUrl\":\"https:\/\/files.sunoresearch.com.br\/n\/uploads\/2021\/09\/img20210901143651402-768x512-1.jpg\",\"keywords\":[\"C\u00e2mara dos Deputados\",\"PEC do teto\",\"Senado Federal\"],\"articleSection\":[\"Pol\u00edtica\"],\"inLanguage\":\"pt-BR\"},{\"@type\":\"WebPage\",\"@id\":\"https:\/\/www.suno.com.br\/noticias\/camara-aprova-em-1o-turno-mudancas-do-senado-na-pec-dos-precatorios\/\",\"url\":\"https:\/\/www.suno.com.br\/noticias\/camara-aprova-em-1o-turno-mudancas-do-senado-na-pec-dos-precatorios\/\",\"name\":\"C\u00e2mara aprova em 1\u00ba turno mudan\u00e7as do Senado na PEC dos Precat\u00f3rios\",\"isPartOf\":{\"@id\":\"https:\/\/www.suno.com.br\/noticias\/#website\"},\"primaryImageOfPage\":{\"@id\":\"https:\/\/www.suno.com.br\/noticias\/camara-aprova-em-1o-turno-mudancas-do-senado-na-pec-dos-precatorios\/#primaryimage\"},\"image\":{\"@id\":\"https:\/\/www.suno.com.br\/noticias\/camara-aprova-em-1o-turno-mudancas-do-senado-na-pec-dos-precatorios\/#primaryimage\"},\"thumbnailUrl\":\"https:\/\/files.sunoresearch.com.br\/n\/uploads\/2021\/09\/img20210901143651402-768x512-1.jpg\",\"datePublished\":\"2021-12-15T11:10:50+00:00\",\"dateModified\":\"2021-12-15T11:40:25+00:00\",\"description\":\"Os deputados aprovaram, em primeiro turno, o texto-base da PEC dos Precat\u00f3rios, que cont\u00e9m os trechos n\u00e3o promulgados. Veja aqui\",\"breadcrumb\":{\"@id\":\"https:\/\/www.suno.com.br\/noticias\/camara-aprova-em-1o-turno-mudancas-do-senado-na-pec-dos-precatorios\/#breadcrumb\"},\"inLanguage\":\"pt-BR\",\"potentialAction\":[{\"@type\":\"ReadAction\",\"target\":[\"https:\/\/www.suno.com.br\/noticias\/camara-aprova-em-1o-turno-mudancas-do-senado-na-pec-dos-precatorios\/\"]}]},{\"@type\":\"ImageObject\",\"inLanguage\":\"pt-BR\",\"@id\":\"https:\/\/www.suno.com.br\/noticias\/camara-aprova-em-1o-turno-mudancas-do-senado-na-pec-dos-precatorios\/#primaryimage\",\"url\":\"https:\/\/files.sunoresearch.com.br\/n\/uploads\/2021\/09\/img20210901143651402-768x512-1.jpg\",\"contentUrl\":\"https:\/\/files.sunoresearch.com.br\/n\/uploads\/2021\/09\/img20210901143651402-768x512-1.jpg\",\"width\":768,\"height\":512,\"caption\":\"C\u00e2mara dos Deputados. Foto: Cleia Viana C\u00e2mara dos Deputados\"},{\"@type\":\"BreadcrumbList\",\"@id\":\"https:\/\/www.suno.com.br\/noticias\/camara-aprova-em-1o-turno-mudancas-do-senado-na-pec-dos-precatorios\/#breadcrumb\",\"itemListElement\":[{\"@type\":\"ListItem\",\"position\":1,\"name\":\"Not\u00edcias\",\"item\":\"https:\/\/www.suno.com.br\/noticias\/\"},{\"@type\":\"ListItem\",\"position\":2,\"name\":\"Pol\u00edtica\",\"item\":\"https:\/\/www.suno.com.br\/noticias\/politica\/\"},{\"@type\":\"ListItem\",\"position\":3,\"name\":\"C\u00e2mara aprova em 1\u00ba turno mudan\u00e7as do Senado na PEC dos Precat\u00f3rios\"}]},{\"@type\":\"WebSite\",\"@id\":\"https:\/\/www.suno.com.br\/noticias\/#website\",\"url\":\"https:\/\/www.suno.com.br\/noticias\/\",\"name\":\"Suno Not\u00edcias\",\"description\":\"Seu portal de informa\u00e7\u00e3o sobre o mundo dos investimentos\",\"publisher\":{\"@id\":\"https:\/\/www.suno.com.br\/noticias\/#organization\"},\"potentialAction\":[{\"@type\":\"SearchAction\",\"target\":{\"@type\":\"EntryPoint\",\"urlTemplate\":\"https:\/\/www.suno.com.br\/noticias\/?s={search_term_string}\"},\"query-input\":{\"@type\":\"PropertyValueSpecification\",\"valueRequired\":true,\"valueName\":\"search_term_string\"}}],\"inLanguage\":\"pt-BR\"},{\"@type\":\"Organization\",\"@id\":\"https:\/\/www.suno.com.br\/noticias\/#organization\",\"name\":\"Suno Not\u00edcias\",\"url\":\"https:\/\/www.suno.com.br\/noticias\/\",\"logo\":{\"@type\":\"ImageObject\",\"inLanguage\":\"pt-BR\",\"@id\":\"https:\/\/www.suno.com.br\/noticias\/#\/schema\/logo\/image\/\",\"url\":\"https:\/\/files.sunoresearch.com.br\/n\/uploads\/2021\/09\/suno-logo.png\",\"contentUrl\":\"https:\/\/files.sunoresearch.com.br\/n\/uploads\/2021\/09\/suno-logo.png\",\"width\":180,\"height\":180,\"caption\":\"Suno Not\u00edcias\"},\"image\":{\"@id\":\"https:\/\/www.suno.com.br\/noticias\/#\/schema\/logo\/image\/\"},\"sameAs\":[\"https:\/\/facebook.com\/sunoresearch\",\"https:\/\/x.com\/sunoresearch\",\"https:\/\/www.instagram.com\/suno\",\"https:\/\/www.linkedin.com\/company\/suno-research\/\",\"https:\/\/www.youtube.com\/c\/sunoresearch\"]},{\"@type\":\"Person\",\"@id\":\"https:\/\/www.suno.com.br\/noticias\/#\/schema\/person\/02ec1f752758247878a2bf4abee1aeda\",\"name\":\"Poliana Santos\",\"image\":{\"@type\":\"ImageObject\",\"inLanguage\":\"pt-BR\",\"@id\":\"https:\/\/www.suno.com.br\/noticias\/#\/schema\/person\/image\/\",\"url\":\"https:\/\/secure.gravatar.com\/avatar\/0645bd32f23d87b2130f2b2dff1d3f8d?s=96&r=g\",\"contentUrl\":\"https:\/\/secure.gravatar.com\/avatar\/0645bd32f23d87b2130f2b2dff1d3f8d?s=96&r=g\",\"caption\":\"Poliana Santos\"},\"description\":\"Rep\u00f3rter no Suno Not\u00edcias, com cobertura em mercado financeiro, economia, finan\u00e7as pessoais, renda fixa e varejo. Jornalista formada pela Faculdade C\u00e1sper L\u00edbero e possui passagem na R\u00e1dio Gazeta AM com a produ\u00e7\u00e3o de conte\u00fado sobre economia, pol\u00edtica, sa\u00fade, moda e m\u00fasica. Possui certificado de conclus\u00e3o do curso de An\u00e1lise de Balan\u00e7os pela Funda\u00e7\u00e3o Bradesco, Agenda Brasil pela FAAP, Educa\u00e7\u00e3o Pol\u00edtica por Alexandre Garcia e do Tesouro Direto e Mercado de A\u00e7\u00f5es pela B3.\",\"url\":\"https:\/\/www.suno.com.br\/noticias\/author\/poliana-santos\/\"}]}<\/script>\n<!-- \/ Yoast SEO plugin. -->","yoast_head_json":{"title":"C\u00e2mara aprova em 1\u00ba turno mudan\u00e7as do Senado na PEC dos Precat\u00f3rios","description":"Os deputados aprovaram, em primeiro turno, o texto-base da PEC dos Precat\u00f3rios, que cont\u00e9m os trechos n\u00e3o promulgados. Veja aqui","robots":{"index":"index","follow":"follow","max-snippet":"max-snippet:-1","max-image-preview":"max-image-preview:large","max-video-preview":"max-video-preview:-1"},"canonical":"https:\/\/www.suno.com.br\/noticias\/camara-aprova-em-1o-turno-mudancas-do-senado-na-pec-dos-precatorios\/","og_locale":"pt_BR","og_type":"article","og_title":"C\u00e2mara aprova em 1\u00ba turno mudan\u00e7as do Senado na PEC dos Precat\u00f3rios","og_description":"Os deputados aprovaram, em primeiro turno, o texto-base da PEC dos Precat\u00f3rios, que cont\u00e9m os trechos n\u00e3o promulgados. Veja aqui","og_url":"https:\/\/www.suno.com.br\/noticias\/camara-aprova-em-1o-turno-mudancas-do-senado-na-pec-dos-precatorios\/","og_site_name":"Suno Not\u00edcias","article_publisher":"https:\/\/facebook.com\/sunoresearch","og_image":[{"width":768,"height":512,"url":"https:\/\/files.sunoresearch.com.br\/n\/uploads\/2021\/09\/img20210901143651402-768x512-1.jpg","type":"image\/jpeg"}],"author":"Poliana Santos","twitter_card":"summary_large_image","twitter_creator":"@sunoresearch","twitter_site":"@sunoresearch","twitter_misc":{"Escrito por":"Poliana Santos","Est. tempo de leitura":"2 minutos"},"schema":{"@context":"https:\/\/schema.org","@graph":[{"@type":"NewsArticle","@id":"https:\/\/www.suno.com.br\/noticias\/camara-aprova-em-1o-turno-mudancas-do-senado-na-pec-dos-precatorios\/#article","isPartOf":{"@id":"https:\/\/www.suno.com.br\/noticias\/camara-aprova-em-1o-turno-mudancas-do-senado-na-pec-dos-precatorios\/"},"author":{"name":"Poliana Santos","@id":"https:\/\/www.suno.com.br\/noticias\/#\/schema\/person\/02ec1f752758247878a2bf4abee1aeda"},"headline":"C\u00e2mara aprova em 1\u00ba turno mudan\u00e7as do Senado na PEC dos Precat\u00f3rios","datePublished":"2021-12-15T11:10:50+00:00","dateModified":"2021-12-15T11:40:25+00:00","mainEntityOfPage":{"@id":"https:\/\/www.suno.com.br\/noticias\/camara-aprova-em-1o-turno-mudancas-do-senado-na-pec-dos-precatorios\/"},"wordCount":505,"publisher":{"@id":"https:\/\/www.suno.com.br\/noticias\/#organization"},"image":{"@id":"https:\/\/www.suno.com.br\/noticias\/camara-aprova-em-1o-turno-mudancas-do-senado-na-pec-dos-precatorios\/#primaryimage"},"thumbnailUrl":"https:\/\/files.sunoresearch.com.br\/n\/uploads\/2021\/09\/img20210901143651402-768x512-1.jpg","keywords":["C\u00e2mara dos Deputados","PEC do teto","Senado Federal"],"articleSection":["Pol\u00edtica"],"inLanguage":"pt-BR"},{"@type":"WebPage","@id":"https:\/\/www.suno.com.br\/noticias\/camara-aprova-em-1o-turno-mudancas-do-senado-na-pec-dos-precatorios\/","url":"https:\/\/www.suno.com.br\/noticias\/camara-aprova-em-1o-turno-mudancas-do-senado-na-pec-dos-precatorios\/","name":"C\u00e2mara aprova em 1\u00ba turno mudan\u00e7as do Senado na PEC dos Precat\u00f3rios","isPartOf":{"@id":"https:\/\/www.suno.com.br\/noticias\/#website"},"primaryImageOfPage":{"@id":"https:\/\/www.suno.com.br\/noticias\/camara-aprova-em-1o-turno-mudancas-do-senado-na-pec-dos-precatorios\/#primaryimage"},"image":{"@id":"https:\/\/www.suno.com.br\/noticias\/camara-aprova-em-1o-turno-mudancas-do-senado-na-pec-dos-precatorios\/#primaryimage"},"thumbnailUrl":"https:\/\/files.sunoresearch.com.br\/n\/uploads\/2021\/09\/img20210901143651402-768x512-1.jpg","datePublished":"2021-12-15T11:10:50+00:00","dateModified":"2021-12-15T11:40:25+00:00","description":"Os deputados aprovaram, em primeiro turno, o texto-base da PEC dos Precat\u00f3rios, que cont\u00e9m os trechos n\u00e3o promulgados. Veja aqui","breadcrumb":{"@id":"https:\/\/www.suno.com.br\/noticias\/camara-aprova-em-1o-turno-mudancas-do-senado-na-pec-dos-precatorios\/#breadcrumb"},"inLanguage":"pt-BR","potentialAction":[{"@type":"ReadAction","target":["https:\/\/www.suno.com.br\/noticias\/camara-aprova-em-1o-turno-mudancas-do-senado-na-pec-dos-precatorios\/"]}]},{"@type":"ImageObject","inLanguage":"pt-BR","@id":"https:\/\/www.suno.com.br\/noticias\/camara-aprova-em-1o-turno-mudancas-do-senado-na-pec-dos-precatorios\/#primaryimage","url":"https:\/\/files.sunoresearch.com.br\/n\/uploads\/2021\/09\/img20210901143651402-768x512-1.jpg","contentUrl":"https:\/\/files.sunoresearch.com.br\/n\/uploads\/2021\/09\/img20210901143651402-768x512-1.jpg","width":768,"height":512,"caption":"C\u00e2mara dos Deputados. Foto: Cleia Viana C\u00e2mara dos Deputados"},{"@type":"BreadcrumbList","@id":"https:\/\/www.suno.com.br\/noticias\/camara-aprova-em-1o-turno-mudancas-do-senado-na-pec-dos-precatorios\/#breadcrumb","itemListElement":[{"@type":"ListItem","position":1,"name":"Not\u00edcias","item":"https:\/\/www.suno.com.br\/noticias\/"},{"@type":"ListItem","position":2,"name":"Pol\u00edtica","item":"https:\/\/www.suno.com.br\/noticias\/politica\/"},{"@type":"ListItem","position":3,"name":"C\u00e2mara aprova em 1\u00ba turno mudan\u00e7as do Senado na PEC dos Precat\u00f3rios"}]},{"@type":"WebSite","@id":"https:\/\/www.suno.com.br\/noticias\/#website","url":"https:\/\/www.suno.com.br\/noticias\/","name":"Suno Not\u00edcias","description":"Seu portal de informa\u00e7\u00e3o sobre o mundo dos investimentos","publisher":{"@id":"https:\/\/www.suno.com.br\/noticias\/#organization"},"potentialAction":[{"@type":"SearchAction","target":{"@type":"EntryPoint","urlTemplate":"https:\/\/www.suno.com.br\/noticias\/?s={search_term_string}"},"query-input":{"@type":"PropertyValueSpecification","valueRequired":true,"valueName":"search_term_string"}}],"inLanguage":"pt-BR"},{"@type":"Organization","@id":"https:\/\/www.suno.com.br\/noticias\/#organization","name":"Suno Not\u00edcias","url":"https:\/\/www.suno.com.br\/noticias\/","logo":{"@type":"ImageObject","inLanguage":"pt-BR","@id":"https:\/\/www.suno.com.br\/noticias\/#\/schema\/logo\/image\/","url":"https:\/\/files.sunoresearch.com.br\/n\/uploads\/2021\/09\/suno-logo.png","contentUrl":"https:\/\/files.sunoresearch.com.br\/n\/uploads\/2021\/09\/suno-logo.png","width":180,"height":180,"caption":"Suno Not\u00edcias"},"image":{"@id":"https:\/\/www.suno.com.br\/noticias\/#\/schema\/logo\/image\/"},"sameAs":["https:\/\/facebook.com\/sunoresearch","https:\/\/x.com\/sunoresearch","https:\/\/www.instagram.com\/suno","https:\/\/www.linkedin.com\/company\/suno-research\/","https:\/\/www.youtube.com\/c\/sunoresearch"]},{"@type":"Person","@id":"https:\/\/www.suno.com.br\/noticias\/#\/schema\/person\/02ec1f752758247878a2bf4abee1aeda","name":"Poliana Santos","image":{"@type":"ImageObject","inLanguage":"pt-BR","@id":"https:\/\/www.suno.com.br\/noticias\/#\/schema\/person\/image\/","url":"https:\/\/secure.gravatar.com\/avatar\/0645bd32f23d87b2130f2b2dff1d3f8d?s=96&r=g","contentUrl":"https:\/\/secure.gravatar.com\/avatar\/0645bd32f23d87b2130f2b2dff1d3f8d?s=96&r=g","caption":"Poliana Santos"},"description":"Rep\u00f3rter no Suno Not\u00edcias, com cobertura em mercado financeiro, economia, finan\u00e7as pessoais, renda fixa e varejo. Jornalista formada pela Faculdade C\u00e1sper L\u00edbero e possui passagem na R\u00e1dio Gazeta AM com a produ\u00e7\u00e3o de conte\u00fado sobre economia, pol\u00edtica, sa\u00fade, moda e m\u00fasica. Possui certificado de conclus\u00e3o do curso de An\u00e1lise de Balan\u00e7os pela Funda\u00e7\u00e3o Bradesco, Agenda Brasil pela FAAP, Educa\u00e7\u00e3o Pol\u00edtica por Alexandre Garcia e do Tesouro Direto e Mercado de A\u00e7\u00f5es pela B3.","url":"https:\/\/www.suno.com.br\/noticias\/author\/poliana-santos\/"}]}},"default_loop_html":"<div class=\"cardsPage__listCard__boxs\"><div class=\"cardsPage__listCard__boxs__img\"><a href=\"https:\/\/www.suno.com.br\/noticias\/camara-aprova-em-1o-turno-mudancas-do-senado-na-pec-dos-precatorios\/\"><img class=\"mask\" src=\"https:\/\/www.suno.com.br\/noticias\/wp-content\/themes\/suno\/resources\/images\/spotlight\/spotlight1img\/bg-mask.png\" alt=\"Image Mask\"\/><img src=\"https:\/\/files.sunoresearch.com.br\/n\/uploads\/2021\/09\/img20210901143651402-768x512-1-400x200.jpg\" alt=\"C\u00e2mara aprova em 1\u00ba turno mudan\u00e7as do Senado na PEC dos Precat\u00f3rios\"\/><\/a><span class=\"spotlightCategory\"><a href=\"https:\/\/www.suno.com.br\/noticias\/politica\/\">Pol\u00edtica<\/a><\/span><\/div><div class=\"cardsPage__listCard__boxs__content\"><a href=\"https:\/\/www.suno.com.br\/noticias\/camara-aprova-em-1o-turno-mudancas-do-senado-na-pec-dos-precatorios\/\"><h2 class=\"content__title\">C\u00e2mara aprova em 1\u00ba turno mudan\u00e7as do Senado na PEC dos Precat\u00f3rios<\/h2><\/a><div class=\"newsContent__article__meta\"><div class=\"newsContent__article__meta__authorBox\"><a href=\"https:\/\/www.suno.com.br\/noticias\/author\/poliana-santos\/\" class=\"authorBox__avatar noMobi\"><img src=\"https:\/\/files.sunoresearch.com.br\/n\/uploads\/2020\/08\/7ef34026-whatsapp-image-2020-08-03-at-12.37.57-150x150.webp\" alt=\"Poliana Santos\"><\/a><div class=\"authorBox__name\"><span>por\n\t\t\t<a href=\"https:\/\/www.suno.com.br\/noticias\/author\/poliana-santos\/\"><span itemprop=\"author\">Poliana Santos<\/span><\/a><\/span><time datetime=\"2021-12-15T08:10:50-03:00\" itemprop=\"datePublished\">15\/12\/2021 08:10<\/time><\/div><\/div><\/div><\/div><\/div>","single_layout":"posts","amp_enabled":true,"_links":{"self":[{"href":"https:\/\/www.suno.com.br\/noticias\/wp-json\/wp\/v2\/posts\/215391"}],"collection":[{"href":"https:\/\/www.suno.com.br\/noticias\/wp-json\/wp\/v2\/posts"}],"about":[{"href":"https:\/\/www.suno.com.br\/noticias\/wp-json\/wp\/v2\/types\/post"}],"author":[{"embeddable":true,"href":"https:\/\/www.suno.com.br\/noticias\/wp-json\/wp\/v2\/users\/15"}],"replies":[{"embeddable":true,"href":"https:\/\/www.suno.com.br\/noticias\/wp-json\/wp\/v2\/comments?post=215391"}],"version-history":[{"count":3,"href":"https:\/\/www.suno.com.br\/noticias\/wp-json\/wp\/v2\/posts\/215391\/revisions"}],"predecessor-version":[{"id":215437,"href":"https:\/\/www.suno.com.br\/noticias\/wp-json\/wp\/v2\/posts\/215391\/revisions\/215437"}],"wp:featuredmedia":[{"embeddable":true,"href":"https:\/\/www.suno.com.br\/noticias\/wp-json\/wp\/v2\/media\/180564"}],"wp:attachment":[{"href":"https:\/\/www.suno.com.br\/noticias\/wp-json\/wp\/v2\/media?parent=215391"}],"wp:term":[{"taxonomy":"category","embeddable":true,"href":"https:\/\/www.suno.com.br\/noticias\/wp-json\/wp\/v2\/categories?post=215391"},{"taxonomy":"post_tag","embeddable":true,"href":"https:\/\/www.suno.com.br\/noticias\/wp-json\/wp\/v2\/tags?post=215391"},{"taxonomy":"suno_strategy","embeddable":true,"href":"https:\/\/www.suno.com.br\/noticias\/wp-json\/wp\/v2\/suno_strategy?post=215391"}],"curies":[{"name":"wp","href":"https:\/\/api.w.org\/{rel}","templated":true}]}}