{"id":21532,"date":"2019-04-18T09:57:39","date_gmt":"2019-04-18T12:57:39","guid":{"rendered":"https:\/\/www.suno.com.br\/noticias\/?p=21532"},"modified":"2019-04-18T09:59:46","modified_gmt":"2019-04-18T12:59:46","slug":"jose-gallo-deixa-renner-fabio-faccio-assume","status":"publish","type":"post","link":"https:\/\/www.suno.com.br\/noticias\/jose-gallo-deixa-renner-fabio-faccio-assume\/","title":{"rendered":"Jos\u00e9 Gall\u00f3 deixa presid\u00eancia da Renner e Fabio Faccio assume cargo"},"content":{"rendered":"<p>O executivo <strong>Jos\u00e9 Gallo<\/strong> deixa nesta quinta-feira (18) a presid\u00eancia das Lojas Renner. No seu lugar, assume o cargo o at\u00e9 ent\u00e3o diretor de produto da empresa, Fabio Adegas Faccio.<\/p>\t<div class=\"wrapper-featured-image\">\n\t\t<figure class=\"spotlightImg\">\n\n\t\t\t<picture>\n\t\t\t\t<source media=\"(max-width: 768px)\" srcset=\"https:\/\/files.sunoresearch.com.br\/n\/uploads\/2019\/04\/de5b1225-jos\u00e9-gall\u00f3-400x200.webp\">\n\t\t\t\t<img loading=\"lazy\" decoding=\"async\" class=\"newsContent__article__imgCapa lazyloadDisabled newsContent__article__imgCapa--noCaption\" src=\"https:\/\/files.sunoresearch.com.br\/n\/uploads\/2019\/04\/de5b1225-jos\u00e9-gall\u00f3-800x450.webp\" width=\"800\" height=\"450\" alt=\"Jos\u00e9 Gall\u00f3 deixa presid\u00eancia da Renner e Fabio Faccio assume cargo\" fetchpriority=high \/>\n\t\t\t<\/picture>\n\n\t\t\t<figcaption class=\"wp-caption-text wp-caption-text--hide\">Jos\u00e9 Gall\u00f3. Foto: Divulga\u00e7\u00e3o.<\/figcaption>\n\t\t<\/figure>\n\t<\/div>\n\n\n<p>A mudan\u00e7a no comando da <strong>Renner<\/strong> foi anunciada no final do ano passado, mas a prepara\u00e7\u00e3o ocorre h\u00e1 seis anos. Gall\u00f3 a &#8220;ensinou&#8221; Faccio, passando fun\u00e7\u00f5es executivas e transferindo, aos poucos, seu papel para o sucessor.<\/p>\n\n<p>A <strong>Renner<\/strong> alcan\u00e7ou pela primeira vez um lucro de R$ 1 bilh\u00e3o em 2018. O resultado, que fechou a gest\u00e3o <strong>Gall\u00f3,<\/strong> foi 39% acima do registrado um ano antes. A vajerista teve alta de 20% no \u00faltimo ano e vale R$ 29 bilh\u00f5es.<\/p>\n<p><a href=\"https:\/\/www.suno.com.br\/noticias\/lucro-renner-ultrapassa-bilhao\/\">Saiba Mais: Pela 1\u00aa vez, lucro da Renner ultrapassa R$ 1 bilh\u00e3o; alta \u00e9 de 39,2%<\/a><\/p>\n<p>Com a sa\u00edda da <strong>Renner,<\/strong> Gall\u00f3 vai partir para o investimento em startups, al\u00e9m de companhias de sa\u00fade, finan\u00e7as, educa\u00e7\u00e3o e varejo.<\/p>\n<h2>Mais de R$ 1 bi pela primeira vez<\/h2>\n<p>A <strong>Lojas Renner<\/strong> registrou um lucro l\u00edquido de R$ 1,02 bilh\u00e3o em 2018, uma alta de 39,2% em rela\u00e7\u00e3o ao ano anterior.<\/p>\n<p><a href=\"https:\/\/www.suno.com.br\/noticias\/lojas-renner-abrir-unidades-argentina\/\">Saiba Mais: Tr\u00eas unidades da Lojas Renner ser\u00e3o abertas na Argentina em 2019<\/a><\/p>\n<p>A receita l\u00edquida da <strong>Renner<\/strong> no ano de 2018 avan\u00e7ou 13,2% e atingiu R$ 8,43 bilh\u00f5es. O Ebitda (lucros antes de juros, impostos, deprecia\u00e7\u00e3o e amortiza\u00e7\u00e3o) cresceu 20,2% em rela\u00e7\u00e3o a 2017 e somou R$ 1,77 bilh\u00e3o.<\/p>\n<p>O <strong>lucro<\/strong> do quarto trimestre foi de R$ 439,8 milh\u00f5es, com alta de 32,5% no comparativo com o mesmo per\u00edodo do ano anterior. O desempenho ficou alinhado com as expectativas do mercado.<\/p>\n<p><a href=\"https:\/\/www.suno.com.br\/noticias\/conselho-renner-aumento-capital-social\/\">Saiba Mais: Conselho da Renner vai propor aumento de capital social de R$ 1,1 bi<\/a><\/p>\n<p>Nos trimestres anteriores de 2018, os resultados da rede ga\u00facha de roupas foram igualmente consistentes, com lucro e Ebitda crescendo sempre acima dos 10%.<\/p>\n<p>No terceiro trimestre, por exemplo, o lucro avan\u00e7ou 38,4%, para R$ 194,2 milh\u00f5es. No segundo trimestre, nem mesmo a greve dos caminhoneiros brecou seus ganhos.<\/p>\n\t<p>\n\t\t<a href=\"https:\/\/lp.suno.com.br\/asset\/suno-fundo-de-fundos-snff11\/\" target=\"_blank\" data-element=\"shortcode-suno-banner\" title=\"Banner SUNO, clique e saiba mais\">\n\t\t\t<picture>\n\t\t\t\t<source media=\"(max-width: 500px)\" srcset=\"https:\/\/files.sunoresearch.com.br\/n\/uploads\/2024\/01\/400x300-Mobile-Artigos-3-SNFF-AO.png\">\n\t\t\t\t<img class=\"newsContent__article__imgCapa newsContent__article__imgCapa--banner\"\n\t\t\t\t\tsrc=\"https:\/\/files.sunoresearch.com.br\/n\/uploads\/2024\/01\/1420x240-Banner-Artigos-1-_-Banner-Materias-1-SNFF-AO.png\"\n\t\t\t\t\tdata-promo-id=\"364418\"\t\t\t\t\t\t\t\t\t\twidth='1420' height='240'\t\t\t\t\talt=\"https:\/\/files.sunoresearch.com.br\/n\/uploads\/2024\/01\/1420x240-Banner-Artigos-1-_-Banner-Materias-1-SNFF-AO.png\"\n\t\t\t\t>\n\t\t\t<\/picture>\n\t\t<\/a>\n\t<\/p>\n\n\n<p>A <strong>Renner<\/strong> contou com a Copa do Mundo para ver um avan\u00e7o de 41,9% nos lucros, chegando a R$ 274,7 milh\u00f5es. E no primeiro trimestre, a alta foi ainda maior: 66,4%, levando a uma soma de R$ 111,4 milh\u00f5es.<\/p>\n<p><a href=\"https:\/\/lp.suno.com.br\/ipo-do-uber-noticias\/\">&#8220;Quer saber mais sobre o IPO do Uber? Baixe aqui o relat\u00f3rio completo GRATUITO&#8221;<\/a><\/p>\n","protected":false},"excerpt":{"rendered":"<p>O executivo Jos\u00e9 Gallo deixa nesta quinta-feira (18) a presid\u00eancia das Lojas Renner. No seu lugar, assume o cargo o at\u00e9 ent\u00e3o diretor de produto da empresa, Fabio Adegas Faccio. Jos\u00e9 Gall\u00f3. Foto: Divulga\u00e7\u00e3o. A mudan\u00e7a no comando da Renner foi anunciada no final do ano passado, mas a prepara\u00e7\u00e3o ocorre h\u00e1 seis anos. Gall\u00f3 [&hellip;]<\/p>\n","protected":false},"author":16,"featured_media":21533,"comment_status":"closed","ping_status":"closed","sticky":false,"template":"","format":"standard","meta":[],"categories":[64],"tags":[542,803],"suno_strategy":[],"class_list":["post-21532","post","type-post","status-publish","format-standard","has-post-thumbnail","hentry","category-negocios","tag-lojas-renner-lren3","tag-varejo"],"yoast_head":"<!-- This site is optimized with the Yoast SEO plugin v24.4 - https:\/\/yoast.com\/wordpress\/plugins\/seo\/ -->\n<title>Jos\u00e9 Gallo deixa presid\u00eancia da Renner e Fabio Faccio assume cargo<\/title>\n<meta name=\"description\" content=\"Lojas Renner preparou a mudan\u00e7a de Gall\u00f3 por Faccio durante seis anos. A decis\u00e3o foi anunciada no fim de 2018. Clique e saiba mais.\" \/>\n<meta name=\"robots\" content=\"index, follow, max-snippet:-1, max-image-preview:large, max-video-preview:-1\" \/>\n<link rel=\"canonical\" href=\"https:\/\/www.suno.com.br\/noticias\/jose-gallo-deixa-renner-fabio-faccio-assume\/\" \/>\n<meta property=\"og:locale\" content=\"pt_BR\" \/>\n<meta property=\"og:type\" content=\"article\" \/>\n<meta property=\"og:title\" content=\"Jos\u00e9 Gallo deixa presid\u00eancia da Renner e Fabio Faccio assume cargo\" \/>\n<meta property=\"og:description\" content=\"Lojas Renner preparou a mudan\u00e7a de Gall\u00f3 por Faccio durante seis anos. A decis\u00e3o foi anunciada no fim de 2018. Clique e saiba mais.\" \/>\n<meta property=\"og:url\" content=\"https:\/\/www.suno.com.br\/noticias\/jose-gallo-deixa-renner-fabio-faccio-assume\/\" \/>\n<meta property=\"og:site_name\" content=\"Suno Not\u00edcias\" \/>\n<meta property=\"article:publisher\" content=\"https:\/\/facebook.com\/sunoresearch\" \/>\n<meta property=\"og:image\" content=\"https:\/\/files.sunoresearch.com.br\/n\/uploads\/2019\/04\/de5b1225-jos\u00e9-gall\u00f3.jpg\" \/>\n\t<meta property=\"og:image:width\" content=\"1280\" \/>\n\t<meta property=\"og:image:height\" content=\"720\" \/>\n\t<meta property=\"og:image:type\" content=\"image\/jpeg\" \/>\n<meta name=\"author\" content=\"Beatriz Oliveira\" \/>\n<meta name=\"twitter:card\" content=\"summary_large_image\" \/>\n<meta name=\"twitter:creator\" content=\"@sunoresearch\" \/>\n<meta name=\"twitter:site\" content=\"@sunoresearch\" \/>\n<meta name=\"twitter:label1\" content=\"Escrito por\" \/>\n\t<meta name=\"twitter:data1\" content=\"Beatriz Oliveira\" \/>\n\t<meta name=\"twitter:label2\" content=\"Est. tempo de leitura\" \/>\n\t<meta name=\"twitter:data2\" content=\"2 minutos\" \/>\n<script type=\"application\/ld+json\" class=\"yoast-schema-graph\">{\"@context\":\"https:\/\/schema.org\",\"@graph\":[{\"@type\":\"NewsArticle\",\"@id\":\"https:\/\/www.suno.com.br\/noticias\/jose-gallo-deixa-renner-fabio-faccio-assume\/#article\",\"isPartOf\":{\"@id\":\"https:\/\/www.suno.com.br\/noticias\/jose-gallo-deixa-renner-fabio-faccio-assume\/\"},\"author\":{\"name\":\"Beatriz Oliveira\",\"@id\":\"https:\/\/www.suno.com.br\/noticias\/#\/schema\/person\/e67f665add014bf99f644028de070cc3\"},\"headline\":\"Jos\u00e9 Gall\u00f3 deixa presid\u00eancia da Renner e Fabio Faccio assume cargo\",\"datePublished\":\"2019-04-18T12:57:39+00:00\",\"dateModified\":\"2019-04-18T12:59:46+00:00\",\"mainEntityOfPage\":{\"@id\":\"https:\/\/www.suno.com.br\/noticias\/jose-gallo-deixa-renner-fabio-faccio-assume\/\"},\"wordCount\":397,\"publisher\":{\"@id\":\"https:\/\/www.suno.com.br\/noticias\/#organization\"},\"image\":{\"@id\":\"https:\/\/www.suno.com.br\/noticias\/jose-gallo-deixa-renner-fabio-faccio-assume\/#primaryimage\"},\"thumbnailUrl\":\"https:\/\/files.sunoresearch.com.br\/n\/uploads\/2019\/04\/de5b1225-jos\u00e9-gall\u00f3-jpg.webp\",\"keywords\":[\"Lojas Renner (LREN3)\",\"varejo\"],\"articleSection\":[\"Neg\u00f3cios\"],\"inLanguage\":\"pt-BR\"},{\"@type\":\"WebPage\",\"@id\":\"https:\/\/www.suno.com.br\/noticias\/jose-gallo-deixa-renner-fabio-faccio-assume\/\",\"url\":\"https:\/\/www.suno.com.br\/noticias\/jose-gallo-deixa-renner-fabio-faccio-assume\/\",\"name\":\"Jos\u00e9 Gallo deixa presid\u00eancia da Renner e Fabio Faccio assume cargo\",\"isPartOf\":{\"@id\":\"https:\/\/www.suno.com.br\/noticias\/#website\"},\"primaryImageOfPage\":{\"@id\":\"https:\/\/www.suno.com.br\/noticias\/jose-gallo-deixa-renner-fabio-faccio-assume\/#primaryimage\"},\"image\":{\"@id\":\"https:\/\/www.suno.com.br\/noticias\/jose-gallo-deixa-renner-fabio-faccio-assume\/#primaryimage\"},\"thumbnailUrl\":\"https:\/\/files.sunoresearch.com.br\/n\/uploads\/2019\/04\/de5b1225-jos\u00e9-gall\u00f3-jpg.webp\",\"datePublished\":\"2019-04-18T12:57:39+00:00\",\"dateModified\":\"2019-04-18T12:59:46+00:00\",\"description\":\"Lojas Renner preparou a mudan\u00e7a de Gall\u00f3 por Faccio durante seis anos. A decis\u00e3o foi anunciada no fim de 2018. Clique e saiba mais.\",\"breadcrumb\":{\"@id\":\"https:\/\/www.suno.com.br\/noticias\/jose-gallo-deixa-renner-fabio-faccio-assume\/#breadcrumb\"},\"inLanguage\":\"pt-BR\",\"potentialAction\":[{\"@type\":\"ReadAction\",\"target\":[\"https:\/\/www.suno.com.br\/noticias\/jose-gallo-deixa-renner-fabio-faccio-assume\/\"]}]},{\"@type\":\"ImageObject\",\"inLanguage\":\"pt-BR\",\"@id\":\"https:\/\/www.suno.com.br\/noticias\/jose-gallo-deixa-renner-fabio-faccio-assume\/#primaryimage\",\"url\":\"https:\/\/files.sunoresearch.com.br\/n\/uploads\/2019\/04\/de5b1225-jos\u00e9-gall\u00f3-jpg.webp\",\"contentUrl\":\"https:\/\/files.sunoresearch.com.br\/n\/uploads\/2019\/04\/de5b1225-jos\u00e9-gall\u00f3-jpg.webp\",\"width\":1280,\"height\":720,\"caption\":\"Jos\u00e9 Gall\u00f3. Foto: Divulga\u00e7\u00e3o.\"},{\"@type\":\"BreadcrumbList\",\"@id\":\"https:\/\/www.suno.com.br\/noticias\/jose-gallo-deixa-renner-fabio-faccio-assume\/#breadcrumb\",\"itemListElement\":[{\"@type\":\"ListItem\",\"position\":1,\"name\":\"Not\u00edcias\",\"item\":\"https:\/\/www.suno.com.br\/noticias\/\"},{\"@type\":\"ListItem\",\"position\":2,\"name\":\"Neg\u00f3cios\",\"item\":\"https:\/\/www.suno.com.br\/noticias\/negocios\/\"},{\"@type\":\"ListItem\",\"position\":3,\"name\":\"Jos\u00e9 Gall\u00f3 deixa presid\u00eancia da Renner e Fabio Faccio assume cargo\"}]},{\"@type\":\"WebSite\",\"@id\":\"https:\/\/www.suno.com.br\/noticias\/#website\",\"url\":\"https:\/\/www.suno.com.br\/noticias\/\",\"name\":\"Suno Not\u00edcias\",\"description\":\"Seu portal de informa\u00e7\u00e3o sobre o mundo dos investimentos\",\"publisher\":{\"@id\":\"https:\/\/www.suno.com.br\/noticias\/#organization\"},\"potentialAction\":[{\"@type\":\"SearchAction\",\"target\":{\"@type\":\"EntryPoint\",\"urlTemplate\":\"https:\/\/www.suno.com.br\/noticias\/?s={search_term_string}\"},\"query-input\":{\"@type\":\"PropertyValueSpecification\",\"valueRequired\":true,\"valueName\":\"search_term_string\"}}],\"inLanguage\":\"pt-BR\"},{\"@type\":\"Organization\",\"@id\":\"https:\/\/www.suno.com.br\/noticias\/#organization\",\"name\":\"Suno Not\u00edcias\",\"url\":\"https:\/\/www.suno.com.br\/noticias\/\",\"logo\":{\"@type\":\"ImageObject\",\"inLanguage\":\"pt-BR\",\"@id\":\"https:\/\/www.suno.com.br\/noticias\/#\/schema\/logo\/image\/\",\"url\":\"https:\/\/files.sunoresearch.com.br\/n\/uploads\/2021\/09\/suno-logo.png\",\"contentUrl\":\"https:\/\/files.sunoresearch.com.br\/n\/uploads\/2021\/09\/suno-logo.png\",\"width\":180,\"height\":180,\"caption\":\"Suno Not\u00edcias\"},\"image\":{\"@id\":\"https:\/\/www.suno.com.br\/noticias\/#\/schema\/logo\/image\/\"},\"sameAs\":[\"https:\/\/facebook.com\/sunoresearch\",\"https:\/\/x.com\/sunoresearch\",\"https:\/\/www.instagram.com\/suno\",\"https:\/\/www.linkedin.com\/company\/suno-research\/\",\"https:\/\/www.youtube.com\/c\/sunoresearch\"]},{\"@type\":\"Person\",\"@id\":\"https:\/\/www.suno.com.br\/noticias\/#\/schema\/person\/e67f665add014bf99f644028de070cc3\",\"name\":\"Beatriz Oliveira\",\"image\":{\"@type\":\"ImageObject\",\"inLanguage\":\"pt-BR\",\"@id\":\"https:\/\/www.suno.com.br\/noticias\/#\/schema\/person\/image\/\",\"url\":\"https:\/\/secure.gravatar.com\/avatar\/c9aa6a0aaecc598d257d5d5bd349157d?s=96&r=g\",\"contentUrl\":\"https:\/\/secure.gravatar.com\/avatar\/c9aa6a0aaecc598d257d5d5bd349157d?s=96&r=g\",\"caption\":\"Beatriz Oliveira\"},\"description\":\"Formada em Jornalismo pela Faculdade Paulus de Tecnologia e Comunica\u00e7\u00e3o, Beatriz Oliveira escreve para o portal de not\u00edcias Suno Research. Antes, passou pelas reda\u00e7\u00f5es da Revista EXAME e da Rede Bandeirantes.\",\"url\":\"https:\/\/www.suno.com.br\/noticias\/author\/beatriz\/\"}]}<\/script>\n<!-- \/ Yoast SEO plugin. -->","yoast_head_json":{"title":"Jos\u00e9 Gallo deixa presid\u00eancia da Renner e Fabio Faccio assume cargo","description":"Lojas Renner preparou a mudan\u00e7a de Gall\u00f3 por Faccio durante seis anos. A decis\u00e3o foi anunciada no fim de 2018. Clique e saiba mais.","robots":{"index":"index","follow":"follow","max-snippet":"max-snippet:-1","max-image-preview":"max-image-preview:large","max-video-preview":"max-video-preview:-1"},"canonical":"https:\/\/www.suno.com.br\/noticias\/jose-gallo-deixa-renner-fabio-faccio-assume\/","og_locale":"pt_BR","og_type":"article","og_title":"Jos\u00e9 Gallo deixa presid\u00eancia da Renner e Fabio Faccio assume cargo","og_description":"Lojas Renner preparou a mudan\u00e7a de Gall\u00f3 por Faccio durante seis anos. A decis\u00e3o foi anunciada no fim de 2018. Clique e saiba mais.","og_url":"https:\/\/www.suno.com.br\/noticias\/jose-gallo-deixa-renner-fabio-faccio-assume\/","og_site_name":"Suno Not\u00edcias","article_publisher":"https:\/\/facebook.com\/sunoresearch","og_image":[{"width":1280,"height":720,"url":"https:\/\/files.sunoresearch.com.br\/n\/uploads\/2019\/04\/de5b1225-jos\u00e9-gall\u00f3.jpg","type":"image\/jpeg"}],"author":"Beatriz Oliveira","twitter_card":"summary_large_image","twitter_creator":"@sunoresearch","twitter_site":"@sunoresearch","twitter_misc":{"Escrito por":"Beatriz Oliveira","Est. tempo de leitura":"2 minutos"},"schema":{"@context":"https:\/\/schema.org","@graph":[{"@type":"NewsArticle","@id":"https:\/\/www.suno.com.br\/noticias\/jose-gallo-deixa-renner-fabio-faccio-assume\/#article","isPartOf":{"@id":"https:\/\/www.suno.com.br\/noticias\/jose-gallo-deixa-renner-fabio-faccio-assume\/"},"author":{"name":"Beatriz Oliveira","@id":"https:\/\/www.suno.com.br\/noticias\/#\/schema\/person\/e67f665add014bf99f644028de070cc3"},"headline":"Jos\u00e9 Gall\u00f3 deixa presid\u00eancia da Renner e Fabio Faccio assume cargo","datePublished":"2019-04-18T12:57:39+00:00","dateModified":"2019-04-18T12:59:46+00:00","mainEntityOfPage":{"@id":"https:\/\/www.suno.com.br\/noticias\/jose-gallo-deixa-renner-fabio-faccio-assume\/"},"wordCount":397,"publisher":{"@id":"https:\/\/www.suno.com.br\/noticias\/#organization"},"image":{"@id":"https:\/\/www.suno.com.br\/noticias\/jose-gallo-deixa-renner-fabio-faccio-assume\/#primaryimage"},"thumbnailUrl":"https:\/\/files.sunoresearch.com.br\/n\/uploads\/2019\/04\/de5b1225-jos\u00e9-gall\u00f3-jpg.webp","keywords":["Lojas Renner (LREN3)","varejo"],"articleSection":["Neg\u00f3cios"],"inLanguage":"pt-BR"},{"@type":"WebPage","@id":"https:\/\/www.suno.com.br\/noticias\/jose-gallo-deixa-renner-fabio-faccio-assume\/","url":"https:\/\/www.suno.com.br\/noticias\/jose-gallo-deixa-renner-fabio-faccio-assume\/","name":"Jos\u00e9 Gallo deixa presid\u00eancia da Renner e Fabio Faccio assume cargo","isPartOf":{"@id":"https:\/\/www.suno.com.br\/noticias\/#website"},"primaryImageOfPage":{"@id":"https:\/\/www.suno.com.br\/noticias\/jose-gallo-deixa-renner-fabio-faccio-assume\/#primaryimage"},"image":{"@id":"https:\/\/www.suno.com.br\/noticias\/jose-gallo-deixa-renner-fabio-faccio-assume\/#primaryimage"},"thumbnailUrl":"https:\/\/files.sunoresearch.com.br\/n\/uploads\/2019\/04\/de5b1225-jos\u00e9-gall\u00f3-jpg.webp","datePublished":"2019-04-18T12:57:39+00:00","dateModified":"2019-04-18T12:59:46+00:00","description":"Lojas Renner preparou a mudan\u00e7a de Gall\u00f3 por Faccio durante seis anos. A decis\u00e3o foi anunciada no fim de 2018. Clique e saiba mais.","breadcrumb":{"@id":"https:\/\/www.suno.com.br\/noticias\/jose-gallo-deixa-renner-fabio-faccio-assume\/#breadcrumb"},"inLanguage":"pt-BR","potentialAction":[{"@type":"ReadAction","target":["https:\/\/www.suno.com.br\/noticias\/jose-gallo-deixa-renner-fabio-faccio-assume\/"]}]},{"@type":"ImageObject","inLanguage":"pt-BR","@id":"https:\/\/www.suno.com.br\/noticias\/jose-gallo-deixa-renner-fabio-faccio-assume\/#primaryimage","url":"https:\/\/files.sunoresearch.com.br\/n\/uploads\/2019\/04\/de5b1225-jos\u00e9-gall\u00f3-jpg.webp","contentUrl":"https:\/\/files.sunoresearch.com.br\/n\/uploads\/2019\/04\/de5b1225-jos\u00e9-gall\u00f3-jpg.webp","width":1280,"height":720,"caption":"Jos\u00e9 Gall\u00f3. Foto: Divulga\u00e7\u00e3o."},{"@type":"BreadcrumbList","@id":"https:\/\/www.suno.com.br\/noticias\/jose-gallo-deixa-renner-fabio-faccio-assume\/#breadcrumb","itemListElement":[{"@type":"ListItem","position":1,"name":"Not\u00edcias","item":"https:\/\/www.suno.com.br\/noticias\/"},{"@type":"ListItem","position":2,"name":"Neg\u00f3cios","item":"https:\/\/www.suno.com.br\/noticias\/negocios\/"},{"@type":"ListItem","position":3,"name":"Jos\u00e9 Gall\u00f3 deixa presid\u00eancia da Renner e Fabio Faccio assume cargo"}]},{"@type":"WebSite","@id":"https:\/\/www.suno.com.br\/noticias\/#website","url":"https:\/\/www.suno.com.br\/noticias\/","name":"Suno Not\u00edcias","description":"Seu portal de informa\u00e7\u00e3o sobre o mundo dos investimentos","publisher":{"@id":"https:\/\/www.suno.com.br\/noticias\/#organization"},"potentialAction":[{"@type":"SearchAction","target":{"@type":"EntryPoint","urlTemplate":"https:\/\/www.suno.com.br\/noticias\/?s={search_term_string}"},"query-input":{"@type":"PropertyValueSpecification","valueRequired":true,"valueName":"search_term_string"}}],"inLanguage":"pt-BR"},{"@type":"Organization","@id":"https:\/\/www.suno.com.br\/noticias\/#organization","name":"Suno Not\u00edcias","url":"https:\/\/www.suno.com.br\/noticias\/","logo":{"@type":"ImageObject","inLanguage":"pt-BR","@id":"https:\/\/www.suno.com.br\/noticias\/#\/schema\/logo\/image\/","url":"https:\/\/files.sunoresearch.com.br\/n\/uploads\/2021\/09\/suno-logo.png","contentUrl":"https:\/\/files.sunoresearch.com.br\/n\/uploads\/2021\/09\/suno-logo.png","width":180,"height":180,"caption":"Suno Not\u00edcias"},"image":{"@id":"https:\/\/www.suno.com.br\/noticias\/#\/schema\/logo\/image\/"},"sameAs":["https:\/\/facebook.com\/sunoresearch","https:\/\/x.com\/sunoresearch","https:\/\/www.instagram.com\/suno","https:\/\/www.linkedin.com\/company\/suno-research\/","https:\/\/www.youtube.com\/c\/sunoresearch"]},{"@type":"Person","@id":"https:\/\/www.suno.com.br\/noticias\/#\/schema\/person\/e67f665add014bf99f644028de070cc3","name":"Beatriz Oliveira","image":{"@type":"ImageObject","inLanguage":"pt-BR","@id":"https:\/\/www.suno.com.br\/noticias\/#\/schema\/person\/image\/","url":"https:\/\/secure.gravatar.com\/avatar\/c9aa6a0aaecc598d257d5d5bd349157d?s=96&r=g","contentUrl":"https:\/\/secure.gravatar.com\/avatar\/c9aa6a0aaecc598d257d5d5bd349157d?s=96&r=g","caption":"Beatriz Oliveira"},"description":"Formada em Jornalismo pela Faculdade Paulus de Tecnologia e Comunica\u00e7\u00e3o, Beatriz Oliveira escreve para o portal de not\u00edcias Suno Research. Antes, passou pelas reda\u00e7\u00f5es da Revista EXAME e da Rede Bandeirantes.","url":"https:\/\/www.suno.com.br\/noticias\/author\/beatriz\/"}]}},"default_loop_html":"<div class=\"cardsPage__listCard__boxs\"><div class=\"cardsPage__listCard__boxs__img\"><a href=\"https:\/\/www.suno.com.br\/noticias\/jose-gallo-deixa-renner-fabio-faccio-assume\/\"><img class=\"mask\" src=\"https:\/\/www.suno.com.br\/noticias\/wp-content\/themes\/suno\/resources\/images\/spotlight\/spotlight1img\/bg-mask.png\" alt=\"Image Mask\"\/><img src=\"https:\/\/files.sunoresearch.com.br\/n\/uploads\/2019\/04\/de5b1225-jos\u00e9-gall\u00f3-400x200.webp\" alt=\"Jos\u00e9 Gall\u00f3 deixa presid\u00eancia da Renner e Fabio Faccio assume cargo\"\/><\/a><span class=\"spotlightCategory\"><a href=\"https:\/\/www.suno.com.br\/noticias\/negocios\/\">Neg\u00f3cios<\/a><\/span><\/div><div class=\"cardsPage__listCard__boxs__content\"><a href=\"https:\/\/www.suno.com.br\/noticias\/jose-gallo-deixa-renner-fabio-faccio-assume\/\"><h2 class=\"content__title\">Jos\u00e9 Gall\u00f3 deixa presid\u00eancia da Renner e Fabio Faccio assume cargo<\/h2><\/a><div class=\"newsContent__article__meta\"><div class=\"newsContent__article__meta__authorBox\"><a href=\"https:\/\/www.suno.com.br\/noticias\/author\/beatriz\/\" class=\"authorBox__avatar noMobi\"><img src=\"https:\/\/secure.gravatar.com\/avatar\/c9aa6a0aaecc598d257d5d5bd349157d?s=96&#038;r=g\" alt=\"Beatriz Oliveira\"><\/a><div class=\"authorBox__name\"><span>por\n\t\t\t<a href=\"https:\/\/www.suno.com.br\/noticias\/author\/beatriz\/\"><span itemprop=\"author\">Beatriz Oliveira<\/span><\/a><\/span><time datetime=\"2019-04-18T09:57:39-03:00\" itemprop=\"datePublished\">18\/04\/2019 09:57<\/time><\/div><\/div><\/div><\/div><\/div>","single_layout":"posts","amp_enabled":true,"_links":{"self":[{"href":"https:\/\/www.suno.com.br\/noticias\/wp-json\/wp\/v2\/posts\/21532"}],"collection":[{"href":"https:\/\/www.suno.com.br\/noticias\/wp-json\/wp\/v2\/posts"}],"about":[{"href":"https:\/\/www.suno.com.br\/noticias\/wp-json\/wp\/v2\/types\/post"}],"author":[{"embeddable":true,"href":"https:\/\/www.suno.com.br\/noticias\/wp-json\/wp\/v2\/users\/16"}],"replies":[{"embeddable":true,"href":"https:\/\/www.suno.com.br\/noticias\/wp-json\/wp\/v2\/comments?post=21532"}],"version-history":[{"count":0,"href":"https:\/\/www.suno.com.br\/noticias\/wp-json\/wp\/v2\/posts\/21532\/revisions"}],"wp:featuredmedia":[{"embeddable":true,"href":"https:\/\/www.suno.com.br\/noticias\/wp-json\/wp\/v2\/media\/21533"}],"wp:attachment":[{"href":"https:\/\/www.suno.com.br\/noticias\/wp-json\/wp\/v2\/media?parent=21532"}],"wp:term":[{"taxonomy":"category","embeddable":true,"href":"https:\/\/www.suno.com.br\/noticias\/wp-json\/wp\/v2\/categories?post=21532"},{"taxonomy":"post_tag","embeddable":true,"href":"https:\/\/www.suno.com.br\/noticias\/wp-json\/wp\/v2\/tags?post=21532"},{"taxonomy":"suno_strategy","embeddable":true,"href":"https:\/\/www.suno.com.br\/noticias\/wp-json\/wp\/v2\/suno_strategy?post=21532"}],"curies":[{"name":"wp","href":"https:\/\/api.w.org\/{rel}","templated":true}]}}