{"id":21525,"date":"2019-04-18T10:12:31","date_gmt":"2019-04-18T13:12:31","guid":{"rendered":"https:\/\/www.suno.com.br\/noticias\/?p=21525"},"modified":"2019-04-18T10:12:31","modified_gmt":"2019-04-18T13:12:31","slug":"lucro-usiminas-recua-1t19","status":"publish","type":"post","link":"https:\/\/www.suno.com.br\/noticias\/lucro-usiminas-recua-1t19\/","title":{"rendered":"Lucro l\u00edquido da Usiminas recua 51,6% no primeiro trimestre de 2019"},"content":{"rendered":"<p>Usiminas registra um lucro l\u00edquido de R$ 76 milh\u00f5es durante o primeiro trimestre de 2019. O montante \u00e9 51,6% inferior ao adquirido no mesmo per\u00edodo do ano anterior.<\/p>\t<div class=\"wrapper-featured-image\">\n\t\t<figure class=\"spotlightImg\">\n\n\t\t\t<picture>\n\t\t\t\t<source media=\"(max-width: 768px)\" srcset=\"https:\/\/files.sunoresearch.com.br\/n\/uploads\/2019\/04\/1cbb0b22-usiminas-400x200.webp\">\n\t\t\t\t<img loading=\"lazy\" decoding=\"async\" class=\"newsContent__article__imgCapa lazyloadDisabled newsContent__article__imgCapa--noCaption\" src=\"https:\/\/files.sunoresearch.com.br\/n\/uploads\/2019\/04\/1cbb0b22-usiminas-800x450.webp\" width=\"800\" height=\"450\" alt=\"Lucro l\u00edquido da Usiminas recua 51,6% no primeiro trimestre de 2019\" fetchpriority=high \/>\n\t\t\t<\/picture>\n\n\t\t\t<figcaption class=\"wp-caption-text wp-caption-text--hide\">Usiminas (USIM5): desempenho fraco no 2T23 levam a\u00e7\u00f5es desabarem no Ibovespa.Foto: Divulga\u00e7\u00e3o<\/figcaption>\n\t\t<\/figure>\n\t<\/div>\n\n\n<p>De acordo com o relat\u00f3rio divulgado nesta quinta-feira (18), o <strong>lucro<\/strong> da <strong>Usiminas<\/strong> antes de ser calculado os juros, impostos, deprecia\u00e7\u00e3o e amortiza\u00e7\u00e3o (Ebitda) foi de R$ 474 milh\u00f5es de reais entre janeiro e mar\u00e7o deste ano. No entanto, comparado ao ano passado a queda foi de 23,8%.<\/p>\n\n<p>A <strong>receita<\/strong> l\u00edquida da empresa durante o primeiro trimestre chegou a R$ 3,5 bilh\u00f5es, pouco superior aos R$ 3,4 bilh\u00f5es do trimestre anterior e tamb\u00e9m superior aos R$ 3,24 bilh\u00f5es do primeiro trimestre de 2018.<\/p>\n<p>No entanto, a alta da receita aconteceu principalmente em fun\u00e7\u00e3o dos maiores pre\u00e7os e volumes de venda de min\u00e9rio de ferro, enquanto as vendas de a\u00e7o seguem em queda.<\/p>\n<h2>Resultados de 2018<\/h2>\n<p>A Usiminas finalizou o ano de 2018 com um lucro l\u00edquido de R$ 829 milh\u00f5es, uma alta de 163% quando comparado ao ano anterior onde foi adquirido R$ 315 milh\u00f5es de lucro l\u00edquido.<\/p>\n<p><a href=\"https:\/\/www.suno.com.br\/noticias\/unilever-primeiro-trismetre-venda\/\">Saiba mais:\u00a0Unilever tem alta de mais de 3% e alcan\u00e7a R$ 55 bi em vendas no 1\u00b0 tri<\/a><\/p>\n<p>Al\u00e9m disso, o <strong>Ebitda<\/strong> da companhia foi de R$ 2,7 bilh\u00f5es durante o ano, contra os R$ 2,2 bilh\u00f5es em 2017.<\/p>\n<p>Durante o ano, foram vendidos 4,2 milh\u00f5es de toneladas de a\u00e7o, um montante 4% superior ao negociado em 2017. Al\u00e9m disso, foram entregues 6,5 milh\u00f5es de toneladas de min\u00e9rio de ferro, uma alta de 76% em rela\u00e7\u00e3o a 2017.<\/p>\n<p>A alta nas vendas aconteceu por conta dos melhores pre\u00e7os praticados pela empresa.<\/p>\n\t<p>\n\t\t<a href=\"https:\/\/lp.suno.com.br\/planilha-controle-gastos\/\" target=\"_blank\" data-element=\"shortcode-suno-banner\" title=\"Banner SUNO, clique e saiba mais\">\n\t\t\t<picture>\n\t\t\t\t<source media=\"(max-width: 500px)\" srcset=\"https:\/\/files.sunoresearch.com.br\/n\/uploads\/2023\/03\/400x300-Planilha-controle-de-gastos.png\">\n\t\t\t\t<img class=\"newsContent__article__imgCapa newsContent__article__imgCapa--banner\"\n\t\t\t\t\tsrc=\"https:\/\/files.sunoresearch.com.br\/n\/uploads\/2023\/03\/1420x240-Planilha-controle-de-gastos.png\"\n\t\t\t\t\tdata-promo-id=\"383122\"\t\t\t\t\t\t\t\t\t\twidth='1420' height='240'\t\t\t\t\talt=\"https:\/\/files.sunoresearch.com.br\/n\/uploads\/2023\/03\/1420x240-Planilha-controle-de-gastos.png\"\n\t\t\t\t>\n\t\t\t<\/picture>\n\t\t<\/a>\n\t<\/p>\n\n\n<p>Em 2019, a <strong>Usiminas<\/strong> informou que far\u00e1 um <strong>investimento<\/strong> de R$ 1 bilh\u00e3o e que ter\u00e1 R$ 421 milh\u00f5es em despesas financeiras l\u00edquidas durante o ano.<\/p>\n<p><a href=\"https:\/\/lp.suno.com.br\/ipo-do-uber-noticias\/\">&#8220;Quer saber mais sobre o IPO do Uber? Baixe aqui o relat\u00f3rio completo GRATUITO&#8221;<\/a><\/p>\n","protected":false},"excerpt":{"rendered":"<p>Usiminas registra um lucro l\u00edquido de R$ 76 milh\u00f5es durante o primeiro trimestre de 2019. O montante \u00e9 51,6% inferior ao adquirido no mesmo per\u00edodo do ano anterior. Usiminas (USIM5): desempenho fraco no 2T23 levam a\u00e7\u00f5es desabarem no Ibovespa.Foto: Divulga\u00e7\u00e3o De acordo com o relat\u00f3rio divulgado nesta quinta-feira (18), o lucro da Usiminas antes de [&hellip;]<\/p>\n","protected":false},"author":11,"featured_media":21546,"comment_status":"closed","ping_status":"closed","sticky":false,"template":"","format":"standard","meta":[],"categories":[64],"tags":[1029,675],"suno_strategy":[],"class_list":["post-21525","post","type-post","status-publish","format-standard","has-post-thumbnail","hentry","category-negocios","tag-balancos-trimestrais","tag-usiminas"],"yoast_head":"<!-- This site is optimized with the Yoast SEO plugin v24.4 - https:\/\/yoast.com\/wordpress\/plugins\/seo\/ -->\n<title>Lucro l\u00edquido da Usiminas recua 51,6% no primeiro trimestre de 2019<\/title>\n<meta name=\"description\" content=\"Lucro l\u00edquido da Usiminas ficou em R$ 76 milh\u00f5es no per\u00edodo; O Ebitda registrado foi de R$ 474 milh\u00f5es. Clique para saber mais.\" \/>\n<meta name=\"robots\" content=\"index, follow, max-snippet:-1, max-image-preview:large, max-video-preview:-1\" \/>\n<link rel=\"canonical\" href=\"https:\/\/www.suno.com.br\/noticias\/lucro-usiminas-recua-1t19\/\" \/>\n<meta property=\"og:locale\" content=\"pt_BR\" \/>\n<meta property=\"og:type\" content=\"article\" \/>\n<meta property=\"og:title\" content=\"Lucro l\u00edquido da Usiminas recua 51,6% no primeiro trimestre de 2019\" \/>\n<meta property=\"og:description\" content=\"Lucro l\u00edquido da Usiminas ficou em R$ 76 milh\u00f5es no per\u00edodo; O Ebitda registrado foi de R$ 474 milh\u00f5es. Clique para saber mais.\" \/>\n<meta property=\"og:url\" content=\"https:\/\/www.suno.com.br\/noticias\/lucro-usiminas-recua-1t19\/\" \/>\n<meta property=\"og:site_name\" content=\"Suno Not\u00edcias\" \/>\n<meta property=\"article:publisher\" content=\"https:\/\/facebook.com\/sunoresearch\" \/>\n<meta property=\"og:image\" content=\"https:\/\/files.sunoresearch.com.br\/n\/uploads\/2019\/04\/1cbb0b22-usiminas.jpg\" \/>\n\t<meta property=\"og:image:width\" content=\"1466\" \/>\n\t<meta property=\"og:image:height\" content=\"800\" \/>\n\t<meta property=\"og:image:type\" content=\"image\/jpeg\" \/>\n<meta name=\"author\" content=\"Renan Bandeira\" \/>\n<meta name=\"twitter:card\" content=\"summary_large_image\" \/>\n<meta name=\"twitter:creator\" content=\"@sunoresearch\" \/>\n<meta name=\"twitter:site\" content=\"@sunoresearch\" \/>\n<meta name=\"twitter:label1\" content=\"Escrito por\" \/>\n\t<meta name=\"twitter:data1\" content=\"Renan Bandeira\" \/>\n\t<meta name=\"twitter:label2\" content=\"Est. tempo de leitura\" \/>\n\t<meta name=\"twitter:data2\" content=\"2 minutos\" \/>\n<script type=\"application\/ld+json\" class=\"yoast-schema-graph\">{\"@context\":\"https:\/\/schema.org\",\"@graph\":[{\"@type\":\"NewsArticle\",\"@id\":\"https:\/\/www.suno.com.br\/noticias\/lucro-usiminas-recua-1t19\/#article\",\"isPartOf\":{\"@id\":\"https:\/\/www.suno.com.br\/noticias\/lucro-usiminas-recua-1t19\/\"},\"author\":{\"name\":\"Renan Bandeira\",\"@id\":\"https:\/\/www.suno.com.br\/noticias\/#\/schema\/person\/fc144a1c6108bd1dcd43784e88a3c138\"},\"headline\":\"Lucro l\u00edquido da Usiminas recua 51,6% no primeiro trimestre de 2019\",\"datePublished\":\"2019-04-18T13:12:31+00:00\",\"mainEntityOfPage\":{\"@id\":\"https:\/\/www.suno.com.br\/noticias\/lucro-usiminas-recua-1t19\/\"},\"wordCount\":328,\"publisher\":{\"@id\":\"https:\/\/www.suno.com.br\/noticias\/#organization\"},\"image\":{\"@id\":\"https:\/\/www.suno.com.br\/noticias\/lucro-usiminas-recua-1t19\/#primaryimage\"},\"thumbnailUrl\":\"https:\/\/files.sunoresearch.com.br\/n\/uploads\/2019\/04\/1cbb0b22-usiminas-jpg.webp\",\"keywords\":[\"balan\u00e7os trimestrais\",\"Usiminas\"],\"articleSection\":[\"Neg\u00f3cios\"],\"inLanguage\":\"pt-BR\"},{\"@type\":\"WebPage\",\"@id\":\"https:\/\/www.suno.com.br\/noticias\/lucro-usiminas-recua-1t19\/\",\"url\":\"https:\/\/www.suno.com.br\/noticias\/lucro-usiminas-recua-1t19\/\",\"name\":\"Lucro l\u00edquido da Usiminas recua 51,6% no primeiro trimestre de 2019\",\"isPartOf\":{\"@id\":\"https:\/\/www.suno.com.br\/noticias\/#website\"},\"primaryImageOfPage\":{\"@id\":\"https:\/\/www.suno.com.br\/noticias\/lucro-usiminas-recua-1t19\/#primaryimage\"},\"image\":{\"@id\":\"https:\/\/www.suno.com.br\/noticias\/lucro-usiminas-recua-1t19\/#primaryimage\"},\"thumbnailUrl\":\"https:\/\/files.sunoresearch.com.br\/n\/uploads\/2019\/04\/1cbb0b22-usiminas-jpg.webp\",\"datePublished\":\"2019-04-18T13:12:31+00:00\",\"description\":\"Lucro l\u00edquido da Usiminas ficou em R$ 76 milh\u00f5es no per\u00edodo; O Ebitda registrado foi de R$ 474 milh\u00f5es. Clique para saber mais.\",\"breadcrumb\":{\"@id\":\"https:\/\/www.suno.com.br\/noticias\/lucro-usiminas-recua-1t19\/#breadcrumb\"},\"inLanguage\":\"pt-BR\",\"potentialAction\":[{\"@type\":\"ReadAction\",\"target\":[\"https:\/\/www.suno.com.br\/noticias\/lucro-usiminas-recua-1t19\/\"]}]},{\"@type\":\"ImageObject\",\"inLanguage\":\"pt-BR\",\"@id\":\"https:\/\/www.suno.com.br\/noticias\/lucro-usiminas-recua-1t19\/#primaryimage\",\"url\":\"https:\/\/files.sunoresearch.com.br\/n\/uploads\/2019\/04\/1cbb0b22-usiminas-jpg.webp\",\"contentUrl\":\"https:\/\/files.sunoresearch.com.br\/n\/uploads\/2019\/04\/1cbb0b22-usiminas-jpg.webp\",\"width\":1466,\"height\":800,\"caption\":\"Usiminas (USIM5): desempenho fraco no 2T23 levam a\u00e7\u00f5es desabarem no Ibovespa.Foto: Divulga\u00e7\u00e3o\"},{\"@type\":\"BreadcrumbList\",\"@id\":\"https:\/\/www.suno.com.br\/noticias\/lucro-usiminas-recua-1t19\/#breadcrumb\",\"itemListElement\":[{\"@type\":\"ListItem\",\"position\":1,\"name\":\"Not\u00edcias\",\"item\":\"https:\/\/www.suno.com.br\/noticias\/\"},{\"@type\":\"ListItem\",\"position\":2,\"name\":\"Neg\u00f3cios\",\"item\":\"https:\/\/www.suno.com.br\/noticias\/negocios\/\"},{\"@type\":\"ListItem\",\"position\":3,\"name\":\"Lucro l\u00edquido da Usiminas recua 51,6% no primeiro trimestre de 2019\"}]},{\"@type\":\"WebSite\",\"@id\":\"https:\/\/www.suno.com.br\/noticias\/#website\",\"url\":\"https:\/\/www.suno.com.br\/noticias\/\",\"name\":\"Suno Not\u00edcias\",\"description\":\"Seu portal de informa\u00e7\u00e3o sobre o mundo dos investimentos\",\"publisher\":{\"@id\":\"https:\/\/www.suno.com.br\/noticias\/#organization\"},\"potentialAction\":[{\"@type\":\"SearchAction\",\"target\":{\"@type\":\"EntryPoint\",\"urlTemplate\":\"https:\/\/www.suno.com.br\/noticias\/?s={search_term_string}\"},\"query-input\":{\"@type\":\"PropertyValueSpecification\",\"valueRequired\":true,\"valueName\":\"search_term_string\"}}],\"inLanguage\":\"pt-BR\"},{\"@type\":\"Organization\",\"@id\":\"https:\/\/www.suno.com.br\/noticias\/#organization\",\"name\":\"Suno Not\u00edcias\",\"url\":\"https:\/\/www.suno.com.br\/noticias\/\",\"logo\":{\"@type\":\"ImageObject\",\"inLanguage\":\"pt-BR\",\"@id\":\"https:\/\/www.suno.com.br\/noticias\/#\/schema\/logo\/image\/\",\"url\":\"https:\/\/files.sunoresearch.com.br\/n\/uploads\/2021\/09\/suno-logo.png\",\"contentUrl\":\"https:\/\/files.sunoresearch.com.br\/n\/uploads\/2021\/09\/suno-logo.png\",\"width\":180,\"height\":180,\"caption\":\"Suno Not\u00edcias\"},\"image\":{\"@id\":\"https:\/\/www.suno.com.br\/noticias\/#\/schema\/logo\/image\/\"},\"sameAs\":[\"https:\/\/facebook.com\/sunoresearch\",\"https:\/\/x.com\/sunoresearch\",\"https:\/\/www.instagram.com\/suno\",\"https:\/\/www.linkedin.com\/company\/suno-research\/\",\"https:\/\/www.youtube.com\/c\/sunoresearch\"]},{\"@type\":\"Person\",\"@id\":\"https:\/\/www.suno.com.br\/noticias\/#\/schema\/person\/fc144a1c6108bd1dcd43784e88a3c138\",\"name\":\"Renan Bandeira\",\"image\":{\"@type\":\"ImageObject\",\"inLanguage\":\"pt-BR\",\"@id\":\"https:\/\/www.suno.com.br\/noticias\/#\/schema\/person\/image\/\",\"url\":\"https:\/\/secure.gravatar.com\/avatar\/68359cdb608f14f11bbefcb78f3fc747?s=96&r=g\",\"contentUrl\":\"https:\/\/secure.gravatar.com\/avatar\/68359cdb608f14f11bbefcb78f3fc747?s=96&r=g\",\"caption\":\"Renan Bandeira\"},\"description\":\"Renan Bandeira escreve sobre pol\u00edtica e economia para o portal da Suno Research. Antes da Suno, trabalhou em uma rede de televis\u00e3o, onde fazia reportagens sobre os mesmos temas. Estuda na Universidade Metodista de S\u00e3o Paulo.\",\"url\":\"https:\/\/www.suno.com.br\/noticias\/author\/renan-bandeira\/\"}]}<\/script>\n<!-- \/ Yoast SEO plugin. -->","yoast_head_json":{"title":"Lucro l\u00edquido da Usiminas recua 51,6% no primeiro trimestre de 2019","description":"Lucro l\u00edquido da Usiminas ficou em R$ 76 milh\u00f5es no per\u00edodo; O Ebitda registrado foi de R$ 474 milh\u00f5es. Clique para saber mais.","robots":{"index":"index","follow":"follow","max-snippet":"max-snippet:-1","max-image-preview":"max-image-preview:large","max-video-preview":"max-video-preview:-1"},"canonical":"https:\/\/www.suno.com.br\/noticias\/lucro-usiminas-recua-1t19\/","og_locale":"pt_BR","og_type":"article","og_title":"Lucro l\u00edquido da Usiminas recua 51,6% no primeiro trimestre de 2019","og_description":"Lucro l\u00edquido da Usiminas ficou em R$ 76 milh\u00f5es no per\u00edodo; O Ebitda registrado foi de R$ 474 milh\u00f5es. Clique para saber mais.","og_url":"https:\/\/www.suno.com.br\/noticias\/lucro-usiminas-recua-1t19\/","og_site_name":"Suno Not\u00edcias","article_publisher":"https:\/\/facebook.com\/sunoresearch","og_image":[{"width":1466,"height":800,"url":"https:\/\/files.sunoresearch.com.br\/n\/uploads\/2019\/04\/1cbb0b22-usiminas.jpg","type":"image\/jpeg"}],"author":"Renan Bandeira","twitter_card":"summary_large_image","twitter_creator":"@sunoresearch","twitter_site":"@sunoresearch","twitter_misc":{"Escrito por":"Renan Bandeira","Est. tempo de leitura":"2 minutos"},"schema":{"@context":"https:\/\/schema.org","@graph":[{"@type":"NewsArticle","@id":"https:\/\/www.suno.com.br\/noticias\/lucro-usiminas-recua-1t19\/#article","isPartOf":{"@id":"https:\/\/www.suno.com.br\/noticias\/lucro-usiminas-recua-1t19\/"},"author":{"name":"Renan Bandeira","@id":"https:\/\/www.suno.com.br\/noticias\/#\/schema\/person\/fc144a1c6108bd1dcd43784e88a3c138"},"headline":"Lucro l\u00edquido da Usiminas recua 51,6% no primeiro trimestre de 2019","datePublished":"2019-04-18T13:12:31+00:00","mainEntityOfPage":{"@id":"https:\/\/www.suno.com.br\/noticias\/lucro-usiminas-recua-1t19\/"},"wordCount":328,"publisher":{"@id":"https:\/\/www.suno.com.br\/noticias\/#organization"},"image":{"@id":"https:\/\/www.suno.com.br\/noticias\/lucro-usiminas-recua-1t19\/#primaryimage"},"thumbnailUrl":"https:\/\/files.sunoresearch.com.br\/n\/uploads\/2019\/04\/1cbb0b22-usiminas-jpg.webp","keywords":["balan\u00e7os trimestrais","Usiminas"],"articleSection":["Neg\u00f3cios"],"inLanguage":"pt-BR"},{"@type":"WebPage","@id":"https:\/\/www.suno.com.br\/noticias\/lucro-usiminas-recua-1t19\/","url":"https:\/\/www.suno.com.br\/noticias\/lucro-usiminas-recua-1t19\/","name":"Lucro l\u00edquido da Usiminas recua 51,6% no primeiro trimestre de 2019","isPartOf":{"@id":"https:\/\/www.suno.com.br\/noticias\/#website"},"primaryImageOfPage":{"@id":"https:\/\/www.suno.com.br\/noticias\/lucro-usiminas-recua-1t19\/#primaryimage"},"image":{"@id":"https:\/\/www.suno.com.br\/noticias\/lucro-usiminas-recua-1t19\/#primaryimage"},"thumbnailUrl":"https:\/\/files.sunoresearch.com.br\/n\/uploads\/2019\/04\/1cbb0b22-usiminas-jpg.webp","datePublished":"2019-04-18T13:12:31+00:00","description":"Lucro l\u00edquido da Usiminas ficou em R$ 76 milh\u00f5es no per\u00edodo; O Ebitda registrado foi de R$ 474 milh\u00f5es. Clique para saber mais.","breadcrumb":{"@id":"https:\/\/www.suno.com.br\/noticias\/lucro-usiminas-recua-1t19\/#breadcrumb"},"inLanguage":"pt-BR","potentialAction":[{"@type":"ReadAction","target":["https:\/\/www.suno.com.br\/noticias\/lucro-usiminas-recua-1t19\/"]}]},{"@type":"ImageObject","inLanguage":"pt-BR","@id":"https:\/\/www.suno.com.br\/noticias\/lucro-usiminas-recua-1t19\/#primaryimage","url":"https:\/\/files.sunoresearch.com.br\/n\/uploads\/2019\/04\/1cbb0b22-usiminas-jpg.webp","contentUrl":"https:\/\/files.sunoresearch.com.br\/n\/uploads\/2019\/04\/1cbb0b22-usiminas-jpg.webp","width":1466,"height":800,"caption":"Usiminas (USIM5): desempenho fraco no 2T23 levam a\u00e7\u00f5es desabarem no Ibovespa.Foto: Divulga\u00e7\u00e3o"},{"@type":"BreadcrumbList","@id":"https:\/\/www.suno.com.br\/noticias\/lucro-usiminas-recua-1t19\/#breadcrumb","itemListElement":[{"@type":"ListItem","position":1,"name":"Not\u00edcias","item":"https:\/\/www.suno.com.br\/noticias\/"},{"@type":"ListItem","position":2,"name":"Neg\u00f3cios","item":"https:\/\/www.suno.com.br\/noticias\/negocios\/"},{"@type":"ListItem","position":3,"name":"Lucro l\u00edquido da Usiminas recua 51,6% no primeiro trimestre de 2019"}]},{"@type":"WebSite","@id":"https:\/\/www.suno.com.br\/noticias\/#website","url":"https:\/\/www.suno.com.br\/noticias\/","name":"Suno Not\u00edcias","description":"Seu portal de informa\u00e7\u00e3o sobre o mundo dos investimentos","publisher":{"@id":"https:\/\/www.suno.com.br\/noticias\/#organization"},"potentialAction":[{"@type":"SearchAction","target":{"@type":"EntryPoint","urlTemplate":"https:\/\/www.suno.com.br\/noticias\/?s={search_term_string}"},"query-input":{"@type":"PropertyValueSpecification","valueRequired":true,"valueName":"search_term_string"}}],"inLanguage":"pt-BR"},{"@type":"Organization","@id":"https:\/\/www.suno.com.br\/noticias\/#organization","name":"Suno Not\u00edcias","url":"https:\/\/www.suno.com.br\/noticias\/","logo":{"@type":"ImageObject","inLanguage":"pt-BR","@id":"https:\/\/www.suno.com.br\/noticias\/#\/schema\/logo\/image\/","url":"https:\/\/files.sunoresearch.com.br\/n\/uploads\/2021\/09\/suno-logo.png","contentUrl":"https:\/\/files.sunoresearch.com.br\/n\/uploads\/2021\/09\/suno-logo.png","width":180,"height":180,"caption":"Suno Not\u00edcias"},"image":{"@id":"https:\/\/www.suno.com.br\/noticias\/#\/schema\/logo\/image\/"},"sameAs":["https:\/\/facebook.com\/sunoresearch","https:\/\/x.com\/sunoresearch","https:\/\/www.instagram.com\/suno","https:\/\/www.linkedin.com\/company\/suno-research\/","https:\/\/www.youtube.com\/c\/sunoresearch"]},{"@type":"Person","@id":"https:\/\/www.suno.com.br\/noticias\/#\/schema\/person\/fc144a1c6108bd1dcd43784e88a3c138","name":"Renan Bandeira","image":{"@type":"ImageObject","inLanguage":"pt-BR","@id":"https:\/\/www.suno.com.br\/noticias\/#\/schema\/person\/image\/","url":"https:\/\/secure.gravatar.com\/avatar\/68359cdb608f14f11bbefcb78f3fc747?s=96&r=g","contentUrl":"https:\/\/secure.gravatar.com\/avatar\/68359cdb608f14f11bbefcb78f3fc747?s=96&r=g","caption":"Renan Bandeira"},"description":"Renan Bandeira escreve sobre pol\u00edtica e economia para o portal da Suno Research. Antes da Suno, trabalhou em uma rede de televis\u00e3o, onde fazia reportagens sobre os mesmos temas. Estuda na Universidade Metodista de S\u00e3o Paulo.","url":"https:\/\/www.suno.com.br\/noticias\/author\/renan-bandeira\/"}]}},"default_loop_html":"<div class=\"cardsPage__listCard__boxs\"><div class=\"cardsPage__listCard__boxs__img\"><a href=\"https:\/\/www.suno.com.br\/noticias\/lucro-usiminas-recua-1t19\/\"><img class=\"mask\" src=\"https:\/\/www.suno.com.br\/noticias\/wp-content\/themes\/suno\/resources\/images\/spotlight\/spotlight1img\/bg-mask.png\" alt=\"Image Mask\"\/><img src=\"https:\/\/files.sunoresearch.com.br\/n\/uploads\/2019\/04\/1cbb0b22-usiminas-400x200.webp\" alt=\"Lucro l\u00edquido da Usiminas recua 51,6% no primeiro trimestre de 2019\"\/><\/a><span class=\"spotlightCategory\"><a href=\"https:\/\/www.suno.com.br\/noticias\/negocios\/\">Neg\u00f3cios<\/a><\/span><\/div><div class=\"cardsPage__listCard__boxs__content\"><a href=\"https:\/\/www.suno.com.br\/noticias\/lucro-usiminas-recua-1t19\/\"><h2 class=\"content__title\">Lucro l\u00edquido da Usiminas recua 51,6% no primeiro trimestre de 2019<\/h2><\/a><div class=\"newsContent__article__meta\"><div class=\"newsContent__article__meta__authorBox\"><a href=\"https:\/\/www.suno.com.br\/noticias\/author\/renan-bandeira\/\" class=\"authorBox__avatar noMobi\"><img src=\"https:\/\/secure.gravatar.com\/avatar\/68359cdb608f14f11bbefcb78f3fc747?s=96&#038;r=g\" alt=\"Renan Bandeira\"><\/a><div class=\"authorBox__name\"><span>por\n\t\t\t<a href=\"https:\/\/www.suno.com.br\/noticias\/author\/renan-bandeira\/\"><span itemprop=\"author\">Renan Bandeira<\/span><\/a><\/span><time datetime=\"2019-04-18T10:12:31-03:00\" itemprop=\"datePublished\">18\/04\/2019 10:12<\/time><\/div><\/div><\/div><\/div><\/div>","single_layout":"posts","amp_enabled":true,"_links":{"self":[{"href":"https:\/\/www.suno.com.br\/noticias\/wp-json\/wp\/v2\/posts\/21525"}],"collection":[{"href":"https:\/\/www.suno.com.br\/noticias\/wp-json\/wp\/v2\/posts"}],"about":[{"href":"https:\/\/www.suno.com.br\/noticias\/wp-json\/wp\/v2\/types\/post"}],"author":[{"embeddable":true,"href":"https:\/\/www.suno.com.br\/noticias\/wp-json\/wp\/v2\/users\/11"}],"replies":[{"embeddable":true,"href":"https:\/\/www.suno.com.br\/noticias\/wp-json\/wp\/v2\/comments?post=21525"}],"version-history":[{"count":0,"href":"https:\/\/www.suno.com.br\/noticias\/wp-json\/wp\/v2\/posts\/21525\/revisions"}],"wp:featuredmedia":[{"embeddable":true,"href":"https:\/\/www.suno.com.br\/noticias\/wp-json\/wp\/v2\/media\/21546"}],"wp:attachment":[{"href":"https:\/\/www.suno.com.br\/noticias\/wp-json\/wp\/v2\/media?parent=21525"}],"wp:term":[{"taxonomy":"category","embeddable":true,"href":"https:\/\/www.suno.com.br\/noticias\/wp-json\/wp\/v2\/categories?post=21525"},{"taxonomy":"post_tag","embeddable":true,"href":"https:\/\/www.suno.com.br\/noticias\/wp-json\/wp\/v2\/tags?post=21525"},{"taxonomy":"suno_strategy","embeddable":true,"href":"https:\/\/www.suno.com.br\/noticias\/wp-json\/wp\/v2\/suno_strategy?post=21525"}],"curies":[{"name":"wp","href":"https:\/\/api.w.org\/{rel}","templated":true}]}}