{"id":215246,"date":"2021-12-14T18:34:19","date_gmt":"2021-12-14T21:34:19","guid":{"rendered":"https:\/\/www.suno.com.br\/noticias\/?p=215246"},"modified":"2021-12-14T18:50:27","modified_gmt":"2021-12-14T21:50:27","slug":"copom-ciclo-alta-juros-especialistas","status":"publish","type":"post","link":"https:\/\/www.suno.com.br\/noticias\/copom-ciclo-alta-juros-especialistas\/","title":{"rendered":"Copom: ciclo de alta de juros deve durar mais que o esperado, dizem Ita\u00fa (ITUB4) e Goldman Sachs"},"content":{"rendered":"<p>O <a class=\"suno-keyword\" href=\"https:\/\/www.suno.com.br\/artigos\/copom\/\" target=\"_blank\" rel=\"noopener\" data-force=\"no\" data-priority=\"2\">Comit\u00ea de Pol\u00edtica Monet\u00e1ria<\/a> (<strong>Copom<\/strong>) do Banco Central (BC) divulgou nesta ter\u00e7a (14) a ata da reuni\u00e3o da semana passada, que elevou a <a class=\"suno-keyword\" href=\"https:\/\/www.suno.com.br\/artigos\/taxa-de-juros\/\" target=\"_blank\" rel=\"noopener\" data-force=\"no\" data-priority=\"1\">taxa b\u00e1sica de juros<\/a> do Brasil (Selic) para 9,25%. O documento repercutiu no mercado financeiro, que espera uma proje\u00e7\u00e3o altista para as pr\u00f3ximas reuni\u00f5es.<\/p>\t<div class=\"wrapper-featured-image\">\n\t\t<figure class=\"spotlightImg\">\n\n\t\t\t<picture>\n\t\t\t\t<source media=\"(max-width: 768px)\" srcset=\"https:\/\/files.sunoresearch.com.br\/n\/uploads\/2021\/12\/BC-agencia-brasil-400x200.jpg\">\n\t\t\t\t<img loading=\"lazy\" decoding=\"async\" class=\"newsContent__article__imgCapa lazyloadDisabled \" src=\"https:\/\/files.sunoresearch.com.br\/n\/uploads\/2021\/12\/BC-agencia-brasil-800x450.jpg\" width=\"800\" height=\"450\" alt=\"Copom: ciclo de alta de juros deve durar mais que o esperado, dizem Ita\u00fa (ITUB4) e Goldman Sachs\" fetchpriority=high \/>\n\t\t\t<\/picture>\n\n\t\t\t<figcaption class=\"wp-caption-text wp-caption-text--show\">Copom. Foto: Marcello Casal Jr.\/Ag\u00eancia Brasil<\/figcaption>\n\t\t<\/figure>\n\t<\/div>\n\n\n\t<p>\n\t\t<a href=\"https:\/\/lp.suno.com.br\/planilha-controle-gastos\/\" target=\"_blank\" data-element=\"shortcode-suno-banner\" title=\"Banner SUNO, clique e saiba mais\">\n\t\t\t<picture>\n\t\t\t\t<source media=\"(max-width: 500px)\" srcset=\"https:\/\/files.sunoresearch.com.br\/n\/uploads\/2023\/03\/400x300-Planilha-controle-de-gastos.png\">\n\t\t\t\t<img class=\"newsContent__article__imgCapa newsContent__article__imgCapa--banner\"\n\t\t\t\t\tsrc=\"https:\/\/files.sunoresearch.com.br\/n\/uploads\/2023\/03\/1420x240-Planilha-controle-de-gastos.png\"\n\t\t\t\t\tdata-promo-id=\"101751\"\t\t\t\t\t\t\t\t\t\twidth='1420' height='240'\t\t\t\t\talt=\"https:\/\/files.sunoresearch.com.br\/n\/uploads\/2023\/03\/1420x240-Planilha-controle-de-gastos.png\"\n\t\t\t\t>\n\t\t\t<\/picture>\n\t\t<\/a>\n\t<\/p>\n\n\n<p>Para analistas do <a class=\"suno-keyword\" href=\"https:\/\/www.suno.com.br\/acoes\/ITUB4\/\" target=\"_blank\" rel=\"noopener\" data-force=\"yes\" data-priority=\"2\">Ita\u00fa (ITUB4)<\/a>, a <strong>ata do Copom<\/strong> indica que a institui\u00e7\u00e3o pretende <strong>elevar a Selic<\/strong> para o patamar dos 12% ou al\u00e9m, mantendo a taxa b\u00e1sica em patamar contracionista por tempo prolongado.<\/p>\n<p>&#8220;Isso claramente contraria as expectativas de que o Copom possa <strong>realizar cortes de juros j\u00e1 no final de 2022<\/strong>&#8220;, constatou o relat\u00f3rio do Ita\u00fa. &#8220;Por enquanto, esperamos que as autoridades encerrem o ciclo de alta em mar\u00e7o, com a Selic em 11,75% a.a., <strong>mas os riscos v\u00e3o na dire\u00e7\u00e3o de juros mais elevados.<\/strong>&#8221;<\/p>\n<p>O Goldman Sachs (<a class=\"suno-keyword\" href=\"https:\/\/www.suno.com.br\/bdrs\/gsgi34\/\" target=\"_blank\" rel=\"noopener\" data-force=\"yes\" data-priority=\"2\">GSGI34<\/a>) compreende um ciclo de alta &#8220;por muito tempo&#8221; e diz estar projetando outro aumento de<strong> 150 pontos base na pr\u00f3xima reuni\u00e3o<\/strong>, no in\u00edcio de fevereiro de 2022, para <strong>10,75%<\/strong>, e uma taxa Selic terminal entre<strong> 11,75% e 12%<\/strong> no final do primeiro trimestre de 2022, com cortes modestos provisoriamente previstos para o final do ano.<\/p>\n\t<p>\n\t\t<a href=\"https:\/\/lp.suno.com.br\/planilha-da-vida-financeira\/\" target=\"_blank\" data-element=\"shortcode-suno-banner\" title=\"Banner SUNO, clique e saiba mais\">\n\t\t\t<picture>\n\t\t\t\t<source media=\"(max-width: 500px)\" srcset=\"https:\/\/files.sunoresearch.com.br\/n\/uploads\/2023\/04\/400x300-Planilha-vida-financeira-true.png\">\n\t\t\t\t<img class=\"newsContent__article__imgCapa newsContent__article__imgCapa--banner\"\n\t\t\t\t\tsrc=\"https:\/\/files.sunoresearch.com.br\/n\/uploads\/2023\/04\/1420x240-Planilha-vida-financeira-true.png\"\n\t\t\t\t\tdata-promo-id=\"106682\"\t\t\t\t\t\t\t\t\t\twidth='1420' height='240'\t\t\t\t\talt=\"https:\/\/files.sunoresearch.com.br\/n\/uploads\/2023\/04\/1420x240-Planilha-vida-financeira-true.png\"\n\t\t\t\t>\n\t\t\t<\/picture>\n\t\t<\/a>\n\t<\/p>\n\n\n<p>&#8220;Em nossa avalia\u00e7\u00e3o, a declara\u00e7\u00e3o p\u00f3s-reuni\u00e3o e as atas s\u00e3o <em>hawkish<\/em> dada a determina\u00e7\u00e3o do Copom em adotar uma postura significativamente restritiva e perseverar at\u00e9 que o processo de desinfla\u00e7\u00e3o se consolide e as expectativas de <strong>infla\u00e7\u00e3o<\/strong> se ancorem novamente \u00e0s respectivas metas&#8221;, disse o banco americano.<\/p>\n<p>J\u00e1 o Bank of America (BofA) pondera que, apesar do tom hawkish da ata, o <strong>Banco Central<\/strong> deve desacelerar seu ritmo de alta na pr\u00f3xima reuni\u00e3o para 100 pontos base. O banco diz que a atividade deve continuar se deteriorando, o que deve aumentar a press\u00e3o para que o <strong>Copom reduza o ciclo altista<\/strong>.<\/p>\n<p>&#8220;Mantemos nosso cen\u00e1rio base com o BC subindo 100pb em fevereiro e 50pb em mar\u00e7o, levando a Selic terminal para 10,75%. Isso deve manter a <strong>Selic estagnada at\u00e9 o final do ano<\/strong> e come\u00e7ar a diminuir as taxas<strong> at\u00e9 2023<\/strong>&#8220;, disse o BofA.<\/p>\n\t<p>\n\t\t<a href=\"https:\/\/lp.suno.com.br\/ebook-como-analisar-uma-acao\/\" target=\"_blank\" data-element=\"shortcode-suno-banner\" title=\"Banner SUNO, clique e saiba mais\">\n\t\t\t<picture>\n\t\t\t\t<source media=\"(max-width: 500px)\" srcset=\"https:\/\/files.sunoresearch.com.br\/n\/uploads\/2023\/03\/Ebook-Acoes-Mobile-1.jpg\">\n\t\t\t\t<img class=\"newsContent__article__imgCapa newsContent__article__imgCapa--banner\"\n\t\t\t\t\tsrc=\"https:\/\/files.sunoresearch.com.br\/n\/uploads\/2023\/03\/Ebook-Acoes-Desktop-1.jpg\"\n\t\t\t\t\tdata-promo-id=\"171998\"\t\t\t\t\t\t\t\t\t\twidth='1420' height='286'\t\t\t\t\talt=\"https:\/\/files.sunoresearch.com.br\/n\/uploads\/2023\/03\/Ebook-Acoes-Desktop-1.jpg\"\n\t\t\t\t>\n\t\t\t<\/picture>\n\t\t<\/a>\n\t<\/p>\n\n\n<p>O Copom sinalizou que, para a pr\u00f3xima reuni\u00e3o, foi mantida a perspectiva de<strong> outro ajuste da mesma magnitude<\/strong>, com ajustes para assegurar a converg\u00eancia da infla\u00e7\u00e3o para as metas. A decis\u00e3o ir\u00e1 depender da evolu\u00e7\u00e3o da atividade econ\u00f4mica, do balan\u00e7o de riscos e das proje\u00e7\u00f5es e expectativas de infla\u00e7\u00e3o.<\/p>\n<p>Com o comunicado, o Copom afirmou que o risco de desancoragem da infla\u00e7\u00e3o implica em aperto da <a class=\"suno-keyword\" href=\"https:\/\/www.suno.com.br\/artigos\/politica-monetaria\/\" target=\"_blank\" rel=\"noopener\" data-force=\"no\" data-priority=\"1\">pol\u00edtica monet\u00e1ria<\/a> mais do que no cen\u00e1rio base e que continuar\u00e1 a <strong>subir as taxas<\/strong> at\u00e9 que a infla\u00e7\u00e3o diminua e as expectativas de infla\u00e7\u00e3o voltem a ancorar.<\/p>\n\t<div data-element=\"shortcode-read-more\" class=\"knowMore\">\n\t\t\t\t<span class=\"knowMore__title\">Confira como foi a ata do Copom<\/span>\n\t\t\t\t<a class=\"knowMore__link\" href=\"https:\/\/www.suno.com.br\/noticias\/ata-do-copom-fim-do-ciclo-altista-juros\/\">\n\t\t\tAta do Copom sinaliza fim do ciclo altista dos juros em 11,75%, em 2022\t\t<\/a>\n\t<\/div>\n\n\n<h2>Calend\u00e1rio do Copom em 2022<\/h2>\n<p>Para a\u00a0<strong>pr\u00f3xima reuni\u00e3o do<\/strong>\u00a0<strong>Copom<\/strong>, em 1\u00ba e 2 de fevereiro de 2022, o Comit\u00ea antev\u00ea outro ajuste da mesma magnitude, de 1,5 ponto percentual, diz ata. O calend\u00e1rio dos encontros no pr\u00f3ximo ano \u00e9 o seguinte:<\/p>\n<ul>\n<li>1\u00ba e 2 de fevereiro<\/li>\n<li>15 e 16 de mar\u00e7o<\/li>\n<li>3 e 4 de maio<\/li>\n<li>14 e 15 de junho<\/li>\n<li>2 e 3 de agosto<\/li>\n<li>20 e 21 de setembro<\/li>\n<li>25 e 26 de outubro<\/li>\n<li>6 e 7 de dezembro<\/li>\n<\/ul>\n<p>As atas do\u00a0<strong>Copom<\/strong> s\u00e3o publicadas uma semana ap\u00f3s as reuni\u00f5es do comit\u00ea que decidem a taxa b\u00e1sica de juros.<\/p>\n\t<p>\n\t\t<a href=\"\" target=\"_blank\" data-element=\"shortcode-suno-banner\" title=\"Banner SUNO, clique e saiba mais\">\n\t\t\t<picture>\n\t\t\t\t<source media=\"(max-width: 500px)\" srcset=\"\">\n\t\t\t\t<img class=\"newsContent__article__imgCapa newsContent__article__imgCapa--banner\"\n\t\t\t\t\tsrc=\"\"\n\t\t\t\t\tdata-promo-id=\"184190\"\t\t\t\t\t\t\t\t\t\t\t\t\t\t\talt=\"\"\n\t\t\t\t>\n\t\t\t<\/picture>\n\t\t<\/a>\n\t<\/p>\n\n\n","protected":false},"excerpt":{"rendered":"<p>O Comit\u00ea de Pol\u00edtica Monet\u00e1ria (Copom) do Banco Central (BC) divulgou nesta ter\u00e7a (14) a ata da reuni\u00e3o da semana passada, que elevou a taxa b\u00e1sica de juros do Brasil (Selic) para 9,25%. O documento repercutiu no mercado financeiro, que espera uma proje\u00e7\u00e3o altista para as pr\u00f3ximas reuni\u00f5es. Copom. Foto: Marcello Casal Jr.\/Ag\u00eancia Brasil Para [&hellip;]<\/p>\n","protected":false},"author":118,"featured_media":213125,"comment_status":"closed","ping_status":"closed","sticky":false,"template":"","format":"standard","meta":[],"categories":[62],"tags":[1941,105816,775,519],"suno_strategy":[],"class_list":["post-215246","post","type-post","status-publish","format-standard","has-post-thumbnail","hentry","category-economia","tag-bank-of-america-boac34","tag-especialistas","tag-goldman-sachs-gsgi34","tag-itau-unibanco-itub3-itub4"],"yoast_head":"<!-- This site is optimized with the Yoast SEO plugin v24.4 - https:\/\/yoast.com\/wordpress\/plugins\/seo\/ -->\n<title>Copom: alta de juros deve durar mais que o esperado, ao patamar de 12%<\/title>\n<meta name=\"description\" content=\"Analistas do mercado financeiro enxergam a ata do Comit\u00ea de Pol\u00edtica Monet\u00e1ria (Copom) como hawkish e esperam ciclo de alta prolongado.\" \/>\n<meta name=\"robots\" content=\"index, follow, max-snippet:-1, max-image-preview:large, max-video-preview:-1\" \/>\n<link rel=\"canonical\" href=\"https:\/\/www.suno.com.br\/noticias\/copom-ciclo-alta-juros-especialistas\/\" \/>\n<meta property=\"og:locale\" content=\"pt_BR\" \/>\n<meta property=\"og:type\" content=\"article\" \/>\n<meta property=\"og:title\" content=\"Copom: alta de juros deve durar mais que o esperado, ao patamar de 12%\" \/>\n<meta property=\"og:description\" content=\"Analistas do mercado financeiro enxergam a ata do Comit\u00ea de Pol\u00edtica Monet\u00e1ria (Copom) como hawkish e esperam ciclo de alta prolongado.\" \/>\n<meta property=\"og:url\" content=\"https:\/\/www.suno.com.br\/noticias\/copom-ciclo-alta-juros-especialistas\/\" \/>\n<meta property=\"og:site_name\" content=\"Suno Not\u00edcias\" \/>\n<meta property=\"article:publisher\" content=\"https:\/\/facebook.com\/sunoresearch\" \/>\n<meta property=\"og:image\" content=\"https:\/\/files.sunoresearch.com.br\/n\/uploads\/2021\/12\/BC-agencia-brasil.jpg\" \/>\n\t<meta property=\"og:image:width\" content=\"1280\" \/>\n\t<meta property=\"og:image:height\" content=\"853\" \/>\n\t<meta property=\"og:image:type\" content=\"image\/jpeg\" \/>\n<meta name=\"author\" content=\"Bruno Galv\u00e3o\" \/>\n<meta name=\"twitter:card\" content=\"summary_large_image\" \/>\n<meta name=\"twitter:creator\" content=\"@sunoresearch\" \/>\n<meta name=\"twitter:site\" content=\"@sunoresearch\" \/>\n<meta name=\"twitter:label1\" content=\"Escrito por\" \/>\n\t<meta name=\"twitter:data1\" content=\"Bruno Galv\u00e3o\" \/>\n\t<meta name=\"twitter:label2\" content=\"Est. tempo de leitura\" \/>\n\t<meta name=\"twitter:data2\" content=\"3 minutos\" \/>\n<script type=\"application\/ld+json\" class=\"yoast-schema-graph\">{\"@context\":\"https:\/\/schema.org\",\"@graph\":[{\"@type\":\"NewsArticle\",\"@id\":\"https:\/\/www.suno.com.br\/noticias\/copom-ciclo-alta-juros-especialistas\/#article\",\"isPartOf\":{\"@id\":\"https:\/\/www.suno.com.br\/noticias\/copom-ciclo-alta-juros-especialistas\/\"},\"author\":{\"name\":\"Bruno Galv\u00e3o\",\"@id\":\"https:\/\/www.suno.com.br\/noticias\/#\/schema\/person\/06f0d962a6b1c54852e4860f16935600\"},\"headline\":\"Copom: ciclo de alta de juros deve durar mais que o esperado, dizem Ita\u00fa (ITUB4) e Goldman Sachs\",\"datePublished\":\"2021-12-14T21:34:19+00:00\",\"dateModified\":\"2021-12-14T21:50:27+00:00\",\"mainEntityOfPage\":{\"@id\":\"https:\/\/www.suno.com.br\/noticias\/copom-ciclo-alta-juros-especialistas\/\"},\"wordCount\":600,\"publisher\":{\"@id\":\"https:\/\/www.suno.com.br\/noticias\/#organization\"},\"image\":{\"@id\":\"https:\/\/www.suno.com.br\/noticias\/copom-ciclo-alta-juros-especialistas\/#primaryimage\"},\"thumbnailUrl\":\"https:\/\/files.sunoresearch.com.br\/n\/uploads\/2021\/12\/BC-agencia-brasil.jpg\",\"keywords\":[\"Bank Of America (BOAC34)\",\"Especialistas\",\"Goldman Sachs (GSGI34)\",\"Ita\u00fa Unibanco (ITUB3\/ITUB4)\"],\"articleSection\":[\"Economia\"],\"inLanguage\":\"pt-BR\"},{\"@type\":\"WebPage\",\"@id\":\"https:\/\/www.suno.com.br\/noticias\/copom-ciclo-alta-juros-especialistas\/\",\"url\":\"https:\/\/www.suno.com.br\/noticias\/copom-ciclo-alta-juros-especialistas\/\",\"name\":\"Copom: alta de juros deve durar mais que o esperado, ao patamar de 12%\",\"isPartOf\":{\"@id\":\"https:\/\/www.suno.com.br\/noticias\/#website\"},\"primaryImageOfPage\":{\"@id\":\"https:\/\/www.suno.com.br\/noticias\/copom-ciclo-alta-juros-especialistas\/#primaryimage\"},\"image\":{\"@id\":\"https:\/\/www.suno.com.br\/noticias\/copom-ciclo-alta-juros-especialistas\/#primaryimage\"},\"thumbnailUrl\":\"https:\/\/files.sunoresearch.com.br\/n\/uploads\/2021\/12\/BC-agencia-brasil.jpg\",\"datePublished\":\"2021-12-14T21:34:19+00:00\",\"dateModified\":\"2021-12-14T21:50:27+00:00\",\"description\":\"Analistas do mercado financeiro enxergam a ata do Comit\u00ea de Pol\u00edtica Monet\u00e1ria (Copom) como hawkish e esperam ciclo de alta prolongado.\",\"breadcrumb\":{\"@id\":\"https:\/\/www.suno.com.br\/noticias\/copom-ciclo-alta-juros-especialistas\/#breadcrumb\"},\"inLanguage\":\"pt-BR\",\"potentialAction\":[{\"@type\":\"ReadAction\",\"target\":[\"https:\/\/www.suno.com.br\/noticias\/copom-ciclo-alta-juros-especialistas\/\"]}]},{\"@type\":\"ImageObject\",\"inLanguage\":\"pt-BR\",\"@id\":\"https:\/\/www.suno.com.br\/noticias\/copom-ciclo-alta-juros-especialistas\/#primaryimage\",\"url\":\"https:\/\/files.sunoresearch.com.br\/n\/uploads\/2021\/12\/BC-agencia-brasil.jpg\",\"contentUrl\":\"https:\/\/files.sunoresearch.com.br\/n\/uploads\/2021\/12\/BC-agencia-brasil.jpg\",\"width\":1280,\"height\":853,\"caption\":\"Copom. Foto: Marcello Casal Jr.\/Ag\u00eancia Brasil\"},{\"@type\":\"BreadcrumbList\",\"@id\":\"https:\/\/www.suno.com.br\/noticias\/copom-ciclo-alta-juros-especialistas\/#breadcrumb\",\"itemListElement\":[{\"@type\":\"ListItem\",\"position\":1,\"name\":\"Not\u00edcias\",\"item\":\"https:\/\/www.suno.com.br\/noticias\/\"},{\"@type\":\"ListItem\",\"position\":2,\"name\":\"Economia\",\"item\":\"https:\/\/www.suno.com.br\/noticias\/economia\/\"},{\"@type\":\"ListItem\",\"position\":3,\"name\":\"Copom: ciclo de alta de juros deve durar mais que o esperado, dizem Ita\u00fa (ITUB4) e Goldman Sachs\"}]},{\"@type\":\"WebSite\",\"@id\":\"https:\/\/www.suno.com.br\/noticias\/#website\",\"url\":\"https:\/\/www.suno.com.br\/noticias\/\",\"name\":\"Suno Not\u00edcias\",\"description\":\"Seu portal de informa\u00e7\u00e3o sobre o mundo dos investimentos\",\"publisher\":{\"@id\":\"https:\/\/www.suno.com.br\/noticias\/#organization\"},\"potentialAction\":[{\"@type\":\"SearchAction\",\"target\":{\"@type\":\"EntryPoint\",\"urlTemplate\":\"https:\/\/www.suno.com.br\/noticias\/?s={search_term_string}\"},\"query-input\":{\"@type\":\"PropertyValueSpecification\",\"valueRequired\":true,\"valueName\":\"search_term_string\"}}],\"inLanguage\":\"pt-BR\"},{\"@type\":\"Organization\",\"@id\":\"https:\/\/www.suno.com.br\/noticias\/#organization\",\"name\":\"Suno Not\u00edcias\",\"url\":\"https:\/\/www.suno.com.br\/noticias\/\",\"logo\":{\"@type\":\"ImageObject\",\"inLanguage\":\"pt-BR\",\"@id\":\"https:\/\/www.suno.com.br\/noticias\/#\/schema\/logo\/image\/\",\"url\":\"https:\/\/files.sunoresearch.com.br\/n\/uploads\/2021\/09\/suno-logo.png\",\"contentUrl\":\"https:\/\/files.sunoresearch.com.br\/n\/uploads\/2021\/09\/suno-logo.png\",\"width\":180,\"height\":180,\"caption\":\"Suno Not\u00edcias\"},\"image\":{\"@id\":\"https:\/\/www.suno.com.br\/noticias\/#\/schema\/logo\/image\/\"},\"sameAs\":[\"https:\/\/facebook.com\/sunoresearch\",\"https:\/\/x.com\/sunoresearch\",\"https:\/\/www.instagram.com\/suno\",\"https:\/\/www.linkedin.com\/company\/suno-research\/\",\"https:\/\/www.youtube.com\/c\/sunoresearch\"]},{\"@type\":\"Person\",\"@id\":\"https:\/\/www.suno.com.br\/noticias\/#\/schema\/person\/06f0d962a6b1c54852e4860f16935600\",\"name\":\"Bruno Galv\u00e3o\",\"image\":{\"@type\":\"ImageObject\",\"inLanguage\":\"pt-BR\",\"@id\":\"https:\/\/www.suno.com.br\/noticias\/#\/schema\/person\/image\/\",\"url\":\"https:\/\/secure.gravatar.com\/avatar\/53598df0b41c00f12f287a912d0e918e?s=96&r=g\",\"contentUrl\":\"https:\/\/secure.gravatar.com\/avatar\/53598df0b41c00f12f287a912d0e918e?s=96&r=g\",\"caption\":\"Bruno Galv\u00e3o\"},\"description\":\"Escreve para o portal Suno Not\u00edcias. \u00c9 estudante de Jornalismo pela Faculdade C\u00e1sper L\u00edbero e Letras pela USP. Entusiasta de tecnologia e intelig\u00eancia artificial.\",\"url\":\"https:\/\/www.suno.com.br\/noticias\/author\/bruno-garcia\/\"}]}<\/script>\n<!-- \/ Yoast SEO plugin. -->","yoast_head_json":{"title":"Copom: alta de juros deve durar mais que o esperado, ao patamar de 12%","description":"Analistas do mercado financeiro enxergam a ata do Comit\u00ea de Pol\u00edtica Monet\u00e1ria (Copom) como hawkish e esperam ciclo de alta prolongado.","robots":{"index":"index","follow":"follow","max-snippet":"max-snippet:-1","max-image-preview":"max-image-preview:large","max-video-preview":"max-video-preview:-1"},"canonical":"https:\/\/www.suno.com.br\/noticias\/copom-ciclo-alta-juros-especialistas\/","og_locale":"pt_BR","og_type":"article","og_title":"Copom: alta de juros deve durar mais que o esperado, ao patamar de 12%","og_description":"Analistas do mercado financeiro enxergam a ata do Comit\u00ea de Pol\u00edtica Monet\u00e1ria (Copom) como hawkish e esperam ciclo de alta prolongado.","og_url":"https:\/\/www.suno.com.br\/noticias\/copom-ciclo-alta-juros-especialistas\/","og_site_name":"Suno Not\u00edcias","article_publisher":"https:\/\/facebook.com\/sunoresearch","og_image":[{"width":1280,"height":853,"url":"https:\/\/files.sunoresearch.com.br\/n\/uploads\/2021\/12\/BC-agencia-brasil.jpg","type":"image\/jpeg"}],"author":"Bruno Galv\u00e3o","twitter_card":"summary_large_image","twitter_creator":"@sunoresearch","twitter_site":"@sunoresearch","twitter_misc":{"Escrito por":"Bruno Galv\u00e3o","Est. tempo de leitura":"3 minutos"},"schema":{"@context":"https:\/\/schema.org","@graph":[{"@type":"NewsArticle","@id":"https:\/\/www.suno.com.br\/noticias\/copom-ciclo-alta-juros-especialistas\/#article","isPartOf":{"@id":"https:\/\/www.suno.com.br\/noticias\/copom-ciclo-alta-juros-especialistas\/"},"author":{"name":"Bruno Galv\u00e3o","@id":"https:\/\/www.suno.com.br\/noticias\/#\/schema\/person\/06f0d962a6b1c54852e4860f16935600"},"headline":"Copom: ciclo de alta de juros deve durar mais que o esperado, dizem Ita\u00fa (ITUB4) e Goldman Sachs","datePublished":"2021-12-14T21:34:19+00:00","dateModified":"2021-12-14T21:50:27+00:00","mainEntityOfPage":{"@id":"https:\/\/www.suno.com.br\/noticias\/copom-ciclo-alta-juros-especialistas\/"},"wordCount":600,"publisher":{"@id":"https:\/\/www.suno.com.br\/noticias\/#organization"},"image":{"@id":"https:\/\/www.suno.com.br\/noticias\/copom-ciclo-alta-juros-especialistas\/#primaryimage"},"thumbnailUrl":"https:\/\/files.sunoresearch.com.br\/n\/uploads\/2021\/12\/BC-agencia-brasil.jpg","keywords":["Bank Of America (BOAC34)","Especialistas","Goldman Sachs (GSGI34)","Ita\u00fa Unibanco (ITUB3\/ITUB4)"],"articleSection":["Economia"],"inLanguage":"pt-BR"},{"@type":"WebPage","@id":"https:\/\/www.suno.com.br\/noticias\/copom-ciclo-alta-juros-especialistas\/","url":"https:\/\/www.suno.com.br\/noticias\/copom-ciclo-alta-juros-especialistas\/","name":"Copom: alta de juros deve durar mais que o esperado, ao patamar de 12%","isPartOf":{"@id":"https:\/\/www.suno.com.br\/noticias\/#website"},"primaryImageOfPage":{"@id":"https:\/\/www.suno.com.br\/noticias\/copom-ciclo-alta-juros-especialistas\/#primaryimage"},"image":{"@id":"https:\/\/www.suno.com.br\/noticias\/copom-ciclo-alta-juros-especialistas\/#primaryimage"},"thumbnailUrl":"https:\/\/files.sunoresearch.com.br\/n\/uploads\/2021\/12\/BC-agencia-brasil.jpg","datePublished":"2021-12-14T21:34:19+00:00","dateModified":"2021-12-14T21:50:27+00:00","description":"Analistas do mercado financeiro enxergam a ata do Comit\u00ea de Pol\u00edtica Monet\u00e1ria (Copom) como hawkish e esperam ciclo de alta prolongado.","breadcrumb":{"@id":"https:\/\/www.suno.com.br\/noticias\/copom-ciclo-alta-juros-especialistas\/#breadcrumb"},"inLanguage":"pt-BR","potentialAction":[{"@type":"ReadAction","target":["https:\/\/www.suno.com.br\/noticias\/copom-ciclo-alta-juros-especialistas\/"]}]},{"@type":"ImageObject","inLanguage":"pt-BR","@id":"https:\/\/www.suno.com.br\/noticias\/copom-ciclo-alta-juros-especialistas\/#primaryimage","url":"https:\/\/files.sunoresearch.com.br\/n\/uploads\/2021\/12\/BC-agencia-brasil.jpg","contentUrl":"https:\/\/files.sunoresearch.com.br\/n\/uploads\/2021\/12\/BC-agencia-brasil.jpg","width":1280,"height":853,"caption":"Copom. Foto: Marcello Casal Jr.\/Ag\u00eancia Brasil"},{"@type":"BreadcrumbList","@id":"https:\/\/www.suno.com.br\/noticias\/copom-ciclo-alta-juros-especialistas\/#breadcrumb","itemListElement":[{"@type":"ListItem","position":1,"name":"Not\u00edcias","item":"https:\/\/www.suno.com.br\/noticias\/"},{"@type":"ListItem","position":2,"name":"Economia","item":"https:\/\/www.suno.com.br\/noticias\/economia\/"},{"@type":"ListItem","position":3,"name":"Copom: ciclo de alta de juros deve durar mais que o esperado, dizem Ita\u00fa (ITUB4) e Goldman Sachs"}]},{"@type":"WebSite","@id":"https:\/\/www.suno.com.br\/noticias\/#website","url":"https:\/\/www.suno.com.br\/noticias\/","name":"Suno Not\u00edcias","description":"Seu portal de informa\u00e7\u00e3o sobre o mundo dos investimentos","publisher":{"@id":"https:\/\/www.suno.com.br\/noticias\/#organization"},"potentialAction":[{"@type":"SearchAction","target":{"@type":"EntryPoint","urlTemplate":"https:\/\/www.suno.com.br\/noticias\/?s={search_term_string}"},"query-input":{"@type":"PropertyValueSpecification","valueRequired":true,"valueName":"search_term_string"}}],"inLanguage":"pt-BR"},{"@type":"Organization","@id":"https:\/\/www.suno.com.br\/noticias\/#organization","name":"Suno Not\u00edcias","url":"https:\/\/www.suno.com.br\/noticias\/","logo":{"@type":"ImageObject","inLanguage":"pt-BR","@id":"https:\/\/www.suno.com.br\/noticias\/#\/schema\/logo\/image\/","url":"https:\/\/files.sunoresearch.com.br\/n\/uploads\/2021\/09\/suno-logo.png","contentUrl":"https:\/\/files.sunoresearch.com.br\/n\/uploads\/2021\/09\/suno-logo.png","width":180,"height":180,"caption":"Suno Not\u00edcias"},"image":{"@id":"https:\/\/www.suno.com.br\/noticias\/#\/schema\/logo\/image\/"},"sameAs":["https:\/\/facebook.com\/sunoresearch","https:\/\/x.com\/sunoresearch","https:\/\/www.instagram.com\/suno","https:\/\/www.linkedin.com\/company\/suno-research\/","https:\/\/www.youtube.com\/c\/sunoresearch"]},{"@type":"Person","@id":"https:\/\/www.suno.com.br\/noticias\/#\/schema\/person\/06f0d962a6b1c54852e4860f16935600","name":"Bruno Galv\u00e3o","image":{"@type":"ImageObject","inLanguage":"pt-BR","@id":"https:\/\/www.suno.com.br\/noticias\/#\/schema\/person\/image\/","url":"https:\/\/secure.gravatar.com\/avatar\/53598df0b41c00f12f287a912d0e918e?s=96&r=g","contentUrl":"https:\/\/secure.gravatar.com\/avatar\/53598df0b41c00f12f287a912d0e918e?s=96&r=g","caption":"Bruno Galv\u00e3o"},"description":"Escreve para o portal Suno Not\u00edcias. \u00c9 estudante de Jornalismo pela Faculdade C\u00e1sper L\u00edbero e Letras pela USP. Entusiasta de tecnologia e intelig\u00eancia artificial.","url":"https:\/\/www.suno.com.br\/noticias\/author\/bruno-garcia\/"}]}},"default_loop_html":"<div class=\"cardsPage__listCard__boxs\"><div class=\"cardsPage__listCard__boxs__img\"><a href=\"https:\/\/www.suno.com.br\/noticias\/copom-ciclo-alta-juros-especialistas\/\"><img class=\"mask\" src=\"https:\/\/www.suno.com.br\/noticias\/wp-content\/themes\/suno\/resources\/images\/spotlight\/spotlight1img\/bg-mask.png\" alt=\"Image Mask\"\/><img src=\"https:\/\/files.sunoresearch.com.br\/n\/uploads\/2021\/12\/BC-agencia-brasil-400x200.jpg\" alt=\"Copom: ciclo de alta de juros deve durar mais que o esperado, dizem Ita\u00fa (ITUB4) e Goldman Sachs\"\/><\/a><span class=\"spotlightCategory\"><a href=\"https:\/\/www.suno.com.br\/noticias\/economia\/\">Economia<\/a><\/span><\/div><div class=\"cardsPage__listCard__boxs__content\"><a href=\"https:\/\/www.suno.com.br\/noticias\/copom-ciclo-alta-juros-especialistas\/\"><h2 class=\"content__title\">Copom: ciclo de alta de juros deve durar mais que o esperado, dizem Ita\u00fa (ITUB4) e Goldman Sachs<\/h2><\/a><div class=\"newsContent__article__meta\"><div class=\"newsContent__article__meta__authorBox\"><a href=\"https:\/\/www.suno.com.br\/noticias\/author\/bruno-garcia\/\" class=\"authorBox__avatar noMobi\"><img src=\"https:\/\/secure.gravatar.com\/avatar\/53598df0b41c00f12f287a912d0e918e?s=96&#038;r=g\" alt=\"Bruno Galv\u00e3o\"><\/a><div class=\"authorBox__name\"><span>por\n\t\t\t<a href=\"https:\/\/www.suno.com.br\/noticias\/author\/bruno-garcia\/\"><span itemprop=\"author\">Bruno Galv\u00e3o<\/span><\/a><\/span><time datetime=\"2021-12-14T18:34:19-03:00\" itemprop=\"datePublished\">14\/12\/2021 18:34<\/time><\/div><\/div><\/div><\/div><\/div>","single_layout":"posts","amp_enabled":true,"_links":{"self":[{"href":"https:\/\/www.suno.com.br\/noticias\/wp-json\/wp\/v2\/posts\/215246"}],"collection":[{"href":"https:\/\/www.suno.com.br\/noticias\/wp-json\/wp\/v2\/posts"}],"about":[{"href":"https:\/\/www.suno.com.br\/noticias\/wp-json\/wp\/v2\/types\/post"}],"author":[{"embeddable":true,"href":"https:\/\/www.suno.com.br\/noticias\/wp-json\/wp\/v2\/users\/118"}],"replies":[{"embeddable":true,"href":"https:\/\/www.suno.com.br\/noticias\/wp-json\/wp\/v2\/comments?post=215246"}],"version-history":[{"count":3,"href":"https:\/\/www.suno.com.br\/noticias\/wp-json\/wp\/v2\/posts\/215246\/revisions"}],"predecessor-version":[{"id":215311,"href":"https:\/\/www.suno.com.br\/noticias\/wp-json\/wp\/v2\/posts\/215246\/revisions\/215311"}],"wp:featuredmedia":[{"embeddable":true,"href":"https:\/\/www.suno.com.br\/noticias\/wp-json\/wp\/v2\/media\/213125"}],"wp:attachment":[{"href":"https:\/\/www.suno.com.br\/noticias\/wp-json\/wp\/v2\/media?parent=215246"}],"wp:term":[{"taxonomy":"category","embeddable":true,"href":"https:\/\/www.suno.com.br\/noticias\/wp-json\/wp\/v2\/categories?post=215246"},{"taxonomy":"post_tag","embeddable":true,"href":"https:\/\/www.suno.com.br\/noticias\/wp-json\/wp\/v2\/tags?post=215246"},{"taxonomy":"suno_strategy","embeddable":true,"href":"https:\/\/www.suno.com.br\/noticias\/wp-json\/wp\/v2\/suno_strategy?post=215246"}],"curies":[{"name":"wp","href":"https:\/\/api.w.org\/{rel}","templated":true}]}}