{"id":215244,"date":"2021-12-14T18:09:36","date_gmt":"2021-12-14T21:09:36","guid":{"rendered":"https:\/\/www.suno.com.br\/noticias\/?p=215244"},"modified":"2021-12-14T18:14:57","modified_gmt":"2021-12-14T21:14:57","slug":"reajuste-policiais-custar-orcamento-publico","status":"publish","type":"post","link":"https:\/\/www.suno.com.br\/noticias\/reajuste-policiais-custar-orcamento-publico\/","title":{"rendered":"Reajuste de policiais deve custar R$ 11 bilh\u00f5es at\u00e9 2024"},"content":{"rendered":"<p>O ministro da Justi\u00e7a, Anderson Torres, fez uma proposta de reajuste do sal\u00e1rio de <strong>policiais<\/strong> ao governo federal, aumento que somente em 2022 deve custar R$ 2,8 bilh\u00f5es aos cofres p\u00fablicos. At\u00e9 2024, o custo total ser\u00e1 de R$ 11 bilh\u00f5es.<\/p>\t<div class=\"wrapper-featured-image\">\n\t\t<figure class=\"spotlightImg\">\n\n\t\t\t<picture>\n\t\t\t\t<source media=\"(max-width: 768px)\" srcset=\"https:\/\/files.sunoresearch.com.br\/n\/uploads\/2019\/03\/c5d0e1d6-policial-militar-de-sp-400x200.webp\">\n\t\t\t\t<img loading=\"lazy\" decoding=\"async\" class=\"newsContent__article__imgCapa lazyloadDisabled \" src=\"https:\/\/files.sunoresearch.com.br\/n\/uploads\/2019\/03\/c5d0e1d6-policial-militar-de-sp-800x450.webp\" width=\"800\" height=\"450\" alt=\"Reajuste de policiais deve custar R$ 11 bilh\u00f5es at\u00e9 2024\" fetchpriority=high \/>\n\t\t\t<\/picture>\n\n\t\t\t<figcaption class=\"wp-caption-text wp-caption-text--show\">Reajuste de policiais \u00e9 defendido por Bolsonaro em ano eleitoral<\/figcaption>\n\t\t<\/figure>\n\t<\/div>\n\n\n\t<p>\n\t\t<a href=\"https:\/\/lp.suno.com.br\/planilha-controle-gastos\/\" target=\"_blank\" data-element=\"shortcode-suno-banner\" title=\"Banner SUNO, clique e saiba mais\">\n\t\t\t<picture>\n\t\t\t\t<source media=\"(max-width: 500px)\" srcset=\"https:\/\/files.sunoresearch.com.br\/n\/uploads\/2023\/03\/400x300-Planilha-controle-de-gastos.png\">\n\t\t\t\t<img class=\"newsContent__article__imgCapa newsContent__article__imgCapa--banner\"\n\t\t\t\t\tsrc=\"https:\/\/files.sunoresearch.com.br\/n\/uploads\/2023\/03\/1420x240-Planilha-controle-de-gastos.png\"\n\t\t\t\t\tdata-promo-id=\"101751\"\t\t\t\t\t\t\t\t\t\twidth='1420' height='240'\t\t\t\t\talt=\"https:\/\/files.sunoresearch.com.br\/n\/uploads\/2023\/03\/1420x240-Planilha-controle-de-gastos.png\"\n\t\t\t\t>\n\t\t\t<\/picture>\n\t\t<\/a>\n\t<\/p>\n\n\n<p>Em of\u00edcio apresentado ao ministro da Economia, <a class=\"suno-keyword\" href=\"https:\/\/www.suno.com.br\/tudo-sobre\/paulo-guedes\/\" target=\"_blank\" rel=\"noopener\" data-force=\"no\" data-priority=\"2\">Paulo Guedes<\/a>, Torres pede adequa\u00e7\u00e3o na <strong>Lei Or\u00e7ament\u00e1ria<\/strong> do pr\u00f3ximo ano para garantir recursos para o reajuste.<\/p>\n<p>O documento foi revelado pelo <i>SBT News <\/i>e confirmado pelo Broadcast, sistema de not\u00edcias em tempo real do Grupo Estado. Mais cedo, a jornalistas, Torres j\u00e1 havia antecipado que seria preciso uma modifica\u00e7\u00e3o na lei para posteriormente <strong>garantir o reajuste via Medida Provis\u00f3ria<\/strong> (MP).<\/p>\n<p>Os detalhes do aumento de sal\u00e1rio aos policiais ser\u00e3o definidos no per\u00edodo da tarde desta ter\u00e7a em reuni\u00e3o no Pal\u00e1cio do Planalto entre policiais e a equipe econ\u00f4mica, como anunciou mais cedo <strong>Jair Bolsonaro<\/strong>, em cerim\u00f4nia oficial.<\/p>\n\t<p>\n\t\t<a href=\"https:\/\/lp.suno.com.br\/planilha-da-vida-financeira\/\" target=\"_blank\" data-element=\"shortcode-suno-banner\" title=\"Banner SUNO, clique e saiba mais\">\n\t\t\t<picture>\n\t\t\t\t<source media=\"(max-width: 500px)\" srcset=\"https:\/\/files.sunoresearch.com.br\/n\/uploads\/2023\/04\/400x300-Planilha-vida-financeira-true.png\">\n\t\t\t\t<img class=\"newsContent__article__imgCapa newsContent__article__imgCapa--banner\"\n\t\t\t\t\tsrc=\"https:\/\/files.sunoresearch.com.br\/n\/uploads\/2023\/04\/1420x240-Planilha-vida-financeira-true.png\"\n\t\t\t\t\tdata-promo-id=\"106682\"\t\t\t\t\t\t\t\t\t\twidth='1420' height='240'\t\t\t\t\talt=\"https:\/\/files.sunoresearch.com.br\/n\/uploads\/2023\/04\/1420x240-Planilha-vida-financeira-true.png\"\n\t\t\t\t>\n\t\t\t<\/picture>\n\t\t<\/a>\n\t<\/p>\n\n\n<p>O chefe do Executivo convidou publicamente tr\u00eas autoridades policiais a participar do compromisso, que n\u00e3o constava de sua agenda oficial: o diretor-geral da <strong>Pol\u00edcia Federal<\/strong> (PF), Paulo Maiurino; o diretor-geral da <strong>Pol\u00edcia Rodovi\u00e1ria Federal<\/strong> (PRF), Silvinei Vasques; e a presidente da Federa\u00e7\u00e3o Nacional dos Delegados de Pol\u00edcia Federal, Tania Prado.<\/p>\n<p>A ideia \u00e9 realizar uma grande reestrutura\u00e7\u00e3o das carreiras policiais para atender a uma demanda das categorias, importante <strong>base de apoio<\/strong> para Bolsonaro na <strong>corrida eleitoral<\/strong>.<\/p>\n<p>Os recursos para garantir o reajuste poder\u00e3o ser obtidos por meio do espa\u00e7o fiscal aberto pela Proposta de Emenda \u00e0 Constitui\u00e7\u00e3o (<strong>PEC<\/strong>) <strong>dos Precat\u00f3rios<\/strong>.<\/p>\n\t<p>\n\t\t<a href=\"https:\/\/lp.suno.com.br\/ebook-como-analisar-uma-acao\/\" target=\"_blank\" data-element=\"shortcode-suno-banner\" title=\"Banner SUNO, clique e saiba mais\">\n\t\t\t<picture>\n\t\t\t\t<source media=\"(max-width: 500px)\" srcset=\"https:\/\/files.sunoresearch.com.br\/n\/uploads\/2023\/03\/Ebook-Acoes-Mobile-1.jpg\">\n\t\t\t\t<img class=\"newsContent__article__imgCapa newsContent__article__imgCapa--banner\"\n\t\t\t\t\tsrc=\"https:\/\/files.sunoresearch.com.br\/n\/uploads\/2023\/03\/Ebook-Acoes-Desktop-1.jpg\"\n\t\t\t\t\tdata-promo-id=\"171998\"\t\t\t\t\t\t\t\t\t\twidth='1420' height='286'\t\t\t\t\talt=\"https:\/\/files.sunoresearch.com.br\/n\/uploads\/2023\/03\/Ebook-Acoes-Desktop-1.jpg\"\n\t\t\t\t>\n\t\t\t<\/picture>\n\t\t<\/a>\n\t<\/p>\n\n\n<p>Ao postergar o pagamento de d\u00edvidas da Uni\u00e3o e mexer no c\u00e1lculo do <a class=\"suno-keyword\" href=\"https:\/\/www.suno.com.br\/artigos\/teto-de-gastos\/\" target=\"_blank\" rel=\"noopener\" data-force=\"no\" data-priority=\"1\">teto de gastos<\/a>, a medida &#8211; chamada de calote pela oposi\u00e7\u00e3o &#8211; d\u00e1 ao governo dinheiro para n\u00e3o s\u00f3 viabilizar o pagamento de R$ 400 do <strong>Aux\u00edlio Brasil<\/strong> em ano eleitoral, mas para viabilizar o reajuste a policiais, considerado uma prioridade para Bolsonaro.<\/p>\n<h2>Policiais federais devem ter reajuste at\u00e9 2022, diz Bolsonaro<\/h2>\n<p>O presidente Jair Bolsonaro disse, nesta ter\u00e7a-feira (14), que ainda na tarde de hoje vai tratar com a equipe econ\u00f4mica sobre reajuste salarial para agentes da Pol\u00edcia Rodovi\u00e1ria Federal, Pol\u00edcia Federal e do Departamento Penitenci\u00e1rio Nacional (Depen) at\u00e9 o ano que vem.<\/p>\n<p>\u201cTemos que valorizar voc\u00eas tamb\u00e9m, n\u00e3o podemos ficar apenas nos discursos e nas promessas\u201d, afirmou o presidente. \u201cA quest\u00e3o de recursos [para o reajuste salarial] para voc\u00eas, a parte humana, se Deus quiser,\u00a0hoje\u00a0\u00e0 tarde a gente resolve\u201d, disse\u00a0o presidente, que tamb\u00e9m convidou\u00a0os diretores da PRF, Silvinei Vasques, e da\u00a0Pol\u00edcia Federal\u00a0(PF), Paulo Maiurino, para participarem da reuni\u00e3o.<\/p>\n\t<p>\n\t\t<a href=\"https:\/\/lp.suno.com.br\/planilha-de-controle-de-investimentos\/\" target=\"_blank\" data-element=\"shortcode-suno-banner\" title=\"Banner SUNO, clique e saiba mais\">\n\t\t\t<picture>\n\t\t\t\t<source media=\"(max-width: 500px)\" srcset=\"https:\/\/files.sunoresearch.com.br\/n\/uploads\/2023\/03\/400x300-Controle-de-Investimentos.png\">\n\t\t\t\t<img class=\"newsContent__article__imgCapa newsContent__article__imgCapa--banner\"\n\t\t\t\t\tsrc=\"https:\/\/files.sunoresearch.com.br\/n\/uploads\/2023\/03\/1420x240-Controle-de-Investimentos.png\"\n\t\t\t\t\tdata-promo-id=\"75934\"\t\t\t\t\t\t\t\t\t\twidth='1420' height='240'\t\t\t\t\talt=\"https:\/\/files.sunoresearch.com.br\/n\/uploads\/2023\/03\/1420x240-Controle-de-Investimentos.png\"\n\t\t\t\t>\n\t\t\t<\/picture>\n\t\t<\/a>\n\t<\/p>\n\n\n<p>O\u00a0compromisso para tratar do assunto\u00a0foi feito\u00a0para uma plateia de servidores desses \u00f3rg\u00e3os\u00a0durante\u00a0cerim\u00f4nia, no Pal\u00e1cio do Planalto, de\u00a0lan\u00e7amento do programa <strong>Rodovida 2022<\/strong>, da Pol\u00edcia Rodovi\u00e1ria Federal, com apoio do Minist\u00e9rio da Infraestrutura. A a\u00e7\u00e3o tem como foco a integra\u00e7\u00e3o entre \u00f3rg\u00e3os p\u00fablicos federais, estaduais e municipais para a fiscaliza\u00e7\u00e3o, preven\u00e7\u00e3o e redu\u00e7\u00e3o de acidentes de tr\u00e2nsito.<\/p>\n\t<div data-element=\"shortcode-read-more\" class=\"knowMore\">\n\t\t\t\t<span class=\"knowMore__title\">Saiba mais<\/span>\n\t\t\t\t<a class=\"knowMore__link\" href=\"https:\/\/www.suno.com.br\/noticias\/bolsonaro-preco-da-gasolina-petroleo-brent\/\">\n\t\t\tBolsonaro diz que pre\u00e7o da gasolina &quot;tem que cair&quot; ap\u00f3s recuo na cota\u00e7\u00e3o do petr\u00f3leo\t\t<\/a>\n\t<\/div>\n\n\n<p>Ontem, sem dar detalhes, por meio das redes sociais, o ministro da Justi\u00e7a j\u00e1 havia adiantado que entregou ao ministro da Economia, Paulo Guedes, uma proposta para \u201crestrutura\u00e7\u00e3o das carreiras\u201d <strong>policiais<\/strong>. Segundo ele, a medida busca \u201cainda mais valoriza\u00e7\u00e3o das for\u00e7as de seguran\u00e7a\u201d.<\/p>\n<p><em>(Com informa\u00e7\u00f5es da Ag\u00eancia Estado e Ag\u00eancia Brasil)<\/em><\/p>\n\t<p>\n\t\t<a href=\"\" target=\"_blank\" data-element=\"shortcode-suno-banner\" title=\"Banner SUNO, clique e saiba mais\">\n\t\t\t<picture>\n\t\t\t\t<source media=\"(max-width: 500px)\" srcset=\"\">\n\t\t\t\t<img class=\"newsContent__article__imgCapa newsContent__article__imgCapa--banner\"\n\t\t\t\t\tsrc=\"\"\n\t\t\t\t\tdata-promo-id=\"184190\"\t\t\t\t\t\t\t\t\t\t\t\t\t\t\talt=\"\"\n\t\t\t\t>\n\t\t\t<\/picture>\n\t\t<\/a>\n\t<\/p>\n\n\n","protected":false},"excerpt":{"rendered":"<p>O ministro da Justi\u00e7a, Anderson Torres, fez uma proposta de reajuste do sal\u00e1rio de policiais ao governo federal, aumento que somente em 2022 deve custar R$ 2,8 bilh\u00f5es aos cofres p\u00fablicos. At\u00e9 2024, o custo total ser\u00e1 de R$ 11 bilh\u00f5es. Reajuste de policiais \u00e9 defendido por Bolsonaro em ano eleitoral Em of\u00edcio apresentado ao [&hellip;]<\/p>\n","protected":false},"author":118,"featured_media":18573,"comment_status":"closed","ping_status":"closed","sticky":false,"template":"","format":"standard","meta":[],"categories":[61],"tags":[719,1128],"suno_strategy":[],"class_list":["post-215244","post","type-post","status-publish","format-standard","has-post-thumbnail","hentry","category-politica","tag-jair-bolsonaro","tag-orcamento-publico"],"yoast_head":"<!-- This site is optimized with the Yoast SEO plugin v24.4 - https:\/\/yoast.com\/wordpress\/plugins\/seo\/ -->\n<title>Reajuste de policiais deve custar R$ 11 bilh\u00f5es at\u00e9 2024<\/title>\n<meta name=\"description\" content=\"O ministro da Justi\u00e7a fez uma proposta de reajuste do sal\u00e1rio de policiais, que somente em 2022 deve custar R$ 2,8 bilh\u00f5es. Saiba mais\" \/>\n<meta name=\"robots\" content=\"index, follow, max-snippet:-1, max-image-preview:large, max-video-preview:-1\" \/>\n<link rel=\"canonical\" href=\"https:\/\/www.suno.com.br\/noticias\/reajuste-policiais-custar-orcamento-publico\/\" \/>\n<meta property=\"og:locale\" content=\"pt_BR\" \/>\n<meta property=\"og:type\" content=\"article\" \/>\n<meta property=\"og:title\" content=\"Reajuste de policiais deve custar R$ 11 bilh\u00f5es at\u00e9 2024\" \/>\n<meta property=\"og:description\" content=\"O ministro da Justi\u00e7a fez uma proposta de reajuste do sal\u00e1rio de policiais, que somente em 2022 deve custar R$ 2,8 bilh\u00f5es. Saiba mais\" \/>\n<meta property=\"og:url\" content=\"https:\/\/www.suno.com.br\/noticias\/reajuste-policiais-custar-orcamento-publico\/\" \/>\n<meta property=\"og:site_name\" content=\"Suno Not\u00edcias\" \/>\n<meta property=\"article:publisher\" content=\"https:\/\/facebook.com\/sunoresearch\" \/>\n<meta property=\"og:image\" content=\"https:\/\/files.sunoresearch.com.br\/n\/uploads\/2019\/03\/c5d0e1d6-policial-militar-de-sp.jpg\" \/>\n\t<meta property=\"og:image:width\" content=\"3000\" \/>\n\t<meta property=\"og:image:height\" content=\"2000\" \/>\n\t<meta property=\"og:image:type\" content=\"image\/jpeg\" \/>\n<meta name=\"author\" content=\"Bruno Galv\u00e3o\" \/>\n<meta name=\"twitter:card\" content=\"summary_large_image\" \/>\n<meta name=\"twitter:creator\" content=\"@sunoresearch\" \/>\n<meta name=\"twitter:site\" content=\"@sunoresearch\" \/>\n<meta name=\"twitter:label1\" content=\"Escrito por\" \/>\n\t<meta name=\"twitter:data1\" content=\"Bruno Galv\u00e3o\" \/>\n\t<meta name=\"twitter:label2\" content=\"Est. tempo de leitura\" \/>\n\t<meta name=\"twitter:data2\" content=\"3 minutos\" \/>\n<script type=\"application\/ld+json\" class=\"yoast-schema-graph\">{\"@context\":\"https:\/\/schema.org\",\"@graph\":[{\"@type\":\"NewsArticle\",\"@id\":\"https:\/\/www.suno.com.br\/noticias\/reajuste-policiais-custar-orcamento-publico\/#article\",\"isPartOf\":{\"@id\":\"https:\/\/www.suno.com.br\/noticias\/reajuste-policiais-custar-orcamento-publico\/\"},\"author\":{\"name\":\"Bruno Galv\u00e3o\",\"@id\":\"https:\/\/www.suno.com.br\/noticias\/#\/schema\/person\/06f0d962a6b1c54852e4860f16935600\"},\"headline\":\"Reajuste de policiais deve custar R$ 11 bilh\u00f5es at\u00e9 2024\",\"datePublished\":\"2021-12-14T21:09:36+00:00\",\"dateModified\":\"2021-12-14T21:14:57+00:00\",\"mainEntityOfPage\":{\"@id\":\"https:\/\/www.suno.com.br\/noticias\/reajuste-policiais-custar-orcamento-publico\/\"},\"wordCount\":623,\"publisher\":{\"@id\":\"https:\/\/www.suno.com.br\/noticias\/#organization\"},\"image\":{\"@id\":\"https:\/\/www.suno.com.br\/noticias\/reajuste-policiais-custar-orcamento-publico\/#primaryimage\"},\"thumbnailUrl\":\"https:\/\/files.sunoresearch.com.br\/n\/uploads\/2019\/03\/c5d0e1d6-policial-militar-de-sp-scaled.webp\",\"keywords\":[\"Jair Bolsonaro\",\"Or\u00e7amento P\u00fablico\"],\"articleSection\":[\"Pol\u00edtica\"],\"inLanguage\":\"pt-BR\"},{\"@type\":\"WebPage\",\"@id\":\"https:\/\/www.suno.com.br\/noticias\/reajuste-policiais-custar-orcamento-publico\/\",\"url\":\"https:\/\/www.suno.com.br\/noticias\/reajuste-policiais-custar-orcamento-publico\/\",\"name\":\"Reajuste de policiais deve custar R$ 11 bilh\u00f5es at\u00e9 2024\",\"isPartOf\":{\"@id\":\"https:\/\/www.suno.com.br\/noticias\/#website\"},\"primaryImageOfPage\":{\"@id\":\"https:\/\/www.suno.com.br\/noticias\/reajuste-policiais-custar-orcamento-publico\/#primaryimage\"},\"image\":{\"@id\":\"https:\/\/www.suno.com.br\/noticias\/reajuste-policiais-custar-orcamento-publico\/#primaryimage\"},\"thumbnailUrl\":\"https:\/\/files.sunoresearch.com.br\/n\/uploads\/2019\/03\/c5d0e1d6-policial-militar-de-sp-scaled.webp\",\"datePublished\":\"2021-12-14T21:09:36+00:00\",\"dateModified\":\"2021-12-14T21:14:57+00:00\",\"description\":\"O ministro da Justi\u00e7a fez uma proposta de reajuste do sal\u00e1rio de policiais, que somente em 2022 deve custar R$ 2,8 bilh\u00f5es. Saiba mais\",\"breadcrumb\":{\"@id\":\"https:\/\/www.suno.com.br\/noticias\/reajuste-policiais-custar-orcamento-publico\/#breadcrumb\"},\"inLanguage\":\"pt-BR\",\"potentialAction\":[{\"@type\":\"ReadAction\",\"target\":[\"https:\/\/www.suno.com.br\/noticias\/reajuste-policiais-custar-orcamento-publico\/\"]}]},{\"@type\":\"ImageObject\",\"inLanguage\":\"pt-BR\",\"@id\":\"https:\/\/www.suno.com.br\/noticias\/reajuste-policiais-custar-orcamento-publico\/#primaryimage\",\"url\":\"https:\/\/files.sunoresearch.com.br\/n\/uploads\/2019\/03\/c5d0e1d6-policial-militar-de-sp-scaled.webp\",\"contentUrl\":\"https:\/\/files.sunoresearch.com.br\/n\/uploads\/2019\/03\/c5d0e1d6-policial-militar-de-sp-scaled.webp\",\"width\":2560,\"height\":1707,\"caption\":\"Reajuste de policiais \u00e9 defendido por Bolsonaro em ano eleitoral\"},{\"@type\":\"BreadcrumbList\",\"@id\":\"https:\/\/www.suno.com.br\/noticias\/reajuste-policiais-custar-orcamento-publico\/#breadcrumb\",\"itemListElement\":[{\"@type\":\"ListItem\",\"position\":1,\"name\":\"Not\u00edcias\",\"item\":\"https:\/\/www.suno.com.br\/noticias\/\"},{\"@type\":\"ListItem\",\"position\":2,\"name\":\"Pol\u00edtica\",\"item\":\"https:\/\/www.suno.com.br\/noticias\/politica\/\"},{\"@type\":\"ListItem\",\"position\":3,\"name\":\"Reajuste de policiais deve custar R$ 11 bilh\u00f5es at\u00e9 2024\"}]},{\"@type\":\"WebSite\",\"@id\":\"https:\/\/www.suno.com.br\/noticias\/#website\",\"url\":\"https:\/\/www.suno.com.br\/noticias\/\",\"name\":\"Suno Not\u00edcias\",\"description\":\"Seu portal de informa\u00e7\u00e3o sobre o mundo dos investimentos\",\"publisher\":{\"@id\":\"https:\/\/www.suno.com.br\/noticias\/#organization\"},\"potentialAction\":[{\"@type\":\"SearchAction\",\"target\":{\"@type\":\"EntryPoint\",\"urlTemplate\":\"https:\/\/www.suno.com.br\/noticias\/?s={search_term_string}\"},\"query-input\":{\"@type\":\"PropertyValueSpecification\",\"valueRequired\":true,\"valueName\":\"search_term_string\"}}],\"inLanguage\":\"pt-BR\"},{\"@type\":\"Organization\",\"@id\":\"https:\/\/www.suno.com.br\/noticias\/#organization\",\"name\":\"Suno Not\u00edcias\",\"url\":\"https:\/\/www.suno.com.br\/noticias\/\",\"logo\":{\"@type\":\"ImageObject\",\"inLanguage\":\"pt-BR\",\"@id\":\"https:\/\/www.suno.com.br\/noticias\/#\/schema\/logo\/image\/\",\"url\":\"https:\/\/files.sunoresearch.com.br\/n\/uploads\/2021\/09\/suno-logo.png\",\"contentUrl\":\"https:\/\/files.sunoresearch.com.br\/n\/uploads\/2021\/09\/suno-logo.png\",\"width\":180,\"height\":180,\"caption\":\"Suno Not\u00edcias\"},\"image\":{\"@id\":\"https:\/\/www.suno.com.br\/noticias\/#\/schema\/logo\/image\/\"},\"sameAs\":[\"https:\/\/facebook.com\/sunoresearch\",\"https:\/\/x.com\/sunoresearch\",\"https:\/\/www.instagram.com\/suno\",\"https:\/\/www.linkedin.com\/company\/suno-research\/\",\"https:\/\/www.youtube.com\/c\/sunoresearch\"]},{\"@type\":\"Person\",\"@id\":\"https:\/\/www.suno.com.br\/noticias\/#\/schema\/person\/06f0d962a6b1c54852e4860f16935600\",\"name\":\"Bruno Galv\u00e3o\",\"image\":{\"@type\":\"ImageObject\",\"inLanguage\":\"pt-BR\",\"@id\":\"https:\/\/www.suno.com.br\/noticias\/#\/schema\/person\/image\/\",\"url\":\"https:\/\/secure.gravatar.com\/avatar\/53598df0b41c00f12f287a912d0e918e?s=96&r=g\",\"contentUrl\":\"https:\/\/secure.gravatar.com\/avatar\/53598df0b41c00f12f287a912d0e918e?s=96&r=g\",\"caption\":\"Bruno Galv\u00e3o\"},\"description\":\"Escreve para o portal Suno Not\u00edcias. \u00c9 estudante de Jornalismo pela Faculdade C\u00e1sper L\u00edbero e Letras pela USP. Entusiasta de tecnologia e intelig\u00eancia artificial.\",\"url\":\"https:\/\/www.suno.com.br\/noticias\/author\/bruno-garcia\/\"}]}<\/script>\n<!-- \/ Yoast SEO plugin. -->","yoast_head_json":{"title":"Reajuste de policiais deve custar R$ 11 bilh\u00f5es at\u00e9 2024","description":"O ministro da Justi\u00e7a fez uma proposta de reajuste do sal\u00e1rio de policiais, que somente em 2022 deve custar R$ 2,8 bilh\u00f5es. Saiba mais","robots":{"index":"index","follow":"follow","max-snippet":"max-snippet:-1","max-image-preview":"max-image-preview:large","max-video-preview":"max-video-preview:-1"},"canonical":"https:\/\/www.suno.com.br\/noticias\/reajuste-policiais-custar-orcamento-publico\/","og_locale":"pt_BR","og_type":"article","og_title":"Reajuste de policiais deve custar R$ 11 bilh\u00f5es at\u00e9 2024","og_description":"O ministro da Justi\u00e7a fez uma proposta de reajuste do sal\u00e1rio de policiais, que somente em 2022 deve custar R$ 2,8 bilh\u00f5es. Saiba mais","og_url":"https:\/\/www.suno.com.br\/noticias\/reajuste-policiais-custar-orcamento-publico\/","og_site_name":"Suno Not\u00edcias","article_publisher":"https:\/\/facebook.com\/sunoresearch","og_image":[{"width":3000,"height":2000,"url":"https:\/\/files.sunoresearch.com.br\/n\/uploads\/2019\/03\/c5d0e1d6-policial-militar-de-sp.jpg","type":"image\/jpeg"}],"author":"Bruno Galv\u00e3o","twitter_card":"summary_large_image","twitter_creator":"@sunoresearch","twitter_site":"@sunoresearch","twitter_misc":{"Escrito por":"Bruno Galv\u00e3o","Est. tempo de leitura":"3 minutos"},"schema":{"@context":"https:\/\/schema.org","@graph":[{"@type":"NewsArticle","@id":"https:\/\/www.suno.com.br\/noticias\/reajuste-policiais-custar-orcamento-publico\/#article","isPartOf":{"@id":"https:\/\/www.suno.com.br\/noticias\/reajuste-policiais-custar-orcamento-publico\/"},"author":{"name":"Bruno Galv\u00e3o","@id":"https:\/\/www.suno.com.br\/noticias\/#\/schema\/person\/06f0d962a6b1c54852e4860f16935600"},"headline":"Reajuste de policiais deve custar R$ 11 bilh\u00f5es at\u00e9 2024","datePublished":"2021-12-14T21:09:36+00:00","dateModified":"2021-12-14T21:14:57+00:00","mainEntityOfPage":{"@id":"https:\/\/www.suno.com.br\/noticias\/reajuste-policiais-custar-orcamento-publico\/"},"wordCount":623,"publisher":{"@id":"https:\/\/www.suno.com.br\/noticias\/#organization"},"image":{"@id":"https:\/\/www.suno.com.br\/noticias\/reajuste-policiais-custar-orcamento-publico\/#primaryimage"},"thumbnailUrl":"https:\/\/files.sunoresearch.com.br\/n\/uploads\/2019\/03\/c5d0e1d6-policial-militar-de-sp-scaled.webp","keywords":["Jair Bolsonaro","Or\u00e7amento P\u00fablico"],"articleSection":["Pol\u00edtica"],"inLanguage":"pt-BR"},{"@type":"WebPage","@id":"https:\/\/www.suno.com.br\/noticias\/reajuste-policiais-custar-orcamento-publico\/","url":"https:\/\/www.suno.com.br\/noticias\/reajuste-policiais-custar-orcamento-publico\/","name":"Reajuste de policiais deve custar R$ 11 bilh\u00f5es at\u00e9 2024","isPartOf":{"@id":"https:\/\/www.suno.com.br\/noticias\/#website"},"primaryImageOfPage":{"@id":"https:\/\/www.suno.com.br\/noticias\/reajuste-policiais-custar-orcamento-publico\/#primaryimage"},"image":{"@id":"https:\/\/www.suno.com.br\/noticias\/reajuste-policiais-custar-orcamento-publico\/#primaryimage"},"thumbnailUrl":"https:\/\/files.sunoresearch.com.br\/n\/uploads\/2019\/03\/c5d0e1d6-policial-militar-de-sp-scaled.webp","datePublished":"2021-12-14T21:09:36+00:00","dateModified":"2021-12-14T21:14:57+00:00","description":"O ministro da Justi\u00e7a fez uma proposta de reajuste do sal\u00e1rio de policiais, que somente em 2022 deve custar R$ 2,8 bilh\u00f5es. Saiba mais","breadcrumb":{"@id":"https:\/\/www.suno.com.br\/noticias\/reajuste-policiais-custar-orcamento-publico\/#breadcrumb"},"inLanguage":"pt-BR","potentialAction":[{"@type":"ReadAction","target":["https:\/\/www.suno.com.br\/noticias\/reajuste-policiais-custar-orcamento-publico\/"]}]},{"@type":"ImageObject","inLanguage":"pt-BR","@id":"https:\/\/www.suno.com.br\/noticias\/reajuste-policiais-custar-orcamento-publico\/#primaryimage","url":"https:\/\/files.sunoresearch.com.br\/n\/uploads\/2019\/03\/c5d0e1d6-policial-militar-de-sp-scaled.webp","contentUrl":"https:\/\/files.sunoresearch.com.br\/n\/uploads\/2019\/03\/c5d0e1d6-policial-militar-de-sp-scaled.webp","width":2560,"height":1707,"caption":"Reajuste de policiais \u00e9 defendido por Bolsonaro em ano eleitoral"},{"@type":"BreadcrumbList","@id":"https:\/\/www.suno.com.br\/noticias\/reajuste-policiais-custar-orcamento-publico\/#breadcrumb","itemListElement":[{"@type":"ListItem","position":1,"name":"Not\u00edcias","item":"https:\/\/www.suno.com.br\/noticias\/"},{"@type":"ListItem","position":2,"name":"Pol\u00edtica","item":"https:\/\/www.suno.com.br\/noticias\/politica\/"},{"@type":"ListItem","position":3,"name":"Reajuste de policiais deve custar R$ 11 bilh\u00f5es at\u00e9 2024"}]},{"@type":"WebSite","@id":"https:\/\/www.suno.com.br\/noticias\/#website","url":"https:\/\/www.suno.com.br\/noticias\/","name":"Suno Not\u00edcias","description":"Seu portal de informa\u00e7\u00e3o sobre o mundo dos investimentos","publisher":{"@id":"https:\/\/www.suno.com.br\/noticias\/#organization"},"potentialAction":[{"@type":"SearchAction","target":{"@type":"EntryPoint","urlTemplate":"https:\/\/www.suno.com.br\/noticias\/?s={search_term_string}"},"query-input":{"@type":"PropertyValueSpecification","valueRequired":true,"valueName":"search_term_string"}}],"inLanguage":"pt-BR"},{"@type":"Organization","@id":"https:\/\/www.suno.com.br\/noticias\/#organization","name":"Suno Not\u00edcias","url":"https:\/\/www.suno.com.br\/noticias\/","logo":{"@type":"ImageObject","inLanguage":"pt-BR","@id":"https:\/\/www.suno.com.br\/noticias\/#\/schema\/logo\/image\/","url":"https:\/\/files.sunoresearch.com.br\/n\/uploads\/2021\/09\/suno-logo.png","contentUrl":"https:\/\/files.sunoresearch.com.br\/n\/uploads\/2021\/09\/suno-logo.png","width":180,"height":180,"caption":"Suno Not\u00edcias"},"image":{"@id":"https:\/\/www.suno.com.br\/noticias\/#\/schema\/logo\/image\/"},"sameAs":["https:\/\/facebook.com\/sunoresearch","https:\/\/x.com\/sunoresearch","https:\/\/www.instagram.com\/suno","https:\/\/www.linkedin.com\/company\/suno-research\/","https:\/\/www.youtube.com\/c\/sunoresearch"]},{"@type":"Person","@id":"https:\/\/www.suno.com.br\/noticias\/#\/schema\/person\/06f0d962a6b1c54852e4860f16935600","name":"Bruno Galv\u00e3o","image":{"@type":"ImageObject","inLanguage":"pt-BR","@id":"https:\/\/www.suno.com.br\/noticias\/#\/schema\/person\/image\/","url":"https:\/\/secure.gravatar.com\/avatar\/53598df0b41c00f12f287a912d0e918e?s=96&r=g","contentUrl":"https:\/\/secure.gravatar.com\/avatar\/53598df0b41c00f12f287a912d0e918e?s=96&r=g","caption":"Bruno Galv\u00e3o"},"description":"Escreve para o portal Suno Not\u00edcias. \u00c9 estudante de Jornalismo pela Faculdade C\u00e1sper L\u00edbero e Letras pela USP. Entusiasta de tecnologia e intelig\u00eancia artificial.","url":"https:\/\/www.suno.com.br\/noticias\/author\/bruno-garcia\/"}]}},"default_loop_html":"<div class=\"cardsPage__listCard__boxs\"><div class=\"cardsPage__listCard__boxs__img\"><a href=\"https:\/\/www.suno.com.br\/noticias\/reajuste-policiais-custar-orcamento-publico\/\"><img class=\"mask\" src=\"https:\/\/www.suno.com.br\/noticias\/wp-content\/themes\/suno\/resources\/images\/spotlight\/spotlight1img\/bg-mask.png\" alt=\"Image Mask\"\/><img src=\"https:\/\/files.sunoresearch.com.br\/n\/uploads\/2019\/03\/c5d0e1d6-policial-militar-de-sp-400x200.webp\" alt=\"Reajuste de policiais deve custar R$ 11 bilh\u00f5es at\u00e9 2024\"\/><\/a><span class=\"spotlightCategory\"><a href=\"https:\/\/www.suno.com.br\/noticias\/politica\/\">Pol\u00edtica<\/a><\/span><\/div><div class=\"cardsPage__listCard__boxs__content\"><a href=\"https:\/\/www.suno.com.br\/noticias\/reajuste-policiais-custar-orcamento-publico\/\"><h2 class=\"content__title\">Reajuste de policiais deve custar R$ 11 bilh\u00f5es at\u00e9 2024<\/h2><\/a><div class=\"newsContent__article__meta\"><div class=\"newsContent__article__meta__authorBox\"><a href=\"https:\/\/www.suno.com.br\/noticias\/author\/bruno-garcia\/\" class=\"authorBox__avatar noMobi\"><img src=\"https:\/\/secure.gravatar.com\/avatar\/53598df0b41c00f12f287a912d0e918e?s=96&#038;r=g\" alt=\"Bruno Galv\u00e3o\"><\/a><div class=\"authorBox__name\"><span>por\n\t\t\t<a href=\"https:\/\/www.suno.com.br\/noticias\/author\/bruno-garcia\/\"><span itemprop=\"author\">Bruno Galv\u00e3o<\/span><\/a><\/span><time datetime=\"2021-12-14T18:09:36-03:00\" itemprop=\"datePublished\">14\/12\/2021 18:09<\/time><\/div><\/div><\/div><\/div><\/div>","single_layout":"posts","amp_enabled":true,"_links":{"self":[{"href":"https:\/\/www.suno.com.br\/noticias\/wp-json\/wp\/v2\/posts\/215244"}],"collection":[{"href":"https:\/\/www.suno.com.br\/noticias\/wp-json\/wp\/v2\/posts"}],"about":[{"href":"https:\/\/www.suno.com.br\/noticias\/wp-json\/wp\/v2\/types\/post"}],"author":[{"embeddable":true,"href":"https:\/\/www.suno.com.br\/noticias\/wp-json\/wp\/v2\/users\/118"}],"replies":[{"embeddable":true,"href":"https:\/\/www.suno.com.br\/noticias\/wp-json\/wp\/v2\/comments?post=215244"}],"version-history":[{"count":5,"href":"https:\/\/www.suno.com.br\/noticias\/wp-json\/wp\/v2\/posts\/215244\/revisions"}],"predecessor-version":[{"id":215297,"href":"https:\/\/www.suno.com.br\/noticias\/wp-json\/wp\/v2\/posts\/215244\/revisions\/215297"}],"wp:featuredmedia":[{"embeddable":true,"href":"https:\/\/www.suno.com.br\/noticias\/wp-json\/wp\/v2\/media\/18573"}],"wp:attachment":[{"href":"https:\/\/www.suno.com.br\/noticias\/wp-json\/wp\/v2\/media?parent=215244"}],"wp:term":[{"taxonomy":"category","embeddable":true,"href":"https:\/\/www.suno.com.br\/noticias\/wp-json\/wp\/v2\/categories?post=215244"},{"taxonomy":"post_tag","embeddable":true,"href":"https:\/\/www.suno.com.br\/noticias\/wp-json\/wp\/v2\/tags?post=215244"},{"taxonomy":"suno_strategy","embeddable":true,"href":"https:\/\/www.suno.com.br\/noticias\/wp-json\/wp\/v2\/suno_strategy?post=215244"}],"curies":[{"name":"wp","href":"https:\/\/api.w.org\/{rel}","templated":true}]}}