{"id":21523,"date":"2019-04-18T09:29:56","date_gmt":"2019-04-18T12:29:56","guid":{"rendered":"https:\/\/www.suno.com.br\/noticias\/?p=21523"},"modified":"2019-04-18T14:34:17","modified_gmt":"2019-04-18T17:34:17","slug":"avianca-reducao-voos-pascoa","status":"publish","type":"post","link":"https:\/\/www.suno.com.br\/noticias\/avianca-reducao-voos-pascoa\/","title":{"rendered":"Avianca ter\u00e1 612 voos a menos do que na \u00faltima P\u00e1scoa"},"content":{"rendered":"<p>A Avianca Brasil reduziu seus <strong>voos<\/strong> de 987 na <strong>P\u00e1scoa<\/strong> de 2018 para 375 no feriado desta ano que come\u00e7a na sexta-feira (19). A redu\u00e7\u00e3o \u00e9 de 62%.<\/p>\t<div class=\"wrapper-featured-image\">\n\t\t<figure class=\"spotlightImg\">\n\n\t\t\t<picture>\n\t\t\t\t<source media=\"(max-width: 768px)\" srcset=\"https:\/\/files.sunoresearch.com.br\/n\/uploads\/2019\/03\/c922d2b3-avianca-400x200.webp\">\n\t\t\t\t<img loading=\"lazy\" decoding=\"async\" class=\"newsContent__article__imgCapa lazyloadDisabled newsContent__article__imgCapa--noCaption\" src=\"https:\/\/files.sunoresearch.com.br\/n\/uploads\/2019\/03\/c922d2b3-avianca-800x450.webp\" width=\"800\" height=\"450\" alt=\"Avianca ter\u00e1 612 voos a menos do que na \u00faltima P\u00e1scoa\" fetchpriority=high \/>\n\t\t\t<\/picture>\n\n\t\t\t<figcaption class=\"wp-caption-text wp-caption-text--hide\">Avianca recorre ao TST para impedir greve de tripulantes  <\/figcaption>\n\t\t<\/figure>\n\t<\/div>\n\n\n<p>Os dados refletem a situa\u00e7\u00e3o atual da <strong>Avianca.<\/strong>\u00a0A companhia, que est\u00e1 em recupera\u00e7\u00e3o judicial, j\u00e1 cancelou mais de 250 voos at\u00e9 o pr\u00f3ximo s\u00e1bado (20). O levantamento de compara\u00e7\u00e3o do feriado de P\u00e1scoa foi feito pelo G1 com base em dados da <strong>Ag\u00eancia Nacional de Avia\u00e7\u00e3o Civil (Anac)<\/strong>.<\/p>\n\n<p>De acordo com a ag\u00eancia, a frota de avi\u00f5es da Avianca ser\u00e1 reduzida at\u00e9 segunda-feira (22). A a\u00e9rea brasileira ter\u00e1 que devolver oito aeronaves.\u00a0De acordo com o \u00f3rg\u00e3o, a devolu\u00e7\u00e3o ocorrer\u00e1 aos poucos para\u00a0\u201cmitigar os efeitos para os passageiros\u201d.<\/p>\n<p><a href=\"https:\/\/www.suno.com.br\/noticias\/avianca-brasil-devolver-oito-aeronaves\/\">Saiba Mais: Avianca Brasil ir\u00e1 devolver oito aeronaves at\u00e9 segunda, informa Anac<\/a><\/p>\n<p>No \u00faltimo levantamento, a Anac informou que a <strong>Avianca<\/strong> possu\u00eda 25 aeronaves. A frota da <strong>a\u00e9rea<\/strong> passar\u00e1 a ser de 17 avi\u00f5es. Com a companhia em crise, empresas de arrendamento t\u00eam pedido a devolu\u00e7\u00e3o das aeronaves desde o ano passado.\u00a0Do total de avi\u00f5es devolvidos, sete pertencem \u00e0\u00a0empresa de leasing\u00a0<strong>GECAS<\/strong> e um \u00e9 da <strong>PK.<\/strong><\/p>\n<h2>Entenda o caso<\/h2>\n<p>A empresa \u00e9 a quarta maior <strong>companhia a\u00e9rea<\/strong> do Brasil e est\u00e1 em recupera\u00e7\u00e3o judicial desde 2018. O pedido foi registrado na 1\u00aa Vara Empresarial de S\u00e3o Paulo em 10 de dezembro, ap\u00f3s crescentes preju\u00edzos e atrasos em pagamentos de arrendamento de aeronaves.<\/p>\n<p>Tr\u00eas empresas de leasing j\u00e1 pediram restitui\u00e7\u00e3o de <strong>avi\u00f5es<\/strong> por conta da falta de pagamento. A companhia a\u00e9rea tinha assegurado que nenhuma das opera\u00e7\u00f5es seriam afetadas, mesmo com o processo de recupera\u00e7\u00e3o judicial<\/p>\n<p>Por causa da falta de pagamento, os credores apresentaram recursos para a <strong>Anac.<\/strong> A ag\u00eancia recebeu pedidos por retirar as aeronaves operadas pela empresa do Registro Aeron\u00e1utico Brasileiro (RAB).<\/p>\n<p><a href=\"https:\/\/www.suno.com.br\/noticias\/avianca-voos-cancelados-perde-avioes\/\">Saiba Mais: Avianca tem 254 voos cancelados ap\u00f3s perder mais de 10 avi\u00f5es<\/a><\/p>\n<p>Em caso de calote, as empresas donas das aeronaves podem pedir o cancelamento das matr\u00edculas dos avi\u00f5es. Isso porque a falta de pagamento por parte da <strong>Avianca<\/strong> seria um descumprimento da Conven\u00e7\u00e3o da Cidade do Cabo.<\/p>\n<p>No come\u00e7o de Janeiro, a <strong>Anac<\/strong> anunciou o cancelamento de dez matr\u00edculas de avi\u00f5es operados pela Avianca ap\u00f3s pedido da GE Capital Aviation Services (Gecas), dona das aeronaves.<\/p>\n\t<p>\n\t\t<a href=\"https:\/\/lp.suno.com.br\/4-emissao-snel11\/\" target=\"_blank\" data-element=\"shortcode-suno-banner\" title=\"Banner SUNO, clique e saiba mais\">\n\t\t\t<picture>\n\t\t\t\t<source media=\"(max-width: 500px)\" srcset=\"https:\/\/files.sunoresearch.com.br\/n\/uploads\/2025\/07\/400x300-Mobile-Artigos-7.webp\">\n\t\t\t\t<img class=\"newsContent__article__imgCapa newsContent__article__imgCapa--banner\"\n\t\t\t\t\tsrc=\"https:\/\/files.sunoresearch.com.br\/n\/uploads\/2025\/07\/1420x240-Banner-Artigos-1-_-Banner-Materias-5.webp\"\n\t\t\t\t\tdata-promo-id=\"613822\"\t\t\t\t\t\t\t\t\t\twidth='1420' height='240'\t\t\t\t\talt=\"https:\/\/files.sunoresearch.com.br\/n\/uploads\/2025\/07\/1420x240-Banner-Artigos-1-_-Banner-Materias-5.webp\"\n\t\t\t\t>\n\t\t\t<\/picture>\n\t\t<\/a>\n\t<\/p>\n\n\n<p>A Gecas pedia para suspender o registro de dez aeronaves Airbus A320 usadas pela <strong>Avianca Brasil<\/strong> em opera\u00e7\u00e3o de voos. A Gecas \u00e9 uma empresa de leasing dona das aeronaves, com a qual a companhia a\u00e9rea tinha um contrato para os 10 avi\u00f5es.<\/p>\n<p><a href=\"https:\/\/lp.suno.com.br\/ipo-do-uber-noticias\/\">&#8220;Quer saber mais sobre o IPO do Uber? Baixe aqui o relat\u00f3rio completo GRATUITO&#8221;<\/a><\/p>\n","protected":false},"excerpt":{"rendered":"<p>A Avianca Brasil reduziu seus voos de 987 na P\u00e1scoa de 2018 para 375 no feriado desta ano que come\u00e7a na sexta-feira (19). A redu\u00e7\u00e3o \u00e9 de 62%. Avianca recorre ao TST para impedir greve de tripulantes Os dados refletem a situa\u00e7\u00e3o atual da Avianca.\u00a0A companhia, que est\u00e1 em recupera\u00e7\u00e3o judicial, j\u00e1 cancelou mais de [&hellip;]<\/p>\n","protected":false},"author":16,"featured_media":19501,"comment_status":"closed","ping_status":"closed","sticky":false,"template":"","format":"standard","meta":[],"categories":[64],"tags":[1013,840,314],"suno_strategy":[],"class_list":["post-21523","post","type-post","status-publish","format-standard","has-post-thumbnail","hentry","category-negocios","tag-anac","tag-avianca","tag-recuperacao-judicial"],"yoast_head":"<!-- This site is optimized with the Yoast SEO plugin v24.4 - https:\/\/yoast.com\/wordpress\/plugins\/seo\/ -->\n<title>Avianca tem redu\u00e7\u00e3o de 32% dos voos na P\u00e1scoa<\/title>\n<meta name=\"description\" content=\"A Avianca j\u00e1 cancelou mais de 250 voos at\u00e9 s\u00e1bado e ter\u00e1 que devolver oito aeronaves at\u00e9 segunda-feira (22). Clique e saiba mais.\" \/>\n<meta name=\"robots\" content=\"index, follow, max-snippet:-1, max-image-preview:large, max-video-preview:-1\" \/>\n<link rel=\"canonical\" href=\"https:\/\/www.suno.com.br\/noticias\/avianca-reducao-voos-pascoa\/\" \/>\n<meta property=\"og:locale\" content=\"pt_BR\" \/>\n<meta property=\"og:type\" content=\"article\" \/>\n<meta property=\"og:title\" content=\"Avianca tem redu\u00e7\u00e3o de 32% dos voos na P\u00e1scoa\" \/>\n<meta property=\"og:description\" content=\"A Avianca j\u00e1 cancelou mais de 250 voos at\u00e9 s\u00e1bado e ter\u00e1 que devolver oito aeronaves at\u00e9 segunda-feira (22). Clique e saiba mais.\" \/>\n<meta property=\"og:url\" content=\"https:\/\/www.suno.com.br\/noticias\/avianca-reducao-voos-pascoa\/\" \/>\n<meta property=\"og:site_name\" content=\"Suno Not\u00edcias\" \/>\n<meta property=\"article:publisher\" content=\"https:\/\/facebook.com\/sunoresearch\" \/>\n<meta property=\"og:image\" content=\"https:\/\/files.sunoresearch.com.br\/n\/uploads\/2019\/03\/c922d2b3-avianca.jpg\" \/>\n\t<meta property=\"og:image:width\" content=\"1024\" \/>\n\t<meta property=\"og:image:height\" content=\"683\" \/>\n\t<meta property=\"og:image:type\" content=\"image\/jpeg\" \/>\n<meta name=\"author\" content=\"Beatriz Oliveira\" \/>\n<meta name=\"twitter:card\" content=\"summary_large_image\" \/>\n<meta name=\"twitter:creator\" content=\"@sunoresearch\" \/>\n<meta name=\"twitter:site\" content=\"@sunoresearch\" \/>\n<meta name=\"twitter:label1\" content=\"Escrito por\" \/>\n\t<meta name=\"twitter:data1\" content=\"Beatriz Oliveira\" \/>\n\t<meta name=\"twitter:label2\" content=\"Est. tempo de leitura\" \/>\n\t<meta name=\"twitter:data2\" content=\"2 minutos\" \/>\n<script type=\"application\/ld+json\" class=\"yoast-schema-graph\">{\"@context\":\"https:\/\/schema.org\",\"@graph\":[{\"@type\":\"NewsArticle\",\"@id\":\"https:\/\/www.suno.com.br\/noticias\/avianca-reducao-voos-pascoa\/#article\",\"isPartOf\":{\"@id\":\"https:\/\/www.suno.com.br\/noticias\/avianca-reducao-voos-pascoa\/\"},\"author\":{\"name\":\"Beatriz Oliveira\",\"@id\":\"https:\/\/www.suno.com.br\/noticias\/#\/schema\/person\/e67f665add014bf99f644028de070cc3\"},\"headline\":\"Avianca ter\u00e1 612 voos a menos do que na \u00faltima P\u00e1scoa\",\"datePublished\":\"2019-04-18T12:29:56+00:00\",\"dateModified\":\"2019-04-18T17:34:17+00:00\",\"mainEntityOfPage\":{\"@id\":\"https:\/\/www.suno.com.br\/noticias\/avianca-reducao-voos-pascoa\/\"},\"wordCount\":472,\"publisher\":{\"@id\":\"https:\/\/www.suno.com.br\/noticias\/#organization\"},\"image\":{\"@id\":\"https:\/\/www.suno.com.br\/noticias\/avianca-reducao-voos-pascoa\/#primaryimage\"},\"thumbnailUrl\":\"https:\/\/files.sunoresearch.com.br\/n\/uploads\/2019\/03\/c922d2b3-avianca-jpg.webp\",\"keywords\":[\"Anac\",\"Avianca\",\"recupera\u00e7\u00e3o judicial\"],\"articleSection\":[\"Neg\u00f3cios\"],\"inLanguage\":\"pt-BR\"},{\"@type\":\"WebPage\",\"@id\":\"https:\/\/www.suno.com.br\/noticias\/avianca-reducao-voos-pascoa\/\",\"url\":\"https:\/\/www.suno.com.br\/noticias\/avianca-reducao-voos-pascoa\/\",\"name\":\"Avianca tem redu\u00e7\u00e3o de 32% dos voos na P\u00e1scoa\",\"isPartOf\":{\"@id\":\"https:\/\/www.suno.com.br\/noticias\/#website\"},\"primaryImageOfPage\":{\"@id\":\"https:\/\/www.suno.com.br\/noticias\/avianca-reducao-voos-pascoa\/#primaryimage\"},\"image\":{\"@id\":\"https:\/\/www.suno.com.br\/noticias\/avianca-reducao-voos-pascoa\/#primaryimage\"},\"thumbnailUrl\":\"https:\/\/files.sunoresearch.com.br\/n\/uploads\/2019\/03\/c922d2b3-avianca-jpg.webp\",\"datePublished\":\"2019-04-18T12:29:56+00:00\",\"dateModified\":\"2019-04-18T17:34:17+00:00\",\"description\":\"A Avianca j\u00e1 cancelou mais de 250 voos at\u00e9 s\u00e1bado e ter\u00e1 que devolver oito aeronaves at\u00e9 segunda-feira (22). Clique e saiba mais.\",\"breadcrumb\":{\"@id\":\"https:\/\/www.suno.com.br\/noticias\/avianca-reducao-voos-pascoa\/#breadcrumb\"},\"inLanguage\":\"pt-BR\",\"potentialAction\":[{\"@type\":\"ReadAction\",\"target\":[\"https:\/\/www.suno.com.br\/noticias\/avianca-reducao-voos-pascoa\/\"]}]},{\"@type\":\"ImageObject\",\"inLanguage\":\"pt-BR\",\"@id\":\"https:\/\/www.suno.com.br\/noticias\/avianca-reducao-voos-pascoa\/#primaryimage\",\"url\":\"https:\/\/files.sunoresearch.com.br\/n\/uploads\/2019\/03\/c922d2b3-avianca-jpg.webp\",\"contentUrl\":\"https:\/\/files.sunoresearch.com.br\/n\/uploads\/2019\/03\/c922d2b3-avianca-jpg.webp\",\"width\":1024,\"height\":683,\"caption\":\"Avianca recorre ao TST para impedir greve de tripulantes\"},{\"@type\":\"BreadcrumbList\",\"@id\":\"https:\/\/www.suno.com.br\/noticias\/avianca-reducao-voos-pascoa\/#breadcrumb\",\"itemListElement\":[{\"@type\":\"ListItem\",\"position\":1,\"name\":\"Not\u00edcias\",\"item\":\"https:\/\/www.suno.com.br\/noticias\/\"},{\"@type\":\"ListItem\",\"position\":2,\"name\":\"Neg\u00f3cios\",\"item\":\"https:\/\/www.suno.com.br\/noticias\/negocios\/\"},{\"@type\":\"ListItem\",\"position\":3,\"name\":\"Avianca ter\u00e1 612 voos a menos do que na \u00faltima P\u00e1scoa\"}]},{\"@type\":\"WebSite\",\"@id\":\"https:\/\/www.suno.com.br\/noticias\/#website\",\"url\":\"https:\/\/www.suno.com.br\/noticias\/\",\"name\":\"Suno Not\u00edcias\",\"description\":\"Seu portal de informa\u00e7\u00e3o sobre o mundo dos investimentos\",\"publisher\":{\"@id\":\"https:\/\/www.suno.com.br\/noticias\/#organization\"},\"potentialAction\":[{\"@type\":\"SearchAction\",\"target\":{\"@type\":\"EntryPoint\",\"urlTemplate\":\"https:\/\/www.suno.com.br\/noticias\/?s={search_term_string}\"},\"query-input\":{\"@type\":\"PropertyValueSpecification\",\"valueRequired\":true,\"valueName\":\"search_term_string\"}}],\"inLanguage\":\"pt-BR\"},{\"@type\":\"Organization\",\"@id\":\"https:\/\/www.suno.com.br\/noticias\/#organization\",\"name\":\"Suno Not\u00edcias\",\"url\":\"https:\/\/www.suno.com.br\/noticias\/\",\"logo\":{\"@type\":\"ImageObject\",\"inLanguage\":\"pt-BR\",\"@id\":\"https:\/\/www.suno.com.br\/noticias\/#\/schema\/logo\/image\/\",\"url\":\"https:\/\/files.sunoresearch.com.br\/n\/uploads\/2021\/09\/suno-logo.png\",\"contentUrl\":\"https:\/\/files.sunoresearch.com.br\/n\/uploads\/2021\/09\/suno-logo.png\",\"width\":180,\"height\":180,\"caption\":\"Suno Not\u00edcias\"},\"image\":{\"@id\":\"https:\/\/www.suno.com.br\/noticias\/#\/schema\/logo\/image\/\"},\"sameAs\":[\"https:\/\/facebook.com\/sunoresearch\",\"https:\/\/x.com\/sunoresearch\",\"https:\/\/www.instagram.com\/suno\",\"https:\/\/www.linkedin.com\/company\/suno-research\/\",\"https:\/\/www.youtube.com\/c\/sunoresearch\"]},{\"@type\":\"Person\",\"@id\":\"https:\/\/www.suno.com.br\/noticias\/#\/schema\/person\/e67f665add014bf99f644028de070cc3\",\"name\":\"Beatriz Oliveira\",\"image\":{\"@type\":\"ImageObject\",\"inLanguage\":\"pt-BR\",\"@id\":\"https:\/\/www.suno.com.br\/noticias\/#\/schema\/person\/image\/\",\"url\":\"https:\/\/secure.gravatar.com\/avatar\/c9aa6a0aaecc598d257d5d5bd349157d?s=96&r=g\",\"contentUrl\":\"https:\/\/secure.gravatar.com\/avatar\/c9aa6a0aaecc598d257d5d5bd349157d?s=96&r=g\",\"caption\":\"Beatriz Oliveira\"},\"description\":\"Formada em Jornalismo pela Faculdade Paulus de Tecnologia e Comunica\u00e7\u00e3o, Beatriz Oliveira escreve para o portal de not\u00edcias Suno Research. Antes, passou pelas reda\u00e7\u00f5es da Revista EXAME e da Rede Bandeirantes.\",\"url\":\"https:\/\/www.suno.com.br\/noticias\/author\/beatriz\/\"}]}<\/script>\n<!-- \/ Yoast SEO plugin. -->","yoast_head_json":{"title":"Avianca tem redu\u00e7\u00e3o de 32% dos voos na P\u00e1scoa","description":"A Avianca j\u00e1 cancelou mais de 250 voos at\u00e9 s\u00e1bado e ter\u00e1 que devolver oito aeronaves at\u00e9 segunda-feira (22). Clique e saiba mais.","robots":{"index":"index","follow":"follow","max-snippet":"max-snippet:-1","max-image-preview":"max-image-preview:large","max-video-preview":"max-video-preview:-1"},"canonical":"https:\/\/www.suno.com.br\/noticias\/avianca-reducao-voos-pascoa\/","og_locale":"pt_BR","og_type":"article","og_title":"Avianca tem redu\u00e7\u00e3o de 32% dos voos na P\u00e1scoa","og_description":"A Avianca j\u00e1 cancelou mais de 250 voos at\u00e9 s\u00e1bado e ter\u00e1 que devolver oito aeronaves at\u00e9 segunda-feira (22). Clique e saiba mais.","og_url":"https:\/\/www.suno.com.br\/noticias\/avianca-reducao-voos-pascoa\/","og_site_name":"Suno Not\u00edcias","article_publisher":"https:\/\/facebook.com\/sunoresearch","og_image":[{"width":1024,"height":683,"url":"https:\/\/files.sunoresearch.com.br\/n\/uploads\/2019\/03\/c922d2b3-avianca.jpg","type":"image\/jpeg"}],"author":"Beatriz Oliveira","twitter_card":"summary_large_image","twitter_creator":"@sunoresearch","twitter_site":"@sunoresearch","twitter_misc":{"Escrito por":"Beatriz Oliveira","Est. tempo de leitura":"2 minutos"},"schema":{"@context":"https:\/\/schema.org","@graph":[{"@type":"NewsArticle","@id":"https:\/\/www.suno.com.br\/noticias\/avianca-reducao-voos-pascoa\/#article","isPartOf":{"@id":"https:\/\/www.suno.com.br\/noticias\/avianca-reducao-voos-pascoa\/"},"author":{"name":"Beatriz Oliveira","@id":"https:\/\/www.suno.com.br\/noticias\/#\/schema\/person\/e67f665add014bf99f644028de070cc3"},"headline":"Avianca ter\u00e1 612 voos a menos do que na \u00faltima P\u00e1scoa","datePublished":"2019-04-18T12:29:56+00:00","dateModified":"2019-04-18T17:34:17+00:00","mainEntityOfPage":{"@id":"https:\/\/www.suno.com.br\/noticias\/avianca-reducao-voos-pascoa\/"},"wordCount":472,"publisher":{"@id":"https:\/\/www.suno.com.br\/noticias\/#organization"},"image":{"@id":"https:\/\/www.suno.com.br\/noticias\/avianca-reducao-voos-pascoa\/#primaryimage"},"thumbnailUrl":"https:\/\/files.sunoresearch.com.br\/n\/uploads\/2019\/03\/c922d2b3-avianca-jpg.webp","keywords":["Anac","Avianca","recupera\u00e7\u00e3o judicial"],"articleSection":["Neg\u00f3cios"],"inLanguage":"pt-BR"},{"@type":"WebPage","@id":"https:\/\/www.suno.com.br\/noticias\/avianca-reducao-voos-pascoa\/","url":"https:\/\/www.suno.com.br\/noticias\/avianca-reducao-voos-pascoa\/","name":"Avianca tem redu\u00e7\u00e3o de 32% dos voos na P\u00e1scoa","isPartOf":{"@id":"https:\/\/www.suno.com.br\/noticias\/#website"},"primaryImageOfPage":{"@id":"https:\/\/www.suno.com.br\/noticias\/avianca-reducao-voos-pascoa\/#primaryimage"},"image":{"@id":"https:\/\/www.suno.com.br\/noticias\/avianca-reducao-voos-pascoa\/#primaryimage"},"thumbnailUrl":"https:\/\/files.sunoresearch.com.br\/n\/uploads\/2019\/03\/c922d2b3-avianca-jpg.webp","datePublished":"2019-04-18T12:29:56+00:00","dateModified":"2019-04-18T17:34:17+00:00","description":"A Avianca j\u00e1 cancelou mais de 250 voos at\u00e9 s\u00e1bado e ter\u00e1 que devolver oito aeronaves at\u00e9 segunda-feira (22). Clique e saiba mais.","breadcrumb":{"@id":"https:\/\/www.suno.com.br\/noticias\/avianca-reducao-voos-pascoa\/#breadcrumb"},"inLanguage":"pt-BR","potentialAction":[{"@type":"ReadAction","target":["https:\/\/www.suno.com.br\/noticias\/avianca-reducao-voos-pascoa\/"]}]},{"@type":"ImageObject","inLanguage":"pt-BR","@id":"https:\/\/www.suno.com.br\/noticias\/avianca-reducao-voos-pascoa\/#primaryimage","url":"https:\/\/files.sunoresearch.com.br\/n\/uploads\/2019\/03\/c922d2b3-avianca-jpg.webp","contentUrl":"https:\/\/files.sunoresearch.com.br\/n\/uploads\/2019\/03\/c922d2b3-avianca-jpg.webp","width":1024,"height":683,"caption":"Avianca recorre ao TST para impedir greve de tripulantes"},{"@type":"BreadcrumbList","@id":"https:\/\/www.suno.com.br\/noticias\/avianca-reducao-voos-pascoa\/#breadcrumb","itemListElement":[{"@type":"ListItem","position":1,"name":"Not\u00edcias","item":"https:\/\/www.suno.com.br\/noticias\/"},{"@type":"ListItem","position":2,"name":"Neg\u00f3cios","item":"https:\/\/www.suno.com.br\/noticias\/negocios\/"},{"@type":"ListItem","position":3,"name":"Avianca ter\u00e1 612 voos a menos do que na \u00faltima P\u00e1scoa"}]},{"@type":"WebSite","@id":"https:\/\/www.suno.com.br\/noticias\/#website","url":"https:\/\/www.suno.com.br\/noticias\/","name":"Suno Not\u00edcias","description":"Seu portal de informa\u00e7\u00e3o sobre o mundo dos investimentos","publisher":{"@id":"https:\/\/www.suno.com.br\/noticias\/#organization"},"potentialAction":[{"@type":"SearchAction","target":{"@type":"EntryPoint","urlTemplate":"https:\/\/www.suno.com.br\/noticias\/?s={search_term_string}"},"query-input":{"@type":"PropertyValueSpecification","valueRequired":true,"valueName":"search_term_string"}}],"inLanguage":"pt-BR"},{"@type":"Organization","@id":"https:\/\/www.suno.com.br\/noticias\/#organization","name":"Suno Not\u00edcias","url":"https:\/\/www.suno.com.br\/noticias\/","logo":{"@type":"ImageObject","inLanguage":"pt-BR","@id":"https:\/\/www.suno.com.br\/noticias\/#\/schema\/logo\/image\/","url":"https:\/\/files.sunoresearch.com.br\/n\/uploads\/2021\/09\/suno-logo.png","contentUrl":"https:\/\/files.sunoresearch.com.br\/n\/uploads\/2021\/09\/suno-logo.png","width":180,"height":180,"caption":"Suno Not\u00edcias"},"image":{"@id":"https:\/\/www.suno.com.br\/noticias\/#\/schema\/logo\/image\/"},"sameAs":["https:\/\/facebook.com\/sunoresearch","https:\/\/x.com\/sunoresearch","https:\/\/www.instagram.com\/suno","https:\/\/www.linkedin.com\/company\/suno-research\/","https:\/\/www.youtube.com\/c\/sunoresearch"]},{"@type":"Person","@id":"https:\/\/www.suno.com.br\/noticias\/#\/schema\/person\/e67f665add014bf99f644028de070cc3","name":"Beatriz Oliveira","image":{"@type":"ImageObject","inLanguage":"pt-BR","@id":"https:\/\/www.suno.com.br\/noticias\/#\/schema\/person\/image\/","url":"https:\/\/secure.gravatar.com\/avatar\/c9aa6a0aaecc598d257d5d5bd349157d?s=96&r=g","contentUrl":"https:\/\/secure.gravatar.com\/avatar\/c9aa6a0aaecc598d257d5d5bd349157d?s=96&r=g","caption":"Beatriz Oliveira"},"description":"Formada em Jornalismo pela Faculdade Paulus de Tecnologia e Comunica\u00e7\u00e3o, Beatriz Oliveira escreve para o portal de not\u00edcias Suno Research. Antes, passou pelas reda\u00e7\u00f5es da Revista EXAME e da Rede Bandeirantes.","url":"https:\/\/www.suno.com.br\/noticias\/author\/beatriz\/"}]}},"default_loop_html":"<div class=\"cardsPage__listCard__boxs\"><div class=\"cardsPage__listCard__boxs__img\"><a href=\"https:\/\/www.suno.com.br\/noticias\/avianca-reducao-voos-pascoa\/\"><img class=\"mask\" src=\"https:\/\/www.suno.com.br\/noticias\/wp-content\/themes\/suno\/resources\/images\/spotlight\/spotlight1img\/bg-mask.png\" alt=\"Image Mask\"\/><img src=\"https:\/\/files.sunoresearch.com.br\/n\/uploads\/2019\/03\/c922d2b3-avianca-400x200.webp\" alt=\"Avianca ter\u00e1 612 voos a menos do que na \u00faltima P\u00e1scoa\"\/><\/a><span class=\"spotlightCategory\"><a href=\"https:\/\/www.suno.com.br\/noticias\/negocios\/\">Neg\u00f3cios<\/a><\/span><\/div><div class=\"cardsPage__listCard__boxs__content\"><a href=\"https:\/\/www.suno.com.br\/noticias\/avianca-reducao-voos-pascoa\/\"><h2 class=\"content__title\">Avianca ter\u00e1 612 voos a menos do que na \u00faltima P\u00e1scoa<\/h2><\/a><div class=\"newsContent__article__meta\"><div class=\"newsContent__article__meta__authorBox\"><a href=\"https:\/\/www.suno.com.br\/noticias\/author\/beatriz\/\" class=\"authorBox__avatar noMobi\"><img src=\"https:\/\/secure.gravatar.com\/avatar\/c9aa6a0aaecc598d257d5d5bd349157d?s=96&#038;r=g\" alt=\"Beatriz Oliveira\"><\/a><div class=\"authorBox__name\"><span>por\n\t\t\t<a href=\"https:\/\/www.suno.com.br\/noticias\/author\/beatriz\/\"><span itemprop=\"author\">Beatriz Oliveira<\/span><\/a><\/span><time datetime=\"2019-04-18T09:29:56-03:00\" itemprop=\"datePublished\">18\/04\/2019 09:29<\/time><\/div><\/div><\/div><\/div><\/div>","single_layout":"posts","amp_enabled":true,"_links":{"self":[{"href":"https:\/\/www.suno.com.br\/noticias\/wp-json\/wp\/v2\/posts\/21523"}],"collection":[{"href":"https:\/\/www.suno.com.br\/noticias\/wp-json\/wp\/v2\/posts"}],"about":[{"href":"https:\/\/www.suno.com.br\/noticias\/wp-json\/wp\/v2\/types\/post"}],"author":[{"embeddable":true,"href":"https:\/\/www.suno.com.br\/noticias\/wp-json\/wp\/v2\/users\/16"}],"replies":[{"embeddable":true,"href":"https:\/\/www.suno.com.br\/noticias\/wp-json\/wp\/v2\/comments?post=21523"}],"version-history":[{"count":0,"href":"https:\/\/www.suno.com.br\/noticias\/wp-json\/wp\/v2\/posts\/21523\/revisions"}],"wp:featuredmedia":[{"embeddable":true,"href":"https:\/\/www.suno.com.br\/noticias\/wp-json\/wp\/v2\/media\/19501"}],"wp:attachment":[{"href":"https:\/\/www.suno.com.br\/noticias\/wp-json\/wp\/v2\/media?parent=21523"}],"wp:term":[{"taxonomy":"category","embeddable":true,"href":"https:\/\/www.suno.com.br\/noticias\/wp-json\/wp\/v2\/categories?post=21523"},{"taxonomy":"post_tag","embeddable":true,"href":"https:\/\/www.suno.com.br\/noticias\/wp-json\/wp\/v2\/tags?post=21523"},{"taxonomy":"suno_strategy","embeddable":true,"href":"https:\/\/www.suno.com.br\/noticias\/wp-json\/wp\/v2\/suno_strategy?post=21523"}],"curies":[{"name":"wp","href":"https:\/\/api.w.org\/{rel}","templated":true}]}}