{"id":215156,"date":"2021-12-14T14:10:00","date_gmt":"2021-12-14T17:10:00","guid":{"rendered":"https:\/\/www.suno.com.br\/noticias\/?p=215156"},"modified":"2021-12-14T14:10:00","modified_gmt":"2021-12-14T17:10:00","slug":"oi-oibr3-rodrigo-abreu-venda-aprovacao","status":"publish","type":"post","link":"https:\/\/www.suno.com.br\/noticias\/oi-oibr3-rodrigo-abreu-venda-aprovacao\/","title":{"rendered":"Oi (OIBR3) prev\u00ea aprova\u00e7\u00e3o da venda de ativos at\u00e9 o 1\u00ba trimestre de 2022"},"content":{"rendered":"<p>O presidente da <a class=\"suno-keyword\" href=\"https:\/\/www.suno.com.br\/acoes\/OIBR3\/\" target=\"_blank\" rel=\"noopener\" data-force=\"yes\" data-priority=\"2\"><strong>Oi<\/strong> (OIBR3)<\/a>, Rodrigo Abreu, est\u00e1 confiante em rela\u00e7\u00e3o \u00e0 aprova\u00e7\u00e3o dos processos das vendas de ativos que est\u00e3o no momento sendo analisados pelos \u00f3rg\u00e3os reguladores. O presidente acredita que as aprova\u00e7\u00f5es podem sair ainda este ano ou no come\u00e7o de 2022.<\/p>\t<div class=\"wrapper-featured-image\">\n\t\t<figure class=\"spotlightImg\">\n\n\t\t\t<picture>\n\t\t\t\t<source media=\"(max-width: 768px)\" srcset=\"https:\/\/files.sunoresearch.com.br\/n\/uploads\/2021\/08\/bb1cedf7-loja-oi1-400x200.jpg\">\n\t\t\t\t<img loading=\"lazy\" decoding=\"async\" class=\"newsContent__article__imgCapa lazyloadDisabled \" src=\"https:\/\/files.sunoresearch.com.br\/n\/uploads\/2021\/08\/bb1cedf7-loja-oi1-800x450.jpg\" width=\"800\" height=\"450\" alt=\"Oi (OIBR3) prev\u00ea aprova\u00e7\u00e3o da venda de ativos at\u00e9 o 1\u00ba trimestre de 2022\" fetchpriority=high \/>\n\t\t\t<\/picture>\n\n\t\t\t<figcaption class=\"wp-caption-text wp-caption-text--show\">Oi. Foto: Divulga\u00e7\u00e3o<\/figcaption>\n\t\t<\/figure>\n\t<\/div>\n\n\n\t<p>\n\t\t<a href=\"https:\/\/lp.suno.com.br\/planilha-controle-gastos\/\" target=\"_blank\" data-element=\"shortcode-suno-banner\" title=\"Banner SUNO, clique e saiba mais\">\n\t\t\t<picture>\n\t\t\t\t<source media=\"(max-width: 500px)\" srcset=\"https:\/\/files.sunoresearch.com.br\/n\/uploads\/2023\/03\/400x300-Planilha-controle-de-gastos.png\">\n\t\t\t\t<img class=\"newsContent__article__imgCapa newsContent__article__imgCapa--banner\"\n\t\t\t\t\tsrc=\"https:\/\/files.sunoresearch.com.br\/n\/uploads\/2023\/03\/1420x240-Planilha-controle-de-gastos.png\"\n\t\t\t\t\tdata-promo-id=\"101751\"\t\t\t\t\t\t\t\t\t\twidth='1420' height='240'\t\t\t\t\talt=\"https:\/\/files.sunoresearch.com.br\/n\/uploads\/2023\/03\/1420x240-Planilha-controle-de-gastos.png\"\n\t\t\t\t>\n\t\t\t<\/picture>\n\t\t<\/a>\n\t<\/p>\n\n\n<p>O <strong>presidente da Oi<\/strong> explicou que o primeiro processo &#8211; que envolve a cria\u00e7\u00e3o da<strong> V.tal<\/strong> (antiga InfraCo) &#8211; necessita de aprova\u00e7\u00f5es no Brasil e no exterior. No pa\u00eds, o andamento da venda da <strong>unidade de fibra \u00f3tica da Oi<\/strong> para os fundos geridos pelo <a class=\"suno-keyword\" href=\"https:\/\/www.suno.com.br\/acoes\/BPAC11\/\" target=\"_blank\" rel=\"noopener\" data-force=\"yes\" data-priority=\"2\">BTG Pactual (BPAC11)<\/a> j\u00e1 foi aprovado pelo <a class=\"suno-keyword\" href=\"https:\/\/www.suno.com.br\/artigos\/conselho-administracao\/\" target=\"_blank\" rel=\"noopener\" data-force=\"no\" data-priority=\"1\">Conselho de Administra\u00e7\u00e3o<\/a> <a href=\"https:\/\/www.suno.com.br\/artigos\/conselho-administracao\/\">Econ\u00f4mica (Cade)<\/a>, agora s\u00f3 falta o aval da Ag\u00eancia Nacional de Telecomunica\u00e7\u00f5es (Anatel), que j\u00e1 sinalizou a recomenda\u00e7\u00e3o de aprova\u00e7\u00e3o da compra.<\/p>\n<p>No exterior, os \u00f3rg\u00e3os reguladores dos Estados Unidos precisam aprovar a incorpora\u00e7\u00e3o da Globonet, uma necessidade que n\u00e3o tem a ver com opera\u00e7\u00e3o b\u00e1sica da venda do controle, mas da empresa resultante.<\/p>\n<p>&#8220;O <strong>leil\u00e3o do 5G<\/strong> acabou colocando um alongamento no prazo na aprova\u00e7\u00e3o da ag\u00eancia, mas basicamente esse processo dever\u00e1 ser resolvido em 2021, caso contr\u00e1rio no in\u00edcio de 2022, sem nenhuma d\u00favida. Eu digo comecinho mesmo, come\u00e7o de janeiro esse processo deve ser completamente aprovado&#8221;, disse o presidente durante uma live do BTG Pactual.<\/p>\n<p>J\u00e1 no caso da venda da <strong>opera\u00e7\u00e3o m\u00f3vel da Oi<\/strong>,\u00a0 que chama aten\u00e7\u00e3o do mercado devido \u00e0 recomenda\u00e7\u00e3o de aprova\u00e7\u00e3o do Cade mas com rem\u00e9dios, Abreu tamb\u00e9m est\u00e1 confiante. Isso porque foram recomendados <strong>rem\u00e9dios comportamentais<\/strong> e n\u00e3o estruturais, o que significa que a opera\u00e7\u00e3o n\u00e3o muda. No momento, falta o aval final da autarquia, mas Abreu acredita que final de janeiro ou in\u00edcio de fevereiro seja aprovado.<\/p>\n\t<p>\n\t\t<a href=\"https:\/\/lp.suno.com.br\/planilha-da-vida-financeira\/\" target=\"_blank\" data-element=\"shortcode-suno-banner\" title=\"Banner SUNO, clique e saiba mais\">\n\t\t\t<picture>\n\t\t\t\t<source media=\"(max-width: 500px)\" srcset=\"https:\/\/files.sunoresearch.com.br\/n\/uploads\/2023\/04\/400x300-Planilha-vida-financeira-true.png\">\n\t\t\t\t<img class=\"newsContent__article__imgCapa newsContent__article__imgCapa--banner\"\n\t\t\t\t\tsrc=\"https:\/\/files.sunoresearch.com.br\/n\/uploads\/2023\/04\/1420x240-Planilha-vida-financeira-true.png\"\n\t\t\t\t\tdata-promo-id=\"106682\"\t\t\t\t\t\t\t\t\t\twidth='1420' height='240'\t\t\t\t\talt=\"https:\/\/files.sunoresearch.com.br\/n\/uploads\/2023\/04\/1420x240-Planilha-vida-financeira-true.png\"\n\t\t\t\t>\n\t\t\t<\/picture>\n\t\t<\/a>\n\t<\/p>\n\n\n<p>&#8220;At\u00e9 porque, do ponto de vista formal o <strong>Cade<\/strong> tem apenas at\u00e9 o dia 9 de fevereiro para deliberar sobre a opera\u00e7\u00e3o, essa \u00e9 uma data limite. Ela demorou bastante por conta de toda a discuss\u00e3o que houve na Superintend\u00eancia, uma discuss\u00e3o muito longa em fun\u00e7\u00e3o do caso, at\u00e9 mesmo da necessidade de entender as complexidades, como a concentra\u00e7\u00e3o de frequ\u00eancias.&#8221;<\/p>\n<p>De todo os processos que est\u00e3o rolando, a pior hip\u00f3tese levantada pela a Oi seria um prazo maior para a aprova\u00e7\u00e3o. &#8220;N\u00f3s sabemos e temos muita confian\u00e7a no m\u00e9rito dessa opera\u00e7\u00e3o e de como ela foi proposta. Ent\u00e3o na pior das hip\u00f3teses, n\u00f3s ter\u00edamos uma aprova\u00e7\u00e3o na data regulamentar que seria no dia 9 de fevereiro, pode ser que seja feita antes disso. Mas essa \u00e9 pior das hip\u00f3teses.&#8221;<\/p>\n<h2>Sa\u00edda da Oi da recupera\u00e7\u00e3o judicial &#8220;s\u00f3&#8221; depende das aprova\u00e7\u00f5es, diz Abreu<\/h2>\n<p>O <strong>fim da <\/strong><a href=\"https:\/\/www.suno.com.br\/artigos\/recuperacao-judicial\/\"><strong>recupera\u00e7\u00e3o judicial<\/strong> (RJ)<\/a> estava previsto para se encerrar em outubro, mas foi adiado pela justi\u00e7a, passando a previs\u00e3o para 30 de mar\u00e7o de 2022. Isso porque \u00e9 fundamental concluir a <strong>venda dos ativos da Oi<\/strong> antes. A RJ \u00e9 considerada uma medida extrema, que em muitos casos pode ser o \u00faltimo recursos para evitar fal\u00eancia da companhia.<\/p>\n\t<div data-element=\"shortcode-read-more\" class=\"knowMore\">\n\t\t\t\t<span class=\"knowMore__title\">Veja Tamb\u00e9m<\/span>\n\t\t\t\t<a class=\"knowMore__link\" href=\"https:\/\/www.suno.com.br\/noticias\/oi-oibr3-preve-compensacao-por-prejuizo-da-concessao-de-telefonia-fixa-em-bilhoes-de-reais\/\">\n\t\t\tOi (OIBR3) prev\u00ea compensa\u00e7\u00e3o por preju\u00edzo da concess\u00e3o de telefonia fixa em bilh\u00f5es de reais\t\t<\/a>\n\t<\/div>\n\n\n<p>&#8220;Como essas duas opera\u00e7\u00f5es passaram para o primeiro trimestre de 2022, o juiz decidiu postergar a data, ainda dentro do que havia sido aprovada com os credores. A sa\u00edda est\u00e1 prevista para final de mar\u00e7o, mas obviamente, sempre pendente de poss\u00edvel extens\u00e3o, caso tenha algum pequeno atraso na aprova\u00e7\u00e3o das opera\u00e7\u00f5es. O v\u00ednculo hoje da RJ \u00e9 com o fechamento das duas opera\u00e7\u00f5es&#8221;, disse Abreu.<\/p>\n<p>Em junho de 2016, era o maior pedido de recupera\u00e7\u00e3o judicial j\u00e1 feito no pa\u00eds, com d\u00edvidas que chegavam a R$ 65,4 bilh\u00f5es. Cinco anos depois, a Oi tem uma <strong><a class=\"suno-keyword\" href=\"https:\/\/www.suno.com.br\/artigos\/divida-liquida\/\" target=\"_blank\" rel=\"noopener\" data-force=\"no\" data-priority=\"1\">d\u00edvida l\u00edquida<\/a><\/strong>\u00a0de R$ 21,8 bilh\u00f5es, com proje\u00e7\u00e3o de cair a R$ 14 bilh\u00f5es em 2024. Mas nesse per\u00edodo, a receita tamb\u00e9m encolheu, de R$ 26 bilh\u00f5es para R$ 18,8 bilh\u00f5es; e o preju\u00edzo aumentou, de R$ 8,2 bilh\u00f5es para R$ 10,5 bilh\u00f5es, no ano passado.<\/p>\n<p>Portanto, a sa\u00edda da <strong>Oi<\/strong> da recupera\u00e7\u00e3o judicial sem decretar fal\u00eancia est\u00e1 nas m\u00e3os do Cade e da Anatel, que precisam aprovar a venda do controle da InfraCo, unidade de fibra \u00f3tica, e dos ativos m\u00f3veis ao cons\u00f3rcio <a class=\"suno-keyword\" href=\"https:\/\/www.suno.com.br\/acoes\/TIMS3\/\" target=\"_blank\" rel=\"noopener\" data-force=\"yes\" data-priority=\"2\">TIM\u00a0(TIMS3)<\/a>,\u00a0<a class=\"suno-keyword\" href=\"https:\/\/www.suno.com.br\/acoes\/VIVT3\/\" target=\"_blank\" rel=\"noopener\" data-force=\"yes\" data-priority=\"2\">Vivo\u00a0(VIVT3)<\/a>\u00a0e Claro.<\/p>\n\t<p>\n\t\t<a href=\"https:\/\/lp.suno.com.br\/planilha-de-controle-de-investimentos\/\" target=\"_blank\" data-element=\"shortcode-suno-banner\" title=\"Banner SUNO, clique e saiba mais\">\n\t\t\t<picture>\n\t\t\t\t<source media=\"(max-width: 500px)\" srcset=\"https:\/\/files.sunoresearch.com.br\/n\/uploads\/2023\/03\/400x300-Controle-de-Investimentos.png\">\n\t\t\t\t<img class=\"newsContent__article__imgCapa newsContent__article__imgCapa--banner\"\n\t\t\t\t\tsrc=\"https:\/\/files.sunoresearch.com.br\/n\/uploads\/2023\/03\/1420x240-Controle-de-Investimentos.png\"\n\t\t\t\t\tdata-promo-id=\"75934\"\t\t\t\t\t\t\t\t\t\twidth='1420' height='240'\t\t\t\t\talt=\"https:\/\/files.sunoresearch.com.br\/n\/uploads\/2023\/03\/1420x240-Controle-de-Investimentos.png\"\n\t\t\t\t>\n\t\t\t<\/picture>\n\t\t<\/a>\n\t<\/p>\n\n\n","protected":false},"excerpt":{"rendered":"<p>O presidente da Oi (OIBR3), Rodrigo Abreu, est\u00e1 confiante em rela\u00e7\u00e3o \u00e0 aprova\u00e7\u00e3o dos processos das vendas de ativos que est\u00e3o no momento sendo analisados pelos \u00f3rg\u00e3os reguladores. O presidente acredita que as aprova\u00e7\u00f5es podem sair ainda este ano ou no come\u00e7o de 2022. Oi. Foto: Divulga\u00e7\u00e3o O presidente da Oi explicou que o primeiro [&hellip;]<\/p>\n","protected":false},"author":15,"featured_media":177304,"comment_status":"closed","ping_status":"closed","sticky":false,"template":"","format":"standard","meta":[],"categories":[64],"tags":[584,3544],"suno_strategy":[],"class_list":["post-215156","post","type-post","status-publish","format-standard","has-post-thumbnail","hentry","category-negocios","tag-oi-oibr3-oibr4","tag-oi-movel"],"yoast_head":"<!-- This site is optimized with the Yoast SEO plugin v24.4 - https:\/\/yoast.com\/wordpress\/plugins\/seo\/ -->\n<title>Oi (OIBR3) est\u00e1 confiante com aprova\u00e7\u00e3o da venda de ativos at\u00e9 o 1T22<\/title>\n<meta name=\"description\" content=\"Para Oi (OIBR3) sair da recupera\u00e7\u00e3o judicial sem decretar fal\u00eancia est\u00e1 nas m\u00e3os do Cade e da Anatel de aprovarem as opera\u00e7\u00f5es. Veja\" \/>\n<meta name=\"robots\" content=\"index, follow, max-snippet:-1, max-image-preview:large, max-video-preview:-1\" \/>\n<link rel=\"canonical\" href=\"https:\/\/www.suno.com.br\/noticias\/oi-oibr3-rodrigo-abreu-venda-aprovacao\/\" \/>\n<meta property=\"og:locale\" content=\"pt_BR\" \/>\n<meta property=\"og:type\" content=\"article\" \/>\n<meta property=\"og:title\" content=\"Oi (OIBR3) est\u00e1 confiante com aprova\u00e7\u00e3o da venda de ativos at\u00e9 o 1T22\" \/>\n<meta property=\"og:description\" content=\"Para Oi (OIBR3) sair da recupera\u00e7\u00e3o judicial sem decretar fal\u00eancia est\u00e1 nas m\u00e3os do Cade e da Anatel de aprovarem as opera\u00e7\u00f5es. Veja\" \/>\n<meta property=\"og:url\" content=\"https:\/\/www.suno.com.br\/noticias\/oi-oibr3-rodrigo-abreu-venda-aprovacao\/\" \/>\n<meta property=\"og:site_name\" content=\"Suno Not\u00edcias\" \/>\n<meta property=\"article:publisher\" content=\"https:\/\/facebook.com\/sunoresearch\" \/>\n<meta property=\"og:image\" content=\"https:\/\/files.sunoresearch.com.br\/n\/uploads\/2021\/08\/bb1cedf7-loja-oi1.jpg\" \/>\n\t<meta property=\"og:image:width\" content=\"2000\" \/>\n\t<meta property=\"og:image:height\" content=\"1335\" \/>\n\t<meta property=\"og:image:type\" content=\"image\/jpeg\" \/>\n<meta name=\"author\" content=\"Poliana Santos\" \/>\n<meta name=\"twitter:card\" content=\"summary_large_image\" \/>\n<meta name=\"twitter:creator\" content=\"@sunoresearch\" \/>\n<meta name=\"twitter:site\" content=\"@sunoresearch\" \/>\n<meta name=\"twitter:label1\" content=\"Escrito por\" \/>\n\t<meta name=\"twitter:data1\" content=\"Poliana Santos\" \/>\n\t<meta name=\"twitter:label2\" content=\"Est. tempo de leitura\" \/>\n\t<meta name=\"twitter:data2\" content=\"3 minutos\" \/>\n<script type=\"application\/ld+json\" class=\"yoast-schema-graph\">{\"@context\":\"https:\/\/schema.org\",\"@graph\":[{\"@type\":\"NewsArticle\",\"@id\":\"https:\/\/www.suno.com.br\/noticias\/oi-oibr3-rodrigo-abreu-venda-aprovacao\/#article\",\"isPartOf\":{\"@id\":\"https:\/\/www.suno.com.br\/noticias\/oi-oibr3-rodrigo-abreu-venda-aprovacao\/\"},\"author\":{\"name\":\"Poliana Santos\",\"@id\":\"https:\/\/www.suno.com.br\/noticias\/#\/schema\/person\/02ec1f752758247878a2bf4abee1aeda\"},\"headline\":\"Oi (OIBR3) prev\u00ea aprova\u00e7\u00e3o da venda de ativos at\u00e9 o 1\u00ba trimestre de 2022\",\"datePublished\":\"2021-12-14T17:10:00+00:00\",\"mainEntityOfPage\":{\"@id\":\"https:\/\/www.suno.com.br\/noticias\/oi-oibr3-rodrigo-abreu-venda-aprovacao\/\"},\"wordCount\":766,\"publisher\":{\"@id\":\"https:\/\/www.suno.com.br\/noticias\/#organization\"},\"image\":{\"@id\":\"https:\/\/www.suno.com.br\/noticias\/oi-oibr3-rodrigo-abreu-venda-aprovacao\/#primaryimage\"},\"thumbnailUrl\":\"https:\/\/files.sunoresearch.com.br\/n\/uploads\/2021\/08\/bb1cedf7-loja-oi1.jpg\",\"keywords\":[\"Oi (OIBR3\/OIBR4)\",\"Oi M\u00f3vel\"],\"articleSection\":[\"Neg\u00f3cios\"],\"inLanguage\":\"pt-BR\"},{\"@type\":\"WebPage\",\"@id\":\"https:\/\/www.suno.com.br\/noticias\/oi-oibr3-rodrigo-abreu-venda-aprovacao\/\",\"url\":\"https:\/\/www.suno.com.br\/noticias\/oi-oibr3-rodrigo-abreu-venda-aprovacao\/\",\"name\":\"Oi (OIBR3) est\u00e1 confiante com aprova\u00e7\u00e3o da venda de ativos at\u00e9 o 1T22\",\"isPartOf\":{\"@id\":\"https:\/\/www.suno.com.br\/noticias\/#website\"},\"primaryImageOfPage\":{\"@id\":\"https:\/\/www.suno.com.br\/noticias\/oi-oibr3-rodrigo-abreu-venda-aprovacao\/#primaryimage\"},\"image\":{\"@id\":\"https:\/\/www.suno.com.br\/noticias\/oi-oibr3-rodrigo-abreu-venda-aprovacao\/#primaryimage\"},\"thumbnailUrl\":\"https:\/\/files.sunoresearch.com.br\/n\/uploads\/2021\/08\/bb1cedf7-loja-oi1.jpg\",\"datePublished\":\"2021-12-14T17:10:00+00:00\",\"description\":\"Para Oi (OIBR3) sair da recupera\u00e7\u00e3o judicial sem decretar fal\u00eancia est\u00e1 nas m\u00e3os do Cade e da Anatel de aprovarem as opera\u00e7\u00f5es. Veja\",\"breadcrumb\":{\"@id\":\"https:\/\/www.suno.com.br\/noticias\/oi-oibr3-rodrigo-abreu-venda-aprovacao\/#breadcrumb\"},\"inLanguage\":\"pt-BR\",\"potentialAction\":[{\"@type\":\"ReadAction\",\"target\":[\"https:\/\/www.suno.com.br\/noticias\/oi-oibr3-rodrigo-abreu-venda-aprovacao\/\"]}]},{\"@type\":\"ImageObject\",\"inLanguage\":\"pt-BR\",\"@id\":\"https:\/\/www.suno.com.br\/noticias\/oi-oibr3-rodrigo-abreu-venda-aprovacao\/#primaryimage\",\"url\":\"https:\/\/files.sunoresearch.com.br\/n\/uploads\/2021\/08\/bb1cedf7-loja-oi1.jpg\",\"contentUrl\":\"https:\/\/files.sunoresearch.com.br\/n\/uploads\/2021\/08\/bb1cedf7-loja-oi1.jpg\",\"width\":2000,\"height\":1335,\"caption\":\"Oi. Foto: Divulga\u00e7\u00e3o\"},{\"@type\":\"BreadcrumbList\",\"@id\":\"https:\/\/www.suno.com.br\/noticias\/oi-oibr3-rodrigo-abreu-venda-aprovacao\/#breadcrumb\",\"itemListElement\":[{\"@type\":\"ListItem\",\"position\":1,\"name\":\"Not\u00edcias\",\"item\":\"https:\/\/www.suno.com.br\/noticias\/\"},{\"@type\":\"ListItem\",\"position\":2,\"name\":\"Neg\u00f3cios\",\"item\":\"https:\/\/www.suno.com.br\/noticias\/negocios\/\"},{\"@type\":\"ListItem\",\"position\":3,\"name\":\"Oi (OIBR3) prev\u00ea aprova\u00e7\u00e3o da venda de ativos at\u00e9 o 1\u00ba trimestre de 2022\"}]},{\"@type\":\"WebSite\",\"@id\":\"https:\/\/www.suno.com.br\/noticias\/#website\",\"url\":\"https:\/\/www.suno.com.br\/noticias\/\",\"name\":\"Suno Not\u00edcias\",\"description\":\"Seu portal de informa\u00e7\u00e3o sobre o mundo dos investimentos\",\"publisher\":{\"@id\":\"https:\/\/www.suno.com.br\/noticias\/#organization\"},\"potentialAction\":[{\"@type\":\"SearchAction\",\"target\":{\"@type\":\"EntryPoint\",\"urlTemplate\":\"https:\/\/www.suno.com.br\/noticias\/?s={search_term_string}\"},\"query-input\":{\"@type\":\"PropertyValueSpecification\",\"valueRequired\":true,\"valueName\":\"search_term_string\"}}],\"inLanguage\":\"pt-BR\"},{\"@type\":\"Organization\",\"@id\":\"https:\/\/www.suno.com.br\/noticias\/#organization\",\"name\":\"Suno Not\u00edcias\",\"url\":\"https:\/\/www.suno.com.br\/noticias\/\",\"logo\":{\"@type\":\"ImageObject\",\"inLanguage\":\"pt-BR\",\"@id\":\"https:\/\/www.suno.com.br\/noticias\/#\/schema\/logo\/image\/\",\"url\":\"https:\/\/files.sunoresearch.com.br\/n\/uploads\/2021\/09\/suno-logo.png\",\"contentUrl\":\"https:\/\/files.sunoresearch.com.br\/n\/uploads\/2021\/09\/suno-logo.png\",\"width\":180,\"height\":180,\"caption\":\"Suno Not\u00edcias\"},\"image\":{\"@id\":\"https:\/\/www.suno.com.br\/noticias\/#\/schema\/logo\/image\/\"},\"sameAs\":[\"https:\/\/facebook.com\/sunoresearch\",\"https:\/\/x.com\/sunoresearch\",\"https:\/\/www.instagram.com\/suno\",\"https:\/\/www.linkedin.com\/company\/suno-research\/\",\"https:\/\/www.youtube.com\/c\/sunoresearch\"]},{\"@type\":\"Person\",\"@id\":\"https:\/\/www.suno.com.br\/noticias\/#\/schema\/person\/02ec1f752758247878a2bf4abee1aeda\",\"name\":\"Poliana Santos\",\"image\":{\"@type\":\"ImageObject\",\"inLanguage\":\"pt-BR\",\"@id\":\"https:\/\/www.suno.com.br\/noticias\/#\/schema\/person\/image\/\",\"url\":\"https:\/\/secure.gravatar.com\/avatar\/0645bd32f23d87b2130f2b2dff1d3f8d?s=96&r=g\",\"contentUrl\":\"https:\/\/secure.gravatar.com\/avatar\/0645bd32f23d87b2130f2b2dff1d3f8d?s=96&r=g\",\"caption\":\"Poliana Santos\"},\"description\":\"Rep\u00f3rter no Suno Not\u00edcias, com cobertura em mercado financeiro, economia, finan\u00e7as pessoais, renda fixa e varejo. Jornalista formada pela Faculdade C\u00e1sper L\u00edbero e possui passagem na R\u00e1dio Gazeta AM com a produ\u00e7\u00e3o de conte\u00fado sobre economia, pol\u00edtica, sa\u00fade, moda e m\u00fasica. Possui certificado de conclus\u00e3o do curso de An\u00e1lise de Balan\u00e7os pela Funda\u00e7\u00e3o Bradesco, Agenda Brasil pela FAAP, Educa\u00e7\u00e3o Pol\u00edtica por Alexandre Garcia e do Tesouro Direto e Mercado de A\u00e7\u00f5es pela B3.\",\"url\":\"https:\/\/www.suno.com.br\/noticias\/author\/poliana-santos\/\"}]}<\/script>\n<!-- \/ Yoast SEO plugin. -->","yoast_head_json":{"title":"Oi (OIBR3) est\u00e1 confiante com aprova\u00e7\u00e3o da venda de ativos at\u00e9 o 1T22","description":"Para Oi (OIBR3) sair da recupera\u00e7\u00e3o judicial sem decretar fal\u00eancia est\u00e1 nas m\u00e3os do Cade e da Anatel de aprovarem as opera\u00e7\u00f5es. Veja","robots":{"index":"index","follow":"follow","max-snippet":"max-snippet:-1","max-image-preview":"max-image-preview:large","max-video-preview":"max-video-preview:-1"},"canonical":"https:\/\/www.suno.com.br\/noticias\/oi-oibr3-rodrigo-abreu-venda-aprovacao\/","og_locale":"pt_BR","og_type":"article","og_title":"Oi (OIBR3) est\u00e1 confiante com aprova\u00e7\u00e3o da venda de ativos at\u00e9 o 1T22","og_description":"Para Oi (OIBR3) sair da recupera\u00e7\u00e3o judicial sem decretar fal\u00eancia est\u00e1 nas m\u00e3os do Cade e da Anatel de aprovarem as opera\u00e7\u00f5es. Veja","og_url":"https:\/\/www.suno.com.br\/noticias\/oi-oibr3-rodrigo-abreu-venda-aprovacao\/","og_site_name":"Suno Not\u00edcias","article_publisher":"https:\/\/facebook.com\/sunoresearch","og_image":[{"width":2000,"height":1335,"url":"https:\/\/files.sunoresearch.com.br\/n\/uploads\/2021\/08\/bb1cedf7-loja-oi1.jpg","type":"image\/jpeg"}],"author":"Poliana Santos","twitter_card":"summary_large_image","twitter_creator":"@sunoresearch","twitter_site":"@sunoresearch","twitter_misc":{"Escrito por":"Poliana Santos","Est. tempo de leitura":"3 minutos"},"schema":{"@context":"https:\/\/schema.org","@graph":[{"@type":"NewsArticle","@id":"https:\/\/www.suno.com.br\/noticias\/oi-oibr3-rodrigo-abreu-venda-aprovacao\/#article","isPartOf":{"@id":"https:\/\/www.suno.com.br\/noticias\/oi-oibr3-rodrigo-abreu-venda-aprovacao\/"},"author":{"name":"Poliana Santos","@id":"https:\/\/www.suno.com.br\/noticias\/#\/schema\/person\/02ec1f752758247878a2bf4abee1aeda"},"headline":"Oi (OIBR3) prev\u00ea aprova\u00e7\u00e3o da venda de ativos at\u00e9 o 1\u00ba trimestre de 2022","datePublished":"2021-12-14T17:10:00+00:00","mainEntityOfPage":{"@id":"https:\/\/www.suno.com.br\/noticias\/oi-oibr3-rodrigo-abreu-venda-aprovacao\/"},"wordCount":766,"publisher":{"@id":"https:\/\/www.suno.com.br\/noticias\/#organization"},"image":{"@id":"https:\/\/www.suno.com.br\/noticias\/oi-oibr3-rodrigo-abreu-venda-aprovacao\/#primaryimage"},"thumbnailUrl":"https:\/\/files.sunoresearch.com.br\/n\/uploads\/2021\/08\/bb1cedf7-loja-oi1.jpg","keywords":["Oi (OIBR3\/OIBR4)","Oi M\u00f3vel"],"articleSection":["Neg\u00f3cios"],"inLanguage":"pt-BR"},{"@type":"WebPage","@id":"https:\/\/www.suno.com.br\/noticias\/oi-oibr3-rodrigo-abreu-venda-aprovacao\/","url":"https:\/\/www.suno.com.br\/noticias\/oi-oibr3-rodrigo-abreu-venda-aprovacao\/","name":"Oi (OIBR3) est\u00e1 confiante com aprova\u00e7\u00e3o da venda de ativos at\u00e9 o 1T22","isPartOf":{"@id":"https:\/\/www.suno.com.br\/noticias\/#website"},"primaryImageOfPage":{"@id":"https:\/\/www.suno.com.br\/noticias\/oi-oibr3-rodrigo-abreu-venda-aprovacao\/#primaryimage"},"image":{"@id":"https:\/\/www.suno.com.br\/noticias\/oi-oibr3-rodrigo-abreu-venda-aprovacao\/#primaryimage"},"thumbnailUrl":"https:\/\/files.sunoresearch.com.br\/n\/uploads\/2021\/08\/bb1cedf7-loja-oi1.jpg","datePublished":"2021-12-14T17:10:00+00:00","description":"Para Oi (OIBR3) sair da recupera\u00e7\u00e3o judicial sem decretar fal\u00eancia est\u00e1 nas m\u00e3os do Cade e da Anatel de aprovarem as opera\u00e7\u00f5es. Veja","breadcrumb":{"@id":"https:\/\/www.suno.com.br\/noticias\/oi-oibr3-rodrigo-abreu-venda-aprovacao\/#breadcrumb"},"inLanguage":"pt-BR","potentialAction":[{"@type":"ReadAction","target":["https:\/\/www.suno.com.br\/noticias\/oi-oibr3-rodrigo-abreu-venda-aprovacao\/"]}]},{"@type":"ImageObject","inLanguage":"pt-BR","@id":"https:\/\/www.suno.com.br\/noticias\/oi-oibr3-rodrigo-abreu-venda-aprovacao\/#primaryimage","url":"https:\/\/files.sunoresearch.com.br\/n\/uploads\/2021\/08\/bb1cedf7-loja-oi1.jpg","contentUrl":"https:\/\/files.sunoresearch.com.br\/n\/uploads\/2021\/08\/bb1cedf7-loja-oi1.jpg","width":2000,"height":1335,"caption":"Oi. Foto: Divulga\u00e7\u00e3o"},{"@type":"BreadcrumbList","@id":"https:\/\/www.suno.com.br\/noticias\/oi-oibr3-rodrigo-abreu-venda-aprovacao\/#breadcrumb","itemListElement":[{"@type":"ListItem","position":1,"name":"Not\u00edcias","item":"https:\/\/www.suno.com.br\/noticias\/"},{"@type":"ListItem","position":2,"name":"Neg\u00f3cios","item":"https:\/\/www.suno.com.br\/noticias\/negocios\/"},{"@type":"ListItem","position":3,"name":"Oi (OIBR3) prev\u00ea aprova\u00e7\u00e3o da venda de ativos at\u00e9 o 1\u00ba trimestre de 2022"}]},{"@type":"WebSite","@id":"https:\/\/www.suno.com.br\/noticias\/#website","url":"https:\/\/www.suno.com.br\/noticias\/","name":"Suno Not\u00edcias","description":"Seu portal de informa\u00e7\u00e3o sobre o mundo dos investimentos","publisher":{"@id":"https:\/\/www.suno.com.br\/noticias\/#organization"},"potentialAction":[{"@type":"SearchAction","target":{"@type":"EntryPoint","urlTemplate":"https:\/\/www.suno.com.br\/noticias\/?s={search_term_string}"},"query-input":{"@type":"PropertyValueSpecification","valueRequired":true,"valueName":"search_term_string"}}],"inLanguage":"pt-BR"},{"@type":"Organization","@id":"https:\/\/www.suno.com.br\/noticias\/#organization","name":"Suno Not\u00edcias","url":"https:\/\/www.suno.com.br\/noticias\/","logo":{"@type":"ImageObject","inLanguage":"pt-BR","@id":"https:\/\/www.suno.com.br\/noticias\/#\/schema\/logo\/image\/","url":"https:\/\/files.sunoresearch.com.br\/n\/uploads\/2021\/09\/suno-logo.png","contentUrl":"https:\/\/files.sunoresearch.com.br\/n\/uploads\/2021\/09\/suno-logo.png","width":180,"height":180,"caption":"Suno Not\u00edcias"},"image":{"@id":"https:\/\/www.suno.com.br\/noticias\/#\/schema\/logo\/image\/"},"sameAs":["https:\/\/facebook.com\/sunoresearch","https:\/\/x.com\/sunoresearch","https:\/\/www.instagram.com\/suno","https:\/\/www.linkedin.com\/company\/suno-research\/","https:\/\/www.youtube.com\/c\/sunoresearch"]},{"@type":"Person","@id":"https:\/\/www.suno.com.br\/noticias\/#\/schema\/person\/02ec1f752758247878a2bf4abee1aeda","name":"Poliana Santos","image":{"@type":"ImageObject","inLanguage":"pt-BR","@id":"https:\/\/www.suno.com.br\/noticias\/#\/schema\/person\/image\/","url":"https:\/\/secure.gravatar.com\/avatar\/0645bd32f23d87b2130f2b2dff1d3f8d?s=96&r=g","contentUrl":"https:\/\/secure.gravatar.com\/avatar\/0645bd32f23d87b2130f2b2dff1d3f8d?s=96&r=g","caption":"Poliana Santos"},"description":"Rep\u00f3rter no Suno Not\u00edcias, com cobertura em mercado financeiro, economia, finan\u00e7as pessoais, renda fixa e varejo. Jornalista formada pela Faculdade C\u00e1sper L\u00edbero e possui passagem na R\u00e1dio Gazeta AM com a produ\u00e7\u00e3o de conte\u00fado sobre economia, pol\u00edtica, sa\u00fade, moda e m\u00fasica. Possui certificado de conclus\u00e3o do curso de An\u00e1lise de Balan\u00e7os pela Funda\u00e7\u00e3o Bradesco, Agenda Brasil pela FAAP, Educa\u00e7\u00e3o Pol\u00edtica por Alexandre Garcia e do Tesouro Direto e Mercado de A\u00e7\u00f5es pela B3.","url":"https:\/\/www.suno.com.br\/noticias\/author\/poliana-santos\/"}]}},"default_loop_html":"<div class=\"cardsPage__listCard__boxs\"><div class=\"cardsPage__listCard__boxs__img\"><a href=\"https:\/\/www.suno.com.br\/noticias\/oi-oibr3-rodrigo-abreu-venda-aprovacao\/\"><img class=\"mask\" src=\"https:\/\/www.suno.com.br\/noticias\/wp-content\/themes\/suno\/resources\/images\/spotlight\/spotlight1img\/bg-mask.png\" alt=\"Image Mask\"\/><img src=\"https:\/\/files.sunoresearch.com.br\/n\/uploads\/2021\/08\/bb1cedf7-loja-oi1-400x200.jpg\" alt=\"Oi (OIBR3) prev\u00ea aprova\u00e7\u00e3o da venda de ativos at\u00e9 o 1\u00ba trimestre de 2022\"\/><\/a><span class=\"spotlightCategory\"><a href=\"https:\/\/www.suno.com.br\/noticias\/negocios\/\">Neg\u00f3cios<\/a><\/span><\/div><div class=\"cardsPage__listCard__boxs__content\"><a href=\"https:\/\/www.suno.com.br\/noticias\/oi-oibr3-rodrigo-abreu-venda-aprovacao\/\"><h2 class=\"content__title\">Oi (OIBR3) prev\u00ea aprova\u00e7\u00e3o da venda de ativos at\u00e9 o 1\u00ba trimestre de 2022<\/h2><\/a><div class=\"newsContent__article__meta\"><div class=\"newsContent__article__meta__authorBox\"><a href=\"https:\/\/www.suno.com.br\/noticias\/author\/poliana-santos\/\" class=\"authorBox__avatar noMobi\"><img src=\"https:\/\/files.sunoresearch.com.br\/n\/uploads\/2020\/08\/7ef34026-whatsapp-image-2020-08-03-at-12.37.57-150x150.webp\" alt=\"Poliana Santos\"><\/a><div class=\"authorBox__name\"><span>por\n\t\t\t<a href=\"https:\/\/www.suno.com.br\/noticias\/author\/poliana-santos\/\"><span itemprop=\"author\">Poliana Santos<\/span><\/a><\/span><time datetime=\"2021-12-14T14:10:00-03:00\" itemprop=\"datePublished\">14\/12\/2021 14:10<\/time><\/div><\/div><\/div><\/div><\/div>","single_layout":"posts","amp_enabled":true,"_links":{"self":[{"href":"https:\/\/www.suno.com.br\/noticias\/wp-json\/wp\/v2\/posts\/215156"}],"collection":[{"href":"https:\/\/www.suno.com.br\/noticias\/wp-json\/wp\/v2\/posts"}],"about":[{"href":"https:\/\/www.suno.com.br\/noticias\/wp-json\/wp\/v2\/types\/post"}],"author":[{"embeddable":true,"href":"https:\/\/www.suno.com.br\/noticias\/wp-json\/wp\/v2\/users\/15"}],"replies":[{"embeddable":true,"href":"https:\/\/www.suno.com.br\/noticias\/wp-json\/wp\/v2\/comments?post=215156"}],"version-history":[{"count":3,"href":"https:\/\/www.suno.com.br\/noticias\/wp-json\/wp\/v2\/posts\/215156\/revisions"}],"predecessor-version":[{"id":215211,"href":"https:\/\/www.suno.com.br\/noticias\/wp-json\/wp\/v2\/posts\/215156\/revisions\/215211"}],"wp:featuredmedia":[{"embeddable":true,"href":"https:\/\/www.suno.com.br\/noticias\/wp-json\/wp\/v2\/media\/177304"}],"wp:attachment":[{"href":"https:\/\/www.suno.com.br\/noticias\/wp-json\/wp\/v2\/media?parent=215156"}],"wp:term":[{"taxonomy":"category","embeddable":true,"href":"https:\/\/www.suno.com.br\/noticias\/wp-json\/wp\/v2\/categories?post=215156"},{"taxonomy":"post_tag","embeddable":true,"href":"https:\/\/www.suno.com.br\/noticias\/wp-json\/wp\/v2\/tags?post=215156"},{"taxonomy":"suno_strategy","embeddable":true,"href":"https:\/\/www.suno.com.br\/noticias\/wp-json\/wp\/v2\/suno_strategy?post=215156"}],"curies":[{"name":"wp","href":"https:\/\/api.w.org\/{rel}","templated":true}]}}