{"id":214959,"date":"2021-12-13T20:26:20","date_gmt":"2021-12-13T23:26:20","guid":{"rendered":"https:\/\/www.suno.com.br\/noticias\/?p=214959"},"modified":"2021-12-13T20:28:42","modified_gmt":"2021-12-13T23:28:42","slug":"grendene-grnd3-dividendos-antecipa","status":"publish","type":"post","link":"https:\/\/www.suno.com.br\/noticias\/grendene-grnd3-dividendos-antecipa\/","title":{"rendered":"Grendene (GRND3) antecipa pagamento de dividendos no total de R$ 71,6 milh\u00f5es"},"content":{"rendered":"<p>A <strong>Grendene<\/strong> (GRND3) anunciou nesta segunda-feira (13) a distribui\u00e7\u00e3o antecipada de <a class=\"suno-keyword\" href=\"https:\/\/www.suno.com.br\/guias\/dividendos\/\" target=\"_blank\" rel=\"noopener\" data-force=\"no\" data-priority=\"1\">dividendos<\/a> extraordin\u00e1rios no valor de R$ 71,6 milh\u00f5es, referentes ao resultado apurado at\u00e9 o dia 30 de novembro.<\/p>\t<div class=\"wrapper-featured-image\">\n\t\t<figure class=\"spotlightImg\">\n\n\t\t\t<picture>\n\t\t\t\t<source media=\"(max-width: 768px)\" srcset=\"https:\/\/files.sunoresearch.com.br\/n\/uploads\/2021\/10\/grendene_negocios_money_reproducao_-1-1-400x200.jpg\">\n\t\t\t\t<img loading=\"lazy\" decoding=\"async\" class=\"newsContent__article__imgCapa lazyloadDisabled \" src=\"https:\/\/files.sunoresearch.com.br\/n\/uploads\/2021\/10\/grendene_negocios_money_reproducao_-1-1-800x450.jpg\" width=\"800\" height=\"450\" alt=\"Grendene (GRND3) antecipa pagamento de dividendos no total de R$ 71,6 milh\u00f5es\" fetchpriority=high \/>\n\t\t\t<\/picture>\n\n\t\t\t<figcaption class=\"wp-caption-text wp-caption-text--show\">Grendene. Foto: Reprodu\u00e7\u00e3o<\/figcaption>\n\t\t<\/figure>\n\t<\/div>\n\n\n\t<p>\n\t\t<a href=\"https:\/\/lp.suno.com.br\/planilha-controle-gastos\/\" target=\"_blank\" data-element=\"shortcode-suno-banner\" title=\"Banner SUNO, clique e saiba mais\">\n\t\t\t<picture>\n\t\t\t\t<source media=\"(max-width: 500px)\" srcset=\"https:\/\/files.sunoresearch.com.br\/n\/uploads\/2023\/03\/400x300-Planilha-controle-de-gastos.png\">\n\t\t\t\t<img class=\"newsContent__article__imgCapa newsContent__article__imgCapa--banner\"\n\t\t\t\t\tsrc=\"https:\/\/files.sunoresearch.com.br\/n\/uploads\/2023\/03\/1420x240-Planilha-controle-de-gastos.png\"\n\t\t\t\t\tdata-promo-id=\"101751\"\t\t\t\t\t\t\t\t\t\twidth='1420' height='240'\t\t\t\t\talt=\"https:\/\/files.sunoresearch.com.br\/n\/uploads\/2023\/03\/1420x240-Planilha-controle-de-gastos.png\"\n\t\t\t\t>\n\t\t\t<\/picture>\n\t\t<\/a>\n\t<\/p>\n\n\n<p>Esse valor se refere \u00e0 <strong>quarta parcela de dividendos<\/strong> da companhia, que juntas somam R$ 303,7 milh\u00f5es. As tr\u00eas parcelas anteriores foram, em ordem, nos valores de R$ 80,7 milh\u00f5es, R$ 16,7 milh\u00f5es e R$ 134,6 milh\u00f5es, pagas nos dias 19 de maio, 18 de agosto e 24 de novembro, respectivamente.<\/p>\n<p>Para a quarta emiss\u00e3o, o <a class=\"suno-keyword\" href=\"https:\/\/www.suno.com.br\/artigos\/valor-unitario\/\" target=\"_blank\" rel=\"noopener\" data-force=\"no\" data-priority=\"1\">valor unit\u00e1rio<\/a> ser\u00e1 de R$ 0,07 por a\u00e7\u00e3o ordin\u00e1ria. Os <strong>dividendos da Grendene<\/strong> ser\u00e3o pagos aos acionistas a partir do dia 28 de dezembro, sem atualiza\u00e7\u00e3o monet\u00e1ria e reten\u00e7\u00e3o do Imposto de Renda.<\/p>\n\t<p>\n\t\t<a href=\"https:\/\/lp.suno.com.br\/planilha-da-vida-financeira\/\" target=\"_blank\" data-element=\"shortcode-suno-banner\" title=\"Banner SUNO, clique e saiba mais\">\n\t\t\t<picture>\n\t\t\t\t<source media=\"(max-width: 500px)\" srcset=\"https:\/\/files.sunoresearch.com.br\/n\/uploads\/2023\/04\/400x300-Planilha-vida-financeira-true.png\">\n\t\t\t\t<img class=\"newsContent__article__imgCapa newsContent__article__imgCapa--banner\"\n\t\t\t\t\tsrc=\"https:\/\/files.sunoresearch.com.br\/n\/uploads\/2023\/04\/1420x240-Planilha-vida-financeira-true.png\"\n\t\t\t\t\tdata-promo-id=\"106682\"\t\t\t\t\t\t\t\t\t\twidth='1420' height='240'\t\t\t\t\talt=\"https:\/\/files.sunoresearch.com.br\/n\/uploads\/2023\/04\/1420x240-Planilha-vida-financeira-true.png\"\n\t\t\t\t>\n\t\t\t<\/picture>\n\t\t<\/a>\n\t<\/p>\n\n\n<p>Ser\u00e3o considerados aptos para receber o pagamento os acionistas detentores dos pap\u00e9is da companhia <strong>at\u00e9 o final do preg\u00e3o da pr\u00f3xima quinta<\/strong> (<strong>16<\/strong>). A partir do dia seguinte, as a\u00e7\u00f5es ser\u00e3o negociadas sem direito de recebimento.<\/p>\n<p>A <a class=\"suno-keyword\" href=\"https:\/\/www.suno.com.br\/acoes\/GRND3\/\" target=\"_blank\" rel=\"noopener\" data-force=\"yes\" data-priority=\"2\">Grendene <\/a>informa ainda que essa distribui\u00e7\u00e3o de dividendos, em <strong>car\u00e1ter extraordin\u00e1rio<\/strong>, n\u00e3o representa altera\u00e7\u00e3o na <strong>Pol\u00edtica de dividendos<\/strong> da companhia.<\/p>\n<h2 class=\"newsContent__article__title\">Lucro da Grendene no 3T21 tem alta de 87,7%<\/h2>\n<p>A\u00a0Grendene registrou\u00a0<a class=\"suno-keyword\" href=\"https:\/\/www.suno.com.br\/artigos\/lucro-liquido\/\" target=\"_blank\" rel=\"noopener\" data-force=\"no\" data-priority=\"1\">lucro l\u00edquido<\/a>\u00a0de R$ 208,1 milh\u00f5es no terceiro trimestre de 2021, um crescimento 87,7% em rela\u00e7\u00e3o ao mesmo per\u00edodo de 2020.<\/p>\n<p>O<strong> lucro da Grendene<\/strong> foi positivamente impactado por um efeito n\u00e3o recorrente de cr\u00e9dito de a\u00e7\u00e3o judicial no valor R$ 77,9 milh\u00f5es, com efeito l\u00edquido de R$ 71,6 milh\u00f5es.<\/p>\n\t<p>\n\t\t<a href=\"https:\/\/lp.suno.com.br\/ebook-como-analisar-uma-acao\/\" target=\"_blank\" data-element=\"shortcode-suno-banner\" title=\"Banner SUNO, clique e saiba mais\">\n\t\t\t<picture>\n\t\t\t\t<source media=\"(max-width: 500px)\" srcset=\"https:\/\/files.sunoresearch.com.br\/n\/uploads\/2023\/03\/Ebook-Acoes-Mobile-1.jpg\">\n\t\t\t\t<img class=\"newsContent__article__imgCapa newsContent__article__imgCapa--banner\"\n\t\t\t\t\tsrc=\"https:\/\/files.sunoresearch.com.br\/n\/uploads\/2023\/03\/Ebook-Acoes-Desktop-1.jpg\"\n\t\t\t\t\tdata-promo-id=\"171998\"\t\t\t\t\t\t\t\t\t\twidth='1420' height='286'\t\t\t\t\talt=\"https:\/\/files.sunoresearch.com.br\/n\/uploads\/2023\/03\/Ebook-Acoes-Desktop-1.jpg\"\n\t\t\t\t>\n\t\t\t<\/picture>\n\t\t<\/a>\n\t<\/p>\n\n\n<p>O Ebit (lucro antes de juros e impostos) recorrente anotou um recuo de 6%, a R$ 133,9 milh\u00f5es. A <a class=\"suno-keyword\" href=\"https:\/\/www.suno.com.br\/artigos\/margem-ebit\/\" target=\"_blank\" rel=\"noopener\" data-force=\"no\" data-priority=\"1\">margem Ebit<\/a> caiu de 21,1% para 18,8%.<\/p>\n\t<div data-element=\"shortcode-read-more\" class=\"knowMore\">\n\t\t\t\t<span class=\"knowMore__title\">Saiba mais<\/span>\n\t\t\t\t<a class=\"knowMore__link\" href=\"https:\/\/www.suno.com.br\/noticias\/grendene-grnd3-3g-lemann-aumenta-participacao\/\">\n\t\t\tGrendene (GRND3): Gestora 3G Radar, de Lemann, aumenta participa\u00e7\u00e3o para 20%\t\t<\/a>\n\t<\/div>\n\n\n<p>A <a class=\"suno-keyword\" href=\"https:\/\/www.suno.com.br\/artigos\/o-que-receita-liquida\/\" target=\"_blank\" rel=\"noopener\" data-force=\"no\" data-priority=\"1\">receita l\u00edquida<\/a> de vendas cresceu 6,4% em compara\u00e7\u00e3o com o terceiro trimestre de 2020, a R$ 671,4 milh\u00f5es, impulsionada pelo incremento da <a class=\"suno-keyword\" href=\"https:\/\/www.suno.com.br\/artigos\/o-que-receita-bruta\/\" target=\"_blank\" rel=\"noopener\" data-force=\"no\" data-priority=\"1\">receita bruta<\/a> por par e desempenho positivo de produtos de maior valor agregado.<\/p>\n<p>A <strong>Grendene<\/strong> apurou a melhor receita bruta da hist\u00f3rica em um terceiro trimestre: R$ 818,3 milh\u00f5es, 5,9% de crescimento ante o ano passado. O volume de pares embarcados recuou 17,1% para 44,0 milh\u00f5es, frente \u00e0 forte base de compara\u00e7\u00e3o de 2020.<\/p>\n\t<p>\n\t\t<a href=\"\" target=\"_blank\" data-element=\"shortcode-suno-banner\" title=\"Banner SUNO, clique e saiba mais\">\n\t\t\t<picture>\n\t\t\t\t<source media=\"(max-width: 500px)\" srcset=\"\">\n\t\t\t\t<img class=\"newsContent__article__imgCapa newsContent__article__imgCapa--banner\"\n\t\t\t\t\tsrc=\"\"\n\t\t\t\t\tdata-promo-id=\"184190\"\t\t\t\t\t\t\t\t\t\t\t\t\t\t\talt=\"\"\n\t\t\t\t>\n\t\t\t<\/picture>\n\t\t<\/a>\n\t<\/p>\n\n\n","protected":false},"excerpt":{"rendered":"<p>A Grendene (GRND3) anunciou nesta segunda-feira (13) a distribui\u00e7\u00e3o antecipada de dividendos extraordin\u00e1rios no valor de R$ 71,6 milh\u00f5es, referentes ao resultado apurado at\u00e9 o dia 30 de novembro. Grendene. Foto: Reprodu\u00e7\u00e3o Esse valor se refere \u00e0 quarta parcela de dividendos da companhia, que juntas somam R$ 303,7 milh\u00f5es. As tr\u00eas parcelas anteriores foram, em [&hellip;]<\/p>\n","protected":false},"author":118,"featured_media":193072,"comment_status":"closed","ping_status":"closed","sticky":false,"template":"","format":"standard","meta":[],"categories":[64],"tags":[295,493],"suno_strategy":[],"class_list":["post-214959","post","type-post","status-publish","format-standard","has-post-thumbnail","hentry","category-negocios","tag-dividendos","tag-grendene-grnd3"],"yoast_head":"<!-- This site is optimized with the Yoast SEO plugin v24.4 - https:\/\/yoast.com\/wordpress\/plugins\/seo\/ -->\n<title>Grendene (GRND3) antecipa pagamento de dividendos de R$ 71,6 mi<\/title>\n<meta name=\"description\" content=\"A Grendene (GRND3) aprovou nesta segunda-feira (13) a distribui\u00e7\u00e3o antecipada de dividendos extraordin\u00e1rios. Confira o valor!\" \/>\n<meta name=\"robots\" content=\"index, follow, max-snippet:-1, max-image-preview:large, max-video-preview:-1\" \/>\n<link rel=\"canonical\" href=\"https:\/\/www.suno.com.br\/noticias\/grendene-grnd3-dividendos-antecipa\/\" \/>\n<meta property=\"og:locale\" content=\"pt_BR\" \/>\n<meta property=\"og:type\" content=\"article\" \/>\n<meta property=\"og:title\" content=\"Grendene (GRND3) antecipa pagamento de dividendos de R$ 71,6 mi\" \/>\n<meta property=\"og:description\" content=\"A Grendene (GRND3) aprovou nesta segunda-feira (13) a distribui\u00e7\u00e3o antecipada de dividendos extraordin\u00e1rios. Confira o valor!\" \/>\n<meta property=\"og:url\" content=\"https:\/\/www.suno.com.br\/noticias\/grendene-grnd3-dividendos-antecipa\/\" \/>\n<meta property=\"og:site_name\" content=\"Suno Not\u00edcias\" \/>\n<meta property=\"article:publisher\" content=\"https:\/\/facebook.com\/sunoresearch\" \/>\n<meta property=\"og:image\" content=\"https:\/\/files.sunoresearch.com.br\/n\/uploads\/2021\/10\/grendene_negocios_money_reproducao_-1-1.jpg\" \/>\n\t<meta property=\"og:image:width\" content=\"2000\" \/>\n\t<meta property=\"og:image:height\" content=\"1333\" \/>\n\t<meta property=\"og:image:type\" content=\"image\/jpeg\" \/>\n<meta name=\"author\" content=\"Bruno Galv\u00e3o\" \/>\n<meta name=\"twitter:card\" content=\"summary_large_image\" \/>\n<meta name=\"twitter:creator\" content=\"@sunoresearch\" \/>\n<meta name=\"twitter:site\" content=\"@sunoresearch\" \/>\n<meta name=\"twitter:label1\" content=\"Escrito por\" \/>\n\t<meta name=\"twitter:data1\" content=\"Bruno Galv\u00e3o\" \/>\n\t<meta name=\"twitter:label2\" content=\"Est. tempo de leitura\" \/>\n\t<meta name=\"twitter:data2\" content=\"2 minutos\" \/>\n<script type=\"application\/ld+json\" class=\"yoast-schema-graph\">{\"@context\":\"https:\/\/schema.org\",\"@graph\":[{\"@type\":\"NewsArticle\",\"@id\":\"https:\/\/www.suno.com.br\/noticias\/grendene-grnd3-dividendos-antecipa\/#article\",\"isPartOf\":{\"@id\":\"https:\/\/www.suno.com.br\/noticias\/grendene-grnd3-dividendos-antecipa\/\"},\"author\":{\"name\":\"Bruno Galv\u00e3o\",\"@id\":\"https:\/\/www.suno.com.br\/noticias\/#\/schema\/person\/06f0d962a6b1c54852e4860f16935600\"},\"headline\":\"Grendene (GRND3) antecipa pagamento de dividendos no total de R$ 71,6 milh\u00f5es\",\"datePublished\":\"2021-12-13T23:26:20+00:00\",\"dateModified\":\"2021-12-13T23:28:42+00:00\",\"mainEntityOfPage\":{\"@id\":\"https:\/\/www.suno.com.br\/noticias\/grendene-grnd3-dividendos-antecipa\/\"},\"wordCount\":383,\"publisher\":{\"@id\":\"https:\/\/www.suno.com.br\/noticias\/#organization\"},\"image\":{\"@id\":\"https:\/\/www.suno.com.br\/noticias\/grendene-grnd3-dividendos-antecipa\/#primaryimage\"},\"thumbnailUrl\":\"https:\/\/files.sunoresearch.com.br\/n\/uploads\/2021\/10\/grendene_negocios_money_reproducao_-1-1.jpg\",\"keywords\":[\"dividendos\",\"Grendene (GRND3)\"],\"articleSection\":[\"Neg\u00f3cios\"],\"inLanguage\":\"pt-BR\"},{\"@type\":\"WebPage\",\"@id\":\"https:\/\/www.suno.com.br\/noticias\/grendene-grnd3-dividendos-antecipa\/\",\"url\":\"https:\/\/www.suno.com.br\/noticias\/grendene-grnd3-dividendos-antecipa\/\",\"name\":\"Grendene (GRND3) antecipa pagamento de dividendos de R$ 71,6 mi\",\"isPartOf\":{\"@id\":\"https:\/\/www.suno.com.br\/noticias\/#website\"},\"primaryImageOfPage\":{\"@id\":\"https:\/\/www.suno.com.br\/noticias\/grendene-grnd3-dividendos-antecipa\/#primaryimage\"},\"image\":{\"@id\":\"https:\/\/www.suno.com.br\/noticias\/grendene-grnd3-dividendos-antecipa\/#primaryimage\"},\"thumbnailUrl\":\"https:\/\/files.sunoresearch.com.br\/n\/uploads\/2021\/10\/grendene_negocios_money_reproducao_-1-1.jpg\",\"datePublished\":\"2021-12-13T23:26:20+00:00\",\"dateModified\":\"2021-12-13T23:28:42+00:00\",\"description\":\"A Grendene (GRND3) aprovou nesta segunda-feira (13) a distribui\u00e7\u00e3o antecipada de dividendos extraordin\u00e1rios. Confira o valor!\",\"breadcrumb\":{\"@id\":\"https:\/\/www.suno.com.br\/noticias\/grendene-grnd3-dividendos-antecipa\/#breadcrumb\"},\"inLanguage\":\"pt-BR\",\"potentialAction\":[{\"@type\":\"ReadAction\",\"target\":[\"https:\/\/www.suno.com.br\/noticias\/grendene-grnd3-dividendos-antecipa\/\"]}]},{\"@type\":\"ImageObject\",\"inLanguage\":\"pt-BR\",\"@id\":\"https:\/\/www.suno.com.br\/noticias\/grendene-grnd3-dividendos-antecipa\/#primaryimage\",\"url\":\"https:\/\/files.sunoresearch.com.br\/n\/uploads\/2021\/10\/grendene_negocios_money_reproducao_-1-1.jpg\",\"contentUrl\":\"https:\/\/files.sunoresearch.com.br\/n\/uploads\/2021\/10\/grendene_negocios_money_reproducao_-1-1.jpg\",\"width\":2000,\"height\":1333,\"caption\":\"Grendene. Foto: Reprodu\u00e7\u00e3o\"},{\"@type\":\"BreadcrumbList\",\"@id\":\"https:\/\/www.suno.com.br\/noticias\/grendene-grnd3-dividendos-antecipa\/#breadcrumb\",\"itemListElement\":[{\"@type\":\"ListItem\",\"position\":1,\"name\":\"Not\u00edcias\",\"item\":\"https:\/\/www.suno.com.br\/noticias\/\"},{\"@type\":\"ListItem\",\"position\":2,\"name\":\"Neg\u00f3cios\",\"item\":\"https:\/\/www.suno.com.br\/noticias\/negocios\/\"},{\"@type\":\"ListItem\",\"position\":3,\"name\":\"Grendene (GRND3) antecipa pagamento de dividendos no total de R$ 71,6 milh\u00f5es\"}]},{\"@type\":\"WebSite\",\"@id\":\"https:\/\/www.suno.com.br\/noticias\/#website\",\"url\":\"https:\/\/www.suno.com.br\/noticias\/\",\"name\":\"Suno Not\u00edcias\",\"description\":\"Seu portal de informa\u00e7\u00e3o sobre o mundo dos investimentos\",\"publisher\":{\"@id\":\"https:\/\/www.suno.com.br\/noticias\/#organization\"},\"potentialAction\":[{\"@type\":\"SearchAction\",\"target\":{\"@type\":\"EntryPoint\",\"urlTemplate\":\"https:\/\/www.suno.com.br\/noticias\/?s={search_term_string}\"},\"query-input\":{\"@type\":\"PropertyValueSpecification\",\"valueRequired\":true,\"valueName\":\"search_term_string\"}}],\"inLanguage\":\"pt-BR\"},{\"@type\":\"Organization\",\"@id\":\"https:\/\/www.suno.com.br\/noticias\/#organization\",\"name\":\"Suno Not\u00edcias\",\"url\":\"https:\/\/www.suno.com.br\/noticias\/\",\"logo\":{\"@type\":\"ImageObject\",\"inLanguage\":\"pt-BR\",\"@id\":\"https:\/\/www.suno.com.br\/noticias\/#\/schema\/logo\/image\/\",\"url\":\"https:\/\/files.sunoresearch.com.br\/n\/uploads\/2021\/09\/suno-logo.png\",\"contentUrl\":\"https:\/\/files.sunoresearch.com.br\/n\/uploads\/2021\/09\/suno-logo.png\",\"width\":180,\"height\":180,\"caption\":\"Suno Not\u00edcias\"},\"image\":{\"@id\":\"https:\/\/www.suno.com.br\/noticias\/#\/schema\/logo\/image\/\"},\"sameAs\":[\"https:\/\/facebook.com\/sunoresearch\",\"https:\/\/x.com\/sunoresearch\",\"https:\/\/www.instagram.com\/suno\",\"https:\/\/www.linkedin.com\/company\/suno-research\/\",\"https:\/\/www.youtube.com\/c\/sunoresearch\"]},{\"@type\":\"Person\",\"@id\":\"https:\/\/www.suno.com.br\/noticias\/#\/schema\/person\/06f0d962a6b1c54852e4860f16935600\",\"name\":\"Bruno Galv\u00e3o\",\"image\":{\"@type\":\"ImageObject\",\"inLanguage\":\"pt-BR\",\"@id\":\"https:\/\/www.suno.com.br\/noticias\/#\/schema\/person\/image\/\",\"url\":\"https:\/\/secure.gravatar.com\/avatar\/53598df0b41c00f12f287a912d0e918e?s=96&r=g\",\"contentUrl\":\"https:\/\/secure.gravatar.com\/avatar\/53598df0b41c00f12f287a912d0e918e?s=96&r=g\",\"caption\":\"Bruno Galv\u00e3o\"},\"description\":\"Escreve para o portal Suno Not\u00edcias. \u00c9 estudante de Jornalismo pela Faculdade C\u00e1sper L\u00edbero e Letras pela USP. Entusiasta de tecnologia e intelig\u00eancia artificial.\",\"url\":\"https:\/\/www.suno.com.br\/noticias\/author\/bruno-garcia\/\"}]}<\/script>\n<!-- \/ Yoast SEO plugin. -->","yoast_head_json":{"title":"Grendene (GRND3) antecipa pagamento de dividendos de R$ 71,6 mi","description":"A Grendene (GRND3) aprovou nesta segunda-feira (13) a distribui\u00e7\u00e3o antecipada de dividendos extraordin\u00e1rios. Confira o valor!","robots":{"index":"index","follow":"follow","max-snippet":"max-snippet:-1","max-image-preview":"max-image-preview:large","max-video-preview":"max-video-preview:-1"},"canonical":"https:\/\/www.suno.com.br\/noticias\/grendene-grnd3-dividendos-antecipa\/","og_locale":"pt_BR","og_type":"article","og_title":"Grendene (GRND3) antecipa pagamento de dividendos de R$ 71,6 mi","og_description":"A Grendene (GRND3) aprovou nesta segunda-feira (13) a distribui\u00e7\u00e3o antecipada de dividendos extraordin\u00e1rios. Confira o valor!","og_url":"https:\/\/www.suno.com.br\/noticias\/grendene-grnd3-dividendos-antecipa\/","og_site_name":"Suno Not\u00edcias","article_publisher":"https:\/\/facebook.com\/sunoresearch","og_image":[{"width":2000,"height":1333,"url":"https:\/\/files.sunoresearch.com.br\/n\/uploads\/2021\/10\/grendene_negocios_money_reproducao_-1-1.jpg","type":"image\/jpeg"}],"author":"Bruno Galv\u00e3o","twitter_card":"summary_large_image","twitter_creator":"@sunoresearch","twitter_site":"@sunoresearch","twitter_misc":{"Escrito por":"Bruno Galv\u00e3o","Est. tempo de leitura":"2 minutos"},"schema":{"@context":"https:\/\/schema.org","@graph":[{"@type":"NewsArticle","@id":"https:\/\/www.suno.com.br\/noticias\/grendene-grnd3-dividendos-antecipa\/#article","isPartOf":{"@id":"https:\/\/www.suno.com.br\/noticias\/grendene-grnd3-dividendos-antecipa\/"},"author":{"name":"Bruno Galv\u00e3o","@id":"https:\/\/www.suno.com.br\/noticias\/#\/schema\/person\/06f0d962a6b1c54852e4860f16935600"},"headline":"Grendene (GRND3) antecipa pagamento de dividendos no total de R$ 71,6 milh\u00f5es","datePublished":"2021-12-13T23:26:20+00:00","dateModified":"2021-12-13T23:28:42+00:00","mainEntityOfPage":{"@id":"https:\/\/www.suno.com.br\/noticias\/grendene-grnd3-dividendos-antecipa\/"},"wordCount":383,"publisher":{"@id":"https:\/\/www.suno.com.br\/noticias\/#organization"},"image":{"@id":"https:\/\/www.suno.com.br\/noticias\/grendene-grnd3-dividendos-antecipa\/#primaryimage"},"thumbnailUrl":"https:\/\/files.sunoresearch.com.br\/n\/uploads\/2021\/10\/grendene_negocios_money_reproducao_-1-1.jpg","keywords":["dividendos","Grendene (GRND3)"],"articleSection":["Neg\u00f3cios"],"inLanguage":"pt-BR"},{"@type":"WebPage","@id":"https:\/\/www.suno.com.br\/noticias\/grendene-grnd3-dividendos-antecipa\/","url":"https:\/\/www.suno.com.br\/noticias\/grendene-grnd3-dividendos-antecipa\/","name":"Grendene (GRND3) antecipa pagamento de dividendos de R$ 71,6 mi","isPartOf":{"@id":"https:\/\/www.suno.com.br\/noticias\/#website"},"primaryImageOfPage":{"@id":"https:\/\/www.suno.com.br\/noticias\/grendene-grnd3-dividendos-antecipa\/#primaryimage"},"image":{"@id":"https:\/\/www.suno.com.br\/noticias\/grendene-grnd3-dividendos-antecipa\/#primaryimage"},"thumbnailUrl":"https:\/\/files.sunoresearch.com.br\/n\/uploads\/2021\/10\/grendene_negocios_money_reproducao_-1-1.jpg","datePublished":"2021-12-13T23:26:20+00:00","dateModified":"2021-12-13T23:28:42+00:00","description":"A Grendene (GRND3) aprovou nesta segunda-feira (13) a distribui\u00e7\u00e3o antecipada de dividendos extraordin\u00e1rios. Confira o valor!","breadcrumb":{"@id":"https:\/\/www.suno.com.br\/noticias\/grendene-grnd3-dividendos-antecipa\/#breadcrumb"},"inLanguage":"pt-BR","potentialAction":[{"@type":"ReadAction","target":["https:\/\/www.suno.com.br\/noticias\/grendene-grnd3-dividendos-antecipa\/"]}]},{"@type":"ImageObject","inLanguage":"pt-BR","@id":"https:\/\/www.suno.com.br\/noticias\/grendene-grnd3-dividendos-antecipa\/#primaryimage","url":"https:\/\/files.sunoresearch.com.br\/n\/uploads\/2021\/10\/grendene_negocios_money_reproducao_-1-1.jpg","contentUrl":"https:\/\/files.sunoresearch.com.br\/n\/uploads\/2021\/10\/grendene_negocios_money_reproducao_-1-1.jpg","width":2000,"height":1333,"caption":"Grendene. Foto: Reprodu\u00e7\u00e3o"},{"@type":"BreadcrumbList","@id":"https:\/\/www.suno.com.br\/noticias\/grendene-grnd3-dividendos-antecipa\/#breadcrumb","itemListElement":[{"@type":"ListItem","position":1,"name":"Not\u00edcias","item":"https:\/\/www.suno.com.br\/noticias\/"},{"@type":"ListItem","position":2,"name":"Neg\u00f3cios","item":"https:\/\/www.suno.com.br\/noticias\/negocios\/"},{"@type":"ListItem","position":3,"name":"Grendene (GRND3) antecipa pagamento de dividendos no total de R$ 71,6 milh\u00f5es"}]},{"@type":"WebSite","@id":"https:\/\/www.suno.com.br\/noticias\/#website","url":"https:\/\/www.suno.com.br\/noticias\/","name":"Suno Not\u00edcias","description":"Seu portal de informa\u00e7\u00e3o sobre o mundo dos investimentos","publisher":{"@id":"https:\/\/www.suno.com.br\/noticias\/#organization"},"potentialAction":[{"@type":"SearchAction","target":{"@type":"EntryPoint","urlTemplate":"https:\/\/www.suno.com.br\/noticias\/?s={search_term_string}"},"query-input":{"@type":"PropertyValueSpecification","valueRequired":true,"valueName":"search_term_string"}}],"inLanguage":"pt-BR"},{"@type":"Organization","@id":"https:\/\/www.suno.com.br\/noticias\/#organization","name":"Suno Not\u00edcias","url":"https:\/\/www.suno.com.br\/noticias\/","logo":{"@type":"ImageObject","inLanguage":"pt-BR","@id":"https:\/\/www.suno.com.br\/noticias\/#\/schema\/logo\/image\/","url":"https:\/\/files.sunoresearch.com.br\/n\/uploads\/2021\/09\/suno-logo.png","contentUrl":"https:\/\/files.sunoresearch.com.br\/n\/uploads\/2021\/09\/suno-logo.png","width":180,"height":180,"caption":"Suno Not\u00edcias"},"image":{"@id":"https:\/\/www.suno.com.br\/noticias\/#\/schema\/logo\/image\/"},"sameAs":["https:\/\/facebook.com\/sunoresearch","https:\/\/x.com\/sunoresearch","https:\/\/www.instagram.com\/suno","https:\/\/www.linkedin.com\/company\/suno-research\/","https:\/\/www.youtube.com\/c\/sunoresearch"]},{"@type":"Person","@id":"https:\/\/www.suno.com.br\/noticias\/#\/schema\/person\/06f0d962a6b1c54852e4860f16935600","name":"Bruno Galv\u00e3o","image":{"@type":"ImageObject","inLanguage":"pt-BR","@id":"https:\/\/www.suno.com.br\/noticias\/#\/schema\/person\/image\/","url":"https:\/\/secure.gravatar.com\/avatar\/53598df0b41c00f12f287a912d0e918e?s=96&r=g","contentUrl":"https:\/\/secure.gravatar.com\/avatar\/53598df0b41c00f12f287a912d0e918e?s=96&r=g","caption":"Bruno Galv\u00e3o"},"description":"Escreve para o portal Suno Not\u00edcias. \u00c9 estudante de Jornalismo pela Faculdade C\u00e1sper L\u00edbero e Letras pela USP. Entusiasta de tecnologia e intelig\u00eancia artificial.","url":"https:\/\/www.suno.com.br\/noticias\/author\/bruno-garcia\/"}]}},"default_loop_html":"<div class=\"cardsPage__listCard__boxs\"><div class=\"cardsPage__listCard__boxs__img\"><a href=\"https:\/\/www.suno.com.br\/noticias\/grendene-grnd3-dividendos-antecipa\/\"><img class=\"mask\" src=\"https:\/\/www.suno.com.br\/noticias\/wp-content\/themes\/suno\/resources\/images\/spotlight\/spotlight1img\/bg-mask.png\" alt=\"Image Mask\"\/><img src=\"https:\/\/files.sunoresearch.com.br\/n\/uploads\/2021\/10\/grendene_negocios_money_reproducao_-1-1-400x200.jpg\" alt=\"Grendene (GRND3) antecipa pagamento de dividendos no total de R$ 71,6 milh\u00f5es\"\/><\/a><span class=\"spotlightCategory\"><a href=\"https:\/\/www.suno.com.br\/noticias\/negocios\/\">Neg\u00f3cios<\/a><\/span><\/div><div class=\"cardsPage__listCard__boxs__content\"><a href=\"https:\/\/www.suno.com.br\/noticias\/grendene-grnd3-dividendos-antecipa\/\"><h2 class=\"content__title\">Grendene (GRND3) antecipa pagamento de dividendos no total de R$ 71,6 milh\u00f5es<\/h2><\/a><div class=\"newsContent__article__meta\"><div class=\"newsContent__article__meta__authorBox\"><a href=\"https:\/\/www.suno.com.br\/noticias\/author\/bruno-garcia\/\" class=\"authorBox__avatar noMobi\"><img src=\"https:\/\/secure.gravatar.com\/avatar\/53598df0b41c00f12f287a912d0e918e?s=96&#038;r=g\" alt=\"Bruno Galv\u00e3o\"><\/a><div class=\"authorBox__name\"><span>por\n\t\t\t<a href=\"https:\/\/www.suno.com.br\/noticias\/author\/bruno-garcia\/\"><span itemprop=\"author\">Bruno Galv\u00e3o<\/span><\/a><\/span><time datetime=\"2021-12-13T20:26:20-03:00\" itemprop=\"datePublished\">13\/12\/2021 20:26<\/time><\/div><\/div><\/div><\/div><\/div>","single_layout":"posts","amp_enabled":true,"_links":{"self":[{"href":"https:\/\/www.suno.com.br\/noticias\/wp-json\/wp\/v2\/posts\/214959"}],"collection":[{"href":"https:\/\/www.suno.com.br\/noticias\/wp-json\/wp\/v2\/posts"}],"about":[{"href":"https:\/\/www.suno.com.br\/noticias\/wp-json\/wp\/v2\/types\/post"}],"author":[{"embeddable":true,"href":"https:\/\/www.suno.com.br\/noticias\/wp-json\/wp\/v2\/users\/118"}],"replies":[{"embeddable":true,"href":"https:\/\/www.suno.com.br\/noticias\/wp-json\/wp\/v2\/comments?post=214959"}],"version-history":[{"count":3,"href":"https:\/\/www.suno.com.br\/noticias\/wp-json\/wp\/v2\/posts\/214959\/revisions"}],"predecessor-version":[{"id":214971,"href":"https:\/\/www.suno.com.br\/noticias\/wp-json\/wp\/v2\/posts\/214959\/revisions\/214971"}],"wp:featuredmedia":[{"embeddable":true,"href":"https:\/\/www.suno.com.br\/noticias\/wp-json\/wp\/v2\/media\/193072"}],"wp:attachment":[{"href":"https:\/\/www.suno.com.br\/noticias\/wp-json\/wp\/v2\/media?parent=214959"}],"wp:term":[{"taxonomy":"category","embeddable":true,"href":"https:\/\/www.suno.com.br\/noticias\/wp-json\/wp\/v2\/categories?post=214959"},{"taxonomy":"post_tag","embeddable":true,"href":"https:\/\/www.suno.com.br\/noticias\/wp-json\/wp\/v2\/tags?post=214959"},{"taxonomy":"suno_strategy","embeddable":true,"href":"https:\/\/www.suno.com.br\/noticias\/wp-json\/wp\/v2\/suno_strategy?post=214959"}],"curies":[{"name":"wp","href":"https:\/\/api.w.org\/{rel}","templated":true}]}}