{"id":21492,"date":"2019-04-17T19:23:36","date_gmt":"2019-04-17T22:23:36","guid":{"rendered":"https:\/\/www.suno.com.br\/noticias\/?p=21492"},"modified":"2019-04-17T19:50:36","modified_gmt":"2019-04-17T22:50:36","slug":"petrobras-aumento-preco-diesel","status":"publish","type":"post","link":"https:\/\/www.suno.com.br\/noticias\/petrobras-aumento-preco-diesel\/","title":{"rendered":"Petrobras anuncia aumento de R$ 0,10 no pre\u00e7o do diesel"},"content":{"rendered":"<p>A Petrobras anunciou nesta quarta-feira (17) um aumento de R$ 0,10 por litro no pre\u00e7o do \u00f3leo <strong>diesel.<\/strong> Com essa alta, o litro do combust\u00edvel passa a custar R$ 2,2470 nas <strong>distribuidoras<\/strong> do Brasil.<\/p>\t<div class=\"wrapper-featured-image\">\n\t\t<figure class=\"spotlightImg\">\n\n\t\t\t<picture>\n\t\t\t\t<source media=\"(max-width: 768px)\" srcset=\"https:\/\/files.sunoresearch.com.br\/n\/uploads\/2019\/01\/ce0c17c8-roberto-castello-branco-petrobras-400x200.webp\">\n\t\t\t\t<img loading=\"lazy\" decoding=\"async\" class=\"newsContent__article__imgCapa lazyloadDisabled newsContent__article__imgCapa--noCaption\" src=\"https:\/\/files.sunoresearch.com.br\/n\/uploads\/2019\/01\/ce0c17c8-roberto-castello-branco-petrobras-800x450.webp\" width=\"800\" height=\"450\" alt=\"Petrobras anuncia aumento de R$ 0,10 no pre\u00e7o do diesel\" fetchpriority=high \/>\n\t\t\t<\/picture>\n\n\t\t\t<figcaption class=\"wp-caption-text wp-caption-text--hide\">O setor petrol\u00edfero enfrenta um ambiente de incertezas, diz Petrobras<\/figcaption>\n\t\t<\/figure>\n\t<\/div>\n\n\n<p>O presidente da <strong>Petrobras, Roberto Castello Branco,<\/strong> anunciou esse aumento em uma coletiva de imprensa realizada na tarde desta quarta. Esse aumento representaria uma varia\u00e7\u00e3o m\u00e9dia de 4,84% nos pre\u00e7os do <strong>diesel.<\/strong> As <strong>distribuidoras<\/strong> da estatal passariam de uma alta m\u00ednima de 4,5% a uma alta m\u00e1xima de 5,1%.<\/p>\n<p><a href=\"https:\/\/www.suno.com.br\/noticias\/petrobras-ajustar-calculo-preco-diesel\/\">Saiba mais: Petrobras vai ajustar regra de c\u00e1lculo do pre\u00e7o do diesel no pr\u00f3ximo aumento\u00a0<\/a><\/p>\n<p>O aumento anunciado nesta quarta foi R$ 0,0192 menor daquele determinado na semana passada. Naquela ocasi\u00e3o, a <strong>Petrobras<\/strong> recuou ap\u00f3s uma interven\u00e7\u00e3o do presidente da Rep\u00fablica, <strong>Jair Bolsonaro.<\/strong><\/p>\n<h2>Ajustes peri\u00f3dicos<\/h2>\n<p>Castello Branco anunciou que os ajustes ao pre\u00e7o dos combust\u00edveis ser\u00e3o flexibilizados &#8220;para quando achar importante ter\u201d. Atualmente essas mudan\u00e7as nos pre\u00e7os s\u00e3o feitas com intervalo m\u00ednimo de 15 dias.<\/p>\n<p>O presidente da Petrobras afirmou que a empresa continua sendo livre para determinar os pre\u00e7os dos combust\u00edveis.&#8221;A palavra final \u00e9 minha\u201d, afirmou Castello Branco.<\/p>\n<p>O executivo explicou que a empresa n\u00e3o sofreu perdas com o adiamento do ajuste do pre\u00e7o do diesel ap\u00f3s a interven\u00e7\u00e3o do governo. Segundo Castello Branco, o\u00a0presidente n\u00e3o ordenou o cancelamento do reajuste na \u00faltima semana. Bolsonaro teria apenas se limitado a alertar sobre os riscos de uma nova poss\u00edvel greve dos caminhoneiros, que podeira ter come\u00e7ado por causa desses aumentos.<\/p>\n<p>&#8220;O presidente percebeu um movimento e me telefonou para falar sobre a preocupa\u00e7\u00e3o dele. Ent\u00e3o n\u00f3s resolvemos sustar o aumento temporariamente&#8221;, afirmou Castello Branco, &#8220;Bolsonaro n\u00e3o pediu nada, apenas alertou sobre os riscos que representava uma poss\u00edvel greve dos caminhoneiros. Achei leg\u00edtimo o que ele falou e tomei a decis\u00e3o de suspender para uma reavalia\u00e7\u00e3o&#8221;.<\/p>\n<p>&#8220;Lembramos que h\u00e1 pouco tempo tivemos a greve dos caminhoneiros que teve um custo alto para Petrobras e para a economia. Faz parte da minha responsabilidade, olhar n\u00e3o apenas para o retorno, mas tamb\u00e9m para os riscos, por isso fui favor\u00e1vel a suspender o reajuste&#8221;, explicou o executivo.<\/p>\n<h2>Petrobras salienta que representa apenas metade dos pre\u00e7os<\/h2>\n<p>A <strong>Petrobras<\/strong>\u00a0emitiu uma nota na qual lembrou que o pre\u00e7o que estabelece representa, em m\u00e9dia, somente 54% do pre\u00e7o final do diesel vendido nos postos de servi\u00e7o. Al\u00e9m disso, a estatal salientou como o pre\u00e7o m\u00e9dio do <strong>diesel<\/strong> vendido no varejo no Brasil \u00e9 13% menor do que a m\u00e9dia global.<\/p>\n<p>&#8220;O reajuste levou em considera\u00e7\u00e3o os mecanismos de prote\u00e7\u00e3o, atrav\u00e9s dos derivativos financeiros, e as varia\u00e7\u00f5es de demais parcelas que comp\u00f5em o Pre\u00e7o Paridade Internacional (PPI) com destaque para redu\u00e7\u00e3o recente do frete mar\u00edtimo. A <strong>Petrobras<\/strong> reafirma a rigorosa observ\u00e2ncia do alinhamento de seus pre\u00e7os com a paridade internacional&#8221;, informa o documento.<\/p>\n<h2>Presidente da estatal preza por concorr\u00eancia<\/h2>\n<p>Durante a coletiva Castello Branco defendeu tamb\u00e9m a abertura do mercado de combust\u00edveis no Brasil. Atualmente a estatal det\u00eam quase 100% do mercado de combust\u00edveis refinados.\u00a0<span style=\"font-size: 1.21429rem;\">\u201cO monop\u00f3lio \u00e9 incompat\u00edvel com a sociedade livre. N\u00e3o \u00e9 bom para economia e nem para o monopolista. Queremos competi\u00e7\u00e3o, quero a <strong>Petrobras<\/strong> mais forte e pronta para competir\u201d, explicou o presidente da Petrobras.<\/span><\/p>\n<p>Nas \u00faltimas horas a Petrobras anunciou que venderia a metade de suas refinarias no Brasil. E, al\u00e9m disso, o\u00a0diretor financeiro da <strong>BR Distribuidora,<\/strong> afirmou que a estatal teria reduzido tamb\u00e9m sua participa\u00e7\u00e3o na empresa para menos de 50%.<\/p>\n<p>Para <strong>Castello Branco<\/strong> essas s\u00e3o atitudes positivas, que mostrar\u00e3o como &#8220;teremos mais mercado em competi\u00e7\u00e3o. Al\u00e9m disso, o presidente da <strong>Petrobras<\/strong> afirmou que n\u00e3o sofrer\u00e1 interfer\u00eancias externas em suas decis\u00f5es e que &#8220;confia muito em Bolsonaro&#8221;.<\/p>\n<h2>Reajuste anunciado<\/h2>\n<p>A <strong>Petrobras<\/strong> tinha anunciado que iria reajustar a regra usada para fazer os c\u00e1lculos do pre\u00e7o do <strong>\u00f3leo diesel.<\/strong>\u00a0A mudan\u00e7a j\u00e1 vai fazer parte do pr\u00f3ximo an\u00fancio de altera\u00e7\u00e3o do valor do combust\u00edvel. A estatal deve informar o novo pre\u00e7o do <strong>diesel<\/strong> at\u00e9 a pr\u00f3xima semana.<\/p>\n<p>Entretanto, a\u00a0<strong>Petrobras<\/strong> n\u00e3o informou as modifica\u00e7\u00f5es exatas, mas garantiu que vai manter a equipara\u00e7\u00e3o com os pre\u00e7os internacionais. A decis\u00e3o teria sido tomada na reuni\u00e3o entre representantes da estatal e o presidente <strong>Jair Bolsonaro,<\/strong> que ocorreu na \u00faltima ter\u00e7a-feira (16).<\/p>\n\n<p>As consequ\u00eancias da mudan\u00e7a na pol\u00edtica de aumento do diesel tamb\u00e9m n\u00e3o foram informadas pela <strong>Petrobras.\u00a0<\/strong>Contudo, a empresa garante que os aumentos n\u00e3o v\u00e3o ocorrer em intervalos menores que 15 dias.<\/p>\n<p style=\"text-align: center;\"><iframe loading=\"lazy\" src=\"https:\/\/www.youtube.com\/embed\/F1n0u5hBIJY\" width=\"560\" height=\"315\" frameborder=\"0\" allowfullscreen=\"allowfullscreen\" data-mce-fragment=\"1\"><\/iframe><\/p>\n<p><a href=\"https:\/\/www.suno.com.br\/noticias\/petrobras-vender-refinaria-junho\/\">Saiba Mais: Petrobras pretende vender metade de suas refinarias em junho<\/a><\/p>\n<p>Essa regra foi implementada em acordo do ent\u00e3o presidente <strong>Michel Temer<\/strong> com os <strong>caminhoneiros.<\/strong> A categoria exigiu a mudan\u00e7a durante negocia\u00e7\u00e3o para acabar com a <strong>greve.<\/strong><\/p>\n<p><a href=\"https:\/\/www.suno.com.br\/noticias\/petrobras-bolsonaro-intervir-precos\/\">Saiba Mais: Petrobras: Bolsonaro diz que \u2018n\u00e3o quer\u2019 e \u2018n\u00e3o pode\u2019 intervir na pol\u00edtica de pre\u00e7os<\/a><\/p>\n<h2>Interven\u00e7\u00e3o do governo<\/h2>\n<p>A decis\u00e3o de mudan\u00e7a na regra de c\u00e1lculo ocorre ap\u00f3s uma s\u00e9rie de pol\u00eamicas envolvendo a <strong>Petrobras.<\/strong>\u00a0Na \u00faltima semana, a estatal perdeu mais de R$ 32 bilh\u00f5es em valor de mercado. Isso ocorreu devido a interven\u00e7\u00e3o do <strong>governo<\/strong> no aumento do <strong>diesel<\/strong> anunciado pela empresa.<\/p>\n<p><strong>Jair Bolsonaro<\/strong> pediu ao presidente da <strong>Petrobras,<\/strong> Roberto Castello Branco, que recuasse na decis\u00e3o de aumentar o valor do <strong>diesel<\/strong> em 5,7%.\u00a0O presidente exigiu uma justificativa baseada em estudos para o aumento no pre\u00e7o do combust\u00edvel. O governo adotou a medida por receio de uma rea\u00e7\u00e3o dos caminhoneiros.<\/p>\n\t<p>\n\t\t<a href=\"https:\/\/lp.suno.com.br\/4-emissao-snel11\/\" target=\"_blank\" data-element=\"shortcode-suno-banner\" title=\"Banner SUNO, clique e saiba mais\">\n\t\t\t<picture>\n\t\t\t\t<source media=\"(max-width: 500px)\" srcset=\"https:\/\/files.sunoresearch.com.br\/n\/uploads\/2025\/07\/400x300-Mobile-Artigos-7.webp\">\n\t\t\t\t<img class=\"newsContent__article__imgCapa newsContent__article__imgCapa--banner\"\n\t\t\t\t\tsrc=\"https:\/\/files.sunoresearch.com.br\/n\/uploads\/2025\/07\/1420x240-Banner-Artigos-1-_-Banner-Materias-5.webp\"\n\t\t\t\t\tdata-promo-id=\"364417\"\t\t\t\t\t\t\t\t\t\twidth='1420' height='240'\t\t\t\t\talt=\"https:\/\/files.sunoresearch.com.br\/n\/uploads\/2025\/07\/1420x240-Banner-Artigos-1-_-Banner-Materias-5.webp\"\n\t\t\t\t>\n\t\t\t<\/picture>\n\t\t<\/a>\n\t<\/p>\n\n\n<p>A a\u00e7\u00e3o levou investidores a desconfiarem do governo n\u00e3o intervencionista defendido pela nova gest\u00e3o. O resultado foi a desvaloriza\u00e7\u00e3o de mais de 8% das a\u00e7\u00f5es da <strong>Petrobras<\/strong> na \u00faltima sexta-feira (12).<\/p>\n<p><a href=\"https:\/\/lp.suno.com.br\/ipo-do-uber-noticias\/\">&#8220;Quer saber mais sobre o IPO do Uber? Baixe aqui o relat\u00f3rio completo GRATUITO&#8221;<\/a><\/p>\n<p>&nbsp;<\/p>\n","protected":false},"excerpt":{"rendered":"<p>A Petrobras anunciou nesta quarta-feira (17) um aumento de R$ 0,10 por litro no pre\u00e7o do \u00f3leo diesel. Com essa alta, o litro do combust\u00edvel passa a custar R$ 2,2470 nas distribuidoras do Brasil. O setor petrol\u00edfero enfrenta um ambiente de incertezas, diz Petrobras O presidente da Petrobras, Roberto Castello Branco, anunciou esse aumento em [&hellip;]<\/p>\n","protected":false},"author":9,"featured_media":10284,"comment_status":"closed","ping_status":"closed","sticky":false,"template":"","format":"standard","meta":[],"categories":[64],"tags":[1192,833,595,946],"suno_strategy":[],"class_list":["post-21492","post","type-post","status-publish","format-standard","has-post-thumbnail","hentry","category-negocios","tag-diesel","tag-greve-dos-caminhoneiros","tag-petrobras-petr4","tag-roberto-castello-branco"],"yoast_head":"<!-- This site is optimized with the Yoast SEO plugin v24.4 - https:\/\/yoast.com\/wordpress\/plugins\/seo\/ -->\n<title>Petrobras anuncia aumento de R$ 0,10 no pre\u00e7o do diesel<\/title>\n<meta name=\"description\" content=\"O presidente da Petrobras anunciou um aumento de R$ 0,10 por litro no pre\u00e7o do \u00f3leo diesel. Clique aqui para saber mais.\" \/>\n<meta name=\"robots\" content=\"index, follow, max-snippet:-1, max-image-preview:large, max-video-preview:-1\" \/>\n<link rel=\"canonical\" href=\"https:\/\/www.suno.com.br\/noticias\/petrobras-aumento-preco-diesel\/\" \/>\n<meta property=\"og:locale\" content=\"pt_BR\" \/>\n<meta property=\"og:type\" content=\"article\" \/>\n<meta property=\"og:title\" content=\"Petrobras anuncia aumento de R$ 0,10 no pre\u00e7o do diesel\" \/>\n<meta property=\"og:description\" content=\"O presidente da Petrobras anunciou um aumento de R$ 0,10 por litro no pre\u00e7o do \u00f3leo diesel. Clique aqui para saber mais.\" \/>\n<meta property=\"og:url\" content=\"https:\/\/www.suno.com.br\/noticias\/petrobras-aumento-preco-diesel\/\" \/>\n<meta property=\"og:site_name\" content=\"Suno Not\u00edcias\" \/>\n<meta property=\"article:publisher\" content=\"https:\/\/facebook.com\/sunoresearch\" \/>\n<meta property=\"og:image\" content=\"https:\/\/files.sunoresearch.com.br\/n\/uploads\/2019\/01\/ce0c17c8-roberto-castello-branco-petrobras.jpg\" \/>\n\t<meta property=\"og:image:width\" content=\"2400\" \/>\n\t<meta property=\"og:image:height\" content=\"1600\" \/>\n\t<meta property=\"og:image:type\" content=\"image\/jpeg\" \/>\n<meta name=\"author\" content=\"Carlo Cauti\" \/>\n<meta name=\"twitter:card\" content=\"summary_large_image\" \/>\n<meta name=\"twitter:creator\" content=\"@sunoresearch\" \/>\n<meta name=\"twitter:site\" content=\"@sunoresearch\" \/>\n<meta name=\"twitter:label1\" content=\"Escrito por\" \/>\n\t<meta name=\"twitter:data1\" content=\"Carlo Cauti\" \/>\n\t<meta name=\"twitter:label2\" content=\"Est. tempo de leitura\" \/>\n\t<meta name=\"twitter:data2\" content=\"5 minutos\" \/>\n<script type=\"application\/ld+json\" class=\"yoast-schema-graph\">{\"@context\":\"https:\/\/schema.org\",\"@graph\":[{\"@type\":\"NewsArticle\",\"@id\":\"https:\/\/www.suno.com.br\/noticias\/petrobras-aumento-preco-diesel\/#article\",\"isPartOf\":{\"@id\":\"https:\/\/www.suno.com.br\/noticias\/petrobras-aumento-preco-diesel\/\"},\"author\":{\"name\":\"Carlo Cauti\",\"@id\":\"https:\/\/www.suno.com.br\/noticias\/#\/schema\/person\/e6e0f723cc177805027f4566c1d5e0c8\"},\"headline\":\"Petrobras anuncia aumento de R$ 0,10 no pre\u00e7o do diesel\",\"datePublished\":\"2019-04-17T22:23:36+00:00\",\"dateModified\":\"2019-04-17T22:50:36+00:00\",\"mainEntityOfPage\":{\"@id\":\"https:\/\/www.suno.com.br\/noticias\/petrobras-aumento-preco-diesel\/\"},\"wordCount\":1042,\"publisher\":{\"@id\":\"https:\/\/www.suno.com.br\/noticias\/#organization\"},\"image\":{\"@id\":\"https:\/\/www.suno.com.br\/noticias\/petrobras-aumento-preco-diesel\/#primaryimage\"},\"thumbnailUrl\":\"https:\/\/files.sunoresearch.com.br\/n\/uploads\/2019\/01\/ce0c17c8-roberto-castello-branco-petrobras-jpg.webp\",\"keywords\":[\"diesel\",\"greve dos caminhoneiros\",\"Petrobras (PETR4)\",\"Roberto Castello Branco\"],\"articleSection\":[\"Neg\u00f3cios\"],\"inLanguage\":\"pt-BR\"},{\"@type\":\"WebPage\",\"@id\":\"https:\/\/www.suno.com.br\/noticias\/petrobras-aumento-preco-diesel\/\",\"url\":\"https:\/\/www.suno.com.br\/noticias\/petrobras-aumento-preco-diesel\/\",\"name\":\"Petrobras anuncia aumento de R$ 0,10 no pre\u00e7o do diesel\",\"isPartOf\":{\"@id\":\"https:\/\/www.suno.com.br\/noticias\/#website\"},\"primaryImageOfPage\":{\"@id\":\"https:\/\/www.suno.com.br\/noticias\/petrobras-aumento-preco-diesel\/#primaryimage\"},\"image\":{\"@id\":\"https:\/\/www.suno.com.br\/noticias\/petrobras-aumento-preco-diesel\/#primaryimage\"},\"thumbnailUrl\":\"https:\/\/files.sunoresearch.com.br\/n\/uploads\/2019\/01\/ce0c17c8-roberto-castello-branco-petrobras-jpg.webp\",\"datePublished\":\"2019-04-17T22:23:36+00:00\",\"dateModified\":\"2019-04-17T22:50:36+00:00\",\"description\":\"O presidente da Petrobras anunciou um aumento de R$ 0,10 por litro no pre\u00e7o do \u00f3leo diesel. Clique aqui para saber mais.\",\"breadcrumb\":{\"@id\":\"https:\/\/www.suno.com.br\/noticias\/petrobras-aumento-preco-diesel\/#breadcrumb\"},\"inLanguage\":\"pt-BR\",\"potentialAction\":[{\"@type\":\"ReadAction\",\"target\":[\"https:\/\/www.suno.com.br\/noticias\/petrobras-aumento-preco-diesel\/\"]}]},{\"@type\":\"ImageObject\",\"inLanguage\":\"pt-BR\",\"@id\":\"https:\/\/www.suno.com.br\/noticias\/petrobras-aumento-preco-diesel\/#primaryimage\",\"url\":\"https:\/\/files.sunoresearch.com.br\/n\/uploads\/2019\/01\/ce0c17c8-roberto-castello-branco-petrobras-jpg.webp\",\"contentUrl\":\"https:\/\/files.sunoresearch.com.br\/n\/uploads\/2019\/01\/ce0c17c8-roberto-castello-branco-petrobras-jpg.webp\",\"width\":2400,\"height\":1600,\"caption\":\"O setor petrol\u00edfero enfrenta um ambiente de incertezas, diz Petrobras\"},{\"@type\":\"BreadcrumbList\",\"@id\":\"https:\/\/www.suno.com.br\/noticias\/petrobras-aumento-preco-diesel\/#breadcrumb\",\"itemListElement\":[{\"@type\":\"ListItem\",\"position\":1,\"name\":\"Not\u00edcias\",\"item\":\"https:\/\/www.suno.com.br\/noticias\/\"},{\"@type\":\"ListItem\",\"position\":2,\"name\":\"Neg\u00f3cios\",\"item\":\"https:\/\/www.suno.com.br\/noticias\/negocios\/\"},{\"@type\":\"ListItem\",\"position\":3,\"name\":\"Petrobras anuncia aumento de R$ 0,10 no pre\u00e7o do diesel\"}]},{\"@type\":\"WebSite\",\"@id\":\"https:\/\/www.suno.com.br\/noticias\/#website\",\"url\":\"https:\/\/www.suno.com.br\/noticias\/\",\"name\":\"Suno Not\u00edcias\",\"description\":\"Seu portal de informa\u00e7\u00e3o sobre o mundo dos investimentos\",\"publisher\":{\"@id\":\"https:\/\/www.suno.com.br\/noticias\/#organization\"},\"potentialAction\":[{\"@type\":\"SearchAction\",\"target\":{\"@type\":\"EntryPoint\",\"urlTemplate\":\"https:\/\/www.suno.com.br\/noticias\/?s={search_term_string}\"},\"query-input\":{\"@type\":\"PropertyValueSpecification\",\"valueRequired\":true,\"valueName\":\"search_term_string\"}}],\"inLanguage\":\"pt-BR\"},{\"@type\":\"Organization\",\"@id\":\"https:\/\/www.suno.com.br\/noticias\/#organization\",\"name\":\"Suno Not\u00edcias\",\"url\":\"https:\/\/www.suno.com.br\/noticias\/\",\"logo\":{\"@type\":\"ImageObject\",\"inLanguage\":\"pt-BR\",\"@id\":\"https:\/\/www.suno.com.br\/noticias\/#\/schema\/logo\/image\/\",\"url\":\"https:\/\/files.sunoresearch.com.br\/n\/uploads\/2021\/09\/suno-logo.png\",\"contentUrl\":\"https:\/\/files.sunoresearch.com.br\/n\/uploads\/2021\/09\/suno-logo.png\",\"width\":180,\"height\":180,\"caption\":\"Suno Not\u00edcias\"},\"image\":{\"@id\":\"https:\/\/www.suno.com.br\/noticias\/#\/schema\/logo\/image\/\"},\"sameAs\":[\"https:\/\/facebook.com\/sunoresearch\",\"https:\/\/x.com\/sunoresearch\",\"https:\/\/www.instagram.com\/suno\",\"https:\/\/www.linkedin.com\/company\/suno-research\/\",\"https:\/\/www.youtube.com\/c\/sunoresearch\"]},{\"@type\":\"Person\",\"@id\":\"https:\/\/www.suno.com.br\/noticias\/#\/schema\/person\/e6e0f723cc177805027f4566c1d5e0c8\",\"name\":\"Carlo Cauti\",\"image\":{\"@type\":\"ImageObject\",\"inLanguage\":\"pt-BR\",\"@id\":\"https:\/\/www.suno.com.br\/noticias\/#\/schema\/person\/image\/\",\"url\":\"https:\/\/secure.gravatar.com\/avatar\/3ada9e0bd164c23abd4792a9606d583c?s=96&r=g\",\"contentUrl\":\"https:\/\/secure.gravatar.com\/avatar\/3ada9e0bd164c23abd4792a9606d583c?s=96&r=g\",\"caption\":\"Carlo Cauti\"},\"description\":\"Editor multim\u00eddia do SUNO Not\u00edcias. Italiano, formado em Ci\u00eancias Pol\u00edticas pela universidade LUISS G. Carli de Roma e mestre cum laude em Rela\u00e7\u00f5es Internacionais, Jornalismo Internacional e de Guerra e em Economia Internacional. Concluiu tamb\u00e9m um MBA em Finan\u00e7as na B3. No Brasil, teve passagem por ve\u00edculos como Estad\u00e3o, Globo, Veja e EXAME. e nas ag\u00eancias de not\u00edcias italianas ANSA e NOVA.\",\"url\":\"https:\/\/www.suno.com.br\/noticias\/author\/carlo-cauti\/\"}]}<\/script>\n<!-- \/ Yoast SEO plugin. -->","yoast_head_json":{"title":"Petrobras anuncia aumento de R$ 0,10 no pre\u00e7o do diesel","description":"O presidente da Petrobras anunciou um aumento de R$ 0,10 por litro no pre\u00e7o do \u00f3leo diesel. Clique aqui para saber mais.","robots":{"index":"index","follow":"follow","max-snippet":"max-snippet:-1","max-image-preview":"max-image-preview:large","max-video-preview":"max-video-preview:-1"},"canonical":"https:\/\/www.suno.com.br\/noticias\/petrobras-aumento-preco-diesel\/","og_locale":"pt_BR","og_type":"article","og_title":"Petrobras anuncia aumento de R$ 0,10 no pre\u00e7o do diesel","og_description":"O presidente da Petrobras anunciou um aumento de R$ 0,10 por litro no pre\u00e7o do \u00f3leo diesel. Clique aqui para saber mais.","og_url":"https:\/\/www.suno.com.br\/noticias\/petrobras-aumento-preco-diesel\/","og_site_name":"Suno Not\u00edcias","article_publisher":"https:\/\/facebook.com\/sunoresearch","og_image":[{"width":2400,"height":1600,"url":"https:\/\/files.sunoresearch.com.br\/n\/uploads\/2019\/01\/ce0c17c8-roberto-castello-branco-petrobras.jpg","type":"image\/jpeg"}],"author":"Carlo Cauti","twitter_card":"summary_large_image","twitter_creator":"@sunoresearch","twitter_site":"@sunoresearch","twitter_misc":{"Escrito por":"Carlo Cauti","Est. tempo de leitura":"5 minutos"},"schema":{"@context":"https:\/\/schema.org","@graph":[{"@type":"NewsArticle","@id":"https:\/\/www.suno.com.br\/noticias\/petrobras-aumento-preco-diesel\/#article","isPartOf":{"@id":"https:\/\/www.suno.com.br\/noticias\/petrobras-aumento-preco-diesel\/"},"author":{"name":"Carlo Cauti","@id":"https:\/\/www.suno.com.br\/noticias\/#\/schema\/person\/e6e0f723cc177805027f4566c1d5e0c8"},"headline":"Petrobras anuncia aumento de R$ 0,10 no pre\u00e7o do diesel","datePublished":"2019-04-17T22:23:36+00:00","dateModified":"2019-04-17T22:50:36+00:00","mainEntityOfPage":{"@id":"https:\/\/www.suno.com.br\/noticias\/petrobras-aumento-preco-diesel\/"},"wordCount":1042,"publisher":{"@id":"https:\/\/www.suno.com.br\/noticias\/#organization"},"image":{"@id":"https:\/\/www.suno.com.br\/noticias\/petrobras-aumento-preco-diesel\/#primaryimage"},"thumbnailUrl":"https:\/\/files.sunoresearch.com.br\/n\/uploads\/2019\/01\/ce0c17c8-roberto-castello-branco-petrobras-jpg.webp","keywords":["diesel","greve dos caminhoneiros","Petrobras (PETR4)","Roberto Castello Branco"],"articleSection":["Neg\u00f3cios"],"inLanguage":"pt-BR"},{"@type":"WebPage","@id":"https:\/\/www.suno.com.br\/noticias\/petrobras-aumento-preco-diesel\/","url":"https:\/\/www.suno.com.br\/noticias\/petrobras-aumento-preco-diesel\/","name":"Petrobras anuncia aumento de R$ 0,10 no pre\u00e7o do diesel","isPartOf":{"@id":"https:\/\/www.suno.com.br\/noticias\/#website"},"primaryImageOfPage":{"@id":"https:\/\/www.suno.com.br\/noticias\/petrobras-aumento-preco-diesel\/#primaryimage"},"image":{"@id":"https:\/\/www.suno.com.br\/noticias\/petrobras-aumento-preco-diesel\/#primaryimage"},"thumbnailUrl":"https:\/\/files.sunoresearch.com.br\/n\/uploads\/2019\/01\/ce0c17c8-roberto-castello-branco-petrobras-jpg.webp","datePublished":"2019-04-17T22:23:36+00:00","dateModified":"2019-04-17T22:50:36+00:00","description":"O presidente da Petrobras anunciou um aumento de R$ 0,10 por litro no pre\u00e7o do \u00f3leo diesel. Clique aqui para saber mais.","breadcrumb":{"@id":"https:\/\/www.suno.com.br\/noticias\/petrobras-aumento-preco-diesel\/#breadcrumb"},"inLanguage":"pt-BR","potentialAction":[{"@type":"ReadAction","target":["https:\/\/www.suno.com.br\/noticias\/petrobras-aumento-preco-diesel\/"]}]},{"@type":"ImageObject","inLanguage":"pt-BR","@id":"https:\/\/www.suno.com.br\/noticias\/petrobras-aumento-preco-diesel\/#primaryimage","url":"https:\/\/files.sunoresearch.com.br\/n\/uploads\/2019\/01\/ce0c17c8-roberto-castello-branco-petrobras-jpg.webp","contentUrl":"https:\/\/files.sunoresearch.com.br\/n\/uploads\/2019\/01\/ce0c17c8-roberto-castello-branco-petrobras-jpg.webp","width":2400,"height":1600,"caption":"O setor petrol\u00edfero enfrenta um ambiente de incertezas, diz Petrobras"},{"@type":"BreadcrumbList","@id":"https:\/\/www.suno.com.br\/noticias\/petrobras-aumento-preco-diesel\/#breadcrumb","itemListElement":[{"@type":"ListItem","position":1,"name":"Not\u00edcias","item":"https:\/\/www.suno.com.br\/noticias\/"},{"@type":"ListItem","position":2,"name":"Neg\u00f3cios","item":"https:\/\/www.suno.com.br\/noticias\/negocios\/"},{"@type":"ListItem","position":3,"name":"Petrobras anuncia aumento de R$ 0,10 no pre\u00e7o do diesel"}]},{"@type":"WebSite","@id":"https:\/\/www.suno.com.br\/noticias\/#website","url":"https:\/\/www.suno.com.br\/noticias\/","name":"Suno Not\u00edcias","description":"Seu portal de informa\u00e7\u00e3o sobre o mundo dos investimentos","publisher":{"@id":"https:\/\/www.suno.com.br\/noticias\/#organization"},"potentialAction":[{"@type":"SearchAction","target":{"@type":"EntryPoint","urlTemplate":"https:\/\/www.suno.com.br\/noticias\/?s={search_term_string}"},"query-input":{"@type":"PropertyValueSpecification","valueRequired":true,"valueName":"search_term_string"}}],"inLanguage":"pt-BR"},{"@type":"Organization","@id":"https:\/\/www.suno.com.br\/noticias\/#organization","name":"Suno Not\u00edcias","url":"https:\/\/www.suno.com.br\/noticias\/","logo":{"@type":"ImageObject","inLanguage":"pt-BR","@id":"https:\/\/www.suno.com.br\/noticias\/#\/schema\/logo\/image\/","url":"https:\/\/files.sunoresearch.com.br\/n\/uploads\/2021\/09\/suno-logo.png","contentUrl":"https:\/\/files.sunoresearch.com.br\/n\/uploads\/2021\/09\/suno-logo.png","width":180,"height":180,"caption":"Suno Not\u00edcias"},"image":{"@id":"https:\/\/www.suno.com.br\/noticias\/#\/schema\/logo\/image\/"},"sameAs":["https:\/\/facebook.com\/sunoresearch","https:\/\/x.com\/sunoresearch","https:\/\/www.instagram.com\/suno","https:\/\/www.linkedin.com\/company\/suno-research\/","https:\/\/www.youtube.com\/c\/sunoresearch"]},{"@type":"Person","@id":"https:\/\/www.suno.com.br\/noticias\/#\/schema\/person\/e6e0f723cc177805027f4566c1d5e0c8","name":"Carlo Cauti","image":{"@type":"ImageObject","inLanguage":"pt-BR","@id":"https:\/\/www.suno.com.br\/noticias\/#\/schema\/person\/image\/","url":"https:\/\/secure.gravatar.com\/avatar\/3ada9e0bd164c23abd4792a9606d583c?s=96&r=g","contentUrl":"https:\/\/secure.gravatar.com\/avatar\/3ada9e0bd164c23abd4792a9606d583c?s=96&r=g","caption":"Carlo Cauti"},"description":"Editor multim\u00eddia do SUNO Not\u00edcias. Italiano, formado em Ci\u00eancias Pol\u00edticas pela universidade LUISS G. Carli de Roma e mestre cum laude em Rela\u00e7\u00f5es Internacionais, Jornalismo Internacional e de Guerra e em Economia Internacional. Concluiu tamb\u00e9m um MBA em Finan\u00e7as na B3. No Brasil, teve passagem por ve\u00edculos como Estad\u00e3o, Globo, Veja e EXAME. e nas ag\u00eancias de not\u00edcias italianas ANSA e NOVA.","url":"https:\/\/www.suno.com.br\/noticias\/author\/carlo-cauti\/"}]}},"default_loop_html":"<div class=\"cardsPage__listCard__boxs\"><div class=\"cardsPage__listCard__boxs__img\"><a href=\"https:\/\/www.suno.com.br\/noticias\/petrobras-aumento-preco-diesel\/\"><img class=\"mask\" src=\"https:\/\/www.suno.com.br\/noticias\/wp-content\/themes\/suno\/resources\/images\/spotlight\/spotlight1img\/bg-mask.png\" alt=\"Image Mask\"\/><img src=\"https:\/\/files.sunoresearch.com.br\/n\/uploads\/2019\/01\/ce0c17c8-roberto-castello-branco-petrobras-400x200.webp\" alt=\"Petrobras anuncia aumento de R$ 0,10 no pre\u00e7o do diesel\"\/><\/a><span class=\"spotlightCategory\"><a href=\"https:\/\/www.suno.com.br\/noticias\/negocios\/\">Neg\u00f3cios<\/a><\/span><\/div><div class=\"cardsPage__listCard__boxs__content\"><a href=\"https:\/\/www.suno.com.br\/noticias\/petrobras-aumento-preco-diesel\/\"><h2 class=\"content__title\">Petrobras anuncia aumento de R$ 0,10 no pre\u00e7o do diesel<\/h2><\/a><div class=\"newsContent__article__meta\"><div class=\"newsContent__article__meta__authorBox\"><a href=\"https:\/\/www.suno.com.br\/noticias\/author\/carlo-cauti\/\" class=\"authorBox__avatar noMobi\"><img src=\"https:\/\/files.sunoresearch.com.br\/n\/uploads\/2020\/08\/e3745f9a-perfil-carlo-cauti-150x150.webp\" alt=\"Carlo Cauti\"><\/a><div class=\"authorBox__name\"><span>por\n\t\t\t<a href=\"https:\/\/www.suno.com.br\/noticias\/author\/carlo-cauti\/\"><span itemprop=\"author\">Carlo Cauti<\/span><\/a><\/span><time datetime=\"2019-04-17T19:23:36-03:00\" itemprop=\"datePublished\">17\/04\/2019 19:23<\/time><\/div><\/div><\/div><\/div><\/div>","single_layout":"posts","amp_enabled":true,"_links":{"self":[{"href":"https:\/\/www.suno.com.br\/noticias\/wp-json\/wp\/v2\/posts\/21492"}],"collection":[{"href":"https:\/\/www.suno.com.br\/noticias\/wp-json\/wp\/v2\/posts"}],"about":[{"href":"https:\/\/www.suno.com.br\/noticias\/wp-json\/wp\/v2\/types\/post"}],"author":[{"embeddable":true,"href":"https:\/\/www.suno.com.br\/noticias\/wp-json\/wp\/v2\/users\/9"}],"replies":[{"embeddable":true,"href":"https:\/\/www.suno.com.br\/noticias\/wp-json\/wp\/v2\/comments?post=21492"}],"version-history":[{"count":0,"href":"https:\/\/www.suno.com.br\/noticias\/wp-json\/wp\/v2\/posts\/21492\/revisions"}],"wp:featuredmedia":[{"embeddable":true,"href":"https:\/\/www.suno.com.br\/noticias\/wp-json\/wp\/v2\/media\/10284"}],"wp:attachment":[{"href":"https:\/\/www.suno.com.br\/noticias\/wp-json\/wp\/v2\/media?parent=21492"}],"wp:term":[{"taxonomy":"category","embeddable":true,"href":"https:\/\/www.suno.com.br\/noticias\/wp-json\/wp\/v2\/categories?post=21492"},{"taxonomy":"post_tag","embeddable":true,"href":"https:\/\/www.suno.com.br\/noticias\/wp-json\/wp\/v2\/tags?post=21492"},{"taxonomy":"suno_strategy","embeddable":true,"href":"https:\/\/www.suno.com.br\/noticias\/wp-json\/wp\/v2\/suno_strategy?post=21492"}],"curies":[{"name":"wp","href":"https:\/\/api.w.org\/{rel}","templated":true}]}}