{"id":214644,"date":"2021-12-13T08:21:15","date_gmt":"2021-12-13T11:21:15","guid":{"rendered":"https:\/\/www.suno.com.br\/noticias\/?p=214644"},"modified":"2021-12-13T09:26:01","modified_gmt":"2021-12-13T12:26:01","slug":"ernesto-zarzur-eztec-eztc3-morre-12122021","status":"publish","type":"post","link":"https:\/\/www.suno.com.br\/noticias\/ernesto-zarzur-eztec-eztc3-morre-12122021\/","title":{"rendered":"Ernesto Zarzur, fundador da Eztec (EZTC3), morre aos 87 anos"},"content":{"rendered":"<p>O fundador da incorporadora imobili\u00e1ria <a class=\"suno-keyword\" href=\"https:\/\/www.suno.com.br\/acoes\/EZTC3\/\" target=\"_blank\" rel=\"noopener\" data-force=\"yes\" data-priority=\"2\">EZTec (EZTC3)<\/a>, <strong>Ernesto Zarzur<\/strong>, faleceu neste domingo (12) aos 87 anos, <a href=\"https:\/\/api.mziq.com\/mzfilemanager\/v2\/d\/653fada3-cbcd-4015-9a94-2149f610a321\/125054f8-a21c-0719-3773-22632c268e76?origin=1\" target=\"_blank\" rel=\"noopener\">informou a empresa em fato relevante<\/a> enviado ao mercado.<\/p>\t<div class=\"wrapper-featured-image\">\n\t\t<figure class=\"spotlightImg\">\n\n\t\t\t<picture>\n\t\t\t\t<source media=\"(max-width: 768px)\" srcset=\"https:\/\/files.sunoresearch.com.br\/n\/uploads\/2021\/12\/Eztec-400x200.jpg\">\n\t\t\t\t<img loading=\"lazy\" decoding=\"async\" class=\"newsContent__article__imgCapa lazyloadDisabled \" src=\"https:\/\/files.sunoresearch.com.br\/n\/uploads\/2021\/12\/Eztec-800x450.jpg\" width=\"800\" height=\"450\" alt=\"Ernesto Zarzur, fundador da Eztec (EZTC3), morre aos 87 anos\" fetchpriority=high \/>\n\t\t\t<\/picture>\n\n\t\t\t<figcaption class=\"wp-caption-text wp-caption-text--show\">Ernesto Zarzur. Foto: YouTube\/ Reprodu\u00e7\u00e3o <\/figcaption>\n\t\t<\/figure>\n\t<\/div>\n\n\n\t<p>\n\t\t<a href=\"https:\/\/lp.suno.com.br\/planilha-controle-gastos\/\" target=\"_blank\" data-element=\"shortcode-suno-banner\" title=\"Banner SUNO, clique e saiba mais\">\n\t\t\t<picture>\n\t\t\t\t<source media=\"(max-width: 500px)\" srcset=\"https:\/\/files.sunoresearch.com.br\/n\/uploads\/2023\/03\/400x300-Planilha-controle-de-gastos.png\">\n\t\t\t\t<img class=\"newsContent__article__imgCapa newsContent__article__imgCapa--banner\"\n\t\t\t\t\tsrc=\"https:\/\/files.sunoresearch.com.br\/n\/uploads\/2023\/03\/1420x240-Planilha-controle-de-gastos.png\"\n\t\t\t\t\tdata-promo-id=\"101751\"\t\t\t\t\t\t\t\t\t\twidth='1420' height='240'\t\t\t\t\talt=\"https:\/\/files.sunoresearch.com.br\/n\/uploads\/2023\/03\/1420x240-Planilha-controle-de-gastos.png\"\n\t\t\t\t>\n\t\t\t<\/picture>\n\t\t<\/a>\n\t<\/p>\n\n\n<p>De acordo com a <em>Folha de S. Paulo<\/em>, Zarzur estava internado h\u00e1 duas semanas no Hospital S\u00edrio Liban\u00eas, em S\u00e3o Paulo, e <strong>morreu de causas naturais<\/strong>, diz fato relevante.<\/p>\n<p>Filho de imigrantes libaneses, Zarzur come\u00e7ou a vida profissional como corretor de im\u00f3veis e terminou como um empres\u00e1rio de sucesso. A EZTec foi fundada em 1979 e abriu capital na bolsa de valores em junho de 2007. A incorporadora tem valor avaliado em R$ 4,6 bilh\u00f5es.<\/p>\n<p>Segundo obitu\u00e1rio do <em>Valor Econ\u00f4mico<\/em>, <a href=\"https:\/\/www.suno.com.br\/tudo-sobre\/ernesto-zarzur\/\" target=\"_blank\" rel=\"noopener\"><strong>&#8220;seu&#8221; Ernesto<\/strong> Zarzur<\/a> n\u00e3o se pautava pelas regras do mercado, e foi tomando decis\u00f5es de forma diferente do previsto pelo mercado que ele se tornou bem sucedido e sua empresa passou a ser admirada e usada como par\u00e2metro para outras incorporadoras.<\/p>\n<p>Um dos exemplos \u00e9 o movimento das <strong>empresas imobili\u00e1rias<\/strong> em 2009, com o an\u00fancio do programa Minha Casa, Minha Vida. Diversas companhias do setor se moveram para expandir e atender os projetos de baixa, mas n\u00e3o &#8220;seu&#8221; Ernesto, que manteve o foco da EZTec.<\/p>\n<p>Tempos depois, quando o crescimento acentuado pelo programa e a diversifica\u00e7\u00e3o de renda deixaram de ser prioridade para o mercado, a EZTec estava ajustada e atendendo dentro do esperado.<\/p>\n<p><strong>Ernesto Zarzur<\/strong> tamb\u00e9m era presidente do <a class=\"suno-keyword\" href=\"https:\/\/www.suno.com.br\/artigos\/conselho-administracao\/\" target=\"_blank\" rel=\"noopener\" data-force=\"no\" data-priority=\"1\">Conselho de Administra\u00e7\u00e3o<\/a> da EZTec e ficaria, pelo menos, at\u00e9 a assembleia geral ordin\u00e1ria (AGO) de 2023. A empresa informa que ir\u00e1 iniciar os procedimentos para a sucess\u00e3o do cargo nos pr\u00f3ximos dias.<\/p>\n\t<p>\n\t\t<a href=\"https:\/\/lp.suno.com.br\/planilha-da-vida-financeira\/\" target=\"_blank\" data-element=\"shortcode-suno-banner\" title=\"Banner SUNO, clique e saiba mais\">\n\t\t\t<picture>\n\t\t\t\t<source media=\"(max-width: 500px)\" srcset=\"https:\/\/files.sunoresearch.com.br\/n\/uploads\/2023\/04\/400x300-Planilha-vida-financeira-true.png\">\n\t\t\t\t<img class=\"newsContent__article__imgCapa newsContent__article__imgCapa--banner\"\n\t\t\t\t\tsrc=\"https:\/\/files.sunoresearch.com.br\/n\/uploads\/2023\/04\/1420x240-Planilha-vida-financeira-true.png\"\n\t\t\t\t\tdata-promo-id=\"106682\"\t\t\t\t\t\t\t\t\t\twidth='1420' height='240'\t\t\t\t\talt=\"https:\/\/files.sunoresearch.com.br\/n\/uploads\/2023\/04\/1420x240-Planilha-vida-financeira-true.png\"\n\t\t\t\t>\n\t\t\t<\/picture>\n\t\t<\/a>\n\t<\/p>\n\n\n<h2>Trajet\u00f3ria de Ernesto Zarzur e da Eztec<\/h2>\n<p>Em fato relevante, a empresa conta que no in\u00edcio da vida adulta e j\u00e1 casado com Esther Zarzur , com quem viveu at\u00e9 seu falecimento, o <strong>fundador da EZTec<\/strong> come\u00e7ou a trabalhar como corretor de im\u00f3veis para o irm\u00e3o, na Construtora Zarzur &amp; Kogan.<\/p>\n<p>Em 1967, fundou a Vilamar Ve\u00edculos S.A., revendedora da General Motors do Brasil, antes de fundar a EZTec junto com os dois filhos mais velhos.<\/p>\n<p>Atualmente,<strong> Marcelo Ernesto Zarzur<\/strong> est\u00e1 \u00e0 frente da empresa, mas seus quatro filhos homens ocupam a presid\u00eancia da EZTec em forma de rod\u00edzio, um sistema criado pelo pr\u00f3prio Ernesto em 2006.<\/p>\n<p>Mesmo afastado da rotina da empresa no dia-a-dia h\u00e1 dois anos, o patriarca da empresa se mantinha presente em negocia\u00e7\u00f5es e decis\u00f5es importantes.<\/p>\n<p>A EZTec, uma das maiores <strong>incorporadoras do setor imobili\u00e1rio<\/strong> no Pa\u00eds, destacou-se nos \u00faltimos anos pela lucratividade e a constru\u00e7\u00e3o de cerca de 157 empreendimentos distribu\u00eddos em mais de 35 mil unidades, concentradas na cidade de S\u00e3o Paulo.<\/p>\n<p>Al\u00e9m da EZTec, <strong>Ernesto Zarzur<\/strong> presidiu o Clube Monte L\u00edbano e deixa a esposa e cinco filhos.<\/p>\n\t<p>\n\t\t<a href=\"\" target=\"_blank\" data-element=\"shortcode-suno-banner\" title=\"Banner SUNO, clique e saiba mais\">\n\t\t\t<picture>\n\t\t\t\t<source media=\"(max-width: 500px)\" srcset=\"\">\n\t\t\t\t<img class=\"newsContent__article__imgCapa newsContent__article__imgCapa--banner\"\n\t\t\t\t\tsrc=\"\"\n\t\t\t\t\tdata-promo-id=\"184190\"\t\t\t\t\t\t\t\t\t\t\t\t\t\t\talt=\"\"\n\t\t\t\t>\n\t\t\t<\/picture>\n\t\t<\/a>\n\t<\/p>\n\n\n","protected":false},"excerpt":{"rendered":"<p>O fundador da incorporadora imobili\u00e1ria EZTec (EZTC3), Ernesto Zarzur, faleceu neste domingo (12) aos 87 anos, informou a empresa em fato relevante enviado ao mercado. Ernesto Zarzur. Foto: YouTube\/ Reprodu\u00e7\u00e3o De acordo com a Folha de S. Paulo, Zarzur estava internado h\u00e1 duas semanas no Hospital S\u00edrio Liban\u00eas, em S\u00e3o Paulo, e morreu de causas [&hellip;]<\/p>\n","protected":false},"author":102,"featured_media":214651,"comment_status":"closed","ping_status":"closed","sticky":false,"template":"","format":"standard","meta":[],"categories":[64],"tags":[473],"suno_strategy":[],"class_list":["post-214644","post","type-post","status-publish","format-standard","has-post-thumbnail","hentry","category-negocios","tag-eztec-eztc3"],"yoast_head":"<!-- This site is optimized with the Yoast SEO plugin v24.4 - https:\/\/yoast.com\/wordpress\/plugins\/seo\/ -->\n<title>Ernesto Zarzur, fundador da Eztec (EZTC3), morre aos 87 anos<\/title>\n<meta name=\"description\" content=\"Fundador da incorporadora EZTec (EZTC3), Ernesto Zarzur, faleceu em S\u00e3o Paulo no domingo, dia 12 de dezembro. Leia mais aqui.\" \/>\n<meta name=\"robots\" content=\"index, follow, max-snippet:-1, max-image-preview:large, max-video-preview:-1\" \/>\n<link rel=\"canonical\" href=\"https:\/\/www.suno.com.br\/noticias\/ernesto-zarzur-eztec-eztc3-morre-12122021\/\" \/>\n<meta property=\"og:locale\" content=\"pt_BR\" \/>\n<meta property=\"og:type\" content=\"article\" \/>\n<meta property=\"og:title\" content=\"Ernesto Zarzur, fundador da Eztec (EZTC3), morre aos 87 anos\" \/>\n<meta property=\"og:description\" content=\"Fundador da incorporadora EZTec (EZTC3), Ernesto Zarzur, faleceu em S\u00e3o Paulo no domingo, dia 12 de dezembro. Leia mais aqui.\" \/>\n<meta property=\"og:url\" content=\"https:\/\/www.suno.com.br\/noticias\/ernesto-zarzur-eztec-eztc3-morre-12122021\/\" \/>\n<meta property=\"og:site_name\" content=\"Suno Not\u00edcias\" \/>\n<meta property=\"article:publisher\" content=\"https:\/\/facebook.com\/sunoresearch\" \/>\n<meta property=\"og:image\" content=\"https:\/\/files.sunoresearch.com.br\/n\/uploads\/2021\/12\/Eztec.jpg\" \/>\n\t<meta property=\"og:image:width\" content=\"1356\" \/>\n\t<meta property=\"og:image:height\" content=\"780\" \/>\n\t<meta property=\"og:image:type\" content=\"image\/jpeg\" \/>\n<meta name=\"author\" content=\"Monique Lima\" \/>\n<meta name=\"twitter:card\" content=\"summary_large_image\" \/>\n<meta name=\"twitter:creator\" content=\"@sunoresearch\" \/>\n<meta name=\"twitter:site\" content=\"@sunoresearch\" \/>\n<meta name=\"twitter:label1\" content=\"Escrito por\" \/>\n\t<meta name=\"twitter:data1\" content=\"Monique Lima\" \/>\n\t<meta name=\"twitter:label2\" content=\"Est. tempo de leitura\" \/>\n\t<meta name=\"twitter:data2\" content=\"2 minutos\" \/>\n<script type=\"application\/ld+json\" class=\"yoast-schema-graph\">{\"@context\":\"https:\/\/schema.org\",\"@graph\":[{\"@type\":\"NewsArticle\",\"@id\":\"https:\/\/www.suno.com.br\/noticias\/ernesto-zarzur-eztec-eztc3-morre-12122021\/#article\",\"isPartOf\":{\"@id\":\"https:\/\/www.suno.com.br\/noticias\/ernesto-zarzur-eztec-eztc3-morre-12122021\/\"},\"author\":{\"name\":\"Monique Lima\",\"@id\":\"https:\/\/www.suno.com.br\/noticias\/#\/schema\/person\/d712329319cc9b10f254d02d654cb36a\"},\"headline\":\"Ernesto Zarzur, fundador da Eztec (EZTC3), morre aos 87 anos\",\"datePublished\":\"2021-12-13T11:21:15+00:00\",\"dateModified\":\"2021-12-13T12:26:01+00:00\",\"mainEntityOfPage\":{\"@id\":\"https:\/\/www.suno.com.br\/noticias\/ernesto-zarzur-eztec-eztc3-morre-12122021\/\"},\"wordCount\":488,\"publisher\":{\"@id\":\"https:\/\/www.suno.com.br\/noticias\/#organization\"},\"image\":{\"@id\":\"https:\/\/www.suno.com.br\/noticias\/ernesto-zarzur-eztec-eztc3-morre-12122021\/#primaryimage\"},\"thumbnailUrl\":\"https:\/\/files.sunoresearch.com.br\/n\/uploads\/2021\/12\/Eztec.jpg\",\"keywords\":[\"Eztec (EZTC3)\"],\"articleSection\":[\"Neg\u00f3cios\"],\"inLanguage\":\"pt-BR\"},{\"@type\":\"WebPage\",\"@id\":\"https:\/\/www.suno.com.br\/noticias\/ernesto-zarzur-eztec-eztc3-morre-12122021\/\",\"url\":\"https:\/\/www.suno.com.br\/noticias\/ernesto-zarzur-eztec-eztc3-morre-12122021\/\",\"name\":\"Ernesto Zarzur, fundador da Eztec (EZTC3), morre aos 87 anos\",\"isPartOf\":{\"@id\":\"https:\/\/www.suno.com.br\/noticias\/#website\"},\"primaryImageOfPage\":{\"@id\":\"https:\/\/www.suno.com.br\/noticias\/ernesto-zarzur-eztec-eztc3-morre-12122021\/#primaryimage\"},\"image\":{\"@id\":\"https:\/\/www.suno.com.br\/noticias\/ernesto-zarzur-eztec-eztc3-morre-12122021\/#primaryimage\"},\"thumbnailUrl\":\"https:\/\/files.sunoresearch.com.br\/n\/uploads\/2021\/12\/Eztec.jpg\",\"datePublished\":\"2021-12-13T11:21:15+00:00\",\"dateModified\":\"2021-12-13T12:26:01+00:00\",\"description\":\"Fundador da incorporadora EZTec (EZTC3), Ernesto Zarzur, faleceu em S\u00e3o Paulo no domingo, dia 12 de dezembro. Leia mais aqui.\",\"breadcrumb\":{\"@id\":\"https:\/\/www.suno.com.br\/noticias\/ernesto-zarzur-eztec-eztc3-morre-12122021\/#breadcrumb\"},\"inLanguage\":\"pt-BR\",\"potentialAction\":[{\"@type\":\"ReadAction\",\"target\":[\"https:\/\/www.suno.com.br\/noticias\/ernesto-zarzur-eztec-eztc3-morre-12122021\/\"]}]},{\"@type\":\"ImageObject\",\"inLanguage\":\"pt-BR\",\"@id\":\"https:\/\/www.suno.com.br\/noticias\/ernesto-zarzur-eztec-eztc3-morre-12122021\/#primaryimage\",\"url\":\"https:\/\/files.sunoresearch.com.br\/n\/uploads\/2021\/12\/Eztec.jpg\",\"contentUrl\":\"https:\/\/files.sunoresearch.com.br\/n\/uploads\/2021\/12\/Eztec.jpg\",\"width\":1356,\"height\":780,\"caption\":\"Ernesto Zarzur. Foto: YouTube\/ Reprodu\u00e7\u00e3o\"},{\"@type\":\"BreadcrumbList\",\"@id\":\"https:\/\/www.suno.com.br\/noticias\/ernesto-zarzur-eztec-eztc3-morre-12122021\/#breadcrumb\",\"itemListElement\":[{\"@type\":\"ListItem\",\"position\":1,\"name\":\"Not\u00edcias\",\"item\":\"https:\/\/www.suno.com.br\/noticias\/\"},{\"@type\":\"ListItem\",\"position\":2,\"name\":\"Neg\u00f3cios\",\"item\":\"https:\/\/www.suno.com.br\/noticias\/negocios\/\"},{\"@type\":\"ListItem\",\"position\":3,\"name\":\"Ernesto Zarzur, fundador da Eztec (EZTC3), morre aos 87 anos\"}]},{\"@type\":\"WebSite\",\"@id\":\"https:\/\/www.suno.com.br\/noticias\/#website\",\"url\":\"https:\/\/www.suno.com.br\/noticias\/\",\"name\":\"Suno Not\u00edcias\",\"description\":\"Seu portal de informa\u00e7\u00e3o sobre o mundo dos investimentos\",\"publisher\":{\"@id\":\"https:\/\/www.suno.com.br\/noticias\/#organization\"},\"potentialAction\":[{\"@type\":\"SearchAction\",\"target\":{\"@type\":\"EntryPoint\",\"urlTemplate\":\"https:\/\/www.suno.com.br\/noticias\/?s={search_term_string}\"},\"query-input\":{\"@type\":\"PropertyValueSpecification\",\"valueRequired\":true,\"valueName\":\"search_term_string\"}}],\"inLanguage\":\"pt-BR\"},{\"@type\":\"Organization\",\"@id\":\"https:\/\/www.suno.com.br\/noticias\/#organization\",\"name\":\"Suno Not\u00edcias\",\"url\":\"https:\/\/www.suno.com.br\/noticias\/\",\"logo\":{\"@type\":\"ImageObject\",\"inLanguage\":\"pt-BR\",\"@id\":\"https:\/\/www.suno.com.br\/noticias\/#\/schema\/logo\/image\/\",\"url\":\"https:\/\/files.sunoresearch.com.br\/n\/uploads\/2021\/09\/suno-logo.png\",\"contentUrl\":\"https:\/\/files.sunoresearch.com.br\/n\/uploads\/2021\/09\/suno-logo.png\",\"width\":180,\"height\":180,\"caption\":\"Suno Not\u00edcias\"},\"image\":{\"@id\":\"https:\/\/www.suno.com.br\/noticias\/#\/schema\/logo\/image\/\"},\"sameAs\":[\"https:\/\/facebook.com\/sunoresearch\",\"https:\/\/x.com\/sunoresearch\",\"https:\/\/www.instagram.com\/suno\",\"https:\/\/www.linkedin.com\/company\/suno-research\/\",\"https:\/\/www.youtube.com\/c\/sunoresearch\"]},{\"@type\":\"Person\",\"@id\":\"https:\/\/www.suno.com.br\/noticias\/#\/schema\/person\/d712329319cc9b10f254d02d654cb36a\",\"name\":\"Monique Lima\",\"image\":{\"@type\":\"ImageObject\",\"inLanguage\":\"pt-BR\",\"@id\":\"https:\/\/www.suno.com.br\/noticias\/#\/schema\/person\/image\/\",\"url\":\"https:\/\/secure.gravatar.com\/avatar\/daee7f16d906c2e9ffed236206ca2c30?s=96&r=g\",\"contentUrl\":\"https:\/\/secure.gravatar.com\/avatar\/daee7f16d906c2e9ffed236206ca2c30?s=96&r=g\",\"caption\":\"Monique Lima\"},\"description\":\"Rep\u00f3rter de Mercado no Suno Not\u00edcias, \u00e9 jornalista com experi\u00eancia na cobertura de economia, empreendedorismo, finan\u00e7as pessoais, mercado financeiro, carreira e recursos humanos. Formada em Jornalismo pela Universidade Paulista, teve experi\u00eancias em ve\u00edculos de comunica\u00e7\u00e3o como a Ag\u00eancia TradeMap, Revista Voc\u00ea S\/A e Revista Voc\u00ea RH, as duas \u00faltimas publica\u00e7\u00f5es da Editora Abril. No Suno Not\u00edcias, fala sobre as principais not\u00edcias de Fundos Imobili\u00e1rios, Fiagro, Startups e empresas listadas na Bolsa.\",\"url\":\"https:\/\/www.suno.com.br\/noticias\/author\/monique-lima\/\"}]}<\/script>\n<!-- \/ Yoast SEO plugin. -->","yoast_head_json":{"title":"Ernesto Zarzur, fundador da Eztec (EZTC3), morre aos 87 anos","description":"Fundador da incorporadora EZTec (EZTC3), Ernesto Zarzur, faleceu em S\u00e3o Paulo no domingo, dia 12 de dezembro. Leia mais aqui.","robots":{"index":"index","follow":"follow","max-snippet":"max-snippet:-1","max-image-preview":"max-image-preview:large","max-video-preview":"max-video-preview:-1"},"canonical":"https:\/\/www.suno.com.br\/noticias\/ernesto-zarzur-eztec-eztc3-morre-12122021\/","og_locale":"pt_BR","og_type":"article","og_title":"Ernesto Zarzur, fundador da Eztec (EZTC3), morre aos 87 anos","og_description":"Fundador da incorporadora EZTec (EZTC3), Ernesto Zarzur, faleceu em S\u00e3o Paulo no domingo, dia 12 de dezembro. Leia mais aqui.","og_url":"https:\/\/www.suno.com.br\/noticias\/ernesto-zarzur-eztec-eztc3-morre-12122021\/","og_site_name":"Suno Not\u00edcias","article_publisher":"https:\/\/facebook.com\/sunoresearch","og_image":[{"width":1356,"height":780,"url":"https:\/\/files.sunoresearch.com.br\/n\/uploads\/2021\/12\/Eztec.jpg","type":"image\/jpeg"}],"author":"Monique Lima","twitter_card":"summary_large_image","twitter_creator":"@sunoresearch","twitter_site":"@sunoresearch","twitter_misc":{"Escrito por":"Monique Lima","Est. tempo de leitura":"2 minutos"},"schema":{"@context":"https:\/\/schema.org","@graph":[{"@type":"NewsArticle","@id":"https:\/\/www.suno.com.br\/noticias\/ernesto-zarzur-eztec-eztc3-morre-12122021\/#article","isPartOf":{"@id":"https:\/\/www.suno.com.br\/noticias\/ernesto-zarzur-eztec-eztc3-morre-12122021\/"},"author":{"name":"Monique Lima","@id":"https:\/\/www.suno.com.br\/noticias\/#\/schema\/person\/d712329319cc9b10f254d02d654cb36a"},"headline":"Ernesto Zarzur, fundador da Eztec (EZTC3), morre aos 87 anos","datePublished":"2021-12-13T11:21:15+00:00","dateModified":"2021-12-13T12:26:01+00:00","mainEntityOfPage":{"@id":"https:\/\/www.suno.com.br\/noticias\/ernesto-zarzur-eztec-eztc3-morre-12122021\/"},"wordCount":488,"publisher":{"@id":"https:\/\/www.suno.com.br\/noticias\/#organization"},"image":{"@id":"https:\/\/www.suno.com.br\/noticias\/ernesto-zarzur-eztec-eztc3-morre-12122021\/#primaryimage"},"thumbnailUrl":"https:\/\/files.sunoresearch.com.br\/n\/uploads\/2021\/12\/Eztec.jpg","keywords":["Eztec (EZTC3)"],"articleSection":["Neg\u00f3cios"],"inLanguage":"pt-BR"},{"@type":"WebPage","@id":"https:\/\/www.suno.com.br\/noticias\/ernesto-zarzur-eztec-eztc3-morre-12122021\/","url":"https:\/\/www.suno.com.br\/noticias\/ernesto-zarzur-eztec-eztc3-morre-12122021\/","name":"Ernesto Zarzur, fundador da Eztec (EZTC3), morre aos 87 anos","isPartOf":{"@id":"https:\/\/www.suno.com.br\/noticias\/#website"},"primaryImageOfPage":{"@id":"https:\/\/www.suno.com.br\/noticias\/ernesto-zarzur-eztec-eztc3-morre-12122021\/#primaryimage"},"image":{"@id":"https:\/\/www.suno.com.br\/noticias\/ernesto-zarzur-eztec-eztc3-morre-12122021\/#primaryimage"},"thumbnailUrl":"https:\/\/files.sunoresearch.com.br\/n\/uploads\/2021\/12\/Eztec.jpg","datePublished":"2021-12-13T11:21:15+00:00","dateModified":"2021-12-13T12:26:01+00:00","description":"Fundador da incorporadora EZTec (EZTC3), Ernesto Zarzur, faleceu em S\u00e3o Paulo no domingo, dia 12 de dezembro. Leia mais aqui.","breadcrumb":{"@id":"https:\/\/www.suno.com.br\/noticias\/ernesto-zarzur-eztec-eztc3-morre-12122021\/#breadcrumb"},"inLanguage":"pt-BR","potentialAction":[{"@type":"ReadAction","target":["https:\/\/www.suno.com.br\/noticias\/ernesto-zarzur-eztec-eztc3-morre-12122021\/"]}]},{"@type":"ImageObject","inLanguage":"pt-BR","@id":"https:\/\/www.suno.com.br\/noticias\/ernesto-zarzur-eztec-eztc3-morre-12122021\/#primaryimage","url":"https:\/\/files.sunoresearch.com.br\/n\/uploads\/2021\/12\/Eztec.jpg","contentUrl":"https:\/\/files.sunoresearch.com.br\/n\/uploads\/2021\/12\/Eztec.jpg","width":1356,"height":780,"caption":"Ernesto Zarzur. Foto: YouTube\/ Reprodu\u00e7\u00e3o"},{"@type":"BreadcrumbList","@id":"https:\/\/www.suno.com.br\/noticias\/ernesto-zarzur-eztec-eztc3-morre-12122021\/#breadcrumb","itemListElement":[{"@type":"ListItem","position":1,"name":"Not\u00edcias","item":"https:\/\/www.suno.com.br\/noticias\/"},{"@type":"ListItem","position":2,"name":"Neg\u00f3cios","item":"https:\/\/www.suno.com.br\/noticias\/negocios\/"},{"@type":"ListItem","position":3,"name":"Ernesto Zarzur, fundador da Eztec (EZTC3), morre aos 87 anos"}]},{"@type":"WebSite","@id":"https:\/\/www.suno.com.br\/noticias\/#website","url":"https:\/\/www.suno.com.br\/noticias\/","name":"Suno Not\u00edcias","description":"Seu portal de informa\u00e7\u00e3o sobre o mundo dos investimentos","publisher":{"@id":"https:\/\/www.suno.com.br\/noticias\/#organization"},"potentialAction":[{"@type":"SearchAction","target":{"@type":"EntryPoint","urlTemplate":"https:\/\/www.suno.com.br\/noticias\/?s={search_term_string}"},"query-input":{"@type":"PropertyValueSpecification","valueRequired":true,"valueName":"search_term_string"}}],"inLanguage":"pt-BR"},{"@type":"Organization","@id":"https:\/\/www.suno.com.br\/noticias\/#organization","name":"Suno Not\u00edcias","url":"https:\/\/www.suno.com.br\/noticias\/","logo":{"@type":"ImageObject","inLanguage":"pt-BR","@id":"https:\/\/www.suno.com.br\/noticias\/#\/schema\/logo\/image\/","url":"https:\/\/files.sunoresearch.com.br\/n\/uploads\/2021\/09\/suno-logo.png","contentUrl":"https:\/\/files.sunoresearch.com.br\/n\/uploads\/2021\/09\/suno-logo.png","width":180,"height":180,"caption":"Suno Not\u00edcias"},"image":{"@id":"https:\/\/www.suno.com.br\/noticias\/#\/schema\/logo\/image\/"},"sameAs":["https:\/\/facebook.com\/sunoresearch","https:\/\/x.com\/sunoresearch","https:\/\/www.instagram.com\/suno","https:\/\/www.linkedin.com\/company\/suno-research\/","https:\/\/www.youtube.com\/c\/sunoresearch"]},{"@type":"Person","@id":"https:\/\/www.suno.com.br\/noticias\/#\/schema\/person\/d712329319cc9b10f254d02d654cb36a","name":"Monique Lima","image":{"@type":"ImageObject","inLanguage":"pt-BR","@id":"https:\/\/www.suno.com.br\/noticias\/#\/schema\/person\/image\/","url":"https:\/\/secure.gravatar.com\/avatar\/daee7f16d906c2e9ffed236206ca2c30?s=96&r=g","contentUrl":"https:\/\/secure.gravatar.com\/avatar\/daee7f16d906c2e9ffed236206ca2c30?s=96&r=g","caption":"Monique Lima"},"description":"Rep\u00f3rter de Mercado no Suno Not\u00edcias, \u00e9 jornalista com experi\u00eancia na cobertura de economia, empreendedorismo, finan\u00e7as pessoais, mercado financeiro, carreira e recursos humanos. Formada em Jornalismo pela Universidade Paulista, teve experi\u00eancias em ve\u00edculos de comunica\u00e7\u00e3o como a Ag\u00eancia TradeMap, Revista Voc\u00ea S\/A e Revista Voc\u00ea RH, as duas \u00faltimas publica\u00e7\u00f5es da Editora Abril. No Suno Not\u00edcias, fala sobre as principais not\u00edcias de Fundos Imobili\u00e1rios, Fiagro, Startups e empresas listadas na Bolsa.","url":"https:\/\/www.suno.com.br\/noticias\/author\/monique-lima\/"}]}},"default_loop_html":"<div class=\"cardsPage__listCard__boxs\"><div class=\"cardsPage__listCard__boxs__img\"><a href=\"https:\/\/www.suno.com.br\/noticias\/ernesto-zarzur-eztec-eztc3-morre-12122021\/\"><img class=\"mask\" src=\"https:\/\/www.suno.com.br\/noticias\/wp-content\/themes\/suno\/resources\/images\/spotlight\/spotlight1img\/bg-mask.png\" alt=\"Image Mask\"\/><img src=\"https:\/\/files.sunoresearch.com.br\/n\/uploads\/2021\/12\/Eztec-400x200.jpg\" alt=\"Ernesto Zarzur, fundador da Eztec (EZTC3), morre aos 87 anos\"\/><\/a><span class=\"spotlightCategory\"><a href=\"https:\/\/www.suno.com.br\/noticias\/negocios\/\">Neg\u00f3cios<\/a><\/span><\/div><div class=\"cardsPage__listCard__boxs__content\"><a href=\"https:\/\/www.suno.com.br\/noticias\/ernesto-zarzur-eztec-eztc3-morre-12122021\/\"><h2 class=\"content__title\">Ernesto Zarzur, fundador da Eztec (EZTC3), morre aos 87 anos<\/h2><\/a><div class=\"newsContent__article__meta\"><div class=\"newsContent__article__meta__authorBox\"><a href=\"https:\/\/www.suno.com.br\/noticias\/author\/monique-lima\/\" class=\"authorBox__avatar noMobi\"><img src=\"https:\/\/secure.gravatar.com\/avatar\/daee7f16d906c2e9ffed236206ca2c30?s=96&#038;r=g\" alt=\"Monique Lima\"><\/a><div class=\"authorBox__name\"><span>por\n\t\t\t<a href=\"https:\/\/www.suno.com.br\/noticias\/author\/monique-lima\/\"><span itemprop=\"author\">Monique Lima<\/span><\/a><\/span><time datetime=\"2021-12-13T08:21:15-03:00\" itemprop=\"datePublished\">13\/12\/2021 08:21<\/time><\/div><\/div><\/div><\/div><\/div>","single_layout":"posts","amp_enabled":true,"_links":{"self":[{"href":"https:\/\/www.suno.com.br\/noticias\/wp-json\/wp\/v2\/posts\/214644"}],"collection":[{"href":"https:\/\/www.suno.com.br\/noticias\/wp-json\/wp\/v2\/posts"}],"about":[{"href":"https:\/\/www.suno.com.br\/noticias\/wp-json\/wp\/v2\/types\/post"}],"author":[{"embeddable":true,"href":"https:\/\/www.suno.com.br\/noticias\/wp-json\/wp\/v2\/users\/102"}],"replies":[{"embeddable":true,"href":"https:\/\/www.suno.com.br\/noticias\/wp-json\/wp\/v2\/comments?post=214644"}],"version-history":[{"count":3,"href":"https:\/\/www.suno.com.br\/noticias\/wp-json\/wp\/v2\/posts\/214644\/revisions"}],"predecessor-version":[{"id":214688,"href":"https:\/\/www.suno.com.br\/noticias\/wp-json\/wp\/v2\/posts\/214644\/revisions\/214688"}],"wp:featuredmedia":[{"embeddable":true,"href":"https:\/\/www.suno.com.br\/noticias\/wp-json\/wp\/v2\/media\/214651"}],"wp:attachment":[{"href":"https:\/\/www.suno.com.br\/noticias\/wp-json\/wp\/v2\/media?parent=214644"}],"wp:term":[{"taxonomy":"category","embeddable":true,"href":"https:\/\/www.suno.com.br\/noticias\/wp-json\/wp\/v2\/categories?post=214644"},{"taxonomy":"post_tag","embeddable":true,"href":"https:\/\/www.suno.com.br\/noticias\/wp-json\/wp\/v2\/tags?post=214644"},{"taxonomy":"suno_strategy","embeddable":true,"href":"https:\/\/www.suno.com.br\/noticias\/wp-json\/wp\/v2\/suno_strategy?post=214644"}],"curies":[{"name":"wp","href":"https:\/\/api.w.org\/{rel}","templated":true}]}}