{"id":21433,"date":"2019-04-17T15:09:34","date_gmt":"2019-04-17T18:09:34","guid":{"rendered":"https:\/\/www.suno.com.br\/noticias\/?p=21433"},"modified":"2019-04-17T17:29:02","modified_gmt":"2019-04-17T20:29:02","slug":"decreto-autoriza-capital-estrangeiro-banco-inter","status":"publish","type":"post","link":"https:\/\/www.suno.com.br\/noticias\/decreto-autoriza-capital-estrangeiro-banco-inter\/","title":{"rendered":"Decreto presidencial autoriza 100% de capital estrangeiro no Banco Inter"},"content":{"rendered":"<p>Um decreto publicado nesta quarta-feira (17) autorizou a participa\u00e7\u00e3o estrangeira em 100% do <strong>capital<\/strong> do Banco Inter (BIDI4). O documento foi expedido pela <strong>Presid\u00eancia da Rep\u00fablica.<\/strong><\/p>\t<div class=\"wrapper-featured-image\">\n\t\t<figure class=\"spotlightImg\">\n\n\t\t\t<picture>\n\t\t\t\t<source media=\"(max-width: 768px)\" srcset=\"https:\/\/files.sunoresearch.com.br\/n\/uploads\/2019\/04\/806e31fb-banco-inter-400x200.webp\">\n\t\t\t\t<img loading=\"lazy\" decoding=\"async\" class=\"newsContent__article__imgCapa lazyloadDisabled newsContent__article__imgCapa--noCaption\" src=\"https:\/\/files.sunoresearch.com.br\/n\/uploads\/2019\/04\/806e31fb-banco-inter-800x450.webp\" width=\"800\" height=\"450\" alt=\"Decreto presidencial autoriza 100% de capital estrangeiro no Banco Inter\" fetchpriority=high \/>\n\t\t\t<\/picture>\n\n\t\t\t<figcaption class=\"wp-caption-text wp-caption-text--hide\">Banco Inter (foto: divulga\u00e7\u00e3o)<\/figcaption>\n\t\t<\/figure>\n\t<\/div>\n\n\n<p>O decreto presidencial\u00a0n\u00ba 9.768 entrou em vigor ap\u00f3s a publica\u00e7\u00e3o no <strong>Di\u00e1rio Oficial da Uni\u00e3o.<\/strong> O <strong>Banco Inter<\/strong> informou seus acionistas e o mercado sobre a mudan\u00e7a na lei atrav\u00e9s de um fato relevante.<\/p>\n<p style=\"text-align: center;\"><iframe loading=\"lazy\" src=\"https:\/\/www.youtube.com\/embed\/F1n0u5hBIJY\" width=\"560\" height=\"315\" frameborder=\"0\" allowfullscreen=\"allowfullscreen\"><\/iframe><\/p>\n<p><a href=\"https:\/\/www.suno.com.br\/noticias\/banco-inter-lanca-corretora-investimentos\/\">Saiba mais: Banco Inter lan\u00e7a corretora de investimentos pr\u00f3pria\u00a0<\/a><\/p>\n<p>&#8220;BANCO INTER S.A. (B3: BIDI4) (\u201cBanco\u201d), em atendimento ao disposto na Instru\u00e7\u00e3o da <strong>Comiss\u00e3o de Valores Mobili\u00e1rios (\u201cCVM\u201d)<\/strong> n\u00ba 358, de 3 de janeiro de 2002, conforme alterada, comunica aos seus acionistas e ao mercado em geral que foi publicado, em 17 de abril 2019, no Di\u00e1rio Oficial da Uni\u00e3o, o <strong>Decreto Presidencial<\/strong> n\u00ba 9.768 de 16 de abril de 2019, que autoriza participa\u00e7\u00e3o estrangeira em at\u00e9 100% do capital do Banco e, indiretamente, de sua controlada Inter Distribuidora de T\u00edtulos e Valores Mobili\u00e1rios Ltda&#8221;.<\/p>\n\n<h2>Resultado positivo em 2018<\/h2>\n<p>O <strong>Banco Inter<\/strong>\u00a0 fechou 2018 com um\u00a0<strong>lucro l\u00edquido<\/strong> de\u00a0R$ 74,2 milh\u00f5es, em alta de 38% em rela\u00e7\u00e3o a 2017.<\/p>\n<p>O valor cai para R$ 69,8 milh\u00f5es, e a alta a 29,8%, quando subtra\u00eddos os R$ 4,4 milh\u00f5es que o<strong> Banco Inter<\/strong> pagou com a revers\u00e3o do diferimento de <a href=\"https:\/\/www.suno.com.br\/artigos\/csll\/\">contribui\u00e7\u00e3o social sobre o lucro l\u00edquido<\/a> (CSLL).<\/p>\n<p>Considerando-se apenas o quarto trimestre, a<strong>\u00a0institui\u00e7\u00e3o financeira<\/strong> alcan\u00e7ou lucro cont\u00e1bil de R$ 22,3 milh\u00f5es. Assim, o\u00a0<strong>crescimento<\/strong>\u00a0foi de 5% em rela\u00e7\u00e3o ao mesmo per\u00edodo do ano anterior.<\/p>\n<p>Por sua vez, na compara\u00e7\u00e3o trimestral, o quarto trimestre obteve alta de 17% (R$ 22 milh\u00f5es).<\/p>\n<p>Em paralelo \u00e0 forte alta, o <strong>Banco Inter<\/strong> observou o retorno sobre patrim\u00f4nio l\u00edquido (<strong>ROAE<\/strong>) despencar na compara\u00e7\u00e3o anual:<\/p>\n<ul>\n<li>4\u00ba trimestre de 2017:\u00a022,6%<\/li>\n<li>4\u00ba trimestre de 2018:\u00a09,5%<\/li>\n<\/ul>\n<p>Contabilizando todo o ano, o <strong>ROAE<\/strong> caiu 4,4 pontos, para 10,4%.<\/p>\n<p>Ressalta-se que a compara\u00e7\u00e3o \u00e9 prejudicada em raz\u00e3o da <a href=\"https:\/\/www.suno.com.br\/artigos\/ipo\/\">abertura de capital<\/a> (IPO) ter sido realizada em abril do ano passado. A oferta de a\u00e7\u00f5es aumentou o patrim\u00f4nio l\u00edquido do banco.<\/p>\n<p>A <strong>margem financeira l\u00edquida<\/strong> alcan\u00e7ou 9,6% em 2018, aumento de 1,4%, se comparada ao mesmo per\u00edodo do ano anterior.<\/p>\n<p><a href=\"https:\/\/www.suno.com.br\/noticias\/ascensao-finthechs-continuara-2019\/\">Saiba mais &#8211;\u00a0A ascens\u00e3o das fintechs continuar\u00e1 em 2019?<\/a><\/p>\n<p>O resultado foi fraco, de acordo com o Morgan Stanley. Sobretudo, por conta dos <strong>dados operacionais<\/strong> ruins e o aumento das provis\u00f5es com <strong>perdas para empr\u00e9stimos<\/strong>.<\/p>\n\t<p>\n\t\t<a href=\"https:\/\/lp.suno.com.br\/ao\/cadastro-whatsapp\/\" target=\"_blank\" data-element=\"shortcode-suno-banner\" title=\"Banner SUNO, clique e saiba mais\">\n\t\t\t<picture>\n\t\t\t\t<source media=\"(max-width: 500px)\" srcset=\"https:\/\/files.sunoresearch.com.br\/n\/uploads\/2024\/02\/400x300-Mobile-Artigos-7.png\">\n\t\t\t\t<img class=\"newsContent__article__imgCapa newsContent__article__imgCapa--banner\"\n\t\t\t\t\tsrc=\"https:\/\/files.sunoresearch.com.br\/n\/uploads\/2024\/01\/1420x240-Banner-Artigos-1-_-Banner-Materias-8.png\"\n\t\t\t\t\tdata-promo-id=\"517344\"\t\t\t\t\t\t\t\t\t\twidth='1420' height='240'\t\t\t\t\talt=\"https:\/\/files.sunoresearch.com.br\/n\/uploads\/2024\/01\/1420x240-Banner-Artigos-1-_-Banner-Materias-8.png\"\n\t\t\t\t>\n\t\t\t<\/picture>\n\t\t<\/a>\n\t<\/p>\n\n\n<p>Al\u00e9m disso, a alta do lucro ocorreu em meio a <strong>impostos<\/strong> mais baixos e subprovisionamento de risco de cr\u00e9dito. Isso proporcionou um <strong>impulso<\/strong> substancial do valor.<\/p>\n<p>O banco digital fechou o ano com 1,45 milh\u00e3o de correntistas, 3,8 vezes o fechamento de 2017.<\/p>\n<p><a href=\"https:\/\/www.suno.com.br\/noticias\/fintechs-2018-ano\/\">Saiba mais &#8211;\u00a0Retrospectiva 2018: um ano intenso para as fintechs<\/a><\/p>\n<h2>Carteira de cr\u00e9dito do Banco Inter<\/h2>\n<p>A <strong>carteira de cr\u00e9dito<\/strong> ampliada do Banco Inter ascendeu 28,3% em um ano, e 9,4% em tr\u00eas meses. Assim, a carteira fechou dezembro em R$ 3,338 bilh\u00f5es.<\/p>\n\t<p>\n\t\t<a href=\"https:\/\/lp.suno.com.br\/ebook-investindo-em-fiis\/\" target=\"_blank\" data-element=\"shortcode-suno-banner\" title=\"Banner SUNO, clique e saiba mais\">\n\t\t\t<picture>\n\t\t\t\t<source media=\"(max-width: 500px)\" srcset=\"https:\/\/files.sunoresearch.com.br\/n\/uploads\/2023\/07\/Ebook-Fundos-Imobiliarios-Mobile.jpg\">\n\t\t\t\t<img class=\"newsContent__article__imgCapa newsContent__article__imgCapa--banner\"\n\t\t\t\t\tsrc=\"https:\/\/files.sunoresearch.com.br\/n\/uploads\/2023\/07\/Ebook-Fundos-Imobiliarios-Desktop.jpg\"\n\t\t\t\t\tdata-promo-id=\"378301\"\t\t\t\t\t\t\t\t\t\twidth='1420' height='286'\t\t\t\t\talt=\"https:\/\/files.sunoresearch.com.br\/n\/uploads\/2023\/07\/Ebook-Fundos-Imobiliarios-Desktop.jpg\"\n\t\t\t\t>\n\t\t\t<\/picture>\n\t\t<\/a>\n\t<\/p>\n\n\n<p>Os <strong>ativos totais<\/strong> subiram de 57,7% em um ano, para R$ 5,641 bilh\u00f5es, enquanto o<strong> patrim\u00f4nio l\u00edquido<\/strong> cresceu 147,7%, para R$ 948,8 milh\u00f5es.<\/p>\n<p>O <strong>\u00cdndice de Basileia<\/strong> da institui\u00e7\u00e3o financeira bateu em 29,9% em dezembro, ante 17,2%\u00a0o mesmo per\u00edodo de 2017, e 31,1% em setembro.<\/p>\n<p>Por sua vez, o <strong>\u00cdndice de Efici\u00eancia<\/strong>\u00a0do <strong>Banco Inter<\/strong> passou de 57,3% no fim de 2017 para 66,8% no ano passado. Este indicador espec\u00edfico mostra a melhor efici\u00eancia da empresa no menor valor de \u00edndice.<\/p>\n<p><a href=\"https:\/\/lp.suno.com.br\/ipo-do-uber-noticias\/\">\u201cQuer saber mais sobre o IPO do Uber? Baixe aqui o relat\u00f3rio completo GRATUITO\u201d<\/a><\/p>\n","protected":false},"excerpt":{"rendered":"<p>Um decreto publicado nesta quarta-feira (17) autorizou a participa\u00e7\u00e3o estrangeira em 100% do capital do Banco Inter (BIDI4). O documento foi expedido pela Presid\u00eancia da Rep\u00fablica. Banco Inter (foto: divulga\u00e7\u00e3o) O decreto presidencial\u00a0n\u00ba 9.768 entrou em vigor ap\u00f3s a publica\u00e7\u00e3o no Di\u00e1rio Oficial da Uni\u00e3o. O Banco Inter informou seus acionistas e o mercado sobre [&hellip;]<\/p>\n","protected":false},"author":9,"featured_media":21437,"comment_status":"closed","ping_status":"closed","sticky":false,"template":"","format":"standard","meta":[],"categories":[64],"tags":[369,902],"suno_strategy":[],"class_list":["post-21433","post","type-post","status-publish","format-standard","has-post-thumbnail","hentry","category-negocios","tag-banco-inter-bidi11-bidi4-bidi3","tag-comissao-de-valores-mobiliarios-cvm"],"yoast_head":"<!-- This site is optimized with the Yoast SEO plugin v24.4 - https:\/\/yoast.com\/wordpress\/plugins\/seo\/ -->\n<title>Decreto presidencial autoriza 100% de capital estrangeiro no Banco Inter<\/title>\n<meta name=\"description\" content=\"Um decreto da Presid\u00eancia da Rep\u00fablica autorizou a participa\u00e7\u00e3o estrangeira em 100% do capital do Banco Inter. Clique aqui para saber mais.\" \/>\n<meta name=\"robots\" content=\"index, follow, max-snippet:-1, max-image-preview:large, max-video-preview:-1\" \/>\n<link rel=\"canonical\" href=\"https:\/\/www.suno.com.br\/noticias\/decreto-autoriza-capital-estrangeiro-banco-inter\/\" \/>\n<meta property=\"og:locale\" content=\"pt_BR\" \/>\n<meta property=\"og:type\" content=\"article\" \/>\n<meta property=\"og:title\" content=\"Decreto presidencial autoriza 100% de capital estrangeiro no Banco Inter\" \/>\n<meta property=\"og:description\" content=\"Um decreto da Presid\u00eancia da Rep\u00fablica autorizou a participa\u00e7\u00e3o estrangeira em 100% do capital do Banco Inter. Clique aqui para saber mais.\" \/>\n<meta property=\"og:url\" content=\"https:\/\/www.suno.com.br\/noticias\/decreto-autoriza-capital-estrangeiro-banco-inter\/\" \/>\n<meta property=\"og:site_name\" content=\"Suno Not\u00edcias\" \/>\n<meta property=\"article:publisher\" content=\"https:\/\/facebook.com\/sunoresearch\" \/>\n<meta property=\"og:image\" content=\"https:\/\/files.sunoresearch.com.br\/n\/uploads\/2019\/04\/806e31fb-banco-inter.jpg\" \/>\n\t<meta property=\"og:image:width\" content=\"888\" \/>\n\t<meta property=\"og:image:height\" content=\"500\" \/>\n\t<meta property=\"og:image:type\" content=\"image\/jpeg\" \/>\n<meta name=\"author\" content=\"Carlo Cauti\" \/>\n<meta name=\"twitter:card\" content=\"summary_large_image\" \/>\n<meta name=\"twitter:creator\" content=\"@sunoresearch\" \/>\n<meta name=\"twitter:site\" content=\"@sunoresearch\" \/>\n<meta name=\"twitter:label1\" content=\"Escrito por\" \/>\n\t<meta name=\"twitter:data1\" content=\"Carlo Cauti\" \/>\n\t<meta name=\"twitter:label2\" content=\"Est. tempo de leitura\" \/>\n\t<meta name=\"twitter:data2\" content=\"3 minutos\" \/>\n<script type=\"application\/ld+json\" class=\"yoast-schema-graph\">{\"@context\":\"https:\/\/schema.org\",\"@graph\":[{\"@type\":\"NewsArticle\",\"@id\":\"https:\/\/www.suno.com.br\/noticias\/decreto-autoriza-capital-estrangeiro-banco-inter\/#article\",\"isPartOf\":{\"@id\":\"https:\/\/www.suno.com.br\/noticias\/decreto-autoriza-capital-estrangeiro-banco-inter\/\"},\"author\":{\"name\":\"Carlo Cauti\",\"@id\":\"https:\/\/www.suno.com.br\/noticias\/#\/schema\/person\/e6e0f723cc177805027f4566c1d5e0c8\"},\"headline\":\"Decreto presidencial autoriza 100% de capital estrangeiro no Banco Inter\",\"datePublished\":\"2019-04-17T18:09:34+00:00\",\"dateModified\":\"2019-04-17T20:29:02+00:00\",\"mainEntityOfPage\":{\"@id\":\"https:\/\/www.suno.com.br\/noticias\/decreto-autoriza-capital-estrangeiro-banco-inter\/\"},\"wordCount\":599,\"publisher\":{\"@id\":\"https:\/\/www.suno.com.br\/noticias\/#organization\"},\"image\":{\"@id\":\"https:\/\/www.suno.com.br\/noticias\/decreto-autoriza-capital-estrangeiro-banco-inter\/#primaryimage\"},\"thumbnailUrl\":\"https:\/\/files.sunoresearch.com.br\/n\/uploads\/2019\/04\/806e31fb-banco-inter-jpg.webp\",\"keywords\":[\"Banco Inter (BIDI11\/BIDI4\/BIDI3)\",\"Comiss\u00e3o de Valores Mobili\u00e1rios (CVM)\"],\"articleSection\":[\"Neg\u00f3cios\"],\"inLanguage\":\"pt-BR\"},{\"@type\":\"WebPage\",\"@id\":\"https:\/\/www.suno.com.br\/noticias\/decreto-autoriza-capital-estrangeiro-banco-inter\/\",\"url\":\"https:\/\/www.suno.com.br\/noticias\/decreto-autoriza-capital-estrangeiro-banco-inter\/\",\"name\":\"Decreto presidencial autoriza 100% de capital estrangeiro no Banco Inter\",\"isPartOf\":{\"@id\":\"https:\/\/www.suno.com.br\/noticias\/#website\"},\"primaryImageOfPage\":{\"@id\":\"https:\/\/www.suno.com.br\/noticias\/decreto-autoriza-capital-estrangeiro-banco-inter\/#primaryimage\"},\"image\":{\"@id\":\"https:\/\/www.suno.com.br\/noticias\/decreto-autoriza-capital-estrangeiro-banco-inter\/#primaryimage\"},\"thumbnailUrl\":\"https:\/\/files.sunoresearch.com.br\/n\/uploads\/2019\/04\/806e31fb-banco-inter-jpg.webp\",\"datePublished\":\"2019-04-17T18:09:34+00:00\",\"dateModified\":\"2019-04-17T20:29:02+00:00\",\"description\":\"Um decreto da Presid\u00eancia da Rep\u00fablica autorizou a participa\u00e7\u00e3o estrangeira em 100% do capital do Banco Inter. Clique aqui para saber mais.\",\"breadcrumb\":{\"@id\":\"https:\/\/www.suno.com.br\/noticias\/decreto-autoriza-capital-estrangeiro-banco-inter\/#breadcrumb\"},\"inLanguage\":\"pt-BR\",\"potentialAction\":[{\"@type\":\"ReadAction\",\"target\":[\"https:\/\/www.suno.com.br\/noticias\/decreto-autoriza-capital-estrangeiro-banco-inter\/\"]}]},{\"@type\":\"ImageObject\",\"inLanguage\":\"pt-BR\",\"@id\":\"https:\/\/www.suno.com.br\/noticias\/decreto-autoriza-capital-estrangeiro-banco-inter\/#primaryimage\",\"url\":\"https:\/\/files.sunoresearch.com.br\/n\/uploads\/2019\/04\/806e31fb-banco-inter-jpg.webp\",\"contentUrl\":\"https:\/\/files.sunoresearch.com.br\/n\/uploads\/2019\/04\/806e31fb-banco-inter-jpg.webp\",\"width\":888,\"height\":500,\"caption\":\"Banco Inter (foto: divulga\u00e7\u00e3o)\"},{\"@type\":\"BreadcrumbList\",\"@id\":\"https:\/\/www.suno.com.br\/noticias\/decreto-autoriza-capital-estrangeiro-banco-inter\/#breadcrumb\",\"itemListElement\":[{\"@type\":\"ListItem\",\"position\":1,\"name\":\"Not\u00edcias\",\"item\":\"https:\/\/www.suno.com.br\/noticias\/\"},{\"@type\":\"ListItem\",\"position\":2,\"name\":\"Neg\u00f3cios\",\"item\":\"https:\/\/www.suno.com.br\/noticias\/negocios\/\"},{\"@type\":\"ListItem\",\"position\":3,\"name\":\"Decreto presidencial autoriza 100% de capital estrangeiro no Banco Inter\"}]},{\"@type\":\"WebSite\",\"@id\":\"https:\/\/www.suno.com.br\/noticias\/#website\",\"url\":\"https:\/\/www.suno.com.br\/noticias\/\",\"name\":\"Suno Not\u00edcias\",\"description\":\"Seu portal de informa\u00e7\u00e3o sobre o mundo dos investimentos\",\"publisher\":{\"@id\":\"https:\/\/www.suno.com.br\/noticias\/#organization\"},\"potentialAction\":[{\"@type\":\"SearchAction\",\"target\":{\"@type\":\"EntryPoint\",\"urlTemplate\":\"https:\/\/www.suno.com.br\/noticias\/?s={search_term_string}\"},\"query-input\":{\"@type\":\"PropertyValueSpecification\",\"valueRequired\":true,\"valueName\":\"search_term_string\"}}],\"inLanguage\":\"pt-BR\"},{\"@type\":\"Organization\",\"@id\":\"https:\/\/www.suno.com.br\/noticias\/#organization\",\"name\":\"Suno Not\u00edcias\",\"url\":\"https:\/\/www.suno.com.br\/noticias\/\",\"logo\":{\"@type\":\"ImageObject\",\"inLanguage\":\"pt-BR\",\"@id\":\"https:\/\/www.suno.com.br\/noticias\/#\/schema\/logo\/image\/\",\"url\":\"https:\/\/files.sunoresearch.com.br\/n\/uploads\/2021\/09\/suno-logo.png\",\"contentUrl\":\"https:\/\/files.sunoresearch.com.br\/n\/uploads\/2021\/09\/suno-logo.png\",\"width\":180,\"height\":180,\"caption\":\"Suno Not\u00edcias\"},\"image\":{\"@id\":\"https:\/\/www.suno.com.br\/noticias\/#\/schema\/logo\/image\/\"},\"sameAs\":[\"https:\/\/facebook.com\/sunoresearch\",\"https:\/\/x.com\/sunoresearch\",\"https:\/\/www.instagram.com\/suno\",\"https:\/\/www.linkedin.com\/company\/suno-research\/\",\"https:\/\/www.youtube.com\/c\/sunoresearch\"]},{\"@type\":\"Person\",\"@id\":\"https:\/\/www.suno.com.br\/noticias\/#\/schema\/person\/e6e0f723cc177805027f4566c1d5e0c8\",\"name\":\"Carlo Cauti\",\"image\":{\"@type\":\"ImageObject\",\"inLanguage\":\"pt-BR\",\"@id\":\"https:\/\/www.suno.com.br\/noticias\/#\/schema\/person\/image\/\",\"url\":\"https:\/\/secure.gravatar.com\/avatar\/3ada9e0bd164c23abd4792a9606d583c?s=96&r=g\",\"contentUrl\":\"https:\/\/secure.gravatar.com\/avatar\/3ada9e0bd164c23abd4792a9606d583c?s=96&r=g\",\"caption\":\"Carlo Cauti\"},\"description\":\"Editor multim\u00eddia do SUNO Not\u00edcias. Italiano, formado em Ci\u00eancias Pol\u00edticas pela universidade LUISS G. Carli de Roma e mestre cum laude em Rela\u00e7\u00f5es Internacionais, Jornalismo Internacional e de Guerra e em Economia Internacional. Concluiu tamb\u00e9m um MBA em Finan\u00e7as na B3. No Brasil, teve passagem por ve\u00edculos como Estad\u00e3o, Globo, Veja e EXAME. e nas ag\u00eancias de not\u00edcias italianas ANSA e NOVA.\",\"url\":\"https:\/\/www.suno.com.br\/noticias\/author\/carlo-cauti\/\"}]}<\/script>\n<!-- \/ Yoast SEO plugin. -->","yoast_head_json":{"title":"Decreto presidencial autoriza 100% de capital estrangeiro no Banco Inter","description":"Um decreto da Presid\u00eancia da Rep\u00fablica autorizou a participa\u00e7\u00e3o estrangeira em 100% do capital do Banco Inter. Clique aqui para saber mais.","robots":{"index":"index","follow":"follow","max-snippet":"max-snippet:-1","max-image-preview":"max-image-preview:large","max-video-preview":"max-video-preview:-1"},"canonical":"https:\/\/www.suno.com.br\/noticias\/decreto-autoriza-capital-estrangeiro-banco-inter\/","og_locale":"pt_BR","og_type":"article","og_title":"Decreto presidencial autoriza 100% de capital estrangeiro no Banco Inter","og_description":"Um decreto da Presid\u00eancia da Rep\u00fablica autorizou a participa\u00e7\u00e3o estrangeira em 100% do capital do Banco Inter. Clique aqui para saber mais.","og_url":"https:\/\/www.suno.com.br\/noticias\/decreto-autoriza-capital-estrangeiro-banco-inter\/","og_site_name":"Suno Not\u00edcias","article_publisher":"https:\/\/facebook.com\/sunoresearch","og_image":[{"width":888,"height":500,"url":"https:\/\/files.sunoresearch.com.br\/n\/uploads\/2019\/04\/806e31fb-banco-inter.jpg","type":"image\/jpeg"}],"author":"Carlo Cauti","twitter_card":"summary_large_image","twitter_creator":"@sunoresearch","twitter_site":"@sunoresearch","twitter_misc":{"Escrito por":"Carlo Cauti","Est. tempo de leitura":"3 minutos"},"schema":{"@context":"https:\/\/schema.org","@graph":[{"@type":"NewsArticle","@id":"https:\/\/www.suno.com.br\/noticias\/decreto-autoriza-capital-estrangeiro-banco-inter\/#article","isPartOf":{"@id":"https:\/\/www.suno.com.br\/noticias\/decreto-autoriza-capital-estrangeiro-banco-inter\/"},"author":{"name":"Carlo Cauti","@id":"https:\/\/www.suno.com.br\/noticias\/#\/schema\/person\/e6e0f723cc177805027f4566c1d5e0c8"},"headline":"Decreto presidencial autoriza 100% de capital estrangeiro no Banco Inter","datePublished":"2019-04-17T18:09:34+00:00","dateModified":"2019-04-17T20:29:02+00:00","mainEntityOfPage":{"@id":"https:\/\/www.suno.com.br\/noticias\/decreto-autoriza-capital-estrangeiro-banco-inter\/"},"wordCount":599,"publisher":{"@id":"https:\/\/www.suno.com.br\/noticias\/#organization"},"image":{"@id":"https:\/\/www.suno.com.br\/noticias\/decreto-autoriza-capital-estrangeiro-banco-inter\/#primaryimage"},"thumbnailUrl":"https:\/\/files.sunoresearch.com.br\/n\/uploads\/2019\/04\/806e31fb-banco-inter-jpg.webp","keywords":["Banco Inter (BIDI11\/BIDI4\/BIDI3)","Comiss\u00e3o de Valores Mobili\u00e1rios (CVM)"],"articleSection":["Neg\u00f3cios"],"inLanguage":"pt-BR"},{"@type":"WebPage","@id":"https:\/\/www.suno.com.br\/noticias\/decreto-autoriza-capital-estrangeiro-banco-inter\/","url":"https:\/\/www.suno.com.br\/noticias\/decreto-autoriza-capital-estrangeiro-banco-inter\/","name":"Decreto presidencial autoriza 100% de capital estrangeiro no Banco Inter","isPartOf":{"@id":"https:\/\/www.suno.com.br\/noticias\/#website"},"primaryImageOfPage":{"@id":"https:\/\/www.suno.com.br\/noticias\/decreto-autoriza-capital-estrangeiro-banco-inter\/#primaryimage"},"image":{"@id":"https:\/\/www.suno.com.br\/noticias\/decreto-autoriza-capital-estrangeiro-banco-inter\/#primaryimage"},"thumbnailUrl":"https:\/\/files.sunoresearch.com.br\/n\/uploads\/2019\/04\/806e31fb-banco-inter-jpg.webp","datePublished":"2019-04-17T18:09:34+00:00","dateModified":"2019-04-17T20:29:02+00:00","description":"Um decreto da Presid\u00eancia da Rep\u00fablica autorizou a participa\u00e7\u00e3o estrangeira em 100% do capital do Banco Inter. Clique aqui para saber mais.","breadcrumb":{"@id":"https:\/\/www.suno.com.br\/noticias\/decreto-autoriza-capital-estrangeiro-banco-inter\/#breadcrumb"},"inLanguage":"pt-BR","potentialAction":[{"@type":"ReadAction","target":["https:\/\/www.suno.com.br\/noticias\/decreto-autoriza-capital-estrangeiro-banco-inter\/"]}]},{"@type":"ImageObject","inLanguage":"pt-BR","@id":"https:\/\/www.suno.com.br\/noticias\/decreto-autoriza-capital-estrangeiro-banco-inter\/#primaryimage","url":"https:\/\/files.sunoresearch.com.br\/n\/uploads\/2019\/04\/806e31fb-banco-inter-jpg.webp","contentUrl":"https:\/\/files.sunoresearch.com.br\/n\/uploads\/2019\/04\/806e31fb-banco-inter-jpg.webp","width":888,"height":500,"caption":"Banco Inter (foto: divulga\u00e7\u00e3o)"},{"@type":"BreadcrumbList","@id":"https:\/\/www.suno.com.br\/noticias\/decreto-autoriza-capital-estrangeiro-banco-inter\/#breadcrumb","itemListElement":[{"@type":"ListItem","position":1,"name":"Not\u00edcias","item":"https:\/\/www.suno.com.br\/noticias\/"},{"@type":"ListItem","position":2,"name":"Neg\u00f3cios","item":"https:\/\/www.suno.com.br\/noticias\/negocios\/"},{"@type":"ListItem","position":3,"name":"Decreto presidencial autoriza 100% de capital estrangeiro no Banco Inter"}]},{"@type":"WebSite","@id":"https:\/\/www.suno.com.br\/noticias\/#website","url":"https:\/\/www.suno.com.br\/noticias\/","name":"Suno Not\u00edcias","description":"Seu portal de informa\u00e7\u00e3o sobre o mundo dos investimentos","publisher":{"@id":"https:\/\/www.suno.com.br\/noticias\/#organization"},"potentialAction":[{"@type":"SearchAction","target":{"@type":"EntryPoint","urlTemplate":"https:\/\/www.suno.com.br\/noticias\/?s={search_term_string}"},"query-input":{"@type":"PropertyValueSpecification","valueRequired":true,"valueName":"search_term_string"}}],"inLanguage":"pt-BR"},{"@type":"Organization","@id":"https:\/\/www.suno.com.br\/noticias\/#organization","name":"Suno Not\u00edcias","url":"https:\/\/www.suno.com.br\/noticias\/","logo":{"@type":"ImageObject","inLanguage":"pt-BR","@id":"https:\/\/www.suno.com.br\/noticias\/#\/schema\/logo\/image\/","url":"https:\/\/files.sunoresearch.com.br\/n\/uploads\/2021\/09\/suno-logo.png","contentUrl":"https:\/\/files.sunoresearch.com.br\/n\/uploads\/2021\/09\/suno-logo.png","width":180,"height":180,"caption":"Suno Not\u00edcias"},"image":{"@id":"https:\/\/www.suno.com.br\/noticias\/#\/schema\/logo\/image\/"},"sameAs":["https:\/\/facebook.com\/sunoresearch","https:\/\/x.com\/sunoresearch","https:\/\/www.instagram.com\/suno","https:\/\/www.linkedin.com\/company\/suno-research\/","https:\/\/www.youtube.com\/c\/sunoresearch"]},{"@type":"Person","@id":"https:\/\/www.suno.com.br\/noticias\/#\/schema\/person\/e6e0f723cc177805027f4566c1d5e0c8","name":"Carlo Cauti","image":{"@type":"ImageObject","inLanguage":"pt-BR","@id":"https:\/\/www.suno.com.br\/noticias\/#\/schema\/person\/image\/","url":"https:\/\/secure.gravatar.com\/avatar\/3ada9e0bd164c23abd4792a9606d583c?s=96&r=g","contentUrl":"https:\/\/secure.gravatar.com\/avatar\/3ada9e0bd164c23abd4792a9606d583c?s=96&r=g","caption":"Carlo Cauti"},"description":"Editor multim\u00eddia do SUNO Not\u00edcias. Italiano, formado em Ci\u00eancias Pol\u00edticas pela universidade LUISS G. Carli de Roma e mestre cum laude em Rela\u00e7\u00f5es Internacionais, Jornalismo Internacional e de Guerra e em Economia Internacional. Concluiu tamb\u00e9m um MBA em Finan\u00e7as na B3. No Brasil, teve passagem por ve\u00edculos como Estad\u00e3o, Globo, Veja e EXAME. e nas ag\u00eancias de not\u00edcias italianas ANSA e NOVA.","url":"https:\/\/www.suno.com.br\/noticias\/author\/carlo-cauti\/"}]}},"default_loop_html":"<div class=\"cardsPage__listCard__boxs\"><div class=\"cardsPage__listCard__boxs__img\"><a href=\"https:\/\/www.suno.com.br\/noticias\/decreto-autoriza-capital-estrangeiro-banco-inter\/\"><img class=\"mask\" src=\"https:\/\/www.suno.com.br\/noticias\/wp-content\/themes\/suno\/resources\/images\/spotlight\/spotlight1img\/bg-mask.png\" alt=\"Image Mask\"\/><img src=\"https:\/\/files.sunoresearch.com.br\/n\/uploads\/2019\/04\/806e31fb-banco-inter-400x200.webp\" alt=\"Decreto presidencial autoriza 100% de capital estrangeiro no Banco Inter\"\/><\/a><span class=\"spotlightCategory\"><a href=\"https:\/\/www.suno.com.br\/noticias\/negocios\/\">Neg\u00f3cios<\/a><\/span><\/div><div class=\"cardsPage__listCard__boxs__content\"><a href=\"https:\/\/www.suno.com.br\/noticias\/decreto-autoriza-capital-estrangeiro-banco-inter\/\"><h2 class=\"content__title\">Decreto presidencial autoriza 100% de capital estrangeiro no Banco Inter<\/h2><\/a><div class=\"newsContent__article__meta\"><div class=\"newsContent__article__meta__authorBox\"><a href=\"https:\/\/www.suno.com.br\/noticias\/author\/carlo-cauti\/\" class=\"authorBox__avatar noMobi\"><img src=\"https:\/\/files.sunoresearch.com.br\/n\/uploads\/2020\/08\/e3745f9a-perfil-carlo-cauti-150x150.webp\" alt=\"Carlo Cauti\"><\/a><div class=\"authorBox__name\"><span>por\n\t\t\t<a href=\"https:\/\/www.suno.com.br\/noticias\/author\/carlo-cauti\/\"><span itemprop=\"author\">Carlo Cauti<\/span><\/a><\/span><time datetime=\"2019-04-17T15:09:34-03:00\" itemprop=\"datePublished\">17\/04\/2019 15:09<\/time><\/div><\/div><\/div><\/div><\/div>","single_layout":"posts","amp_enabled":true,"_links":{"self":[{"href":"https:\/\/www.suno.com.br\/noticias\/wp-json\/wp\/v2\/posts\/21433"}],"collection":[{"href":"https:\/\/www.suno.com.br\/noticias\/wp-json\/wp\/v2\/posts"}],"about":[{"href":"https:\/\/www.suno.com.br\/noticias\/wp-json\/wp\/v2\/types\/post"}],"author":[{"embeddable":true,"href":"https:\/\/www.suno.com.br\/noticias\/wp-json\/wp\/v2\/users\/9"}],"replies":[{"embeddable":true,"href":"https:\/\/www.suno.com.br\/noticias\/wp-json\/wp\/v2\/comments?post=21433"}],"version-history":[{"count":0,"href":"https:\/\/www.suno.com.br\/noticias\/wp-json\/wp\/v2\/posts\/21433\/revisions"}],"wp:featuredmedia":[{"embeddable":true,"href":"https:\/\/www.suno.com.br\/noticias\/wp-json\/wp\/v2\/media\/21437"}],"wp:attachment":[{"href":"https:\/\/www.suno.com.br\/noticias\/wp-json\/wp\/v2\/media?parent=21433"}],"wp:term":[{"taxonomy":"category","embeddable":true,"href":"https:\/\/www.suno.com.br\/noticias\/wp-json\/wp\/v2\/categories?post=21433"},{"taxonomy":"post_tag","embeddable":true,"href":"https:\/\/www.suno.com.br\/noticias\/wp-json\/wp\/v2\/tags?post=21433"},{"taxonomy":"suno_strategy","embeddable":true,"href":"https:\/\/www.suno.com.br\/noticias\/wp-json\/wp\/v2\/suno_strategy?post=21433"}],"curies":[{"name":"wp","href":"https:\/\/api.w.org\/{rel}","templated":true}]}}