{"id":21378,"date":"2019-04-17T13:58:08","date_gmt":"2019-04-17T16:58:08","guid":{"rendered":"https:\/\/www.suno.com.br\/noticias\/?p=21378"},"modified":"2021-02-19T15:14:50","modified_gmt":"2021-02-19T18:14:50","slug":"toyota-fabricacao-corolla-hibrido-flex","status":"publish","type":"post","link":"https:\/\/www.suno.com.br\/noticias\/toyota-fabricacao-corolla-hibrido-flex\/","title":{"rendered":"Toyota confirma produ\u00e7\u00e3o em SP de Corolla que ser\u00e1 1\u00ba h\u00edbrido flex do mundo"},"content":{"rendered":"<p>A Toyota anunciou nesta quarta-feira (17) que come\u00e7ar\u00e1 a produ\u00e7\u00e3o do <strong>Corolla h\u00edbrido flex.<\/strong>\u00a0Em an\u00fancio feito no <strong>Pal\u00e1cio dos Bandeirantes<\/strong> ao governador <strong>Jo\u00e3o Doria<\/strong> (PSDB), a empresa confirmou que a fabrica\u00e7\u00e3o vai ser feita na f\u00e1brica de Indaiatuba, no interior de S\u00e3o Paulo.<\/p>\t<div class=\"wrapper-featured-image\">\n\t\t<figure class=\"spotlightImg\">\n\n\t\t\t<picture>\n\t\t\t\t<source media=\"(max-width: 768px)\" srcset=\"https:\/\/files.sunoresearch.com.br\/n\/uploads\/2019\/04\/c01ccba9-toyota-400x200.webp\">\n\t\t\t\t<img loading=\"lazy\" decoding=\"async\" class=\"newsContent__article__imgCapa lazyloadDisabled newsContent__article__imgCapa--noCaption\" src=\"https:\/\/files.sunoresearch.com.br\/n\/uploads\/2019\/04\/c01ccba9-toyota-jpg.webp\" width=\"800\" height=\"450\" alt=\"Toyota confirma produ\u00e7\u00e3o em SP de Corolla que ser\u00e1 1\u00ba h\u00edbrido flex do mundo\" fetchpriority=high \/>\n\t\t\t<\/picture>\n\n\t\t\t<figcaption class=\"wp-caption-text wp-caption-text--hide\">Coronav\u00edrus: f\u00e1bricas da Toyota podem ser afetadas por epidemia<\/figcaption>\n\t\t<\/figure>\n\t<\/div>\n\n\n<p>O avan\u00e7o na produ\u00e7\u00e3o automobil\u00edstica \u00e9 resultado de um investimento de R$ 1 bilh\u00e3o na f\u00e1brica da <strong>Toyota<\/strong> e no desenvolvimento do <strong>carro.<\/strong> O ve\u00edculo ser\u00e1 o primeiro do mundo a ter um motor a gasolina e \u00e1lcool e outro el\u00e9trico.\u00a0At\u00e9 ent\u00e3o, os h\u00edbridos, no motor \u00e0 combust\u00e3o, s\u00f3 aceitavam gasolina.<\/p>\n\n<p>O desenvolvimento da tecnologia para o motor \u00e9 feito entre engenheiros brasileiros e japoneses. O presidente da <strong>Toyota,<\/strong>\u00a0<strong>Rafael Chang,<\/strong> afirmou que o carro ser\u00e1 o autom\u00f3vel &#8220;mais eficiente e limpo do mundo&#8221;.<\/p>\n<p><a href=\"https:\/\/www.suno.com.br\/noticias\/toyota-carro-hibrido-flex-mundo\/\">Saiba Mais: Carro h\u00edbrido da Toyota Brasil ter\u00e1 tecnologia \u00fanica no mundo<\/a><\/p>\n<p>Segundo a montadora, estudos apontam que ao ser abastecido com etanol, o ve\u00edculo tem um dos maiores potenciais de diminuir a emiss\u00e3o de di\u00f3xido de carbono (CO2).<\/p>\n<h2>Desconto no ICMS<\/h2>\n<p>Ap\u00f3s encontro com o governador <strong>Jo\u00e3o Doria,<\/strong> ainda n\u00e3o se sabe se o projeto da <strong>Toyota<\/strong> ser\u00e1 beneficiado pelo programa de redu\u00e7\u00e3o do <strong>ICMS<\/strong> do governo de S\u00e3o Paulo. A proposta oferece redu\u00e7\u00e3o no imposto das empresas que investirem no setor automotivo no estado. O decreto com os detalhes do projeto h\u00edbrido ser\u00e1 lan\u00e7ado na pr\u00f3xima semana.<\/p>\n<h2>Mercado de aut\u00f4nomos<\/h2>\n<p>A Honda Motor e a Hino Motors tamb\u00e9m adentrar\u00e3o nas negocia\u00e7\u00f5es do SoftBank e da <strong>Toyota Motor,<\/strong> cujos investimentos ser\u00e3o voltados ao desenvolvimento de carros aut\u00f4nomos no Jap\u00e3o.<\/p>\n<p><a href=\"https:\/\/www.suno.com.br\/noticias\/toyota-honda-parceria-hino-softbank-carros-autonomos\/\">Saiba Mais: Toyota e Honda fecham parceria em neg\u00f3cio de carros aut\u00f4nomos<\/a><\/p>\n<p>A Hino \u00e9 uma fabricante de caminh\u00f5es e \u00f4nibus, subsidi\u00e1ria da Toyota. A Honda e a Hino investir\u00e3o cerca de 250 milh\u00f5es de ienes (cerca de US$ 2,27 milh\u00f5es), cada uma, na joint-venture (empresa conjunta) Monet Technologies.<\/p>\n\t<p>\n\t\t<a href=\"https:\/\/lp.suno.com.br\/planilha-de-controle-de-investimentos\/\" target=\"_blank\" data-element=\"shortcode-suno-banner\" title=\"Banner SUNO, clique e saiba mais\">\n\t\t\t<picture>\n\t\t\t\t<source media=\"(max-width: 500px)\" srcset=\"https:\/\/files.sunoresearch.com.br\/n\/uploads\/2023\/03\/400x300-Controle-de-Investimentos.png\">\n\t\t\t\t<img class=\"newsContent__article__imgCapa newsContent__article__imgCapa--banner\"\n\t\t\t\t\tsrc=\"https:\/\/files.sunoresearch.com.br\/n\/uploads\/2023\/03\/1420x240-Controle-de-Investimentos.png\"\n\t\t\t\t\tdata-promo-id=\"75934\"\t\t\t\t\t\t\t\t\t\twidth='1420' height='240'\t\t\t\t\talt=\"https:\/\/files.sunoresearch.com.br\/n\/uploads\/2023\/03\/1420x240-Controle-de-Investimentos.png\"\n\t\t\t\t>\n\t\t\t<\/picture>\n\t\t<\/a>\n\t<\/p>\n\n\n<p>Assim, cada empresa deter\u00e1 cerca de 9,9% de participa\u00e7\u00e3o no neg\u00f3cio. O novo investimento da Honda e da Hino deixar\u00e1 as empresas que j\u00e1 est\u00e3o no empreendimento com as seguintes participa\u00e7\u00f5es:<\/p>\n<ul>\n<li>SoftBank: 40,2% (tal empresa detinha pouco mais de 50% quando o neg\u00f3cio foi iniciado).<\/li>\n<li>Toyota: 39,8%.<\/li>\n<\/ul>\n<p>A <strong>Toyota<\/strong> e o <strong>SoftBank<\/strong> desenvolveram o empreendimento em 2018. O objetivo \u00e9 que os carros aut\u00f4nomos desenvolvidos venham a competir na esfera de compartilhamento de caronas. Tal segmento \u00e9 dominado por startups, como a Uber, a Didi Chuxing e a Lyft.<\/p>\n<p><a href=\"https:\/\/lp.suno.com.br\/ipo-do-uber-noticias\/\">&#8220;Quer saber mais sobre o IPO do Uber? Baixe aqui o relat\u00f3rio completo GRATUITO&#8221;<\/a><\/p>\n","protected":false},"excerpt":{"rendered":"<p>A Toyota anunciou nesta quarta-feira (17) que come\u00e7ar\u00e1 a produ\u00e7\u00e3o do Corolla h\u00edbrido flex.\u00a0Em an\u00fancio feito no Pal\u00e1cio dos Bandeirantes ao governador Jo\u00e3o Doria (PSDB), a empresa confirmou que a fabrica\u00e7\u00e3o vai ser feita na f\u00e1brica de Indaiatuba, no interior de S\u00e3o Paulo. Coronav\u00edrus: f\u00e1bricas da Toyota podem ser afetadas por epidemia O avan\u00e7o na [&hellip;]<\/p>\n","protected":false},"author":16,"featured_media":21413,"comment_status":"closed","ping_status":"closed","sticky":false,"template":"","format":"standard","meta":[],"categories":[64],"tags":[1603,941,864],"suno_strategy":[],"class_list":["post-21378","post","type-post","status-publish","format-standard","has-post-thumbnail","hentry","category-negocios","tag-didi-chuxing","tag-setor-automotivo","tag-toyota-tmco34"],"yoast_head":"<!-- This site is optimized with the Yoast SEO plugin v24.4 - https:\/\/yoast.com\/wordpress\/plugins\/seo\/ -->\n<title>Toyota confirma produ\u00e7\u00e3o em SP de 1\u00ba carro h\u00edbrido flex do mundo<\/title>\n<meta name=\"description\" content=\"A Toyota vai come\u00e7ar a produzir em S\u00e3o Paulo o primeiro carro com motor a combust\u00edvel e el\u00e9trico. Clique para saber mais.\" \/>\n<meta name=\"robots\" content=\"index, follow, max-snippet:-1, max-image-preview:large, max-video-preview:-1\" \/>\n<link rel=\"canonical\" href=\"https:\/\/www.suno.com.br\/noticias\/toyota-fabricacao-corolla-hibrido-flex\/\" \/>\n<meta property=\"og:locale\" content=\"pt_BR\" \/>\n<meta property=\"og:type\" content=\"article\" \/>\n<meta property=\"og:title\" content=\"Toyota confirma produ\u00e7\u00e3o em SP de 1\u00ba carro h\u00edbrido flex do mundo\" \/>\n<meta property=\"og:description\" content=\"A Toyota vai come\u00e7ar a produzir em S\u00e3o Paulo o primeiro carro com motor a combust\u00edvel e el\u00e9trico. Clique para saber mais.\" \/>\n<meta property=\"og:url\" content=\"https:\/\/www.suno.com.br\/noticias\/toyota-fabricacao-corolla-hibrido-flex\/\" \/>\n<meta property=\"og:site_name\" content=\"Suno Not\u00edcias\" \/>\n<meta property=\"article:publisher\" content=\"https:\/\/facebook.com\/sunoresearch\" \/>\n<meta property=\"og:image\" content=\"https:\/\/files.sunoresearch.com.br\/n\/uploads\/2019\/04\/c01ccba9-toyota.jpg\" \/>\n\t<meta property=\"og:image:width\" content=\"840\" \/>\n\t<meta property=\"og:image:height\" content=\"419\" \/>\n\t<meta property=\"og:image:type\" content=\"image\/jpeg\" \/>\n<meta name=\"author\" content=\"Beatriz Oliveira\" \/>\n<meta name=\"twitter:card\" content=\"summary_large_image\" \/>\n<meta name=\"twitter:creator\" content=\"@sunoresearch\" \/>\n<meta name=\"twitter:site\" content=\"@sunoresearch\" \/>\n<meta name=\"twitter:label1\" content=\"Escrito por\" \/>\n\t<meta name=\"twitter:data1\" content=\"Beatriz Oliveira\" \/>\n\t<meta name=\"twitter:label2\" content=\"Est. tempo de leitura\" \/>\n\t<meta name=\"twitter:data2\" content=\"2 minutos\" \/>\n<script type=\"application\/ld+json\" class=\"yoast-schema-graph\">{\"@context\":\"https:\/\/schema.org\",\"@graph\":[{\"@type\":\"NewsArticle\",\"@id\":\"https:\/\/www.suno.com.br\/noticias\/toyota-fabricacao-corolla-hibrido-flex\/#article\",\"isPartOf\":{\"@id\":\"https:\/\/www.suno.com.br\/noticias\/toyota-fabricacao-corolla-hibrido-flex\/\"},\"author\":{\"name\":\"Beatriz Oliveira\",\"@id\":\"https:\/\/www.suno.com.br\/noticias\/#\/schema\/person\/e67f665add014bf99f644028de070cc3\"},\"headline\":\"Toyota confirma produ\u00e7\u00e3o em SP de Corolla que ser\u00e1 1\u00ba h\u00edbrido flex do mundo\",\"datePublished\":\"2019-04-17T16:58:08+00:00\",\"dateModified\":\"2021-02-19T18:14:50+00:00\",\"mainEntityOfPage\":{\"@id\":\"https:\/\/www.suno.com.br\/noticias\/toyota-fabricacao-corolla-hibrido-flex\/\"},\"wordCount\":470,\"publisher\":{\"@id\":\"https:\/\/www.suno.com.br\/noticias\/#organization\"},\"image\":{\"@id\":\"https:\/\/www.suno.com.br\/noticias\/toyota-fabricacao-corolla-hibrido-flex\/#primaryimage\"},\"thumbnailUrl\":\"https:\/\/files.sunoresearch.com.br\/n\/uploads\/2019\/04\/c01ccba9-toyota-jpg.webp\",\"keywords\":[\"Didi Chuxing\",\"setor automotivo\",\"Toyota (TMCO34)\"],\"articleSection\":[\"Neg\u00f3cios\"],\"inLanguage\":\"pt-BR\"},{\"@type\":\"WebPage\",\"@id\":\"https:\/\/www.suno.com.br\/noticias\/toyota-fabricacao-corolla-hibrido-flex\/\",\"url\":\"https:\/\/www.suno.com.br\/noticias\/toyota-fabricacao-corolla-hibrido-flex\/\",\"name\":\"Toyota confirma produ\u00e7\u00e3o em SP de 1\u00ba carro h\u00edbrido flex do mundo\",\"isPartOf\":{\"@id\":\"https:\/\/www.suno.com.br\/noticias\/#website\"},\"primaryImageOfPage\":{\"@id\":\"https:\/\/www.suno.com.br\/noticias\/toyota-fabricacao-corolla-hibrido-flex\/#primaryimage\"},\"image\":{\"@id\":\"https:\/\/www.suno.com.br\/noticias\/toyota-fabricacao-corolla-hibrido-flex\/#primaryimage\"},\"thumbnailUrl\":\"https:\/\/files.sunoresearch.com.br\/n\/uploads\/2019\/04\/c01ccba9-toyota-jpg.webp\",\"datePublished\":\"2019-04-17T16:58:08+00:00\",\"dateModified\":\"2021-02-19T18:14:50+00:00\",\"description\":\"A Toyota vai come\u00e7ar a produzir em S\u00e3o Paulo o primeiro carro com motor a combust\u00edvel e el\u00e9trico. Clique para saber mais.\",\"breadcrumb\":{\"@id\":\"https:\/\/www.suno.com.br\/noticias\/toyota-fabricacao-corolla-hibrido-flex\/#breadcrumb\"},\"inLanguage\":\"pt-BR\",\"potentialAction\":[{\"@type\":\"ReadAction\",\"target\":[\"https:\/\/www.suno.com.br\/noticias\/toyota-fabricacao-corolla-hibrido-flex\/\"]}]},{\"@type\":\"ImageObject\",\"inLanguage\":\"pt-BR\",\"@id\":\"https:\/\/www.suno.com.br\/noticias\/toyota-fabricacao-corolla-hibrido-flex\/#primaryimage\",\"url\":\"https:\/\/files.sunoresearch.com.br\/n\/uploads\/2019\/04\/c01ccba9-toyota-jpg.webp\",\"contentUrl\":\"https:\/\/files.sunoresearch.com.br\/n\/uploads\/2019\/04\/c01ccba9-toyota-jpg.webp\",\"width\":840,\"height\":419,\"caption\":\"Coronav\u00edrus: f\u00e1bricas da Toyota podem ser afetadas por epidemia\"},{\"@type\":\"BreadcrumbList\",\"@id\":\"https:\/\/www.suno.com.br\/noticias\/toyota-fabricacao-corolla-hibrido-flex\/#breadcrumb\",\"itemListElement\":[{\"@type\":\"ListItem\",\"position\":1,\"name\":\"Not\u00edcias\",\"item\":\"https:\/\/www.suno.com.br\/noticias\/\"},{\"@type\":\"ListItem\",\"position\":2,\"name\":\"Neg\u00f3cios\",\"item\":\"https:\/\/www.suno.com.br\/noticias\/negocios\/\"},{\"@type\":\"ListItem\",\"position\":3,\"name\":\"Toyota confirma produ\u00e7\u00e3o em SP de Corolla que ser\u00e1 1\u00ba h\u00edbrido flex do mundo\"}]},{\"@type\":\"WebSite\",\"@id\":\"https:\/\/www.suno.com.br\/noticias\/#website\",\"url\":\"https:\/\/www.suno.com.br\/noticias\/\",\"name\":\"Suno Not\u00edcias\",\"description\":\"Seu portal de informa\u00e7\u00e3o sobre o mundo dos investimentos\",\"publisher\":{\"@id\":\"https:\/\/www.suno.com.br\/noticias\/#organization\"},\"potentialAction\":[{\"@type\":\"SearchAction\",\"target\":{\"@type\":\"EntryPoint\",\"urlTemplate\":\"https:\/\/www.suno.com.br\/noticias\/?s={search_term_string}\"},\"query-input\":{\"@type\":\"PropertyValueSpecification\",\"valueRequired\":true,\"valueName\":\"search_term_string\"}}],\"inLanguage\":\"pt-BR\"},{\"@type\":\"Organization\",\"@id\":\"https:\/\/www.suno.com.br\/noticias\/#organization\",\"name\":\"Suno Not\u00edcias\",\"url\":\"https:\/\/www.suno.com.br\/noticias\/\",\"logo\":{\"@type\":\"ImageObject\",\"inLanguage\":\"pt-BR\",\"@id\":\"https:\/\/www.suno.com.br\/noticias\/#\/schema\/logo\/image\/\",\"url\":\"https:\/\/files.sunoresearch.com.br\/n\/uploads\/2021\/09\/suno-logo.png\",\"contentUrl\":\"https:\/\/files.sunoresearch.com.br\/n\/uploads\/2021\/09\/suno-logo.png\",\"width\":180,\"height\":180,\"caption\":\"Suno Not\u00edcias\"},\"image\":{\"@id\":\"https:\/\/www.suno.com.br\/noticias\/#\/schema\/logo\/image\/\"},\"sameAs\":[\"https:\/\/facebook.com\/sunoresearch\",\"https:\/\/x.com\/sunoresearch\",\"https:\/\/www.instagram.com\/suno\",\"https:\/\/www.linkedin.com\/company\/suno-research\/\",\"https:\/\/www.youtube.com\/c\/sunoresearch\"]},{\"@type\":\"Person\",\"@id\":\"https:\/\/www.suno.com.br\/noticias\/#\/schema\/person\/e67f665add014bf99f644028de070cc3\",\"name\":\"Beatriz Oliveira\",\"image\":{\"@type\":\"ImageObject\",\"inLanguage\":\"pt-BR\",\"@id\":\"https:\/\/www.suno.com.br\/noticias\/#\/schema\/person\/image\/\",\"url\":\"https:\/\/secure.gravatar.com\/avatar\/c9aa6a0aaecc598d257d5d5bd349157d?s=96&r=g\",\"contentUrl\":\"https:\/\/secure.gravatar.com\/avatar\/c9aa6a0aaecc598d257d5d5bd349157d?s=96&r=g\",\"caption\":\"Beatriz Oliveira\"},\"description\":\"Formada em Jornalismo pela Faculdade Paulus de Tecnologia e Comunica\u00e7\u00e3o, Beatriz Oliveira escreve para o portal de not\u00edcias Suno Research. Antes, passou pelas reda\u00e7\u00f5es da Revista EXAME e da Rede Bandeirantes.\",\"url\":\"https:\/\/www.suno.com.br\/noticias\/author\/beatriz\/\"}]}<\/script>\n<!-- \/ Yoast SEO plugin. -->","yoast_head_json":{"title":"Toyota confirma produ\u00e7\u00e3o em SP de 1\u00ba carro h\u00edbrido flex do mundo","description":"A Toyota vai come\u00e7ar a produzir em S\u00e3o Paulo o primeiro carro com motor a combust\u00edvel e el\u00e9trico. Clique para saber mais.","robots":{"index":"index","follow":"follow","max-snippet":"max-snippet:-1","max-image-preview":"max-image-preview:large","max-video-preview":"max-video-preview:-1"},"canonical":"https:\/\/www.suno.com.br\/noticias\/toyota-fabricacao-corolla-hibrido-flex\/","og_locale":"pt_BR","og_type":"article","og_title":"Toyota confirma produ\u00e7\u00e3o em SP de 1\u00ba carro h\u00edbrido flex do mundo","og_description":"A Toyota vai come\u00e7ar a produzir em S\u00e3o Paulo o primeiro carro com motor a combust\u00edvel e el\u00e9trico. Clique para saber mais.","og_url":"https:\/\/www.suno.com.br\/noticias\/toyota-fabricacao-corolla-hibrido-flex\/","og_site_name":"Suno Not\u00edcias","article_publisher":"https:\/\/facebook.com\/sunoresearch","og_image":[{"width":840,"height":419,"url":"https:\/\/files.sunoresearch.com.br\/n\/uploads\/2019\/04\/c01ccba9-toyota.jpg","type":"image\/jpeg"}],"author":"Beatriz Oliveira","twitter_card":"summary_large_image","twitter_creator":"@sunoresearch","twitter_site":"@sunoresearch","twitter_misc":{"Escrito por":"Beatriz Oliveira","Est. tempo de leitura":"2 minutos"},"schema":{"@context":"https:\/\/schema.org","@graph":[{"@type":"NewsArticle","@id":"https:\/\/www.suno.com.br\/noticias\/toyota-fabricacao-corolla-hibrido-flex\/#article","isPartOf":{"@id":"https:\/\/www.suno.com.br\/noticias\/toyota-fabricacao-corolla-hibrido-flex\/"},"author":{"name":"Beatriz Oliveira","@id":"https:\/\/www.suno.com.br\/noticias\/#\/schema\/person\/e67f665add014bf99f644028de070cc3"},"headline":"Toyota confirma produ\u00e7\u00e3o em SP de Corolla que ser\u00e1 1\u00ba h\u00edbrido flex do mundo","datePublished":"2019-04-17T16:58:08+00:00","dateModified":"2021-02-19T18:14:50+00:00","mainEntityOfPage":{"@id":"https:\/\/www.suno.com.br\/noticias\/toyota-fabricacao-corolla-hibrido-flex\/"},"wordCount":470,"publisher":{"@id":"https:\/\/www.suno.com.br\/noticias\/#organization"},"image":{"@id":"https:\/\/www.suno.com.br\/noticias\/toyota-fabricacao-corolla-hibrido-flex\/#primaryimage"},"thumbnailUrl":"https:\/\/files.sunoresearch.com.br\/n\/uploads\/2019\/04\/c01ccba9-toyota-jpg.webp","keywords":["Didi Chuxing","setor automotivo","Toyota (TMCO34)"],"articleSection":["Neg\u00f3cios"],"inLanguage":"pt-BR"},{"@type":"WebPage","@id":"https:\/\/www.suno.com.br\/noticias\/toyota-fabricacao-corolla-hibrido-flex\/","url":"https:\/\/www.suno.com.br\/noticias\/toyota-fabricacao-corolla-hibrido-flex\/","name":"Toyota confirma produ\u00e7\u00e3o em SP de 1\u00ba carro h\u00edbrido flex do mundo","isPartOf":{"@id":"https:\/\/www.suno.com.br\/noticias\/#website"},"primaryImageOfPage":{"@id":"https:\/\/www.suno.com.br\/noticias\/toyota-fabricacao-corolla-hibrido-flex\/#primaryimage"},"image":{"@id":"https:\/\/www.suno.com.br\/noticias\/toyota-fabricacao-corolla-hibrido-flex\/#primaryimage"},"thumbnailUrl":"https:\/\/files.sunoresearch.com.br\/n\/uploads\/2019\/04\/c01ccba9-toyota-jpg.webp","datePublished":"2019-04-17T16:58:08+00:00","dateModified":"2021-02-19T18:14:50+00:00","description":"A Toyota vai come\u00e7ar a produzir em S\u00e3o Paulo o primeiro carro com motor a combust\u00edvel e el\u00e9trico. Clique para saber mais.","breadcrumb":{"@id":"https:\/\/www.suno.com.br\/noticias\/toyota-fabricacao-corolla-hibrido-flex\/#breadcrumb"},"inLanguage":"pt-BR","potentialAction":[{"@type":"ReadAction","target":["https:\/\/www.suno.com.br\/noticias\/toyota-fabricacao-corolla-hibrido-flex\/"]}]},{"@type":"ImageObject","inLanguage":"pt-BR","@id":"https:\/\/www.suno.com.br\/noticias\/toyota-fabricacao-corolla-hibrido-flex\/#primaryimage","url":"https:\/\/files.sunoresearch.com.br\/n\/uploads\/2019\/04\/c01ccba9-toyota-jpg.webp","contentUrl":"https:\/\/files.sunoresearch.com.br\/n\/uploads\/2019\/04\/c01ccba9-toyota-jpg.webp","width":840,"height":419,"caption":"Coronav\u00edrus: f\u00e1bricas da Toyota podem ser afetadas por epidemia"},{"@type":"BreadcrumbList","@id":"https:\/\/www.suno.com.br\/noticias\/toyota-fabricacao-corolla-hibrido-flex\/#breadcrumb","itemListElement":[{"@type":"ListItem","position":1,"name":"Not\u00edcias","item":"https:\/\/www.suno.com.br\/noticias\/"},{"@type":"ListItem","position":2,"name":"Neg\u00f3cios","item":"https:\/\/www.suno.com.br\/noticias\/negocios\/"},{"@type":"ListItem","position":3,"name":"Toyota confirma produ\u00e7\u00e3o em SP de Corolla que ser\u00e1 1\u00ba h\u00edbrido flex do mundo"}]},{"@type":"WebSite","@id":"https:\/\/www.suno.com.br\/noticias\/#website","url":"https:\/\/www.suno.com.br\/noticias\/","name":"Suno Not\u00edcias","description":"Seu portal de informa\u00e7\u00e3o sobre o mundo dos investimentos","publisher":{"@id":"https:\/\/www.suno.com.br\/noticias\/#organization"},"potentialAction":[{"@type":"SearchAction","target":{"@type":"EntryPoint","urlTemplate":"https:\/\/www.suno.com.br\/noticias\/?s={search_term_string}"},"query-input":{"@type":"PropertyValueSpecification","valueRequired":true,"valueName":"search_term_string"}}],"inLanguage":"pt-BR"},{"@type":"Organization","@id":"https:\/\/www.suno.com.br\/noticias\/#organization","name":"Suno Not\u00edcias","url":"https:\/\/www.suno.com.br\/noticias\/","logo":{"@type":"ImageObject","inLanguage":"pt-BR","@id":"https:\/\/www.suno.com.br\/noticias\/#\/schema\/logo\/image\/","url":"https:\/\/files.sunoresearch.com.br\/n\/uploads\/2021\/09\/suno-logo.png","contentUrl":"https:\/\/files.sunoresearch.com.br\/n\/uploads\/2021\/09\/suno-logo.png","width":180,"height":180,"caption":"Suno Not\u00edcias"},"image":{"@id":"https:\/\/www.suno.com.br\/noticias\/#\/schema\/logo\/image\/"},"sameAs":["https:\/\/facebook.com\/sunoresearch","https:\/\/x.com\/sunoresearch","https:\/\/www.instagram.com\/suno","https:\/\/www.linkedin.com\/company\/suno-research\/","https:\/\/www.youtube.com\/c\/sunoresearch"]},{"@type":"Person","@id":"https:\/\/www.suno.com.br\/noticias\/#\/schema\/person\/e67f665add014bf99f644028de070cc3","name":"Beatriz Oliveira","image":{"@type":"ImageObject","inLanguage":"pt-BR","@id":"https:\/\/www.suno.com.br\/noticias\/#\/schema\/person\/image\/","url":"https:\/\/secure.gravatar.com\/avatar\/c9aa6a0aaecc598d257d5d5bd349157d?s=96&r=g","contentUrl":"https:\/\/secure.gravatar.com\/avatar\/c9aa6a0aaecc598d257d5d5bd349157d?s=96&r=g","caption":"Beatriz Oliveira"},"description":"Formada em Jornalismo pela Faculdade Paulus de Tecnologia e Comunica\u00e7\u00e3o, Beatriz Oliveira escreve para o portal de not\u00edcias Suno Research. Antes, passou pelas reda\u00e7\u00f5es da Revista EXAME e da Rede Bandeirantes.","url":"https:\/\/www.suno.com.br\/noticias\/author\/beatriz\/"}]}},"default_loop_html":"<div class=\"cardsPage__listCard__boxs\"><div class=\"cardsPage__listCard__boxs__img\"><a href=\"https:\/\/www.suno.com.br\/noticias\/toyota-fabricacao-corolla-hibrido-flex\/\"><img class=\"mask\" src=\"https:\/\/www.suno.com.br\/noticias\/wp-content\/themes\/suno\/resources\/images\/spotlight\/spotlight1img\/bg-mask.png\" alt=\"Image Mask\"\/><img src=\"https:\/\/files.sunoresearch.com.br\/n\/uploads\/2019\/04\/c01ccba9-toyota-400x200.webp\" alt=\"Toyota confirma produ\u00e7\u00e3o em SP de Corolla que ser\u00e1 1\u00ba h\u00edbrido flex do mundo\"\/><\/a><span class=\"spotlightCategory\"><a href=\"https:\/\/www.suno.com.br\/noticias\/negocios\/\">Neg\u00f3cios<\/a><\/span><\/div><div class=\"cardsPage__listCard__boxs__content\"><a href=\"https:\/\/www.suno.com.br\/noticias\/toyota-fabricacao-corolla-hibrido-flex\/\"><h2 class=\"content__title\">Toyota confirma produ\u00e7\u00e3o em SP de Corolla que ser\u00e1 1\u00ba h\u00edbrido flex do mundo<\/h2><\/a><div class=\"newsContent__article__meta\"><div class=\"newsContent__article__meta__authorBox\"><a href=\"https:\/\/www.suno.com.br\/noticias\/author\/beatriz\/\" class=\"authorBox__avatar noMobi\"><img src=\"https:\/\/secure.gravatar.com\/avatar\/c9aa6a0aaecc598d257d5d5bd349157d?s=96&#038;r=g\" alt=\"Beatriz Oliveira\"><\/a><div class=\"authorBox__name\"><span>por\n\t\t\t<a href=\"https:\/\/www.suno.com.br\/noticias\/author\/beatriz\/\"><span itemprop=\"author\">Beatriz Oliveira<\/span><\/a><\/span><time datetime=\"2019-04-17T13:58:08-03:00\" itemprop=\"datePublished\">17\/04\/2019 13:58<\/time><\/div><\/div><\/div><\/div><\/div>","single_layout":"posts","amp_enabled":true,"_links":{"self":[{"href":"https:\/\/www.suno.com.br\/noticias\/wp-json\/wp\/v2\/posts\/21378"}],"collection":[{"href":"https:\/\/www.suno.com.br\/noticias\/wp-json\/wp\/v2\/posts"}],"about":[{"href":"https:\/\/www.suno.com.br\/noticias\/wp-json\/wp\/v2\/types\/post"}],"author":[{"embeddable":true,"href":"https:\/\/www.suno.com.br\/noticias\/wp-json\/wp\/v2\/users\/16"}],"replies":[{"embeddable":true,"href":"https:\/\/www.suno.com.br\/noticias\/wp-json\/wp\/v2\/comments?post=21378"}],"version-history":[{"count":0,"href":"https:\/\/www.suno.com.br\/noticias\/wp-json\/wp\/v2\/posts\/21378\/revisions"}],"wp:featuredmedia":[{"embeddable":true,"href":"https:\/\/www.suno.com.br\/noticias\/wp-json\/wp\/v2\/media\/21413"}],"wp:attachment":[{"href":"https:\/\/www.suno.com.br\/noticias\/wp-json\/wp\/v2\/media?parent=21378"}],"wp:term":[{"taxonomy":"category","embeddable":true,"href":"https:\/\/www.suno.com.br\/noticias\/wp-json\/wp\/v2\/categories?post=21378"},{"taxonomy":"post_tag","embeddable":true,"href":"https:\/\/www.suno.com.br\/noticias\/wp-json\/wp\/v2\/tags?post=21378"},{"taxonomy":"suno_strategy","embeddable":true,"href":"https:\/\/www.suno.com.br\/noticias\/wp-json\/wp\/v2\/suno_strategy?post=21378"}],"curies":[{"name":"wp","href":"https:\/\/api.w.org\/{rel}","templated":true}]}}