{"id":213579,"date":"2021-12-09T14:28:39","date_gmt":"2021-12-09T17:28:39","guid":{"rendered":"https:\/\/www.suno.com.br\/noticias\/?p=213579"},"modified":"2021-12-09T14:28:39","modified_gmt":"2021-12-09T17:28:39","slug":"evergrande-china-mercado-imobiliario-calote-fitch","status":"publish","type":"post","link":"https:\/\/www.suno.com.br\/noticias\/evergrande-china-mercado-imobiliario-calote-fitch\/","title":{"rendered":"Evergrande j\u00e1 deu calote e entrou em default, diz Fitch"},"content":{"rendered":"<p>A <strong>Evergrande<\/strong>, segunda maior <a href=\"https:\/\/www.suno.com.br\/artigos\/mercado-imobiliario\">incorporadora imobili\u00e1ria<\/a> da China, n\u00e3o pagou seu calote e entrou em\u00a0<em>default<\/em>, segundo atualiza\u00e7\u00e3o da Fitch Ratings.<\/p>\t<div class=\"wrapper-featured-image\">\n\t\t<figure class=\"spotlightImg\">\n\n\t\t\t<picture>\n\t\t\t\t<source media=\"(max-width: 768px)\" srcset=\"https:\/\/files.sunoresearch.com.br\/n\/uploads\/2021\/09\/aaa-400x200.jpg\">\n\t\t\t\t<img loading=\"lazy\" decoding=\"async\" class=\"newsContent__article__imgCapa lazyloadDisabled \" src=\"https:\/\/files.sunoresearch.com.br\/n\/uploads\/2021\/09\/aaa-800x450.jpg\" width=\"800\" height=\"450\" alt=\"Evergrande j\u00e1 deu calote e entrou em default, diz Fitch\" fetchpriority=high \/>\n\t\t\t<\/picture>\n\n\t\t\t<figcaption class=\"wp-caption-text wp-caption-text--show\">Evergrande - Foto: Reprodu\u00e7\u00e3o\/Site Evergrande<\/figcaption>\n\t\t<\/figure>\n\t<\/div>\n\n\n\t<p>\n\t\t<a href=\"https:\/\/lp.suno.com.br\/planilha-controle-gastos\/\" target=\"_blank\" data-element=\"shortcode-suno-banner\" title=\"Banner SUNO, clique e saiba mais\">\n\t\t\t<picture>\n\t\t\t\t<source media=\"(max-width: 500px)\" srcset=\"https:\/\/files.sunoresearch.com.br\/n\/uploads\/2023\/03\/400x300-Planilha-controle-de-gastos.png\">\n\t\t\t\t<img class=\"newsContent__article__imgCapa newsContent__article__imgCapa--banner\"\n\t\t\t\t\tsrc=\"https:\/\/files.sunoresearch.com.br\/n\/uploads\/2023\/03\/1420x240-Planilha-controle-de-gastos.png\"\n\t\t\t\t\tdata-promo-id=\"101751\"\t\t\t\t\t\t\t\t\t\twidth='1420' height='240'\t\t\t\t\talt=\"https:\/\/files.sunoresearch.com.br\/n\/uploads\/2023\/03\/1420x240-Planilha-controle-de-gastos.png\"\n\t\t\t\t>\n\t\t\t<\/picture>\n\t\t<\/a>\n\t<\/p>\n\n\n<p>A ag\u00eancia de <a href=\"https:\/\/www.suno.com.br\/artigos\/risco-de-credito\">classifica\u00e7\u00e3o de <strong>cr\u00e9dito<\/strong><\/a> rebaixou nesta quinta (9) a Evergrande e todas as suas subsidi\u00e1rias para \u201c<strong>inadimpl\u00eancia<\/strong> restrita\u201d, o que significa que a empresa falhou em honrar suas <strong>d\u00edvidas<\/strong>.<\/p>\n<p>Segundo a <strong>Fitch<\/strong>, o rebaixamento reflete a incapacidade da empresa de pagar os juros devidos no in\u00edcio desta semana sobre dois t\u00edtulos denominados em d\u00f3lares.<\/p>\n<p>Os pagamentos venciam h\u00e1 um m\u00eas e os per\u00edodos de car\u00eancia expiraram ainda na segunda (6)\u00a0 &#8211; sendo alvo de d\u00favidas por parte do mercado. Com o mercado &#8216;no escuro&#8217; acerca do d\u00e9bito dos compromissos, as a\u00e7\u00f5es voltaram a cair.<\/p>\n<p>A Fitch tamb\u00e9m destacou que a al\u00e9m de Evergrande n\u00e3o ter feito nenhum an\u00fancio sobre os pagamentos, a incorporadora n\u00e3o respondeu a perguntas da ag\u00eancia de classifica\u00e7\u00e3o.<\/p>\n<p>\u201cEstamos, portanto, presumindo que os compromissos n\u00e3o foram pagos\u201d, disse Fitch.<\/p>\n\t<p>\n\t\t<a href=\"https:\/\/lp.suno.com.br\/planilha-da-vida-financeira\/\" target=\"_blank\" data-element=\"shortcode-suno-banner\" title=\"Banner SUNO, clique e saiba mais\">\n\t\t\t<picture>\n\t\t\t\t<source media=\"(max-width: 500px)\" srcset=\"https:\/\/files.sunoresearch.com.br\/n\/uploads\/2023\/04\/400x300-Planilha-vida-financeira-true.png\">\n\t\t\t\t<img class=\"newsContent__article__imgCapa newsContent__article__imgCapa--banner\"\n\t\t\t\t\tsrc=\"https:\/\/files.sunoresearch.com.br\/n\/uploads\/2023\/04\/1420x240-Planilha-vida-financeira-true.png\"\n\t\t\t\t\tdata-promo-id=\"106682\"\t\t\t\t\t\t\t\t\t\twidth='1420' height='240'\t\t\t\t\talt=\"https:\/\/files.sunoresearch.com.br\/n\/uploads\/2023\/04\/1420x240-Planilha-vida-financeira-true.png\"\n\t\t\t\t>\n\t\t\t<\/picture>\n\t\t<\/a>\n\t<\/p>\n\n\n<p>Atualmente a companhia tem cerca de US$ 300 bilh\u00f5es em passivos totais, e analistas t\u00eam se preocupado por meses sobre se um default poderia desencadear uma crise mais ampla e, eventualmente, contaminar o sistema financeiro.<\/p>\n<p>O <a class=\"suno-keyword\" href=\"https:\/\/www.suno.com.br\/artigos\/fed\/\" target=\"_blank\" rel=\"noopener\" data-force=\"no\" data-priority=\"2\">Federal Reserve (<strong>Fed<\/strong>)<\/a>, alertou no m\u00eas passado que problemas no mercado imobili\u00e1rio chin\u00eas podem prejudicar a economia global, entoando os problemas vistos pelos analistas.<\/p>\n<p>\u201cO emissor [Evergrande] n\u00e3o parece estar fazendo muito progresso na retomada da constru\u00e7\u00e3o, devido \u00e0s suas dificuldades em obter novos financiamentos\u201d, escreveram analistas da S&amp;P Global em nota publicada segunda (6).<\/p>\n<h2>Com d\u00edvida de US$ 300 bi, Evergrande planeja maior reestrutura\u00e7\u00e3o de d\u00edvida da China<\/h2>\n<p>Em meio a um imbr\u00f3glio que j\u00e1 dura meses, com a possibilidade de um <strong>calote<\/strong> bilion\u00e1rio, a Evergrande deve realizar o que ser\u00e1 a maior reestrutura\u00e7\u00e3o de uma <strong>d\u00edvida<\/strong> na <strong>China<\/strong> e que reuniria todas as suas obriga\u00e7\u00f5es &#8216;offshore&#8217;, segundo informa\u00e7\u00f5es da imprensa em Pequim.<\/p>\n<p>No \u00e2mbito da reestrutura\u00e7\u00e3o, a Evergrande anunciou na segunda \u00e0 noite a cria\u00e7\u00e3o de um &#8220;comit\u00ea de gest\u00e3o de crise&#8221;, integrado por sete pessoas.<\/p>\n\t<p>\n\t\t<a href=\"https:\/\/lp.suno.com.br\/ebook-como-analisar-uma-acao\/\" target=\"_blank\" data-element=\"shortcode-suno-banner\" title=\"Banner SUNO, clique e saiba mais\">\n\t\t\t<picture>\n\t\t\t\t<source media=\"(max-width: 500px)\" srcset=\"https:\/\/files.sunoresearch.com.br\/n\/uploads\/2023\/03\/Ebook-Acoes-Mobile-1.jpg\">\n\t\t\t\t<img class=\"newsContent__article__imgCapa newsContent__article__imgCapa--banner\"\n\t\t\t\t\tsrc=\"https:\/\/files.sunoresearch.com.br\/n\/uploads\/2023\/03\/Ebook-Acoes-Desktop-1.jpg\"\n\t\t\t\t\tdata-promo-id=\"171998\"\t\t\t\t\t\t\t\t\t\twidth='1420' height='286'\t\t\t\t\talt=\"https:\/\/files.sunoresearch.com.br\/n\/uploads\/2023\/03\/Ebook-Acoes-Desktop-1.jpg\"\n\t\t\t\t>\n\t\t\t<\/picture>\n\t\t<\/a>\n\t<\/p>\n\n\n<p>O comit\u00ea foi criado &#8220;em vista dos desafios operacionais e financeiros&#8221; que a Evergrande enfrenta, de acordo com um comunicado enviado \u00e0 <strong>Bolsa de Hong Kong<\/strong>.<\/p>\n<p>Segundo a gigante chinesa, o governo da prov\u00edncia de Cant\u00e3o deve enviar uma equipe de trabalho \u00e0 empresa, o que analistas da consultoria <strong>Jefferies<\/strong> interpretaram como &#8220;uma poss\u00edvel tomada de controle&#8221;.<\/p>\n<p>O movimento ocasionou uma alta de 1% nos pap\u00e9is, ante 14% de desvaloriza\u00e7\u00e3o das<strong> a\u00e7\u00f5es da Evergrande<\/strong> no preg\u00e3o anterior.<\/p>\n<p>Com diversos calotes no radar, a companhia n\u00e3o comunicou o pagamento de dois t\u00edtulos de US$ 82,5 milh\u00f5es (R$ 469,1 mi) que venceram nesta segunda (6). Caso, de fato, n\u00e3o tenham sido cumpridos, figurariam como as primeiras faltas de pagamento do grupo que at\u00e9 agora conseguiu evitar a fal\u00eancia.<\/p>\n<p>Ainda assim, a Evergrande disp\u00f5e de um per\u00edodo de car\u00eancia de um m\u00eas adicional para regularizar sua situa\u00e7\u00e3o e, segundo a Bloomberg, v\u00e1rios credores estrangeiros ainda n\u00e3o foram pagos.<\/p>\n\t<p>\n\t\t<a href=\"https:\/\/lp.suno.com.br\/planilha-de-controle-de-investimentos\/\" target=\"_blank\" data-element=\"shortcode-suno-banner\" title=\"Banner SUNO, clique e saiba mais\">\n\t\t\t<picture>\n\t\t\t\t<source media=\"(max-width: 500px)\" srcset=\"https:\/\/files.sunoresearch.com.br\/n\/uploads\/2023\/03\/400x300-Controle-de-Investimentos.png\">\n\t\t\t\t<img class=\"newsContent__article__imgCapa newsContent__article__imgCapa--banner\"\n\t\t\t\t\tsrc=\"https:\/\/files.sunoresearch.com.br\/n\/uploads\/2023\/03\/1420x240-Controle-de-Investimentos.png\"\n\t\t\t\t\tdata-promo-id=\"75934\"\t\t\t\t\t\t\t\t\t\twidth='1420' height='240'\t\t\t\t\talt=\"https:\/\/files.sunoresearch.com.br\/n\/uploads\/2023\/03\/1420x240-Controle-de-Investimentos.png\"\n\t\t\t\t>\n\t\t\t<\/picture>\n\t\t<\/a>\n\t<\/p>\n\n\n<p>Em setembro, a incorporadora n\u00e3o conseguiu cumprir v\u00e1rios prazos e suspendeu sua listagem na<strong> <a class=\"suno-keyword\" href=\"https:\/\/www.suno.com.br\/guias\/bolsa-de-valores\/\" target=\"_blank\" rel=\"noopener\" data-force=\"no\" data-priority=\"3\">Bolsa de Valores<\/a> de Hong Kong<\/strong>. Mas a Evergrande conseguiu reembolsar seus credores antes do t\u00e9rmino do per\u00edodo de <strong>car\u00eancia<\/strong>.<\/p>\n<p>No mesmo m\u00eas a companhia admitiu pela primeira vez que poderia n\u00e3o ser capaz de honrar todos os seus compromissos financeiros.<\/p>\n<p>Dias depois, dezenas de propriet\u00e1rios lesados, n\u00e3o tendo recebido a entrega de seu apartamento, protestaram por v\u00e1rios dias em frente \u00e0 sede do grupo na prov\u00edncia de <strong>Shenzhen<\/strong>.<\/p>\n<h2>A\u00e7\u00f5es no fundo<\/h2>\n<p>Ap\u00f3s o aumento do risco de inadimpl\u00eancia, as a\u00e7\u00f5es da Evergrande atingiram seu menor valor em 11 anos nesta quinta-feira (9), cotadas a 1,8o <a href=\"https:\/\/www.suno.com.br\/artigos\/cambio\/\">HKD (D\u00f3lar de Hong Kong)<\/a>.<\/p>\n<p>A <strong>Evergrande<\/strong> se desvalorizou na bolsa com a chegada do fim do prazo de 30 dias para o pagamento de uma parcela de d\u00edvida de US$ 82 milh\u00f5es.<\/p>\n\t<p>\n\t\t<a href=\"\" target=\"_blank\" data-element=\"shortcode-suno-banner\" title=\"Banner SUNO, clique e saiba mais\">\n\t\t\t<picture>\n\t\t\t\t<source media=\"(max-width: 500px)\" srcset=\"\">\n\t\t\t\t<img class=\"newsContent__article__imgCapa newsContent__article__imgCapa--banner\"\n\t\t\t\t\tsrc=\"\"\n\t\t\t\t\tdata-promo-id=\"184190\"\t\t\t\t\t\t\t\t\t\t\t\t\t\t\talt=\"\"\n\t\t\t\t>\n\t\t\t<\/picture>\n\t\t<\/a>\n\t<\/p>\n\n\n","protected":false},"excerpt":{"rendered":"<p>A Evergrande, segunda maior incorporadora imobili\u00e1ria da China, n\u00e3o pagou seu calote e entrou em\u00a0default, segundo atualiza\u00e7\u00e3o da Fitch Ratings. Evergrande &#8211; Foto: Reprodu\u00e7\u00e3o\/Site Evergrande A ag\u00eancia de classifica\u00e7\u00e3o de cr\u00e9dito rebaixou nesta quinta (9) a Evergrande e todas as suas subsidi\u00e1rias para \u201cinadimpl\u00eancia restrita\u201d, o que significa que a empresa falhou em honrar suas [&hellip;]<\/p>\n","protected":false},"author":73,"featured_media":184099,"comment_status":"closed","ping_status":"closed","sticky":false,"template":"","format":"standard","meta":[],"categories":[64],"tags":[711,1904],"suno_strategy":[],"class_list":["post-213579","post","type-post","status-publish","format-standard","has-post-thumbnail","hentry","category-negocios","tag-china","tag-mercado-imobiliario"],"yoast_head":"<!-- This site is optimized with the Yoast SEO plugin v24.4 - https:\/\/yoast.com\/wordpress\/plugins\/seo\/ -->\n<title>Evergrande j\u00e1 deu calote e entrou em default, diz Fitch<\/title>\n<meta name=\"description\" content=\"&quot;Sem comunicados, estamos, portanto, presumindo que os compromissos n\u00e3o foram pagos\u201d, disse Fitch sobre a Evergrande. Clique aqui e leia mais.\" \/>\n<meta name=\"robots\" content=\"index, follow, max-snippet:-1, max-image-preview:large, max-video-preview:-1\" \/>\n<link rel=\"canonical\" href=\"https:\/\/www.suno.com.br\/noticias\/evergrande-china-mercado-imobiliario-calote-fitch\/\" \/>\n<meta property=\"og:locale\" content=\"pt_BR\" \/>\n<meta property=\"og:type\" content=\"article\" \/>\n<meta property=\"og:title\" content=\"Evergrande j\u00e1 deu calote e entrou em default, diz Fitch\" \/>\n<meta property=\"og:description\" content=\"&quot;Sem comunicados, estamos, portanto, presumindo que os compromissos n\u00e3o foram pagos\u201d, disse Fitch sobre a Evergrande. Clique aqui e leia mais.\" \/>\n<meta property=\"og:url\" content=\"https:\/\/www.suno.com.br\/noticias\/evergrande-china-mercado-imobiliario-calote-fitch\/\" \/>\n<meta property=\"og:site_name\" content=\"Suno Not\u00edcias\" \/>\n<meta property=\"article:publisher\" content=\"https:\/\/facebook.com\/sunoresearch\" \/>\n<meta property=\"og:image\" content=\"https:\/\/files.sunoresearch.com.br\/n\/uploads\/2021\/09\/aaa.jpg\" \/>\n\t<meta property=\"og:image:width\" content=\"1536\" \/>\n\t<meta property=\"og:image:height\" content=\"799\" \/>\n\t<meta property=\"og:image:type\" content=\"image\/jpeg\" \/>\n<meta name=\"author\" content=\"Eduardo Vargas\" \/>\n<meta name=\"twitter:card\" content=\"summary_large_image\" \/>\n<meta name=\"twitter:creator\" content=\"@sunoresearch\" \/>\n<meta name=\"twitter:site\" content=\"@sunoresearch\" \/>\n<meta name=\"twitter:label1\" content=\"Escrito por\" \/>\n\t<meta name=\"twitter:data1\" content=\"Eduardo Vargas\" \/>\n\t<meta name=\"twitter:label2\" content=\"Est. tempo de leitura\" \/>\n\t<meta name=\"twitter:data2\" content=\"3 minutos\" \/>\n<script type=\"application\/ld+json\" class=\"yoast-schema-graph\">{\"@context\":\"https:\/\/schema.org\",\"@graph\":[{\"@type\":\"NewsArticle\",\"@id\":\"https:\/\/www.suno.com.br\/noticias\/evergrande-china-mercado-imobiliario-calote-fitch\/#article\",\"isPartOf\":{\"@id\":\"https:\/\/www.suno.com.br\/noticias\/evergrande-china-mercado-imobiliario-calote-fitch\/\"},\"author\":{\"name\":\"Eduardo Vargas\",\"@id\":\"https:\/\/www.suno.com.br\/noticias\/#\/schema\/person\/7f4d362bf3518e76090143ae77bb49a5\"},\"headline\":\"Evergrande j\u00e1 deu calote e entrou em default, diz Fitch\",\"datePublished\":\"2021-12-09T17:28:39+00:00\",\"mainEntityOfPage\":{\"@id\":\"https:\/\/www.suno.com.br\/noticias\/evergrande-china-mercado-imobiliario-calote-fitch\/\"},\"wordCount\":718,\"publisher\":{\"@id\":\"https:\/\/www.suno.com.br\/noticias\/#organization\"},\"image\":{\"@id\":\"https:\/\/www.suno.com.br\/noticias\/evergrande-china-mercado-imobiliario-calote-fitch\/#primaryimage\"},\"thumbnailUrl\":\"https:\/\/files.sunoresearch.com.br\/n\/uploads\/2021\/09\/aaa.jpg\",\"keywords\":[\"China\",\"mercado imobili\u00e1rio\"],\"articleSection\":[\"Neg\u00f3cios\"],\"inLanguage\":\"pt-BR\"},{\"@type\":\"WebPage\",\"@id\":\"https:\/\/www.suno.com.br\/noticias\/evergrande-china-mercado-imobiliario-calote-fitch\/\",\"url\":\"https:\/\/www.suno.com.br\/noticias\/evergrande-china-mercado-imobiliario-calote-fitch\/\",\"name\":\"Evergrande j\u00e1 deu calote e entrou em default, diz Fitch\",\"isPartOf\":{\"@id\":\"https:\/\/www.suno.com.br\/noticias\/#website\"},\"primaryImageOfPage\":{\"@id\":\"https:\/\/www.suno.com.br\/noticias\/evergrande-china-mercado-imobiliario-calote-fitch\/#primaryimage\"},\"image\":{\"@id\":\"https:\/\/www.suno.com.br\/noticias\/evergrande-china-mercado-imobiliario-calote-fitch\/#primaryimage\"},\"thumbnailUrl\":\"https:\/\/files.sunoresearch.com.br\/n\/uploads\/2021\/09\/aaa.jpg\",\"datePublished\":\"2021-12-09T17:28:39+00:00\",\"description\":\"\\\"Sem comunicados, estamos, portanto, presumindo que os compromissos n\u00e3o foram pagos\u201d, disse Fitch sobre a Evergrande. Clique aqui e leia mais.\",\"breadcrumb\":{\"@id\":\"https:\/\/www.suno.com.br\/noticias\/evergrande-china-mercado-imobiliario-calote-fitch\/#breadcrumb\"},\"inLanguage\":\"pt-BR\",\"potentialAction\":[{\"@type\":\"ReadAction\",\"target\":[\"https:\/\/www.suno.com.br\/noticias\/evergrande-china-mercado-imobiliario-calote-fitch\/\"]}]},{\"@type\":\"ImageObject\",\"inLanguage\":\"pt-BR\",\"@id\":\"https:\/\/www.suno.com.br\/noticias\/evergrande-china-mercado-imobiliario-calote-fitch\/#primaryimage\",\"url\":\"https:\/\/files.sunoresearch.com.br\/n\/uploads\/2021\/09\/aaa.jpg\",\"contentUrl\":\"https:\/\/files.sunoresearch.com.br\/n\/uploads\/2021\/09\/aaa.jpg\",\"width\":1536,\"height\":799,\"caption\":\"Evergrande - Foto: Reprodu\u00e7\u00e3o\/Site Evergrande\"},{\"@type\":\"BreadcrumbList\",\"@id\":\"https:\/\/www.suno.com.br\/noticias\/evergrande-china-mercado-imobiliario-calote-fitch\/#breadcrumb\",\"itemListElement\":[{\"@type\":\"ListItem\",\"position\":1,\"name\":\"Not\u00edcias\",\"item\":\"https:\/\/www.suno.com.br\/noticias\/\"},{\"@type\":\"ListItem\",\"position\":2,\"name\":\"Neg\u00f3cios\",\"item\":\"https:\/\/www.suno.com.br\/noticias\/negocios\/\"},{\"@type\":\"ListItem\",\"position\":3,\"name\":\"Evergrande j\u00e1 deu calote e entrou em default, diz Fitch\"}]},{\"@type\":\"WebSite\",\"@id\":\"https:\/\/www.suno.com.br\/noticias\/#website\",\"url\":\"https:\/\/www.suno.com.br\/noticias\/\",\"name\":\"Suno Not\u00edcias\",\"description\":\"Seu portal de informa\u00e7\u00e3o sobre o mundo dos investimentos\",\"publisher\":{\"@id\":\"https:\/\/www.suno.com.br\/noticias\/#organization\"},\"potentialAction\":[{\"@type\":\"SearchAction\",\"target\":{\"@type\":\"EntryPoint\",\"urlTemplate\":\"https:\/\/www.suno.com.br\/noticias\/?s={search_term_string}\"},\"query-input\":{\"@type\":\"PropertyValueSpecification\",\"valueRequired\":true,\"valueName\":\"search_term_string\"}}],\"inLanguage\":\"pt-BR\"},{\"@type\":\"Organization\",\"@id\":\"https:\/\/www.suno.com.br\/noticias\/#organization\",\"name\":\"Suno Not\u00edcias\",\"url\":\"https:\/\/www.suno.com.br\/noticias\/\",\"logo\":{\"@type\":\"ImageObject\",\"inLanguage\":\"pt-BR\",\"@id\":\"https:\/\/www.suno.com.br\/noticias\/#\/schema\/logo\/image\/\",\"url\":\"https:\/\/files.sunoresearch.com.br\/n\/uploads\/2021\/09\/suno-logo.png\",\"contentUrl\":\"https:\/\/files.sunoresearch.com.br\/n\/uploads\/2021\/09\/suno-logo.png\",\"width\":180,\"height\":180,\"caption\":\"Suno Not\u00edcias\"},\"image\":{\"@id\":\"https:\/\/www.suno.com.br\/noticias\/#\/schema\/logo\/image\/\"},\"sameAs\":[\"https:\/\/facebook.com\/sunoresearch\",\"https:\/\/x.com\/sunoresearch\",\"https:\/\/www.instagram.com\/suno\",\"https:\/\/www.linkedin.com\/company\/suno-research\/\",\"https:\/\/www.youtube.com\/c\/sunoresearch\"]},{\"@type\":\"Person\",\"@id\":\"https:\/\/www.suno.com.br\/noticias\/#\/schema\/person\/7f4d362bf3518e76090143ae77bb49a5\",\"name\":\"Eduardo Vargas\",\"image\":{\"@type\":\"ImageObject\",\"inLanguage\":\"pt-BR\",\"@id\":\"https:\/\/www.suno.com.br\/noticias\/#\/schema\/person\/image\/\",\"url\":\"https:\/\/secure.gravatar.com\/avatar\/dac340933427a22924c9f99d1eb2e3f2?s=96&r=g\",\"contentUrl\":\"https:\/\/secure.gravatar.com\/avatar\/dac340933427a22924c9f99d1eb2e3f2?s=96&r=g\",\"caption\":\"Eduardo Vargas\"},\"description\":\"Jornalista formado pela UFSC, cobre macroeconomia, neg\u00f3cios e startups para o Suno Not\u00edcias, escrevendo principalmente not\u00edcias sobre o mercado financeiro e a bolsa de valores. No YouTube e no Instagram, \u00e9 respons\u00e1vel pela produ\u00e7\u00e3o de Reels e Shorts do Suno Not\u00edcias. Anteriormente, trabalhou cobrindo economia e cotidiano no ND+ e para o ND, maior jornal impresso de Santa Catarina. Cursou um semestre letivo de Estudos de M\u00eddia na Universidad de Buenos Aires.\",\"url\":\"https:\/\/www.suno.com.br\/noticias\/author\/eduardo-vargas\/\"}]}<\/script>\n<!-- \/ Yoast SEO plugin. -->","yoast_head_json":{"title":"Evergrande j\u00e1 deu calote e entrou em default, diz Fitch","description":"\"Sem comunicados, estamos, portanto, presumindo que os compromissos n\u00e3o foram pagos\u201d, disse Fitch sobre a Evergrande. Clique aqui e leia mais.","robots":{"index":"index","follow":"follow","max-snippet":"max-snippet:-1","max-image-preview":"max-image-preview:large","max-video-preview":"max-video-preview:-1"},"canonical":"https:\/\/www.suno.com.br\/noticias\/evergrande-china-mercado-imobiliario-calote-fitch\/","og_locale":"pt_BR","og_type":"article","og_title":"Evergrande j\u00e1 deu calote e entrou em default, diz Fitch","og_description":"\"Sem comunicados, estamos, portanto, presumindo que os compromissos n\u00e3o foram pagos\u201d, disse Fitch sobre a Evergrande. Clique aqui e leia mais.","og_url":"https:\/\/www.suno.com.br\/noticias\/evergrande-china-mercado-imobiliario-calote-fitch\/","og_site_name":"Suno Not\u00edcias","article_publisher":"https:\/\/facebook.com\/sunoresearch","og_image":[{"width":1536,"height":799,"url":"https:\/\/files.sunoresearch.com.br\/n\/uploads\/2021\/09\/aaa.jpg","type":"image\/jpeg"}],"author":"Eduardo Vargas","twitter_card":"summary_large_image","twitter_creator":"@sunoresearch","twitter_site":"@sunoresearch","twitter_misc":{"Escrito por":"Eduardo Vargas","Est. tempo de leitura":"3 minutos"},"schema":{"@context":"https:\/\/schema.org","@graph":[{"@type":"NewsArticle","@id":"https:\/\/www.suno.com.br\/noticias\/evergrande-china-mercado-imobiliario-calote-fitch\/#article","isPartOf":{"@id":"https:\/\/www.suno.com.br\/noticias\/evergrande-china-mercado-imobiliario-calote-fitch\/"},"author":{"name":"Eduardo Vargas","@id":"https:\/\/www.suno.com.br\/noticias\/#\/schema\/person\/7f4d362bf3518e76090143ae77bb49a5"},"headline":"Evergrande j\u00e1 deu calote e entrou em default, diz Fitch","datePublished":"2021-12-09T17:28:39+00:00","mainEntityOfPage":{"@id":"https:\/\/www.suno.com.br\/noticias\/evergrande-china-mercado-imobiliario-calote-fitch\/"},"wordCount":718,"publisher":{"@id":"https:\/\/www.suno.com.br\/noticias\/#organization"},"image":{"@id":"https:\/\/www.suno.com.br\/noticias\/evergrande-china-mercado-imobiliario-calote-fitch\/#primaryimage"},"thumbnailUrl":"https:\/\/files.sunoresearch.com.br\/n\/uploads\/2021\/09\/aaa.jpg","keywords":["China","mercado imobili\u00e1rio"],"articleSection":["Neg\u00f3cios"],"inLanguage":"pt-BR"},{"@type":"WebPage","@id":"https:\/\/www.suno.com.br\/noticias\/evergrande-china-mercado-imobiliario-calote-fitch\/","url":"https:\/\/www.suno.com.br\/noticias\/evergrande-china-mercado-imobiliario-calote-fitch\/","name":"Evergrande j\u00e1 deu calote e entrou em default, diz Fitch","isPartOf":{"@id":"https:\/\/www.suno.com.br\/noticias\/#website"},"primaryImageOfPage":{"@id":"https:\/\/www.suno.com.br\/noticias\/evergrande-china-mercado-imobiliario-calote-fitch\/#primaryimage"},"image":{"@id":"https:\/\/www.suno.com.br\/noticias\/evergrande-china-mercado-imobiliario-calote-fitch\/#primaryimage"},"thumbnailUrl":"https:\/\/files.sunoresearch.com.br\/n\/uploads\/2021\/09\/aaa.jpg","datePublished":"2021-12-09T17:28:39+00:00","description":"\"Sem comunicados, estamos, portanto, presumindo que os compromissos n\u00e3o foram pagos\u201d, disse Fitch sobre a Evergrande. Clique aqui e leia mais.","breadcrumb":{"@id":"https:\/\/www.suno.com.br\/noticias\/evergrande-china-mercado-imobiliario-calote-fitch\/#breadcrumb"},"inLanguage":"pt-BR","potentialAction":[{"@type":"ReadAction","target":["https:\/\/www.suno.com.br\/noticias\/evergrande-china-mercado-imobiliario-calote-fitch\/"]}]},{"@type":"ImageObject","inLanguage":"pt-BR","@id":"https:\/\/www.suno.com.br\/noticias\/evergrande-china-mercado-imobiliario-calote-fitch\/#primaryimage","url":"https:\/\/files.sunoresearch.com.br\/n\/uploads\/2021\/09\/aaa.jpg","contentUrl":"https:\/\/files.sunoresearch.com.br\/n\/uploads\/2021\/09\/aaa.jpg","width":1536,"height":799,"caption":"Evergrande - Foto: Reprodu\u00e7\u00e3o\/Site Evergrande"},{"@type":"BreadcrumbList","@id":"https:\/\/www.suno.com.br\/noticias\/evergrande-china-mercado-imobiliario-calote-fitch\/#breadcrumb","itemListElement":[{"@type":"ListItem","position":1,"name":"Not\u00edcias","item":"https:\/\/www.suno.com.br\/noticias\/"},{"@type":"ListItem","position":2,"name":"Neg\u00f3cios","item":"https:\/\/www.suno.com.br\/noticias\/negocios\/"},{"@type":"ListItem","position":3,"name":"Evergrande j\u00e1 deu calote e entrou em default, diz Fitch"}]},{"@type":"WebSite","@id":"https:\/\/www.suno.com.br\/noticias\/#website","url":"https:\/\/www.suno.com.br\/noticias\/","name":"Suno Not\u00edcias","description":"Seu portal de informa\u00e7\u00e3o sobre o mundo dos investimentos","publisher":{"@id":"https:\/\/www.suno.com.br\/noticias\/#organization"},"potentialAction":[{"@type":"SearchAction","target":{"@type":"EntryPoint","urlTemplate":"https:\/\/www.suno.com.br\/noticias\/?s={search_term_string}"},"query-input":{"@type":"PropertyValueSpecification","valueRequired":true,"valueName":"search_term_string"}}],"inLanguage":"pt-BR"},{"@type":"Organization","@id":"https:\/\/www.suno.com.br\/noticias\/#organization","name":"Suno Not\u00edcias","url":"https:\/\/www.suno.com.br\/noticias\/","logo":{"@type":"ImageObject","inLanguage":"pt-BR","@id":"https:\/\/www.suno.com.br\/noticias\/#\/schema\/logo\/image\/","url":"https:\/\/files.sunoresearch.com.br\/n\/uploads\/2021\/09\/suno-logo.png","contentUrl":"https:\/\/files.sunoresearch.com.br\/n\/uploads\/2021\/09\/suno-logo.png","width":180,"height":180,"caption":"Suno Not\u00edcias"},"image":{"@id":"https:\/\/www.suno.com.br\/noticias\/#\/schema\/logo\/image\/"},"sameAs":["https:\/\/facebook.com\/sunoresearch","https:\/\/x.com\/sunoresearch","https:\/\/www.instagram.com\/suno","https:\/\/www.linkedin.com\/company\/suno-research\/","https:\/\/www.youtube.com\/c\/sunoresearch"]},{"@type":"Person","@id":"https:\/\/www.suno.com.br\/noticias\/#\/schema\/person\/7f4d362bf3518e76090143ae77bb49a5","name":"Eduardo Vargas","image":{"@type":"ImageObject","inLanguage":"pt-BR","@id":"https:\/\/www.suno.com.br\/noticias\/#\/schema\/person\/image\/","url":"https:\/\/secure.gravatar.com\/avatar\/dac340933427a22924c9f99d1eb2e3f2?s=96&r=g","contentUrl":"https:\/\/secure.gravatar.com\/avatar\/dac340933427a22924c9f99d1eb2e3f2?s=96&r=g","caption":"Eduardo Vargas"},"description":"Jornalista formado pela UFSC, cobre macroeconomia, neg\u00f3cios e startups para o Suno Not\u00edcias, escrevendo principalmente not\u00edcias sobre o mercado financeiro e a bolsa de valores. No YouTube e no Instagram, \u00e9 respons\u00e1vel pela produ\u00e7\u00e3o de Reels e Shorts do Suno Not\u00edcias. Anteriormente, trabalhou cobrindo economia e cotidiano no ND+ e para o ND, maior jornal impresso de Santa Catarina. Cursou um semestre letivo de Estudos de M\u00eddia na Universidad de Buenos Aires.","url":"https:\/\/www.suno.com.br\/noticias\/author\/eduardo-vargas\/"}]}},"default_loop_html":"<div class=\"cardsPage__listCard__boxs\"><div class=\"cardsPage__listCard__boxs__img\"><a href=\"https:\/\/www.suno.com.br\/noticias\/evergrande-china-mercado-imobiliario-calote-fitch\/\"><img class=\"mask\" src=\"https:\/\/www.suno.com.br\/noticias\/wp-content\/themes\/suno\/resources\/images\/spotlight\/spotlight1img\/bg-mask.png\" alt=\"Image Mask\"\/><img src=\"https:\/\/files.sunoresearch.com.br\/n\/uploads\/2021\/09\/aaa-400x200.jpg\" alt=\"Evergrande j\u00e1 deu calote e entrou em default, diz Fitch\"\/><\/a><span class=\"spotlightCategory\"><a href=\"https:\/\/www.suno.com.br\/noticias\/negocios\/\">Neg\u00f3cios<\/a><\/span><\/div><div class=\"cardsPage__listCard__boxs__content\"><a href=\"https:\/\/www.suno.com.br\/noticias\/evergrande-china-mercado-imobiliario-calote-fitch\/\"><h2 class=\"content__title\">Evergrande j\u00e1 deu calote e entrou em default, diz Fitch<\/h2><\/a><div class=\"newsContent__article__meta\"><div class=\"newsContent__article__meta__authorBox\"><a href=\"https:\/\/www.suno.com.br\/noticias\/author\/eduardo-vargas\/\" class=\"authorBox__avatar noMobi\"><img src=\"https:\/\/secure.gravatar.com\/avatar\/dac340933427a22924c9f99d1eb2e3f2?s=96&#038;r=g\" alt=\"Eduardo Vargas\"><\/a><div class=\"authorBox__name\"><span>por\n\t\t\t<a href=\"https:\/\/www.suno.com.br\/noticias\/author\/eduardo-vargas\/\"><span itemprop=\"author\">Eduardo Vargas<\/span><\/a><\/span><time datetime=\"2021-12-09T14:28:39-03:00\" itemprop=\"datePublished\">09\/12\/2021 14:28<\/time><\/div><\/div><\/div><\/div><\/div>","single_layout":"posts","amp_enabled":true,"_links":{"self":[{"href":"https:\/\/www.suno.com.br\/noticias\/wp-json\/wp\/v2\/posts\/213579"}],"collection":[{"href":"https:\/\/www.suno.com.br\/noticias\/wp-json\/wp\/v2\/posts"}],"about":[{"href":"https:\/\/www.suno.com.br\/noticias\/wp-json\/wp\/v2\/types\/post"}],"author":[{"embeddable":true,"href":"https:\/\/www.suno.com.br\/noticias\/wp-json\/wp\/v2\/users\/73"}],"replies":[{"embeddable":true,"href":"https:\/\/www.suno.com.br\/noticias\/wp-json\/wp\/v2\/comments?post=213579"}],"version-history":[{"count":1,"href":"https:\/\/www.suno.com.br\/noticias\/wp-json\/wp\/v2\/posts\/213579\/revisions"}],"predecessor-version":[{"id":213607,"href":"https:\/\/www.suno.com.br\/noticias\/wp-json\/wp\/v2\/posts\/213579\/revisions\/213607"}],"wp:featuredmedia":[{"embeddable":true,"href":"https:\/\/www.suno.com.br\/noticias\/wp-json\/wp\/v2\/media\/184099"}],"wp:attachment":[{"href":"https:\/\/www.suno.com.br\/noticias\/wp-json\/wp\/v2\/media?parent=213579"}],"wp:term":[{"taxonomy":"category","embeddable":true,"href":"https:\/\/www.suno.com.br\/noticias\/wp-json\/wp\/v2\/categories?post=213579"},{"taxonomy":"post_tag","embeddable":true,"href":"https:\/\/www.suno.com.br\/noticias\/wp-json\/wp\/v2\/tags?post=213579"},{"taxonomy":"suno_strategy","embeddable":true,"href":"https:\/\/www.suno.com.br\/noticias\/wp-json\/wp\/v2\/suno_strategy?post=213579"}],"curies":[{"name":"wp","href":"https:\/\/api.w.org\/{rel}","templated":true}]}}