{"id":213219,"date":"2021-12-08T19:50:02","date_gmt":"2021-12-08T22:50:02","guid":{"rendered":"https:\/\/www.suno.com.br\/noticias\/?p=213219"},"modified":"2021-12-08T19:50:02","modified_gmt":"2021-12-08T22:50:02","slug":"privatizacao-da-eletrobras-elet6-analise-do-processo-e-adiada-pelo-tcu","status":"publish","type":"post","link":"https:\/\/www.suno.com.br\/noticias\/privatizacao-da-eletrobras-elet6-analise-do-processo-e-adiada-pelo-tcu\/","title":{"rendered":"Privatiza\u00e7\u00e3o da Eletrobras (ELET6): an\u00e1lise do processo \u00e9 adiada pelo TCU"},"content":{"rendered":"<p>A an\u00e1lise do <a class=\"suno-keyword\" href=\"https:\/\/www.suno.com.br\/artigos\/privatizacao\/\" target=\"_blank\" rel=\"noopener\" data-force=\"no\" data-priority=\"2\">processo de privatiza\u00e7\u00e3o<\/a> da <strong>Eletrobras<\/strong> (ELET6) foi adiada pelo Tribunal de Contas da Uni\u00e3o (TCU). A sess\u00e3o estava marcada para acontecer nesta quarta-feira (8) \u00e0s 14h30, mas o ministro-relator do processo, Aroldo Cedraz, n\u00e3o havia apresentado seu parecer para os demais integrantes do colegiado do \u00f3rg\u00e3o e surpreendeu outros ministros com a retirada de pauta.<\/p>\t<div class=\"wrapper-featured-image\">\n\t\t<figure class=\"spotlightImg\">\n\n\t\t\t<picture>\n\t\t\t\t<source media=\"(max-width: 768px)\" srcset=\"https:\/\/files.sunoresearch.com.br\/n\/uploads\/2021\/02\/c3b3f26a-eletrobras-400x200.webp\">\n\t\t\t\t<img loading=\"lazy\" decoding=\"async\" class=\"newsContent__article__imgCapa lazyloadDisabled \" src=\"https:\/\/files.sunoresearch.com.br\/n\/uploads\/2021\/02\/c3b3f26a-eletrobras-800x450.webp\" width=\"800\" height=\"450\" alt=\"Privatiza\u00e7\u00e3o da Eletrobras (ELET6): an\u00e1lise do processo \u00e9 adiada pelo TCU\" fetchpriority=high \/>\n\t\t\t<\/picture>\n\n\t\t\t<figcaption class=\"wp-caption-text wp-caption-text--show\">Eletrobras (ELET3). Foto: Divulga\u00e7\u00e3o.<\/figcaption>\n\t\t<\/figure>\n\t<\/div>\n\n\n\t<p>\n\t\t<a href=\"https:\/\/lp.suno.com.br\/planilha-controle-gastos\/\" target=\"_blank\" data-element=\"shortcode-suno-banner\" title=\"Banner SUNO, clique e saiba mais\">\n\t\t\t<picture>\n\t\t\t\t<source media=\"(max-width: 500px)\" srcset=\"https:\/\/files.sunoresearch.com.br\/n\/uploads\/2023\/03\/400x300-Planilha-controle-de-gastos.png\">\n\t\t\t\t<img class=\"newsContent__article__imgCapa newsContent__article__imgCapa--banner\"\n\t\t\t\t\tsrc=\"https:\/\/files.sunoresearch.com.br\/n\/uploads\/2023\/03\/1420x240-Planilha-controle-de-gastos.png\"\n\t\t\t\t\tdata-promo-id=\"101751\"\t\t\t\t\t\t\t\t\t\twidth='1420' height='240'\t\t\t\t\talt=\"https:\/\/files.sunoresearch.com.br\/n\/uploads\/2023\/03\/1420x240-Planilha-controle-de-gastos.png\"\n\t\t\t\t>\n\t\t\t<\/picture>\n\t\t<\/a>\n\t<\/p>\n\n\n<p>O julgamento do processo da <a class=\"suno-keyword\" href=\"https:\/\/www.suno.com.br\/acoes\/ELET6\/\" target=\"_blank\" rel=\"noopener\" data-force=\"yes\" data-priority=\"2\">Eletrobras <\/a> deve acontecer em sess\u00e3o extraordin\u00e1ria a ser convocada pelo <strong>TCU<\/strong> para a pr\u00f3xima quarta-feira, 15. Segundo apurou o Broadcast (sistema de not\u00edcias em tempo real do Grupo Estado), o ministro havia se comprometido a disponibilizar o voto na tarde de ter\u00e7a-feira, 7, o que n\u00e3o ocorreu. A demora levou alguns ministros a cogitarem um pedido de vista, para que haja mais tempo para entendimento do assunto.<\/p>\n<p>Durante a sess\u00e3o, o decano do TCU, ministro Walton Alencar Rodrigues, cobrou o julgamento do processo. Cedraz, que ainda n\u00e3o tinha se manifestado sobre o adiamento, disse que o processo foi retirado de pauta porque chegou em seu gabinete <strong>manifesta\u00e7\u00f5es do Executivo e da &#8220;sociedade&#8221;<\/strong>, ainda na manh\u00e3 desta quarta.<\/p>\n\t<p>\n\t\t<a href=\"https:\/\/lp.suno.com.br\/planilha-da-vida-financeira\/\" target=\"_blank\" data-element=\"shortcode-suno-banner\" title=\"Banner SUNO, clique e saiba mais\">\n\t\t\t<picture>\n\t\t\t\t<source media=\"(max-width: 500px)\" srcset=\"https:\/\/files.sunoresearch.com.br\/n\/uploads\/2023\/04\/400x300-Planilha-vida-financeira-true.png\">\n\t\t\t\t<img class=\"newsContent__article__imgCapa newsContent__article__imgCapa--banner\"\n\t\t\t\t\tsrc=\"https:\/\/files.sunoresearch.com.br\/n\/uploads\/2023\/04\/1420x240-Planilha-vida-financeira-true.png\"\n\t\t\t\t\tdata-promo-id=\"106682\"\t\t\t\t\t\t\t\t\t\twidth='1420' height='240'\t\t\t\t\talt=\"https:\/\/files.sunoresearch.com.br\/n\/uploads\/2023\/04\/1420x240-Planilha-vida-financeira-true.png\"\n\t\t\t\t>\n\t\t\t<\/picture>\n\t\t<\/a>\n\t<\/p>\n\n\n<p>&#8220;Se Deus nos permitir, o processo<strong> volta \u00e0 pauta na pr\u00f3xima semana<\/strong>&#8220;, afirmou Cedraz.<\/p>\n<h2>Atraso no processo da Eletrobras congestiona cronograma de privatiza\u00e7\u00e3o do governo<\/h2>\n<p>A decis\u00e3o do TCU \u00e9 aguardada pelo governo com incertezas. Nos bastidores, o Executivo trabalhou para agilizar a vota\u00e7\u00e3o, sob argumento de que a demora estaria <strong>inviabilizando o cumprimento do cronograma da privatiza\u00e7\u00e3o<\/strong>. Antes esperada para fevereiro de 2022, agora a opera\u00e7\u00e3o est\u00e1 prevista para acontecer entre abril e maio.<\/p>\n\t<p>\n\t\t<a href=\"https:\/\/lp.suno.com.br\/ebook-como-analisar-uma-acao\/\" target=\"_blank\" data-element=\"shortcode-suno-banner\" title=\"Banner SUNO, clique e saiba mais\">\n\t\t\t<picture>\n\t\t\t\t<source media=\"(max-width: 500px)\" srcset=\"https:\/\/files.sunoresearch.com.br\/n\/uploads\/2023\/03\/Ebook-Acoes-Mobile-1.jpg\">\n\t\t\t\t<img class=\"newsContent__article__imgCapa newsContent__article__imgCapa--banner\"\n\t\t\t\t\tsrc=\"https:\/\/files.sunoresearch.com.br\/n\/uploads\/2023\/03\/Ebook-Acoes-Desktop-1.jpg\"\n\t\t\t\t\tdata-promo-id=\"171998\"\t\t\t\t\t\t\t\t\t\twidth='1420' height='286'\t\t\t\t\talt=\"https:\/\/files.sunoresearch.com.br\/n\/uploads\/2023\/03\/Ebook-Acoes-Desktop-1.jpg\"\n\t\t\t\t>\n\t\t\t<\/picture>\n\t\t<\/a>\n\t<\/p>\n\n\n<p>Essa \u00e9 a <strong>primeira proposta de privatiza\u00e7\u00e3o aprovada no Congresso<\/strong> durante a gest\u00e3o de Bolsonaro. Com o aval, o governo deu prosseguimento aos preparativos para emiss\u00e3o de novas a\u00e7\u00f5es da empresa, por meio da qual a Uni\u00e3o pretende reduzir sua fatia na companhia de cerca de 60% para 45%.<\/p>\n\t<div data-element=\"shortcode-read-more\" class=\"knowMore\">\n\t\t\t\t<span class=\"knowMore__title\">Veja tamb\u00e9m<\/span>\n\t\t\t\t<a class=\"knowMore__link\" href=\"https:\/\/www.suno.com.br\/noticias\/petrobras-petr4-privatizacao-paulo-guedes\/\">\n\t\t\tPetrobras (PETR4) n\u00e3o ser\u00e1 privatizada neste mandato, diz Paulo Guedes\t\t<\/a>\n\t<\/div>\n\n\n<p>A \u00e1rea t\u00e9cnica do TCU j\u00e1 apontou inconsist\u00eancias nos dados da opera\u00e7\u00e3o da <strong>Eletrobras<\/strong> e apresentou uma s\u00e9rie de recomenda\u00e7\u00f5es ao Minist\u00e9rio de Minas e Energia (MME), principalmente relacionadas aos pre\u00e7os de energia estabelecidos pela pasta &#8211; o que pode interferir nos valores que ser\u00e3o pagos \u00e0 Uni\u00e3o e nas proje\u00e7\u00f5es para amenizar as tarifas nos pr\u00f3ximos anos.<\/p>\n<p><em>(Com informa\u00e7\u00f5es da Ag\u00eancia Estado)<\/em><\/p>\n\t<p>\n\t\t<a href=\"\" target=\"_blank\" data-element=\"shortcode-suno-banner\" title=\"Banner SUNO, clique e saiba mais\">\n\t\t\t<picture>\n\t\t\t\t<source media=\"(max-width: 500px)\" srcset=\"\">\n\t\t\t\t<img class=\"newsContent__article__imgCapa newsContent__article__imgCapa--banner\"\n\t\t\t\t\tsrc=\"\"\n\t\t\t\t\tdata-promo-id=\"184190\"\t\t\t\t\t\t\t\t\t\t\t\t\t\t\talt=\"\"\n\t\t\t\t>\n\t\t\t<\/picture>\n\t\t<\/a>\n\t<\/p>\n\n\n","protected":false},"excerpt":{"rendered":"<p>A an\u00e1lise do processo de privatiza\u00e7\u00e3o da Eletrobras (ELET6) foi adiada pelo Tribunal de Contas da Uni\u00e3o (TCU). A sess\u00e3o estava marcada para acontecer nesta quarta-feira (8) \u00e0s 14h30, mas o ministro-relator do processo, Aroldo Cedraz, n\u00e3o havia apresentado seu parecer para os demais integrantes do colegiado do \u00f3rg\u00e3o e surpreendeu outros ministros com a [&hellip;]<\/p>\n","protected":false},"author":118,"featured_media":125973,"comment_status":"closed","ping_status":"closed","sticky":false,"template":"","format":"standard","meta":[],"categories":[64],"tags":[455,104992],"suno_strategy":[],"class_list":["post-213219","post","type-post","status-publish","format-standard","has-post-thumbnail","hentry","category-negocios","tag-eletrobras-elet3-elet5-elet6","tag-privatizacao-da-eletrobras"],"yoast_head":"<!-- This site is optimized with the Yoast SEO plugin v24.4 - https:\/\/yoast.com\/wordpress\/plugins\/seo\/ -->\n<title>Privatiza\u00e7\u00e3o da Eletrobras (ELET6): an\u00e1lise \u00e9 adiada pelo TCU<\/title>\n<meta name=\"description\" content=\"A an\u00e1lise da privatiza\u00e7\u00e3o da Eletrobras (ELET6), marcada para hoje, foi adiada pelo TCU, atrasando o cronograma de privatiza\u00e7\u00f5es do governo\" \/>\n<meta name=\"robots\" content=\"index, follow, max-snippet:-1, max-image-preview:large, max-video-preview:-1\" \/>\n<link rel=\"canonical\" href=\"https:\/\/www.suno.com.br\/noticias\/privatizacao-da-eletrobras-elet6-analise-do-processo-e-adiada-pelo-tcu\/\" \/>\n<meta property=\"og:locale\" content=\"pt_BR\" \/>\n<meta property=\"og:type\" content=\"article\" \/>\n<meta property=\"og:title\" content=\"Privatiza\u00e7\u00e3o da Eletrobras (ELET6): an\u00e1lise \u00e9 adiada pelo TCU\" \/>\n<meta property=\"og:description\" content=\"A an\u00e1lise da privatiza\u00e7\u00e3o da Eletrobras (ELET6), marcada para hoje, foi adiada pelo TCU, atrasando o cronograma de privatiza\u00e7\u00f5es do governo\" \/>\n<meta property=\"og:url\" content=\"https:\/\/www.suno.com.br\/noticias\/privatizacao-da-eletrobras-elet6-analise-do-processo-e-adiada-pelo-tcu\/\" \/>\n<meta property=\"og:site_name\" content=\"Suno Not\u00edcias\" \/>\n<meta property=\"article:publisher\" content=\"https:\/\/facebook.com\/sunoresearch\" \/>\n<meta property=\"og:image\" content=\"https:\/\/files.sunoresearch.com.br\/n\/uploads\/2021\/02\/c3b3f26a-eletrobras.jpg\" \/>\n\t<meta property=\"og:image:width\" content=\"1200\" \/>\n\t<meta property=\"og:image:height\" content=\"800\" \/>\n\t<meta property=\"og:image:type\" content=\"image\/jpeg\" \/>\n<meta name=\"author\" content=\"Bruno Galv\u00e3o\" \/>\n<meta name=\"twitter:card\" content=\"summary_large_image\" \/>\n<meta name=\"twitter:creator\" content=\"@sunoresearch\" \/>\n<meta name=\"twitter:site\" content=\"@sunoresearch\" \/>\n<meta name=\"twitter:label1\" content=\"Escrito por\" \/>\n\t<meta name=\"twitter:data1\" content=\"Bruno Galv\u00e3o\" \/>\n\t<meta name=\"twitter:label2\" content=\"Est. tempo de leitura\" \/>\n\t<meta name=\"twitter:data2\" content=\"2 minutos\" \/>\n<script type=\"application\/ld+json\" class=\"yoast-schema-graph\">{\"@context\":\"https:\/\/schema.org\",\"@graph\":[{\"@type\":\"NewsArticle\",\"@id\":\"https:\/\/www.suno.com.br\/noticias\/privatizacao-da-eletrobras-elet6-analise-do-processo-e-adiada-pelo-tcu\/#article\",\"isPartOf\":{\"@id\":\"https:\/\/www.suno.com.br\/noticias\/privatizacao-da-eletrobras-elet6-analise-do-processo-e-adiada-pelo-tcu\/\"},\"author\":{\"name\":\"Bruno Galv\u00e3o\",\"@id\":\"https:\/\/www.suno.com.br\/noticias\/#\/schema\/person\/06f0d962a6b1c54852e4860f16935600\"},\"headline\":\"Privatiza\u00e7\u00e3o da Eletrobras (ELET6): an\u00e1lise do processo \u00e9 adiada pelo TCU\",\"datePublished\":\"2021-12-08T22:50:02+00:00\",\"mainEntityOfPage\":{\"@id\":\"https:\/\/www.suno.com.br\/noticias\/privatizacao-da-eletrobras-elet6-analise-do-processo-e-adiada-pelo-tcu\/\"},\"wordCount\":428,\"publisher\":{\"@id\":\"https:\/\/www.suno.com.br\/noticias\/#organization\"},\"image\":{\"@id\":\"https:\/\/www.suno.com.br\/noticias\/privatizacao-da-eletrobras-elet6-analise-do-processo-e-adiada-pelo-tcu\/#primaryimage\"},\"thumbnailUrl\":\"https:\/\/files.sunoresearch.com.br\/n\/uploads\/2021\/02\/c3b3f26a-eletrobras-jpg.webp\",\"keywords\":[\"Eletrobras (ELET3\/ELET5\/ELET6)\",\"privatiza\u00e7\u00e3o da Eletrobras\"],\"articleSection\":[\"Neg\u00f3cios\"],\"inLanguage\":\"pt-BR\"},{\"@type\":\"WebPage\",\"@id\":\"https:\/\/www.suno.com.br\/noticias\/privatizacao-da-eletrobras-elet6-analise-do-processo-e-adiada-pelo-tcu\/\",\"url\":\"https:\/\/www.suno.com.br\/noticias\/privatizacao-da-eletrobras-elet6-analise-do-processo-e-adiada-pelo-tcu\/\",\"name\":\"Privatiza\u00e7\u00e3o da Eletrobras (ELET6): an\u00e1lise \u00e9 adiada pelo TCU\",\"isPartOf\":{\"@id\":\"https:\/\/www.suno.com.br\/noticias\/#website\"},\"primaryImageOfPage\":{\"@id\":\"https:\/\/www.suno.com.br\/noticias\/privatizacao-da-eletrobras-elet6-analise-do-processo-e-adiada-pelo-tcu\/#primaryimage\"},\"image\":{\"@id\":\"https:\/\/www.suno.com.br\/noticias\/privatizacao-da-eletrobras-elet6-analise-do-processo-e-adiada-pelo-tcu\/#primaryimage\"},\"thumbnailUrl\":\"https:\/\/files.sunoresearch.com.br\/n\/uploads\/2021\/02\/c3b3f26a-eletrobras-jpg.webp\",\"datePublished\":\"2021-12-08T22:50:02+00:00\",\"description\":\"A an\u00e1lise da privatiza\u00e7\u00e3o da Eletrobras (ELET6), marcada para hoje, foi adiada pelo TCU, atrasando o cronograma de privatiza\u00e7\u00f5es do governo\",\"breadcrumb\":{\"@id\":\"https:\/\/www.suno.com.br\/noticias\/privatizacao-da-eletrobras-elet6-analise-do-processo-e-adiada-pelo-tcu\/#breadcrumb\"},\"inLanguage\":\"pt-BR\",\"potentialAction\":[{\"@type\":\"ReadAction\",\"target\":[\"https:\/\/www.suno.com.br\/noticias\/privatizacao-da-eletrobras-elet6-analise-do-processo-e-adiada-pelo-tcu\/\"]}]},{\"@type\":\"ImageObject\",\"inLanguage\":\"pt-BR\",\"@id\":\"https:\/\/www.suno.com.br\/noticias\/privatizacao-da-eletrobras-elet6-analise-do-processo-e-adiada-pelo-tcu\/#primaryimage\",\"url\":\"https:\/\/files.sunoresearch.com.br\/n\/uploads\/2021\/02\/c3b3f26a-eletrobras-jpg.webp\",\"contentUrl\":\"https:\/\/files.sunoresearch.com.br\/n\/uploads\/2021\/02\/c3b3f26a-eletrobras-jpg.webp\",\"width\":1200,\"height\":800,\"caption\":\"Eletrobras (ELET3). Foto: Divulga\u00e7\u00e3o.\"},{\"@type\":\"BreadcrumbList\",\"@id\":\"https:\/\/www.suno.com.br\/noticias\/privatizacao-da-eletrobras-elet6-analise-do-processo-e-adiada-pelo-tcu\/#breadcrumb\",\"itemListElement\":[{\"@type\":\"ListItem\",\"position\":1,\"name\":\"Not\u00edcias\",\"item\":\"https:\/\/www.suno.com.br\/noticias\/\"},{\"@type\":\"ListItem\",\"position\":2,\"name\":\"Neg\u00f3cios\",\"item\":\"https:\/\/www.suno.com.br\/noticias\/negocios\/\"},{\"@type\":\"ListItem\",\"position\":3,\"name\":\"Privatiza\u00e7\u00e3o da Eletrobras (ELET6): an\u00e1lise do processo \u00e9 adiada pelo TCU\"}]},{\"@type\":\"WebSite\",\"@id\":\"https:\/\/www.suno.com.br\/noticias\/#website\",\"url\":\"https:\/\/www.suno.com.br\/noticias\/\",\"name\":\"Suno Not\u00edcias\",\"description\":\"Seu portal de informa\u00e7\u00e3o sobre o mundo dos investimentos\",\"publisher\":{\"@id\":\"https:\/\/www.suno.com.br\/noticias\/#organization\"},\"potentialAction\":[{\"@type\":\"SearchAction\",\"target\":{\"@type\":\"EntryPoint\",\"urlTemplate\":\"https:\/\/www.suno.com.br\/noticias\/?s={search_term_string}\"},\"query-input\":{\"@type\":\"PropertyValueSpecification\",\"valueRequired\":true,\"valueName\":\"search_term_string\"}}],\"inLanguage\":\"pt-BR\"},{\"@type\":\"Organization\",\"@id\":\"https:\/\/www.suno.com.br\/noticias\/#organization\",\"name\":\"Suno Not\u00edcias\",\"url\":\"https:\/\/www.suno.com.br\/noticias\/\",\"logo\":{\"@type\":\"ImageObject\",\"inLanguage\":\"pt-BR\",\"@id\":\"https:\/\/www.suno.com.br\/noticias\/#\/schema\/logo\/image\/\",\"url\":\"https:\/\/files.sunoresearch.com.br\/n\/uploads\/2021\/09\/suno-logo.png\",\"contentUrl\":\"https:\/\/files.sunoresearch.com.br\/n\/uploads\/2021\/09\/suno-logo.png\",\"width\":180,\"height\":180,\"caption\":\"Suno Not\u00edcias\"},\"image\":{\"@id\":\"https:\/\/www.suno.com.br\/noticias\/#\/schema\/logo\/image\/\"},\"sameAs\":[\"https:\/\/facebook.com\/sunoresearch\",\"https:\/\/x.com\/sunoresearch\",\"https:\/\/www.instagram.com\/suno\",\"https:\/\/www.linkedin.com\/company\/suno-research\/\",\"https:\/\/www.youtube.com\/c\/sunoresearch\"]},{\"@type\":\"Person\",\"@id\":\"https:\/\/www.suno.com.br\/noticias\/#\/schema\/person\/06f0d962a6b1c54852e4860f16935600\",\"name\":\"Bruno Galv\u00e3o\",\"image\":{\"@type\":\"ImageObject\",\"inLanguage\":\"pt-BR\",\"@id\":\"https:\/\/www.suno.com.br\/noticias\/#\/schema\/person\/image\/\",\"url\":\"https:\/\/secure.gravatar.com\/avatar\/53598df0b41c00f12f287a912d0e918e?s=96&r=g\",\"contentUrl\":\"https:\/\/secure.gravatar.com\/avatar\/53598df0b41c00f12f287a912d0e918e?s=96&r=g\",\"caption\":\"Bruno Galv\u00e3o\"},\"description\":\"Escreve para o portal Suno Not\u00edcias. \u00c9 estudante de Jornalismo pela Faculdade C\u00e1sper L\u00edbero e Letras pela USP. Entusiasta de tecnologia e intelig\u00eancia artificial.\",\"url\":\"https:\/\/www.suno.com.br\/noticias\/author\/bruno-garcia\/\"}]}<\/script>\n<!-- \/ Yoast SEO plugin. -->","yoast_head_json":{"title":"Privatiza\u00e7\u00e3o da Eletrobras (ELET6): an\u00e1lise \u00e9 adiada pelo TCU","description":"A an\u00e1lise da privatiza\u00e7\u00e3o da Eletrobras (ELET6), marcada para hoje, foi adiada pelo TCU, atrasando o cronograma de privatiza\u00e7\u00f5es do governo","robots":{"index":"index","follow":"follow","max-snippet":"max-snippet:-1","max-image-preview":"max-image-preview:large","max-video-preview":"max-video-preview:-1"},"canonical":"https:\/\/www.suno.com.br\/noticias\/privatizacao-da-eletrobras-elet6-analise-do-processo-e-adiada-pelo-tcu\/","og_locale":"pt_BR","og_type":"article","og_title":"Privatiza\u00e7\u00e3o da Eletrobras (ELET6): an\u00e1lise \u00e9 adiada pelo TCU","og_description":"A an\u00e1lise da privatiza\u00e7\u00e3o da Eletrobras (ELET6), marcada para hoje, foi adiada pelo TCU, atrasando o cronograma de privatiza\u00e7\u00f5es do governo","og_url":"https:\/\/www.suno.com.br\/noticias\/privatizacao-da-eletrobras-elet6-analise-do-processo-e-adiada-pelo-tcu\/","og_site_name":"Suno Not\u00edcias","article_publisher":"https:\/\/facebook.com\/sunoresearch","og_image":[{"width":1200,"height":800,"url":"https:\/\/files.sunoresearch.com.br\/n\/uploads\/2021\/02\/c3b3f26a-eletrobras.jpg","type":"image\/jpeg"}],"author":"Bruno Galv\u00e3o","twitter_card":"summary_large_image","twitter_creator":"@sunoresearch","twitter_site":"@sunoresearch","twitter_misc":{"Escrito por":"Bruno Galv\u00e3o","Est. tempo de leitura":"2 minutos"},"schema":{"@context":"https:\/\/schema.org","@graph":[{"@type":"NewsArticle","@id":"https:\/\/www.suno.com.br\/noticias\/privatizacao-da-eletrobras-elet6-analise-do-processo-e-adiada-pelo-tcu\/#article","isPartOf":{"@id":"https:\/\/www.suno.com.br\/noticias\/privatizacao-da-eletrobras-elet6-analise-do-processo-e-adiada-pelo-tcu\/"},"author":{"name":"Bruno Galv\u00e3o","@id":"https:\/\/www.suno.com.br\/noticias\/#\/schema\/person\/06f0d962a6b1c54852e4860f16935600"},"headline":"Privatiza\u00e7\u00e3o da Eletrobras (ELET6): an\u00e1lise do processo \u00e9 adiada pelo TCU","datePublished":"2021-12-08T22:50:02+00:00","mainEntityOfPage":{"@id":"https:\/\/www.suno.com.br\/noticias\/privatizacao-da-eletrobras-elet6-analise-do-processo-e-adiada-pelo-tcu\/"},"wordCount":428,"publisher":{"@id":"https:\/\/www.suno.com.br\/noticias\/#organization"},"image":{"@id":"https:\/\/www.suno.com.br\/noticias\/privatizacao-da-eletrobras-elet6-analise-do-processo-e-adiada-pelo-tcu\/#primaryimage"},"thumbnailUrl":"https:\/\/files.sunoresearch.com.br\/n\/uploads\/2021\/02\/c3b3f26a-eletrobras-jpg.webp","keywords":["Eletrobras (ELET3\/ELET5\/ELET6)","privatiza\u00e7\u00e3o da Eletrobras"],"articleSection":["Neg\u00f3cios"],"inLanguage":"pt-BR"},{"@type":"WebPage","@id":"https:\/\/www.suno.com.br\/noticias\/privatizacao-da-eletrobras-elet6-analise-do-processo-e-adiada-pelo-tcu\/","url":"https:\/\/www.suno.com.br\/noticias\/privatizacao-da-eletrobras-elet6-analise-do-processo-e-adiada-pelo-tcu\/","name":"Privatiza\u00e7\u00e3o da Eletrobras (ELET6): an\u00e1lise \u00e9 adiada pelo TCU","isPartOf":{"@id":"https:\/\/www.suno.com.br\/noticias\/#website"},"primaryImageOfPage":{"@id":"https:\/\/www.suno.com.br\/noticias\/privatizacao-da-eletrobras-elet6-analise-do-processo-e-adiada-pelo-tcu\/#primaryimage"},"image":{"@id":"https:\/\/www.suno.com.br\/noticias\/privatizacao-da-eletrobras-elet6-analise-do-processo-e-adiada-pelo-tcu\/#primaryimage"},"thumbnailUrl":"https:\/\/files.sunoresearch.com.br\/n\/uploads\/2021\/02\/c3b3f26a-eletrobras-jpg.webp","datePublished":"2021-12-08T22:50:02+00:00","description":"A an\u00e1lise da privatiza\u00e7\u00e3o da Eletrobras (ELET6), marcada para hoje, foi adiada pelo TCU, atrasando o cronograma de privatiza\u00e7\u00f5es do governo","breadcrumb":{"@id":"https:\/\/www.suno.com.br\/noticias\/privatizacao-da-eletrobras-elet6-analise-do-processo-e-adiada-pelo-tcu\/#breadcrumb"},"inLanguage":"pt-BR","potentialAction":[{"@type":"ReadAction","target":["https:\/\/www.suno.com.br\/noticias\/privatizacao-da-eletrobras-elet6-analise-do-processo-e-adiada-pelo-tcu\/"]}]},{"@type":"ImageObject","inLanguage":"pt-BR","@id":"https:\/\/www.suno.com.br\/noticias\/privatizacao-da-eletrobras-elet6-analise-do-processo-e-adiada-pelo-tcu\/#primaryimage","url":"https:\/\/files.sunoresearch.com.br\/n\/uploads\/2021\/02\/c3b3f26a-eletrobras-jpg.webp","contentUrl":"https:\/\/files.sunoresearch.com.br\/n\/uploads\/2021\/02\/c3b3f26a-eletrobras-jpg.webp","width":1200,"height":800,"caption":"Eletrobras (ELET3). Foto: Divulga\u00e7\u00e3o."},{"@type":"BreadcrumbList","@id":"https:\/\/www.suno.com.br\/noticias\/privatizacao-da-eletrobras-elet6-analise-do-processo-e-adiada-pelo-tcu\/#breadcrumb","itemListElement":[{"@type":"ListItem","position":1,"name":"Not\u00edcias","item":"https:\/\/www.suno.com.br\/noticias\/"},{"@type":"ListItem","position":2,"name":"Neg\u00f3cios","item":"https:\/\/www.suno.com.br\/noticias\/negocios\/"},{"@type":"ListItem","position":3,"name":"Privatiza\u00e7\u00e3o da Eletrobras (ELET6): an\u00e1lise do processo \u00e9 adiada pelo TCU"}]},{"@type":"WebSite","@id":"https:\/\/www.suno.com.br\/noticias\/#website","url":"https:\/\/www.suno.com.br\/noticias\/","name":"Suno Not\u00edcias","description":"Seu portal de informa\u00e7\u00e3o sobre o mundo dos investimentos","publisher":{"@id":"https:\/\/www.suno.com.br\/noticias\/#organization"},"potentialAction":[{"@type":"SearchAction","target":{"@type":"EntryPoint","urlTemplate":"https:\/\/www.suno.com.br\/noticias\/?s={search_term_string}"},"query-input":{"@type":"PropertyValueSpecification","valueRequired":true,"valueName":"search_term_string"}}],"inLanguage":"pt-BR"},{"@type":"Organization","@id":"https:\/\/www.suno.com.br\/noticias\/#organization","name":"Suno Not\u00edcias","url":"https:\/\/www.suno.com.br\/noticias\/","logo":{"@type":"ImageObject","inLanguage":"pt-BR","@id":"https:\/\/www.suno.com.br\/noticias\/#\/schema\/logo\/image\/","url":"https:\/\/files.sunoresearch.com.br\/n\/uploads\/2021\/09\/suno-logo.png","contentUrl":"https:\/\/files.sunoresearch.com.br\/n\/uploads\/2021\/09\/suno-logo.png","width":180,"height":180,"caption":"Suno Not\u00edcias"},"image":{"@id":"https:\/\/www.suno.com.br\/noticias\/#\/schema\/logo\/image\/"},"sameAs":["https:\/\/facebook.com\/sunoresearch","https:\/\/x.com\/sunoresearch","https:\/\/www.instagram.com\/suno","https:\/\/www.linkedin.com\/company\/suno-research\/","https:\/\/www.youtube.com\/c\/sunoresearch"]},{"@type":"Person","@id":"https:\/\/www.suno.com.br\/noticias\/#\/schema\/person\/06f0d962a6b1c54852e4860f16935600","name":"Bruno Galv\u00e3o","image":{"@type":"ImageObject","inLanguage":"pt-BR","@id":"https:\/\/www.suno.com.br\/noticias\/#\/schema\/person\/image\/","url":"https:\/\/secure.gravatar.com\/avatar\/53598df0b41c00f12f287a912d0e918e?s=96&r=g","contentUrl":"https:\/\/secure.gravatar.com\/avatar\/53598df0b41c00f12f287a912d0e918e?s=96&r=g","caption":"Bruno Galv\u00e3o"},"description":"Escreve para o portal Suno Not\u00edcias. \u00c9 estudante de Jornalismo pela Faculdade C\u00e1sper L\u00edbero e Letras pela USP. Entusiasta de tecnologia e intelig\u00eancia artificial.","url":"https:\/\/www.suno.com.br\/noticias\/author\/bruno-garcia\/"}]}},"default_loop_html":"<div class=\"cardsPage__listCard__boxs\"><div class=\"cardsPage__listCard__boxs__img\"><a href=\"https:\/\/www.suno.com.br\/noticias\/privatizacao-da-eletrobras-elet6-analise-do-processo-e-adiada-pelo-tcu\/\"><img class=\"mask\" src=\"https:\/\/www.suno.com.br\/noticias\/wp-content\/themes\/suno\/resources\/images\/spotlight\/spotlight1img\/bg-mask.png\" alt=\"Image Mask\"\/><img src=\"https:\/\/files.sunoresearch.com.br\/n\/uploads\/2021\/02\/c3b3f26a-eletrobras-400x200.webp\" alt=\"Privatiza\u00e7\u00e3o da Eletrobras (ELET6): an\u00e1lise do processo \u00e9 adiada pelo TCU\"\/><\/a><span class=\"spotlightCategory\"><a href=\"https:\/\/www.suno.com.br\/noticias\/negocios\/\">Neg\u00f3cios<\/a><\/span><\/div><div class=\"cardsPage__listCard__boxs__content\"><a href=\"https:\/\/www.suno.com.br\/noticias\/privatizacao-da-eletrobras-elet6-analise-do-processo-e-adiada-pelo-tcu\/\"><h2 class=\"content__title\">Privatiza\u00e7\u00e3o da Eletrobras (ELET6): an\u00e1lise do processo \u00e9 adiada pelo TCU<\/h2><\/a><div class=\"newsContent__article__meta\"><div class=\"newsContent__article__meta__authorBox\"><a href=\"https:\/\/www.suno.com.br\/noticias\/author\/bruno-garcia\/\" class=\"authorBox__avatar noMobi\"><img src=\"https:\/\/secure.gravatar.com\/avatar\/53598df0b41c00f12f287a912d0e918e?s=96&#038;r=g\" alt=\"Bruno Galv\u00e3o\"><\/a><div class=\"authorBox__name\"><span>por\n\t\t\t<a href=\"https:\/\/www.suno.com.br\/noticias\/author\/bruno-garcia\/\"><span itemprop=\"author\">Bruno Galv\u00e3o<\/span><\/a><\/span><time datetime=\"2021-12-08T19:50:02-03:00\" itemprop=\"datePublished\">08\/12\/2021 19:50<\/time><\/div><\/div><\/div><\/div><\/div>","single_layout":"posts","amp_enabled":true,"_links":{"self":[{"href":"https:\/\/www.suno.com.br\/noticias\/wp-json\/wp\/v2\/posts\/213219"}],"collection":[{"href":"https:\/\/www.suno.com.br\/noticias\/wp-json\/wp\/v2\/posts"}],"about":[{"href":"https:\/\/www.suno.com.br\/noticias\/wp-json\/wp\/v2\/types\/post"}],"author":[{"embeddable":true,"href":"https:\/\/www.suno.com.br\/noticias\/wp-json\/wp\/v2\/users\/118"}],"replies":[{"embeddable":true,"href":"https:\/\/www.suno.com.br\/noticias\/wp-json\/wp\/v2\/comments?post=213219"}],"version-history":[{"count":4,"href":"https:\/\/www.suno.com.br\/noticias\/wp-json\/wp\/v2\/posts\/213219\/revisions"}],"predecessor-version":[{"id":213340,"href":"https:\/\/www.suno.com.br\/noticias\/wp-json\/wp\/v2\/posts\/213219\/revisions\/213340"}],"wp:featuredmedia":[{"embeddable":true,"href":"https:\/\/www.suno.com.br\/noticias\/wp-json\/wp\/v2\/media\/125973"}],"wp:attachment":[{"href":"https:\/\/www.suno.com.br\/noticias\/wp-json\/wp\/v2\/media?parent=213219"}],"wp:term":[{"taxonomy":"category","embeddable":true,"href":"https:\/\/www.suno.com.br\/noticias\/wp-json\/wp\/v2\/categories?post=213219"},{"taxonomy":"post_tag","embeddable":true,"href":"https:\/\/www.suno.com.br\/noticias\/wp-json\/wp\/v2\/tags?post=213219"},{"taxonomy":"suno_strategy","embeddable":true,"href":"https:\/\/www.suno.com.br\/noticias\/wp-json\/wp\/v2\/suno_strategy?post=213219"}],"curies":[{"name":"wp","href":"https:\/\/api.w.org\/{rel}","templated":true}]}}