{"id":21274,"date":"2019-04-16T21:12:52","date_gmt":"2019-04-17T00:12:52","guid":{"rendered":"https:\/\/www.suno.com.br\/noticias\/?p=21274"},"modified":"2019-04-17T15:21:18","modified_gmt":"2019-04-17T18:21:18","slug":"guedes-petrobras-indexar-diesel","status":"publish","type":"post","link":"https:\/\/www.suno.com.br\/noticias\/guedes-petrobras-indexar-diesel\/","title":{"rendered":"Guedes diz que Petrobras pode indexar pre\u00e7o do frete ao valor do diesel"},"content":{"rendered":"<p>O ministro da Economia, Paulo Guedes, disse nesta ter\u00e7a-feira (16) que a Petrobras pode indexar o valor do frete ao do \u00f3leo diesel. Dessa forma, a eleva\u00e7\u00e3o dos pre\u00e7os do diesel poderia ser minimizado.<\/p>\t<div class=\"wrapper-featured-image\">\n\t\t<figure class=\"spotlightImg\">\n\n\t\t\t<picture>\n\t\t\t\t<source media=\"(max-width: 768px)\" srcset=\"https:\/\/files.sunoresearch.com.br\/n\/uploads\/2019\/03\/9c130e22-paulo-guedes-400x200.webp\">\n\t\t\t\t<img loading=\"lazy\" decoding=\"async\" class=\"newsContent__article__imgCapa lazyloadDisabled newsContent__article__imgCapa--noCaption\" src=\"https:\/\/files.sunoresearch.com.br\/n\/uploads\/2019\/03\/9c130e22-paulo-guedes-800x450.webp\" width=\"800\" height=\"450\" alt=\"Guedes diz que Petrobras pode indexar pre\u00e7o do frete ao valor do diesel\" fetchpriority=high \/>\n\t\t\t<\/picture>\n\n\t\t\t<figcaption class=\"wp-caption-text wp-caption-text--hide\">Paulo Guedes<\/figcaption>\n\t\t<\/figure>\n\t<\/div>\n\n\n<p>&#8220;O presidente da <strong>Petrobras<\/strong> j\u00e1 estava estudando tudo isso h\u00e1 alguns meses e por conta da greve isso tudo come\u00e7ou a ser avaliado&#8221;, disse. A afirma\u00e7\u00e3o ocorreu ap\u00f3s a reuni\u00e3o da equipe econ\u00f4mica com o presidente <strong>Jair Bolsonaro<\/strong>, nesta ter\u00e7a (16). O objetivo do encontro foi discutir a pol\u00edtica de pre\u00e7os da estatal.<\/p>\n\n<p>&nbsp;<\/p>\n<p>De acordo com <strong>Guedes<\/strong>, os estudos foram &#8220;acelerados&#8221; ap\u00f3s a possibilidade de uma poss\u00edvel greve crescer. Os caminhoneiros est\u00e3o insatisfeitos com os valores do <strong>diesel<\/strong>.<\/p>\n<p><a href=\"https:\/\/www.suno.com.br\/noticias\/caixa-venda-participacao-petrobras\/\">Saiba mais: Caixa quer vender participa\u00e7\u00e3o na Petrobras ap\u00f3s recupera\u00e7\u00e3o de pre\u00e7os<\/a><\/p>\n<p>Al\u00e9m disso, o ministro afirmou que a indexa\u00e7\u00e3o do valor do frete \u00e9 feita pelos <strong>Estados Unidos<\/strong>.\u00a0\u00a0&#8220;Essa solu\u00e7\u00e3o americana de indexar [o pre\u00e7o do frete ao do diesel] est\u00e1 sendo analisada tamb\u00e9m, tudo isso est\u00e1 sendo analisado&#8221;, declarou.<\/p>\n<p>Essa possibilidade j\u00e1 foi levantada pelo <strong>ministro de Infraestrutura<\/strong>, <strong>Tarc\u00edsio Freitas,<\/strong> pela manh\u00e3. Ele disse que pode utilizar a indexa\u00e7\u00e3o do<strong> frete<\/strong> ao valor do <strong>diesel<\/strong> ou lan\u00e7ar um <strong>cart\u00e3o caminhoneiro<\/strong>\u00a0com objetivo\u00a0 de diminuir o custo do combust\u00edvel.<\/p>\n<p>&#8220;Ou seja, d\u00e1 previsibilidade, isso vai mitigar o impacto de ele iniciar o transporte e de repente ter aumento do <strong>diesel<\/strong> e ele ser surpreendido, ter parte da renda consumida. Ele vai poder comprar, ter um cr\u00e9dito naquele cart\u00e3o para ele fazer o transporte naquele pre\u00e7o de largada, aquele pre\u00e7o de contrata\u00e7\u00e3o&#8221;, afirmou.<\/p>\n<h2>Nova greve<\/h2>\n<p>Os caminhoneiros estariam preparando uma nova <strong>greve<\/strong> em maio. A categoria n\u00e3o teria ficado satisfeita com o <a href=\"https:\/\/www.suno.com.br\/noticias\/governo-linha-credito-caminhoneiros\/\">pacote de medidas anunciado nesta ter\u00e7a-feira (16) pelo governo federal.<\/a><\/p>\n\t<p>\n\t\t<a href=\"https:\/\/lp2.suno.com.br\/onde-investir-2026?utm_campaign=_SNC094D2575_rs.ein26&#038;utm_source=suno.com.br&#038;utm_medium=banner.noticias\" target=\"_blank\" data-element=\"shortcode-suno-banner\" title=\"Banner SUNO, clique e saiba mais\">\n\t\t\t<picture>\n\t\t\t\t<source media=\"(max-width: 500px)\" srcset=\"https:\/\/files.sunoresearch.com.br\/n\/uploads\/2026\/01\/Banner-Materias-01-Mbl_-400x300-1-png.webp\">\n\t\t\t\t<img class=\"newsContent__article__imgCapa newsContent__article__imgCapa--banner\"\n\t\t\t\t\tsrc=\"https:\/\/files.sunoresearch.com.br\/n\/uploads\/2026\/01\/Banner-Materias-01-Dkp_-1420x240-1-png.webp\"\n\t\t\t\t\tdata-promo-id=\"638391\"\t\t\t\t\t\t\t\t\t\twidth='1420' height='240'\t\t\t\t\talt=\"https:\/\/files.sunoresearch.com.br\/n\/uploads\/2026\/01\/Banner-Materias-01-Dkp_-1420x240-1-png.webp\"\n\t\t\t\t>\n\t\t\t<\/picture>\n\t\t<\/a>\n\t<\/p>\n\n\n<p>Os grupos de <strong>WhatsApp<\/strong> mais utilizados pelos <strong>caminhoneiros<\/strong> consideram o plano como\u00a0o plano uma \u201ccortina de fuma\u00e7a\u201d. Para os transportadores o <strong>governo<\/strong> estaria tentando ganhar tempo para evitar uma poss\u00edvel greve.<\/p>\n<p><a href=\"https:\/\/www.suno.com.br\/noticias\/caminhoneiros-nova-greve-maio\/\">Saiba mais: Caminhoneiros falam em organizar nova greve em maio<\/a><\/p>\n<p>Os caminhoneiros pedem que o governo mude o mecanismo de aumento do <strong>pre\u00e7o dos combust\u00edveis<\/strong>. A categoria quer que o reajuste seja feito apenas uma vez por m\u00eas, e n\u00e3o diariamente.\u00a0Segundo o presidente da <strong>BrasCoop<\/strong>, o <strong>Pal\u00e1cio do Planalto<\/strong> tem consci\u00eancia da possibilidade de um<span style=\"font-size: 18.2864px;\">a nova <strong>grev<\/strong><\/span><span style=\"font-size: 1.1429rem;\"><strong>e dos caminhoneiros<\/strong>.\u00a0<\/span><\/p>\n<p><a href=\"https:\/\/lp.suno.com.br\/ipo-do-uber-noticias\/\">Vale a pena entrar no IPO do Uber? Clique aqui e confira o relat\u00f3rio gratuiro<\/a><\/p>\n","protected":false},"excerpt":{"rendered":"<p>O ministro da Economia, Paulo Guedes, disse nesta ter\u00e7a-feira (16) que a Petrobras pode indexar o valor do frete ao do \u00f3leo diesel. Dessa forma, a eleva\u00e7\u00e3o dos pre\u00e7os do diesel poderia ser minimizado. Paulo Guedes &#8220;O presidente da Petrobras j\u00e1 estava estudando tudo isso h\u00e1 alguns meses e por conta da greve isso tudo [&hellip;]<\/p>\n","protected":false},"author":14,"featured_media":18172,"comment_status":"closed","ping_status":"closed","sticky":false,"template":"","format":"standard","meta":[],"categories":[60],"tags":[1192,833,796,595],"suno_strategy":[],"class_list":["post-21274","post","type-post","status-publish","format-standard","has-post-thumbnail","hentry","category-mercado","tag-diesel","tag-greve-dos-caminhoneiros","tag-paulo-guedes","tag-petrobras-petr4"],"yoast_head":"<!-- This site is optimized with the Yoast SEO plugin v24.4 - https:\/\/yoast.com\/wordpress\/plugins\/seo\/ -->\n<title>Guedes diz que Petrobras pode indexar pre\u00e7o do frete ao valor do diesel<\/title>\n<meta name=\"description\" content=\"De acordo com Guedes, os estudos na Petrobras foram &quot;acelerados&quot; ap\u00f3s a possibilidade de uma poss\u00edvel greve crescer. Clique e veja mais.\" \/>\n<meta name=\"robots\" content=\"index, follow, max-snippet:-1, max-image-preview:large, max-video-preview:-1\" \/>\n<link rel=\"canonical\" href=\"https:\/\/www.suno.com.br\/noticias\/guedes-petrobras-indexar-diesel\/\" \/>\n<meta property=\"og:locale\" content=\"pt_BR\" \/>\n<meta property=\"og:type\" content=\"article\" \/>\n<meta property=\"og:title\" content=\"Guedes diz que Petrobras pode indexar pre\u00e7o do frete ao valor do diesel\" \/>\n<meta property=\"og:description\" content=\"De acordo com Guedes, os estudos na Petrobras foram &quot;acelerados&quot; ap\u00f3s a possibilidade de uma poss\u00edvel greve crescer. Clique e veja mais.\" \/>\n<meta property=\"og:url\" content=\"https:\/\/www.suno.com.br\/noticias\/guedes-petrobras-indexar-diesel\/\" \/>\n<meta property=\"og:site_name\" content=\"Suno Not\u00edcias\" \/>\n<meta property=\"article:publisher\" content=\"https:\/\/facebook.com\/sunoresearch\" \/>\n<meta property=\"og:image\" content=\"https:\/\/files.sunoresearch.com.br\/n\/uploads\/2019\/03\/9c130e22-paulo-guedes.jpg\" \/>\n\t<meta property=\"og:image:width\" content=\"1280\" \/>\n\t<meta property=\"og:image:height\" content=\"853\" \/>\n\t<meta property=\"og:image:type\" content=\"image\/jpeg\" \/>\n<meta name=\"author\" content=\"Renan Dantas\" \/>\n<meta name=\"twitter:card\" content=\"summary_large_image\" \/>\n<meta name=\"twitter:creator\" content=\"@sunoresearch\" \/>\n<meta name=\"twitter:site\" content=\"@sunoresearch\" \/>\n<meta name=\"twitter:label1\" content=\"Escrito por\" \/>\n\t<meta name=\"twitter:data1\" content=\"Renan Dantas\" \/>\n\t<meta name=\"twitter:label2\" content=\"Est. tempo de leitura\" \/>\n\t<meta name=\"twitter:data2\" content=\"2 minutos\" \/>\n<script type=\"application\/ld+json\" class=\"yoast-schema-graph\">{\"@context\":\"https:\/\/schema.org\",\"@graph\":[{\"@type\":\"NewsArticle\",\"@id\":\"https:\/\/www.suno.com.br\/noticias\/guedes-petrobras-indexar-diesel\/#article\",\"isPartOf\":{\"@id\":\"https:\/\/www.suno.com.br\/noticias\/guedes-petrobras-indexar-diesel\/\"},\"author\":{\"name\":\"Renan Dantas\",\"@id\":\"https:\/\/www.suno.com.br\/noticias\/#\/schema\/person\/3f7693d5795a3f6d5ce15309ee785699\"},\"headline\":\"Guedes diz que Petrobras pode indexar pre\u00e7o do frete ao valor do diesel\",\"datePublished\":\"2019-04-17T00:12:52+00:00\",\"dateModified\":\"2019-04-17T18:21:18+00:00\",\"mainEntityOfPage\":{\"@id\":\"https:\/\/www.suno.com.br\/noticias\/guedes-petrobras-indexar-diesel\/\"},\"wordCount\":452,\"publisher\":{\"@id\":\"https:\/\/www.suno.com.br\/noticias\/#organization\"},\"image\":{\"@id\":\"https:\/\/www.suno.com.br\/noticias\/guedes-petrobras-indexar-diesel\/#primaryimage\"},\"thumbnailUrl\":\"https:\/\/files.sunoresearch.com.br\/n\/uploads\/2019\/03\/9c130e22-paulo-guedes-jpg.webp\",\"keywords\":[\"diesel\",\"greve dos caminhoneiros\",\"Paulo Guedes\",\"Petrobras (PETR4)\"],\"articleSection\":[\"Mercado\"],\"inLanguage\":\"pt-BR\"},{\"@type\":\"WebPage\",\"@id\":\"https:\/\/www.suno.com.br\/noticias\/guedes-petrobras-indexar-diesel\/\",\"url\":\"https:\/\/www.suno.com.br\/noticias\/guedes-petrobras-indexar-diesel\/\",\"name\":\"Guedes diz que Petrobras pode indexar pre\u00e7o do frete ao valor do diesel\",\"isPartOf\":{\"@id\":\"https:\/\/www.suno.com.br\/noticias\/#website\"},\"primaryImageOfPage\":{\"@id\":\"https:\/\/www.suno.com.br\/noticias\/guedes-petrobras-indexar-diesel\/#primaryimage\"},\"image\":{\"@id\":\"https:\/\/www.suno.com.br\/noticias\/guedes-petrobras-indexar-diesel\/#primaryimage\"},\"thumbnailUrl\":\"https:\/\/files.sunoresearch.com.br\/n\/uploads\/2019\/03\/9c130e22-paulo-guedes-jpg.webp\",\"datePublished\":\"2019-04-17T00:12:52+00:00\",\"dateModified\":\"2019-04-17T18:21:18+00:00\",\"description\":\"De acordo com Guedes, os estudos na Petrobras foram \\\"acelerados\\\" ap\u00f3s a possibilidade de uma poss\u00edvel greve crescer. Clique e veja mais.\",\"breadcrumb\":{\"@id\":\"https:\/\/www.suno.com.br\/noticias\/guedes-petrobras-indexar-diesel\/#breadcrumb\"},\"inLanguage\":\"pt-BR\",\"potentialAction\":[{\"@type\":\"ReadAction\",\"target\":[\"https:\/\/www.suno.com.br\/noticias\/guedes-petrobras-indexar-diesel\/\"]}]},{\"@type\":\"ImageObject\",\"inLanguage\":\"pt-BR\",\"@id\":\"https:\/\/www.suno.com.br\/noticias\/guedes-petrobras-indexar-diesel\/#primaryimage\",\"url\":\"https:\/\/files.sunoresearch.com.br\/n\/uploads\/2019\/03\/9c130e22-paulo-guedes-jpg.webp\",\"contentUrl\":\"https:\/\/files.sunoresearch.com.br\/n\/uploads\/2019\/03\/9c130e22-paulo-guedes-jpg.webp\",\"width\":1280,\"height\":853,\"caption\":\"Paulo Guedes\"},{\"@type\":\"BreadcrumbList\",\"@id\":\"https:\/\/www.suno.com.br\/noticias\/guedes-petrobras-indexar-diesel\/#breadcrumb\",\"itemListElement\":[{\"@type\":\"ListItem\",\"position\":1,\"name\":\"Not\u00edcias\",\"item\":\"https:\/\/www.suno.com.br\/noticias\/\"},{\"@type\":\"ListItem\",\"position\":2,\"name\":\"Mercado\",\"item\":\"https:\/\/www.suno.com.br\/noticias\/mercado\/\"},{\"@type\":\"ListItem\",\"position\":3,\"name\":\"Guedes diz que Petrobras pode indexar pre\u00e7o do frete ao valor do diesel\"}]},{\"@type\":\"WebSite\",\"@id\":\"https:\/\/www.suno.com.br\/noticias\/#website\",\"url\":\"https:\/\/www.suno.com.br\/noticias\/\",\"name\":\"Suno Not\u00edcias\",\"description\":\"Seu portal de informa\u00e7\u00e3o sobre o mundo dos investimentos\",\"publisher\":{\"@id\":\"https:\/\/www.suno.com.br\/noticias\/#organization\"},\"potentialAction\":[{\"@type\":\"SearchAction\",\"target\":{\"@type\":\"EntryPoint\",\"urlTemplate\":\"https:\/\/www.suno.com.br\/noticias\/?s={search_term_string}\"},\"query-input\":{\"@type\":\"PropertyValueSpecification\",\"valueRequired\":true,\"valueName\":\"search_term_string\"}}],\"inLanguage\":\"pt-BR\"},{\"@type\":\"Organization\",\"@id\":\"https:\/\/www.suno.com.br\/noticias\/#organization\",\"name\":\"Suno Not\u00edcias\",\"url\":\"https:\/\/www.suno.com.br\/noticias\/\",\"logo\":{\"@type\":\"ImageObject\",\"inLanguage\":\"pt-BR\",\"@id\":\"https:\/\/www.suno.com.br\/noticias\/#\/schema\/logo\/image\/\",\"url\":\"https:\/\/files.sunoresearch.com.br\/n\/uploads\/2021\/09\/suno-logo.png\",\"contentUrl\":\"https:\/\/files.sunoresearch.com.br\/n\/uploads\/2021\/09\/suno-logo.png\",\"width\":180,\"height\":180,\"caption\":\"Suno Not\u00edcias\"},\"image\":{\"@id\":\"https:\/\/www.suno.com.br\/noticias\/#\/schema\/logo\/image\/\"},\"sameAs\":[\"https:\/\/facebook.com\/sunoresearch\",\"https:\/\/x.com\/sunoresearch\",\"https:\/\/www.instagram.com\/suno\",\"https:\/\/www.linkedin.com\/company\/suno-research\/\",\"https:\/\/www.youtube.com\/c\/sunoresearch\"]},{\"@type\":\"Person\",\"@id\":\"https:\/\/www.suno.com.br\/noticias\/#\/schema\/person\/3f7693d5795a3f6d5ce15309ee785699\",\"name\":\"Renan Dantas\",\"image\":{\"@type\":\"ImageObject\",\"inLanguage\":\"pt-BR\",\"@id\":\"https:\/\/www.suno.com.br\/noticias\/#\/schema\/person\/image\/\",\"url\":\"https:\/\/secure.gravatar.com\/avatar\/1787b83e7484a08e51d62ac8b41c8396?s=96&r=g\",\"contentUrl\":\"https:\/\/secure.gravatar.com\/avatar\/1787b83e7484a08e51d62ac8b41c8396?s=96&r=g\",\"caption\":\"Renan Dantas\"},\"description\":\"Escreve sobre pol\u00edtica e mercado financeiro para o portal Suno Not\u00edcias. Antes, atuou na assessoria de comunica\u00e7\u00e3o do Minist\u00e9rio P\u00fablico do Trabalho e na R\u00e1dio Mackenzie, onde apresentava e produzia um programa sobre artistas da m\u00fasica brasileira. \u00c9 estudante na Universidade Presbiteriana Mackenzie.\",\"url\":\"https:\/\/www.suno.com.br\/noticias\/author\/renan-dantas\/\"}]}<\/script>\n<!-- \/ Yoast SEO plugin. -->","yoast_head_json":{"title":"Guedes diz que Petrobras pode indexar pre\u00e7o do frete ao valor do diesel","description":"De acordo com Guedes, os estudos na Petrobras foram \"acelerados\" ap\u00f3s a possibilidade de uma poss\u00edvel greve crescer. Clique e veja mais.","robots":{"index":"index","follow":"follow","max-snippet":"max-snippet:-1","max-image-preview":"max-image-preview:large","max-video-preview":"max-video-preview:-1"},"canonical":"https:\/\/www.suno.com.br\/noticias\/guedes-petrobras-indexar-diesel\/","og_locale":"pt_BR","og_type":"article","og_title":"Guedes diz que Petrobras pode indexar pre\u00e7o do frete ao valor do diesel","og_description":"De acordo com Guedes, os estudos na Petrobras foram \"acelerados\" ap\u00f3s a possibilidade de uma poss\u00edvel greve crescer. Clique e veja mais.","og_url":"https:\/\/www.suno.com.br\/noticias\/guedes-petrobras-indexar-diesel\/","og_site_name":"Suno Not\u00edcias","article_publisher":"https:\/\/facebook.com\/sunoresearch","og_image":[{"width":1280,"height":853,"url":"https:\/\/files.sunoresearch.com.br\/n\/uploads\/2019\/03\/9c130e22-paulo-guedes.jpg","type":"image\/jpeg"}],"author":"Renan Dantas","twitter_card":"summary_large_image","twitter_creator":"@sunoresearch","twitter_site":"@sunoresearch","twitter_misc":{"Escrito por":"Renan Dantas","Est. tempo de leitura":"2 minutos"},"schema":{"@context":"https:\/\/schema.org","@graph":[{"@type":"NewsArticle","@id":"https:\/\/www.suno.com.br\/noticias\/guedes-petrobras-indexar-diesel\/#article","isPartOf":{"@id":"https:\/\/www.suno.com.br\/noticias\/guedes-petrobras-indexar-diesel\/"},"author":{"name":"Renan Dantas","@id":"https:\/\/www.suno.com.br\/noticias\/#\/schema\/person\/3f7693d5795a3f6d5ce15309ee785699"},"headline":"Guedes diz que Petrobras pode indexar pre\u00e7o do frete ao valor do diesel","datePublished":"2019-04-17T00:12:52+00:00","dateModified":"2019-04-17T18:21:18+00:00","mainEntityOfPage":{"@id":"https:\/\/www.suno.com.br\/noticias\/guedes-petrobras-indexar-diesel\/"},"wordCount":452,"publisher":{"@id":"https:\/\/www.suno.com.br\/noticias\/#organization"},"image":{"@id":"https:\/\/www.suno.com.br\/noticias\/guedes-petrobras-indexar-diesel\/#primaryimage"},"thumbnailUrl":"https:\/\/files.sunoresearch.com.br\/n\/uploads\/2019\/03\/9c130e22-paulo-guedes-jpg.webp","keywords":["diesel","greve dos caminhoneiros","Paulo Guedes","Petrobras (PETR4)"],"articleSection":["Mercado"],"inLanguage":"pt-BR"},{"@type":"WebPage","@id":"https:\/\/www.suno.com.br\/noticias\/guedes-petrobras-indexar-diesel\/","url":"https:\/\/www.suno.com.br\/noticias\/guedes-petrobras-indexar-diesel\/","name":"Guedes diz que Petrobras pode indexar pre\u00e7o do frete ao valor do diesel","isPartOf":{"@id":"https:\/\/www.suno.com.br\/noticias\/#website"},"primaryImageOfPage":{"@id":"https:\/\/www.suno.com.br\/noticias\/guedes-petrobras-indexar-diesel\/#primaryimage"},"image":{"@id":"https:\/\/www.suno.com.br\/noticias\/guedes-petrobras-indexar-diesel\/#primaryimage"},"thumbnailUrl":"https:\/\/files.sunoresearch.com.br\/n\/uploads\/2019\/03\/9c130e22-paulo-guedes-jpg.webp","datePublished":"2019-04-17T00:12:52+00:00","dateModified":"2019-04-17T18:21:18+00:00","description":"De acordo com Guedes, os estudos na Petrobras foram \"acelerados\" ap\u00f3s a possibilidade de uma poss\u00edvel greve crescer. Clique e veja mais.","breadcrumb":{"@id":"https:\/\/www.suno.com.br\/noticias\/guedes-petrobras-indexar-diesel\/#breadcrumb"},"inLanguage":"pt-BR","potentialAction":[{"@type":"ReadAction","target":["https:\/\/www.suno.com.br\/noticias\/guedes-petrobras-indexar-diesel\/"]}]},{"@type":"ImageObject","inLanguage":"pt-BR","@id":"https:\/\/www.suno.com.br\/noticias\/guedes-petrobras-indexar-diesel\/#primaryimage","url":"https:\/\/files.sunoresearch.com.br\/n\/uploads\/2019\/03\/9c130e22-paulo-guedes-jpg.webp","contentUrl":"https:\/\/files.sunoresearch.com.br\/n\/uploads\/2019\/03\/9c130e22-paulo-guedes-jpg.webp","width":1280,"height":853,"caption":"Paulo Guedes"},{"@type":"BreadcrumbList","@id":"https:\/\/www.suno.com.br\/noticias\/guedes-petrobras-indexar-diesel\/#breadcrumb","itemListElement":[{"@type":"ListItem","position":1,"name":"Not\u00edcias","item":"https:\/\/www.suno.com.br\/noticias\/"},{"@type":"ListItem","position":2,"name":"Mercado","item":"https:\/\/www.suno.com.br\/noticias\/mercado\/"},{"@type":"ListItem","position":3,"name":"Guedes diz que Petrobras pode indexar pre\u00e7o do frete ao valor do diesel"}]},{"@type":"WebSite","@id":"https:\/\/www.suno.com.br\/noticias\/#website","url":"https:\/\/www.suno.com.br\/noticias\/","name":"Suno Not\u00edcias","description":"Seu portal de informa\u00e7\u00e3o sobre o mundo dos investimentos","publisher":{"@id":"https:\/\/www.suno.com.br\/noticias\/#organization"},"potentialAction":[{"@type":"SearchAction","target":{"@type":"EntryPoint","urlTemplate":"https:\/\/www.suno.com.br\/noticias\/?s={search_term_string}"},"query-input":{"@type":"PropertyValueSpecification","valueRequired":true,"valueName":"search_term_string"}}],"inLanguage":"pt-BR"},{"@type":"Organization","@id":"https:\/\/www.suno.com.br\/noticias\/#organization","name":"Suno Not\u00edcias","url":"https:\/\/www.suno.com.br\/noticias\/","logo":{"@type":"ImageObject","inLanguage":"pt-BR","@id":"https:\/\/www.suno.com.br\/noticias\/#\/schema\/logo\/image\/","url":"https:\/\/files.sunoresearch.com.br\/n\/uploads\/2021\/09\/suno-logo.png","contentUrl":"https:\/\/files.sunoresearch.com.br\/n\/uploads\/2021\/09\/suno-logo.png","width":180,"height":180,"caption":"Suno Not\u00edcias"},"image":{"@id":"https:\/\/www.suno.com.br\/noticias\/#\/schema\/logo\/image\/"},"sameAs":["https:\/\/facebook.com\/sunoresearch","https:\/\/x.com\/sunoresearch","https:\/\/www.instagram.com\/suno","https:\/\/www.linkedin.com\/company\/suno-research\/","https:\/\/www.youtube.com\/c\/sunoresearch"]},{"@type":"Person","@id":"https:\/\/www.suno.com.br\/noticias\/#\/schema\/person\/3f7693d5795a3f6d5ce15309ee785699","name":"Renan Dantas","image":{"@type":"ImageObject","inLanguage":"pt-BR","@id":"https:\/\/www.suno.com.br\/noticias\/#\/schema\/person\/image\/","url":"https:\/\/secure.gravatar.com\/avatar\/1787b83e7484a08e51d62ac8b41c8396?s=96&r=g","contentUrl":"https:\/\/secure.gravatar.com\/avatar\/1787b83e7484a08e51d62ac8b41c8396?s=96&r=g","caption":"Renan Dantas"},"description":"Escreve sobre pol\u00edtica e mercado financeiro para o portal Suno Not\u00edcias. Antes, atuou na assessoria de comunica\u00e7\u00e3o do Minist\u00e9rio P\u00fablico do Trabalho e na R\u00e1dio Mackenzie, onde apresentava e produzia um programa sobre artistas da m\u00fasica brasileira. \u00c9 estudante na Universidade Presbiteriana Mackenzie.","url":"https:\/\/www.suno.com.br\/noticias\/author\/renan-dantas\/"}]}},"default_loop_html":"<div class=\"cardsPage__listCard__boxs\"><div class=\"cardsPage__listCard__boxs__img\"><a href=\"https:\/\/www.suno.com.br\/noticias\/guedes-petrobras-indexar-diesel\/\"><img class=\"mask\" src=\"https:\/\/www.suno.com.br\/noticias\/wp-content\/themes\/suno\/resources\/images\/spotlight\/spotlight1img\/bg-mask.png\" alt=\"Image Mask\"\/><img src=\"https:\/\/files.sunoresearch.com.br\/n\/uploads\/2019\/03\/9c130e22-paulo-guedes-400x200.webp\" alt=\"Guedes diz que Petrobras pode indexar pre\u00e7o do frete ao valor do diesel\"\/><\/a><span class=\"spotlightCategory\"><a href=\"https:\/\/www.suno.com.br\/noticias\/mercado\/\">Mercado<\/a><\/span><\/div><div class=\"cardsPage__listCard__boxs__content\"><a href=\"https:\/\/www.suno.com.br\/noticias\/guedes-petrobras-indexar-diesel\/\"><h2 class=\"content__title\">Guedes diz que Petrobras pode indexar pre\u00e7o do frete ao valor do diesel<\/h2><\/a><div class=\"newsContent__article__meta\"><div class=\"newsContent__article__meta__authorBox\"><a href=\"https:\/\/www.suno.com.br\/noticias\/author\/renan-dantas\/\" class=\"authorBox__avatar noMobi\"><img src=\"https:\/\/secure.gravatar.com\/avatar\/1787b83e7484a08e51d62ac8b41c8396?s=96&#038;r=g\" alt=\"Renan Dantas\"><\/a><div class=\"authorBox__name\"><span>por\n\t\t\t<a href=\"https:\/\/www.suno.com.br\/noticias\/author\/renan-dantas\/\"><span itemprop=\"author\">Renan Dantas<\/span><\/a><\/span><time datetime=\"2019-04-16T21:12:52-03:00\" itemprop=\"datePublished\">16\/04\/2019 21:12<\/time><\/div><\/div><\/div><\/div><\/div>","single_layout":"posts","amp_enabled":true,"_links":{"self":[{"href":"https:\/\/www.suno.com.br\/noticias\/wp-json\/wp\/v2\/posts\/21274"}],"collection":[{"href":"https:\/\/www.suno.com.br\/noticias\/wp-json\/wp\/v2\/posts"}],"about":[{"href":"https:\/\/www.suno.com.br\/noticias\/wp-json\/wp\/v2\/types\/post"}],"author":[{"embeddable":true,"href":"https:\/\/www.suno.com.br\/noticias\/wp-json\/wp\/v2\/users\/14"}],"replies":[{"embeddable":true,"href":"https:\/\/www.suno.com.br\/noticias\/wp-json\/wp\/v2\/comments?post=21274"}],"version-history":[{"count":0,"href":"https:\/\/www.suno.com.br\/noticias\/wp-json\/wp\/v2\/posts\/21274\/revisions"}],"wp:featuredmedia":[{"embeddable":true,"href":"https:\/\/www.suno.com.br\/noticias\/wp-json\/wp\/v2\/media\/18172"}],"wp:attachment":[{"href":"https:\/\/www.suno.com.br\/noticias\/wp-json\/wp\/v2\/media?parent=21274"}],"wp:term":[{"taxonomy":"category","embeddable":true,"href":"https:\/\/www.suno.com.br\/noticias\/wp-json\/wp\/v2\/categories?post=21274"},{"taxonomy":"post_tag","embeddable":true,"href":"https:\/\/www.suno.com.br\/noticias\/wp-json\/wp\/v2\/tags?post=21274"},{"taxonomy":"suno_strategy","embeddable":true,"href":"https:\/\/www.suno.com.br\/noticias\/wp-json\/wp\/v2\/suno_strategy?post=21274"}],"curies":[{"name":"wp","href":"https:\/\/api.w.org\/{rel}","templated":true}]}}