{"id":21268,"date":"2019-04-16T20:31:51","date_gmt":"2019-04-16T23:31:51","guid":{"rendered":"https:\/\/www.suno.com.br\/noticias\/?p=21268"},"modified":"2019-04-16T20:31:51","modified_gmt":"2019-04-16T23:31:51","slug":"petrobras-bolsonaro-intervir-precos","status":"publish","type":"post","link":"https:\/\/www.suno.com.br\/noticias\/petrobras-bolsonaro-intervir-precos\/","title":{"rendered":"Petrobras: Bolsonaro diz que &#8216;n\u00e3o quer&#8217; e &#8216;n\u00e3o pode&#8217; intervir na pol\u00edtica de pre\u00e7os"},"content":{"rendered":"<p>O porta-voz da Presid\u00eancia da Rep\u00fablica, Ot\u00e1vio R\u00eago Barros, informou nesta ter\u00e7a-feira (16) que o presidente Jair Bolsonaro afirmou que &#8220;n\u00e3o quer&#8221; e &#8220;n\u00e3o pode&#8221; intervir na pol\u00edtica de pre\u00e7os da Petrobras.<\/p>\t<div class=\"wrapper-featured-image\">\n\t\t<figure class=\"spotlightImg\">\n\n\t\t\t<picture>\n\t\t\t\t<source media=\"(max-width: 768px)\" srcset=\"https:\/\/files.sunoresearch.com.br\/n\/uploads\/2019\/01\/a83646ff-bolsonaro-400x200.webp\">\n\t\t\t\t<img loading=\"lazy\" decoding=\"async\" class=\"newsContent__article__imgCapa lazyloadDisabled newsContent__article__imgCapa--noCaption\" src=\"https:\/\/files.sunoresearch.com.br\/n\/uploads\/2019\/01\/a83646ff-bolsonaro-800x450.webp\" width=\"800\" height=\"450\" alt=\"Petrobras: Bolsonaro diz que &#8216;n\u00e3o quer&#8217; e &#8216;n\u00e3o pode&#8217; intervir na pol\u00edtica de pre\u00e7os\" fetchpriority=high \/>\n\t\t\t<\/picture>\n\n\t\t\t<figcaption class=\"wp-caption-text wp-caption-text--hide\">Por m\u00eas o governo desembolsa cerca de R$ 50 bilh\u00f5es com o pagamento do coronavoucher,<\/figcaption>\n\t\t<\/figure>\n\t<\/div>\n\n\n<p>Na \u00faltima quinta-feira (11), a <strong>Petrobras<\/strong> anunciou um reajuste de 5,7% nos pre\u00e7os do <strong>diesel<\/strong>. Por\u00e9m,\u00a0<strong>Bolsonaro<\/strong> determinou o cancelamento do aumento. A decis\u00e3o provocou dados na estatal na ordem de R$ 32 milh\u00f5es em valor de mercados.<\/p>\n<p><a href=\"https:\/\/www.suno.com.br\/noticias\/caixa-venda-participacao-petrobras\/\">Saiba mais:\u00a0Caixa quer vender participa\u00e7\u00e3o na Petrobras ap\u00f3s recupera\u00e7\u00e3o de pre\u00e7os<\/a><\/p>\n<p>&#8220;Uma frase que o nosso presidente disse logo no in\u00edcio da reuni\u00e3o, ou seja: &#8216;eu n\u00e3o quero e n\u00e3o tenho direito de intervir na <strong>Petrobras<\/strong>. Eu n\u00e3o quero e n\u00e3o posso intervir na Petrobras'&#8221;, relatou o porta-voz.<\/p>\n\n<p>&nbsp;<\/p>\n<p>O cancelamento do reajuste fez com que o <strong>mercado<\/strong> temesse uma poss\u00edvel volta do intervencionismo na<strong> estatal<\/strong>, como ocorreu na gest\u00e3o da ex-presidente <strong>Dilma Rousseff<\/strong>.\u00a0 Na semana passada, <strong>Bolsonaro<\/strong> admitiu que telefonou para o presidente da estatal,<strong> Roberto Castello Branco<\/strong>, para pedir o cancelamento do aumento.<\/p>\n<p>&#8220;Eu n\u00e3o quero, por quest\u00f5es de conceito dele, e eu n\u00e3o posso, por quest\u00f5es legais e at\u00e9 mesmo quest\u00f5es pol\u00edticas&#8221;, completou <strong>R\u00eago Barros<\/strong>. A fala ocorreu ap\u00f3s os <strong>ministros da Economia<\/strong>, Paulo Guedes, e o ministro de Minas e Energia, Bento Albuquerque, <a href=\"https:\/\/www.suno.com.br\/noticias\/petrobras-ministro-reajuste-diesel\/\">afirmarem que a Petrobras tem liberdade para escolher o momento e o valor do reajuste<\/a>.<\/p>\n<h2>Linha de cr\u00e9dito<\/h2>\n<p>Mais cedo, o\u00a0<strong>Governo Federal<\/strong> anunciou em entrevista coletiva a cria\u00e7\u00e3o de uma linha de <strong>cr\u00e9dito<\/strong> de at\u00e9 R$ 30 mil para caminhoneiros aut\u00f4nomos. O an\u00fancio foi feito pelo ministro da Casal Civil, <strong>Onyx Lorenzoni.<\/strong><\/p>\n<p>O cr\u00e9dito ser\u00e1 concedido aos <strong>caminhoneiros\u00a0<\/strong>aut\u00f4nomos\u00a0via <strong>Banco Nacional de Desenvolvimento Econ\u00f4mico e Social (BNDES).<\/strong>\u00a0A medida faz parte de uma s\u00e9rie de a\u00e7\u00f5es governo para evitar uma poss\u00edvel nova greve da categoria.<\/p>\n<p><a href=\"https:\/\/www.suno.com.br\/noticias\/governo-medidas-caminhoneiros\/\">Saiba Mais: Governo prepara pacote de medidas para caminhoneiros<\/a><\/p>\n<p>&#8220;O governo anuncia neste momento uma linha de cr\u00e9dito espec\u00edfica para <strong>caminhoneiros<\/strong> aut\u00f4nomos de at\u00e9 R$ 30 mil para compra de pneus e manuten\u00e7\u00e3o dos ve\u00edculos&#8221;, disse <strong>Onyx<\/strong> no Pal\u00e1cio do Planalto.<\/p>\n\t<p>\n\t\t<a href=\"https:\/\/lp.suno.com.br\/ebook-guia-ir\/\" target=\"_blank\" data-element=\"shortcode-suno-banner\" title=\"Banner SUNO, clique e saiba mais\">\n\t\t\t<picture>\n\t\t\t\t<source media=\"(max-width: 500px)\" srcset=\"https:\/\/files.sunoresearch.com.br\/n\/uploads\/2023\/03\/400x300-Ebook-IR.png\">\n\t\t\t\t<img class=\"newsContent__article__imgCapa newsContent__article__imgCapa--banner\"\n\t\t\t\t\tsrc=\"https:\/\/files.sunoresearch.com.br\/n\/uploads\/2023\/03\/1420x240-Ebook-IR.png\"\n\t\t\t\t\tdata-promo-id=\"383124\"\t\t\t\t\t\t\t\t\t\twidth='1420' height='240'\t\t\t\t\talt=\"https:\/\/files.sunoresearch.com.br\/n\/uploads\/2023\/03\/1420x240-Ebook-IR.png\"\n\t\t\t\t>\n\t\t\t<\/picture>\n\t\t<\/a>\n\t<\/p>\n\n\n<p>Segundo o ministro, R$ 500 milh\u00f5es ser\u00e3o liberados nesta linha de cr\u00e9dito \u00e0 categoria. Inicialmente, os <strong>caminhoneiros<\/strong> podem buscar o valor atrav\u00e9s dos bancos p\u00fablicos, <strong>Banco do Brasil<\/strong> e <strong>Caixa Econ\u00f4mica Federal<\/strong>. Em um segundo momento, o valor ser\u00e1 liberado\u00a0 em outros bancos e cooperativas de cr\u00e9dito.<\/p>\n<p><a href=\"https:\/\/www.suno.com.br\/noticias\/greve-dos-caminhoneiros-igual-pior-greve\/\">Saiba Mais: Greve dos caminhoneiros: \u201cest\u00e1vamos igual ou at\u00e9 pior que na \u00e9poca anterior \u00e0 greve\u201d, diz lideran\u00e7a<\/a><\/p>\n<p>Com a medida, as a\u00e7\u00f5es da <strong>Petrobras (PETR4)<\/strong> tiveram alta de 3,05%, negociadas a R$ 26,72. Os acionista aprovaram a medida do governo.<\/p>\n<p><a href=\"https:\/\/lp.suno.com.br\/ipo-do-uber-noticias\/\">Vale a pena entrar no IPO do Uber?<\/a><\/p>\n","protected":false},"excerpt":{"rendered":"<p>O porta-voz da Presid\u00eancia da Rep\u00fablica, Ot\u00e1vio R\u00eago Barros, informou nesta ter\u00e7a-feira (16) que o presidente Jair Bolsonaro afirmou que &#8220;n\u00e3o quer&#8221; e &#8220;n\u00e3o pode&#8221; intervir na pol\u00edtica de pre\u00e7os da Petrobras. Por m\u00eas o governo desembolsa cerca de R$ 50 bilh\u00f5es com o pagamento do coronavoucher, Na \u00faltima quinta-feira (11), a Petrobras anunciou um [&hellip;]<\/p>\n","protected":false},"author":14,"featured_media":12878,"comment_status":"closed","ping_status":"closed","sticky":false,"template":"","format":"standard","meta":[],"categories":[64],"tags":[1192,719,796,595,766],"suno_strategy":[],"class_list":["post-21268","post","type-post","status-publish","format-standard","has-post-thumbnail","hentry","category-negocios","tag-diesel","tag-jair-bolsonaro","tag-paulo-guedes","tag-petrobras-petr4","tag-petroleo"],"yoast_head":"<!-- This site is optimized with the Yoast SEO plugin v24.4 - https:\/\/yoast.com\/wordpress\/plugins\/seo\/ -->\n<title>Petrobras: Bolsonaro diz que &#039;n\u00e3o quer&#039; intervir na pol\u00edtica de pre\u00e7os<\/title>\n<meta name=\"description\" content=\"Na \u00faltima quinta, a Petrobras anunciou um reajuste de 5,7% nos pre\u00e7os do diesel. A decis\u00e3o provocou dados na estatal. Clique e saiba mais.\" \/>\n<meta name=\"robots\" content=\"index, follow, max-snippet:-1, max-image-preview:large, max-video-preview:-1\" \/>\n<link rel=\"canonical\" href=\"https:\/\/www.suno.com.br\/noticias\/petrobras-bolsonaro-intervir-precos\/\" \/>\n<meta property=\"og:locale\" content=\"pt_BR\" \/>\n<meta property=\"og:type\" content=\"article\" \/>\n<meta property=\"og:title\" content=\"Petrobras: Bolsonaro diz que &#039;n\u00e3o quer&#039; intervir na pol\u00edtica de pre\u00e7os\" \/>\n<meta property=\"og:description\" content=\"Na \u00faltima quinta, a Petrobras anunciou um reajuste de 5,7% nos pre\u00e7os do diesel. A decis\u00e3o provocou dados na estatal. Clique e saiba mais.\" \/>\n<meta property=\"og:url\" content=\"https:\/\/www.suno.com.br\/noticias\/petrobras-bolsonaro-intervir-precos\/\" \/>\n<meta property=\"og:site_name\" content=\"Suno Not\u00edcias\" \/>\n<meta property=\"article:publisher\" content=\"https:\/\/facebook.com\/sunoresearch\" \/>\n<meta property=\"og:image\" content=\"https:\/\/files.sunoresearch.com.br\/n\/uploads\/2019\/01\/a83646ff-bolsonaro-1024x683.jpg\" \/>\n\t<meta property=\"og:image:width\" content=\"1024\" \/>\n\t<meta property=\"og:image:height\" content=\"683\" \/>\n\t<meta property=\"og:image:type\" content=\"image\/jpeg\" \/>\n<meta name=\"author\" content=\"Renan Dantas\" \/>\n<meta name=\"twitter:card\" content=\"summary_large_image\" \/>\n<meta name=\"twitter:creator\" content=\"@sunoresearch\" \/>\n<meta name=\"twitter:site\" content=\"@sunoresearch\" \/>\n<meta name=\"twitter:label1\" content=\"Escrito por\" \/>\n\t<meta name=\"twitter:data1\" content=\"Renan Dantas\" \/>\n\t<meta name=\"twitter:label2\" content=\"Est. tempo de leitura\" \/>\n\t<meta name=\"twitter:data2\" content=\"2 minutos\" \/>\n<script type=\"application\/ld+json\" class=\"yoast-schema-graph\">{\"@context\":\"https:\/\/schema.org\",\"@graph\":[{\"@type\":\"NewsArticle\",\"@id\":\"https:\/\/www.suno.com.br\/noticias\/petrobras-bolsonaro-intervir-precos\/#article\",\"isPartOf\":{\"@id\":\"https:\/\/www.suno.com.br\/noticias\/petrobras-bolsonaro-intervir-precos\/\"},\"author\":{\"name\":\"Renan Dantas\",\"@id\":\"https:\/\/www.suno.com.br\/noticias\/#\/schema\/person\/3f7693d5795a3f6d5ce15309ee785699\"},\"headline\":\"Petrobras: Bolsonaro diz que &#8216;n\u00e3o quer&#8217; e &#8216;n\u00e3o pode&#8217; intervir na pol\u00edtica de pre\u00e7os\",\"datePublished\":\"2019-04-16T23:31:51+00:00\",\"mainEntityOfPage\":{\"@id\":\"https:\/\/www.suno.com.br\/noticias\/petrobras-bolsonaro-intervir-precos\/\"},\"wordCount\":504,\"publisher\":{\"@id\":\"https:\/\/www.suno.com.br\/noticias\/#organization\"},\"image\":{\"@id\":\"https:\/\/www.suno.com.br\/noticias\/petrobras-bolsonaro-intervir-precos\/#primaryimage\"},\"thumbnailUrl\":\"https:\/\/files.sunoresearch.com.br\/n\/uploads\/2019\/01\/a83646ff-bolsonaro-scaled.webp\",\"keywords\":[\"diesel\",\"Jair Bolsonaro\",\"Paulo Guedes\",\"Petrobras (PETR4)\",\"Petr\u00f3leo\"],\"articleSection\":[\"Neg\u00f3cios\"],\"inLanguage\":\"pt-BR\"},{\"@type\":\"WebPage\",\"@id\":\"https:\/\/www.suno.com.br\/noticias\/petrobras-bolsonaro-intervir-precos\/\",\"url\":\"https:\/\/www.suno.com.br\/noticias\/petrobras-bolsonaro-intervir-precos\/\",\"name\":\"Petrobras: Bolsonaro diz que 'n\u00e3o quer' intervir na pol\u00edtica de pre\u00e7os\",\"isPartOf\":{\"@id\":\"https:\/\/www.suno.com.br\/noticias\/#website\"},\"primaryImageOfPage\":{\"@id\":\"https:\/\/www.suno.com.br\/noticias\/petrobras-bolsonaro-intervir-precos\/#primaryimage\"},\"image\":{\"@id\":\"https:\/\/www.suno.com.br\/noticias\/petrobras-bolsonaro-intervir-precos\/#primaryimage\"},\"thumbnailUrl\":\"https:\/\/files.sunoresearch.com.br\/n\/uploads\/2019\/01\/a83646ff-bolsonaro-scaled.webp\",\"datePublished\":\"2019-04-16T23:31:51+00:00\",\"description\":\"Na \u00faltima quinta, a Petrobras anunciou um reajuste de 5,7% nos pre\u00e7os do diesel. A decis\u00e3o provocou dados na estatal. Clique e saiba mais.\",\"breadcrumb\":{\"@id\":\"https:\/\/www.suno.com.br\/noticias\/petrobras-bolsonaro-intervir-precos\/#breadcrumb\"},\"inLanguage\":\"pt-BR\",\"potentialAction\":[{\"@type\":\"ReadAction\",\"target\":[\"https:\/\/www.suno.com.br\/noticias\/petrobras-bolsonaro-intervir-precos\/\"]}]},{\"@type\":\"ImageObject\",\"inLanguage\":\"pt-BR\",\"@id\":\"https:\/\/www.suno.com.br\/noticias\/petrobras-bolsonaro-intervir-precos\/#primaryimage\",\"url\":\"https:\/\/files.sunoresearch.com.br\/n\/uploads\/2019\/01\/a83646ff-bolsonaro-scaled.webp\",\"contentUrl\":\"https:\/\/files.sunoresearch.com.br\/n\/uploads\/2019\/01\/a83646ff-bolsonaro-scaled.webp\",\"width\":2560,\"height\":1708,\"caption\":\"Por m\u00eas o governo desembolsa cerca de R$ 50 bilh\u00f5es com o pagamento do coronavoucher,\"},{\"@type\":\"BreadcrumbList\",\"@id\":\"https:\/\/www.suno.com.br\/noticias\/petrobras-bolsonaro-intervir-precos\/#breadcrumb\",\"itemListElement\":[{\"@type\":\"ListItem\",\"position\":1,\"name\":\"Not\u00edcias\",\"item\":\"https:\/\/www.suno.com.br\/noticias\/\"},{\"@type\":\"ListItem\",\"position\":2,\"name\":\"Neg\u00f3cios\",\"item\":\"https:\/\/www.suno.com.br\/noticias\/negocios\/\"},{\"@type\":\"ListItem\",\"position\":3,\"name\":\"Petrobras: Bolsonaro diz que &#8216;n\u00e3o quer&#8217; e &#8216;n\u00e3o pode&#8217; intervir na pol\u00edtica de pre\u00e7os\"}]},{\"@type\":\"WebSite\",\"@id\":\"https:\/\/www.suno.com.br\/noticias\/#website\",\"url\":\"https:\/\/www.suno.com.br\/noticias\/\",\"name\":\"Suno Not\u00edcias\",\"description\":\"Seu portal de informa\u00e7\u00e3o sobre o mundo dos investimentos\",\"publisher\":{\"@id\":\"https:\/\/www.suno.com.br\/noticias\/#organization\"},\"potentialAction\":[{\"@type\":\"SearchAction\",\"target\":{\"@type\":\"EntryPoint\",\"urlTemplate\":\"https:\/\/www.suno.com.br\/noticias\/?s={search_term_string}\"},\"query-input\":{\"@type\":\"PropertyValueSpecification\",\"valueRequired\":true,\"valueName\":\"search_term_string\"}}],\"inLanguage\":\"pt-BR\"},{\"@type\":\"Organization\",\"@id\":\"https:\/\/www.suno.com.br\/noticias\/#organization\",\"name\":\"Suno Not\u00edcias\",\"url\":\"https:\/\/www.suno.com.br\/noticias\/\",\"logo\":{\"@type\":\"ImageObject\",\"inLanguage\":\"pt-BR\",\"@id\":\"https:\/\/www.suno.com.br\/noticias\/#\/schema\/logo\/image\/\",\"url\":\"https:\/\/files.sunoresearch.com.br\/n\/uploads\/2021\/09\/suno-logo.png\",\"contentUrl\":\"https:\/\/files.sunoresearch.com.br\/n\/uploads\/2021\/09\/suno-logo.png\",\"width\":180,\"height\":180,\"caption\":\"Suno Not\u00edcias\"},\"image\":{\"@id\":\"https:\/\/www.suno.com.br\/noticias\/#\/schema\/logo\/image\/\"},\"sameAs\":[\"https:\/\/facebook.com\/sunoresearch\",\"https:\/\/x.com\/sunoresearch\",\"https:\/\/www.instagram.com\/suno\",\"https:\/\/www.linkedin.com\/company\/suno-research\/\",\"https:\/\/www.youtube.com\/c\/sunoresearch\"]},{\"@type\":\"Person\",\"@id\":\"https:\/\/www.suno.com.br\/noticias\/#\/schema\/person\/3f7693d5795a3f6d5ce15309ee785699\",\"name\":\"Renan Dantas\",\"image\":{\"@type\":\"ImageObject\",\"inLanguage\":\"pt-BR\",\"@id\":\"https:\/\/www.suno.com.br\/noticias\/#\/schema\/person\/image\/\",\"url\":\"https:\/\/secure.gravatar.com\/avatar\/1787b83e7484a08e51d62ac8b41c8396?s=96&r=g\",\"contentUrl\":\"https:\/\/secure.gravatar.com\/avatar\/1787b83e7484a08e51d62ac8b41c8396?s=96&r=g\",\"caption\":\"Renan Dantas\"},\"description\":\"Escreve sobre pol\u00edtica e mercado financeiro para o portal Suno Not\u00edcias. Antes, atuou na assessoria de comunica\u00e7\u00e3o do Minist\u00e9rio P\u00fablico do Trabalho e na R\u00e1dio Mackenzie, onde apresentava e produzia um programa sobre artistas da m\u00fasica brasileira. \u00c9 estudante na Universidade Presbiteriana Mackenzie.\",\"url\":\"https:\/\/www.suno.com.br\/noticias\/author\/renan-dantas\/\"}]}<\/script>\n<!-- \/ Yoast SEO plugin. -->","yoast_head_json":{"title":"Petrobras: Bolsonaro diz que 'n\u00e3o quer' intervir na pol\u00edtica de pre\u00e7os","description":"Na \u00faltima quinta, a Petrobras anunciou um reajuste de 5,7% nos pre\u00e7os do diesel. A decis\u00e3o provocou dados na estatal. Clique e saiba mais.","robots":{"index":"index","follow":"follow","max-snippet":"max-snippet:-1","max-image-preview":"max-image-preview:large","max-video-preview":"max-video-preview:-1"},"canonical":"https:\/\/www.suno.com.br\/noticias\/petrobras-bolsonaro-intervir-precos\/","og_locale":"pt_BR","og_type":"article","og_title":"Petrobras: Bolsonaro diz que 'n\u00e3o quer' intervir na pol\u00edtica de pre\u00e7os","og_description":"Na \u00faltima quinta, a Petrobras anunciou um reajuste de 5,7% nos pre\u00e7os do diesel. A decis\u00e3o provocou dados na estatal. Clique e saiba mais.","og_url":"https:\/\/www.suno.com.br\/noticias\/petrobras-bolsonaro-intervir-precos\/","og_site_name":"Suno Not\u00edcias","article_publisher":"https:\/\/facebook.com\/sunoresearch","og_image":[{"width":1024,"height":683,"url":"https:\/\/files.sunoresearch.com.br\/n\/uploads\/2019\/01\/a83646ff-bolsonaro-1024x683.jpg","type":"image\/jpeg"}],"author":"Renan Dantas","twitter_card":"summary_large_image","twitter_creator":"@sunoresearch","twitter_site":"@sunoresearch","twitter_misc":{"Escrito por":"Renan Dantas","Est. tempo de leitura":"2 minutos"},"schema":{"@context":"https:\/\/schema.org","@graph":[{"@type":"NewsArticle","@id":"https:\/\/www.suno.com.br\/noticias\/petrobras-bolsonaro-intervir-precos\/#article","isPartOf":{"@id":"https:\/\/www.suno.com.br\/noticias\/petrobras-bolsonaro-intervir-precos\/"},"author":{"name":"Renan Dantas","@id":"https:\/\/www.suno.com.br\/noticias\/#\/schema\/person\/3f7693d5795a3f6d5ce15309ee785699"},"headline":"Petrobras: Bolsonaro diz que &#8216;n\u00e3o quer&#8217; e &#8216;n\u00e3o pode&#8217; intervir na pol\u00edtica de pre\u00e7os","datePublished":"2019-04-16T23:31:51+00:00","mainEntityOfPage":{"@id":"https:\/\/www.suno.com.br\/noticias\/petrobras-bolsonaro-intervir-precos\/"},"wordCount":504,"publisher":{"@id":"https:\/\/www.suno.com.br\/noticias\/#organization"},"image":{"@id":"https:\/\/www.suno.com.br\/noticias\/petrobras-bolsonaro-intervir-precos\/#primaryimage"},"thumbnailUrl":"https:\/\/files.sunoresearch.com.br\/n\/uploads\/2019\/01\/a83646ff-bolsonaro-scaled.webp","keywords":["diesel","Jair Bolsonaro","Paulo Guedes","Petrobras (PETR4)","Petr\u00f3leo"],"articleSection":["Neg\u00f3cios"],"inLanguage":"pt-BR"},{"@type":"WebPage","@id":"https:\/\/www.suno.com.br\/noticias\/petrobras-bolsonaro-intervir-precos\/","url":"https:\/\/www.suno.com.br\/noticias\/petrobras-bolsonaro-intervir-precos\/","name":"Petrobras: Bolsonaro diz que 'n\u00e3o quer' intervir na pol\u00edtica de pre\u00e7os","isPartOf":{"@id":"https:\/\/www.suno.com.br\/noticias\/#website"},"primaryImageOfPage":{"@id":"https:\/\/www.suno.com.br\/noticias\/petrobras-bolsonaro-intervir-precos\/#primaryimage"},"image":{"@id":"https:\/\/www.suno.com.br\/noticias\/petrobras-bolsonaro-intervir-precos\/#primaryimage"},"thumbnailUrl":"https:\/\/files.sunoresearch.com.br\/n\/uploads\/2019\/01\/a83646ff-bolsonaro-scaled.webp","datePublished":"2019-04-16T23:31:51+00:00","description":"Na \u00faltima quinta, a Petrobras anunciou um reajuste de 5,7% nos pre\u00e7os do diesel. A decis\u00e3o provocou dados na estatal. Clique e saiba mais.","breadcrumb":{"@id":"https:\/\/www.suno.com.br\/noticias\/petrobras-bolsonaro-intervir-precos\/#breadcrumb"},"inLanguage":"pt-BR","potentialAction":[{"@type":"ReadAction","target":["https:\/\/www.suno.com.br\/noticias\/petrobras-bolsonaro-intervir-precos\/"]}]},{"@type":"ImageObject","inLanguage":"pt-BR","@id":"https:\/\/www.suno.com.br\/noticias\/petrobras-bolsonaro-intervir-precos\/#primaryimage","url":"https:\/\/files.sunoresearch.com.br\/n\/uploads\/2019\/01\/a83646ff-bolsonaro-scaled.webp","contentUrl":"https:\/\/files.sunoresearch.com.br\/n\/uploads\/2019\/01\/a83646ff-bolsonaro-scaled.webp","width":2560,"height":1708,"caption":"Por m\u00eas o governo desembolsa cerca de R$ 50 bilh\u00f5es com o pagamento do coronavoucher,"},{"@type":"BreadcrumbList","@id":"https:\/\/www.suno.com.br\/noticias\/petrobras-bolsonaro-intervir-precos\/#breadcrumb","itemListElement":[{"@type":"ListItem","position":1,"name":"Not\u00edcias","item":"https:\/\/www.suno.com.br\/noticias\/"},{"@type":"ListItem","position":2,"name":"Neg\u00f3cios","item":"https:\/\/www.suno.com.br\/noticias\/negocios\/"},{"@type":"ListItem","position":3,"name":"Petrobras: Bolsonaro diz que &#8216;n\u00e3o quer&#8217; e &#8216;n\u00e3o pode&#8217; intervir na pol\u00edtica de pre\u00e7os"}]},{"@type":"WebSite","@id":"https:\/\/www.suno.com.br\/noticias\/#website","url":"https:\/\/www.suno.com.br\/noticias\/","name":"Suno Not\u00edcias","description":"Seu portal de informa\u00e7\u00e3o sobre o mundo dos investimentos","publisher":{"@id":"https:\/\/www.suno.com.br\/noticias\/#organization"},"potentialAction":[{"@type":"SearchAction","target":{"@type":"EntryPoint","urlTemplate":"https:\/\/www.suno.com.br\/noticias\/?s={search_term_string}"},"query-input":{"@type":"PropertyValueSpecification","valueRequired":true,"valueName":"search_term_string"}}],"inLanguage":"pt-BR"},{"@type":"Organization","@id":"https:\/\/www.suno.com.br\/noticias\/#organization","name":"Suno Not\u00edcias","url":"https:\/\/www.suno.com.br\/noticias\/","logo":{"@type":"ImageObject","inLanguage":"pt-BR","@id":"https:\/\/www.suno.com.br\/noticias\/#\/schema\/logo\/image\/","url":"https:\/\/files.sunoresearch.com.br\/n\/uploads\/2021\/09\/suno-logo.png","contentUrl":"https:\/\/files.sunoresearch.com.br\/n\/uploads\/2021\/09\/suno-logo.png","width":180,"height":180,"caption":"Suno Not\u00edcias"},"image":{"@id":"https:\/\/www.suno.com.br\/noticias\/#\/schema\/logo\/image\/"},"sameAs":["https:\/\/facebook.com\/sunoresearch","https:\/\/x.com\/sunoresearch","https:\/\/www.instagram.com\/suno","https:\/\/www.linkedin.com\/company\/suno-research\/","https:\/\/www.youtube.com\/c\/sunoresearch"]},{"@type":"Person","@id":"https:\/\/www.suno.com.br\/noticias\/#\/schema\/person\/3f7693d5795a3f6d5ce15309ee785699","name":"Renan Dantas","image":{"@type":"ImageObject","inLanguage":"pt-BR","@id":"https:\/\/www.suno.com.br\/noticias\/#\/schema\/person\/image\/","url":"https:\/\/secure.gravatar.com\/avatar\/1787b83e7484a08e51d62ac8b41c8396?s=96&r=g","contentUrl":"https:\/\/secure.gravatar.com\/avatar\/1787b83e7484a08e51d62ac8b41c8396?s=96&r=g","caption":"Renan Dantas"},"description":"Escreve sobre pol\u00edtica e mercado financeiro para o portal Suno Not\u00edcias. Antes, atuou na assessoria de comunica\u00e7\u00e3o do Minist\u00e9rio P\u00fablico do Trabalho e na R\u00e1dio Mackenzie, onde apresentava e produzia um programa sobre artistas da m\u00fasica brasileira. \u00c9 estudante na Universidade Presbiteriana Mackenzie.","url":"https:\/\/www.suno.com.br\/noticias\/author\/renan-dantas\/"}]}},"default_loop_html":"<div class=\"cardsPage__listCard__boxs\"><div class=\"cardsPage__listCard__boxs__img\"><a href=\"https:\/\/www.suno.com.br\/noticias\/petrobras-bolsonaro-intervir-precos\/\"><img class=\"mask\" src=\"https:\/\/www.suno.com.br\/noticias\/wp-content\/themes\/suno\/resources\/images\/spotlight\/spotlight1img\/bg-mask.png\" alt=\"Image Mask\"\/><img src=\"https:\/\/files.sunoresearch.com.br\/n\/uploads\/2019\/01\/a83646ff-bolsonaro-400x200.webp\" alt=\"Petrobras: Bolsonaro diz que &#8216;n\u00e3o quer&#8217; e &#8216;n\u00e3o pode&#8217; intervir na pol\u00edtica de pre\u00e7os\"\/><\/a><span class=\"spotlightCategory\"><a href=\"https:\/\/www.suno.com.br\/noticias\/negocios\/\">Neg\u00f3cios<\/a><\/span><\/div><div class=\"cardsPage__listCard__boxs__content\"><a href=\"https:\/\/www.suno.com.br\/noticias\/petrobras-bolsonaro-intervir-precos\/\"><h2 class=\"content__title\">Petrobras: Bolsonaro diz que &#8216;n\u00e3o quer&#8217; e &#8216;n\u00e3o pode&#8217; intervir na pol\u00edtica de pre\u00e7os<\/h2><\/a><div class=\"newsContent__article__meta\"><div class=\"newsContent__article__meta__authorBox\"><a href=\"https:\/\/www.suno.com.br\/noticias\/author\/renan-dantas\/\" class=\"authorBox__avatar noMobi\"><img src=\"https:\/\/secure.gravatar.com\/avatar\/1787b83e7484a08e51d62ac8b41c8396?s=96&#038;r=g\" alt=\"Renan Dantas\"><\/a><div class=\"authorBox__name\"><span>por\n\t\t\t<a href=\"https:\/\/www.suno.com.br\/noticias\/author\/renan-dantas\/\"><span itemprop=\"author\">Renan Dantas<\/span><\/a><\/span><time datetime=\"2019-04-16T20:31:51-03:00\" itemprop=\"datePublished\">16\/04\/2019 20:31<\/time><\/div><\/div><\/div><\/div><\/div>","single_layout":"posts","amp_enabled":true,"_links":{"self":[{"href":"https:\/\/www.suno.com.br\/noticias\/wp-json\/wp\/v2\/posts\/21268"}],"collection":[{"href":"https:\/\/www.suno.com.br\/noticias\/wp-json\/wp\/v2\/posts"}],"about":[{"href":"https:\/\/www.suno.com.br\/noticias\/wp-json\/wp\/v2\/types\/post"}],"author":[{"embeddable":true,"href":"https:\/\/www.suno.com.br\/noticias\/wp-json\/wp\/v2\/users\/14"}],"replies":[{"embeddable":true,"href":"https:\/\/www.suno.com.br\/noticias\/wp-json\/wp\/v2\/comments?post=21268"}],"version-history":[{"count":0,"href":"https:\/\/www.suno.com.br\/noticias\/wp-json\/wp\/v2\/posts\/21268\/revisions"}],"wp:featuredmedia":[{"embeddable":true,"href":"https:\/\/www.suno.com.br\/noticias\/wp-json\/wp\/v2\/media\/12878"}],"wp:attachment":[{"href":"https:\/\/www.suno.com.br\/noticias\/wp-json\/wp\/v2\/media?parent=21268"}],"wp:term":[{"taxonomy":"category","embeddable":true,"href":"https:\/\/www.suno.com.br\/noticias\/wp-json\/wp\/v2\/categories?post=21268"},{"taxonomy":"post_tag","embeddable":true,"href":"https:\/\/www.suno.com.br\/noticias\/wp-json\/wp\/v2\/tags?post=21268"},{"taxonomy":"suno_strategy","embeddable":true,"href":"https:\/\/www.suno.com.br\/noticias\/wp-json\/wp\/v2\/suno_strategy?post=21268"}],"curies":[{"name":"wp","href":"https:\/\/api.w.org\/{rel}","templated":true}]}}