{"id":21254,"date":"2019-04-16T19:20:09","date_gmt":"2019-04-16T22:20:09","guid":{"rendered":"https:\/\/www.suno.com.br\/noticias\/?p=21254"},"modified":"2019-04-16T20:18:58","modified_gmt":"2019-04-16T23:18:58","slug":"petrobras-ministro-reajuste-diesel","status":"publish","type":"post","link":"https:\/\/www.suno.com.br\/noticias\/petrobras-ministro-reajuste-diesel\/","title":{"rendered":"Petrobras: ministro diz que empresa definir\u00e1 o momento do reajuste do diesel"},"content":{"rendered":"<p>O ministro de Minas e Energia, Bento Albuquerque, disse nesta ter\u00e7a (16) que a Petrobras definir\u00e1 o momento e o valor do reajuste no pre\u00e7o do \u00f3leo diesel. A declara\u00e7\u00e3o foi dada ap\u00f3s a reuni\u00e3o no Pal\u00e1cio do Planalto com o presidente Jair Bolsonaro.<\/p>\t<div class=\"wrapper-featured-image\">\n\t\t<figure class=\"spotlightImg\">\n\n\t\t\t<picture>\n\t\t\t\t<source media=\"(max-width: 768px)\" srcset=\"https:\/\/files.sunoresearch.com.br\/n\/uploads\/2019\/04\/d5a90ab8-petrobras-1-400x200.webp\">\n\t\t\t\t<img loading=\"lazy\" decoding=\"async\" class=\"newsContent__article__imgCapa lazyloadDisabled newsContent__article__imgCapa--noCaption\" src=\"https:\/\/files.sunoresearch.com.br\/n\/uploads\/2019\/04\/d5a90ab8-petrobras-1-800x450.webp\" width=\"800\" height=\"450\" alt=\"Petrobras: ministro diz que empresa definir\u00e1 o momento do reajuste do diesel\" fetchpriority=high \/>\n\t\t\t<\/picture>\n\n\t\t\t<figcaption class=\"wp-caption-text wp-caption-text--hide\">O ministro de Minas e Energia, almirante Bento Albuquerque, durante coletiva sobre o acidente da barragem da Vale em Brumadinho, Minas Gerais.<\/figcaption>\n\t\t<\/figure>\n\t<\/div>\n\n\n<p>Na \u00faltima quinta-feira (11), a <strong>Petrobras<\/strong> anunciou um reajuste de 5,7% nos pre\u00e7os do <strong>diesel<\/strong>. Por\u00e9m Bolsonaro determinou o cancelamento do aumento. &#8220;Quem vai decidir o momento e o valor vai ser a <strong>Petrobras<\/strong>&#8220;, disse <strong>Bento Albuquerque<\/strong>.<\/p>\n<p><a href=\"https:\/\/www.suno.com.br\/noticias\/acoes-petrobras-sobem-medidas-caminhoneiros\/\">Saiba mais &#8211; Petrobras: a\u00e7\u00f5es sobem 3,26% ap\u00f3s an\u00fancio de medidas a caminhoneiros<\/a><\/p>\n<p>O objetivo da reuni\u00e3o, segundo <strong>Bento Albuquerque<\/strong> e o <strong>ministro da Economia<\/strong>, Paulo Guedes, foi explicar para <strong>Bolsonaro<\/strong> a pol\u00edtica de pre\u00e7os praticado pela <strong>Petrobras<\/strong>. De acordo com Guedes, \u00e9 &#8220;natural&#8221; que o presidente traga &#8220;preocupa\u00e7\u00f5es&#8221; com o reajuste nos combust\u00edveis. De acordo com o ministro, o presidente precisa pensar na &#8220;dimens\u00e3o pol\u00edtica&#8221;.<\/p>\n\n<h2>Tabelamento de frete<\/h2>\n<p><strong>Paulo Guedes<\/strong> disse que \u00e9 preciso dar mais &#8220;transpar\u00eancia&#8221; \u00e0 maneira como s\u00e3o calculados os reajustes. Al\u00e9m disso, o ministro afirmou que o eventual reajuste &#8220;n\u00e3o pode ser di\u00e1rio&#8221; pois\u00a0&#8220;tudo isso est\u00e1 na considera\u00e7\u00e3o&#8221; de Bolsonaro.&#8221; A <strong>Petrobras<\/strong> tem que trabalhar para melhorar suas pr\u00e1ticas&#8221;, acrescentou.<\/p>\n<p>&#8220;A maior demonstra\u00e7\u00e3o que podemos dar \u00e9 que sa\u00edmos (da reuni\u00e3o) sem pre\u00e7o fechado. A gente n\u00e3o sabe qual vai ser o pre\u00e7o, eu n\u00e3o sei, o presidente n\u00e3o sabe&#8221;, disse <strong>Guedes<\/strong>.<\/p>\n<h2>Linha de cr\u00e9dito<\/h2>\n<p>Mais cedo, o\u00a0<strong>Governo Federal<\/strong> anunciou em entrevista coletiva a cria\u00e7\u00e3o de uma linha de <strong>cr\u00e9dito<\/strong> de at\u00e9 R$ 30 mil para caminhoneiros aut\u00f4nomos. O an\u00fancio foi feito pelo ministro da Casal Civil, <strong>Onyx Lorenzoni.<\/strong><\/p>\n<p>O cr\u00e9dito ser\u00e1 concedido aos <strong>caminhoneiros\u00a0<\/strong>aut\u00f4nomos\u00a0via <strong>Banco Nacional de Desenvolvimento Econ\u00f4mico e Social (BNDES).<\/strong>\u00a0A medida faz parte de uma s\u00e9rie de a\u00e7\u00f5es governo para evitar uma poss\u00edvel nova greve da categoria.<\/p>\n<p><a href=\"https:\/\/www.suno.com.br\/noticias\/governo-medidas-caminhoneiros\/\">Saiba Mais: Governo prepara pacote de medidas para caminhoneiros<\/a><\/p>\n<p>&#8220;O governo anuncia neste momento uma linha de cr\u00e9dito espec\u00edfica para <strong>caminhoneiros<\/strong> aut\u00f4nomos de at\u00e9 R$ 30 mil para compra de pneus e manuten\u00e7\u00e3o dos ve\u00edculos&#8221;, disse <strong>Onyx<\/strong> no Pal\u00e1cio do Planalto.<\/p>\n<p>Segundo o ministro, R$ 500 milh\u00f5es ser\u00e3o liberados nesta linha de cr\u00e9dito \u00e0 categoria. Inicialmente, os <strong>caminhoneiros<\/strong> podem buscar o valor atrav\u00e9s dos bancos p\u00fablicos, <strong>Banco do Brasil<\/strong> e <strong>Caixa Econ\u00f4mica Federal<\/strong>. Em um segundo momento, o valor ser\u00e1 liberado\u00a0 em outros bancos e cooperativas de cr\u00e9dito.<\/p>\n<p>O ministro anunciou ainda que s\u00f3 poder\u00e3o pegar o cr\u00e9dito <strong>caminhoneiros<\/strong> aut\u00f4nomos que tenha at\u00e9 dois <strong>caminh\u00f5es.<\/strong><\/p>\n\t<p>\n\t\t<a href=\"https:\/\/lp2.suno.com.br\/pv\/curso-zero-ao-primeiro-rendimento\/?utm_source=suno-noticias&#038;utm_medium=banner&#038;utm_campaign=_SNC4CCF8112_\" target=\"_blank\" data-element=\"shortcode-suno-banner\" title=\"Banner SUNO, clique e saiba mais\">\n\t\t\t<picture>\n\t\t\t\t<source media=\"(max-width: 500px)\" srcset=\"https:\/\/files.sunoresearch.com.br\/n\/uploads\/2025\/12\/Artigos-e-Noticias-Banner-Materias-02-Mobile_-400x300-1-png.webp\">\n\t\t\t\t<img class=\"newsContent__article__imgCapa newsContent__article__imgCapa--banner\"\n\t\t\t\t\tsrc=\"https:\/\/files.sunoresearch.com.br\/n\/uploads\/2025\/12\/Artigos-e-Noticias-Banner-Materias-01-Desktop_-1420x240-1-png.webp\"\n\t\t\t\t\tdata-promo-id=\"635313\"\t\t\t\t\t\t\t\t\t\twidth='1420' height='240'\t\t\t\t\talt=\"https:\/\/files.sunoresearch.com.br\/n\/uploads\/2025\/12\/Artigos-e-Noticias-Banner-Materias-01-Desktop_-1420x240-1-png.webp\"\n\t\t\t\t>\n\t\t\t<\/picture>\n\t\t<\/a>\n\t<\/p>\n\n\n<p>A medida proposta pela gest\u00e3o <strong>Bolsonaro<\/strong> foi discutida na segunda-feira (15) com o presidente do <strong>BNDES<\/strong>, Joaquim Levy. Ele informou que a linha de financiamento est\u00e1 sendo elaborada pela equipe econ\u00f4mica do <strong>governo.<\/strong><\/p>\n<p><a href=\"https:\/\/www.suno.com.br\/noticias\/greve-dos-caminhoneiros-igual-pior-greve\/\">Saiba Mais: Greve dos caminhoneiros: \u201cest\u00e1vamos igual ou at\u00e9 pior que na \u00e9poca anterior \u00e0 greve\u201d, diz lideran\u00e7a<\/a><\/p>\n<p>Com a medida, as a\u00e7\u00f5es da <strong>Petrobras (PETR4)<\/strong> tiveram alta de 3,05%, negociadas a R$ 26,72. Os acionista aprovaram a medida do governo<\/p>\n<p><a href=\"https:\/\/lp.suno.com.br\/ipo-do-uber-noticias\/\">Vale a pena entrar no IPO do Uber?<\/a><\/p>\n","protected":false},"excerpt":{"rendered":"<p>O ministro de Minas e Energia, Bento Albuquerque, disse nesta ter\u00e7a (16) que a Petrobras definir\u00e1 o momento e o valor do reajuste no pre\u00e7o do \u00f3leo diesel. A declara\u00e7\u00e3o foi dada ap\u00f3s a reuni\u00e3o no Pal\u00e1cio do Planalto com o presidente Jair Bolsonaro. O ministro de Minas e Energia, almirante Bento Albuquerque, durante coletiva [&hellip;]<\/p>\n","protected":false},"author":14,"featured_media":21260,"comment_status":"closed","ping_status":"closed","sticky":false,"template":"","format":"standard","meta":[],"categories":[62],"tags":[732,1192,833,796,595],"suno_strategy":[],"class_list":["post-21254","post","type-post","status-publish","format-standard","has-post-thumbnail","hentry","category-economia","tag-banco-do-brasil-bbas3","tag-diesel","tag-greve-dos-caminhoneiros","tag-paulo-guedes","tag-petrobras-petr4"],"yoast_head":"<!-- This site is optimized with the Yoast SEO plugin v24.4 - https:\/\/yoast.com\/wordpress\/plugins\/seo\/ -->\n<title>Petrobras: ministro diz que empresa definir\u00e1 o momento do reajuste<\/title>\n<meta name=\"description\" content=\"Na \u00faltima quinta, a Petrobras anunciou um reajuste de 5,7% nos pre\u00e7os do diesel. Por\u00e9m, Bolsonaro cancelou o aumento. Clique e saiba mais.\" \/>\n<meta name=\"robots\" content=\"index, follow, max-snippet:-1, max-image-preview:large, max-video-preview:-1\" \/>\n<link rel=\"canonical\" href=\"https:\/\/www.suno.com.br\/noticias\/petrobras-ministro-reajuste-diesel\/\" \/>\n<meta property=\"og:locale\" content=\"pt_BR\" \/>\n<meta property=\"og:type\" content=\"article\" \/>\n<meta property=\"og:title\" content=\"Petrobras: ministro diz que empresa definir\u00e1 o momento do reajuste\" \/>\n<meta property=\"og:description\" content=\"Na \u00faltima quinta, a Petrobras anunciou um reajuste de 5,7% nos pre\u00e7os do diesel. Por\u00e9m, Bolsonaro cancelou o aumento. Clique e saiba mais.\" \/>\n<meta property=\"og:url\" content=\"https:\/\/www.suno.com.br\/noticias\/petrobras-ministro-reajuste-diesel\/\" \/>\n<meta property=\"og:site_name\" content=\"Suno Not\u00edcias\" \/>\n<meta property=\"article:publisher\" content=\"https:\/\/facebook.com\/sunoresearch\" \/>\n<meta property=\"og:image\" content=\"https:\/\/files.sunoresearch.com.br\/n\/uploads\/2019\/04\/d5a90ab8-petrobras-1.jpg\" \/>\n\t<meta property=\"og:image:width\" content=\"1140\" \/>\n\t<meta property=\"og:image:height\" content=\"760\" \/>\n\t<meta property=\"og:image:type\" content=\"image\/jpeg\" \/>\n<meta name=\"author\" content=\"Renan Dantas\" \/>\n<meta name=\"twitter:card\" content=\"summary_large_image\" \/>\n<meta name=\"twitter:creator\" content=\"@sunoresearch\" \/>\n<meta name=\"twitter:site\" content=\"@sunoresearch\" \/>\n<meta name=\"twitter:label1\" content=\"Escrito por\" \/>\n\t<meta name=\"twitter:data1\" content=\"Renan Dantas\" \/>\n\t<meta name=\"twitter:label2\" content=\"Est. tempo de leitura\" \/>\n\t<meta name=\"twitter:data2\" content=\"3 minutos\" \/>\n<script type=\"application\/ld+json\" class=\"yoast-schema-graph\">{\"@context\":\"https:\/\/schema.org\",\"@graph\":[{\"@type\":\"NewsArticle\",\"@id\":\"https:\/\/www.suno.com.br\/noticias\/petrobras-ministro-reajuste-diesel\/#article\",\"isPartOf\":{\"@id\":\"https:\/\/www.suno.com.br\/noticias\/petrobras-ministro-reajuste-diesel\/\"},\"author\":{\"name\":\"Renan Dantas\",\"@id\":\"https:\/\/www.suno.com.br\/noticias\/#\/schema\/person\/3f7693d5795a3f6d5ce15309ee785699\"},\"headline\":\"Petrobras: ministro diz que empresa definir\u00e1 o momento do reajuste do diesel\",\"datePublished\":\"2019-04-16T22:20:09+00:00\",\"dateModified\":\"2019-04-16T23:18:58+00:00\",\"mainEntityOfPage\":{\"@id\":\"https:\/\/www.suno.com.br\/noticias\/petrobras-ministro-reajuste-diesel\/\"},\"wordCount\":555,\"publisher\":{\"@id\":\"https:\/\/www.suno.com.br\/noticias\/#organization\"},\"image\":{\"@id\":\"https:\/\/www.suno.com.br\/noticias\/petrobras-ministro-reajuste-diesel\/#primaryimage\"},\"thumbnailUrl\":\"https:\/\/files.sunoresearch.com.br\/n\/uploads\/2019\/04\/d5a90ab8-petrobras-1-jpg.webp\",\"keywords\":[\"Banco do Brasil (BBAS3)\",\"diesel\",\"greve dos caminhoneiros\",\"Paulo Guedes\",\"Petrobras (PETR4)\"],\"articleSection\":[\"Economia\"],\"inLanguage\":\"pt-BR\"},{\"@type\":\"WebPage\",\"@id\":\"https:\/\/www.suno.com.br\/noticias\/petrobras-ministro-reajuste-diesel\/\",\"url\":\"https:\/\/www.suno.com.br\/noticias\/petrobras-ministro-reajuste-diesel\/\",\"name\":\"Petrobras: ministro diz que empresa definir\u00e1 o momento do reajuste\",\"isPartOf\":{\"@id\":\"https:\/\/www.suno.com.br\/noticias\/#website\"},\"primaryImageOfPage\":{\"@id\":\"https:\/\/www.suno.com.br\/noticias\/petrobras-ministro-reajuste-diesel\/#primaryimage\"},\"image\":{\"@id\":\"https:\/\/www.suno.com.br\/noticias\/petrobras-ministro-reajuste-diesel\/#primaryimage\"},\"thumbnailUrl\":\"https:\/\/files.sunoresearch.com.br\/n\/uploads\/2019\/04\/d5a90ab8-petrobras-1-jpg.webp\",\"datePublished\":\"2019-04-16T22:20:09+00:00\",\"dateModified\":\"2019-04-16T23:18:58+00:00\",\"description\":\"Na \u00faltima quinta, a Petrobras anunciou um reajuste de 5,7% nos pre\u00e7os do diesel. Por\u00e9m, Bolsonaro cancelou o aumento. Clique e saiba mais.\",\"breadcrumb\":{\"@id\":\"https:\/\/www.suno.com.br\/noticias\/petrobras-ministro-reajuste-diesel\/#breadcrumb\"},\"inLanguage\":\"pt-BR\",\"potentialAction\":[{\"@type\":\"ReadAction\",\"target\":[\"https:\/\/www.suno.com.br\/noticias\/petrobras-ministro-reajuste-diesel\/\"]}]},{\"@type\":\"ImageObject\",\"inLanguage\":\"pt-BR\",\"@id\":\"https:\/\/www.suno.com.br\/noticias\/petrobras-ministro-reajuste-diesel\/#primaryimage\",\"url\":\"https:\/\/files.sunoresearch.com.br\/n\/uploads\/2019\/04\/d5a90ab8-petrobras-1-jpg.webp\",\"contentUrl\":\"https:\/\/files.sunoresearch.com.br\/n\/uploads\/2019\/04\/d5a90ab8-petrobras-1-jpg.webp\",\"width\":1140,\"height\":760,\"caption\":\"O ministro de Minas e Energia, almirante Bento Albuquerque, durante coletiva sobre o acidente da barragem da Vale em Brumadinho, Minas Gerais.\"},{\"@type\":\"BreadcrumbList\",\"@id\":\"https:\/\/www.suno.com.br\/noticias\/petrobras-ministro-reajuste-diesel\/#breadcrumb\",\"itemListElement\":[{\"@type\":\"ListItem\",\"position\":1,\"name\":\"Not\u00edcias\",\"item\":\"https:\/\/www.suno.com.br\/noticias\/\"},{\"@type\":\"ListItem\",\"position\":2,\"name\":\"Economia\",\"item\":\"https:\/\/www.suno.com.br\/noticias\/economia\/\"},{\"@type\":\"ListItem\",\"position\":3,\"name\":\"Petrobras: ministro diz que empresa definir\u00e1 o momento do reajuste do diesel\"}]},{\"@type\":\"WebSite\",\"@id\":\"https:\/\/www.suno.com.br\/noticias\/#website\",\"url\":\"https:\/\/www.suno.com.br\/noticias\/\",\"name\":\"Suno Not\u00edcias\",\"description\":\"Seu portal de informa\u00e7\u00e3o sobre o mundo dos investimentos\",\"publisher\":{\"@id\":\"https:\/\/www.suno.com.br\/noticias\/#organization\"},\"potentialAction\":[{\"@type\":\"SearchAction\",\"target\":{\"@type\":\"EntryPoint\",\"urlTemplate\":\"https:\/\/www.suno.com.br\/noticias\/?s={search_term_string}\"},\"query-input\":{\"@type\":\"PropertyValueSpecification\",\"valueRequired\":true,\"valueName\":\"search_term_string\"}}],\"inLanguage\":\"pt-BR\"},{\"@type\":\"Organization\",\"@id\":\"https:\/\/www.suno.com.br\/noticias\/#organization\",\"name\":\"Suno Not\u00edcias\",\"url\":\"https:\/\/www.suno.com.br\/noticias\/\",\"logo\":{\"@type\":\"ImageObject\",\"inLanguage\":\"pt-BR\",\"@id\":\"https:\/\/www.suno.com.br\/noticias\/#\/schema\/logo\/image\/\",\"url\":\"https:\/\/files.sunoresearch.com.br\/n\/uploads\/2021\/09\/suno-logo.png\",\"contentUrl\":\"https:\/\/files.sunoresearch.com.br\/n\/uploads\/2021\/09\/suno-logo.png\",\"width\":180,\"height\":180,\"caption\":\"Suno Not\u00edcias\"},\"image\":{\"@id\":\"https:\/\/www.suno.com.br\/noticias\/#\/schema\/logo\/image\/\"},\"sameAs\":[\"https:\/\/facebook.com\/sunoresearch\",\"https:\/\/x.com\/sunoresearch\",\"https:\/\/www.instagram.com\/suno\",\"https:\/\/www.linkedin.com\/company\/suno-research\/\",\"https:\/\/www.youtube.com\/c\/sunoresearch\"]},{\"@type\":\"Person\",\"@id\":\"https:\/\/www.suno.com.br\/noticias\/#\/schema\/person\/3f7693d5795a3f6d5ce15309ee785699\",\"name\":\"Renan Dantas\",\"image\":{\"@type\":\"ImageObject\",\"inLanguage\":\"pt-BR\",\"@id\":\"https:\/\/www.suno.com.br\/noticias\/#\/schema\/person\/image\/\",\"url\":\"https:\/\/secure.gravatar.com\/avatar\/1787b83e7484a08e51d62ac8b41c8396?s=96&r=g\",\"contentUrl\":\"https:\/\/secure.gravatar.com\/avatar\/1787b83e7484a08e51d62ac8b41c8396?s=96&r=g\",\"caption\":\"Renan Dantas\"},\"description\":\"Escreve sobre pol\u00edtica e mercado financeiro para o portal Suno Not\u00edcias. Antes, atuou na assessoria de comunica\u00e7\u00e3o do Minist\u00e9rio P\u00fablico do Trabalho e na R\u00e1dio Mackenzie, onde apresentava e produzia um programa sobre artistas da m\u00fasica brasileira. \u00c9 estudante na Universidade Presbiteriana Mackenzie.\",\"url\":\"https:\/\/www.suno.com.br\/noticias\/author\/renan-dantas\/\"}]}<\/script>\n<!-- \/ Yoast SEO plugin. -->","yoast_head_json":{"title":"Petrobras: ministro diz que empresa definir\u00e1 o momento do reajuste","description":"Na \u00faltima quinta, a Petrobras anunciou um reajuste de 5,7% nos pre\u00e7os do diesel. Por\u00e9m, Bolsonaro cancelou o aumento. Clique e saiba mais.","robots":{"index":"index","follow":"follow","max-snippet":"max-snippet:-1","max-image-preview":"max-image-preview:large","max-video-preview":"max-video-preview:-1"},"canonical":"https:\/\/www.suno.com.br\/noticias\/petrobras-ministro-reajuste-diesel\/","og_locale":"pt_BR","og_type":"article","og_title":"Petrobras: ministro diz que empresa definir\u00e1 o momento do reajuste","og_description":"Na \u00faltima quinta, a Petrobras anunciou um reajuste de 5,7% nos pre\u00e7os do diesel. Por\u00e9m, Bolsonaro cancelou o aumento. Clique e saiba mais.","og_url":"https:\/\/www.suno.com.br\/noticias\/petrobras-ministro-reajuste-diesel\/","og_site_name":"Suno Not\u00edcias","article_publisher":"https:\/\/facebook.com\/sunoresearch","og_image":[{"width":1140,"height":760,"url":"https:\/\/files.sunoresearch.com.br\/n\/uploads\/2019\/04\/d5a90ab8-petrobras-1.jpg","type":"image\/jpeg"}],"author":"Renan Dantas","twitter_card":"summary_large_image","twitter_creator":"@sunoresearch","twitter_site":"@sunoresearch","twitter_misc":{"Escrito por":"Renan Dantas","Est. tempo de leitura":"3 minutos"},"schema":{"@context":"https:\/\/schema.org","@graph":[{"@type":"NewsArticle","@id":"https:\/\/www.suno.com.br\/noticias\/petrobras-ministro-reajuste-diesel\/#article","isPartOf":{"@id":"https:\/\/www.suno.com.br\/noticias\/petrobras-ministro-reajuste-diesel\/"},"author":{"name":"Renan Dantas","@id":"https:\/\/www.suno.com.br\/noticias\/#\/schema\/person\/3f7693d5795a3f6d5ce15309ee785699"},"headline":"Petrobras: ministro diz que empresa definir\u00e1 o momento do reajuste do diesel","datePublished":"2019-04-16T22:20:09+00:00","dateModified":"2019-04-16T23:18:58+00:00","mainEntityOfPage":{"@id":"https:\/\/www.suno.com.br\/noticias\/petrobras-ministro-reajuste-diesel\/"},"wordCount":555,"publisher":{"@id":"https:\/\/www.suno.com.br\/noticias\/#organization"},"image":{"@id":"https:\/\/www.suno.com.br\/noticias\/petrobras-ministro-reajuste-diesel\/#primaryimage"},"thumbnailUrl":"https:\/\/files.sunoresearch.com.br\/n\/uploads\/2019\/04\/d5a90ab8-petrobras-1-jpg.webp","keywords":["Banco do Brasil (BBAS3)","diesel","greve dos caminhoneiros","Paulo Guedes","Petrobras (PETR4)"],"articleSection":["Economia"],"inLanguage":"pt-BR"},{"@type":"WebPage","@id":"https:\/\/www.suno.com.br\/noticias\/petrobras-ministro-reajuste-diesel\/","url":"https:\/\/www.suno.com.br\/noticias\/petrobras-ministro-reajuste-diesel\/","name":"Petrobras: ministro diz que empresa definir\u00e1 o momento do reajuste","isPartOf":{"@id":"https:\/\/www.suno.com.br\/noticias\/#website"},"primaryImageOfPage":{"@id":"https:\/\/www.suno.com.br\/noticias\/petrobras-ministro-reajuste-diesel\/#primaryimage"},"image":{"@id":"https:\/\/www.suno.com.br\/noticias\/petrobras-ministro-reajuste-diesel\/#primaryimage"},"thumbnailUrl":"https:\/\/files.sunoresearch.com.br\/n\/uploads\/2019\/04\/d5a90ab8-petrobras-1-jpg.webp","datePublished":"2019-04-16T22:20:09+00:00","dateModified":"2019-04-16T23:18:58+00:00","description":"Na \u00faltima quinta, a Petrobras anunciou um reajuste de 5,7% nos pre\u00e7os do diesel. Por\u00e9m, Bolsonaro cancelou o aumento. Clique e saiba mais.","breadcrumb":{"@id":"https:\/\/www.suno.com.br\/noticias\/petrobras-ministro-reajuste-diesel\/#breadcrumb"},"inLanguage":"pt-BR","potentialAction":[{"@type":"ReadAction","target":["https:\/\/www.suno.com.br\/noticias\/petrobras-ministro-reajuste-diesel\/"]}]},{"@type":"ImageObject","inLanguage":"pt-BR","@id":"https:\/\/www.suno.com.br\/noticias\/petrobras-ministro-reajuste-diesel\/#primaryimage","url":"https:\/\/files.sunoresearch.com.br\/n\/uploads\/2019\/04\/d5a90ab8-petrobras-1-jpg.webp","contentUrl":"https:\/\/files.sunoresearch.com.br\/n\/uploads\/2019\/04\/d5a90ab8-petrobras-1-jpg.webp","width":1140,"height":760,"caption":"O ministro de Minas e Energia, almirante Bento Albuquerque, durante coletiva sobre o acidente da barragem da Vale em Brumadinho, Minas Gerais."},{"@type":"BreadcrumbList","@id":"https:\/\/www.suno.com.br\/noticias\/petrobras-ministro-reajuste-diesel\/#breadcrumb","itemListElement":[{"@type":"ListItem","position":1,"name":"Not\u00edcias","item":"https:\/\/www.suno.com.br\/noticias\/"},{"@type":"ListItem","position":2,"name":"Economia","item":"https:\/\/www.suno.com.br\/noticias\/economia\/"},{"@type":"ListItem","position":3,"name":"Petrobras: ministro diz que empresa definir\u00e1 o momento do reajuste do diesel"}]},{"@type":"WebSite","@id":"https:\/\/www.suno.com.br\/noticias\/#website","url":"https:\/\/www.suno.com.br\/noticias\/","name":"Suno Not\u00edcias","description":"Seu portal de informa\u00e7\u00e3o sobre o mundo dos investimentos","publisher":{"@id":"https:\/\/www.suno.com.br\/noticias\/#organization"},"potentialAction":[{"@type":"SearchAction","target":{"@type":"EntryPoint","urlTemplate":"https:\/\/www.suno.com.br\/noticias\/?s={search_term_string}"},"query-input":{"@type":"PropertyValueSpecification","valueRequired":true,"valueName":"search_term_string"}}],"inLanguage":"pt-BR"},{"@type":"Organization","@id":"https:\/\/www.suno.com.br\/noticias\/#organization","name":"Suno Not\u00edcias","url":"https:\/\/www.suno.com.br\/noticias\/","logo":{"@type":"ImageObject","inLanguage":"pt-BR","@id":"https:\/\/www.suno.com.br\/noticias\/#\/schema\/logo\/image\/","url":"https:\/\/files.sunoresearch.com.br\/n\/uploads\/2021\/09\/suno-logo.png","contentUrl":"https:\/\/files.sunoresearch.com.br\/n\/uploads\/2021\/09\/suno-logo.png","width":180,"height":180,"caption":"Suno Not\u00edcias"},"image":{"@id":"https:\/\/www.suno.com.br\/noticias\/#\/schema\/logo\/image\/"},"sameAs":["https:\/\/facebook.com\/sunoresearch","https:\/\/x.com\/sunoresearch","https:\/\/www.instagram.com\/suno","https:\/\/www.linkedin.com\/company\/suno-research\/","https:\/\/www.youtube.com\/c\/sunoresearch"]},{"@type":"Person","@id":"https:\/\/www.suno.com.br\/noticias\/#\/schema\/person\/3f7693d5795a3f6d5ce15309ee785699","name":"Renan Dantas","image":{"@type":"ImageObject","inLanguage":"pt-BR","@id":"https:\/\/www.suno.com.br\/noticias\/#\/schema\/person\/image\/","url":"https:\/\/secure.gravatar.com\/avatar\/1787b83e7484a08e51d62ac8b41c8396?s=96&r=g","contentUrl":"https:\/\/secure.gravatar.com\/avatar\/1787b83e7484a08e51d62ac8b41c8396?s=96&r=g","caption":"Renan Dantas"},"description":"Escreve sobre pol\u00edtica e mercado financeiro para o portal Suno Not\u00edcias. Antes, atuou na assessoria de comunica\u00e7\u00e3o do Minist\u00e9rio P\u00fablico do Trabalho e na R\u00e1dio Mackenzie, onde apresentava e produzia um programa sobre artistas da m\u00fasica brasileira. \u00c9 estudante na Universidade Presbiteriana Mackenzie.","url":"https:\/\/www.suno.com.br\/noticias\/author\/renan-dantas\/"}]}},"default_loop_html":"<div class=\"cardsPage__listCard__boxs\"><div class=\"cardsPage__listCard__boxs__img\"><a href=\"https:\/\/www.suno.com.br\/noticias\/petrobras-ministro-reajuste-diesel\/\"><img class=\"mask\" src=\"https:\/\/www.suno.com.br\/noticias\/wp-content\/themes\/suno\/resources\/images\/spotlight\/spotlight1img\/bg-mask.png\" alt=\"Image Mask\"\/><img src=\"https:\/\/files.sunoresearch.com.br\/n\/uploads\/2019\/04\/d5a90ab8-petrobras-1-400x200.webp\" alt=\"Petrobras: ministro diz que empresa definir\u00e1 o momento do reajuste do diesel\"\/><\/a><span class=\"spotlightCategory\"><a href=\"https:\/\/www.suno.com.br\/noticias\/economia\/\">Economia<\/a><\/span><\/div><div class=\"cardsPage__listCard__boxs__content\"><a href=\"https:\/\/www.suno.com.br\/noticias\/petrobras-ministro-reajuste-diesel\/\"><h2 class=\"content__title\">Petrobras: ministro diz que empresa definir\u00e1 o momento do reajuste do diesel<\/h2><\/a><div class=\"newsContent__article__meta\"><div class=\"newsContent__article__meta__authorBox\"><a href=\"https:\/\/www.suno.com.br\/noticias\/author\/renan-dantas\/\" class=\"authorBox__avatar noMobi\"><img src=\"https:\/\/secure.gravatar.com\/avatar\/1787b83e7484a08e51d62ac8b41c8396?s=96&#038;r=g\" alt=\"Renan Dantas\"><\/a><div class=\"authorBox__name\"><span>por\n\t\t\t<a href=\"https:\/\/www.suno.com.br\/noticias\/author\/renan-dantas\/\"><span itemprop=\"author\">Renan Dantas<\/span><\/a><\/span><time datetime=\"2019-04-16T19:20:09-03:00\" itemprop=\"datePublished\">16\/04\/2019 19:20<\/time><\/div><\/div><\/div><\/div><\/div>","single_layout":"posts","amp_enabled":true,"_links":{"self":[{"href":"https:\/\/www.suno.com.br\/noticias\/wp-json\/wp\/v2\/posts\/21254"}],"collection":[{"href":"https:\/\/www.suno.com.br\/noticias\/wp-json\/wp\/v2\/posts"}],"about":[{"href":"https:\/\/www.suno.com.br\/noticias\/wp-json\/wp\/v2\/types\/post"}],"author":[{"embeddable":true,"href":"https:\/\/www.suno.com.br\/noticias\/wp-json\/wp\/v2\/users\/14"}],"replies":[{"embeddable":true,"href":"https:\/\/www.suno.com.br\/noticias\/wp-json\/wp\/v2\/comments?post=21254"}],"version-history":[{"count":0,"href":"https:\/\/www.suno.com.br\/noticias\/wp-json\/wp\/v2\/posts\/21254\/revisions"}],"wp:featuredmedia":[{"embeddable":true,"href":"https:\/\/www.suno.com.br\/noticias\/wp-json\/wp\/v2\/media\/21260"}],"wp:attachment":[{"href":"https:\/\/www.suno.com.br\/noticias\/wp-json\/wp\/v2\/media?parent=21254"}],"wp:term":[{"taxonomy":"category","embeddable":true,"href":"https:\/\/www.suno.com.br\/noticias\/wp-json\/wp\/v2\/categories?post=21254"},{"taxonomy":"post_tag","embeddable":true,"href":"https:\/\/www.suno.com.br\/noticias\/wp-json\/wp\/v2\/tags?post=21254"},{"taxonomy":"suno_strategy","embeddable":true,"href":"https:\/\/www.suno.com.br\/noticias\/wp-json\/wp\/v2\/suno_strategy?post=21254"}],"curies":[{"name":"wp","href":"https:\/\/api.w.org\/{rel}","templated":true}]}}