{"id":212424,"date":"2021-12-06T19:54:08","date_gmt":"2021-12-06T22:54:08","guid":{"rendered":"https:\/\/www.suno.com.br\/noticias\/?p=212424"},"modified":"2021-12-06T19:54:08","modified_gmt":"2021-12-06T22:54:08","slug":"ifix-fecha-em-alta-de-114-hslg11-e-rect11-lideram-as-altas","status":"publish","type":"post","link":"https:\/\/www.suno.com.br\/noticias\/ifix-fecha-em-alta-de-114-hslg11-e-rect11-lideram-as-altas\/","title":{"rendered":"IFIX fecha em alta de 1,14%; HSLG11 e RECT11 lideram as altas"},"content":{"rendered":"<p>O <strong>IFIX<\/strong>, \u00a0<a href=\"https:\/\/www.suno.com.br\/artigos\/ifix\/\">\u00cdndice de Fundos Imobili\u00e1rios da B3<\/a>, terminou a sess\u00e3o desta segunda-feira (6) em alta de 1,14%, aos 2.640,23 pontos.<\/p>\t<div class=\"wrapper-featured-image\">\n\t\t<figure class=\"spotlightImg\">\n\n\t\t\t<picture>\n\t\t\t\t<source media=\"(max-width: 768px)\" srcset=\"https:\/\/files.sunoresearch.com.br\/n\/uploads\/2021\/03\/301c6e1b-buildings-690364_1280-400x200.webp\">\n\t\t\t\t<img loading=\"lazy\" decoding=\"async\" class=\"newsContent__article__imgCapa lazyloadDisabled \" src=\"https:\/\/files.sunoresearch.com.br\/n\/uploads\/2021\/03\/301c6e1b-buildings-690364_1280-800x450.webp\" width=\"800\" height=\"450\" alt=\"IFIX fecha em alta de 1,14%; HSLG11 e RECT11 lideram as altas\" fetchpriority=high \/>\n\t\t\t<\/picture>\n\n\t\t\t<figcaption class=\"wp-caption-text wp-caption-text--show\">Fundos Imobili\u00e1rios (FIIs). Foto: Pixabay<\/figcaption>\n\t\t<\/figure>\n\t<\/div>\n\n\n\t<p>\n\t\t<a href=\"https:\/\/lp.suno.com.br\/planilha-controle-gastos\/\" target=\"_blank\" data-element=\"shortcode-suno-banner\" title=\"Banner SUNO, clique e saiba mais\">\n\t\t\t<picture>\n\t\t\t\t<source media=\"(max-width: 500px)\" srcset=\"https:\/\/files.sunoresearch.com.br\/n\/uploads\/2023\/03\/400x300-Planilha-controle-de-gastos.png\">\n\t\t\t\t<img class=\"newsContent__article__imgCapa newsContent__article__imgCapa--banner\"\n\t\t\t\t\tsrc=\"https:\/\/files.sunoresearch.com.br\/n\/uploads\/2023\/03\/1420x240-Planilha-controle-de-gastos.png\"\n\t\t\t\t\tdata-promo-id=\"101751\"\t\t\t\t\t\t\t\t\t\twidth='1420' height='240'\t\t\t\t\talt=\"https:\/\/files.sunoresearch.com.br\/n\/uploads\/2023\/03\/1420x240-Planilha-controle-de-gastos.png\"\n\t\t\t\t>\n\t\t\t<\/picture>\n\t\t<\/a>\n\t<\/p>\n\n\n<p>O fechamento do indicador hoje representa um certo al\u00edvio no preg\u00e3o: o IFIX vem sendo pressionado ao longo do ano pelo aumento do<strong> risco fiscal<\/strong> e da <strong>infla\u00e7\u00e3o<\/strong>. No acumulado do ano, o IFIX tem queda de 11,45%.<\/p>\n<p>Durante o preg\u00e3o, os investidores ficaram de olho no<strong> <a class=\"suno-keyword\" href=\"https:\/\/www.suno.com.br\/fundos-imobiliarios\/trxf11\/\" target=\"_blank\" rel=\"noopener\" data-force=\"yes\" data-priority=\"2\">TRXF11<\/a><\/strong> que anunciou a distribui\u00e7\u00e3o de R$ 0,80 por cota, valor que representa um <em>dividend yield<\/em> anualizado de 9,82%, sobre a cota de fechamento do m\u00eas de R$ 97,75.<\/p>\n<p>Al\u00e9m disso, a TRX Gestora de Recursos comunicou ao mercado a conclus\u00e3o da aquisi\u00e7\u00e3o de duas lojas do Assa\u00ed (ASAI3), finalizando assim a opera\u00e7\u00e3o de aquisi\u00e7\u00e3o de cinco lojas no total pelo valor de R$ 155,5 milh\u00f5es, sendo que no dia 17 de novembro foi pago o valor correspondente a 36,36% do pre\u00e7o.<\/p>\n<p>Por sua vez, o <strong><a class=\"suno-keyword\" href=\"https:\/\/www.suno.com.br\/fundos-imobiliarios\/tord11\/\" target=\"_blank\" rel=\"noopener\" data-force=\"yes\" data-priority=\"2\">TORD11<\/a> <\/strong>distribuiu R$ 0,08\/cota de <a class=\"suno-keyword\" href=\"https:\/\/www.suno.com.br\/guias\/dividendos\/\" target=\"_blank\" rel=\"noopener\" data-force=\"no\" data-priority=\"1\">dividendos<\/a> referente ao resultado do m\u00eas de outubro, representando um dividend yield de 1,52% sobre a cota patrimonial.<\/p>\n<p>A gestora do fundo, a Hectare Capital, informou que o TORD11 fechou o m\u00eas de setembro com 1,2% em caixa, 22,3% de seu patrim\u00f4nio em <a class=\"suno-keyword\" href=\"https:\/\/www.suno.com.br\/artigos\/certificados-recebiveis-imobiliarios\/\" target=\"_blank\" rel=\"noopener\" data-force=\"no\" data-priority=\"1\">Certificados de Receb\u00edveis Imobili\u00e1rios<\/a> (CRIs), 28,4% em equities e 48,1% em <strong>fundos imobili\u00e1rios<\/strong>.<\/p>\n<p>J\u00e1 o <strong><a class=\"suno-keyword\" href=\"https:\/\/www.suno.com.br\/fundos-imobiliarios\/kncr11\/\" target=\"_blank\" rel=\"noopener\" data-force=\"yes\" data-priority=\"2\">KNCR11<\/a> <\/strong>informou que vai pagar no dia 13 de dezembro, R$ 0,65 por cota. Isso representa uma rentabilidade equivalente a 107% da <a class=\"suno-keyword\" href=\"https:\/\/www.suno.com.br\/artigos\/taxa-di\/\" target=\"_blank\" rel=\"noopener\" data-force=\"no\" data-priority=\"1\">taxa DI<\/a>, considerando uma cota de R$ 103,86.\u00a0 Segundo a gestora\u00a0 Kinea Investimentos, a mudan\u00e7a do ambiente macroecon\u00f4mico e a perspectiva de aumento da <strong>Selic<\/strong> para os pr\u00f3ximos meses, certamente contribuir\u00e1 para o crescimento do rendimento do fundo.<\/p>\n\t<p>\n\t\t<a href=\"\" target=\"_blank\" data-element=\"shortcode-suno-banner\" title=\"Banner SUNO, clique e saiba mais\">\n\t\t\t<picture>\n\t\t\t\t<source media=\"(max-width: 500px)\" srcset=\"\">\n\t\t\t\t<img class=\"newsContent__article__imgCapa newsContent__article__imgCapa--banner\"\n\t\t\t\t\tsrc=\"\"\n\t\t\t\t\tdata-promo-id=\"77014\"\t\t\t\t\t\t\t\t\t\t\t\t\t\t\talt=\"\"\n\t\t\t\t>\n\t\t\t<\/picture>\n\t\t<\/a>\n\t<\/p>\n\n\n<h2>Fundos Imobili\u00e1rios que pagar\u00e3o rendimentos nesta semana<\/h2>\n<p>Al\u00e9m da <strong>cota\u00e7\u00e3o <\/strong><strong>do IFIX<\/strong>, confira os fundos imobili\u00e1rios que prometem distribuir rendimentos no decorrer da pr\u00f3xima semana:<\/p>\n<ul>\n<li><b>BPF11 <\/b>pagar\u00e1 R$ 0,60 por cota no dia 7 de dezembro;<\/li>\n<li><b><a class=\"suno-keyword\" href=\"https:\/\/www.suno.com.br\/fundos-imobiliarios\/brco11\/\" target=\"_blank\" rel=\"noopener\" data-force=\"yes\" data-priority=\"2\">BRCO11<\/a> <\/b>pagar\u00e1 R$ 0,60 por cota no dia 7 de dezembro;<\/li>\n<li><b><a class=\"suno-keyword\" href=\"https:\/\/www.suno.com.br\/fundos-imobiliarios\/hsml11\/\" target=\"_blank\" rel=\"noopener\" data-force=\"yes\" data-priority=\"2\">HSML11<\/a> <\/b>pagar\u00e1 R$ 0,52 por cota no dia 7 de dezembro ;<\/li>\n<li><b><a class=\"suno-keyword\" href=\"https:\/\/www.suno.com.br\/fundos-imobiliarios\/lvbi11\/\" target=\"_blank\" rel=\"noopener\" data-force=\"yes\" data-priority=\"2\">LVBI11<\/a> <\/b>pagar\u00e1 R$ 0,70 por cota no dia 7 de dezembro;<\/li>\n<li><b><a class=\"suno-keyword\" href=\"https:\/\/www.suno.com.br\/fundos-imobiliarios\/pord11\/\" target=\"_blank\" rel=\"noopener\" data-force=\"yes\" data-priority=\"2\">PORD11<\/a> <\/b>pagar\u00e1 R$ 1,11 por cota no dia 7 de dezembro;<\/li>\n<li><b><a class=\"suno-keyword\" href=\"https:\/\/www.suno.com.br\/fundos-imobiliarios\/pvbi11\/\" target=\"_blank\" rel=\"noopener\" data-force=\"yes\" data-priority=\"2\">PVBI11<\/a> <\/b>pagar\u00e1 R$ 0,54 por cota no dia 7 de dezembro;<\/li>\n<li><b><a class=\"suno-keyword\" href=\"https:\/\/www.suno.com.br\/fundos-imobiliarios\/rztr11\/\" target=\"_blank\" rel=\"noopener\" data-force=\"yes\" data-priority=\"2\">RZTR11<\/a> <\/b>pagar\u00e1 R$ 1,25 por cota no dia 7 de dezembro;<\/li>\n<li><b><a class=\"suno-keyword\" href=\"https:\/\/www.suno.com.br\/fundos-imobiliarios\/sptw11\/\" target=\"_blank\" rel=\"noopener\" data-force=\"yes\" data-priority=\"2\">SPTW11<\/a> <\/b>pagar\u00e1 R$ 0,40 por cota no dia 7 de dezembro;<\/li>\n<li><b><a class=\"suno-keyword\" href=\"https:\/\/www.suno.com.br\/fundos-imobiliarios\/aiec11\/\" target=\"_blank\" rel=\"noopener\" data-force=\"yes\" data-priority=\"2\">AIEC11<\/a> <\/b>pagar\u00e1 R$ 0,61 por cota no dia 8 de dezembro;<\/li>\n<li><b><a class=\"suno-keyword\" href=\"https:\/\/www.suno.com.br\/fundos-imobiliarios\/ggrc11\/\" target=\"_blank\" rel=\"noopener\" data-force=\"yes\" data-priority=\"2\">GGRC11<\/a> <\/b>pagar\u00e1 R$ 0,80 por cota no dia 8 de dezembro;<\/li>\n<li><b><a class=\"suno-keyword\" href=\"https:\/\/www.suno.com.br\/fundos-imobiliarios\/patc11\/\" target=\"_blank\" rel=\"noopener\" data-force=\"yes\" data-priority=\"2\">PATC11<\/a> <\/b>pagar\u00e1 R$ 0,30 por cota no dia 8 de dezembro;<\/li>\n<li><b><a class=\"suno-keyword\" href=\"https:\/\/www.suno.com.br\/fundos-imobiliarios\/patl11\/\" target=\"_blank\" rel=\"noopener\" data-force=\"yes\" data-priority=\"2\">PATL11<\/a> <\/b>pagar\u00e1 R$ 0,57 por cota no dia 8 de dezembro;<\/li>\n<li><b><a class=\"suno-keyword\" href=\"https:\/\/www.suno.com.br\/fundos-imobiliarios\/qagr11\/\" target=\"_blank\" rel=\"noopener\" data-force=\"yes\" data-priority=\"2\">QAGR11<\/a> <\/b>pagar\u00e1 R$ 0,38 por cota no dia 8 de dezembro;<\/li>\n<li><b><a class=\"suno-keyword\" href=\"https:\/\/www.suno.com.br\/fundos-imobiliarios\/tgar11\/\" target=\"_blank\" rel=\"noopener\" data-force=\"yes\" data-priority=\"2\">TGAR11<\/a> <\/b>pagar\u00e1 R$ 1,22 por cota no dia 8 de dezembro;<\/li>\n<li><b><a class=\"suno-keyword\" href=\"https:\/\/www.suno.com.br\/fundos-imobiliarios\/vtlt11\/\" target=\"_blank\" rel=\"noopener\" data-force=\"yes\" data-priority=\"2\">VTLT11<\/a> <\/b>pagar\u00e1 R$ 0,75 por cota no dia 8 de dezembro;<\/li>\n<li><b><a class=\"suno-keyword\" href=\"https:\/\/www.suno.com.br\/fundos-imobiliarios\/fiib11\/\" target=\"_blank\" rel=\"noopener\" data-force=\"yes\" data-priority=\"2\">FIIB11<\/a> <\/b>pagar\u00e1 R$ 3,36 por cota no dia 10 de dezembro;<\/li>\n<li><b><a class=\"suno-keyword\" href=\"https:\/\/www.suno.com.br\/fundos-imobiliarios\/habt11\/\" target=\"_blank\" rel=\"noopener\" data-force=\"yes\" data-priority=\"2\">HABT11<\/a> <\/b>pagar\u00e1 R$ 1,50 por cota no dia 10 de dezembro;<\/li>\n<\/ul>\n\t<p>\n\t\t<a href=\"\" target=\"_blank\" data-element=\"shortcode-suno-banner\" title=\"Banner SUNO, clique e saiba mais\">\n\t\t\t<picture>\n\t\t\t\t<source media=\"(max-width: 500px)\" srcset=\"\">\n\t\t\t\t<img class=\"newsContent__article__imgCapa newsContent__article__imgCapa--banner\"\n\t\t\t\t\tsrc=\"\"\n\t\t\t\t\tdata-promo-id=\"77050\"\t\t\t\t\t\t\t\t\t\t\t\t\t\t\talt=\"\"\n\t\t\t\t>\n\t\t\t<\/picture>\n\t\t<\/a>\n\t<\/p>\n\n\n<h2>Maiores altas e baixas do dia<\/h2>\n<p>Veja tamb\u00e9m as maiores altas e baixas do dia do IFIX:<\/p>\n<h3>Maiores altas do IFIX:<\/h3>\n<ul>\n<li><b><a class=\"suno-keyword\" href=\"https:\/\/www.suno.com.br\/fundos-imobiliarios\/hslg11\/\" target=\"_blank\" rel=\"noopener\" data-force=\"yes\" data-priority=\"2\">HSLG11<\/a><\/b>: +4,93% \/ R$ 85,00<\/li>\n<li><b><a class=\"suno-keyword\" href=\"https:\/\/www.suno.com.br\/fundos-imobiliarios\/rect11\/\" target=\"_blank\" rel=\"noopener\" data-force=\"yes\" data-priority=\"2\">RECT11<\/a><\/b>: +4,82% \/ R$ 68,13<\/li>\n<li><b><a class=\"suno-keyword\" href=\"https:\/\/www.suno.com.br\/fundos-imobiliarios\/vilg11\/\" target=\"_blank\" rel=\"noopener\" data-force=\"yes\" data-priority=\"2\">VILG11<\/a><\/b>: +4,55% \/ R$ 92,56<\/li>\n<li><b>PATL11<\/b>: +4,48% \/ R$ 69,00<\/li>\n<li><b><a class=\"suno-keyword\" href=\"https:\/\/www.suno.com.br\/fundos-imobiliarios\/mall11\/\" target=\"_blank\" rel=\"noopener\" data-force=\"yes\" data-priority=\"2\">MALL11<\/a><\/b>: +4,33% \/ R$ 90,10<\/li>\n<\/ul>\n<h3>Maiores baixas do IFIX:<\/h3>\n<ul>\n<li><b><a class=\"suno-keyword\" href=\"https:\/\/www.suno.com.br\/fundos-imobiliarios\/bzli11\/\" target=\"_blank\" rel=\"noopener\" data-force=\"yes\" data-priority=\"2\">BZLI11<\/a><\/b>: -2,37%\/ R$ 16,50<\/li>\n<li><b>AIEC11<\/b>: -2,04% \/ R$ 70,00<\/li>\n<li><b>QAGR1<\/b>: -1,90% \/ R$ 48,99<\/li>\n<li><b><a class=\"suno-keyword\" href=\"https:\/\/www.suno.com.br\/fundos-imobiliarios\/hgre11\/\" target=\"_blank\" rel=\"noopener\" data-force=\"yes\" data-priority=\"2\">HGRE11<\/a><\/b>: -1,16% \/ R$128,00<\/li>\n<li><b>SPTW11<\/b>: -0,77% \/ R$43,69<\/li>\n<\/ul>\n<h2>O que \u00e9 o IFIX<\/h2>\n<p>O <b>IFIX <\/b>\u00e9 um indicador criado pela <a class=\"suno-keyword\" href=\"https:\/\/www.suno.com.br\/artigos\/b3\/\" target=\"_blank\" rel=\"noopener\" data-force=\"no\" data-priority=\"3\">Bolsa de Valores de S\u00e3o Paulo (B3)<\/a> e tem como objetivo a medi\u00e7\u00e3o da performance de uma carteira composta por cotas de Fundos Imobili\u00e1rios.<\/p>\n\t<p>\n\t\t<a href=\"https:\/\/lp.suno.com.br\/planilha-de-controle-de-investimentos\/\" target=\"_blank\" data-element=\"shortcode-suno-banner\" title=\"Banner SUNO, clique e saiba mais\">\n\t\t\t<picture>\n\t\t\t\t<source media=\"(max-width: 500px)\" srcset=\"https:\/\/files.sunoresearch.com.br\/n\/uploads\/2023\/03\/400x300-Controle-de-Investimentos.png\">\n\t\t\t\t<img class=\"newsContent__article__imgCapa newsContent__article__imgCapa--banner\"\n\t\t\t\t\tsrc=\"https:\/\/files.sunoresearch.com.br\/n\/uploads\/2023\/03\/1420x240-Controle-de-Investimentos.png\"\n\t\t\t\t\tdata-promo-id=\"75934\"\t\t\t\t\t\t\t\t\t\twidth='1420' height='240'\t\t\t\t\talt=\"https:\/\/files.sunoresearch.com.br\/n\/uploads\/2023\/03\/1420x240-Controle-de-Investimentos.png\"\n\t\t\t\t>\n\t\t\t<\/picture>\n\t\t<\/a>\n\t<\/p>\n\n\n","protected":false},"excerpt":{"rendered":"<p>O IFIX, \u00a0\u00cdndice de Fundos Imobili\u00e1rios da B3, terminou a sess\u00e3o desta segunda-feira (6) em alta de 1,14%, aos 2.640,23 pontos. Fundos Imobili\u00e1rios (FIIs). Foto: Pixabay O fechamento do indicador hoje representa um certo al\u00edvio no preg\u00e3o: o IFIX vem sendo pressionado ao longo do ano pelo aumento do risco fiscal e da infla\u00e7\u00e3o. No [&hellip;]<\/p>\n","protected":false},"author":15,"featured_media":137089,"comment_status":"closed","ping_status":"closed","sticky":false,"template":"","format":"standard","meta":[],"categories":[64],"tags":[2689],"suno_strategy":[],"class_list":["post-212424","post","type-post","status-publish","format-standard","has-post-thumbnail","hentry","category-negocios","tag-ifix"],"yoast_head":"<!-- This site is optimized with the Yoast SEO plugin v24.4 - https:\/\/yoast.com\/wordpress\/plugins\/seo\/ -->\n<title>IFIX fecha em alta de 1,14%; HSLG11 e RECT11 lideram as altas<\/title>\n<meta name=\"description\" content=\"O fechamento do IFIX representa um certo al\u00edvio no preg\u00e3o, visto que vem ele vem sendo pressionado ao longo do ano. Clique aqui e saiba mais\" \/>\n<meta name=\"robots\" content=\"index, follow, max-snippet:-1, max-image-preview:large, max-video-preview:-1\" \/>\n<link rel=\"canonical\" href=\"https:\/\/www.suno.com.br\/noticias\/ifix-fecha-em-alta-de-114-hslg11-e-rect11-lideram-as-altas\/\" \/>\n<meta property=\"og:locale\" content=\"pt_BR\" \/>\n<meta property=\"og:type\" content=\"article\" \/>\n<meta property=\"og:title\" content=\"IFIX fecha em alta de 1,14%; HSLG11 e RECT11 lideram as altas\" \/>\n<meta property=\"og:description\" content=\"O fechamento do IFIX representa um certo al\u00edvio no preg\u00e3o, visto que vem ele vem sendo pressionado ao longo do ano. Clique aqui e saiba mais\" \/>\n<meta property=\"og:url\" content=\"https:\/\/www.suno.com.br\/noticias\/ifix-fecha-em-alta-de-114-hslg11-e-rect11-lideram-as-altas\/\" \/>\n<meta property=\"og:site_name\" content=\"Suno Not\u00edcias\" \/>\n<meta property=\"article:publisher\" content=\"https:\/\/facebook.com\/sunoresearch\" \/>\n<meta property=\"og:image\" content=\"https:\/\/files.sunoresearch.com.br\/n\/uploads\/2021\/03\/301c6e1b-buildings-690364_1280.jpg\" \/>\n\t<meta property=\"og:image:width\" content=\"1280\" \/>\n\t<meta property=\"og:image:height\" content=\"853\" \/>\n\t<meta property=\"og:image:type\" content=\"image\/jpeg\" \/>\n<meta name=\"author\" content=\"Poliana Santos\" \/>\n<meta name=\"twitter:card\" content=\"summary_large_image\" \/>\n<meta name=\"twitter:creator\" content=\"@sunoresearch\" \/>\n<meta name=\"twitter:site\" content=\"@sunoresearch\" \/>\n<meta name=\"twitter:label1\" content=\"Escrito por\" \/>\n\t<meta name=\"twitter:data1\" content=\"Poliana Santos\" \/>\n\t<meta name=\"twitter:label2\" content=\"Est. tempo de leitura\" \/>\n\t<meta name=\"twitter:data2\" content=\"3 minutos\" \/>\n<script type=\"application\/ld+json\" class=\"yoast-schema-graph\">{\"@context\":\"https:\/\/schema.org\",\"@graph\":[{\"@type\":\"NewsArticle\",\"@id\":\"https:\/\/www.suno.com.br\/noticias\/ifix-fecha-em-alta-de-114-hslg11-e-rect11-lideram-as-altas\/#article\",\"isPartOf\":{\"@id\":\"https:\/\/www.suno.com.br\/noticias\/ifix-fecha-em-alta-de-114-hslg11-e-rect11-lideram-as-altas\/\"},\"author\":{\"name\":\"Poliana Santos\",\"@id\":\"https:\/\/www.suno.com.br\/noticias\/#\/schema\/person\/02ec1f752758247878a2bf4abee1aeda\"},\"headline\":\"IFIX fecha em alta de 1,14%; HSLG11 e RECT11 lideram as altas\",\"datePublished\":\"2021-12-06T22:54:08+00:00\",\"mainEntityOfPage\":{\"@id\":\"https:\/\/www.suno.com.br\/noticias\/ifix-fecha-em-alta-de-114-hslg11-e-rect11-lideram-as-altas\/\"},\"wordCount\":577,\"publisher\":{\"@id\":\"https:\/\/www.suno.com.br\/noticias\/#organization\"},\"image\":{\"@id\":\"https:\/\/www.suno.com.br\/noticias\/ifix-fecha-em-alta-de-114-hslg11-e-rect11-lideram-as-altas\/#primaryimage\"},\"thumbnailUrl\":\"https:\/\/files.sunoresearch.com.br\/n\/uploads\/2021\/03\/301c6e1b-buildings-690364_1280-jpg.webp\",\"keywords\":[\"IFIX\"],\"articleSection\":[\"Neg\u00f3cios\"],\"inLanguage\":\"pt-BR\"},{\"@type\":\"WebPage\",\"@id\":\"https:\/\/www.suno.com.br\/noticias\/ifix-fecha-em-alta-de-114-hslg11-e-rect11-lideram-as-altas\/\",\"url\":\"https:\/\/www.suno.com.br\/noticias\/ifix-fecha-em-alta-de-114-hslg11-e-rect11-lideram-as-altas\/\",\"name\":\"IFIX fecha em alta de 1,14%; HSLG11 e RECT11 lideram as altas\",\"isPartOf\":{\"@id\":\"https:\/\/www.suno.com.br\/noticias\/#website\"},\"primaryImageOfPage\":{\"@id\":\"https:\/\/www.suno.com.br\/noticias\/ifix-fecha-em-alta-de-114-hslg11-e-rect11-lideram-as-altas\/#primaryimage\"},\"image\":{\"@id\":\"https:\/\/www.suno.com.br\/noticias\/ifix-fecha-em-alta-de-114-hslg11-e-rect11-lideram-as-altas\/#primaryimage\"},\"thumbnailUrl\":\"https:\/\/files.sunoresearch.com.br\/n\/uploads\/2021\/03\/301c6e1b-buildings-690364_1280-jpg.webp\",\"datePublished\":\"2021-12-06T22:54:08+00:00\",\"description\":\"O fechamento do IFIX representa um certo al\u00edvio no preg\u00e3o, visto que vem ele vem sendo pressionado ao longo do ano. Clique aqui e saiba mais\",\"breadcrumb\":{\"@id\":\"https:\/\/www.suno.com.br\/noticias\/ifix-fecha-em-alta-de-114-hslg11-e-rect11-lideram-as-altas\/#breadcrumb\"},\"inLanguage\":\"pt-BR\",\"potentialAction\":[{\"@type\":\"ReadAction\",\"target\":[\"https:\/\/www.suno.com.br\/noticias\/ifix-fecha-em-alta-de-114-hslg11-e-rect11-lideram-as-altas\/\"]}]},{\"@type\":\"ImageObject\",\"inLanguage\":\"pt-BR\",\"@id\":\"https:\/\/www.suno.com.br\/noticias\/ifix-fecha-em-alta-de-114-hslg11-e-rect11-lideram-as-altas\/#primaryimage\",\"url\":\"https:\/\/files.sunoresearch.com.br\/n\/uploads\/2021\/03\/301c6e1b-buildings-690364_1280-jpg.webp\",\"contentUrl\":\"https:\/\/files.sunoresearch.com.br\/n\/uploads\/2021\/03\/301c6e1b-buildings-690364_1280-jpg.webp\",\"width\":1280,\"height\":853,\"caption\":\"Fundos Imobili\u00e1rios (FIIs). Foto: Pixabay\"},{\"@type\":\"BreadcrumbList\",\"@id\":\"https:\/\/www.suno.com.br\/noticias\/ifix-fecha-em-alta-de-114-hslg11-e-rect11-lideram-as-altas\/#breadcrumb\",\"itemListElement\":[{\"@type\":\"ListItem\",\"position\":1,\"name\":\"Not\u00edcias\",\"item\":\"https:\/\/www.suno.com.br\/noticias\/\"},{\"@type\":\"ListItem\",\"position\":2,\"name\":\"Neg\u00f3cios\",\"item\":\"https:\/\/www.suno.com.br\/noticias\/negocios\/\"},{\"@type\":\"ListItem\",\"position\":3,\"name\":\"IFIX fecha em alta de 1,14%; HSLG11 e RECT11 lideram as altas\"}]},{\"@type\":\"WebSite\",\"@id\":\"https:\/\/www.suno.com.br\/noticias\/#website\",\"url\":\"https:\/\/www.suno.com.br\/noticias\/\",\"name\":\"Suno Not\u00edcias\",\"description\":\"Seu portal de informa\u00e7\u00e3o sobre o mundo dos investimentos\",\"publisher\":{\"@id\":\"https:\/\/www.suno.com.br\/noticias\/#organization\"},\"potentialAction\":[{\"@type\":\"SearchAction\",\"target\":{\"@type\":\"EntryPoint\",\"urlTemplate\":\"https:\/\/www.suno.com.br\/noticias\/?s={search_term_string}\"},\"query-input\":{\"@type\":\"PropertyValueSpecification\",\"valueRequired\":true,\"valueName\":\"search_term_string\"}}],\"inLanguage\":\"pt-BR\"},{\"@type\":\"Organization\",\"@id\":\"https:\/\/www.suno.com.br\/noticias\/#organization\",\"name\":\"Suno Not\u00edcias\",\"url\":\"https:\/\/www.suno.com.br\/noticias\/\",\"logo\":{\"@type\":\"ImageObject\",\"inLanguage\":\"pt-BR\",\"@id\":\"https:\/\/www.suno.com.br\/noticias\/#\/schema\/logo\/image\/\",\"url\":\"https:\/\/files.sunoresearch.com.br\/n\/uploads\/2021\/09\/suno-logo.png\",\"contentUrl\":\"https:\/\/files.sunoresearch.com.br\/n\/uploads\/2021\/09\/suno-logo.png\",\"width\":180,\"height\":180,\"caption\":\"Suno Not\u00edcias\"},\"image\":{\"@id\":\"https:\/\/www.suno.com.br\/noticias\/#\/schema\/logo\/image\/\"},\"sameAs\":[\"https:\/\/facebook.com\/sunoresearch\",\"https:\/\/x.com\/sunoresearch\",\"https:\/\/www.instagram.com\/suno\",\"https:\/\/www.linkedin.com\/company\/suno-research\/\",\"https:\/\/www.youtube.com\/c\/sunoresearch\"]},{\"@type\":\"Person\",\"@id\":\"https:\/\/www.suno.com.br\/noticias\/#\/schema\/person\/02ec1f752758247878a2bf4abee1aeda\",\"name\":\"Poliana Santos\",\"image\":{\"@type\":\"ImageObject\",\"inLanguage\":\"pt-BR\",\"@id\":\"https:\/\/www.suno.com.br\/noticias\/#\/schema\/person\/image\/\",\"url\":\"https:\/\/secure.gravatar.com\/avatar\/0645bd32f23d87b2130f2b2dff1d3f8d?s=96&r=g\",\"contentUrl\":\"https:\/\/secure.gravatar.com\/avatar\/0645bd32f23d87b2130f2b2dff1d3f8d?s=96&r=g\",\"caption\":\"Poliana Santos\"},\"description\":\"Rep\u00f3rter no Suno Not\u00edcias, com cobertura em mercado financeiro, economia, finan\u00e7as pessoais, renda fixa e varejo. Jornalista formada pela Faculdade C\u00e1sper L\u00edbero e possui passagem na R\u00e1dio Gazeta AM com a produ\u00e7\u00e3o de conte\u00fado sobre economia, pol\u00edtica, sa\u00fade, moda e m\u00fasica. Possui certificado de conclus\u00e3o do curso de An\u00e1lise de Balan\u00e7os pela Funda\u00e7\u00e3o Bradesco, Agenda Brasil pela FAAP, Educa\u00e7\u00e3o Pol\u00edtica por Alexandre Garcia e do Tesouro Direto e Mercado de A\u00e7\u00f5es pela B3.\",\"url\":\"https:\/\/www.suno.com.br\/noticias\/author\/poliana-santos\/\"}]}<\/script>\n<!-- \/ Yoast SEO plugin. -->","yoast_head_json":{"title":"IFIX fecha em alta de 1,14%; HSLG11 e RECT11 lideram as altas","description":"O fechamento do IFIX representa um certo al\u00edvio no preg\u00e3o, visto que vem ele vem sendo pressionado ao longo do ano. Clique aqui e saiba mais","robots":{"index":"index","follow":"follow","max-snippet":"max-snippet:-1","max-image-preview":"max-image-preview:large","max-video-preview":"max-video-preview:-1"},"canonical":"https:\/\/www.suno.com.br\/noticias\/ifix-fecha-em-alta-de-114-hslg11-e-rect11-lideram-as-altas\/","og_locale":"pt_BR","og_type":"article","og_title":"IFIX fecha em alta de 1,14%; HSLG11 e RECT11 lideram as altas","og_description":"O fechamento do IFIX representa um certo al\u00edvio no preg\u00e3o, visto que vem ele vem sendo pressionado ao longo do ano. Clique aqui e saiba mais","og_url":"https:\/\/www.suno.com.br\/noticias\/ifix-fecha-em-alta-de-114-hslg11-e-rect11-lideram-as-altas\/","og_site_name":"Suno Not\u00edcias","article_publisher":"https:\/\/facebook.com\/sunoresearch","og_image":[{"width":1280,"height":853,"url":"https:\/\/files.sunoresearch.com.br\/n\/uploads\/2021\/03\/301c6e1b-buildings-690364_1280.jpg","type":"image\/jpeg"}],"author":"Poliana Santos","twitter_card":"summary_large_image","twitter_creator":"@sunoresearch","twitter_site":"@sunoresearch","twitter_misc":{"Escrito por":"Poliana Santos","Est. tempo de leitura":"3 minutos"},"schema":{"@context":"https:\/\/schema.org","@graph":[{"@type":"NewsArticle","@id":"https:\/\/www.suno.com.br\/noticias\/ifix-fecha-em-alta-de-114-hslg11-e-rect11-lideram-as-altas\/#article","isPartOf":{"@id":"https:\/\/www.suno.com.br\/noticias\/ifix-fecha-em-alta-de-114-hslg11-e-rect11-lideram-as-altas\/"},"author":{"name":"Poliana Santos","@id":"https:\/\/www.suno.com.br\/noticias\/#\/schema\/person\/02ec1f752758247878a2bf4abee1aeda"},"headline":"IFIX fecha em alta de 1,14%; HSLG11 e RECT11 lideram as altas","datePublished":"2021-12-06T22:54:08+00:00","mainEntityOfPage":{"@id":"https:\/\/www.suno.com.br\/noticias\/ifix-fecha-em-alta-de-114-hslg11-e-rect11-lideram-as-altas\/"},"wordCount":577,"publisher":{"@id":"https:\/\/www.suno.com.br\/noticias\/#organization"},"image":{"@id":"https:\/\/www.suno.com.br\/noticias\/ifix-fecha-em-alta-de-114-hslg11-e-rect11-lideram-as-altas\/#primaryimage"},"thumbnailUrl":"https:\/\/files.sunoresearch.com.br\/n\/uploads\/2021\/03\/301c6e1b-buildings-690364_1280-jpg.webp","keywords":["IFIX"],"articleSection":["Neg\u00f3cios"],"inLanguage":"pt-BR"},{"@type":"WebPage","@id":"https:\/\/www.suno.com.br\/noticias\/ifix-fecha-em-alta-de-114-hslg11-e-rect11-lideram-as-altas\/","url":"https:\/\/www.suno.com.br\/noticias\/ifix-fecha-em-alta-de-114-hslg11-e-rect11-lideram-as-altas\/","name":"IFIX fecha em alta de 1,14%; HSLG11 e RECT11 lideram as altas","isPartOf":{"@id":"https:\/\/www.suno.com.br\/noticias\/#website"},"primaryImageOfPage":{"@id":"https:\/\/www.suno.com.br\/noticias\/ifix-fecha-em-alta-de-114-hslg11-e-rect11-lideram-as-altas\/#primaryimage"},"image":{"@id":"https:\/\/www.suno.com.br\/noticias\/ifix-fecha-em-alta-de-114-hslg11-e-rect11-lideram-as-altas\/#primaryimage"},"thumbnailUrl":"https:\/\/files.sunoresearch.com.br\/n\/uploads\/2021\/03\/301c6e1b-buildings-690364_1280-jpg.webp","datePublished":"2021-12-06T22:54:08+00:00","description":"O fechamento do IFIX representa um certo al\u00edvio no preg\u00e3o, visto que vem ele vem sendo pressionado ao longo do ano. Clique aqui e saiba mais","breadcrumb":{"@id":"https:\/\/www.suno.com.br\/noticias\/ifix-fecha-em-alta-de-114-hslg11-e-rect11-lideram-as-altas\/#breadcrumb"},"inLanguage":"pt-BR","potentialAction":[{"@type":"ReadAction","target":["https:\/\/www.suno.com.br\/noticias\/ifix-fecha-em-alta-de-114-hslg11-e-rect11-lideram-as-altas\/"]}]},{"@type":"ImageObject","inLanguage":"pt-BR","@id":"https:\/\/www.suno.com.br\/noticias\/ifix-fecha-em-alta-de-114-hslg11-e-rect11-lideram-as-altas\/#primaryimage","url":"https:\/\/files.sunoresearch.com.br\/n\/uploads\/2021\/03\/301c6e1b-buildings-690364_1280-jpg.webp","contentUrl":"https:\/\/files.sunoresearch.com.br\/n\/uploads\/2021\/03\/301c6e1b-buildings-690364_1280-jpg.webp","width":1280,"height":853,"caption":"Fundos Imobili\u00e1rios (FIIs). Foto: Pixabay"},{"@type":"BreadcrumbList","@id":"https:\/\/www.suno.com.br\/noticias\/ifix-fecha-em-alta-de-114-hslg11-e-rect11-lideram-as-altas\/#breadcrumb","itemListElement":[{"@type":"ListItem","position":1,"name":"Not\u00edcias","item":"https:\/\/www.suno.com.br\/noticias\/"},{"@type":"ListItem","position":2,"name":"Neg\u00f3cios","item":"https:\/\/www.suno.com.br\/noticias\/negocios\/"},{"@type":"ListItem","position":3,"name":"IFIX fecha em alta de 1,14%; HSLG11 e RECT11 lideram as altas"}]},{"@type":"WebSite","@id":"https:\/\/www.suno.com.br\/noticias\/#website","url":"https:\/\/www.suno.com.br\/noticias\/","name":"Suno Not\u00edcias","description":"Seu portal de informa\u00e7\u00e3o sobre o mundo dos investimentos","publisher":{"@id":"https:\/\/www.suno.com.br\/noticias\/#organization"},"potentialAction":[{"@type":"SearchAction","target":{"@type":"EntryPoint","urlTemplate":"https:\/\/www.suno.com.br\/noticias\/?s={search_term_string}"},"query-input":{"@type":"PropertyValueSpecification","valueRequired":true,"valueName":"search_term_string"}}],"inLanguage":"pt-BR"},{"@type":"Organization","@id":"https:\/\/www.suno.com.br\/noticias\/#organization","name":"Suno Not\u00edcias","url":"https:\/\/www.suno.com.br\/noticias\/","logo":{"@type":"ImageObject","inLanguage":"pt-BR","@id":"https:\/\/www.suno.com.br\/noticias\/#\/schema\/logo\/image\/","url":"https:\/\/files.sunoresearch.com.br\/n\/uploads\/2021\/09\/suno-logo.png","contentUrl":"https:\/\/files.sunoresearch.com.br\/n\/uploads\/2021\/09\/suno-logo.png","width":180,"height":180,"caption":"Suno Not\u00edcias"},"image":{"@id":"https:\/\/www.suno.com.br\/noticias\/#\/schema\/logo\/image\/"},"sameAs":["https:\/\/facebook.com\/sunoresearch","https:\/\/x.com\/sunoresearch","https:\/\/www.instagram.com\/suno","https:\/\/www.linkedin.com\/company\/suno-research\/","https:\/\/www.youtube.com\/c\/sunoresearch"]},{"@type":"Person","@id":"https:\/\/www.suno.com.br\/noticias\/#\/schema\/person\/02ec1f752758247878a2bf4abee1aeda","name":"Poliana Santos","image":{"@type":"ImageObject","inLanguage":"pt-BR","@id":"https:\/\/www.suno.com.br\/noticias\/#\/schema\/person\/image\/","url":"https:\/\/secure.gravatar.com\/avatar\/0645bd32f23d87b2130f2b2dff1d3f8d?s=96&r=g","contentUrl":"https:\/\/secure.gravatar.com\/avatar\/0645bd32f23d87b2130f2b2dff1d3f8d?s=96&r=g","caption":"Poliana Santos"},"description":"Rep\u00f3rter no Suno Not\u00edcias, com cobertura em mercado financeiro, economia, finan\u00e7as pessoais, renda fixa e varejo. Jornalista formada pela Faculdade C\u00e1sper L\u00edbero e possui passagem na R\u00e1dio Gazeta AM com a produ\u00e7\u00e3o de conte\u00fado sobre economia, pol\u00edtica, sa\u00fade, moda e m\u00fasica. Possui certificado de conclus\u00e3o do curso de An\u00e1lise de Balan\u00e7os pela Funda\u00e7\u00e3o Bradesco, Agenda Brasil pela FAAP, Educa\u00e7\u00e3o Pol\u00edtica por Alexandre Garcia e do Tesouro Direto e Mercado de A\u00e7\u00f5es pela B3.","url":"https:\/\/www.suno.com.br\/noticias\/author\/poliana-santos\/"}]}},"default_loop_html":"<div class=\"cardsPage__listCard__boxs\"><div class=\"cardsPage__listCard__boxs__img\"><a href=\"https:\/\/www.suno.com.br\/noticias\/ifix-fecha-em-alta-de-114-hslg11-e-rect11-lideram-as-altas\/\"><img class=\"mask\" src=\"https:\/\/www.suno.com.br\/noticias\/wp-content\/themes\/suno\/resources\/images\/spotlight\/spotlight1img\/bg-mask.png\" alt=\"Image Mask\"\/><img src=\"https:\/\/files.sunoresearch.com.br\/n\/uploads\/2021\/03\/301c6e1b-buildings-690364_1280-400x200.webp\" alt=\"IFIX fecha em alta de 1,14%; HSLG11 e RECT11 lideram as altas\"\/><\/a><span class=\"spotlightCategory\"><a href=\"https:\/\/www.suno.com.br\/noticias\/negocios\/\">Neg\u00f3cios<\/a><\/span><\/div><div class=\"cardsPage__listCard__boxs__content\"><a href=\"https:\/\/www.suno.com.br\/noticias\/ifix-fecha-em-alta-de-114-hslg11-e-rect11-lideram-as-altas\/\"><h2 class=\"content__title\">IFIX fecha em alta de 1,14%; HSLG11 e RECT11 lideram as altas<\/h2><\/a><div class=\"newsContent__article__meta\"><div class=\"newsContent__article__meta__authorBox\"><a href=\"https:\/\/www.suno.com.br\/noticias\/author\/poliana-santos\/\" class=\"authorBox__avatar noMobi\"><img src=\"https:\/\/files.sunoresearch.com.br\/n\/uploads\/2020\/08\/7ef34026-whatsapp-image-2020-08-03-at-12.37.57-150x150.webp\" alt=\"Poliana Santos\"><\/a><div class=\"authorBox__name\"><span>por\n\t\t\t<a href=\"https:\/\/www.suno.com.br\/noticias\/author\/poliana-santos\/\"><span itemprop=\"author\">Poliana Santos<\/span><\/a><\/span><time datetime=\"2021-12-06T19:54:08-03:00\" itemprop=\"datePublished\">06\/12\/2021 19:54<\/time><\/div><\/div><\/div><\/div><\/div>","single_layout":"posts","amp_enabled":true,"_links":{"self":[{"href":"https:\/\/www.suno.com.br\/noticias\/wp-json\/wp\/v2\/posts\/212424"}],"collection":[{"href":"https:\/\/www.suno.com.br\/noticias\/wp-json\/wp\/v2\/posts"}],"about":[{"href":"https:\/\/www.suno.com.br\/noticias\/wp-json\/wp\/v2\/types\/post"}],"author":[{"embeddable":true,"href":"https:\/\/www.suno.com.br\/noticias\/wp-json\/wp\/v2\/users\/15"}],"replies":[{"embeddable":true,"href":"https:\/\/www.suno.com.br\/noticias\/wp-json\/wp\/v2\/comments?post=212424"}],"version-history":[{"count":3,"href":"https:\/\/www.suno.com.br\/noticias\/wp-json\/wp\/v2\/posts\/212424\/revisions"}],"predecessor-version":[{"id":212477,"href":"https:\/\/www.suno.com.br\/noticias\/wp-json\/wp\/v2\/posts\/212424\/revisions\/212477"}],"wp:featuredmedia":[{"embeddable":true,"href":"https:\/\/www.suno.com.br\/noticias\/wp-json\/wp\/v2\/media\/137089"}],"wp:attachment":[{"href":"https:\/\/www.suno.com.br\/noticias\/wp-json\/wp\/v2\/media?parent=212424"}],"wp:term":[{"taxonomy":"category","embeddable":true,"href":"https:\/\/www.suno.com.br\/noticias\/wp-json\/wp\/v2\/categories?post=212424"},{"taxonomy":"post_tag","embeddable":true,"href":"https:\/\/www.suno.com.br\/noticias\/wp-json\/wp\/v2\/tags?post=212424"},{"taxonomy":"suno_strategy","embeddable":true,"href":"https:\/\/www.suno.com.br\/noticias\/wp-json\/wp\/v2\/suno_strategy?post=212424"}],"curies":[{"name":"wp","href":"https:\/\/api.w.org\/{rel}","templated":true}]}}