{"id":21239,"date":"2019-04-16T18:31:33","date_gmt":"2019-04-16T21:31:33","guid":{"rendered":"https:\/\/www.suno.com.br\/noticias\/?p=21239"},"modified":"2019-04-16T18:31:33","modified_gmt":"2019-04-16T21:31:33","slug":"caminhoneiros-nova-greve-maio","status":"publish","type":"post","link":"https:\/\/www.suno.com.br\/noticias\/caminhoneiros-nova-greve-maio\/","title":{"rendered":"Caminhoneiros falam em organizar nova greve em maio"},"content":{"rendered":"<p>Os caminhoneiros estariam preparando uma nova <strong>greve<\/strong> em maio. A categoria n\u00e3o teria ficado satisfeita com o <a href=\"https:\/\/www.suno.com.br\/noticias\/governo-linha-credito-caminhoneiros\/\">pacote de medidas anunciado nesta ter\u00e7a-feira (16) pelo governo federal.<\/a><\/p>\t<div class=\"wrapper-featured-image\">\n\t\t<figure class=\"spotlightImg\">\n\n\t\t\t<picture>\n\t\t\t\t<source media=\"(max-width: 768px)\" srcset=\"https:\/\/files.sunoresearch.com.br\/n\/uploads\/2019\/04\/1e9a2dc6-greve-dos-caminhoneiros-400x200.webp\">\n\t\t\t\t<img loading=\"lazy\" decoding=\"async\" class=\"newsContent__article__imgCapa lazyloadDisabled newsContent__article__imgCapa--noCaption\" src=\"https:\/\/files.sunoresearch.com.br\/n\/uploads\/2019\/04\/1e9a2dc6-greve-dos-caminhoneiros-800x450.webp\" width=\"800\" height=\"450\" alt=\"Caminhoneiros falam em organizar nova greve em maio\" fetchpriority=high \/>\n\t\t\t<\/picture>\n\n\t\t\t<figcaption class=\"wp-caption-text wp-caption-text--hide\">Carreata em SP \u00e9 amea\u00e7a de nova greve dos caminhoneiros<\/figcaption>\n\t\t<\/figure>\n\t<\/div>\n\n\n<p>Os grupos de <strong>WhatsApp<\/strong> mais utilizados pelos <strong>caminhoneiros<\/strong> consideram o plano como\u00a0o plano uma \u201ccortina de fuma\u00e7a\u201d. Para os transportadores o <strong>governo<\/strong> estaria tentando ganhar tempo para evitar uma poss\u00edvel greve.<\/p>\n\t<p>\n\t\t<a href=\"https:\/\/lp.suno.com.br\/ebook-investindo-em-fiis\/\" target=\"_blank\" data-element=\"shortcode-suno-banner\" title=\"Banner SUNO, clique e saiba mais\">\n\t\t\t<picture>\n\t\t\t\t<source media=\"(max-width: 500px)\" srcset=\"https:\/\/files.sunoresearch.com.br\/n\/uploads\/2023\/07\/Ebook-Fundos-Imobiliarios-Mobile.jpg\">\n\t\t\t\t<img class=\"newsContent__article__imgCapa newsContent__article__imgCapa--banner\"\n\t\t\t\t\tsrc=\"https:\/\/files.sunoresearch.com.br\/n\/uploads\/2023\/07\/Ebook-Fundos-Imobiliarios-Desktop.jpg\"\n\t\t\t\t\tdata-promo-id=\"378301\"\t\t\t\t\t\t\t\t\t\twidth='1420' height='286'\t\t\t\t\talt=\"https:\/\/files.sunoresearch.com.br\/n\/uploads\/2023\/07\/Ebook-Fundos-Imobiliarios-Desktop.jpg\"\n\t\t\t\t>\n\t\t\t<\/picture>\n\t\t<\/a>\n\t<\/p>\n\n\n<p>Nas redes sociais come\u00e7a a aparecer a ideia de uma nova <strong>paralisa\u00e7\u00e3o<\/strong> a partir do dia 21 de maio. Exatamente um ano depois da <strong>greve<\/strong> que paralisou o <strong>Brasil<\/strong> por 11 dias.<\/p>\n<p><a href=\"https:\/\/www.suno.com.br\/noticias\/nova-greve-dos-caminhoneiros-poderia-ocorrer-marco\/\">Saiba mais: Nova greve dos caminhoneiros pode ocorrer no dia 30 de mar\u00e7o<\/a><\/p>\n<h2>Reivindica\u00e7\u00f5es de melhores condi\u00e7\u00f5es de trabalho<\/h2>\n<p>Segundo os representantes da categoria, os pedidos ao governo seriam de melhorias de condi\u00e7\u00f5es de trabalho, e n\u00e3o maiores recursos financeiros. Eles criticam a nova linha\u00a0de cr\u00e9dito para a manuten\u00e7\u00e3o do caminh\u00e3o, anunciada pelo governo. Para os <strong>caminhoneiros,<\/strong> essa seria uma solu\u00e7\u00e3o ineficaz.<\/p>\n\n<p>Assim como seria pouco efetiva a proposta do\u00a0cart\u00e3o-caminhoneiro para compra de combust\u00edveis. Para os transportadores essa solu\u00e7\u00e3o n\u00e3o funcionaria para todos.<\/p>\n<p><a href=\"https:\/\/www.suno.com.br\/noticias\/insatisfacao-nova-greve-dos-caminhoneiros\/\">Saiba mais: Insatisfa\u00e7\u00e3o pode levar a nova greve dos caminhoneiros, diz associa\u00e7\u00e3o\u00a0<\/a><\/p>\n<p>A condi\u00e7\u00e3o financeira dos caminhoneiros seria t\u00e3o prec\u00e1ria que poucos deles teriam acesso ao cr\u00e9dito. A maioria estaria com seus nomes sujos, e isso impediria qualquer solu\u00e7\u00e3o de natureza financeira.<\/p>\n<p><a href=\"https:\/\/www.suno.com.br\/noticias\/governo-linha-credito-caminhoneiros\/\">Saiba mais: Governo anuncia linha de cr\u00e9dito de at\u00e9 R$ 30 mil para caminhoneiros\u00a0<\/a><\/p>\n<p>E, para piorar, segundo os caminhoneiros a tomada de cr\u00e9dito em uma situa\u00e7\u00e3o t\u00e3o complicada seria um problema enorme para o futuro, quando esse dinheiro deveria ser pago.<\/p>\n<h2>Aguardando o presidente<\/h2>\n<p>Um dos l\u00edderes da categoria, o\u00a0presidente da Cooperativa dos Transportadores Aut\u00f4nomos do Brasil (BrasCoop), Wallace Costa Landim, conhecido como <strong>Chor\u00e3o,<\/strong> declarou que a medida anunciada pelo governo agradava os transportadores. Chor\u00e3o salientou como a decis\u00e3o do Executivo podia at\u00e9 evitar uma nova <strong>greve dos caminhoneiros.<\/strong> Entretanto, ele esperava uma manifesta\u00e7\u00e3o do presidente <strong>Jair<\/strong>\u00a0<strong>Bolsonaro<\/strong> para tomar uma decis\u00e3o final sobre a quest\u00e3o.<\/p>\n<h2>Petrobras<\/h2>\n<p>Na \u00faltima sexta-feira (13), o presidente <strong>Jair Bolsonaro<\/strong> solicitou que a <strong>Petrobras<\/strong> recusasse no aumento de 5,7% anunciado para o pre\u00e7o do <strong>diesel<\/strong> nas refinarias. A medida foi criticada e entendida como uma interven\u00e7\u00e3o do governo na estatal<strong>.<\/strong><\/p>\n<p>A Petrobras sentiu as consequ\u00eancias da medida. Suas a\u00e7\u00f5es ca\u00edram mais de 8% na \u00faltima semana, o que levou tamb\u00e9m \u00e0 queda de 2% do <strong>Ibovespa.\u00a0<\/strong><\/p>\n<p><a href=\"https:\/\/www.suno.com.br\/noticias\/previa-pib-cai-greve-caminhoneiros\/\">Saiba Mais: IBC-Br: Pr\u00e9via do PIB tem maior queda mensal desde greve dos caminhoneiros<\/a><\/p>\n<p><strong>Bolsonaro<\/strong> pediu o recuo e exigiu uma justificativa baseada em estudos para o aumento no pre\u00e7o do <strong>combust\u00edvel.<\/strong>\u00a0O governo adotou a medida por receio de uma rea\u00e7\u00e3o dos <strong>caminhoneiros.<\/strong><\/p>\n<p>&#8220;O <strong>governo<\/strong> trabalha para melhorar as condi\u00e7\u00f5es dos <strong>caminhoneiros.<\/strong> O presidente (Bolsonaro) sempre teve muita proximidade com os caminhoneiros. Ao longo da campanha, assumiu o compromisso de dar melhores condi\u00e7\u00f5es de trabalho&#8221;, afirmou Lorenzoni.<\/p>\n<h2>Duas reivindica\u00e7\u00f5es<\/h2>\n<p>Entre as tradicionais\u00a0<strong>reivindica\u00e7\u00f5es<\/strong> da categoria, est\u00e3o o respeito do pre\u00e7o m\u00ednimo da <strong>tabela de frete<\/strong> e a redu\u00e7\u00e3o do pre\u00e7o do <strong>\u00f3leo diesel.<\/strong><\/p>\n<p>Os <strong>caminhoneiros<\/strong> reclamam que as empresas estariam descumprindo o pagamento do valor m\u00ednimo imposto pelo governo do ex-presidente Michel Temer no ano passado. Por isso, cobram uma fiscaliza\u00e7\u00e3o mais ostensiva por parte da <strong>ANTT.<\/strong><\/p>\n<p><a href=\"https:\/\/www.suno.com.br\/noticias\/caminhoneiros-sp-rio\/\">Saiba mais: Caminhoneiros paralisam parcialmente em S\u00e3o Paulo e Rio\u00a0<\/a><\/p>\n\t<p>\n\t\t<a href=\"https:\/\/lp.suno.com.br\/ebook-investindo-em-fiis\/\" target=\"_blank\" data-element=\"shortcode-suno-banner\" title=\"Banner SUNO, clique e saiba mais\">\n\t\t\t<picture>\n\t\t\t\t<source media=\"(max-width: 500px)\" srcset=\"https:\/\/files.sunoresearch.com.br\/n\/uploads\/2023\/07\/Ebook-Fundos-Imobiliarios-Mobile.jpg\">\n\t\t\t\t<img class=\"newsContent__article__imgCapa newsContent__article__imgCapa--banner\"\n\t\t\t\t\tsrc=\"https:\/\/files.sunoresearch.com.br\/n\/uploads\/2023\/07\/Ebook-Fundos-Imobiliarios-Desktop.jpg\"\n\t\t\t\t\tdata-promo-id=\"378301\"\t\t\t\t\t\t\t\t\t\twidth='1420' height='286'\t\t\t\t\talt=\"https:\/\/files.sunoresearch.com.br\/n\/uploads\/2023\/07\/Ebook-Fundos-Imobiliarios-Desktop.jpg\"\n\t\t\t\t>\n\t\t\t<\/picture>\n\t\t<\/a>\n\t<\/p>\n\n\n<p>Al\u00e9m disso, os caminhoneiros pedem que o governo mude o mecanismo de aumento do <strong>pre\u00e7o dos combust\u00edveis<\/strong>. A categoria quer que o reajuste seja feito apenas uma vez por m\u00eas, e n\u00e3o diariamente.\u00a0Segundo o presidente da <strong>BrasCoop<\/strong>, o <strong>Pal\u00e1cio do Planalto<\/strong> tem consci\u00eancia da possibilidade de um<span style=\"font-size: 18.2864px;\">a nova <strong>grev<\/strong><\/span><span style=\"font-size: 1.1429rem;\"><strong>e dos caminhoneiros<\/strong>.\u00a0<\/span><\/p>\n","protected":false},"excerpt":{"rendered":"<p>Os caminhoneiros estariam preparando uma nova greve em maio. A categoria n\u00e3o teria ficado satisfeita com o pacote de medidas anunciado nesta ter\u00e7a-feira (16) pelo governo federal. Carreata em SP \u00e9 amea\u00e7a de nova greve dos caminhoneiros Os grupos de WhatsApp mais utilizados pelos caminhoneiros consideram o plano como\u00a0o plano uma \u201ccortina de fuma\u00e7a\u201d. Para [&hellip;]<\/p>\n","protected":false},"author":9,"featured_media":21252,"comment_status":"closed","ping_status":"closed","sticky":false,"template":"","format":"standard","meta":[],"categories":[61],"tags":[833],"suno_strategy":[],"class_list":["post-21239","post","type-post","status-publish","format-standard","has-post-thumbnail","hentry","category-politica","tag-greve-dos-caminhoneiros"],"yoast_head":"<!-- This site is optimized with the Yoast SEO plugin v24.4 - https:\/\/yoast.com\/wordpress\/plugins\/seo\/ -->\n<title>Caminhoneiros falam em organizar nova greve em maio<\/title>\n<meta name=\"description\" content=\"Os caminhoneiros n\u00e3o teriam ficado satisfeitos com o pacote de medidas anunciado pelo governo. Clique aqui para saber mais.\" \/>\n<meta name=\"robots\" content=\"index, follow, max-snippet:-1, max-image-preview:large, max-video-preview:-1\" \/>\n<link rel=\"canonical\" href=\"https:\/\/www.suno.com.br\/noticias\/caminhoneiros-nova-greve-maio\/\" \/>\n<meta property=\"og:locale\" content=\"pt_BR\" \/>\n<meta property=\"og:type\" content=\"article\" \/>\n<meta property=\"og:title\" content=\"Caminhoneiros falam em organizar nova greve em maio\" \/>\n<meta property=\"og:description\" content=\"Os caminhoneiros n\u00e3o teriam ficado satisfeitos com o pacote de medidas anunciado pelo governo. Clique aqui para saber mais.\" \/>\n<meta property=\"og:url\" content=\"https:\/\/www.suno.com.br\/noticias\/caminhoneiros-nova-greve-maio\/\" \/>\n<meta property=\"og:site_name\" content=\"Suno Not\u00edcias\" \/>\n<meta property=\"article:publisher\" content=\"https:\/\/facebook.com\/sunoresearch\" \/>\n<meta property=\"og:image\" content=\"https:\/\/files.sunoresearch.com.br\/n\/uploads\/2019\/04\/1e9a2dc6-greve-dos-caminhoneiros.jpg\" \/>\n\t<meta property=\"og:image:width\" content=\"800\" \/>\n\t<meta property=\"og:image:height\" content=\"533\" \/>\n\t<meta property=\"og:image:type\" content=\"image\/jpeg\" \/>\n<meta name=\"author\" content=\"Carlo Cauti\" \/>\n<meta name=\"twitter:card\" content=\"summary_large_image\" \/>\n<meta name=\"twitter:creator\" content=\"@sunoresearch\" \/>\n<meta name=\"twitter:site\" content=\"@sunoresearch\" \/>\n<meta name=\"twitter:label1\" content=\"Escrito por\" \/>\n\t<meta name=\"twitter:data1\" content=\"Carlo Cauti\" \/>\n\t<meta name=\"twitter:label2\" content=\"Est. tempo de leitura\" \/>\n\t<meta name=\"twitter:data2\" content=\"3 minutos\" \/>\n<script type=\"application\/ld+json\" class=\"yoast-schema-graph\">{\"@context\":\"https:\/\/schema.org\",\"@graph\":[{\"@type\":\"NewsArticle\",\"@id\":\"https:\/\/www.suno.com.br\/noticias\/caminhoneiros-nova-greve-maio\/#article\",\"isPartOf\":{\"@id\":\"https:\/\/www.suno.com.br\/noticias\/caminhoneiros-nova-greve-maio\/\"},\"author\":{\"name\":\"Carlo Cauti\",\"@id\":\"https:\/\/www.suno.com.br\/noticias\/#\/schema\/person\/e6e0f723cc177805027f4566c1d5e0c8\"},\"headline\":\"Caminhoneiros falam em organizar nova greve em maio\",\"datePublished\":\"2019-04-16T21:31:33+00:00\",\"mainEntityOfPage\":{\"@id\":\"https:\/\/www.suno.com.br\/noticias\/caminhoneiros-nova-greve-maio\/\"},\"wordCount\":665,\"publisher\":{\"@id\":\"https:\/\/www.suno.com.br\/noticias\/#organization\"},\"image\":{\"@id\":\"https:\/\/www.suno.com.br\/noticias\/caminhoneiros-nova-greve-maio\/#primaryimage\"},\"thumbnailUrl\":\"https:\/\/files.sunoresearch.com.br\/n\/uploads\/2019\/04\/1e9a2dc6-greve-dos-caminhoneiros-jpg.webp\",\"keywords\":[\"greve dos caminhoneiros\"],\"articleSection\":[\"Pol\u00edtica\"],\"inLanguage\":\"pt-BR\"},{\"@type\":\"WebPage\",\"@id\":\"https:\/\/www.suno.com.br\/noticias\/caminhoneiros-nova-greve-maio\/\",\"url\":\"https:\/\/www.suno.com.br\/noticias\/caminhoneiros-nova-greve-maio\/\",\"name\":\"Caminhoneiros falam em organizar nova greve em maio\",\"isPartOf\":{\"@id\":\"https:\/\/www.suno.com.br\/noticias\/#website\"},\"primaryImageOfPage\":{\"@id\":\"https:\/\/www.suno.com.br\/noticias\/caminhoneiros-nova-greve-maio\/#primaryimage\"},\"image\":{\"@id\":\"https:\/\/www.suno.com.br\/noticias\/caminhoneiros-nova-greve-maio\/#primaryimage\"},\"thumbnailUrl\":\"https:\/\/files.sunoresearch.com.br\/n\/uploads\/2019\/04\/1e9a2dc6-greve-dos-caminhoneiros-jpg.webp\",\"datePublished\":\"2019-04-16T21:31:33+00:00\",\"description\":\"Os caminhoneiros n\u00e3o teriam ficado satisfeitos com o pacote de medidas anunciado pelo governo. Clique aqui para saber mais.\",\"breadcrumb\":{\"@id\":\"https:\/\/www.suno.com.br\/noticias\/caminhoneiros-nova-greve-maio\/#breadcrumb\"},\"inLanguage\":\"pt-BR\",\"potentialAction\":[{\"@type\":\"ReadAction\",\"target\":[\"https:\/\/www.suno.com.br\/noticias\/caminhoneiros-nova-greve-maio\/\"]}]},{\"@type\":\"ImageObject\",\"inLanguage\":\"pt-BR\",\"@id\":\"https:\/\/www.suno.com.br\/noticias\/caminhoneiros-nova-greve-maio\/#primaryimage\",\"url\":\"https:\/\/files.sunoresearch.com.br\/n\/uploads\/2019\/04\/1e9a2dc6-greve-dos-caminhoneiros-jpg.webp\",\"contentUrl\":\"https:\/\/files.sunoresearch.com.br\/n\/uploads\/2019\/04\/1e9a2dc6-greve-dos-caminhoneiros-jpg.webp\",\"width\":800,\"height\":533,\"caption\":\"Carreata em SP \u00e9 amea\u00e7a de nova greve dos caminhoneiros\"},{\"@type\":\"BreadcrumbList\",\"@id\":\"https:\/\/www.suno.com.br\/noticias\/caminhoneiros-nova-greve-maio\/#breadcrumb\",\"itemListElement\":[{\"@type\":\"ListItem\",\"position\":1,\"name\":\"Not\u00edcias\",\"item\":\"https:\/\/www.suno.com.br\/noticias\/\"},{\"@type\":\"ListItem\",\"position\":2,\"name\":\"Pol\u00edtica\",\"item\":\"https:\/\/www.suno.com.br\/noticias\/politica\/\"},{\"@type\":\"ListItem\",\"position\":3,\"name\":\"Caminhoneiros falam em organizar nova greve em maio\"}]},{\"@type\":\"WebSite\",\"@id\":\"https:\/\/www.suno.com.br\/noticias\/#website\",\"url\":\"https:\/\/www.suno.com.br\/noticias\/\",\"name\":\"Suno Not\u00edcias\",\"description\":\"Seu portal de informa\u00e7\u00e3o sobre o mundo dos investimentos\",\"publisher\":{\"@id\":\"https:\/\/www.suno.com.br\/noticias\/#organization\"},\"potentialAction\":[{\"@type\":\"SearchAction\",\"target\":{\"@type\":\"EntryPoint\",\"urlTemplate\":\"https:\/\/www.suno.com.br\/noticias\/?s={search_term_string}\"},\"query-input\":{\"@type\":\"PropertyValueSpecification\",\"valueRequired\":true,\"valueName\":\"search_term_string\"}}],\"inLanguage\":\"pt-BR\"},{\"@type\":\"Organization\",\"@id\":\"https:\/\/www.suno.com.br\/noticias\/#organization\",\"name\":\"Suno Not\u00edcias\",\"url\":\"https:\/\/www.suno.com.br\/noticias\/\",\"logo\":{\"@type\":\"ImageObject\",\"inLanguage\":\"pt-BR\",\"@id\":\"https:\/\/www.suno.com.br\/noticias\/#\/schema\/logo\/image\/\",\"url\":\"https:\/\/files.sunoresearch.com.br\/n\/uploads\/2021\/09\/suno-logo.png\",\"contentUrl\":\"https:\/\/files.sunoresearch.com.br\/n\/uploads\/2021\/09\/suno-logo.png\",\"width\":180,\"height\":180,\"caption\":\"Suno Not\u00edcias\"},\"image\":{\"@id\":\"https:\/\/www.suno.com.br\/noticias\/#\/schema\/logo\/image\/\"},\"sameAs\":[\"https:\/\/facebook.com\/sunoresearch\",\"https:\/\/x.com\/sunoresearch\",\"https:\/\/www.instagram.com\/suno\",\"https:\/\/www.linkedin.com\/company\/suno-research\/\",\"https:\/\/www.youtube.com\/c\/sunoresearch\"]},{\"@type\":\"Person\",\"@id\":\"https:\/\/www.suno.com.br\/noticias\/#\/schema\/person\/e6e0f723cc177805027f4566c1d5e0c8\",\"name\":\"Carlo Cauti\",\"image\":{\"@type\":\"ImageObject\",\"inLanguage\":\"pt-BR\",\"@id\":\"https:\/\/www.suno.com.br\/noticias\/#\/schema\/person\/image\/\",\"url\":\"https:\/\/secure.gravatar.com\/avatar\/3ada9e0bd164c23abd4792a9606d583c?s=96&r=g\",\"contentUrl\":\"https:\/\/secure.gravatar.com\/avatar\/3ada9e0bd164c23abd4792a9606d583c?s=96&r=g\",\"caption\":\"Carlo Cauti\"},\"description\":\"Editor multim\u00eddia do SUNO Not\u00edcias. Italiano, formado em Ci\u00eancias Pol\u00edticas pela universidade LUISS G. Carli de Roma e mestre cum laude em Rela\u00e7\u00f5es Internacionais, Jornalismo Internacional e de Guerra e em Economia Internacional. Concluiu tamb\u00e9m um MBA em Finan\u00e7as na B3. No Brasil, teve passagem por ve\u00edculos como Estad\u00e3o, Globo, Veja e EXAME. e nas ag\u00eancias de not\u00edcias italianas ANSA e NOVA.\",\"url\":\"https:\/\/www.suno.com.br\/noticias\/author\/carlo-cauti\/\"}]}<\/script>\n<!-- \/ Yoast SEO plugin. -->","yoast_head_json":{"title":"Caminhoneiros falam em organizar nova greve em maio","description":"Os caminhoneiros n\u00e3o teriam ficado satisfeitos com o pacote de medidas anunciado pelo governo. Clique aqui para saber mais.","robots":{"index":"index","follow":"follow","max-snippet":"max-snippet:-1","max-image-preview":"max-image-preview:large","max-video-preview":"max-video-preview:-1"},"canonical":"https:\/\/www.suno.com.br\/noticias\/caminhoneiros-nova-greve-maio\/","og_locale":"pt_BR","og_type":"article","og_title":"Caminhoneiros falam em organizar nova greve em maio","og_description":"Os caminhoneiros n\u00e3o teriam ficado satisfeitos com o pacote de medidas anunciado pelo governo. Clique aqui para saber mais.","og_url":"https:\/\/www.suno.com.br\/noticias\/caminhoneiros-nova-greve-maio\/","og_site_name":"Suno Not\u00edcias","article_publisher":"https:\/\/facebook.com\/sunoresearch","og_image":[{"width":800,"height":533,"url":"https:\/\/files.sunoresearch.com.br\/n\/uploads\/2019\/04\/1e9a2dc6-greve-dos-caminhoneiros.jpg","type":"image\/jpeg"}],"author":"Carlo Cauti","twitter_card":"summary_large_image","twitter_creator":"@sunoresearch","twitter_site":"@sunoresearch","twitter_misc":{"Escrito por":"Carlo Cauti","Est. tempo de leitura":"3 minutos"},"schema":{"@context":"https:\/\/schema.org","@graph":[{"@type":"NewsArticle","@id":"https:\/\/www.suno.com.br\/noticias\/caminhoneiros-nova-greve-maio\/#article","isPartOf":{"@id":"https:\/\/www.suno.com.br\/noticias\/caminhoneiros-nova-greve-maio\/"},"author":{"name":"Carlo Cauti","@id":"https:\/\/www.suno.com.br\/noticias\/#\/schema\/person\/e6e0f723cc177805027f4566c1d5e0c8"},"headline":"Caminhoneiros falam em organizar nova greve em maio","datePublished":"2019-04-16T21:31:33+00:00","mainEntityOfPage":{"@id":"https:\/\/www.suno.com.br\/noticias\/caminhoneiros-nova-greve-maio\/"},"wordCount":665,"publisher":{"@id":"https:\/\/www.suno.com.br\/noticias\/#organization"},"image":{"@id":"https:\/\/www.suno.com.br\/noticias\/caminhoneiros-nova-greve-maio\/#primaryimage"},"thumbnailUrl":"https:\/\/files.sunoresearch.com.br\/n\/uploads\/2019\/04\/1e9a2dc6-greve-dos-caminhoneiros-jpg.webp","keywords":["greve dos caminhoneiros"],"articleSection":["Pol\u00edtica"],"inLanguage":"pt-BR"},{"@type":"WebPage","@id":"https:\/\/www.suno.com.br\/noticias\/caminhoneiros-nova-greve-maio\/","url":"https:\/\/www.suno.com.br\/noticias\/caminhoneiros-nova-greve-maio\/","name":"Caminhoneiros falam em organizar nova greve em maio","isPartOf":{"@id":"https:\/\/www.suno.com.br\/noticias\/#website"},"primaryImageOfPage":{"@id":"https:\/\/www.suno.com.br\/noticias\/caminhoneiros-nova-greve-maio\/#primaryimage"},"image":{"@id":"https:\/\/www.suno.com.br\/noticias\/caminhoneiros-nova-greve-maio\/#primaryimage"},"thumbnailUrl":"https:\/\/files.sunoresearch.com.br\/n\/uploads\/2019\/04\/1e9a2dc6-greve-dos-caminhoneiros-jpg.webp","datePublished":"2019-04-16T21:31:33+00:00","description":"Os caminhoneiros n\u00e3o teriam ficado satisfeitos com o pacote de medidas anunciado pelo governo. Clique aqui para saber mais.","breadcrumb":{"@id":"https:\/\/www.suno.com.br\/noticias\/caminhoneiros-nova-greve-maio\/#breadcrumb"},"inLanguage":"pt-BR","potentialAction":[{"@type":"ReadAction","target":["https:\/\/www.suno.com.br\/noticias\/caminhoneiros-nova-greve-maio\/"]}]},{"@type":"ImageObject","inLanguage":"pt-BR","@id":"https:\/\/www.suno.com.br\/noticias\/caminhoneiros-nova-greve-maio\/#primaryimage","url":"https:\/\/files.sunoresearch.com.br\/n\/uploads\/2019\/04\/1e9a2dc6-greve-dos-caminhoneiros-jpg.webp","contentUrl":"https:\/\/files.sunoresearch.com.br\/n\/uploads\/2019\/04\/1e9a2dc6-greve-dos-caminhoneiros-jpg.webp","width":800,"height":533,"caption":"Carreata em SP \u00e9 amea\u00e7a de nova greve dos caminhoneiros"},{"@type":"BreadcrumbList","@id":"https:\/\/www.suno.com.br\/noticias\/caminhoneiros-nova-greve-maio\/#breadcrumb","itemListElement":[{"@type":"ListItem","position":1,"name":"Not\u00edcias","item":"https:\/\/www.suno.com.br\/noticias\/"},{"@type":"ListItem","position":2,"name":"Pol\u00edtica","item":"https:\/\/www.suno.com.br\/noticias\/politica\/"},{"@type":"ListItem","position":3,"name":"Caminhoneiros falam em organizar nova greve em maio"}]},{"@type":"WebSite","@id":"https:\/\/www.suno.com.br\/noticias\/#website","url":"https:\/\/www.suno.com.br\/noticias\/","name":"Suno Not\u00edcias","description":"Seu portal de informa\u00e7\u00e3o sobre o mundo dos investimentos","publisher":{"@id":"https:\/\/www.suno.com.br\/noticias\/#organization"},"potentialAction":[{"@type":"SearchAction","target":{"@type":"EntryPoint","urlTemplate":"https:\/\/www.suno.com.br\/noticias\/?s={search_term_string}"},"query-input":{"@type":"PropertyValueSpecification","valueRequired":true,"valueName":"search_term_string"}}],"inLanguage":"pt-BR"},{"@type":"Organization","@id":"https:\/\/www.suno.com.br\/noticias\/#organization","name":"Suno Not\u00edcias","url":"https:\/\/www.suno.com.br\/noticias\/","logo":{"@type":"ImageObject","inLanguage":"pt-BR","@id":"https:\/\/www.suno.com.br\/noticias\/#\/schema\/logo\/image\/","url":"https:\/\/files.sunoresearch.com.br\/n\/uploads\/2021\/09\/suno-logo.png","contentUrl":"https:\/\/files.sunoresearch.com.br\/n\/uploads\/2021\/09\/suno-logo.png","width":180,"height":180,"caption":"Suno Not\u00edcias"},"image":{"@id":"https:\/\/www.suno.com.br\/noticias\/#\/schema\/logo\/image\/"},"sameAs":["https:\/\/facebook.com\/sunoresearch","https:\/\/x.com\/sunoresearch","https:\/\/www.instagram.com\/suno","https:\/\/www.linkedin.com\/company\/suno-research\/","https:\/\/www.youtube.com\/c\/sunoresearch"]},{"@type":"Person","@id":"https:\/\/www.suno.com.br\/noticias\/#\/schema\/person\/e6e0f723cc177805027f4566c1d5e0c8","name":"Carlo Cauti","image":{"@type":"ImageObject","inLanguage":"pt-BR","@id":"https:\/\/www.suno.com.br\/noticias\/#\/schema\/person\/image\/","url":"https:\/\/secure.gravatar.com\/avatar\/3ada9e0bd164c23abd4792a9606d583c?s=96&r=g","contentUrl":"https:\/\/secure.gravatar.com\/avatar\/3ada9e0bd164c23abd4792a9606d583c?s=96&r=g","caption":"Carlo Cauti"},"description":"Editor multim\u00eddia do SUNO Not\u00edcias. Italiano, formado em Ci\u00eancias Pol\u00edticas pela universidade LUISS G. Carli de Roma e mestre cum laude em Rela\u00e7\u00f5es Internacionais, Jornalismo Internacional e de Guerra e em Economia Internacional. Concluiu tamb\u00e9m um MBA em Finan\u00e7as na B3. No Brasil, teve passagem por ve\u00edculos como Estad\u00e3o, Globo, Veja e EXAME. e nas ag\u00eancias de not\u00edcias italianas ANSA e NOVA.","url":"https:\/\/www.suno.com.br\/noticias\/author\/carlo-cauti\/"}]}},"default_loop_html":"<div class=\"cardsPage__listCard__boxs\"><div class=\"cardsPage__listCard__boxs__img\"><a href=\"https:\/\/www.suno.com.br\/noticias\/caminhoneiros-nova-greve-maio\/\"><img class=\"mask\" src=\"https:\/\/www.suno.com.br\/noticias\/wp-content\/themes\/suno\/resources\/images\/spotlight\/spotlight1img\/bg-mask.png\" alt=\"Image Mask\"\/><img src=\"https:\/\/files.sunoresearch.com.br\/n\/uploads\/2019\/04\/1e9a2dc6-greve-dos-caminhoneiros-400x200.webp\" alt=\"Caminhoneiros falam em organizar nova greve em maio\"\/><\/a><span class=\"spotlightCategory\"><a href=\"https:\/\/www.suno.com.br\/noticias\/politica\/\">Pol\u00edtica<\/a><\/span><\/div><div class=\"cardsPage__listCard__boxs__content\"><a href=\"https:\/\/www.suno.com.br\/noticias\/caminhoneiros-nova-greve-maio\/\"><h2 class=\"content__title\">Caminhoneiros falam em organizar nova greve em maio<\/h2><\/a><div class=\"newsContent__article__meta\"><div class=\"newsContent__article__meta__authorBox\"><a href=\"https:\/\/www.suno.com.br\/noticias\/author\/carlo-cauti\/\" class=\"authorBox__avatar noMobi\"><img src=\"https:\/\/files.sunoresearch.com.br\/n\/uploads\/2020\/08\/e3745f9a-perfil-carlo-cauti-150x150.webp\" alt=\"Carlo Cauti\"><\/a><div class=\"authorBox__name\"><span>por\n\t\t\t<a href=\"https:\/\/www.suno.com.br\/noticias\/author\/carlo-cauti\/\"><span itemprop=\"author\">Carlo Cauti<\/span><\/a><\/span><time datetime=\"2019-04-16T18:31:33-03:00\" itemprop=\"datePublished\">16\/04\/2019 18:31<\/time><\/div><\/div><\/div><\/div><\/div>","single_layout":"posts","amp_enabled":true,"_links":{"self":[{"href":"https:\/\/www.suno.com.br\/noticias\/wp-json\/wp\/v2\/posts\/21239"}],"collection":[{"href":"https:\/\/www.suno.com.br\/noticias\/wp-json\/wp\/v2\/posts"}],"about":[{"href":"https:\/\/www.suno.com.br\/noticias\/wp-json\/wp\/v2\/types\/post"}],"author":[{"embeddable":true,"href":"https:\/\/www.suno.com.br\/noticias\/wp-json\/wp\/v2\/users\/9"}],"replies":[{"embeddable":true,"href":"https:\/\/www.suno.com.br\/noticias\/wp-json\/wp\/v2\/comments?post=21239"}],"version-history":[{"count":0,"href":"https:\/\/www.suno.com.br\/noticias\/wp-json\/wp\/v2\/posts\/21239\/revisions"}],"wp:featuredmedia":[{"embeddable":true,"href":"https:\/\/www.suno.com.br\/noticias\/wp-json\/wp\/v2\/media\/21252"}],"wp:attachment":[{"href":"https:\/\/www.suno.com.br\/noticias\/wp-json\/wp\/v2\/media?parent=21239"}],"wp:term":[{"taxonomy":"category","embeddable":true,"href":"https:\/\/www.suno.com.br\/noticias\/wp-json\/wp\/v2\/categories?post=21239"},{"taxonomy":"post_tag","embeddable":true,"href":"https:\/\/www.suno.com.br\/noticias\/wp-json\/wp\/v2\/tags?post=21239"},{"taxonomy":"suno_strategy","embeddable":true,"href":"https:\/\/www.suno.com.br\/noticias\/wp-json\/wp\/v2\/suno_strategy?post=21239"}],"curies":[{"name":"wp","href":"https:\/\/api.w.org\/{rel}","templated":true}]}}