{"id":212153,"date":"2021-12-06T07:26:23","date_gmt":"2021-12-06T10:26:23","guid":{"rendered":"https:\/\/www.suno.com.br\/noticias\/?p=212153"},"modified":"2021-12-06T23:57:46","modified_gmt":"2021-12-07T02:57:46","slug":"ibovespa-hoje-06122021","status":"publish","type":"post","link":"https:\/\/www.suno.com.br\/noticias\/ibovespa-hoje-06122021\/","title":{"rendered":"Ibovespa fecha em alta pelo 3\u00ba preg\u00e3o seguido; a\u00e9reas e Braskem (BRKM5) disparam"},"content":{"rendered":"<p>O <strong>Ibovespa<\/strong> encerrou o preg\u00e3o desta segunda-feira (6) em alta de 1,70%, alcan\u00e7ando 106.859 mil pontos. Foi o melhor patamar em quase um m\u00eas, desde 12 de novembro. A Bolsa brasileira acompanhou o <a class=\"suno-keyword\" href=\"https:\/\/www.suno.com.br\/artigos\/mercado-externo\/\" target=\"_blank\" rel=\"noopener\" data-force=\"no\" data-priority=\"1\">mercado externo<\/a>, como as <a class=\"suno-keyword\" href=\"https:\/\/www.suno.com.br\/artigos\/bolsas-europeias\/\" target=\"_blank\" rel=\"noopener\" data-force=\"no\" data-priority=\"1\">bolsas europeias<\/a> e a maioria dos \u00edndices futuros americanos, que subiram com os estudos preliminares indicando que a nova variante de coronav\u00edrus \u00d4micron n\u00e3o tende a causar casos graves da doen\u00e7a. Isso afasta a possibilidade de ado\u00e7\u00e3o de medidas restritivas pelo mundo.<\/p>\n\t<p>\n\t\t<a href=\"https:\/\/lp.suno.com.br\/planilha-controle-gastos\/\" target=\"_blank\" data-element=\"shortcode-suno-banner\" title=\"Banner SUNO, clique e saiba mais\">\n\t\t\t<picture>\n\t\t\t\t<source media=\"(max-width: 500px)\" srcset=\"https:\/\/files.sunoresearch.com.br\/n\/uploads\/2023\/03\/400x300-Planilha-controle-de-gastos.png\">\n\t\t\t\t<img class=\"newsContent__article__imgCapa newsContent__article__imgCapa--banner\"\n\t\t\t\t\tsrc=\"https:\/\/files.sunoresearch.com.br\/n\/uploads\/2023\/03\/1420x240-Planilha-controle-de-gastos.png\"\n\t\t\t\t\tdata-promo-id=\"101751\"\t\t\t\t\t\t\t\t\t\twidth='1420' height='240'\t\t\t\t\talt=\"https:\/\/files.sunoresearch.com.br\/n\/uploads\/2023\/03\/1420x240-Planilha-controle-de-gastos.png\"\n\t\t\t\t>\n\t\t\t<\/picture>\n\t\t<\/a>\n\t<\/p>\n\n\n<p>No entanto, os investidores que acompanham de perto o Ibovespa est\u00e3o ligados nas incertezas internas, como os ru\u00eddos pol\u00edticos envolvendo a <a class=\"suno-keyword\" href=\"https:\/\/www.suno.com.br\/acoes\/PETR4\/\" target=\"_blank\" rel=\"noopener\" data-force=\"yes\" data-priority=\"2\"><strong>Petrobras<\/strong> (PETR4)<\/a>, a espera da promulga\u00e7\u00e3o da <strong>PEC dos Precat\u00f3rios<\/strong> e o Copom, que decide a <a class=\"suno-keyword\" href=\"https:\/\/www.suno.com.br\/artigos\/taxa-de-juros\/\" target=\"_blank\" rel=\"noopener\" data-force=\"no\" data-priority=\"1\">taxa b\u00e1sica de juros<\/a>, a Selic, na quarta-feira (8).<\/p>\n<p>No in\u00edcio do preg\u00e3o, o Ibovespa abriu em alta de 0,7% aos 105.872 pontos, acompanhando as perspectivas positivas do cen\u00e1rio global e ampliando a recupera\u00e7\u00e3o dos \u00faltimos dois preg\u00f5es. Agora no final, atenuou a alta para 1,87%<\/p>\n<p>&#8220;A maioria dos mercados fechou no positivo ap\u00f3s os estudos afirmarem que a nova cepa n\u00e3o tende a causar casos graves de covid&#8221;, disse a Ativa Investimentos.<\/p>\n\t<p>\n\t\t<a href=\"https:\/\/lp.suno.com.br\/planilha-da-vida-financeira\/\" target=\"_blank\" data-element=\"shortcode-suno-banner\" title=\"Banner SUNO, clique e saiba mais\">\n\t\t\t<picture>\n\t\t\t\t<source media=\"(max-width: 500px)\" srcset=\"https:\/\/files.sunoresearch.com.br\/n\/uploads\/2023\/04\/400x300-Planilha-vida-financeira-true.png\">\n\t\t\t\t<img class=\"newsContent__article__imgCapa newsContent__article__imgCapa--banner\"\n\t\t\t\t\tsrc=\"https:\/\/files.sunoresearch.com.br\/n\/uploads\/2023\/04\/1420x240-Planilha-vida-financeira-true.png\"\n\t\t\t\t\tdata-promo-id=\"106682\"\t\t\t\t\t\t\t\t\t\twidth='1420' height='240'\t\t\t\t\talt=\"https:\/\/files.sunoresearch.com.br\/n\/uploads\/2023\/04\/1420x240-Planilha-vida-financeira-true.png\"\n\t\t\t\t>\n\t\t\t<\/picture>\n\t\t<\/a>\n\t<\/p>\n\n\n<h2>Exterior positivo<\/h2>\n<p>A percep\u00e7\u00e3o \u00e9 de que, com os riscos que vinham impedindo uma alta nas \u00faltimas semanas minimizados &#8211; o imbr\u00f3glio com a Proposta de Emenda \u00e0 Constitui\u00e7\u00e3o (PEC) dos Precat\u00f3rios e os riscos com a<strong> variante \u00d4micron da covid-19<\/strong> &#8211; a bolsa encontrou espa\u00e7o para se equiparar aos mercados internacionais. A avalia\u00e7\u00e3o dos estrategistas ouvidos pelo Broadcast \u00e9 de que o \u00edndice brasileiro estava subvalorizado e hoje encontrou no exterior positivo e na alta sustentada das commodities o impulso necess\u00e1rio para correr atr\u00e1s do preju\u00edzo.<\/p>\n<p>&#8220;Com cen\u00e1rio pol\u00edtico mais ameno, agenda de indicadores mais esvaziada e o mercado brasileiro muito subavaliado, contando com cen\u00e1rio internacional positivo, isso faz com que a gente tenha, mesmo com <strong>d\u00f3lar a quase R$ 5,70<\/strong>, um Ibovespa expressivamente positivo hoje&#8221;, comenta Ariane Benedito, economista da CM Capital. Na m\u00e1xima do dia, o \u00edndice chegou a tocar os 107.498,23 pontos, uma alta de 2,31% frente aos 105.069,69 pontos da abertura e tamb\u00e9m m\u00ednima do dia.<\/p>\n<p>Para Fl\u00e1vio Arag\u00e3o, s\u00f3cio da 051 Capital, a resolu\u00e7\u00e3o de boa parte do imbr\u00f3glio em torno da PEC dos Precat\u00f3rios retira uma pedra no sapato dos investidores. &#8220;Voc\u00ea tinha um mercado l\u00e1 fora bem bom nos \u00faltimos meses e aqui muito travado com Bras\u00edlia. A PEC est\u00e1 praticamente encerrada, tira um risco muito elevado do mercado. \u00c9 um grande ponto de virada do mercado&#8221;, aponta.<\/p>\n<p>Na \u00faltima quinta-feira, a PEC foi aprovada pelo Senado mas, como teve v\u00e1rias altera\u00e7\u00f5es por parte dos parlamentares, precisar\u00e1 passar pelo crivo da C\u00e2mara novamente. Ambas as casas avaliam hoje, em reuni\u00e3o de presidentes e lideran\u00e7as, se v\u00e3o promulgar trechos consensuais ou se tentar\u00e3o votar toda a mat\u00e9ria &#8211; e, sobretudo, se isso ser\u00e1 poss\u00edvel esse ano. O fatiamento da proposta n\u00e3o causa grande inc\u00f4modo ao mercado, que acredita que o principal problema &#8211; no que diz respeito a abertura de espa\u00e7o fiscal com a mudan\u00e7a no teto de gastos &#8211; parece ser um consenso e est\u00e1 resolvido dentro da PEC.<\/p>\n<p>Com a retirada do risco dom\u00e9stico, o Ibovespa encontrou espa\u00e7o para seguir o bom humor externo. Com not\u00edcias de que a variante \u00d4micron pode n\u00e3o ser t\u00e3o letal quanto a delta, as bolsas americanas e europeias tiveram um dia de ganho robusto, com <strong>Dow Jones fechando em alta de 1,87%<\/strong>.<\/p>\n<p>Para o banco singapuriano DBS Bank, essa semana ser\u00e1 &#8220;crucial&#8221; para uma leitura melhor sobre a severidade da \u00d4micron. &#8220;At\u00e9 o momento, mortes e admiss\u00f5es hospitalares est\u00e3o silenciosas em rela\u00e7\u00e3o ao aumento de casos na \u00c1frica do Sul. Assumindo 1 a 2 semanas de defasagem (entre a contamina\u00e7\u00e3o e os efeitos mais graves), como esses dois itens v\u00e3o se comportar vai direcionar o sentimento do mercado&#8221;, aponta em an\u00e1lise publicada nesta segunda-feira.<\/p>\n<h2>Ibovespa: commodities d\u00e3o impulso<\/h2>\n<p>Al\u00e9m disso, as commodities tamb\u00e9m deram impulso para o comportamento positivo do Ibovespa hoje. O <strong>petr\u00f3leo fechou em forte alta<\/strong> nessa segunda-feira, com o WTI para janeiro em alta de 4,87% e o Brent para fevereiro, 4,58%, com a ameniza\u00e7\u00e3o do risco \u00d4micron sobre a demanda global. Com isso, as a\u00e7\u00f5es da <a href=\"https:\/\/www.suno.com.br\/noticias\/nao-ha-decisao-reajuste-petrobras-petr4\/\"><strong>Petrobras (PETR4)<\/strong><\/a>, <strong><a href=\"https:\/\/www.suno.com.br\/noticias\/petrorio-prio3-lucro-3t21\/\">PetroRio (PRIO3)<\/a> <\/strong>e Braskem <a class=\"suno-keyword\" href=\"https:\/\/www.suno.com.br\/acoes\/BRKM5\/\" target=\"_blank\" rel=\"noopener\" data-force=\"yes\" data-priority=\"2\">Braskem (BRKM5)<\/a> avan\u00e7aram, com esta \u00faltima entre as maiores altas do \u00edndice (9,75%).<\/p>\n<p>A alta do min\u00e9rio tamb\u00e9m levou a Vale a uma alta de mais de 5%. O \u00edndice setorial de materiais b\u00e1sicos da bolsa fechou com avan\u00e7o robusto de 3,68%.<\/p>\n<p>Arag\u00e3o, da 051 Capital, emenda que, com a curva de juros menos pressionada nos vencimentos mais longos, com os riscos ao ritmo de recupera\u00e7\u00e3o da atividade global, o investidor come\u00e7a a ficar mais confort\u00e1vel na bolsa. &#8220;Come\u00e7a a ter juros mais aceit\u00e1veis. E j\u00e1 come\u00e7a a colocar em d\u00favida para o investidor se vai sacar de fundos, diminuir aportes. (&#8230;). Acredito que a grande diferen\u00e7a \u00e9 que Bras\u00edlia est\u00e1 permitindo que os juros tirem press\u00e3o da parte de equities&#8221;, completou.<\/p>\n<p>Ap\u00f3s ter apanhado nos \u00faltimos meses, o <strong>varejo teve desempenho positivo<\/strong> nesta segunda-feira. Com a curva de juros fechando na ponta mais longa e uma expectativa menos pessimista em rela\u00e7\u00e3o \u00e0 variante \u00d4micron do coronav\u00edrus, o \u00edndice de consumo teve desempenho de 1,06%. Destaque para <strong><a href=\"https:\/\/www.suno.com.br\/noticias\/marisa-amar3-mbank-unificar-negocios-financeiros\/\">Marisa Lojas <\/a>(AMAR3<\/strong>) que, ap\u00f3s capitaliza\u00e7\u00e3o de R$ 249,99 milh\u00f5es, chegou a ter a\u00e7\u00f5es negociadas em alta de mais de 15%.<\/p>\n<p>As not\u00edcias melhores sobre o risco da nova variante tamb\u00e9m retiram press\u00e3o das a\u00e9reas, com <strong>Gol (GOLL4), +<\/strong>11,34%, e<strong> Azul (AZUL4)<\/strong>, +10,57%, entre as principais altas do Ibovespa. &#8220;As a\u00e9reas foram muito subavaliadas com a expectativa sobre a \u00d4micron na semana passada. Hoje, al\u00e9m da reprecifica\u00e7\u00e3o, tem os ganhos do pr\u00f3prio papel, que entram no pre\u00e7o, a propens\u00e3o a risco&#8221;, explica Ariane, da CM Capital.<\/p>\n<h2>Maiores altas do Ibovespa<\/h2>\n<p>Na lideran\u00e7a das maiores altas est\u00e1\u00a0 a Gol que divulgou hoje os n\u00fameros pr\u00e9vios de tr\u00e1fego do m\u00eas de novembro de 2021, em compara\u00e7\u00e3o com o mesmo per\u00edodo de 2020. A companhia a\u00e9rea teve<strong>\u00a0alta de 17,1% na demanda<\/strong> (RPK, sigla para passageiros por quil\u00f4metro transportados) por voos em novembro. O al\u00edvio com a variante \u00f4micron fez as a\u00e7\u00f5es da empresa e as a\u00e9reas, assim como as da Embraer (EMBR3) e a CVC (CVCB3).<\/p>\n<p>J\u00e1 a oferta (ASK, assentos por quil\u00f4metro) total de voos cresceu 20,4% em compara\u00e7\u00e3o com igual m\u00eas do ano passado.\u00a0A taxa de ocupa\u00e7\u00e3o dom\u00e9stica da Gol foi 82,4%. O volume de decolagens aumentou 27,4% e o total de assentos cresceu 25,3%.<\/p>\n<p>A alta do min\u00e9rio de ferro valorizou a\u00e7\u00f5es como as da Vale (VALE3) e o avan\u00e7o dos pre\u00e7os do petr\u00f3leo em 2% beneficiou a Braslem (BRKM5).<\/p>\n<p>Veja abaixo as cinco maiores altas do Ibovespa:<\/p>\n<ul>\n<li><a class=\"suno-keyword\" href=\"https:\/\/www.suno.com.br\/acoes\/GOLL4\/\" target=\"_blank\" rel=\"noopener\" data-force=\"yes\" data-priority=\"2\">GOL (GOLL4)<\/a>: +11,80% \/\/ R$ 16,96<\/li>\n<li><a class=\"suno-keyword\" href=\"https:\/\/www.suno.com.br\/acoes\/BRKM5\/\" target=\"_blank\" rel=\"noopener\" data-force=\"yes\" data-priority=\"2\">Braskem (BRKM5)<\/a>: +10,61% \/\/ R$ 66,92<\/li>\n<li><a class=\"suno-keyword\" href=\"https:\/\/www.suno.com.br\/acoes\/AZUL4\/\" target=\"_blank\" rel=\"noopener\" data-force=\"yes\" data-priority=\"2\">Azul (AZUL4)<\/a>: +10,48% \/\/ R$ 24,78<\/li>\n<li>Americanas (AMER3): +7,73% \/\/ R$ 29,96<\/li>\n<li><a class=\"suno-keyword\" href=\"https:\/\/www.suno.com.br\/acoes\/LAME4\/\" target=\"_blank\" rel=\"noopener\" data-force=\"yes\" data-priority=\"2\">Lojas Americanas (LAME4)<\/a>: +7,02% \/\/ R$ 29,96<\/li>\n<\/ul>\n<h2>Maiores baixas<\/h2>\n<p>A M\u00e9liuz configurou a maior queda do Ibovespa hoje. \u00c9 v\u00e1lido lembrar que a companhia est\u00e1 queda desde o dia 26 de julho, com uma baixa acumulada de 75,34%<\/p>\n<ul>\n<li>M\u00e9liuz (CASH3): -11,40% \/\/ R$ 3,03<\/li>\n<li>Rede D&#8217;Or (RDOR3): -3,49% \/\/ R$ 47,60<\/li>\n<li>Rumo (RAIL3): -3,04% \/\/ R$ 17,55<\/li>\n<li>Cosan (CSNA3): -1,74% \/\/ R$ 21,98<\/li>\n<\/ul>\n\t<p>\n\t\t<a href=\"https:\/\/lp.suno.com.br\/ebook-como-analisar-uma-acao\/\" target=\"_blank\" data-element=\"shortcode-suno-banner\" title=\"Banner SUNO, clique e saiba mais\">\n\t\t\t<picture>\n\t\t\t\t<source media=\"(max-width: 500px)\" srcset=\"https:\/\/files.sunoresearch.com.br\/n\/uploads\/2023\/03\/Ebook-Acoes-Mobile-1.jpg\">\n\t\t\t\t<img class=\"newsContent__article__imgCapa newsContent__article__imgCapa--banner\"\n\t\t\t\t\tsrc=\"https:\/\/files.sunoresearch.com.br\/n\/uploads\/2023\/03\/Ebook-Acoes-Desktop-1.jpg\"\n\t\t\t\t\tdata-promo-id=\"171998\"\t\t\t\t\t\t\t\t\t\twidth='1420' height='286'\t\t\t\t\talt=\"https:\/\/files.sunoresearch.com.br\/n\/uploads\/2023\/03\/Ebook-Acoes-Desktop-1.jpg\"\n\t\t\t\t>\n\t\t\t<\/picture>\n\t\t<\/a>\n\t<\/p>\n\n\n<h2>\u00cdndices Internacionais<\/h2>\n<p>A maioria dos indicadores fechou o preg\u00e3o em alta com ressalva do mercado asi\u00e1tico, que encerrou as negocia\u00e7\u00f5es pela manh\u00e3 (no hor\u00e1rio de Bras\u00edlia) em queda devido ao novo temor de calote da chinesa Evergrande.<\/p>\n<h3>Not\u00edcias que movimentaram o Ibovespa hoje:<\/h3>\n<p>CCR (CCRO3) dispara 6% com poss\u00edvel entrada de fundo canadense e OPA das a\u00e7\u00f5es<\/p>\n<p>As a\u00e7\u00f5es da\u00a0<a class=\"suno-keyword\" href=\"https:\/\/www.suno.com.br\/acoes\/CCRO3\/\" target=\"_blank\" rel=\"noopener\" data-force=\"yes\" data-priority=\"2\"><strong>CCR<\/strong>\u00a0(CCRO3)<\/a>\u00a0dispararam no Ibovespa nesta segunda-feira (06), com a not\u00edcia de que o fundo de pens\u00e3o canadense Caisse de D\u00e9p\u00f4t et Placement du Qu\u00e9bec (CDPQ) est\u00e1 interessado em adquirir a participa\u00e7\u00e3o da Andrade Gutierrez na empresa.<\/p>\n<p>As informa\u00e7\u00f5es s\u00e3o do\u00a0colunista do jornal\u00a0<em>O Globo<\/em>\u00a0<strong>Lauro Jardim<\/strong>, que informou a contrata\u00e7\u00e3o do\u00a0<em>Bank of America<\/em>\u00a0e do\u00a0<a class=\"suno-keyword\" href=\"https:\/\/www.suno.com.br\/acoes\/SANB11\/\" target=\"_blank\" rel=\"noopener\" data-force=\"yes\" data-priority=\"2\">Santander (SANB11)<\/a>\u00a0pelo CDPQ para assessoria na aquisi\u00e7\u00e3o da CCR.<\/p>\n<p>Por volta das 12:30, as<strong>\u00a0a\u00e7\u00f5es da CCR<\/strong>\u00a0subiam 6,21%, valendo R$ 13,34, entre as cinco mais maiores altas do Ibovespa do dia. Na m\u00e1xima, os pap\u00e9is encostaram em 7% de alta, sendo negociados a R$ 13,55.<\/p>\n<p>Al\u00e9m da aquisi\u00e7\u00e3o, o colunista afirmou que o interesse final do\u00a0<strong>fundo de pens\u00e3o canadense<\/strong>\u00a0\u00e9 fechar o capital da companhia.<\/p>\n<p>Atualmente, a empresa est\u00e1 avaliada em R$ 26,52 bilh\u00f5es e, de acordo com a XP Investimentos, um fechamento de capital da CCR poderia resultar em um\u00a0<em>upside<\/em>\u00a0para os acionistas minorit\u00e1rios no momento da venda.<\/p>\n<p>A participa\u00e7\u00e3o da\u00a0<strong>Andrade Gutierrez<\/strong>\u00a0na CCR \u00e9 de 14,86%, o equivalente a R$ 3,94 bilh\u00f5es.<\/p>\n<h3 class=\"newsContent__article__title\">\u00d4micron: dados indicam que a variante infecta vacinados de forma \u201cleve\u201d; Brasil registra 6 casos<\/h3>\n<p>Dados preliminares sobre a nova variante\u00a0<strong>\u00d4micron<\/strong>\u00a0indicam que o\u00a0<a href=\"https:\/\/www.suno.com.br\/noticias\/atuais-vacinas-devem-ser-ineficazes-contra-variante-omicron-diz-moderna\/\" target=\"_blank\" rel=\"noopener\">v\u00edrus infecta pessoas j\u00e1 vacinadas<\/a>, mas os casos tendem a ser leves. As informa\u00e7\u00f5es s\u00e3o da prov\u00edncia de Gauteng, epicentro da \u00d4micron na \u00c1frica do Sul. O pa\u00eds ainda relatou que os pacientes da variante n\u00e3o est\u00e3o alimentando o aumento de hospitaliza\u00e7\u00f5es.<\/p>\n<p>A Ag\u00eancia de Seguran\u00e7a e Sa\u00fade brit\u00e2nica informou que, de um grupo de 22 casos de \u00d4micron no pa\u00eds, apenas seis infectados n\u00e3o estavam vacinados e dois tinham status vacinal desconhecido. No Brasil, j\u00e1 se sabe que os tr\u00eas primeiros casos tamb\u00e9m eram pessoas com\u00a0<strong>esquema vacinal completo<\/strong>. Nos EUA, h\u00e1 um caso positivo em pessoa vacinada com tr\u00eas doses.<\/p>\n<p>O geneticista Salmo Raskin, em entrevista ao<em>\u00a0O Globo<\/em>, afirma que a comunidade cient\u00edfica j\u00e1 sabia que a variante tem\u00a0<strong>escape \u00e0 infec\u00e7\u00e3o natural<\/strong>. Isso quer dizer que quem j\u00e1 se infectou com outra<strong>\u00a0variante de Covid<\/strong>\u00a0n\u00e3o est\u00e1 protegido contra a \u00d4micron.<\/p>\n<p>Os dados de agora indicam que h\u00e1 escape para quem est\u00e1 vacinado tamb\u00e9m. Entretanto, as constata\u00e7\u00f5es ainda s\u00e3o iniciais devido a limita\u00e7\u00e3o de dados que chegam da \u00c1frica e da Inglaterra.<\/p>\n<p>\u201cAgora que j\u00e1 passaram tr\u00eas semanas desde a detec\u00e7\u00e3o da \u00d4micron, o n\u00famero de casos graves \u00e9 pequeno e n\u00e3o houve mortes confirmadas. Ent\u00e3o, dados preliminares sugerem que as<strong>\u00a0pessoas vacinadas<\/strong>\u00a0n\u00e3o v\u00e3o ter uma doen\u00e7a grave\u201d, disse Raskin ao\u00a0<em>O Globo<\/em><\/p>\n<h3 class=\"newsContent__article__title\">Petrobras (PETR4) rebate Bolsonaro e diz que \u201cn\u00e3o h\u00e1 nenhuma decis\u00e3o de reajuste\u201d<\/h3>\n<p>A\u00a0<a class=\"suno-keyword\" href=\"https:\/\/www.suno.com.br\/acoes\/PETR4\/\" target=\"_blank\" rel=\"noopener\" data-force=\"yes\" data-priority=\"2\"><strong>Petrobras<\/strong>\u00a0(PETR4)<\/a>\u00a0informou h\u00e1 pouco que n\u00e3o antecipa as decis\u00f5es de reajuste no pre\u00e7o de combust\u00edveis e refor\u00e7ou que \u201cn\u00e3o h\u00e1 nenhuma decis\u00e3o tomada por seu Grupo Executivo de Mercado e Pre\u00e7os (GEMP) que ainda n\u00e3o tenha sido anunciada ao mercado\u201d.<\/p>\n<p>O comunicado foi feito aos acionistas da empresa logo antes da abertura da negocia\u00e7\u00e3o do\u00a0<strong>mercado \u00e0 vista<\/strong>, nesta segunda-feira (6).<\/p>\n<p>A declara\u00e7\u00e3o da estatal, entretanto, choca com o que afirmou o presidente\u00a0<strong>Jair Bolsonaro<\/strong>\u00a0neste fim de semana. Em entrevista ao site\u00a0<em>Poder 360<\/em>, Bolsonaro disse que a Petrobras iria reduzir o pre\u00e7o dos\u00a0<strong>combust\u00edveis<\/strong>\u00a0\u00e0s distribuidoras j\u00e1 nesta semana, em linha com a redu\u00e7\u00e3o no valor da\u00a0<a class=\"suno-keyword\" href=\"https:\/\/www.suno.com.br\/artigos\/cotacao-do-petroleo\/\" target=\"_blank\" rel=\"noopener\" data-force=\"no\" data-priority=\"1\">cota\u00e7\u00e3o do petr\u00f3leo<\/a>.<\/p>\n<p>Nas \u00faltimas duas semanas, o pre\u00e7o da commodity tipo\u00a0<strong>Brent<\/strong>, caiu US$ 10.<\/p>\n<p>Segundo o comunicado da petroleira estatal, \u201ca Petrobras, em rela\u00e7\u00e3o \u00e0s not\u00edcias veiculadas na m\u00eddia a respeito de expectativa de novos reajustes nos pre\u00e7os de combust\u00edveis, esclarece que ajustes de pre\u00e7os de produtos s\u00e3o realizados no curso normal de seus neg\u00f3cios e seguem as suas pol\u00edticas comerciais vigentes\u201d.<\/p>\n<p>\u201cA Petrobras reitera seu compromisso com a pr\u00e1tica de pre\u00e7os competitivos e em equil\u00edbrio com o mercado, ao mesmo tempo em que evita o repasse imediato das\u00a0<strong>volatilidades<\/strong>\u00a0externas e da\u00a0<strong>taxa de c\u00e2mbio<\/strong>\u00a0causadas por eventos conjunturais\u201d, completa o texto.<\/p>\n<p>Veja o fechamento dos mercados internacionais abaixo:<\/p>\n<ul>\n<li>S&amp;P 500: +1,17% (EUA)<\/li>\n<li>NASDAQ: +0,93% (EUA)<\/li>\n<li>DAX: +1,39% (Alemanha)<\/li>\n<li>FTSE: +1,54% (Reino Unido)<\/li>\n<li>CAC: +1,48% (Paris)<\/li>\n<li>FTSE MIB: +2,16% (It\u00e1lia)<\/li>\n<li>SHANGHAI: -0,50% (China)<\/li>\n<\/ul>\n<h2>\u00daltima cota\u00e7\u00e3o do Ibovespa<\/h2>\n<p>Na \u00faltima sess\u00e3o, sexta-feira (3), o <strong>Ibovespa<\/strong> encerrou o preg\u00e3o em leve alta de 0,3%, a 140.780,44 mil pontos.<\/p>\n<p><em>(Com informa\u00e7\u00f5es do Estad\u00e3o Conte\u00fado)<\/em><\/p>\n","protected":false},"excerpt":{"rendered":"<p>O Ibovespa encerrou o preg\u00e3o desta segunda-feira (6) em alta de 1,70%, alcan\u00e7ando 106.859 mil pontos. Foi o melhor patamar em quase um m\u00eas, desde 12 de novembro. A Bolsa brasileira acompanhou o mercado externo, como as bolsas europeias e a maioria dos \u00edndices futuros americanos, que subiram com os estudos preliminares indicando que a [&hellip;]<\/p>\n","protected":false},"author":15,"featured_media":203022,"comment_status":"closed","ping_status":"closed","sticky":false,"template":"","format":"standard","meta":[],"categories":[60],"tags":[104703,721,104690,964],"suno_strategy":[],"class_list":["post-212153","post","type-post","status-publish","format-standard","has-post-thumbnail","hentry","category-mercado","tag-bolsas-mundiais","tag-ibovespa","tag-ibovespa-futuro","tag-nasdaq"],"yoast_head":"<!-- This site is optimized with the Yoast SEO plugin v24.4 - https:\/\/yoast.com\/wordpress\/plugins\/seo\/ -->\n<title>Ibovespa fecha em alta pelo 3\u00ba preg\u00e3o seguido; a\u00e9reas e Braskem (BRKM5) disparam<\/title>\n<meta name=\"description\" content=\"Clique aqui e acompanhe aqui a movimenta\u00e7\u00e3o do Ibovespa, com as principais not\u00edcias das empresas do mercado financeiro.\" \/>\n<meta name=\"robots\" content=\"index, follow, max-snippet:-1, max-image-preview:large, max-video-preview:-1\" \/>\n<link rel=\"canonical\" href=\"https:\/\/www.suno.com.br\/noticias\/ibovespa-hoje-06122021\/\" \/>\n<meta property=\"og:locale\" content=\"pt_BR\" \/>\n<meta property=\"og:type\" content=\"article\" \/>\n<meta property=\"og:title\" content=\"Ibovespa fecha em alta pelo 3\u00ba preg\u00e3o seguido; a\u00e9reas e Braskem (BRKM5) disparam\" \/>\n<meta property=\"og:description\" content=\"Clique aqui e acompanhe aqui a movimenta\u00e7\u00e3o do Ibovespa, com as principais not\u00edcias das empresas do mercado financeiro.\" \/>\n<meta property=\"og:url\" content=\"https:\/\/www.suno.com.br\/noticias\/ibovespa-hoje-06122021\/\" \/>\n<meta property=\"og:site_name\" content=\"Suno Not\u00edcias\" \/>\n<meta property=\"article:publisher\" content=\"https:\/\/facebook.com\/sunoresearch\" \/>\n<meta property=\"og:image\" content=\"https:\/\/files.sunoresearch.com.br\/n\/uploads\/2021\/11\/IbovespaUnsplash-20-scaled.jpg\" \/>\n\t<meta property=\"og:image:width\" content=\"2560\" \/>\n\t<meta property=\"og:image:height\" content=\"1712\" \/>\n\t<meta property=\"og:image:type\" content=\"image\/jpeg\" \/>\n<meta name=\"author\" content=\"Poliana Santos\" \/>\n<meta name=\"twitter:card\" content=\"summary_large_image\" \/>\n<meta name=\"twitter:creator\" content=\"@sunoresearch\" \/>\n<meta name=\"twitter:site\" content=\"@sunoresearch\" \/>\n<meta name=\"twitter:label1\" content=\"Escrito por\" \/>\n\t<meta name=\"twitter:data1\" content=\"Poliana Santos\" \/>\n\t<meta name=\"twitter:label2\" content=\"Est. tempo de leitura\" \/>\n\t<meta name=\"twitter:data2\" content=\"9 minutos\" \/>\n<script type=\"application\/ld+json\" class=\"yoast-schema-graph\">{\"@context\":\"https:\/\/schema.org\",\"@graph\":[{\"@type\":\"NewsArticle\",\"@id\":\"https:\/\/www.suno.com.br\/noticias\/ibovespa-hoje-06122021\/#article\",\"isPartOf\":{\"@id\":\"https:\/\/www.suno.com.br\/noticias\/ibovespa-hoje-06122021\/\"},\"author\":{\"name\":\"Poliana Santos\",\"@id\":\"https:\/\/www.suno.com.br\/noticias\/#\/schema\/person\/02ec1f752758247878a2bf4abee1aeda\"},\"headline\":\"Ibovespa fecha em alta pelo 3\u00ba preg\u00e3o seguido; a\u00e9reas e Braskem (BRKM5) disparam\",\"datePublished\":\"2021-12-06T10:26:23+00:00\",\"dateModified\":\"2021-12-07T02:57:46+00:00\",\"mainEntityOfPage\":{\"@id\":\"https:\/\/www.suno.com.br\/noticias\/ibovespa-hoje-06122021\/\"},\"wordCount\":2121,\"publisher\":{\"@id\":\"https:\/\/www.suno.com.br\/noticias\/#organization\"},\"image\":{\"@id\":\"https:\/\/www.suno.com.br\/noticias\/ibovespa-hoje-06122021\/#primaryimage\"},\"thumbnailUrl\":\"https:\/\/files.sunoresearch.com.br\/n\/uploads\/2021\/11\/IbovespaUnsplash-20-scaled.jpg\",\"keywords\":[\"Bolsas mundiais\",\"Ibovespa\",\"Ibovespa futuro\",\"Nasdaq\"],\"articleSection\":[\"Mercado\"],\"inLanguage\":\"pt-BR\"},{\"@type\":\"WebPage\",\"@id\":\"https:\/\/www.suno.com.br\/noticias\/ibovespa-hoje-06122021\/\",\"url\":\"https:\/\/www.suno.com.br\/noticias\/ibovespa-hoje-06122021\/\",\"name\":\"Ibovespa fecha em alta pelo 3\u00ba preg\u00e3o seguido; a\u00e9reas e Braskem (BRKM5) disparam\",\"isPartOf\":{\"@id\":\"https:\/\/www.suno.com.br\/noticias\/#website\"},\"primaryImageOfPage\":{\"@id\":\"https:\/\/www.suno.com.br\/noticias\/ibovespa-hoje-06122021\/#primaryimage\"},\"image\":{\"@id\":\"https:\/\/www.suno.com.br\/noticias\/ibovespa-hoje-06122021\/#primaryimage\"},\"thumbnailUrl\":\"https:\/\/files.sunoresearch.com.br\/n\/uploads\/2021\/11\/IbovespaUnsplash-20-scaled.jpg\",\"datePublished\":\"2021-12-06T10:26:23+00:00\",\"dateModified\":\"2021-12-07T02:57:46+00:00\",\"description\":\"Clique aqui e acompanhe aqui a movimenta\u00e7\u00e3o do Ibovespa, com as principais not\u00edcias das empresas do mercado financeiro.\",\"breadcrumb\":{\"@id\":\"https:\/\/www.suno.com.br\/noticias\/ibovespa-hoje-06122021\/#breadcrumb\"},\"inLanguage\":\"pt-BR\",\"potentialAction\":[{\"@type\":\"ReadAction\",\"target\":[\"https:\/\/www.suno.com.br\/noticias\/ibovespa-hoje-06122021\/\"]}]},{\"@type\":\"ImageObject\",\"inLanguage\":\"pt-BR\",\"@id\":\"https:\/\/www.suno.com.br\/noticias\/ibovespa-hoje-06122021\/#primaryimage\",\"url\":\"https:\/\/files.sunoresearch.com.br\/n\/uploads\/2021\/11\/IbovespaUnsplash-20-scaled.jpg\",\"contentUrl\":\"https:\/\/files.sunoresearch.com.br\/n\/uploads\/2021\/11\/IbovespaUnsplash-20-scaled.jpg\",\"width\":2560,\"height\":1712,\"caption\":\"Ibovespa hoje\"},{\"@type\":\"BreadcrumbList\",\"@id\":\"https:\/\/www.suno.com.br\/noticias\/ibovespa-hoje-06122021\/#breadcrumb\",\"itemListElement\":[{\"@type\":\"ListItem\",\"position\":1,\"name\":\"Not\u00edcias\",\"item\":\"https:\/\/www.suno.com.br\/noticias\/\"},{\"@type\":\"ListItem\",\"position\":2,\"name\":\"Mercado\",\"item\":\"https:\/\/www.suno.com.br\/noticias\/mercado\/\"},{\"@type\":\"ListItem\",\"position\":3,\"name\":\"Ibovespa fecha em alta pelo 3\u00ba preg\u00e3o seguido; a\u00e9reas e Braskem (BRKM5) disparam\"}]},{\"@type\":\"WebSite\",\"@id\":\"https:\/\/www.suno.com.br\/noticias\/#website\",\"url\":\"https:\/\/www.suno.com.br\/noticias\/\",\"name\":\"Suno Not\u00edcias\",\"description\":\"Seu portal de informa\u00e7\u00e3o sobre o mundo dos investimentos\",\"publisher\":{\"@id\":\"https:\/\/www.suno.com.br\/noticias\/#organization\"},\"potentialAction\":[{\"@type\":\"SearchAction\",\"target\":{\"@type\":\"EntryPoint\",\"urlTemplate\":\"https:\/\/www.suno.com.br\/noticias\/?s={search_term_string}\"},\"query-input\":{\"@type\":\"PropertyValueSpecification\",\"valueRequired\":true,\"valueName\":\"search_term_string\"}}],\"inLanguage\":\"pt-BR\"},{\"@type\":\"Organization\",\"@id\":\"https:\/\/www.suno.com.br\/noticias\/#organization\",\"name\":\"Suno Not\u00edcias\",\"url\":\"https:\/\/www.suno.com.br\/noticias\/\",\"logo\":{\"@type\":\"ImageObject\",\"inLanguage\":\"pt-BR\",\"@id\":\"https:\/\/www.suno.com.br\/noticias\/#\/schema\/logo\/image\/\",\"url\":\"https:\/\/files.sunoresearch.com.br\/n\/uploads\/2021\/09\/suno-logo.png\",\"contentUrl\":\"https:\/\/files.sunoresearch.com.br\/n\/uploads\/2021\/09\/suno-logo.png\",\"width\":180,\"height\":180,\"caption\":\"Suno Not\u00edcias\"},\"image\":{\"@id\":\"https:\/\/www.suno.com.br\/noticias\/#\/schema\/logo\/image\/\"},\"sameAs\":[\"https:\/\/facebook.com\/sunoresearch\",\"https:\/\/x.com\/sunoresearch\",\"https:\/\/www.instagram.com\/suno\",\"https:\/\/www.linkedin.com\/company\/suno-research\/\",\"https:\/\/www.youtube.com\/c\/sunoresearch\"]},{\"@type\":\"Person\",\"@id\":\"https:\/\/www.suno.com.br\/noticias\/#\/schema\/person\/02ec1f752758247878a2bf4abee1aeda\",\"name\":\"Poliana Santos\",\"image\":{\"@type\":\"ImageObject\",\"inLanguage\":\"pt-BR\",\"@id\":\"https:\/\/www.suno.com.br\/noticias\/#\/schema\/person\/image\/\",\"url\":\"https:\/\/secure.gravatar.com\/avatar\/0645bd32f23d87b2130f2b2dff1d3f8d?s=96&r=g\",\"contentUrl\":\"https:\/\/secure.gravatar.com\/avatar\/0645bd32f23d87b2130f2b2dff1d3f8d?s=96&r=g\",\"caption\":\"Poliana Santos\"},\"description\":\"Rep\u00f3rter no Suno Not\u00edcias, com cobertura em mercado financeiro, economia, finan\u00e7as pessoais, renda fixa e varejo. Jornalista formada pela Faculdade C\u00e1sper L\u00edbero e possui passagem na R\u00e1dio Gazeta AM com a produ\u00e7\u00e3o de conte\u00fado sobre economia, pol\u00edtica, sa\u00fade, moda e m\u00fasica. Possui certificado de conclus\u00e3o do curso de An\u00e1lise de Balan\u00e7os pela Funda\u00e7\u00e3o Bradesco, Agenda Brasil pela FAAP, Educa\u00e7\u00e3o Pol\u00edtica por Alexandre Garcia e do Tesouro Direto e Mercado de A\u00e7\u00f5es pela B3.\",\"url\":\"https:\/\/www.suno.com.br\/noticias\/author\/poliana-santos\/\"}]}<\/script>\n<!-- \/ Yoast SEO plugin. -->","yoast_head_json":{"title":"Ibovespa fecha em alta pelo 3\u00ba preg\u00e3o seguido; a\u00e9reas e Braskem (BRKM5) disparam","description":"Clique aqui e acompanhe aqui a movimenta\u00e7\u00e3o do Ibovespa, com as principais not\u00edcias das empresas do mercado financeiro.","robots":{"index":"index","follow":"follow","max-snippet":"max-snippet:-1","max-image-preview":"max-image-preview:large","max-video-preview":"max-video-preview:-1"},"canonical":"https:\/\/www.suno.com.br\/noticias\/ibovespa-hoje-06122021\/","og_locale":"pt_BR","og_type":"article","og_title":"Ibovespa fecha em alta pelo 3\u00ba preg\u00e3o seguido; a\u00e9reas e Braskem (BRKM5) disparam","og_description":"Clique aqui e acompanhe aqui a movimenta\u00e7\u00e3o do Ibovespa, com as principais not\u00edcias das empresas do mercado financeiro.","og_url":"https:\/\/www.suno.com.br\/noticias\/ibovespa-hoje-06122021\/","og_site_name":"Suno Not\u00edcias","article_publisher":"https:\/\/facebook.com\/sunoresearch","og_image":[{"width":2560,"height":1712,"url":"https:\/\/files.sunoresearch.com.br\/n\/uploads\/2021\/11\/IbovespaUnsplash-20-scaled.jpg","type":"image\/jpeg"}],"author":"Poliana Santos","twitter_card":"summary_large_image","twitter_creator":"@sunoresearch","twitter_site":"@sunoresearch","twitter_misc":{"Escrito por":"Poliana Santos","Est. tempo de leitura":"9 minutos"},"schema":{"@context":"https:\/\/schema.org","@graph":[{"@type":"NewsArticle","@id":"https:\/\/www.suno.com.br\/noticias\/ibovespa-hoje-06122021\/#article","isPartOf":{"@id":"https:\/\/www.suno.com.br\/noticias\/ibovespa-hoje-06122021\/"},"author":{"name":"Poliana Santos","@id":"https:\/\/www.suno.com.br\/noticias\/#\/schema\/person\/02ec1f752758247878a2bf4abee1aeda"},"headline":"Ibovespa fecha em alta pelo 3\u00ba preg\u00e3o seguido; a\u00e9reas e Braskem (BRKM5) disparam","datePublished":"2021-12-06T10:26:23+00:00","dateModified":"2021-12-07T02:57:46+00:00","mainEntityOfPage":{"@id":"https:\/\/www.suno.com.br\/noticias\/ibovespa-hoje-06122021\/"},"wordCount":2121,"publisher":{"@id":"https:\/\/www.suno.com.br\/noticias\/#organization"},"image":{"@id":"https:\/\/www.suno.com.br\/noticias\/ibovespa-hoje-06122021\/#primaryimage"},"thumbnailUrl":"https:\/\/files.sunoresearch.com.br\/n\/uploads\/2021\/11\/IbovespaUnsplash-20-scaled.jpg","keywords":["Bolsas mundiais","Ibovespa","Ibovespa futuro","Nasdaq"],"articleSection":["Mercado"],"inLanguage":"pt-BR"},{"@type":"WebPage","@id":"https:\/\/www.suno.com.br\/noticias\/ibovespa-hoje-06122021\/","url":"https:\/\/www.suno.com.br\/noticias\/ibovespa-hoje-06122021\/","name":"Ibovespa fecha em alta pelo 3\u00ba preg\u00e3o seguido; a\u00e9reas e Braskem (BRKM5) disparam","isPartOf":{"@id":"https:\/\/www.suno.com.br\/noticias\/#website"},"primaryImageOfPage":{"@id":"https:\/\/www.suno.com.br\/noticias\/ibovespa-hoje-06122021\/#primaryimage"},"image":{"@id":"https:\/\/www.suno.com.br\/noticias\/ibovespa-hoje-06122021\/#primaryimage"},"thumbnailUrl":"https:\/\/files.sunoresearch.com.br\/n\/uploads\/2021\/11\/IbovespaUnsplash-20-scaled.jpg","datePublished":"2021-12-06T10:26:23+00:00","dateModified":"2021-12-07T02:57:46+00:00","description":"Clique aqui e acompanhe aqui a movimenta\u00e7\u00e3o do Ibovespa, com as principais not\u00edcias das empresas do mercado financeiro.","breadcrumb":{"@id":"https:\/\/www.suno.com.br\/noticias\/ibovespa-hoje-06122021\/#breadcrumb"},"inLanguage":"pt-BR","potentialAction":[{"@type":"ReadAction","target":["https:\/\/www.suno.com.br\/noticias\/ibovespa-hoje-06122021\/"]}]},{"@type":"ImageObject","inLanguage":"pt-BR","@id":"https:\/\/www.suno.com.br\/noticias\/ibovespa-hoje-06122021\/#primaryimage","url":"https:\/\/files.sunoresearch.com.br\/n\/uploads\/2021\/11\/IbovespaUnsplash-20-scaled.jpg","contentUrl":"https:\/\/files.sunoresearch.com.br\/n\/uploads\/2021\/11\/IbovespaUnsplash-20-scaled.jpg","width":2560,"height":1712,"caption":"Ibovespa hoje"},{"@type":"BreadcrumbList","@id":"https:\/\/www.suno.com.br\/noticias\/ibovespa-hoje-06122021\/#breadcrumb","itemListElement":[{"@type":"ListItem","position":1,"name":"Not\u00edcias","item":"https:\/\/www.suno.com.br\/noticias\/"},{"@type":"ListItem","position":2,"name":"Mercado","item":"https:\/\/www.suno.com.br\/noticias\/mercado\/"},{"@type":"ListItem","position":3,"name":"Ibovespa fecha em alta pelo 3\u00ba preg\u00e3o seguido; a\u00e9reas e Braskem (BRKM5) disparam"}]},{"@type":"WebSite","@id":"https:\/\/www.suno.com.br\/noticias\/#website","url":"https:\/\/www.suno.com.br\/noticias\/","name":"Suno Not\u00edcias","description":"Seu portal de informa\u00e7\u00e3o sobre o mundo dos investimentos","publisher":{"@id":"https:\/\/www.suno.com.br\/noticias\/#organization"},"potentialAction":[{"@type":"SearchAction","target":{"@type":"EntryPoint","urlTemplate":"https:\/\/www.suno.com.br\/noticias\/?s={search_term_string}"},"query-input":{"@type":"PropertyValueSpecification","valueRequired":true,"valueName":"search_term_string"}}],"inLanguage":"pt-BR"},{"@type":"Organization","@id":"https:\/\/www.suno.com.br\/noticias\/#organization","name":"Suno Not\u00edcias","url":"https:\/\/www.suno.com.br\/noticias\/","logo":{"@type":"ImageObject","inLanguage":"pt-BR","@id":"https:\/\/www.suno.com.br\/noticias\/#\/schema\/logo\/image\/","url":"https:\/\/files.sunoresearch.com.br\/n\/uploads\/2021\/09\/suno-logo.png","contentUrl":"https:\/\/files.sunoresearch.com.br\/n\/uploads\/2021\/09\/suno-logo.png","width":180,"height":180,"caption":"Suno Not\u00edcias"},"image":{"@id":"https:\/\/www.suno.com.br\/noticias\/#\/schema\/logo\/image\/"},"sameAs":["https:\/\/facebook.com\/sunoresearch","https:\/\/x.com\/sunoresearch","https:\/\/www.instagram.com\/suno","https:\/\/www.linkedin.com\/company\/suno-research\/","https:\/\/www.youtube.com\/c\/sunoresearch"]},{"@type":"Person","@id":"https:\/\/www.suno.com.br\/noticias\/#\/schema\/person\/02ec1f752758247878a2bf4abee1aeda","name":"Poliana Santos","image":{"@type":"ImageObject","inLanguage":"pt-BR","@id":"https:\/\/www.suno.com.br\/noticias\/#\/schema\/person\/image\/","url":"https:\/\/secure.gravatar.com\/avatar\/0645bd32f23d87b2130f2b2dff1d3f8d?s=96&r=g","contentUrl":"https:\/\/secure.gravatar.com\/avatar\/0645bd32f23d87b2130f2b2dff1d3f8d?s=96&r=g","caption":"Poliana Santos"},"description":"Rep\u00f3rter no Suno Not\u00edcias, com cobertura em mercado financeiro, economia, finan\u00e7as pessoais, renda fixa e varejo. Jornalista formada pela Faculdade C\u00e1sper L\u00edbero e possui passagem na R\u00e1dio Gazeta AM com a produ\u00e7\u00e3o de conte\u00fado sobre economia, pol\u00edtica, sa\u00fade, moda e m\u00fasica. Possui certificado de conclus\u00e3o do curso de An\u00e1lise de Balan\u00e7os pela Funda\u00e7\u00e3o Bradesco, Agenda Brasil pela FAAP, Educa\u00e7\u00e3o Pol\u00edtica por Alexandre Garcia e do Tesouro Direto e Mercado de A\u00e7\u00f5es pela B3.","url":"https:\/\/www.suno.com.br\/noticias\/author\/poliana-santos\/"}]}},"default_loop_html":"<div class=\"cardsPage__listCard__boxs\"><div class=\"cardsPage__listCard__boxs__img\"><a href=\"https:\/\/www.suno.com.br\/noticias\/ibovespa-hoje-06122021\/\"><img class=\"mask\" src=\"https:\/\/www.suno.com.br\/noticias\/wp-content\/themes\/suno\/resources\/images\/spotlight\/spotlight1img\/bg-mask.png\" alt=\"Image Mask\"\/><img src=\"https:\/\/files.sunoresearch.com.br\/n\/uploads\/2021\/11\/IbovespaUnsplash-20-400x200.jpg\" alt=\"Ibovespa fecha em alta pelo 3\u00ba preg\u00e3o seguido; a\u00e9reas e Braskem (BRKM5) disparam\"\/><\/a><span class=\"spotlightCategory\"><a href=\"https:\/\/www.suno.com.br\/noticias\/mercado\/\">Mercado<\/a><\/span><\/div><div class=\"cardsPage__listCard__boxs__content\"><a href=\"https:\/\/www.suno.com.br\/noticias\/ibovespa-hoje-06122021\/\"><h2 class=\"content__title\">Ibovespa fecha em alta pelo 3\u00ba preg\u00e3o seguido; a\u00e9reas e Braskem (BRKM5) disparam<\/h2><\/a><div class=\"newsContent__article__meta\"><div class=\"newsContent__article__meta__authorBox\"><a href=\"https:\/\/www.suno.com.br\/noticias\/author\/poliana-santos\/\" class=\"authorBox__avatar noMobi\"><img src=\"https:\/\/files.sunoresearch.com.br\/n\/uploads\/2020\/08\/7ef34026-whatsapp-image-2020-08-03-at-12.37.57-150x150.webp\" alt=\"Poliana Santos\"><\/a><div class=\"authorBox__name\"><span>por\n\t\t\t<a href=\"https:\/\/www.suno.com.br\/noticias\/author\/poliana-santos\/\"><span itemprop=\"author\">Poliana Santos<\/span><\/a><\/span><time datetime=\"2021-12-06T07:26:23-03:00\" itemprop=\"datePublished\">06\/12\/2021 07:26<\/time><\/div><\/div><\/div><\/div><\/div>","single_layout":"live","amp_enabled":false,"_links":{"self":[{"href":"https:\/\/www.suno.com.br\/noticias\/wp-json\/wp\/v2\/posts\/212153"}],"collection":[{"href":"https:\/\/www.suno.com.br\/noticias\/wp-json\/wp\/v2\/posts"}],"about":[{"href":"https:\/\/www.suno.com.br\/noticias\/wp-json\/wp\/v2\/types\/post"}],"author":[{"embeddable":true,"href":"https:\/\/www.suno.com.br\/noticias\/wp-json\/wp\/v2\/users\/15"}],"replies":[{"embeddable":true,"href":"https:\/\/www.suno.com.br\/noticias\/wp-json\/wp\/v2\/comments?post=212153"}],"version-history":[{"count":4,"href":"https:\/\/www.suno.com.br\/noticias\/wp-json\/wp\/v2\/posts\/212153\/revisions"}],"predecessor-version":[{"id":212475,"href":"https:\/\/www.suno.com.br\/noticias\/wp-json\/wp\/v2\/posts\/212153\/revisions\/212475"}],"wp:featuredmedia":[{"embeddable":true,"href":"https:\/\/www.suno.com.br\/noticias\/wp-json\/wp\/v2\/media\/203022"}],"wp:attachment":[{"href":"https:\/\/www.suno.com.br\/noticias\/wp-json\/wp\/v2\/media?parent=212153"}],"wp:term":[{"taxonomy":"category","embeddable":true,"href":"https:\/\/www.suno.com.br\/noticias\/wp-json\/wp\/v2\/categories?post=212153"},{"taxonomy":"post_tag","embeddable":true,"href":"https:\/\/www.suno.com.br\/noticias\/wp-json\/wp\/v2\/tags?post=212153"},{"taxonomy":"suno_strategy","embeddable":true,"href":"https:\/\/www.suno.com.br\/noticias\/wp-json\/wp\/v2\/suno_strategy?post=212153"}],"curies":[{"name":"wp","href":"https:\/\/api.w.org\/{rel}","templated":true}]}}