{"id":21179,"date":"2019-04-16T14:24:16","date_gmt":"2019-04-16T17:24:16","guid":{"rendered":"https:\/\/www.suno.com.br\/noticias\/?p=21179"},"modified":"2019-04-16T23:39:20","modified_gmt":"2019-04-17T02:39:20","slug":"concursos-publicos-ldo-entenda","status":"publish","type":"post","link":"https:\/\/www.suno.com.br\/noticias\/concursos-publicos-ldo-entenda\/","title":{"rendered":"Concursos p\u00fablicos: entenda o que muda sem verba prevista na LDO"},"content":{"rendered":"<p>A <strong>Lei de Diretrizes Or\u00e7ament\u00e1rias<\/strong> (LDO) para <strong>2020<\/strong> n\u00e3o tem previs\u00e3o para a realiza\u00e7\u00e3o de novos concursos p\u00fablicos. Isso significa que n\u00e3o ser\u00e3o publicados editais no pr\u00f3ximo ano. Al\u00e9m disso, a LDO tamb\u00e9m n\u00e3o cita <strong>reajustes<\/strong> para os <strong>servidores<\/strong>. A \u00fanica exce\u00e7\u00e3o \u00e9 a <strong>reestrutura\u00e7\u00e3o de carreiras dos militares<\/strong>.<\/p>\t<div class=\"wrapper-featured-image\">\n\t\t<figure class=\"spotlightImg\">\n\n\t\t\t<picture>\n\t\t\t\t<source media=\"(max-width: 768px)\" srcset=\"https:\/\/files.sunoresearch.com.br\/n\/uploads\/2019\/04\/a431ae13-concurso-p\u00fablico-400x200.webp\">\n\t\t\t\t<img loading=\"lazy\" decoding=\"async\" class=\"newsContent__article__imgCapa lazyloadDisabled newsContent__article__imgCapa--noCaption\" src=\"https:\/\/files.sunoresearch.com.br\/n\/uploads\/2019\/04\/a431ae13-concurso-p\u00fablico-800x450.webp\" width=\"800\" height=\"450\" alt=\"Concursos p\u00fablicos: entenda o que muda sem verba prevista na LDO\" fetchpriority=high \/>\n\t\t\t<\/picture>\n\n\t\t\t<figcaption class=\"wp-caption-text wp-caption-text--hide\">previd\u00eancia<\/figcaption>\n\t\t<\/figure>\n\t<\/div>\n\n\n<p>&#8220;N\u00e3o h\u00e1 previs\u00e3o para concursos p\u00fablicos na <strong>LDO<\/strong>. A prerrogativa, nesse momento, \u00e9 sem previs\u00e3o de <strong>concursos p\u00fablicos<\/strong>&#8220;, afirmou o secret\u00e1rio especial de Fazenda do <strong>Minist\u00e9rio da Economia<\/strong>, Waldery Rodrigues.<\/p>\n<p>O documento foi entregue pelo secret\u00e1rio, na \u00faltima segunda-feira (15), data limite, ao Congresso Nacional.<\/p>\n<p><a href=\"https:\/\/www.suno.com.br\/noticias\/salario-minimo-bolsonaro-1040-sem-aumento-real\/\">Saiba mais &#8211; Sal\u00e1rio m\u00ednimo proposto pelo governo Bolsonaro \u00e9 de R$ 1.040 para 2020 <\/a><\/p>\n<h2>Exce\u00e7\u00e3o: militares<\/h2>\n<p>O secret\u00e1rio informou que, at\u00e9 o momento, as proje\u00e7\u00f5es da <strong>LDO<\/strong> n\u00e3o incluem os gastos com a proposta de <strong>reestrutura\u00e7\u00e3o de carreiras dos militares<\/strong> das For\u00e7as Armadas. Isto pois a proposta n\u00e3o foi aprovada pelo Legislativo.<\/p>\n<p>Contudo, em 20 de mar\u00e7o, o governo divulgou as proje\u00e7\u00f5es de gastos com a proposta de <strong>reestrutura\u00e7\u00e3o de carreiras<\/strong>. Em dez anos, seriam R$ 86,85 bilh\u00f5es a menos nos cofres p\u00fablicos.<\/p>\n\n<p>Tal proposta est\u00e1 inclusa na reforma da Previd\u00eancia para os <strong>militares<\/strong>, compilada pelo <strong>Minist\u00e9rio da Defesa<\/strong>. A reforma para os militares foi separada da reforma para o Regime Geral.<\/p>\n<p>Segundo o governo, a economia l\u00edquida com a aprova\u00e7\u00e3o da Proposta de Emenda Constitucional (PEC) da &#8220;Nova Previd\u00eancia&#8221; seria de cerca de R$ 1 trilh\u00e3o. Enquanto a economia com a reforma dos <strong>militares<\/strong> seria de apenas R$ 10,45 bilh\u00f5es.<\/p>\n\t<p>\n\t\t<a href=\"https:\/\/lp.suno.com.br\/planilha-de-controle-de-investimentos\/\" target=\"_blank\" data-element=\"shortcode-suno-banner\" title=\"Banner SUNO, clique e saiba mais\">\n\t\t\t<picture>\n\t\t\t\t<source media=\"(max-width: 500px)\" srcset=\"https:\/\/files.sunoresearch.com.br\/n\/uploads\/2023\/03\/400x300-Controle-de-Investimentos.png\">\n\t\t\t\t<img class=\"newsContent__article__imgCapa newsContent__article__imgCapa--banner\"\n\t\t\t\t\tsrc=\"https:\/\/files.sunoresearch.com.br\/n\/uploads\/2023\/03\/1420x240-Controle-de-Investimentos.png\"\n\t\t\t\t\tdata-promo-id=\"75934\"\t\t\t\t\t\t\t\t\t\twidth='1420' height='240'\t\t\t\t\talt=\"https:\/\/files.sunoresearch.com.br\/n\/uploads\/2023\/03\/1420x240-Controle-de-Investimentos.png\"\n\t\t\t\t>\n\t\t\t<\/picture>\n\t\t<\/a>\n\t<\/p>\n\n\n<h2>Concursos p\u00fablicos: o que muda<\/h2>\n<p>No Brasil, existem quatro tipos de <strong>concursos p\u00fablicos<\/strong>:<\/p>\n<ul>\n<li><strong>federais;<\/strong><\/li>\n<li><strong>distritais;<\/strong><\/li>\n<li><strong>estaduais;<\/strong><\/li>\n<li><strong>e municipais.<\/strong><\/li>\n<\/ul>\n<p>Desta forma, o projeto de<strong> Lei de Diretrizes Or\u00e7ament\u00e1rias<\/strong> do governo possui jurisdi\u00e7\u00e3o apenas para concursos p\u00fablicos <strong>federais<\/strong>. <a href=\"https:\/\/www.camara.leg.br\/internet\/comissao\/index\/mista\/orca\/LDO\/LDO2020\/proposta\/PL.pdf\">Clique aqui<\/a> para conferir o projeto da LDO na \u00edntegra.<\/p>\n<p>Al\u00e9m da <strong>LDO<\/strong>, existem ainda:<\/p>\n<ul>\n<li><strong>Lei Or\u00e7ament\u00e1ria Anual<\/strong> (LOA);<\/li>\n<li>e o <strong>Plano Plurianual<\/strong> (PPA).<\/li>\n<\/ul>\n<p>O or\u00e7amento federal, propriamente dito, est\u00e1 contido na <strong>LOA<\/strong>. Ao passo que a <strong>LDO <\/strong>ad\u00e9qua metas fiscais e financeiras de curto prazo, e a <strong>PPA <\/strong>orienta o planejamento dos gastos \u00e0 longo prazo.<\/p>\n<p>As tr\u00eas leis devem ser aprovadas pelo Legislativo para possu\u00edrem validade.<\/p>\n<p><a href=\"https:\/\/www.suno.com.br\/noticias\/parlamentares-mudancas-salario-minimo-previdencia\/\">Saiba mais &#8211; Sal\u00e1rio m\u00ednimo: Parlamentares dizem que mudan\u00e7a pode afetar Previd\u00eancia <\/a><\/p>\n<p>Cada um dos 26 Estados possui o pr\u00f3prio or\u00e7amento, assim como cada munic\u00edpio tamb\u00e9m possui. Desta forma, a jurisdi\u00e7\u00e3o para os demais concursos est\u00e1:<\/p>\n<ul>\n<li><strong>concursos p\u00fablicos estaduais:<\/strong> o or\u00e7amento \u00e9 feito pelo governo estadual e deve ser aprovado pela Assembleia Legislativa do Estado.<\/li>\n<li><strong>concursos p\u00fablicos municipais:<\/strong> o or\u00e7amento \u00e9 feito pela prefeitura municipal e deve ser aprovado pela C\u00e2mara Municipal.<\/li>\n<li><strong>concursos p\u00fablicos distritais:<\/strong> o Distrito Federal n\u00e3o \u00e9 um Estado, e, portanto, n\u00e3o possui munic\u00edpios. Por ser um territ\u00f3rio aut\u00f4nomo do Pa\u00eds possui as particulares regi\u00f5es administrativas.<\/li>\n<\/ul>\n<p><a href=\"https:\/\/lp.suno.com.br\/ipo-do-uber-noticias\/\">Saiba mais &#8211; Vale a pena entrar no IPO do Uber?<\/a><\/p>\n","protected":false},"excerpt":{"rendered":"<p>A Lei de Diretrizes Or\u00e7ament\u00e1rias (LDO) para 2020 n\u00e3o tem previs\u00e3o para a realiza\u00e7\u00e3o de novos concursos p\u00fablicos. Isso significa que n\u00e3o ser\u00e3o publicados editais no pr\u00f3ximo ano. Al\u00e9m disso, a LDO tamb\u00e9m n\u00e3o cita reajustes para os servidores. A \u00fanica exce\u00e7\u00e3o \u00e9 a reestrutura\u00e7\u00e3o de carreiras dos militares. previd\u00eancia &#8220;N\u00e3o h\u00e1 previs\u00e3o para concursos [&hellip;]<\/p>\n","protected":false},"author":12,"featured_media":21181,"comment_status":"closed","ping_status":"closed","sticky":false,"template":"","format":"standard","meta":[],"categories":[61],"tags":[1128],"suno_strategy":[],"class_list":["post-21179","post","type-post","status-publish","format-standard","has-post-thumbnail","hentry","category-politica","tag-orcamento-publico"],"yoast_head":"<!-- This site is optimized with the Yoast SEO plugin v24.4 - https:\/\/yoast.com\/wordpress\/plugins\/seo\/ -->\n<title>Concursos p\u00fablicos: entenda o que muda sem verba prevista na LDO<\/title>\n<meta name=\"description\" content=\"A proposta de Lei de Diretrizes Or\u00e7ament\u00e1rias n\u00e3o cita verba direcionada aos concursos p\u00fablicos para 2020. Clique para saber mais.\" \/>\n<meta name=\"robots\" content=\"index, follow, max-snippet:-1, max-image-preview:large, max-video-preview:-1\" \/>\n<link rel=\"canonical\" href=\"https:\/\/www.suno.com.br\/noticias\/concursos-publicos-ldo-entenda\/\" \/>\n<meta property=\"og:locale\" content=\"pt_BR\" \/>\n<meta property=\"og:type\" content=\"article\" \/>\n<meta property=\"og:title\" content=\"Concursos p\u00fablicos: entenda o que muda sem verba prevista na LDO\" \/>\n<meta property=\"og:description\" content=\"A proposta de Lei de Diretrizes Or\u00e7ament\u00e1rias n\u00e3o cita verba direcionada aos concursos p\u00fablicos para 2020. Clique para saber mais.\" \/>\n<meta property=\"og:url\" content=\"https:\/\/www.suno.com.br\/noticias\/concursos-publicos-ldo-entenda\/\" \/>\n<meta property=\"og:site_name\" content=\"Suno Not\u00edcias\" \/>\n<meta property=\"article:publisher\" content=\"https:\/\/facebook.com\/sunoresearch\" \/>\n<meta property=\"og:image\" content=\"https:\/\/files.sunoresearch.com.br\/n\/uploads\/2019\/04\/a431ae13-concurso-p\u00fablico.jpg\" \/>\n\t<meta property=\"og:image:width\" content=\"1140\" \/>\n\t<meta property=\"og:image:height\" content=\"760\" \/>\n\t<meta property=\"og:image:type\" content=\"image\/jpeg\" \/>\n<meta name=\"author\" content=\"Amanda Gushiken\" \/>\n<meta name=\"twitter:card\" content=\"summary_large_image\" \/>\n<meta name=\"twitter:creator\" content=\"@sunoresearch\" \/>\n<meta name=\"twitter:site\" content=\"@sunoresearch\" \/>\n<meta name=\"twitter:label1\" content=\"Escrito por\" \/>\n\t<meta name=\"twitter:data1\" content=\"Amanda Gushiken\" \/>\n\t<meta name=\"twitter:label2\" content=\"Est. tempo de leitura\" \/>\n\t<meta name=\"twitter:data2\" content=\"3 minutos\" \/>\n<script type=\"application\/ld+json\" class=\"yoast-schema-graph\">{\"@context\":\"https:\/\/schema.org\",\"@graph\":[{\"@type\":\"NewsArticle\",\"@id\":\"https:\/\/www.suno.com.br\/noticias\/concursos-publicos-ldo-entenda\/#article\",\"isPartOf\":{\"@id\":\"https:\/\/www.suno.com.br\/noticias\/concursos-publicos-ldo-entenda\/\"},\"author\":{\"name\":\"Amanda Gushiken\",\"@id\":\"https:\/\/www.suno.com.br\/noticias\/#\/schema\/person\/a5b06fa4e879d8e8e119c6ed3cd630d1\"},\"headline\":\"Concursos p\u00fablicos: entenda o que muda sem verba prevista na LDO\",\"datePublished\":\"2019-04-16T17:24:16+00:00\",\"dateModified\":\"2019-04-17T02:39:20+00:00\",\"mainEntityOfPage\":{\"@id\":\"https:\/\/www.suno.com.br\/noticias\/concursos-publicos-ldo-entenda\/\"},\"wordCount\":539,\"publisher\":{\"@id\":\"https:\/\/www.suno.com.br\/noticias\/#organization\"},\"image\":{\"@id\":\"https:\/\/www.suno.com.br\/noticias\/concursos-publicos-ldo-entenda\/#primaryimage\"},\"thumbnailUrl\":\"https:\/\/files.sunoresearch.com.br\/n\/uploads\/2019\/04\/a431ae13-concurso-p\u00fablico-jpg.webp\",\"keywords\":[\"Or\u00e7amento P\u00fablico\"],\"articleSection\":[\"Pol\u00edtica\"],\"inLanguage\":\"pt-BR\"},{\"@type\":\"WebPage\",\"@id\":\"https:\/\/www.suno.com.br\/noticias\/concursos-publicos-ldo-entenda\/\",\"url\":\"https:\/\/www.suno.com.br\/noticias\/concursos-publicos-ldo-entenda\/\",\"name\":\"Concursos p\u00fablicos: entenda o que muda sem verba prevista na LDO\",\"isPartOf\":{\"@id\":\"https:\/\/www.suno.com.br\/noticias\/#website\"},\"primaryImageOfPage\":{\"@id\":\"https:\/\/www.suno.com.br\/noticias\/concursos-publicos-ldo-entenda\/#primaryimage\"},\"image\":{\"@id\":\"https:\/\/www.suno.com.br\/noticias\/concursos-publicos-ldo-entenda\/#primaryimage\"},\"thumbnailUrl\":\"https:\/\/files.sunoresearch.com.br\/n\/uploads\/2019\/04\/a431ae13-concurso-p\u00fablico-jpg.webp\",\"datePublished\":\"2019-04-16T17:24:16+00:00\",\"dateModified\":\"2019-04-17T02:39:20+00:00\",\"description\":\"A proposta de Lei de Diretrizes Or\u00e7ament\u00e1rias n\u00e3o cita verba direcionada aos concursos p\u00fablicos para 2020. Clique para saber mais.\",\"breadcrumb\":{\"@id\":\"https:\/\/www.suno.com.br\/noticias\/concursos-publicos-ldo-entenda\/#breadcrumb\"},\"inLanguage\":\"pt-BR\",\"potentialAction\":[{\"@type\":\"ReadAction\",\"target\":[\"https:\/\/www.suno.com.br\/noticias\/concursos-publicos-ldo-entenda\/\"]}]},{\"@type\":\"ImageObject\",\"inLanguage\":\"pt-BR\",\"@id\":\"https:\/\/www.suno.com.br\/noticias\/concursos-publicos-ldo-entenda\/#primaryimage\",\"url\":\"https:\/\/files.sunoresearch.com.br\/n\/uploads\/2019\/04\/a431ae13-concurso-p\u00fablico-jpg.webp\",\"contentUrl\":\"https:\/\/files.sunoresearch.com.br\/n\/uploads\/2019\/04\/a431ae13-concurso-p\u00fablico-jpg.webp\",\"width\":1140,\"height\":760,\"caption\":\"previd\u00eancia\"},{\"@type\":\"BreadcrumbList\",\"@id\":\"https:\/\/www.suno.com.br\/noticias\/concursos-publicos-ldo-entenda\/#breadcrumb\",\"itemListElement\":[{\"@type\":\"ListItem\",\"position\":1,\"name\":\"Not\u00edcias\",\"item\":\"https:\/\/www.suno.com.br\/noticias\/\"},{\"@type\":\"ListItem\",\"position\":2,\"name\":\"Pol\u00edtica\",\"item\":\"https:\/\/www.suno.com.br\/noticias\/politica\/\"},{\"@type\":\"ListItem\",\"position\":3,\"name\":\"Concursos p\u00fablicos: entenda o que muda sem verba prevista na LDO\"}]},{\"@type\":\"WebSite\",\"@id\":\"https:\/\/www.suno.com.br\/noticias\/#website\",\"url\":\"https:\/\/www.suno.com.br\/noticias\/\",\"name\":\"Suno Not\u00edcias\",\"description\":\"Seu portal de informa\u00e7\u00e3o sobre o mundo dos investimentos\",\"publisher\":{\"@id\":\"https:\/\/www.suno.com.br\/noticias\/#organization\"},\"potentialAction\":[{\"@type\":\"SearchAction\",\"target\":{\"@type\":\"EntryPoint\",\"urlTemplate\":\"https:\/\/www.suno.com.br\/noticias\/?s={search_term_string}\"},\"query-input\":{\"@type\":\"PropertyValueSpecification\",\"valueRequired\":true,\"valueName\":\"search_term_string\"}}],\"inLanguage\":\"pt-BR\"},{\"@type\":\"Organization\",\"@id\":\"https:\/\/www.suno.com.br\/noticias\/#organization\",\"name\":\"Suno Not\u00edcias\",\"url\":\"https:\/\/www.suno.com.br\/noticias\/\",\"logo\":{\"@type\":\"ImageObject\",\"inLanguage\":\"pt-BR\",\"@id\":\"https:\/\/www.suno.com.br\/noticias\/#\/schema\/logo\/image\/\",\"url\":\"https:\/\/files.sunoresearch.com.br\/n\/uploads\/2021\/09\/suno-logo.png\",\"contentUrl\":\"https:\/\/files.sunoresearch.com.br\/n\/uploads\/2021\/09\/suno-logo.png\",\"width\":180,\"height\":180,\"caption\":\"Suno Not\u00edcias\"},\"image\":{\"@id\":\"https:\/\/www.suno.com.br\/noticias\/#\/schema\/logo\/image\/\"},\"sameAs\":[\"https:\/\/facebook.com\/sunoresearch\",\"https:\/\/x.com\/sunoresearch\",\"https:\/\/www.instagram.com\/suno\",\"https:\/\/www.linkedin.com\/company\/suno-research\/\",\"https:\/\/www.youtube.com\/c\/sunoresearch\"]},{\"@type\":\"Person\",\"@id\":\"https:\/\/www.suno.com.br\/noticias\/#\/schema\/person\/a5b06fa4e879d8e8e119c6ed3cd630d1\",\"name\":\"Amanda Gushiken\",\"image\":{\"@type\":\"ImageObject\",\"inLanguage\":\"pt-BR\",\"@id\":\"https:\/\/www.suno.com.br\/noticias\/#\/schema\/person\/image\/\",\"url\":\"https:\/\/secure.gravatar.com\/avatar\/ecd84705e6b65e3685ae80d725501fbe?s=96&r=g\",\"contentUrl\":\"https:\/\/secure.gravatar.com\/avatar\/ecd84705e6b65e3685ae80d725501fbe?s=96&r=g\",\"caption\":\"Amanda Gushiken\"},\"description\":\"Amanda Sayuri Gushiken escreve sobre finan\u00e7as e neg\u00f3cios para o portal Suno Not\u00edcias. Antes, trabalhou selecionando not\u00edcias da imprensa para clientes do mercado financeiro. Tamb\u00e9m desenvolveu pesquisa acad\u00eamica pela Universidade Anhembi Morumbi na \u00e1rea de Teorias da Comunica\u00e7\u00e3o e \u00e9 fot\u00f3grafa nas horas vagas.\",\"url\":\"https:\/\/www.suno.com.br\/noticias\/author\/amanda\/\"}]}<\/script>\n<!-- \/ Yoast SEO plugin. -->","yoast_head_json":{"title":"Concursos p\u00fablicos: entenda o que muda sem verba prevista na LDO","description":"A proposta de Lei de Diretrizes Or\u00e7ament\u00e1rias n\u00e3o cita verba direcionada aos concursos p\u00fablicos para 2020. Clique para saber mais.","robots":{"index":"index","follow":"follow","max-snippet":"max-snippet:-1","max-image-preview":"max-image-preview:large","max-video-preview":"max-video-preview:-1"},"canonical":"https:\/\/www.suno.com.br\/noticias\/concursos-publicos-ldo-entenda\/","og_locale":"pt_BR","og_type":"article","og_title":"Concursos p\u00fablicos: entenda o que muda sem verba prevista na LDO","og_description":"A proposta de Lei de Diretrizes Or\u00e7ament\u00e1rias n\u00e3o cita verba direcionada aos concursos p\u00fablicos para 2020. Clique para saber mais.","og_url":"https:\/\/www.suno.com.br\/noticias\/concursos-publicos-ldo-entenda\/","og_site_name":"Suno Not\u00edcias","article_publisher":"https:\/\/facebook.com\/sunoresearch","og_image":[{"width":1140,"height":760,"url":"https:\/\/files.sunoresearch.com.br\/n\/uploads\/2019\/04\/a431ae13-concurso-p\u00fablico.jpg","type":"image\/jpeg"}],"author":"Amanda Gushiken","twitter_card":"summary_large_image","twitter_creator":"@sunoresearch","twitter_site":"@sunoresearch","twitter_misc":{"Escrito por":"Amanda Gushiken","Est. tempo de leitura":"3 minutos"},"schema":{"@context":"https:\/\/schema.org","@graph":[{"@type":"NewsArticle","@id":"https:\/\/www.suno.com.br\/noticias\/concursos-publicos-ldo-entenda\/#article","isPartOf":{"@id":"https:\/\/www.suno.com.br\/noticias\/concursos-publicos-ldo-entenda\/"},"author":{"name":"Amanda Gushiken","@id":"https:\/\/www.suno.com.br\/noticias\/#\/schema\/person\/a5b06fa4e879d8e8e119c6ed3cd630d1"},"headline":"Concursos p\u00fablicos: entenda o que muda sem verba prevista na LDO","datePublished":"2019-04-16T17:24:16+00:00","dateModified":"2019-04-17T02:39:20+00:00","mainEntityOfPage":{"@id":"https:\/\/www.suno.com.br\/noticias\/concursos-publicos-ldo-entenda\/"},"wordCount":539,"publisher":{"@id":"https:\/\/www.suno.com.br\/noticias\/#organization"},"image":{"@id":"https:\/\/www.suno.com.br\/noticias\/concursos-publicos-ldo-entenda\/#primaryimage"},"thumbnailUrl":"https:\/\/files.sunoresearch.com.br\/n\/uploads\/2019\/04\/a431ae13-concurso-p\u00fablico-jpg.webp","keywords":["Or\u00e7amento P\u00fablico"],"articleSection":["Pol\u00edtica"],"inLanguage":"pt-BR"},{"@type":"WebPage","@id":"https:\/\/www.suno.com.br\/noticias\/concursos-publicos-ldo-entenda\/","url":"https:\/\/www.suno.com.br\/noticias\/concursos-publicos-ldo-entenda\/","name":"Concursos p\u00fablicos: entenda o que muda sem verba prevista na LDO","isPartOf":{"@id":"https:\/\/www.suno.com.br\/noticias\/#website"},"primaryImageOfPage":{"@id":"https:\/\/www.suno.com.br\/noticias\/concursos-publicos-ldo-entenda\/#primaryimage"},"image":{"@id":"https:\/\/www.suno.com.br\/noticias\/concursos-publicos-ldo-entenda\/#primaryimage"},"thumbnailUrl":"https:\/\/files.sunoresearch.com.br\/n\/uploads\/2019\/04\/a431ae13-concurso-p\u00fablico-jpg.webp","datePublished":"2019-04-16T17:24:16+00:00","dateModified":"2019-04-17T02:39:20+00:00","description":"A proposta de Lei de Diretrizes Or\u00e7ament\u00e1rias n\u00e3o cita verba direcionada aos concursos p\u00fablicos para 2020. Clique para saber mais.","breadcrumb":{"@id":"https:\/\/www.suno.com.br\/noticias\/concursos-publicos-ldo-entenda\/#breadcrumb"},"inLanguage":"pt-BR","potentialAction":[{"@type":"ReadAction","target":["https:\/\/www.suno.com.br\/noticias\/concursos-publicos-ldo-entenda\/"]}]},{"@type":"ImageObject","inLanguage":"pt-BR","@id":"https:\/\/www.suno.com.br\/noticias\/concursos-publicos-ldo-entenda\/#primaryimage","url":"https:\/\/files.sunoresearch.com.br\/n\/uploads\/2019\/04\/a431ae13-concurso-p\u00fablico-jpg.webp","contentUrl":"https:\/\/files.sunoresearch.com.br\/n\/uploads\/2019\/04\/a431ae13-concurso-p\u00fablico-jpg.webp","width":1140,"height":760,"caption":"previd\u00eancia"},{"@type":"BreadcrumbList","@id":"https:\/\/www.suno.com.br\/noticias\/concursos-publicos-ldo-entenda\/#breadcrumb","itemListElement":[{"@type":"ListItem","position":1,"name":"Not\u00edcias","item":"https:\/\/www.suno.com.br\/noticias\/"},{"@type":"ListItem","position":2,"name":"Pol\u00edtica","item":"https:\/\/www.suno.com.br\/noticias\/politica\/"},{"@type":"ListItem","position":3,"name":"Concursos p\u00fablicos: entenda o que muda sem verba prevista na LDO"}]},{"@type":"WebSite","@id":"https:\/\/www.suno.com.br\/noticias\/#website","url":"https:\/\/www.suno.com.br\/noticias\/","name":"Suno Not\u00edcias","description":"Seu portal de informa\u00e7\u00e3o sobre o mundo dos investimentos","publisher":{"@id":"https:\/\/www.suno.com.br\/noticias\/#organization"},"potentialAction":[{"@type":"SearchAction","target":{"@type":"EntryPoint","urlTemplate":"https:\/\/www.suno.com.br\/noticias\/?s={search_term_string}"},"query-input":{"@type":"PropertyValueSpecification","valueRequired":true,"valueName":"search_term_string"}}],"inLanguage":"pt-BR"},{"@type":"Organization","@id":"https:\/\/www.suno.com.br\/noticias\/#organization","name":"Suno Not\u00edcias","url":"https:\/\/www.suno.com.br\/noticias\/","logo":{"@type":"ImageObject","inLanguage":"pt-BR","@id":"https:\/\/www.suno.com.br\/noticias\/#\/schema\/logo\/image\/","url":"https:\/\/files.sunoresearch.com.br\/n\/uploads\/2021\/09\/suno-logo.png","contentUrl":"https:\/\/files.sunoresearch.com.br\/n\/uploads\/2021\/09\/suno-logo.png","width":180,"height":180,"caption":"Suno Not\u00edcias"},"image":{"@id":"https:\/\/www.suno.com.br\/noticias\/#\/schema\/logo\/image\/"},"sameAs":["https:\/\/facebook.com\/sunoresearch","https:\/\/x.com\/sunoresearch","https:\/\/www.instagram.com\/suno","https:\/\/www.linkedin.com\/company\/suno-research\/","https:\/\/www.youtube.com\/c\/sunoresearch"]},{"@type":"Person","@id":"https:\/\/www.suno.com.br\/noticias\/#\/schema\/person\/a5b06fa4e879d8e8e119c6ed3cd630d1","name":"Amanda Gushiken","image":{"@type":"ImageObject","inLanguage":"pt-BR","@id":"https:\/\/www.suno.com.br\/noticias\/#\/schema\/person\/image\/","url":"https:\/\/secure.gravatar.com\/avatar\/ecd84705e6b65e3685ae80d725501fbe?s=96&r=g","contentUrl":"https:\/\/secure.gravatar.com\/avatar\/ecd84705e6b65e3685ae80d725501fbe?s=96&r=g","caption":"Amanda Gushiken"},"description":"Amanda Sayuri Gushiken escreve sobre finan\u00e7as e neg\u00f3cios para o portal Suno Not\u00edcias. Antes, trabalhou selecionando not\u00edcias da imprensa para clientes do mercado financeiro. Tamb\u00e9m desenvolveu pesquisa acad\u00eamica pela Universidade Anhembi Morumbi na \u00e1rea de Teorias da Comunica\u00e7\u00e3o e \u00e9 fot\u00f3grafa nas horas vagas.","url":"https:\/\/www.suno.com.br\/noticias\/author\/amanda\/"}]}},"default_loop_html":"<div class=\"cardsPage__listCard__boxs\"><div class=\"cardsPage__listCard__boxs__img\"><a href=\"https:\/\/www.suno.com.br\/noticias\/concursos-publicos-ldo-entenda\/\"><img class=\"mask\" src=\"https:\/\/www.suno.com.br\/noticias\/wp-content\/themes\/suno\/resources\/images\/spotlight\/spotlight1img\/bg-mask.png\" alt=\"Image Mask\"\/><img src=\"https:\/\/files.sunoresearch.com.br\/n\/uploads\/2019\/04\/a431ae13-concurso-p\u00fablico-400x200.webp\" alt=\"Concursos p\u00fablicos: entenda o que muda sem verba prevista na LDO\"\/><\/a><span class=\"spotlightCategory\"><a href=\"https:\/\/www.suno.com.br\/noticias\/politica\/\">Pol\u00edtica<\/a><\/span><\/div><div class=\"cardsPage__listCard__boxs__content\"><a href=\"https:\/\/www.suno.com.br\/noticias\/concursos-publicos-ldo-entenda\/\"><h2 class=\"content__title\">Concursos p\u00fablicos: entenda o que muda sem verba prevista na LDO<\/h2><\/a><div class=\"newsContent__article__meta\"><div class=\"newsContent__article__meta__authorBox\"><a href=\"https:\/\/www.suno.com.br\/noticias\/author\/amanda\/\" class=\"authorBox__avatar noMobi\"><img src=\"https:\/\/files.sunoresearch.com.br\/n\/uploads\/2018\/11\/c6ad30be-amanda-150x150.webp\" alt=\"Amanda Gushiken\"><\/a><div class=\"authorBox__name\"><span>por\n\t\t\t<a href=\"https:\/\/www.suno.com.br\/noticias\/author\/amanda\/\"><span itemprop=\"author\">Amanda Gushiken<\/span><\/a><\/span><time datetime=\"2019-04-16T14:24:16-03:00\" itemprop=\"datePublished\">16\/04\/2019 14:24<\/time><\/div><\/div><\/div><\/div><\/div>","single_layout":"posts","amp_enabled":true,"_links":{"self":[{"href":"https:\/\/www.suno.com.br\/noticias\/wp-json\/wp\/v2\/posts\/21179"}],"collection":[{"href":"https:\/\/www.suno.com.br\/noticias\/wp-json\/wp\/v2\/posts"}],"about":[{"href":"https:\/\/www.suno.com.br\/noticias\/wp-json\/wp\/v2\/types\/post"}],"author":[{"embeddable":true,"href":"https:\/\/www.suno.com.br\/noticias\/wp-json\/wp\/v2\/users\/12"}],"replies":[{"embeddable":true,"href":"https:\/\/www.suno.com.br\/noticias\/wp-json\/wp\/v2\/comments?post=21179"}],"version-history":[{"count":0,"href":"https:\/\/www.suno.com.br\/noticias\/wp-json\/wp\/v2\/posts\/21179\/revisions"}],"wp:featuredmedia":[{"embeddable":true,"href":"https:\/\/www.suno.com.br\/noticias\/wp-json\/wp\/v2\/media\/21181"}],"wp:attachment":[{"href":"https:\/\/www.suno.com.br\/noticias\/wp-json\/wp\/v2\/media?parent=21179"}],"wp:term":[{"taxonomy":"category","embeddable":true,"href":"https:\/\/www.suno.com.br\/noticias\/wp-json\/wp\/v2\/categories?post=21179"},{"taxonomy":"post_tag","embeddable":true,"href":"https:\/\/www.suno.com.br\/noticias\/wp-json\/wp\/v2\/tags?post=21179"},{"taxonomy":"suno_strategy","embeddable":true,"href":"https:\/\/www.suno.com.br\/noticias\/wp-json\/wp\/v2\/suno_strategy?post=21179"}],"curies":[{"name":"wp","href":"https:\/\/api.w.org\/{rel}","templated":true}]}}