{"id":211755,"date":"2021-12-03T13:26:39","date_gmt":"2021-12-03T16:26:39","guid":{"rendered":"https:\/\/www.suno.com.br\/noticias\/?p=211755"},"modified":"2021-12-03T13:39:07","modified_gmt":"2021-12-03T16:39:07","slug":"amazon-amzo34-amplia-parceria-nasdaq-meta-fbok34-servico-nuvem-aws","status":"publish","type":"post","link":"https:\/\/www.suno.com.br\/noticias\/amazon-amzo34-amplia-parceria-nasdaq-meta-fbok34-servico-nuvem-aws\/","title":{"rendered":"Amazon (AMZO34) amplia parceria com Nasdaq e Meta (FBOK34) para servi\u00e7o de nuvem da AWS"},"content":{"rendered":"<p>A <strong>Amazon<\/strong> (AMZO34) far\u00e1 uma maior integra\u00e7\u00e3o de dados e fornecer\u00e1 mais servi\u00e7os \u00e0 Nasdaq e \u00e0 Meta <a href=\"https:\/\/www.suno.com.br\/artigos\/bdr-de-etf\/\">(FBOK34)<\/a>, antigo <a href=\"https:\/\/www.suno.com.br\/artigos\/bdr-de-etf\/\">Facebook, <\/a>por meio da <a href=\"https:\/\/www.suno.com.br\/noticias\/tags\/amazon-web-services\">Amazon Web Services (AWS)<\/a>. Com o movimento, as duas organiza\u00e7\u00f5es ir\u00e3o aumentar a associa\u00e7\u00e3o entre seus data centers e a nuvem da Amazon.<\/p>\t<div class=\"wrapper-featured-image\">\n\t\t<figure class=\"spotlightImg\">\n\n\t\t\t<picture>\n\t\t\t\t<source media=\"(max-width: 768px)\" srcset=\"https:\/\/files.sunoresearch.com.br\/n\/uploads\/2021\/12\/DmQs7BAW0AAzSm4-400x200.jpg\">\n\t\t\t\t<img loading=\"lazy\" decoding=\"async\" class=\"newsContent__article__imgCapa lazyloadDisabled \" src=\"https:\/\/files.sunoresearch.com.br\/n\/uploads\/2021\/12\/DmQs7BAW0AAzSm4-800x450.jpg\" width=\"800\" height=\"450\" alt=\"Amazon (AMZO34) amplia parceria com Nasdaq e Meta (FBOK34) para servi\u00e7o de nuvem da AWS\" fetchpriority=high \/>\n\t\t\t<\/picture>\n\n\t\t\t<figcaption class=\"wp-caption-text wp-caption-text--show\">Amazon (AMZO34). Foto: Reprodu\u00e7\u00e3o\/Twitter\/Nelson Griggs<\/figcaption>\n\t\t<\/figure>\n\t<\/div>\n\n\n\t<p>\n\t\t<a href=\"https:\/\/lp.suno.com.br\/planilha-controle-gastos\/\" target=\"_blank\" data-element=\"shortcode-suno-banner\" title=\"Banner SUNO, clique e saiba mais\">\n\t\t\t<picture>\n\t\t\t\t<source media=\"(max-width: 500px)\" srcset=\"https:\/\/files.sunoresearch.com.br\/n\/uploads\/2023\/03\/400x300-Planilha-controle-de-gastos.png\">\n\t\t\t\t<img class=\"newsContent__article__imgCapa newsContent__article__imgCapa--banner\"\n\t\t\t\t\tsrc=\"https:\/\/files.sunoresearch.com.br\/n\/uploads\/2023\/03\/1420x240-Planilha-controle-de-gastos.png\"\n\t\t\t\t\tdata-promo-id=\"101751\"\t\t\t\t\t\t\t\t\t\twidth='1420' height='240'\t\t\t\t\talt=\"https:\/\/files.sunoresearch.com.br\/n\/uploads\/2023\/03\/1420x240-Planilha-controle-de-gastos.png\"\n\t\t\t\t>\n\t\t\t<\/picture>\n\t\t<\/a>\n\t<\/p>\n\n\n<p>A previs\u00e3o \u00e9 de que a migra\u00e7\u00e3o dos dados da <strong>Nasdaq<\/strong> para o servi\u00e7o de <strong>nuvem<\/strong> da Amazon, a <strong>AWS<\/strong>, tenha in\u00edcio em 2022. A proje\u00e7\u00e3o \u00e9 de que a parceria entre a bolsa americana de tecnologia e a AWS resulte em um produtor de <em>edge computing<\/em> voltado para o <a class=\"suno-keyword\" href=\"https:\/\/www.suno.com.br\/artigos\/mercado-de-acoes\/\" target=\"_blank\" rel=\"noopener\" data-force=\"no\" data-priority=\"2\">mercado de a\u00e7\u00f5es<\/a>.<\/p>\n<p>Com a mudan\u00e7a, o <strong>AWSOutposts<\/strong>, que oferece instala\u00e7\u00e3o no local do cliente, ser\u00e1 incorporado de forma direta \u00e0 rede principal da Nasdaq. Esse movimento deve viabilizar capacidades computacionais de baixa lat\u00eancia (ou seja, maior velocidade) que partem do primeiro data center principal da Nasdaq, localizado em Nova Jersey.<\/p>\n\n\t<div data-element=\"shortcode-read-more\" class=\"readToo\">\n\t\t\t\t<span class=\"readToo__title\">Leia mais<\/span>\n\t\t\t\t<ul class=\"readToo__list\">\n\t\t\t<li><a href=\"https:\/\/www.suno.com.br\/noticias\/88i-fintechs-insurtechs-seguradora-seguros\/\">88i aposta que startups de seguros &#8211; as &#8216;insurtechs&#8217; &#8211; ser\u00e3o as fintechs do futuro<\/a><\/li><li><a href=\"https:\/\/www.suno.com.br\/noticias\/open-fundos-investimentos-startup-fintech-robo-advisor-plataforma-investimentos\/\">Open, startup de investimentos, lan\u00e7a fundos multimercado com &#8216;rob\u00f4 advisor&#8217; em nova plataforma<\/a><\/li><li><a href=\"https:\/\/www.suno.com.br\/noticias\/amazon-visa-reino-unido-cartao-de-credito\/\">Amazon n\u00e3o ir\u00e1 mais aceitar cart\u00f5es Visa no Reino Unido<\/a><\/li>\t\t<\/ul>\n\t<\/div>\n\n\n<p>A implementa\u00e7\u00e3o deve garantir recursos de negocia\u00e7\u00e3o de alta frequ\u00eancia.<\/p>\n<p>Al\u00e9m disso, a parceria deve explorar formas de aprimorar <a href=\"https:\/\/www.suno.com.br\/artigos\/nasdaq\/\">as capacidades da nuvem da AWS em aplica\u00e7\u00f5es da Nasdaq<\/a>, como crimes anti-financeiros, bases de dados, solu\u00e7\u00f5es de software de infraestrutura de mercado.<\/p>\n<p>A expectativa \u00e9 de que a Nasdaq force uma mudan\u00e7a de outras <strong>bolsas<\/strong> norte-americanas para a nuvem. A bolsa j\u00e1 usava o <strong>software<\/strong> da AWS h\u00e1 uma d\u00e9cada.<\/p>\n\t<p>\n\t\t<a href=\"https:\/\/lp.suno.com.br\/planilha-da-vida-financeira\/\" target=\"_blank\" data-element=\"shortcode-suno-banner\" title=\"Banner SUNO, clique e saiba mais\">\n\t\t\t<picture>\n\t\t\t\t<source media=\"(max-width: 500px)\" srcset=\"https:\/\/files.sunoresearch.com.br\/n\/uploads\/2023\/04\/400x300-Planilha-vida-financeira-true.png\">\n\t\t\t\t<img class=\"newsContent__article__imgCapa newsContent__article__imgCapa--banner\"\n\t\t\t\t\tsrc=\"https:\/\/files.sunoresearch.com.br\/n\/uploads\/2023\/04\/1420x240-Planilha-vida-financeira-true.png\"\n\t\t\t\t\tdata-promo-id=\"106682\"\t\t\t\t\t\t\t\t\t\twidth='1420' height='240'\t\t\t\t\talt=\"https:\/\/files.sunoresearch.com.br\/n\/uploads\/2023\/04\/1420x240-Planilha-vida-financeira-true.png\"\n\t\t\t\t>\n\t\t\t<\/picture>\n\t\t<\/a>\n\t<\/p>\n\n\n<p>\u201cNossa parceria fornecer\u00e1 \u00e0 Nasdaq uma forma de mover de forma mais f\u00e1cil sua infraestrutura central para a nuvem e inovar novos servi\u00e7os enquanto eles continuam sua segunda d\u00e9cada de ado\u00e7\u00e3o <em>cloud<\/em>\u201d, disse o <a href=\"https:\/\/www.suno.com.br\/artigos\/ceo\/\">CEO<\/a> da Amazon, Adam Selipsky.<\/p>\n<h2>Amazon visa modelo de linguagem natural com a Meta<\/h2>\n<p>J\u00e1 a parceria com a <strong>Meta<\/strong> envolve uma otimiza\u00e7\u00e3o do Pytorch, uma livraria de programa\u00e7\u00e3o para servi\u00e7os de <em>machine learning<\/em>. O objetivo \u00e9 que, com isso, as empresas desenvolvam modelos de linguagem natural e vis\u00e3o de computadores com <em>deep-learning<\/em> em larga escala.<\/p>\n<p>Ou seja, as plataformas da Meta tamb\u00e9m utilizar\u00e3o servi\u00e7os providos pela AWS como uma forma de colaborar com parceiros e oferecer suporte a aquisi\u00e7\u00f5es de companhias que j\u00e1 o servi\u00e7o do provedor de nuvem.<\/p>\n\t<p>\n\t\t<a href=\"https:\/\/lp.suno.com.br\/ebook-como-analisar-uma-acao\/\" target=\"_blank\" data-element=\"shortcode-suno-banner\" title=\"Banner SUNO, clique e saiba mais\">\n\t\t\t<picture>\n\t\t\t\t<source media=\"(max-width: 500px)\" srcset=\"https:\/\/files.sunoresearch.com.br\/n\/uploads\/2023\/03\/Ebook-Acoes-Mobile-1.jpg\">\n\t\t\t\t<img class=\"newsContent__article__imgCapa newsContent__article__imgCapa--banner\"\n\t\t\t\t\tsrc=\"https:\/\/files.sunoresearch.com.br\/n\/uploads\/2023\/03\/Ebook-Acoes-Desktop-1.jpg\"\n\t\t\t\t\tdata-promo-id=\"171998\"\t\t\t\t\t\t\t\t\t\twidth='1420' height='286'\t\t\t\t\talt=\"https:\/\/files.sunoresearch.com.br\/n\/uploads\/2023\/03\/Ebook-Acoes-Desktop-1.jpg\"\n\t\t\t\t>\n\t\t\t<\/picture>\n\t\t<\/a>\n\t<\/p>\n\n\n<p>Vale lembrar que, tamb\u00e9m nesta semana, a empresa anunciou um novo servi\u00e7o de gerenciamento de redes privadas para empresas, <a href=\"https:\/\/www.suno.com.br\/noticias\/5g-o-que-esperar-do-leilao-que-comeca-hoje-e-pode-movimentar-r-497-bilhoes\/\">o AWS Private <strong>5G<\/strong><\/a>.<\/p>\n<p>A ideia \u00e9 que o servi\u00e7os entregue e mantenha unidades de r\u00e1dio small cells, servidores, n\u00facleo 5G, software de RAN e cart\u00f5es SIM<\/p>\n<p>No Private 5G, os clientes do servi\u00e7o da <strong>Amazon<\/strong> pagam pela capacidade de rede e rendimento que desejam, e n\u00e3o pelo n\u00famero de dispositivos conectados. Por enquanto o AWS Private 5G est\u00e1 dispon\u00edvel apenas nos Estados Unidos.<\/p>\n\t<p>\n\t\t<a href=\"https:\/\/lp.suno.com.br\/planilha-de-controle-de-investimentos\/\" target=\"_blank\" data-element=\"shortcode-suno-banner\" title=\"Banner SUNO, clique e saiba mais\">\n\t\t\t<picture>\n\t\t\t\t<source media=\"(max-width: 500px)\" srcset=\"https:\/\/files.sunoresearch.com.br\/n\/uploads\/2023\/03\/400x300-Controle-de-Investimentos.png\">\n\t\t\t\t<img class=\"newsContent__article__imgCapa newsContent__article__imgCapa--banner\"\n\t\t\t\t\tsrc=\"https:\/\/files.sunoresearch.com.br\/n\/uploads\/2023\/03\/1420x240-Controle-de-Investimentos.png\"\n\t\t\t\t\tdata-promo-id=\"75934\"\t\t\t\t\t\t\t\t\t\twidth='1420' height='240'\t\t\t\t\talt=\"https:\/\/files.sunoresearch.com.br\/n\/uploads\/2023\/03\/1420x240-Controle-de-Investimentos.png\"\n\t\t\t\t>\n\t\t\t<\/picture>\n\t\t<\/a>\n\t<\/p>\n\n\n","protected":false},"excerpt":{"rendered":"<p>A Amazon (AMZO34) far\u00e1 uma maior integra\u00e7\u00e3o de dados e fornecer\u00e1 mais servi\u00e7os \u00e0 Nasdaq e \u00e0 Meta (FBOK34), antigo Facebook, por meio da Amazon Web Services (AWS). Com o movimento, as duas organiza\u00e7\u00f5es ir\u00e3o aumentar a associa\u00e7\u00e3o entre seus data centers e a nuvem da Amazon. Decis\u00e3o da Amazon foi classificada pela Visa como [&hellip;]<\/p>\n","protected":false},"author":73,"featured_media":211765,"comment_status":"closed","ping_status":"closed","sticky":false,"template":"","format":"standard","meta":[],"categories":[60],"tags":[694,105456,104519,733,964,1134],"suno_strategy":[],"class_list":["post-211755","post","type-post","status-publish","format-standard","has-post-thumbnail","hentry","category-mercado","tag-amazon-amzo34","tag-amazon-web-services","tag-big-techs","tag-facebook-fbok34","tag-nasdaq","tag-tecnologia"],"yoast_head":"<!-- This site is optimized with the Yoast SEO plugin v24.4 - https:\/\/yoast.com\/wordpress\/plugins\/seo\/ -->\n<title>AWS: Amazon amplia parceria com Nasdaq e Meta para servi\u00e7o de nuvem<\/title>\n<meta name=\"description\" content=\"A previs\u00e3o \u00e9 de que a migra\u00e7\u00e3o dos dados da Nasdaq para o servi\u00e7o de nuvem da Amazon, a AWS, tenham in\u00edcio em 2022. Clique aqui e leia mais.\" \/>\n<meta name=\"robots\" content=\"index, follow, max-snippet:-1, max-image-preview:large, max-video-preview:-1\" \/>\n<link rel=\"canonical\" href=\"https:\/\/www.suno.com.br\/noticias\/amazon-amzo34-amplia-parceria-nasdaq-meta-fbok34-servico-nuvem-aws\/\" \/>\n<meta property=\"og:locale\" content=\"pt_BR\" \/>\n<meta property=\"og:type\" content=\"article\" \/>\n<meta property=\"og:title\" content=\"AWS: Amazon amplia parceria com Nasdaq e Meta para servi\u00e7o de nuvem\" \/>\n<meta property=\"og:description\" content=\"A previs\u00e3o \u00e9 de que a migra\u00e7\u00e3o dos dados da Nasdaq para o servi\u00e7o de nuvem da Amazon, a AWS, tenham in\u00edcio em 2022. Clique aqui e leia mais.\" \/>\n<meta property=\"og:url\" content=\"https:\/\/www.suno.com.br\/noticias\/amazon-amzo34-amplia-parceria-nasdaq-meta-fbok34-servico-nuvem-aws\/\" \/>\n<meta property=\"og:site_name\" content=\"Suno Not\u00edcias\" \/>\n<meta property=\"article:publisher\" content=\"https:\/\/facebook.com\/sunoresearch\" \/>\n<meta property=\"og:image\" content=\"https:\/\/files.sunoresearch.com.br\/n\/uploads\/2021\/12\/DmQs7BAW0AAzSm4.jpg\" \/>\n\t<meta property=\"og:image:width\" content=\"1200\" \/>\n\t<meta property=\"og:image:height\" content=\"800\" \/>\n\t<meta property=\"og:image:type\" content=\"image\/jpeg\" \/>\n<meta name=\"author\" content=\"Eduardo Vargas\" \/>\n<meta name=\"twitter:card\" content=\"summary_large_image\" \/>\n<meta name=\"twitter:creator\" content=\"@sunoresearch\" \/>\n<meta name=\"twitter:site\" content=\"@sunoresearch\" \/>\n<meta name=\"twitter:label1\" content=\"Escrito por\" \/>\n\t<meta name=\"twitter:data1\" content=\"Eduardo Vargas\" \/>\n\t<meta name=\"twitter:label2\" content=\"Est. tempo de leitura\" \/>\n\t<meta name=\"twitter:data2\" content=\"2 minutos\" \/>\n<script type=\"application\/ld+json\" class=\"yoast-schema-graph\">{\"@context\":\"https:\/\/schema.org\",\"@graph\":[{\"@type\":\"NewsArticle\",\"@id\":\"https:\/\/www.suno.com.br\/noticias\/amazon-amzo34-amplia-parceria-nasdaq-meta-fbok34-servico-nuvem-aws\/#article\",\"isPartOf\":{\"@id\":\"https:\/\/www.suno.com.br\/noticias\/amazon-amzo34-amplia-parceria-nasdaq-meta-fbok34-servico-nuvem-aws\/\"},\"author\":{\"name\":\"Eduardo Vargas\",\"@id\":\"https:\/\/www.suno.com.br\/noticias\/#\/schema\/person\/7f4d362bf3518e76090143ae77bb49a5\"},\"headline\":\"Amazon (AMZO34) amplia parceria com Nasdaq e Meta (FBOK34) para servi\u00e7o de nuvem da AWS\",\"datePublished\":\"2021-12-03T16:26:39+00:00\",\"dateModified\":\"2021-12-03T16:39:07+00:00\",\"mainEntityOfPage\":{\"@id\":\"https:\/\/www.suno.com.br\/noticias\/amazon-amzo34-amplia-parceria-nasdaq-meta-fbok34-servico-nuvem-aws\/\"},\"wordCount\":495,\"publisher\":{\"@id\":\"https:\/\/www.suno.com.br\/noticias\/#organization\"},\"image\":{\"@id\":\"https:\/\/www.suno.com.br\/noticias\/amazon-amzo34-amplia-parceria-nasdaq-meta-fbok34-servico-nuvem-aws\/#primaryimage\"},\"thumbnailUrl\":\"https:\/\/files.sunoresearch.com.br\/n\/uploads\/2021\/12\/DmQs7BAW0AAzSm4.jpg\",\"keywords\":[\"Amazon (AMZO34)\",\"Amazon Web Services\",\"big techs\",\"Facebook (FBOK34)\",\"Nasdaq\",\"Tecnologia\"],\"articleSection\":[\"Mercado\"],\"inLanguage\":\"pt-BR\"},{\"@type\":\"WebPage\",\"@id\":\"https:\/\/www.suno.com.br\/noticias\/amazon-amzo34-amplia-parceria-nasdaq-meta-fbok34-servico-nuvem-aws\/\",\"url\":\"https:\/\/www.suno.com.br\/noticias\/amazon-amzo34-amplia-parceria-nasdaq-meta-fbok34-servico-nuvem-aws\/\",\"name\":\"AWS: Amazon amplia parceria com Nasdaq e Meta para servi\u00e7o de nuvem\",\"isPartOf\":{\"@id\":\"https:\/\/www.suno.com.br\/noticias\/#website\"},\"primaryImageOfPage\":{\"@id\":\"https:\/\/www.suno.com.br\/noticias\/amazon-amzo34-amplia-parceria-nasdaq-meta-fbok34-servico-nuvem-aws\/#primaryimage\"},\"image\":{\"@id\":\"https:\/\/www.suno.com.br\/noticias\/amazon-amzo34-amplia-parceria-nasdaq-meta-fbok34-servico-nuvem-aws\/#primaryimage\"},\"thumbnailUrl\":\"https:\/\/files.sunoresearch.com.br\/n\/uploads\/2021\/12\/DmQs7BAW0AAzSm4.jpg\",\"datePublished\":\"2021-12-03T16:26:39+00:00\",\"dateModified\":\"2021-12-03T16:39:07+00:00\",\"description\":\"A previs\u00e3o \u00e9 de que a migra\u00e7\u00e3o dos dados da Nasdaq para o servi\u00e7o de nuvem da Amazon, a AWS, tenham in\u00edcio em 2022. Clique aqui e leia mais.\",\"breadcrumb\":{\"@id\":\"https:\/\/www.suno.com.br\/noticias\/amazon-amzo34-amplia-parceria-nasdaq-meta-fbok34-servico-nuvem-aws\/#breadcrumb\"},\"inLanguage\":\"pt-BR\",\"potentialAction\":[{\"@type\":\"ReadAction\",\"target\":[\"https:\/\/www.suno.com.br\/noticias\/amazon-amzo34-amplia-parceria-nasdaq-meta-fbok34-servico-nuvem-aws\/\"]}]},{\"@type\":\"ImageObject\",\"inLanguage\":\"pt-BR\",\"@id\":\"https:\/\/www.suno.com.br\/noticias\/amazon-amzo34-amplia-parceria-nasdaq-meta-fbok34-servico-nuvem-aws\/#primaryimage\",\"url\":\"https:\/\/files.sunoresearch.com.br\/n\/uploads\/2021\/12\/DmQs7BAW0AAzSm4.jpg\",\"contentUrl\":\"https:\/\/files.sunoresearch.com.br\/n\/uploads\/2021\/12\/DmQs7BAW0AAzSm4.jpg\",\"width\":1200,\"height\":800,\"caption\":\"Amazon (AMZO34). Foto: Reprodu\u00e7\u00e3o\/Twitter\/Nelson Griggs\"},{\"@type\":\"BreadcrumbList\",\"@id\":\"https:\/\/www.suno.com.br\/noticias\/amazon-amzo34-amplia-parceria-nasdaq-meta-fbok34-servico-nuvem-aws\/#breadcrumb\",\"itemListElement\":[{\"@type\":\"ListItem\",\"position\":1,\"name\":\"Not\u00edcias\",\"item\":\"https:\/\/www.suno.com.br\/noticias\/\"},{\"@type\":\"ListItem\",\"position\":2,\"name\":\"Mercado\",\"item\":\"https:\/\/www.suno.com.br\/noticias\/mercado\/\"},{\"@type\":\"ListItem\",\"position\":3,\"name\":\"Amazon (AMZO34) amplia parceria com Nasdaq e Meta (FBOK34) para servi\u00e7o de nuvem da AWS\"}]},{\"@type\":\"WebSite\",\"@id\":\"https:\/\/www.suno.com.br\/noticias\/#website\",\"url\":\"https:\/\/www.suno.com.br\/noticias\/\",\"name\":\"Suno Not\u00edcias\",\"description\":\"Seu portal de informa\u00e7\u00e3o sobre o mundo dos investimentos\",\"publisher\":{\"@id\":\"https:\/\/www.suno.com.br\/noticias\/#organization\"},\"potentialAction\":[{\"@type\":\"SearchAction\",\"target\":{\"@type\":\"EntryPoint\",\"urlTemplate\":\"https:\/\/www.suno.com.br\/noticias\/?s={search_term_string}\"},\"query-input\":{\"@type\":\"PropertyValueSpecification\",\"valueRequired\":true,\"valueName\":\"search_term_string\"}}],\"inLanguage\":\"pt-BR\"},{\"@type\":\"Organization\",\"@id\":\"https:\/\/www.suno.com.br\/noticias\/#organization\",\"name\":\"Suno Not\u00edcias\",\"url\":\"https:\/\/www.suno.com.br\/noticias\/\",\"logo\":{\"@type\":\"ImageObject\",\"inLanguage\":\"pt-BR\",\"@id\":\"https:\/\/www.suno.com.br\/noticias\/#\/schema\/logo\/image\/\",\"url\":\"https:\/\/files.sunoresearch.com.br\/n\/uploads\/2021\/09\/suno-logo.png\",\"contentUrl\":\"https:\/\/files.sunoresearch.com.br\/n\/uploads\/2021\/09\/suno-logo.png\",\"width\":180,\"height\":180,\"caption\":\"Suno Not\u00edcias\"},\"image\":{\"@id\":\"https:\/\/www.suno.com.br\/noticias\/#\/schema\/logo\/image\/\"},\"sameAs\":[\"https:\/\/facebook.com\/sunoresearch\",\"https:\/\/x.com\/sunoresearch\",\"https:\/\/www.instagram.com\/suno\",\"https:\/\/www.linkedin.com\/company\/suno-research\/\",\"https:\/\/www.youtube.com\/c\/sunoresearch\"]},{\"@type\":\"Person\",\"@id\":\"https:\/\/www.suno.com.br\/noticias\/#\/schema\/person\/7f4d362bf3518e76090143ae77bb49a5\",\"name\":\"Eduardo Vargas\",\"image\":{\"@type\":\"ImageObject\",\"inLanguage\":\"pt-BR\",\"@id\":\"https:\/\/www.suno.com.br\/noticias\/#\/schema\/person\/image\/\",\"url\":\"https:\/\/secure.gravatar.com\/avatar\/dac340933427a22924c9f99d1eb2e3f2?s=96&r=g\",\"contentUrl\":\"https:\/\/secure.gravatar.com\/avatar\/dac340933427a22924c9f99d1eb2e3f2?s=96&r=g\",\"caption\":\"Eduardo Vargas\"},\"description\":\"Jornalista formado pela UFSC, cobre macroeconomia, neg\u00f3cios e startups para o Suno Not\u00edcias, escrevendo principalmente not\u00edcias sobre o mercado financeiro e a bolsa de valores. No YouTube e no Instagram, \u00e9 respons\u00e1vel pela produ\u00e7\u00e3o de Reels e Shorts do Suno Not\u00edcias. Anteriormente, trabalhou cobrindo economia e cotidiano no ND+ e para o ND, maior jornal impresso de Santa Catarina. Cursou um semestre letivo de Estudos de M\u00eddia na Universidad de Buenos Aires.\",\"url\":\"https:\/\/www.suno.com.br\/noticias\/author\/eduardo-vargas\/\"}]}<\/script>\n<!-- \/ Yoast SEO plugin. -->","yoast_head_json":{"title":"AWS: Amazon amplia parceria com Nasdaq e Meta para servi\u00e7o de nuvem","description":"A previs\u00e3o \u00e9 de que a migra\u00e7\u00e3o dos dados da Nasdaq para o servi\u00e7o de nuvem da Amazon, a AWS, tenham in\u00edcio em 2022. Clique aqui e leia mais.","robots":{"index":"index","follow":"follow","max-snippet":"max-snippet:-1","max-image-preview":"max-image-preview:large","max-video-preview":"max-video-preview:-1"},"canonical":"https:\/\/www.suno.com.br\/noticias\/amazon-amzo34-amplia-parceria-nasdaq-meta-fbok34-servico-nuvem-aws\/","og_locale":"pt_BR","og_type":"article","og_title":"AWS: Amazon amplia parceria com Nasdaq e Meta para servi\u00e7o de nuvem","og_description":"A previs\u00e3o \u00e9 de que a migra\u00e7\u00e3o dos dados da Nasdaq para o servi\u00e7o de nuvem da Amazon, a AWS, tenham in\u00edcio em 2022. Clique aqui e leia mais.","og_url":"https:\/\/www.suno.com.br\/noticias\/amazon-amzo34-amplia-parceria-nasdaq-meta-fbok34-servico-nuvem-aws\/","og_site_name":"Suno Not\u00edcias","article_publisher":"https:\/\/facebook.com\/sunoresearch","og_image":[{"width":1200,"height":800,"url":"https:\/\/files.sunoresearch.com.br\/n\/uploads\/2021\/12\/DmQs7BAW0AAzSm4.jpg","type":"image\/jpeg"}],"author":"Eduardo Vargas","twitter_card":"summary_large_image","twitter_creator":"@sunoresearch","twitter_site":"@sunoresearch","twitter_misc":{"Escrito por":"Eduardo Vargas","Est. tempo de leitura":"2 minutos"},"schema":{"@context":"https:\/\/schema.org","@graph":[{"@type":"NewsArticle","@id":"https:\/\/www.suno.com.br\/noticias\/amazon-amzo34-amplia-parceria-nasdaq-meta-fbok34-servico-nuvem-aws\/#article","isPartOf":{"@id":"https:\/\/www.suno.com.br\/noticias\/amazon-amzo34-amplia-parceria-nasdaq-meta-fbok34-servico-nuvem-aws\/"},"author":{"name":"Eduardo Vargas","@id":"https:\/\/www.suno.com.br\/noticias\/#\/schema\/person\/7f4d362bf3518e76090143ae77bb49a5"},"headline":"Amazon (AMZO34) amplia parceria com Nasdaq e Meta (FBOK34) para servi\u00e7o de nuvem da AWS","datePublished":"2021-12-03T16:26:39+00:00","dateModified":"2021-12-03T16:39:07+00:00","mainEntityOfPage":{"@id":"https:\/\/www.suno.com.br\/noticias\/amazon-amzo34-amplia-parceria-nasdaq-meta-fbok34-servico-nuvem-aws\/"},"wordCount":495,"publisher":{"@id":"https:\/\/www.suno.com.br\/noticias\/#organization"},"image":{"@id":"https:\/\/www.suno.com.br\/noticias\/amazon-amzo34-amplia-parceria-nasdaq-meta-fbok34-servico-nuvem-aws\/#primaryimage"},"thumbnailUrl":"https:\/\/files.sunoresearch.com.br\/n\/uploads\/2021\/12\/DmQs7BAW0AAzSm4.jpg","keywords":["Amazon (AMZO34)","Amazon Web Services","big techs","Facebook (FBOK34)","Nasdaq","Tecnologia"],"articleSection":["Mercado"],"inLanguage":"pt-BR"},{"@type":"WebPage","@id":"https:\/\/www.suno.com.br\/noticias\/amazon-amzo34-amplia-parceria-nasdaq-meta-fbok34-servico-nuvem-aws\/","url":"https:\/\/www.suno.com.br\/noticias\/amazon-amzo34-amplia-parceria-nasdaq-meta-fbok34-servico-nuvem-aws\/","name":"AWS: Amazon amplia parceria com Nasdaq e Meta para servi\u00e7o de nuvem","isPartOf":{"@id":"https:\/\/www.suno.com.br\/noticias\/#website"},"primaryImageOfPage":{"@id":"https:\/\/www.suno.com.br\/noticias\/amazon-amzo34-amplia-parceria-nasdaq-meta-fbok34-servico-nuvem-aws\/#primaryimage"},"image":{"@id":"https:\/\/www.suno.com.br\/noticias\/amazon-amzo34-amplia-parceria-nasdaq-meta-fbok34-servico-nuvem-aws\/#primaryimage"},"thumbnailUrl":"https:\/\/files.sunoresearch.com.br\/n\/uploads\/2021\/12\/DmQs7BAW0AAzSm4.jpg","datePublished":"2021-12-03T16:26:39+00:00","dateModified":"2021-12-03T16:39:07+00:00","description":"A previs\u00e3o \u00e9 de que a migra\u00e7\u00e3o dos dados da Nasdaq para o servi\u00e7o de nuvem da Amazon, a AWS, tenham in\u00edcio em 2022. Clique aqui e leia mais.","breadcrumb":{"@id":"https:\/\/www.suno.com.br\/noticias\/amazon-amzo34-amplia-parceria-nasdaq-meta-fbok34-servico-nuvem-aws\/#breadcrumb"},"inLanguage":"pt-BR","potentialAction":[{"@type":"ReadAction","target":["https:\/\/www.suno.com.br\/noticias\/amazon-amzo34-amplia-parceria-nasdaq-meta-fbok34-servico-nuvem-aws\/"]}]},{"@type":"ImageObject","inLanguage":"pt-BR","@id":"https:\/\/www.suno.com.br\/noticias\/amazon-amzo34-amplia-parceria-nasdaq-meta-fbok34-servico-nuvem-aws\/#primaryimage","url":"https:\/\/files.sunoresearch.com.br\/n\/uploads\/2021\/12\/DmQs7BAW0AAzSm4.jpg","contentUrl":"https:\/\/files.sunoresearch.com.br\/n\/uploads\/2021\/12\/DmQs7BAW0AAzSm4.jpg","width":1200,"height":800,"caption":"Amazon (AMZO34). Foto: Reprodu\u00e7\u00e3o\/Twitter\/Nelson Griggs"},{"@type":"BreadcrumbList","@id":"https:\/\/www.suno.com.br\/noticias\/amazon-amzo34-amplia-parceria-nasdaq-meta-fbok34-servico-nuvem-aws\/#breadcrumb","itemListElement":[{"@type":"ListItem","position":1,"name":"Not\u00edcias","item":"https:\/\/www.suno.com.br\/noticias\/"},{"@type":"ListItem","position":2,"name":"Mercado","item":"https:\/\/www.suno.com.br\/noticias\/mercado\/"},{"@type":"ListItem","position":3,"name":"Amazon (AMZO34) amplia parceria com Nasdaq e Meta (FBOK34) para servi\u00e7o de nuvem da AWS"}]},{"@type":"WebSite","@id":"https:\/\/www.suno.com.br\/noticias\/#website","url":"https:\/\/www.suno.com.br\/noticias\/","name":"Suno Not\u00edcias","description":"Seu portal de informa\u00e7\u00e3o sobre o mundo dos investimentos","publisher":{"@id":"https:\/\/www.suno.com.br\/noticias\/#organization"},"potentialAction":[{"@type":"SearchAction","target":{"@type":"EntryPoint","urlTemplate":"https:\/\/www.suno.com.br\/noticias\/?s={search_term_string}"},"query-input":{"@type":"PropertyValueSpecification","valueRequired":true,"valueName":"search_term_string"}}],"inLanguage":"pt-BR"},{"@type":"Organization","@id":"https:\/\/www.suno.com.br\/noticias\/#organization","name":"Suno Not\u00edcias","url":"https:\/\/www.suno.com.br\/noticias\/","logo":{"@type":"ImageObject","inLanguage":"pt-BR","@id":"https:\/\/www.suno.com.br\/noticias\/#\/schema\/logo\/image\/","url":"https:\/\/files.sunoresearch.com.br\/n\/uploads\/2021\/09\/suno-logo.png","contentUrl":"https:\/\/files.sunoresearch.com.br\/n\/uploads\/2021\/09\/suno-logo.png","width":180,"height":180,"caption":"Suno Not\u00edcias"},"image":{"@id":"https:\/\/www.suno.com.br\/noticias\/#\/schema\/logo\/image\/"},"sameAs":["https:\/\/facebook.com\/sunoresearch","https:\/\/x.com\/sunoresearch","https:\/\/www.instagram.com\/suno","https:\/\/www.linkedin.com\/company\/suno-research\/","https:\/\/www.youtube.com\/c\/sunoresearch"]},{"@type":"Person","@id":"https:\/\/www.suno.com.br\/noticias\/#\/schema\/person\/7f4d362bf3518e76090143ae77bb49a5","name":"Eduardo Vargas","image":{"@type":"ImageObject","inLanguage":"pt-BR","@id":"https:\/\/www.suno.com.br\/noticias\/#\/schema\/person\/image\/","url":"https:\/\/secure.gravatar.com\/avatar\/dac340933427a22924c9f99d1eb2e3f2?s=96&r=g","contentUrl":"https:\/\/secure.gravatar.com\/avatar\/dac340933427a22924c9f99d1eb2e3f2?s=96&r=g","caption":"Eduardo Vargas"},"description":"Jornalista formado pela UFSC, cobre macroeconomia, neg\u00f3cios e startups para o Suno Not\u00edcias, escrevendo principalmente not\u00edcias sobre o mercado financeiro e a bolsa de valores. No YouTube e no Instagram, \u00e9 respons\u00e1vel pela produ\u00e7\u00e3o de Reels e Shorts do Suno Not\u00edcias. Anteriormente, trabalhou cobrindo economia e cotidiano no ND+ e para o ND, maior jornal impresso de Santa Catarina. Cursou um semestre letivo de Estudos de M\u00eddia na Universidad de Buenos Aires.","url":"https:\/\/www.suno.com.br\/noticias\/author\/eduardo-vargas\/"}]}},"default_loop_html":"<div class=\"cardsPage__listCard__boxs\"><div class=\"cardsPage__listCard__boxs__img\"><a href=\"https:\/\/www.suno.com.br\/noticias\/amazon-visa-reino-unido-cartao-de-credito\/\"><img class=\"mask\" src=\"https:\/\/www.suno.com.br\/noticias\/wp-content\/themes\/suno\/resources\/images\/spotlight\/spotlight1img\/bg-mask.png\" alt=\"Image Mask\"\/><img src=\"https:\/\/files.sunoresearch.com.br\/n\/uploads\/2021\/01\/d98b3b42-https___specials-images.forbesimg.com_imageserve_965339482_0x0-400x200.webp\" alt=\"Amazon n\u00e3o ir\u00e1 mais aceitar cart\u00f5es Visa no Reino Unido\"\/><\/a><span class=\"spotlightCategory\"><a href=\"https:\/\/www.suno.com.br\/noticias\/internacional\/\">Internacional<\/a><\/span><\/div><div class=\"cardsPage__listCard__boxs__content\"><a href=\"https:\/\/www.suno.com.br\/noticias\/amazon-visa-reino-unido-cartao-de-credito\/\"><h2 class=\"content__title\">Amazon n\u00e3o ir\u00e1 mais aceitar cart\u00f5es Visa no Reino Unido<\/h2><\/a><div class=\"newsContent__article__meta\"><div class=\"newsContent__article__meta__authorBox\"><a href=\"https:\/\/www.suno.com.br\/noticias\/author\/eduardo-vargas\/\" class=\"authorBox__avatar noMobi\"><img src=\"https:\/\/secure.gravatar.com\/avatar\/dac340933427a22924c9f99d1eb2e3f2?s=96&#038;r=g\" alt=\"Eduardo Vargas\"><\/a><div class=\"authorBox__name\"><span>por\n\t\t\t<a href=\"https:\/\/www.suno.com.br\/noticias\/author\/eduardo-vargas\/\"><span itemprop=\"author\">Eduardo Vargas<\/span><\/a><\/span><time datetime=\"2021-11-18T08:15:15-03:00\" itemprop=\"datePublished\">18\/11\/2021 08:15<\/time><\/div><\/div><\/div><\/div><\/div>","single_layout":"posts","amp_enabled":true,"_links":{"self":[{"href":"https:\/\/www.suno.com.br\/noticias\/wp-json\/wp\/v2\/posts\/211755"}],"collection":[{"href":"https:\/\/www.suno.com.br\/noticias\/wp-json\/wp\/v2\/posts"}],"about":[{"href":"https:\/\/www.suno.com.br\/noticias\/wp-json\/wp\/v2\/types\/post"}],"author":[{"embeddable":true,"href":"https:\/\/www.suno.com.br\/noticias\/wp-json\/wp\/v2\/users\/73"}],"replies":[{"embeddable":true,"href":"https:\/\/www.suno.com.br\/noticias\/wp-json\/wp\/v2\/comments?post=211755"}],"version-history":[{"count":3,"href":"https:\/\/www.suno.com.br\/noticias\/wp-json\/wp\/v2\/posts\/211755\/revisions"}],"predecessor-version":[{"id":211799,"href":"https:\/\/www.suno.com.br\/noticias\/wp-json\/wp\/v2\/posts\/211755\/revisions\/211799"}],"wp:featuredmedia":[{"embeddable":true,"href":"https:\/\/www.suno.com.br\/noticias\/wp-json\/wp\/v2\/media\/211765"}],"wp:attachment":[{"href":"https:\/\/www.suno.com.br\/noticias\/wp-json\/wp\/v2\/media?parent=211755"}],"wp:term":[{"taxonomy":"category","embeddable":true,"href":"https:\/\/www.suno.com.br\/noticias\/wp-json\/wp\/v2\/categories?post=211755"},{"taxonomy":"post_tag","embeddable":true,"href":"https:\/\/www.suno.com.br\/noticias\/wp-json\/wp\/v2\/tags?post=211755"},{"taxonomy":"suno_strategy","embeddable":true,"href":"https:\/\/www.suno.com.br\/noticias\/wp-json\/wp\/v2\/suno_strategy?post=211755"}],"curies":[{"name":"wp","href":"https:\/\/api.w.org\/{rel}","templated":true}]}}