{"id":211657,"date":"2021-12-03T08:30:56","date_gmt":"2021-12-03T11:30:56","guid":{"rendered":"https:\/\/www.suno.com.br\/noticias\/?p=211657"},"modified":"2021-12-03T08:30:56","modified_gmt":"2021-12-03T11:30:56","slug":"vamos-vamo3-dividendos-jcp-dezembro-2021","status":"publish","type":"post","link":"https:\/\/www.suno.com.br\/noticias\/vamos-vamo3-dividendos-jcp-dezembro-2021\/","title":{"rendered":"Vamos (VAMO3) pagar\u00e1 R$ 148 milh\u00f5es em dividendos e R$ 46 milh\u00f5es em JCP"},"content":{"rendered":"<p>A <a href=\"https:\/\/www.suno.com.br\/acoes\/VAMO3\/\"><strong>Vamos<\/strong> (VAMO3)<\/a> pagar\u00e1 um total de R$ 190 milh\u00f5es em proventos aos seus acionistas, segundo documento arquivado na <a class=\"suno-keyword\" href=\"https:\/\/www.suno.com.br\/artigos\/cvm\/\" target=\"_blank\" rel=\"noopener\" data-force=\"no\" data-priority=\"2\">Comiss\u00e3o de Valores Mobili\u00e1rios (CVM)<\/a> nesta quinta-feira (2).<\/p>\t<div class=\"wrapper-featured-image\">\n\t\t<figure class=\"spotlightImg\">\n\n\t\t\t<picture>\n\t\t\t\t<source media=\"(max-width: 768px)\" srcset=\"https:\/\/files.sunoresearch.com.br\/n\/uploads\/2021\/07\/a04ea997-truck-2920533_1920-400x200.webp\">\n\t\t\t\t<img loading=\"lazy\" decoding=\"async\" class=\"newsContent__article__imgCapa lazyloadDisabled \" src=\"https:\/\/files.sunoresearch.com.br\/n\/uploads\/2021\/07\/a04ea997-truck-2920533_1920-800x450.webp\" width=\"800\" height=\"450\" alt=\"Vamos (VAMO3) pagar\u00e1 R$ 148 milh\u00f5es em dividendos e R$ 46 milh\u00f5es em JCP\" fetchpriority=high \/>\n\t\t\t<\/picture>\n\n\t\t\t<figcaption class=\"wp-caption-text wp-caption-text--show\">Vamos (VAMO3): Foto: Pixabay. <\/figcaption>\n\t\t<\/figure>\n\t<\/div>\n\n\n\t<p>\n\t\t<a href=\"https:\/\/lp.suno.com.br\/planilha-controle-gastos\/\" target=\"_blank\" data-element=\"shortcode-suno-banner\" title=\"Banner SUNO, clique e saiba mais\">\n\t\t\t<picture>\n\t\t\t\t<source media=\"(max-width: 500px)\" srcset=\"https:\/\/files.sunoresearch.com.br\/n\/uploads\/2023\/03\/400x300-Planilha-controle-de-gastos.png\">\n\t\t\t\t<img class=\"newsContent__article__imgCapa newsContent__article__imgCapa--banner\"\n\t\t\t\t\tsrc=\"https:\/\/files.sunoresearch.com.br\/n\/uploads\/2023\/03\/1420x240-Planilha-controle-de-gastos.png\"\n\t\t\t\t\tdata-promo-id=\"101751\"\t\t\t\t\t\t\t\t\t\twidth='1420' height='240'\t\t\t\t\talt=\"https:\/\/files.sunoresearch.com.br\/n\/uploads\/2023\/03\/1420x240-Planilha-controle-de-gastos.png\"\n\t\t\t\t>\n\t\t\t<\/picture>\n\t\t<\/a>\n\t<\/p>\n\n\n<p>O valor dos proventos por <strong>a\u00e7\u00e3o da Vamos<\/strong> ser\u00e1 de R$ 143 milh\u00f5es por meio de <strong><a class=\"suno-keyword\" href=\"https:\/\/www.suno.com.br\/guias\/dividendos\/\" target=\"_blank\" rel=\"noopener\" data-force=\"no\" data-priority=\"1\">dividendos<\/a><\/strong>, sendo R$ 0,148402255 por a\u00e7\u00e3o, e de R$ 46,2 milh\u00f5es de Juros Sobre Capita Pr\u00f3prio (JCP), correspondendo a R$ 0,047678610 por a\u00e7\u00e3o.<\/p>\n<p>Segundo a companhia, a\u00a0data de <strong>pagamento dos dividendos<\/strong> e do <strong>JCP<\/strong> \u00e9 at\u00e9 30 de dezembro de 2021 e o referido pagamento ser\u00e1 feito \u201cad referendum\u201d da <a class=\"suno-keyword\" href=\"https:\/\/www.suno.com.br\/artigos\/assembleia-geral-ordinaria\/\" target=\"_blank\" rel=\"noopener\" data-force=\"no\" data-priority=\"1\">Assembleia Geral Ordin\u00e1ria<\/a> convocada para aprovar as <a class=\"suno-keyword\" href=\"https:\/\/www.suno.com.br\/artigos\/demonstracoes-financeiras\/\" target=\"_blank\" rel=\"noopener\" data-force=\"no\" data-priority=\"1\">demonstra\u00e7\u00f5es financeiras<\/a> do exerc\u00edcio de 2021.<\/p>\n<p>Apenas os investidores com a\u00e7\u00f5es da companhia at\u00e9 o fim do preg\u00e3o do dia 7 de dezembro receber\u00e3o os proventos. Desta forma, na pr\u00f3xima quarta, dia 8, os pap\u00e9is passa a ser negociados ex-dividendos.<\/p>\n\t<div data-element=\"shortcode-read-more\" class=\"knowMore\">\n\t\t\t\t<span class=\"knowMore__title\">Leia mais<\/span>\n\t\t\t\t<a class=\"knowMore__link\" href=\"https:\/\/www.suno.com.br\/noticias\/dividendos-da-taesa-taee11-e-da-braskem-brkm5-chamam-atencao\/\">\n\t\t\tDividendos da Taesa (TAEE11) e da Braskem (BRKM5) chamam aten\u00e7\u00e3o\t\t<\/a>\n\t<\/div>\n\n\n<p>A companhia frisa que os <strong>dividendos da Vamos<\/strong> e o JCP &#8220;ser\u00e3o imputados aos dividendos obrigat\u00f3rios relativos ao exerc\u00edcio de 2021&#8221;.<\/p>\n<p>Segundo o seu \u00faltimo <a class=\"suno-keyword\" href=\"https:\/\/www.suno.com.br\/artigos\/resultado-financeiro\/\" target=\"_blank\" rel=\"noopener\" data-force=\"no\" data-priority=\"1\">resultado financeiro<\/a>, a empresa teve, no terceiro trimestre, um <a class=\"suno-keyword\" href=\"https:\/\/www.suno.com.br\/artigos\/lucro-liquido\/\" target=\"_blank\" rel=\"noopener\" data-force=\"no\" data-priority=\"1\">lucro l\u00edquido<\/a> recorde de R$ 111,4 milh\u00f5es, com alta de 127,4% na compara\u00e7\u00e3o com o mesmo per\u00edodo no ano passado.<\/p>\n<p>A\u00a0<strong><a class=\"suno-keyword\" href=\"https:\/\/www.suno.com.br\/artigos\/o-que-receita-liquida\/\" target=\"_blank\" rel=\"noopener\" data-force=\"no\" data-priority=\"1\">receita l\u00edquida<\/a> <\/strong>locadora de caminh\u00f5es tamb\u00e9m apresentou crescimento no per\u00edodo, alta de 78,7%% na compara\u00e7\u00e3o com o terceiro trimestre de 2020.<\/p>\n\t<p>\n\t\t<a href=\"\" target=\"_blank\" data-element=\"shortcode-suno-banner\" title=\"Banner SUNO, clique e saiba mais\">\n\t\t\t<picture>\n\t\t\t\t<source media=\"(max-width: 500px)\" srcset=\"\">\n\t\t\t\t<img class=\"newsContent__article__imgCapa newsContent__article__imgCapa--banner\"\n\t\t\t\t\tsrc=\"\"\n\t\t\t\t\tdata-promo-id=\"89005\"\t\t\t\t\t\t\t\t\t\t\t\t\t\t\talt=\"\"\n\t\t\t\t>\n\t\t\t<\/picture>\n\t\t<\/a>\n\t<\/p>\n\n\n<p>\u201cAceleramos ainda mais nosso ritmo de crescimento nos diferentes segmentos de neg\u00f3cios, passando pela expans\u00e3o da frota locada, aumento dos investimentos em novos contratos de loca\u00e7\u00e3o, diversifica\u00e7\u00e3o da nossa carteira de clientes, crescimento da receita l\u00edquida, lucro l\u00edquido e Ebitda\u201d, consta no\u00a0<strong>balan\u00e7o da Vamos<\/strong>.<\/p>\n<h2>Dividendos da Vamos<\/h2>\n<ul>\n<li>Valor total: R$ 143.800.000,00<\/li>\n<li>Valor por a\u00e7\u00e3o: R$ 0,148402255<\/li>\n<li>Data de corte: 07 de dezembro de 20211<\/li>\n<li>Data do pagamento: At\u00e9 dia 30 de dezembro<\/li>\n<\/ul>\n\t<p>\n\t\t<a href=\"\" target=\"_blank\" data-element=\"shortcode-suno-banner\" title=\"Banner SUNO, clique e saiba mais\">\n\t\t\t<picture>\n\t\t\t\t<source media=\"(max-width: 500px)\" srcset=\"\">\n\t\t\t\t<img class=\"newsContent__article__imgCapa newsContent__article__imgCapa--banner\"\n\t\t\t\t\tsrc=\"\"\n\t\t\t\t\tdata-promo-id=\"77053\"\t\t\t\t\t\t\t\t\t\t\t\t\t\t\talt=\"\"\n\t\t\t\t>\n\t\t\t<\/picture>\n\t\t<\/a>\n\t<\/p>\n\n\n<h2>JCP da Vamos<\/h2>\n<ul>\n<li>Valor total: R$ 46.200.000,00<\/li>\n<li>Valor por a\u00e7\u00e3o: R$ 0,047678610<\/li>\n<li>Data de corte: 07 de dezembro de 20211<\/li>\n<li>Data do pagamento: At\u00e9 dia 30 de dezembro<\/li>\n<\/ul>\n<h2>Cota\u00e7\u00e3o de VAMO3<\/h2>\n<p>No preg\u00e3o de quinta (2), a cota\u00e7\u00e3o das a\u00e7\u00f5es da <strong>Vamos<\/strong> subiu 1,29% cotada a R$ 10,98.\u00a0 No ano, o papel acumula uma alta de 41,1% nos seus pap\u00e9is ordin\u00e1rios.<\/p>\n\t<p>\n\t\t<a href=\"https:\/\/lp.suno.com.br\/planilha-de-controle-de-investimentos\/\" target=\"_blank\" data-element=\"shortcode-suno-banner\" title=\"Banner SUNO, clique e saiba mais\">\n\t\t\t<picture>\n\t\t\t\t<source media=\"(max-width: 500px)\" srcset=\"https:\/\/files.sunoresearch.com.br\/n\/uploads\/2023\/03\/400x300-Controle-de-Investimentos.png\">\n\t\t\t\t<img class=\"newsContent__article__imgCapa newsContent__article__imgCapa--banner\"\n\t\t\t\t\tsrc=\"https:\/\/files.sunoresearch.com.br\/n\/uploads\/2023\/03\/1420x240-Controle-de-Investimentos.png\"\n\t\t\t\t\tdata-promo-id=\"75934\"\t\t\t\t\t\t\t\t\t\twidth='1420' height='240'\t\t\t\t\talt=\"https:\/\/files.sunoresearch.com.br\/n\/uploads\/2023\/03\/1420x240-Controle-de-Investimentos.png\"\n\t\t\t\t>\n\t\t\t<\/picture>\n\t\t<\/a>\n\t<\/p>\n\n\n","protected":false},"excerpt":{"rendered":"<p>A Vamos (VAMO3) pagar\u00e1 um total de R$ 190 milh\u00f5es em proventos aos seus acionistas, segundo documento arquivado na Comiss\u00e3o de Valores Mobili\u00e1rios (CVM) nesta quinta-feira (2). Vamos (VAMO3): Foto: Pixabay. O valor dos proventos por a\u00e7\u00e3o da Vamos ser\u00e1 de R$ 143 milh\u00f5es por meio de dividendos, sendo R$ 0,148402255 por a\u00e7\u00e3o, e de [&hellip;]<\/p>\n","protected":false},"author":73,"featured_media":162861,"comment_status":"closed","ping_status":"closed","sticky":false,"template":"","format":"standard","meta":[],"categories":[64],"tags":[295,1957,104804,105973],"suno_strategy":[],"class_list":["post-211657","post","type-post","status-publish","format-standard","has-post-thumbnail","hentry","category-negocios","tag-dividendos","tag-juros-sobre-capital-proprio-jcp","tag-proventos","tag-vamos-vamo3"],"yoast_head":"<!-- This site is optimized with the Yoast SEO plugin v24.4 - https:\/\/yoast.com\/wordpress\/plugins\/seo\/ -->\n<title>Vamos (VAMO3) pagar\u00e1 R$ 148 milh\u00f5es em dividendos<\/title>\n<meta name=\"description\" content=\"A Vamos anunciou uma distribui\u00e7\u00e3o de R$ 148 milh\u00f5es em dividendos aos acionistas e R$ 46 milh\u00f5es em JCP. Clique aqui e leia mais.\" \/>\n<meta name=\"robots\" content=\"index, follow, max-snippet:-1, max-image-preview:large, max-video-preview:-1\" \/>\n<link rel=\"canonical\" href=\"https:\/\/www.suno.com.br\/noticias\/vamos-vamo3-dividendos-jcp-dezembro-2021\/\" \/>\n<meta property=\"og:locale\" content=\"pt_BR\" \/>\n<meta property=\"og:type\" content=\"article\" \/>\n<meta property=\"og:title\" content=\"Vamos (VAMO3) pagar\u00e1 R$ 148 milh\u00f5es em dividendos\" \/>\n<meta property=\"og:description\" content=\"A Vamos anunciou uma distribui\u00e7\u00e3o de R$ 148 milh\u00f5es em dividendos aos acionistas e R$ 46 milh\u00f5es em JCP. Clique aqui e leia mais.\" \/>\n<meta property=\"og:url\" content=\"https:\/\/www.suno.com.br\/noticias\/vamos-vamo3-dividendos-jcp-dezembro-2021\/\" \/>\n<meta property=\"og:site_name\" content=\"Suno Not\u00edcias\" \/>\n<meta property=\"article:publisher\" content=\"https:\/\/facebook.com\/sunoresearch\" \/>\n<meta property=\"og:image\" content=\"https:\/\/files.sunoresearch.com.br\/n\/uploads\/2021\/07\/a04ea997-truck-2920533_1920.jpg\" \/>\n\t<meta property=\"og:image:width\" content=\"1920\" \/>\n\t<meta property=\"og:image:height\" content=\"1292\" \/>\n\t<meta property=\"og:image:type\" content=\"image\/jpeg\" \/>\n<meta name=\"author\" content=\"Eduardo Vargas\" \/>\n<meta name=\"twitter:card\" content=\"summary_large_image\" \/>\n<meta name=\"twitter:creator\" content=\"@sunoresearch\" \/>\n<meta name=\"twitter:site\" content=\"@sunoresearch\" \/>\n<meta name=\"twitter:label1\" content=\"Escrito por\" \/>\n\t<meta name=\"twitter:data1\" content=\"Eduardo Vargas\" \/>\n\t<meta name=\"twitter:label2\" content=\"Est. tempo de leitura\" \/>\n\t<meta name=\"twitter:data2\" content=\"2 minutos\" \/>\n<script type=\"application\/ld+json\" class=\"yoast-schema-graph\">{\"@context\":\"https:\/\/schema.org\",\"@graph\":[{\"@type\":\"NewsArticle\",\"@id\":\"https:\/\/www.suno.com.br\/noticias\/vamos-vamo3-dividendos-jcp-dezembro-2021\/#article\",\"isPartOf\":{\"@id\":\"https:\/\/www.suno.com.br\/noticias\/vamos-vamo3-dividendos-jcp-dezembro-2021\/\"},\"author\":{\"name\":\"Eduardo Vargas\",\"@id\":\"https:\/\/www.suno.com.br\/noticias\/#\/schema\/person\/7f4d362bf3518e76090143ae77bb49a5\"},\"headline\":\"Vamos (VAMO3) pagar\u00e1 R$ 148 milh\u00f5es em dividendos e R$ 46 milh\u00f5es em JCP\",\"datePublished\":\"2021-12-03T11:30:56+00:00\",\"mainEntityOfPage\":{\"@id\":\"https:\/\/www.suno.com.br\/noticias\/vamos-vamo3-dividendos-jcp-dezembro-2021\/\"},\"wordCount\":397,\"publisher\":{\"@id\":\"https:\/\/www.suno.com.br\/noticias\/#organization\"},\"image\":{\"@id\":\"https:\/\/www.suno.com.br\/noticias\/vamos-vamo3-dividendos-jcp-dezembro-2021\/#primaryimage\"},\"thumbnailUrl\":\"https:\/\/files.sunoresearch.com.br\/n\/uploads\/2021\/07\/a04ea997-truck-2920533_1920-jpg.webp\",\"keywords\":[\"dividendos\",\"juros sobre capital pr\u00f3prio (JCP)\",\"proventos\",\"Vamos (VAMO3)\"],\"articleSection\":[\"Neg\u00f3cios\"],\"inLanguage\":\"pt-BR\"},{\"@type\":\"WebPage\",\"@id\":\"https:\/\/www.suno.com.br\/noticias\/vamos-vamo3-dividendos-jcp-dezembro-2021\/\",\"url\":\"https:\/\/www.suno.com.br\/noticias\/vamos-vamo3-dividendos-jcp-dezembro-2021\/\",\"name\":\"Vamos (VAMO3) pagar\u00e1 R$ 148 milh\u00f5es em dividendos\",\"isPartOf\":{\"@id\":\"https:\/\/www.suno.com.br\/noticias\/#website\"},\"primaryImageOfPage\":{\"@id\":\"https:\/\/www.suno.com.br\/noticias\/vamos-vamo3-dividendos-jcp-dezembro-2021\/#primaryimage\"},\"image\":{\"@id\":\"https:\/\/www.suno.com.br\/noticias\/vamos-vamo3-dividendos-jcp-dezembro-2021\/#primaryimage\"},\"thumbnailUrl\":\"https:\/\/files.sunoresearch.com.br\/n\/uploads\/2021\/07\/a04ea997-truck-2920533_1920-jpg.webp\",\"datePublished\":\"2021-12-03T11:30:56+00:00\",\"description\":\"A Vamos anunciou uma distribui\u00e7\u00e3o de R$ 148 milh\u00f5es em dividendos aos acionistas e R$ 46 milh\u00f5es em JCP. Clique aqui e leia mais.\",\"breadcrumb\":{\"@id\":\"https:\/\/www.suno.com.br\/noticias\/vamos-vamo3-dividendos-jcp-dezembro-2021\/#breadcrumb\"},\"inLanguage\":\"pt-BR\",\"potentialAction\":[{\"@type\":\"ReadAction\",\"target\":[\"https:\/\/www.suno.com.br\/noticias\/vamos-vamo3-dividendos-jcp-dezembro-2021\/\"]}]},{\"@type\":\"ImageObject\",\"inLanguage\":\"pt-BR\",\"@id\":\"https:\/\/www.suno.com.br\/noticias\/vamos-vamo3-dividendos-jcp-dezembro-2021\/#primaryimage\",\"url\":\"https:\/\/files.sunoresearch.com.br\/n\/uploads\/2021\/07\/a04ea997-truck-2920533_1920-jpg.webp\",\"contentUrl\":\"https:\/\/files.sunoresearch.com.br\/n\/uploads\/2021\/07\/a04ea997-truck-2920533_1920-jpg.webp\",\"width\":1920,\"height\":1292,\"caption\":\"Vamos (VAMO3): Foto: Pixabay.\"},{\"@type\":\"BreadcrumbList\",\"@id\":\"https:\/\/www.suno.com.br\/noticias\/vamos-vamo3-dividendos-jcp-dezembro-2021\/#breadcrumb\",\"itemListElement\":[{\"@type\":\"ListItem\",\"position\":1,\"name\":\"Not\u00edcias\",\"item\":\"https:\/\/www.suno.com.br\/noticias\/\"},{\"@type\":\"ListItem\",\"position\":2,\"name\":\"Neg\u00f3cios\",\"item\":\"https:\/\/www.suno.com.br\/noticias\/negocios\/\"},{\"@type\":\"ListItem\",\"position\":3,\"name\":\"Vamos (VAMO3) pagar\u00e1 R$ 148 milh\u00f5es em dividendos e R$ 46 milh\u00f5es em JCP\"}]},{\"@type\":\"WebSite\",\"@id\":\"https:\/\/www.suno.com.br\/noticias\/#website\",\"url\":\"https:\/\/www.suno.com.br\/noticias\/\",\"name\":\"Suno Not\u00edcias\",\"description\":\"Seu portal de informa\u00e7\u00e3o sobre o mundo dos investimentos\",\"publisher\":{\"@id\":\"https:\/\/www.suno.com.br\/noticias\/#organization\"},\"potentialAction\":[{\"@type\":\"SearchAction\",\"target\":{\"@type\":\"EntryPoint\",\"urlTemplate\":\"https:\/\/www.suno.com.br\/noticias\/?s={search_term_string}\"},\"query-input\":{\"@type\":\"PropertyValueSpecification\",\"valueRequired\":true,\"valueName\":\"search_term_string\"}}],\"inLanguage\":\"pt-BR\"},{\"@type\":\"Organization\",\"@id\":\"https:\/\/www.suno.com.br\/noticias\/#organization\",\"name\":\"Suno Not\u00edcias\",\"url\":\"https:\/\/www.suno.com.br\/noticias\/\",\"logo\":{\"@type\":\"ImageObject\",\"inLanguage\":\"pt-BR\",\"@id\":\"https:\/\/www.suno.com.br\/noticias\/#\/schema\/logo\/image\/\",\"url\":\"https:\/\/files.sunoresearch.com.br\/n\/uploads\/2021\/09\/suno-logo.png\",\"contentUrl\":\"https:\/\/files.sunoresearch.com.br\/n\/uploads\/2021\/09\/suno-logo.png\",\"width\":180,\"height\":180,\"caption\":\"Suno Not\u00edcias\"},\"image\":{\"@id\":\"https:\/\/www.suno.com.br\/noticias\/#\/schema\/logo\/image\/\"},\"sameAs\":[\"https:\/\/facebook.com\/sunoresearch\",\"https:\/\/x.com\/sunoresearch\",\"https:\/\/www.instagram.com\/suno\",\"https:\/\/www.linkedin.com\/company\/suno-research\/\",\"https:\/\/www.youtube.com\/c\/sunoresearch\"]},{\"@type\":\"Person\",\"@id\":\"https:\/\/www.suno.com.br\/noticias\/#\/schema\/person\/7f4d362bf3518e76090143ae77bb49a5\",\"name\":\"Eduardo Vargas\",\"image\":{\"@type\":\"ImageObject\",\"inLanguage\":\"pt-BR\",\"@id\":\"https:\/\/www.suno.com.br\/noticias\/#\/schema\/person\/image\/\",\"url\":\"https:\/\/secure.gravatar.com\/avatar\/dac340933427a22924c9f99d1eb2e3f2?s=96&r=g\",\"contentUrl\":\"https:\/\/secure.gravatar.com\/avatar\/dac340933427a22924c9f99d1eb2e3f2?s=96&r=g\",\"caption\":\"Eduardo Vargas\"},\"description\":\"Jornalista formado pela UFSC, cobre macroeconomia, neg\u00f3cios e startups para o Suno Not\u00edcias, escrevendo principalmente not\u00edcias sobre o mercado financeiro e a bolsa de valores. No YouTube e no Instagram, \u00e9 respons\u00e1vel pela produ\u00e7\u00e3o de Reels e Shorts do Suno Not\u00edcias. Anteriormente, trabalhou cobrindo economia e cotidiano no ND+ e para o ND, maior jornal impresso de Santa Catarina. Cursou um semestre letivo de Estudos de M\u00eddia na Universidad de Buenos Aires.\",\"url\":\"https:\/\/www.suno.com.br\/noticias\/author\/eduardo-vargas\/\"}]}<\/script>\n<!-- \/ Yoast SEO plugin. -->","yoast_head_json":{"title":"Vamos (VAMO3) pagar\u00e1 R$ 148 milh\u00f5es em dividendos","description":"A Vamos anunciou uma distribui\u00e7\u00e3o de R$ 148 milh\u00f5es em dividendos aos acionistas e R$ 46 milh\u00f5es em JCP. Clique aqui e leia mais.","robots":{"index":"index","follow":"follow","max-snippet":"max-snippet:-1","max-image-preview":"max-image-preview:large","max-video-preview":"max-video-preview:-1"},"canonical":"https:\/\/www.suno.com.br\/noticias\/vamos-vamo3-dividendos-jcp-dezembro-2021\/","og_locale":"pt_BR","og_type":"article","og_title":"Vamos (VAMO3) pagar\u00e1 R$ 148 milh\u00f5es em dividendos","og_description":"A Vamos anunciou uma distribui\u00e7\u00e3o de R$ 148 milh\u00f5es em dividendos aos acionistas e R$ 46 milh\u00f5es em JCP. Clique aqui e leia mais.","og_url":"https:\/\/www.suno.com.br\/noticias\/vamos-vamo3-dividendos-jcp-dezembro-2021\/","og_site_name":"Suno Not\u00edcias","article_publisher":"https:\/\/facebook.com\/sunoresearch","og_image":[{"width":1920,"height":1292,"url":"https:\/\/files.sunoresearch.com.br\/n\/uploads\/2021\/07\/a04ea997-truck-2920533_1920.jpg","type":"image\/jpeg"}],"author":"Eduardo Vargas","twitter_card":"summary_large_image","twitter_creator":"@sunoresearch","twitter_site":"@sunoresearch","twitter_misc":{"Escrito por":"Eduardo Vargas","Est. tempo de leitura":"2 minutos"},"schema":{"@context":"https:\/\/schema.org","@graph":[{"@type":"NewsArticle","@id":"https:\/\/www.suno.com.br\/noticias\/vamos-vamo3-dividendos-jcp-dezembro-2021\/#article","isPartOf":{"@id":"https:\/\/www.suno.com.br\/noticias\/vamos-vamo3-dividendos-jcp-dezembro-2021\/"},"author":{"name":"Eduardo Vargas","@id":"https:\/\/www.suno.com.br\/noticias\/#\/schema\/person\/7f4d362bf3518e76090143ae77bb49a5"},"headline":"Vamos (VAMO3) pagar\u00e1 R$ 148 milh\u00f5es em dividendos e R$ 46 milh\u00f5es em JCP","datePublished":"2021-12-03T11:30:56+00:00","mainEntityOfPage":{"@id":"https:\/\/www.suno.com.br\/noticias\/vamos-vamo3-dividendos-jcp-dezembro-2021\/"},"wordCount":397,"publisher":{"@id":"https:\/\/www.suno.com.br\/noticias\/#organization"},"image":{"@id":"https:\/\/www.suno.com.br\/noticias\/vamos-vamo3-dividendos-jcp-dezembro-2021\/#primaryimage"},"thumbnailUrl":"https:\/\/files.sunoresearch.com.br\/n\/uploads\/2021\/07\/a04ea997-truck-2920533_1920-jpg.webp","keywords":["dividendos","juros sobre capital pr\u00f3prio (JCP)","proventos","Vamos (VAMO3)"],"articleSection":["Neg\u00f3cios"],"inLanguage":"pt-BR"},{"@type":"WebPage","@id":"https:\/\/www.suno.com.br\/noticias\/vamos-vamo3-dividendos-jcp-dezembro-2021\/","url":"https:\/\/www.suno.com.br\/noticias\/vamos-vamo3-dividendos-jcp-dezembro-2021\/","name":"Vamos (VAMO3) pagar\u00e1 R$ 148 milh\u00f5es em dividendos","isPartOf":{"@id":"https:\/\/www.suno.com.br\/noticias\/#website"},"primaryImageOfPage":{"@id":"https:\/\/www.suno.com.br\/noticias\/vamos-vamo3-dividendos-jcp-dezembro-2021\/#primaryimage"},"image":{"@id":"https:\/\/www.suno.com.br\/noticias\/vamos-vamo3-dividendos-jcp-dezembro-2021\/#primaryimage"},"thumbnailUrl":"https:\/\/files.sunoresearch.com.br\/n\/uploads\/2021\/07\/a04ea997-truck-2920533_1920-jpg.webp","datePublished":"2021-12-03T11:30:56+00:00","description":"A Vamos anunciou uma distribui\u00e7\u00e3o de R$ 148 milh\u00f5es em dividendos aos acionistas e R$ 46 milh\u00f5es em JCP. Clique aqui e leia mais.","breadcrumb":{"@id":"https:\/\/www.suno.com.br\/noticias\/vamos-vamo3-dividendos-jcp-dezembro-2021\/#breadcrumb"},"inLanguage":"pt-BR","potentialAction":[{"@type":"ReadAction","target":["https:\/\/www.suno.com.br\/noticias\/vamos-vamo3-dividendos-jcp-dezembro-2021\/"]}]},{"@type":"ImageObject","inLanguage":"pt-BR","@id":"https:\/\/www.suno.com.br\/noticias\/vamos-vamo3-dividendos-jcp-dezembro-2021\/#primaryimage","url":"https:\/\/files.sunoresearch.com.br\/n\/uploads\/2021\/07\/a04ea997-truck-2920533_1920-jpg.webp","contentUrl":"https:\/\/files.sunoresearch.com.br\/n\/uploads\/2021\/07\/a04ea997-truck-2920533_1920-jpg.webp","width":1920,"height":1292,"caption":"Vamos (VAMO3): Foto: Pixabay."},{"@type":"BreadcrumbList","@id":"https:\/\/www.suno.com.br\/noticias\/vamos-vamo3-dividendos-jcp-dezembro-2021\/#breadcrumb","itemListElement":[{"@type":"ListItem","position":1,"name":"Not\u00edcias","item":"https:\/\/www.suno.com.br\/noticias\/"},{"@type":"ListItem","position":2,"name":"Neg\u00f3cios","item":"https:\/\/www.suno.com.br\/noticias\/negocios\/"},{"@type":"ListItem","position":3,"name":"Vamos (VAMO3) pagar\u00e1 R$ 148 milh\u00f5es em dividendos e R$ 46 milh\u00f5es em JCP"}]},{"@type":"WebSite","@id":"https:\/\/www.suno.com.br\/noticias\/#website","url":"https:\/\/www.suno.com.br\/noticias\/","name":"Suno Not\u00edcias","description":"Seu portal de informa\u00e7\u00e3o sobre o mundo dos investimentos","publisher":{"@id":"https:\/\/www.suno.com.br\/noticias\/#organization"},"potentialAction":[{"@type":"SearchAction","target":{"@type":"EntryPoint","urlTemplate":"https:\/\/www.suno.com.br\/noticias\/?s={search_term_string}"},"query-input":{"@type":"PropertyValueSpecification","valueRequired":true,"valueName":"search_term_string"}}],"inLanguage":"pt-BR"},{"@type":"Organization","@id":"https:\/\/www.suno.com.br\/noticias\/#organization","name":"Suno Not\u00edcias","url":"https:\/\/www.suno.com.br\/noticias\/","logo":{"@type":"ImageObject","inLanguage":"pt-BR","@id":"https:\/\/www.suno.com.br\/noticias\/#\/schema\/logo\/image\/","url":"https:\/\/files.sunoresearch.com.br\/n\/uploads\/2021\/09\/suno-logo.png","contentUrl":"https:\/\/files.sunoresearch.com.br\/n\/uploads\/2021\/09\/suno-logo.png","width":180,"height":180,"caption":"Suno Not\u00edcias"},"image":{"@id":"https:\/\/www.suno.com.br\/noticias\/#\/schema\/logo\/image\/"},"sameAs":["https:\/\/facebook.com\/sunoresearch","https:\/\/x.com\/sunoresearch","https:\/\/www.instagram.com\/suno","https:\/\/www.linkedin.com\/company\/suno-research\/","https:\/\/www.youtube.com\/c\/sunoresearch"]},{"@type":"Person","@id":"https:\/\/www.suno.com.br\/noticias\/#\/schema\/person\/7f4d362bf3518e76090143ae77bb49a5","name":"Eduardo Vargas","image":{"@type":"ImageObject","inLanguage":"pt-BR","@id":"https:\/\/www.suno.com.br\/noticias\/#\/schema\/person\/image\/","url":"https:\/\/secure.gravatar.com\/avatar\/dac340933427a22924c9f99d1eb2e3f2?s=96&r=g","contentUrl":"https:\/\/secure.gravatar.com\/avatar\/dac340933427a22924c9f99d1eb2e3f2?s=96&r=g","caption":"Eduardo Vargas"},"description":"Jornalista formado pela UFSC, cobre macroeconomia, neg\u00f3cios e startups para o Suno Not\u00edcias, escrevendo principalmente not\u00edcias sobre o mercado financeiro e a bolsa de valores. No YouTube e no Instagram, \u00e9 respons\u00e1vel pela produ\u00e7\u00e3o de Reels e Shorts do Suno Not\u00edcias. Anteriormente, trabalhou cobrindo economia e cotidiano no ND+ e para o ND, maior jornal impresso de Santa Catarina. Cursou um semestre letivo de Estudos de M\u00eddia na Universidad de Buenos Aires.","url":"https:\/\/www.suno.com.br\/noticias\/author\/eduardo-vargas\/"}]}},"default_loop_html":"<div class=\"cardsPage__listCard__boxs\"><div class=\"cardsPage__listCard__boxs__img\"><a href=\"https:\/\/www.suno.com.br\/noticias\/vamos-vamo3-dividendos-jcp-dezembro-2021\/\"><img class=\"mask\" src=\"https:\/\/www.suno.com.br\/noticias\/wp-content\/themes\/suno\/resources\/images\/spotlight\/spotlight1img\/bg-mask.png\" alt=\"Image Mask\"\/><img src=\"https:\/\/files.sunoresearch.com.br\/n\/uploads\/2021\/07\/a04ea997-truck-2920533_1920-400x200.webp\" alt=\"Vamos (VAMO3) pagar\u00e1 R$ 148 milh\u00f5es em dividendos e R$ 46 milh\u00f5es em JCP\"\/><\/a><span class=\"spotlightCategory\"><a href=\"https:\/\/www.suno.com.br\/noticias\/negocios\/\">Neg\u00f3cios<\/a><\/span><\/div><div class=\"cardsPage__listCard__boxs__content\"><a href=\"https:\/\/www.suno.com.br\/noticias\/vamos-vamo3-dividendos-jcp-dezembro-2021\/\"><h2 class=\"content__title\">Vamos (VAMO3) pagar\u00e1 R$ 148 milh\u00f5es em dividendos e R$ 46 milh\u00f5es em JCP<\/h2><\/a><div class=\"newsContent__article__meta\"><div class=\"newsContent__article__meta__authorBox\"><a href=\"https:\/\/www.suno.com.br\/noticias\/author\/eduardo-vargas\/\" class=\"authorBox__avatar noMobi\"><img src=\"https:\/\/secure.gravatar.com\/avatar\/dac340933427a22924c9f99d1eb2e3f2?s=96&#038;r=g\" alt=\"Eduardo Vargas\"><\/a><div class=\"authorBox__name\"><span>por\n\t\t\t<a href=\"https:\/\/www.suno.com.br\/noticias\/author\/eduardo-vargas\/\"><span itemprop=\"author\">Eduardo Vargas<\/span><\/a><\/span><time datetime=\"2021-12-03T08:30:56-03:00\" itemprop=\"datePublished\">03\/12\/2021 08:30<\/time><\/div><\/div><\/div><\/div><\/div>","single_layout":"posts","amp_enabled":true,"_links":{"self":[{"href":"https:\/\/www.suno.com.br\/noticias\/wp-json\/wp\/v2\/posts\/211657"}],"collection":[{"href":"https:\/\/www.suno.com.br\/noticias\/wp-json\/wp\/v2\/posts"}],"about":[{"href":"https:\/\/www.suno.com.br\/noticias\/wp-json\/wp\/v2\/types\/post"}],"author":[{"embeddable":true,"href":"https:\/\/www.suno.com.br\/noticias\/wp-json\/wp\/v2\/users\/73"}],"replies":[{"embeddable":true,"href":"https:\/\/www.suno.com.br\/noticias\/wp-json\/wp\/v2\/comments?post=211657"}],"version-history":[{"count":3,"href":"https:\/\/www.suno.com.br\/noticias\/wp-json\/wp\/v2\/posts\/211657\/revisions"}],"predecessor-version":[{"id":211670,"href":"https:\/\/www.suno.com.br\/noticias\/wp-json\/wp\/v2\/posts\/211657\/revisions\/211670"}],"wp:featuredmedia":[{"embeddable":true,"href":"https:\/\/www.suno.com.br\/noticias\/wp-json\/wp\/v2\/media\/162861"}],"wp:attachment":[{"href":"https:\/\/www.suno.com.br\/noticias\/wp-json\/wp\/v2\/media?parent=211657"}],"wp:term":[{"taxonomy":"category","embeddable":true,"href":"https:\/\/www.suno.com.br\/noticias\/wp-json\/wp\/v2\/categories?post=211657"},{"taxonomy":"post_tag","embeddable":true,"href":"https:\/\/www.suno.com.br\/noticias\/wp-json\/wp\/v2\/tags?post=211657"},{"taxonomy":"suno_strategy","embeddable":true,"href":"https:\/\/www.suno.com.br\/noticias\/wp-json\/wp\/v2\/suno_strategy?post=211657"}],"curies":[{"name":"wp","href":"https:\/\/api.w.org\/{rel}","templated":true}]}}