{"id":211412,"date":"2021-12-02T17:36:55","date_gmt":"2021-12-02T20:36:55","guid":{"rendered":"https:\/\/www.suno.com.br\/noticias\/?p=211412"},"modified":"2021-12-02T17:36:55","modified_gmt":"2021-12-02T20:36:55","slug":"guedes-comemora-pec-dos-precatorios","status":"publish","type":"post","link":"https:\/\/www.suno.com.br\/noticias\/guedes-comemora-pec-dos-precatorios\/","title":{"rendered":"Guedes comemora aprova\u00e7\u00e3o da PEC dos Precat\u00f3rios e rebate cr\u00edticas sobre &#8220;descontrole fiscal&#8221;"},"content":{"rendered":"<p>O ministro da Economia, <a class=\"suno-keyword\" href=\"https:\/\/www.suno.com.br\/tudo-sobre\/paulo-guedes\/\" target=\"_blank\" rel=\"noopener\" data-force=\"no\" data-priority=\"2\">Paulo Guedes<\/a>, comemorou a aprova\u00e7\u00e3o da <strong>PEC dos Precat\u00f3rios<\/strong> no Senado, ocorrida nesta quinta (2). &#8220;Tem toda uma conversa fiada de que o Brasil perdeu o controle fiscal. \u00c9 uma narrativa pol\u00edtica, fake news. As verdades fiscais est\u00e3o l\u00e1 registradas&#8221;, afirmou, em palestra no evento de dez anos de concess\u00f5es aeroportu\u00e1rias no Brasil.<\/p>\t<div class=\"wrapper-featured-image\">\n\t\t<figure class=\"spotlightImg\">\n\n\t\t\t<picture>\n\t\t\t\t<source media=\"(max-width: 768px)\" srcset=\"https:\/\/files.sunoresearch.com.br\/n\/uploads\/2021\/10\/paulo-guedes_mcamgo_abr_220720211818-2-400x200.jpg\">\n\t\t\t\t<img loading=\"lazy\" decoding=\"async\" class=\"newsContent__article__imgCapa lazyloadDisabled \" src=\"https:\/\/files.sunoresearch.com.br\/n\/uploads\/2021\/10\/paulo-guedes_mcamgo_abr_220720211818-2-800x450.jpg\" width=\"800\" height=\"450\" alt=\"Guedes comemora aprova\u00e7\u00e3o da PEC dos Precat\u00f3rios e rebate cr\u00edticas sobre &#8220;descontrole fiscal&#8221;\" fetchpriority=high \/>\n\t\t\t<\/picture>\n\n\t\t\t<figcaption class=\"wp-caption-text wp-caption-text--show\">Apesar das promessas de recupera\u00e7\u00e3o em &#039;V&#039; da economia, brasileiros amargam IPCA em escalada - Foto: Marcelo Camargo Ag\u00eancia Brasil <\/figcaption>\n\t\t<\/figure>\n\t<\/div>\n\n\n\t<p>\n\t\t<a href=\"https:\/\/lp.suno.com.br\/planilha-controle-gastos\/\" target=\"_blank\" data-element=\"shortcode-suno-banner\" title=\"Banner SUNO, clique e saiba mais\">\n\t\t\t<picture>\n\t\t\t\t<source media=\"(max-width: 500px)\" srcset=\"https:\/\/files.sunoresearch.com.br\/n\/uploads\/2023\/03\/400x300-Planilha-controle-de-gastos.png\">\n\t\t\t\t<img class=\"newsContent__article__imgCapa newsContent__article__imgCapa--banner\"\n\t\t\t\t\tsrc=\"https:\/\/files.sunoresearch.com.br\/n\/uploads\/2023\/03\/1420x240-Planilha-controle-de-gastos.png\"\n\t\t\t\t\tdata-promo-id=\"101751\"\t\t\t\t\t\t\t\t\t\twidth='1420' height='240'\t\t\t\t\talt=\"https:\/\/files.sunoresearch.com.br\/n\/uploads\/2023\/03\/1420x240-Planilha-controle-de-gastos.png\"\n\t\t\t\t>\n\t\t\t<\/picture>\n\t\t<\/a>\n\t<\/p>\n\n\n<p>A PEC dos Precat\u00f3rios abre no Or\u00e7amento da Uni\u00e3o de 2022 um espa\u00e7o fiscal estimado em R$ 106 bilh\u00f5es para bancar os benefici\u00e1rios do <strong>Aux\u00edlio Brasil<\/strong> por meio da mudan\u00e7a da f\u00f3rmula de c\u00e1lculo do <a class=\"suno-keyword\" href=\"https:\/\/www.suno.com.br\/artigos\/teto-de-gastos\/\" target=\"_blank\" rel=\"noopener\" data-force=\"no\" data-priority=\"1\">teto de gastos<\/a> imposto pela Emenda Constitucional 95, de 2016, e da cria\u00e7\u00e3o de um subteto para o pagamento de precat\u00f3rios, as d\u00edvidas da Uni\u00e3o e dos entes federativos oriundas de senten\u00e7as judiciais definitivas.<\/p>\n<p>Cr\u00edticos \u00e0 Proposta de Emenda \u00e0 Constitui\u00e7\u00e3o dizem que ela banaliza a fun\u00e7\u00e3o do teto de gastos e abre espa\u00e7o para improbidades fiscais, as quais Guedes rebate.<\/p>\n<p>O governo tinha urg\u00eancia na aprova\u00e7\u00e3o da proposta para tirar do papel <strong>ainda este ano<\/strong> o Aux\u00edlio Brasil. O programa que vai <strong>substituir o Bolsa Fam\u00edlia<\/strong> ter\u00e1 pagamento de parcelas com<strong> valor m\u00e9dio de R$ 400.<\/strong> J\u00e1 ficou definido pela mat\u00e9ria que o teto nesse valor do benef\u00edcio ter\u00e1 car\u00e1ter permanente e n\u00e3o tempor\u00e1rio, apenas em 2022, como a equipe econ\u00f4mica prop\u00f4s inicialmente. A expectativa \u00e9 que o programa atenda 17 milh\u00f5es de fam\u00edlias.<\/p>\n\t<p>\n\t\t<a href=\"https:\/\/lp.suno.com.br\/planilha-da-vida-financeira\/\" target=\"_blank\" data-element=\"shortcode-suno-banner\" title=\"Banner SUNO, clique e saiba mais\">\n\t\t\t<picture>\n\t\t\t\t<source media=\"(max-width: 500px)\" srcset=\"https:\/\/files.sunoresearch.com.br\/n\/uploads\/2023\/04\/400x300-Planilha-vida-financeira-true.png\">\n\t\t\t\t<img class=\"newsContent__article__imgCapa newsContent__article__imgCapa--banner\"\n\t\t\t\t\tsrc=\"https:\/\/files.sunoresearch.com.br\/n\/uploads\/2023\/04\/1420x240-Planilha-vida-financeira-true.png\"\n\t\t\t\t\tdata-promo-id=\"106682\"\t\t\t\t\t\t\t\t\t\twidth='1420' height='240'\t\t\t\t\talt=\"https:\/\/files.sunoresearch.com.br\/n\/uploads\/2023\/04\/1420x240-Planilha-vida-financeira-true.png\"\n\t\t\t\t>\n\t\t\t<\/picture>\n\t\t<\/a>\n\t<\/p>\n\n\n<p>Na pr\u00e1tica, a <strong>PEC adia o pagamento de precat\u00f3rios<\/strong> \u2013 d\u00edvidas reconhecidas pela Justi\u00e7a em a\u00e7\u00f5es que n\u00e3o cabem mais recurso &#8211; pela Uni\u00e3o. Em 2022, a d\u00edvida prevista \u00e9 de R$ 89,1 bilh\u00f5es. Com a PEC o governo passa a ter uma <a class=\"suno-keyword\" href=\"https:\/\/www.suno.com.br\/artigos\/folga-financeira\/\" target=\"_blank\" rel=\"noopener\" data-force=\"no\" data-priority=\"1\">folga financeira<\/a> para financiar o Aux\u00edlio Brasil.<\/p>\n<p>Pela proposta o valor m\u00e1ximo a ser pago em precat\u00f3rios no ano que vem \u00e9 de aproximadamente R$ 39,9 bilh\u00f5es. Para aumentar o f\u00f4lego fiscal, o texto tamb\u00e9m altera o c\u00e1lculo do <strong>Teto de Gastos<\/strong> &#8211; limite do aumento dos gastos federais ao Or\u00e7amento do ano anterior, corrigido pela infla\u00e7\u00e3o.<\/p>\n<h2>PEC dos Precat\u00f3rios voltar\u00e1 \u00e0 C\u00e2mara ap\u00f3s altera\u00e7\u00f5es<\/h2>\n<p>No rol de principais modifica\u00e7\u00f5es feitas pelo relator est\u00e1 a redu\u00e7\u00e3o do prazo de vig\u00eancia do limite no Or\u00e7amento destinado ao pagamento dos precat\u00f3rios. Pelo texto aprovado o teto de gastos, que restringe o crescimento das despesas \u00e0 infla\u00e7\u00e3o, ter\u00e1 que ser rediscutido novamente em 2026, a medida contraria o que desejava Paulo Guedes.<\/p>\n<p>Outra altera\u00e7\u00e3o feita pelo relator exclui da PEC medidas relacionadas \u00e0 securitiza\u00e7\u00e3o de d\u00edvidas tribut\u00e1rias. &#8220;A medida, apesar de merit\u00f3ria, n\u00e3o encontrou consenso no Senado Federal, n\u00e3o havendo preju\u00edzo deixar essa discuss\u00e3o para outro momento&#8221;, avaliou.<\/p>\n\t<p>\n\t\t<a href=\"https:\/\/lp.suno.com.br\/planilha-de-controle-de-investimentos\/\" target=\"_blank\" data-element=\"shortcode-suno-banner\" title=\"Banner SUNO, clique e saiba mais\">\n\t\t\t<picture>\n\t\t\t\t<source media=\"(max-width: 500px)\" srcset=\"https:\/\/files.sunoresearch.com.br\/n\/uploads\/2023\/03\/400x300-Controle-de-Investimentos.png\">\n\t\t\t\t<img class=\"newsContent__article__imgCapa newsContent__article__imgCapa--banner\"\n\t\t\t\t\tsrc=\"https:\/\/files.sunoresearch.com.br\/n\/uploads\/2023\/03\/1420x240-Controle-de-Investimentos.png\"\n\t\t\t\t\tdata-promo-id=\"75934\"\t\t\t\t\t\t\t\t\t\twidth='1420' height='240'\t\t\t\t\talt=\"https:\/\/files.sunoresearch.com.br\/n\/uploads\/2023\/03\/1420x240-Controle-de-Investimentos.png\"\n\t\t\t\t>\n\t\t\t<\/picture>\n\t\t<\/a>\n\t<\/p>\n\n\n<p>Ainda segundo a proposta, o espa\u00e7o fiscal aberto com a restri\u00e7\u00e3o do pagamento dos precat\u00f3rios e a mudan\u00e7a no c\u00e1lculo do teto de gastos do governo \u2013 um total de R$ 106 bilh\u00f5es &#8211; ser\u00e1 inteiramente <strong>destinado para fins sociais<\/strong>, como programas de combate \u00e0 pobreza e extrema pobreza, sa\u00fade, assist\u00eancia social e previd\u00eancia.<\/p>\n\t<div data-element=\"shortcode-read-more\" class=\"knowMore\">\n\t\t\t\t<span class=\"knowMore__title\">Saiba mais<\/span>\n\t\t\t\t<a class=\"knowMore__link\" href=\"https:\/\/www.suno.com.br\/noticias\/senado-aprova-pec-dos-precatorios\/\">\n\t\t\tSenado aprova PEC dos Precat\u00f3rios, que viabiliza o Aux\u00edlio Brasil; proposta volta \u00e0 C\u00e2mara\t\t<\/a>\n\t<\/div>\n\n\n<p>Como sofreu altera\u00e7\u00f5es, a <strong>PEC dos Precat\u00f3rios<\/strong> ter\u00e1 que voltar para a an\u00e1lise da C\u00e2mara dos Deputados. A proposta s\u00f3 pode ser promulgada pelo Congresso Nacional e passar a valer quando deputados e senadores chegarem a um consenso e aprovarem o mesmo texto.<\/p>\n<p><em>(Com informa\u00e7\u00f5es da Ag\u00eancia Estado e Ag\u00eancia Brasil)<\/em><\/p>\n\t<p>\n\t\t<a href=\"\" target=\"_blank\" data-element=\"shortcode-suno-banner\" title=\"Banner SUNO, clique e saiba mais\">\n\t\t\t<picture>\n\t\t\t\t<source media=\"(max-width: 500px)\" srcset=\"\">\n\t\t\t\t<img class=\"newsContent__article__imgCapa newsContent__article__imgCapa--banner\"\n\t\t\t\t\tsrc=\"\"\n\t\t\t\t\tdata-promo-id=\"184190\"\t\t\t\t\t\t\t\t\t\t\t\t\t\t\talt=\"\"\n\t\t\t\t>\n\t\t\t<\/picture>\n\t\t<\/a>\n\t<\/p>\n\n\n","protected":false},"excerpt":{"rendered":"<p>O ministro da Economia, Paulo Guedes, comemorou a aprova\u00e7\u00e3o da PEC dos Precat\u00f3rios no Senado, ocorrida nesta quinta (2). &#8220;Tem toda uma conversa fiada de que o Brasil perdeu o controle fiscal. \u00c9 uma narrativa pol\u00edtica, fake news. As verdades fiscais est\u00e3o l\u00e1 registradas&#8221;, afirmou, em palestra no evento de dez anos de concess\u00f5es aeroportu\u00e1rias [&hellip;]<\/p>\n","protected":false},"author":118,"featured_media":196149,"comment_status":"closed","ping_status":"closed","sticky":false,"template":"","format":"standard","meta":[],"categories":[64],"tags":[17139,796,104591],"suno_strategy":[],"class_list":["post-211412","post","type-post","status-publish","format-standard","has-post-thumbnail","hentry","category-negocios","tag-auxilio-emergencial","tag-paulo-guedes","tag-precatorios"],"yoast_head":"<!-- This site is optimized with the Yoast SEO plugin v24.4 - https:\/\/yoast.com\/wordpress\/plugins\/seo\/ -->\n<title>Guedes comemora aprova\u00e7\u00e3o da PEC dos Precat\u00f3rios e rebate cr\u00edticas<\/title>\n<meta name=\"description\" content=\"O ministro da Economia, Paulo Guedes, comemorou a aprova\u00e7\u00e3o da PEC dos Precat\u00f3rios no Senado, ocorrida nesta quinta (2). Saiba mais\" \/>\n<meta name=\"robots\" content=\"index, follow, max-snippet:-1, max-image-preview:large, max-video-preview:-1\" \/>\n<link rel=\"canonical\" href=\"https:\/\/www.suno.com.br\/noticias\/guedes-comemora-pec-dos-precatorios\/\" \/>\n<meta property=\"og:locale\" content=\"pt_BR\" \/>\n<meta property=\"og:type\" content=\"article\" \/>\n<meta property=\"og:title\" content=\"Guedes comemora aprova\u00e7\u00e3o da PEC dos Precat\u00f3rios e rebate cr\u00edticas\" \/>\n<meta property=\"og:description\" content=\"O ministro da Economia, Paulo Guedes, comemorou a aprova\u00e7\u00e3o da PEC dos Precat\u00f3rios no Senado, ocorrida nesta quinta (2). Saiba mais\" \/>\n<meta property=\"og:url\" content=\"https:\/\/www.suno.com.br\/noticias\/guedes-comemora-pec-dos-precatorios\/\" \/>\n<meta property=\"og:site_name\" content=\"Suno Not\u00edcias\" \/>\n<meta property=\"article:publisher\" content=\"https:\/\/facebook.com\/sunoresearch\" \/>\n<meta property=\"og:image\" content=\"https:\/\/files.sunoresearch.com.br\/n\/uploads\/2021\/10\/paulo-guedes_mcamgo_abr_220720211818-2-scaled.jpg\" \/>\n\t<meta property=\"og:image:width\" content=\"2560\" \/>\n\t<meta property=\"og:image:height\" content=\"1707\" \/>\n\t<meta property=\"og:image:type\" content=\"image\/jpeg\" \/>\n<meta name=\"author\" content=\"Bruno Galv\u00e3o\" \/>\n<meta name=\"twitter:card\" content=\"summary_large_image\" \/>\n<meta name=\"twitter:creator\" content=\"@sunoresearch\" \/>\n<meta name=\"twitter:site\" content=\"@sunoresearch\" \/>\n<meta name=\"twitter:label1\" content=\"Escrito por\" \/>\n\t<meta name=\"twitter:data1\" content=\"Bruno Galv\u00e3o\" \/>\n\t<meta name=\"twitter:label2\" content=\"Est. tempo de leitura\" \/>\n\t<meta name=\"twitter:data2\" content=\"3 minutos\" \/>\n<script type=\"application\/ld+json\" class=\"yoast-schema-graph\">{\"@context\":\"https:\/\/schema.org\",\"@graph\":[{\"@type\":\"NewsArticle\",\"@id\":\"https:\/\/www.suno.com.br\/noticias\/guedes-comemora-pec-dos-precatorios\/#article\",\"isPartOf\":{\"@id\":\"https:\/\/www.suno.com.br\/noticias\/guedes-comemora-pec-dos-precatorios\/\"},\"author\":{\"name\":\"Bruno Galv\u00e3o\",\"@id\":\"https:\/\/www.suno.com.br\/noticias\/#\/schema\/person\/06f0d962a6b1c54852e4860f16935600\"},\"headline\":\"Guedes comemora aprova\u00e7\u00e3o da PEC dos Precat\u00f3rios e rebate cr\u00edticas sobre &#8220;descontrole fiscal&#8221;\",\"datePublished\":\"2021-12-02T20:36:55+00:00\",\"mainEntityOfPage\":{\"@id\":\"https:\/\/www.suno.com.br\/noticias\/guedes-comemora-pec-dos-precatorios\/\"},\"wordCount\":632,\"publisher\":{\"@id\":\"https:\/\/www.suno.com.br\/noticias\/#organization\"},\"image\":{\"@id\":\"https:\/\/www.suno.com.br\/noticias\/guedes-comemora-pec-dos-precatorios\/#primaryimage\"},\"thumbnailUrl\":\"https:\/\/files.sunoresearch.com.br\/n\/uploads\/2021\/10\/paulo-guedes_mcamgo_abr_220720211818-2-scaled.jpg\",\"keywords\":[\"aux\u00edlio emergencial\",\"Paulo Guedes\",\"precat\u00f3rios\"],\"articleSection\":[\"Neg\u00f3cios\"],\"inLanguage\":\"pt-BR\"},{\"@type\":\"WebPage\",\"@id\":\"https:\/\/www.suno.com.br\/noticias\/guedes-comemora-pec-dos-precatorios\/\",\"url\":\"https:\/\/www.suno.com.br\/noticias\/guedes-comemora-pec-dos-precatorios\/\",\"name\":\"Guedes comemora aprova\u00e7\u00e3o da PEC dos Precat\u00f3rios e rebate cr\u00edticas\",\"isPartOf\":{\"@id\":\"https:\/\/www.suno.com.br\/noticias\/#website\"},\"primaryImageOfPage\":{\"@id\":\"https:\/\/www.suno.com.br\/noticias\/guedes-comemora-pec-dos-precatorios\/#primaryimage\"},\"image\":{\"@id\":\"https:\/\/www.suno.com.br\/noticias\/guedes-comemora-pec-dos-precatorios\/#primaryimage\"},\"thumbnailUrl\":\"https:\/\/files.sunoresearch.com.br\/n\/uploads\/2021\/10\/paulo-guedes_mcamgo_abr_220720211818-2-scaled.jpg\",\"datePublished\":\"2021-12-02T20:36:55+00:00\",\"description\":\"O ministro da Economia, Paulo Guedes, comemorou a aprova\u00e7\u00e3o da PEC dos Precat\u00f3rios no Senado, ocorrida nesta quinta (2). Saiba mais\",\"breadcrumb\":{\"@id\":\"https:\/\/www.suno.com.br\/noticias\/guedes-comemora-pec-dos-precatorios\/#breadcrumb\"},\"inLanguage\":\"pt-BR\",\"potentialAction\":[{\"@type\":\"ReadAction\",\"target\":[\"https:\/\/www.suno.com.br\/noticias\/guedes-comemora-pec-dos-precatorios\/\"]}]},{\"@type\":\"ImageObject\",\"inLanguage\":\"pt-BR\",\"@id\":\"https:\/\/www.suno.com.br\/noticias\/guedes-comemora-pec-dos-precatorios\/#primaryimage\",\"url\":\"https:\/\/files.sunoresearch.com.br\/n\/uploads\/2021\/10\/paulo-guedes_mcamgo_abr_220720211818-2-scaled.jpg\",\"contentUrl\":\"https:\/\/files.sunoresearch.com.br\/n\/uploads\/2021\/10\/paulo-guedes_mcamgo_abr_220720211818-2-scaled.jpg\",\"width\":2560,\"height\":1707,\"caption\":\"Apesar das promessas de recupera\u00e7\u00e3o em 'V' da economia, brasileiros amargam IPCA em escalada - Foto: Marcelo Camargo Ag\u00eancia Brasil\"},{\"@type\":\"BreadcrumbList\",\"@id\":\"https:\/\/www.suno.com.br\/noticias\/guedes-comemora-pec-dos-precatorios\/#breadcrumb\",\"itemListElement\":[{\"@type\":\"ListItem\",\"position\":1,\"name\":\"Not\u00edcias\",\"item\":\"https:\/\/www.suno.com.br\/noticias\/\"},{\"@type\":\"ListItem\",\"position\":2,\"name\":\"Neg\u00f3cios\",\"item\":\"https:\/\/www.suno.com.br\/noticias\/negocios\/\"},{\"@type\":\"ListItem\",\"position\":3,\"name\":\"Guedes comemora aprova\u00e7\u00e3o da PEC dos Precat\u00f3rios e rebate cr\u00edticas sobre &#8220;descontrole fiscal&#8221;\"}]},{\"@type\":\"WebSite\",\"@id\":\"https:\/\/www.suno.com.br\/noticias\/#website\",\"url\":\"https:\/\/www.suno.com.br\/noticias\/\",\"name\":\"Suno Not\u00edcias\",\"description\":\"Seu portal de informa\u00e7\u00e3o sobre o mundo dos investimentos\",\"publisher\":{\"@id\":\"https:\/\/www.suno.com.br\/noticias\/#organization\"},\"potentialAction\":[{\"@type\":\"SearchAction\",\"target\":{\"@type\":\"EntryPoint\",\"urlTemplate\":\"https:\/\/www.suno.com.br\/noticias\/?s={search_term_string}\"},\"query-input\":{\"@type\":\"PropertyValueSpecification\",\"valueRequired\":true,\"valueName\":\"search_term_string\"}}],\"inLanguage\":\"pt-BR\"},{\"@type\":\"Organization\",\"@id\":\"https:\/\/www.suno.com.br\/noticias\/#organization\",\"name\":\"Suno Not\u00edcias\",\"url\":\"https:\/\/www.suno.com.br\/noticias\/\",\"logo\":{\"@type\":\"ImageObject\",\"inLanguage\":\"pt-BR\",\"@id\":\"https:\/\/www.suno.com.br\/noticias\/#\/schema\/logo\/image\/\",\"url\":\"https:\/\/files.sunoresearch.com.br\/n\/uploads\/2021\/09\/suno-logo.png\",\"contentUrl\":\"https:\/\/files.sunoresearch.com.br\/n\/uploads\/2021\/09\/suno-logo.png\",\"width\":180,\"height\":180,\"caption\":\"Suno Not\u00edcias\"},\"image\":{\"@id\":\"https:\/\/www.suno.com.br\/noticias\/#\/schema\/logo\/image\/\"},\"sameAs\":[\"https:\/\/facebook.com\/sunoresearch\",\"https:\/\/x.com\/sunoresearch\",\"https:\/\/www.instagram.com\/suno\",\"https:\/\/www.linkedin.com\/company\/suno-research\/\",\"https:\/\/www.youtube.com\/c\/sunoresearch\"]},{\"@type\":\"Person\",\"@id\":\"https:\/\/www.suno.com.br\/noticias\/#\/schema\/person\/06f0d962a6b1c54852e4860f16935600\",\"name\":\"Bruno Galv\u00e3o\",\"image\":{\"@type\":\"ImageObject\",\"inLanguage\":\"pt-BR\",\"@id\":\"https:\/\/www.suno.com.br\/noticias\/#\/schema\/person\/image\/\",\"url\":\"https:\/\/secure.gravatar.com\/avatar\/53598df0b41c00f12f287a912d0e918e?s=96&r=g\",\"contentUrl\":\"https:\/\/secure.gravatar.com\/avatar\/53598df0b41c00f12f287a912d0e918e?s=96&r=g\",\"caption\":\"Bruno Galv\u00e3o\"},\"description\":\"Escreve para o portal Suno Not\u00edcias. \u00c9 estudante de Jornalismo pela Faculdade C\u00e1sper L\u00edbero e Letras pela USP. Entusiasta de tecnologia e intelig\u00eancia artificial.\",\"url\":\"https:\/\/www.suno.com.br\/noticias\/author\/bruno-garcia\/\"}]}<\/script>\n<!-- \/ Yoast SEO plugin. -->","yoast_head_json":{"title":"Guedes comemora aprova\u00e7\u00e3o da PEC dos Precat\u00f3rios e rebate cr\u00edticas","description":"O ministro da Economia, Paulo Guedes, comemorou a aprova\u00e7\u00e3o da PEC dos Precat\u00f3rios no Senado, ocorrida nesta quinta (2). Saiba mais","robots":{"index":"index","follow":"follow","max-snippet":"max-snippet:-1","max-image-preview":"max-image-preview:large","max-video-preview":"max-video-preview:-1"},"canonical":"https:\/\/www.suno.com.br\/noticias\/guedes-comemora-pec-dos-precatorios\/","og_locale":"pt_BR","og_type":"article","og_title":"Guedes comemora aprova\u00e7\u00e3o da PEC dos Precat\u00f3rios e rebate cr\u00edticas","og_description":"O ministro da Economia, Paulo Guedes, comemorou a aprova\u00e7\u00e3o da PEC dos Precat\u00f3rios no Senado, ocorrida nesta quinta (2). Saiba mais","og_url":"https:\/\/www.suno.com.br\/noticias\/guedes-comemora-pec-dos-precatorios\/","og_site_name":"Suno Not\u00edcias","article_publisher":"https:\/\/facebook.com\/sunoresearch","og_image":[{"width":2560,"height":1707,"url":"https:\/\/files.sunoresearch.com.br\/n\/uploads\/2021\/10\/paulo-guedes_mcamgo_abr_220720211818-2-scaled.jpg","type":"image\/jpeg"}],"author":"Bruno Galv\u00e3o","twitter_card":"summary_large_image","twitter_creator":"@sunoresearch","twitter_site":"@sunoresearch","twitter_misc":{"Escrito por":"Bruno Galv\u00e3o","Est. tempo de leitura":"3 minutos"},"schema":{"@context":"https:\/\/schema.org","@graph":[{"@type":"NewsArticle","@id":"https:\/\/www.suno.com.br\/noticias\/guedes-comemora-pec-dos-precatorios\/#article","isPartOf":{"@id":"https:\/\/www.suno.com.br\/noticias\/guedes-comemora-pec-dos-precatorios\/"},"author":{"name":"Bruno Galv\u00e3o","@id":"https:\/\/www.suno.com.br\/noticias\/#\/schema\/person\/06f0d962a6b1c54852e4860f16935600"},"headline":"Guedes comemora aprova\u00e7\u00e3o da PEC dos Precat\u00f3rios e rebate cr\u00edticas sobre &#8220;descontrole fiscal&#8221;","datePublished":"2021-12-02T20:36:55+00:00","mainEntityOfPage":{"@id":"https:\/\/www.suno.com.br\/noticias\/guedes-comemora-pec-dos-precatorios\/"},"wordCount":632,"publisher":{"@id":"https:\/\/www.suno.com.br\/noticias\/#organization"},"image":{"@id":"https:\/\/www.suno.com.br\/noticias\/guedes-comemora-pec-dos-precatorios\/#primaryimage"},"thumbnailUrl":"https:\/\/files.sunoresearch.com.br\/n\/uploads\/2021\/10\/paulo-guedes_mcamgo_abr_220720211818-2-scaled.jpg","keywords":["aux\u00edlio emergencial","Paulo Guedes","precat\u00f3rios"],"articleSection":["Neg\u00f3cios"],"inLanguage":"pt-BR"},{"@type":"WebPage","@id":"https:\/\/www.suno.com.br\/noticias\/guedes-comemora-pec-dos-precatorios\/","url":"https:\/\/www.suno.com.br\/noticias\/guedes-comemora-pec-dos-precatorios\/","name":"Guedes comemora aprova\u00e7\u00e3o da PEC dos Precat\u00f3rios e rebate cr\u00edticas","isPartOf":{"@id":"https:\/\/www.suno.com.br\/noticias\/#website"},"primaryImageOfPage":{"@id":"https:\/\/www.suno.com.br\/noticias\/guedes-comemora-pec-dos-precatorios\/#primaryimage"},"image":{"@id":"https:\/\/www.suno.com.br\/noticias\/guedes-comemora-pec-dos-precatorios\/#primaryimage"},"thumbnailUrl":"https:\/\/files.sunoresearch.com.br\/n\/uploads\/2021\/10\/paulo-guedes_mcamgo_abr_220720211818-2-scaled.jpg","datePublished":"2021-12-02T20:36:55+00:00","description":"O ministro da Economia, Paulo Guedes, comemorou a aprova\u00e7\u00e3o da PEC dos Precat\u00f3rios no Senado, ocorrida nesta quinta (2). Saiba mais","breadcrumb":{"@id":"https:\/\/www.suno.com.br\/noticias\/guedes-comemora-pec-dos-precatorios\/#breadcrumb"},"inLanguage":"pt-BR","potentialAction":[{"@type":"ReadAction","target":["https:\/\/www.suno.com.br\/noticias\/guedes-comemora-pec-dos-precatorios\/"]}]},{"@type":"ImageObject","inLanguage":"pt-BR","@id":"https:\/\/www.suno.com.br\/noticias\/guedes-comemora-pec-dos-precatorios\/#primaryimage","url":"https:\/\/files.sunoresearch.com.br\/n\/uploads\/2021\/10\/paulo-guedes_mcamgo_abr_220720211818-2-scaled.jpg","contentUrl":"https:\/\/files.sunoresearch.com.br\/n\/uploads\/2021\/10\/paulo-guedes_mcamgo_abr_220720211818-2-scaled.jpg","width":2560,"height":1707,"caption":"Apesar das promessas de recupera\u00e7\u00e3o em 'V' da economia, brasileiros amargam IPCA em escalada - Foto: Marcelo Camargo Ag\u00eancia Brasil"},{"@type":"BreadcrumbList","@id":"https:\/\/www.suno.com.br\/noticias\/guedes-comemora-pec-dos-precatorios\/#breadcrumb","itemListElement":[{"@type":"ListItem","position":1,"name":"Not\u00edcias","item":"https:\/\/www.suno.com.br\/noticias\/"},{"@type":"ListItem","position":2,"name":"Neg\u00f3cios","item":"https:\/\/www.suno.com.br\/noticias\/negocios\/"},{"@type":"ListItem","position":3,"name":"Guedes comemora aprova\u00e7\u00e3o da PEC dos Precat\u00f3rios e rebate cr\u00edticas sobre &#8220;descontrole fiscal&#8221;"}]},{"@type":"WebSite","@id":"https:\/\/www.suno.com.br\/noticias\/#website","url":"https:\/\/www.suno.com.br\/noticias\/","name":"Suno Not\u00edcias","description":"Seu portal de informa\u00e7\u00e3o sobre o mundo dos investimentos","publisher":{"@id":"https:\/\/www.suno.com.br\/noticias\/#organization"},"potentialAction":[{"@type":"SearchAction","target":{"@type":"EntryPoint","urlTemplate":"https:\/\/www.suno.com.br\/noticias\/?s={search_term_string}"},"query-input":{"@type":"PropertyValueSpecification","valueRequired":true,"valueName":"search_term_string"}}],"inLanguage":"pt-BR"},{"@type":"Organization","@id":"https:\/\/www.suno.com.br\/noticias\/#organization","name":"Suno Not\u00edcias","url":"https:\/\/www.suno.com.br\/noticias\/","logo":{"@type":"ImageObject","inLanguage":"pt-BR","@id":"https:\/\/www.suno.com.br\/noticias\/#\/schema\/logo\/image\/","url":"https:\/\/files.sunoresearch.com.br\/n\/uploads\/2021\/09\/suno-logo.png","contentUrl":"https:\/\/files.sunoresearch.com.br\/n\/uploads\/2021\/09\/suno-logo.png","width":180,"height":180,"caption":"Suno Not\u00edcias"},"image":{"@id":"https:\/\/www.suno.com.br\/noticias\/#\/schema\/logo\/image\/"},"sameAs":["https:\/\/facebook.com\/sunoresearch","https:\/\/x.com\/sunoresearch","https:\/\/www.instagram.com\/suno","https:\/\/www.linkedin.com\/company\/suno-research\/","https:\/\/www.youtube.com\/c\/sunoresearch"]},{"@type":"Person","@id":"https:\/\/www.suno.com.br\/noticias\/#\/schema\/person\/06f0d962a6b1c54852e4860f16935600","name":"Bruno Galv\u00e3o","image":{"@type":"ImageObject","inLanguage":"pt-BR","@id":"https:\/\/www.suno.com.br\/noticias\/#\/schema\/person\/image\/","url":"https:\/\/secure.gravatar.com\/avatar\/53598df0b41c00f12f287a912d0e918e?s=96&r=g","contentUrl":"https:\/\/secure.gravatar.com\/avatar\/53598df0b41c00f12f287a912d0e918e?s=96&r=g","caption":"Bruno Galv\u00e3o"},"description":"Escreve para o portal Suno Not\u00edcias. \u00c9 estudante de Jornalismo pela Faculdade C\u00e1sper L\u00edbero e Letras pela USP. Entusiasta de tecnologia e intelig\u00eancia artificial.","url":"https:\/\/www.suno.com.br\/noticias\/author\/bruno-garcia\/"}]}},"default_loop_html":"<div class=\"cardsPage__listCard__boxs\"><div class=\"cardsPage__listCard__boxs__img\"><a href=\"https:\/\/www.suno.com.br\/noticias\/guedes-comemora-pec-dos-precatorios\/\"><img class=\"mask\" src=\"https:\/\/www.suno.com.br\/noticias\/wp-content\/themes\/suno\/resources\/images\/spotlight\/spotlight1img\/bg-mask.png\" alt=\"Image Mask\"\/><img src=\"https:\/\/files.sunoresearch.com.br\/n\/uploads\/2021\/10\/paulo-guedes_mcamgo_abr_220720211818-2-400x200.jpg\" alt=\"Guedes comemora aprova\u00e7\u00e3o da PEC dos Precat\u00f3rios e rebate cr\u00edticas sobre &#8220;descontrole fiscal&#8221;\"\/><\/a><span class=\"spotlightCategory\"><a href=\"https:\/\/www.suno.com.br\/noticias\/negocios\/\">Neg\u00f3cios<\/a><\/span><\/div><div class=\"cardsPage__listCard__boxs__content\"><a href=\"https:\/\/www.suno.com.br\/noticias\/guedes-comemora-pec-dos-precatorios\/\"><h2 class=\"content__title\">Guedes comemora aprova\u00e7\u00e3o da PEC dos Precat\u00f3rios e rebate cr\u00edticas sobre &#8220;descontrole fiscal&#8221;<\/h2><\/a><div class=\"newsContent__article__meta\"><div class=\"newsContent__article__meta__authorBox\"><a href=\"https:\/\/www.suno.com.br\/noticias\/author\/bruno-garcia\/\" class=\"authorBox__avatar noMobi\"><img src=\"https:\/\/secure.gravatar.com\/avatar\/53598df0b41c00f12f287a912d0e918e?s=96&#038;r=g\" alt=\"Bruno Galv\u00e3o\"><\/a><div class=\"authorBox__name\"><span>por\n\t\t\t<a href=\"https:\/\/www.suno.com.br\/noticias\/author\/bruno-garcia\/\"><span itemprop=\"author\">Bruno Galv\u00e3o<\/span><\/a><\/span><time datetime=\"2021-12-02T17:36:55-03:00\" itemprop=\"datePublished\">02\/12\/2021 17:36<\/time><\/div><\/div><\/div><\/div><\/div>","single_layout":"posts","amp_enabled":true,"_links":{"self":[{"href":"https:\/\/www.suno.com.br\/noticias\/wp-json\/wp\/v2\/posts\/211412"}],"collection":[{"href":"https:\/\/www.suno.com.br\/noticias\/wp-json\/wp\/v2\/posts"}],"about":[{"href":"https:\/\/www.suno.com.br\/noticias\/wp-json\/wp\/v2\/types\/post"}],"author":[{"embeddable":true,"href":"https:\/\/www.suno.com.br\/noticias\/wp-json\/wp\/v2\/users\/118"}],"replies":[{"embeddable":true,"href":"https:\/\/www.suno.com.br\/noticias\/wp-json\/wp\/v2\/comments?post=211412"}],"version-history":[{"count":4,"href":"https:\/\/www.suno.com.br\/noticias\/wp-json\/wp\/v2\/posts\/211412\/revisions"}],"predecessor-version":[{"id":211468,"href":"https:\/\/www.suno.com.br\/noticias\/wp-json\/wp\/v2\/posts\/211412\/revisions\/211468"}],"wp:featuredmedia":[{"embeddable":true,"href":"https:\/\/www.suno.com.br\/noticias\/wp-json\/wp\/v2\/media\/196149"}],"wp:attachment":[{"href":"https:\/\/www.suno.com.br\/noticias\/wp-json\/wp\/v2\/media?parent=211412"}],"wp:term":[{"taxonomy":"category","embeddable":true,"href":"https:\/\/www.suno.com.br\/noticias\/wp-json\/wp\/v2\/categories?post=211412"},{"taxonomy":"post_tag","embeddable":true,"href":"https:\/\/www.suno.com.br\/noticias\/wp-json\/wp\/v2\/tags?post=211412"},{"taxonomy":"suno_strategy","embeddable":true,"href":"https:\/\/www.suno.com.br\/noticias\/wp-json\/wp\/v2\/suno_strategy?post=211412"}],"curies":[{"name":"wp","href":"https:\/\/api.w.org\/{rel}","templated":true}]}}