{"id":21136,"date":"2019-04-16T11:52:26","date_gmt":"2019-04-16T14:52:26","guid":{"rendered":"https:\/\/www.suno.com.br\/noticias\/?p=21136"},"modified":"2019-04-16T12:21:37","modified_gmt":"2019-04-16T15:21:37","slug":"governo-linha-credito-caminhoneiros","status":"publish","type":"post","link":"https:\/\/www.suno.com.br\/noticias\/governo-linha-credito-caminhoneiros\/","title":{"rendered":"Governo anuncia linha de cr\u00e9dito de at\u00e9 R$ 30 mil para caminhoneiros"},"content":{"rendered":"<p>O <strong>governo federal<\/strong> anunciou em entrevista coletiva nesta ter\u00e7a-feira (16) a cria\u00e7\u00e3o de uma linha de <strong>cr\u00e9dito<\/strong> de at\u00e9 R$ 30 mil para caminhoneiros aut\u00f4nomos. O an\u00fancio foi feito pelo ministro da Casal Civil, <strong>Onyx Lorenzoni.<\/strong><\/p>\t<div class=\"wrapper-featured-image\">\n\t\t<figure class=\"spotlightImg\">\n\n\t\t\t<picture>\n\t\t\t\t<source media=\"(max-width: 768px)\" srcset=\"https:\/\/files.sunoresearch.com.br\/n\/uploads\/2019\/04\/d6e87c0e-caminhao-400x200.webp\">\n\t\t\t\t<img loading=\"lazy\" decoding=\"async\" class=\"newsContent__article__imgCapa lazyloadDisabled newsContent__article__imgCapa--noCaption\" src=\"https:\/\/files.sunoresearch.com.br\/n\/uploads\/2019\/04\/d6e87c0e-caminhao-800x450.webp\" width=\"800\" height=\"450\" alt=\"Governo anuncia linha de cr\u00e9dito de at\u00e9 R$ 30 mil para caminhoneiros\" fetchpriority=high \/>\n\t\t\t<\/picture>\n\n\t\t\t<figcaption class=\"wp-caption-text wp-caption-text--hide\">A Cargo X fechou a quinta rodada de investimentos no valor de US$ 80 milh\u00f5es para investir em tecnologia de ponta.Clique aqui para saber mais.<\/figcaption>\n\t\t<\/figure>\n\t<\/div>\n\n\n<p>O cr\u00e9dito ser\u00e1 concedido aos <strong>caminhoneiros\u00a0<\/strong>aut\u00f4nomos\u00a0via <strong>Banco Nacional de Desenvolvimento Econ\u00f4mico e Social (BNDES).<\/strong>\u00a0A medida faz parte de uma s\u00e9rie de a\u00e7\u00f5es governo para evitar uma poss\u00edvel nova greve da categoria.<\/p>\n\t<p>\n\t\t<a href=\"https:\/\/lp.suno.com.br\/ao\/cadastro-whatsapp\/\" target=\"_blank\" data-element=\"shortcode-suno-banner\" title=\"Banner SUNO, clique e saiba mais\">\n\t\t\t<picture>\n\t\t\t\t<source media=\"(max-width: 500px)\" srcset=\"https:\/\/files.sunoresearch.com.br\/n\/uploads\/2024\/02\/400x300-Mobile-Artigos-7.png\">\n\t\t\t\t<img class=\"newsContent__article__imgCapa newsContent__article__imgCapa--banner\"\n\t\t\t\t\tsrc=\"https:\/\/files.sunoresearch.com.br\/n\/uploads\/2024\/01\/1420x240-Banner-Artigos-1-_-Banner-Materias-8.png\"\n\t\t\t\t\tdata-promo-id=\"517344\"\t\t\t\t\t\t\t\t\t\twidth='1420' height='240'\t\t\t\t\talt=\"https:\/\/files.sunoresearch.com.br\/n\/uploads\/2024\/01\/1420x240-Banner-Artigos-1-_-Banner-Materias-8.png\"\n\t\t\t\t>\n\t\t\t<\/picture>\n\t\t<\/a>\n\t<\/p>\n\n\n<p><a href=\"https:\/\/www.suno.com.br\/noticias\/governo-medidas-caminhoneiros\/\">Saiba Mais: Governo prepara pacote de medidas para caminhoneiros<\/a><\/p>\n<p>&#8220;O governo anuncia neste momento uma linha de cr\u00e9dito espec\u00edfica para <strong>caminhoneiros<\/strong> aut\u00f4nomos de at\u00e9 R$ 30 mil para compra de pneus e manuten\u00e7\u00e3o dos ve\u00edculos&#8221;, disse <strong>Onyx<\/strong> no Pal\u00e1cio do Planalto.<\/p>\n<p><a href=\"https:\/\/www.suno.com.br\/noticias\/greve-dos-caminhoneiros-igual-pior-greve\/\">Saiba Mais: Greve dos caminhoneiros: \u201cest\u00e1vamos igual ou at\u00e9 pior que na \u00e9poca anterior \u00e0 greve\u201d, diz lideran\u00e7a<\/a><\/p>\n\n<p>Segundo o ministro, R$ 500 milh\u00f5es ser\u00e3o liberados nesta linha de cr\u00e9dito \u00e0 categoria. Inicialmente, os <strong>caminhoneiros<\/strong> podem buscar o valor atrav\u00e9s dos bancos p\u00fablicos, <strong>Banco do Brasil<\/strong> e <strong>Caixa Econ\u00f4mica Federal<\/strong>. Em um segundo momento, o valor ser\u00e1 liberado\u00a0 em outros bancos e cooperativas de cr\u00e9dito.<\/p>\n<p>O ministro anunciou ainda que s\u00f3 poder\u00e3o pegar o cr\u00e9dito <strong>caminhoneiros<\/strong> aut\u00f4nomos que tenha at\u00e9 dois <strong>caminh\u00f5es.<\/strong><\/p>\n<p>A medida proposta pela gest\u00e3o <strong>Bolsonaro<\/strong> foi discutida na segunda-feira(15) com o presidente do <strong>BNDES<\/strong>, Joaquim Levy. Ele informou que a linha de financiamento est\u00e1 sendo elaborada pela equipe econ\u00f4mica do <strong>governo.<\/strong><\/p>\n<h2>Investimento em infraestrutura<\/h2>\n<p>Al\u00e9m do cr\u00e9dito de financiamento para os <strong>caminhoneiros<\/strong>, o governo anunciou tamb\u00e9m o investimento de R$ 2 bilh\u00f5es em obras nas estradas. A equipe garantiu a conclus\u00e3o de obras da BR-163, rodovia importante para a log\u00edstica da produ\u00e7\u00e3o agr\u00edcola da regi\u00e3o do Centro-Oeste.<\/p>\n<p>A decis\u00e3o sobre o pre\u00e7o do \u00f3leo <strong>diesel<\/strong> n\u00e3o foi inclu\u00edda no pacote de medidas do governo. O assunto ser\u00e1 tratado entre o <strong>presidente<\/strong> e o ministro da Economia, <strong>Paulo Guedes,<\/strong> na tarde desta ter\u00e7a-feria.<\/p>\n<p>&#8220;Vai haver uma reuni\u00e3o agora \u00e0 tarde, que j\u00e1 est\u00e1 anunciada, entre o presidente, o <strong>Minist\u00e9rio da Economia<\/strong>, outros minist\u00e9rios e a <strong>Petrobras,<\/strong> que v\u00e3o discutir esse tema. Agora, o governo sempre disse que a Petrobras tem a autonomia e a liberdade para exercitar aquilo que \u00e9 necess\u00e1rio do ponto de vista de pol\u00edtica de combust\u00edvel&#8221;, disse <strong>Onyx.<\/strong><\/p>\n<p><a href=\"https:\/\/www.suno.com.br\/noticias\/petrobras-castello-branco-reajuste\/\">Saiba Mais: Petrobras: Castello Branco diz que n\u00e3o h\u00e1 decis\u00e3o sobre reajuste<\/a><\/p>\n<p>O dinheiro liberado tamb\u00e9m ser\u00e1 usado pelo <strong>Minist\u00e9rio da Infraestrutura\u00a0<\/strong>para a manuten\u00e7\u00e3o das estradas e rodovias. Outro ponto anunciado na coletiva atende \u00e0 antiga reivindica\u00e7\u00e3o da categoria: paradas de descanso para <strong>caminhoneiros<\/strong> nas estradas.<\/p>\n<p>&#8220;N\u00f3s temos recursos assegurados para obras emblem\u00e1ticas. Vamos dar uma qualidade de vida para o <strong>caminhoneiro&#8221;,<\/strong>\u00a0disse o ministro da Infraestrutura, <strong>Tarc\u00edsio de Freitas<\/strong>. O pacote de medidas incentiva a organiza\u00e7\u00e3o de cooperativas da categoria.<\/p>\n<h2>Petrobras<\/h2>\n<p>Na \u00faltima sexta-feira (13), o presidente <strong>Jair Bolsonaro<\/strong> solicitou que a estatal recusasse no aumento de 5,7% anunciado para o pre\u00e7o do <strong>diesel<\/strong> nas refinarias. A medida foi criticada e entendida como uma interven\u00e7\u00e3o do governo na <strong>Petrobras.<\/strong><\/p>\n<p>A estatal sentiu as consequ\u00eancias da medida. As a\u00e7\u00f5es da <strong>Petrobras<\/strong> ca\u00edram mais de 8% na \u00faltima semana, o que levou tamb\u00e9m \u00e0 queda de 2% do <strong>Ibovespa.\u00a0<\/strong><\/p>\n<p><a href=\"https:\/\/www.suno.com.br\/noticias\/previa-pib-cai-greve-caminhoneiros\/\">Saiba Mais: IBC-Br: Pr\u00e9via do PIB tem maior queda mensal desde greve dos caminhoneiros<\/a><\/p>\n<p><strong>Bolsonaro<\/strong> pediu o recuo e exigiu uma justificativa baseada em estudos para o aumento no pre\u00e7o do <strong>combust\u00edvel.<\/strong>\u00a0O governo adotou a medida por receio de uma rea\u00e7\u00e3o dos <strong>caminhoneiros.<\/strong><\/p>\n<p>&#8220;O <strong>governo<\/strong> trabalha para melhorar as condi\u00e7\u00f5es dos <strong>caminhoneiros.<\/strong> O presidente (Bolsonaro) sempre teve muita proximidade com os <strong>caminhoneiros.<\/strong> Ao longo da campanha, assumiu o compromisso de dar melhores condi\u00e7\u00f5es de trabalho&#8221;, afirmou Lorenzoni.<\/p>\n","protected":false},"excerpt":{"rendered":"<p>O governo federal anunciou em entrevista coletiva nesta ter\u00e7a-feira (16) a cria\u00e7\u00e3o de uma linha de cr\u00e9dito de at\u00e9 R$ 30 mil para caminhoneiros aut\u00f4nomos. O an\u00fancio foi feito pelo ministro da Casal Civil, Onyx Lorenzoni. A Cargo X fechou a quinta rodada de investimentos no valor de US$ 80 milh\u00f5es para investir em tecnologia [&hellip;]<\/p>\n","protected":false},"author":16,"featured_media":21153,"comment_status":"closed","ping_status":"closed","sticky":false,"template":"","format":"standard","meta":[],"categories":[62],"tags":[757,943,833],"suno_strategy":[],"class_list":["post-21136","post","type-post","status-publish","format-standard","has-post-thumbnail","hentry","category-economia","tag-bndes","tag-credito","tag-greve-dos-caminhoneiros"],"yoast_head":"<!-- This site is optimized with the Yoast SEO plugin v24.4 - https:\/\/yoast.com\/wordpress\/plugins\/seo\/ -->\n<title>Governo anuncia linha de cr\u00e9dito de at\u00e9 R$ 30 mil para caminhoneiros<\/title>\n<meta name=\"description\" content=\"Ministro da Casa Civil afirmou que cerca de R$ 500 mil ser\u00e3o liberados aos caminhoneiros aut\u00f4nomos. Clique para saber mais.\" \/>\n<meta name=\"robots\" content=\"index, follow, max-snippet:-1, max-image-preview:large, max-video-preview:-1\" \/>\n<link rel=\"canonical\" href=\"https:\/\/www.suno.com.br\/noticias\/governo-linha-credito-caminhoneiros\/\" \/>\n<meta property=\"og:locale\" content=\"pt_BR\" \/>\n<meta property=\"og:type\" content=\"article\" \/>\n<meta property=\"og:title\" content=\"Governo anuncia linha de cr\u00e9dito de at\u00e9 R$ 30 mil para caminhoneiros\" \/>\n<meta property=\"og:description\" content=\"Ministro da Casa Civil afirmou que cerca de R$ 500 mil ser\u00e3o liberados aos caminhoneiros aut\u00f4nomos. Clique para saber mais.\" \/>\n<meta property=\"og:url\" content=\"https:\/\/www.suno.com.br\/noticias\/governo-linha-credito-caminhoneiros\/\" \/>\n<meta property=\"og:site_name\" content=\"Suno Not\u00edcias\" \/>\n<meta property=\"article:publisher\" content=\"https:\/\/facebook.com\/sunoresearch\" \/>\n<meta property=\"og:image\" content=\"https:\/\/files.sunoresearch.com.br\/n\/uploads\/2019\/04\/d6e87c0e-caminhao.jpg\" \/>\n\t<meta property=\"og:image:width\" content=\"1920\" \/>\n\t<meta property=\"og:image:height\" content=\"1292\" \/>\n\t<meta property=\"og:image:type\" content=\"image\/jpeg\" \/>\n<meta name=\"author\" content=\"Beatriz Oliveira\" \/>\n<meta name=\"twitter:card\" content=\"summary_large_image\" \/>\n<meta name=\"twitter:creator\" content=\"@sunoresearch\" \/>\n<meta name=\"twitter:site\" content=\"@sunoresearch\" \/>\n<meta name=\"twitter:label1\" content=\"Escrito por\" \/>\n\t<meta name=\"twitter:data1\" content=\"Beatriz Oliveira\" \/>\n\t<meta name=\"twitter:label2\" content=\"Est. tempo de leitura\" \/>\n\t<meta name=\"twitter:data2\" content=\"3 minutos\" \/>\n<script type=\"application\/ld+json\" class=\"yoast-schema-graph\">{\"@context\":\"https:\/\/schema.org\",\"@graph\":[{\"@type\":\"NewsArticle\",\"@id\":\"https:\/\/www.suno.com.br\/noticias\/governo-linha-credito-caminhoneiros\/#article\",\"isPartOf\":{\"@id\":\"https:\/\/www.suno.com.br\/noticias\/governo-linha-credito-caminhoneiros\/\"},\"author\":{\"name\":\"Beatriz Oliveira\",\"@id\":\"https:\/\/www.suno.com.br\/noticias\/#\/schema\/person\/e67f665add014bf99f644028de070cc3\"},\"headline\":\"Governo anuncia linha de cr\u00e9dito de at\u00e9 R$ 30 mil para caminhoneiros\",\"datePublished\":\"2019-04-16T14:52:26+00:00\",\"dateModified\":\"2019-04-16T15:21:37+00:00\",\"mainEntityOfPage\":{\"@id\":\"https:\/\/www.suno.com.br\/noticias\/governo-linha-credito-caminhoneiros\/\"},\"wordCount\":668,\"publisher\":{\"@id\":\"https:\/\/www.suno.com.br\/noticias\/#organization\"},\"image\":{\"@id\":\"https:\/\/www.suno.com.br\/noticias\/governo-linha-credito-caminhoneiros\/#primaryimage\"},\"thumbnailUrl\":\"https:\/\/files.sunoresearch.com.br\/n\/uploads\/2019\/04\/d6e87c0e-caminhao-jpg.webp\",\"keywords\":[\"BNDES\",\"cr\u00e9dito\",\"greve dos caminhoneiros\"],\"articleSection\":[\"Economia\"],\"inLanguage\":\"pt-BR\"},{\"@type\":\"WebPage\",\"@id\":\"https:\/\/www.suno.com.br\/noticias\/governo-linha-credito-caminhoneiros\/\",\"url\":\"https:\/\/www.suno.com.br\/noticias\/governo-linha-credito-caminhoneiros\/\",\"name\":\"Governo anuncia linha de cr\u00e9dito de at\u00e9 R$ 30 mil para caminhoneiros\",\"isPartOf\":{\"@id\":\"https:\/\/www.suno.com.br\/noticias\/#website\"},\"primaryImageOfPage\":{\"@id\":\"https:\/\/www.suno.com.br\/noticias\/governo-linha-credito-caminhoneiros\/#primaryimage\"},\"image\":{\"@id\":\"https:\/\/www.suno.com.br\/noticias\/governo-linha-credito-caminhoneiros\/#primaryimage\"},\"thumbnailUrl\":\"https:\/\/files.sunoresearch.com.br\/n\/uploads\/2019\/04\/d6e87c0e-caminhao-jpg.webp\",\"datePublished\":\"2019-04-16T14:52:26+00:00\",\"dateModified\":\"2019-04-16T15:21:37+00:00\",\"description\":\"Ministro da Casa Civil afirmou que cerca de R$ 500 mil ser\u00e3o liberados aos caminhoneiros aut\u00f4nomos. Clique para saber mais.\",\"breadcrumb\":{\"@id\":\"https:\/\/www.suno.com.br\/noticias\/governo-linha-credito-caminhoneiros\/#breadcrumb\"},\"inLanguage\":\"pt-BR\",\"potentialAction\":[{\"@type\":\"ReadAction\",\"target\":[\"https:\/\/www.suno.com.br\/noticias\/governo-linha-credito-caminhoneiros\/\"]}]},{\"@type\":\"ImageObject\",\"inLanguage\":\"pt-BR\",\"@id\":\"https:\/\/www.suno.com.br\/noticias\/governo-linha-credito-caminhoneiros\/#primaryimage\",\"url\":\"https:\/\/files.sunoresearch.com.br\/n\/uploads\/2019\/04\/d6e87c0e-caminhao-jpg.webp\",\"contentUrl\":\"https:\/\/files.sunoresearch.com.br\/n\/uploads\/2019\/04\/d6e87c0e-caminhao-jpg.webp\",\"width\":1920,\"height\":1292,\"caption\":\"A Cargo X fechou a quinta rodada de investimentos no valor de US$ 80 milh\u00f5es para investir em tecnologia de ponta.Clique aqui para saber mais.\"},{\"@type\":\"BreadcrumbList\",\"@id\":\"https:\/\/www.suno.com.br\/noticias\/governo-linha-credito-caminhoneiros\/#breadcrumb\",\"itemListElement\":[{\"@type\":\"ListItem\",\"position\":1,\"name\":\"Not\u00edcias\",\"item\":\"https:\/\/www.suno.com.br\/noticias\/\"},{\"@type\":\"ListItem\",\"position\":2,\"name\":\"Economia\",\"item\":\"https:\/\/www.suno.com.br\/noticias\/economia\/\"},{\"@type\":\"ListItem\",\"position\":3,\"name\":\"Governo anuncia linha de cr\u00e9dito de at\u00e9 R$ 30 mil para caminhoneiros\"}]},{\"@type\":\"WebSite\",\"@id\":\"https:\/\/www.suno.com.br\/noticias\/#website\",\"url\":\"https:\/\/www.suno.com.br\/noticias\/\",\"name\":\"Suno Not\u00edcias\",\"description\":\"Seu portal de informa\u00e7\u00e3o sobre o mundo dos investimentos\",\"publisher\":{\"@id\":\"https:\/\/www.suno.com.br\/noticias\/#organization\"},\"potentialAction\":[{\"@type\":\"SearchAction\",\"target\":{\"@type\":\"EntryPoint\",\"urlTemplate\":\"https:\/\/www.suno.com.br\/noticias\/?s={search_term_string}\"},\"query-input\":{\"@type\":\"PropertyValueSpecification\",\"valueRequired\":true,\"valueName\":\"search_term_string\"}}],\"inLanguage\":\"pt-BR\"},{\"@type\":\"Organization\",\"@id\":\"https:\/\/www.suno.com.br\/noticias\/#organization\",\"name\":\"Suno Not\u00edcias\",\"url\":\"https:\/\/www.suno.com.br\/noticias\/\",\"logo\":{\"@type\":\"ImageObject\",\"inLanguage\":\"pt-BR\",\"@id\":\"https:\/\/www.suno.com.br\/noticias\/#\/schema\/logo\/image\/\",\"url\":\"https:\/\/files.sunoresearch.com.br\/n\/uploads\/2021\/09\/suno-logo.png\",\"contentUrl\":\"https:\/\/files.sunoresearch.com.br\/n\/uploads\/2021\/09\/suno-logo.png\",\"width\":180,\"height\":180,\"caption\":\"Suno Not\u00edcias\"},\"image\":{\"@id\":\"https:\/\/www.suno.com.br\/noticias\/#\/schema\/logo\/image\/\"},\"sameAs\":[\"https:\/\/facebook.com\/sunoresearch\",\"https:\/\/x.com\/sunoresearch\",\"https:\/\/www.instagram.com\/suno\",\"https:\/\/www.linkedin.com\/company\/suno-research\/\",\"https:\/\/www.youtube.com\/c\/sunoresearch\"]},{\"@type\":\"Person\",\"@id\":\"https:\/\/www.suno.com.br\/noticias\/#\/schema\/person\/e67f665add014bf99f644028de070cc3\",\"name\":\"Beatriz Oliveira\",\"image\":{\"@type\":\"ImageObject\",\"inLanguage\":\"pt-BR\",\"@id\":\"https:\/\/www.suno.com.br\/noticias\/#\/schema\/person\/image\/\",\"url\":\"https:\/\/secure.gravatar.com\/avatar\/c9aa6a0aaecc598d257d5d5bd349157d?s=96&r=g\",\"contentUrl\":\"https:\/\/secure.gravatar.com\/avatar\/c9aa6a0aaecc598d257d5d5bd349157d?s=96&r=g\",\"caption\":\"Beatriz Oliveira\"},\"description\":\"Formada em Jornalismo pela Faculdade Paulus de Tecnologia e Comunica\u00e7\u00e3o, Beatriz Oliveira escreve para o portal de not\u00edcias Suno Research. Antes, passou pelas reda\u00e7\u00f5es da Revista EXAME e da Rede Bandeirantes.\",\"url\":\"https:\/\/www.suno.com.br\/noticias\/author\/beatriz\/\"}]}<\/script>\n<!-- \/ Yoast SEO plugin. -->","yoast_head_json":{"title":"Governo anuncia linha de cr\u00e9dito de at\u00e9 R$ 30 mil para caminhoneiros","description":"Ministro da Casa Civil afirmou que cerca de R$ 500 mil ser\u00e3o liberados aos caminhoneiros aut\u00f4nomos. Clique para saber mais.","robots":{"index":"index","follow":"follow","max-snippet":"max-snippet:-1","max-image-preview":"max-image-preview:large","max-video-preview":"max-video-preview:-1"},"canonical":"https:\/\/www.suno.com.br\/noticias\/governo-linha-credito-caminhoneiros\/","og_locale":"pt_BR","og_type":"article","og_title":"Governo anuncia linha de cr\u00e9dito de at\u00e9 R$ 30 mil para caminhoneiros","og_description":"Ministro da Casa Civil afirmou que cerca de R$ 500 mil ser\u00e3o liberados aos caminhoneiros aut\u00f4nomos. Clique para saber mais.","og_url":"https:\/\/www.suno.com.br\/noticias\/governo-linha-credito-caminhoneiros\/","og_site_name":"Suno Not\u00edcias","article_publisher":"https:\/\/facebook.com\/sunoresearch","og_image":[{"width":1920,"height":1292,"url":"https:\/\/files.sunoresearch.com.br\/n\/uploads\/2019\/04\/d6e87c0e-caminhao.jpg","type":"image\/jpeg"}],"author":"Beatriz Oliveira","twitter_card":"summary_large_image","twitter_creator":"@sunoresearch","twitter_site":"@sunoresearch","twitter_misc":{"Escrito por":"Beatriz Oliveira","Est. tempo de leitura":"3 minutos"},"schema":{"@context":"https:\/\/schema.org","@graph":[{"@type":"NewsArticle","@id":"https:\/\/www.suno.com.br\/noticias\/governo-linha-credito-caminhoneiros\/#article","isPartOf":{"@id":"https:\/\/www.suno.com.br\/noticias\/governo-linha-credito-caminhoneiros\/"},"author":{"name":"Beatriz Oliveira","@id":"https:\/\/www.suno.com.br\/noticias\/#\/schema\/person\/e67f665add014bf99f644028de070cc3"},"headline":"Governo anuncia linha de cr\u00e9dito de at\u00e9 R$ 30 mil para caminhoneiros","datePublished":"2019-04-16T14:52:26+00:00","dateModified":"2019-04-16T15:21:37+00:00","mainEntityOfPage":{"@id":"https:\/\/www.suno.com.br\/noticias\/governo-linha-credito-caminhoneiros\/"},"wordCount":668,"publisher":{"@id":"https:\/\/www.suno.com.br\/noticias\/#organization"},"image":{"@id":"https:\/\/www.suno.com.br\/noticias\/governo-linha-credito-caminhoneiros\/#primaryimage"},"thumbnailUrl":"https:\/\/files.sunoresearch.com.br\/n\/uploads\/2019\/04\/d6e87c0e-caminhao-jpg.webp","keywords":["BNDES","cr\u00e9dito","greve dos caminhoneiros"],"articleSection":["Economia"],"inLanguage":"pt-BR"},{"@type":"WebPage","@id":"https:\/\/www.suno.com.br\/noticias\/governo-linha-credito-caminhoneiros\/","url":"https:\/\/www.suno.com.br\/noticias\/governo-linha-credito-caminhoneiros\/","name":"Governo anuncia linha de cr\u00e9dito de at\u00e9 R$ 30 mil para caminhoneiros","isPartOf":{"@id":"https:\/\/www.suno.com.br\/noticias\/#website"},"primaryImageOfPage":{"@id":"https:\/\/www.suno.com.br\/noticias\/governo-linha-credito-caminhoneiros\/#primaryimage"},"image":{"@id":"https:\/\/www.suno.com.br\/noticias\/governo-linha-credito-caminhoneiros\/#primaryimage"},"thumbnailUrl":"https:\/\/files.sunoresearch.com.br\/n\/uploads\/2019\/04\/d6e87c0e-caminhao-jpg.webp","datePublished":"2019-04-16T14:52:26+00:00","dateModified":"2019-04-16T15:21:37+00:00","description":"Ministro da Casa Civil afirmou que cerca de R$ 500 mil ser\u00e3o liberados aos caminhoneiros aut\u00f4nomos. Clique para saber mais.","breadcrumb":{"@id":"https:\/\/www.suno.com.br\/noticias\/governo-linha-credito-caminhoneiros\/#breadcrumb"},"inLanguage":"pt-BR","potentialAction":[{"@type":"ReadAction","target":["https:\/\/www.suno.com.br\/noticias\/governo-linha-credito-caminhoneiros\/"]}]},{"@type":"ImageObject","inLanguage":"pt-BR","@id":"https:\/\/www.suno.com.br\/noticias\/governo-linha-credito-caminhoneiros\/#primaryimage","url":"https:\/\/files.sunoresearch.com.br\/n\/uploads\/2019\/04\/d6e87c0e-caminhao-jpg.webp","contentUrl":"https:\/\/files.sunoresearch.com.br\/n\/uploads\/2019\/04\/d6e87c0e-caminhao-jpg.webp","width":1920,"height":1292,"caption":"A Cargo X fechou a quinta rodada de investimentos no valor de US$ 80 milh\u00f5es para investir em tecnologia de ponta.Clique aqui para saber mais."},{"@type":"BreadcrumbList","@id":"https:\/\/www.suno.com.br\/noticias\/governo-linha-credito-caminhoneiros\/#breadcrumb","itemListElement":[{"@type":"ListItem","position":1,"name":"Not\u00edcias","item":"https:\/\/www.suno.com.br\/noticias\/"},{"@type":"ListItem","position":2,"name":"Economia","item":"https:\/\/www.suno.com.br\/noticias\/economia\/"},{"@type":"ListItem","position":3,"name":"Governo anuncia linha de cr\u00e9dito de at\u00e9 R$ 30 mil para caminhoneiros"}]},{"@type":"WebSite","@id":"https:\/\/www.suno.com.br\/noticias\/#website","url":"https:\/\/www.suno.com.br\/noticias\/","name":"Suno Not\u00edcias","description":"Seu portal de informa\u00e7\u00e3o sobre o mundo dos investimentos","publisher":{"@id":"https:\/\/www.suno.com.br\/noticias\/#organization"},"potentialAction":[{"@type":"SearchAction","target":{"@type":"EntryPoint","urlTemplate":"https:\/\/www.suno.com.br\/noticias\/?s={search_term_string}"},"query-input":{"@type":"PropertyValueSpecification","valueRequired":true,"valueName":"search_term_string"}}],"inLanguage":"pt-BR"},{"@type":"Organization","@id":"https:\/\/www.suno.com.br\/noticias\/#organization","name":"Suno Not\u00edcias","url":"https:\/\/www.suno.com.br\/noticias\/","logo":{"@type":"ImageObject","inLanguage":"pt-BR","@id":"https:\/\/www.suno.com.br\/noticias\/#\/schema\/logo\/image\/","url":"https:\/\/files.sunoresearch.com.br\/n\/uploads\/2021\/09\/suno-logo.png","contentUrl":"https:\/\/files.sunoresearch.com.br\/n\/uploads\/2021\/09\/suno-logo.png","width":180,"height":180,"caption":"Suno Not\u00edcias"},"image":{"@id":"https:\/\/www.suno.com.br\/noticias\/#\/schema\/logo\/image\/"},"sameAs":["https:\/\/facebook.com\/sunoresearch","https:\/\/x.com\/sunoresearch","https:\/\/www.instagram.com\/suno","https:\/\/www.linkedin.com\/company\/suno-research\/","https:\/\/www.youtube.com\/c\/sunoresearch"]},{"@type":"Person","@id":"https:\/\/www.suno.com.br\/noticias\/#\/schema\/person\/e67f665add014bf99f644028de070cc3","name":"Beatriz Oliveira","image":{"@type":"ImageObject","inLanguage":"pt-BR","@id":"https:\/\/www.suno.com.br\/noticias\/#\/schema\/person\/image\/","url":"https:\/\/secure.gravatar.com\/avatar\/c9aa6a0aaecc598d257d5d5bd349157d?s=96&r=g","contentUrl":"https:\/\/secure.gravatar.com\/avatar\/c9aa6a0aaecc598d257d5d5bd349157d?s=96&r=g","caption":"Beatriz Oliveira"},"description":"Formada em Jornalismo pela Faculdade Paulus de Tecnologia e Comunica\u00e7\u00e3o, Beatriz Oliveira escreve para o portal de not\u00edcias Suno Research. Antes, passou pelas reda\u00e7\u00f5es da Revista EXAME e da Rede Bandeirantes.","url":"https:\/\/www.suno.com.br\/noticias\/author\/beatriz\/"}]}},"default_loop_html":"<div class=\"cardsPage__listCard__boxs\"><div class=\"cardsPage__listCard__boxs__img\"><a href=\"https:\/\/www.suno.com.br\/noticias\/governo-linha-credito-caminhoneiros\/\"><img class=\"mask\" src=\"https:\/\/www.suno.com.br\/noticias\/wp-content\/themes\/suno\/resources\/images\/spotlight\/spotlight1img\/bg-mask.png\" alt=\"Image Mask\"\/><img src=\"https:\/\/files.sunoresearch.com.br\/n\/uploads\/2019\/04\/d6e87c0e-caminhao-400x200.webp\" alt=\"Governo anuncia linha de cr\u00e9dito de at\u00e9 R$ 30 mil para caminhoneiros\"\/><\/a><span class=\"spotlightCategory\"><a href=\"https:\/\/www.suno.com.br\/noticias\/economia\/\">Economia<\/a><\/span><\/div><div class=\"cardsPage__listCard__boxs__content\"><a href=\"https:\/\/www.suno.com.br\/noticias\/governo-linha-credito-caminhoneiros\/\"><h2 class=\"content__title\">Governo anuncia linha de cr\u00e9dito de at\u00e9 R$ 30 mil para caminhoneiros<\/h2><\/a><div class=\"newsContent__article__meta\"><div class=\"newsContent__article__meta__authorBox\"><a href=\"https:\/\/www.suno.com.br\/noticias\/author\/beatriz\/\" class=\"authorBox__avatar noMobi\"><img src=\"https:\/\/secure.gravatar.com\/avatar\/c9aa6a0aaecc598d257d5d5bd349157d?s=96&#038;r=g\" alt=\"Beatriz Oliveira\"><\/a><div class=\"authorBox__name\"><span>por\n\t\t\t<a href=\"https:\/\/www.suno.com.br\/noticias\/author\/beatriz\/\"><span itemprop=\"author\">Beatriz Oliveira<\/span><\/a><\/span><time datetime=\"2019-04-16T11:52:26-03:00\" itemprop=\"datePublished\">16\/04\/2019 11:52<\/time><\/div><\/div><\/div><\/div><\/div>","single_layout":"posts","amp_enabled":true,"_links":{"self":[{"href":"https:\/\/www.suno.com.br\/noticias\/wp-json\/wp\/v2\/posts\/21136"}],"collection":[{"href":"https:\/\/www.suno.com.br\/noticias\/wp-json\/wp\/v2\/posts"}],"about":[{"href":"https:\/\/www.suno.com.br\/noticias\/wp-json\/wp\/v2\/types\/post"}],"author":[{"embeddable":true,"href":"https:\/\/www.suno.com.br\/noticias\/wp-json\/wp\/v2\/users\/16"}],"replies":[{"embeddable":true,"href":"https:\/\/www.suno.com.br\/noticias\/wp-json\/wp\/v2\/comments?post=21136"}],"version-history":[{"count":0,"href":"https:\/\/www.suno.com.br\/noticias\/wp-json\/wp\/v2\/posts\/21136\/revisions"}],"wp:featuredmedia":[{"embeddable":true,"href":"https:\/\/www.suno.com.br\/noticias\/wp-json\/wp\/v2\/media\/21153"}],"wp:attachment":[{"href":"https:\/\/www.suno.com.br\/noticias\/wp-json\/wp\/v2\/media?parent=21136"}],"wp:term":[{"taxonomy":"category","embeddable":true,"href":"https:\/\/www.suno.com.br\/noticias\/wp-json\/wp\/v2\/categories?post=21136"},{"taxonomy":"post_tag","embeddable":true,"href":"https:\/\/www.suno.com.br\/noticias\/wp-json\/wp\/v2\/tags?post=21136"},{"taxonomy":"suno_strategy","embeddable":true,"href":"https:\/\/www.suno.com.br\/noticias\/wp-json\/wp\/v2\/suno_strategy?post=21136"}],"curies":[{"name":"wp","href":"https:\/\/api.w.org\/{rel}","templated":true}]}}