{"id":211359,"date":"2021-12-02T22:26:08","date_gmt":"2021-12-03T01:26:08","guid":{"rendered":"https:\/\/www.suno.com.br\/noticias\/?p=211359"},"modified":"2021-12-02T22:26:08","modified_gmt":"2021-12-03T01:26:08","slug":"varejo-paulista-deve-crescer-5-com-vendas-no-natal-diz-pesquisa","status":"publish","type":"post","link":"https:\/\/www.suno.com.br\/noticias\/varejo-paulista-deve-crescer-5-com-vendas-no-natal-diz-pesquisa\/","title":{"rendered":"Varejo paulista deve crescer 5% com vendas no Natal, diz pesquisa"},"content":{"rendered":"<p>A Federa\u00e7\u00e3o do Com\u00e9rcio de Bens, Servi\u00e7os e Turismo do Estado de S\u00e3o Paulo (FecomercioSP) estima que o com\u00e9rcio <strong>varejista<\/strong> deva crescer 5% no m\u00eas do Natal. Se a previs\u00e3o estiver correta, o varejo vai atingir R$ 91 bilh\u00f5es em vendas em dezembro, R$ 4,2 bilh\u00f5es a mais do que em 2020.<img decoding=\"async\" style=\"width: 1px; height: 1px;\" src=\"https:\/\/agenciabrasil.ebc.com.br\/ebc.png?id=1430086&amp;o=rss\" \/><img decoding=\"async\" style=\"width: 1px; height: 1px;\" src=\"https:\/\/agenciabrasil.ebc.com.br\/ebc.gif?id=1430086&amp;o=rss\" \/><\/p>\t<div class=\"wrapper-featured-image\">\n\t\t<figure class=\"spotlightImg\">\n\n\t\t\t<picture>\n\t\t\t\t<source media=\"(max-width: 768px)\" srcset=\"https:\/\/files.sunoresearch.com.br\/n\/uploads\/2021\/03\/3fa9c8da-magazine-luiza3-400x200.webp\">\n\t\t\t\t<img loading=\"lazy\" decoding=\"async\" class=\"newsContent__article__imgCapa lazyloadDisabled \" src=\"https:\/\/files.sunoresearch.com.br\/n\/uploads\/2021\/03\/3fa9c8da-magazine-luiza3-800x450.webp\" width=\"800\" height=\"450\" alt=\"Varejo paulista deve crescer 5% com vendas no Natal, diz pesquisa\" fetchpriority=high \/>\n\t\t\t<\/picture>\n\n\t\t\t<figcaption class=\"wp-caption-text wp-caption-text--show\"> Foto: Divulga\u00e7\u00e3o \n<\/figcaption>\n\t\t<\/figure>\n\t<\/div>\n\n\n\t<p>\n\t\t<a href=\"https:\/\/lp.suno.com.br\/planilha-controle-gastos\/\" target=\"_blank\" data-element=\"shortcode-suno-banner\" title=\"Banner SUNO, clique e saiba mais\">\n\t\t\t<picture>\n\t\t\t\t<source media=\"(max-width: 500px)\" srcset=\"https:\/\/files.sunoresearch.com.br\/n\/uploads\/2023\/03\/400x300-Planilha-controle-de-gastos.png\">\n\t\t\t\t<img class=\"newsContent__article__imgCapa newsContent__article__imgCapa--banner\"\n\t\t\t\t\tsrc=\"https:\/\/files.sunoresearch.com.br\/n\/uploads\/2023\/03\/1420x240-Planilha-controle-de-gastos.png\"\n\t\t\t\t\tdata-promo-id=\"101751\"\t\t\t\t\t\t\t\t\t\twidth='1420' height='240'\t\t\t\t\talt=\"https:\/\/files.sunoresearch.com.br\/n\/uploads\/2023\/03\/1420x240-Planilha-controle-de-gastos.png\"\n\t\t\t\t>\n\t\t\t<\/picture>\n\t\t<\/a>\n\t<\/p>\n\n\n<p>Para a FecomercioSP, o principal fator que vai influenciar esses n\u00fameros ser\u00e1 o pagamento do <a class=\"suno-keyword\" href=\"https:\/\/www.suno.com.br\/artigos\/decimo-terceiro\/\" target=\"_blank\" rel=\"noopener\" data-force=\"no\" data-priority=\"2\">d\u00e9cimo terceiro<\/a> sal\u00e1rio e seu impacto maior nas<strong> compras de Natal<\/strong>, considerado decisivo pela entidade j\u00e1 que ser\u00e1 57,5% maior que em rela\u00e7\u00e3o ao registrado no fim de 2020. Tamb\u00e9m devem interferir nesse \u00edndice a maior oferta de cr\u00e9dito, as lojas funcionando normalmente e a maior circula\u00e7\u00e3o de consumidores sem restri\u00e7\u00f5es devido \u00e0 pandemia de covid-19.<\/p>\n<p>Segundo a an\u00e1lise da <strong>FecomercioSP<\/strong>, com a inje\u00e7\u00e3o do <strong>13\u00ba sal\u00e1rio seguindo os padr\u00f5es pr\u00e9-pandemia<\/strong>, R$ 9,5 bilh\u00f5es do valor recebido devem ser destinados ao consumo nesta \u00e9poca do ano. S\u00e3o R$ 3,1 bilh\u00f5es a mais na economia, o que significa uma eleva\u00e7\u00e3o de 47% em rela\u00e7\u00e3o ao ano anterior, respondendo por 74% do acr\u00e9scimo mensal previsto de R$ 4,2 bilh\u00f5es em rela\u00e7\u00e3o a dezembro de 2020.<\/p>\n<p>\u201cDois fatores justificam a <strong>maior inje\u00e7\u00e3o do d\u00e9cimo sal\u00e1rio<\/strong>. Em primeiro lugar, a expressiva expans\u00e3o do contingente de trabalhadores com carteira assinada e, em segundo, o fato de que os aposentados e pensionistas, al\u00e9m de parcela significativa de empregados do setor privado, no ano passado, receberam a totalidade do pagamento at\u00e9 a metade do ano, a fim de atenuar a queda de renda provocada pela paralisa\u00e7\u00e3o de v\u00e1rios segmentos produtivos e a eleva\u00e7\u00e3o do desemprego\u201d, analisa a FecomercioSP.<\/p>\n\t<p>\n\t\t<a href=\"https:\/\/lp.suno.com.br\/planilha-da-vida-financeira\/\" target=\"_blank\" data-element=\"shortcode-suno-banner\" title=\"Banner SUNO, clique e saiba mais\">\n\t\t\t<picture>\n\t\t\t\t<source media=\"(max-width: 500px)\" srcset=\"https:\/\/files.sunoresearch.com.br\/n\/uploads\/2023\/04\/400x300-Planilha-vida-financeira-true.png\">\n\t\t\t\t<img class=\"newsContent__article__imgCapa newsContent__article__imgCapa--banner\"\n\t\t\t\t\tsrc=\"https:\/\/files.sunoresearch.com.br\/n\/uploads\/2023\/04\/1420x240-Planilha-vida-financeira-true.png\"\n\t\t\t\t\tdata-promo-id=\"106682\"\t\t\t\t\t\t\t\t\t\twidth='1420' height='240'\t\t\t\t\talt=\"https:\/\/files.sunoresearch.com.br\/n\/uploads\/2023\/04\/1420x240-Planilha-vida-financeira-true.png\"\n\t\t\t\t>\n\t\t\t<\/picture>\n\t\t<\/a>\n\t<\/p>\n\n\n<p>A entidade destacou ainda que mesmo com a expectativa positiva, h\u00e1 fatores que podem influenciar negativamente essa perspectiva, como a <strong>forte eleva\u00e7\u00e3o em curso do n\u00edvel de endividamento das fam\u00edlias<\/strong> que, ao lado da infla\u00e7\u00e3o e do desemprego altos, provocam redu\u00e7\u00e3o da massa de renda.<\/p>\n<p>Entre as atividades do varejo, o <strong>segmento de vestu\u00e1rio<\/strong> \u00e9 o que deve ter o melhor movimento de vendas no m\u00eas, com crescimento estimado de 28%, ante dezembro de 2020, quando mostrou uma retra\u00e7\u00e3o de 22%, o pior desempenho entre todas na ocasi\u00e3o. Os <strong>supermercados<\/strong> (-2%), as <strong>farm\u00e1cias e perfumarias<\/strong> (-3%) e as <strong>lojas de m\u00f3veis e decora\u00e7\u00e3o<\/strong> (-5%) devem ser os destaques negativos deste ano.<\/p>\n\t<p>\n\t\t<a href=\"https:\/\/lp.suno.com.br\/ebook-como-analisar-uma-acao\/\" target=\"_blank\" data-element=\"shortcode-suno-banner\" title=\"Banner SUNO, clique e saiba mais\">\n\t\t\t<picture>\n\t\t\t\t<source media=\"(max-width: 500px)\" srcset=\"https:\/\/files.sunoresearch.com.br\/n\/uploads\/2023\/03\/Ebook-Acoes-Mobile-1.jpg\">\n\t\t\t\t<img class=\"newsContent__article__imgCapa newsContent__article__imgCapa--banner\"\n\t\t\t\t\tsrc=\"https:\/\/files.sunoresearch.com.br\/n\/uploads\/2023\/03\/Ebook-Acoes-Desktop-1.jpg\"\n\t\t\t\t\tdata-promo-id=\"171998\"\t\t\t\t\t\t\t\t\t\twidth='1420' height='286'\t\t\t\t\talt=\"https:\/\/files.sunoresearch.com.br\/n\/uploads\/2023\/03\/Ebook-Acoes-Desktop-1.jpg\"\n\t\t\t\t>\n\t\t\t<\/picture>\n\t\t<\/a>\n\t<\/p>\n\n\n<h2 class=\"newsContent__article__title\">Nem a Black Friday salvou o que a infla\u00e7\u00e3o tirou das varejistas<\/h2>\n<p>As <strong>a\u00e7\u00f5es de\u00a0varejistas<\/strong>\u00a0como\u00a0<a href=\"https:\/\/statusinvest.com.br\/acoes\/viia3?__hstc=189907700.bba232248bcf9bee56d6157c0a209b3c.1635427772185.1638472469578.1638479519993.137&amp;__hssc=189907700.32.1638479519993&amp;__hsfp=12651515\" target=\"_blank\" rel=\"noopener\">Via (VIIA3)<\/a>,\u00a0<a class=\"suno-keyword\" href=\"https:\/\/www.suno.com.br\/acoes\/MGLU3\/\" target=\"_blank\" rel=\"noopener\" data-force=\"yes\" data-priority=\"2\">Magazine Luiza (MGLU3)<\/a>\u00a0e\u00a0<a href=\"https:\/\/www.suno.com.br\/acoes\/amer3\/\" target=\"_blank\" rel=\"noopener\">Americanas (AMER3)<\/a> est\u00e3o na lanterna do Ibovespa quando se olha para o desempenho dos \u00faltimos 12 meses. Isso porque essas empresas est\u00e3o entre as principais afetadas pelo quadro macroecon\u00f4mico do Pa\u00eds, com destaque para a influ\u00eancia do \u00cdndice de Pre\u00e7os ao Consumidor Amplo (IPCA) em dois d\u00edgitos.<\/p>\n\t<div data-element=\"shortcode-read-more\" class=\"knowMore\">\n\t\t\t\t<span class=\"knowMore__title\">Saiba mais<\/span>\n\t\t\t\t<a class=\"knowMore__link\" href=\"https:\/\/www.suno.com.br\/noticias\/via-viia3-americanas-amer3-black-friday-inflacao-varejistas\/\">\n\t\t\tVia (VIIA3), Americanas (AMER3): nem Black Friday salva o que a infla\u00e7\u00e3o tira das varejistas\t\t<\/a>\n\t<\/div>\n\n\n<p>Na \u00faltima quinta-feira (25), o Instituto Brasileiro de Geografia e Estat\u00edstica (IBGE) divulgou o IPCA-15, considerado uma<strong> pr\u00e9via da infla\u00e7\u00e3o oficial do Brasil<\/strong>. O indicador apresentou alta de 1,17% em novembro. Com esse percentual, a alta dos pre\u00e7os acumulada em 12 meses chega a 10,73%.<\/p>\n\t<p>\n\t\t<a href=\"https:\/\/lp.suno.com.br\/planilha-de-controle-de-investimentos\/\" target=\"_blank\" data-element=\"shortcode-suno-banner\" title=\"Banner SUNO, clique e saiba mais\">\n\t\t\t<picture>\n\t\t\t\t<source media=\"(max-width: 500px)\" srcset=\"https:\/\/files.sunoresearch.com.br\/n\/uploads\/2023\/03\/400x300-Controle-de-Investimentos.png\">\n\t\t\t\t<img class=\"newsContent__article__imgCapa newsContent__article__imgCapa--banner\"\n\t\t\t\t\tsrc=\"https:\/\/files.sunoresearch.com.br\/n\/uploads\/2023\/03\/1420x240-Controle-de-Investimentos.png\"\n\t\t\t\t\tdata-promo-id=\"75934\"\t\t\t\t\t\t\t\t\t\twidth='1420' height='240'\t\t\t\t\talt=\"https:\/\/files.sunoresearch.com.br\/n\/uploads\/2023\/03\/1420x240-Controle-de-Investimentos.png\"\n\t\t\t\t>\n\t\t\t<\/picture>\n\t\t<\/a>\n\t<\/p>\n\n\n<p>Uma infla\u00e7\u00e3o na casa dos d\u00edgitos, somada a uma taxa de juros alta e um percentual de desemprego em 14%, conflui para o <strong>pior cen\u00e1rio para as varejistas<\/strong>: diminui\u00e7\u00e3o do <a class=\"suno-keyword\" href=\"https:\/\/www.suno.com.br\/artigos\/poder-de-compra\/\" target=\"_blank\" rel=\"noopener\" data-force=\"no\" data-priority=\"1\">poder de compra<\/a> do consumidor.<\/p>\n<p>Para<strong> \u00c9tore S\u00e1nchez<\/strong>, economista-chefe da Ativa Investimentos, o cen\u00e1rio de 2022 tamb\u00e9m n\u00e3o deve ser promissor. A expectativa do economista \u00e9 de que os juros atinjam um pico de 13,25% no pr\u00f3ximo ano, numa tentativa de o Banco Central (BC) aplacar todas aquelas infla\u00e7\u00f5es mencionadas mais acima.<\/p>\n<p>Com isso, o custo de cr\u00e9dito aumenta, os consumidores ficam mais pressionados para o consumo e a d\u00edvida das <strong>varejistas<\/strong> cresce junto com os juros.<\/p>\n<p>(Com informa\u00e7\u00f5es da Ag\u00eancia Brasil)<\/p>\n\t<p>\n\t\t<a href=\"\" target=\"_blank\" data-element=\"shortcode-suno-banner\" title=\"Banner SUNO, clique e saiba mais\">\n\t\t\t<picture>\n\t\t\t\t<source media=\"(max-width: 500px)\" srcset=\"\">\n\t\t\t\t<img class=\"newsContent__article__imgCapa newsContent__article__imgCapa--banner\"\n\t\t\t\t\tsrc=\"\"\n\t\t\t\t\tdata-promo-id=\"184190\"\t\t\t\t\t\t\t\t\t\t\t\t\t\t\talt=\"\"\n\t\t\t\t>\n\t\t\t<\/picture>\n\t\t<\/a>\n\t<\/p>\n\n\n","protected":false},"excerpt":{"rendered":"<p>A Federa\u00e7\u00e3o do Com\u00e9rcio de Bens, Servi\u00e7os e Turismo do Estado de S\u00e3o Paulo (FecomercioSP) estima que o com\u00e9rcio varejista deva crescer 5% no m\u00eas do Natal. Se a previs\u00e3o estiver correta, o varejo vai atingir R$ 91 bilh\u00f5es em vendas em dezembro, R$ 4,2 bilh\u00f5es a mais do que em 2020. Foto: Divulga\u00e7\u00e3o Para [&hellip;]<\/p>\n","protected":false},"author":118,"featured_media":133206,"comment_status":"closed","ping_status":"closed","sticky":false,"template":"","format":"standard","meta":[],"categories":[62],"tags":[106605,548,803,106935],"suno_strategy":[],"class_list":["post-211359","post","type-post","status-publish","format-standard","has-post-thumbnail","hentry","category-economia","tag-americanas-s-a-amer3","tag-magazine-luiza-mglu3","tag-varejo","tag-via-viia3"],"yoast_head":"<!-- This site is optimized with the Yoast SEO plugin v24.4 - https:\/\/yoast.com\/wordpress\/plugins\/seo\/ -->\n<title>Varejo paulista deve crescer 5% com vendas no Natal, diz pesquisa<\/title>\n<meta name=\"description\" content=\"Federa\u00e7\u00e3o do Com\u00e9rcio de Bens, Servi\u00e7os e Turismo do Estado de S\u00e3o Paulo (FecomercioSP) estima que o com\u00e9rcio varejista...Saiba mais\" \/>\n<meta name=\"robots\" content=\"index, follow, max-snippet:-1, max-image-preview:large, max-video-preview:-1\" \/>\n<link rel=\"canonical\" href=\"https:\/\/www.suno.com.br\/noticias\/varejo-paulista-deve-crescer-5-com-vendas-no-natal-diz-pesquisa\/\" \/>\n<meta property=\"og:locale\" content=\"pt_BR\" \/>\n<meta property=\"og:type\" content=\"article\" \/>\n<meta property=\"og:title\" content=\"Varejo paulista deve crescer 5% com vendas no Natal, diz pesquisa\" \/>\n<meta property=\"og:description\" content=\"Federa\u00e7\u00e3o do Com\u00e9rcio de Bens, Servi\u00e7os e Turismo do Estado de S\u00e3o Paulo (FecomercioSP) estima que o com\u00e9rcio varejista...Saiba mais\" \/>\n<meta property=\"og:url\" content=\"https:\/\/www.suno.com.br\/noticias\/varejo-paulista-deve-crescer-5-com-vendas-no-natal-diz-pesquisa\/\" \/>\n<meta property=\"og:site_name\" content=\"Suno Not\u00edcias\" \/>\n<meta property=\"article:publisher\" content=\"https:\/\/facebook.com\/sunoresearch\" \/>\n<meta property=\"og:image\" content=\"https:\/\/files.sunoresearch.com.br\/n\/uploads\/2021\/03\/3fa9c8da-magazine-luiza3.jpg\" \/>\n\t<meta property=\"og:image:width\" content=\"1200\" \/>\n\t<meta property=\"og:image:height\" content=\"800\" \/>\n\t<meta property=\"og:image:type\" content=\"image\/jpeg\" \/>\n<meta name=\"author\" content=\"Bruno Galv\u00e3o\" \/>\n<meta name=\"twitter:card\" content=\"summary_large_image\" \/>\n<meta name=\"twitter:creator\" content=\"@sunoresearch\" \/>\n<meta name=\"twitter:site\" content=\"@sunoresearch\" \/>\n<meta name=\"twitter:label1\" content=\"Escrito por\" \/>\n\t<meta name=\"twitter:data1\" content=\"Bruno Galv\u00e3o\" \/>\n\t<meta name=\"twitter:label2\" content=\"Est. tempo de leitura\" \/>\n\t<meta name=\"twitter:data2\" content=\"4 minutos\" \/>\n<script type=\"application\/ld+json\" class=\"yoast-schema-graph\">{\"@context\":\"https:\/\/schema.org\",\"@graph\":[{\"@type\":\"NewsArticle\",\"@id\":\"https:\/\/www.suno.com.br\/noticias\/varejo-paulista-deve-crescer-5-com-vendas-no-natal-diz-pesquisa\/#article\",\"isPartOf\":{\"@id\":\"https:\/\/www.suno.com.br\/noticias\/varejo-paulista-deve-crescer-5-com-vendas-no-natal-diz-pesquisa\/\"},\"author\":{\"name\":\"Bruno Galv\u00e3o\",\"@id\":\"https:\/\/www.suno.com.br\/noticias\/#\/schema\/person\/06f0d962a6b1c54852e4860f16935600\"},\"headline\":\"Varejo paulista deve crescer 5% com vendas no Natal, diz pesquisa\",\"datePublished\":\"2021-12-03T01:26:08+00:00\",\"mainEntityOfPage\":{\"@id\":\"https:\/\/www.suno.com.br\/noticias\/varejo-paulista-deve-crescer-5-com-vendas-no-natal-diz-pesquisa\/\"},\"wordCount\":688,\"publisher\":{\"@id\":\"https:\/\/www.suno.com.br\/noticias\/#organization\"},\"image\":{\"@id\":\"https:\/\/www.suno.com.br\/noticias\/varejo-paulista-deve-crescer-5-com-vendas-no-natal-diz-pesquisa\/#primaryimage\"},\"thumbnailUrl\":\"https:\/\/files.sunoresearch.com.br\/n\/uploads\/2021\/03\/3fa9c8da-magazine-luiza3-jpg.webp\",\"keywords\":[\"Americanas (AMER3)\",\"Magazine Luiza (MGLU3)\",\"varejo\",\"Via (VIIA3)\"],\"articleSection\":[\"Economia\"],\"inLanguage\":\"pt-BR\"},{\"@type\":\"WebPage\",\"@id\":\"https:\/\/www.suno.com.br\/noticias\/varejo-paulista-deve-crescer-5-com-vendas-no-natal-diz-pesquisa\/\",\"url\":\"https:\/\/www.suno.com.br\/noticias\/varejo-paulista-deve-crescer-5-com-vendas-no-natal-diz-pesquisa\/\",\"name\":\"Varejo paulista deve crescer 5% com vendas no Natal, diz pesquisa\",\"isPartOf\":{\"@id\":\"https:\/\/www.suno.com.br\/noticias\/#website\"},\"primaryImageOfPage\":{\"@id\":\"https:\/\/www.suno.com.br\/noticias\/varejo-paulista-deve-crescer-5-com-vendas-no-natal-diz-pesquisa\/#primaryimage\"},\"image\":{\"@id\":\"https:\/\/www.suno.com.br\/noticias\/varejo-paulista-deve-crescer-5-com-vendas-no-natal-diz-pesquisa\/#primaryimage\"},\"thumbnailUrl\":\"https:\/\/files.sunoresearch.com.br\/n\/uploads\/2021\/03\/3fa9c8da-magazine-luiza3-jpg.webp\",\"datePublished\":\"2021-12-03T01:26:08+00:00\",\"description\":\"Federa\u00e7\u00e3o do Com\u00e9rcio de Bens, Servi\u00e7os e Turismo do Estado de S\u00e3o Paulo (FecomercioSP) estima que o com\u00e9rcio varejista...Saiba mais\",\"breadcrumb\":{\"@id\":\"https:\/\/www.suno.com.br\/noticias\/varejo-paulista-deve-crescer-5-com-vendas-no-natal-diz-pesquisa\/#breadcrumb\"},\"inLanguage\":\"pt-BR\",\"potentialAction\":[{\"@type\":\"ReadAction\",\"target\":[\"https:\/\/www.suno.com.br\/noticias\/varejo-paulista-deve-crescer-5-com-vendas-no-natal-diz-pesquisa\/\"]}]},{\"@type\":\"ImageObject\",\"inLanguage\":\"pt-BR\",\"@id\":\"https:\/\/www.suno.com.br\/noticias\/varejo-paulista-deve-crescer-5-com-vendas-no-natal-diz-pesquisa\/#primaryimage\",\"url\":\"https:\/\/files.sunoresearch.com.br\/n\/uploads\/2021\/03\/3fa9c8da-magazine-luiza3-jpg.webp\",\"contentUrl\":\"https:\/\/files.sunoresearch.com.br\/n\/uploads\/2021\/03\/3fa9c8da-magazine-luiza3-jpg.webp\",\"width\":1200,\"height\":800,\"caption\":\"Foto: Divulga\u00e7\u00e3o\"},{\"@type\":\"BreadcrumbList\",\"@id\":\"https:\/\/www.suno.com.br\/noticias\/varejo-paulista-deve-crescer-5-com-vendas-no-natal-diz-pesquisa\/#breadcrumb\",\"itemListElement\":[{\"@type\":\"ListItem\",\"position\":1,\"name\":\"Not\u00edcias\",\"item\":\"https:\/\/www.suno.com.br\/noticias\/\"},{\"@type\":\"ListItem\",\"position\":2,\"name\":\"Economia\",\"item\":\"https:\/\/www.suno.com.br\/noticias\/economia\/\"},{\"@type\":\"ListItem\",\"position\":3,\"name\":\"Varejo paulista deve crescer 5% com vendas no Natal, diz pesquisa\"}]},{\"@type\":\"WebSite\",\"@id\":\"https:\/\/www.suno.com.br\/noticias\/#website\",\"url\":\"https:\/\/www.suno.com.br\/noticias\/\",\"name\":\"Suno Not\u00edcias\",\"description\":\"Seu portal de informa\u00e7\u00e3o sobre o mundo dos investimentos\",\"publisher\":{\"@id\":\"https:\/\/www.suno.com.br\/noticias\/#organization\"},\"potentialAction\":[{\"@type\":\"SearchAction\",\"target\":{\"@type\":\"EntryPoint\",\"urlTemplate\":\"https:\/\/www.suno.com.br\/noticias\/?s={search_term_string}\"},\"query-input\":{\"@type\":\"PropertyValueSpecification\",\"valueRequired\":true,\"valueName\":\"search_term_string\"}}],\"inLanguage\":\"pt-BR\"},{\"@type\":\"Organization\",\"@id\":\"https:\/\/www.suno.com.br\/noticias\/#organization\",\"name\":\"Suno Not\u00edcias\",\"url\":\"https:\/\/www.suno.com.br\/noticias\/\",\"logo\":{\"@type\":\"ImageObject\",\"inLanguage\":\"pt-BR\",\"@id\":\"https:\/\/www.suno.com.br\/noticias\/#\/schema\/logo\/image\/\",\"url\":\"https:\/\/files.sunoresearch.com.br\/n\/uploads\/2021\/09\/suno-logo.png\",\"contentUrl\":\"https:\/\/files.sunoresearch.com.br\/n\/uploads\/2021\/09\/suno-logo.png\",\"width\":180,\"height\":180,\"caption\":\"Suno Not\u00edcias\"},\"image\":{\"@id\":\"https:\/\/www.suno.com.br\/noticias\/#\/schema\/logo\/image\/\"},\"sameAs\":[\"https:\/\/facebook.com\/sunoresearch\",\"https:\/\/x.com\/sunoresearch\",\"https:\/\/www.instagram.com\/suno\",\"https:\/\/www.linkedin.com\/company\/suno-research\/\",\"https:\/\/www.youtube.com\/c\/sunoresearch\"]},{\"@type\":\"Person\",\"@id\":\"https:\/\/www.suno.com.br\/noticias\/#\/schema\/person\/06f0d962a6b1c54852e4860f16935600\",\"name\":\"Bruno Galv\u00e3o\",\"image\":{\"@type\":\"ImageObject\",\"inLanguage\":\"pt-BR\",\"@id\":\"https:\/\/www.suno.com.br\/noticias\/#\/schema\/person\/image\/\",\"url\":\"https:\/\/secure.gravatar.com\/avatar\/53598df0b41c00f12f287a912d0e918e?s=96&r=g\",\"contentUrl\":\"https:\/\/secure.gravatar.com\/avatar\/53598df0b41c00f12f287a912d0e918e?s=96&r=g\",\"caption\":\"Bruno Galv\u00e3o\"},\"description\":\"Escreve para o portal Suno Not\u00edcias. \u00c9 estudante de Jornalismo pela Faculdade C\u00e1sper L\u00edbero e Letras pela USP. Entusiasta de tecnologia e intelig\u00eancia artificial.\",\"url\":\"https:\/\/www.suno.com.br\/noticias\/author\/bruno-garcia\/\"}]}<\/script>\n<!-- \/ Yoast SEO plugin. -->","yoast_head_json":{"title":"Varejo paulista deve crescer 5% com vendas no Natal, diz pesquisa","description":"Federa\u00e7\u00e3o do Com\u00e9rcio de Bens, Servi\u00e7os e Turismo do Estado de S\u00e3o Paulo (FecomercioSP) estima que o com\u00e9rcio varejista...Saiba mais","robots":{"index":"index","follow":"follow","max-snippet":"max-snippet:-1","max-image-preview":"max-image-preview:large","max-video-preview":"max-video-preview:-1"},"canonical":"https:\/\/www.suno.com.br\/noticias\/varejo-paulista-deve-crescer-5-com-vendas-no-natal-diz-pesquisa\/","og_locale":"pt_BR","og_type":"article","og_title":"Varejo paulista deve crescer 5% com vendas no Natal, diz pesquisa","og_description":"Federa\u00e7\u00e3o do Com\u00e9rcio de Bens, Servi\u00e7os e Turismo do Estado de S\u00e3o Paulo (FecomercioSP) estima que o com\u00e9rcio varejista...Saiba mais","og_url":"https:\/\/www.suno.com.br\/noticias\/varejo-paulista-deve-crescer-5-com-vendas-no-natal-diz-pesquisa\/","og_site_name":"Suno Not\u00edcias","article_publisher":"https:\/\/facebook.com\/sunoresearch","og_image":[{"width":1200,"height":800,"url":"https:\/\/files.sunoresearch.com.br\/n\/uploads\/2021\/03\/3fa9c8da-magazine-luiza3.jpg","type":"image\/jpeg"}],"author":"Bruno Galv\u00e3o","twitter_card":"summary_large_image","twitter_creator":"@sunoresearch","twitter_site":"@sunoresearch","twitter_misc":{"Escrito por":"Bruno Galv\u00e3o","Est. tempo de leitura":"4 minutos"},"schema":{"@context":"https:\/\/schema.org","@graph":[{"@type":"NewsArticle","@id":"https:\/\/www.suno.com.br\/noticias\/varejo-paulista-deve-crescer-5-com-vendas-no-natal-diz-pesquisa\/#article","isPartOf":{"@id":"https:\/\/www.suno.com.br\/noticias\/varejo-paulista-deve-crescer-5-com-vendas-no-natal-diz-pesquisa\/"},"author":{"name":"Bruno Galv\u00e3o","@id":"https:\/\/www.suno.com.br\/noticias\/#\/schema\/person\/06f0d962a6b1c54852e4860f16935600"},"headline":"Varejo paulista deve crescer 5% com vendas no Natal, diz pesquisa","datePublished":"2021-12-03T01:26:08+00:00","mainEntityOfPage":{"@id":"https:\/\/www.suno.com.br\/noticias\/varejo-paulista-deve-crescer-5-com-vendas-no-natal-diz-pesquisa\/"},"wordCount":688,"publisher":{"@id":"https:\/\/www.suno.com.br\/noticias\/#organization"},"image":{"@id":"https:\/\/www.suno.com.br\/noticias\/varejo-paulista-deve-crescer-5-com-vendas-no-natal-diz-pesquisa\/#primaryimage"},"thumbnailUrl":"https:\/\/files.sunoresearch.com.br\/n\/uploads\/2021\/03\/3fa9c8da-magazine-luiza3-jpg.webp","keywords":["Americanas (AMER3)","Magazine Luiza (MGLU3)","varejo","Via (VIIA3)"],"articleSection":["Economia"],"inLanguage":"pt-BR"},{"@type":"WebPage","@id":"https:\/\/www.suno.com.br\/noticias\/varejo-paulista-deve-crescer-5-com-vendas-no-natal-diz-pesquisa\/","url":"https:\/\/www.suno.com.br\/noticias\/varejo-paulista-deve-crescer-5-com-vendas-no-natal-diz-pesquisa\/","name":"Varejo paulista deve crescer 5% com vendas no Natal, diz pesquisa","isPartOf":{"@id":"https:\/\/www.suno.com.br\/noticias\/#website"},"primaryImageOfPage":{"@id":"https:\/\/www.suno.com.br\/noticias\/varejo-paulista-deve-crescer-5-com-vendas-no-natal-diz-pesquisa\/#primaryimage"},"image":{"@id":"https:\/\/www.suno.com.br\/noticias\/varejo-paulista-deve-crescer-5-com-vendas-no-natal-diz-pesquisa\/#primaryimage"},"thumbnailUrl":"https:\/\/files.sunoresearch.com.br\/n\/uploads\/2021\/03\/3fa9c8da-magazine-luiza3-jpg.webp","datePublished":"2021-12-03T01:26:08+00:00","description":"Federa\u00e7\u00e3o do Com\u00e9rcio de Bens, Servi\u00e7os e Turismo do Estado de S\u00e3o Paulo (FecomercioSP) estima que o com\u00e9rcio varejista...Saiba mais","breadcrumb":{"@id":"https:\/\/www.suno.com.br\/noticias\/varejo-paulista-deve-crescer-5-com-vendas-no-natal-diz-pesquisa\/#breadcrumb"},"inLanguage":"pt-BR","potentialAction":[{"@type":"ReadAction","target":["https:\/\/www.suno.com.br\/noticias\/varejo-paulista-deve-crescer-5-com-vendas-no-natal-diz-pesquisa\/"]}]},{"@type":"ImageObject","inLanguage":"pt-BR","@id":"https:\/\/www.suno.com.br\/noticias\/varejo-paulista-deve-crescer-5-com-vendas-no-natal-diz-pesquisa\/#primaryimage","url":"https:\/\/files.sunoresearch.com.br\/n\/uploads\/2021\/03\/3fa9c8da-magazine-luiza3-jpg.webp","contentUrl":"https:\/\/files.sunoresearch.com.br\/n\/uploads\/2021\/03\/3fa9c8da-magazine-luiza3-jpg.webp","width":1200,"height":800,"caption":"Foto: Divulga\u00e7\u00e3o"},{"@type":"BreadcrumbList","@id":"https:\/\/www.suno.com.br\/noticias\/varejo-paulista-deve-crescer-5-com-vendas-no-natal-diz-pesquisa\/#breadcrumb","itemListElement":[{"@type":"ListItem","position":1,"name":"Not\u00edcias","item":"https:\/\/www.suno.com.br\/noticias\/"},{"@type":"ListItem","position":2,"name":"Economia","item":"https:\/\/www.suno.com.br\/noticias\/economia\/"},{"@type":"ListItem","position":3,"name":"Varejo paulista deve crescer 5% com vendas no Natal, diz pesquisa"}]},{"@type":"WebSite","@id":"https:\/\/www.suno.com.br\/noticias\/#website","url":"https:\/\/www.suno.com.br\/noticias\/","name":"Suno Not\u00edcias","description":"Seu portal de informa\u00e7\u00e3o sobre o mundo dos investimentos","publisher":{"@id":"https:\/\/www.suno.com.br\/noticias\/#organization"},"potentialAction":[{"@type":"SearchAction","target":{"@type":"EntryPoint","urlTemplate":"https:\/\/www.suno.com.br\/noticias\/?s={search_term_string}"},"query-input":{"@type":"PropertyValueSpecification","valueRequired":true,"valueName":"search_term_string"}}],"inLanguage":"pt-BR"},{"@type":"Organization","@id":"https:\/\/www.suno.com.br\/noticias\/#organization","name":"Suno Not\u00edcias","url":"https:\/\/www.suno.com.br\/noticias\/","logo":{"@type":"ImageObject","inLanguage":"pt-BR","@id":"https:\/\/www.suno.com.br\/noticias\/#\/schema\/logo\/image\/","url":"https:\/\/files.sunoresearch.com.br\/n\/uploads\/2021\/09\/suno-logo.png","contentUrl":"https:\/\/files.sunoresearch.com.br\/n\/uploads\/2021\/09\/suno-logo.png","width":180,"height":180,"caption":"Suno Not\u00edcias"},"image":{"@id":"https:\/\/www.suno.com.br\/noticias\/#\/schema\/logo\/image\/"},"sameAs":["https:\/\/facebook.com\/sunoresearch","https:\/\/x.com\/sunoresearch","https:\/\/www.instagram.com\/suno","https:\/\/www.linkedin.com\/company\/suno-research\/","https:\/\/www.youtube.com\/c\/sunoresearch"]},{"@type":"Person","@id":"https:\/\/www.suno.com.br\/noticias\/#\/schema\/person\/06f0d962a6b1c54852e4860f16935600","name":"Bruno Galv\u00e3o","image":{"@type":"ImageObject","inLanguage":"pt-BR","@id":"https:\/\/www.suno.com.br\/noticias\/#\/schema\/person\/image\/","url":"https:\/\/secure.gravatar.com\/avatar\/53598df0b41c00f12f287a912d0e918e?s=96&r=g","contentUrl":"https:\/\/secure.gravatar.com\/avatar\/53598df0b41c00f12f287a912d0e918e?s=96&r=g","caption":"Bruno Galv\u00e3o"},"description":"Escreve para o portal Suno Not\u00edcias. \u00c9 estudante de Jornalismo pela Faculdade C\u00e1sper L\u00edbero e Letras pela USP. Entusiasta de tecnologia e intelig\u00eancia artificial.","url":"https:\/\/www.suno.com.br\/noticias\/author\/bruno-garcia\/"}]}},"default_loop_html":"<div class=\"cardsPage__listCard__boxs\"><div class=\"cardsPage__listCard__boxs__img\"><a href=\"https:\/\/www.suno.com.br\/noticias\/varejo-paulista-deve-crescer-5-com-vendas-no-natal-diz-pesquisa\/\"><img class=\"mask\" src=\"https:\/\/www.suno.com.br\/noticias\/wp-content\/themes\/suno\/resources\/images\/spotlight\/spotlight1img\/bg-mask.png\" alt=\"Image Mask\"\/><img src=\"https:\/\/files.sunoresearch.com.br\/n\/uploads\/2021\/03\/3fa9c8da-magazine-luiza3-400x200.webp\" alt=\"Varejo paulista deve crescer 5% com vendas no Natal, diz pesquisa\"\/><\/a><span class=\"spotlightCategory\"><a href=\"https:\/\/www.suno.com.br\/noticias\/economia\/\">Economia<\/a><\/span><\/div><div class=\"cardsPage__listCard__boxs__content\"><a href=\"https:\/\/www.suno.com.br\/noticias\/varejo-paulista-deve-crescer-5-com-vendas-no-natal-diz-pesquisa\/\"><h2 class=\"content__title\">Varejo paulista deve crescer 5% com vendas no Natal, diz pesquisa<\/h2><\/a><div class=\"newsContent__article__meta\"><div class=\"newsContent__article__meta__authorBox\"><a href=\"https:\/\/www.suno.com.br\/noticias\/author\/bruno-garcia\/\" class=\"authorBox__avatar noMobi\"><img src=\"https:\/\/secure.gravatar.com\/avatar\/53598df0b41c00f12f287a912d0e918e?s=96&#038;r=g\" alt=\"Bruno Galv\u00e3o\"><\/a><div class=\"authorBox__name\"><span>por\n\t\t\t<a href=\"https:\/\/www.suno.com.br\/noticias\/author\/bruno-garcia\/\"><span itemprop=\"author\">Bruno Galv\u00e3o<\/span><\/a><\/span><time datetime=\"2021-12-02T22:26:08-03:00\" itemprop=\"datePublished\">02\/12\/2021 22:26<\/time><\/div><\/div><\/div><\/div><\/div>","single_layout":"posts","amp_enabled":true,"_links":{"self":[{"href":"https:\/\/www.suno.com.br\/noticias\/wp-json\/wp\/v2\/posts\/211359"}],"collection":[{"href":"https:\/\/www.suno.com.br\/noticias\/wp-json\/wp\/v2\/posts"}],"about":[{"href":"https:\/\/www.suno.com.br\/noticias\/wp-json\/wp\/v2\/types\/post"}],"author":[{"embeddable":true,"href":"https:\/\/www.suno.com.br\/noticias\/wp-json\/wp\/v2\/users\/118"}],"replies":[{"embeddable":true,"href":"https:\/\/www.suno.com.br\/noticias\/wp-json\/wp\/v2\/comments?post=211359"}],"version-history":[{"count":4,"href":"https:\/\/www.suno.com.br\/noticias\/wp-json\/wp\/v2\/posts\/211359\/revisions"}],"predecessor-version":[{"id":211623,"href":"https:\/\/www.suno.com.br\/noticias\/wp-json\/wp\/v2\/posts\/211359\/revisions\/211623"}],"wp:featuredmedia":[{"embeddable":true,"href":"https:\/\/www.suno.com.br\/noticias\/wp-json\/wp\/v2\/media\/133206"}],"wp:attachment":[{"href":"https:\/\/www.suno.com.br\/noticias\/wp-json\/wp\/v2\/media?parent=211359"}],"wp:term":[{"taxonomy":"category","embeddable":true,"href":"https:\/\/www.suno.com.br\/noticias\/wp-json\/wp\/v2\/categories?post=211359"},{"taxonomy":"post_tag","embeddable":true,"href":"https:\/\/www.suno.com.br\/noticias\/wp-json\/wp\/v2\/tags?post=211359"},{"taxonomy":"suno_strategy","embeddable":true,"href":"https:\/\/www.suno.com.br\/noticias\/wp-json\/wp\/v2\/suno_strategy?post=211359"}],"curies":[{"name":"wp","href":"https:\/\/api.w.org\/{rel}","templated":true}]}}