{"id":211301,"date":"2021-12-02T12:43:13","date_gmt":"2021-12-02T15:43:13","guid":{"rendered":"https:\/\/www.suno.com.br\/noticias\/?p=211301"},"modified":"2021-12-02T12:43:13","modified_gmt":"2021-12-02T15:43:13","slug":"pix-proibido-sao-paulo-alesp","status":"publish","type":"post","link":"https:\/\/www.suno.com.br\/noticias\/pix-proibido-sao-paulo-alesp\/","title":{"rendered":"PIX poder\u00e1 ser proibido no Estado de S\u00e3o Paulo; veja por qu\u00ea"},"content":{"rendered":"<p>Um projeto que pro\u00edbe o <strong>Pix<\/strong> em S\u00e3o Paulo est\u00e1 em tr\u00e2mite na Assembleia Legislativa do Estado de S\u00e3o Paulo (Alesp) e teve regime de urg\u00eancia aprovado pela casa. A autoria \u00e9 do deputado\u00a0 Campos Machado (Avante).<\/p>\t<div class=\"wrapper-featured-image\">\n\t\t<figure class=\"spotlightImg\">\n\n\t\t\t<picture>\n\t\t\t\t<source media=\"(max-width: 768px)\" srcset=\"https:\/\/files.sunoresearch.com.br\/n\/uploads\/2021\/12\/fg249301-400x200.jpg\">\n\t\t\t\t<img loading=\"lazy\" decoding=\"async\" class=\"newsContent__article__imgCapa lazyloadDisabled \" src=\"https:\/\/files.sunoresearch.com.br\/n\/uploads\/2021\/12\/fg249301-800x450.jpg\" width=\"800\" height=\"450\" alt=\"PIX poder\u00e1 ser proibido no Estado de S\u00e3o Paulo; veja por qu\u00ea\" fetchpriority=high \/>\n\t\t\t<\/picture>\n\n\t\t\t<figcaption class=\"wp-caption-text wp-caption-text--show\">Apesar do PL, BC j\u00e1 vem implementado medidas de seguran\u00e7a no Pix - Foto: Divulga\u00e7\u00e3o\/Alesp<\/figcaption>\n\t\t<\/figure>\n\t<\/div>\n\n\n\t<p>\n\t\t<a href=\"https:\/\/lp.suno.com.br\/planilha-controle-gastos\/\" target=\"_blank\" data-element=\"shortcode-suno-banner\" title=\"Banner SUNO, clique e saiba mais\">\n\t\t\t<picture>\n\t\t\t\t<source media=\"(max-width: 500px)\" srcset=\"https:\/\/files.sunoresearch.com.br\/n\/uploads\/2023\/03\/400x300-Planilha-controle-de-gastos.png\">\n\t\t\t\t<img class=\"newsContent__article__imgCapa newsContent__article__imgCapa--banner\"\n\t\t\t\t\tsrc=\"https:\/\/files.sunoresearch.com.br\/n\/uploads\/2023\/03\/1420x240-Planilha-controle-de-gastos.png\"\n\t\t\t\t\tdata-promo-id=\"101751\"\t\t\t\t\t\t\t\t\t\twidth='1420' height='240'\t\t\t\t\talt=\"https:\/\/files.sunoresearch.com.br\/n\/uploads\/2023\/03\/1420x240-Planilha-controle-de-gastos.png\"\n\t\t\t\t>\n\t\t\t<\/picture>\n\t\t<\/a>\n\t<\/p>\n\n\n<p>Segundo o texto do Projeto de Lei 583\/21, h\u00e1 &#8216;f<a href=\"https:\/\/www.suno.com.br\/artigos\/meios-de-pagamento\">alta de <strong>seguran\u00e7a<\/strong> nas transa\u00e7\u00f5es<\/a>&#8216; realizadas por meio do Pix &#8211; lan\u00e7ado pelo <a href=\"https:\/\/www.suno.com.br\/artigos\/bacen\"><strong>Banco<\/strong> <strong>Central<\/strong> (BC)<\/a> no ano passado, com alta ades\u00e3o da popula\u00e7\u00e3o at\u00e9 ent\u00e3o.<\/p>\n<p>Segundo comunicado oficial da <strong>Alesp<\/strong>, \u201co projeto pro\u00edbe as <a class=\"suno-keyword\" href=\"https:\/\/www.suno.com.br\/artigos\/instituicoes-financeiras\/\" target=\"_blank\" rel=\"noopener\" data-force=\"no\" data-priority=\"1\"><strong>institui\u00e7\u00f5es<\/strong> financeiras<\/a> e de pagamentos de processar as transfer\u00eancias at\u00e9 que o Banco Central desenvolva mecanismos que assegurem a seguran\u00e7a dos correntistas. Ap\u00f3s 30 dias do recebimento do laudo t\u00e9cnico de seguran\u00e7a do Banco Central, a Alesp poder\u00e1 votar a revoga\u00e7\u00e3o da lei.\u201d<\/p>\n\t<div data-element=\"shortcode-read-more\" class=\"knowMore\">\n\t\t\t\t<span class=\"knowMore__title\">Leia mais<\/span>\n\t\t\t\t<a class=\"knowMore__link\" href=\"https:\/\/www.suno.com.br\/noticias\/pix-saque-pix-troco-como-funciona\/\">\n\t\t\tPix Saque e Pix Troco come\u00e7am a operar na segunda (29); veja como funciona\t\t<\/a>\n\t<\/div>\n\n\n<p>Com a recente aprova\u00e7\u00e3o do regime de urg\u00eancia, a tramita\u00e7\u00e3o ser\u00e1 mais acelerada e a an\u00e1lise da proposta poder\u00e1 ser feita de uma \u00fanica vez &#8211; assim ficando pronta para ser discutida e votada no Plen\u00e1rio.<\/p>\n<p>Ao votar a urg\u00eancia para a discuss\u00e3o do <strong>PL<\/strong>, os seguintes parlamentares votaram contra:<\/p>\n<ul>\n<li>Arthur do Val (Patriotas)<\/li>\n<li>Douglas Garcia (PTB)<\/li>\n<li>Caio Fran\u00e7a (PSB)<\/li>\n<li>Ricardo Mell\u00e3o (Novo)<\/li>\n<li>Janaina Paschoal (PSL)<\/li>\n<li>Gilmaci dos Santos (Republicanos)<\/li>\n<li>Carla Morando (PSDB)<\/li>\n<li>Val\u00e9ria Bolsonaro (PRTB)<\/li>\n<li>Carlos Giannazi (PSOL)<\/li>\n<\/ul>\n\t<p>\n\t\t<a href=\"https:\/\/lp.suno.com.br\/planilha-da-vida-financeira\/\" target=\"_blank\" data-element=\"shortcode-suno-banner\" title=\"Banner SUNO, clique e saiba mais\">\n\t\t\t<picture>\n\t\t\t\t<source media=\"(max-width: 500px)\" srcset=\"https:\/\/files.sunoresearch.com.br\/n\/uploads\/2023\/04\/400x300-Planilha-vida-financeira-true.png\">\n\t\t\t\t<img class=\"newsContent__article__imgCapa newsContent__article__imgCapa--banner\"\n\t\t\t\t\tsrc=\"https:\/\/files.sunoresearch.com.br\/n\/uploads\/2023\/04\/1420x240-Planilha-vida-financeira-true.png\"\n\t\t\t\t\tdata-promo-id=\"106682\"\t\t\t\t\t\t\t\t\t\twidth='1420' height='240'\t\t\t\t\talt=\"https:\/\/files.sunoresearch.com.br\/n\/uploads\/2023\/04\/1420x240-Planilha-vida-financeira-true.png\"\n\t\t\t\t>\n\t\t\t<\/picture>\n\t\t<\/a>\n\t<\/p>\n\n\n<h2>BC j\u00e1 fez mudan\u00e7as no Pix<\/h2>\n<p>Nos \u00faltimos meses, a seguran\u00e7a do Pix tem sido uma das prioridades do <strong>BC<\/strong>, que chegou a impor restri\u00e7\u00f5es nas <a href=\"https:\/\/www.suno.com.br\/artigos\/pix\">transa\u00e7\u00f5es<\/a> por conta da praticidade dos pagamentos &#8211; que estavam sendo utilizadas por criminosos.<\/p>\n<p>Ainda no fim de novembro o BC fez novas mudan\u00e7as nas op\u00e7\u00f5es para a defini\u00e7\u00e3o do hor\u00e1rio <strong>noturno<\/strong> de uso e nas alternativas de seguran\u00e7a do meio de pagamento instant\u00e2neo.<\/p>\n\t<p>\n\t\t<a href=\"https:\/\/lp.suno.com.br\/ebook-como-analisar-uma-acao\/\" target=\"_blank\" data-element=\"shortcode-suno-banner\" title=\"Banner SUNO, clique e saiba mais\">\n\t\t\t<picture>\n\t\t\t\t<source media=\"(max-width: 500px)\" srcset=\"https:\/\/files.sunoresearch.com.br\/n\/uploads\/2023\/03\/Ebook-Acoes-Mobile-1.jpg\">\n\t\t\t\t<img class=\"newsContent__article__imgCapa newsContent__article__imgCapa--banner\"\n\t\t\t\t\tsrc=\"https:\/\/files.sunoresearch.com.br\/n\/uploads\/2023\/03\/Ebook-Acoes-Desktop-1.jpg\"\n\t\t\t\t\tdata-promo-id=\"171998\"\t\t\t\t\t\t\t\t\t\twidth='1420' height='286'\t\t\t\t\talt=\"https:\/\/files.sunoresearch.com.br\/n\/uploads\/2023\/03\/Ebook-Acoes-Desktop-1.jpg\"\n\t\t\t\t>\n\t\t\t<\/picture>\n\t\t<\/a>\n\t<\/p>\n\n\n<p>Agora, a pedido do usu\u00e1rio, o per\u00edodo noturno do Pix poder\u00e1 compreender a faixa de hor\u00e1rio entre 22 horas e 6 horas. Al\u00e9m disso, o BC criou mecanismos de prote\u00e7\u00e3o extra como o bloqueio cautelar do dinheiro e uma a\u00e7\u00e3o de recupera\u00e7\u00e3o financeira em casos de golpe.<\/p>\n<p>Em rela\u00e7\u00e3o ao hor\u00e1rio noturno, essa \u00e9 a segunda mudan\u00e7a do BC para uso do Pix. Desde 4 de outubro, passou a valer o limite de R$ 1 mil para transfer\u00eancias e pagamentos realizados por\u00a0<a class=\"suno-keyword\" href=\"https:\/\/www.suno.com.br\/artigos\/pessoa-fisica\/\" target=\"_blank\" rel=\"noopener\" data-force=\"no\" data-priority=\"2\">pessoas f\u00edsicas<\/a>\u00a0das 20h \u00e0s 6h.<\/p>\n<p>Apesar disso, tamb\u00e9m a pedido do usu\u00e1rio, o per\u00edodo noturno do <strong>Pix<\/strong> poderia ser iniciado de 20h a 23h59.<\/p>\n\t<p>\n\t\t<a href=\"https:\/\/lp.suno.com.br\/planilha-de-controle-de-investimentos\/\" target=\"_blank\" data-element=\"shortcode-suno-banner\" title=\"Banner SUNO, clique e saiba mais\">\n\t\t\t<picture>\n\t\t\t\t<source media=\"(max-width: 500px)\" srcset=\"https:\/\/files.sunoresearch.com.br\/n\/uploads\/2023\/03\/400x300-Controle-de-Investimentos.png\">\n\t\t\t\t<img class=\"newsContent__article__imgCapa newsContent__article__imgCapa--banner\"\n\t\t\t\t\tsrc=\"https:\/\/files.sunoresearch.com.br\/n\/uploads\/2023\/03\/1420x240-Controle-de-Investimentos.png\"\n\t\t\t\t\tdata-promo-id=\"75934\"\t\t\t\t\t\t\t\t\t\twidth='1420' height='240'\t\t\t\t\talt=\"https:\/\/files.sunoresearch.com.br\/n\/uploads\/2023\/03\/1420x240-Controle-de-Investimentos.png\"\n\t\t\t\t>\n\t\t\t<\/picture>\n\t\t<\/a>\n\t<\/p>\n\n\n","protected":false},"excerpt":{"rendered":"<p>Um projeto que pro\u00edbe o Pix em S\u00e3o Paulo est\u00e1 em tr\u00e2mite na Assembleia Legislativa do Estado de S\u00e3o Paulo (Alesp) e teve regime de urg\u00eancia aprovado pela casa. A autoria \u00e9 do deputado\u00a0 Campos Machado (Avante). Apesar do PL, BC j\u00e1 vem implementado medidas de seguran\u00e7a no Pix &#8211; Foto: Divulga\u00e7\u00e3o\/Alesp Segundo o texto [&hellip;]<\/p>\n","protected":false},"author":73,"featured_media":211307,"comment_status":"closed","ping_status":"closed","sticky":false,"template":"","format":"standard","meta":[],"categories":[61],"tags":[1842,2637,843],"suno_strategy":[],"class_list":["post-211301","post","type-post","status-publish","format-standard","has-post-thumbnail","hentry","category-politica","tag-banco-central-bc","tag-pix","tag-sao-paulo"],"yoast_head":"<!-- This site is optimized with the Yoast SEO plugin v24.4 - https:\/\/yoast.com\/wordpress\/plugins\/seo\/ -->\n<title>PIX poder\u00e1 ser proibido no Estado de S\u00e3o Paulo; veja por qu\u00ea<\/title>\n<meta name=\"description\" content=\"Segundo o texto do Projeto de Lei 583\/21, h\u00e1 &#039;falta de seguran\u00e7a nas transa\u00e7\u00f5es&#039; realizadas por meio do Pix. Clique aqui e leia mais.\" \/>\n<meta name=\"robots\" content=\"index, follow, max-snippet:-1, max-image-preview:large, max-video-preview:-1\" \/>\n<link rel=\"canonical\" href=\"https:\/\/www.suno.com.br\/noticias\/pix-proibido-sao-paulo-alesp\/\" \/>\n<meta property=\"og:locale\" content=\"pt_BR\" \/>\n<meta property=\"og:type\" content=\"article\" \/>\n<meta property=\"og:title\" content=\"PIX poder\u00e1 ser proibido no Estado de S\u00e3o Paulo; veja por qu\u00ea\" \/>\n<meta property=\"og:description\" content=\"Segundo o texto do Projeto de Lei 583\/21, h\u00e1 &#039;falta de seguran\u00e7a nas transa\u00e7\u00f5es&#039; realizadas por meio do Pix. Clique aqui e leia mais.\" \/>\n<meta property=\"og:url\" content=\"https:\/\/www.suno.com.br\/noticias\/pix-proibido-sao-paulo-alesp\/\" \/>\n<meta property=\"og:site_name\" content=\"Suno Not\u00edcias\" \/>\n<meta property=\"article:publisher\" content=\"https:\/\/facebook.com\/sunoresearch\" \/>\n<meta property=\"og:image\" content=\"https:\/\/files.sunoresearch.com.br\/n\/uploads\/2021\/12\/fg249301.jpg\" \/>\n\t<meta property=\"og:image:width\" content=\"2480\" \/>\n\t<meta property=\"og:image:height\" content=\"1653\" \/>\n\t<meta property=\"og:image:type\" content=\"image\/jpeg\" \/>\n<meta name=\"author\" content=\"Eduardo Vargas\" \/>\n<meta name=\"twitter:card\" content=\"summary_large_image\" \/>\n<meta name=\"twitter:creator\" content=\"@sunoresearch\" \/>\n<meta name=\"twitter:site\" content=\"@sunoresearch\" \/>\n<meta name=\"twitter:label1\" content=\"Escrito por\" \/>\n\t<meta name=\"twitter:data1\" content=\"Eduardo Vargas\" \/>\n\t<meta name=\"twitter:label2\" content=\"Est. tempo de leitura\" \/>\n\t<meta name=\"twitter:data2\" content=\"2 minutos\" \/>\n<script type=\"application\/ld+json\" class=\"yoast-schema-graph\">{\"@context\":\"https:\/\/schema.org\",\"@graph\":[{\"@type\":\"NewsArticle\",\"@id\":\"https:\/\/www.suno.com.br\/noticias\/pix-proibido-sao-paulo-alesp\/#article\",\"isPartOf\":{\"@id\":\"https:\/\/www.suno.com.br\/noticias\/pix-proibido-sao-paulo-alesp\/\"},\"author\":{\"name\":\"Eduardo Vargas\",\"@id\":\"https:\/\/www.suno.com.br\/noticias\/#\/schema\/person\/7f4d362bf3518e76090143ae77bb49a5\"},\"headline\":\"PIX poder\u00e1 ser proibido no Estado de S\u00e3o Paulo; veja por qu\u00ea\",\"datePublished\":\"2021-12-02T15:43:13+00:00\",\"mainEntityOfPage\":{\"@id\":\"https:\/\/www.suno.com.br\/noticias\/pix-proibido-sao-paulo-alesp\/\"},\"wordCount\":458,\"publisher\":{\"@id\":\"https:\/\/www.suno.com.br\/noticias\/#organization\"},\"image\":{\"@id\":\"https:\/\/www.suno.com.br\/noticias\/pix-proibido-sao-paulo-alesp\/#primaryimage\"},\"thumbnailUrl\":\"https:\/\/files.sunoresearch.com.br\/n\/uploads\/2021\/12\/fg249301.jpg\",\"keywords\":[\"Banco Central (BC)\",\"PIX\",\"S\u00e3o Paulo\"],\"articleSection\":[\"Pol\u00edtica\"],\"inLanguage\":\"pt-BR\"},{\"@type\":\"WebPage\",\"@id\":\"https:\/\/www.suno.com.br\/noticias\/pix-proibido-sao-paulo-alesp\/\",\"url\":\"https:\/\/www.suno.com.br\/noticias\/pix-proibido-sao-paulo-alesp\/\",\"name\":\"PIX poder\u00e1 ser proibido no Estado de S\u00e3o Paulo; veja por qu\u00ea\",\"isPartOf\":{\"@id\":\"https:\/\/www.suno.com.br\/noticias\/#website\"},\"primaryImageOfPage\":{\"@id\":\"https:\/\/www.suno.com.br\/noticias\/pix-proibido-sao-paulo-alesp\/#primaryimage\"},\"image\":{\"@id\":\"https:\/\/www.suno.com.br\/noticias\/pix-proibido-sao-paulo-alesp\/#primaryimage\"},\"thumbnailUrl\":\"https:\/\/files.sunoresearch.com.br\/n\/uploads\/2021\/12\/fg249301.jpg\",\"datePublished\":\"2021-12-02T15:43:13+00:00\",\"description\":\"Segundo o texto do Projeto de Lei 583\/21, h\u00e1 'falta de seguran\u00e7a nas transa\u00e7\u00f5es' realizadas por meio do Pix. Clique aqui e leia mais.\",\"breadcrumb\":{\"@id\":\"https:\/\/www.suno.com.br\/noticias\/pix-proibido-sao-paulo-alesp\/#breadcrumb\"},\"inLanguage\":\"pt-BR\",\"potentialAction\":[{\"@type\":\"ReadAction\",\"target\":[\"https:\/\/www.suno.com.br\/noticias\/pix-proibido-sao-paulo-alesp\/\"]}]},{\"@type\":\"ImageObject\",\"inLanguage\":\"pt-BR\",\"@id\":\"https:\/\/www.suno.com.br\/noticias\/pix-proibido-sao-paulo-alesp\/#primaryimage\",\"url\":\"https:\/\/files.sunoresearch.com.br\/n\/uploads\/2021\/12\/fg249301.jpg\",\"contentUrl\":\"https:\/\/files.sunoresearch.com.br\/n\/uploads\/2021\/12\/fg249301.jpg\",\"width\":2480,\"height\":1653,\"caption\":\"Apesar do PL, BC j\u00e1 vem implementado medidas de seguran\u00e7a no Pix - Foto: Divulga\u00e7\u00e3o\/Alesp\"},{\"@type\":\"BreadcrumbList\",\"@id\":\"https:\/\/www.suno.com.br\/noticias\/pix-proibido-sao-paulo-alesp\/#breadcrumb\",\"itemListElement\":[{\"@type\":\"ListItem\",\"position\":1,\"name\":\"Not\u00edcias\",\"item\":\"https:\/\/www.suno.com.br\/noticias\/\"},{\"@type\":\"ListItem\",\"position\":2,\"name\":\"Pol\u00edtica\",\"item\":\"https:\/\/www.suno.com.br\/noticias\/politica\/\"},{\"@type\":\"ListItem\",\"position\":3,\"name\":\"PIX poder\u00e1 ser proibido no Estado de S\u00e3o Paulo; veja por qu\u00ea\"}]},{\"@type\":\"WebSite\",\"@id\":\"https:\/\/www.suno.com.br\/noticias\/#website\",\"url\":\"https:\/\/www.suno.com.br\/noticias\/\",\"name\":\"Suno Not\u00edcias\",\"description\":\"Seu portal de informa\u00e7\u00e3o sobre o mundo dos investimentos\",\"publisher\":{\"@id\":\"https:\/\/www.suno.com.br\/noticias\/#organization\"},\"potentialAction\":[{\"@type\":\"SearchAction\",\"target\":{\"@type\":\"EntryPoint\",\"urlTemplate\":\"https:\/\/www.suno.com.br\/noticias\/?s={search_term_string}\"},\"query-input\":{\"@type\":\"PropertyValueSpecification\",\"valueRequired\":true,\"valueName\":\"search_term_string\"}}],\"inLanguage\":\"pt-BR\"},{\"@type\":\"Organization\",\"@id\":\"https:\/\/www.suno.com.br\/noticias\/#organization\",\"name\":\"Suno Not\u00edcias\",\"url\":\"https:\/\/www.suno.com.br\/noticias\/\",\"logo\":{\"@type\":\"ImageObject\",\"inLanguage\":\"pt-BR\",\"@id\":\"https:\/\/www.suno.com.br\/noticias\/#\/schema\/logo\/image\/\",\"url\":\"https:\/\/files.sunoresearch.com.br\/n\/uploads\/2021\/09\/suno-logo.png\",\"contentUrl\":\"https:\/\/files.sunoresearch.com.br\/n\/uploads\/2021\/09\/suno-logo.png\",\"width\":180,\"height\":180,\"caption\":\"Suno Not\u00edcias\"},\"image\":{\"@id\":\"https:\/\/www.suno.com.br\/noticias\/#\/schema\/logo\/image\/\"},\"sameAs\":[\"https:\/\/facebook.com\/sunoresearch\",\"https:\/\/x.com\/sunoresearch\",\"https:\/\/www.instagram.com\/suno\",\"https:\/\/www.linkedin.com\/company\/suno-research\/\",\"https:\/\/www.youtube.com\/c\/sunoresearch\"]},{\"@type\":\"Person\",\"@id\":\"https:\/\/www.suno.com.br\/noticias\/#\/schema\/person\/7f4d362bf3518e76090143ae77bb49a5\",\"name\":\"Eduardo Vargas\",\"image\":{\"@type\":\"ImageObject\",\"inLanguage\":\"pt-BR\",\"@id\":\"https:\/\/www.suno.com.br\/noticias\/#\/schema\/person\/image\/\",\"url\":\"https:\/\/secure.gravatar.com\/avatar\/dac340933427a22924c9f99d1eb2e3f2?s=96&r=g\",\"contentUrl\":\"https:\/\/secure.gravatar.com\/avatar\/dac340933427a22924c9f99d1eb2e3f2?s=96&r=g\",\"caption\":\"Eduardo Vargas\"},\"description\":\"Jornalista formado pela UFSC, cobre macroeconomia, neg\u00f3cios e startups para o Suno Not\u00edcias, escrevendo principalmente not\u00edcias sobre o mercado financeiro e a bolsa de valores. No YouTube e no Instagram, \u00e9 respons\u00e1vel pela produ\u00e7\u00e3o de Reels e Shorts do Suno Not\u00edcias. Anteriormente, trabalhou cobrindo economia e cotidiano no ND+ e para o ND, maior jornal impresso de Santa Catarina. Cursou um semestre letivo de Estudos de M\u00eddia na Universidad de Buenos Aires.\",\"url\":\"https:\/\/www.suno.com.br\/noticias\/author\/eduardo-vargas\/\"}]}<\/script>\n<!-- \/ Yoast SEO plugin. -->","yoast_head_json":{"title":"PIX poder\u00e1 ser proibido no Estado de S\u00e3o Paulo; veja por qu\u00ea","description":"Segundo o texto do Projeto de Lei 583\/21, h\u00e1 'falta de seguran\u00e7a nas transa\u00e7\u00f5es' realizadas por meio do Pix. Clique aqui e leia mais.","robots":{"index":"index","follow":"follow","max-snippet":"max-snippet:-1","max-image-preview":"max-image-preview:large","max-video-preview":"max-video-preview:-1"},"canonical":"https:\/\/www.suno.com.br\/noticias\/pix-proibido-sao-paulo-alesp\/","og_locale":"pt_BR","og_type":"article","og_title":"PIX poder\u00e1 ser proibido no Estado de S\u00e3o Paulo; veja por qu\u00ea","og_description":"Segundo o texto do Projeto de Lei 583\/21, h\u00e1 'falta de seguran\u00e7a nas transa\u00e7\u00f5es' realizadas por meio do Pix. Clique aqui e leia mais.","og_url":"https:\/\/www.suno.com.br\/noticias\/pix-proibido-sao-paulo-alesp\/","og_site_name":"Suno Not\u00edcias","article_publisher":"https:\/\/facebook.com\/sunoresearch","og_image":[{"width":2480,"height":1653,"url":"https:\/\/files.sunoresearch.com.br\/n\/uploads\/2021\/12\/fg249301.jpg","type":"image\/jpeg"}],"author":"Eduardo Vargas","twitter_card":"summary_large_image","twitter_creator":"@sunoresearch","twitter_site":"@sunoresearch","twitter_misc":{"Escrito por":"Eduardo Vargas","Est. tempo de leitura":"2 minutos"},"schema":{"@context":"https:\/\/schema.org","@graph":[{"@type":"NewsArticle","@id":"https:\/\/www.suno.com.br\/noticias\/pix-proibido-sao-paulo-alesp\/#article","isPartOf":{"@id":"https:\/\/www.suno.com.br\/noticias\/pix-proibido-sao-paulo-alesp\/"},"author":{"name":"Eduardo Vargas","@id":"https:\/\/www.suno.com.br\/noticias\/#\/schema\/person\/7f4d362bf3518e76090143ae77bb49a5"},"headline":"PIX poder\u00e1 ser proibido no Estado de S\u00e3o Paulo; veja por qu\u00ea","datePublished":"2021-12-02T15:43:13+00:00","mainEntityOfPage":{"@id":"https:\/\/www.suno.com.br\/noticias\/pix-proibido-sao-paulo-alesp\/"},"wordCount":458,"publisher":{"@id":"https:\/\/www.suno.com.br\/noticias\/#organization"},"image":{"@id":"https:\/\/www.suno.com.br\/noticias\/pix-proibido-sao-paulo-alesp\/#primaryimage"},"thumbnailUrl":"https:\/\/files.sunoresearch.com.br\/n\/uploads\/2021\/12\/fg249301.jpg","keywords":["Banco Central (BC)","PIX","S\u00e3o Paulo"],"articleSection":["Pol\u00edtica"],"inLanguage":"pt-BR"},{"@type":"WebPage","@id":"https:\/\/www.suno.com.br\/noticias\/pix-proibido-sao-paulo-alesp\/","url":"https:\/\/www.suno.com.br\/noticias\/pix-proibido-sao-paulo-alesp\/","name":"PIX poder\u00e1 ser proibido no Estado de S\u00e3o Paulo; veja por qu\u00ea","isPartOf":{"@id":"https:\/\/www.suno.com.br\/noticias\/#website"},"primaryImageOfPage":{"@id":"https:\/\/www.suno.com.br\/noticias\/pix-proibido-sao-paulo-alesp\/#primaryimage"},"image":{"@id":"https:\/\/www.suno.com.br\/noticias\/pix-proibido-sao-paulo-alesp\/#primaryimage"},"thumbnailUrl":"https:\/\/files.sunoresearch.com.br\/n\/uploads\/2021\/12\/fg249301.jpg","datePublished":"2021-12-02T15:43:13+00:00","description":"Segundo o texto do Projeto de Lei 583\/21, h\u00e1 'falta de seguran\u00e7a nas transa\u00e7\u00f5es' realizadas por meio do Pix. Clique aqui e leia mais.","breadcrumb":{"@id":"https:\/\/www.suno.com.br\/noticias\/pix-proibido-sao-paulo-alesp\/#breadcrumb"},"inLanguage":"pt-BR","potentialAction":[{"@type":"ReadAction","target":["https:\/\/www.suno.com.br\/noticias\/pix-proibido-sao-paulo-alesp\/"]}]},{"@type":"ImageObject","inLanguage":"pt-BR","@id":"https:\/\/www.suno.com.br\/noticias\/pix-proibido-sao-paulo-alesp\/#primaryimage","url":"https:\/\/files.sunoresearch.com.br\/n\/uploads\/2021\/12\/fg249301.jpg","contentUrl":"https:\/\/files.sunoresearch.com.br\/n\/uploads\/2021\/12\/fg249301.jpg","width":2480,"height":1653,"caption":"Apesar do PL, BC j\u00e1 vem implementado medidas de seguran\u00e7a no Pix - Foto: Divulga\u00e7\u00e3o\/Alesp"},{"@type":"BreadcrumbList","@id":"https:\/\/www.suno.com.br\/noticias\/pix-proibido-sao-paulo-alesp\/#breadcrumb","itemListElement":[{"@type":"ListItem","position":1,"name":"Not\u00edcias","item":"https:\/\/www.suno.com.br\/noticias\/"},{"@type":"ListItem","position":2,"name":"Pol\u00edtica","item":"https:\/\/www.suno.com.br\/noticias\/politica\/"},{"@type":"ListItem","position":3,"name":"PIX poder\u00e1 ser proibido no Estado de S\u00e3o Paulo; veja por qu\u00ea"}]},{"@type":"WebSite","@id":"https:\/\/www.suno.com.br\/noticias\/#website","url":"https:\/\/www.suno.com.br\/noticias\/","name":"Suno Not\u00edcias","description":"Seu portal de informa\u00e7\u00e3o sobre o mundo dos investimentos","publisher":{"@id":"https:\/\/www.suno.com.br\/noticias\/#organization"},"potentialAction":[{"@type":"SearchAction","target":{"@type":"EntryPoint","urlTemplate":"https:\/\/www.suno.com.br\/noticias\/?s={search_term_string}"},"query-input":{"@type":"PropertyValueSpecification","valueRequired":true,"valueName":"search_term_string"}}],"inLanguage":"pt-BR"},{"@type":"Organization","@id":"https:\/\/www.suno.com.br\/noticias\/#organization","name":"Suno Not\u00edcias","url":"https:\/\/www.suno.com.br\/noticias\/","logo":{"@type":"ImageObject","inLanguage":"pt-BR","@id":"https:\/\/www.suno.com.br\/noticias\/#\/schema\/logo\/image\/","url":"https:\/\/files.sunoresearch.com.br\/n\/uploads\/2021\/09\/suno-logo.png","contentUrl":"https:\/\/files.sunoresearch.com.br\/n\/uploads\/2021\/09\/suno-logo.png","width":180,"height":180,"caption":"Suno Not\u00edcias"},"image":{"@id":"https:\/\/www.suno.com.br\/noticias\/#\/schema\/logo\/image\/"},"sameAs":["https:\/\/facebook.com\/sunoresearch","https:\/\/x.com\/sunoresearch","https:\/\/www.instagram.com\/suno","https:\/\/www.linkedin.com\/company\/suno-research\/","https:\/\/www.youtube.com\/c\/sunoresearch"]},{"@type":"Person","@id":"https:\/\/www.suno.com.br\/noticias\/#\/schema\/person\/7f4d362bf3518e76090143ae77bb49a5","name":"Eduardo Vargas","image":{"@type":"ImageObject","inLanguage":"pt-BR","@id":"https:\/\/www.suno.com.br\/noticias\/#\/schema\/person\/image\/","url":"https:\/\/secure.gravatar.com\/avatar\/dac340933427a22924c9f99d1eb2e3f2?s=96&r=g","contentUrl":"https:\/\/secure.gravatar.com\/avatar\/dac340933427a22924c9f99d1eb2e3f2?s=96&r=g","caption":"Eduardo Vargas"},"description":"Jornalista formado pela UFSC, cobre macroeconomia, neg\u00f3cios e startups para o Suno Not\u00edcias, escrevendo principalmente not\u00edcias sobre o mercado financeiro e a bolsa de valores. No YouTube e no Instagram, \u00e9 respons\u00e1vel pela produ\u00e7\u00e3o de Reels e Shorts do Suno Not\u00edcias. Anteriormente, trabalhou cobrindo economia e cotidiano no ND+ e para o ND, maior jornal impresso de Santa Catarina. Cursou um semestre letivo de Estudos de M\u00eddia na Universidad de Buenos Aires.","url":"https:\/\/www.suno.com.br\/noticias\/author\/eduardo-vargas\/"}]}},"default_loop_html":"<div class=\"cardsPage__listCard__boxs\"><div class=\"cardsPage__listCard__boxs__img\"><a href=\"https:\/\/www.suno.com.br\/noticias\/pix-proibido-sao-paulo-alesp\/\"><img class=\"mask\" src=\"https:\/\/www.suno.com.br\/noticias\/wp-content\/themes\/suno\/resources\/images\/spotlight\/spotlight1img\/bg-mask.png\" alt=\"Image Mask\"\/><img src=\"https:\/\/files.sunoresearch.com.br\/n\/uploads\/2021\/12\/fg249301-400x200.jpg\" alt=\"PIX poder\u00e1 ser proibido no Estado de S\u00e3o Paulo; veja por qu\u00ea\"\/><\/a><span class=\"spotlightCategory\"><a href=\"https:\/\/www.suno.com.br\/noticias\/politica\/\">Pol\u00edtica<\/a><\/span><\/div><div class=\"cardsPage__listCard__boxs__content\"><a href=\"https:\/\/www.suno.com.br\/noticias\/pix-proibido-sao-paulo-alesp\/\"><h2 class=\"content__title\">PIX poder\u00e1 ser proibido no Estado de S\u00e3o Paulo; veja por qu\u00ea<\/h2><\/a><div class=\"newsContent__article__meta\"><div class=\"newsContent__article__meta__authorBox\"><a href=\"https:\/\/www.suno.com.br\/noticias\/author\/eduardo-vargas\/\" class=\"authorBox__avatar noMobi\"><img src=\"https:\/\/secure.gravatar.com\/avatar\/dac340933427a22924c9f99d1eb2e3f2?s=96&#038;r=g\" alt=\"Eduardo Vargas\"><\/a><div class=\"authorBox__name\"><span>por\n\t\t\t<a href=\"https:\/\/www.suno.com.br\/noticias\/author\/eduardo-vargas\/\"><span itemprop=\"author\">Eduardo Vargas<\/span><\/a><\/span><time datetime=\"2021-12-02T12:43:13-03:00\" itemprop=\"datePublished\">02\/12\/2021 12:43<\/time><\/div><\/div><\/div><\/div><\/div>","single_layout":"posts","amp_enabled":true,"_links":{"self":[{"href":"https:\/\/www.suno.com.br\/noticias\/wp-json\/wp\/v2\/posts\/211301"}],"collection":[{"href":"https:\/\/www.suno.com.br\/noticias\/wp-json\/wp\/v2\/posts"}],"about":[{"href":"https:\/\/www.suno.com.br\/noticias\/wp-json\/wp\/v2\/types\/post"}],"author":[{"embeddable":true,"href":"https:\/\/www.suno.com.br\/noticias\/wp-json\/wp\/v2\/users\/73"}],"replies":[{"embeddable":true,"href":"https:\/\/www.suno.com.br\/noticias\/wp-json\/wp\/v2\/comments?post=211301"}],"version-history":[{"count":3,"href":"https:\/\/www.suno.com.br\/noticias\/wp-json\/wp\/v2\/posts\/211301\/revisions"}],"predecessor-version":[{"id":211349,"href":"https:\/\/www.suno.com.br\/noticias\/wp-json\/wp\/v2\/posts\/211301\/revisions\/211349"}],"wp:featuredmedia":[{"embeddable":true,"href":"https:\/\/www.suno.com.br\/noticias\/wp-json\/wp\/v2\/media\/211307"}],"wp:attachment":[{"href":"https:\/\/www.suno.com.br\/noticias\/wp-json\/wp\/v2\/media?parent=211301"}],"wp:term":[{"taxonomy":"category","embeddable":true,"href":"https:\/\/www.suno.com.br\/noticias\/wp-json\/wp\/v2\/categories?post=211301"},{"taxonomy":"post_tag","embeddable":true,"href":"https:\/\/www.suno.com.br\/noticias\/wp-json\/wp\/v2\/tags?post=211301"},{"taxonomy":"suno_strategy","embeddable":true,"href":"https:\/\/www.suno.com.br\/noticias\/wp-json\/wp\/v2\/suno_strategy?post=211301"}],"curies":[{"name":"wp","href":"https:\/\/api.w.org\/{rel}","templated":true}]}}