{"id":211276,"date":"2021-12-02T13:00:53","date_gmt":"2021-12-02T16:00:53","guid":{"rendered":"https:\/\/www.suno.com.br\/noticias\/?p=211276"},"modified":"2021-12-02T13:01:21","modified_gmt":"2021-12-02T16:01:21","slug":"banco-inter-bidi4-reorganizacao-societaria-nao-sair-genial","status":"publish","type":"post","link":"https:\/\/www.suno.com.br\/noticias\/banco-inter-bidi4-reorganizacao-societaria-nao-sair-genial\/","title":{"rendered":"Reorganiza\u00e7\u00e3o societ\u00e1ria do Banco Inter (BIDI4) pode n\u00e3o sair, diz Genial; entenda"},"content":{"rendered":"<p>O<a href=\"https:\/\/www.suno.com.br\/acoes\/BIDI4\/\" target=\"_blank\" rel=\"noopener\"><strong> Banco Inter<\/strong> (BIDI4) <\/a>est\u00e1 perto de concluir sua reorganiza\u00e7\u00e3o societ\u00e1ria para migrar sua base acion\u00e1ria para a Nasdaq, bolsa de tecnologia dos Estados Unidos. Por\u00e9m, segundo a Genial, a conclus\u00e3o da opera\u00e7\u00e3o corre alguns riscos: &#8220;Considerando o pre\u00e7o atual das a\u00e7\u00f5es\/units, o acionista que n\u00e3o quiser receber BDR\u2019s poder\u00e1 vender a sua participa\u00e7\u00e3o (<em>cash-out<\/em>). Acreditamos haver uma arbitragem atrativa capaz de inviabilizar a opera\u00e7\u00e3o&#8221;, diz relat\u00f3rio da corretora.<\/p>\t<div class=\"wrapper-featured-image\">\n\t\t<figure class=\"spotlightImg\">\n\n\t\t\t<picture>\n\t\t\t\t<source media=\"(max-width: 768px)\" srcset=\"https:\/\/files.sunoresearch.com.br\/n\/uploads\/2021\/06\/dad9092c-fachada_inter-400x200.jpeg\">\n\t\t\t\t<img loading=\"lazy\" decoding=\"async\" class=\"newsContent__article__imgCapa lazyloadDisabled \" src=\"https:\/\/files.sunoresearch.com.br\/n\/uploads\/2021\/06\/dad9092c-fachada_inter-800x450.jpeg\" width=\"800\" height=\"450\" alt=\"Reorganiza\u00e7\u00e3o societ\u00e1ria do Banco Inter (BIDI4) pode n\u00e3o sair, diz Genial; entenda\" fetchpriority=high \/>\n\t\t\t<\/picture>\n\n\t\t\t<figcaption class=\"wp-caption-text wp-caption-text--show\">Banco Inter (BIDI11) - Foto: Divulga\u00e7\u00e3o<\/figcaption>\n\t\t<\/figure>\n\t<\/div>\n\n\n\t<p>\n\t\t<a href=\"https:\/\/lp.suno.com.br\/planilha-controle-gastos\/\" target=\"_blank\" data-element=\"shortcode-suno-banner\" title=\"Banner SUNO, clique e saiba mais\">\n\t\t\t<picture>\n\t\t\t\t<source media=\"(max-width: 500px)\" srcset=\"https:\/\/files.sunoresearch.com.br\/n\/uploads\/2023\/03\/400x300-Planilha-controle-de-gastos.png\">\n\t\t\t\t<img class=\"newsContent__article__imgCapa newsContent__article__imgCapa--banner\"\n\t\t\t\t\tsrc=\"https:\/\/files.sunoresearch.com.br\/n\/uploads\/2023\/03\/1420x240-Planilha-controle-de-gastos.png\"\n\t\t\t\t\tdata-promo-id=\"101751\"\t\t\t\t\t\t\t\t\t\twidth='1420' height='240'\t\t\t\t\talt=\"https:\/\/files.sunoresearch.com.br\/n\/uploads\/2023\/03\/1420x240-Planilha-controle-de-gastos.png\"\n\t\t\t\t>\n\t\t\t<\/picture>\n\t\t<\/a>\n\t<\/p>\n\n\n<p>Os analistas da Genial apontam que o valor a ser pago aos <strong>acionistas do Banco Inter<\/strong> que optarem por receber dinheiro (<em>cash-out<\/em>) e n\u00e3o os recibos de a\u00e7\u00f5es (BDRs) \u00e9 de R$ 45,84 por unit (BIDI11). Acontece que esse pre\u00e7o representa um pr\u00eamio em compara\u00e7\u00e3o ao \u00faltimo fechamento (R$ 33,87).<\/p>\n<p>Com isso, para quem j\u00e1 era acionista e quer vender a <strong>unit do Inter<\/strong> seria poss\u00edvel liquidar a posi\u00e7\u00e3o a um valor superior ao de mercado, mitigando as perdas dos \u00faltimos dias. Entretanto, &#8220;se os resgates superarem R$ 2 bilh\u00f5es, a opera\u00e7\u00e3o poder\u00e1 ser cancelada&#8221;, diz a Genial. E a previs\u00e3o deles \u00e9 de que isso aconte\u00e7a.<\/p>\n<p>Isso porque o <strong>Inter<\/strong> tem uma capitaliza\u00e7\u00e3o de mercado (<em>market cap<\/em>) de aproximadamente R$ 32 bilh\u00f5es, dos quais 41% est\u00e3o em circula\u00e7\u00e3o, que equivalem a R$ 13 bilh\u00f5es. Com resgates superando a faixa dos R$ 2 bilh\u00f5es, o risco de perdas para o <a class=\"suno-keyword\" href=\"https:\/\/www.suno.com.br\/artigos\/banco-digital\/\" target=\"_blank\" rel=\"noopener\" data-force=\"no\" data-priority=\"2\">banco digital<\/a> fica muito grande.<\/p>\n<p>Saiba mais sobre a <strong>migra\u00e7\u00e3o do Banco Inter<\/strong>:<\/p>\n\t<div data-element=\"shortcode-read-more\" class=\"knowMore\">\n\t\t\t\t<a class=\"knowMore__link\" href=\"https:\/\/www.suno.com.br\/noticias\/banco-inter-bidi4-listagem-nasdaq-proximos-passos\/\">\n\t\t\tBanco Inter (BIDI4): Assembleia aprova listagem na Nasdaq; veja pr\u00f3ximos passos\t\t<\/a>\n\t<\/div>\n\n\n\t<p>\n\t\t<a href=\"https:\/\/lp.suno.com.br\/planilha-da-vida-financeira\/\" target=\"_blank\" data-element=\"shortcode-suno-banner\" title=\"Banner SUNO, clique e saiba mais\">\n\t\t\t<picture>\n\t\t\t\t<source media=\"(max-width: 500px)\" srcset=\"https:\/\/files.sunoresearch.com.br\/n\/uploads\/2023\/04\/400x300-Planilha-vida-financeira-true.png\">\n\t\t\t\t<img class=\"newsContent__article__imgCapa newsContent__article__imgCapa--banner\"\n\t\t\t\t\tsrc=\"https:\/\/files.sunoresearch.com.br\/n\/uploads\/2023\/04\/1420x240-Planilha-vida-financeira-true.png\"\n\t\t\t\t\tdata-promo-id=\"106682\"\t\t\t\t\t\t\t\t\t\twidth='1420' height='240'\t\t\t\t\talt=\"https:\/\/files.sunoresearch.com.br\/n\/uploads\/2023\/04\/1420x240-Planilha-vida-financeira-true.png\"\n\t\t\t\t>\n\t\t\t<\/picture>\n\t\t<\/a>\n\t<\/p>\n\n\n<h2>Riscos de entrar no cash-out do Banco Inter<\/h2>\n<p>A Genial aponta dois riscos para os acionistas do Banco Inter ao solicitar o <strong><em>cash-out<\/em><\/strong>:<\/p>\n<p><strong>Primeiro:<\/strong> o acionista contribuir\u00e1 indiretamente para inviabilizar a opera\u00e7\u00e3o, elevando o montante de resgate. Caso a reestrutura\u00e7\u00e3o n\u00e3o seja conclu\u00edda, as a\u00e7\u00f5es devem cair no <a class=\"suno-keyword\" href=\"https:\/\/www.suno.com.br\/artigos\/curto-prazo\/\" target=\"_blank\" rel=\"noopener\" data-force=\"no\" data-priority=\"1\">curto prazo<\/a>;<\/p>\n<p><strong>Segundo:<\/strong> se a pessoa estiver tentando vender suas a\u00e7\u00f5es para recomprar os BDR\u2019s mais baratos ap\u00f3s o resgate, eles poder\u00e3o ficar mais caros, tendo em vista a alta volatilidade dos pap\u00e9is do banco nos \u00faltimos meses e o IPO do Nubank no meio tempo (8 de dezembro), que, pelo forte compar\u00e1vel, poder destravar valor para o Banco Inter.<\/p>\n\t<p>\n\t\t<a href=\"https:\/\/lp.suno.com.br\/ebook-como-analisar-uma-acao\/\" target=\"_blank\" data-element=\"shortcode-suno-banner\" title=\"Banner SUNO, clique e saiba mais\">\n\t\t\t<picture>\n\t\t\t\t<source media=\"(max-width: 500px)\" srcset=\"https:\/\/files.sunoresearch.com.br\/n\/uploads\/2023\/03\/Ebook-Acoes-Mobile-1.jpg\">\n\t\t\t\t<img class=\"newsContent__article__imgCapa newsContent__article__imgCapa--banner\"\n\t\t\t\t\tsrc=\"https:\/\/files.sunoresearch.com.br\/n\/uploads\/2023\/03\/Ebook-Acoes-Desktop-1.jpg\"\n\t\t\t\t\tdata-promo-id=\"171998\"\t\t\t\t\t\t\t\t\t\twidth='1420' height='286'\t\t\t\t\talt=\"https:\/\/files.sunoresearch.com.br\/n\/uploads\/2023\/03\/Ebook-Acoes-Desktop-1.jpg\"\n\t\t\t\t>\n\t\t\t<\/picture>\n\t\t<\/a>\n\t<\/p>\n\n\n<p>Dito isso, os <strong>analistas da Genial<\/strong> Eduardo Nishio, Bruno Bandiera e Guilherme Vianna fazem a seguinte pondera\u00e7\u00e3o:<\/p>\n<p>&#8220;Em fun\u00e7\u00e3o de acreditarmos que as a\u00e7\u00f5es do Banco Inter est\u00e3o subavaliadas, n\u00e3o recomendamos aos acionistas que n\u00e3o est\u00e3o interessados em vender suas a\u00e7\u00f5es, que solicitem o <em>cash-out<\/em> somente pela arbitragem, dados os riscos enumerados.&#8221;<\/p>\n<p>Os acionistas do banco t\u00eam at\u00e9 hoje (2) para decidirem se querem receber seus <strong>BDR\u2019s do Inter (BIDD31)<\/strong> ou se querem o valor em dinheiro (<em>cash-out<\/em>).<\/p>\n\t<p>\n\t\t<a href=\"https:\/\/lp.suno.com.br\/planilha-de-controle-de-investimentos\/\" target=\"_blank\" data-element=\"shortcode-suno-banner\" title=\"Banner SUNO, clique e saiba mais\">\n\t\t\t<picture>\n\t\t\t\t<source media=\"(max-width: 500px)\" srcset=\"https:\/\/files.sunoresearch.com.br\/n\/uploads\/2023\/03\/400x300-Controle-de-Investimentos.png\">\n\t\t\t\t<img class=\"newsContent__article__imgCapa newsContent__article__imgCapa--banner\"\n\t\t\t\t\tsrc=\"https:\/\/files.sunoresearch.com.br\/n\/uploads\/2023\/03\/1420x240-Controle-de-Investimentos.png\"\n\t\t\t\t\tdata-promo-id=\"75934\"\t\t\t\t\t\t\t\t\t\twidth='1420' height='240'\t\t\t\t\talt=\"https:\/\/files.sunoresearch.com.br\/n\/uploads\/2023\/03\/1420x240-Controle-de-Investimentos.png\"\n\t\t\t\t>\n\t\t\t<\/picture>\n\t\t<\/a>\n\t<\/p>\n\n\n<h2>Cota\u00e7\u00e3o do Inter nesta quinta (2)<\/h2>\n<p>\u00c0s 12h57 desta quinta, as <strong>units do Banco Inter<\/strong> eram os \u00fanicos pap\u00e9is da empresa que apresentavam alta, subindo 1,44%, valendo R$ 33,92.<\/p>\n<p>J\u00e1 as <a class=\"suno-keyword\" href=\"https:\/\/www.suno.com.br\/artigos\/o-que-sao-acoes-ordinarias-preferenciais-e-units\/\" target=\"_blank\" rel=\"noopener\" data-force=\"no\" data-priority=\"1\">a\u00e7\u00f5es ordin\u00e1rias<\/a> (<strong>BIDI3<\/strong>) e as <a class=\"suno-keyword\" href=\"https:\/\/www.suno.com.br\/artigos\/acoes-preferenciais\/\" target=\"_blank\" rel=\"noopener\" data-force=\"no\" data-priority=\"1\">a\u00e7\u00f5es preferenciais<\/a> (<strong>BIDI4<\/strong>) do banco apresentavam queda, de 0,08% e 0,44%, respectivamente, no mesmo hor\u00e1rio.<\/p>\n<p>As units do <strong>Banco Inter<\/strong> acumulam 28,62% de alta nos \u00faltimos 12 meses. Elas chegaram a valer R$ 89,73 na m\u00e1xima e R$ 24,87 na m\u00ednima.<\/p>\n\t<p>\n\t\t<a href=\"\" target=\"_blank\" data-element=\"shortcode-suno-banner\" title=\"Banner SUNO, clique e saiba mais\">\n\t\t\t<picture>\n\t\t\t\t<source media=\"(max-width: 500px)\" srcset=\"\">\n\t\t\t\t<img class=\"newsContent__article__imgCapa newsContent__article__imgCapa--banner\"\n\t\t\t\t\tsrc=\"\"\n\t\t\t\t\tdata-promo-id=\"184190\"\t\t\t\t\t\t\t\t\t\t\t\t\t\t\talt=\"\"\n\t\t\t\t>\n\t\t\t<\/picture>\n\t\t<\/a>\n\t<\/p>\n\n\n","protected":false},"excerpt":{"rendered":"<p>O Banco Inter (BIDI4) est\u00e1 perto de concluir sua reorganiza\u00e7\u00e3o societ\u00e1ria para migrar sua base acion\u00e1ria para a Nasdaq, bolsa de tecnologia dos Estados Unidos. Por\u00e9m, segundo a Genial, a conclus\u00e3o da opera\u00e7\u00e3o corre alguns riscos: &#8220;Considerando o pre\u00e7o atual das a\u00e7\u00f5es\/units, o acionista que n\u00e3o quiser receber BDR\u2019s poder\u00e1 vender a sua participa\u00e7\u00e3o (cash-out). [&hellip;]<\/p>\n","protected":false},"author":102,"featured_media":154428,"comment_status":"closed","ping_status":"closed","sticky":false,"template":"","format":"standard","meta":[],"categories":[64],"tags":[106764,369,317,964],"suno_strategy":[],"class_list":["post-211276","post","type-post","status-publish","format-standard","has-post-thumbnail","hentry","category-negocios","tag-banco-inter-bidi11","tag-banco-inter-bidi11-bidi4-bidi3","tag-bdrs","tag-nasdaq"],"yoast_head":"<!-- This site is optimized with the Yoast SEO plugin v24.4 - https:\/\/yoast.com\/wordpress\/plugins\/seo\/ -->\n<title>Reorganiza\u00e7\u00e3o societ\u00e1ria do Banco Inter (BIDI4) pode n\u00e3o sair, diz Genial<\/title>\n<meta name=\"description\" content=\"Segundo a Genial, a reorganiza\u00e7\u00e3o societ\u00e1ria do Banco Inter (BIDI4) pode n\u00e3o sair. Veja a an\u00e1lise da corretora e os riscos envolvidos.\" \/>\n<meta name=\"robots\" content=\"index, follow, max-snippet:-1, max-image-preview:large, max-video-preview:-1\" \/>\n<link rel=\"canonical\" href=\"https:\/\/www.suno.com.br\/noticias\/banco-inter-bidi4-reorganizacao-societaria-nao-sair-genial\/\" \/>\n<meta property=\"og:locale\" content=\"pt_BR\" \/>\n<meta property=\"og:type\" content=\"article\" \/>\n<meta property=\"og:title\" content=\"Reorganiza\u00e7\u00e3o societ\u00e1ria do Banco Inter (BIDI4) pode n\u00e3o sair, diz Genial\" \/>\n<meta property=\"og:description\" content=\"Segundo a Genial, a reorganiza\u00e7\u00e3o societ\u00e1ria do Banco Inter (BIDI4) pode n\u00e3o sair. Veja a an\u00e1lise da corretora e os riscos envolvidos.\" \/>\n<meta property=\"og:url\" content=\"https:\/\/www.suno.com.br\/noticias\/banco-inter-bidi4-reorganizacao-societaria-nao-sair-genial\/\" \/>\n<meta property=\"og:site_name\" content=\"Suno Not\u00edcias\" \/>\n<meta property=\"article:publisher\" content=\"https:\/\/facebook.com\/sunoresearch\" \/>\n<meta property=\"og:image\" content=\"https:\/\/files.sunoresearch.com.br\/n\/uploads\/2021\/06\/dad9092c-fachada_inter-scaled.jpeg\" \/>\n\t<meta property=\"og:image:width\" content=\"2560\" \/>\n\t<meta property=\"og:image:height\" content=\"1707\" \/>\n\t<meta property=\"og:image:type\" content=\"image\/jpeg\" \/>\n<meta name=\"author\" content=\"Monique Lima\" \/>\n<meta name=\"twitter:card\" content=\"summary_large_image\" \/>\n<meta name=\"twitter:creator\" content=\"@sunoresearch\" \/>\n<meta name=\"twitter:site\" content=\"@sunoresearch\" \/>\n<meta name=\"twitter:label1\" content=\"Escrito por\" \/>\n\t<meta name=\"twitter:data1\" content=\"Monique Lima\" \/>\n\t<meta name=\"twitter:label2\" content=\"Est. tempo de leitura\" \/>\n\t<meta name=\"twitter:data2\" content=\"3 minutos\" \/>\n<script type=\"application\/ld+json\" class=\"yoast-schema-graph\">{\"@context\":\"https:\/\/schema.org\",\"@graph\":[{\"@type\":\"NewsArticle\",\"@id\":\"https:\/\/www.suno.com.br\/noticias\/banco-inter-bidi4-reorganizacao-societaria-nao-sair-genial\/#article\",\"isPartOf\":{\"@id\":\"https:\/\/www.suno.com.br\/noticias\/banco-inter-bidi4-reorganizacao-societaria-nao-sair-genial\/\"},\"author\":{\"name\":\"Monique Lima\",\"@id\":\"https:\/\/www.suno.com.br\/noticias\/#\/schema\/person\/d712329319cc9b10f254d02d654cb36a\"},\"headline\":\"Reorganiza\u00e7\u00e3o societ\u00e1ria do Banco Inter (BIDI4) pode n\u00e3o sair, diz Genial; entenda\",\"datePublished\":\"2021-12-02T16:00:53+00:00\",\"dateModified\":\"2021-12-02T16:01:21+00:00\",\"mainEntityOfPage\":{\"@id\":\"https:\/\/www.suno.com.br\/noticias\/banco-inter-bidi4-reorganizacao-societaria-nao-sair-genial\/\"},\"wordCount\":571,\"publisher\":{\"@id\":\"https:\/\/www.suno.com.br\/noticias\/#organization\"},\"image\":{\"@id\":\"https:\/\/www.suno.com.br\/noticias\/banco-inter-bidi4-reorganizacao-societaria-nao-sair-genial\/#primaryimage\"},\"thumbnailUrl\":\"https:\/\/files.sunoresearch.com.br\/n\/uploads\/2021\/06\/dad9092c-fachada_inter-scaled.jpeg\",\"keywords\":[\"Banco Inter (BIDI11)\",\"Banco Inter (BIDI11\/BIDI4\/BIDI3)\",\"BDRs\",\"Nasdaq\"],\"articleSection\":[\"Neg\u00f3cios\"],\"inLanguage\":\"pt-BR\"},{\"@type\":\"WebPage\",\"@id\":\"https:\/\/www.suno.com.br\/noticias\/banco-inter-bidi4-reorganizacao-societaria-nao-sair-genial\/\",\"url\":\"https:\/\/www.suno.com.br\/noticias\/banco-inter-bidi4-reorganizacao-societaria-nao-sair-genial\/\",\"name\":\"Reorganiza\u00e7\u00e3o societ\u00e1ria do Banco Inter (BIDI4) pode n\u00e3o sair, diz Genial\",\"isPartOf\":{\"@id\":\"https:\/\/www.suno.com.br\/noticias\/#website\"},\"primaryImageOfPage\":{\"@id\":\"https:\/\/www.suno.com.br\/noticias\/banco-inter-bidi4-reorganizacao-societaria-nao-sair-genial\/#primaryimage\"},\"image\":{\"@id\":\"https:\/\/www.suno.com.br\/noticias\/banco-inter-bidi4-reorganizacao-societaria-nao-sair-genial\/#primaryimage\"},\"thumbnailUrl\":\"https:\/\/files.sunoresearch.com.br\/n\/uploads\/2021\/06\/dad9092c-fachada_inter-scaled.jpeg\",\"datePublished\":\"2021-12-02T16:00:53+00:00\",\"dateModified\":\"2021-12-02T16:01:21+00:00\",\"description\":\"Segundo a Genial, a reorganiza\u00e7\u00e3o societ\u00e1ria do Banco Inter (BIDI4) pode n\u00e3o sair. Veja a an\u00e1lise da corretora e os riscos envolvidos.\",\"breadcrumb\":{\"@id\":\"https:\/\/www.suno.com.br\/noticias\/banco-inter-bidi4-reorganizacao-societaria-nao-sair-genial\/#breadcrumb\"},\"inLanguage\":\"pt-BR\",\"potentialAction\":[{\"@type\":\"ReadAction\",\"target\":[\"https:\/\/www.suno.com.br\/noticias\/banco-inter-bidi4-reorganizacao-societaria-nao-sair-genial\/\"]}]},{\"@type\":\"ImageObject\",\"inLanguage\":\"pt-BR\",\"@id\":\"https:\/\/www.suno.com.br\/noticias\/banco-inter-bidi4-reorganizacao-societaria-nao-sair-genial\/#primaryimage\",\"url\":\"https:\/\/files.sunoresearch.com.br\/n\/uploads\/2021\/06\/dad9092c-fachada_inter-scaled.jpeg\",\"contentUrl\":\"https:\/\/files.sunoresearch.com.br\/n\/uploads\/2021\/06\/dad9092c-fachada_inter-scaled.jpeg\",\"width\":2560,\"height\":1707,\"caption\":\"Banco Inter (BIDI11) - Foto: Divulga\u00e7\u00e3o\"},{\"@type\":\"BreadcrumbList\",\"@id\":\"https:\/\/www.suno.com.br\/noticias\/banco-inter-bidi4-reorganizacao-societaria-nao-sair-genial\/#breadcrumb\",\"itemListElement\":[{\"@type\":\"ListItem\",\"position\":1,\"name\":\"Not\u00edcias\",\"item\":\"https:\/\/www.suno.com.br\/noticias\/\"},{\"@type\":\"ListItem\",\"position\":2,\"name\":\"Neg\u00f3cios\",\"item\":\"https:\/\/www.suno.com.br\/noticias\/negocios\/\"},{\"@type\":\"ListItem\",\"position\":3,\"name\":\"Reorganiza\u00e7\u00e3o societ\u00e1ria do Banco Inter (BIDI4) pode n\u00e3o sair, diz Genial; entenda\"}]},{\"@type\":\"WebSite\",\"@id\":\"https:\/\/www.suno.com.br\/noticias\/#website\",\"url\":\"https:\/\/www.suno.com.br\/noticias\/\",\"name\":\"Suno Not\u00edcias\",\"description\":\"Seu portal de informa\u00e7\u00e3o sobre o mundo dos investimentos\",\"publisher\":{\"@id\":\"https:\/\/www.suno.com.br\/noticias\/#organization\"},\"potentialAction\":[{\"@type\":\"SearchAction\",\"target\":{\"@type\":\"EntryPoint\",\"urlTemplate\":\"https:\/\/www.suno.com.br\/noticias\/?s={search_term_string}\"},\"query-input\":{\"@type\":\"PropertyValueSpecification\",\"valueRequired\":true,\"valueName\":\"search_term_string\"}}],\"inLanguage\":\"pt-BR\"},{\"@type\":\"Organization\",\"@id\":\"https:\/\/www.suno.com.br\/noticias\/#organization\",\"name\":\"Suno Not\u00edcias\",\"url\":\"https:\/\/www.suno.com.br\/noticias\/\",\"logo\":{\"@type\":\"ImageObject\",\"inLanguage\":\"pt-BR\",\"@id\":\"https:\/\/www.suno.com.br\/noticias\/#\/schema\/logo\/image\/\",\"url\":\"https:\/\/files.sunoresearch.com.br\/n\/uploads\/2021\/09\/suno-logo.png\",\"contentUrl\":\"https:\/\/files.sunoresearch.com.br\/n\/uploads\/2021\/09\/suno-logo.png\",\"width\":180,\"height\":180,\"caption\":\"Suno Not\u00edcias\"},\"image\":{\"@id\":\"https:\/\/www.suno.com.br\/noticias\/#\/schema\/logo\/image\/\"},\"sameAs\":[\"https:\/\/facebook.com\/sunoresearch\",\"https:\/\/x.com\/sunoresearch\",\"https:\/\/www.instagram.com\/suno\",\"https:\/\/www.linkedin.com\/company\/suno-research\/\",\"https:\/\/www.youtube.com\/c\/sunoresearch\"]},{\"@type\":\"Person\",\"@id\":\"https:\/\/www.suno.com.br\/noticias\/#\/schema\/person\/d712329319cc9b10f254d02d654cb36a\",\"name\":\"Monique Lima\",\"image\":{\"@type\":\"ImageObject\",\"inLanguage\":\"pt-BR\",\"@id\":\"https:\/\/www.suno.com.br\/noticias\/#\/schema\/person\/image\/\",\"url\":\"https:\/\/secure.gravatar.com\/avatar\/daee7f16d906c2e9ffed236206ca2c30?s=96&r=g\",\"contentUrl\":\"https:\/\/secure.gravatar.com\/avatar\/daee7f16d906c2e9ffed236206ca2c30?s=96&r=g\",\"caption\":\"Monique Lima\"},\"description\":\"Rep\u00f3rter de Mercado no Suno Not\u00edcias, \u00e9 jornalista com experi\u00eancia na cobertura de economia, empreendedorismo, finan\u00e7as pessoais, mercado financeiro, carreira e recursos humanos. Formada em Jornalismo pela Universidade Paulista, teve experi\u00eancias em ve\u00edculos de comunica\u00e7\u00e3o como a Ag\u00eancia TradeMap, Revista Voc\u00ea S\/A e Revista Voc\u00ea RH, as duas \u00faltimas publica\u00e7\u00f5es da Editora Abril. No Suno Not\u00edcias, fala sobre as principais not\u00edcias de Fundos Imobili\u00e1rios, Fiagro, Startups e empresas listadas na Bolsa.\",\"url\":\"https:\/\/www.suno.com.br\/noticias\/author\/monique-lima\/\"}]}<\/script>\n<!-- \/ Yoast SEO plugin. -->","yoast_head_json":{"title":"Reorganiza\u00e7\u00e3o societ\u00e1ria do Banco Inter (BIDI4) pode n\u00e3o sair, diz Genial","description":"Segundo a Genial, a reorganiza\u00e7\u00e3o societ\u00e1ria do Banco Inter (BIDI4) pode n\u00e3o sair. Veja a an\u00e1lise da corretora e os riscos envolvidos.","robots":{"index":"index","follow":"follow","max-snippet":"max-snippet:-1","max-image-preview":"max-image-preview:large","max-video-preview":"max-video-preview:-1"},"canonical":"https:\/\/www.suno.com.br\/noticias\/banco-inter-bidi4-reorganizacao-societaria-nao-sair-genial\/","og_locale":"pt_BR","og_type":"article","og_title":"Reorganiza\u00e7\u00e3o societ\u00e1ria do Banco Inter (BIDI4) pode n\u00e3o sair, diz Genial","og_description":"Segundo a Genial, a reorganiza\u00e7\u00e3o societ\u00e1ria do Banco Inter (BIDI4) pode n\u00e3o sair. Veja a an\u00e1lise da corretora e os riscos envolvidos.","og_url":"https:\/\/www.suno.com.br\/noticias\/banco-inter-bidi4-reorganizacao-societaria-nao-sair-genial\/","og_site_name":"Suno Not\u00edcias","article_publisher":"https:\/\/facebook.com\/sunoresearch","og_image":[{"width":2560,"height":1707,"url":"https:\/\/files.sunoresearch.com.br\/n\/uploads\/2021\/06\/dad9092c-fachada_inter-scaled.jpeg","type":"image\/jpeg"}],"author":"Monique Lima","twitter_card":"summary_large_image","twitter_creator":"@sunoresearch","twitter_site":"@sunoresearch","twitter_misc":{"Escrito por":"Monique Lima","Est. tempo de leitura":"3 minutos"},"schema":{"@context":"https:\/\/schema.org","@graph":[{"@type":"NewsArticle","@id":"https:\/\/www.suno.com.br\/noticias\/banco-inter-bidi4-reorganizacao-societaria-nao-sair-genial\/#article","isPartOf":{"@id":"https:\/\/www.suno.com.br\/noticias\/banco-inter-bidi4-reorganizacao-societaria-nao-sair-genial\/"},"author":{"name":"Monique Lima","@id":"https:\/\/www.suno.com.br\/noticias\/#\/schema\/person\/d712329319cc9b10f254d02d654cb36a"},"headline":"Reorganiza\u00e7\u00e3o societ\u00e1ria do Banco Inter (BIDI4) pode n\u00e3o sair, diz Genial; entenda","datePublished":"2021-12-02T16:00:53+00:00","dateModified":"2021-12-02T16:01:21+00:00","mainEntityOfPage":{"@id":"https:\/\/www.suno.com.br\/noticias\/banco-inter-bidi4-reorganizacao-societaria-nao-sair-genial\/"},"wordCount":571,"publisher":{"@id":"https:\/\/www.suno.com.br\/noticias\/#organization"},"image":{"@id":"https:\/\/www.suno.com.br\/noticias\/banco-inter-bidi4-reorganizacao-societaria-nao-sair-genial\/#primaryimage"},"thumbnailUrl":"https:\/\/files.sunoresearch.com.br\/n\/uploads\/2021\/06\/dad9092c-fachada_inter-scaled.jpeg","keywords":["Banco Inter (BIDI11)","Banco Inter (BIDI11\/BIDI4\/BIDI3)","BDRs","Nasdaq"],"articleSection":["Neg\u00f3cios"],"inLanguage":"pt-BR"},{"@type":"WebPage","@id":"https:\/\/www.suno.com.br\/noticias\/banco-inter-bidi4-reorganizacao-societaria-nao-sair-genial\/","url":"https:\/\/www.suno.com.br\/noticias\/banco-inter-bidi4-reorganizacao-societaria-nao-sair-genial\/","name":"Reorganiza\u00e7\u00e3o societ\u00e1ria do Banco Inter (BIDI4) pode n\u00e3o sair, diz Genial","isPartOf":{"@id":"https:\/\/www.suno.com.br\/noticias\/#website"},"primaryImageOfPage":{"@id":"https:\/\/www.suno.com.br\/noticias\/banco-inter-bidi4-reorganizacao-societaria-nao-sair-genial\/#primaryimage"},"image":{"@id":"https:\/\/www.suno.com.br\/noticias\/banco-inter-bidi4-reorganizacao-societaria-nao-sair-genial\/#primaryimage"},"thumbnailUrl":"https:\/\/files.sunoresearch.com.br\/n\/uploads\/2021\/06\/dad9092c-fachada_inter-scaled.jpeg","datePublished":"2021-12-02T16:00:53+00:00","dateModified":"2021-12-02T16:01:21+00:00","description":"Segundo a Genial, a reorganiza\u00e7\u00e3o societ\u00e1ria do Banco Inter (BIDI4) pode n\u00e3o sair. Veja a an\u00e1lise da corretora e os riscos envolvidos.","breadcrumb":{"@id":"https:\/\/www.suno.com.br\/noticias\/banco-inter-bidi4-reorganizacao-societaria-nao-sair-genial\/#breadcrumb"},"inLanguage":"pt-BR","potentialAction":[{"@type":"ReadAction","target":["https:\/\/www.suno.com.br\/noticias\/banco-inter-bidi4-reorganizacao-societaria-nao-sair-genial\/"]}]},{"@type":"ImageObject","inLanguage":"pt-BR","@id":"https:\/\/www.suno.com.br\/noticias\/banco-inter-bidi4-reorganizacao-societaria-nao-sair-genial\/#primaryimage","url":"https:\/\/files.sunoresearch.com.br\/n\/uploads\/2021\/06\/dad9092c-fachada_inter-scaled.jpeg","contentUrl":"https:\/\/files.sunoresearch.com.br\/n\/uploads\/2021\/06\/dad9092c-fachada_inter-scaled.jpeg","width":2560,"height":1707,"caption":"Banco Inter (BIDI11) - Foto: Divulga\u00e7\u00e3o"},{"@type":"BreadcrumbList","@id":"https:\/\/www.suno.com.br\/noticias\/banco-inter-bidi4-reorganizacao-societaria-nao-sair-genial\/#breadcrumb","itemListElement":[{"@type":"ListItem","position":1,"name":"Not\u00edcias","item":"https:\/\/www.suno.com.br\/noticias\/"},{"@type":"ListItem","position":2,"name":"Neg\u00f3cios","item":"https:\/\/www.suno.com.br\/noticias\/negocios\/"},{"@type":"ListItem","position":3,"name":"Reorganiza\u00e7\u00e3o societ\u00e1ria do Banco Inter (BIDI4) pode n\u00e3o sair, diz Genial; entenda"}]},{"@type":"WebSite","@id":"https:\/\/www.suno.com.br\/noticias\/#website","url":"https:\/\/www.suno.com.br\/noticias\/","name":"Suno Not\u00edcias","description":"Seu portal de informa\u00e7\u00e3o sobre o mundo dos investimentos","publisher":{"@id":"https:\/\/www.suno.com.br\/noticias\/#organization"},"potentialAction":[{"@type":"SearchAction","target":{"@type":"EntryPoint","urlTemplate":"https:\/\/www.suno.com.br\/noticias\/?s={search_term_string}"},"query-input":{"@type":"PropertyValueSpecification","valueRequired":true,"valueName":"search_term_string"}}],"inLanguage":"pt-BR"},{"@type":"Organization","@id":"https:\/\/www.suno.com.br\/noticias\/#organization","name":"Suno Not\u00edcias","url":"https:\/\/www.suno.com.br\/noticias\/","logo":{"@type":"ImageObject","inLanguage":"pt-BR","@id":"https:\/\/www.suno.com.br\/noticias\/#\/schema\/logo\/image\/","url":"https:\/\/files.sunoresearch.com.br\/n\/uploads\/2021\/09\/suno-logo.png","contentUrl":"https:\/\/files.sunoresearch.com.br\/n\/uploads\/2021\/09\/suno-logo.png","width":180,"height":180,"caption":"Suno Not\u00edcias"},"image":{"@id":"https:\/\/www.suno.com.br\/noticias\/#\/schema\/logo\/image\/"},"sameAs":["https:\/\/facebook.com\/sunoresearch","https:\/\/x.com\/sunoresearch","https:\/\/www.instagram.com\/suno","https:\/\/www.linkedin.com\/company\/suno-research\/","https:\/\/www.youtube.com\/c\/sunoresearch"]},{"@type":"Person","@id":"https:\/\/www.suno.com.br\/noticias\/#\/schema\/person\/d712329319cc9b10f254d02d654cb36a","name":"Monique Lima","image":{"@type":"ImageObject","inLanguage":"pt-BR","@id":"https:\/\/www.suno.com.br\/noticias\/#\/schema\/person\/image\/","url":"https:\/\/secure.gravatar.com\/avatar\/daee7f16d906c2e9ffed236206ca2c30?s=96&r=g","contentUrl":"https:\/\/secure.gravatar.com\/avatar\/daee7f16d906c2e9ffed236206ca2c30?s=96&r=g","caption":"Monique Lima"},"description":"Rep\u00f3rter de Mercado no Suno Not\u00edcias, \u00e9 jornalista com experi\u00eancia na cobertura de economia, empreendedorismo, finan\u00e7as pessoais, mercado financeiro, carreira e recursos humanos. Formada em Jornalismo pela Universidade Paulista, teve experi\u00eancias em ve\u00edculos de comunica\u00e7\u00e3o como a Ag\u00eancia TradeMap, Revista Voc\u00ea S\/A e Revista Voc\u00ea RH, as duas \u00faltimas publica\u00e7\u00f5es da Editora Abril. No Suno Not\u00edcias, fala sobre as principais not\u00edcias de Fundos Imobili\u00e1rios, Fiagro, Startups e empresas listadas na Bolsa.","url":"https:\/\/www.suno.com.br\/noticias\/author\/monique-lima\/"}]}},"default_loop_html":"<div class=\"cardsPage__listCard__boxs\"><div class=\"cardsPage__listCard__boxs__img\"><a href=\"https:\/\/www.suno.com.br\/noticias\/banco-inter-bidi4-reorganizacao-societaria-nao-sair-genial\/\"><img class=\"mask\" src=\"https:\/\/www.suno.com.br\/noticias\/wp-content\/themes\/suno\/resources\/images\/spotlight\/spotlight1img\/bg-mask.png\" alt=\"Image Mask\"\/><img src=\"https:\/\/files.sunoresearch.com.br\/n\/uploads\/2021\/06\/dad9092c-fachada_inter-400x200.jpeg\" alt=\"Reorganiza\u00e7\u00e3o societ\u00e1ria do Banco Inter (BIDI4) pode n\u00e3o sair, diz Genial; entenda\"\/><\/a><span class=\"spotlightCategory\"><a href=\"https:\/\/www.suno.com.br\/noticias\/negocios\/\">Neg\u00f3cios<\/a><\/span><\/div><div class=\"cardsPage__listCard__boxs__content\"><a href=\"https:\/\/www.suno.com.br\/noticias\/banco-inter-bidi4-reorganizacao-societaria-nao-sair-genial\/\"><h2 class=\"content__title\">Reorganiza\u00e7\u00e3o societ\u00e1ria do Banco Inter (BIDI4) pode n\u00e3o sair, diz Genial; entenda<\/h2><\/a><div class=\"newsContent__article__meta\"><div class=\"newsContent__article__meta__authorBox\"><a href=\"https:\/\/www.suno.com.br\/noticias\/author\/monique-lima\/\" class=\"authorBox__avatar noMobi\"><img src=\"https:\/\/secure.gravatar.com\/avatar\/daee7f16d906c2e9ffed236206ca2c30?s=96&#038;r=g\" alt=\"Monique Lima\"><\/a><div class=\"authorBox__name\"><span>por\n\t\t\t<a href=\"https:\/\/www.suno.com.br\/noticias\/author\/monique-lima\/\"><span itemprop=\"author\">Monique Lima<\/span><\/a><\/span><time datetime=\"2021-12-02T13:00:53-03:00\" itemprop=\"datePublished\">02\/12\/2021 13:00<\/time><\/div><\/div><\/div><\/div><\/div>","single_layout":"posts","amp_enabled":true,"_links":{"self":[{"href":"https:\/\/www.suno.com.br\/noticias\/wp-json\/wp\/v2\/posts\/211276"}],"collection":[{"href":"https:\/\/www.suno.com.br\/noticias\/wp-json\/wp\/v2\/posts"}],"about":[{"href":"https:\/\/www.suno.com.br\/noticias\/wp-json\/wp\/v2\/types\/post"}],"author":[{"embeddable":true,"href":"https:\/\/www.suno.com.br\/noticias\/wp-json\/wp\/v2\/users\/102"}],"replies":[{"embeddable":true,"href":"https:\/\/www.suno.com.br\/noticias\/wp-json\/wp\/v2\/comments?post=211276"}],"version-history":[{"count":3,"href":"https:\/\/www.suno.com.br\/noticias\/wp-json\/wp\/v2\/posts\/211276\/revisions"}],"predecessor-version":[{"id":211354,"href":"https:\/\/www.suno.com.br\/noticias\/wp-json\/wp\/v2\/posts\/211276\/revisions\/211354"}],"wp:featuredmedia":[{"embeddable":true,"href":"https:\/\/www.suno.com.br\/noticias\/wp-json\/wp\/v2\/media\/154428"}],"wp:attachment":[{"href":"https:\/\/www.suno.com.br\/noticias\/wp-json\/wp\/v2\/media?parent=211276"}],"wp:term":[{"taxonomy":"category","embeddable":true,"href":"https:\/\/www.suno.com.br\/noticias\/wp-json\/wp\/v2\/categories?post=211276"},{"taxonomy":"post_tag","embeddable":true,"href":"https:\/\/www.suno.com.br\/noticias\/wp-json\/wp\/v2\/tags?post=211276"},{"taxonomy":"suno_strategy","embeddable":true,"href":"https:\/\/www.suno.com.br\/noticias\/wp-json\/wp\/v2\/suno_strategy?post=211276"}],"curies":[{"name":"wp","href":"https:\/\/api.w.org\/{rel}","templated":true}]}}