{"id":211085,"date":"2021-12-02T08:27:12","date_gmt":"2021-12-02T11:27:12","guid":{"rendered":"https:\/\/www.suno.com.br\/noticias\/?p=211085"},"modified":"2021-12-02T08:27:12","modified_gmt":"2021-12-02T11:27:12","slug":"senado-vota-pec-dos-precatorios-nesta-quinta","status":"publish","type":"post","link":"https:\/\/www.suno.com.br\/noticias\/senado-vota-pec-dos-precatorios-nesta-quinta\/","title":{"rendered":"Senado vota PEC dos Precat\u00f3rios nesta quinta; veja o que est\u00e1 em jogo"},"content":{"rendered":"<p>O presidente do Senado, Rodrigo Pacheco (PSD-MG) adiou de ontem (1\u00ba) para esta quinta-feira (02), \u00e0s 9 horas, a vota\u00e7\u00e3o da <strong>PEC dos Precat\u00f3rios<\/strong> e da medida provis\u00f3ria (MP) que cria o Aux\u00edlio Brasil.<\/p>\t<div class=\"wrapper-featured-image\">\n\t\t<figure class=\"spotlightImg\">\n\n\t\t\t<picture>\n\t\t\t\t<source media=\"(max-width: 768px)\" srcset=\"https:\/\/files.sunoresearch.com.br\/n\/uploads\/2021\/11\/senado-1-400x200.jpg\">\n\t\t\t\t<img loading=\"lazy\" decoding=\"async\" class=\"newsContent__article__imgCapa lazyloadDisabled \" src=\"https:\/\/files.sunoresearch.com.br\/n\/uploads\/2021\/11\/senado-1-800x450.jpg\" width=\"800\" height=\"450\" alt=\"Senado vota PEC dos Precat\u00f3rios nesta quinta; veja o que est\u00e1 em jogo\" fetchpriority=high \/>\n\t\t\t<\/picture>\n\n\t\t\t<figcaption class=\"wp-caption-text wp-caption-text--show\">PEC da Transi\u00e7\u00e3o. Foto: Ag\u00eancia Senado.<\/figcaption>\n\t\t<\/figure>\n\t<\/div>\n\n\n\t<p>\n\t\t<a href=\"https:\/\/lp.suno.com.br\/planilha-controle-gastos\/\" target=\"_blank\" data-element=\"shortcode-suno-banner\" title=\"Banner SUNO, clique e saiba mais\">\n\t\t\t<picture>\n\t\t\t\t<source media=\"(max-width: 500px)\" srcset=\"https:\/\/files.sunoresearch.com.br\/n\/uploads\/2023\/03\/400x300-Planilha-controle-de-gastos.png\">\n\t\t\t\t<img class=\"newsContent__article__imgCapa newsContent__article__imgCapa--banner\"\n\t\t\t\t\tsrc=\"https:\/\/files.sunoresearch.com.br\/n\/uploads\/2023\/03\/1420x240-Planilha-controle-de-gastos.png\"\n\t\t\t\t\tdata-promo-id=\"101751\"\t\t\t\t\t\t\t\t\t\twidth='1420' height='240'\t\t\t\t\talt=\"https:\/\/files.sunoresearch.com.br\/n\/uploads\/2023\/03\/1420x240-Planilha-controle-de-gastos.png\"\n\t\t\t\t>\n\t\t\t<\/picture>\n\t\t<\/a>\n\t<\/p>\n\n\n<p>A vota\u00e7\u00e3o estava agendada para quarta-feira, \u00e0s 16h. Por\u00e9m, a Comiss\u00e3o de Constitui\u00e7\u00e3o e Justi\u00e7a (CCJ) levou o dia todo para sabatinar o ex-ministro da Justi\u00e7a e ex-advogado-geral da Uni\u00e3o <a href=\"https:\/\/www.suno.com.br\/noticias\/senado-aprova-indicacao-e-ex-ministro-andre-mendonca-vai-assumir-cadeira-no-stf\/\" target=\"_blank\" rel=\"noopener\"><strong>Andr\u00e9 Mendon\u00e7a<\/strong>, para a vaga do Supremo Tribunal Federal<\/a> (STF).\u00a0Com isso, a PEC dos Precat\u00f3rios ficou para hoje.<\/p>\n<p>A agenda lotada foi positiva para o relator da PEC dos Precat\u00f3rios, senador <strong>Fernando Bezerra<\/strong> (MDB-PE), que conseguiu mais tempo para tentar negociar os 49 votos necess\u00e1rios, em dois turnos, para aprovar a proposta.<\/p>\n<p>O governo negocia altera\u00e7\u00f5es para &#8220;amarrar&#8221; o espa\u00e7o fiscal aberto com a proposta e garantir a destina\u00e7\u00e3o de recursos para o <strong>Aux\u00edlio Brasil<\/strong> e outras despesas. Nesse sentido, Bezerra ainda est\u00e1 fazendo acordos com os senadores para modificar a PEC na tentativa de conseguir votos no plen\u00e1rio da Casa, onde h\u00e1 resist\u00eancias. As altera\u00e7\u00f5es, no entanto, ainda dependem de aval da equipe econ\u00f4mica e da Casa Civil.<\/p>\n<p>A negocia\u00e7\u00e3o para <strong>aprova\u00e7\u00e3o da PEC dos Precat\u00f3rios<\/strong> envolve quatro altera\u00e7\u00f5es:<\/p>\n<ul>\n<li>limitar o pagamento de precat\u00f3rios at\u00e9 2026, e n\u00e3o mais at\u00e9 2036;<\/li>\n<li>carimbar todo o espa\u00e7o fiscal da proposta e n\u00e3o apenas parte da folga para o Aux\u00edlio Brasil e despesas previdenci\u00e1rias;<\/li>\n<li>retirar a securitiza\u00e7\u00e3o da d\u00edvida ativa; e<\/li>\n<li>garantir o pagamento de precat\u00f3rios priorizados com a retirada das despesas ligadas ao antigo Fundef do <a class=\"suno-keyword\" href=\"https:\/\/www.suno.com.br\/artigos\/teto-de-gastos\/\" target=\"_blank\" rel=\"noopener\" data-force=\"no\" data-priority=\"1\">teto de gastos<\/a>.<\/li>\n<\/ul>\n\t<p>\n\t\t<a href=\"https:\/\/lp.suno.com.br\/planilha-da-vida-financeira\/\" target=\"_blank\" data-element=\"shortcode-suno-banner\" title=\"Banner SUNO, clique e saiba mais\">\n\t\t\t<picture>\n\t\t\t\t<source media=\"(max-width: 500px)\" srcset=\"https:\/\/files.sunoresearch.com.br\/n\/uploads\/2023\/04\/400x300-Planilha-vida-financeira-true.png\">\n\t\t\t\t<img class=\"newsContent__article__imgCapa newsContent__article__imgCapa--banner\"\n\t\t\t\t\tsrc=\"https:\/\/files.sunoresearch.com.br\/n\/uploads\/2023\/04\/1420x240-Planilha-vida-financeira-true.png\"\n\t\t\t\t\tdata-promo-id=\"106682\"\t\t\t\t\t\t\t\t\t\twidth='1420' height='240'\t\t\t\t\talt=\"https:\/\/files.sunoresearch.com.br\/n\/uploads\/2023\/04\/1420x240-Planilha-vida-financeira-true.png\"\n\t\t\t\t>\n\t\t\t<\/picture>\n\t\t<\/a>\n\t<\/p>\n\n\n<h2>Negocia\u00e7\u00f5es para a PEC dos Precat\u00f3rios<\/h2>\n<p>Bezerra afirmou que o acordo negociado permitir\u00e1 a redu\u00e7\u00e3o do volume de d\u00edvidas judiciais adiadas em 2022, mas sem mexer no limite para o <strong>pagamento de precat\u00f3rios<\/strong> imposto pela PEC. Essa reformula\u00e7\u00e3o, de acordo com o relator, ser\u00e1 poss\u00edvel com a retirada dos precat\u00f3rios ligados ao antigo Fundef do teto de gastos e do sublimite para o pagamento das senten\u00e7as judiciais.<\/p>\n<p>&#8220;O governo est\u00e1 mantendo a estrutura da sua proposta, que \u00e9 a abertura do espa\u00e7o fiscal ser feita pela cria\u00e7\u00e3o do subteto dos precat\u00f3rios e atrav\u00e9s da sincroniza\u00e7\u00e3o das despesas obrigat\u00f3rias com a corre\u00e7\u00e3o do teto, que est\u00e3o sendo feitas agora no m\u00eas de dezembro&#8221;, disse Bezerra.<\/p>\n<p>O senador <strong>Jos\u00e9 An\u00edbal<\/strong> (PSDB-SP) afirmou que os ajustes na PEC dos Precat\u00f3rios garantir\u00e3o que R$ 44 bilh\u00f5es em d\u00edvidas sejam pagos em 2022 dentro do limite, incluindo os oriundos de requisi\u00e7\u00f5es de pequeno valor, de pessoas com defici\u00eancia e dos idosos e de natureza aliment\u00edcia.<\/p>\n\t<p>\n\t\t<a href=\"https:\/\/lp.suno.com.br\/ebook-como-analisar-uma-acao\/\" target=\"_blank\" data-element=\"shortcode-suno-banner\" title=\"Banner SUNO, clique e saiba mais\">\n\t\t\t<picture>\n\t\t\t\t<source media=\"(max-width: 500px)\" srcset=\"https:\/\/files.sunoresearch.com.br\/n\/uploads\/2023\/03\/Ebook-Acoes-Mobile-1.jpg\">\n\t\t\t\t<img class=\"newsContent__article__imgCapa newsContent__article__imgCapa--banner\"\n\t\t\t\t\tsrc=\"https:\/\/files.sunoresearch.com.br\/n\/uploads\/2023\/03\/Ebook-Acoes-Desktop-1.jpg\"\n\t\t\t\t\tdata-promo-id=\"171998\"\t\t\t\t\t\t\t\t\t\twidth='1420' height='286'\t\t\t\t\talt=\"https:\/\/files.sunoresearch.com.br\/n\/uploads\/2023\/03\/Ebook-Acoes-Desktop-1.jpg\"\n\t\t\t\t>\n\t\t\t<\/picture>\n\t\t<\/a>\n\t<\/p>\n\n\n<p>Com esse c\u00e1lculo e a retirada das despesas ligadas ao <strong>Fundef<\/strong> do limite, ficariam R$ 34 bilh\u00f5es para anos seguintes. Para An\u00edbal, o desenho &#8220;amarra&#8221; a proposta sem deixar espa\u00e7o para uma farra eleitoral no pr\u00f3ximo ano. &#8220;N\u00e3o h\u00e1 nenhum espa\u00e7o na nossa proposta para or\u00e7amento secreto&#8221;, disse o senador tucano.<\/p>\n<p>As <strong>altera\u00e7\u00f5es na PEC dos Precat\u00f3rios<\/strong> ainda ter\u00e3o de passar por um crivo do <a class=\"suno-keyword\" href=\"https:\/\/www.suno.com.br\/artigos\/ministerio-da-economia\/\" target=\"_blank\" rel=\"noopener\" data-force=\"no\" data-priority=\"3\">Minist\u00e9rio da Economia<\/a>. Fernando Bezerra afirmou que o ministro da pasta, Paulo Guedes, tem colaborado &#8220;no limite do esfor\u00e7o&#8221; para consolidar um acordo e aprovar o texto no Senado.<\/p>\n<h2>Governo precisa da aprova\u00e7\u00e3o da PEC at\u00e9 15 de dezembro<\/h2>\n<p>A equipe econ\u00f4mica do governo Bolsonaro avalia que tem, no m\u00e1ximo, at\u00e9 15 de dezembro para conseguir a aprova\u00e7\u00e3o da<strong> PEC dos Precat\u00f3rios<\/strong> pelo Congresso para liberar o pagamento do benef\u00edcio a 17 milh\u00f5es de fam\u00edlias antes do Natal.<\/p>\n<p>Essa data seria a limite para a <strong>aprova\u00e7\u00e3o da PEC<\/strong>\u00a0devido ao tempo que o governo precisa para operacionalizar o Aux\u00edlio Brasil. Outras \u00e1reas t\u00eam prazos ainda mais conservadores, como 10 de dezembro no <strong>Pal\u00e1cio do Planalto<\/strong> ou fim de novembro no Minist\u00e9rio da Cidadania &#8211; prazo que j\u00e1 estourou.<\/p>\n<p>Por\u00e9m, com as mudan\u00e7as feitas pelos senadores, o texto ainda ter\u00e1 que voltar para a C\u00e2mara dos Deputados para ser aprovado em mais dois turnos, s\u00f3 depois a <strong>PEC dos Precat\u00f3rios<\/strong> poder\u00e1 ser promulgada pelo Congresso Nacional e passar a valer.<\/p>\n\t<p>\n\t\t<a href=\"\" target=\"_blank\" data-element=\"shortcode-suno-banner\" title=\"Banner SUNO, clique e saiba mais\">\n\t\t\t<picture>\n\t\t\t\t<source media=\"(max-width: 500px)\" srcset=\"\">\n\t\t\t\t<img class=\"newsContent__article__imgCapa newsContent__article__imgCapa--banner\"\n\t\t\t\t\tsrc=\"\"\n\t\t\t\t\tdata-promo-id=\"184190\"\t\t\t\t\t\t\t\t\t\t\t\t\t\t\talt=\"\"\n\t\t\t\t>\n\t\t\t<\/picture>\n\t\t<\/a>\n\t<\/p>\n\n\n<p><em>Com informa\u00e7\u00f5es de Estad\u00e3o Conte\u00fado.\u00a0<\/em><\/p>\n","protected":false},"excerpt":{"rendered":"<p>O presidente do Senado, Rodrigo Pacheco (PSD-MG) adiou de ontem (1\u00ba) para esta quinta-feira (02), \u00e0s 9 horas, a vota\u00e7\u00e3o da PEC dos Precat\u00f3rios e da medida provis\u00f3ria (MP) que cria o Aux\u00edlio Brasil. PEC da Transi\u00e7\u00e3o. Foto: Ag\u00eancia Senado. A vota\u00e7\u00e3o estava agendada para quarta-feira, \u00e0s 16h. Por\u00e9m, a Comiss\u00e3o de Constitui\u00e7\u00e3o e Justi\u00e7a [&hellip;]<\/p>\n","protected":false},"author":102,"featured_media":210160,"comment_status":"closed","ping_status":"closed","sticky":false,"template":"","format":"standard","meta":[],"categories":[61],"tags":[1556,104591,1068],"suno_strategy":[],"class_list":["post-211085","post","type-post","status-publish","format-standard","has-post-thumbnail","hentry","category-politica","tag-governo-federal","tag-precatorios","tag-senado-federal"],"yoast_head":"<!-- This site is optimized with the Yoast SEO plugin v24.4 - https:\/\/yoast.com\/wordpress\/plugins\/seo\/ -->\n<title>Senado vota PEC dos Precat\u00f3rios nesta quinta; veja o que est\u00e1 em jogo<\/title>\n<meta name=\"description\" content=\"O Senado Federal adiou para hoje a vota\u00e7\u00e3o da PEC dos Precat\u00f3rios em plen\u00e1rio. Veja o que est\u00e1 em jogo com a aprova\u00e7\u00e3o da proposta.\" \/>\n<meta name=\"robots\" content=\"index, follow, max-snippet:-1, max-image-preview:large, max-video-preview:-1\" \/>\n<link rel=\"canonical\" href=\"https:\/\/www.suno.com.br\/noticias\/senado-vota-pec-dos-precatorios-nesta-quinta\/\" \/>\n<meta property=\"og:locale\" content=\"pt_BR\" \/>\n<meta property=\"og:type\" content=\"article\" \/>\n<meta property=\"og:title\" content=\"Senado vota PEC dos Precat\u00f3rios nesta quinta; veja o que est\u00e1 em jogo\" \/>\n<meta property=\"og:description\" content=\"O Senado Federal adiou para hoje a vota\u00e7\u00e3o da PEC dos Precat\u00f3rios em plen\u00e1rio. Veja o que est\u00e1 em jogo com a aprova\u00e7\u00e3o da proposta.\" \/>\n<meta property=\"og:url\" content=\"https:\/\/www.suno.com.br\/noticias\/senado-vota-pec-dos-precatorios-nesta-quinta\/\" \/>\n<meta property=\"og:site_name\" content=\"Suno Not\u00edcias\" \/>\n<meta property=\"article:publisher\" content=\"https:\/\/facebook.com\/sunoresearch\" \/>\n<meta property=\"og:image\" content=\"https:\/\/files.sunoresearch.com.br\/n\/uploads\/2021\/11\/senado-1-scaled.jpg\" \/>\n\t<meta property=\"og:image:width\" content=\"2560\" \/>\n\t<meta property=\"og:image:height\" content=\"1707\" \/>\n\t<meta property=\"og:image:type\" content=\"image\/jpeg\" \/>\n<meta name=\"author\" content=\"Monique Lima\" \/>\n<meta name=\"twitter:card\" content=\"summary_large_image\" \/>\n<meta name=\"twitter:creator\" content=\"@sunoresearch\" \/>\n<meta name=\"twitter:site\" content=\"@sunoresearch\" \/>\n<meta name=\"twitter:label1\" content=\"Escrito por\" \/>\n\t<meta name=\"twitter:data1\" content=\"Monique Lima\" \/>\n\t<meta name=\"twitter:label2\" content=\"Est. tempo de leitura\" \/>\n\t<meta name=\"twitter:data2\" content=\"3 minutos\" \/>\n<script type=\"application\/ld+json\" class=\"yoast-schema-graph\">{\"@context\":\"https:\/\/schema.org\",\"@graph\":[{\"@type\":\"NewsArticle\",\"@id\":\"https:\/\/www.suno.com.br\/noticias\/senado-vota-pec-dos-precatorios-nesta-quinta\/#article\",\"isPartOf\":{\"@id\":\"https:\/\/www.suno.com.br\/noticias\/senado-vota-pec-dos-precatorios-nesta-quinta\/\"},\"author\":{\"name\":\"Monique Lima\",\"@id\":\"https:\/\/www.suno.com.br\/noticias\/#\/schema\/person\/d712329319cc9b10f254d02d654cb36a\"},\"headline\":\"Senado vota PEC dos Precat\u00f3rios nesta quinta; veja o que est\u00e1 em jogo\",\"datePublished\":\"2021-12-02T11:27:12+00:00\",\"mainEntityOfPage\":{\"@id\":\"https:\/\/www.suno.com.br\/noticias\/senado-vota-pec-dos-precatorios-nesta-quinta\/\"},\"wordCount\":758,\"publisher\":{\"@id\":\"https:\/\/www.suno.com.br\/noticias\/#organization\"},\"image\":{\"@id\":\"https:\/\/www.suno.com.br\/noticias\/senado-vota-pec-dos-precatorios-nesta-quinta\/#primaryimage\"},\"thumbnailUrl\":\"https:\/\/files.sunoresearch.com.br\/n\/uploads\/2021\/11\/senado-1-scaled.jpg\",\"keywords\":[\"governo federal\",\"precat\u00f3rios\",\"Senado Federal\"],\"articleSection\":[\"Pol\u00edtica\"],\"inLanguage\":\"pt-BR\"},{\"@type\":\"WebPage\",\"@id\":\"https:\/\/www.suno.com.br\/noticias\/senado-vota-pec-dos-precatorios-nesta-quinta\/\",\"url\":\"https:\/\/www.suno.com.br\/noticias\/senado-vota-pec-dos-precatorios-nesta-quinta\/\",\"name\":\"Senado vota PEC dos Precat\u00f3rios nesta quinta; veja o que est\u00e1 em jogo\",\"isPartOf\":{\"@id\":\"https:\/\/www.suno.com.br\/noticias\/#website\"},\"primaryImageOfPage\":{\"@id\":\"https:\/\/www.suno.com.br\/noticias\/senado-vota-pec-dos-precatorios-nesta-quinta\/#primaryimage\"},\"image\":{\"@id\":\"https:\/\/www.suno.com.br\/noticias\/senado-vota-pec-dos-precatorios-nesta-quinta\/#primaryimage\"},\"thumbnailUrl\":\"https:\/\/files.sunoresearch.com.br\/n\/uploads\/2021\/11\/senado-1-scaled.jpg\",\"datePublished\":\"2021-12-02T11:27:12+00:00\",\"description\":\"O Senado Federal adiou para hoje a vota\u00e7\u00e3o da PEC dos Precat\u00f3rios em plen\u00e1rio. Veja o que est\u00e1 em jogo com a aprova\u00e7\u00e3o da proposta.\",\"breadcrumb\":{\"@id\":\"https:\/\/www.suno.com.br\/noticias\/senado-vota-pec-dos-precatorios-nesta-quinta\/#breadcrumb\"},\"inLanguage\":\"pt-BR\",\"potentialAction\":[{\"@type\":\"ReadAction\",\"target\":[\"https:\/\/www.suno.com.br\/noticias\/senado-vota-pec-dos-precatorios-nesta-quinta\/\"]}]},{\"@type\":\"ImageObject\",\"inLanguage\":\"pt-BR\",\"@id\":\"https:\/\/www.suno.com.br\/noticias\/senado-vota-pec-dos-precatorios-nesta-quinta\/#primaryimage\",\"url\":\"https:\/\/files.sunoresearch.com.br\/n\/uploads\/2021\/11\/senado-1-scaled.jpg\",\"contentUrl\":\"https:\/\/files.sunoresearch.com.br\/n\/uploads\/2021\/11\/senado-1-scaled.jpg\",\"width\":2560,\"height\":1707,\"caption\":\"PEC da Transi\u00e7\u00e3o. Foto: Ag\u00eancia Senado.\"},{\"@type\":\"BreadcrumbList\",\"@id\":\"https:\/\/www.suno.com.br\/noticias\/senado-vota-pec-dos-precatorios-nesta-quinta\/#breadcrumb\",\"itemListElement\":[{\"@type\":\"ListItem\",\"position\":1,\"name\":\"Not\u00edcias\",\"item\":\"https:\/\/www.suno.com.br\/noticias\/\"},{\"@type\":\"ListItem\",\"position\":2,\"name\":\"Pol\u00edtica\",\"item\":\"https:\/\/www.suno.com.br\/noticias\/politica\/\"},{\"@type\":\"ListItem\",\"position\":3,\"name\":\"Senado vota PEC dos Precat\u00f3rios nesta quinta; veja o que est\u00e1 em jogo\"}]},{\"@type\":\"WebSite\",\"@id\":\"https:\/\/www.suno.com.br\/noticias\/#website\",\"url\":\"https:\/\/www.suno.com.br\/noticias\/\",\"name\":\"Suno Not\u00edcias\",\"description\":\"Seu portal de informa\u00e7\u00e3o sobre o mundo dos investimentos\",\"publisher\":{\"@id\":\"https:\/\/www.suno.com.br\/noticias\/#organization\"},\"potentialAction\":[{\"@type\":\"SearchAction\",\"target\":{\"@type\":\"EntryPoint\",\"urlTemplate\":\"https:\/\/www.suno.com.br\/noticias\/?s={search_term_string}\"},\"query-input\":{\"@type\":\"PropertyValueSpecification\",\"valueRequired\":true,\"valueName\":\"search_term_string\"}}],\"inLanguage\":\"pt-BR\"},{\"@type\":\"Organization\",\"@id\":\"https:\/\/www.suno.com.br\/noticias\/#organization\",\"name\":\"Suno Not\u00edcias\",\"url\":\"https:\/\/www.suno.com.br\/noticias\/\",\"logo\":{\"@type\":\"ImageObject\",\"inLanguage\":\"pt-BR\",\"@id\":\"https:\/\/www.suno.com.br\/noticias\/#\/schema\/logo\/image\/\",\"url\":\"https:\/\/files.sunoresearch.com.br\/n\/uploads\/2021\/09\/suno-logo.png\",\"contentUrl\":\"https:\/\/files.sunoresearch.com.br\/n\/uploads\/2021\/09\/suno-logo.png\",\"width\":180,\"height\":180,\"caption\":\"Suno Not\u00edcias\"},\"image\":{\"@id\":\"https:\/\/www.suno.com.br\/noticias\/#\/schema\/logo\/image\/\"},\"sameAs\":[\"https:\/\/facebook.com\/sunoresearch\",\"https:\/\/x.com\/sunoresearch\",\"https:\/\/www.instagram.com\/suno\",\"https:\/\/www.linkedin.com\/company\/suno-research\/\",\"https:\/\/www.youtube.com\/c\/sunoresearch\"]},{\"@type\":\"Person\",\"@id\":\"https:\/\/www.suno.com.br\/noticias\/#\/schema\/person\/d712329319cc9b10f254d02d654cb36a\",\"name\":\"Monique Lima\",\"image\":{\"@type\":\"ImageObject\",\"inLanguage\":\"pt-BR\",\"@id\":\"https:\/\/www.suno.com.br\/noticias\/#\/schema\/person\/image\/\",\"url\":\"https:\/\/secure.gravatar.com\/avatar\/daee7f16d906c2e9ffed236206ca2c30?s=96&r=g\",\"contentUrl\":\"https:\/\/secure.gravatar.com\/avatar\/daee7f16d906c2e9ffed236206ca2c30?s=96&r=g\",\"caption\":\"Monique Lima\"},\"description\":\"Rep\u00f3rter de Mercado no Suno Not\u00edcias, \u00e9 jornalista com experi\u00eancia na cobertura de economia, empreendedorismo, finan\u00e7as pessoais, mercado financeiro, carreira e recursos humanos. Formada em Jornalismo pela Universidade Paulista, teve experi\u00eancias em ve\u00edculos de comunica\u00e7\u00e3o como a Ag\u00eancia TradeMap, Revista Voc\u00ea S\/A e Revista Voc\u00ea RH, as duas \u00faltimas publica\u00e7\u00f5es da Editora Abril. No Suno Not\u00edcias, fala sobre as principais not\u00edcias de Fundos Imobili\u00e1rios, Fiagro, Startups e empresas listadas na Bolsa.\",\"url\":\"https:\/\/www.suno.com.br\/noticias\/author\/monique-lima\/\"}]}<\/script>\n<!-- \/ Yoast SEO plugin. -->","yoast_head_json":{"title":"Senado vota PEC dos Precat\u00f3rios nesta quinta; veja o que est\u00e1 em jogo","description":"O Senado Federal adiou para hoje a vota\u00e7\u00e3o da PEC dos Precat\u00f3rios em plen\u00e1rio. Veja o que est\u00e1 em jogo com a aprova\u00e7\u00e3o da proposta.","robots":{"index":"index","follow":"follow","max-snippet":"max-snippet:-1","max-image-preview":"max-image-preview:large","max-video-preview":"max-video-preview:-1"},"canonical":"https:\/\/www.suno.com.br\/noticias\/senado-vota-pec-dos-precatorios-nesta-quinta\/","og_locale":"pt_BR","og_type":"article","og_title":"Senado vota PEC dos Precat\u00f3rios nesta quinta; veja o que est\u00e1 em jogo","og_description":"O Senado Federal adiou para hoje a vota\u00e7\u00e3o da PEC dos Precat\u00f3rios em plen\u00e1rio. Veja o que est\u00e1 em jogo com a aprova\u00e7\u00e3o da proposta.","og_url":"https:\/\/www.suno.com.br\/noticias\/senado-vota-pec-dos-precatorios-nesta-quinta\/","og_site_name":"Suno Not\u00edcias","article_publisher":"https:\/\/facebook.com\/sunoresearch","og_image":[{"width":2560,"height":1707,"url":"https:\/\/files.sunoresearch.com.br\/n\/uploads\/2021\/11\/senado-1-scaled.jpg","type":"image\/jpeg"}],"author":"Monique Lima","twitter_card":"summary_large_image","twitter_creator":"@sunoresearch","twitter_site":"@sunoresearch","twitter_misc":{"Escrito por":"Monique Lima","Est. tempo de leitura":"3 minutos"},"schema":{"@context":"https:\/\/schema.org","@graph":[{"@type":"NewsArticle","@id":"https:\/\/www.suno.com.br\/noticias\/senado-vota-pec-dos-precatorios-nesta-quinta\/#article","isPartOf":{"@id":"https:\/\/www.suno.com.br\/noticias\/senado-vota-pec-dos-precatorios-nesta-quinta\/"},"author":{"name":"Monique Lima","@id":"https:\/\/www.suno.com.br\/noticias\/#\/schema\/person\/d712329319cc9b10f254d02d654cb36a"},"headline":"Senado vota PEC dos Precat\u00f3rios nesta quinta; veja o que est\u00e1 em jogo","datePublished":"2021-12-02T11:27:12+00:00","mainEntityOfPage":{"@id":"https:\/\/www.suno.com.br\/noticias\/senado-vota-pec-dos-precatorios-nesta-quinta\/"},"wordCount":758,"publisher":{"@id":"https:\/\/www.suno.com.br\/noticias\/#organization"},"image":{"@id":"https:\/\/www.suno.com.br\/noticias\/senado-vota-pec-dos-precatorios-nesta-quinta\/#primaryimage"},"thumbnailUrl":"https:\/\/files.sunoresearch.com.br\/n\/uploads\/2021\/11\/senado-1-scaled.jpg","keywords":["governo federal","precat\u00f3rios","Senado Federal"],"articleSection":["Pol\u00edtica"],"inLanguage":"pt-BR"},{"@type":"WebPage","@id":"https:\/\/www.suno.com.br\/noticias\/senado-vota-pec-dos-precatorios-nesta-quinta\/","url":"https:\/\/www.suno.com.br\/noticias\/senado-vota-pec-dos-precatorios-nesta-quinta\/","name":"Senado vota PEC dos Precat\u00f3rios nesta quinta; veja o que est\u00e1 em jogo","isPartOf":{"@id":"https:\/\/www.suno.com.br\/noticias\/#website"},"primaryImageOfPage":{"@id":"https:\/\/www.suno.com.br\/noticias\/senado-vota-pec-dos-precatorios-nesta-quinta\/#primaryimage"},"image":{"@id":"https:\/\/www.suno.com.br\/noticias\/senado-vota-pec-dos-precatorios-nesta-quinta\/#primaryimage"},"thumbnailUrl":"https:\/\/files.sunoresearch.com.br\/n\/uploads\/2021\/11\/senado-1-scaled.jpg","datePublished":"2021-12-02T11:27:12+00:00","description":"O Senado Federal adiou para hoje a vota\u00e7\u00e3o da PEC dos Precat\u00f3rios em plen\u00e1rio. Veja o que est\u00e1 em jogo com a aprova\u00e7\u00e3o da proposta.","breadcrumb":{"@id":"https:\/\/www.suno.com.br\/noticias\/senado-vota-pec-dos-precatorios-nesta-quinta\/#breadcrumb"},"inLanguage":"pt-BR","potentialAction":[{"@type":"ReadAction","target":["https:\/\/www.suno.com.br\/noticias\/senado-vota-pec-dos-precatorios-nesta-quinta\/"]}]},{"@type":"ImageObject","inLanguage":"pt-BR","@id":"https:\/\/www.suno.com.br\/noticias\/senado-vota-pec-dos-precatorios-nesta-quinta\/#primaryimage","url":"https:\/\/files.sunoresearch.com.br\/n\/uploads\/2021\/11\/senado-1-scaled.jpg","contentUrl":"https:\/\/files.sunoresearch.com.br\/n\/uploads\/2021\/11\/senado-1-scaled.jpg","width":2560,"height":1707,"caption":"PEC da Transi\u00e7\u00e3o. Foto: Ag\u00eancia Senado."},{"@type":"BreadcrumbList","@id":"https:\/\/www.suno.com.br\/noticias\/senado-vota-pec-dos-precatorios-nesta-quinta\/#breadcrumb","itemListElement":[{"@type":"ListItem","position":1,"name":"Not\u00edcias","item":"https:\/\/www.suno.com.br\/noticias\/"},{"@type":"ListItem","position":2,"name":"Pol\u00edtica","item":"https:\/\/www.suno.com.br\/noticias\/politica\/"},{"@type":"ListItem","position":3,"name":"Senado vota PEC dos Precat\u00f3rios nesta quinta; veja o que est\u00e1 em jogo"}]},{"@type":"WebSite","@id":"https:\/\/www.suno.com.br\/noticias\/#website","url":"https:\/\/www.suno.com.br\/noticias\/","name":"Suno Not\u00edcias","description":"Seu portal de informa\u00e7\u00e3o sobre o mundo dos investimentos","publisher":{"@id":"https:\/\/www.suno.com.br\/noticias\/#organization"},"potentialAction":[{"@type":"SearchAction","target":{"@type":"EntryPoint","urlTemplate":"https:\/\/www.suno.com.br\/noticias\/?s={search_term_string}"},"query-input":{"@type":"PropertyValueSpecification","valueRequired":true,"valueName":"search_term_string"}}],"inLanguage":"pt-BR"},{"@type":"Organization","@id":"https:\/\/www.suno.com.br\/noticias\/#organization","name":"Suno Not\u00edcias","url":"https:\/\/www.suno.com.br\/noticias\/","logo":{"@type":"ImageObject","inLanguage":"pt-BR","@id":"https:\/\/www.suno.com.br\/noticias\/#\/schema\/logo\/image\/","url":"https:\/\/files.sunoresearch.com.br\/n\/uploads\/2021\/09\/suno-logo.png","contentUrl":"https:\/\/files.sunoresearch.com.br\/n\/uploads\/2021\/09\/suno-logo.png","width":180,"height":180,"caption":"Suno Not\u00edcias"},"image":{"@id":"https:\/\/www.suno.com.br\/noticias\/#\/schema\/logo\/image\/"},"sameAs":["https:\/\/facebook.com\/sunoresearch","https:\/\/x.com\/sunoresearch","https:\/\/www.instagram.com\/suno","https:\/\/www.linkedin.com\/company\/suno-research\/","https:\/\/www.youtube.com\/c\/sunoresearch"]},{"@type":"Person","@id":"https:\/\/www.suno.com.br\/noticias\/#\/schema\/person\/d712329319cc9b10f254d02d654cb36a","name":"Monique Lima","image":{"@type":"ImageObject","inLanguage":"pt-BR","@id":"https:\/\/www.suno.com.br\/noticias\/#\/schema\/person\/image\/","url":"https:\/\/secure.gravatar.com\/avatar\/daee7f16d906c2e9ffed236206ca2c30?s=96&r=g","contentUrl":"https:\/\/secure.gravatar.com\/avatar\/daee7f16d906c2e9ffed236206ca2c30?s=96&r=g","caption":"Monique Lima"},"description":"Rep\u00f3rter de Mercado no Suno Not\u00edcias, \u00e9 jornalista com experi\u00eancia na cobertura de economia, empreendedorismo, finan\u00e7as pessoais, mercado financeiro, carreira e recursos humanos. Formada em Jornalismo pela Universidade Paulista, teve experi\u00eancias em ve\u00edculos de comunica\u00e7\u00e3o como a Ag\u00eancia TradeMap, Revista Voc\u00ea S\/A e Revista Voc\u00ea RH, as duas \u00faltimas publica\u00e7\u00f5es da Editora Abril. No Suno Not\u00edcias, fala sobre as principais not\u00edcias de Fundos Imobili\u00e1rios, Fiagro, Startups e empresas listadas na Bolsa.","url":"https:\/\/www.suno.com.br\/noticias\/author\/monique-lima\/"}]}},"default_loop_html":"<div class=\"cardsPage__listCard__boxs\"><div class=\"cardsPage__listCard__boxs__img\"><a href=\"https:\/\/www.suno.com.br\/noticias\/senado-vota-pec-dos-precatorios-nesta-quinta\/\"><img class=\"mask\" src=\"https:\/\/www.suno.com.br\/noticias\/wp-content\/themes\/suno\/resources\/images\/spotlight\/spotlight1img\/bg-mask.png\" alt=\"Image Mask\"\/><img src=\"https:\/\/files.sunoresearch.com.br\/n\/uploads\/2021\/11\/senado-1-400x200.jpg\" alt=\"Senado vota PEC dos Precat\u00f3rios nesta quinta; veja o que est\u00e1 em jogo\"\/><\/a><span class=\"spotlightCategory\"><a href=\"https:\/\/www.suno.com.br\/noticias\/politica\/\">Pol\u00edtica<\/a><\/span><\/div><div class=\"cardsPage__listCard__boxs__content\"><a href=\"https:\/\/www.suno.com.br\/noticias\/senado-vota-pec-dos-precatorios-nesta-quinta\/\"><h2 class=\"content__title\">Senado vota PEC dos Precat\u00f3rios nesta quinta; veja o que est\u00e1 em jogo<\/h2><\/a><div class=\"newsContent__article__meta\"><div class=\"newsContent__article__meta__authorBox\"><a href=\"https:\/\/www.suno.com.br\/noticias\/author\/monique-lima\/\" class=\"authorBox__avatar noMobi\"><img src=\"https:\/\/secure.gravatar.com\/avatar\/daee7f16d906c2e9ffed236206ca2c30?s=96&#038;r=g\" alt=\"Monique Lima\"><\/a><div class=\"authorBox__name\"><span>por\n\t\t\t<a href=\"https:\/\/www.suno.com.br\/noticias\/author\/monique-lima\/\"><span itemprop=\"author\">Monique Lima<\/span><\/a><\/span><time datetime=\"2021-12-02T08:27:12-03:00\" itemprop=\"datePublished\">02\/12\/2021 08:27<\/time><\/div><\/div><\/div><\/div><\/div>","single_layout":"posts","amp_enabled":true,"_links":{"self":[{"href":"https:\/\/www.suno.com.br\/noticias\/wp-json\/wp\/v2\/posts\/211085"}],"collection":[{"href":"https:\/\/www.suno.com.br\/noticias\/wp-json\/wp\/v2\/posts"}],"about":[{"href":"https:\/\/www.suno.com.br\/noticias\/wp-json\/wp\/v2\/types\/post"}],"author":[{"embeddable":true,"href":"https:\/\/www.suno.com.br\/noticias\/wp-json\/wp\/v2\/users\/102"}],"replies":[{"embeddable":true,"href":"https:\/\/www.suno.com.br\/noticias\/wp-json\/wp\/v2\/comments?post=211085"}],"version-history":[{"count":4,"href":"https:\/\/www.suno.com.br\/noticias\/wp-json\/wp\/v2\/posts\/211085\/revisions"}],"predecessor-version":[{"id":211149,"href":"https:\/\/www.suno.com.br\/noticias\/wp-json\/wp\/v2\/posts\/211085\/revisions\/211149"}],"wp:featuredmedia":[{"embeddable":true,"href":"https:\/\/www.suno.com.br\/noticias\/wp-json\/wp\/v2\/media\/210160"}],"wp:attachment":[{"href":"https:\/\/www.suno.com.br\/noticias\/wp-json\/wp\/v2\/media?parent=211085"}],"wp:term":[{"taxonomy":"category","embeddable":true,"href":"https:\/\/www.suno.com.br\/noticias\/wp-json\/wp\/v2\/categories?post=211085"},{"taxonomy":"post_tag","embeddable":true,"href":"https:\/\/www.suno.com.br\/noticias\/wp-json\/wp\/v2\/tags?post=211085"},{"taxonomy":"suno_strategy","embeddable":true,"href":"https:\/\/www.suno.com.br\/noticias\/wp-json\/wp\/v2\/suno_strategy?post=211085"}],"curies":[{"name":"wp","href":"https:\/\/api.w.org\/{rel}","templated":true}]}}