{"id":211051,"date":"2021-12-01T19:47:03","date_gmt":"2021-12-01T22:47:03","guid":{"rendered":"https:\/\/www.suno.com.br\/noticias\/?p=211051"},"modified":"2021-12-01T20:01:37","modified_gmt":"2021-12-01T23:01:37","slug":"senado-aprova-indicacao-e-ex-ministro-andre-mendonca-vai-assumir-cadeira-no-stf","status":"publish","type":"post","link":"https:\/\/www.suno.com.br\/noticias\/senado-aprova-indicacao-e-ex-ministro-andre-mendonca-vai-assumir-cadeira-no-stf\/","title":{"rendered":"Senado aprova indica\u00e7\u00e3o de ex-ministro Andr\u00e9 Mendon\u00e7a para o STF"},"content":{"rendered":"<div>\n<p>O plen\u00e1rio do Senado Federal aprovou, por 47 votos a 32, a indica\u00e7\u00e3o do ex-ministro da Justi\u00e7a e ex-advogado-geral da Uni\u00e3o <strong>Andr\u00e9 Mendon\u00e7a<\/strong> para a vaga do Supremo Tribunal Federal (STF) deixada pela aposentadoria do ministro <strong>Marco Aur\u00e9lio Mello<\/strong>.<\/p>\t<div class=\"wrapper-featured-image\">\n\t\t<figure class=\"spotlightImg\">\n\n\t\t\t<picture>\n\t\t\t\t<source media=\"(max-width: 768px)\" srcset=\"https:\/\/files.sunoresearch.com.br\/n\/uploads\/2021\/12\/andre-mendonca1-400x200.jpeg\">\n\t\t\t\t<img loading=\"lazy\" decoding=\"async\" class=\"newsContent__article__imgCapa lazyloadDisabled \" src=\"https:\/\/files.sunoresearch.com.br\/n\/uploads\/2021\/12\/andre-mendonca1-800x450.jpeg\" width=\"800\" height=\"450\" alt=\"Senado aprova indica\u00e7\u00e3o de ex-ministro Andr\u00e9 Mendon\u00e7a para o STF\" fetchpriority=high \/>\n\t\t\t<\/picture>\n\n\t\t\t<figcaption class=\"wp-caption-text wp-caption-text--show\">Andr\u00e9 Mendon\u00e7a tem indica\u00e7\u00e3o ao STF aprovada pelo Senado. Foto: EDILSON RODRIGUES\/AGENCIA SENADO<\/figcaption>\n\t\t<\/figure>\n\t<\/div>\n\n<div>\n\n\t<p>\n\t\t<a href=\"https:\/\/lp.suno.com.br\/planilha-controle-gastos\/\" target=\"_blank\" data-element=\"shortcode-suno-banner\" title=\"Banner SUNO, clique e saiba mais\">\n\t\t\t<picture>\n\t\t\t\t<source media=\"(max-width: 500px)\" srcset=\"https:\/\/files.sunoresearch.com.br\/n\/uploads\/2023\/03\/400x300-Planilha-controle-de-gastos.png\">\n\t\t\t\t<img class=\"newsContent__article__imgCapa newsContent__article__imgCapa--banner\"\n\t\t\t\t\tsrc=\"https:\/\/files.sunoresearch.com.br\/n\/uploads\/2023\/03\/1420x240-Planilha-controle-de-gastos.png\"\n\t\t\t\t\tdata-promo-id=\"101751\"\t\t\t\t\t\t\t\t\t\twidth='1420' height='240'\t\t\t\t\talt=\"https:\/\/files.sunoresearch.com.br\/n\/uploads\/2023\/03\/1420x240-Planilha-controle-de-gastos.png\"\n\t\t\t\t>\n\t\t\t<\/picture>\n\t\t<\/a>\n\t<\/p>\n\n\n<p>Mais cedo, Mendon\u00e7a foi sabatinado pelos integrantes da <strong>Comiss\u00e3o de Constitui\u00e7\u00e3o de Justi\u00e7a (CCJ)<\/strong> da Casa. L\u00e1, a aprova\u00e7\u00e3o se deu por com 18 votos a favor e outros 9 contra.<\/p>\n<\/div>\n<div>A indica\u00e7\u00e3o ficou parada na CCJ por mais de quatro meses, o maior tempo registrado at\u00e9 hoje. A senadora Eliziane Gama (Cidadania-MA), foi a primeira mulher a relatar uma indica\u00e7\u00e3o de ministro aos Supremo.\u00a0 Antes da vota\u00e7\u00e3o no plen\u00e1rio, Eliziane disse que nenhuma outra indica\u00e7\u00e3o foi carregada de tanta pol\u00eamica quanto de Andr\u00e9 Mendon\u00e7a. Segundo ela, viu-se o debate religioso assumindo o lugar do debate sobre &#8220;a reputa\u00e7\u00e3o ibilibada e o not\u00f3rio saber jur\u00eddico&#8221; do candidato. \u201cNingu\u00e9m pode ser vetado por sua orienta\u00e7\u00e3o religiosa\u201d, disse.<\/div>\n<div><\/div>\n<div>\t<p>\n\t\t<a href=\"\" target=\"_blank\" data-element=\"shortcode-suno-banner\" title=\"Banner SUNO, clique e saiba mais\">\n\t\t\t<picture>\n\t\t\t\t<source media=\"(max-width: 500px)\" srcset=\"\">\n\t\t\t\t<img class=\"newsContent__article__imgCapa newsContent__article__imgCapa--banner\"\n\t\t\t\t\tsrc=\"\"\n\t\t\t\t\tdata-promo-id=\"89005\"\t\t\t\t\t\t\t\t\t\t\t\t\t\t\talt=\"\"\n\t\t\t\t>\n\t\t\t<\/picture>\n\t\t<\/a>\n\t<\/p>\n\n<\/div>\n<div><\/div>\n<div>A sabatina no Senado, que durou cerca de 8 horas, teve vota\u00e7\u00e3o secreta. Dos 27 presentes, 18 votaram a favor de Mendon\u00e7a, outros 9 contra.<img decoding=\"async\" style=\"width: 1px; height: 1px;\" src=\"https:\/\/agenciabrasil.ebc.com.br\/ebc.png?id=1429948&amp;o=rss\" \/><img decoding=\"async\" style=\"width: 1px; height: 1px;\" src=\"https:\/\/agenciabrasil.ebc.com.br\/ebc.gif?id=1429948&amp;o=rss\" \/><\/div>\n<div>\n<p>Na \u00faltima parte da sabatina, v\u00e1rios senadores anteciparam publicamente o voto, entre eles <strong>Simone Tebet (MDB-MS),<\/strong> Jorginho de Mello (PL-SC), Orioristo Guimar\u00e3es (Podemos-SP) Eduardo Gi\u00e3o (Podemos-CE). Eles destacaram a humildade e reputa\u00e7\u00e3o ilibada do candidato \u00e0 vaga do Supremo Tribunal Federal (STF).<\/p>\n\t<p>\n\t\t<a href=\"\" target=\"_blank\" data-element=\"shortcode-suno-banner\" title=\"Banner SUNO, clique e saiba mais\">\n\t\t\t<picture>\n\t\t\t\t<source media=\"(max-width: 500px)\" srcset=\"\">\n\t\t\t\t<img class=\"newsContent__article__imgCapa newsContent__article__imgCapa--banner\"\n\t\t\t\t\tsrc=\"\"\n\t\t\t\t\tdata-promo-id=\"77053\"\t\t\t\t\t\t\t\t\t\t\t\t\t\t\talt=\"\"\n\t\t\t\t>\n\t\t\t<\/picture>\n\t\t<\/a>\n\t<\/p>\n\n\n<h2>Andr\u00e9 Mendon\u00e7a defende pol\u00edticas p\u00fablicas contra drogas<\/h2>\n<p>Questionado sobre uma eventual descriminaliza\u00e7\u00e3o do uso de drogas no Brasil \u2013 sem especificar quais seriam -, Mendon\u00e7a disse ter convic\u00e7\u00e3o de que as drogas fazem mal \u00e0s pessoas e que devem haver pol\u00edticas p\u00fablicas para seu combate.<\/p>\n<h2>Direito \u00e0 vida e eutan\u00e1sia<\/h2>\n<p>Embora tenha dito que o direito a vida deve ser preservador, <strong>Mendon\u00e7a<\/strong> ponderou que casos de pessoas com idade avan\u00e7ada e que estejam sofrendo com tratamentos devem ser analisados. Por\u00e9m, declarou ser temer\u00e1ria a ado\u00e7\u00e3o da eutan\u00e1sia como pol\u00edtica p\u00fablica.<\/p>\n<h2>Andr\u00e9 Mendon\u00e7a fala sobre o papel do Poder Judici\u00e1rio<\/h2>\n<p>O candidato \u00e0 vaga no STF ouviu, reiteradamente, manifesta\u00e7\u00f5es dos senadores a respeito da preocupa\u00e7\u00e3o com o chamado \u201cativismo judici\u00e1rio\u201d, a extrapola\u00e7\u00e3o do poder por parte de ju\u00edzes e do Supremo. Novamente, <strong>Andr\u00e9 Mendon\u00e7a<\/strong> defendeu o respeito ao papel primordial dos poderes: \u201cCabe ao legislativo legislar\u201d, disse ele, mas esclareceu que isso n\u00e3o significa que o judi\u00e1rio possa se omitir diante de eventuais quest\u00f5es do legislativo. Para ele, o papel do poder judici\u00e1rio deve ser um papel mais reservado.<\/p>\n<p><em>Com Ag\u00eancia Brasil e Ag\u00eancia Estado\u00a0<\/em><\/p>\n\t<p>\n\t\t<a href=\"https:\/\/lp.suno.com.br\/planilha-de-controle-de-investimentos\/\" target=\"_blank\" data-element=\"shortcode-suno-banner\" title=\"Banner SUNO, clique e saiba mais\">\n\t\t\t<picture>\n\t\t\t\t<source media=\"(max-width: 500px)\" srcset=\"https:\/\/files.sunoresearch.com.br\/n\/uploads\/2023\/03\/400x300-Controle-de-Investimentos.png\">\n\t\t\t\t<img class=\"newsContent__article__imgCapa newsContent__article__imgCapa--banner\"\n\t\t\t\t\tsrc=\"https:\/\/files.sunoresearch.com.br\/n\/uploads\/2023\/03\/1420x240-Controle-de-Investimentos.png\"\n\t\t\t\t\tdata-promo-id=\"75934\"\t\t\t\t\t\t\t\t\t\twidth='1420' height='240'\t\t\t\t\talt=\"https:\/\/files.sunoresearch.com.br\/n\/uploads\/2023\/03\/1420x240-Controle-de-Investimentos.png\"\n\t\t\t\t>\n\t\t\t<\/picture>\n\t\t<\/a>\n\t<\/p>\n\n\n<\/div>\n","protected":false},"excerpt":{"rendered":"<p>O plen\u00e1rio do Senado Federal aprovou, por 47 votos a 32, a indica\u00e7\u00e3o do ex-ministro da Justi\u00e7a e ex-advogado-geral da Uni\u00e3o Andr\u00e9 Mendon\u00e7a para a vaga do Supremo Tribunal Federal (STF) deixada pela aposentadoria do ministro Marco Aur\u00e9lio Mello. Andr\u00e9 Mendon\u00e7a tem indica\u00e7\u00e3o ao STF aprovada pelo Senado. Foto: EDILSON RODRIGUES\/AGENCIA SENADO Mais cedo, Mendon\u00e7a [&hellip;]<\/p>\n","protected":false},"author":98,"featured_media":211057,"comment_status":"closed","ping_status":"closed","sticky":false,"template":"","format":"standard","meta":[],"categories":[61],"tags":[],"suno_strategy":[],"class_list":["post-211051","post","type-post","status-publish","format-standard","has-post-thumbnail","hentry","category-politica"],"yoast_head":"<!-- This site is optimized with the Yoast SEO plugin v24.4 - https:\/\/yoast.com\/wordpress\/plugins\/seo\/ -->\n<title>Senado aprova indica\u00e7\u00e3o de Andr\u00e9 Mendon\u00e7a ao STF<\/title>\n<meta name=\"description\" content=\"O plen\u00e1rio do Senado Federal aprovou, por 47 votos a 32, a indica\u00e7\u00e3o do ex-ministro da Justi\u00e7a Andr\u00e9 Mendon\u00e7a para o STF. Saiba mais\" \/>\n<meta name=\"robots\" content=\"index, follow, max-snippet:-1, max-image-preview:large, max-video-preview:-1\" \/>\n<link rel=\"canonical\" href=\"https:\/\/www.suno.com.br\/noticias\/senado-aprova-indicacao-e-ex-ministro-andre-mendonca-vai-assumir-cadeira-no-stf\/\" \/>\n<meta property=\"og:locale\" content=\"pt_BR\" \/>\n<meta property=\"og:type\" content=\"article\" \/>\n<meta property=\"og:title\" content=\"Senado aprova indica\u00e7\u00e3o de Andr\u00e9 Mendon\u00e7a ao STF\" \/>\n<meta property=\"og:description\" content=\"O plen\u00e1rio do Senado Federal aprovou, por 47 votos a 32, a indica\u00e7\u00e3o do ex-ministro da Justi\u00e7a Andr\u00e9 Mendon\u00e7a para o STF. Saiba mais\" \/>\n<meta property=\"og:url\" content=\"https:\/\/www.suno.com.br\/noticias\/senado-aprova-indicacao-e-ex-ministro-andre-mendonca-vai-assumir-cadeira-no-stf\/\" \/>\n<meta property=\"og:site_name\" content=\"Suno Not\u00edcias\" \/>\n<meta property=\"article:publisher\" content=\"https:\/\/facebook.com\/sunoresearch\" \/>\n<meta property=\"og:image\" content=\"https:\/\/files.sunoresearch.com.br\/n\/uploads\/2021\/12\/andre-mendonca1.jpeg\" \/>\n\t<meta property=\"og:image:width\" content=\"1200\" \/>\n\t<meta property=\"og:image:height\" content=\"718\" \/>\n\t<meta property=\"og:image:type\" content=\"image\/jpeg\" \/>\n<meta name=\"author\" content=\"Marco Ant\u00f4nio Lopes\" \/>\n<meta name=\"twitter:card\" content=\"summary_large_image\" \/>\n<meta name=\"twitter:creator\" content=\"@sunoresearch\" \/>\n<meta name=\"twitter:site\" content=\"@sunoresearch\" \/>\n<meta name=\"twitter:label1\" content=\"Escrito por\" \/>\n\t<meta name=\"twitter:data1\" content=\"Marco Ant\u00f4nio Lopes\" \/>\n\t<meta name=\"twitter:label2\" content=\"Est. tempo de leitura\" \/>\n\t<meta name=\"twitter:data2\" content=\"3 minutos\" \/>\n<script type=\"application\/ld+json\" class=\"yoast-schema-graph\">{\"@context\":\"https:\/\/schema.org\",\"@graph\":[{\"@type\":\"NewsArticle\",\"@id\":\"https:\/\/www.suno.com.br\/noticias\/senado-aprova-indicacao-e-ex-ministro-andre-mendonca-vai-assumir-cadeira-no-stf\/#article\",\"isPartOf\":{\"@id\":\"https:\/\/www.suno.com.br\/noticias\/senado-aprova-indicacao-e-ex-ministro-andre-mendonca-vai-assumir-cadeira-no-stf\/\"},\"author\":{\"name\":\"Marco Ant\u00f4nio Lopes\",\"@id\":\"https:\/\/www.suno.com.br\/noticias\/#\/schema\/person\/829bbe8d57f84333b966b96229c6bf5f\"},\"headline\":\"Senado aprova indica\u00e7\u00e3o de ex-ministro Andr\u00e9 Mendon\u00e7a para o STF\",\"datePublished\":\"2021-12-01T22:47:03+00:00\",\"dateModified\":\"2021-12-01T23:01:37+00:00\",\"mainEntityOfPage\":{\"@id\":\"https:\/\/www.suno.com.br\/noticias\/senado-aprova-indicacao-e-ex-ministro-andre-mendonca-vai-assumir-cadeira-no-stf\/\"},\"wordCount\":478,\"publisher\":{\"@id\":\"https:\/\/www.suno.com.br\/noticias\/#organization\"},\"image\":{\"@id\":\"https:\/\/www.suno.com.br\/noticias\/senado-aprova-indicacao-e-ex-ministro-andre-mendonca-vai-assumir-cadeira-no-stf\/#primaryimage\"},\"thumbnailUrl\":\"https:\/\/files.sunoresearch.com.br\/n\/uploads\/2021\/12\/andre-mendonca1.jpeg\",\"articleSection\":[\"Pol\u00edtica\"],\"inLanguage\":\"pt-BR\"},{\"@type\":\"WebPage\",\"@id\":\"https:\/\/www.suno.com.br\/noticias\/senado-aprova-indicacao-e-ex-ministro-andre-mendonca-vai-assumir-cadeira-no-stf\/\",\"url\":\"https:\/\/www.suno.com.br\/noticias\/senado-aprova-indicacao-e-ex-ministro-andre-mendonca-vai-assumir-cadeira-no-stf\/\",\"name\":\"Senado aprova indica\u00e7\u00e3o de Andr\u00e9 Mendon\u00e7a ao STF\",\"isPartOf\":{\"@id\":\"https:\/\/www.suno.com.br\/noticias\/#website\"},\"primaryImageOfPage\":{\"@id\":\"https:\/\/www.suno.com.br\/noticias\/senado-aprova-indicacao-e-ex-ministro-andre-mendonca-vai-assumir-cadeira-no-stf\/#primaryimage\"},\"image\":{\"@id\":\"https:\/\/www.suno.com.br\/noticias\/senado-aprova-indicacao-e-ex-ministro-andre-mendonca-vai-assumir-cadeira-no-stf\/#primaryimage\"},\"thumbnailUrl\":\"https:\/\/files.sunoresearch.com.br\/n\/uploads\/2021\/12\/andre-mendonca1.jpeg\",\"datePublished\":\"2021-12-01T22:47:03+00:00\",\"dateModified\":\"2021-12-01T23:01:37+00:00\",\"description\":\"O plen\u00e1rio do Senado Federal aprovou, por 47 votos a 32, a indica\u00e7\u00e3o do ex-ministro da Justi\u00e7a Andr\u00e9 Mendon\u00e7a para o STF. Saiba mais\",\"breadcrumb\":{\"@id\":\"https:\/\/www.suno.com.br\/noticias\/senado-aprova-indicacao-e-ex-ministro-andre-mendonca-vai-assumir-cadeira-no-stf\/#breadcrumb\"},\"inLanguage\":\"pt-BR\",\"potentialAction\":[{\"@type\":\"ReadAction\",\"target\":[\"https:\/\/www.suno.com.br\/noticias\/senado-aprova-indicacao-e-ex-ministro-andre-mendonca-vai-assumir-cadeira-no-stf\/\"]}]},{\"@type\":\"ImageObject\",\"inLanguage\":\"pt-BR\",\"@id\":\"https:\/\/www.suno.com.br\/noticias\/senado-aprova-indicacao-e-ex-ministro-andre-mendonca-vai-assumir-cadeira-no-stf\/#primaryimage\",\"url\":\"https:\/\/files.sunoresearch.com.br\/n\/uploads\/2021\/12\/andre-mendonca1.jpeg\",\"contentUrl\":\"https:\/\/files.sunoresearch.com.br\/n\/uploads\/2021\/12\/andre-mendonca1.jpeg\",\"width\":1200,\"height\":718,\"caption\":\"Andr\u00e9 Mendon\u00e7a tem indica\u00e7\u00e3o ao STF aprovada pelo Senado. Foto: EDILSON RODRIGUES\/AGENCIA SENADO\"},{\"@type\":\"BreadcrumbList\",\"@id\":\"https:\/\/www.suno.com.br\/noticias\/senado-aprova-indicacao-e-ex-ministro-andre-mendonca-vai-assumir-cadeira-no-stf\/#breadcrumb\",\"itemListElement\":[{\"@type\":\"ListItem\",\"position\":1,\"name\":\"Not\u00edcias\",\"item\":\"https:\/\/www.suno.com.br\/noticias\/\"},{\"@type\":\"ListItem\",\"position\":2,\"name\":\"Pol\u00edtica\",\"item\":\"https:\/\/www.suno.com.br\/noticias\/politica\/\"},{\"@type\":\"ListItem\",\"position\":3,\"name\":\"Senado aprova indica\u00e7\u00e3o de ex-ministro Andr\u00e9 Mendon\u00e7a para o STF\"}]},{\"@type\":\"WebSite\",\"@id\":\"https:\/\/www.suno.com.br\/noticias\/#website\",\"url\":\"https:\/\/www.suno.com.br\/noticias\/\",\"name\":\"Suno Not\u00edcias\",\"description\":\"Seu portal de informa\u00e7\u00e3o sobre o mundo dos investimentos\",\"publisher\":{\"@id\":\"https:\/\/www.suno.com.br\/noticias\/#organization\"},\"potentialAction\":[{\"@type\":\"SearchAction\",\"target\":{\"@type\":\"EntryPoint\",\"urlTemplate\":\"https:\/\/www.suno.com.br\/noticias\/?s={search_term_string}\"},\"query-input\":{\"@type\":\"PropertyValueSpecification\",\"valueRequired\":true,\"valueName\":\"search_term_string\"}}],\"inLanguage\":\"pt-BR\"},{\"@type\":\"Organization\",\"@id\":\"https:\/\/www.suno.com.br\/noticias\/#organization\",\"name\":\"Suno Not\u00edcias\",\"url\":\"https:\/\/www.suno.com.br\/noticias\/\",\"logo\":{\"@type\":\"ImageObject\",\"inLanguage\":\"pt-BR\",\"@id\":\"https:\/\/www.suno.com.br\/noticias\/#\/schema\/logo\/image\/\",\"url\":\"https:\/\/files.sunoresearch.com.br\/n\/uploads\/2021\/09\/suno-logo.png\",\"contentUrl\":\"https:\/\/files.sunoresearch.com.br\/n\/uploads\/2021\/09\/suno-logo.png\",\"width\":180,\"height\":180,\"caption\":\"Suno Not\u00edcias\"},\"image\":{\"@id\":\"https:\/\/www.suno.com.br\/noticias\/#\/schema\/logo\/image\/\"},\"sameAs\":[\"https:\/\/facebook.com\/sunoresearch\",\"https:\/\/x.com\/sunoresearch\",\"https:\/\/www.instagram.com\/suno\",\"https:\/\/www.linkedin.com\/company\/suno-research\/\",\"https:\/\/www.youtube.com\/c\/sunoresearch\"]},{\"@type\":\"Person\",\"@id\":\"https:\/\/www.suno.com.br\/noticias\/#\/schema\/person\/829bbe8d57f84333b966b96229c6bf5f\",\"name\":\"Marco Ant\u00f4nio Lopes\",\"image\":{\"@type\":\"ImageObject\",\"inLanguage\":\"pt-BR\",\"@id\":\"https:\/\/www.suno.com.br\/noticias\/#\/schema\/person\/image\/\",\"url\":\"https:\/\/secure.gravatar.com\/avatar\/385167b012fbc1cde32c5446ee253313?s=96&r=g\",\"contentUrl\":\"https:\/\/secure.gravatar.com\/avatar\/385167b012fbc1cde32c5446ee253313?s=96&r=g\",\"caption\":\"Marco Ant\u00f4nio Lopes\"},\"description\":\"Jornalista, \u00e9 editor no Suno Not\u00edcias. Trabalhou nas revistas Playboy, Super, Veja Comer &amp; Beber, Homem Vogue e Universo Masculino, al\u00e9m dos portais Abril.com, R7, nas editorias de Home, Esportes, Hora 7, Entretenimento e Geral, e Eu Quero Investir. Autor do livro Bruce Lee: Definitivo (Editora Conrad). Colaborou nas revistas Nova, Veja SP, Grandes Guerras, Placar, Bizz, Casa Claudia e Quatro Rodas.\",\"url\":\"https:\/\/www.suno.com.br\/noticias\/author\/marco-lopes\/\"}]}<\/script>\n<!-- \/ Yoast SEO plugin. -->","yoast_head_json":{"title":"Senado aprova indica\u00e7\u00e3o de Andr\u00e9 Mendon\u00e7a ao STF","description":"O plen\u00e1rio do Senado Federal aprovou, por 47 votos a 32, a indica\u00e7\u00e3o do ex-ministro da Justi\u00e7a Andr\u00e9 Mendon\u00e7a para o STF. Saiba mais","robots":{"index":"index","follow":"follow","max-snippet":"max-snippet:-1","max-image-preview":"max-image-preview:large","max-video-preview":"max-video-preview:-1"},"canonical":"https:\/\/www.suno.com.br\/noticias\/senado-aprova-indicacao-e-ex-ministro-andre-mendonca-vai-assumir-cadeira-no-stf\/","og_locale":"pt_BR","og_type":"article","og_title":"Senado aprova indica\u00e7\u00e3o de Andr\u00e9 Mendon\u00e7a ao STF","og_description":"O plen\u00e1rio do Senado Federal aprovou, por 47 votos a 32, a indica\u00e7\u00e3o do ex-ministro da Justi\u00e7a Andr\u00e9 Mendon\u00e7a para o STF. Saiba mais","og_url":"https:\/\/www.suno.com.br\/noticias\/senado-aprova-indicacao-e-ex-ministro-andre-mendonca-vai-assumir-cadeira-no-stf\/","og_site_name":"Suno Not\u00edcias","article_publisher":"https:\/\/facebook.com\/sunoresearch","og_image":[{"width":1200,"height":718,"url":"https:\/\/files.sunoresearch.com.br\/n\/uploads\/2021\/12\/andre-mendonca1.jpeg","type":"image\/jpeg"}],"author":"Marco Ant\u00f4nio Lopes","twitter_card":"summary_large_image","twitter_creator":"@sunoresearch","twitter_site":"@sunoresearch","twitter_misc":{"Escrito por":"Marco Ant\u00f4nio Lopes","Est. tempo de leitura":"3 minutos"},"schema":{"@context":"https:\/\/schema.org","@graph":[{"@type":"NewsArticle","@id":"https:\/\/www.suno.com.br\/noticias\/senado-aprova-indicacao-e-ex-ministro-andre-mendonca-vai-assumir-cadeira-no-stf\/#article","isPartOf":{"@id":"https:\/\/www.suno.com.br\/noticias\/senado-aprova-indicacao-e-ex-ministro-andre-mendonca-vai-assumir-cadeira-no-stf\/"},"author":{"name":"Marco Ant\u00f4nio Lopes","@id":"https:\/\/www.suno.com.br\/noticias\/#\/schema\/person\/829bbe8d57f84333b966b96229c6bf5f"},"headline":"Senado aprova indica\u00e7\u00e3o de ex-ministro Andr\u00e9 Mendon\u00e7a para o STF","datePublished":"2021-12-01T22:47:03+00:00","dateModified":"2021-12-01T23:01:37+00:00","mainEntityOfPage":{"@id":"https:\/\/www.suno.com.br\/noticias\/senado-aprova-indicacao-e-ex-ministro-andre-mendonca-vai-assumir-cadeira-no-stf\/"},"wordCount":478,"publisher":{"@id":"https:\/\/www.suno.com.br\/noticias\/#organization"},"image":{"@id":"https:\/\/www.suno.com.br\/noticias\/senado-aprova-indicacao-e-ex-ministro-andre-mendonca-vai-assumir-cadeira-no-stf\/#primaryimage"},"thumbnailUrl":"https:\/\/files.sunoresearch.com.br\/n\/uploads\/2021\/12\/andre-mendonca1.jpeg","articleSection":["Pol\u00edtica"],"inLanguage":"pt-BR"},{"@type":"WebPage","@id":"https:\/\/www.suno.com.br\/noticias\/senado-aprova-indicacao-e-ex-ministro-andre-mendonca-vai-assumir-cadeira-no-stf\/","url":"https:\/\/www.suno.com.br\/noticias\/senado-aprova-indicacao-e-ex-ministro-andre-mendonca-vai-assumir-cadeira-no-stf\/","name":"Senado aprova indica\u00e7\u00e3o de Andr\u00e9 Mendon\u00e7a ao STF","isPartOf":{"@id":"https:\/\/www.suno.com.br\/noticias\/#website"},"primaryImageOfPage":{"@id":"https:\/\/www.suno.com.br\/noticias\/senado-aprova-indicacao-e-ex-ministro-andre-mendonca-vai-assumir-cadeira-no-stf\/#primaryimage"},"image":{"@id":"https:\/\/www.suno.com.br\/noticias\/senado-aprova-indicacao-e-ex-ministro-andre-mendonca-vai-assumir-cadeira-no-stf\/#primaryimage"},"thumbnailUrl":"https:\/\/files.sunoresearch.com.br\/n\/uploads\/2021\/12\/andre-mendonca1.jpeg","datePublished":"2021-12-01T22:47:03+00:00","dateModified":"2021-12-01T23:01:37+00:00","description":"O plen\u00e1rio do Senado Federal aprovou, por 47 votos a 32, a indica\u00e7\u00e3o do ex-ministro da Justi\u00e7a Andr\u00e9 Mendon\u00e7a para o STF. Saiba mais","breadcrumb":{"@id":"https:\/\/www.suno.com.br\/noticias\/senado-aprova-indicacao-e-ex-ministro-andre-mendonca-vai-assumir-cadeira-no-stf\/#breadcrumb"},"inLanguage":"pt-BR","potentialAction":[{"@type":"ReadAction","target":["https:\/\/www.suno.com.br\/noticias\/senado-aprova-indicacao-e-ex-ministro-andre-mendonca-vai-assumir-cadeira-no-stf\/"]}]},{"@type":"ImageObject","inLanguage":"pt-BR","@id":"https:\/\/www.suno.com.br\/noticias\/senado-aprova-indicacao-e-ex-ministro-andre-mendonca-vai-assumir-cadeira-no-stf\/#primaryimage","url":"https:\/\/files.sunoresearch.com.br\/n\/uploads\/2021\/12\/andre-mendonca1.jpeg","contentUrl":"https:\/\/files.sunoresearch.com.br\/n\/uploads\/2021\/12\/andre-mendonca1.jpeg","width":1200,"height":718,"caption":"Andr\u00e9 Mendon\u00e7a tem indica\u00e7\u00e3o ao STF aprovada pelo Senado. Foto: EDILSON RODRIGUES\/AGENCIA SENADO"},{"@type":"BreadcrumbList","@id":"https:\/\/www.suno.com.br\/noticias\/senado-aprova-indicacao-e-ex-ministro-andre-mendonca-vai-assumir-cadeira-no-stf\/#breadcrumb","itemListElement":[{"@type":"ListItem","position":1,"name":"Not\u00edcias","item":"https:\/\/www.suno.com.br\/noticias\/"},{"@type":"ListItem","position":2,"name":"Pol\u00edtica","item":"https:\/\/www.suno.com.br\/noticias\/politica\/"},{"@type":"ListItem","position":3,"name":"Senado aprova indica\u00e7\u00e3o de ex-ministro Andr\u00e9 Mendon\u00e7a para o STF"}]},{"@type":"WebSite","@id":"https:\/\/www.suno.com.br\/noticias\/#website","url":"https:\/\/www.suno.com.br\/noticias\/","name":"Suno Not\u00edcias","description":"Seu portal de informa\u00e7\u00e3o sobre o mundo dos investimentos","publisher":{"@id":"https:\/\/www.suno.com.br\/noticias\/#organization"},"potentialAction":[{"@type":"SearchAction","target":{"@type":"EntryPoint","urlTemplate":"https:\/\/www.suno.com.br\/noticias\/?s={search_term_string}"},"query-input":{"@type":"PropertyValueSpecification","valueRequired":true,"valueName":"search_term_string"}}],"inLanguage":"pt-BR"},{"@type":"Organization","@id":"https:\/\/www.suno.com.br\/noticias\/#organization","name":"Suno Not\u00edcias","url":"https:\/\/www.suno.com.br\/noticias\/","logo":{"@type":"ImageObject","inLanguage":"pt-BR","@id":"https:\/\/www.suno.com.br\/noticias\/#\/schema\/logo\/image\/","url":"https:\/\/files.sunoresearch.com.br\/n\/uploads\/2021\/09\/suno-logo.png","contentUrl":"https:\/\/files.sunoresearch.com.br\/n\/uploads\/2021\/09\/suno-logo.png","width":180,"height":180,"caption":"Suno Not\u00edcias"},"image":{"@id":"https:\/\/www.suno.com.br\/noticias\/#\/schema\/logo\/image\/"},"sameAs":["https:\/\/facebook.com\/sunoresearch","https:\/\/x.com\/sunoresearch","https:\/\/www.instagram.com\/suno","https:\/\/www.linkedin.com\/company\/suno-research\/","https:\/\/www.youtube.com\/c\/sunoresearch"]},{"@type":"Person","@id":"https:\/\/www.suno.com.br\/noticias\/#\/schema\/person\/829bbe8d57f84333b966b96229c6bf5f","name":"Marco Ant\u00f4nio Lopes","image":{"@type":"ImageObject","inLanguage":"pt-BR","@id":"https:\/\/www.suno.com.br\/noticias\/#\/schema\/person\/image\/","url":"https:\/\/secure.gravatar.com\/avatar\/385167b012fbc1cde32c5446ee253313?s=96&r=g","contentUrl":"https:\/\/secure.gravatar.com\/avatar\/385167b012fbc1cde32c5446ee253313?s=96&r=g","caption":"Marco Ant\u00f4nio Lopes"},"description":"Jornalista, \u00e9 editor no Suno Not\u00edcias. Trabalhou nas revistas Playboy, Super, Veja Comer &amp; Beber, Homem Vogue e Universo Masculino, al\u00e9m dos portais Abril.com, R7, nas editorias de Home, Esportes, Hora 7, Entretenimento e Geral, e Eu Quero Investir. Autor do livro Bruce Lee: Definitivo (Editora Conrad). Colaborou nas revistas Nova, Veja SP, Grandes Guerras, Placar, Bizz, Casa Claudia e Quatro Rodas.","url":"https:\/\/www.suno.com.br\/noticias\/author\/marco-lopes\/"}]}},"default_loop_html":"<div class=\"cardsPage__listCard__boxs\"><div class=\"cardsPage__listCard__boxs__img\"><a href=\"https:\/\/www.suno.com.br\/noticias\/senado-aprova-indicacao-e-ex-ministro-andre-mendonca-vai-assumir-cadeira-no-stf\/\"><img class=\"mask\" src=\"https:\/\/www.suno.com.br\/noticias\/wp-content\/themes\/suno\/resources\/images\/spotlight\/spotlight1img\/bg-mask.png\" alt=\"Image Mask\"\/><img src=\"https:\/\/files.sunoresearch.com.br\/n\/uploads\/2021\/12\/andre-mendonca1-400x200.jpeg\" alt=\"Senado aprova indica\u00e7\u00e3o de ex-ministro Andr\u00e9 Mendon\u00e7a para o STF\"\/><\/a><span class=\"spotlightCategory\"><a href=\"https:\/\/www.suno.com.br\/noticias\/politica\/\">Pol\u00edtica<\/a><\/span><\/div><div class=\"cardsPage__listCard__boxs__content\"><a href=\"https:\/\/www.suno.com.br\/noticias\/senado-aprova-indicacao-e-ex-ministro-andre-mendonca-vai-assumir-cadeira-no-stf\/\"><h2 class=\"content__title\">Senado aprova indica\u00e7\u00e3o de ex-ministro Andr\u00e9 Mendon\u00e7a para o STF<\/h2><\/a><div class=\"newsContent__article__meta\"><div class=\"newsContent__article__meta__authorBox\"><a href=\"https:\/\/www.suno.com.br\/noticias\/author\/marco-lopes\/\" class=\"authorBox__avatar noMobi\"><img src=\"https:\/\/secure.gravatar.com\/avatar\/385167b012fbc1cde32c5446ee253313?s=96&#038;r=g\" alt=\"Marco Ant\u00f4nio Lopes\"><\/a><div class=\"authorBox__name\"><span>por\n\t\t\t<a href=\"https:\/\/www.suno.com.br\/noticias\/author\/marco-lopes\/\"><span itemprop=\"author\">Marco Ant\u00f4nio Lopes<\/span><\/a><\/span><time datetime=\"2021-12-01T19:47:03-03:00\" itemprop=\"datePublished\">01\/12\/2021 19:47<\/time><\/div><\/div><\/div><\/div><\/div>","single_layout":"posts","amp_enabled":true,"_links":{"self":[{"href":"https:\/\/www.suno.com.br\/noticias\/wp-json\/wp\/v2\/posts\/211051"}],"collection":[{"href":"https:\/\/www.suno.com.br\/noticias\/wp-json\/wp\/v2\/posts"}],"about":[{"href":"https:\/\/www.suno.com.br\/noticias\/wp-json\/wp\/v2\/types\/post"}],"author":[{"embeddable":true,"href":"https:\/\/www.suno.com.br\/noticias\/wp-json\/wp\/v2\/users\/98"}],"replies":[{"embeddable":true,"href":"https:\/\/www.suno.com.br\/noticias\/wp-json\/wp\/v2\/comments?post=211051"}],"version-history":[{"count":3,"href":"https:\/\/www.suno.com.br\/noticias\/wp-json\/wp\/v2\/posts\/211051\/revisions"}],"predecessor-version":[{"id":211067,"href":"https:\/\/www.suno.com.br\/noticias\/wp-json\/wp\/v2\/posts\/211051\/revisions\/211067"}],"wp:featuredmedia":[{"embeddable":true,"href":"https:\/\/www.suno.com.br\/noticias\/wp-json\/wp\/v2\/media\/211057"}],"wp:attachment":[{"href":"https:\/\/www.suno.com.br\/noticias\/wp-json\/wp\/v2\/media?parent=211051"}],"wp:term":[{"taxonomy":"category","embeddable":true,"href":"https:\/\/www.suno.com.br\/noticias\/wp-json\/wp\/v2\/categories?post=211051"},{"taxonomy":"post_tag","embeddable":true,"href":"https:\/\/www.suno.com.br\/noticias\/wp-json\/wp\/v2\/tags?post=211051"},{"taxonomy":"suno_strategy","embeddable":true,"href":"https:\/\/www.suno.com.br\/noticias\/wp-json\/wp\/v2\/suno_strategy?post=211051"}],"curies":[{"name":"wp","href":"https:\/\/api.w.org\/{rel}","templated":true}]}}