{"id":210592,"date":"2021-12-01T08:22:39","date_gmt":"2021-12-01T11:22:39","guid":{"rendered":"https:\/\/www.suno.com.br\/noticias\/?p=210592"},"modified":"2021-12-01T08:22:39","modified_gmt":"2021-12-01T11:22:39","slug":"sp-global-rating-do-brasil-estavel","status":"publish","type":"post","link":"https:\/\/www.suno.com.br\/noticias\/sp-global-rating-do-brasil-estavel\/","title":{"rendered":"S&#038;P reitera rating do Brasil de BB- com perspectiva est\u00e1vel, mas vislumbra cen\u00e1rio de rebaixamento; entenda"},"content":{"rendered":"<p>Na noite de ter\u00e7a-feira (30), a ag\u00eancia de classifica\u00e7\u00e3o de riscos S&amp;P Global reafirmou o <strong><em>rating<\/em> do Brasil<\/strong> em moeda estrangeira em BB-, com perspectiva est\u00e1vel para a nota do Pa\u00eds.<\/p>\t<div class=\"wrapper-featured-image\">\n\t\t<figure class=\"spotlightImg\">\n\n\t\t\t<picture>\n\t\t\t\t<source media=\"(max-width: 768px)\" srcset=\"https:\/\/files.sunoresearch.com.br\/n\/uploads\/2021\/11\/Foto3-400x200.jpg\">\n\t\t\t\t<img loading=\"lazy\" decoding=\"async\" class=\"newsContent__article__imgCapa lazyloadDisabled \" src=\"https:\/\/files.sunoresearch.com.br\/n\/uploads\/2021\/11\/Foto3-800x450.jpg\" width=\"800\" height=\"450\" alt=\"S&#038;P reitera rating do Brasil de BB- com perspectiva est\u00e1vel, mas vislumbra cen\u00e1rio de rebaixamento; entenda\" fetchpriority=high \/>\n\t\t\t<\/picture>\n\n\t\t\t<figcaption class=\"wp-caption-text wp-caption-text--show\">Bandeira do Brasil. Foto: Pixabay<\/figcaption>\n\t\t<\/figure>\n\t<\/div>\n\n\n\t<p>\n\t\t<a href=\"https:\/\/lp.suno.com.br\/planilha-controle-gastos\/\" target=\"_blank\" data-element=\"shortcode-suno-banner\" title=\"Banner SUNO, clique e saiba mais\">\n\t\t\t<picture>\n\t\t\t\t<source media=\"(max-width: 500px)\" srcset=\"https:\/\/files.sunoresearch.com.br\/n\/uploads\/2023\/03\/400x300-Planilha-controle-de-gastos.png\">\n\t\t\t\t<img class=\"newsContent__article__imgCapa newsContent__article__imgCapa--banner\"\n\t\t\t\t\tsrc=\"https:\/\/files.sunoresearch.com.br\/n\/uploads\/2023\/03\/1420x240-Planilha-controle-de-gastos.png\"\n\t\t\t\t\tdata-promo-id=\"101751\"\t\t\t\t\t\t\t\t\t\twidth='1420' height='240'\t\t\t\t\talt=\"https:\/\/files.sunoresearch.com.br\/n\/uploads\/2023\/03\/1420x240-Planilha-controle-de-gastos.png\"\n\t\t\t\t>\n\t\t\t<\/picture>\n\t\t<\/a>\n\t<\/p>\n\n\n<p>No comunicado, a <strong>ag\u00eancia de risco<\/strong> explica o <em>rating<\/em> do Brasil descrevendo que o Pa\u00eds se recuperou mais r\u00e1pido do que o esperado da crise da Covid-19 em 2020, mas que a perspectiva de crescimento para os pr\u00f3ximos anos \u00e9 moderada.<\/p>\n<p>&#8220;As press\u00f5es de gastos e uma alta carga de juros provavelmente resultar\u00e3o em uma lenta consolida\u00e7\u00e3o fiscal, com a <a class=\"suno-keyword\" href=\"https:\/\/www.suno.com.br\/artigos\/divida-liquida\/\" target=\"_blank\" rel=\"noopener\" data-force=\"no\" data-priority=\"1\">d\u00edvida l\u00edquida<\/a> do governo geral tendendo para 75% do PIB at\u00e9 2024&#8243;, diz a S&amp;P.<\/p>\n<p>A ag\u00eancia de risco avalia que a <strong>perspectiva est\u00e1vel da nota do Brasil<\/strong> assume que o governo estabilizar\u00e1 gradualmente o seu recente crescimento da <a class=\"suno-keyword\" href=\"https:\/\/www.suno.com.br\/artigos\/divida-publica\/\" target=\"_blank\" rel=\"noopener\" data-force=\"no\" data-priority=\"1\">d\u00edvida p\u00fablica<\/a>.<\/p>\n<p>Para 2021, a<strong> proje\u00e7\u00e3o da S&amp;P<\/strong> para a economia do Brasil \u00e9 de expans\u00e3o de 4,8%, seguido de alta do Produto Interno Bruto (PIB) de 0,8% em 2022, 2,0% em 2023 e 2,3% em 2024.<\/p>\n\t<p>\n\t\t<a href=\"https:\/\/lp.suno.com.br\/planilha-da-vida-financeira\/\" target=\"_blank\" data-element=\"shortcode-suno-banner\" title=\"Banner SUNO, clique e saiba mais\">\n\t\t\t<picture>\n\t\t\t\t<source media=\"(max-width: 500px)\" srcset=\"https:\/\/files.sunoresearch.com.br\/n\/uploads\/2023\/04\/400x300-Planilha-vida-financeira-true.png\">\n\t\t\t\t<img class=\"newsContent__article__imgCapa newsContent__article__imgCapa--banner\"\n\t\t\t\t\tsrc=\"https:\/\/files.sunoresearch.com.br\/n\/uploads\/2023\/04\/1420x240-Planilha-vida-financeira-true.png\"\n\t\t\t\t\tdata-promo-id=\"106682\"\t\t\t\t\t\t\t\t\t\twidth='1420' height='240'\t\t\t\t\talt=\"https:\/\/files.sunoresearch.com.br\/n\/uploads\/2023\/04\/1420x240-Planilha-vida-financeira-true.png\"\n\t\t\t\t>\n\t\t\t<\/picture>\n\t\t<\/a>\n\t<\/p>\n\n\n<h2>S&amp;P espera &#8220;ampla continuidade das pol\u00edticas p\u00fablicas&#8221;<\/h2>\n<p>A <strong>S&amp;P Global<\/strong> disse ainda esperar uma &#8220;ampla continuidade&#8221; nas principais pol\u00edticas econ\u00f4micas brasileiras ap\u00f3s as elei\u00e7\u00f5es de 2022.<\/p>\n<p>&#8220;A pol\u00edtica brasileira ser\u00e1 impulsionada pelas elei\u00e7\u00f5es nacionais de outubro de 2022 para presidente, Congresso nacional e governadores. Esperamos ampla continuidade nas principais pol\u00edticas econ\u00f4micas ap\u00f3s as elei\u00e7\u00f5es&#8221;, diz a S&amp;P em nota sobre a manuten\u00e7\u00e3o do <em>rating<\/em> do Brasil.<\/p>\n<p>A ag\u00eancia acrescenta que a nova administra\u00e7\u00e3o provavelmente enfrentar\u00e1 uma legislatura fragmentada, refor\u00e7ando a necessidade de pol\u00edticas pragm\u00e1ticas.<\/p>\n\t<p>\n\t\t<a href=\"https:\/\/lp.suno.com.br\/planilha-de-controle-de-investimentos\/\" target=\"_blank\" data-element=\"shortcode-suno-banner\" title=\"Banner SUNO, clique e saiba mais\">\n\t\t\t<picture>\n\t\t\t\t<source media=\"(max-width: 500px)\" srcset=\"https:\/\/files.sunoresearch.com.br\/n\/uploads\/2023\/03\/400x300-Controle-de-Investimentos.png\">\n\t\t\t\t<img class=\"newsContent__article__imgCapa newsContent__article__imgCapa--banner\"\n\t\t\t\t\tsrc=\"https:\/\/files.sunoresearch.com.br\/n\/uploads\/2023\/03\/1420x240-Controle-de-Investimentos.png\"\n\t\t\t\t\tdata-promo-id=\"75934\"\t\t\t\t\t\t\t\t\t\twidth='1420' height='240'\t\t\t\t\talt=\"https:\/\/files.sunoresearch.com.br\/n\/uploads\/2023\/03\/1420x240-Controle-de-Investimentos.png\"\n\t\t\t\t>\n\t\t\t<\/picture>\n\t\t<\/a>\n\t<\/p>\n\n\n<p>Ao comentar as caracter\u00edsticas do legislativo brasileiro, a S&amp;P avalia que o Pa\u00eds tem capacidade limitada para avan\u00e7ar nas reformas estruturais necess\u00e1rias para alcan\u00e7ar um crescimento mais r\u00e1pido e reduzir os n\u00edveis de d\u00edvida do governo.<\/p>\n<p>&#8220;O Brasil \u00e9 uma democracia est\u00e1vel com amplos controles e equil\u00edbrios, incluindo um judici\u00e1rio ativo. Goza de estabilidade pol\u00edtica e continuidade nas principais pol\u00edticas econ\u00f4micas. No entanto, seu sistema pol\u00edtico imp\u00f5e a necessidade de construir um amplo consenso para aprovar uma lei&#8221;, diz a ag\u00eancia. &#8220;A combina\u00e7\u00e3o de tal cen\u00e1rio institucional e um Congresso altamente fragmentado, com muitos partidos pol\u00edticos, muitas vezes atrasa ou impede as reformas fiscais (como as reformas tribut\u00e1rias) e outras, o que poderia resolver as defici\u00eancias econ\u00f4micas em tempo h\u00e1bil.&#8221;<\/p>\n\t<p>\n\t\t<a href=\"https:\/\/lp.suno.com.br\/ebook-como-analisar-uma-acao\/\" target=\"_blank\" data-element=\"shortcode-suno-banner\" title=\"Banner SUNO, clique e saiba mais\">\n\t\t\t<picture>\n\t\t\t\t<source media=\"(max-width: 500px)\" srcset=\"https:\/\/files.sunoresearch.com.br\/n\/uploads\/2023\/03\/Ebook-Acoes-Mobile-1.jpg\">\n\t\t\t\t<img class=\"newsContent__article__imgCapa newsContent__article__imgCapa--banner\"\n\t\t\t\t\tsrc=\"https:\/\/files.sunoresearch.com.br\/n\/uploads\/2023\/03\/Ebook-Acoes-Desktop-1.jpg\"\n\t\t\t\t\tdata-promo-id=\"171998\"\t\t\t\t\t\t\t\t\t\twidth='1420' height='286'\t\t\t\t\talt=\"https:\/\/files.sunoresearch.com.br\/n\/uploads\/2023\/03\/Ebook-Acoes-Desktop-1.jpg\"\n\t\t\t\t>\n\t\t\t<\/picture>\n\t\t<\/a>\n\t<\/p>\n\n\n<h2><em>Rating<\/em> do Brasil considera dificuldades nas contas p\u00fablicas<\/h2>\n<p>Ao comentar a PEC dos Precat\u00f3rios, a S&amp;P Global avalia que a proposta ilustra a dificuldade &#8220;de longa data&#8221; do Brasil de controlar as contas p\u00fablicas.<\/p>\n<p>&#8220;As mudan\u00e7as no <a class=\"suno-keyword\" href=\"https:\/\/www.suno.com.br\/artigos\/teto-de-gastos\/\" target=\"_blank\" rel=\"noopener\" data-force=\"no\" data-priority=\"1\">teto de gastos<\/a> ilustram as dificuldades de longa data em controlar e reduzir o d\u00e9ficit fiscal de maneira sustent\u00e1vel. Mais de 90% dos gastos or\u00e7ament\u00e1rios n\u00e3o s\u00e3o discricion\u00e1rios, refletindo compromissos com v\u00e1rios programas obrigat\u00f3rios de gastos e outras receitas&#8221;, ponderou a S&amp;P.<\/p>\n<p>Analistas da ag\u00eancia apresentaram ainda dois cen\u00e1rios para o futuro da<strong> avalia\u00e7\u00e3o de cr\u00e9dito do Brasil<\/strong>.<\/p>\n<p>Eles disseram que um <strong>rebaixamento do <em>rating<\/em> do Brasil<\/strong> seria poss\u00edvel nos pr\u00f3ximos dois anos se os resultados fiscais vierem pior do que o esperado, sinalizando uma capacidade institucional mais fraca de implementar medidas corretivas das finan\u00e7as p\u00fablicas.<\/p>\n<p>&#8220;Uma trajet\u00f3ria de consolida\u00e7\u00e3o fiscal mais frouxa tamb\u00e9m poderia sustentar a infla\u00e7\u00e3o alta e reduzir a flexibilidade monet\u00e1ria&#8221;, comentou a S&amp;P.<\/p>\n<p>Por outro lado, em um cen\u00e1rio positivo, uma eleva\u00e7\u00e3o do <strong><em>rating<\/em> do Brasil<\/strong> \u00e9 poss\u00edvel se houver uma combina\u00e7\u00e3o de crescimento do PIB acima do esperado, bem como um desempenho fiscal &#8220;significativamente melhor&#8221;.<\/p>\n\t<p>\n\t\t<a href=\"\" target=\"_blank\" data-element=\"shortcode-suno-banner\" title=\"Banner SUNO, clique e saiba mais\">\n\t\t\t<picture>\n\t\t\t\t<source media=\"(max-width: 500px)\" srcset=\"\">\n\t\t\t\t<img class=\"newsContent__article__imgCapa newsContent__article__imgCapa--banner\"\n\t\t\t\t\tsrc=\"\"\n\t\t\t\t\tdata-promo-id=\"184190\"\t\t\t\t\t\t\t\t\t\t\t\t\t\t\talt=\"\"\n\t\t\t\t>\n\t\t\t<\/picture>\n\t\t<\/a>\n\t<\/p>\n\n\n<p><em>Com informa\u00e7\u00f5es de Estad\u00e3o Conte\u00fado.\u00a0<\/em><\/p>\n","protected":false},"excerpt":{"rendered":"<p>Na noite de ter\u00e7a-feira (30), a ag\u00eancia de classifica\u00e7\u00e3o de riscos S&amp;P Global reafirmou o rating do Brasil em moeda estrangeira em BB-, com perspectiva est\u00e1vel para a nota do Pa\u00eds. Bandeira do Brasil. Foto: Pixabay No comunicado, a ag\u00eancia de risco explica o rating do Brasil descrevendo que o Pa\u00eds se recuperou mais r\u00e1pido [&hellip;]<\/p>\n","protected":false},"author":102,"featured_media":210626,"comment_status":"closed","ping_status":"closed","sticky":false,"template":"","format":"standard","meta":[],"categories":[62],"tags":[1034],"suno_strategy":[],"class_list":["post-210592","post","type-post","status-publish","format-standard","has-post-thumbnail","hentry","category-economia","tag-classificacao-de-risco-rating"],"yoast_head":"<!-- This site is optimized with the Yoast SEO plugin v24.4 - https:\/\/yoast.com\/wordpress\/plugins\/seo\/ -->\n<title>S&amp;P reitera rating do Brasil de BB- com perspectiva est\u00e1vel; veja avalia\u00e7\u00e3o<\/title>\n<meta name=\"description\" content=\"A ag\u00eancia de risco S&amp;P Global reiterou o rating do Brasil de BB-. Em sua avalia\u00e7\u00e3o a ag\u00eancia falou de teto de gastos e contas p\u00fablica. Veja\" \/>\n<meta name=\"robots\" content=\"index, follow, max-snippet:-1, max-image-preview:large, max-video-preview:-1\" \/>\n<link rel=\"canonical\" href=\"https:\/\/www.suno.com.br\/noticias\/sp-global-rating-do-brasil-estavel\/\" \/>\n<meta property=\"og:locale\" content=\"pt_BR\" \/>\n<meta property=\"og:type\" content=\"article\" \/>\n<meta property=\"og:title\" content=\"S&amp;P reitera rating do Brasil de BB- com perspectiva est\u00e1vel; veja avalia\u00e7\u00e3o\" \/>\n<meta property=\"og:description\" content=\"A ag\u00eancia de risco S&amp;P Global reiterou o rating do Brasil de BB-. Em sua avalia\u00e7\u00e3o a ag\u00eancia falou de teto de gastos e contas p\u00fablica. Veja\" \/>\n<meta property=\"og:url\" content=\"https:\/\/www.suno.com.br\/noticias\/sp-global-rating-do-brasil-estavel\/\" \/>\n<meta property=\"og:site_name\" content=\"Suno Not\u00edcias\" \/>\n<meta property=\"article:publisher\" content=\"https:\/\/facebook.com\/sunoresearch\" \/>\n<meta property=\"og:image\" content=\"https:\/\/files.sunoresearch.com.br\/n\/uploads\/2021\/11\/Foto3.jpg\" \/>\n\t<meta property=\"og:image:width\" content=\"1280\" \/>\n\t<meta property=\"og:image:height\" content=\"960\" \/>\n\t<meta property=\"og:image:type\" content=\"image\/jpeg\" \/>\n<meta name=\"author\" content=\"Monique Lima\" \/>\n<meta name=\"twitter:card\" content=\"summary_large_image\" \/>\n<meta name=\"twitter:creator\" content=\"@sunoresearch\" \/>\n<meta name=\"twitter:site\" content=\"@sunoresearch\" \/>\n<meta name=\"twitter:label1\" content=\"Escrito por\" \/>\n\t<meta name=\"twitter:data1\" content=\"Monique Lima\" \/>\n\t<meta name=\"twitter:label2\" content=\"Est. tempo de leitura\" \/>\n\t<meta name=\"twitter:data2\" content=\"3 minutos\" \/>\n<script type=\"application\/ld+json\" class=\"yoast-schema-graph\">{\"@context\":\"https:\/\/schema.org\",\"@graph\":[{\"@type\":\"NewsArticle\",\"@id\":\"https:\/\/www.suno.com.br\/noticias\/sp-global-rating-do-brasil-estavel\/#article\",\"isPartOf\":{\"@id\":\"https:\/\/www.suno.com.br\/noticias\/sp-global-rating-do-brasil-estavel\/\"},\"author\":{\"name\":\"Monique Lima\",\"@id\":\"https:\/\/www.suno.com.br\/noticias\/#\/schema\/person\/d712329319cc9b10f254d02d654cb36a\"},\"headline\":\"S&#038;P reitera rating do Brasil de BB- com perspectiva est\u00e1vel, mas vislumbra cen\u00e1rio de rebaixamento; entenda\",\"datePublished\":\"2021-12-01T11:22:39+00:00\",\"mainEntityOfPage\":{\"@id\":\"https:\/\/www.suno.com.br\/noticias\/sp-global-rating-do-brasil-estavel\/\"},\"wordCount\":693,\"publisher\":{\"@id\":\"https:\/\/www.suno.com.br\/noticias\/#organization\"},\"image\":{\"@id\":\"https:\/\/www.suno.com.br\/noticias\/sp-global-rating-do-brasil-estavel\/#primaryimage\"},\"thumbnailUrl\":\"https:\/\/files.sunoresearch.com.br\/n\/uploads\/2021\/11\/Foto3.jpg\",\"keywords\":[\"Classifica\u00e7\u00e3o de Risco (Rating)\"],\"articleSection\":[\"Economia\"],\"inLanguage\":\"pt-BR\"},{\"@type\":\"WebPage\",\"@id\":\"https:\/\/www.suno.com.br\/noticias\/sp-global-rating-do-brasil-estavel\/\",\"url\":\"https:\/\/www.suno.com.br\/noticias\/sp-global-rating-do-brasil-estavel\/\",\"name\":\"S&P reitera rating do Brasil de BB- com perspectiva est\u00e1vel; veja avalia\u00e7\u00e3o\",\"isPartOf\":{\"@id\":\"https:\/\/www.suno.com.br\/noticias\/#website\"},\"primaryImageOfPage\":{\"@id\":\"https:\/\/www.suno.com.br\/noticias\/sp-global-rating-do-brasil-estavel\/#primaryimage\"},\"image\":{\"@id\":\"https:\/\/www.suno.com.br\/noticias\/sp-global-rating-do-brasil-estavel\/#primaryimage\"},\"thumbnailUrl\":\"https:\/\/files.sunoresearch.com.br\/n\/uploads\/2021\/11\/Foto3.jpg\",\"datePublished\":\"2021-12-01T11:22:39+00:00\",\"description\":\"A ag\u00eancia de risco S&P Global reiterou o rating do Brasil de BB-. Em sua avalia\u00e7\u00e3o a ag\u00eancia falou de teto de gastos e contas p\u00fablica. Veja\",\"breadcrumb\":{\"@id\":\"https:\/\/www.suno.com.br\/noticias\/sp-global-rating-do-brasil-estavel\/#breadcrumb\"},\"inLanguage\":\"pt-BR\",\"potentialAction\":[{\"@type\":\"ReadAction\",\"target\":[\"https:\/\/www.suno.com.br\/noticias\/sp-global-rating-do-brasil-estavel\/\"]}]},{\"@type\":\"ImageObject\",\"inLanguage\":\"pt-BR\",\"@id\":\"https:\/\/www.suno.com.br\/noticias\/sp-global-rating-do-brasil-estavel\/#primaryimage\",\"url\":\"https:\/\/files.sunoresearch.com.br\/n\/uploads\/2021\/11\/Foto3.jpg\",\"contentUrl\":\"https:\/\/files.sunoresearch.com.br\/n\/uploads\/2021\/11\/Foto3.jpg\",\"width\":1280,\"height\":960,\"caption\":\"Bandeira do Brasil. Foto: Pixabay\"},{\"@type\":\"BreadcrumbList\",\"@id\":\"https:\/\/www.suno.com.br\/noticias\/sp-global-rating-do-brasil-estavel\/#breadcrumb\",\"itemListElement\":[{\"@type\":\"ListItem\",\"position\":1,\"name\":\"Not\u00edcias\",\"item\":\"https:\/\/www.suno.com.br\/noticias\/\"},{\"@type\":\"ListItem\",\"position\":2,\"name\":\"Economia\",\"item\":\"https:\/\/www.suno.com.br\/noticias\/economia\/\"},{\"@type\":\"ListItem\",\"position\":3,\"name\":\"S&#038;P reitera rating do Brasil de BB- com perspectiva est\u00e1vel, mas vislumbra cen\u00e1rio de rebaixamento; entenda\"}]},{\"@type\":\"WebSite\",\"@id\":\"https:\/\/www.suno.com.br\/noticias\/#website\",\"url\":\"https:\/\/www.suno.com.br\/noticias\/\",\"name\":\"Suno Not\u00edcias\",\"description\":\"Seu portal de informa\u00e7\u00e3o sobre o mundo dos investimentos\",\"publisher\":{\"@id\":\"https:\/\/www.suno.com.br\/noticias\/#organization\"},\"potentialAction\":[{\"@type\":\"SearchAction\",\"target\":{\"@type\":\"EntryPoint\",\"urlTemplate\":\"https:\/\/www.suno.com.br\/noticias\/?s={search_term_string}\"},\"query-input\":{\"@type\":\"PropertyValueSpecification\",\"valueRequired\":true,\"valueName\":\"search_term_string\"}}],\"inLanguage\":\"pt-BR\"},{\"@type\":\"Organization\",\"@id\":\"https:\/\/www.suno.com.br\/noticias\/#organization\",\"name\":\"Suno Not\u00edcias\",\"url\":\"https:\/\/www.suno.com.br\/noticias\/\",\"logo\":{\"@type\":\"ImageObject\",\"inLanguage\":\"pt-BR\",\"@id\":\"https:\/\/www.suno.com.br\/noticias\/#\/schema\/logo\/image\/\",\"url\":\"https:\/\/files.sunoresearch.com.br\/n\/uploads\/2021\/09\/suno-logo.png\",\"contentUrl\":\"https:\/\/files.sunoresearch.com.br\/n\/uploads\/2021\/09\/suno-logo.png\",\"width\":180,\"height\":180,\"caption\":\"Suno Not\u00edcias\"},\"image\":{\"@id\":\"https:\/\/www.suno.com.br\/noticias\/#\/schema\/logo\/image\/\"},\"sameAs\":[\"https:\/\/facebook.com\/sunoresearch\",\"https:\/\/x.com\/sunoresearch\",\"https:\/\/www.instagram.com\/suno\",\"https:\/\/www.linkedin.com\/company\/suno-research\/\",\"https:\/\/www.youtube.com\/c\/sunoresearch\"]},{\"@type\":\"Person\",\"@id\":\"https:\/\/www.suno.com.br\/noticias\/#\/schema\/person\/d712329319cc9b10f254d02d654cb36a\",\"name\":\"Monique Lima\",\"image\":{\"@type\":\"ImageObject\",\"inLanguage\":\"pt-BR\",\"@id\":\"https:\/\/www.suno.com.br\/noticias\/#\/schema\/person\/image\/\",\"url\":\"https:\/\/secure.gravatar.com\/avatar\/daee7f16d906c2e9ffed236206ca2c30?s=96&r=g\",\"contentUrl\":\"https:\/\/secure.gravatar.com\/avatar\/daee7f16d906c2e9ffed236206ca2c30?s=96&r=g\",\"caption\":\"Monique Lima\"},\"description\":\"Rep\u00f3rter de Mercado no Suno Not\u00edcias, \u00e9 jornalista com experi\u00eancia na cobertura de economia, empreendedorismo, finan\u00e7as pessoais, mercado financeiro, carreira e recursos humanos. Formada em Jornalismo pela Universidade Paulista, teve experi\u00eancias em ve\u00edculos de comunica\u00e7\u00e3o como a Ag\u00eancia TradeMap, Revista Voc\u00ea S\/A e Revista Voc\u00ea RH, as duas \u00faltimas publica\u00e7\u00f5es da Editora Abril. No Suno Not\u00edcias, fala sobre as principais not\u00edcias de Fundos Imobili\u00e1rios, Fiagro, Startups e empresas listadas na Bolsa.\",\"url\":\"https:\/\/www.suno.com.br\/noticias\/author\/monique-lima\/\"}]}<\/script>\n<!-- \/ Yoast SEO plugin. -->","yoast_head_json":{"title":"S&P reitera rating do Brasil de BB- com perspectiva est\u00e1vel; veja avalia\u00e7\u00e3o","description":"A ag\u00eancia de risco S&P Global reiterou o rating do Brasil de BB-. Em sua avalia\u00e7\u00e3o a ag\u00eancia falou de teto de gastos e contas p\u00fablica. Veja","robots":{"index":"index","follow":"follow","max-snippet":"max-snippet:-1","max-image-preview":"max-image-preview:large","max-video-preview":"max-video-preview:-1"},"canonical":"https:\/\/www.suno.com.br\/noticias\/sp-global-rating-do-brasil-estavel\/","og_locale":"pt_BR","og_type":"article","og_title":"S&P reitera rating do Brasil de BB- com perspectiva est\u00e1vel; veja avalia\u00e7\u00e3o","og_description":"A ag\u00eancia de risco S&P Global reiterou o rating do Brasil de BB-. Em sua avalia\u00e7\u00e3o a ag\u00eancia falou de teto de gastos e contas p\u00fablica. Veja","og_url":"https:\/\/www.suno.com.br\/noticias\/sp-global-rating-do-brasil-estavel\/","og_site_name":"Suno Not\u00edcias","article_publisher":"https:\/\/facebook.com\/sunoresearch","og_image":[{"width":1280,"height":960,"url":"https:\/\/files.sunoresearch.com.br\/n\/uploads\/2021\/11\/Foto3.jpg","type":"image\/jpeg"}],"author":"Monique Lima","twitter_card":"summary_large_image","twitter_creator":"@sunoresearch","twitter_site":"@sunoresearch","twitter_misc":{"Escrito por":"Monique Lima","Est. tempo de leitura":"3 minutos"},"schema":{"@context":"https:\/\/schema.org","@graph":[{"@type":"NewsArticle","@id":"https:\/\/www.suno.com.br\/noticias\/sp-global-rating-do-brasil-estavel\/#article","isPartOf":{"@id":"https:\/\/www.suno.com.br\/noticias\/sp-global-rating-do-brasil-estavel\/"},"author":{"name":"Monique Lima","@id":"https:\/\/www.suno.com.br\/noticias\/#\/schema\/person\/d712329319cc9b10f254d02d654cb36a"},"headline":"S&#038;P reitera rating do Brasil de BB- com perspectiva est\u00e1vel, mas vislumbra cen\u00e1rio de rebaixamento; entenda","datePublished":"2021-12-01T11:22:39+00:00","mainEntityOfPage":{"@id":"https:\/\/www.suno.com.br\/noticias\/sp-global-rating-do-brasil-estavel\/"},"wordCount":693,"publisher":{"@id":"https:\/\/www.suno.com.br\/noticias\/#organization"},"image":{"@id":"https:\/\/www.suno.com.br\/noticias\/sp-global-rating-do-brasil-estavel\/#primaryimage"},"thumbnailUrl":"https:\/\/files.sunoresearch.com.br\/n\/uploads\/2021\/11\/Foto3.jpg","keywords":["Classifica\u00e7\u00e3o de Risco (Rating)"],"articleSection":["Economia"],"inLanguage":"pt-BR"},{"@type":"WebPage","@id":"https:\/\/www.suno.com.br\/noticias\/sp-global-rating-do-brasil-estavel\/","url":"https:\/\/www.suno.com.br\/noticias\/sp-global-rating-do-brasil-estavel\/","name":"S&P reitera rating do Brasil de BB- com perspectiva est\u00e1vel; veja avalia\u00e7\u00e3o","isPartOf":{"@id":"https:\/\/www.suno.com.br\/noticias\/#website"},"primaryImageOfPage":{"@id":"https:\/\/www.suno.com.br\/noticias\/sp-global-rating-do-brasil-estavel\/#primaryimage"},"image":{"@id":"https:\/\/www.suno.com.br\/noticias\/sp-global-rating-do-brasil-estavel\/#primaryimage"},"thumbnailUrl":"https:\/\/files.sunoresearch.com.br\/n\/uploads\/2021\/11\/Foto3.jpg","datePublished":"2021-12-01T11:22:39+00:00","description":"A ag\u00eancia de risco S&P Global reiterou o rating do Brasil de BB-. Em sua avalia\u00e7\u00e3o a ag\u00eancia falou de teto de gastos e contas p\u00fablica. Veja","breadcrumb":{"@id":"https:\/\/www.suno.com.br\/noticias\/sp-global-rating-do-brasil-estavel\/#breadcrumb"},"inLanguage":"pt-BR","potentialAction":[{"@type":"ReadAction","target":["https:\/\/www.suno.com.br\/noticias\/sp-global-rating-do-brasil-estavel\/"]}]},{"@type":"ImageObject","inLanguage":"pt-BR","@id":"https:\/\/www.suno.com.br\/noticias\/sp-global-rating-do-brasil-estavel\/#primaryimage","url":"https:\/\/files.sunoresearch.com.br\/n\/uploads\/2021\/11\/Foto3.jpg","contentUrl":"https:\/\/files.sunoresearch.com.br\/n\/uploads\/2021\/11\/Foto3.jpg","width":1280,"height":960,"caption":"Bandeira do Brasil. Foto: Pixabay"},{"@type":"BreadcrumbList","@id":"https:\/\/www.suno.com.br\/noticias\/sp-global-rating-do-brasil-estavel\/#breadcrumb","itemListElement":[{"@type":"ListItem","position":1,"name":"Not\u00edcias","item":"https:\/\/www.suno.com.br\/noticias\/"},{"@type":"ListItem","position":2,"name":"Economia","item":"https:\/\/www.suno.com.br\/noticias\/economia\/"},{"@type":"ListItem","position":3,"name":"S&#038;P reitera rating do Brasil de BB- com perspectiva est\u00e1vel, mas vislumbra cen\u00e1rio de rebaixamento; entenda"}]},{"@type":"WebSite","@id":"https:\/\/www.suno.com.br\/noticias\/#website","url":"https:\/\/www.suno.com.br\/noticias\/","name":"Suno Not\u00edcias","description":"Seu portal de informa\u00e7\u00e3o sobre o mundo dos investimentos","publisher":{"@id":"https:\/\/www.suno.com.br\/noticias\/#organization"},"potentialAction":[{"@type":"SearchAction","target":{"@type":"EntryPoint","urlTemplate":"https:\/\/www.suno.com.br\/noticias\/?s={search_term_string}"},"query-input":{"@type":"PropertyValueSpecification","valueRequired":true,"valueName":"search_term_string"}}],"inLanguage":"pt-BR"},{"@type":"Organization","@id":"https:\/\/www.suno.com.br\/noticias\/#organization","name":"Suno Not\u00edcias","url":"https:\/\/www.suno.com.br\/noticias\/","logo":{"@type":"ImageObject","inLanguage":"pt-BR","@id":"https:\/\/www.suno.com.br\/noticias\/#\/schema\/logo\/image\/","url":"https:\/\/files.sunoresearch.com.br\/n\/uploads\/2021\/09\/suno-logo.png","contentUrl":"https:\/\/files.sunoresearch.com.br\/n\/uploads\/2021\/09\/suno-logo.png","width":180,"height":180,"caption":"Suno Not\u00edcias"},"image":{"@id":"https:\/\/www.suno.com.br\/noticias\/#\/schema\/logo\/image\/"},"sameAs":["https:\/\/facebook.com\/sunoresearch","https:\/\/x.com\/sunoresearch","https:\/\/www.instagram.com\/suno","https:\/\/www.linkedin.com\/company\/suno-research\/","https:\/\/www.youtube.com\/c\/sunoresearch"]},{"@type":"Person","@id":"https:\/\/www.suno.com.br\/noticias\/#\/schema\/person\/d712329319cc9b10f254d02d654cb36a","name":"Monique Lima","image":{"@type":"ImageObject","inLanguage":"pt-BR","@id":"https:\/\/www.suno.com.br\/noticias\/#\/schema\/person\/image\/","url":"https:\/\/secure.gravatar.com\/avatar\/daee7f16d906c2e9ffed236206ca2c30?s=96&r=g","contentUrl":"https:\/\/secure.gravatar.com\/avatar\/daee7f16d906c2e9ffed236206ca2c30?s=96&r=g","caption":"Monique Lima"},"description":"Rep\u00f3rter de Mercado no Suno Not\u00edcias, \u00e9 jornalista com experi\u00eancia na cobertura de economia, empreendedorismo, finan\u00e7as pessoais, mercado financeiro, carreira e recursos humanos. Formada em Jornalismo pela Universidade Paulista, teve experi\u00eancias em ve\u00edculos de comunica\u00e7\u00e3o como a Ag\u00eancia TradeMap, Revista Voc\u00ea S\/A e Revista Voc\u00ea RH, as duas \u00faltimas publica\u00e7\u00f5es da Editora Abril. No Suno Not\u00edcias, fala sobre as principais not\u00edcias de Fundos Imobili\u00e1rios, Fiagro, Startups e empresas listadas na Bolsa.","url":"https:\/\/www.suno.com.br\/noticias\/author\/monique-lima\/"}]}},"default_loop_html":"<div class=\"cardsPage__listCard__boxs\"><div class=\"cardsPage__listCard__boxs__img\"><a href=\"https:\/\/www.suno.com.br\/noticias\/sp-global-rating-do-brasil-estavel\/\"><img class=\"mask\" src=\"https:\/\/www.suno.com.br\/noticias\/wp-content\/themes\/suno\/resources\/images\/spotlight\/spotlight1img\/bg-mask.png\" alt=\"Image Mask\"\/><img src=\"https:\/\/files.sunoresearch.com.br\/n\/uploads\/2021\/11\/Foto3-400x200.jpg\" alt=\"S&#038;P reitera rating do Brasil de BB- com perspectiva est\u00e1vel, mas vislumbra cen\u00e1rio de rebaixamento; entenda\"\/><\/a><span class=\"spotlightCategory\"><a href=\"https:\/\/www.suno.com.br\/noticias\/economia\/\">Economia<\/a><\/span><\/div><div class=\"cardsPage__listCard__boxs__content\"><a href=\"https:\/\/www.suno.com.br\/noticias\/sp-global-rating-do-brasil-estavel\/\"><h2 class=\"content__title\">S&#038;P reitera rating do Brasil de BB- com perspectiva est\u00e1vel, mas vislumbra cen\u00e1rio de rebaixamento; entenda<\/h2><\/a><div class=\"newsContent__article__meta\"><div class=\"newsContent__article__meta__authorBox\"><a href=\"https:\/\/www.suno.com.br\/noticias\/author\/monique-lima\/\" class=\"authorBox__avatar noMobi\"><img src=\"https:\/\/secure.gravatar.com\/avatar\/daee7f16d906c2e9ffed236206ca2c30?s=96&#038;r=g\" alt=\"Monique Lima\"><\/a><div class=\"authorBox__name\"><span>por\n\t\t\t<a href=\"https:\/\/www.suno.com.br\/noticias\/author\/monique-lima\/\"><span itemprop=\"author\">Monique Lima<\/span><\/a><\/span><time datetime=\"2021-12-01T08:22:39-03:00\" itemprop=\"datePublished\">01\/12\/2021 08:22<\/time><\/div><\/div><\/div><\/div><\/div>","single_layout":"posts","amp_enabled":true,"_links":{"self":[{"href":"https:\/\/www.suno.com.br\/noticias\/wp-json\/wp\/v2\/posts\/210592"}],"collection":[{"href":"https:\/\/www.suno.com.br\/noticias\/wp-json\/wp\/v2\/posts"}],"about":[{"href":"https:\/\/www.suno.com.br\/noticias\/wp-json\/wp\/v2\/types\/post"}],"author":[{"embeddable":true,"href":"https:\/\/www.suno.com.br\/noticias\/wp-json\/wp\/v2\/users\/102"}],"replies":[{"embeddable":true,"href":"https:\/\/www.suno.com.br\/noticias\/wp-json\/wp\/v2\/comments?post=210592"}],"version-history":[{"count":3,"href":"https:\/\/www.suno.com.br\/noticias\/wp-json\/wp\/v2\/posts\/210592\/revisions"}],"predecessor-version":[{"id":210628,"href":"https:\/\/www.suno.com.br\/noticias\/wp-json\/wp\/v2\/posts\/210592\/revisions\/210628"}],"wp:featuredmedia":[{"embeddable":true,"href":"https:\/\/www.suno.com.br\/noticias\/wp-json\/wp\/v2\/media\/210626"}],"wp:attachment":[{"href":"https:\/\/www.suno.com.br\/noticias\/wp-json\/wp\/v2\/media?parent=210592"}],"wp:term":[{"taxonomy":"category","embeddable":true,"href":"https:\/\/www.suno.com.br\/noticias\/wp-json\/wp\/v2\/categories?post=210592"},{"taxonomy":"post_tag","embeddable":true,"href":"https:\/\/www.suno.com.br\/noticias\/wp-json\/wp\/v2\/tags?post=210592"},{"taxonomy":"suno_strategy","embeddable":true,"href":"https:\/\/www.suno.com.br\/noticias\/wp-json\/wp\/v2\/suno_strategy?post=210592"}],"curies":[{"name":"wp","href":"https:\/\/api.w.org\/{rel}","templated":true}]}}