{"id":210558,"date":"2021-12-01T07:34:59","date_gmt":"2021-12-01T10:34:59","guid":{"rendered":"https:\/\/www.suno.com.br\/noticias\/?p=210558"},"modified":"2021-12-01T08:31:02","modified_gmt":"2021-12-01T11:31:02","slug":"senado-adia-amanha-votacao-pec-dos-precatorios","status":"publish","type":"post","link":"https:\/\/www.suno.com.br\/noticias\/senado-adia-amanha-votacao-pec-dos-precatorios\/","title":{"rendered":"Senado adia para quarta a vota\u00e7\u00e3o da PEC dos Precat\u00f3rios no plen\u00e1rio"},"content":{"rendered":"<p>O Senado deixou para esta quarta-feira (1), a vota\u00e7\u00e3o da <strong>PEC dos Precat\u00f3rios<\/strong> no plen\u00e1rio. O governo ainda negocia mudan\u00e7as para garantir um placar com margem que assegure o qu\u00f3rum necess\u00e1rio para aprovar o texto, ou seja, 49 votos favor\u00e1veis em dois turnos.<\/p>\t<div class=\"wrapper-featured-image\">\n\t\t<figure class=\"spotlightImg\">\n\n\t\t\t<picture>\n\t\t\t\t<source media=\"(max-width: 768px)\" srcset=\"https:\/\/files.sunoresearch.com.br\/n\/uploads\/2021\/11\/50373167341_1205fa5bd9_o-1200x720-1-400x200.jpg\">\n\t\t\t\t<img loading=\"lazy\" decoding=\"async\" class=\"newsContent__article__imgCapa lazyloadDisabled \" src=\"https:\/\/files.sunoresearch.com.br\/n\/uploads\/2021\/11\/50373167341_1205fa5bd9_o-1200x720-1-800x450.jpg\" width=\"800\" height=\"450\" alt=\"Senado adia para quarta a vota\u00e7\u00e3o da PEC dos Precat\u00f3rios no plen\u00e1rio\" fetchpriority=high \/>\n\t\t\t<\/picture>\n\n\t\t\t<figcaption class=\"wp-caption-text wp-caption-text--show\">Fundo eleitoral.. Foto: Ag\u00eancia Brasil<\/figcaption>\n\t\t<\/figure>\n\t<\/div>\n\n\n\t<p>\n\t\t<a href=\"https:\/\/lp.suno.com.br\/planilha-controle-gastos\/\" target=\"_blank\" data-element=\"shortcode-suno-banner\" title=\"Banner SUNO, clique e saiba mais\">\n\t\t\t<picture>\n\t\t\t\t<source media=\"(max-width: 500px)\" srcset=\"https:\/\/files.sunoresearch.com.br\/n\/uploads\/2023\/03\/400x300-Planilha-controle-de-gastos.png\">\n\t\t\t\t<img class=\"newsContent__article__imgCapa newsContent__article__imgCapa--banner\"\n\t\t\t\t\tsrc=\"https:\/\/files.sunoresearch.com.br\/n\/uploads\/2023\/03\/1420x240-Planilha-controle-de-gastos.png\"\n\t\t\t\t\tdata-promo-id=\"101751\"\t\t\t\t\t\t\t\t\t\twidth='1420' height='240'\t\t\t\t\talt=\"https:\/\/files.sunoresearch.com.br\/n\/uploads\/2023\/03\/1420x240-Planilha-controle-de-gastos.png\"\n\t\t\t\t>\n\t\t\t<\/picture>\n\t\t<\/a>\n\t<\/p>\n\n\n<p>O presidente da Casa, <strong>Rodrigo Pacheco<\/strong> (PSD-MG), anunciou que a PEC dos Precat\u00f3rios ser\u00e1 o primeiro item da pauta do plen\u00e1rio hoje, antes da vota\u00e7\u00e3o das indica\u00e7\u00f5es de autoridades. A sess\u00e3o s\u00f3 deve come\u00e7ar ap\u00f3s a sabatina do ex-ministro Andr\u00e9 Mendon\u00e7a, indicado ao Supremo Tribunal Federal (STF), na<strong> Comiss\u00e3o de Constitui\u00e7\u00e3o e Justi\u00e7a<\/strong> (CCJ). Com atrasos no radar, Pacheco tamb\u00e9m incluiu a PEC na pauta de quinta-feira (2).<\/p>\n<p>Nesta ter\u00e7a-feira (30), o texto foi aprovado na CCJ no Senado por 16 votos a 10. A proposta seguiu agora para o plen\u00e1rio da Casa. Os integrantes do colegiado rejeitaram os destaques apresentados. O l\u00edder do governo e relator da PEC, <strong>Fernando Bezerra<\/strong> (MDB-PE), anunciou uma nova mudan\u00e7a para incluir a renda b\u00e1sica como um direito na Constitui\u00e7\u00e3o a pessoas em vulnerabilidade social. H\u00e1 press\u00e3o para outras altera\u00e7\u00f5es na vota\u00e7\u00e3o final.<\/p>\n<p>A PEC abre caminho para o programa substituto do <strong>Bolsa Fam\u00edlia<\/strong>, que pagar\u00e1 R$ 400 aos benefici\u00e1rios, mas somente at\u00e9 o final do ano que vem.<\/p>\n<p>O relat\u00f3rio de Bezerra viabilizava o programa social para al\u00e9m de 2022, mas isso equivaleria a um drible na<strong> Lei de Responsabilidade Fiscal<\/strong>. Entre as mudan\u00e7as apresentadas ontem, o relator deixou claro que o pagamento s\u00f3 acontecer\u00e1 at\u00e9 o final do ano que vem.<\/p>\n\t<p>\n\t\t<a href=\"https:\/\/lp.suno.com.br\/planilha-da-vida-financeira\/\" target=\"_blank\" data-element=\"shortcode-suno-banner\" title=\"Banner SUNO, clique e saiba mais\">\n\t\t\t<picture>\n\t\t\t\t<source media=\"(max-width: 500px)\" srcset=\"https:\/\/files.sunoresearch.com.br\/n\/uploads\/2023\/04\/400x300-Planilha-vida-financeira-true.png\">\n\t\t\t\t<img class=\"newsContent__article__imgCapa newsContent__article__imgCapa--banner\"\n\t\t\t\t\tsrc=\"https:\/\/files.sunoresearch.com.br\/n\/uploads\/2023\/04\/1420x240-Planilha-vida-financeira-true.png\"\n\t\t\t\t\tdata-promo-id=\"106682\"\t\t\t\t\t\t\t\t\t\twidth='1420' height='240'\t\t\t\t\talt=\"https:\/\/files.sunoresearch.com.br\/n\/uploads\/2023\/04\/1420x240-Planilha-vida-financeira-true.png\"\n\t\t\t\t>\n\t\t\t<\/picture>\n\t\t<\/a>\n\t<\/p>\n\n\n<p>&#8220;No complemento de voto que acabei de ler, a gente diz que a excepcionalidade \u00e9 exclusivamente para o ano de 2022, porque n\u00f3s temos um crescimento de receita estrutural que d\u00e1 para bancar o<strong> Aux\u00edlio Brasil<\/strong>. Para os anos seguintes, \u00e9 preciso levar em conta a Lei de Responsabilidade Fiscal&#8221;, afirmou Bezerra.<\/p>\n<p>Bezerra acatou emendas propostas pelos senadores, alterando trechos mais pol\u00eamicos do texto. Por acordo de lideran\u00e7as, por\u00e9m, ficou acertado que a discuss\u00e3o em rela\u00e7\u00e3o ao texto final prosseguir\u00e1 at\u00e9 a aprecia\u00e7\u00e3o dos senadores no plen\u00e1rio.<\/p>\n<p>\u201cN\u00f3s estamos permanentemente abertos ao di\u00e1logo, ao entendimento, at\u00e9 o momento da vota\u00e7\u00e3o no plen\u00e1rio, porque o objetivo \u00e9 construir essa maioria mais ampla\u201d, disse Bezerra logo no in\u00edcio da reuni\u00e3o.<\/p>\n<p>A <strong>PEC dos Precat\u00f3rios,<\/strong> que j\u00e1 passou pela C\u00e2mara dos Deputados, libera espa\u00e7o fiscal em 2022 para o pagamento do programa social Aux\u00edlio Brasil, por meio do parcelamento do pagamento de precat\u00f3rios e da altera\u00e7\u00e3o do m\u00e9todo de c\u00e1lculo do <a class=\"suno-keyword\" href=\"https:\/\/www.suno.com.br\/artigos\/teto-de-gastos\/\" target=\"_blank\" rel=\"noopener\" data-force=\"no\" data-priority=\"1\">teto de gastos<\/a> previsto na Emenda Constitucional 95. Precat\u00f3rios s\u00e3o d\u00edvidas da Uni\u00e3o, dos estados, munic\u00edpios e do Distrito Federal, determinadas por senten\u00e7a judicial definitiva. Podem ser relacionados a impostos, quest\u00f5es salariais ou qualquer outra causa.<\/p>\n<p><em>(Com informa\u00e7\u00f5es do Estad\u00e3o Conte\u00fado)<\/em><\/p>\n\t<p>\n\t\t<a href=\"https:\/\/lp.suno.com.br\/planilha-de-controle-de-investimentos\/\" target=\"_blank\" data-element=\"shortcode-suno-banner\" title=\"Banner SUNO, clique e saiba mais\">\n\t\t\t<picture>\n\t\t\t\t<source media=\"(max-width: 500px)\" srcset=\"https:\/\/files.sunoresearch.com.br\/n\/uploads\/2023\/03\/400x300-Controle-de-Investimentos.png\">\n\t\t\t\t<img class=\"newsContent__article__imgCapa newsContent__article__imgCapa--banner\"\n\t\t\t\t\tsrc=\"https:\/\/files.sunoresearch.com.br\/n\/uploads\/2023\/03\/1420x240-Controle-de-Investimentos.png\"\n\t\t\t\t\tdata-promo-id=\"75934\"\t\t\t\t\t\t\t\t\t\twidth='1420' height='240'\t\t\t\t\talt=\"https:\/\/files.sunoresearch.com.br\/n\/uploads\/2023\/03\/1420x240-Controle-de-Investimentos.png\"\n\t\t\t\t>\n\t\t\t<\/picture>\n\t\t<\/a>\n\t<\/p>\n\n\n","protected":false},"excerpt":{"rendered":"<p>O Senado deixou para esta quarta-feira (1), a vota\u00e7\u00e3o da PEC dos Precat\u00f3rios no plen\u00e1rio. O governo ainda negocia mudan\u00e7as para garantir um placar com margem que assegure o qu\u00f3rum necess\u00e1rio para aprovar o texto, ou seja, 49 votos favor\u00e1veis em dois turnos. Fundo eleitoral.. Foto: Ag\u00eancia Brasil O presidente da Casa, Rodrigo Pacheco (PSD-MG), [&hellip;]<\/p>\n","protected":false},"author":15,"featured_media":210161,"comment_status":"closed","ping_status":"closed","sticky":false,"template":"","format":"standard","meta":[],"categories":[61],"tags":[1127,104591,1068],"suno_strategy":[],"class_list":["post-210558","post","type-post","status-publish","format-standard","has-post-thumbnail","hentry","category-politica","tag-pec-do-teto","tag-precatorios","tag-senado-federal"],"yoast_head":"<!-- This site is optimized with the Yoast SEO plugin v24.4 - https:\/\/yoast.com\/wordpress\/plugins\/seo\/ -->\n<title>Senado adia para quarta a vota\u00e7\u00e3o da PEC dos Precat\u00f3rios no plen\u00e1rio<\/title>\n<meta name=\"description\" content=\"O Senado deixou para esta quarta-feira (1), a vota\u00e7\u00e3o da PEC dos Precat\u00f3rios no plen\u00e1rio. Para saber mais clique aqui e veja\" \/>\n<meta name=\"robots\" content=\"index, follow, max-snippet:-1, max-image-preview:large, max-video-preview:-1\" \/>\n<link rel=\"canonical\" href=\"https:\/\/www.suno.com.br\/noticias\/senado-adia-amanha-votacao-pec-dos-precatorios\/\" \/>\n<meta property=\"og:locale\" content=\"pt_BR\" \/>\n<meta property=\"og:type\" content=\"article\" \/>\n<meta property=\"og:title\" content=\"Senado adia para quarta a vota\u00e7\u00e3o da PEC dos Precat\u00f3rios no plen\u00e1rio\" \/>\n<meta property=\"og:description\" content=\"O Senado deixou para esta quarta-feira (1), a vota\u00e7\u00e3o da PEC dos Precat\u00f3rios no plen\u00e1rio. Para saber mais clique aqui e veja\" \/>\n<meta property=\"og:url\" content=\"https:\/\/www.suno.com.br\/noticias\/senado-adia-amanha-votacao-pec-dos-precatorios\/\" \/>\n<meta property=\"og:site_name\" content=\"Suno Not\u00edcias\" \/>\n<meta property=\"article:publisher\" content=\"https:\/\/facebook.com\/sunoresearch\" \/>\n<meta property=\"og:image\" content=\"https:\/\/files.sunoresearch.com.br\/n\/uploads\/2021\/11\/50373167341_1205fa5bd9_o-1200x720-1.jpg\" \/>\n\t<meta property=\"og:image:width\" content=\"1200\" \/>\n\t<meta property=\"og:image:height\" content=\"720\" \/>\n\t<meta property=\"og:image:type\" content=\"image\/jpeg\" \/>\n<meta name=\"author\" content=\"Poliana Santos\" \/>\n<meta name=\"twitter:card\" content=\"summary_large_image\" \/>\n<meta name=\"twitter:creator\" content=\"@sunoresearch\" \/>\n<meta name=\"twitter:site\" content=\"@sunoresearch\" \/>\n<meta name=\"twitter:label1\" content=\"Escrito por\" \/>\n\t<meta name=\"twitter:data1\" content=\"Poliana Santos\" \/>\n\t<meta name=\"twitter:label2\" content=\"Est. tempo de leitura\" \/>\n\t<meta name=\"twitter:data2\" content=\"3 minutos\" \/>\n<script type=\"application\/ld+json\" class=\"yoast-schema-graph\">{\"@context\":\"https:\/\/schema.org\",\"@graph\":[{\"@type\":\"NewsArticle\",\"@id\":\"https:\/\/www.suno.com.br\/noticias\/senado-adia-amanha-votacao-pec-dos-precatorios\/#article\",\"isPartOf\":{\"@id\":\"https:\/\/www.suno.com.br\/noticias\/senado-adia-amanha-votacao-pec-dos-precatorios\/\"},\"author\":{\"name\":\"Poliana Santos\",\"@id\":\"https:\/\/www.suno.com.br\/noticias\/#\/schema\/person\/02ec1f752758247878a2bf4abee1aeda\"},\"headline\":\"Senado adia para quarta a vota\u00e7\u00e3o da PEC dos Precat\u00f3rios no plen\u00e1rio\",\"datePublished\":\"2021-12-01T10:34:59+00:00\",\"dateModified\":\"2021-12-01T11:31:02+00:00\",\"mainEntityOfPage\":{\"@id\":\"https:\/\/www.suno.com.br\/noticias\/senado-adia-amanha-votacao-pec-dos-precatorios\/\"},\"wordCount\":527,\"publisher\":{\"@id\":\"https:\/\/www.suno.com.br\/noticias\/#organization\"},\"image\":{\"@id\":\"https:\/\/www.suno.com.br\/noticias\/senado-adia-amanha-votacao-pec-dos-precatorios\/#primaryimage\"},\"thumbnailUrl\":\"https:\/\/files.sunoresearch.com.br\/n\/uploads\/2021\/11\/50373167341_1205fa5bd9_o-1200x720-1.jpg\",\"keywords\":[\"PEC do teto\",\"precat\u00f3rios\",\"Senado Federal\"],\"articleSection\":[\"Pol\u00edtica\"],\"inLanguage\":\"pt-BR\"},{\"@type\":\"WebPage\",\"@id\":\"https:\/\/www.suno.com.br\/noticias\/senado-adia-amanha-votacao-pec-dos-precatorios\/\",\"url\":\"https:\/\/www.suno.com.br\/noticias\/senado-adia-amanha-votacao-pec-dos-precatorios\/\",\"name\":\"Senado adia para quarta a vota\u00e7\u00e3o da PEC dos Precat\u00f3rios no plen\u00e1rio\",\"isPartOf\":{\"@id\":\"https:\/\/www.suno.com.br\/noticias\/#website\"},\"primaryImageOfPage\":{\"@id\":\"https:\/\/www.suno.com.br\/noticias\/senado-adia-amanha-votacao-pec-dos-precatorios\/#primaryimage\"},\"image\":{\"@id\":\"https:\/\/www.suno.com.br\/noticias\/senado-adia-amanha-votacao-pec-dos-precatorios\/#primaryimage\"},\"thumbnailUrl\":\"https:\/\/files.sunoresearch.com.br\/n\/uploads\/2021\/11\/50373167341_1205fa5bd9_o-1200x720-1.jpg\",\"datePublished\":\"2021-12-01T10:34:59+00:00\",\"dateModified\":\"2021-12-01T11:31:02+00:00\",\"description\":\"O Senado deixou para esta quarta-feira (1), a vota\u00e7\u00e3o da PEC dos Precat\u00f3rios no plen\u00e1rio. Para saber mais clique aqui e veja\",\"breadcrumb\":{\"@id\":\"https:\/\/www.suno.com.br\/noticias\/senado-adia-amanha-votacao-pec-dos-precatorios\/#breadcrumb\"},\"inLanguage\":\"pt-BR\",\"potentialAction\":[{\"@type\":\"ReadAction\",\"target\":[\"https:\/\/www.suno.com.br\/noticias\/senado-adia-amanha-votacao-pec-dos-precatorios\/\"]}]},{\"@type\":\"ImageObject\",\"inLanguage\":\"pt-BR\",\"@id\":\"https:\/\/www.suno.com.br\/noticias\/senado-adia-amanha-votacao-pec-dos-precatorios\/#primaryimage\",\"url\":\"https:\/\/files.sunoresearch.com.br\/n\/uploads\/2021\/11\/50373167341_1205fa5bd9_o-1200x720-1.jpg\",\"contentUrl\":\"https:\/\/files.sunoresearch.com.br\/n\/uploads\/2021\/11\/50373167341_1205fa5bd9_o-1200x720-1.jpg\",\"width\":1200,\"height\":720,\"caption\":\"Fundo eleitoral.. Foto: Ag\u00eancia Brasil\"},{\"@type\":\"BreadcrumbList\",\"@id\":\"https:\/\/www.suno.com.br\/noticias\/senado-adia-amanha-votacao-pec-dos-precatorios\/#breadcrumb\",\"itemListElement\":[{\"@type\":\"ListItem\",\"position\":1,\"name\":\"Not\u00edcias\",\"item\":\"https:\/\/www.suno.com.br\/noticias\/\"},{\"@type\":\"ListItem\",\"position\":2,\"name\":\"Pol\u00edtica\",\"item\":\"https:\/\/www.suno.com.br\/noticias\/politica\/\"},{\"@type\":\"ListItem\",\"position\":3,\"name\":\"Senado adia para quarta a vota\u00e7\u00e3o da PEC dos Precat\u00f3rios no plen\u00e1rio\"}]},{\"@type\":\"WebSite\",\"@id\":\"https:\/\/www.suno.com.br\/noticias\/#website\",\"url\":\"https:\/\/www.suno.com.br\/noticias\/\",\"name\":\"Suno Not\u00edcias\",\"description\":\"Seu portal de informa\u00e7\u00e3o sobre o mundo dos investimentos\",\"publisher\":{\"@id\":\"https:\/\/www.suno.com.br\/noticias\/#organization\"},\"potentialAction\":[{\"@type\":\"SearchAction\",\"target\":{\"@type\":\"EntryPoint\",\"urlTemplate\":\"https:\/\/www.suno.com.br\/noticias\/?s={search_term_string}\"},\"query-input\":{\"@type\":\"PropertyValueSpecification\",\"valueRequired\":true,\"valueName\":\"search_term_string\"}}],\"inLanguage\":\"pt-BR\"},{\"@type\":\"Organization\",\"@id\":\"https:\/\/www.suno.com.br\/noticias\/#organization\",\"name\":\"Suno Not\u00edcias\",\"url\":\"https:\/\/www.suno.com.br\/noticias\/\",\"logo\":{\"@type\":\"ImageObject\",\"inLanguage\":\"pt-BR\",\"@id\":\"https:\/\/www.suno.com.br\/noticias\/#\/schema\/logo\/image\/\",\"url\":\"https:\/\/files.sunoresearch.com.br\/n\/uploads\/2021\/09\/suno-logo.png\",\"contentUrl\":\"https:\/\/files.sunoresearch.com.br\/n\/uploads\/2021\/09\/suno-logo.png\",\"width\":180,\"height\":180,\"caption\":\"Suno Not\u00edcias\"},\"image\":{\"@id\":\"https:\/\/www.suno.com.br\/noticias\/#\/schema\/logo\/image\/\"},\"sameAs\":[\"https:\/\/facebook.com\/sunoresearch\",\"https:\/\/x.com\/sunoresearch\",\"https:\/\/www.instagram.com\/suno\",\"https:\/\/www.linkedin.com\/company\/suno-research\/\",\"https:\/\/www.youtube.com\/c\/sunoresearch\"]},{\"@type\":\"Person\",\"@id\":\"https:\/\/www.suno.com.br\/noticias\/#\/schema\/person\/02ec1f752758247878a2bf4abee1aeda\",\"name\":\"Poliana Santos\",\"image\":{\"@type\":\"ImageObject\",\"inLanguage\":\"pt-BR\",\"@id\":\"https:\/\/www.suno.com.br\/noticias\/#\/schema\/person\/image\/\",\"url\":\"https:\/\/secure.gravatar.com\/avatar\/0645bd32f23d87b2130f2b2dff1d3f8d?s=96&r=g\",\"contentUrl\":\"https:\/\/secure.gravatar.com\/avatar\/0645bd32f23d87b2130f2b2dff1d3f8d?s=96&r=g\",\"caption\":\"Poliana Santos\"},\"description\":\"Rep\u00f3rter no Suno Not\u00edcias, com cobertura em mercado financeiro, economia, finan\u00e7as pessoais, renda fixa e varejo. Jornalista formada pela Faculdade C\u00e1sper L\u00edbero e possui passagem na R\u00e1dio Gazeta AM com a produ\u00e7\u00e3o de conte\u00fado sobre economia, pol\u00edtica, sa\u00fade, moda e m\u00fasica. Possui certificado de conclus\u00e3o do curso de An\u00e1lise de Balan\u00e7os pela Funda\u00e7\u00e3o Bradesco, Agenda Brasil pela FAAP, Educa\u00e7\u00e3o Pol\u00edtica por Alexandre Garcia e do Tesouro Direto e Mercado de A\u00e7\u00f5es pela B3.\",\"url\":\"https:\/\/www.suno.com.br\/noticias\/author\/poliana-santos\/\"}]}<\/script>\n<!-- \/ Yoast SEO plugin. -->","yoast_head_json":{"title":"Senado adia para quarta a vota\u00e7\u00e3o da PEC dos Precat\u00f3rios no plen\u00e1rio","description":"O Senado deixou para esta quarta-feira (1), a vota\u00e7\u00e3o da PEC dos Precat\u00f3rios no plen\u00e1rio. Para saber mais clique aqui e veja","robots":{"index":"index","follow":"follow","max-snippet":"max-snippet:-1","max-image-preview":"max-image-preview:large","max-video-preview":"max-video-preview:-1"},"canonical":"https:\/\/www.suno.com.br\/noticias\/senado-adia-amanha-votacao-pec-dos-precatorios\/","og_locale":"pt_BR","og_type":"article","og_title":"Senado adia para quarta a vota\u00e7\u00e3o da PEC dos Precat\u00f3rios no plen\u00e1rio","og_description":"O Senado deixou para esta quarta-feira (1), a vota\u00e7\u00e3o da PEC dos Precat\u00f3rios no plen\u00e1rio. Para saber mais clique aqui e veja","og_url":"https:\/\/www.suno.com.br\/noticias\/senado-adia-amanha-votacao-pec-dos-precatorios\/","og_site_name":"Suno Not\u00edcias","article_publisher":"https:\/\/facebook.com\/sunoresearch","og_image":[{"width":1200,"height":720,"url":"https:\/\/files.sunoresearch.com.br\/n\/uploads\/2021\/11\/50373167341_1205fa5bd9_o-1200x720-1.jpg","type":"image\/jpeg"}],"author":"Poliana Santos","twitter_card":"summary_large_image","twitter_creator":"@sunoresearch","twitter_site":"@sunoresearch","twitter_misc":{"Escrito por":"Poliana Santos","Est. tempo de leitura":"3 minutos"},"schema":{"@context":"https:\/\/schema.org","@graph":[{"@type":"NewsArticle","@id":"https:\/\/www.suno.com.br\/noticias\/senado-adia-amanha-votacao-pec-dos-precatorios\/#article","isPartOf":{"@id":"https:\/\/www.suno.com.br\/noticias\/senado-adia-amanha-votacao-pec-dos-precatorios\/"},"author":{"name":"Poliana Santos","@id":"https:\/\/www.suno.com.br\/noticias\/#\/schema\/person\/02ec1f752758247878a2bf4abee1aeda"},"headline":"Senado adia para quarta a vota\u00e7\u00e3o da PEC dos Precat\u00f3rios no plen\u00e1rio","datePublished":"2021-12-01T10:34:59+00:00","dateModified":"2021-12-01T11:31:02+00:00","mainEntityOfPage":{"@id":"https:\/\/www.suno.com.br\/noticias\/senado-adia-amanha-votacao-pec-dos-precatorios\/"},"wordCount":527,"publisher":{"@id":"https:\/\/www.suno.com.br\/noticias\/#organization"},"image":{"@id":"https:\/\/www.suno.com.br\/noticias\/senado-adia-amanha-votacao-pec-dos-precatorios\/#primaryimage"},"thumbnailUrl":"https:\/\/files.sunoresearch.com.br\/n\/uploads\/2021\/11\/50373167341_1205fa5bd9_o-1200x720-1.jpg","keywords":["PEC do teto","precat\u00f3rios","Senado Federal"],"articleSection":["Pol\u00edtica"],"inLanguage":"pt-BR"},{"@type":"WebPage","@id":"https:\/\/www.suno.com.br\/noticias\/senado-adia-amanha-votacao-pec-dos-precatorios\/","url":"https:\/\/www.suno.com.br\/noticias\/senado-adia-amanha-votacao-pec-dos-precatorios\/","name":"Senado adia para quarta a vota\u00e7\u00e3o da PEC dos Precat\u00f3rios no plen\u00e1rio","isPartOf":{"@id":"https:\/\/www.suno.com.br\/noticias\/#website"},"primaryImageOfPage":{"@id":"https:\/\/www.suno.com.br\/noticias\/senado-adia-amanha-votacao-pec-dos-precatorios\/#primaryimage"},"image":{"@id":"https:\/\/www.suno.com.br\/noticias\/senado-adia-amanha-votacao-pec-dos-precatorios\/#primaryimage"},"thumbnailUrl":"https:\/\/files.sunoresearch.com.br\/n\/uploads\/2021\/11\/50373167341_1205fa5bd9_o-1200x720-1.jpg","datePublished":"2021-12-01T10:34:59+00:00","dateModified":"2021-12-01T11:31:02+00:00","description":"O Senado deixou para esta quarta-feira (1), a vota\u00e7\u00e3o da PEC dos Precat\u00f3rios no plen\u00e1rio. Para saber mais clique aqui e veja","breadcrumb":{"@id":"https:\/\/www.suno.com.br\/noticias\/senado-adia-amanha-votacao-pec-dos-precatorios\/#breadcrumb"},"inLanguage":"pt-BR","potentialAction":[{"@type":"ReadAction","target":["https:\/\/www.suno.com.br\/noticias\/senado-adia-amanha-votacao-pec-dos-precatorios\/"]}]},{"@type":"ImageObject","inLanguage":"pt-BR","@id":"https:\/\/www.suno.com.br\/noticias\/senado-adia-amanha-votacao-pec-dos-precatorios\/#primaryimage","url":"https:\/\/files.sunoresearch.com.br\/n\/uploads\/2021\/11\/50373167341_1205fa5bd9_o-1200x720-1.jpg","contentUrl":"https:\/\/files.sunoresearch.com.br\/n\/uploads\/2021\/11\/50373167341_1205fa5bd9_o-1200x720-1.jpg","width":1200,"height":720,"caption":"Fundo eleitoral.. Foto: Ag\u00eancia Brasil"},{"@type":"BreadcrumbList","@id":"https:\/\/www.suno.com.br\/noticias\/senado-adia-amanha-votacao-pec-dos-precatorios\/#breadcrumb","itemListElement":[{"@type":"ListItem","position":1,"name":"Not\u00edcias","item":"https:\/\/www.suno.com.br\/noticias\/"},{"@type":"ListItem","position":2,"name":"Pol\u00edtica","item":"https:\/\/www.suno.com.br\/noticias\/politica\/"},{"@type":"ListItem","position":3,"name":"Senado adia para quarta a vota\u00e7\u00e3o da PEC dos Precat\u00f3rios no plen\u00e1rio"}]},{"@type":"WebSite","@id":"https:\/\/www.suno.com.br\/noticias\/#website","url":"https:\/\/www.suno.com.br\/noticias\/","name":"Suno Not\u00edcias","description":"Seu portal de informa\u00e7\u00e3o sobre o mundo dos investimentos","publisher":{"@id":"https:\/\/www.suno.com.br\/noticias\/#organization"},"potentialAction":[{"@type":"SearchAction","target":{"@type":"EntryPoint","urlTemplate":"https:\/\/www.suno.com.br\/noticias\/?s={search_term_string}"},"query-input":{"@type":"PropertyValueSpecification","valueRequired":true,"valueName":"search_term_string"}}],"inLanguage":"pt-BR"},{"@type":"Organization","@id":"https:\/\/www.suno.com.br\/noticias\/#organization","name":"Suno Not\u00edcias","url":"https:\/\/www.suno.com.br\/noticias\/","logo":{"@type":"ImageObject","inLanguage":"pt-BR","@id":"https:\/\/www.suno.com.br\/noticias\/#\/schema\/logo\/image\/","url":"https:\/\/files.sunoresearch.com.br\/n\/uploads\/2021\/09\/suno-logo.png","contentUrl":"https:\/\/files.sunoresearch.com.br\/n\/uploads\/2021\/09\/suno-logo.png","width":180,"height":180,"caption":"Suno Not\u00edcias"},"image":{"@id":"https:\/\/www.suno.com.br\/noticias\/#\/schema\/logo\/image\/"},"sameAs":["https:\/\/facebook.com\/sunoresearch","https:\/\/x.com\/sunoresearch","https:\/\/www.instagram.com\/suno","https:\/\/www.linkedin.com\/company\/suno-research\/","https:\/\/www.youtube.com\/c\/sunoresearch"]},{"@type":"Person","@id":"https:\/\/www.suno.com.br\/noticias\/#\/schema\/person\/02ec1f752758247878a2bf4abee1aeda","name":"Poliana Santos","image":{"@type":"ImageObject","inLanguage":"pt-BR","@id":"https:\/\/www.suno.com.br\/noticias\/#\/schema\/person\/image\/","url":"https:\/\/secure.gravatar.com\/avatar\/0645bd32f23d87b2130f2b2dff1d3f8d?s=96&r=g","contentUrl":"https:\/\/secure.gravatar.com\/avatar\/0645bd32f23d87b2130f2b2dff1d3f8d?s=96&r=g","caption":"Poliana Santos"},"description":"Rep\u00f3rter no Suno Not\u00edcias, com cobertura em mercado financeiro, economia, finan\u00e7as pessoais, renda fixa e varejo. Jornalista formada pela Faculdade C\u00e1sper L\u00edbero e possui passagem na R\u00e1dio Gazeta AM com a produ\u00e7\u00e3o de conte\u00fado sobre economia, pol\u00edtica, sa\u00fade, moda e m\u00fasica. Possui certificado de conclus\u00e3o do curso de An\u00e1lise de Balan\u00e7os pela Funda\u00e7\u00e3o Bradesco, Agenda Brasil pela FAAP, Educa\u00e7\u00e3o Pol\u00edtica por Alexandre Garcia e do Tesouro Direto e Mercado de A\u00e7\u00f5es pela B3.","url":"https:\/\/www.suno.com.br\/noticias\/author\/poliana-santos\/"}]}},"default_loop_html":"<div class=\"cardsPage__listCard__boxs\"><div class=\"cardsPage__listCard__boxs__img\"><a href=\"https:\/\/www.suno.com.br\/noticias\/senado-adia-amanha-votacao-pec-dos-precatorios\/\"><img class=\"mask\" src=\"https:\/\/www.suno.com.br\/noticias\/wp-content\/themes\/suno\/resources\/images\/spotlight\/spotlight1img\/bg-mask.png\" alt=\"Image Mask\"\/><img src=\"https:\/\/files.sunoresearch.com.br\/n\/uploads\/2021\/11\/50373167341_1205fa5bd9_o-1200x720-1-400x200.jpg\" alt=\"Senado adia para quarta a vota\u00e7\u00e3o da PEC dos Precat\u00f3rios no plen\u00e1rio\"\/><\/a><span class=\"spotlightCategory\"><a href=\"https:\/\/www.suno.com.br\/noticias\/politica\/\">Pol\u00edtica<\/a><\/span><\/div><div class=\"cardsPage__listCard__boxs__content\"><a href=\"https:\/\/www.suno.com.br\/noticias\/senado-adia-amanha-votacao-pec-dos-precatorios\/\"><h2 class=\"content__title\">Senado adia para quarta a vota\u00e7\u00e3o da PEC dos Precat\u00f3rios no plen\u00e1rio<\/h2><\/a><div class=\"newsContent__article__meta\"><div class=\"newsContent__article__meta__authorBox\"><a href=\"https:\/\/www.suno.com.br\/noticias\/author\/poliana-santos\/\" class=\"authorBox__avatar noMobi\"><img src=\"https:\/\/files.sunoresearch.com.br\/n\/uploads\/2020\/08\/7ef34026-whatsapp-image-2020-08-03-at-12.37.57-150x150.webp\" alt=\"Poliana Santos\"><\/a><div class=\"authorBox__name\"><span>por\n\t\t\t<a href=\"https:\/\/www.suno.com.br\/noticias\/author\/poliana-santos\/\"><span itemprop=\"author\">Poliana Santos<\/span><\/a><\/span><time datetime=\"2021-12-01T07:34:59-03:00\" itemprop=\"datePublished\">01\/12\/2021 07:34<\/time><\/div><\/div><\/div><\/div><\/div>","single_layout":"posts","amp_enabled":true,"_links":{"self":[{"href":"https:\/\/www.suno.com.br\/noticias\/wp-json\/wp\/v2\/posts\/210558"}],"collection":[{"href":"https:\/\/www.suno.com.br\/noticias\/wp-json\/wp\/v2\/posts"}],"about":[{"href":"https:\/\/www.suno.com.br\/noticias\/wp-json\/wp\/v2\/types\/post"}],"author":[{"embeddable":true,"href":"https:\/\/www.suno.com.br\/noticias\/wp-json\/wp\/v2\/users\/15"}],"replies":[{"embeddable":true,"href":"https:\/\/www.suno.com.br\/noticias\/wp-json\/wp\/v2\/comments?post=210558"}],"version-history":[{"count":4,"href":"https:\/\/www.suno.com.br\/noticias\/wp-json\/wp\/v2\/posts\/210558\/revisions"}],"predecessor-version":[{"id":210613,"href":"https:\/\/www.suno.com.br\/noticias\/wp-json\/wp\/v2\/posts\/210558\/revisions\/210613"}],"wp:featuredmedia":[{"embeddable":true,"href":"https:\/\/www.suno.com.br\/noticias\/wp-json\/wp\/v2\/media\/210161"}],"wp:attachment":[{"href":"https:\/\/www.suno.com.br\/noticias\/wp-json\/wp\/v2\/media?parent=210558"}],"wp:term":[{"taxonomy":"category","embeddable":true,"href":"https:\/\/www.suno.com.br\/noticias\/wp-json\/wp\/v2\/categories?post=210558"},{"taxonomy":"post_tag","embeddable":true,"href":"https:\/\/www.suno.com.br\/noticias\/wp-json\/wp\/v2\/tags?post=210558"},{"taxonomy":"suno_strategy","embeddable":true,"href":"https:\/\/www.suno.com.br\/noticias\/wp-json\/wp\/v2\/suno_strategy?post=210558"}],"curies":[{"name":"wp","href":"https:\/\/api.w.org\/{rel}","templated":true}]}}