{"id":21028,"date":"2019-04-15T15:54:58","date_gmt":"2019-04-15T18:54:58","guid":{"rendered":"https:\/\/www.suno.com.br\/noticias\/?p=21028"},"modified":"2019-04-15T17:16:09","modified_gmt":"2019-04-15T20:16:09","slug":"salario-minimo-bolsonaro-1040-sem-aumento-real","status":"publish","type":"post","link":"https:\/\/www.suno.com.br\/noticias\/salario-minimo-bolsonaro-1040-sem-aumento-real\/","title":{"rendered":"Sal\u00e1rio m\u00ednimo proposto pelo governo Bolsonaro \u00e9 de R$ 1.040 para 2020"},"content":{"rendered":"<p>O governo do presidente da Rep\u00fablica,<strong> Jair Bolsonaro<\/strong>, prop\u00f4s sal\u00e1rio m\u00ednimo de <strong>R$ 1.040 para 2020<\/strong>. A informa\u00e7\u00e3o est\u00e1 contida no projeto de <strong>Lei de Diretrizes Or\u00e7ament\u00e1rias<\/strong> (LDO) para o pr\u00f3ximo ano. O documento foi entre nesta segunda-feira (15) pelo secret\u00e1rio especial de Fazenda do Minist\u00e9rio da Economia, <strong>Waldery Rodrigues<\/strong> ao Congresso Nacional.<\/p>\t<div class=\"wrapper-featured-image\">\n\t\t<figure class=\"spotlightImg\">\n\n\t\t\t<picture>\n\t\t\t\t<source media=\"(max-width: 768px)\" srcset=\"https:\/\/files.sunoresearch.com.br\/n\/uploads\/2018\/12\/8626fd37-bolsonaro-400x200.webp\">\n\t\t\t\t<img loading=\"lazy\" decoding=\"async\" class=\"newsContent__article__imgCapa lazyloadDisabled newsContent__article__imgCapa--noCaption\" src=\"https:\/\/files.sunoresearch.com.br\/n\/uploads\/2018\/12\/8626fd37-bolsonaro-800x450.webp\" width=\"800\" height=\"450\" alt=\"Sal\u00e1rio m\u00ednimo proposto pelo governo Bolsonaro \u00e9 de R$ 1.040 para 2020\" fetchpriority=high \/>\n\t\t\t<\/picture>\n\n\t\t\t<figcaption class=\"wp-caption-text wp-caption-text--hide\">O sal\u00e1rio m\u00ednimo para 2020 proposto pelo governo \u00e9 de R$ 1.040,00.<\/figcaption>\n\t\t<\/figure>\n\t<\/div>\n\n\n<p>Atualmente, o<strong> sal\u00e1rio m\u00ednimo<\/strong> \u00e9 de <strong>R$ 998<\/strong>. O reajuste <strong>n\u00e3o possui aumento real<\/strong>, apenas corre\u00e7\u00e3o pela <a href=\"https:\/\/www.suno.com.br\/artigos\/inflacao\/\">infla\u00e7\u00e3o<\/a>: sobre o valor atual, a alta prevista para o pr\u00f3ximo ano \u00e9 de<strong> 4,2%<\/strong>.<\/p>\n<p>A <a href=\"https:\/\/www.suno.com.br\/artigos\/meta-de-inflacao\/\">meta de infla\u00e7\u00e3o<\/a> fixada para pelo <a href=\"https:\/\/www.suno.com.br\/artigos\/cmn-conselho-monetario-nacional\/\">Conselho Monet\u00e1rio Nacional<\/a> (CMN) para este ano, de <strong>4,25%<\/strong>. A meta tem uma toler\u00e2ncia de 1,5 ponto percentual, podendo ir de 2,75% at\u00e9 5,75%. A infla\u00e7\u00e3o oficial do Pa\u00eds \u00e9 apresentada pelo <strong>Instituto Brasileiro de Geografia e Estat\u00edstica<\/strong> (IBGE). E o indicador \u00e9 o <a href=\"https:\/\/www.suno.com.br\/artigos\/ipca\/\">\u00cdndice Nacional de Pre\u00e7os ao Consumidor Amplo<\/a> (IPCA).<\/p>\n\n<p>&nbsp;<\/p>\n<p>Caso o <strong>reajuste<\/strong> seja aprovado pelo <strong>Legislativo<\/strong>, o valor come\u00e7a a valer em <strong>janeiro de 2020.<\/strong>\u00a0Com pagamento a partir de fevereiro.<\/p>\n<p>Esta ser\u00e1 a <strong>primeira vez<\/strong> que o sal\u00e1rio m\u00ednimo, refer\u00eancia para mais de 45 milh\u00f5es de pessoas, ficar\u00e1 <strong>acima de R$ 1 mil<\/strong>.<\/p>\n<p>Confira abaixo a proposta de <strong>remunera\u00e7\u00e3o m\u00ednima<\/strong> para 2021 e 2022:<\/p>\n<ul>\n<li><strong>2021:\u00a0<\/strong>R$ 1.082.<\/li>\n<li><strong>2022:\u00a0<\/strong>R$ 1.123.<\/li>\n<\/ul>\n<p><a href=\"https:\/\/www.suno.com.br\/noticias\/inflacao-marco-presidente-banco-central-comenta-ipca\/\">Saiba mais &#8211;\u00a0Infla\u00e7\u00e3o: presidente do BC comenta IPCA de mar\u00e7o, que ficou em 0,75%\u00a0<\/a><\/p>\n<h2>Aus\u00eancia de aumento real<\/h2>\n<p>Os <strong>sal\u00e1rios m\u00ednimos<\/strong> propostos pelo<strong> governo Bolsonaro<\/strong> para 2020, 2021 e 2022 n\u00e3o possuem aumento real. Os valores foram corrigidos apenas pela infla\u00e7\u00e3o: o\u00a0<a href=\"https:\/\/www.suno.com.br\/artigos\/inpc\/\">\u00cdndice Nacional de Pre\u00e7os ao Consumidor<\/a> (INPC).<\/p>\n<p>Deste modo, a nova gest\u00e3o com o pol\u00edtico do <strong>PSL<\/strong> vai contra a pol\u00edtica implantada pela administra\u00e7\u00e3o de <strong>Dilma Rousseff<\/strong>, do <strong>PT<\/strong>. Al\u00e9m da corre\u00e7\u00e3o da <strong>infla\u00e7\u00e3o<\/strong>, havia ainda\u00a0<span style=\"font-size: 1.21429rem;\">a soma da varia\u00e7\u00e3o do <a href=\"https:\/\/www.suno.com.br\/artigos\/pib-produto-interno-bruto\/\">Produto Interno Bruto<\/a> (PIB) de dois anos anteriores.<\/span><\/p>\n<p>A pol\u00edtica de reajustes da ex-presidenta <strong>Dilma Rousseff<\/strong> foi aprovada pelo Congresso Nacional, e vigorou entre 2011 e 2019. Entretanto, os reajustes do <strong>sal\u00e1rio m\u00ednimo<\/strong> nem sempre seguiram a f\u00f3rmula: <strong>infla\u00e7\u00e3o + varia\u00e7\u00e3o do PIB de dois anos anteriores<\/strong>.<\/p>\n<p>Em <strong>2017<\/strong> e <strong>2018<\/strong>, por exemplo, houve\u00a0apenas corre\u00e7\u00e3o com base no <strong>INPC<\/strong>, devido \u00e0 <strong>retra\u00e7\u00e3o<\/strong> dos dois anos anteriores.<\/p>\n\t<p>\n\t\t<a href=\"https:\/\/www.suno.com.br\/wealth\/\" target=\"_blank\" data-element=\"shortcode-suno-banner\" title=\"Banner SUNO, clique e saiba mais\">\n\t\t\t<picture>\n\t\t\t\t<source media=\"(max-width: 500px)\" srcset=\"https:\/\/files.sunoresearch.com.br\/n\/uploads\/2024\/01\/400x300-Mobile-WEALTH.png\">\n\t\t\t\t<img class=\"newsContent__article__imgCapa newsContent__article__imgCapa--banner\"\n\t\t\t\t\tsrc=\"https:\/\/files.sunoresearch.com.br\/n\/uploads\/2024\/01\/1420x240-Banner-Artigos-1-_-Banner-Materias-1-6.png\"\n\t\t\t\t\tdata-promo-id=\"512147\"\t\t\t\t\t\t\t\t\t\twidth='1420' height='240'\t\t\t\t\talt=\"https:\/\/files.sunoresearch.com.br\/n\/uploads\/2024\/01\/1420x240-Banner-Artigos-1-_-Banner-Materias-1-6.png\"\n\t\t\t\t>\n\t\t\t<\/picture>\n\t\t<\/a>\n\t<\/p>\n\n\n<h2>Lei de Diretrizes Or\u00e7ament\u00e1rias<\/h2>\n<p>A <strong>LDO<\/strong> \u00e9 respons\u00e1vel por definir os par\u00e2metros e as metas fiscais para a elabora\u00e7\u00e3o do <strong>Or\u00e7amento<\/strong> do <strong>ano seguinte<\/strong>. De acordo com a legisla\u00e7\u00e3o brasileira, o governo deve enviar o projeto at\u00e9<strong> 15 de abril de cada ano<\/strong>.<\/p>\n<p>Caso o <strong>Congresso Nacional<\/strong> n\u00e3o consiga aprovar a LDO at\u00e9 o fim do semestre, o projeto passa a trancar a pauta.<\/p>\n<p>O valor do <strong>sal\u00e1rio m\u00ednimo<\/strong> pode aumentar ou diminuir, em rela\u00e7\u00e3o \u00e0 proposta original, durante a tramita\u00e7\u00e3o no <strong>Legislativo<\/strong>. O <strong>principal fator<\/strong> que pode alterar a proposta \u00e9 o rumo da <strong>infla\u00e7\u00e3o<\/strong> nos pr\u00f3ximos meses.<\/p>\n<p><a href=\"https:\/\/lp.suno.com.br\/ipo-do-uber-noticias\/\">Saiba mais &#8211; Vale a pena entrar no IPO do Uber?<\/a><\/p>\n","protected":false},"excerpt":{"rendered":"<p>O governo do presidente da Rep\u00fablica, Jair Bolsonaro, prop\u00f4s sal\u00e1rio m\u00ednimo de R$ 1.040 para 2020. A informa\u00e7\u00e3o est\u00e1 contida no projeto de Lei de Diretrizes Or\u00e7ament\u00e1rias (LDO) para o pr\u00f3ximo ano. O documento foi entre nesta segunda-feira (15) pelo secret\u00e1rio especial de Fazenda do Minist\u00e9rio da Economia, Waldery Rodrigues ao Congresso Nacional. O sal\u00e1rio [&hellip;]<\/p>\n","protected":false},"author":12,"featured_media":7700,"comment_status":"closed","ping_status":"closed","sticky":false,"template":"","format":"standard","meta":[],"categories":[62],"tags":[719],"suno_strategy":[],"class_list":["post-21028","post","type-post","status-publish","format-standard","has-post-thumbnail","hentry","category-economia","tag-jair-bolsonaro"],"yoast_head":"<!-- This site is optimized with the Yoast SEO plugin v24.4 - https:\/\/yoast.com\/wordpress\/plugins\/seo\/ -->\n<title>Sal\u00e1rio m\u00ednimo proposto pelo governo Bolsonaro \u00e9 de R$ 1.040 para 2020<\/title>\n<meta name=\"description\" content=\"O governo do presidente da Rep\u00fablica, Jair Bolsonaro, prop\u00f4s sal\u00e1rio m\u00ednimo de R$ 1.040 para 2020. Clique para saber mais.\" \/>\n<meta name=\"robots\" content=\"index, follow, max-snippet:-1, max-image-preview:large, max-video-preview:-1\" \/>\n<link rel=\"canonical\" href=\"https:\/\/www.suno.com.br\/noticias\/salario-minimo-bolsonaro-1040-sem-aumento-real\/\" \/>\n<meta property=\"og:locale\" content=\"pt_BR\" \/>\n<meta property=\"og:type\" content=\"article\" \/>\n<meta property=\"og:title\" content=\"Sal\u00e1rio m\u00ednimo proposto pelo governo Bolsonaro \u00e9 de R$ 1.040 para 2020\" \/>\n<meta property=\"og:description\" content=\"O governo do presidente da Rep\u00fablica, Jair Bolsonaro, prop\u00f4s sal\u00e1rio m\u00ednimo de R$ 1.040 para 2020. Clique para saber mais.\" \/>\n<meta property=\"og:url\" content=\"https:\/\/www.suno.com.br\/noticias\/salario-minimo-bolsonaro-1040-sem-aumento-real\/\" \/>\n<meta property=\"og:site_name\" content=\"Suno Not\u00edcias\" \/>\n<meta property=\"article:publisher\" content=\"https:\/\/facebook.com\/sunoresearch\" \/>\n<meta property=\"og:image\" content=\"https:\/\/files.sunoresearch.com.br\/n\/uploads\/2018\/12\/8626fd37-bolsonaro.jpg\" \/>\n\t<meta property=\"og:image:width\" content=\"1140\" \/>\n\t<meta property=\"og:image:height\" content=\"760\" \/>\n\t<meta property=\"og:image:type\" content=\"image\/jpeg\" \/>\n<meta name=\"author\" content=\"Amanda Gushiken\" \/>\n<meta name=\"twitter:card\" content=\"summary_large_image\" \/>\n<meta name=\"twitter:creator\" content=\"@sunoresearch\" \/>\n<meta name=\"twitter:site\" content=\"@sunoresearch\" \/>\n<meta name=\"twitter:label1\" content=\"Escrito por\" \/>\n\t<meta name=\"twitter:data1\" content=\"Amanda Gushiken\" \/>\n\t<meta name=\"twitter:label2\" content=\"Est. tempo de leitura\" \/>\n\t<meta name=\"twitter:data2\" content=\"3 minutos\" \/>\n<script type=\"application\/ld+json\" class=\"yoast-schema-graph\">{\"@context\":\"https:\/\/schema.org\",\"@graph\":[{\"@type\":\"NewsArticle\",\"@id\":\"https:\/\/www.suno.com.br\/noticias\/salario-minimo-bolsonaro-1040-sem-aumento-real\/#article\",\"isPartOf\":{\"@id\":\"https:\/\/www.suno.com.br\/noticias\/salario-minimo-bolsonaro-1040-sem-aumento-real\/\"},\"author\":{\"name\":\"Amanda Gushiken\",\"@id\":\"https:\/\/www.suno.com.br\/noticias\/#\/schema\/person\/a5b06fa4e879d8e8e119c6ed3cd630d1\"},\"headline\":\"Sal\u00e1rio m\u00ednimo proposto pelo governo Bolsonaro \u00e9 de R$ 1.040 para 2020\",\"datePublished\":\"2019-04-15T18:54:58+00:00\",\"dateModified\":\"2019-04-15T20:16:09+00:00\",\"mainEntityOfPage\":{\"@id\":\"https:\/\/www.suno.com.br\/noticias\/salario-minimo-bolsonaro-1040-sem-aumento-real\/\"},\"wordCount\":516,\"publisher\":{\"@id\":\"https:\/\/www.suno.com.br\/noticias\/#organization\"},\"image\":{\"@id\":\"https:\/\/www.suno.com.br\/noticias\/salario-minimo-bolsonaro-1040-sem-aumento-real\/#primaryimage\"},\"thumbnailUrl\":\"https:\/\/files.sunoresearch.com.br\/n\/uploads\/2018\/12\/8626fd37-bolsonaro-jpg.webp\",\"keywords\":[\"Jair Bolsonaro\"],\"articleSection\":[\"Economia\"],\"inLanguage\":\"pt-BR\"},{\"@type\":\"WebPage\",\"@id\":\"https:\/\/www.suno.com.br\/noticias\/salario-minimo-bolsonaro-1040-sem-aumento-real\/\",\"url\":\"https:\/\/www.suno.com.br\/noticias\/salario-minimo-bolsonaro-1040-sem-aumento-real\/\",\"name\":\"Sal\u00e1rio m\u00ednimo proposto pelo governo Bolsonaro \u00e9 de R$ 1.040 para 2020\",\"isPartOf\":{\"@id\":\"https:\/\/www.suno.com.br\/noticias\/#website\"},\"primaryImageOfPage\":{\"@id\":\"https:\/\/www.suno.com.br\/noticias\/salario-minimo-bolsonaro-1040-sem-aumento-real\/#primaryimage\"},\"image\":{\"@id\":\"https:\/\/www.suno.com.br\/noticias\/salario-minimo-bolsonaro-1040-sem-aumento-real\/#primaryimage\"},\"thumbnailUrl\":\"https:\/\/files.sunoresearch.com.br\/n\/uploads\/2018\/12\/8626fd37-bolsonaro-jpg.webp\",\"datePublished\":\"2019-04-15T18:54:58+00:00\",\"dateModified\":\"2019-04-15T20:16:09+00:00\",\"description\":\"O governo do presidente da Rep\u00fablica, Jair Bolsonaro, prop\u00f4s sal\u00e1rio m\u00ednimo de R$ 1.040 para 2020. Clique para saber mais.\",\"breadcrumb\":{\"@id\":\"https:\/\/www.suno.com.br\/noticias\/salario-minimo-bolsonaro-1040-sem-aumento-real\/#breadcrumb\"},\"inLanguage\":\"pt-BR\",\"potentialAction\":[{\"@type\":\"ReadAction\",\"target\":[\"https:\/\/www.suno.com.br\/noticias\/salario-minimo-bolsonaro-1040-sem-aumento-real\/\"]}]},{\"@type\":\"ImageObject\",\"inLanguage\":\"pt-BR\",\"@id\":\"https:\/\/www.suno.com.br\/noticias\/salario-minimo-bolsonaro-1040-sem-aumento-real\/#primaryimage\",\"url\":\"https:\/\/files.sunoresearch.com.br\/n\/uploads\/2018\/12\/8626fd37-bolsonaro-jpg.webp\",\"contentUrl\":\"https:\/\/files.sunoresearch.com.br\/n\/uploads\/2018\/12\/8626fd37-bolsonaro-jpg.webp\",\"width\":1140,\"height\":760,\"caption\":\"O sal\u00e1rio m\u00ednimo para 2020 proposto pelo governo \u00e9 de R$ 1.040,00.\"},{\"@type\":\"BreadcrumbList\",\"@id\":\"https:\/\/www.suno.com.br\/noticias\/salario-minimo-bolsonaro-1040-sem-aumento-real\/#breadcrumb\",\"itemListElement\":[{\"@type\":\"ListItem\",\"position\":1,\"name\":\"Not\u00edcias\",\"item\":\"https:\/\/www.suno.com.br\/noticias\/\"},{\"@type\":\"ListItem\",\"position\":2,\"name\":\"Economia\",\"item\":\"https:\/\/www.suno.com.br\/noticias\/economia\/\"},{\"@type\":\"ListItem\",\"position\":3,\"name\":\"Sal\u00e1rio m\u00ednimo proposto pelo governo Bolsonaro \u00e9 de R$ 1.040 para 2020\"}]},{\"@type\":\"WebSite\",\"@id\":\"https:\/\/www.suno.com.br\/noticias\/#website\",\"url\":\"https:\/\/www.suno.com.br\/noticias\/\",\"name\":\"Suno Not\u00edcias\",\"description\":\"Seu portal de informa\u00e7\u00e3o sobre o mundo dos investimentos\",\"publisher\":{\"@id\":\"https:\/\/www.suno.com.br\/noticias\/#organization\"},\"potentialAction\":[{\"@type\":\"SearchAction\",\"target\":{\"@type\":\"EntryPoint\",\"urlTemplate\":\"https:\/\/www.suno.com.br\/noticias\/?s={search_term_string}\"},\"query-input\":{\"@type\":\"PropertyValueSpecification\",\"valueRequired\":true,\"valueName\":\"search_term_string\"}}],\"inLanguage\":\"pt-BR\"},{\"@type\":\"Organization\",\"@id\":\"https:\/\/www.suno.com.br\/noticias\/#organization\",\"name\":\"Suno Not\u00edcias\",\"url\":\"https:\/\/www.suno.com.br\/noticias\/\",\"logo\":{\"@type\":\"ImageObject\",\"inLanguage\":\"pt-BR\",\"@id\":\"https:\/\/www.suno.com.br\/noticias\/#\/schema\/logo\/image\/\",\"url\":\"https:\/\/files.sunoresearch.com.br\/n\/uploads\/2021\/09\/suno-logo.png\",\"contentUrl\":\"https:\/\/files.sunoresearch.com.br\/n\/uploads\/2021\/09\/suno-logo.png\",\"width\":180,\"height\":180,\"caption\":\"Suno Not\u00edcias\"},\"image\":{\"@id\":\"https:\/\/www.suno.com.br\/noticias\/#\/schema\/logo\/image\/\"},\"sameAs\":[\"https:\/\/facebook.com\/sunoresearch\",\"https:\/\/x.com\/sunoresearch\",\"https:\/\/www.instagram.com\/suno\",\"https:\/\/www.linkedin.com\/company\/suno-research\/\",\"https:\/\/www.youtube.com\/c\/sunoresearch\"]},{\"@type\":\"Person\",\"@id\":\"https:\/\/www.suno.com.br\/noticias\/#\/schema\/person\/a5b06fa4e879d8e8e119c6ed3cd630d1\",\"name\":\"Amanda Gushiken\",\"image\":{\"@type\":\"ImageObject\",\"inLanguage\":\"pt-BR\",\"@id\":\"https:\/\/www.suno.com.br\/noticias\/#\/schema\/person\/image\/\",\"url\":\"https:\/\/secure.gravatar.com\/avatar\/ecd84705e6b65e3685ae80d725501fbe?s=96&r=g\",\"contentUrl\":\"https:\/\/secure.gravatar.com\/avatar\/ecd84705e6b65e3685ae80d725501fbe?s=96&r=g\",\"caption\":\"Amanda Gushiken\"},\"description\":\"Amanda Sayuri Gushiken escreve sobre finan\u00e7as e neg\u00f3cios para o portal Suno Not\u00edcias. Antes, trabalhou selecionando not\u00edcias da imprensa para clientes do mercado financeiro. Tamb\u00e9m desenvolveu pesquisa acad\u00eamica pela Universidade Anhembi Morumbi na \u00e1rea de Teorias da Comunica\u00e7\u00e3o e \u00e9 fot\u00f3grafa nas horas vagas.\",\"url\":\"https:\/\/www.suno.com.br\/noticias\/author\/amanda\/\"}]}<\/script>\n<!-- \/ Yoast SEO plugin. -->","yoast_head_json":{"title":"Sal\u00e1rio m\u00ednimo proposto pelo governo Bolsonaro \u00e9 de R$ 1.040 para 2020","description":"O governo do presidente da Rep\u00fablica, Jair Bolsonaro, prop\u00f4s sal\u00e1rio m\u00ednimo de R$ 1.040 para 2020. Clique para saber mais.","robots":{"index":"index","follow":"follow","max-snippet":"max-snippet:-1","max-image-preview":"max-image-preview:large","max-video-preview":"max-video-preview:-1"},"canonical":"https:\/\/www.suno.com.br\/noticias\/salario-minimo-bolsonaro-1040-sem-aumento-real\/","og_locale":"pt_BR","og_type":"article","og_title":"Sal\u00e1rio m\u00ednimo proposto pelo governo Bolsonaro \u00e9 de R$ 1.040 para 2020","og_description":"O governo do presidente da Rep\u00fablica, Jair Bolsonaro, prop\u00f4s sal\u00e1rio m\u00ednimo de R$ 1.040 para 2020. Clique para saber mais.","og_url":"https:\/\/www.suno.com.br\/noticias\/salario-minimo-bolsonaro-1040-sem-aumento-real\/","og_site_name":"Suno Not\u00edcias","article_publisher":"https:\/\/facebook.com\/sunoresearch","og_image":[{"width":1140,"height":760,"url":"https:\/\/files.sunoresearch.com.br\/n\/uploads\/2018\/12\/8626fd37-bolsonaro.jpg","type":"image\/jpeg"}],"author":"Amanda Gushiken","twitter_card":"summary_large_image","twitter_creator":"@sunoresearch","twitter_site":"@sunoresearch","twitter_misc":{"Escrito por":"Amanda Gushiken","Est. tempo de leitura":"3 minutos"},"schema":{"@context":"https:\/\/schema.org","@graph":[{"@type":"NewsArticle","@id":"https:\/\/www.suno.com.br\/noticias\/salario-minimo-bolsonaro-1040-sem-aumento-real\/#article","isPartOf":{"@id":"https:\/\/www.suno.com.br\/noticias\/salario-minimo-bolsonaro-1040-sem-aumento-real\/"},"author":{"name":"Amanda Gushiken","@id":"https:\/\/www.suno.com.br\/noticias\/#\/schema\/person\/a5b06fa4e879d8e8e119c6ed3cd630d1"},"headline":"Sal\u00e1rio m\u00ednimo proposto pelo governo Bolsonaro \u00e9 de R$ 1.040 para 2020","datePublished":"2019-04-15T18:54:58+00:00","dateModified":"2019-04-15T20:16:09+00:00","mainEntityOfPage":{"@id":"https:\/\/www.suno.com.br\/noticias\/salario-minimo-bolsonaro-1040-sem-aumento-real\/"},"wordCount":516,"publisher":{"@id":"https:\/\/www.suno.com.br\/noticias\/#organization"},"image":{"@id":"https:\/\/www.suno.com.br\/noticias\/salario-minimo-bolsonaro-1040-sem-aumento-real\/#primaryimage"},"thumbnailUrl":"https:\/\/files.sunoresearch.com.br\/n\/uploads\/2018\/12\/8626fd37-bolsonaro-jpg.webp","keywords":["Jair Bolsonaro"],"articleSection":["Economia"],"inLanguage":"pt-BR"},{"@type":"WebPage","@id":"https:\/\/www.suno.com.br\/noticias\/salario-minimo-bolsonaro-1040-sem-aumento-real\/","url":"https:\/\/www.suno.com.br\/noticias\/salario-minimo-bolsonaro-1040-sem-aumento-real\/","name":"Sal\u00e1rio m\u00ednimo proposto pelo governo Bolsonaro \u00e9 de R$ 1.040 para 2020","isPartOf":{"@id":"https:\/\/www.suno.com.br\/noticias\/#website"},"primaryImageOfPage":{"@id":"https:\/\/www.suno.com.br\/noticias\/salario-minimo-bolsonaro-1040-sem-aumento-real\/#primaryimage"},"image":{"@id":"https:\/\/www.suno.com.br\/noticias\/salario-minimo-bolsonaro-1040-sem-aumento-real\/#primaryimage"},"thumbnailUrl":"https:\/\/files.sunoresearch.com.br\/n\/uploads\/2018\/12\/8626fd37-bolsonaro-jpg.webp","datePublished":"2019-04-15T18:54:58+00:00","dateModified":"2019-04-15T20:16:09+00:00","description":"O governo do presidente da Rep\u00fablica, Jair Bolsonaro, prop\u00f4s sal\u00e1rio m\u00ednimo de R$ 1.040 para 2020. Clique para saber mais.","breadcrumb":{"@id":"https:\/\/www.suno.com.br\/noticias\/salario-minimo-bolsonaro-1040-sem-aumento-real\/#breadcrumb"},"inLanguage":"pt-BR","potentialAction":[{"@type":"ReadAction","target":["https:\/\/www.suno.com.br\/noticias\/salario-minimo-bolsonaro-1040-sem-aumento-real\/"]}]},{"@type":"ImageObject","inLanguage":"pt-BR","@id":"https:\/\/www.suno.com.br\/noticias\/salario-minimo-bolsonaro-1040-sem-aumento-real\/#primaryimage","url":"https:\/\/files.sunoresearch.com.br\/n\/uploads\/2018\/12\/8626fd37-bolsonaro-jpg.webp","contentUrl":"https:\/\/files.sunoresearch.com.br\/n\/uploads\/2018\/12\/8626fd37-bolsonaro-jpg.webp","width":1140,"height":760,"caption":"O sal\u00e1rio m\u00ednimo para 2020 proposto pelo governo \u00e9 de R$ 1.040,00."},{"@type":"BreadcrumbList","@id":"https:\/\/www.suno.com.br\/noticias\/salario-minimo-bolsonaro-1040-sem-aumento-real\/#breadcrumb","itemListElement":[{"@type":"ListItem","position":1,"name":"Not\u00edcias","item":"https:\/\/www.suno.com.br\/noticias\/"},{"@type":"ListItem","position":2,"name":"Economia","item":"https:\/\/www.suno.com.br\/noticias\/economia\/"},{"@type":"ListItem","position":3,"name":"Sal\u00e1rio m\u00ednimo proposto pelo governo Bolsonaro \u00e9 de R$ 1.040 para 2020"}]},{"@type":"WebSite","@id":"https:\/\/www.suno.com.br\/noticias\/#website","url":"https:\/\/www.suno.com.br\/noticias\/","name":"Suno Not\u00edcias","description":"Seu portal de informa\u00e7\u00e3o sobre o mundo dos investimentos","publisher":{"@id":"https:\/\/www.suno.com.br\/noticias\/#organization"},"potentialAction":[{"@type":"SearchAction","target":{"@type":"EntryPoint","urlTemplate":"https:\/\/www.suno.com.br\/noticias\/?s={search_term_string}"},"query-input":{"@type":"PropertyValueSpecification","valueRequired":true,"valueName":"search_term_string"}}],"inLanguage":"pt-BR"},{"@type":"Organization","@id":"https:\/\/www.suno.com.br\/noticias\/#organization","name":"Suno Not\u00edcias","url":"https:\/\/www.suno.com.br\/noticias\/","logo":{"@type":"ImageObject","inLanguage":"pt-BR","@id":"https:\/\/www.suno.com.br\/noticias\/#\/schema\/logo\/image\/","url":"https:\/\/files.sunoresearch.com.br\/n\/uploads\/2021\/09\/suno-logo.png","contentUrl":"https:\/\/files.sunoresearch.com.br\/n\/uploads\/2021\/09\/suno-logo.png","width":180,"height":180,"caption":"Suno Not\u00edcias"},"image":{"@id":"https:\/\/www.suno.com.br\/noticias\/#\/schema\/logo\/image\/"},"sameAs":["https:\/\/facebook.com\/sunoresearch","https:\/\/x.com\/sunoresearch","https:\/\/www.instagram.com\/suno","https:\/\/www.linkedin.com\/company\/suno-research\/","https:\/\/www.youtube.com\/c\/sunoresearch"]},{"@type":"Person","@id":"https:\/\/www.suno.com.br\/noticias\/#\/schema\/person\/a5b06fa4e879d8e8e119c6ed3cd630d1","name":"Amanda Gushiken","image":{"@type":"ImageObject","inLanguage":"pt-BR","@id":"https:\/\/www.suno.com.br\/noticias\/#\/schema\/person\/image\/","url":"https:\/\/secure.gravatar.com\/avatar\/ecd84705e6b65e3685ae80d725501fbe?s=96&r=g","contentUrl":"https:\/\/secure.gravatar.com\/avatar\/ecd84705e6b65e3685ae80d725501fbe?s=96&r=g","caption":"Amanda Gushiken"},"description":"Amanda Sayuri Gushiken escreve sobre finan\u00e7as e neg\u00f3cios para o portal Suno Not\u00edcias. Antes, trabalhou selecionando not\u00edcias da imprensa para clientes do mercado financeiro. Tamb\u00e9m desenvolveu pesquisa acad\u00eamica pela Universidade Anhembi Morumbi na \u00e1rea de Teorias da Comunica\u00e7\u00e3o e \u00e9 fot\u00f3grafa nas horas vagas.","url":"https:\/\/www.suno.com.br\/noticias\/author\/amanda\/"}]}},"default_loop_html":"<div class=\"cardsPage__listCard__boxs\"><div class=\"cardsPage__listCard__boxs__img\"><a href=\"https:\/\/www.suno.com.br\/noticias\/salario-minimo-bolsonaro-1040-sem-aumento-real\/\"><img class=\"mask\" src=\"https:\/\/www.suno.com.br\/noticias\/wp-content\/themes\/suno\/resources\/images\/spotlight\/spotlight1img\/bg-mask.png\" alt=\"Image Mask\"\/><img src=\"https:\/\/files.sunoresearch.com.br\/n\/uploads\/2018\/12\/8626fd37-bolsonaro-400x200.webp\" alt=\"Sal\u00e1rio m\u00ednimo proposto pelo governo Bolsonaro \u00e9 de R$ 1.040 para 2020\"\/><\/a><span class=\"spotlightCategory\"><a href=\"https:\/\/www.suno.com.br\/noticias\/economia\/\">Economia<\/a><\/span><\/div><div class=\"cardsPage__listCard__boxs__content\"><a href=\"https:\/\/www.suno.com.br\/noticias\/salario-minimo-bolsonaro-1040-sem-aumento-real\/\"><h2 class=\"content__title\">Sal\u00e1rio m\u00ednimo proposto pelo governo Bolsonaro \u00e9 de R$ 1.040 para 2020<\/h2><\/a><div class=\"newsContent__article__meta\"><div class=\"newsContent__article__meta__authorBox\"><a href=\"https:\/\/www.suno.com.br\/noticias\/author\/amanda\/\" class=\"authorBox__avatar noMobi\"><img src=\"https:\/\/files.sunoresearch.com.br\/n\/uploads\/2018\/11\/c6ad30be-amanda-150x150.webp\" alt=\"Amanda Gushiken\"><\/a><div class=\"authorBox__name\"><span>por\n\t\t\t<a href=\"https:\/\/www.suno.com.br\/noticias\/author\/amanda\/\"><span itemprop=\"author\">Amanda Gushiken<\/span><\/a><\/span><time datetime=\"2019-04-15T15:54:58-03:00\" itemprop=\"datePublished\">15\/04\/2019 15:54<\/time><\/div><\/div><\/div><\/div><\/div>","single_layout":"posts","amp_enabled":true,"_links":{"self":[{"href":"https:\/\/www.suno.com.br\/noticias\/wp-json\/wp\/v2\/posts\/21028"}],"collection":[{"href":"https:\/\/www.suno.com.br\/noticias\/wp-json\/wp\/v2\/posts"}],"about":[{"href":"https:\/\/www.suno.com.br\/noticias\/wp-json\/wp\/v2\/types\/post"}],"author":[{"embeddable":true,"href":"https:\/\/www.suno.com.br\/noticias\/wp-json\/wp\/v2\/users\/12"}],"replies":[{"embeddable":true,"href":"https:\/\/www.suno.com.br\/noticias\/wp-json\/wp\/v2\/comments?post=21028"}],"version-history":[{"count":0,"href":"https:\/\/www.suno.com.br\/noticias\/wp-json\/wp\/v2\/posts\/21028\/revisions"}],"wp:featuredmedia":[{"embeddable":true,"href":"https:\/\/www.suno.com.br\/noticias\/wp-json\/wp\/v2\/media\/7700"}],"wp:attachment":[{"href":"https:\/\/www.suno.com.br\/noticias\/wp-json\/wp\/v2\/media?parent=21028"}],"wp:term":[{"taxonomy":"category","embeddable":true,"href":"https:\/\/www.suno.com.br\/noticias\/wp-json\/wp\/v2\/categories?post=21028"},{"taxonomy":"post_tag","embeddable":true,"href":"https:\/\/www.suno.com.br\/noticias\/wp-json\/wp\/v2\/tags?post=21028"},{"taxonomy":"suno_strategy","embeddable":true,"href":"https:\/\/www.suno.com.br\/noticias\/wp-json\/wp\/v2\/suno_strategy?post=21028"}],"curies":[{"name":"wp","href":"https:\/\/api.w.org\/{rel}","templated":true}]}}