{"id":21022,"date":"2019-04-15T15:18:17","date_gmt":"2019-04-15T18:18:17","guid":{"rendered":"https:\/\/www.suno.com.br\/noticias\/?p=21022"},"modified":"2019-04-16T15:49:52","modified_gmt":"2019-04-16T18:49:52","slug":"importacoes-canceladas-diesel-ingerencia-petrobras","status":"publish","type":"post","link":"https:\/\/www.suno.com.br\/noticias\/importacoes-canceladas-diesel-ingerencia-petrobras\/","title":{"rendered":"Importa\u00e7\u00f5es do diesel s\u00e3o canceladas ap\u00f3s inger\u00eancia do governo"},"content":{"rendered":"<p>Importadores de \u00f3leo diesel cancelaram as <strong>importa\u00e7\u00f5es<\/strong> ap\u00f3s o recuo no pre\u00e7o pela <strong>Petrobras.<\/strong> A medida busca evitar o preju\u00edzo m\u00e9dio de R$ 0,14 em cada litro.<\/p>\t<div class=\"wrapper-featured-image\">\n\t\t<figure class=\"spotlightImg\">\n\n\t\t\t<picture>\n\t\t\t\t<source media=\"(max-width: 768px)\" srcset=\"https:\/\/files.sunoresearch.com.br\/n\/uploads\/2018\/09\/e81ff5ee-diesel-400x200.webp\">\n\t\t\t\t<img loading=\"lazy\" decoding=\"async\" class=\"newsContent__article__imgCapa lazyloadDisabled newsContent__article__imgCapa--noCaption\" src=\"https:\/\/files.sunoresearch.com.br\/n\/uploads\/2018\/09\/e81ff5ee-diesel-800x450.webp\" width=\"800\" height=\"450\" alt=\"Importa\u00e7\u00f5es do diesel s\u00e3o canceladas ap\u00f3s inger\u00eancia do governo\" fetchpriority=high \/>\n\t\t\t<\/picture>\n\n\t\t\t<figcaption class=\"wp-caption-text wp-caption-text--hide\"><\/figcaption>\n\t\t<\/figure>\n\t<\/div>\n\n\n<p>A estatal desistiu do aumento do pre\u00e7o do <strong>\u00f3leo diesel\u00a0<\/strong>a pedido do Presidente da Rep\u00fablica, <strong>Jair Bolsonaro.\u00a0<\/strong>O an\u00fancio feito pela <strong>Petrobras<\/strong> na quinta-feira (11) previa a alta de 5,7% no pre\u00e7o do combust\u00edvel. Entretanto, o <strong>governo<\/strong> federal exigiu uma justificativa baseada em dados e an\u00e1lises para permitir a mudan\u00e7a no pre\u00e7o.<\/p>\n<p><p style=\"text-align: left;\"><a href=\"https:\/\/www.suno.com.br\/noticias\/diesel-governo-intervencao-petrobras\/\">Saiba Mais: Ministros discutem pre\u00e7o do diesel ap\u00f3s interven\u00e7\u00e3o do governo na Petrobras<\/a><\/p>\n<\/p>\n<h2>Levy defende expans\u00e3o do g\u00e1s natural<\/h2>\n<p>O presidente do <strong>Banco Nacional de Desenvolvimento de Desenvolvimento Econ\u00f4mico e Social (BNDES)<\/strong>, <strong>Joaquim Levy<\/strong>, defendeu nesta sexta-feira, 15, a expans\u00e3o do setor de <strong>g\u00e1s natural<\/strong>. Ele declarou que o <strong>combust\u00edvel<\/strong> pode ser uma alternativa ao <strong>diesel.<\/strong><\/p>\n\n<p>Para Levy, o <strong>g\u00e1s natural<\/strong> deve ser distribu\u00eddo de forma mais barata afim de criar uma demanda pelo <strong>combust\u00edvel,\u00a0<\/strong>que poderia, segundo ele, substituir o diesel no abastecimentos de caminh\u00f5es.<\/p>\n<p><a href=\"https:\/\/www.suno.com.br\/noticias\/diesel-governo-intervencao-petrobras\/\">Saiba Mais: Ministros discutem pre\u00e7o do diesel ap\u00f3s interven\u00e7\u00e3o do governo na Petrobras<\/a><\/p>\n<h2>Queda nas a\u00e7\u00f5es da Petrobras<\/h2>\n<p>A interfer\u00eancia do <strong>governo<\/strong> provocou receios no mercado. Tanto, que as a\u00e7\u00f5es ordin\u00e1rias da <strong>Petrobras<\/strong> (PETR3) ca\u00edram 8,54% na sexta-feira (12), sendo negociadas a R$ 29,13, enquanto as a\u00e7\u00f5es preferenciais fecharam a R$ 25,83. Em Nova York, os recibos de a\u00e7\u00f5es tiveram perda de mais de 9%.<\/p>\n<p>Dessa forma, a <strong>Petrobras<\/strong> registrou uma perda de R$ 32,4 bilh\u00f5es em valor de mercado depois do presidente <strong>Jair Bolsonaro<\/strong> intervir na pol\u00edtica de pre\u00e7os da estatal. A mudan\u00e7a no valor do combust\u00edvel estava prevista para ocorrer na \u00faltima sexta-feira, mas <strong>Bolsonaro<\/strong> pediu para o presidente da estatal, Roberto Castello Branco, cancelar a medida.<\/p>\n<p>A a\u00e7\u00e3o do <strong>governo<\/strong> foi baseada no receio de uma poss\u00edvel nova greve dos <strong>caminhoneiros.\u00a0<\/strong>A manifesta\u00e7\u00e3o da categoria em maio de 2018 trouxe diversas consequ\u00eancias para a economia quando paralisou o pa\u00eds por 11 dias.<\/p>\n\t<p>\n\t\t<a href=\"https:\/\/lp.suno.com.br\/planilha-da-vida-financeira\/\" target=\"_blank\" data-element=\"shortcode-suno-banner\" title=\"Banner SUNO, clique e saiba mais\">\n\t\t\t<picture>\n\t\t\t\t<source media=\"(max-width: 500px)\" srcset=\"https:\/\/files.sunoresearch.com.br\/n\/uploads\/2023\/04\/400x300-Planilha-vida-financeira-true.png\">\n\t\t\t\t<img class=\"newsContent__article__imgCapa newsContent__article__imgCapa--banner\"\n\t\t\t\t\tsrc=\"https:\/\/files.sunoresearch.com.br\/n\/uploads\/2023\/04\/1420x240-Planilha-vida-financeira-true.png\"\n\t\t\t\t\tdata-promo-id=\"383123\"\t\t\t\t\t\t\t\t\t\twidth='1420' height='240'\t\t\t\t\talt=\"https:\/\/files.sunoresearch.com.br\/n\/uploads\/2023\/04\/1420x240-Planilha-vida-financeira-true.png\"\n\t\t\t\t>\n\t\t\t<\/picture>\n\t\t<\/a>\n\t<\/p>\n\n\n<p>Para acabar com o protesto, o ent\u00e3o presidente Michel Temer fechou um acordo com os caminhoneiros. A concess\u00e3o feita \u00e0 categoria inclu\u00eda uma nova pol\u00edtica de pre\u00e7os do <strong>diesel<\/strong> pela <strong>Petrobras.<\/strong>\u00a0O aumento proposto pela estatal na \u00faltima quinta-feira seria o primeiro desde 22 de mar\u00e7o.<\/p>\n","protected":false},"excerpt":{"rendered":"<p>Importadores de \u00f3leo diesel cancelaram as importa\u00e7\u00f5es ap\u00f3s o recuo no pre\u00e7o pela Petrobras. A medida busca evitar o preju\u00edzo m\u00e9dio de R$ 0,14 em cada litro. A estatal desistiu do aumento do pre\u00e7o do \u00f3leo diesel\u00a0a pedido do Presidente da Rep\u00fablica, Jair Bolsonaro.\u00a0O an\u00fancio feito pela Petrobras na quinta-feira (11) previa a alta de [&hellip;]<\/p>\n","protected":false},"author":16,"featured_media":4389,"comment_status":"closed","ping_status":"closed","sticky":false,"template":"","format":"standard","meta":[],"categories":[62],"tags":[1192,719,933,595],"suno_strategy":[],"class_list":["post-21022","post","type-post","status-publish","format-standard","has-post-thumbnail","hentry","category-economia","tag-diesel","tag-jair-bolsonaro","tag-joaquim-levy","tag-petrobras-petr4"],"yoast_head":"<!-- This site is optimized with the Yoast SEO plugin v24.4 - https:\/\/yoast.com\/wordpress\/plugins\/seo\/ -->\n<title>Importa\u00e7\u00f5es do diesel s\u00e3o canceladas ap\u00f3s inger\u00eancia do governo<\/title>\n<meta name=\"description\" content=\"Decis\u00e3o dos importadores ocorre ap\u00f3s governo interferir na alta do pre\u00e7o do diesel proposta pela Petrobras. Clique aqui para saber mais.\" \/>\n<meta name=\"robots\" content=\"index, follow, max-snippet:-1, max-image-preview:large, max-video-preview:-1\" \/>\n<link rel=\"canonical\" href=\"https:\/\/www.suno.com.br\/noticias\/importacoes-canceladas-diesel-ingerencia-petrobras\/\" \/>\n<meta property=\"og:locale\" content=\"pt_BR\" \/>\n<meta property=\"og:type\" content=\"article\" \/>\n<meta property=\"og:title\" content=\"Importa\u00e7\u00f5es do diesel s\u00e3o canceladas ap\u00f3s inger\u00eancia do governo\" \/>\n<meta property=\"og:description\" content=\"Decis\u00e3o dos importadores ocorre ap\u00f3s governo interferir na alta do pre\u00e7o do diesel proposta pela Petrobras. Clique aqui para saber mais.\" \/>\n<meta property=\"og:url\" content=\"https:\/\/www.suno.com.br\/noticias\/importacoes-canceladas-diesel-ingerencia-petrobras\/\" \/>\n<meta property=\"og:site_name\" content=\"Suno Not\u00edcias\" \/>\n<meta property=\"article:publisher\" content=\"https:\/\/facebook.com\/sunoresearch\" \/>\n<meta property=\"og:image\" content=\"https:\/\/files.sunoresearch.com.br\/n\/uploads\/2018\/09\/e81ff5ee-diesel.jpg\" \/>\n\t<meta property=\"og:image:width\" content=\"1920\" \/>\n\t<meta property=\"og:image:height\" content=\"1280\" \/>\n\t<meta property=\"og:image:type\" content=\"image\/jpeg\" \/>\n<meta name=\"author\" content=\"Beatriz Oliveira\" \/>\n<meta name=\"twitter:card\" content=\"summary_large_image\" \/>\n<meta name=\"twitter:creator\" content=\"@sunoresearch\" \/>\n<meta name=\"twitter:site\" content=\"@sunoresearch\" \/>\n<meta name=\"twitter:label1\" content=\"Escrito por\" \/>\n\t<meta name=\"twitter:data1\" content=\"Beatriz Oliveira\" \/>\n\t<meta name=\"twitter:label2\" content=\"Est. tempo de leitura\" \/>\n\t<meta name=\"twitter:data2\" content=\"2 minutos\" \/>\n<script type=\"application\/ld+json\" class=\"yoast-schema-graph\">{\"@context\":\"https:\/\/schema.org\",\"@graph\":[{\"@type\":\"NewsArticle\",\"@id\":\"https:\/\/www.suno.com.br\/noticias\/importacoes-canceladas-diesel-ingerencia-petrobras\/#article\",\"isPartOf\":{\"@id\":\"https:\/\/www.suno.com.br\/noticias\/importacoes-canceladas-diesel-ingerencia-petrobras\/\"},\"author\":{\"name\":\"Beatriz Oliveira\",\"@id\":\"https:\/\/www.suno.com.br\/noticias\/#\/schema\/person\/e67f665add014bf99f644028de070cc3\"},\"headline\":\"Importa\u00e7\u00f5es do diesel s\u00e3o canceladas ap\u00f3s inger\u00eancia do governo\",\"datePublished\":\"2019-04-15T18:18:17+00:00\",\"dateModified\":\"2019-04-16T18:49:52+00:00\",\"mainEntityOfPage\":{\"@id\":\"https:\/\/www.suno.com.br\/noticias\/importacoes-canceladas-diesel-ingerencia-petrobras\/\"},\"wordCount\":423,\"publisher\":{\"@id\":\"https:\/\/www.suno.com.br\/noticias\/#organization\"},\"image\":{\"@id\":\"https:\/\/www.suno.com.br\/noticias\/importacoes-canceladas-diesel-ingerencia-petrobras\/#primaryimage\"},\"thumbnailUrl\":\"https:\/\/files.sunoresearch.com.br\/n\/uploads\/2018\/09\/e81ff5ee-diesel-jpg.webp\",\"keywords\":[\"diesel\",\"Jair Bolsonaro\",\"Joaquim Levy\",\"Petrobras (PETR4)\"],\"articleSection\":[\"Economia\"],\"inLanguage\":\"pt-BR\"},{\"@type\":\"WebPage\",\"@id\":\"https:\/\/www.suno.com.br\/noticias\/importacoes-canceladas-diesel-ingerencia-petrobras\/\",\"url\":\"https:\/\/www.suno.com.br\/noticias\/importacoes-canceladas-diesel-ingerencia-petrobras\/\",\"name\":\"Importa\u00e7\u00f5es do diesel s\u00e3o canceladas ap\u00f3s inger\u00eancia do governo\",\"isPartOf\":{\"@id\":\"https:\/\/www.suno.com.br\/noticias\/#website\"},\"primaryImageOfPage\":{\"@id\":\"https:\/\/www.suno.com.br\/noticias\/importacoes-canceladas-diesel-ingerencia-petrobras\/#primaryimage\"},\"image\":{\"@id\":\"https:\/\/www.suno.com.br\/noticias\/importacoes-canceladas-diesel-ingerencia-petrobras\/#primaryimage\"},\"thumbnailUrl\":\"https:\/\/files.sunoresearch.com.br\/n\/uploads\/2018\/09\/e81ff5ee-diesel-jpg.webp\",\"datePublished\":\"2019-04-15T18:18:17+00:00\",\"dateModified\":\"2019-04-16T18:49:52+00:00\",\"description\":\"Decis\u00e3o dos importadores ocorre ap\u00f3s governo interferir na alta do pre\u00e7o do diesel proposta pela Petrobras. Clique aqui para saber mais.\",\"breadcrumb\":{\"@id\":\"https:\/\/www.suno.com.br\/noticias\/importacoes-canceladas-diesel-ingerencia-petrobras\/#breadcrumb\"},\"inLanguage\":\"pt-BR\",\"potentialAction\":[{\"@type\":\"ReadAction\",\"target\":[\"https:\/\/www.suno.com.br\/noticias\/importacoes-canceladas-diesel-ingerencia-petrobras\/\"]}]},{\"@type\":\"ImageObject\",\"inLanguage\":\"pt-BR\",\"@id\":\"https:\/\/www.suno.com.br\/noticias\/importacoes-canceladas-diesel-ingerencia-petrobras\/#primaryimage\",\"url\":\"https:\/\/files.sunoresearch.com.br\/n\/uploads\/2018\/09\/e81ff5ee-diesel-jpg.webp\",\"contentUrl\":\"https:\/\/files.sunoresearch.com.br\/n\/uploads\/2018\/09\/e81ff5ee-diesel-jpg.webp\",\"width\":1920,\"height\":1280,\"caption\":\"diesel\"},{\"@type\":\"BreadcrumbList\",\"@id\":\"https:\/\/www.suno.com.br\/noticias\/importacoes-canceladas-diesel-ingerencia-petrobras\/#breadcrumb\",\"itemListElement\":[{\"@type\":\"ListItem\",\"position\":1,\"name\":\"Not\u00edcias\",\"item\":\"https:\/\/www.suno.com.br\/noticias\/\"},{\"@type\":\"ListItem\",\"position\":2,\"name\":\"Economia\",\"item\":\"https:\/\/www.suno.com.br\/noticias\/economia\/\"},{\"@type\":\"ListItem\",\"position\":3,\"name\":\"Importa\u00e7\u00f5es do diesel s\u00e3o canceladas ap\u00f3s inger\u00eancia do governo\"}]},{\"@type\":\"WebSite\",\"@id\":\"https:\/\/www.suno.com.br\/noticias\/#website\",\"url\":\"https:\/\/www.suno.com.br\/noticias\/\",\"name\":\"Suno Not\u00edcias\",\"description\":\"Seu portal de informa\u00e7\u00e3o sobre o mundo dos investimentos\",\"publisher\":{\"@id\":\"https:\/\/www.suno.com.br\/noticias\/#organization\"},\"potentialAction\":[{\"@type\":\"SearchAction\",\"target\":{\"@type\":\"EntryPoint\",\"urlTemplate\":\"https:\/\/www.suno.com.br\/noticias\/?s={search_term_string}\"},\"query-input\":{\"@type\":\"PropertyValueSpecification\",\"valueRequired\":true,\"valueName\":\"search_term_string\"}}],\"inLanguage\":\"pt-BR\"},{\"@type\":\"Organization\",\"@id\":\"https:\/\/www.suno.com.br\/noticias\/#organization\",\"name\":\"Suno Not\u00edcias\",\"url\":\"https:\/\/www.suno.com.br\/noticias\/\",\"logo\":{\"@type\":\"ImageObject\",\"inLanguage\":\"pt-BR\",\"@id\":\"https:\/\/www.suno.com.br\/noticias\/#\/schema\/logo\/image\/\",\"url\":\"https:\/\/files.sunoresearch.com.br\/n\/uploads\/2021\/09\/suno-logo.png\",\"contentUrl\":\"https:\/\/files.sunoresearch.com.br\/n\/uploads\/2021\/09\/suno-logo.png\",\"width\":180,\"height\":180,\"caption\":\"Suno Not\u00edcias\"},\"image\":{\"@id\":\"https:\/\/www.suno.com.br\/noticias\/#\/schema\/logo\/image\/\"},\"sameAs\":[\"https:\/\/facebook.com\/sunoresearch\",\"https:\/\/x.com\/sunoresearch\",\"https:\/\/www.instagram.com\/suno\",\"https:\/\/www.linkedin.com\/company\/suno-research\/\",\"https:\/\/www.youtube.com\/c\/sunoresearch\"]},{\"@type\":\"Person\",\"@id\":\"https:\/\/www.suno.com.br\/noticias\/#\/schema\/person\/e67f665add014bf99f644028de070cc3\",\"name\":\"Beatriz Oliveira\",\"image\":{\"@type\":\"ImageObject\",\"inLanguage\":\"pt-BR\",\"@id\":\"https:\/\/www.suno.com.br\/noticias\/#\/schema\/person\/image\/\",\"url\":\"https:\/\/secure.gravatar.com\/avatar\/c9aa6a0aaecc598d257d5d5bd349157d?s=96&r=g\",\"contentUrl\":\"https:\/\/secure.gravatar.com\/avatar\/c9aa6a0aaecc598d257d5d5bd349157d?s=96&r=g\",\"caption\":\"Beatriz Oliveira\"},\"description\":\"Formada em Jornalismo pela Faculdade Paulus de Tecnologia e Comunica\u00e7\u00e3o, Beatriz Oliveira escreve para o portal de not\u00edcias Suno Research. Antes, passou pelas reda\u00e7\u00f5es da Revista EXAME e da Rede Bandeirantes.\",\"url\":\"https:\/\/www.suno.com.br\/noticias\/author\/beatriz\/\"}]}<\/script>\n<!-- \/ Yoast SEO plugin. -->","yoast_head_json":{"title":"Importa\u00e7\u00f5es do diesel s\u00e3o canceladas ap\u00f3s inger\u00eancia do governo","description":"Decis\u00e3o dos importadores ocorre ap\u00f3s governo interferir na alta do pre\u00e7o do diesel proposta pela Petrobras. Clique aqui para saber mais.","robots":{"index":"index","follow":"follow","max-snippet":"max-snippet:-1","max-image-preview":"max-image-preview:large","max-video-preview":"max-video-preview:-1"},"canonical":"https:\/\/www.suno.com.br\/noticias\/importacoes-canceladas-diesel-ingerencia-petrobras\/","og_locale":"pt_BR","og_type":"article","og_title":"Importa\u00e7\u00f5es do diesel s\u00e3o canceladas ap\u00f3s inger\u00eancia do governo","og_description":"Decis\u00e3o dos importadores ocorre ap\u00f3s governo interferir na alta do pre\u00e7o do diesel proposta pela Petrobras. Clique aqui para saber mais.","og_url":"https:\/\/www.suno.com.br\/noticias\/importacoes-canceladas-diesel-ingerencia-petrobras\/","og_site_name":"Suno Not\u00edcias","article_publisher":"https:\/\/facebook.com\/sunoresearch","og_image":[{"width":1920,"height":1280,"url":"https:\/\/files.sunoresearch.com.br\/n\/uploads\/2018\/09\/e81ff5ee-diesel.jpg","type":"image\/jpeg"}],"author":"Beatriz Oliveira","twitter_card":"summary_large_image","twitter_creator":"@sunoresearch","twitter_site":"@sunoresearch","twitter_misc":{"Escrito por":"Beatriz Oliveira","Est. tempo de leitura":"2 minutos"},"schema":{"@context":"https:\/\/schema.org","@graph":[{"@type":"NewsArticle","@id":"https:\/\/www.suno.com.br\/noticias\/importacoes-canceladas-diesel-ingerencia-petrobras\/#article","isPartOf":{"@id":"https:\/\/www.suno.com.br\/noticias\/importacoes-canceladas-diesel-ingerencia-petrobras\/"},"author":{"name":"Beatriz Oliveira","@id":"https:\/\/www.suno.com.br\/noticias\/#\/schema\/person\/e67f665add014bf99f644028de070cc3"},"headline":"Importa\u00e7\u00f5es do diesel s\u00e3o canceladas ap\u00f3s inger\u00eancia do governo","datePublished":"2019-04-15T18:18:17+00:00","dateModified":"2019-04-16T18:49:52+00:00","mainEntityOfPage":{"@id":"https:\/\/www.suno.com.br\/noticias\/importacoes-canceladas-diesel-ingerencia-petrobras\/"},"wordCount":423,"publisher":{"@id":"https:\/\/www.suno.com.br\/noticias\/#organization"},"image":{"@id":"https:\/\/www.suno.com.br\/noticias\/importacoes-canceladas-diesel-ingerencia-petrobras\/#primaryimage"},"thumbnailUrl":"https:\/\/files.sunoresearch.com.br\/n\/uploads\/2018\/09\/e81ff5ee-diesel-jpg.webp","keywords":["diesel","Jair Bolsonaro","Joaquim Levy","Petrobras (PETR4)"],"articleSection":["Economia"],"inLanguage":"pt-BR"},{"@type":"WebPage","@id":"https:\/\/www.suno.com.br\/noticias\/importacoes-canceladas-diesel-ingerencia-petrobras\/","url":"https:\/\/www.suno.com.br\/noticias\/importacoes-canceladas-diesel-ingerencia-petrobras\/","name":"Importa\u00e7\u00f5es do diesel s\u00e3o canceladas ap\u00f3s inger\u00eancia do governo","isPartOf":{"@id":"https:\/\/www.suno.com.br\/noticias\/#website"},"primaryImageOfPage":{"@id":"https:\/\/www.suno.com.br\/noticias\/importacoes-canceladas-diesel-ingerencia-petrobras\/#primaryimage"},"image":{"@id":"https:\/\/www.suno.com.br\/noticias\/importacoes-canceladas-diesel-ingerencia-petrobras\/#primaryimage"},"thumbnailUrl":"https:\/\/files.sunoresearch.com.br\/n\/uploads\/2018\/09\/e81ff5ee-diesel-jpg.webp","datePublished":"2019-04-15T18:18:17+00:00","dateModified":"2019-04-16T18:49:52+00:00","description":"Decis\u00e3o dos importadores ocorre ap\u00f3s governo interferir na alta do pre\u00e7o do diesel proposta pela Petrobras. Clique aqui para saber mais.","breadcrumb":{"@id":"https:\/\/www.suno.com.br\/noticias\/importacoes-canceladas-diesel-ingerencia-petrobras\/#breadcrumb"},"inLanguage":"pt-BR","potentialAction":[{"@type":"ReadAction","target":["https:\/\/www.suno.com.br\/noticias\/importacoes-canceladas-diesel-ingerencia-petrobras\/"]}]},{"@type":"ImageObject","inLanguage":"pt-BR","@id":"https:\/\/www.suno.com.br\/noticias\/importacoes-canceladas-diesel-ingerencia-petrobras\/#primaryimage","url":"https:\/\/files.sunoresearch.com.br\/n\/uploads\/2018\/09\/e81ff5ee-diesel-jpg.webp","contentUrl":"https:\/\/files.sunoresearch.com.br\/n\/uploads\/2018\/09\/e81ff5ee-diesel-jpg.webp","width":1920,"height":1280,"caption":"diesel"},{"@type":"BreadcrumbList","@id":"https:\/\/www.suno.com.br\/noticias\/importacoes-canceladas-diesel-ingerencia-petrobras\/#breadcrumb","itemListElement":[{"@type":"ListItem","position":1,"name":"Not\u00edcias","item":"https:\/\/www.suno.com.br\/noticias\/"},{"@type":"ListItem","position":2,"name":"Economia","item":"https:\/\/www.suno.com.br\/noticias\/economia\/"},{"@type":"ListItem","position":3,"name":"Importa\u00e7\u00f5es do diesel s\u00e3o canceladas ap\u00f3s inger\u00eancia do governo"}]},{"@type":"WebSite","@id":"https:\/\/www.suno.com.br\/noticias\/#website","url":"https:\/\/www.suno.com.br\/noticias\/","name":"Suno Not\u00edcias","description":"Seu portal de informa\u00e7\u00e3o sobre o mundo dos investimentos","publisher":{"@id":"https:\/\/www.suno.com.br\/noticias\/#organization"},"potentialAction":[{"@type":"SearchAction","target":{"@type":"EntryPoint","urlTemplate":"https:\/\/www.suno.com.br\/noticias\/?s={search_term_string}"},"query-input":{"@type":"PropertyValueSpecification","valueRequired":true,"valueName":"search_term_string"}}],"inLanguage":"pt-BR"},{"@type":"Organization","@id":"https:\/\/www.suno.com.br\/noticias\/#organization","name":"Suno Not\u00edcias","url":"https:\/\/www.suno.com.br\/noticias\/","logo":{"@type":"ImageObject","inLanguage":"pt-BR","@id":"https:\/\/www.suno.com.br\/noticias\/#\/schema\/logo\/image\/","url":"https:\/\/files.sunoresearch.com.br\/n\/uploads\/2021\/09\/suno-logo.png","contentUrl":"https:\/\/files.sunoresearch.com.br\/n\/uploads\/2021\/09\/suno-logo.png","width":180,"height":180,"caption":"Suno Not\u00edcias"},"image":{"@id":"https:\/\/www.suno.com.br\/noticias\/#\/schema\/logo\/image\/"},"sameAs":["https:\/\/facebook.com\/sunoresearch","https:\/\/x.com\/sunoresearch","https:\/\/www.instagram.com\/suno","https:\/\/www.linkedin.com\/company\/suno-research\/","https:\/\/www.youtube.com\/c\/sunoresearch"]},{"@type":"Person","@id":"https:\/\/www.suno.com.br\/noticias\/#\/schema\/person\/e67f665add014bf99f644028de070cc3","name":"Beatriz Oliveira","image":{"@type":"ImageObject","inLanguage":"pt-BR","@id":"https:\/\/www.suno.com.br\/noticias\/#\/schema\/person\/image\/","url":"https:\/\/secure.gravatar.com\/avatar\/c9aa6a0aaecc598d257d5d5bd349157d?s=96&r=g","contentUrl":"https:\/\/secure.gravatar.com\/avatar\/c9aa6a0aaecc598d257d5d5bd349157d?s=96&r=g","caption":"Beatriz Oliveira"},"description":"Formada em Jornalismo pela Faculdade Paulus de Tecnologia e Comunica\u00e7\u00e3o, Beatriz Oliveira escreve para o portal de not\u00edcias Suno Research. Antes, passou pelas reda\u00e7\u00f5es da Revista EXAME e da Rede Bandeirantes.","url":"https:\/\/www.suno.com.br\/noticias\/author\/beatriz\/"}]}},"default_loop_html":"<div class=\"cardsPage__listCard__boxs\"><div class=\"cardsPage__listCard__boxs__img\"><a href=\"https:\/\/www.suno.com.br\/noticias\/importacoes-canceladas-diesel-ingerencia-petrobras\/\"><img class=\"mask\" src=\"https:\/\/www.suno.com.br\/noticias\/wp-content\/themes\/suno\/resources\/images\/spotlight\/spotlight1img\/bg-mask.png\" alt=\"Image Mask\"\/><img src=\"https:\/\/files.sunoresearch.com.br\/n\/uploads\/2018\/09\/e81ff5ee-diesel-400x200.webp\" alt=\"Importa\u00e7\u00f5es do diesel s\u00e3o canceladas ap\u00f3s inger\u00eancia do governo\"\/><\/a><span class=\"spotlightCategory\"><a href=\"https:\/\/www.suno.com.br\/noticias\/economia\/\">Economia<\/a><\/span><\/div><div class=\"cardsPage__listCard__boxs__content\"><a href=\"https:\/\/www.suno.com.br\/noticias\/importacoes-canceladas-diesel-ingerencia-petrobras\/\"><h2 class=\"content__title\">Importa\u00e7\u00f5es do diesel s\u00e3o canceladas ap\u00f3s inger\u00eancia do governo<\/h2><\/a><div class=\"newsContent__article__meta\"><div class=\"newsContent__article__meta__authorBox\"><a href=\"https:\/\/www.suno.com.br\/noticias\/author\/beatriz\/\" class=\"authorBox__avatar noMobi\"><img src=\"https:\/\/secure.gravatar.com\/avatar\/c9aa6a0aaecc598d257d5d5bd349157d?s=96&#038;r=g\" alt=\"Beatriz Oliveira\"><\/a><div class=\"authorBox__name\"><span>por\n\t\t\t<a href=\"https:\/\/www.suno.com.br\/noticias\/author\/beatriz\/\"><span itemprop=\"author\">Beatriz Oliveira<\/span><\/a><\/span><time datetime=\"2019-04-15T15:18:17-03:00\" itemprop=\"datePublished\">15\/04\/2019 15:18<\/time><\/div><\/div><\/div><\/div><\/div>","single_layout":"posts","amp_enabled":true,"_links":{"self":[{"href":"https:\/\/www.suno.com.br\/noticias\/wp-json\/wp\/v2\/posts\/21022"}],"collection":[{"href":"https:\/\/www.suno.com.br\/noticias\/wp-json\/wp\/v2\/posts"}],"about":[{"href":"https:\/\/www.suno.com.br\/noticias\/wp-json\/wp\/v2\/types\/post"}],"author":[{"embeddable":true,"href":"https:\/\/www.suno.com.br\/noticias\/wp-json\/wp\/v2\/users\/16"}],"replies":[{"embeddable":true,"href":"https:\/\/www.suno.com.br\/noticias\/wp-json\/wp\/v2\/comments?post=21022"}],"version-history":[{"count":0,"href":"https:\/\/www.suno.com.br\/noticias\/wp-json\/wp\/v2\/posts\/21022\/revisions"}],"wp:featuredmedia":[{"embeddable":true,"href":"https:\/\/www.suno.com.br\/noticias\/wp-json\/wp\/v2\/media\/4389"}],"wp:attachment":[{"href":"https:\/\/www.suno.com.br\/noticias\/wp-json\/wp\/v2\/media?parent=21022"}],"wp:term":[{"taxonomy":"category","embeddable":true,"href":"https:\/\/www.suno.com.br\/noticias\/wp-json\/wp\/v2\/categories?post=21022"},{"taxonomy":"post_tag","embeddable":true,"href":"https:\/\/www.suno.com.br\/noticias\/wp-json\/wp\/v2\/tags?post=21022"},{"taxonomy":"suno_strategy","embeddable":true,"href":"https:\/\/www.suno.com.br\/noticias\/wp-json\/wp\/v2\/suno_strategy?post=21022"}],"curies":[{"name":"wp","href":"https:\/\/api.w.org\/{rel}","templated":true}]}}