{"id":21011,"date":"2019-04-15T13:35:46","date_gmt":"2019-04-15T16:35:46","guid":{"rendered":"https:\/\/www.suno.com.br\/noticias\/?p=21011"},"modified":"2019-04-15T17:59:53","modified_gmt":"2019-04-15T20:59:53","slug":"diesel-governo-intervencao-petrobras","status":"publish","type":"post","link":"https:\/\/www.suno.com.br\/noticias\/diesel-governo-intervencao-petrobras\/","title":{"rendered":"Ministros discutem pre\u00e7o do diesel ap\u00f3s interven\u00e7\u00e3o do governo na Petrobras"},"content":{"rendered":"<p>Ministros do <strong>governo Bolsonaro<\/strong> se reunir\u00e3o no Pal\u00e1cio do Planalto na tarde desta segunda-feira (15) para discutir sobre a pol\u00edtica de pre\u00e7os de <strong>combust\u00edveis.<\/strong> O encontro acontece com urg\u00eancia ap\u00f3s o presidente interferir, na sexta-feira (12), no aumento do pre\u00e7o do diesel proposto pela <strong>Petrobras.<\/strong><\/p>\t<div class=\"wrapper-featured-image\">\n\t\t<figure class=\"spotlightImg\">\n\n\t\t\t<picture>\n\t\t\t\t<source media=\"(max-width: 768px)\" srcset=\"https:\/\/files.sunoresearch.com.br\/n\/uploads\/2019\/01\/d67309c5-petrobras-400x200.webp\">\n\t\t\t\t<img loading=\"lazy\" decoding=\"async\" class=\"newsContent__article__imgCapa lazyloadDisabled newsContent__article__imgCapa--noCaption\" src=\"https:\/\/files.sunoresearch.com.br\/n\/uploads\/2019\/01\/d67309c5-petrobras-800x450.webp\" width=\"800\" height=\"450\" alt=\"Ministros discutem pre\u00e7o do diesel ap\u00f3s interven\u00e7\u00e3o do governo na Petrobras\" fetchpriority=high \/>\n\t\t\t<\/picture>\n\n\t\t\t<figcaption class=\"wp-caption-text wp-caption-text--hide\">Petrobras avan\u00e7a na digitaliza\u00e7\u00e3o das opera\u00e7\u00f5es<\/figcaption>\n\t\t<\/figure>\n\t<\/div>\n\n\n<p>A reuni\u00e3o, que ocorre \u00e0s 14h30, contar\u00e1 com a presen\u00e7a dos ministro da Casa Civil,<strong> Onyx Lorenzoni<\/strong>, da Economia, <strong>Paulo Guedes<\/strong>, de Minas e Energia, Bento Albuquerque, da Secretaria de Governo, Santos Cruz e da Secretaria geral da Presid\u00eancia, Floriano Peixoto Vieira Neto.<\/p>\n\n<p><a href=\"https:\/\/www.suno.com.br\/noticias\/paulo-guedes-intervencao-petrobras\/\">Saiba Mais: Paulo Guedes sobre interven\u00e7\u00e3o na Petrobras: \u201cN\u00e3o sei do que voc\u00eas est\u00e3o falando\u201d<\/a><\/p>\n<p>Al\u00e9m dos ministros e do presidente, tamb\u00e9m participar\u00e3o do encontro representantes da <strong>Petrobras<\/strong> e do <strong>Banco Nacional de Desenvolvimento Econ\u00f4mico e Social (BNDES)<\/strong>.<\/p>\n<p>A reuni\u00e3o ser\u00e1 uma &#8220;prepara\u00e7\u00e3o&#8221; para o encontro marcado com ministros e a <strong>Petrobras<\/strong> afim de tratar da pol\u00edtica de pre\u00e7os de <strong>combust\u00edveis<\/strong> da estatal. A empresa pretendia aumentar o valor do <strong>diesel<\/strong> nas refinarias em 5,7%, mas recuou da decis\u00e3o ap\u00f3s pedido do presidente <strong>Jair Bolsonaro<\/strong>.<\/p>\n<p><a href=\"https:\/\/www.suno.com.br\/noticias\/greve-bolsonaro-pedido-caminhoneiros\/\">Saiba Mais: Bolsonaro interv\u00e9m em alta do diesel e Petrobras despenca<\/a><\/p>\n<h2>Interfer\u00eancia pol\u00edtica<\/h2>\n<p>Por meio do porta-voz da Presid\u00eancia da Rep\u00fablica, o <strong>governo<\/strong> negou que o pedido de recuo no aumento de pre\u00e7os do <strong>diesel<\/strong> foi uma interfer\u00eancia pol\u00edtica na <strong>Petrobras.<\/strong><\/p>\n<p>Com a decis\u00e3o de <strong>Bolsonaro,<\/strong> que contraria o discurso liberal de <strong>Paulo Guedes,\u00a0<\/strong>a <strong>Petrobras<\/strong>\u00a0teve queda de 8,54% na Bolsa na sexta-feira (12). Por isso, estatal perdeu R$ 32,4 bilh\u00f5es em valor de mercado.<\/p>\n<p>Ao impedir o aumento do pre\u00e7o do <strong>diesel,<\/strong> o presidente pediu uma justificativa com n\u00fameros e dados para a medida, afirmando que a alta informada pela <strong>Petrobras<\/strong> era superior \u00e0 <strong>infla\u00e7\u00e3o.<\/strong><\/p>\n<p><a href=\"https:\/\/www.suno.com.br\/noticias\/interferencia-prejudicar-petrobras-fmi\/\">Saiba Mais: Qualquer interfer\u00eancia comercial pode prejudicar Petrobras, diz FMI<\/a><\/p>\n\t<p>\n\t\t<a href=\"https:\/\/simulador-aposentadoria.suno.com.br\/?utm_source=suno-noticias&#038;utm_medium=banner&#038;utm_content=como-investir-para-aposentadoria-carteira-go&#038;utm_campaign=_SNC36CE4E9F_\" target=\"_blank\" data-element=\"shortcode-suno-banner\" title=\"Banner SUNO, clique e saiba mais\">\n\t\t\t<picture>\n\t\t\t\t<source media=\"(max-width: 500px)\" srcset=\"https:\/\/files.sunoresearch.com.br\/n\/uploads\/2025\/11\/400x300.webp\">\n\t\t\t\t<img class=\"newsContent__article__imgCapa newsContent__article__imgCapa--banner\"\n\t\t\t\t\tsrc=\"https:\/\/files.sunoresearch.com.br\/n\/uploads\/2025\/11\/1420x240.webp\"\n\t\t\t\t\tdata-promo-id=\"631530\"\t\t\t\t\t\t\t\t\t\twidth='1420' height='240'\t\t\t\t\talt=\"https:\/\/files.sunoresearch.com.br\/n\/uploads\/2025\/11\/1420x240.webp\"\n\t\t\t\t>\n\t\t\t<\/picture>\n\t\t<\/a>\n\t<\/p>\n\n\n<p>O receio do <strong>governo nacional<\/strong> sobre o aumento do pre\u00e7o dos combust\u00edveis pela <strong>Petrobras<\/strong> est\u00e1 baseado em uma poss\u00edvel nova greve dos <strong>caminhoneiros.\u00a0<\/strong>Em maio de 2018, a categoria parou por 11 dias e influenciou todas as cadeias de distribui\u00e7\u00e3o nacionais. A manifesta\u00e7\u00e3o resultou em consequ\u00eancias para diversos setores da economia.<\/p>\n","protected":false},"excerpt":{"rendered":"<p>Ministros do governo Bolsonaro se reunir\u00e3o no Pal\u00e1cio do Planalto na tarde desta segunda-feira (15) para discutir sobre a pol\u00edtica de pre\u00e7os de combust\u00edveis. O encontro acontece com urg\u00eancia ap\u00f3s o presidente interferir, na sexta-feira (12), no aumento do pre\u00e7o do diesel proposto pela Petrobras. Petrobras avan\u00e7a na digitaliza\u00e7\u00e3o das opera\u00e7\u00f5es A reuni\u00e3o, que ocorre [&hellip;]<\/p>\n","protected":false},"author":16,"featured_media":11722,"comment_status":"closed","ping_status":"closed","sticky":false,"template":"","format":"standard","meta":[],"categories":[62],"tags":[757,1192,719,595],"suno_strategy":[],"class_list":["post-21011","post","type-post","status-publish","format-standard","has-post-thumbnail","hentry","category-economia","tag-bndes","tag-diesel","tag-jair-bolsonaro","tag-petrobras-petr4"],"yoast_head":"<!-- This site is optimized with the Yoast SEO plugin v24.4 - https:\/\/yoast.com\/wordpress\/plugins\/seo\/ -->\n<title>Ministros discutem sobre diesel ap\u00f3s interven\u00e7\u00e3o do governo na Petrobras<\/title>\n<meta name=\"description\" content=\"Ministros se ren\u00fanem nesta segunda-feira para discutir medidas sobre o pre\u00e7o do diesel, ap\u00f3s Jair Bolsonaro pedir recuo da Petrobras\" \/>\n<meta name=\"robots\" content=\"index, follow, max-snippet:-1, max-image-preview:large, max-video-preview:-1\" \/>\n<link rel=\"canonical\" href=\"https:\/\/www.suno.com.br\/noticias\/diesel-governo-intervencao-petrobras\/\" \/>\n<meta property=\"og:locale\" content=\"pt_BR\" \/>\n<meta property=\"og:type\" content=\"article\" \/>\n<meta property=\"og:title\" content=\"Ministros discutem sobre diesel ap\u00f3s interven\u00e7\u00e3o do governo na Petrobras\" \/>\n<meta property=\"og:description\" content=\"Ministros se ren\u00fanem nesta segunda-feira para discutir medidas sobre o pre\u00e7o do diesel, ap\u00f3s Jair Bolsonaro pedir recuo da Petrobras\" \/>\n<meta property=\"og:url\" content=\"https:\/\/www.suno.com.br\/noticias\/diesel-governo-intervencao-petrobras\/\" \/>\n<meta property=\"og:site_name\" content=\"Suno Not\u00edcias\" \/>\n<meta property=\"article:publisher\" content=\"https:\/\/facebook.com\/sunoresearch\" \/>\n<meta property=\"og:image\" content=\"https:\/\/files.sunoresearch.com.br\/n\/uploads\/2019\/01\/d67309c5-petrobras.jpg\" \/>\n\t<meta property=\"og:image:width\" content=\"1140\" \/>\n\t<meta property=\"og:image:height\" content=\"760\" \/>\n\t<meta property=\"og:image:type\" content=\"image\/jpeg\" \/>\n<meta name=\"author\" content=\"Beatriz Oliveira\" \/>\n<meta name=\"twitter:card\" content=\"summary_large_image\" \/>\n<meta name=\"twitter:creator\" content=\"@sunoresearch\" \/>\n<meta name=\"twitter:site\" content=\"@sunoresearch\" \/>\n<meta name=\"twitter:label1\" content=\"Escrito por\" \/>\n\t<meta name=\"twitter:data1\" content=\"Beatriz Oliveira\" \/>\n\t<meta name=\"twitter:label2\" content=\"Est. tempo de leitura\" \/>\n\t<meta name=\"twitter:data2\" content=\"2 minutos\" \/>\n<script type=\"application\/ld+json\" class=\"yoast-schema-graph\">{\"@context\":\"https:\/\/schema.org\",\"@graph\":[{\"@type\":\"NewsArticle\",\"@id\":\"https:\/\/www.suno.com.br\/noticias\/diesel-governo-intervencao-petrobras\/#article\",\"isPartOf\":{\"@id\":\"https:\/\/www.suno.com.br\/noticias\/diesel-governo-intervencao-petrobras\/\"},\"author\":{\"name\":\"Beatriz Oliveira\",\"@id\":\"https:\/\/www.suno.com.br\/noticias\/#\/schema\/person\/e67f665add014bf99f644028de070cc3\"},\"headline\":\"Ministros discutem pre\u00e7o do diesel ap\u00f3s interven\u00e7\u00e3o do governo na Petrobras\",\"datePublished\":\"2019-04-15T16:35:46+00:00\",\"dateModified\":\"2019-04-15T20:59:53+00:00\",\"mainEntityOfPage\":{\"@id\":\"https:\/\/www.suno.com.br\/noticias\/diesel-governo-intervencao-petrobras\/\"},\"wordCount\":397,\"publisher\":{\"@id\":\"https:\/\/www.suno.com.br\/noticias\/#organization\"},\"image\":{\"@id\":\"https:\/\/www.suno.com.br\/noticias\/diesel-governo-intervencao-petrobras\/#primaryimage\"},\"thumbnailUrl\":\"https:\/\/files.sunoresearch.com.br\/n\/uploads\/2019\/01\/d67309c5-petrobras-jpg.webp\",\"keywords\":[\"BNDES\",\"diesel\",\"Jair Bolsonaro\",\"Petrobras (PETR4)\"],\"articleSection\":[\"Economia\"],\"inLanguage\":\"pt-BR\"},{\"@type\":\"WebPage\",\"@id\":\"https:\/\/www.suno.com.br\/noticias\/diesel-governo-intervencao-petrobras\/\",\"url\":\"https:\/\/www.suno.com.br\/noticias\/diesel-governo-intervencao-petrobras\/\",\"name\":\"Ministros discutem sobre diesel ap\u00f3s interven\u00e7\u00e3o do governo na Petrobras\",\"isPartOf\":{\"@id\":\"https:\/\/www.suno.com.br\/noticias\/#website\"},\"primaryImageOfPage\":{\"@id\":\"https:\/\/www.suno.com.br\/noticias\/diesel-governo-intervencao-petrobras\/#primaryimage\"},\"image\":{\"@id\":\"https:\/\/www.suno.com.br\/noticias\/diesel-governo-intervencao-petrobras\/#primaryimage\"},\"thumbnailUrl\":\"https:\/\/files.sunoresearch.com.br\/n\/uploads\/2019\/01\/d67309c5-petrobras-jpg.webp\",\"datePublished\":\"2019-04-15T16:35:46+00:00\",\"dateModified\":\"2019-04-15T20:59:53+00:00\",\"description\":\"Ministros se ren\u00fanem nesta segunda-feira para discutir medidas sobre o pre\u00e7o do diesel, ap\u00f3s Jair Bolsonaro pedir recuo da Petrobras\",\"breadcrumb\":{\"@id\":\"https:\/\/www.suno.com.br\/noticias\/diesel-governo-intervencao-petrobras\/#breadcrumb\"},\"inLanguage\":\"pt-BR\",\"potentialAction\":[{\"@type\":\"ReadAction\",\"target\":[\"https:\/\/www.suno.com.br\/noticias\/diesel-governo-intervencao-petrobras\/\"]}]},{\"@type\":\"ImageObject\",\"inLanguage\":\"pt-BR\",\"@id\":\"https:\/\/www.suno.com.br\/noticias\/diesel-governo-intervencao-petrobras\/#primaryimage\",\"url\":\"https:\/\/files.sunoresearch.com.br\/n\/uploads\/2019\/01\/d67309c5-petrobras-jpg.webp\",\"contentUrl\":\"https:\/\/files.sunoresearch.com.br\/n\/uploads\/2019\/01\/d67309c5-petrobras-jpg.webp\",\"width\":1140,\"height\":760,\"caption\":\"Petrobras avan\u00e7a na digitaliza\u00e7\u00e3o das opera\u00e7\u00f5es\"},{\"@type\":\"BreadcrumbList\",\"@id\":\"https:\/\/www.suno.com.br\/noticias\/diesel-governo-intervencao-petrobras\/#breadcrumb\",\"itemListElement\":[{\"@type\":\"ListItem\",\"position\":1,\"name\":\"Not\u00edcias\",\"item\":\"https:\/\/www.suno.com.br\/noticias\/\"},{\"@type\":\"ListItem\",\"position\":2,\"name\":\"Economia\",\"item\":\"https:\/\/www.suno.com.br\/noticias\/economia\/\"},{\"@type\":\"ListItem\",\"position\":3,\"name\":\"Ministros discutem pre\u00e7o do diesel ap\u00f3s interven\u00e7\u00e3o do governo na Petrobras\"}]},{\"@type\":\"WebSite\",\"@id\":\"https:\/\/www.suno.com.br\/noticias\/#website\",\"url\":\"https:\/\/www.suno.com.br\/noticias\/\",\"name\":\"Suno Not\u00edcias\",\"description\":\"Seu portal de informa\u00e7\u00e3o sobre o mundo dos investimentos\",\"publisher\":{\"@id\":\"https:\/\/www.suno.com.br\/noticias\/#organization\"},\"potentialAction\":[{\"@type\":\"SearchAction\",\"target\":{\"@type\":\"EntryPoint\",\"urlTemplate\":\"https:\/\/www.suno.com.br\/noticias\/?s={search_term_string}\"},\"query-input\":{\"@type\":\"PropertyValueSpecification\",\"valueRequired\":true,\"valueName\":\"search_term_string\"}}],\"inLanguage\":\"pt-BR\"},{\"@type\":\"Organization\",\"@id\":\"https:\/\/www.suno.com.br\/noticias\/#organization\",\"name\":\"Suno Not\u00edcias\",\"url\":\"https:\/\/www.suno.com.br\/noticias\/\",\"logo\":{\"@type\":\"ImageObject\",\"inLanguage\":\"pt-BR\",\"@id\":\"https:\/\/www.suno.com.br\/noticias\/#\/schema\/logo\/image\/\",\"url\":\"https:\/\/files.sunoresearch.com.br\/n\/uploads\/2021\/09\/suno-logo.png\",\"contentUrl\":\"https:\/\/files.sunoresearch.com.br\/n\/uploads\/2021\/09\/suno-logo.png\",\"width\":180,\"height\":180,\"caption\":\"Suno Not\u00edcias\"},\"image\":{\"@id\":\"https:\/\/www.suno.com.br\/noticias\/#\/schema\/logo\/image\/\"},\"sameAs\":[\"https:\/\/facebook.com\/sunoresearch\",\"https:\/\/x.com\/sunoresearch\",\"https:\/\/www.instagram.com\/suno\",\"https:\/\/www.linkedin.com\/company\/suno-research\/\",\"https:\/\/www.youtube.com\/c\/sunoresearch\"]},{\"@type\":\"Person\",\"@id\":\"https:\/\/www.suno.com.br\/noticias\/#\/schema\/person\/e67f665add014bf99f644028de070cc3\",\"name\":\"Beatriz Oliveira\",\"image\":{\"@type\":\"ImageObject\",\"inLanguage\":\"pt-BR\",\"@id\":\"https:\/\/www.suno.com.br\/noticias\/#\/schema\/person\/image\/\",\"url\":\"https:\/\/secure.gravatar.com\/avatar\/c9aa6a0aaecc598d257d5d5bd349157d?s=96&r=g\",\"contentUrl\":\"https:\/\/secure.gravatar.com\/avatar\/c9aa6a0aaecc598d257d5d5bd349157d?s=96&r=g\",\"caption\":\"Beatriz Oliveira\"},\"description\":\"Formada em Jornalismo pela Faculdade Paulus de Tecnologia e Comunica\u00e7\u00e3o, Beatriz Oliveira escreve para o portal de not\u00edcias Suno Research. Antes, passou pelas reda\u00e7\u00f5es da Revista EXAME e da Rede Bandeirantes.\",\"url\":\"https:\/\/www.suno.com.br\/noticias\/author\/beatriz\/\"}]}<\/script>\n<!-- \/ Yoast SEO plugin. -->","yoast_head_json":{"title":"Ministros discutem sobre diesel ap\u00f3s interven\u00e7\u00e3o do governo na Petrobras","description":"Ministros se ren\u00fanem nesta segunda-feira para discutir medidas sobre o pre\u00e7o do diesel, ap\u00f3s Jair Bolsonaro pedir recuo da Petrobras","robots":{"index":"index","follow":"follow","max-snippet":"max-snippet:-1","max-image-preview":"max-image-preview:large","max-video-preview":"max-video-preview:-1"},"canonical":"https:\/\/www.suno.com.br\/noticias\/diesel-governo-intervencao-petrobras\/","og_locale":"pt_BR","og_type":"article","og_title":"Ministros discutem sobre diesel ap\u00f3s interven\u00e7\u00e3o do governo na Petrobras","og_description":"Ministros se ren\u00fanem nesta segunda-feira para discutir medidas sobre o pre\u00e7o do diesel, ap\u00f3s Jair Bolsonaro pedir recuo da Petrobras","og_url":"https:\/\/www.suno.com.br\/noticias\/diesel-governo-intervencao-petrobras\/","og_site_name":"Suno Not\u00edcias","article_publisher":"https:\/\/facebook.com\/sunoresearch","og_image":[{"width":1140,"height":760,"url":"https:\/\/files.sunoresearch.com.br\/n\/uploads\/2019\/01\/d67309c5-petrobras.jpg","type":"image\/jpeg"}],"author":"Beatriz Oliveira","twitter_card":"summary_large_image","twitter_creator":"@sunoresearch","twitter_site":"@sunoresearch","twitter_misc":{"Escrito por":"Beatriz Oliveira","Est. tempo de leitura":"2 minutos"},"schema":{"@context":"https:\/\/schema.org","@graph":[{"@type":"NewsArticle","@id":"https:\/\/www.suno.com.br\/noticias\/diesel-governo-intervencao-petrobras\/#article","isPartOf":{"@id":"https:\/\/www.suno.com.br\/noticias\/diesel-governo-intervencao-petrobras\/"},"author":{"name":"Beatriz Oliveira","@id":"https:\/\/www.suno.com.br\/noticias\/#\/schema\/person\/e67f665add014bf99f644028de070cc3"},"headline":"Ministros discutem pre\u00e7o do diesel ap\u00f3s interven\u00e7\u00e3o do governo na Petrobras","datePublished":"2019-04-15T16:35:46+00:00","dateModified":"2019-04-15T20:59:53+00:00","mainEntityOfPage":{"@id":"https:\/\/www.suno.com.br\/noticias\/diesel-governo-intervencao-petrobras\/"},"wordCount":397,"publisher":{"@id":"https:\/\/www.suno.com.br\/noticias\/#organization"},"image":{"@id":"https:\/\/www.suno.com.br\/noticias\/diesel-governo-intervencao-petrobras\/#primaryimage"},"thumbnailUrl":"https:\/\/files.sunoresearch.com.br\/n\/uploads\/2019\/01\/d67309c5-petrobras-jpg.webp","keywords":["BNDES","diesel","Jair Bolsonaro","Petrobras (PETR4)"],"articleSection":["Economia"],"inLanguage":"pt-BR"},{"@type":"WebPage","@id":"https:\/\/www.suno.com.br\/noticias\/diesel-governo-intervencao-petrobras\/","url":"https:\/\/www.suno.com.br\/noticias\/diesel-governo-intervencao-petrobras\/","name":"Ministros discutem sobre diesel ap\u00f3s interven\u00e7\u00e3o do governo na Petrobras","isPartOf":{"@id":"https:\/\/www.suno.com.br\/noticias\/#website"},"primaryImageOfPage":{"@id":"https:\/\/www.suno.com.br\/noticias\/diesel-governo-intervencao-petrobras\/#primaryimage"},"image":{"@id":"https:\/\/www.suno.com.br\/noticias\/diesel-governo-intervencao-petrobras\/#primaryimage"},"thumbnailUrl":"https:\/\/files.sunoresearch.com.br\/n\/uploads\/2019\/01\/d67309c5-petrobras-jpg.webp","datePublished":"2019-04-15T16:35:46+00:00","dateModified":"2019-04-15T20:59:53+00:00","description":"Ministros se ren\u00fanem nesta segunda-feira para discutir medidas sobre o pre\u00e7o do diesel, ap\u00f3s Jair Bolsonaro pedir recuo da Petrobras","breadcrumb":{"@id":"https:\/\/www.suno.com.br\/noticias\/diesel-governo-intervencao-petrobras\/#breadcrumb"},"inLanguage":"pt-BR","potentialAction":[{"@type":"ReadAction","target":["https:\/\/www.suno.com.br\/noticias\/diesel-governo-intervencao-petrobras\/"]}]},{"@type":"ImageObject","inLanguage":"pt-BR","@id":"https:\/\/www.suno.com.br\/noticias\/diesel-governo-intervencao-petrobras\/#primaryimage","url":"https:\/\/files.sunoresearch.com.br\/n\/uploads\/2019\/01\/d67309c5-petrobras-jpg.webp","contentUrl":"https:\/\/files.sunoresearch.com.br\/n\/uploads\/2019\/01\/d67309c5-petrobras-jpg.webp","width":1140,"height":760,"caption":"Petrobras avan\u00e7a na digitaliza\u00e7\u00e3o das opera\u00e7\u00f5es"},{"@type":"BreadcrumbList","@id":"https:\/\/www.suno.com.br\/noticias\/diesel-governo-intervencao-petrobras\/#breadcrumb","itemListElement":[{"@type":"ListItem","position":1,"name":"Not\u00edcias","item":"https:\/\/www.suno.com.br\/noticias\/"},{"@type":"ListItem","position":2,"name":"Economia","item":"https:\/\/www.suno.com.br\/noticias\/economia\/"},{"@type":"ListItem","position":3,"name":"Ministros discutem pre\u00e7o do diesel ap\u00f3s interven\u00e7\u00e3o do governo na Petrobras"}]},{"@type":"WebSite","@id":"https:\/\/www.suno.com.br\/noticias\/#website","url":"https:\/\/www.suno.com.br\/noticias\/","name":"Suno Not\u00edcias","description":"Seu portal de informa\u00e7\u00e3o sobre o mundo dos investimentos","publisher":{"@id":"https:\/\/www.suno.com.br\/noticias\/#organization"},"potentialAction":[{"@type":"SearchAction","target":{"@type":"EntryPoint","urlTemplate":"https:\/\/www.suno.com.br\/noticias\/?s={search_term_string}"},"query-input":{"@type":"PropertyValueSpecification","valueRequired":true,"valueName":"search_term_string"}}],"inLanguage":"pt-BR"},{"@type":"Organization","@id":"https:\/\/www.suno.com.br\/noticias\/#organization","name":"Suno Not\u00edcias","url":"https:\/\/www.suno.com.br\/noticias\/","logo":{"@type":"ImageObject","inLanguage":"pt-BR","@id":"https:\/\/www.suno.com.br\/noticias\/#\/schema\/logo\/image\/","url":"https:\/\/files.sunoresearch.com.br\/n\/uploads\/2021\/09\/suno-logo.png","contentUrl":"https:\/\/files.sunoresearch.com.br\/n\/uploads\/2021\/09\/suno-logo.png","width":180,"height":180,"caption":"Suno Not\u00edcias"},"image":{"@id":"https:\/\/www.suno.com.br\/noticias\/#\/schema\/logo\/image\/"},"sameAs":["https:\/\/facebook.com\/sunoresearch","https:\/\/x.com\/sunoresearch","https:\/\/www.instagram.com\/suno","https:\/\/www.linkedin.com\/company\/suno-research\/","https:\/\/www.youtube.com\/c\/sunoresearch"]},{"@type":"Person","@id":"https:\/\/www.suno.com.br\/noticias\/#\/schema\/person\/e67f665add014bf99f644028de070cc3","name":"Beatriz Oliveira","image":{"@type":"ImageObject","inLanguage":"pt-BR","@id":"https:\/\/www.suno.com.br\/noticias\/#\/schema\/person\/image\/","url":"https:\/\/secure.gravatar.com\/avatar\/c9aa6a0aaecc598d257d5d5bd349157d?s=96&r=g","contentUrl":"https:\/\/secure.gravatar.com\/avatar\/c9aa6a0aaecc598d257d5d5bd349157d?s=96&r=g","caption":"Beatriz Oliveira"},"description":"Formada em Jornalismo pela Faculdade Paulus de Tecnologia e Comunica\u00e7\u00e3o, Beatriz Oliveira escreve para o portal de not\u00edcias Suno Research. Antes, passou pelas reda\u00e7\u00f5es da Revista EXAME e da Rede Bandeirantes.","url":"https:\/\/www.suno.com.br\/noticias\/author\/beatriz\/"}]}},"default_loop_html":"<div class=\"cardsPage__listCard__boxs\"><div class=\"cardsPage__listCard__boxs__img\"><a href=\"https:\/\/www.suno.com.br\/noticias\/diesel-governo-intervencao-petrobras\/\"><img class=\"mask\" src=\"https:\/\/www.suno.com.br\/noticias\/wp-content\/themes\/suno\/resources\/images\/spotlight\/spotlight1img\/bg-mask.png\" alt=\"Image Mask\"\/><img src=\"https:\/\/files.sunoresearch.com.br\/n\/uploads\/2019\/01\/d67309c5-petrobras-400x200.webp\" alt=\"Ministros discutem pre\u00e7o do diesel ap\u00f3s interven\u00e7\u00e3o do governo na Petrobras\"\/><\/a><span class=\"spotlightCategory\"><a href=\"https:\/\/www.suno.com.br\/noticias\/economia\/\">Economia<\/a><\/span><\/div><div class=\"cardsPage__listCard__boxs__content\"><a href=\"https:\/\/www.suno.com.br\/noticias\/diesel-governo-intervencao-petrobras\/\"><h2 class=\"content__title\">Ministros discutem pre\u00e7o do diesel ap\u00f3s interven\u00e7\u00e3o do governo na Petrobras<\/h2><\/a><div class=\"newsContent__article__meta\"><div class=\"newsContent__article__meta__authorBox\"><a href=\"https:\/\/www.suno.com.br\/noticias\/author\/beatriz\/\" class=\"authorBox__avatar noMobi\"><img src=\"https:\/\/secure.gravatar.com\/avatar\/c9aa6a0aaecc598d257d5d5bd349157d?s=96&#038;r=g\" alt=\"Beatriz Oliveira\"><\/a><div class=\"authorBox__name\"><span>por\n\t\t\t<a href=\"https:\/\/www.suno.com.br\/noticias\/author\/beatriz\/\"><span itemprop=\"author\">Beatriz Oliveira<\/span><\/a><\/span><time datetime=\"2019-04-15T13:35:46-03:00\" itemprop=\"datePublished\">15\/04\/2019 13:35<\/time><\/div><\/div><\/div><\/div><\/div>","single_layout":"posts","amp_enabled":true,"_links":{"self":[{"href":"https:\/\/www.suno.com.br\/noticias\/wp-json\/wp\/v2\/posts\/21011"}],"collection":[{"href":"https:\/\/www.suno.com.br\/noticias\/wp-json\/wp\/v2\/posts"}],"about":[{"href":"https:\/\/www.suno.com.br\/noticias\/wp-json\/wp\/v2\/types\/post"}],"author":[{"embeddable":true,"href":"https:\/\/www.suno.com.br\/noticias\/wp-json\/wp\/v2\/users\/16"}],"replies":[{"embeddable":true,"href":"https:\/\/www.suno.com.br\/noticias\/wp-json\/wp\/v2\/comments?post=21011"}],"version-history":[{"count":0,"href":"https:\/\/www.suno.com.br\/noticias\/wp-json\/wp\/v2\/posts\/21011\/revisions"}],"wp:featuredmedia":[{"embeddable":true,"href":"https:\/\/www.suno.com.br\/noticias\/wp-json\/wp\/v2\/media\/11722"}],"wp:attachment":[{"href":"https:\/\/www.suno.com.br\/noticias\/wp-json\/wp\/v2\/media?parent=21011"}],"wp:term":[{"taxonomy":"category","embeddable":true,"href":"https:\/\/www.suno.com.br\/noticias\/wp-json\/wp\/v2\/categories?post=21011"},{"taxonomy":"post_tag","embeddable":true,"href":"https:\/\/www.suno.com.br\/noticias\/wp-json\/wp\/v2\/tags?post=21011"},{"taxonomy":"suno_strategy","embeddable":true,"href":"https:\/\/www.suno.com.br\/noticias\/wp-json\/wp\/v2\/suno_strategy?post=21011"}],"curies":[{"name":"wp","href":"https:\/\/api.w.org\/{rel}","templated":true}]}}