{"id":21003,"date":"2019-04-15T12:49:29","date_gmt":"2019-04-15T15:49:29","guid":{"rendered":"https:\/\/www.suno.com.br\/noticias\/?p=21003"},"modified":"2019-04-15T12:49:29","modified_gmt":"2019-04-15T15:49:29","slug":"natura-assumir-the-body-shop-maio","status":"publish","type":"post","link":"https:\/\/www.suno.com.br\/noticias\/natura-assumir-the-body-shop-maio\/","title":{"rendered":"Natura vai assumir a The Body Shop na Am\u00e9rica Latina a partir de maio"},"content":{"rendered":"<p>A Natura assumir\u00e1 as opera\u00e7\u00f5es da The Body Shop na Am\u00e9rica Latina a partir de maio deste ano.<\/p>\t<div class=\"wrapper-featured-image\">\n\t\t<figure class=\"spotlightImg\">\n\n\t\t\t<picture>\n\t\t\t\t<source media=\"(max-width: 768px)\" srcset=\"https:\/\/files.sunoresearch.com.br\/n\/uploads\/2019\/04\/08d6620b-natura-400x200.webp\">\n\t\t\t\t<img loading=\"lazy\" decoding=\"async\" class=\"newsContent__article__imgCapa lazyloadDisabled newsContent__article__imgCapa--noCaption\" src=\"https:\/\/files.sunoresearch.com.br\/n\/uploads\/2019\/04\/08d6620b-natura-jpg.webp\" width=\"800\" height=\"450\" alt=\"Natura vai assumir a The Body Shop na Am\u00e9rica Latina a partir de maio\" fetchpriority=high \/>\n\t\t\t<\/picture>\n\n\t\t\t<figcaption class=\"wp-caption-text wp-caption-text--hide\">Natura ser\u00e1 l\u00edder na venda direta de cosm\u00e9ticos ap\u00f3s comprar Avon<\/figcaption>\n\t\t<\/figure>\n\t<\/div>\n\n\n<p>De acordo com a diretora de varejo da <strong>Natura<\/strong>, Paula Andrade, a ideia \u00e9 aproveitar a estrutura que a Natura possui nas \u00e1reas de finan\u00e7as, tecnologia e infraestrutura para fazer com que a <strong>The Body Shop<\/strong> cres\u00e7a na regi\u00e3o.<\/p>\n<p>&#8220;Teremos uma captura (de sinergias) importante na parte da produ\u00e7\u00e3o&#8221;. No entanto, a diretora n\u00e3o deu detalhes sobre valores, mas afirmou que as marcas seguir\u00e3o em seus setores e n\u00e3o ser\u00e3o misturadas. &#8220;Vamos preservar as identidades das marcas&#8221;.<\/p>\n\n<h2>Natura compra a The Body Shop<\/h2>\n<p>A Natura anunciou a compra de 100% da The Body Shop ainda em 2017. A empresa, que pertencia a <strong>L&#8217;Oreal<\/strong>, foi adquirida numa opera\u00e7\u00e3o de cerca de 1 bilh\u00e3o de euros, ou R$ 4,38 bilh\u00f5es.<\/p>\n<p>De acordo com a executiva, o maior esfor\u00e7o na opera\u00e7\u00e3o de sinergia \u00e9 o Brasil, maior mercado da Natura, tanto em tamanho quando em facilidade de expans\u00e3o. Al\u00e9m disso, ela citou M\u00e9xico e Chile como opera\u00e7\u00f5es importantes.<\/p>\n<p>No entanto, a executiva ainda afirmou que existe a possibilidade de crescer em outros pa\u00edses da regi\u00e3o, mas a expans\u00e3o n\u00e3o dever\u00e1 ser feita em curto prazo.<\/p>\n<h2>Unidades da The Body Shop<\/h2>\n<p>Segundo a diretora, a The Body Shop tem ao menos 160 opera\u00e7\u00f5es na Am\u00e9rica latina. No entanto, s\u00e3o somados lojas pr\u00f3prias, franquias, espa\u00e7os em lojas de departamento, al\u00e9m do com\u00e9rcio eletr\u00f4nico e entre empresas.<\/p>\n<p><a href=\"https:\/\/www.suno.com.br\/noticias\/natura-confirma-intencao-compra-parcela-avon\/\">Saiba mais:\u00a0Natura confirma inten\u00e7\u00e3o de compra de parcela da Avon<\/a><\/p>\n<p>Paula Andrade n\u00e3o descartou a possibilidade de algumas unidades serem fechadas, usando como justificativa a busca ampla por uma reestrutura\u00e7\u00e3o global da rede focando na rentabilidade de cada neg\u00f3cio.<\/p>\n<p>A medida voltada \u00e0 rentabilidade de cada unidade, vez com 62 lojas pr\u00f3prias fossem fechadas em 2018.<\/p>\n<p>Para a Am\u00e9rica Latina ser\u00e1 aplicado um plano que inclui o portf\u00f3lio global para as especialidades da regi\u00e3o. No entanto, ter\u00e3o mais \u00eanfase os segmentos de fragr\u00e2ncias e presentes e tamb\u00e9m um gerenciamento de processos da rede de lojas.<\/p>\n<p>A Natura assume o controle das opera\u00e7\u00f5es da <strong>The Body Shop<\/strong> em um momento em que tamb\u00e9m busca dar continuidade sem seu plano de expans\u00e3o.<\/p>\n<div>\t<p>\n\t\t<a href=\"https:\/\/lp.suno.com.br\/nossas-assinaturas\/?utm_campaign=_SNC8166F3A4_\" target=\"_blank\" data-element=\"shortcode-suno-banner\" title=\"Banner SUNO, clique e saiba mais\">\n\t\t\t<picture>\n\t\t\t\t<source media=\"(max-width: 500px)\" srcset=\"https:\/\/files.sunoresearch.com.br\/n\/uploads\/2025\/08\/Artigos-e-Noticias-Banner-Materias-01-Mobile_-400x300-1-png.webp\">\n\t\t\t\t<img class=\"newsContent__article__imgCapa newsContent__article__imgCapa--banner\"\n\t\t\t\t\tsrc=\"https:\/\/files.sunoresearch.com.br\/n\/uploads\/2025\/08\/Artigos-e-Noticias-Banner-Materias-01-Desktop_-1420x240-4-png.webp\"\n\t\t\t\t\tdata-promo-id=\"620371\"\t\t\t\t\t\t\t\t\t\twidth='1420' height='240'\t\t\t\t\talt=\"https:\/\/files.sunoresearch.com.br\/n\/uploads\/2025\/08\/Artigos-e-Noticias-Banner-Materias-01-Desktop_-1420x240-4-png.webp\"\n\t\t\t\t>\n\t\t\t<\/picture>\n\t\t<\/a>\n\t<\/p>\n\n<\/div>\n<p>&#8220;A opera\u00e7\u00e3o da <strong>Natura<\/strong> no varejo tamb\u00e9m segue em expans\u00e3o, com 37 lojas pr\u00f3prias no Brasil e nove em mercados internacionais. No segundo trimestre, est\u00e3o previstas a inaugura\u00e7\u00e3o de mais oito lojas no <strong>mercado<\/strong> dom\u00e9stico&#8221;, afirmou a empresa.<\/p>\n","protected":false},"excerpt":{"rendered":"<p>A Natura assumir\u00e1 as opera\u00e7\u00f5es da The Body Shop na Am\u00e9rica Latina a partir de maio deste ano. Natura ser\u00e1 l\u00edder na venda direta de cosm\u00e9ticos ap\u00f3s comprar Avon De acordo com a diretora de varejo da Natura, Paula Andrade, a ideia \u00e9 aproveitar a estrutura que a Natura possui nas \u00e1reas de finan\u00e7as, tecnologia [&hellip;]<\/p>\n","protected":false},"author":11,"featured_media":21010,"comment_status":"closed","ping_status":"closed","sticky":false,"template":"","format":"standard","meta":[],"categories":[64],"tags":[574],"suno_strategy":[],"class_list":["post-21003","post","type-post","status-publish","format-standard","has-post-thumbnail","hentry","category-negocios","tag-natura-ntco3"],"yoast_head":"<!-- This site is optimized with the Yoast SEO plugin v24.4 - https:\/\/yoast.com\/wordpress\/plugins\/seo\/ -->\n<title>Natura vai assumir a The Body Shop na Am\u00e9rica Latina a partir de maio<\/title>\n<meta name=\"description\" content=\"The Body Shop foi comprada pela Natura em 2017; Objetivo da brasileira \u00e9 expandir a brit\u00e2nica no mercado nacional. Clique para saber mais.\" \/>\n<meta name=\"robots\" content=\"index, follow, max-snippet:-1, max-image-preview:large, max-video-preview:-1\" \/>\n<link rel=\"canonical\" href=\"https:\/\/www.suno.com.br\/noticias\/natura-assumir-the-body-shop-maio\/\" \/>\n<meta property=\"og:locale\" content=\"pt_BR\" \/>\n<meta property=\"og:type\" content=\"article\" \/>\n<meta property=\"og:title\" content=\"Natura vai assumir a The Body Shop na Am\u00e9rica Latina a partir de maio\" \/>\n<meta property=\"og:description\" content=\"The Body Shop foi comprada pela Natura em 2017; Objetivo da brasileira \u00e9 expandir a brit\u00e2nica no mercado nacional. Clique para saber mais.\" \/>\n<meta property=\"og:url\" content=\"https:\/\/www.suno.com.br\/noticias\/natura-assumir-the-body-shop-maio\/\" \/>\n<meta property=\"og:site_name\" content=\"Suno Not\u00edcias\" \/>\n<meta property=\"article:publisher\" content=\"https:\/\/facebook.com\/sunoresearch\" \/>\n<meta property=\"og:image\" content=\"https:\/\/files.sunoresearch.com.br\/n\/uploads\/2019\/04\/08d6620b-natura.jpg\" \/>\n\t<meta property=\"og:image:width\" content=\"820\" \/>\n\t<meta property=\"og:image:height\" content=\"312\" \/>\n\t<meta property=\"og:image:type\" content=\"image\/jpeg\" \/>\n<meta name=\"author\" content=\"Renan Bandeira\" \/>\n<meta name=\"twitter:card\" content=\"summary_large_image\" \/>\n<meta name=\"twitter:creator\" content=\"@sunoresearch\" \/>\n<meta name=\"twitter:site\" content=\"@sunoresearch\" \/>\n<meta name=\"twitter:label1\" content=\"Escrito por\" \/>\n\t<meta name=\"twitter:data1\" content=\"Renan Bandeira\" \/>\n\t<meta name=\"twitter:label2\" content=\"Est. tempo de leitura\" \/>\n\t<meta name=\"twitter:data2\" content=\"2 minutos\" \/>\n<script type=\"application\/ld+json\" class=\"yoast-schema-graph\">{\"@context\":\"https:\/\/schema.org\",\"@graph\":[{\"@type\":\"NewsArticle\",\"@id\":\"https:\/\/www.suno.com.br\/noticias\/natura-assumir-the-body-shop-maio\/#article\",\"isPartOf\":{\"@id\":\"https:\/\/www.suno.com.br\/noticias\/natura-assumir-the-body-shop-maio\/\"},\"author\":{\"name\":\"Renan Bandeira\",\"@id\":\"https:\/\/www.suno.com.br\/noticias\/#\/schema\/person\/fc144a1c6108bd1dcd43784e88a3c138\"},\"headline\":\"Natura vai assumir a The Body Shop na Am\u00e9rica Latina a partir de maio\",\"datePublished\":\"2019-04-15T15:49:29+00:00\",\"mainEntityOfPage\":{\"@id\":\"https:\/\/www.suno.com.br\/noticias\/natura-assumir-the-body-shop-maio\/\"},\"wordCount\":460,\"publisher\":{\"@id\":\"https:\/\/www.suno.com.br\/noticias\/#organization\"},\"image\":{\"@id\":\"https:\/\/www.suno.com.br\/noticias\/natura-assumir-the-body-shop-maio\/#primaryimage\"},\"thumbnailUrl\":\"https:\/\/files.sunoresearch.com.br\/n\/uploads\/2019\/04\/08d6620b-natura-jpg.webp\",\"keywords\":[\"Natura (NTCO3)\"],\"articleSection\":[\"Neg\u00f3cios\"],\"inLanguage\":\"pt-BR\"},{\"@type\":\"WebPage\",\"@id\":\"https:\/\/www.suno.com.br\/noticias\/natura-assumir-the-body-shop-maio\/\",\"url\":\"https:\/\/www.suno.com.br\/noticias\/natura-assumir-the-body-shop-maio\/\",\"name\":\"Natura vai assumir a The Body Shop na Am\u00e9rica Latina a partir de maio\",\"isPartOf\":{\"@id\":\"https:\/\/www.suno.com.br\/noticias\/#website\"},\"primaryImageOfPage\":{\"@id\":\"https:\/\/www.suno.com.br\/noticias\/natura-assumir-the-body-shop-maio\/#primaryimage\"},\"image\":{\"@id\":\"https:\/\/www.suno.com.br\/noticias\/natura-assumir-the-body-shop-maio\/#primaryimage\"},\"thumbnailUrl\":\"https:\/\/files.sunoresearch.com.br\/n\/uploads\/2019\/04\/08d6620b-natura-jpg.webp\",\"datePublished\":\"2019-04-15T15:49:29+00:00\",\"description\":\"The Body Shop foi comprada pela Natura em 2017; Objetivo da brasileira \u00e9 expandir a brit\u00e2nica no mercado nacional. Clique para saber mais.\",\"breadcrumb\":{\"@id\":\"https:\/\/www.suno.com.br\/noticias\/natura-assumir-the-body-shop-maio\/#breadcrumb\"},\"inLanguage\":\"pt-BR\",\"potentialAction\":[{\"@type\":\"ReadAction\",\"target\":[\"https:\/\/www.suno.com.br\/noticias\/natura-assumir-the-body-shop-maio\/\"]}]},{\"@type\":\"ImageObject\",\"inLanguage\":\"pt-BR\",\"@id\":\"https:\/\/www.suno.com.br\/noticias\/natura-assumir-the-body-shop-maio\/#primaryimage\",\"url\":\"https:\/\/files.sunoresearch.com.br\/n\/uploads\/2019\/04\/08d6620b-natura-jpg.webp\",\"contentUrl\":\"https:\/\/files.sunoresearch.com.br\/n\/uploads\/2019\/04\/08d6620b-natura-jpg.webp\",\"width\":820,\"height\":312,\"caption\":\"Natura ser\u00e1 l\u00edder na venda direta de cosm\u00e9ticos ap\u00f3s comprar Avon\"},{\"@type\":\"BreadcrumbList\",\"@id\":\"https:\/\/www.suno.com.br\/noticias\/natura-assumir-the-body-shop-maio\/#breadcrumb\",\"itemListElement\":[{\"@type\":\"ListItem\",\"position\":1,\"name\":\"Not\u00edcias\",\"item\":\"https:\/\/www.suno.com.br\/noticias\/\"},{\"@type\":\"ListItem\",\"position\":2,\"name\":\"Neg\u00f3cios\",\"item\":\"https:\/\/www.suno.com.br\/noticias\/negocios\/\"},{\"@type\":\"ListItem\",\"position\":3,\"name\":\"Natura vai assumir a The Body Shop na Am\u00e9rica Latina a partir de maio\"}]},{\"@type\":\"WebSite\",\"@id\":\"https:\/\/www.suno.com.br\/noticias\/#website\",\"url\":\"https:\/\/www.suno.com.br\/noticias\/\",\"name\":\"Suno Not\u00edcias\",\"description\":\"Seu portal de informa\u00e7\u00e3o sobre o mundo dos investimentos\",\"publisher\":{\"@id\":\"https:\/\/www.suno.com.br\/noticias\/#organization\"},\"potentialAction\":[{\"@type\":\"SearchAction\",\"target\":{\"@type\":\"EntryPoint\",\"urlTemplate\":\"https:\/\/www.suno.com.br\/noticias\/?s={search_term_string}\"},\"query-input\":{\"@type\":\"PropertyValueSpecification\",\"valueRequired\":true,\"valueName\":\"search_term_string\"}}],\"inLanguage\":\"pt-BR\"},{\"@type\":\"Organization\",\"@id\":\"https:\/\/www.suno.com.br\/noticias\/#organization\",\"name\":\"Suno Not\u00edcias\",\"url\":\"https:\/\/www.suno.com.br\/noticias\/\",\"logo\":{\"@type\":\"ImageObject\",\"inLanguage\":\"pt-BR\",\"@id\":\"https:\/\/www.suno.com.br\/noticias\/#\/schema\/logo\/image\/\",\"url\":\"https:\/\/files.sunoresearch.com.br\/n\/uploads\/2021\/09\/suno-logo.png\",\"contentUrl\":\"https:\/\/files.sunoresearch.com.br\/n\/uploads\/2021\/09\/suno-logo.png\",\"width\":180,\"height\":180,\"caption\":\"Suno Not\u00edcias\"},\"image\":{\"@id\":\"https:\/\/www.suno.com.br\/noticias\/#\/schema\/logo\/image\/\"},\"sameAs\":[\"https:\/\/facebook.com\/sunoresearch\",\"https:\/\/x.com\/sunoresearch\",\"https:\/\/www.instagram.com\/suno\",\"https:\/\/www.linkedin.com\/company\/suno-research\/\",\"https:\/\/www.youtube.com\/c\/sunoresearch\"]},{\"@type\":\"Person\",\"@id\":\"https:\/\/www.suno.com.br\/noticias\/#\/schema\/person\/fc144a1c6108bd1dcd43784e88a3c138\",\"name\":\"Renan Bandeira\",\"image\":{\"@type\":\"ImageObject\",\"inLanguage\":\"pt-BR\",\"@id\":\"https:\/\/www.suno.com.br\/noticias\/#\/schema\/person\/image\/\",\"url\":\"https:\/\/secure.gravatar.com\/avatar\/68359cdb608f14f11bbefcb78f3fc747?s=96&r=g\",\"contentUrl\":\"https:\/\/secure.gravatar.com\/avatar\/68359cdb608f14f11bbefcb78f3fc747?s=96&r=g\",\"caption\":\"Renan Bandeira\"},\"description\":\"Renan Bandeira escreve sobre pol\u00edtica e economia para o portal da Suno Research. Antes da Suno, trabalhou em uma rede de televis\u00e3o, onde fazia reportagens sobre os mesmos temas. Estuda na Universidade Metodista de S\u00e3o Paulo.\",\"url\":\"https:\/\/www.suno.com.br\/noticias\/author\/renan-bandeira\/\"}]}<\/script>\n<!-- \/ Yoast SEO plugin. -->","yoast_head_json":{"title":"Natura vai assumir a The Body Shop na Am\u00e9rica Latina a partir de maio","description":"The Body Shop foi comprada pela Natura em 2017; Objetivo da brasileira \u00e9 expandir a brit\u00e2nica no mercado nacional. Clique para saber mais.","robots":{"index":"index","follow":"follow","max-snippet":"max-snippet:-1","max-image-preview":"max-image-preview:large","max-video-preview":"max-video-preview:-1"},"canonical":"https:\/\/www.suno.com.br\/noticias\/natura-assumir-the-body-shop-maio\/","og_locale":"pt_BR","og_type":"article","og_title":"Natura vai assumir a The Body Shop na Am\u00e9rica Latina a partir de maio","og_description":"The Body Shop foi comprada pela Natura em 2017; Objetivo da brasileira \u00e9 expandir a brit\u00e2nica no mercado nacional. Clique para saber mais.","og_url":"https:\/\/www.suno.com.br\/noticias\/natura-assumir-the-body-shop-maio\/","og_site_name":"Suno Not\u00edcias","article_publisher":"https:\/\/facebook.com\/sunoresearch","og_image":[{"width":820,"height":312,"url":"https:\/\/files.sunoresearch.com.br\/n\/uploads\/2019\/04\/08d6620b-natura.jpg","type":"image\/jpeg"}],"author":"Renan Bandeira","twitter_card":"summary_large_image","twitter_creator":"@sunoresearch","twitter_site":"@sunoresearch","twitter_misc":{"Escrito por":"Renan Bandeira","Est. tempo de leitura":"2 minutos"},"schema":{"@context":"https:\/\/schema.org","@graph":[{"@type":"NewsArticle","@id":"https:\/\/www.suno.com.br\/noticias\/natura-assumir-the-body-shop-maio\/#article","isPartOf":{"@id":"https:\/\/www.suno.com.br\/noticias\/natura-assumir-the-body-shop-maio\/"},"author":{"name":"Renan Bandeira","@id":"https:\/\/www.suno.com.br\/noticias\/#\/schema\/person\/fc144a1c6108bd1dcd43784e88a3c138"},"headline":"Natura vai assumir a The Body Shop na Am\u00e9rica Latina a partir de maio","datePublished":"2019-04-15T15:49:29+00:00","mainEntityOfPage":{"@id":"https:\/\/www.suno.com.br\/noticias\/natura-assumir-the-body-shop-maio\/"},"wordCount":460,"publisher":{"@id":"https:\/\/www.suno.com.br\/noticias\/#organization"},"image":{"@id":"https:\/\/www.suno.com.br\/noticias\/natura-assumir-the-body-shop-maio\/#primaryimage"},"thumbnailUrl":"https:\/\/files.sunoresearch.com.br\/n\/uploads\/2019\/04\/08d6620b-natura-jpg.webp","keywords":["Natura (NTCO3)"],"articleSection":["Neg\u00f3cios"],"inLanguage":"pt-BR"},{"@type":"WebPage","@id":"https:\/\/www.suno.com.br\/noticias\/natura-assumir-the-body-shop-maio\/","url":"https:\/\/www.suno.com.br\/noticias\/natura-assumir-the-body-shop-maio\/","name":"Natura vai assumir a The Body Shop na Am\u00e9rica Latina a partir de maio","isPartOf":{"@id":"https:\/\/www.suno.com.br\/noticias\/#website"},"primaryImageOfPage":{"@id":"https:\/\/www.suno.com.br\/noticias\/natura-assumir-the-body-shop-maio\/#primaryimage"},"image":{"@id":"https:\/\/www.suno.com.br\/noticias\/natura-assumir-the-body-shop-maio\/#primaryimage"},"thumbnailUrl":"https:\/\/files.sunoresearch.com.br\/n\/uploads\/2019\/04\/08d6620b-natura-jpg.webp","datePublished":"2019-04-15T15:49:29+00:00","description":"The Body Shop foi comprada pela Natura em 2017; Objetivo da brasileira \u00e9 expandir a brit\u00e2nica no mercado nacional. Clique para saber mais.","breadcrumb":{"@id":"https:\/\/www.suno.com.br\/noticias\/natura-assumir-the-body-shop-maio\/#breadcrumb"},"inLanguage":"pt-BR","potentialAction":[{"@type":"ReadAction","target":["https:\/\/www.suno.com.br\/noticias\/natura-assumir-the-body-shop-maio\/"]}]},{"@type":"ImageObject","inLanguage":"pt-BR","@id":"https:\/\/www.suno.com.br\/noticias\/natura-assumir-the-body-shop-maio\/#primaryimage","url":"https:\/\/files.sunoresearch.com.br\/n\/uploads\/2019\/04\/08d6620b-natura-jpg.webp","contentUrl":"https:\/\/files.sunoresearch.com.br\/n\/uploads\/2019\/04\/08d6620b-natura-jpg.webp","width":820,"height":312,"caption":"Natura ser\u00e1 l\u00edder na venda direta de cosm\u00e9ticos ap\u00f3s comprar Avon"},{"@type":"BreadcrumbList","@id":"https:\/\/www.suno.com.br\/noticias\/natura-assumir-the-body-shop-maio\/#breadcrumb","itemListElement":[{"@type":"ListItem","position":1,"name":"Not\u00edcias","item":"https:\/\/www.suno.com.br\/noticias\/"},{"@type":"ListItem","position":2,"name":"Neg\u00f3cios","item":"https:\/\/www.suno.com.br\/noticias\/negocios\/"},{"@type":"ListItem","position":3,"name":"Natura vai assumir a The Body Shop na Am\u00e9rica Latina a partir de maio"}]},{"@type":"WebSite","@id":"https:\/\/www.suno.com.br\/noticias\/#website","url":"https:\/\/www.suno.com.br\/noticias\/","name":"Suno Not\u00edcias","description":"Seu portal de informa\u00e7\u00e3o sobre o mundo dos investimentos","publisher":{"@id":"https:\/\/www.suno.com.br\/noticias\/#organization"},"potentialAction":[{"@type":"SearchAction","target":{"@type":"EntryPoint","urlTemplate":"https:\/\/www.suno.com.br\/noticias\/?s={search_term_string}"},"query-input":{"@type":"PropertyValueSpecification","valueRequired":true,"valueName":"search_term_string"}}],"inLanguage":"pt-BR"},{"@type":"Organization","@id":"https:\/\/www.suno.com.br\/noticias\/#organization","name":"Suno Not\u00edcias","url":"https:\/\/www.suno.com.br\/noticias\/","logo":{"@type":"ImageObject","inLanguage":"pt-BR","@id":"https:\/\/www.suno.com.br\/noticias\/#\/schema\/logo\/image\/","url":"https:\/\/files.sunoresearch.com.br\/n\/uploads\/2021\/09\/suno-logo.png","contentUrl":"https:\/\/files.sunoresearch.com.br\/n\/uploads\/2021\/09\/suno-logo.png","width":180,"height":180,"caption":"Suno Not\u00edcias"},"image":{"@id":"https:\/\/www.suno.com.br\/noticias\/#\/schema\/logo\/image\/"},"sameAs":["https:\/\/facebook.com\/sunoresearch","https:\/\/x.com\/sunoresearch","https:\/\/www.instagram.com\/suno","https:\/\/www.linkedin.com\/company\/suno-research\/","https:\/\/www.youtube.com\/c\/sunoresearch"]},{"@type":"Person","@id":"https:\/\/www.suno.com.br\/noticias\/#\/schema\/person\/fc144a1c6108bd1dcd43784e88a3c138","name":"Renan Bandeira","image":{"@type":"ImageObject","inLanguage":"pt-BR","@id":"https:\/\/www.suno.com.br\/noticias\/#\/schema\/person\/image\/","url":"https:\/\/secure.gravatar.com\/avatar\/68359cdb608f14f11bbefcb78f3fc747?s=96&r=g","contentUrl":"https:\/\/secure.gravatar.com\/avatar\/68359cdb608f14f11bbefcb78f3fc747?s=96&r=g","caption":"Renan Bandeira"},"description":"Renan Bandeira escreve sobre pol\u00edtica e economia para o portal da Suno Research. Antes da Suno, trabalhou em uma rede de televis\u00e3o, onde fazia reportagens sobre os mesmos temas. Estuda na Universidade Metodista de S\u00e3o Paulo.","url":"https:\/\/www.suno.com.br\/noticias\/author\/renan-bandeira\/"}]}},"default_loop_html":"<div class=\"cardsPage__listCard__boxs\"><div class=\"cardsPage__listCard__boxs__img\"><a href=\"https:\/\/www.suno.com.br\/noticias\/natura-assumir-the-body-shop-maio\/\"><img class=\"mask\" src=\"https:\/\/www.suno.com.br\/noticias\/wp-content\/themes\/suno\/resources\/images\/spotlight\/spotlight1img\/bg-mask.png\" alt=\"Image Mask\"\/><img src=\"https:\/\/files.sunoresearch.com.br\/n\/uploads\/2019\/04\/08d6620b-natura-400x200.webp\" alt=\"Natura vai assumir a The Body Shop na Am\u00e9rica Latina a partir de maio\"\/><\/a><span class=\"spotlightCategory\"><a href=\"https:\/\/www.suno.com.br\/noticias\/negocios\/\">Neg\u00f3cios<\/a><\/span><\/div><div class=\"cardsPage__listCard__boxs__content\"><a href=\"https:\/\/www.suno.com.br\/noticias\/natura-assumir-the-body-shop-maio\/\"><h2 class=\"content__title\">Natura vai assumir a The Body Shop na Am\u00e9rica Latina a partir de maio<\/h2><\/a><div class=\"newsContent__article__meta\"><div class=\"newsContent__article__meta__authorBox\"><a href=\"https:\/\/www.suno.com.br\/noticias\/author\/renan-bandeira\/\" class=\"authorBox__avatar noMobi\"><img src=\"https:\/\/secure.gravatar.com\/avatar\/68359cdb608f14f11bbefcb78f3fc747?s=96&#038;r=g\" alt=\"Renan Bandeira\"><\/a><div class=\"authorBox__name\"><span>por\n\t\t\t<a href=\"https:\/\/www.suno.com.br\/noticias\/author\/renan-bandeira\/\"><span itemprop=\"author\">Renan Bandeira<\/span><\/a><\/span><time datetime=\"2019-04-15T12:49:29-03:00\" itemprop=\"datePublished\">15\/04\/2019 12:49<\/time><\/div><\/div><\/div><\/div><\/div>","single_layout":"posts","amp_enabled":true,"_links":{"self":[{"href":"https:\/\/www.suno.com.br\/noticias\/wp-json\/wp\/v2\/posts\/21003"}],"collection":[{"href":"https:\/\/www.suno.com.br\/noticias\/wp-json\/wp\/v2\/posts"}],"about":[{"href":"https:\/\/www.suno.com.br\/noticias\/wp-json\/wp\/v2\/types\/post"}],"author":[{"embeddable":true,"href":"https:\/\/www.suno.com.br\/noticias\/wp-json\/wp\/v2\/users\/11"}],"replies":[{"embeddable":true,"href":"https:\/\/www.suno.com.br\/noticias\/wp-json\/wp\/v2\/comments?post=21003"}],"version-history":[{"count":0,"href":"https:\/\/www.suno.com.br\/noticias\/wp-json\/wp\/v2\/posts\/21003\/revisions"}],"wp:featuredmedia":[{"embeddable":true,"href":"https:\/\/www.suno.com.br\/noticias\/wp-json\/wp\/v2\/media\/21010"}],"wp:attachment":[{"href":"https:\/\/www.suno.com.br\/noticias\/wp-json\/wp\/v2\/media?parent=21003"}],"wp:term":[{"taxonomy":"category","embeddable":true,"href":"https:\/\/www.suno.com.br\/noticias\/wp-json\/wp\/v2\/categories?post=21003"},{"taxonomy":"post_tag","embeddable":true,"href":"https:\/\/www.suno.com.br\/noticias\/wp-json\/wp\/v2\/tags?post=21003"},{"taxonomy":"suno_strategy","embeddable":true,"href":"https:\/\/www.suno.com.br\/noticias\/wp-json\/wp\/v2\/suno_strategy?post=21003"}],"curies":[{"name":"wp","href":"https:\/\/api.w.org\/{rel}","templated":true}]}}