{"id":209705,"date":"2021-11-29T09:45:11","date_gmt":"2021-11-29T12:45:11","guid":{"rendered":"https:\/\/www.suno.com.br\/noticias\/?p=209705"},"modified":"2021-11-29T09:45:11","modified_gmt":"2021-11-29T12:45:11","slug":"supermercados-mercado-livre-meli34-cresce-540-black-friday","status":"publish","type":"post","link":"https:\/\/www.suno.com.br\/noticias\/supermercados-mercado-livre-meli34-cresce-540-black-friday\/","title":{"rendered":"Mercado Livre (MELI34): Supermercado foi categoria de destaque na Black Friday"},"content":{"rendered":"<p dir=\"ltr\">Na Black Friday, o <strong>Mercado Livre<\/strong> (MELI34) observou que a categoria de supermercados cresceu 540% em volume e 310% em valor bruto de mercadoria (GVM). A alta da infla\u00e7\u00e3o minou a perspectiva de ter desconto, e o resultado foi uma maior oferta de produtos de mercearia e hipermercado.<\/p>\t<div class=\"wrapper-featured-image\">\n\t\t<figure class=\"spotlightImg\">\n\n\t\t\t<picture>\n\t\t\t\t<source media=\"(max-width: 768px)\" srcset=\"https:\/\/files.sunoresearch.com.br\/n\/uploads\/2021\/06\/c8327bd8-21272588_10155008610128506_295331794644669211_n-400x200.webp\">\n\t\t\t\t<img loading=\"lazy\" decoding=\"async\" class=\"newsContent__article__imgCapa lazyloadDisabled \" src=\"https:\/\/files.sunoresearch.com.br\/n\/uploads\/2021\/06\/c8327bd8-21272588_10155008610128506_295331794644669211_n-800x450.webp\" width=\"800\" height=\"450\" alt=\"Mercado Livre (MELI34): Supermercado foi categoria de destaque na Black Friday\" fetchpriority=high \/>\n\t\t\t<\/picture>\n\n\t\t\t<figcaption class=\"wp-caption-text wp-caption-text--show\">Mercado Livre. Foto: Reprodu\u00e7\u00e3o Facebook<\/figcaption>\n\t\t<\/figure>\n\t<\/div>\n\n<p dir=\"ltr\">Na Black Friday, o <strong>Mercado Livre<\/strong> (MELI34) observou que a categoria de supermercados cresceu 540% em volume e 310% em valor bruto de mercadoria (GVM). A alta da infla\u00e7\u00e3o minou a perspectiva de ter desconto, e o resultado foi uma maior oferta de produtos de mercearia e hipermercado.<\/p>\n<p dir=\"ltr\">\t<p>\n\t\t<a href=\"https:\/\/lp.suno.com.br\/planilha-controle-gastos\/\" target=\"_blank\" data-element=\"shortcode-suno-banner\" title=\"Banner SUNO, clique e saiba mais\">\n\t\t\t<picture>\n\t\t\t\t<source media=\"(max-width: 500px)\" srcset=\"https:\/\/files.sunoresearch.com.br\/n\/uploads\/2023\/03\/400x300-Planilha-controle-de-gastos.png\">\n\t\t\t\t<img class=\"newsContent__article__imgCapa newsContent__article__imgCapa--banner\"\n\t\t\t\t\tsrc=\"https:\/\/files.sunoresearch.com.br\/n\/uploads\/2023\/03\/1420x240-Planilha-controle-de-gastos.png\"\n\t\t\t\t\tdata-promo-id=\"101751\"\t\t\t\t\t\t\t\t\t\twidth='1420' height='240'\t\t\t\t\talt=\"https:\/\/files.sunoresearch.com.br\/n\/uploads\/2023\/03\/1420x240-Planilha-controle-de-gastos.png\"\n\t\t\t\t>\n\t\t\t<\/picture>\n\t\t<\/a>\n\t<\/p>\n\n<\/p>\n<p dir=\"ltr\">Em entrevista ao jornal <em>Folha de S.Paulo<\/em>, o l\u00edder da opera\u00e7\u00e3o do Mercado Livre no Brasil, Fernando Yunes, disse que a alta dos pre\u00e7os deixou os itens mais caros em segundo plano, e muitos consumidores adiaram os planos de compra de celular para comprar <strong>itens b\u00e1sicos da casa<\/strong>.<\/p>\n<p dir=\"ltr\">&#8220;As fam\u00edlias com o <a class=\"suno-keyword\" href=\"https:\/\/www.suno.com.br\/artigos\/poder-aquisitivo\/\" target=\"_blank\" rel=\"noopener\" data-force=\"no\" data-priority=\"1\">poder aquisitivo<\/a> pressionado queriam trocar de celular e resolveram segurar mais um pouco. Decidiram pegar promo\u00e7\u00f5es de itens de gasto recorrente, como papel higi\u00eanico, alimentos em bastante volume, produtos de cozinha, de limpeza, comida de pet&#8221;, afirmou Yunes.<\/p>\n<p dir=\"ltr\">Conforme o l\u00edder da opera\u00e7\u00e3o, dos dez mais vendidos, oito foram itens de supermercado, como: leite condensado, bebidas, cerveja, achocolatado, c\u00e1psula de caf\u00e9.<\/p>\n<p dir=\"ltr\">Al\u00e9m disso, a percep\u00e7\u00e3o do mercado \u00e9 que essa <strong>Black Friday<\/strong>, devido a alta da infla\u00e7\u00e3o e os problemas de suprimento de pe\u00e7as da ind\u00fastria de tecnologia, n\u00e3o teve grandes descontos. Mas Yunes disse que a ind\u00fastria e as varejistas se esfor\u00e7aram para oferecer descontos ao consumidor final.<\/p>\n<p dir=\"ltr\">\t<p>\n\t\t<a href=\"https:\/\/lp.suno.com.br\/planilha-da-vida-financeira\/\" target=\"_blank\" data-element=\"shortcode-suno-banner\" title=\"Banner SUNO, clique e saiba mais\">\n\t\t\t<picture>\n\t\t\t\t<source media=\"(max-width: 500px)\" srcset=\"https:\/\/files.sunoresearch.com.br\/n\/uploads\/2023\/04\/400x300-Planilha-vida-financeira-true.png\">\n\t\t\t\t<img class=\"newsContent__article__imgCapa newsContent__article__imgCapa--banner\"\n\t\t\t\t\tsrc=\"https:\/\/files.sunoresearch.com.br\/n\/uploads\/2023\/04\/1420x240-Planilha-vida-financeira-true.png\"\n\t\t\t\t\tdata-promo-id=\"106682\"\t\t\t\t\t\t\t\t\t\twidth='1420' height='240'\t\t\t\t\talt=\"https:\/\/files.sunoresearch.com.br\/n\/uploads\/2023\/04\/1420x240-Planilha-vida-financeira-true.png\"\n\t\t\t\t>\n\t\t\t<\/picture>\n\t\t<\/a>\n\t<\/p>\n\n<\/p>\n<p dir=\"ltr\">&#8220;Quando o pre\u00e7o sobe 20% e, na <strong>promo\u00e7\u00e3o da Black Friday<\/strong>, o desconto \u00e9 de 20%, o consumidor final \u2014que n\u00e3o est\u00e1 preocupado com os custos, com a mat\u00e9ria-prima e com o d\u00f3lar\u2014 pensa que \u00e9 o mesmo pre\u00e7o de um tempo atr\u00e1s&#8221;.<\/p>\n<p dir=\"ltr\">Para o natal, a perspectiva do Mercado Livre \u00e9 permanecer investindo &#8220;forte&#8221; nessa categoria, apesar de ser uma data marcada por presentes como roupas.<\/p>\n<h2 dir=\"ltr\">Sem grandes descontos, Black Friday fatura R$ 5,4 bilh\u00f5es<\/h2>\n\n<p>J\u00e1 em termos de volume de reclama\u00e7\u00f5es chegou a 9.690, ultrapassando a quantidade da edi\u00e7\u00e3o anterior em 19%. Segundo o Reclame Aqui, a\u00a0<strong>Black Friday 2021<\/strong>\u00a0foi resumida a consumidores com poucas reservas de dinheiro, afetados diretamente pela infla\u00e7\u00e3o, e varejistas sem espa\u00e7o para promo\u00e7\u00f5es.<\/p>\n<p><img loading=\"lazy\" decoding=\"async\" class=\"size-full wp-image-209755 aligncenter\" src=\"https:\/\/files.sunoresearch.com.br\/n\/uploads\/2021\/11\/26_BF-Balanc\u0327o-21h_Empresas.png\" alt=\"\" width=\"801\" height=\"1062\" srcset=\"https:\/\/files.sunoresearch.com.br\/n\/uploads\/2021\/11\/26_BF-Balanc\u0327o-21h_Empresas.png 801w, https:\/\/files.sunoresearch.com.br\/n\/uploads\/2021\/11\/26_BF-Balanc\u0327o-21h_Empresas-226x300.png 226w, https:\/\/files.sunoresearch.com.br\/n\/uploads\/2021\/11\/26_BF-Balanc\u0327o-21h_Empresas-772x1024.png 772w, https:\/\/files.sunoresearch.com.br\/n\/uploads\/2021\/11\/26_BF-Balanc\u0327o-21h_Empresas-768x1018.png 768w, https:\/\/files.sunoresearch.com.br\/n\/uploads\/2021\/11\/26_BF-Balanc\u0327o-21h_Empresas-150x199.png 150w\" sizes=\"(max-width: 801px) 100vw, 801px\" \/><\/p>\n<p>No ranking de empresas mais reclamadas na Black Friday, a Americanas (AMER3) lidera o primeiro lugar seguido da Amazon e o <a class=\"suno-keyword\" href=\"https:\/\/www.suno.com.br\/acoes\/MGLU3\/\" target=\"_blank\" rel=\"noopener\" data-force=\"yes\" data-priority=\"2\">Magazine Luiza (MGLU3)<\/a>. O <strong>Mercado Livre<\/strong> ocupa o s\u00e9timo lugar.<\/p>\n\t<p>\n\t\t<a href=\"https:\/\/lp.suno.com.br\/planilha-de-controle-de-investimentos\/\" target=\"_blank\" data-element=\"shortcode-suno-banner\" title=\"Banner SUNO, clique e saiba mais\">\n\t\t\t<picture>\n\t\t\t\t<source media=\"(max-width: 500px)\" srcset=\"https:\/\/files.sunoresearch.com.br\/n\/uploads\/2023\/03\/400x300-Controle-de-Investimentos.png\">\n\t\t\t\t<img class=\"newsContent__article__imgCapa newsContent__article__imgCapa--banner\"\n\t\t\t\t\tsrc=\"https:\/\/files.sunoresearch.com.br\/n\/uploads\/2023\/03\/1420x240-Controle-de-Investimentos.png\"\n\t\t\t\t\tdata-promo-id=\"75934\"\t\t\t\t\t\t\t\t\t\twidth='1420' height='240'\t\t\t\t\talt=\"https:\/\/files.sunoresearch.com.br\/n\/uploads\/2023\/03\/1420x240-Controle-de-Investimentos.png\"\n\t\t\t\t>\n\t\t\t<\/picture>\n\t\t<\/a>\n\t<\/p>\n\n\n<p><a href=\"https:\/\/lp.suno.com.br\/black-friday\/\" target=\"_blank\" rel=\"noopener\" data-element=\"shortcode-suno-banner\" data-parameter=\"banner-mat-0-https:\/\/lp.suno.com.br\/black-friday\/\"><picture><source srcset=\"https:\/\/files.sunoresearch.com.br\/n\/uploads\/2021\/11\/Banner-Noticias-400x300-5.png\" media=\"(max-width: 500px)\" \/><\/picture><\/a><\/p>\n","protected":false},"excerpt":{"rendered":"<p>Na Black Friday, o Mercado Livre (MELI34) observou que a categoria de supermercados cresceu 540% em volume e 310% em valor bruto de mercadoria (GVM). A alta da infla\u00e7\u00e3o minou a perspectiva de ter desconto, e o resultado foi uma maior oferta de produtos de mercearia e hipermercado. Mercado Livre. Foto: Reprodu\u00e7\u00e3o Facebook Na Black [&hellip;]<\/p>\n","protected":false},"author":15,"featured_media":157968,"comment_status":"closed","ping_status":"closed","sticky":false,"template":"","format":"standard","meta":[],"categories":[64],"tags":[768,1235],"suno_strategy":[],"class_list":["post-209705","post","type-post","status-publish","format-standard","has-post-thumbnail","hentry","category-negocios","tag-black-friday","tag-mercado-livre-meli34"],"yoast_head":"<!-- This site is optimized with the Yoast SEO plugin v24.4 - https:\/\/yoast.com\/wordpress\/plugins\/seo\/ -->\n<title>Mercado Livre (MELI34): Supermercado cresce 540% na Black Friday<\/title>\n<meta name=\"description\" content=\"Segundo o Mercado Livre, a alta da infla\u00e7\u00e3o minou a perspectiva de ter desconto, e o resultado foi uma maior oferta de mercado. Clique aqui\" \/>\n<meta name=\"robots\" content=\"index, follow, max-snippet:-1, max-image-preview:large, max-video-preview:-1\" \/>\n<link rel=\"canonical\" href=\"https:\/\/www.suno.com.br\/noticias\/supermercados-mercado-livre-meli34-cresce-540-black-friday\/\" \/>\n<meta property=\"og:locale\" content=\"pt_BR\" \/>\n<meta property=\"og:type\" content=\"article\" \/>\n<meta property=\"og:title\" content=\"Mercado Livre (MELI34): Supermercado cresce 540% na Black Friday\" \/>\n<meta property=\"og:description\" content=\"Segundo o Mercado Livre, a alta da infla\u00e7\u00e3o minou a perspectiva de ter desconto, e o resultado foi uma maior oferta de mercado. Clique aqui\" \/>\n<meta property=\"og:url\" content=\"https:\/\/www.suno.com.br\/noticias\/supermercados-mercado-livre-meli34-cresce-540-black-friday\/\" \/>\n<meta property=\"og:site_name\" content=\"Suno Not\u00edcias\" \/>\n<meta property=\"article:publisher\" content=\"https:\/\/facebook.com\/sunoresearch\" \/>\n<meta property=\"og:image\" content=\"https:\/\/files.sunoresearch.com.br\/n\/uploads\/2021\/06\/c8327bd8-21272588_10155008610128506_295331794644669211_n.jpg\" \/>\n\t<meta property=\"og:image:width\" content=\"1200\" \/>\n\t<meta property=\"og:image:height\" content=\"1000\" \/>\n\t<meta property=\"og:image:type\" content=\"image\/jpeg\" \/>\n<meta name=\"author\" content=\"Poliana Santos\" \/>\n<meta name=\"twitter:card\" content=\"summary_large_image\" \/>\n<meta name=\"twitter:creator\" content=\"@sunoresearch\" \/>\n<meta name=\"twitter:site\" content=\"@sunoresearch\" \/>\n<meta name=\"twitter:label1\" content=\"Escrito por\" \/>\n\t<meta name=\"twitter:data1\" content=\"Poliana Santos\" \/>\n\t<meta name=\"twitter:label2\" content=\"Est. tempo de leitura\" \/>\n\t<meta name=\"twitter:data2\" content=\"2 minutos\" \/>\n<script type=\"application\/ld+json\" class=\"yoast-schema-graph\">{\"@context\":\"https:\/\/schema.org\",\"@graph\":[{\"@type\":\"NewsArticle\",\"@id\":\"https:\/\/www.suno.com.br\/noticias\/supermercados-mercado-livre-meli34-cresce-540-black-friday\/#article\",\"isPartOf\":{\"@id\":\"https:\/\/www.suno.com.br\/noticias\/supermercados-mercado-livre-meli34-cresce-540-black-friday\/\"},\"author\":{\"name\":\"Poliana Santos\",\"@id\":\"https:\/\/www.suno.com.br\/noticias\/#\/schema\/person\/02ec1f752758247878a2bf4abee1aeda\"},\"headline\":\"Mercado Livre (MELI34): Supermercado foi categoria de destaque na Black Friday\",\"datePublished\":\"2021-11-29T12:45:11+00:00\",\"mainEntityOfPage\":{\"@id\":\"https:\/\/www.suno.com.br\/noticias\/supermercados-mercado-livre-meli34-cresce-540-black-friday\/\"},\"wordCount\":450,\"publisher\":{\"@id\":\"https:\/\/www.suno.com.br\/noticias\/#organization\"},\"image\":{\"@id\":\"https:\/\/www.suno.com.br\/noticias\/supermercados-mercado-livre-meli34-cresce-540-black-friday\/#primaryimage\"},\"thumbnailUrl\":\"https:\/\/files.sunoresearch.com.br\/n\/uploads\/2021\/06\/c8327bd8-21272588_10155008610128506_295331794644669211_n-jpg.webp\",\"keywords\":[\"Black Friday\",\"Mercado Livre (MELI34)\"],\"articleSection\":[\"Neg\u00f3cios\"],\"inLanguage\":\"pt-BR\"},{\"@type\":\"WebPage\",\"@id\":\"https:\/\/www.suno.com.br\/noticias\/supermercados-mercado-livre-meli34-cresce-540-black-friday\/\",\"url\":\"https:\/\/www.suno.com.br\/noticias\/supermercados-mercado-livre-meli34-cresce-540-black-friday\/\",\"name\":\"Mercado Livre (MELI34): Supermercado cresce 540% na Black Friday\",\"isPartOf\":{\"@id\":\"https:\/\/www.suno.com.br\/noticias\/#website\"},\"primaryImageOfPage\":{\"@id\":\"https:\/\/www.suno.com.br\/noticias\/supermercados-mercado-livre-meli34-cresce-540-black-friday\/#primaryimage\"},\"image\":{\"@id\":\"https:\/\/www.suno.com.br\/noticias\/supermercados-mercado-livre-meli34-cresce-540-black-friday\/#primaryimage\"},\"thumbnailUrl\":\"https:\/\/files.sunoresearch.com.br\/n\/uploads\/2021\/06\/c8327bd8-21272588_10155008610128506_295331794644669211_n-jpg.webp\",\"datePublished\":\"2021-11-29T12:45:11+00:00\",\"description\":\"Segundo o Mercado Livre, a alta da infla\u00e7\u00e3o minou a perspectiva de ter desconto, e o resultado foi uma maior oferta de mercado. Clique aqui\",\"breadcrumb\":{\"@id\":\"https:\/\/www.suno.com.br\/noticias\/supermercados-mercado-livre-meli34-cresce-540-black-friday\/#breadcrumb\"},\"inLanguage\":\"pt-BR\",\"potentialAction\":[{\"@type\":\"ReadAction\",\"target\":[\"https:\/\/www.suno.com.br\/noticias\/supermercados-mercado-livre-meli34-cresce-540-black-friday\/\"]}]},{\"@type\":\"ImageObject\",\"inLanguage\":\"pt-BR\",\"@id\":\"https:\/\/www.suno.com.br\/noticias\/supermercados-mercado-livre-meli34-cresce-540-black-friday\/#primaryimage\",\"url\":\"https:\/\/files.sunoresearch.com.br\/n\/uploads\/2021\/06\/c8327bd8-21272588_10155008610128506_295331794644669211_n-jpg.webp\",\"contentUrl\":\"https:\/\/files.sunoresearch.com.br\/n\/uploads\/2021\/06\/c8327bd8-21272588_10155008610128506_295331794644669211_n-jpg.webp\",\"width\":1200,\"height\":1000,\"caption\":\"Mercado Livre. Foto: Reprodu\u00e7\u00e3o Facebook\"},{\"@type\":\"BreadcrumbList\",\"@id\":\"https:\/\/www.suno.com.br\/noticias\/supermercados-mercado-livre-meli34-cresce-540-black-friday\/#breadcrumb\",\"itemListElement\":[{\"@type\":\"ListItem\",\"position\":1,\"name\":\"Not\u00edcias\",\"item\":\"https:\/\/www.suno.com.br\/noticias\/\"},{\"@type\":\"ListItem\",\"position\":2,\"name\":\"Neg\u00f3cios\",\"item\":\"https:\/\/www.suno.com.br\/noticias\/negocios\/\"},{\"@type\":\"ListItem\",\"position\":3,\"name\":\"Mercado Livre (MELI34): Supermercado foi categoria de destaque na Black Friday\"}]},{\"@type\":\"WebSite\",\"@id\":\"https:\/\/www.suno.com.br\/noticias\/#website\",\"url\":\"https:\/\/www.suno.com.br\/noticias\/\",\"name\":\"Suno Not\u00edcias\",\"description\":\"Seu portal de informa\u00e7\u00e3o sobre o mundo dos investimentos\",\"publisher\":{\"@id\":\"https:\/\/www.suno.com.br\/noticias\/#organization\"},\"potentialAction\":[{\"@type\":\"SearchAction\",\"target\":{\"@type\":\"EntryPoint\",\"urlTemplate\":\"https:\/\/www.suno.com.br\/noticias\/?s={search_term_string}\"},\"query-input\":{\"@type\":\"PropertyValueSpecification\",\"valueRequired\":true,\"valueName\":\"search_term_string\"}}],\"inLanguage\":\"pt-BR\"},{\"@type\":\"Organization\",\"@id\":\"https:\/\/www.suno.com.br\/noticias\/#organization\",\"name\":\"Suno Not\u00edcias\",\"url\":\"https:\/\/www.suno.com.br\/noticias\/\",\"logo\":{\"@type\":\"ImageObject\",\"inLanguage\":\"pt-BR\",\"@id\":\"https:\/\/www.suno.com.br\/noticias\/#\/schema\/logo\/image\/\",\"url\":\"https:\/\/files.sunoresearch.com.br\/n\/uploads\/2021\/09\/suno-logo.png\",\"contentUrl\":\"https:\/\/files.sunoresearch.com.br\/n\/uploads\/2021\/09\/suno-logo.png\",\"width\":180,\"height\":180,\"caption\":\"Suno Not\u00edcias\"},\"image\":{\"@id\":\"https:\/\/www.suno.com.br\/noticias\/#\/schema\/logo\/image\/\"},\"sameAs\":[\"https:\/\/facebook.com\/sunoresearch\",\"https:\/\/x.com\/sunoresearch\",\"https:\/\/www.instagram.com\/suno\",\"https:\/\/www.linkedin.com\/company\/suno-research\/\",\"https:\/\/www.youtube.com\/c\/sunoresearch\"]},{\"@type\":\"Person\",\"@id\":\"https:\/\/www.suno.com.br\/noticias\/#\/schema\/person\/02ec1f752758247878a2bf4abee1aeda\",\"name\":\"Poliana Santos\",\"image\":{\"@type\":\"ImageObject\",\"inLanguage\":\"pt-BR\",\"@id\":\"https:\/\/www.suno.com.br\/noticias\/#\/schema\/person\/image\/\",\"url\":\"https:\/\/secure.gravatar.com\/avatar\/0645bd32f23d87b2130f2b2dff1d3f8d?s=96&r=g\",\"contentUrl\":\"https:\/\/secure.gravatar.com\/avatar\/0645bd32f23d87b2130f2b2dff1d3f8d?s=96&r=g\",\"caption\":\"Poliana Santos\"},\"description\":\"Rep\u00f3rter no Suno Not\u00edcias, com cobertura em mercado financeiro, economia, finan\u00e7as pessoais, renda fixa e varejo. Jornalista formada pela Faculdade C\u00e1sper L\u00edbero e possui passagem na R\u00e1dio Gazeta AM com a produ\u00e7\u00e3o de conte\u00fado sobre economia, pol\u00edtica, sa\u00fade, moda e m\u00fasica. Possui certificado de conclus\u00e3o do curso de An\u00e1lise de Balan\u00e7os pela Funda\u00e7\u00e3o Bradesco, Agenda Brasil pela FAAP, Educa\u00e7\u00e3o Pol\u00edtica por Alexandre Garcia e do Tesouro Direto e Mercado de A\u00e7\u00f5es pela B3.\",\"url\":\"https:\/\/www.suno.com.br\/noticias\/author\/poliana-santos\/\"}]}<\/script>\n<!-- \/ Yoast SEO plugin. -->","yoast_head_json":{"title":"Mercado Livre (MELI34): Supermercado cresce 540% na Black Friday","description":"Segundo o Mercado Livre, a alta da infla\u00e7\u00e3o minou a perspectiva de ter desconto, e o resultado foi uma maior oferta de mercado. Clique aqui","robots":{"index":"index","follow":"follow","max-snippet":"max-snippet:-1","max-image-preview":"max-image-preview:large","max-video-preview":"max-video-preview:-1"},"canonical":"https:\/\/www.suno.com.br\/noticias\/supermercados-mercado-livre-meli34-cresce-540-black-friday\/","og_locale":"pt_BR","og_type":"article","og_title":"Mercado Livre (MELI34): Supermercado cresce 540% na Black Friday","og_description":"Segundo o Mercado Livre, a alta da infla\u00e7\u00e3o minou a perspectiva de ter desconto, e o resultado foi uma maior oferta de mercado. Clique aqui","og_url":"https:\/\/www.suno.com.br\/noticias\/supermercados-mercado-livre-meli34-cresce-540-black-friday\/","og_site_name":"Suno Not\u00edcias","article_publisher":"https:\/\/facebook.com\/sunoresearch","og_image":[{"width":1200,"height":1000,"url":"https:\/\/files.sunoresearch.com.br\/n\/uploads\/2021\/06\/c8327bd8-21272588_10155008610128506_295331794644669211_n.jpg","type":"image\/jpeg"}],"author":"Poliana Santos","twitter_card":"summary_large_image","twitter_creator":"@sunoresearch","twitter_site":"@sunoresearch","twitter_misc":{"Escrito por":"Poliana Santos","Est. tempo de leitura":"2 minutos"},"schema":{"@context":"https:\/\/schema.org","@graph":[{"@type":"NewsArticle","@id":"https:\/\/www.suno.com.br\/noticias\/supermercados-mercado-livre-meli34-cresce-540-black-friday\/#article","isPartOf":{"@id":"https:\/\/www.suno.com.br\/noticias\/supermercados-mercado-livre-meli34-cresce-540-black-friday\/"},"author":{"name":"Poliana Santos","@id":"https:\/\/www.suno.com.br\/noticias\/#\/schema\/person\/02ec1f752758247878a2bf4abee1aeda"},"headline":"Mercado Livre (MELI34): Supermercado foi categoria de destaque na Black Friday","datePublished":"2021-11-29T12:45:11+00:00","mainEntityOfPage":{"@id":"https:\/\/www.suno.com.br\/noticias\/supermercados-mercado-livre-meli34-cresce-540-black-friday\/"},"wordCount":450,"publisher":{"@id":"https:\/\/www.suno.com.br\/noticias\/#organization"},"image":{"@id":"https:\/\/www.suno.com.br\/noticias\/supermercados-mercado-livre-meli34-cresce-540-black-friday\/#primaryimage"},"thumbnailUrl":"https:\/\/files.sunoresearch.com.br\/n\/uploads\/2021\/06\/c8327bd8-21272588_10155008610128506_295331794644669211_n-jpg.webp","keywords":["Black Friday","Mercado Livre (MELI34)"],"articleSection":["Neg\u00f3cios"],"inLanguage":"pt-BR"},{"@type":"WebPage","@id":"https:\/\/www.suno.com.br\/noticias\/supermercados-mercado-livre-meli34-cresce-540-black-friday\/","url":"https:\/\/www.suno.com.br\/noticias\/supermercados-mercado-livre-meli34-cresce-540-black-friday\/","name":"Mercado Livre (MELI34): Supermercado cresce 540% na Black Friday","isPartOf":{"@id":"https:\/\/www.suno.com.br\/noticias\/#website"},"primaryImageOfPage":{"@id":"https:\/\/www.suno.com.br\/noticias\/supermercados-mercado-livre-meli34-cresce-540-black-friday\/#primaryimage"},"image":{"@id":"https:\/\/www.suno.com.br\/noticias\/supermercados-mercado-livre-meli34-cresce-540-black-friday\/#primaryimage"},"thumbnailUrl":"https:\/\/files.sunoresearch.com.br\/n\/uploads\/2021\/06\/c8327bd8-21272588_10155008610128506_295331794644669211_n-jpg.webp","datePublished":"2021-11-29T12:45:11+00:00","description":"Segundo o Mercado Livre, a alta da infla\u00e7\u00e3o minou a perspectiva de ter desconto, e o resultado foi uma maior oferta de mercado. Clique aqui","breadcrumb":{"@id":"https:\/\/www.suno.com.br\/noticias\/supermercados-mercado-livre-meli34-cresce-540-black-friday\/#breadcrumb"},"inLanguage":"pt-BR","potentialAction":[{"@type":"ReadAction","target":["https:\/\/www.suno.com.br\/noticias\/supermercados-mercado-livre-meli34-cresce-540-black-friday\/"]}]},{"@type":"ImageObject","inLanguage":"pt-BR","@id":"https:\/\/www.suno.com.br\/noticias\/supermercados-mercado-livre-meli34-cresce-540-black-friday\/#primaryimage","url":"https:\/\/files.sunoresearch.com.br\/n\/uploads\/2021\/06\/c8327bd8-21272588_10155008610128506_295331794644669211_n-jpg.webp","contentUrl":"https:\/\/files.sunoresearch.com.br\/n\/uploads\/2021\/06\/c8327bd8-21272588_10155008610128506_295331794644669211_n-jpg.webp","width":1200,"height":1000,"caption":"Mercado Livre. Foto: Reprodu\u00e7\u00e3o Facebook"},{"@type":"BreadcrumbList","@id":"https:\/\/www.suno.com.br\/noticias\/supermercados-mercado-livre-meli34-cresce-540-black-friday\/#breadcrumb","itemListElement":[{"@type":"ListItem","position":1,"name":"Not\u00edcias","item":"https:\/\/www.suno.com.br\/noticias\/"},{"@type":"ListItem","position":2,"name":"Neg\u00f3cios","item":"https:\/\/www.suno.com.br\/noticias\/negocios\/"},{"@type":"ListItem","position":3,"name":"Mercado Livre (MELI34): Supermercado foi categoria de destaque na Black Friday"}]},{"@type":"WebSite","@id":"https:\/\/www.suno.com.br\/noticias\/#website","url":"https:\/\/www.suno.com.br\/noticias\/","name":"Suno Not\u00edcias","description":"Seu portal de informa\u00e7\u00e3o sobre o mundo dos investimentos","publisher":{"@id":"https:\/\/www.suno.com.br\/noticias\/#organization"},"potentialAction":[{"@type":"SearchAction","target":{"@type":"EntryPoint","urlTemplate":"https:\/\/www.suno.com.br\/noticias\/?s={search_term_string}"},"query-input":{"@type":"PropertyValueSpecification","valueRequired":true,"valueName":"search_term_string"}}],"inLanguage":"pt-BR"},{"@type":"Organization","@id":"https:\/\/www.suno.com.br\/noticias\/#organization","name":"Suno Not\u00edcias","url":"https:\/\/www.suno.com.br\/noticias\/","logo":{"@type":"ImageObject","inLanguage":"pt-BR","@id":"https:\/\/www.suno.com.br\/noticias\/#\/schema\/logo\/image\/","url":"https:\/\/files.sunoresearch.com.br\/n\/uploads\/2021\/09\/suno-logo.png","contentUrl":"https:\/\/files.sunoresearch.com.br\/n\/uploads\/2021\/09\/suno-logo.png","width":180,"height":180,"caption":"Suno Not\u00edcias"},"image":{"@id":"https:\/\/www.suno.com.br\/noticias\/#\/schema\/logo\/image\/"},"sameAs":["https:\/\/facebook.com\/sunoresearch","https:\/\/x.com\/sunoresearch","https:\/\/www.instagram.com\/suno","https:\/\/www.linkedin.com\/company\/suno-research\/","https:\/\/www.youtube.com\/c\/sunoresearch"]},{"@type":"Person","@id":"https:\/\/www.suno.com.br\/noticias\/#\/schema\/person\/02ec1f752758247878a2bf4abee1aeda","name":"Poliana Santos","image":{"@type":"ImageObject","inLanguage":"pt-BR","@id":"https:\/\/www.suno.com.br\/noticias\/#\/schema\/person\/image\/","url":"https:\/\/secure.gravatar.com\/avatar\/0645bd32f23d87b2130f2b2dff1d3f8d?s=96&r=g","contentUrl":"https:\/\/secure.gravatar.com\/avatar\/0645bd32f23d87b2130f2b2dff1d3f8d?s=96&r=g","caption":"Poliana Santos"},"description":"Rep\u00f3rter no Suno Not\u00edcias, com cobertura em mercado financeiro, economia, finan\u00e7as pessoais, renda fixa e varejo. Jornalista formada pela Faculdade C\u00e1sper L\u00edbero e possui passagem na R\u00e1dio Gazeta AM com a produ\u00e7\u00e3o de conte\u00fado sobre economia, pol\u00edtica, sa\u00fade, moda e m\u00fasica. Possui certificado de conclus\u00e3o do curso de An\u00e1lise de Balan\u00e7os pela Funda\u00e7\u00e3o Bradesco, Agenda Brasil pela FAAP, Educa\u00e7\u00e3o Pol\u00edtica por Alexandre Garcia e do Tesouro Direto e Mercado de A\u00e7\u00f5es pela B3.","url":"https:\/\/www.suno.com.br\/noticias\/author\/poliana-santos\/"}]}},"default_loop_html":"<div class=\"cardsPage__listCard__boxs\"><div class=\"cardsPage__listCard__boxs__img\"><a href=\"https:\/\/www.suno.com.br\/noticias\/supermercados-mercado-livre-meli34-cresce-540-black-friday\/\"><img class=\"mask\" src=\"https:\/\/www.suno.com.br\/noticias\/wp-content\/themes\/suno\/resources\/images\/spotlight\/spotlight1img\/bg-mask.png\" alt=\"Image Mask\"\/><img src=\"https:\/\/files.sunoresearch.com.br\/n\/uploads\/2021\/06\/c8327bd8-21272588_10155008610128506_295331794644669211_n-400x200.webp\" alt=\"Mercado Livre (MELI34): Supermercado foi categoria de destaque na Black Friday\"\/><\/a><span class=\"spotlightCategory\"><a href=\"https:\/\/www.suno.com.br\/noticias\/negocios\/\">Neg\u00f3cios<\/a><\/span><\/div><div class=\"cardsPage__listCard__boxs__content\"><a href=\"https:\/\/www.suno.com.br\/noticias\/supermercados-mercado-livre-meli34-cresce-540-black-friday\/\"><h2 class=\"content__title\">Mercado Livre (MELI34): Supermercado foi categoria de destaque na Black Friday<\/h2><\/a><div class=\"newsContent__article__meta\"><div class=\"newsContent__article__meta__authorBox\"><a href=\"https:\/\/www.suno.com.br\/noticias\/author\/poliana-santos\/\" class=\"authorBox__avatar noMobi\"><img src=\"https:\/\/files.sunoresearch.com.br\/n\/uploads\/2020\/08\/7ef34026-whatsapp-image-2020-08-03-at-12.37.57-150x150.webp\" alt=\"Poliana Santos\"><\/a><div class=\"authorBox__name\"><span>por\n\t\t\t<a href=\"https:\/\/www.suno.com.br\/noticias\/author\/poliana-santos\/\"><span itemprop=\"author\">Poliana Santos<\/span><\/a><\/span><time datetime=\"2021-11-29T09:45:11-03:00\" itemprop=\"datePublished\">29\/11\/2021 09:45<\/time><\/div><\/div><\/div><\/div><\/div>","single_layout":"posts","amp_enabled":true,"_links":{"self":[{"href":"https:\/\/www.suno.com.br\/noticias\/wp-json\/wp\/v2\/posts\/209705"}],"collection":[{"href":"https:\/\/www.suno.com.br\/noticias\/wp-json\/wp\/v2\/posts"}],"about":[{"href":"https:\/\/www.suno.com.br\/noticias\/wp-json\/wp\/v2\/types\/post"}],"author":[{"embeddable":true,"href":"https:\/\/www.suno.com.br\/noticias\/wp-json\/wp\/v2\/users\/15"}],"replies":[{"embeddable":true,"href":"https:\/\/www.suno.com.br\/noticias\/wp-json\/wp\/v2\/comments?post=209705"}],"version-history":[{"count":3,"href":"https:\/\/www.suno.com.br\/noticias\/wp-json\/wp\/v2\/posts\/209705\/revisions"}],"predecessor-version":[{"id":209814,"href":"https:\/\/www.suno.com.br\/noticias\/wp-json\/wp\/v2\/posts\/209705\/revisions\/209814"}],"wp:featuredmedia":[{"embeddable":true,"href":"https:\/\/www.suno.com.br\/noticias\/wp-json\/wp\/v2\/media\/157968"}],"wp:attachment":[{"href":"https:\/\/www.suno.com.br\/noticias\/wp-json\/wp\/v2\/media?parent=209705"}],"wp:term":[{"taxonomy":"category","embeddable":true,"href":"https:\/\/www.suno.com.br\/noticias\/wp-json\/wp\/v2\/categories?post=209705"},{"taxonomy":"post_tag","embeddable":true,"href":"https:\/\/www.suno.com.br\/noticias\/wp-json\/wp\/v2\/tags?post=209705"},{"taxonomy":"suno_strategy","embeddable":true,"href":"https:\/\/www.suno.com.br\/noticias\/wp-json\/wp\/v2\/suno_strategy?post=209705"}],"curies":[{"name":"wp","href":"https:\/\/api.w.org\/{rel}","templated":true}]}}