{"id":20962,"date":"2019-04-15T10:26:00","date_gmt":"2019-04-15T13:26:00","guid":{"rendered":"https:\/\/www.suno.com.br\/noticias\/?p=20962"},"modified":"2019-04-16T09:28:05","modified_gmt":"2019-04-16T12:28:05","slug":"ibovespa-15042019","status":"publish","type":"post","link":"https:\/\/www.suno.com.br\/noticias\/ibovespa-15042019\/","title":{"rendered":"Ibovespa cresce com otimismo sobre a reforma da Previd\u00eancia na CCJ"},"content":{"rendered":"<p>O Ibovespa inicia a semana em alta, com cen\u00e1rio otimista sobre a\u00a0<strong>reforma da Previd\u00eancia<\/strong>, que hoje dever\u00e1 ter o texto lido na Comiss\u00e3o de Constitui\u00e7\u00e3o e Justi\u00e7a (CCJ) da C\u00e2mara dos Deputados. Al\u00e9m disso, o mercado monitora a reuni\u00e3o entre o presidente <strong>Jair Bolsonaro<\/strong> e o ministro da Economia, <strong>Paulo Guedes<\/strong>.<\/p>\t<div class=\"wrapper-featured-image\">\n\t\t<figure class=\"spotlightImg\">\n\n\t\t\t<picture>\n\t\t\t\t<source media=\"(max-width: 768px)\" srcset=\"https:\/\/files.sunoresearch.com.br\/n\/uploads\/2019\/04\/d8ce3f06-ibovespa-400x200.webp\">\n\t\t\t\t<img loading=\"lazy\" decoding=\"async\" class=\"newsContent__article__imgCapa lazyloadDisabled newsContent__article__imgCapa--noCaption\" src=\"https:\/\/files.sunoresearch.com.br\/n\/uploads\/2019\/04\/d8ce3f06-ibovespa-800x450.webp\" width=\"800\" height=\"450\" alt=\"Ibovespa cresce com otimismo sobre a reforma da Previd\u00eancia na CCJ\" fetchpriority=high \/>\n\t\t\t<\/picture>\n\n\t\t\t<figcaption class=\"wp-caption-text wp-caption-text--hide\">reforma da Previd\u00eancia<\/figcaption>\n\t\t<\/figure>\n\t<\/div>\n\n\n<p>Por volta das 10h15, o <strong>Ibovespa<\/strong> sobe 0,7% ficando em\u00a093.568 pontos. O \u00edndice opera em alta mesmo com os dados do <strong>Boletim Focus,<\/strong> do Banco Central, que apontam nova &#8220;derrapada&#8221; do <strong>PIB<\/strong>, que caiu 0,2% e agora tem estimativa de crescimento de 1,95%.<\/p>\n\n<h2>Boletim Focus<\/h2>\n<p>A segunda-feira come\u00e7ou agitada com a divulga\u00e7\u00e3o do Boletim Focus, pelo <strong>Banco Central<\/strong>. O relat\u00f3rio apontou novas previs\u00f5es para os principais term\u00f4metros do mercado referente a 2019 e 2020. Dentre eles, o Produto Interno Bruto (PIB) do Brasil foi reduzido pela s\u00e9tima vez seguida.<\/p>\n<p><a href=\"https:\/\/www.suno.com.br\/noticias\/boletim-focus-15042019\/\">Saiba mais:\u00a0Boletim Focus: relat\u00f3rio aponta s\u00e9tima queda seguida na previs\u00e3o do PIB<\/a><\/p>\n<p>Confira abaixo as atualiza\u00e7\u00f5es:<\/p>\n<h2>2019<\/h2>\n<ul>\n<li><strong><a href=\"https:\/\/www.suno.com.br\/artigos\/pib-produto-interno-bruto\/\">Produto Interno Bruto<\/a> (PIB):<\/strong>\u00a0previs\u00e3o de crescimento reduzida de 1,97% para 1,95%.<\/li>\n<li><strong><a href=\"https:\/\/www.suno.com.br\/artigos\/ipca\/\">\u00cdndice Nacional de Pre\u00e7os ao Consumidor Amplo<\/a> (IPCA)<\/strong>: previs\u00e3o confirmada em 4,06%.\u00a0A meta central para 2019 ser\u00e1 de 4,25%, com intervalo de toler\u00e2ncia entre 2,75% e 5,75%.<\/li>\n<li><strong><a href=\"https:\/\/www.suno.com.br\/artigos\/taxa-selic\/\">Taxa Selic<\/a>:<\/strong>\u00a0mercado manteve a previs\u00e3o em 6,5%.<\/li>\n<li><strong><a href=\"https:\/\/www.suno.com.br\/artigos\/dolar\/\">D\u00f3lar<\/a>:<\/strong>\u00a0a previs\u00e3o confirmada em R$ 3,70.<\/li>\n<li><strong><a href=\"https:\/\/www.suno.com.br\/artigos\/balanca-comercial\/\">Balan\u00e7a Comercial<\/a>:<\/strong> o mercado diminuiu levemente a previs\u00e3o de\u00a0<a href=\"https:\/\/www.suno.com.br\/artigos\/superavit-comercial\/\">super\u00e1vit\u00a0<\/a> de US$ 50,28 bilh\u00f5es pra US$ 50,14 bilh\u00f5es.<\/li>\n<li><strong>Investimento estrangeiro direto:\u00a0<\/strong>as expectativas foram elevadas de US$ 81,89 bilh\u00f5es para US$ 82 bilh\u00f5es.<\/li>\n<\/ul>\n<h2>2020<\/h2>\n<ul>\n<li><strong>PIB:<\/strong> proje\u00e7\u00e3o para o PIB reduzida de 2,70% para 2,58%.<\/li>\n<li><strong>IPCA: <\/strong>mais uma vez, o\u00a0mercado manteve a proje\u00e7\u00e3o em 4%. A meta central para 2020 ser\u00e1 tamb\u00e9m de 4%, com intervalo de toler\u00e2ncia entre 2,5% e 5,5%.<\/li>\n<li><strong>Taxa Selic:<\/strong>\u00a0previs\u00e3o mantida em 7,5%.<\/li>\n<li><strong>D\u00f3lar:<\/strong>\u00a0investidores confirmaram a previs\u00e3o de c\u00e2mbio em R$ 3,78.<\/li>\n<li><strong>Balan\u00e7a Comercial:<\/strong> a expectativa para o super\u00e1vit passou de US$ 46,01 bilh\u00f5es para US$ 46 bilh\u00f5es.<\/li>\n<li><strong>Investimento estrangeiro direto:\u00a0<\/strong>a proje\u00e7\u00e3o dos investimentos passou de US$ 83,38 bilh\u00f5es para R$ 84,36 bilh\u00f5es.<\/li>\n<\/ul>\n<h2>Reforma da Previd\u00eancia<\/h2>\n<p>A tarde desta segunda ficar\u00e1 ainda mais movimentada. Foi marcado para hoje a sess\u00e3o extraordin\u00e1ria da <strong>Comiss\u00e3o de Constitui\u00e7\u00e3o e Justi\u00e7a (CCJ)<\/strong> na C\u00e2mara dos Deputados. O encontro marcado pas \u00e0s 14h dever\u00e1 discutir a proposta da reforma da <strong>Previd\u00eancia<\/strong>. No entanto, os partidos do &#8220;Centr\u00e3o&#8221; buscam adiar o debate.<\/p>\n<p><a href=\"https:\/\/www.suno.com.br\/noticias\/reforma-previdencia-ccj-centrao\/\">Saiba mais:\u00a0Reforma da Previd\u00eancia poder\u00e1 ser discutida hoje na CCJ da C\u00e2mara<\/a><\/p>\n<p>Na CCJ, os deputados fazem a an\u00e1lise do texto da proposta para avaliar se ela est\u00e1 de acordo com a Constitui\u00e7\u00e3o. J\u00e1 o conte\u00fado da reforma ser\u00e1 discutido apenas na pr\u00f3xima fase da tramita\u00e7\u00e3o, em uma comiss\u00e3o especial.<\/p>\n<h2>Bolsonaro e Guedes<\/h2>\n<p>Al\u00e9m disso, para esta tarde, enquanto acontece a reuni\u00e3o na CCJ, <strong>Bolsonaro<\/strong> e Guedes devem se encontrar por volta das 16h para tratar do reajuste do diesel.<\/p>\n<p>A reuni\u00e3o acontece um dia antes da reuni\u00e3o do presidente da Rep\u00fablica e do presidente da Petrobras, <strong>Roberto Castello Branco<\/strong>.<\/p>\n<p>Na \u00faltima quinta-feira (11), Bolsonaro impediu que o valor do diesel fosse reajustado, sem consultar o ministro da Economia. Dessa forma, a medida tomada pelo presidente afetou diretamente a estatal que perdeu bilh\u00f5es em valor de mercado e despencou na <strong>Bolsa de Valores<\/strong>.<\/p>\n<div>\t<p>\n\t\t<a href=\"https:\/\/www.suno.com.br\/asset\/fundos\/suno-acoes-xp-seg-prev\/\" target=\"_blank\" data-element=\"shortcode-suno-banner\" title=\"Banner SUNO, clique e saiba mais\">\n\t\t\t<picture>\n\t\t\t\t<source media=\"(max-width: 500px)\" srcset=\"https:\/\/files.sunoresearch.com.br\/n\/uploads\/2023\/10\/SUNOPREV-400x300-Mobile-Artigos-3.png\">\n\t\t\t\t<img class=\"newsContent__article__imgCapa newsContent__article__imgCapa--banner\"\n\t\t\t\t\tsrc=\"https:\/\/files.sunoresearch.com.br\/n\/uploads\/2023\/10\/SUNOPREV-1420x240-Banner-Artigos-1-_-Banner-Materias-1.png\"\n\t\t\t\t\tdata-promo-id=\"476310\"\t\t\t\t\t\t\t\t\t\twidth='1420' height='240'\t\t\t\t\talt=\"https:\/\/files.sunoresearch.com.br\/n\/uploads\/2023\/10\/SUNOPREV-1420x240-Banner-Artigos-1-_-Banner-Materias-1.png\"\n\t\t\t\t>\n\t\t\t<\/picture>\n\t\t<\/a>\n\t<\/p>\n\n<\/div>\n<h2>\u00daltima cota\u00e7\u00e3o<\/h2>\n<p>Na \u00faltima sexta-feira, o <strong>Ibovespa<\/strong> registrou uma queda de 1,98% ficando com 92.875 pontos. Durante a semana, o \u00edndice registrou um recuo de 4,3%<\/p>\n","protected":false},"excerpt":{"rendered":"<p>O Ibovespa inicia a semana em alta, com cen\u00e1rio otimista sobre a\u00a0reforma da Previd\u00eancia, que hoje dever\u00e1 ter o texto lido na Comiss\u00e3o de Constitui\u00e7\u00e3o e Justi\u00e7a (CCJ) da C\u00e2mara dos Deputados. Al\u00e9m disso, o mercado monitora a reuni\u00e3o entre o presidente Jair Bolsonaro e o ministro da Economia, Paulo Guedes. reforma da Previd\u00eancia Por [&hellip;]<\/p>\n","protected":false},"author":11,"featured_media":20973,"comment_status":"closed","ping_status":"closed","sticky":false,"template":"","format":"standard","meta":[],"categories":[60],"tags":[721],"suno_strategy":[],"class_list":["post-20962","post","type-post","status-publish","format-standard","has-post-thumbnail","hentry","category-mercado","tag-ibovespa"],"yoast_head":"<!-- This site is optimized with the Yoast SEO plugin v24.4 - https:\/\/yoast.com\/wordpress\/plugins\/seo\/ -->\n<title>Ibovespa cresce com otimismo sobre a reforma da Previd\u00eancia na CCJ<\/title>\n<meta name=\"description\" content=\"Ibovespa ainda opera aguardando o encontro entre Bolsonaro e Guedes; Boletim Focus reduz estimativa de PIB. Clique para saber mais.\" \/>\n<meta name=\"robots\" content=\"index, follow, max-snippet:-1, max-image-preview:large, max-video-preview:-1\" \/>\n<link rel=\"canonical\" href=\"https:\/\/www.suno.com.br\/noticias\/ibovespa-15042019\/\" \/>\n<meta property=\"og:locale\" content=\"pt_BR\" \/>\n<meta property=\"og:type\" content=\"article\" \/>\n<meta property=\"og:title\" content=\"Ibovespa cresce com otimismo sobre a reforma da Previd\u00eancia na CCJ\" \/>\n<meta property=\"og:description\" content=\"Ibovespa ainda opera aguardando o encontro entre Bolsonaro e Guedes; Boletim Focus reduz estimativa de PIB. Clique para saber mais.\" \/>\n<meta property=\"og:url\" content=\"https:\/\/www.suno.com.br\/noticias\/ibovespa-15042019\/\" \/>\n<meta property=\"og:site_name\" content=\"Suno Not\u00edcias\" \/>\n<meta property=\"article:publisher\" content=\"https:\/\/facebook.com\/sunoresearch\" \/>\n<meta property=\"og:image\" content=\"https:\/\/files.sunoresearch.com.br\/n\/uploads\/2019\/04\/d8ce3f06-ibovespa.jpg\" \/>\n\t<meta property=\"og:image:width\" content=\"1140\" \/>\n\t<meta property=\"og:image:height\" content=\"760\" \/>\n\t<meta property=\"og:image:type\" content=\"image\/jpeg\" \/>\n<meta name=\"author\" content=\"Renan Bandeira\" \/>\n<meta name=\"twitter:card\" content=\"summary_large_image\" \/>\n<meta name=\"twitter:creator\" content=\"@sunoresearch\" \/>\n<meta name=\"twitter:site\" content=\"@sunoresearch\" \/>\n<meta name=\"twitter:label1\" content=\"Escrito por\" \/>\n\t<meta name=\"twitter:data1\" content=\"Renan Bandeira\" \/>\n\t<meta name=\"twitter:label2\" content=\"Est. tempo de leitura\" \/>\n\t<meta name=\"twitter:data2\" content=\"3 minutos\" \/>\n<script type=\"application\/ld+json\" class=\"yoast-schema-graph\">{\"@context\":\"https:\/\/schema.org\",\"@graph\":[{\"@type\":\"NewsArticle\",\"@id\":\"https:\/\/www.suno.com.br\/noticias\/ibovespa-15042019\/#article\",\"isPartOf\":{\"@id\":\"https:\/\/www.suno.com.br\/noticias\/ibovespa-15042019\/\"},\"author\":{\"name\":\"Renan Bandeira\",\"@id\":\"https:\/\/www.suno.com.br\/noticias\/#\/schema\/person\/fc144a1c6108bd1dcd43784e88a3c138\"},\"headline\":\"Ibovespa cresce com otimismo sobre a reforma da Previd\u00eancia na CCJ\",\"datePublished\":\"2019-04-15T13:26:00+00:00\",\"dateModified\":\"2019-04-16T12:28:05+00:00\",\"mainEntityOfPage\":{\"@id\":\"https:\/\/www.suno.com.br\/noticias\/ibovespa-15042019\/\"},\"wordCount\":608,\"publisher\":{\"@id\":\"https:\/\/www.suno.com.br\/noticias\/#organization\"},\"image\":{\"@id\":\"https:\/\/www.suno.com.br\/noticias\/ibovespa-15042019\/#primaryimage\"},\"thumbnailUrl\":\"https:\/\/files.sunoresearch.com.br\/n\/uploads\/2019\/04\/d8ce3f06-ibovespa-jpg.webp\",\"keywords\":[\"Ibovespa\"],\"articleSection\":[\"Mercado\"],\"inLanguage\":\"pt-BR\"},{\"@type\":\"WebPage\",\"@id\":\"https:\/\/www.suno.com.br\/noticias\/ibovespa-15042019\/\",\"url\":\"https:\/\/www.suno.com.br\/noticias\/ibovespa-15042019\/\",\"name\":\"Ibovespa cresce com otimismo sobre a reforma da Previd\u00eancia na CCJ\",\"isPartOf\":{\"@id\":\"https:\/\/www.suno.com.br\/noticias\/#website\"},\"primaryImageOfPage\":{\"@id\":\"https:\/\/www.suno.com.br\/noticias\/ibovespa-15042019\/#primaryimage\"},\"image\":{\"@id\":\"https:\/\/www.suno.com.br\/noticias\/ibovespa-15042019\/#primaryimage\"},\"thumbnailUrl\":\"https:\/\/files.sunoresearch.com.br\/n\/uploads\/2019\/04\/d8ce3f06-ibovespa-jpg.webp\",\"datePublished\":\"2019-04-15T13:26:00+00:00\",\"dateModified\":\"2019-04-16T12:28:05+00:00\",\"description\":\"Ibovespa ainda opera aguardando o encontro entre Bolsonaro e Guedes; Boletim Focus reduz estimativa de PIB. Clique para saber mais.\",\"breadcrumb\":{\"@id\":\"https:\/\/www.suno.com.br\/noticias\/ibovespa-15042019\/#breadcrumb\"},\"inLanguage\":\"pt-BR\",\"potentialAction\":[{\"@type\":\"ReadAction\",\"target\":[\"https:\/\/www.suno.com.br\/noticias\/ibovespa-15042019\/\"]}]},{\"@type\":\"ImageObject\",\"inLanguage\":\"pt-BR\",\"@id\":\"https:\/\/www.suno.com.br\/noticias\/ibovespa-15042019\/#primaryimage\",\"url\":\"https:\/\/files.sunoresearch.com.br\/n\/uploads\/2019\/04\/d8ce3f06-ibovespa-jpg.webp\",\"contentUrl\":\"https:\/\/files.sunoresearch.com.br\/n\/uploads\/2019\/04\/d8ce3f06-ibovespa-jpg.webp\",\"width\":1140,\"height\":760,\"caption\":\"reforma da Previd\u00eancia\"},{\"@type\":\"BreadcrumbList\",\"@id\":\"https:\/\/www.suno.com.br\/noticias\/ibovespa-15042019\/#breadcrumb\",\"itemListElement\":[{\"@type\":\"ListItem\",\"position\":1,\"name\":\"Not\u00edcias\",\"item\":\"https:\/\/www.suno.com.br\/noticias\/\"},{\"@type\":\"ListItem\",\"position\":2,\"name\":\"Mercado\",\"item\":\"https:\/\/www.suno.com.br\/noticias\/mercado\/\"},{\"@type\":\"ListItem\",\"position\":3,\"name\":\"Ibovespa cresce com otimismo sobre a reforma da Previd\u00eancia na CCJ\"}]},{\"@type\":\"WebSite\",\"@id\":\"https:\/\/www.suno.com.br\/noticias\/#website\",\"url\":\"https:\/\/www.suno.com.br\/noticias\/\",\"name\":\"Suno Not\u00edcias\",\"description\":\"Seu portal de informa\u00e7\u00e3o sobre o mundo dos investimentos\",\"publisher\":{\"@id\":\"https:\/\/www.suno.com.br\/noticias\/#organization\"},\"potentialAction\":[{\"@type\":\"SearchAction\",\"target\":{\"@type\":\"EntryPoint\",\"urlTemplate\":\"https:\/\/www.suno.com.br\/noticias\/?s={search_term_string}\"},\"query-input\":{\"@type\":\"PropertyValueSpecification\",\"valueRequired\":true,\"valueName\":\"search_term_string\"}}],\"inLanguage\":\"pt-BR\"},{\"@type\":\"Organization\",\"@id\":\"https:\/\/www.suno.com.br\/noticias\/#organization\",\"name\":\"Suno Not\u00edcias\",\"url\":\"https:\/\/www.suno.com.br\/noticias\/\",\"logo\":{\"@type\":\"ImageObject\",\"inLanguage\":\"pt-BR\",\"@id\":\"https:\/\/www.suno.com.br\/noticias\/#\/schema\/logo\/image\/\",\"url\":\"https:\/\/files.sunoresearch.com.br\/n\/uploads\/2021\/09\/suno-logo.png\",\"contentUrl\":\"https:\/\/files.sunoresearch.com.br\/n\/uploads\/2021\/09\/suno-logo.png\",\"width\":180,\"height\":180,\"caption\":\"Suno Not\u00edcias\"},\"image\":{\"@id\":\"https:\/\/www.suno.com.br\/noticias\/#\/schema\/logo\/image\/\"},\"sameAs\":[\"https:\/\/facebook.com\/sunoresearch\",\"https:\/\/x.com\/sunoresearch\",\"https:\/\/www.instagram.com\/suno\",\"https:\/\/www.linkedin.com\/company\/suno-research\/\",\"https:\/\/www.youtube.com\/c\/sunoresearch\"]},{\"@type\":\"Person\",\"@id\":\"https:\/\/www.suno.com.br\/noticias\/#\/schema\/person\/fc144a1c6108bd1dcd43784e88a3c138\",\"name\":\"Renan Bandeira\",\"image\":{\"@type\":\"ImageObject\",\"inLanguage\":\"pt-BR\",\"@id\":\"https:\/\/www.suno.com.br\/noticias\/#\/schema\/person\/image\/\",\"url\":\"https:\/\/secure.gravatar.com\/avatar\/68359cdb608f14f11bbefcb78f3fc747?s=96&r=g\",\"contentUrl\":\"https:\/\/secure.gravatar.com\/avatar\/68359cdb608f14f11bbefcb78f3fc747?s=96&r=g\",\"caption\":\"Renan Bandeira\"},\"description\":\"Renan Bandeira escreve sobre pol\u00edtica e economia para o portal da Suno Research. Antes da Suno, trabalhou em uma rede de televis\u00e3o, onde fazia reportagens sobre os mesmos temas. Estuda na Universidade Metodista de S\u00e3o Paulo.\",\"url\":\"https:\/\/www.suno.com.br\/noticias\/author\/renan-bandeira\/\"}]}<\/script>\n<!-- \/ Yoast SEO plugin. -->","yoast_head_json":{"title":"Ibovespa cresce com otimismo sobre a reforma da Previd\u00eancia na CCJ","description":"Ibovespa ainda opera aguardando o encontro entre Bolsonaro e Guedes; Boletim Focus reduz estimativa de PIB. Clique para saber mais.","robots":{"index":"index","follow":"follow","max-snippet":"max-snippet:-1","max-image-preview":"max-image-preview:large","max-video-preview":"max-video-preview:-1"},"canonical":"https:\/\/www.suno.com.br\/noticias\/ibovespa-15042019\/","og_locale":"pt_BR","og_type":"article","og_title":"Ibovespa cresce com otimismo sobre a reforma da Previd\u00eancia na CCJ","og_description":"Ibovespa ainda opera aguardando o encontro entre Bolsonaro e Guedes; Boletim Focus reduz estimativa de PIB. Clique para saber mais.","og_url":"https:\/\/www.suno.com.br\/noticias\/ibovespa-15042019\/","og_site_name":"Suno Not\u00edcias","article_publisher":"https:\/\/facebook.com\/sunoresearch","og_image":[{"width":1140,"height":760,"url":"https:\/\/files.sunoresearch.com.br\/n\/uploads\/2019\/04\/d8ce3f06-ibovespa.jpg","type":"image\/jpeg"}],"author":"Renan Bandeira","twitter_card":"summary_large_image","twitter_creator":"@sunoresearch","twitter_site":"@sunoresearch","twitter_misc":{"Escrito por":"Renan Bandeira","Est. tempo de leitura":"3 minutos"},"schema":{"@context":"https:\/\/schema.org","@graph":[{"@type":"NewsArticle","@id":"https:\/\/www.suno.com.br\/noticias\/ibovespa-15042019\/#article","isPartOf":{"@id":"https:\/\/www.suno.com.br\/noticias\/ibovespa-15042019\/"},"author":{"name":"Renan Bandeira","@id":"https:\/\/www.suno.com.br\/noticias\/#\/schema\/person\/fc144a1c6108bd1dcd43784e88a3c138"},"headline":"Ibovespa cresce com otimismo sobre a reforma da Previd\u00eancia na CCJ","datePublished":"2019-04-15T13:26:00+00:00","dateModified":"2019-04-16T12:28:05+00:00","mainEntityOfPage":{"@id":"https:\/\/www.suno.com.br\/noticias\/ibovespa-15042019\/"},"wordCount":608,"publisher":{"@id":"https:\/\/www.suno.com.br\/noticias\/#organization"},"image":{"@id":"https:\/\/www.suno.com.br\/noticias\/ibovespa-15042019\/#primaryimage"},"thumbnailUrl":"https:\/\/files.sunoresearch.com.br\/n\/uploads\/2019\/04\/d8ce3f06-ibovespa-jpg.webp","keywords":["Ibovespa"],"articleSection":["Mercado"],"inLanguage":"pt-BR"},{"@type":"WebPage","@id":"https:\/\/www.suno.com.br\/noticias\/ibovespa-15042019\/","url":"https:\/\/www.suno.com.br\/noticias\/ibovespa-15042019\/","name":"Ibovespa cresce com otimismo sobre a reforma da Previd\u00eancia na CCJ","isPartOf":{"@id":"https:\/\/www.suno.com.br\/noticias\/#website"},"primaryImageOfPage":{"@id":"https:\/\/www.suno.com.br\/noticias\/ibovespa-15042019\/#primaryimage"},"image":{"@id":"https:\/\/www.suno.com.br\/noticias\/ibovespa-15042019\/#primaryimage"},"thumbnailUrl":"https:\/\/files.sunoresearch.com.br\/n\/uploads\/2019\/04\/d8ce3f06-ibovespa-jpg.webp","datePublished":"2019-04-15T13:26:00+00:00","dateModified":"2019-04-16T12:28:05+00:00","description":"Ibovespa ainda opera aguardando o encontro entre Bolsonaro e Guedes; Boletim Focus reduz estimativa de PIB. Clique para saber mais.","breadcrumb":{"@id":"https:\/\/www.suno.com.br\/noticias\/ibovespa-15042019\/#breadcrumb"},"inLanguage":"pt-BR","potentialAction":[{"@type":"ReadAction","target":["https:\/\/www.suno.com.br\/noticias\/ibovespa-15042019\/"]}]},{"@type":"ImageObject","inLanguage":"pt-BR","@id":"https:\/\/www.suno.com.br\/noticias\/ibovespa-15042019\/#primaryimage","url":"https:\/\/files.sunoresearch.com.br\/n\/uploads\/2019\/04\/d8ce3f06-ibovespa-jpg.webp","contentUrl":"https:\/\/files.sunoresearch.com.br\/n\/uploads\/2019\/04\/d8ce3f06-ibovespa-jpg.webp","width":1140,"height":760,"caption":"reforma da Previd\u00eancia"},{"@type":"BreadcrumbList","@id":"https:\/\/www.suno.com.br\/noticias\/ibovespa-15042019\/#breadcrumb","itemListElement":[{"@type":"ListItem","position":1,"name":"Not\u00edcias","item":"https:\/\/www.suno.com.br\/noticias\/"},{"@type":"ListItem","position":2,"name":"Mercado","item":"https:\/\/www.suno.com.br\/noticias\/mercado\/"},{"@type":"ListItem","position":3,"name":"Ibovespa cresce com otimismo sobre a reforma da Previd\u00eancia na CCJ"}]},{"@type":"WebSite","@id":"https:\/\/www.suno.com.br\/noticias\/#website","url":"https:\/\/www.suno.com.br\/noticias\/","name":"Suno Not\u00edcias","description":"Seu portal de informa\u00e7\u00e3o sobre o mundo dos investimentos","publisher":{"@id":"https:\/\/www.suno.com.br\/noticias\/#organization"},"potentialAction":[{"@type":"SearchAction","target":{"@type":"EntryPoint","urlTemplate":"https:\/\/www.suno.com.br\/noticias\/?s={search_term_string}"},"query-input":{"@type":"PropertyValueSpecification","valueRequired":true,"valueName":"search_term_string"}}],"inLanguage":"pt-BR"},{"@type":"Organization","@id":"https:\/\/www.suno.com.br\/noticias\/#organization","name":"Suno Not\u00edcias","url":"https:\/\/www.suno.com.br\/noticias\/","logo":{"@type":"ImageObject","inLanguage":"pt-BR","@id":"https:\/\/www.suno.com.br\/noticias\/#\/schema\/logo\/image\/","url":"https:\/\/files.sunoresearch.com.br\/n\/uploads\/2021\/09\/suno-logo.png","contentUrl":"https:\/\/files.sunoresearch.com.br\/n\/uploads\/2021\/09\/suno-logo.png","width":180,"height":180,"caption":"Suno Not\u00edcias"},"image":{"@id":"https:\/\/www.suno.com.br\/noticias\/#\/schema\/logo\/image\/"},"sameAs":["https:\/\/facebook.com\/sunoresearch","https:\/\/x.com\/sunoresearch","https:\/\/www.instagram.com\/suno","https:\/\/www.linkedin.com\/company\/suno-research\/","https:\/\/www.youtube.com\/c\/sunoresearch"]},{"@type":"Person","@id":"https:\/\/www.suno.com.br\/noticias\/#\/schema\/person\/fc144a1c6108bd1dcd43784e88a3c138","name":"Renan Bandeira","image":{"@type":"ImageObject","inLanguage":"pt-BR","@id":"https:\/\/www.suno.com.br\/noticias\/#\/schema\/person\/image\/","url":"https:\/\/secure.gravatar.com\/avatar\/68359cdb608f14f11bbefcb78f3fc747?s=96&r=g","contentUrl":"https:\/\/secure.gravatar.com\/avatar\/68359cdb608f14f11bbefcb78f3fc747?s=96&r=g","caption":"Renan Bandeira"},"description":"Renan Bandeira escreve sobre pol\u00edtica e economia para o portal da Suno Research. Antes da Suno, trabalhou em uma rede de televis\u00e3o, onde fazia reportagens sobre os mesmos temas. Estuda na Universidade Metodista de S\u00e3o Paulo.","url":"https:\/\/www.suno.com.br\/noticias\/author\/renan-bandeira\/"}]}},"default_loop_html":"<div class=\"cardsPage__listCard__boxs\"><div class=\"cardsPage__listCard__boxs__img\"><a href=\"https:\/\/www.suno.com.br\/noticias\/ibovespa-15042019\/\"><img class=\"mask\" src=\"https:\/\/www.suno.com.br\/noticias\/wp-content\/themes\/suno\/resources\/images\/spotlight\/spotlight1img\/bg-mask.png\" alt=\"Image Mask\"\/><img src=\"https:\/\/files.sunoresearch.com.br\/n\/uploads\/2019\/04\/d8ce3f06-ibovespa-400x200.webp\" alt=\"Ibovespa cresce com otimismo sobre a reforma da Previd\u00eancia na CCJ\"\/><\/a><span class=\"spotlightCategory\"><a href=\"https:\/\/www.suno.com.br\/noticias\/mercado\/\">Mercado<\/a><\/span><\/div><div class=\"cardsPage__listCard__boxs__content\"><a href=\"https:\/\/www.suno.com.br\/noticias\/ibovespa-15042019\/\"><h2 class=\"content__title\">Ibovespa cresce com otimismo sobre a reforma da Previd\u00eancia na CCJ<\/h2><\/a><div class=\"newsContent__article__meta\"><div class=\"newsContent__article__meta__authorBox\"><a href=\"https:\/\/www.suno.com.br\/noticias\/author\/renan-bandeira\/\" class=\"authorBox__avatar noMobi\"><img src=\"https:\/\/secure.gravatar.com\/avatar\/68359cdb608f14f11bbefcb78f3fc747?s=96&#038;r=g\" alt=\"Renan Bandeira\"><\/a><div class=\"authorBox__name\"><span>por\n\t\t\t<a href=\"https:\/\/www.suno.com.br\/noticias\/author\/renan-bandeira\/\"><span itemprop=\"author\">Renan Bandeira<\/span><\/a><\/span><time datetime=\"2019-04-15T10:26:00-03:00\" itemprop=\"datePublished\">15\/04\/2019 10:26<\/time><\/div><\/div><\/div><\/div><\/div>","single_layout":"posts","amp_enabled":true,"_links":{"self":[{"href":"https:\/\/www.suno.com.br\/noticias\/wp-json\/wp\/v2\/posts\/20962"}],"collection":[{"href":"https:\/\/www.suno.com.br\/noticias\/wp-json\/wp\/v2\/posts"}],"about":[{"href":"https:\/\/www.suno.com.br\/noticias\/wp-json\/wp\/v2\/types\/post"}],"author":[{"embeddable":true,"href":"https:\/\/www.suno.com.br\/noticias\/wp-json\/wp\/v2\/users\/11"}],"replies":[{"embeddable":true,"href":"https:\/\/www.suno.com.br\/noticias\/wp-json\/wp\/v2\/comments?post=20962"}],"version-history":[{"count":0,"href":"https:\/\/www.suno.com.br\/noticias\/wp-json\/wp\/v2\/posts\/20962\/revisions"}],"wp:featuredmedia":[{"embeddable":true,"href":"https:\/\/www.suno.com.br\/noticias\/wp-json\/wp\/v2\/media\/20973"}],"wp:attachment":[{"href":"https:\/\/www.suno.com.br\/noticias\/wp-json\/wp\/v2\/media?parent=20962"}],"wp:term":[{"taxonomy":"category","embeddable":true,"href":"https:\/\/www.suno.com.br\/noticias\/wp-json\/wp\/v2\/categories?post=20962"},{"taxonomy":"post_tag","embeddable":true,"href":"https:\/\/www.suno.com.br\/noticias\/wp-json\/wp\/v2\/tags?post=20962"},{"taxonomy":"suno_strategy","embeddable":true,"href":"https:\/\/www.suno.com.br\/noticias\/wp-json\/wp\/v2\/suno_strategy?post=20962"}],"curies":[{"name":"wp","href":"https:\/\/api.w.org\/{rel}","templated":true}]}}