{"id":209451,"date":"2021-11-26T20:44:34","date_gmt":"2021-11-26T23:44:34","guid":{"rendered":"https:\/\/www.suno.com.br\/noticias\/?p=209451"},"modified":"2021-11-26T20:44:34","modified_gmt":"2021-11-26T23:44:34","slug":"caso-omicron-brasil-ministerio-saude","status":"publish","type":"post","link":"https:\/\/www.suno.com.br\/noticias\/caso-omicron-brasil-ministerio-saude\/","title":{"rendered":"N\u00e3o h\u00e1 caso da variante \u00f4micron no Brasil, diz Minist\u00e9rio da Sa\u00fade"},"content":{"rendered":"<p>O Minist\u00e9rio da Sa\u00fade declarou na noite desta sexta (26) que at\u00e9 agora n\u00e3o foi identificado nenhum caso da nova variante da Covid-19, a <strong>\u00f4micron<\/strong>, cepa do coronav\u00edrus que assustou o mundo e derrubou os mercados hoje.<\/p>\t<div class=\"wrapper-featured-image\">\n\t\t<figure class=\"spotlightImg\">\n\n\t\t\t<picture>\n\t\t\t\t<source media=\"(max-width: 768px)\" srcset=\"https:\/\/files.sunoresearch.com.br\/n\/uploads\/2021\/11\/matteo-jorjoson-WsM82a57Nk-unsplash-400x200.jpg\">\n\t\t\t\t<img loading=\"lazy\" decoding=\"async\" class=\"newsContent__article__imgCapa lazyloadDisabled \" src=\"https:\/\/files.sunoresearch.com.br\/n\/uploads\/2021\/11\/matteo-jorjoson-WsM82a57Nk-unsplash-800x450.jpg\" width=\"800\" height=\"450\" alt=\"N\u00e3o h\u00e1 caso da variante \u00f4micron no Brasil, diz Minist\u00e9rio da Sa\u00fade\" fetchpriority=high \/>\n\t\t\t<\/picture>\n\n\t\t\t<figcaption class=\"wp-caption-text wp-caption-text--show\">Pandemia: o temor por uma nova variante Foto: Unsplash.<\/figcaption>\n\t\t<\/figure>\n\t<\/div>\n\n\n\t<p>\n\t\t<a href=\"https:\/\/lp.suno.com.br\/planilha-controle-gastos\/\" target=\"_blank\" data-element=\"shortcode-suno-banner\" title=\"Banner SUNO, clique e saiba mais\">\n\t\t\t<picture>\n\t\t\t\t<source media=\"(max-width: 500px)\" srcset=\"https:\/\/files.sunoresearch.com.br\/n\/uploads\/2023\/03\/400x300-Planilha-controle-de-gastos.png\">\n\t\t\t\t<img class=\"newsContent__article__imgCapa newsContent__article__imgCapa--banner\"\n\t\t\t\t\tsrc=\"https:\/\/files.sunoresearch.com.br\/n\/uploads\/2023\/03\/1420x240-Planilha-controle-de-gastos.png\"\n\t\t\t\t\tdata-promo-id=\"101751\"\t\t\t\t\t\t\t\t\t\twidth='1420' height='240'\t\t\t\t\talt=\"https:\/\/files.sunoresearch.com.br\/n\/uploads\/2023\/03\/1420x240-Planilha-controle-de-gastos.png\"\n\t\t\t\t>\n\t\t\t<\/picture>\n\t\t<\/a>\n\t<\/p>\n\n\n<p>\u201cA pasta est\u00e1 em constante vigil\u00e2ncia e analisa, de forma conjunta com v\u00e1rios \u00f3rg\u00e3os do governo federal, as medidas a serem tomadas\u201d, acrescentou, por meio de nota.<\/p>\n<p>Ainda de acordo com o comunicado, o governo brasileiro solicitou \u00e0 <strong>Organiza\u00e7\u00e3o Mundial da Sa\u00fade<\/strong> (OMS) mais informa\u00e7\u00f5es sobre a nova variante. \u201cAl\u00e9m disso, o minist\u00e9rio j\u00e1 enviou um comunicado de risco \u00e0 Rede de Vigil\u00e2ncia, Alerta e Resposta \u00e0s Emerg\u00eancias em Sa\u00fade P\u00fablica no Sistema \u00danico de Sa\u00fade a estarem alertas para qualquer mudan\u00e7a no <strong>cen\u00e1rio epidemiol\u00f3gico<\/strong>\u201d, diz o minist\u00e9rio.<\/p>\n\t<div data-element=\"shortcode-read-more\" class=\"knowMore\">\n\t\t\t\t<span class=\"knowMore__title\">Veja tamb\u00e9m<\/span>\n\t\t\t\t<a class=\"knowMore__link\" href=\"https:\/\/www.suno.com.br\/noticias\/ibovespa-minima-nova-variante-covid-omicron\/\">\n\t\t\tIbovespa flerta com a m\u00ednima do ano ap\u00f3s variante \u00f4micron. Aonde o \u00edndice vai parar?\t\t<\/a>\n\t<\/div>\n\n\n<p>O balan\u00e7o divulgado nesta sexta pelo Minist\u00e9rio da Sa\u00fade <strong>registra 12.392 novos diagn\u00f3sticos de covid-19<\/strong> no pa\u00eds em 24 horas. O n\u00famero eleva para 22.067.630 o total de casos de pessoas infectadas pela doen\u00e7a desde o in\u00edcio da pandemia no Brasil. Ontem (25), o painel marcava 22.030.182 casos acumulados.<\/p>\n\t<p>\n\t\t<a href=\"https:\/\/lp.suno.com.br\/planilha-da-vida-financeira\/\" target=\"_blank\" data-element=\"shortcode-suno-banner\" title=\"Banner SUNO, clique e saiba mais\">\n\t\t\t<picture>\n\t\t\t\t<source media=\"(max-width: 500px)\" srcset=\"https:\/\/files.sunoresearch.com.br\/n\/uploads\/2023\/04\/400x300-Planilha-vida-financeira-true.png\">\n\t\t\t\t<img class=\"newsContent__article__imgCapa newsContent__article__imgCapa--banner\"\n\t\t\t\t\tsrc=\"https:\/\/files.sunoresearch.com.br\/n\/uploads\/2023\/04\/1420x240-Planilha-vida-financeira-true.png\"\n\t\t\t\t\tdata-promo-id=\"106682\"\t\t\t\t\t\t\t\t\t\twidth='1420' height='240'\t\t\t\t\talt=\"https:\/\/files.sunoresearch.com.br\/n\/uploads\/2023\/04\/1420x240-Planilha-vida-financeira-true.png\"\n\t\t\t\t>\n\t\t\t<\/picture>\n\t\t<\/a>\n\t<\/p>\n\n\n<p>As mortes provocadas pelo novo coronav\u00edrus no pa\u00eds <strong>aproximam-se de 614 mil<\/strong>. Em 24 horas, as autoridades sanit\u00e1rias notificaram 315 novos \u00f3bitos, elevando o total para 613.957. Ontem, o painel marcava 613.066 mortes acumuladas.<\/p>\n<p>O balan\u00e7o aponta ainda que 170.869 pacientes seguem em acompanhamento e 21.282.804 se recuperaram da doen\u00e7a.<\/p>\n\t<p>\n\t\t<a href=\"https:\/\/lp.suno.com.br\/ebook-como-analisar-uma-acao\/\" target=\"_blank\" data-element=\"shortcode-suno-banner\" title=\"Banner SUNO, clique e saiba mais\">\n\t\t\t<picture>\n\t\t\t\t<source media=\"(max-width: 500px)\" srcset=\"https:\/\/files.sunoresearch.com.br\/n\/uploads\/2023\/03\/Ebook-Acoes-Mobile-1.jpg\">\n\t\t\t\t<img class=\"newsContent__article__imgCapa newsContent__article__imgCapa--banner\"\n\t\t\t\t\tsrc=\"https:\/\/files.sunoresearch.com.br\/n\/uploads\/2023\/03\/Ebook-Acoes-Desktop-1.jpg\"\n\t\t\t\t\tdata-promo-id=\"171998\"\t\t\t\t\t\t\t\t\t\twidth='1420' height='286'\t\t\t\t\talt=\"https:\/\/files.sunoresearch.com.br\/n\/uploads\/2023\/03\/Ebook-Acoes-Desktop-1.jpg\"\n\t\t\t\t>\n\t\t\t<\/picture>\n\t\t<\/a>\n\t<\/p>\n\n\n<h2>OMS define variante \u00f4micron como &#8220;preocupante&#8221;<\/h2>\n<p>Mais cedo, a OMS informou que batizou a variante identificada no continente africano como \u00f4micron e classificou a cepa como uma <strong>variante de preocupa\u00e7\u00e3o<\/strong>. De acordo com a entidade, a decis\u00e3o foi tomada por conta da grande quantidade de muta\u00e7\u00f5es apresentada pela variante, sendo que algumas delas apresentam \u201ccaracter\u00edsticas preocupantes\u201d.<\/p>\n<p>A classifica\u00e7\u00e3o do <strong>\u00f4micron<\/strong>, segundo a OMS, exige importantes a\u00e7\u00f5es por parte dos governos, como o compartilhamento de sequ\u00eancias de genoma, a comunica\u00e7\u00e3o de <strong>casos e muta\u00e7\u00f5es<\/strong> e a realiza\u00e7\u00e3o de investiga\u00e7\u00f5es de campo e de an\u00e1lises laboratoriais para melhor compreender os impactos, a epidemiologia. A organiza\u00e7\u00e3o menciona ainda a severidade e a efetividade de medidas de sa\u00fade p\u00fablica.<\/p>\n<p><em>(Com informa\u00e7\u00f5es da Ag\u00eancia Brasil)<\/em><\/p>\n\t<p>\n\t\t<a href=\"\" target=\"_blank\" data-element=\"shortcode-suno-banner\" title=\"Banner SUNO, clique e saiba mais\">\n\t\t\t<picture>\n\t\t\t\t<source media=\"(max-width: 500px)\" srcset=\"\">\n\t\t\t\t<img class=\"newsContent__article__imgCapa newsContent__article__imgCapa--banner\"\n\t\t\t\t\tsrc=\"\"\n\t\t\t\t\tdata-promo-id=\"184190\"\t\t\t\t\t\t\t\t\t\t\t\t\t\t\talt=\"\"\n\t\t\t\t>\n\t\t\t<\/picture>\n\t\t<\/a>\n\t<\/p>\n\n\n","protected":false},"excerpt":{"rendered":"<p>O Minist\u00e9rio da Sa\u00fade declarou na noite desta sexta (26) que at\u00e9 agora n\u00e3o foi identificado nenhum caso da nova variante da Covid-19, a \u00f4micron, cepa do coronav\u00edrus que assustou o mundo e derrubou os mercados hoje. Pandemia: o temor por uma nova variante Foto: Unsplash. \u201cA pasta est\u00e1 em constante vigil\u00e2ncia e analisa, de [&hellip;]<\/p>\n","protected":false},"author":118,"featured_media":209436,"comment_status":"closed","ping_status":"closed","sticky":false,"template":"","format":"standard","meta":[],"categories":[63],"tags":[2487,2748],"suno_strategy":[],"class_list":["post-209451","post","type-post","status-publish","format-standard","has-post-thumbnail","hentry","category-internacional","tag-coronavirus","tag-pandemia"],"yoast_head":"<!-- This site is optimized with the Yoast SEO plugin v24.4 - https:\/\/yoast.com\/wordpress\/plugins\/seo\/ -->\n<title>Ainda n\u00e3o h\u00e1 caso da variante \u00f4micron no Brasil, diz Minist\u00e9rio da Sa\u00fade<\/title>\n<meta name=\"description\" content=\"O Minist\u00e9rio da Sa\u00fade declarou na noite desta sexta (26) que n\u00e3o foi identificado nenhum caso da nova variante \u00f4micron. Saiba mais\" \/>\n<meta name=\"robots\" content=\"index, follow, max-snippet:-1, max-image-preview:large, max-video-preview:-1\" \/>\n<link rel=\"canonical\" href=\"https:\/\/www.suno.com.br\/noticias\/caso-omicron-brasil-ministerio-saude\/\" \/>\n<meta property=\"og:locale\" content=\"pt_BR\" \/>\n<meta property=\"og:type\" content=\"article\" \/>\n<meta property=\"og:title\" content=\"Ainda n\u00e3o h\u00e1 caso da variante \u00f4micron no Brasil, diz Minist\u00e9rio da Sa\u00fade\" \/>\n<meta property=\"og:description\" content=\"O Minist\u00e9rio da Sa\u00fade declarou na noite desta sexta (26) que n\u00e3o foi identificado nenhum caso da nova variante \u00f4micron. Saiba mais\" \/>\n<meta property=\"og:url\" content=\"https:\/\/www.suno.com.br\/noticias\/caso-omicron-brasil-ministerio-saude\/\" \/>\n<meta property=\"og:site_name\" content=\"Suno Not\u00edcias\" \/>\n<meta property=\"article:publisher\" content=\"https:\/\/facebook.com\/sunoresearch\" \/>\n<meta property=\"og:image\" content=\"https:\/\/files.sunoresearch.com.br\/n\/uploads\/2021\/11\/matteo-jorjoson-WsM82a57Nk-unsplash-scaled.jpg\" \/>\n\t<meta property=\"og:image:width\" content=\"2560\" \/>\n\t<meta property=\"og:image:height\" content=\"1709\" \/>\n\t<meta property=\"og:image:type\" content=\"image\/jpeg\" \/>\n<meta name=\"author\" content=\"Bruno Galv\u00e3o\" \/>\n<meta name=\"twitter:card\" content=\"summary_large_image\" \/>\n<meta name=\"twitter:creator\" content=\"@sunoresearch\" \/>\n<meta name=\"twitter:site\" content=\"@sunoresearch\" \/>\n<meta name=\"twitter:label1\" content=\"Escrito por\" \/>\n\t<meta name=\"twitter:data1\" content=\"Bruno Galv\u00e3o\" \/>\n\t<meta name=\"twitter:label2\" content=\"Est. tempo de leitura\" \/>\n\t<meta name=\"twitter:data2\" content=\"2 minutos\" \/>\n<script type=\"application\/ld+json\" class=\"yoast-schema-graph\">{\"@context\":\"https:\/\/schema.org\",\"@graph\":[{\"@type\":\"NewsArticle\",\"@id\":\"https:\/\/www.suno.com.br\/noticias\/caso-omicron-brasil-ministerio-saude\/#article\",\"isPartOf\":{\"@id\":\"https:\/\/www.suno.com.br\/noticias\/caso-omicron-brasil-ministerio-saude\/\"},\"author\":{\"name\":\"Bruno Galv\u00e3o\",\"@id\":\"https:\/\/www.suno.com.br\/noticias\/#\/schema\/person\/06f0d962a6b1c54852e4860f16935600\"},\"headline\":\"N\u00e3o h\u00e1 caso da variante \u00f4micron no Brasil, diz Minist\u00e9rio da Sa\u00fade\",\"datePublished\":\"2021-11-26T23:44:34+00:00\",\"mainEntityOfPage\":{\"@id\":\"https:\/\/www.suno.com.br\/noticias\/caso-omicron-brasil-ministerio-saude\/\"},\"wordCount\":415,\"publisher\":{\"@id\":\"https:\/\/www.suno.com.br\/noticias\/#organization\"},\"image\":{\"@id\":\"https:\/\/www.suno.com.br\/noticias\/caso-omicron-brasil-ministerio-saude\/#primaryimage\"},\"thumbnailUrl\":\"https:\/\/files.sunoresearch.com.br\/n\/uploads\/2021\/11\/matteo-jorjoson-WsM82a57Nk-unsplash-scaled.jpg\",\"keywords\":[\"coronav\u00edrus\",\"pandemia\"],\"articleSection\":[\"Internacional\"],\"inLanguage\":\"pt-BR\"},{\"@type\":\"WebPage\",\"@id\":\"https:\/\/www.suno.com.br\/noticias\/caso-omicron-brasil-ministerio-saude\/\",\"url\":\"https:\/\/www.suno.com.br\/noticias\/caso-omicron-brasil-ministerio-saude\/\",\"name\":\"Ainda n\u00e3o h\u00e1 caso da variante \u00f4micron no Brasil, diz Minist\u00e9rio da Sa\u00fade\",\"isPartOf\":{\"@id\":\"https:\/\/www.suno.com.br\/noticias\/#website\"},\"primaryImageOfPage\":{\"@id\":\"https:\/\/www.suno.com.br\/noticias\/caso-omicron-brasil-ministerio-saude\/#primaryimage\"},\"image\":{\"@id\":\"https:\/\/www.suno.com.br\/noticias\/caso-omicron-brasil-ministerio-saude\/#primaryimage\"},\"thumbnailUrl\":\"https:\/\/files.sunoresearch.com.br\/n\/uploads\/2021\/11\/matteo-jorjoson-WsM82a57Nk-unsplash-scaled.jpg\",\"datePublished\":\"2021-11-26T23:44:34+00:00\",\"description\":\"O Minist\u00e9rio da Sa\u00fade declarou na noite desta sexta (26) que n\u00e3o foi identificado nenhum caso da nova variante \u00f4micron. Saiba mais\",\"breadcrumb\":{\"@id\":\"https:\/\/www.suno.com.br\/noticias\/caso-omicron-brasil-ministerio-saude\/#breadcrumb\"},\"inLanguage\":\"pt-BR\",\"potentialAction\":[{\"@type\":\"ReadAction\",\"target\":[\"https:\/\/www.suno.com.br\/noticias\/caso-omicron-brasil-ministerio-saude\/\"]}]},{\"@type\":\"ImageObject\",\"inLanguage\":\"pt-BR\",\"@id\":\"https:\/\/www.suno.com.br\/noticias\/caso-omicron-brasil-ministerio-saude\/#primaryimage\",\"url\":\"https:\/\/files.sunoresearch.com.br\/n\/uploads\/2021\/11\/matteo-jorjoson-WsM82a57Nk-unsplash-scaled.jpg\",\"contentUrl\":\"https:\/\/files.sunoresearch.com.br\/n\/uploads\/2021\/11\/matteo-jorjoson-WsM82a57Nk-unsplash-scaled.jpg\",\"width\":2560,\"height\":1709,\"caption\":\"Pandemia: o temor por uma nova variante Foto: Unsplash.\"},{\"@type\":\"BreadcrumbList\",\"@id\":\"https:\/\/www.suno.com.br\/noticias\/caso-omicron-brasil-ministerio-saude\/#breadcrumb\",\"itemListElement\":[{\"@type\":\"ListItem\",\"position\":1,\"name\":\"Not\u00edcias\",\"item\":\"https:\/\/www.suno.com.br\/noticias\/\"},{\"@type\":\"ListItem\",\"position\":2,\"name\":\"Internacional\",\"item\":\"https:\/\/www.suno.com.br\/noticias\/internacional\/\"},{\"@type\":\"ListItem\",\"position\":3,\"name\":\"N\u00e3o h\u00e1 caso da variante \u00f4micron no Brasil, diz Minist\u00e9rio da Sa\u00fade\"}]},{\"@type\":\"WebSite\",\"@id\":\"https:\/\/www.suno.com.br\/noticias\/#website\",\"url\":\"https:\/\/www.suno.com.br\/noticias\/\",\"name\":\"Suno Not\u00edcias\",\"description\":\"Seu portal de informa\u00e7\u00e3o sobre o mundo dos investimentos\",\"publisher\":{\"@id\":\"https:\/\/www.suno.com.br\/noticias\/#organization\"},\"potentialAction\":[{\"@type\":\"SearchAction\",\"target\":{\"@type\":\"EntryPoint\",\"urlTemplate\":\"https:\/\/www.suno.com.br\/noticias\/?s={search_term_string}\"},\"query-input\":{\"@type\":\"PropertyValueSpecification\",\"valueRequired\":true,\"valueName\":\"search_term_string\"}}],\"inLanguage\":\"pt-BR\"},{\"@type\":\"Organization\",\"@id\":\"https:\/\/www.suno.com.br\/noticias\/#organization\",\"name\":\"Suno Not\u00edcias\",\"url\":\"https:\/\/www.suno.com.br\/noticias\/\",\"logo\":{\"@type\":\"ImageObject\",\"inLanguage\":\"pt-BR\",\"@id\":\"https:\/\/www.suno.com.br\/noticias\/#\/schema\/logo\/image\/\",\"url\":\"https:\/\/files.sunoresearch.com.br\/n\/uploads\/2021\/09\/suno-logo.png\",\"contentUrl\":\"https:\/\/files.sunoresearch.com.br\/n\/uploads\/2021\/09\/suno-logo.png\",\"width\":180,\"height\":180,\"caption\":\"Suno Not\u00edcias\"},\"image\":{\"@id\":\"https:\/\/www.suno.com.br\/noticias\/#\/schema\/logo\/image\/\"},\"sameAs\":[\"https:\/\/facebook.com\/sunoresearch\",\"https:\/\/x.com\/sunoresearch\",\"https:\/\/www.instagram.com\/suno\",\"https:\/\/www.linkedin.com\/company\/suno-research\/\",\"https:\/\/www.youtube.com\/c\/sunoresearch\"]},{\"@type\":\"Person\",\"@id\":\"https:\/\/www.suno.com.br\/noticias\/#\/schema\/person\/06f0d962a6b1c54852e4860f16935600\",\"name\":\"Bruno Galv\u00e3o\",\"image\":{\"@type\":\"ImageObject\",\"inLanguage\":\"pt-BR\",\"@id\":\"https:\/\/www.suno.com.br\/noticias\/#\/schema\/person\/image\/\",\"url\":\"https:\/\/secure.gravatar.com\/avatar\/53598df0b41c00f12f287a912d0e918e?s=96&r=g\",\"contentUrl\":\"https:\/\/secure.gravatar.com\/avatar\/53598df0b41c00f12f287a912d0e918e?s=96&r=g\",\"caption\":\"Bruno Galv\u00e3o\"},\"description\":\"Escreve para o portal Suno Not\u00edcias. \u00c9 estudante de Jornalismo pela Faculdade C\u00e1sper L\u00edbero e Letras pela USP. Entusiasta de tecnologia e intelig\u00eancia artificial.\",\"url\":\"https:\/\/www.suno.com.br\/noticias\/author\/bruno-garcia\/\"}]}<\/script>\n<!-- \/ Yoast SEO plugin. -->","yoast_head_json":{"title":"Ainda n\u00e3o h\u00e1 caso da variante \u00f4micron no Brasil, diz Minist\u00e9rio da Sa\u00fade","description":"O Minist\u00e9rio da Sa\u00fade declarou na noite desta sexta (26) que n\u00e3o foi identificado nenhum caso da nova variante \u00f4micron. Saiba mais","robots":{"index":"index","follow":"follow","max-snippet":"max-snippet:-1","max-image-preview":"max-image-preview:large","max-video-preview":"max-video-preview:-1"},"canonical":"https:\/\/www.suno.com.br\/noticias\/caso-omicron-brasil-ministerio-saude\/","og_locale":"pt_BR","og_type":"article","og_title":"Ainda n\u00e3o h\u00e1 caso da variante \u00f4micron no Brasil, diz Minist\u00e9rio da Sa\u00fade","og_description":"O Minist\u00e9rio da Sa\u00fade declarou na noite desta sexta (26) que n\u00e3o foi identificado nenhum caso da nova variante \u00f4micron. Saiba mais","og_url":"https:\/\/www.suno.com.br\/noticias\/caso-omicron-brasil-ministerio-saude\/","og_site_name":"Suno Not\u00edcias","article_publisher":"https:\/\/facebook.com\/sunoresearch","og_image":[{"width":2560,"height":1709,"url":"https:\/\/files.sunoresearch.com.br\/n\/uploads\/2021\/11\/matteo-jorjoson-WsM82a57Nk-unsplash-scaled.jpg","type":"image\/jpeg"}],"author":"Bruno Galv\u00e3o","twitter_card":"summary_large_image","twitter_creator":"@sunoresearch","twitter_site":"@sunoresearch","twitter_misc":{"Escrito por":"Bruno Galv\u00e3o","Est. tempo de leitura":"2 minutos"},"schema":{"@context":"https:\/\/schema.org","@graph":[{"@type":"NewsArticle","@id":"https:\/\/www.suno.com.br\/noticias\/caso-omicron-brasil-ministerio-saude\/#article","isPartOf":{"@id":"https:\/\/www.suno.com.br\/noticias\/caso-omicron-brasil-ministerio-saude\/"},"author":{"name":"Bruno Galv\u00e3o","@id":"https:\/\/www.suno.com.br\/noticias\/#\/schema\/person\/06f0d962a6b1c54852e4860f16935600"},"headline":"N\u00e3o h\u00e1 caso da variante \u00f4micron no Brasil, diz Minist\u00e9rio da Sa\u00fade","datePublished":"2021-11-26T23:44:34+00:00","mainEntityOfPage":{"@id":"https:\/\/www.suno.com.br\/noticias\/caso-omicron-brasil-ministerio-saude\/"},"wordCount":415,"publisher":{"@id":"https:\/\/www.suno.com.br\/noticias\/#organization"},"image":{"@id":"https:\/\/www.suno.com.br\/noticias\/caso-omicron-brasil-ministerio-saude\/#primaryimage"},"thumbnailUrl":"https:\/\/files.sunoresearch.com.br\/n\/uploads\/2021\/11\/matteo-jorjoson-WsM82a57Nk-unsplash-scaled.jpg","keywords":["coronav\u00edrus","pandemia"],"articleSection":["Internacional"],"inLanguage":"pt-BR"},{"@type":"WebPage","@id":"https:\/\/www.suno.com.br\/noticias\/caso-omicron-brasil-ministerio-saude\/","url":"https:\/\/www.suno.com.br\/noticias\/caso-omicron-brasil-ministerio-saude\/","name":"Ainda n\u00e3o h\u00e1 caso da variante \u00f4micron no Brasil, diz Minist\u00e9rio da Sa\u00fade","isPartOf":{"@id":"https:\/\/www.suno.com.br\/noticias\/#website"},"primaryImageOfPage":{"@id":"https:\/\/www.suno.com.br\/noticias\/caso-omicron-brasil-ministerio-saude\/#primaryimage"},"image":{"@id":"https:\/\/www.suno.com.br\/noticias\/caso-omicron-brasil-ministerio-saude\/#primaryimage"},"thumbnailUrl":"https:\/\/files.sunoresearch.com.br\/n\/uploads\/2021\/11\/matteo-jorjoson-WsM82a57Nk-unsplash-scaled.jpg","datePublished":"2021-11-26T23:44:34+00:00","description":"O Minist\u00e9rio da Sa\u00fade declarou na noite desta sexta (26) que n\u00e3o foi identificado nenhum caso da nova variante \u00f4micron. Saiba mais","breadcrumb":{"@id":"https:\/\/www.suno.com.br\/noticias\/caso-omicron-brasil-ministerio-saude\/#breadcrumb"},"inLanguage":"pt-BR","potentialAction":[{"@type":"ReadAction","target":["https:\/\/www.suno.com.br\/noticias\/caso-omicron-brasil-ministerio-saude\/"]}]},{"@type":"ImageObject","inLanguage":"pt-BR","@id":"https:\/\/www.suno.com.br\/noticias\/caso-omicron-brasil-ministerio-saude\/#primaryimage","url":"https:\/\/files.sunoresearch.com.br\/n\/uploads\/2021\/11\/matteo-jorjoson-WsM82a57Nk-unsplash-scaled.jpg","contentUrl":"https:\/\/files.sunoresearch.com.br\/n\/uploads\/2021\/11\/matteo-jorjoson-WsM82a57Nk-unsplash-scaled.jpg","width":2560,"height":1709,"caption":"Pandemia: o temor por uma nova variante Foto: Unsplash."},{"@type":"BreadcrumbList","@id":"https:\/\/www.suno.com.br\/noticias\/caso-omicron-brasil-ministerio-saude\/#breadcrumb","itemListElement":[{"@type":"ListItem","position":1,"name":"Not\u00edcias","item":"https:\/\/www.suno.com.br\/noticias\/"},{"@type":"ListItem","position":2,"name":"Internacional","item":"https:\/\/www.suno.com.br\/noticias\/internacional\/"},{"@type":"ListItem","position":3,"name":"N\u00e3o h\u00e1 caso da variante \u00f4micron no Brasil, diz Minist\u00e9rio da Sa\u00fade"}]},{"@type":"WebSite","@id":"https:\/\/www.suno.com.br\/noticias\/#website","url":"https:\/\/www.suno.com.br\/noticias\/","name":"Suno Not\u00edcias","description":"Seu portal de informa\u00e7\u00e3o sobre o mundo dos investimentos","publisher":{"@id":"https:\/\/www.suno.com.br\/noticias\/#organization"},"potentialAction":[{"@type":"SearchAction","target":{"@type":"EntryPoint","urlTemplate":"https:\/\/www.suno.com.br\/noticias\/?s={search_term_string}"},"query-input":{"@type":"PropertyValueSpecification","valueRequired":true,"valueName":"search_term_string"}}],"inLanguage":"pt-BR"},{"@type":"Organization","@id":"https:\/\/www.suno.com.br\/noticias\/#organization","name":"Suno Not\u00edcias","url":"https:\/\/www.suno.com.br\/noticias\/","logo":{"@type":"ImageObject","inLanguage":"pt-BR","@id":"https:\/\/www.suno.com.br\/noticias\/#\/schema\/logo\/image\/","url":"https:\/\/files.sunoresearch.com.br\/n\/uploads\/2021\/09\/suno-logo.png","contentUrl":"https:\/\/files.sunoresearch.com.br\/n\/uploads\/2021\/09\/suno-logo.png","width":180,"height":180,"caption":"Suno Not\u00edcias"},"image":{"@id":"https:\/\/www.suno.com.br\/noticias\/#\/schema\/logo\/image\/"},"sameAs":["https:\/\/facebook.com\/sunoresearch","https:\/\/x.com\/sunoresearch","https:\/\/www.instagram.com\/suno","https:\/\/www.linkedin.com\/company\/suno-research\/","https:\/\/www.youtube.com\/c\/sunoresearch"]},{"@type":"Person","@id":"https:\/\/www.suno.com.br\/noticias\/#\/schema\/person\/06f0d962a6b1c54852e4860f16935600","name":"Bruno Galv\u00e3o","image":{"@type":"ImageObject","inLanguage":"pt-BR","@id":"https:\/\/www.suno.com.br\/noticias\/#\/schema\/person\/image\/","url":"https:\/\/secure.gravatar.com\/avatar\/53598df0b41c00f12f287a912d0e918e?s=96&r=g","contentUrl":"https:\/\/secure.gravatar.com\/avatar\/53598df0b41c00f12f287a912d0e918e?s=96&r=g","caption":"Bruno Galv\u00e3o"},"description":"Escreve para o portal Suno Not\u00edcias. \u00c9 estudante de Jornalismo pela Faculdade C\u00e1sper L\u00edbero e Letras pela USP. Entusiasta de tecnologia e intelig\u00eancia artificial.","url":"https:\/\/www.suno.com.br\/noticias\/author\/bruno-garcia\/"}]}},"default_loop_html":"<div class=\"cardsPage__listCard__boxs\"><div class=\"cardsPage__listCard__boxs__img\"><a href=\"https:\/\/www.suno.com.br\/noticias\/caso-omicron-brasil-ministerio-saude\/\"><img class=\"mask\" src=\"https:\/\/www.suno.com.br\/noticias\/wp-content\/themes\/suno\/resources\/images\/spotlight\/spotlight1img\/bg-mask.png\" alt=\"Image Mask\"\/><img src=\"https:\/\/files.sunoresearch.com.br\/n\/uploads\/2021\/11\/matteo-jorjoson-WsM82a57Nk-unsplash-400x200.jpg\" alt=\"N\u00e3o h\u00e1 caso da variante \u00f4micron no Brasil, diz Minist\u00e9rio da Sa\u00fade\"\/><\/a><span class=\"spotlightCategory\"><a href=\"https:\/\/www.suno.com.br\/noticias\/internacional\/\">Internacional<\/a><\/span><\/div><div class=\"cardsPage__listCard__boxs__content\"><a href=\"https:\/\/www.suno.com.br\/noticias\/caso-omicron-brasil-ministerio-saude\/\"><h2 class=\"content__title\">N\u00e3o h\u00e1 caso da variante \u00f4micron no Brasil, diz Minist\u00e9rio da Sa\u00fade<\/h2><\/a><div class=\"newsContent__article__meta\"><div class=\"newsContent__article__meta__authorBox\"><a href=\"https:\/\/www.suno.com.br\/noticias\/author\/bruno-garcia\/\" class=\"authorBox__avatar noMobi\"><img src=\"https:\/\/secure.gravatar.com\/avatar\/53598df0b41c00f12f287a912d0e918e?s=96&#038;r=g\" alt=\"Bruno Galv\u00e3o\"><\/a><div class=\"authorBox__name\"><span>por\n\t\t\t<a href=\"https:\/\/www.suno.com.br\/noticias\/author\/bruno-garcia\/\"><span itemprop=\"author\">Bruno Galv\u00e3o<\/span><\/a><\/span><time datetime=\"2021-11-26T20:44:34-03:00\" itemprop=\"datePublished\">26\/11\/2021 20:44<\/time><\/div><\/div><\/div><\/div><\/div>","single_layout":"posts","amp_enabled":true,"_links":{"self":[{"href":"https:\/\/www.suno.com.br\/noticias\/wp-json\/wp\/v2\/posts\/209451"}],"collection":[{"href":"https:\/\/www.suno.com.br\/noticias\/wp-json\/wp\/v2\/posts"}],"about":[{"href":"https:\/\/www.suno.com.br\/noticias\/wp-json\/wp\/v2\/types\/post"}],"author":[{"embeddable":true,"href":"https:\/\/www.suno.com.br\/noticias\/wp-json\/wp\/v2\/users\/118"}],"replies":[{"embeddable":true,"href":"https:\/\/www.suno.com.br\/noticias\/wp-json\/wp\/v2\/comments?post=209451"}],"version-history":[{"count":3,"href":"https:\/\/www.suno.com.br\/noticias\/wp-json\/wp\/v2\/posts\/209451\/revisions"}],"predecessor-version":[{"id":209473,"href":"https:\/\/www.suno.com.br\/noticias\/wp-json\/wp\/v2\/posts\/209451\/revisions\/209473"}],"wp:featuredmedia":[{"embeddable":true,"href":"https:\/\/www.suno.com.br\/noticias\/wp-json\/wp\/v2\/media\/209436"}],"wp:attachment":[{"href":"https:\/\/www.suno.com.br\/noticias\/wp-json\/wp\/v2\/media?parent=209451"}],"wp:term":[{"taxonomy":"category","embeddable":true,"href":"https:\/\/www.suno.com.br\/noticias\/wp-json\/wp\/v2\/categories?post=209451"},{"taxonomy":"post_tag","embeddable":true,"href":"https:\/\/www.suno.com.br\/noticias\/wp-json\/wp\/v2\/tags?post=209451"},{"taxonomy":"suno_strategy","embeddable":true,"href":"https:\/\/www.suno.com.br\/noticias\/wp-json\/wp\/v2\/suno_strategy?post=209451"}],"curies":[{"name":"wp","href":"https:\/\/api.w.org\/{rel}","templated":true}]}}