{"id":209285,"date":"2021-11-26T16:16:18","date_gmt":"2021-11-26T19:16:18","guid":{"rendered":"https:\/\/www.suno.com.br\/noticias\/?p=209285"},"modified":"2021-11-26T16:16:18","modified_gmt":"2021-11-26T19:16:18","slug":"kkr-e-cvc-capital-partners-avaliam-oferta-conjunta-por-telecom-italia","status":"publish","type":"post","link":"https:\/\/www.suno.com.br\/noticias\/kkr-e-cvc-capital-partners-avaliam-oferta-conjunta-por-telecom-italia\/","title":{"rendered":"KKR e CVC Capital Partners avaliam oferta conjunta por Telecom It\u00e1lia"},"content":{"rendered":"<p>O fundo <a class=\"suno-keyword\" href=\"https:\/\/www.suno.com.br\/artigos\/private-equity\/\" target=\"_blank\" rel=\"noopener\" data-force=\"no\" data-priority=\"1\">private equity<\/a> <strong>KKR<\/strong> e a CVC Capital Partners avaliam a possibilidade de uma oferta em conjunto pela Telecom It\u00e1lia, controladora da <a class=\"suno-keyword\" href=\"https:\/\/www.suno.com.br\/acoes\/TIMS3\/\" target=\"_blank\" rel=\"noopener\" data-force=\"yes\" data-priority=\"2\">TIM (TIMS3)<\/a>. Segundo a ag\u00eancia de not\u00edcias Bloomberg, essa medida ajudaria a dividir os <a class=\"suno-keyword\" href=\"https:\/\/www.suno.com.br\/artigos\/encargos-financeiros\/\" target=\"_blank\" rel=\"noopener\" data-force=\"no\" data-priority=\"1\">encargos financeiros<\/a> da maior aquisi\u00e7\u00e3o alavancada j\u00e1 feita na Europa.<\/p>\t<div class=\"wrapper-featured-image\">\n\t\t<figure class=\"spotlightImg\">\n\n\t\t\t<picture>\n\t\t\t\t<source media=\"(max-width: 768px)\" srcset=\"https:\/\/files.sunoresearch.com.br\/n\/uploads\/2021\/11\/antenna-gf70333f7d_1920-400x200.jpg\">\n\t\t\t\t<img loading=\"lazy\" decoding=\"async\" class=\"newsContent__article__imgCapa lazyloadDisabled \" src=\"https:\/\/files.sunoresearch.com.br\/n\/uploads\/2021\/11\/antenna-gf70333f7d_1920-800x450.jpg\" width=\"800\" height=\"450\" alt=\"KKR e CVC Capital Partners avaliam oferta conjunta por Telecom It\u00e1lia\" fetchpriority=high \/>\n\t\t\t<\/picture>\n\n\t\t\t<figcaption class=\"wp-caption-text wp-caption-text--show\">KKR estuda realizar oferta em conjunta com CVC pela Telecom. Foto: Pixabay<\/figcaption>\n\t\t<\/figure>\n\t<\/div>\n\n\n\t<p>\n\t\t<a href=\"https:\/\/lp.suno.com.br\/planilha-controle-gastos\/\" target=\"_blank\" data-element=\"shortcode-suno-banner\" title=\"Banner SUNO, clique e saiba mais\">\n\t\t\t<picture>\n\t\t\t\t<source media=\"(max-width: 500px)\" srcset=\"https:\/\/files.sunoresearch.com.br\/n\/uploads\/2023\/03\/400x300-Planilha-controle-de-gastos.png\">\n\t\t\t\t<img class=\"newsContent__article__imgCapa newsContent__article__imgCapa--banner\"\n\t\t\t\t\tsrc=\"https:\/\/files.sunoresearch.com.br\/n\/uploads\/2023\/03\/1420x240-Planilha-controle-de-gastos.png\"\n\t\t\t\t\tdata-promo-id=\"101751\"\t\t\t\t\t\t\t\t\t\twidth='1420' height='240'\t\t\t\t\talt=\"https:\/\/files.sunoresearch.com.br\/n\/uploads\/2023\/03\/1420x240-Planilha-controle-de-gastos.png\"\n\t\t\t\t>\n\t\t\t<\/picture>\n\t\t<\/a>\n\t<\/p>\n\n\n<p>\u00c9 v\u00e1lido lembrar que o fundo KKR ofereceu US$ 12 bilh\u00f5es para a compra da<strong> Telecom It\u00e1lia<\/strong>. Conforme fontes disseram \u00e0 ag\u00eancia, a <strong>CVC Capital Partners<\/strong> j\u00e1 vinha estudando uma poss\u00edvel aquisi\u00e7\u00e3o da italiana h\u00e1 alguns meses.<\/p>\n<p>A medida ainda est\u00e1 sendo discutido pelas gestoras e n\u00e3o h\u00e1 certeza de que elas ir\u00e3o fazer uma oferta em conjunta. A <strong>Vivendi<\/strong>, maior acionista da Telecom Italia, j\u00e1 descreveu que a atual proposta feita pela KKR era &#8220;baixa demais &#8220;.<\/p>\n<p>O diretor-presidente da Telecom It\u00e1lia, Luigi Gubitosi, pediu que o conselho da empresa tome uma decis\u00e3o r\u00e1pida sobre a oferta. Em carta aos membros do conselho, obtida pela Bloomberg, o diretor escreveu que est\u00e1 disposto a renunciar se isso ajudar a acelerar o processo de avalia\u00e7\u00e3o da oferta.<\/p>\n<p>A oferta de\u00a0<strong>compra<\/strong>\u00a0representaria um pr\u00eamio de 45% para as a\u00e7\u00f5es da\u00a0<strong>Telecom<\/strong>\u00a0e incluiria a retirada dela das negocia\u00e7\u00f5es na bolsa, fechando o capital.<\/p>\n\t<p>\n\t\t<a href=\"https:\/\/lp.suno.com.br\/planilha-da-vida-financeira\/\" target=\"_blank\" data-element=\"shortcode-suno-banner\" title=\"Banner SUNO, clique e saiba mais\">\n\t\t\t<picture>\n\t\t\t\t<source media=\"(max-width: 500px)\" srcset=\"https:\/\/files.sunoresearch.com.br\/n\/uploads\/2023\/04\/400x300-Planilha-vida-financeira-true.png\">\n\t\t\t\t<img class=\"newsContent__article__imgCapa newsContent__article__imgCapa--banner\"\n\t\t\t\t\tsrc=\"https:\/\/files.sunoresearch.com.br\/n\/uploads\/2023\/04\/1420x240-Planilha-vida-financeira-true.png\"\n\t\t\t\t\tdata-promo-id=\"106682\"\t\t\t\t\t\t\t\t\t\twidth='1420' height='240'\t\t\t\t\talt=\"https:\/\/files.sunoresearch.com.br\/n\/uploads\/2023\/04\/1420x240-Planilha-vida-financeira-true.png\"\n\t\t\t\t>\n\t\t\t<\/picture>\n\t\t<\/a>\n\t<\/p>\n\n\n<p>O indicativo de interesse \u00e9 condicionado a um per\u00edodo de quatro semanas de dilig\u00eancia nos n\u00fameros da empresa e ao aval de \u00f3rg\u00e3os do governo italiano. A\u00a0<strong>Telecom<\/strong>\u00a0<strong>Italia<\/strong>\u00a0est\u00e1 sujeita a poderes especiais do governo italiano, a fim de garantir a seguran\u00e7a nacional.<\/p>\n<p>O fechamento da opera\u00e7\u00e3o de compra fica condicionado a um per\u00edodo de \u201c<a class=\"suno-keyword\" href=\"https:\/\/www.suno.com.br\/artigos\/due-diligence\/\" target=\"_blank\" rel=\"noopener\" data-force=\"no\" data-priority=\"2\">due diligence<\/a>\u201d (auditoria de um investimento para confirmar dados e registros financeiros) de quatro semanas e \u00e0 aprova\u00e7\u00e3o do governo italiano, que tem poder de veto na compra.<\/p>\n<h2>TIM Brasil pode ser vendida com proposta da KKR pela Telecom<\/h2>\n<p>Ap\u00f3s a proposta da KKR, o mercado avalia a possibilidade da nova acionista vender a operadora brasileira.<\/p>\n<p>De acordo com o relat\u00f3rio do\u00a0<a class=\"suno-keyword\" href=\"https:\/\/www.suno.com.br\/acoes\/BPAC11\/\" target=\"_blank\" rel=\"noopener\" data-force=\"yes\" data-priority=\"2\">BTG Pactual (BPAC11)<\/a>, caso a aquisi\u00e7\u00e3o da\u00a0<strong>Telecom It\u00e1lia<\/strong>\u00a0para a KKR seja concretizada, a nova acionista ir\u00e1 vender a TIM Brasil. Isso porque o fundo est\u00e1 interessado apenas na italiana e em sua unidade de fibra. A\u00a0<strong>KKR<\/strong>\u00a0j\u00e1 havia comprado uma participa\u00e7\u00e3o de 37,5% na FiberCo.<\/p>\n<p>Mesmo se a aquisi\u00e7\u00e3o n\u00e3o for conclu\u00edda, o BTG analisa que a Telecom Italia poder\u00e1 se sentir pressionada para\u00a0<strong>desbloquear valor<\/strong>, e uma dessas maneiras seria a venda da TIM Brasil.<\/p>\n<p>\u201cSe a <strong>KKR<\/strong> for bem-sucedida em sua oferta esperamos que ela coloque a TIM Brasil \u00e0 venda. E mesmo que a oferta da KKR n\u00e3o seja aprovada, a oferta potencial por si s\u00f3 pode colocar press\u00e3o adicional sobre a atual administra\u00e7\u00e3o da Telecom Italia para buscas maneiras de desbloquear valor, e vender a TIM Brasil pode ser uma delas\u201d, analisou o banco.<\/p>\n\t<p>\n\t\t<a href=\"https:\/\/lp.suno.com.br\/planilha-de-controle-de-investimentos\/\" target=\"_blank\" data-element=\"shortcode-suno-banner\" title=\"Banner SUNO, clique e saiba mais\">\n\t\t\t<picture>\n\t\t\t\t<source media=\"(max-width: 500px)\" srcset=\"https:\/\/files.sunoresearch.com.br\/n\/uploads\/2023\/03\/400x300-Controle-de-Investimentos.png\">\n\t\t\t\t<img class=\"newsContent__article__imgCapa newsContent__article__imgCapa--banner\"\n\t\t\t\t\tsrc=\"https:\/\/files.sunoresearch.com.br\/n\/uploads\/2023\/03\/1420x240-Controle-de-Investimentos.png\"\n\t\t\t\t\tdata-promo-id=\"75934\"\t\t\t\t\t\t\t\t\t\twidth='1420' height='240'\t\t\t\t\talt=\"https:\/\/files.sunoresearch.com.br\/n\/uploads\/2023\/03\/1420x240-Controle-de-Investimentos.png\"\n\t\t\t\t>\n\t\t\t<\/picture>\n\t\t<\/a>\n\t<\/p>\n\n\n","protected":false},"excerpt":{"rendered":"<p>O fundo private equity KKR e a CVC Capital Partners avaliam a possibilidade de uma oferta em conjunto pela Telecom It\u00e1lia, controladora da TIM (TIMS3). Segundo a ag\u00eancia de not\u00edcias Bloomberg, essa medida ajudaria a dividir os encargos financeiros da maior aquisi\u00e7\u00e3o alavancada j\u00e1 feita na Europa. KKR estuda realizar oferta em conjunta com CVC [&hellip;]<\/p>\n","protected":false},"author":15,"featured_media":209308,"comment_status":"closed","ping_status":"closed","sticky":false,"template":"","format":"standard","meta":[],"categories":[64],"tags":[663],"suno_strategy":[],"class_list":["post-209285","post","type-post","status-publish","format-standard","has-post-thumbnail","hentry","category-negocios","tag-tim-tims3"],"yoast_head":"<!-- This site is optimized with the Yoast SEO plugin v24.4 - https:\/\/yoast.com\/wordpress\/plugins\/seo\/ -->\n<title>KKR e CVC Capital Partners avaliam oferta conjunta por Telecom It\u00e1lia<\/title>\n<meta name=\"description\" content=\"A medida ainda est\u00e1 sendo discutido pela KKR e CVC e n\u00e3o h\u00e1 certeza de que elas ir\u00e3o fazer uma oferta em conjunta.\u00a0Clique aqui e saiba mais\" \/>\n<meta name=\"robots\" content=\"index, follow, max-snippet:-1, max-image-preview:large, max-video-preview:-1\" \/>\n<link rel=\"canonical\" href=\"https:\/\/www.suno.com.br\/noticias\/kkr-e-cvc-capital-partners-avaliam-oferta-conjunta-por-telecom-italia\/\" \/>\n<meta property=\"og:locale\" content=\"pt_BR\" \/>\n<meta property=\"og:type\" content=\"article\" \/>\n<meta property=\"og:title\" content=\"KKR e CVC Capital Partners avaliam oferta conjunta por Telecom It\u00e1lia\" \/>\n<meta property=\"og:description\" content=\"A medida ainda est\u00e1 sendo discutido pela KKR e CVC e n\u00e3o h\u00e1 certeza de que elas ir\u00e3o fazer uma oferta em conjunta.\u00a0Clique aqui e saiba mais\" \/>\n<meta property=\"og:url\" content=\"https:\/\/www.suno.com.br\/noticias\/kkr-e-cvc-capital-partners-avaliam-oferta-conjunta-por-telecom-italia\/\" \/>\n<meta property=\"og:site_name\" content=\"Suno Not\u00edcias\" \/>\n<meta property=\"article:publisher\" content=\"https:\/\/facebook.com\/sunoresearch\" \/>\n<meta property=\"og:image\" content=\"https:\/\/files.sunoresearch.com.br\/n\/uploads\/2021\/11\/antenna-gf70333f7d_1920.jpg\" \/>\n\t<meta property=\"og:image:width\" content=\"1280\" \/>\n\t<meta property=\"og:image:height\" content=\"1920\" \/>\n\t<meta property=\"og:image:type\" content=\"image\/jpeg\" \/>\n<meta name=\"author\" content=\"Poliana Santos\" \/>\n<meta name=\"twitter:card\" content=\"summary_large_image\" \/>\n<meta name=\"twitter:creator\" content=\"@sunoresearch\" \/>\n<meta name=\"twitter:site\" content=\"@sunoresearch\" \/>\n<meta name=\"twitter:label1\" content=\"Escrito por\" \/>\n\t<meta name=\"twitter:data1\" content=\"Poliana Santos\" \/>\n\t<meta name=\"twitter:label2\" content=\"Est. tempo de leitura\" \/>\n\t<meta name=\"twitter:data2\" content=\"3 minutos\" \/>\n<script type=\"application\/ld+json\" class=\"yoast-schema-graph\">{\"@context\":\"https:\/\/schema.org\",\"@graph\":[{\"@type\":\"NewsArticle\",\"@id\":\"https:\/\/www.suno.com.br\/noticias\/kkr-e-cvc-capital-partners-avaliam-oferta-conjunta-por-telecom-italia\/#article\",\"isPartOf\":{\"@id\":\"https:\/\/www.suno.com.br\/noticias\/kkr-e-cvc-capital-partners-avaliam-oferta-conjunta-por-telecom-italia\/\"},\"author\":{\"name\":\"Poliana Santos\",\"@id\":\"https:\/\/www.suno.com.br\/noticias\/#\/schema\/person\/02ec1f752758247878a2bf4abee1aeda\"},\"headline\":\"KKR e CVC Capital Partners avaliam oferta conjunta por Telecom It\u00e1lia\",\"datePublished\":\"2021-11-26T19:16:18+00:00\",\"mainEntityOfPage\":{\"@id\":\"https:\/\/www.suno.com.br\/noticias\/kkr-e-cvc-capital-partners-avaliam-oferta-conjunta-por-telecom-italia\/\"},\"wordCount\":508,\"publisher\":{\"@id\":\"https:\/\/www.suno.com.br\/noticias\/#organization\"},\"image\":{\"@id\":\"https:\/\/www.suno.com.br\/noticias\/kkr-e-cvc-capital-partners-avaliam-oferta-conjunta-por-telecom-italia\/#primaryimage\"},\"thumbnailUrl\":\"https:\/\/files.sunoresearch.com.br\/n\/uploads\/2021\/11\/antenna-gf70333f7d_1920.jpg\",\"keywords\":[\"TIM (TIMS3)\"],\"articleSection\":[\"Neg\u00f3cios\"],\"inLanguage\":\"pt-BR\"},{\"@type\":\"WebPage\",\"@id\":\"https:\/\/www.suno.com.br\/noticias\/kkr-e-cvc-capital-partners-avaliam-oferta-conjunta-por-telecom-italia\/\",\"url\":\"https:\/\/www.suno.com.br\/noticias\/kkr-e-cvc-capital-partners-avaliam-oferta-conjunta-por-telecom-italia\/\",\"name\":\"KKR e CVC Capital Partners avaliam oferta conjunta por Telecom It\u00e1lia\",\"isPartOf\":{\"@id\":\"https:\/\/www.suno.com.br\/noticias\/#website\"},\"primaryImageOfPage\":{\"@id\":\"https:\/\/www.suno.com.br\/noticias\/kkr-e-cvc-capital-partners-avaliam-oferta-conjunta-por-telecom-italia\/#primaryimage\"},\"image\":{\"@id\":\"https:\/\/www.suno.com.br\/noticias\/kkr-e-cvc-capital-partners-avaliam-oferta-conjunta-por-telecom-italia\/#primaryimage\"},\"thumbnailUrl\":\"https:\/\/files.sunoresearch.com.br\/n\/uploads\/2021\/11\/antenna-gf70333f7d_1920.jpg\",\"datePublished\":\"2021-11-26T19:16:18+00:00\",\"description\":\"A medida ainda est\u00e1 sendo discutido pela KKR e CVC e n\u00e3o h\u00e1 certeza de que elas ir\u00e3o fazer uma oferta em conjunta.\u00a0Clique aqui e saiba mais\",\"breadcrumb\":{\"@id\":\"https:\/\/www.suno.com.br\/noticias\/kkr-e-cvc-capital-partners-avaliam-oferta-conjunta-por-telecom-italia\/#breadcrumb\"},\"inLanguage\":\"pt-BR\",\"potentialAction\":[{\"@type\":\"ReadAction\",\"target\":[\"https:\/\/www.suno.com.br\/noticias\/kkr-e-cvc-capital-partners-avaliam-oferta-conjunta-por-telecom-italia\/\"]}]},{\"@type\":\"ImageObject\",\"inLanguage\":\"pt-BR\",\"@id\":\"https:\/\/www.suno.com.br\/noticias\/kkr-e-cvc-capital-partners-avaliam-oferta-conjunta-por-telecom-italia\/#primaryimage\",\"url\":\"https:\/\/files.sunoresearch.com.br\/n\/uploads\/2021\/11\/antenna-gf70333f7d_1920.jpg\",\"contentUrl\":\"https:\/\/files.sunoresearch.com.br\/n\/uploads\/2021\/11\/antenna-gf70333f7d_1920.jpg\",\"width\":1280,\"height\":1920,\"caption\":\"KKR estuda realizar oferta em conjunta com CVC pela Telecom. Foto: Pixabay\"},{\"@type\":\"BreadcrumbList\",\"@id\":\"https:\/\/www.suno.com.br\/noticias\/kkr-e-cvc-capital-partners-avaliam-oferta-conjunta-por-telecom-italia\/#breadcrumb\",\"itemListElement\":[{\"@type\":\"ListItem\",\"position\":1,\"name\":\"Not\u00edcias\",\"item\":\"https:\/\/www.suno.com.br\/noticias\/\"},{\"@type\":\"ListItem\",\"position\":2,\"name\":\"Neg\u00f3cios\",\"item\":\"https:\/\/www.suno.com.br\/noticias\/negocios\/\"},{\"@type\":\"ListItem\",\"position\":3,\"name\":\"KKR e CVC Capital Partners avaliam oferta conjunta por Telecom It\u00e1lia\"}]},{\"@type\":\"WebSite\",\"@id\":\"https:\/\/www.suno.com.br\/noticias\/#website\",\"url\":\"https:\/\/www.suno.com.br\/noticias\/\",\"name\":\"Suno Not\u00edcias\",\"description\":\"Seu portal de informa\u00e7\u00e3o sobre o mundo dos investimentos\",\"publisher\":{\"@id\":\"https:\/\/www.suno.com.br\/noticias\/#organization\"},\"potentialAction\":[{\"@type\":\"SearchAction\",\"target\":{\"@type\":\"EntryPoint\",\"urlTemplate\":\"https:\/\/www.suno.com.br\/noticias\/?s={search_term_string}\"},\"query-input\":{\"@type\":\"PropertyValueSpecification\",\"valueRequired\":true,\"valueName\":\"search_term_string\"}}],\"inLanguage\":\"pt-BR\"},{\"@type\":\"Organization\",\"@id\":\"https:\/\/www.suno.com.br\/noticias\/#organization\",\"name\":\"Suno Not\u00edcias\",\"url\":\"https:\/\/www.suno.com.br\/noticias\/\",\"logo\":{\"@type\":\"ImageObject\",\"inLanguage\":\"pt-BR\",\"@id\":\"https:\/\/www.suno.com.br\/noticias\/#\/schema\/logo\/image\/\",\"url\":\"https:\/\/files.sunoresearch.com.br\/n\/uploads\/2021\/09\/suno-logo.png\",\"contentUrl\":\"https:\/\/files.sunoresearch.com.br\/n\/uploads\/2021\/09\/suno-logo.png\",\"width\":180,\"height\":180,\"caption\":\"Suno Not\u00edcias\"},\"image\":{\"@id\":\"https:\/\/www.suno.com.br\/noticias\/#\/schema\/logo\/image\/\"},\"sameAs\":[\"https:\/\/facebook.com\/sunoresearch\",\"https:\/\/x.com\/sunoresearch\",\"https:\/\/www.instagram.com\/suno\",\"https:\/\/www.linkedin.com\/company\/suno-research\/\",\"https:\/\/www.youtube.com\/c\/sunoresearch\"]},{\"@type\":\"Person\",\"@id\":\"https:\/\/www.suno.com.br\/noticias\/#\/schema\/person\/02ec1f752758247878a2bf4abee1aeda\",\"name\":\"Poliana Santos\",\"image\":{\"@type\":\"ImageObject\",\"inLanguage\":\"pt-BR\",\"@id\":\"https:\/\/www.suno.com.br\/noticias\/#\/schema\/person\/image\/\",\"url\":\"https:\/\/secure.gravatar.com\/avatar\/0645bd32f23d87b2130f2b2dff1d3f8d?s=96&r=g\",\"contentUrl\":\"https:\/\/secure.gravatar.com\/avatar\/0645bd32f23d87b2130f2b2dff1d3f8d?s=96&r=g\",\"caption\":\"Poliana Santos\"},\"description\":\"Rep\u00f3rter no Suno Not\u00edcias, com cobertura em mercado financeiro, economia, finan\u00e7as pessoais, renda fixa e varejo. Jornalista formada pela Faculdade C\u00e1sper L\u00edbero e possui passagem na R\u00e1dio Gazeta AM com a produ\u00e7\u00e3o de conte\u00fado sobre economia, pol\u00edtica, sa\u00fade, moda e m\u00fasica. Possui certificado de conclus\u00e3o do curso de An\u00e1lise de Balan\u00e7os pela Funda\u00e7\u00e3o Bradesco, Agenda Brasil pela FAAP, Educa\u00e7\u00e3o Pol\u00edtica por Alexandre Garcia e do Tesouro Direto e Mercado de A\u00e7\u00f5es pela B3.\",\"url\":\"https:\/\/www.suno.com.br\/noticias\/author\/poliana-santos\/\"}]}<\/script>\n<!-- \/ Yoast SEO plugin. -->","yoast_head_json":{"title":"KKR e CVC Capital Partners avaliam oferta conjunta por Telecom It\u00e1lia","description":"A medida ainda est\u00e1 sendo discutido pela KKR e CVC e n\u00e3o h\u00e1 certeza de que elas ir\u00e3o fazer uma oferta em conjunta.\u00a0Clique aqui e saiba mais","robots":{"index":"index","follow":"follow","max-snippet":"max-snippet:-1","max-image-preview":"max-image-preview:large","max-video-preview":"max-video-preview:-1"},"canonical":"https:\/\/www.suno.com.br\/noticias\/kkr-e-cvc-capital-partners-avaliam-oferta-conjunta-por-telecom-italia\/","og_locale":"pt_BR","og_type":"article","og_title":"KKR e CVC Capital Partners avaliam oferta conjunta por Telecom It\u00e1lia","og_description":"A medida ainda est\u00e1 sendo discutido pela KKR e CVC e n\u00e3o h\u00e1 certeza de que elas ir\u00e3o fazer uma oferta em conjunta.\u00a0Clique aqui e saiba mais","og_url":"https:\/\/www.suno.com.br\/noticias\/kkr-e-cvc-capital-partners-avaliam-oferta-conjunta-por-telecom-italia\/","og_site_name":"Suno Not\u00edcias","article_publisher":"https:\/\/facebook.com\/sunoresearch","og_image":[{"width":1280,"height":1920,"url":"https:\/\/files.sunoresearch.com.br\/n\/uploads\/2021\/11\/antenna-gf70333f7d_1920.jpg","type":"image\/jpeg"}],"author":"Poliana Santos","twitter_card":"summary_large_image","twitter_creator":"@sunoresearch","twitter_site":"@sunoresearch","twitter_misc":{"Escrito por":"Poliana Santos","Est. tempo de leitura":"3 minutos"},"schema":{"@context":"https:\/\/schema.org","@graph":[{"@type":"NewsArticle","@id":"https:\/\/www.suno.com.br\/noticias\/kkr-e-cvc-capital-partners-avaliam-oferta-conjunta-por-telecom-italia\/#article","isPartOf":{"@id":"https:\/\/www.suno.com.br\/noticias\/kkr-e-cvc-capital-partners-avaliam-oferta-conjunta-por-telecom-italia\/"},"author":{"name":"Poliana Santos","@id":"https:\/\/www.suno.com.br\/noticias\/#\/schema\/person\/02ec1f752758247878a2bf4abee1aeda"},"headline":"KKR e CVC Capital Partners avaliam oferta conjunta por Telecom It\u00e1lia","datePublished":"2021-11-26T19:16:18+00:00","mainEntityOfPage":{"@id":"https:\/\/www.suno.com.br\/noticias\/kkr-e-cvc-capital-partners-avaliam-oferta-conjunta-por-telecom-italia\/"},"wordCount":508,"publisher":{"@id":"https:\/\/www.suno.com.br\/noticias\/#organization"},"image":{"@id":"https:\/\/www.suno.com.br\/noticias\/kkr-e-cvc-capital-partners-avaliam-oferta-conjunta-por-telecom-italia\/#primaryimage"},"thumbnailUrl":"https:\/\/files.sunoresearch.com.br\/n\/uploads\/2021\/11\/antenna-gf70333f7d_1920.jpg","keywords":["TIM (TIMS3)"],"articleSection":["Neg\u00f3cios"],"inLanguage":"pt-BR"},{"@type":"WebPage","@id":"https:\/\/www.suno.com.br\/noticias\/kkr-e-cvc-capital-partners-avaliam-oferta-conjunta-por-telecom-italia\/","url":"https:\/\/www.suno.com.br\/noticias\/kkr-e-cvc-capital-partners-avaliam-oferta-conjunta-por-telecom-italia\/","name":"KKR e CVC Capital Partners avaliam oferta conjunta por Telecom It\u00e1lia","isPartOf":{"@id":"https:\/\/www.suno.com.br\/noticias\/#website"},"primaryImageOfPage":{"@id":"https:\/\/www.suno.com.br\/noticias\/kkr-e-cvc-capital-partners-avaliam-oferta-conjunta-por-telecom-italia\/#primaryimage"},"image":{"@id":"https:\/\/www.suno.com.br\/noticias\/kkr-e-cvc-capital-partners-avaliam-oferta-conjunta-por-telecom-italia\/#primaryimage"},"thumbnailUrl":"https:\/\/files.sunoresearch.com.br\/n\/uploads\/2021\/11\/antenna-gf70333f7d_1920.jpg","datePublished":"2021-11-26T19:16:18+00:00","description":"A medida ainda est\u00e1 sendo discutido pela KKR e CVC e n\u00e3o h\u00e1 certeza de que elas ir\u00e3o fazer uma oferta em conjunta.\u00a0Clique aqui e saiba mais","breadcrumb":{"@id":"https:\/\/www.suno.com.br\/noticias\/kkr-e-cvc-capital-partners-avaliam-oferta-conjunta-por-telecom-italia\/#breadcrumb"},"inLanguage":"pt-BR","potentialAction":[{"@type":"ReadAction","target":["https:\/\/www.suno.com.br\/noticias\/kkr-e-cvc-capital-partners-avaliam-oferta-conjunta-por-telecom-italia\/"]}]},{"@type":"ImageObject","inLanguage":"pt-BR","@id":"https:\/\/www.suno.com.br\/noticias\/kkr-e-cvc-capital-partners-avaliam-oferta-conjunta-por-telecom-italia\/#primaryimage","url":"https:\/\/files.sunoresearch.com.br\/n\/uploads\/2021\/11\/antenna-gf70333f7d_1920.jpg","contentUrl":"https:\/\/files.sunoresearch.com.br\/n\/uploads\/2021\/11\/antenna-gf70333f7d_1920.jpg","width":1280,"height":1920,"caption":"KKR estuda realizar oferta em conjunta com CVC pela Telecom. Foto: Pixabay"},{"@type":"BreadcrumbList","@id":"https:\/\/www.suno.com.br\/noticias\/kkr-e-cvc-capital-partners-avaliam-oferta-conjunta-por-telecom-italia\/#breadcrumb","itemListElement":[{"@type":"ListItem","position":1,"name":"Not\u00edcias","item":"https:\/\/www.suno.com.br\/noticias\/"},{"@type":"ListItem","position":2,"name":"Neg\u00f3cios","item":"https:\/\/www.suno.com.br\/noticias\/negocios\/"},{"@type":"ListItem","position":3,"name":"KKR e CVC Capital Partners avaliam oferta conjunta por Telecom It\u00e1lia"}]},{"@type":"WebSite","@id":"https:\/\/www.suno.com.br\/noticias\/#website","url":"https:\/\/www.suno.com.br\/noticias\/","name":"Suno Not\u00edcias","description":"Seu portal de informa\u00e7\u00e3o sobre o mundo dos investimentos","publisher":{"@id":"https:\/\/www.suno.com.br\/noticias\/#organization"},"potentialAction":[{"@type":"SearchAction","target":{"@type":"EntryPoint","urlTemplate":"https:\/\/www.suno.com.br\/noticias\/?s={search_term_string}"},"query-input":{"@type":"PropertyValueSpecification","valueRequired":true,"valueName":"search_term_string"}}],"inLanguage":"pt-BR"},{"@type":"Organization","@id":"https:\/\/www.suno.com.br\/noticias\/#organization","name":"Suno Not\u00edcias","url":"https:\/\/www.suno.com.br\/noticias\/","logo":{"@type":"ImageObject","inLanguage":"pt-BR","@id":"https:\/\/www.suno.com.br\/noticias\/#\/schema\/logo\/image\/","url":"https:\/\/files.sunoresearch.com.br\/n\/uploads\/2021\/09\/suno-logo.png","contentUrl":"https:\/\/files.sunoresearch.com.br\/n\/uploads\/2021\/09\/suno-logo.png","width":180,"height":180,"caption":"Suno Not\u00edcias"},"image":{"@id":"https:\/\/www.suno.com.br\/noticias\/#\/schema\/logo\/image\/"},"sameAs":["https:\/\/facebook.com\/sunoresearch","https:\/\/x.com\/sunoresearch","https:\/\/www.instagram.com\/suno","https:\/\/www.linkedin.com\/company\/suno-research\/","https:\/\/www.youtube.com\/c\/sunoresearch"]},{"@type":"Person","@id":"https:\/\/www.suno.com.br\/noticias\/#\/schema\/person\/02ec1f752758247878a2bf4abee1aeda","name":"Poliana Santos","image":{"@type":"ImageObject","inLanguage":"pt-BR","@id":"https:\/\/www.suno.com.br\/noticias\/#\/schema\/person\/image\/","url":"https:\/\/secure.gravatar.com\/avatar\/0645bd32f23d87b2130f2b2dff1d3f8d?s=96&r=g","contentUrl":"https:\/\/secure.gravatar.com\/avatar\/0645bd32f23d87b2130f2b2dff1d3f8d?s=96&r=g","caption":"Poliana Santos"},"description":"Rep\u00f3rter no Suno Not\u00edcias, com cobertura em mercado financeiro, economia, finan\u00e7as pessoais, renda fixa e varejo. Jornalista formada pela Faculdade C\u00e1sper L\u00edbero e possui passagem na R\u00e1dio Gazeta AM com a produ\u00e7\u00e3o de conte\u00fado sobre economia, pol\u00edtica, sa\u00fade, moda e m\u00fasica. Possui certificado de conclus\u00e3o do curso de An\u00e1lise de Balan\u00e7os pela Funda\u00e7\u00e3o Bradesco, Agenda Brasil pela FAAP, Educa\u00e7\u00e3o Pol\u00edtica por Alexandre Garcia e do Tesouro Direto e Mercado de A\u00e7\u00f5es pela B3.","url":"https:\/\/www.suno.com.br\/noticias\/author\/poliana-santos\/"}]}},"default_loop_html":"<div class=\"cardsPage__listCard__boxs\"><div class=\"cardsPage__listCard__boxs__img\"><a href=\"https:\/\/www.suno.com.br\/noticias\/kkr-e-cvc-capital-partners-avaliam-oferta-conjunta-por-telecom-italia\/\"><img class=\"mask\" src=\"https:\/\/www.suno.com.br\/noticias\/wp-content\/themes\/suno\/resources\/images\/spotlight\/spotlight1img\/bg-mask.png\" alt=\"Image Mask\"\/><img src=\"https:\/\/files.sunoresearch.com.br\/n\/uploads\/2021\/11\/antenna-gf70333f7d_1920-400x200.jpg\" alt=\"KKR e CVC Capital Partners avaliam oferta conjunta por Telecom It\u00e1lia\"\/><\/a><span class=\"spotlightCategory\"><a href=\"https:\/\/www.suno.com.br\/noticias\/negocios\/\">Neg\u00f3cios<\/a><\/span><\/div><div class=\"cardsPage__listCard__boxs__content\"><a href=\"https:\/\/www.suno.com.br\/noticias\/kkr-e-cvc-capital-partners-avaliam-oferta-conjunta-por-telecom-italia\/\"><h2 class=\"content__title\">KKR e CVC Capital Partners avaliam oferta conjunta por Telecom It\u00e1lia<\/h2><\/a><div class=\"newsContent__article__meta\"><div class=\"newsContent__article__meta__authorBox\"><a href=\"https:\/\/www.suno.com.br\/noticias\/author\/poliana-santos\/\" class=\"authorBox__avatar noMobi\"><img src=\"https:\/\/files.sunoresearch.com.br\/n\/uploads\/2020\/08\/7ef34026-whatsapp-image-2020-08-03-at-12.37.57-150x150.webp\" alt=\"Poliana Santos\"><\/a><div class=\"authorBox__name\"><span>por\n\t\t\t<a href=\"https:\/\/www.suno.com.br\/noticias\/author\/poliana-santos\/\"><span itemprop=\"author\">Poliana Santos<\/span><\/a><\/span><time datetime=\"2021-11-26T16:16:18-03:00\" itemprop=\"datePublished\">26\/11\/2021 16:16<\/time><\/div><\/div><\/div><\/div><\/div>","single_layout":"posts","amp_enabled":true,"_links":{"self":[{"href":"https:\/\/www.suno.com.br\/noticias\/wp-json\/wp\/v2\/posts\/209285"}],"collection":[{"href":"https:\/\/www.suno.com.br\/noticias\/wp-json\/wp\/v2\/posts"}],"about":[{"href":"https:\/\/www.suno.com.br\/noticias\/wp-json\/wp\/v2\/types\/post"}],"author":[{"embeddable":true,"href":"https:\/\/www.suno.com.br\/noticias\/wp-json\/wp\/v2\/users\/15"}],"replies":[{"embeddable":true,"href":"https:\/\/www.suno.com.br\/noticias\/wp-json\/wp\/v2\/comments?post=209285"}],"version-history":[{"count":3,"href":"https:\/\/www.suno.com.br\/noticias\/wp-json\/wp\/v2\/posts\/209285\/revisions"}],"predecessor-version":[{"id":209329,"href":"https:\/\/www.suno.com.br\/noticias\/wp-json\/wp\/v2\/posts\/209285\/revisions\/209329"}],"wp:featuredmedia":[{"embeddable":true,"href":"https:\/\/www.suno.com.br\/noticias\/wp-json\/wp\/v2\/media\/209308"}],"wp:attachment":[{"href":"https:\/\/www.suno.com.br\/noticias\/wp-json\/wp\/v2\/media?parent=209285"}],"wp:term":[{"taxonomy":"category","embeddable":true,"href":"https:\/\/www.suno.com.br\/noticias\/wp-json\/wp\/v2\/categories?post=209285"},{"taxonomy":"post_tag","embeddable":true,"href":"https:\/\/www.suno.com.br\/noticias\/wp-json\/wp\/v2\/tags?post=209285"},{"taxonomy":"suno_strategy","embeddable":true,"href":"https:\/\/www.suno.com.br\/noticias\/wp-json\/wp\/v2\/suno_strategy?post=209285"}],"curies":[{"name":"wp","href":"https:\/\/api.w.org\/{rel}","templated":true}]}}