{"id":20928,"date":"2019-04-14T14:17:15","date_gmt":"2019-04-14T17:17:15","guid":{"rendered":"https:\/\/www.suno.com.br\/noticias\/?p=20928"},"modified":"2019-04-14T14:17:15","modified_gmt":"2019-04-14T17:17:15","slug":"greve-dos-caminhoneiros-igual-pior-greve","status":"publish","type":"post","link":"https:\/\/www.suno.com.br\/noticias\/greve-dos-caminhoneiros-igual-pior-greve\/","title":{"rendered":"Greve dos caminhoneiros: &#8220;est\u00e1vamos igual ou at\u00e9 pior que na \u00e9poca anterior \u00e0 greve&#8221;, diz lideran\u00e7a"},"content":{"rendered":"<p>O presidente da Cooperativa dos Transportadores Aut\u00f4nomos do Brasil (BrasCoop), Wallace Ladim, disse em entrevista ao &#8220;El Pais&#8221; que a situa\u00e7\u00e3o da categoria \u00e9 igual ou at\u00e9 pior do que no per\u00edodo da greve dos caminhoneiros.<\/p>\t<div class=\"wrapper-featured-image\">\n\t\t<figure class=\"spotlightImg\">\n\n\t\t\t<picture>\n\t\t\t\t<source media=\"(max-width: 768px)\" srcset=\"https:\/\/files.sunoresearch.com.br\/n\/uploads\/2018\/12\/25c967a8-greve-do-caminhoneiros-400x200.webp\">\n\t\t\t\t<img loading=\"lazy\" decoding=\"async\" class=\"newsContent__article__imgCapa lazyloadDisabled newsContent__article__imgCapa--noCaption\" src=\"https:\/\/files.sunoresearch.com.br\/n\/uploads\/2018\/12\/25c967a8-greve-do-caminhoneiros-800x450.webp\" width=\"800\" height=\"450\" alt=\"Greve dos caminhoneiros: &#8220;est\u00e1vamos igual ou at\u00e9 pior que na \u00e9poca anterior \u00e0 greve&#8221;, diz lideran\u00e7a\" fetchpriority=high \/>\n\t\t\t<\/picture>\n\n\t\t\t<figcaption class=\"wp-caption-text wp-caption-text--hide\">Greve do caminhoneiros<\/figcaption>\n\t\t<\/figure>\n\t<\/div>\n\n\n<p>\u201cEstamos sufocados e vem essa quest\u00e3o de aumento de <strong>diesel<\/strong> e gera esse transtorno. Continuamos apoiando o presidente porque ele est\u00e1 em prol da categoria, mas, se em algum momento formos prejudicados e se for necess\u00e1rio uma <strong>paralisa\u00e7\u00e3o<\/strong>, eu serei o primeiro a chamar\u201d, destaca. Para a lideran\u00e7a, uma nova <strong>greve dos caminhoneiros<\/strong> n\u00e3o est\u00e1 descartada.<\/p>\n<p><a href=\"https:\/\/www.suno.com.br\/noticias\/greve-caminhoneiros-video-bolsonaro\/\">Saiba mais:\u00a0Greve dos caminhoneiros &#8211; v\u00eddeo de Bolsonaro desagrada sindicalistas<\/a><\/p>\n<p>No \u00faltimo m\u00eas, Ladim se reuniu com o <strong>governo<\/strong>. No encontro, tratou das principais reivindica\u00e7\u00f5es dos caminhoneiros. Entre elas a falta de cumprimento da tabela do frete.<\/p>\n\n<p>&nbsp;<\/p>\n<p>&#8220;H\u00e1 um m\u00eas, estive em uma reuni\u00e3o direta com o<strong> ministro da Casa Civil<\/strong>, <strong>Onyx Lorenzoni<\/strong>, onde fomos falar sobre o pre\u00e7o do diesel e tamb\u00e9m do piso m\u00ednimo do frete que n\u00e3o est\u00e1 sendo fiscalizado. Do jeito que estava subindo o <strong>combust\u00edvel<\/strong> todo dia, est\u00e1vamos igual ou at\u00e9 pior que na \u00e9poca anterior \u00e0 <strong>greve<\/strong>. A situa\u00e7\u00e3o n\u00e3o foi resolvida, mas eles sinalizaram que estavam tentando resolver o problema. N\u00f3s nunca tivemos um di\u00e1logo desse em nenhum outro governo, essa porta aberta\u201d, indica.<\/p>\n<h2>Duas reivindica\u00e7\u00f5es<\/h2>\n<p>Entre as <strong>reivindica\u00e7\u00f5es<\/strong> da categoria, est\u00e3o o respeito do pre\u00e7o m\u00ednimo da <strong>tabela de frete<\/strong> e a redu\u00e7\u00e3o do pre\u00e7o do <strong>\u00f3leo diesel.<\/strong><\/p>\n<p>Os <strong>caminhoneiros<\/strong> reclamam que as empresas estariam descumprindo o pagamento do valor m\u00ednimo imposto pelo governo. Por isso, cobram uma fiscaliza\u00e7\u00e3o mais ostensiva por parte da <strong>ANTT.<\/strong> Segundo Landim, a ag\u00eancia teria prometido mais a\u00e7\u00f5es e declarado ter feito mais de 400 autua\u00e7\u00f5es contra empresas que violaram a <strong>tabela.<\/strong><\/p>\n<p><a href=\"https:\/\/www.suno.com.br\/noticias\/caminhoneiros-sp-rio\/\">Saiba mais: Caminhoneiros paralisam parcialmente em S\u00e3o Paulo e Rio\u00a0<\/a><\/p>\n\t<p>\n\t\t<a href=\"https:\/\/lp.suno.com.br\/ebook-investindo-em-dividendos\/\" target=\"_blank\" data-element=\"shortcode-suno-banner\" title=\"Banner SUNO, clique e saiba mais\">\n\t\t\t<picture>\n\t\t\t\t<source media=\"(max-width: 500px)\" srcset=\"https:\/\/files.sunoresearch.com.br\/n\/uploads\/2023\/03\/400x300-Dividendos.png\">\n\t\t\t\t<img class=\"newsContent__article__imgCapa newsContent__article__imgCapa--banner\"\n\t\t\t\t\tsrc=\"https:\/\/files.sunoresearch.com.br\/n\/uploads\/2023\/03\/1420x240-Dividendos.png\"\n\t\t\t\t\tdata-promo-id=\"383163\"\t\t\t\t\t\t\t\t\t\twidth='1420' height='240'\t\t\t\t\talt=\"https:\/\/files.sunoresearch.com.br\/n\/uploads\/2023\/03\/1420x240-Dividendos.png\"\n\t\t\t\t>\n\t\t\t<\/picture>\n\t\t<\/a>\n\t<\/p>\n\n\n<p>Al\u00e9m disso, os caminhoneiros pedem que o governo mude o mecanismo de aumento do <strong>pre\u00e7o dos combust\u00edveis<\/strong>. A categoria quer que o reajuste seja feito apenas uma vez por m\u00eas, e n\u00e3o diariamente.\u00a0Segundo o presidente da <strong>BrasCoop<\/strong>, o <strong>Pal\u00e1cio do Planalto<\/strong> tem consci\u00eancia da possibilidade de um<span style=\"font-size: 18.2864px;\">a nova <strong>grev<\/strong><\/span><span style=\"font-size: 1.1429rem;\"><strong>e dos caminhoneiros<\/strong>.\u00a0<\/span><\/p>\n","protected":false},"excerpt":{"rendered":"<p>O presidente da Cooperativa dos Transportadores Aut\u00f4nomos do Brasil (BrasCoop), Wallace Ladim, disse em entrevista ao &#8220;El Pais&#8221; que a situa\u00e7\u00e3o da categoria \u00e9 igual ou at\u00e9 pior do que no per\u00edodo da greve dos caminhoneiros. Greve do caminhoneiros \u201cEstamos sufocados e vem essa quest\u00e3o de aumento de diesel e gera esse transtorno. Continuamos apoiando [&hellip;]<\/p>\n","protected":false},"author":14,"featured_media":8103,"comment_status":"closed","ping_status":"closed","sticky":false,"template":"","format":"standard","meta":[],"categories":[62],"tags":[1192,833,719,939],"suno_strategy":[],"class_list":["post-20928","post","type-post","status-publish","format-standard","has-post-thumbnail","hentry","category-economia","tag-diesel","tag-greve-dos-caminhoneiros","tag-jair-bolsonaro","tag-onyx-lorenzoni"],"yoast_head":"<!-- This site is optimized with the Yoast SEO plugin v24.4 - https:\/\/yoast.com\/wordpress\/plugins\/seo\/ -->\n<title>Greve dos caminhoneiros: &quot;est\u00e1vamos igual ou at\u00e9 pior que na \u00e9poca anterior \u00e0 greve&quot;<\/title>\n<meta name=\"description\" content=\"Uma nova greve dos caminhoneiros n\u00e3o est\u00e1 descartada. O setor reivindica que a tabela de frete seja cumprida. Clique para ler mais.\" \/>\n<meta name=\"robots\" content=\"index, follow, max-snippet:-1, max-image-preview:large, max-video-preview:-1\" \/>\n<link rel=\"canonical\" href=\"https:\/\/www.suno.com.br\/noticias\/greve-dos-caminhoneiros-igual-pior-greve\/\" \/>\n<meta property=\"og:locale\" content=\"pt_BR\" \/>\n<meta property=\"og:type\" content=\"article\" \/>\n<meta property=\"og:title\" content=\"Greve dos caminhoneiros: &quot;est\u00e1vamos igual ou at\u00e9 pior que na \u00e9poca anterior \u00e0 greve&quot;\" \/>\n<meta property=\"og:description\" content=\"Uma nova greve dos caminhoneiros n\u00e3o est\u00e1 descartada. O setor reivindica que a tabela de frete seja cumprida. Clique para ler mais.\" \/>\n<meta property=\"og:url\" content=\"https:\/\/www.suno.com.br\/noticias\/greve-dos-caminhoneiros-igual-pior-greve\/\" \/>\n<meta property=\"og:site_name\" content=\"Suno Not\u00edcias\" \/>\n<meta property=\"article:publisher\" content=\"https:\/\/facebook.com\/sunoresearch\" \/>\n<meta property=\"og:image\" content=\"https:\/\/files.sunoresearch.com.br\/n\/uploads\/2018\/12\/25c967a8-greve-do-caminhoneiros.jpg\" \/>\n\t<meta property=\"og:image:width\" content=\"980\" \/>\n\t<meta property=\"og:image:height\" content=\"670\" \/>\n\t<meta property=\"og:image:type\" content=\"image\/jpeg\" \/>\n<meta name=\"author\" content=\"Renan Dantas\" \/>\n<meta name=\"twitter:card\" content=\"summary_large_image\" \/>\n<meta name=\"twitter:creator\" content=\"@sunoresearch\" \/>\n<meta name=\"twitter:site\" content=\"@sunoresearch\" \/>\n<meta name=\"twitter:label1\" content=\"Escrito por\" \/>\n\t<meta name=\"twitter:data1\" content=\"Renan Dantas\" \/>\n\t<meta name=\"twitter:label2\" content=\"Est. tempo de leitura\" \/>\n\t<meta name=\"twitter:data2\" content=\"2 minutos\" \/>\n<script type=\"application\/ld+json\" class=\"yoast-schema-graph\">{\"@context\":\"https:\/\/schema.org\",\"@graph\":[{\"@type\":\"NewsArticle\",\"@id\":\"https:\/\/www.suno.com.br\/noticias\/greve-dos-caminhoneiros-igual-pior-greve\/#article\",\"isPartOf\":{\"@id\":\"https:\/\/www.suno.com.br\/noticias\/greve-dos-caminhoneiros-igual-pior-greve\/\"},\"author\":{\"name\":\"Renan Dantas\",\"@id\":\"https:\/\/www.suno.com.br\/noticias\/#\/schema\/person\/3f7693d5795a3f6d5ce15309ee785699\"},\"headline\":\"Greve dos caminhoneiros: &#8220;est\u00e1vamos igual ou at\u00e9 pior que na \u00e9poca anterior \u00e0 greve&#8221;, diz lideran\u00e7a\",\"datePublished\":\"2019-04-14T17:17:15+00:00\",\"mainEntityOfPage\":{\"@id\":\"https:\/\/www.suno.com.br\/noticias\/greve-dos-caminhoneiros-igual-pior-greve\/\"},\"wordCount\":414,\"publisher\":{\"@id\":\"https:\/\/www.suno.com.br\/noticias\/#organization\"},\"image\":{\"@id\":\"https:\/\/www.suno.com.br\/noticias\/greve-dos-caminhoneiros-igual-pior-greve\/#primaryimage\"},\"thumbnailUrl\":\"https:\/\/files.sunoresearch.com.br\/n\/uploads\/2018\/12\/25c967a8-greve-do-caminhoneiros.jpg\",\"keywords\":[\"diesel\",\"greve dos caminhoneiros\",\"Jair Bolsonaro\",\"Onyx Lorenzoni\"],\"articleSection\":[\"Economia\"],\"inLanguage\":\"pt-BR\"},{\"@type\":\"WebPage\",\"@id\":\"https:\/\/www.suno.com.br\/noticias\/greve-dos-caminhoneiros-igual-pior-greve\/\",\"url\":\"https:\/\/www.suno.com.br\/noticias\/greve-dos-caminhoneiros-igual-pior-greve\/\",\"name\":\"Greve dos caminhoneiros: \\\"est\u00e1vamos igual ou at\u00e9 pior que na \u00e9poca anterior \u00e0 greve\\\"\",\"isPartOf\":{\"@id\":\"https:\/\/www.suno.com.br\/noticias\/#website\"},\"primaryImageOfPage\":{\"@id\":\"https:\/\/www.suno.com.br\/noticias\/greve-dos-caminhoneiros-igual-pior-greve\/#primaryimage\"},\"image\":{\"@id\":\"https:\/\/www.suno.com.br\/noticias\/greve-dos-caminhoneiros-igual-pior-greve\/#primaryimage\"},\"thumbnailUrl\":\"https:\/\/files.sunoresearch.com.br\/n\/uploads\/2018\/12\/25c967a8-greve-do-caminhoneiros.jpg\",\"datePublished\":\"2019-04-14T17:17:15+00:00\",\"description\":\"Uma nova greve dos caminhoneiros n\u00e3o est\u00e1 descartada. O setor reivindica que a tabela de frete seja cumprida. Clique para ler mais.\",\"breadcrumb\":{\"@id\":\"https:\/\/www.suno.com.br\/noticias\/greve-dos-caminhoneiros-igual-pior-greve\/#breadcrumb\"},\"inLanguage\":\"pt-BR\",\"potentialAction\":[{\"@type\":\"ReadAction\",\"target\":[\"https:\/\/www.suno.com.br\/noticias\/greve-dos-caminhoneiros-igual-pior-greve\/\"]}]},{\"@type\":\"ImageObject\",\"inLanguage\":\"pt-BR\",\"@id\":\"https:\/\/www.suno.com.br\/noticias\/greve-dos-caminhoneiros-igual-pior-greve\/#primaryimage\",\"url\":\"https:\/\/files.sunoresearch.com.br\/n\/uploads\/2018\/12\/25c967a8-greve-do-caminhoneiros.jpg\",\"contentUrl\":\"https:\/\/files.sunoresearch.com.br\/n\/uploads\/2018\/12\/25c967a8-greve-do-caminhoneiros.jpg\",\"width\":980,\"height\":670,\"caption\":\"Greve do caminhoneiros\"},{\"@type\":\"BreadcrumbList\",\"@id\":\"https:\/\/www.suno.com.br\/noticias\/greve-dos-caminhoneiros-igual-pior-greve\/#breadcrumb\",\"itemListElement\":[{\"@type\":\"ListItem\",\"position\":1,\"name\":\"Not\u00edcias\",\"item\":\"https:\/\/www.suno.com.br\/noticias\/\"},{\"@type\":\"ListItem\",\"position\":2,\"name\":\"Economia\",\"item\":\"https:\/\/www.suno.com.br\/noticias\/economia\/\"},{\"@type\":\"ListItem\",\"position\":3,\"name\":\"Greve dos caminhoneiros: &#8220;est\u00e1vamos igual ou at\u00e9 pior que na \u00e9poca anterior \u00e0 greve&#8221;, diz lideran\u00e7a\"}]},{\"@type\":\"WebSite\",\"@id\":\"https:\/\/www.suno.com.br\/noticias\/#website\",\"url\":\"https:\/\/www.suno.com.br\/noticias\/\",\"name\":\"Suno Not\u00edcias\",\"description\":\"Seu portal de informa\u00e7\u00e3o sobre o mundo dos investimentos\",\"publisher\":{\"@id\":\"https:\/\/www.suno.com.br\/noticias\/#organization\"},\"potentialAction\":[{\"@type\":\"SearchAction\",\"target\":{\"@type\":\"EntryPoint\",\"urlTemplate\":\"https:\/\/www.suno.com.br\/noticias\/?s={search_term_string}\"},\"query-input\":{\"@type\":\"PropertyValueSpecification\",\"valueRequired\":true,\"valueName\":\"search_term_string\"}}],\"inLanguage\":\"pt-BR\"},{\"@type\":\"Organization\",\"@id\":\"https:\/\/www.suno.com.br\/noticias\/#organization\",\"name\":\"Suno Not\u00edcias\",\"url\":\"https:\/\/www.suno.com.br\/noticias\/\",\"logo\":{\"@type\":\"ImageObject\",\"inLanguage\":\"pt-BR\",\"@id\":\"https:\/\/www.suno.com.br\/noticias\/#\/schema\/logo\/image\/\",\"url\":\"https:\/\/files.sunoresearch.com.br\/n\/uploads\/2021\/09\/suno-logo.png\",\"contentUrl\":\"https:\/\/files.sunoresearch.com.br\/n\/uploads\/2021\/09\/suno-logo.png\",\"width\":180,\"height\":180,\"caption\":\"Suno Not\u00edcias\"},\"image\":{\"@id\":\"https:\/\/www.suno.com.br\/noticias\/#\/schema\/logo\/image\/\"},\"sameAs\":[\"https:\/\/facebook.com\/sunoresearch\",\"https:\/\/x.com\/sunoresearch\",\"https:\/\/www.instagram.com\/suno\",\"https:\/\/www.linkedin.com\/company\/suno-research\/\",\"https:\/\/www.youtube.com\/c\/sunoresearch\"]},{\"@type\":\"Person\",\"@id\":\"https:\/\/www.suno.com.br\/noticias\/#\/schema\/person\/3f7693d5795a3f6d5ce15309ee785699\",\"name\":\"Renan Dantas\",\"image\":{\"@type\":\"ImageObject\",\"inLanguage\":\"pt-BR\",\"@id\":\"https:\/\/www.suno.com.br\/noticias\/#\/schema\/person\/image\/\",\"url\":\"https:\/\/secure.gravatar.com\/avatar\/1787b83e7484a08e51d62ac8b41c8396?s=96&r=g\",\"contentUrl\":\"https:\/\/secure.gravatar.com\/avatar\/1787b83e7484a08e51d62ac8b41c8396?s=96&r=g\",\"caption\":\"Renan Dantas\"},\"description\":\"Escreve sobre pol\u00edtica e mercado financeiro para o portal Suno Not\u00edcias. Antes, atuou na assessoria de comunica\u00e7\u00e3o do Minist\u00e9rio P\u00fablico do Trabalho e na R\u00e1dio Mackenzie, onde apresentava e produzia um programa sobre artistas da m\u00fasica brasileira. \u00c9 estudante na Universidade Presbiteriana Mackenzie.\",\"url\":\"https:\/\/www.suno.com.br\/noticias\/author\/renan-dantas\/\"}]}<\/script>\n<!-- \/ Yoast SEO plugin. -->","yoast_head_json":{"title":"Greve dos caminhoneiros: \"est\u00e1vamos igual ou at\u00e9 pior que na \u00e9poca anterior \u00e0 greve\"","description":"Uma nova greve dos caminhoneiros n\u00e3o est\u00e1 descartada. O setor reivindica que a tabela de frete seja cumprida. Clique para ler mais.","robots":{"index":"index","follow":"follow","max-snippet":"max-snippet:-1","max-image-preview":"max-image-preview:large","max-video-preview":"max-video-preview:-1"},"canonical":"https:\/\/www.suno.com.br\/noticias\/greve-dos-caminhoneiros-igual-pior-greve\/","og_locale":"pt_BR","og_type":"article","og_title":"Greve dos caminhoneiros: \"est\u00e1vamos igual ou at\u00e9 pior que na \u00e9poca anterior \u00e0 greve\"","og_description":"Uma nova greve dos caminhoneiros n\u00e3o est\u00e1 descartada. O setor reivindica que a tabela de frete seja cumprida. Clique para ler mais.","og_url":"https:\/\/www.suno.com.br\/noticias\/greve-dos-caminhoneiros-igual-pior-greve\/","og_site_name":"Suno Not\u00edcias","article_publisher":"https:\/\/facebook.com\/sunoresearch","og_image":[{"width":980,"height":670,"url":"https:\/\/files.sunoresearch.com.br\/n\/uploads\/2018\/12\/25c967a8-greve-do-caminhoneiros.jpg","type":"image\/jpeg"}],"author":"Renan Dantas","twitter_card":"summary_large_image","twitter_creator":"@sunoresearch","twitter_site":"@sunoresearch","twitter_misc":{"Escrito por":"Renan Dantas","Est. tempo de leitura":"2 minutos"},"schema":{"@context":"https:\/\/schema.org","@graph":[{"@type":"NewsArticle","@id":"https:\/\/www.suno.com.br\/noticias\/greve-dos-caminhoneiros-igual-pior-greve\/#article","isPartOf":{"@id":"https:\/\/www.suno.com.br\/noticias\/greve-dos-caminhoneiros-igual-pior-greve\/"},"author":{"name":"Renan Dantas","@id":"https:\/\/www.suno.com.br\/noticias\/#\/schema\/person\/3f7693d5795a3f6d5ce15309ee785699"},"headline":"Greve dos caminhoneiros: &#8220;est\u00e1vamos igual ou at\u00e9 pior que na \u00e9poca anterior \u00e0 greve&#8221;, diz lideran\u00e7a","datePublished":"2019-04-14T17:17:15+00:00","mainEntityOfPage":{"@id":"https:\/\/www.suno.com.br\/noticias\/greve-dos-caminhoneiros-igual-pior-greve\/"},"wordCount":414,"publisher":{"@id":"https:\/\/www.suno.com.br\/noticias\/#organization"},"image":{"@id":"https:\/\/www.suno.com.br\/noticias\/greve-dos-caminhoneiros-igual-pior-greve\/#primaryimage"},"thumbnailUrl":"https:\/\/files.sunoresearch.com.br\/n\/uploads\/2018\/12\/25c967a8-greve-do-caminhoneiros.jpg","keywords":["diesel","greve dos caminhoneiros","Jair Bolsonaro","Onyx Lorenzoni"],"articleSection":["Economia"],"inLanguage":"pt-BR"},{"@type":"WebPage","@id":"https:\/\/www.suno.com.br\/noticias\/greve-dos-caminhoneiros-igual-pior-greve\/","url":"https:\/\/www.suno.com.br\/noticias\/greve-dos-caminhoneiros-igual-pior-greve\/","name":"Greve dos caminhoneiros: \"est\u00e1vamos igual ou at\u00e9 pior que na \u00e9poca anterior \u00e0 greve\"","isPartOf":{"@id":"https:\/\/www.suno.com.br\/noticias\/#website"},"primaryImageOfPage":{"@id":"https:\/\/www.suno.com.br\/noticias\/greve-dos-caminhoneiros-igual-pior-greve\/#primaryimage"},"image":{"@id":"https:\/\/www.suno.com.br\/noticias\/greve-dos-caminhoneiros-igual-pior-greve\/#primaryimage"},"thumbnailUrl":"https:\/\/files.sunoresearch.com.br\/n\/uploads\/2018\/12\/25c967a8-greve-do-caminhoneiros.jpg","datePublished":"2019-04-14T17:17:15+00:00","description":"Uma nova greve dos caminhoneiros n\u00e3o est\u00e1 descartada. O setor reivindica que a tabela de frete seja cumprida. Clique para ler mais.","breadcrumb":{"@id":"https:\/\/www.suno.com.br\/noticias\/greve-dos-caminhoneiros-igual-pior-greve\/#breadcrumb"},"inLanguage":"pt-BR","potentialAction":[{"@type":"ReadAction","target":["https:\/\/www.suno.com.br\/noticias\/greve-dos-caminhoneiros-igual-pior-greve\/"]}]},{"@type":"ImageObject","inLanguage":"pt-BR","@id":"https:\/\/www.suno.com.br\/noticias\/greve-dos-caminhoneiros-igual-pior-greve\/#primaryimage","url":"https:\/\/files.sunoresearch.com.br\/n\/uploads\/2018\/12\/25c967a8-greve-do-caminhoneiros.jpg","contentUrl":"https:\/\/files.sunoresearch.com.br\/n\/uploads\/2018\/12\/25c967a8-greve-do-caminhoneiros.jpg","width":980,"height":670,"caption":"Greve do caminhoneiros"},{"@type":"BreadcrumbList","@id":"https:\/\/www.suno.com.br\/noticias\/greve-dos-caminhoneiros-igual-pior-greve\/#breadcrumb","itemListElement":[{"@type":"ListItem","position":1,"name":"Not\u00edcias","item":"https:\/\/www.suno.com.br\/noticias\/"},{"@type":"ListItem","position":2,"name":"Economia","item":"https:\/\/www.suno.com.br\/noticias\/economia\/"},{"@type":"ListItem","position":3,"name":"Greve dos caminhoneiros: &#8220;est\u00e1vamos igual ou at\u00e9 pior que na \u00e9poca anterior \u00e0 greve&#8221;, diz lideran\u00e7a"}]},{"@type":"WebSite","@id":"https:\/\/www.suno.com.br\/noticias\/#website","url":"https:\/\/www.suno.com.br\/noticias\/","name":"Suno Not\u00edcias","description":"Seu portal de informa\u00e7\u00e3o sobre o mundo dos investimentos","publisher":{"@id":"https:\/\/www.suno.com.br\/noticias\/#organization"},"potentialAction":[{"@type":"SearchAction","target":{"@type":"EntryPoint","urlTemplate":"https:\/\/www.suno.com.br\/noticias\/?s={search_term_string}"},"query-input":{"@type":"PropertyValueSpecification","valueRequired":true,"valueName":"search_term_string"}}],"inLanguage":"pt-BR"},{"@type":"Organization","@id":"https:\/\/www.suno.com.br\/noticias\/#organization","name":"Suno Not\u00edcias","url":"https:\/\/www.suno.com.br\/noticias\/","logo":{"@type":"ImageObject","inLanguage":"pt-BR","@id":"https:\/\/www.suno.com.br\/noticias\/#\/schema\/logo\/image\/","url":"https:\/\/files.sunoresearch.com.br\/n\/uploads\/2021\/09\/suno-logo.png","contentUrl":"https:\/\/files.sunoresearch.com.br\/n\/uploads\/2021\/09\/suno-logo.png","width":180,"height":180,"caption":"Suno Not\u00edcias"},"image":{"@id":"https:\/\/www.suno.com.br\/noticias\/#\/schema\/logo\/image\/"},"sameAs":["https:\/\/facebook.com\/sunoresearch","https:\/\/x.com\/sunoresearch","https:\/\/www.instagram.com\/suno","https:\/\/www.linkedin.com\/company\/suno-research\/","https:\/\/www.youtube.com\/c\/sunoresearch"]},{"@type":"Person","@id":"https:\/\/www.suno.com.br\/noticias\/#\/schema\/person\/3f7693d5795a3f6d5ce15309ee785699","name":"Renan Dantas","image":{"@type":"ImageObject","inLanguage":"pt-BR","@id":"https:\/\/www.suno.com.br\/noticias\/#\/schema\/person\/image\/","url":"https:\/\/secure.gravatar.com\/avatar\/1787b83e7484a08e51d62ac8b41c8396?s=96&r=g","contentUrl":"https:\/\/secure.gravatar.com\/avatar\/1787b83e7484a08e51d62ac8b41c8396?s=96&r=g","caption":"Renan Dantas"},"description":"Escreve sobre pol\u00edtica e mercado financeiro para o portal Suno Not\u00edcias. Antes, atuou na assessoria de comunica\u00e7\u00e3o do Minist\u00e9rio P\u00fablico do Trabalho e na R\u00e1dio Mackenzie, onde apresentava e produzia um programa sobre artistas da m\u00fasica brasileira. \u00c9 estudante na Universidade Presbiteriana Mackenzie.","url":"https:\/\/www.suno.com.br\/noticias\/author\/renan-dantas\/"}]}},"default_loop_html":"<div class=\"cardsPage__listCard__boxs\"><div class=\"cardsPage__listCard__boxs__img\"><a href=\"https:\/\/www.suno.com.br\/noticias\/greve-dos-caminhoneiros-igual-pior-greve\/\"><img class=\"mask\" src=\"https:\/\/www.suno.com.br\/noticias\/wp-content\/themes\/suno\/resources\/images\/spotlight\/spotlight1img\/bg-mask.png\" alt=\"Image Mask\"\/><img src=\"https:\/\/files.sunoresearch.com.br\/n\/uploads\/2018\/12\/25c967a8-greve-do-caminhoneiros-400x200.webp\" alt=\"Greve dos caminhoneiros: &#8220;est\u00e1vamos igual ou at\u00e9 pior que na \u00e9poca anterior \u00e0 greve&#8221;, diz lideran\u00e7a\"\/><\/a><span class=\"spotlightCategory\"><a href=\"https:\/\/www.suno.com.br\/noticias\/economia\/\">Economia<\/a><\/span><\/div><div class=\"cardsPage__listCard__boxs__content\"><a href=\"https:\/\/www.suno.com.br\/noticias\/greve-dos-caminhoneiros-igual-pior-greve\/\"><h2 class=\"content__title\">Greve dos caminhoneiros: &#8220;est\u00e1vamos igual ou at\u00e9 pior que na \u00e9poca anterior \u00e0 greve&#8221;, diz lideran\u00e7a<\/h2><\/a><div class=\"newsContent__article__meta\"><div class=\"newsContent__article__meta__authorBox\"><a href=\"https:\/\/www.suno.com.br\/noticias\/author\/renan-dantas\/\" class=\"authorBox__avatar noMobi\"><img src=\"https:\/\/secure.gravatar.com\/avatar\/1787b83e7484a08e51d62ac8b41c8396?s=96&#038;r=g\" alt=\"Renan Dantas\"><\/a><div class=\"authorBox__name\"><span>por\n\t\t\t<a href=\"https:\/\/www.suno.com.br\/noticias\/author\/renan-dantas\/\"><span itemprop=\"author\">Renan Dantas<\/span><\/a><\/span><time datetime=\"2019-04-14T14:17:15-03:00\" itemprop=\"datePublished\">14\/04\/2019 14:17<\/time><\/div><\/div><\/div><\/div><\/div>","single_layout":"posts","amp_enabled":true,"_links":{"self":[{"href":"https:\/\/www.suno.com.br\/noticias\/wp-json\/wp\/v2\/posts\/20928"}],"collection":[{"href":"https:\/\/www.suno.com.br\/noticias\/wp-json\/wp\/v2\/posts"}],"about":[{"href":"https:\/\/www.suno.com.br\/noticias\/wp-json\/wp\/v2\/types\/post"}],"author":[{"embeddable":true,"href":"https:\/\/www.suno.com.br\/noticias\/wp-json\/wp\/v2\/users\/14"}],"replies":[{"embeddable":true,"href":"https:\/\/www.suno.com.br\/noticias\/wp-json\/wp\/v2\/comments?post=20928"}],"version-history":[{"count":0,"href":"https:\/\/www.suno.com.br\/noticias\/wp-json\/wp\/v2\/posts\/20928\/revisions"}],"wp:featuredmedia":[{"embeddable":true,"href":"https:\/\/www.suno.com.br\/noticias\/wp-json\/wp\/v2\/media\/8103"}],"wp:attachment":[{"href":"https:\/\/www.suno.com.br\/noticias\/wp-json\/wp\/v2\/media?parent=20928"}],"wp:term":[{"taxonomy":"category","embeddable":true,"href":"https:\/\/www.suno.com.br\/noticias\/wp-json\/wp\/v2\/categories?post=20928"},{"taxonomy":"post_tag","embeddable":true,"href":"https:\/\/www.suno.com.br\/noticias\/wp-json\/wp\/v2\/tags?post=20928"},{"taxonomy":"suno_strategy","embeddable":true,"href":"https:\/\/www.suno.com.br\/noticias\/wp-json\/wp\/v2\/suno_strategy?post=20928"}],"curies":[{"name":"wp","href":"https:\/\/api.w.org\/{rel}","templated":true}]}}