{"id":20921,"date":"2019-04-14T12:21:44","date_gmt":"2019-04-14T15:21:44","guid":{"rendered":"https:\/\/www.suno.com.br\/noticias\/?p=20921"},"modified":"2019-04-14T12:21:44","modified_gmt":"2019-04-14T15:21:44","slug":"conversa-conserta-guedes-bolsonaro","status":"publish","type":"post","link":"https:\/\/www.suno.com.br\/noticias\/conversa-conserta-guedes-bolsonaro\/","title":{"rendered":"Guedes diz que &#8220;uma conversa conserta tudo&#8221;, sobre decis\u00e3o de Bolsonaro"},"content":{"rendered":"<p>O ministro da Economia, Paulo Guedes, afirmou no \u00faltimo s\u00e1bado (13) que &#8220;uma conversa conserta tudo&#8221; se o presidente Jair Bolsonaro &#8220;fizer alguma coisa que n\u00e3o seja muito razo\u00e1vel&#8221;. Na \u00faltima quinta-feira (11), Bolsonaro interveio na pol\u00edtica de pre\u00e7os da Petrobras. Era previsto um aumento de 5,7% nos valores do diesel nas refinarias. Por\u00e9m, o presidente pediu para que o reajuste n\u00e3o acontecesse.<\/p>\t<div class=\"wrapper-featured-image\">\n\t\t<figure class=\"spotlightImg\">\n\n\t\t\t<picture>\n\t\t\t\t<source media=\"(max-width: 768px)\" srcset=\"https:\/\/files.sunoresearch.com.br\/n\/uploads\/2019\/04\/e38145ac-ibovespa-400x200.webp\">\n\t\t\t\t<img loading=\"lazy\" decoding=\"async\" class=\"newsContent__article__imgCapa lazyloadDisabled newsContent__article__imgCapa--noCaption\" src=\"https:\/\/files.sunoresearch.com.br\/n\/uploads\/2019\/04\/e38145ac-ibovespa-800x450.webp\" width=\"800\" height=\"450\" alt=\"Guedes diz que &#8220;uma conversa conserta tudo&#8221;, sobre decis\u00e3o de Bolsonaro\" fetchpriority=high \/>\n\t\t\t<\/picture>\n\n\t\t\t<figcaption class=\"wp-caption-text wp-caption-text--hide\">Guedes<\/figcaption>\n\t\t<\/figure>\n\t<\/div>\n\n\n<p>\u201cEu tenho certeza de que n\u00f3s conseguimos consertar\u201d, afirmou <strong>Guedes<\/strong> a jornalistas brasileiros, em Washington. Al\u00e9m disso, o ministro ressaltou que o presidente j\u00e1 havia dito n\u00e3o entender de economia.\u00a0\u201cEnt\u00e3o \u00e9 poss\u00edvel que alguma coisa tenha acontecido l\u00e1. Ele [<strong>Bolsonaro<\/strong>] ao mesmo tempo \u00e9 preocupado com efeitos pol\u00edticos, estavam falando em <strong>greve dos caminhoneiros<\/strong>, esse tipo de coisa. \u00c9 poss\u00edvel que ele esteja l\u00e1, tentando manobrar com isso\u201d, disse o ministro.<\/p>\n<p><a href=\"https:\/\/www.suno.com.br\/noticias\/petrobras-queda-acoes-ordinarias-preferenciais-petrobras-oito\/\">Saiba mais:\u00a0Queda de a\u00e7\u00f5es ordin\u00e1rias e preferenciais da Petrobras bate 8%<\/a><\/p>\n<p>Sobre um poss\u00edvel dano a imagem da <strong>Petrobras<\/strong> por conta das influencias do <strong>governo<\/strong> na estatal, Guedes disse que concorda com os receios do mercado. &#8220;Eu vou me informar e concordo com as suas preocupa\u00e7\u00f5es&#8221;.<\/p>\n\n<p>&nbsp;<\/p>\n<p>E completou: &#8220;ao mesmo tempo em que eu concordo com as suas preocupa\u00e7\u00f5es e indaga\u00e7\u00f5es, acho que o presidente tem muitas virtudes, fez muita coisa acertada e ele j\u00e1 disse que n\u00e3o conhece muito economia. Se ele eventualmente fizer alguma coisa que n\u00e3o seja muito razo\u00e1vel [na economia], eu tenho certeza de que n\u00f3s conseguimos consertar. Uma conversa conserta tudo&#8221;,<\/p>\n<p>Na \u00faltima sexta-feira (12), o ministro havia dito que n\u00e3o tinha informa\u00e7\u00f5es sobre o ocorrido na <strong>Petrobras<\/strong>.\u00a0\u201cEu queria conversar com voc\u00eas sobre o andamento do dia [em Washington], a\u00ed aconteceu alguma coisa l\u00e1 que eu vou ter que me informar, porque eu passei o dia na sala enquanto voc\u00eas estavam tendo informa\u00e7\u00e3o\u201d, disse <strong>Guedes<\/strong>.<\/p>\n<p><a href=\"https:\/\/www.suno.com.br\/noticias\/paulo-guedes-intervencao-petrobras\/\">Saiba mais:\u00a0Paulo Guedes sobre interven\u00e7\u00e3o na Petrobras: \u201cN\u00e3o sei do que voc\u00eas est\u00e3o falando\u201d<\/a><\/p>\n<h2>Reuni\u00e3o no Planalto<\/h2>\n<p><strong>Bolsonaro<\/strong> convocou uma reuni\u00e3o com ministros e t\u00e9cnicos para tratar da quest\u00e3o da pol\u00edtica de pre\u00e7os da <strong>Petrobras<\/strong>.\u00a0A reuni\u00e3o dever\u00e1 ocorrer na pr\u00f3xima\u00a0ter\u00e7a-feira (16).<\/p>\n<p>A reuni\u00e3o convocada pelo presidente foi confirmada pelo porta-voz do <strong>Pal\u00e1cio do Planalto<\/strong>, general Ot\u00e1vio R\u00eago Barros. Segundo Barros, <strong>Bolsonaro<\/strong> estaria preocupado com o impacto do ajuste do combust\u00edvel.<\/p>\n<p>&#8220;O encontro de ter\u00e7a caracteriza a necessidade do dirigente do poder executivo de identificar quais os aspectos que levam realmente \u00e0s decis\u00f5es que s\u00e3o t\u00e3o importantes \u00e0 sociedade&#8221;, explicou o porta-voz da Presid\u00eancia da Rep\u00fablica.<\/p>\n<p>Entretanto, Barros n\u00e3o esclareceu se durante a reuni\u00e3o ser\u00e1 tomada uma decis\u00e3o sobre os <strong>pre\u00e7os do diesel<\/strong>. &#8220;A reuni\u00e3o, por princ\u00edpio, \u00e9 para tomar uma decis\u00e3o. Mas se exigir um aprofundamento de alguns dados, naturalmente n\u00e3o ser\u00e1 na ter\u00e7a-feira o resultado final&#8221;, afirmou o porta-voz da Presid\u00eancia.<\/p>\n\t<p>\n\t\t<a href=\"https:\/\/lp.suno.com.br\/ebook-10-livros\/\" target=\"_blank\" data-element=\"shortcode-suno-banner\" title=\"Banner SUNO, clique e saiba mais\">\n\t\t\t<picture>\n\t\t\t\t<source media=\"(max-width: 500px)\" srcset=\"https:\/\/files.sunoresearch.com.br\/n\/uploads\/2023\/03\/400x300-10-livros.png\">\n\t\t\t\t<img class=\"newsContent__article__imgCapa newsContent__article__imgCapa--banner\"\n\t\t\t\t\tsrc=\"https:\/\/files.sunoresearch.com.br\/n\/uploads\/2023\/03\/1420x240-10-livros.png\"\n\t\t\t\t\tdata-promo-id=\"383159\"\t\t\t\t\t\t\t\t\t\twidth='1420' height='240'\t\t\t\t\talt=\"https:\/\/files.sunoresearch.com.br\/n\/uploads\/2023\/03\/1420x240-10-livros.png\"\n\t\t\t\t>\n\t\t\t<\/picture>\n\t\t<\/a>\n\t<\/p>\n\n\n<h2>Nenhuma interfer\u00eancia<\/h2>\n<p>Barros afirmou que, a princ\u00edpio, <strong>Bolsonaro<\/strong> considera que o governo n\u00e3o deve interferir na pol\u00edtica de pre\u00e7os da Petrobras.<\/p>\n<p><a href=\"https:\/\/www.suno.com.br\/noticias\/bolsonaro-convoca-precos-petrobras\/\">Saiba mais: Bolsonaro convoca reuni\u00e3o para tratar de pre\u00e7os da Petrobras<\/a><\/p>\n<p>&#8220;Por princ\u00edpio, o presidente entende que a <strong>Petrobras<\/strong>, uma empresa de capital aberto, sujeita \u00e0s regras de mercado, n\u00e3o deve sofrer interfer\u00eancia pol\u00edtica em sua gest\u00e3o. Ali\u00e1s, uma das raz\u00f5es para a crise que v\u00ednhamos incorrendo em governos passados e que quase distribuiu aquela empresa&#8221;, explicou o porta-voz.<\/p>\n<p>&nbsp;<\/p>\n","protected":false},"excerpt":{"rendered":"<p>O ministro da Economia, Paulo Guedes, afirmou no \u00faltimo s\u00e1bado (13) que &#8220;uma conversa conserta tudo&#8221; se o presidente Jair Bolsonaro &#8220;fizer alguma coisa que n\u00e3o seja muito razo\u00e1vel&#8221;. Na \u00faltima quinta-feira (11), Bolsonaro interveio na pol\u00edtica de pre\u00e7os da Petrobras. Era previsto um aumento de 5,7% nos valores do diesel nas refinarias. Por\u00e9m, o [&hellip;]<\/p>\n","protected":false},"author":14,"featured_media":19823,"comment_status":"closed","ping_status":"closed","sticky":false,"template":"","format":"standard","meta":[],"categories":[62],"tags":[1192,833,719,796,595],"suno_strategy":[],"class_list":["post-20921","post","type-post","status-publish","format-standard","has-post-thumbnail","hentry","category-economia","tag-diesel","tag-greve-dos-caminhoneiros","tag-jair-bolsonaro","tag-paulo-guedes","tag-petrobras-petr4"],"yoast_head":"<!-- This site is optimized with the Yoast SEO plugin v24.4 - https:\/\/yoast.com\/wordpress\/plugins\/seo\/ -->\n<title>&quot;Uma conversa conserta tudo&quot; diz Guedes, sobre decis\u00e3o de Bolsonaro<\/title>\n<meta name=\"description\" content=\"\u201cEu tenho certeza de que n\u00f3s conseguimos consertar\u201d, afirmou Guedes a jornalistas brasileiros, em Washington. Clique para saber mais.\" \/>\n<meta name=\"robots\" content=\"index, follow, max-snippet:-1, max-image-preview:large, max-video-preview:-1\" \/>\n<link rel=\"canonical\" href=\"https:\/\/www.suno.com.br\/noticias\/conversa-conserta-guedes-bolsonaro\/\" \/>\n<meta property=\"og:locale\" content=\"pt_BR\" \/>\n<meta property=\"og:type\" content=\"article\" \/>\n<meta property=\"og:title\" content=\"&quot;Uma conversa conserta tudo&quot; diz Guedes, sobre decis\u00e3o de Bolsonaro\" \/>\n<meta property=\"og:description\" content=\"\u201cEu tenho certeza de que n\u00f3s conseguimos consertar\u201d, afirmou Guedes a jornalistas brasileiros, em Washington. Clique para saber mais.\" \/>\n<meta property=\"og:url\" content=\"https:\/\/www.suno.com.br\/noticias\/conversa-conserta-guedes-bolsonaro\/\" \/>\n<meta property=\"og:site_name\" content=\"Suno Not\u00edcias\" \/>\n<meta property=\"article:publisher\" content=\"https:\/\/facebook.com\/sunoresearch\" \/>\n<meta property=\"og:image\" content=\"https:\/\/files.sunoresearch.com.br\/n\/uploads\/2019\/04\/e38145ac-ibovespa.jpg\" \/>\n\t<meta property=\"og:image:width\" content=\"1140\" \/>\n\t<meta property=\"og:image:height\" content=\"760\" \/>\n\t<meta property=\"og:image:type\" content=\"image\/jpeg\" \/>\n<meta name=\"author\" content=\"Renan Dantas\" \/>\n<meta name=\"twitter:card\" content=\"summary_large_image\" \/>\n<meta name=\"twitter:creator\" content=\"@sunoresearch\" \/>\n<meta name=\"twitter:site\" content=\"@sunoresearch\" \/>\n<meta name=\"twitter:label1\" content=\"Escrito por\" \/>\n\t<meta name=\"twitter:data1\" content=\"Renan Dantas\" \/>\n\t<meta name=\"twitter:label2\" content=\"Est. tempo de leitura\" \/>\n\t<meta name=\"twitter:data2\" content=\"3 minutos\" \/>\n<script type=\"application\/ld+json\" class=\"yoast-schema-graph\">{\"@context\":\"https:\/\/schema.org\",\"@graph\":[{\"@type\":\"NewsArticle\",\"@id\":\"https:\/\/www.suno.com.br\/noticias\/conversa-conserta-guedes-bolsonaro\/#article\",\"isPartOf\":{\"@id\":\"https:\/\/www.suno.com.br\/noticias\/conversa-conserta-guedes-bolsonaro\/\"},\"author\":{\"name\":\"Renan Dantas\",\"@id\":\"https:\/\/www.suno.com.br\/noticias\/#\/schema\/person\/3f7693d5795a3f6d5ce15309ee785699\"},\"headline\":\"Guedes diz que &#8220;uma conversa conserta tudo&#8221;, sobre decis\u00e3o de Bolsonaro\",\"datePublished\":\"2019-04-14T15:21:44+00:00\",\"mainEntityOfPage\":{\"@id\":\"https:\/\/www.suno.com.br\/noticias\/conversa-conserta-guedes-bolsonaro\/\"},\"wordCount\":618,\"publisher\":{\"@id\":\"https:\/\/www.suno.com.br\/noticias\/#organization\"},\"image\":{\"@id\":\"https:\/\/www.suno.com.br\/noticias\/conversa-conserta-guedes-bolsonaro\/#primaryimage\"},\"thumbnailUrl\":\"https:\/\/files.sunoresearch.com.br\/n\/uploads\/2019\/04\/e38145ac-ibovespa-jpg.webp\",\"keywords\":[\"diesel\",\"greve dos caminhoneiros\",\"Jair Bolsonaro\",\"Paulo Guedes\",\"Petrobras (PETR4)\"],\"articleSection\":[\"Economia\"],\"inLanguage\":\"pt-BR\"},{\"@type\":\"WebPage\",\"@id\":\"https:\/\/www.suno.com.br\/noticias\/conversa-conserta-guedes-bolsonaro\/\",\"url\":\"https:\/\/www.suno.com.br\/noticias\/conversa-conserta-guedes-bolsonaro\/\",\"name\":\"\\\"Uma conversa conserta tudo\\\" diz Guedes, sobre decis\u00e3o de Bolsonaro\",\"isPartOf\":{\"@id\":\"https:\/\/www.suno.com.br\/noticias\/#website\"},\"primaryImageOfPage\":{\"@id\":\"https:\/\/www.suno.com.br\/noticias\/conversa-conserta-guedes-bolsonaro\/#primaryimage\"},\"image\":{\"@id\":\"https:\/\/www.suno.com.br\/noticias\/conversa-conserta-guedes-bolsonaro\/#primaryimage\"},\"thumbnailUrl\":\"https:\/\/files.sunoresearch.com.br\/n\/uploads\/2019\/04\/e38145ac-ibovespa-jpg.webp\",\"datePublished\":\"2019-04-14T15:21:44+00:00\",\"description\":\"\u201cEu tenho certeza de que n\u00f3s conseguimos consertar\u201d, afirmou Guedes a jornalistas brasileiros, em Washington. Clique para saber mais.\",\"breadcrumb\":{\"@id\":\"https:\/\/www.suno.com.br\/noticias\/conversa-conserta-guedes-bolsonaro\/#breadcrumb\"},\"inLanguage\":\"pt-BR\",\"potentialAction\":[{\"@type\":\"ReadAction\",\"target\":[\"https:\/\/www.suno.com.br\/noticias\/conversa-conserta-guedes-bolsonaro\/\"]}]},{\"@type\":\"ImageObject\",\"inLanguage\":\"pt-BR\",\"@id\":\"https:\/\/www.suno.com.br\/noticias\/conversa-conserta-guedes-bolsonaro\/#primaryimage\",\"url\":\"https:\/\/files.sunoresearch.com.br\/n\/uploads\/2019\/04\/e38145ac-ibovespa-jpg.webp\",\"contentUrl\":\"https:\/\/files.sunoresearch.com.br\/n\/uploads\/2019\/04\/e38145ac-ibovespa-jpg.webp\",\"width\":1140,\"height\":760,\"caption\":\"Guedes\"},{\"@type\":\"BreadcrumbList\",\"@id\":\"https:\/\/www.suno.com.br\/noticias\/conversa-conserta-guedes-bolsonaro\/#breadcrumb\",\"itemListElement\":[{\"@type\":\"ListItem\",\"position\":1,\"name\":\"Not\u00edcias\",\"item\":\"https:\/\/www.suno.com.br\/noticias\/\"},{\"@type\":\"ListItem\",\"position\":2,\"name\":\"Economia\",\"item\":\"https:\/\/www.suno.com.br\/noticias\/economia\/\"},{\"@type\":\"ListItem\",\"position\":3,\"name\":\"Guedes diz que &#8220;uma conversa conserta tudo&#8221;, sobre decis\u00e3o de Bolsonaro\"}]},{\"@type\":\"WebSite\",\"@id\":\"https:\/\/www.suno.com.br\/noticias\/#website\",\"url\":\"https:\/\/www.suno.com.br\/noticias\/\",\"name\":\"Suno Not\u00edcias\",\"description\":\"Seu portal de informa\u00e7\u00e3o sobre o mundo dos investimentos\",\"publisher\":{\"@id\":\"https:\/\/www.suno.com.br\/noticias\/#organization\"},\"potentialAction\":[{\"@type\":\"SearchAction\",\"target\":{\"@type\":\"EntryPoint\",\"urlTemplate\":\"https:\/\/www.suno.com.br\/noticias\/?s={search_term_string}\"},\"query-input\":{\"@type\":\"PropertyValueSpecification\",\"valueRequired\":true,\"valueName\":\"search_term_string\"}}],\"inLanguage\":\"pt-BR\"},{\"@type\":\"Organization\",\"@id\":\"https:\/\/www.suno.com.br\/noticias\/#organization\",\"name\":\"Suno Not\u00edcias\",\"url\":\"https:\/\/www.suno.com.br\/noticias\/\",\"logo\":{\"@type\":\"ImageObject\",\"inLanguage\":\"pt-BR\",\"@id\":\"https:\/\/www.suno.com.br\/noticias\/#\/schema\/logo\/image\/\",\"url\":\"https:\/\/files.sunoresearch.com.br\/n\/uploads\/2021\/09\/suno-logo.png\",\"contentUrl\":\"https:\/\/files.sunoresearch.com.br\/n\/uploads\/2021\/09\/suno-logo.png\",\"width\":180,\"height\":180,\"caption\":\"Suno Not\u00edcias\"},\"image\":{\"@id\":\"https:\/\/www.suno.com.br\/noticias\/#\/schema\/logo\/image\/\"},\"sameAs\":[\"https:\/\/facebook.com\/sunoresearch\",\"https:\/\/x.com\/sunoresearch\",\"https:\/\/www.instagram.com\/suno\",\"https:\/\/www.linkedin.com\/company\/suno-research\/\",\"https:\/\/www.youtube.com\/c\/sunoresearch\"]},{\"@type\":\"Person\",\"@id\":\"https:\/\/www.suno.com.br\/noticias\/#\/schema\/person\/3f7693d5795a3f6d5ce15309ee785699\",\"name\":\"Renan Dantas\",\"image\":{\"@type\":\"ImageObject\",\"inLanguage\":\"pt-BR\",\"@id\":\"https:\/\/www.suno.com.br\/noticias\/#\/schema\/person\/image\/\",\"url\":\"https:\/\/secure.gravatar.com\/avatar\/1787b83e7484a08e51d62ac8b41c8396?s=96&r=g\",\"contentUrl\":\"https:\/\/secure.gravatar.com\/avatar\/1787b83e7484a08e51d62ac8b41c8396?s=96&r=g\",\"caption\":\"Renan Dantas\"},\"description\":\"Escreve sobre pol\u00edtica e mercado financeiro para o portal Suno Not\u00edcias. Antes, atuou na assessoria de comunica\u00e7\u00e3o do Minist\u00e9rio P\u00fablico do Trabalho e na R\u00e1dio Mackenzie, onde apresentava e produzia um programa sobre artistas da m\u00fasica brasileira. \u00c9 estudante na Universidade Presbiteriana Mackenzie.\",\"url\":\"https:\/\/www.suno.com.br\/noticias\/author\/renan-dantas\/\"}]}<\/script>\n<!-- \/ Yoast SEO plugin. -->","yoast_head_json":{"title":"\"Uma conversa conserta tudo\" diz Guedes, sobre decis\u00e3o de Bolsonaro","description":"\u201cEu tenho certeza de que n\u00f3s conseguimos consertar\u201d, afirmou Guedes a jornalistas brasileiros, em Washington. Clique para saber mais.","robots":{"index":"index","follow":"follow","max-snippet":"max-snippet:-1","max-image-preview":"max-image-preview:large","max-video-preview":"max-video-preview:-1"},"canonical":"https:\/\/www.suno.com.br\/noticias\/conversa-conserta-guedes-bolsonaro\/","og_locale":"pt_BR","og_type":"article","og_title":"\"Uma conversa conserta tudo\" diz Guedes, sobre decis\u00e3o de Bolsonaro","og_description":"\u201cEu tenho certeza de que n\u00f3s conseguimos consertar\u201d, afirmou Guedes a jornalistas brasileiros, em Washington. Clique para saber mais.","og_url":"https:\/\/www.suno.com.br\/noticias\/conversa-conserta-guedes-bolsonaro\/","og_site_name":"Suno Not\u00edcias","article_publisher":"https:\/\/facebook.com\/sunoresearch","og_image":[{"width":1140,"height":760,"url":"https:\/\/files.sunoresearch.com.br\/n\/uploads\/2019\/04\/e38145ac-ibovespa.jpg","type":"image\/jpeg"}],"author":"Renan Dantas","twitter_card":"summary_large_image","twitter_creator":"@sunoresearch","twitter_site":"@sunoresearch","twitter_misc":{"Escrito por":"Renan Dantas","Est. tempo de leitura":"3 minutos"},"schema":{"@context":"https:\/\/schema.org","@graph":[{"@type":"NewsArticle","@id":"https:\/\/www.suno.com.br\/noticias\/conversa-conserta-guedes-bolsonaro\/#article","isPartOf":{"@id":"https:\/\/www.suno.com.br\/noticias\/conversa-conserta-guedes-bolsonaro\/"},"author":{"name":"Renan Dantas","@id":"https:\/\/www.suno.com.br\/noticias\/#\/schema\/person\/3f7693d5795a3f6d5ce15309ee785699"},"headline":"Guedes diz que &#8220;uma conversa conserta tudo&#8221;, sobre decis\u00e3o de Bolsonaro","datePublished":"2019-04-14T15:21:44+00:00","mainEntityOfPage":{"@id":"https:\/\/www.suno.com.br\/noticias\/conversa-conserta-guedes-bolsonaro\/"},"wordCount":618,"publisher":{"@id":"https:\/\/www.suno.com.br\/noticias\/#organization"},"image":{"@id":"https:\/\/www.suno.com.br\/noticias\/conversa-conserta-guedes-bolsonaro\/#primaryimage"},"thumbnailUrl":"https:\/\/files.sunoresearch.com.br\/n\/uploads\/2019\/04\/e38145ac-ibovespa-jpg.webp","keywords":["diesel","greve dos caminhoneiros","Jair Bolsonaro","Paulo Guedes","Petrobras (PETR4)"],"articleSection":["Economia"],"inLanguage":"pt-BR"},{"@type":"WebPage","@id":"https:\/\/www.suno.com.br\/noticias\/conversa-conserta-guedes-bolsonaro\/","url":"https:\/\/www.suno.com.br\/noticias\/conversa-conserta-guedes-bolsonaro\/","name":"\"Uma conversa conserta tudo\" diz Guedes, sobre decis\u00e3o de Bolsonaro","isPartOf":{"@id":"https:\/\/www.suno.com.br\/noticias\/#website"},"primaryImageOfPage":{"@id":"https:\/\/www.suno.com.br\/noticias\/conversa-conserta-guedes-bolsonaro\/#primaryimage"},"image":{"@id":"https:\/\/www.suno.com.br\/noticias\/conversa-conserta-guedes-bolsonaro\/#primaryimage"},"thumbnailUrl":"https:\/\/files.sunoresearch.com.br\/n\/uploads\/2019\/04\/e38145ac-ibovespa-jpg.webp","datePublished":"2019-04-14T15:21:44+00:00","description":"\u201cEu tenho certeza de que n\u00f3s conseguimos consertar\u201d, afirmou Guedes a jornalistas brasileiros, em Washington. Clique para saber mais.","breadcrumb":{"@id":"https:\/\/www.suno.com.br\/noticias\/conversa-conserta-guedes-bolsonaro\/#breadcrumb"},"inLanguage":"pt-BR","potentialAction":[{"@type":"ReadAction","target":["https:\/\/www.suno.com.br\/noticias\/conversa-conserta-guedes-bolsonaro\/"]}]},{"@type":"ImageObject","inLanguage":"pt-BR","@id":"https:\/\/www.suno.com.br\/noticias\/conversa-conserta-guedes-bolsonaro\/#primaryimage","url":"https:\/\/files.sunoresearch.com.br\/n\/uploads\/2019\/04\/e38145ac-ibovespa-jpg.webp","contentUrl":"https:\/\/files.sunoresearch.com.br\/n\/uploads\/2019\/04\/e38145ac-ibovespa-jpg.webp","width":1140,"height":760,"caption":"Guedes"},{"@type":"BreadcrumbList","@id":"https:\/\/www.suno.com.br\/noticias\/conversa-conserta-guedes-bolsonaro\/#breadcrumb","itemListElement":[{"@type":"ListItem","position":1,"name":"Not\u00edcias","item":"https:\/\/www.suno.com.br\/noticias\/"},{"@type":"ListItem","position":2,"name":"Economia","item":"https:\/\/www.suno.com.br\/noticias\/economia\/"},{"@type":"ListItem","position":3,"name":"Guedes diz que &#8220;uma conversa conserta tudo&#8221;, sobre decis\u00e3o de Bolsonaro"}]},{"@type":"WebSite","@id":"https:\/\/www.suno.com.br\/noticias\/#website","url":"https:\/\/www.suno.com.br\/noticias\/","name":"Suno Not\u00edcias","description":"Seu portal de informa\u00e7\u00e3o sobre o mundo dos investimentos","publisher":{"@id":"https:\/\/www.suno.com.br\/noticias\/#organization"},"potentialAction":[{"@type":"SearchAction","target":{"@type":"EntryPoint","urlTemplate":"https:\/\/www.suno.com.br\/noticias\/?s={search_term_string}"},"query-input":{"@type":"PropertyValueSpecification","valueRequired":true,"valueName":"search_term_string"}}],"inLanguage":"pt-BR"},{"@type":"Organization","@id":"https:\/\/www.suno.com.br\/noticias\/#organization","name":"Suno Not\u00edcias","url":"https:\/\/www.suno.com.br\/noticias\/","logo":{"@type":"ImageObject","inLanguage":"pt-BR","@id":"https:\/\/www.suno.com.br\/noticias\/#\/schema\/logo\/image\/","url":"https:\/\/files.sunoresearch.com.br\/n\/uploads\/2021\/09\/suno-logo.png","contentUrl":"https:\/\/files.sunoresearch.com.br\/n\/uploads\/2021\/09\/suno-logo.png","width":180,"height":180,"caption":"Suno Not\u00edcias"},"image":{"@id":"https:\/\/www.suno.com.br\/noticias\/#\/schema\/logo\/image\/"},"sameAs":["https:\/\/facebook.com\/sunoresearch","https:\/\/x.com\/sunoresearch","https:\/\/www.instagram.com\/suno","https:\/\/www.linkedin.com\/company\/suno-research\/","https:\/\/www.youtube.com\/c\/sunoresearch"]},{"@type":"Person","@id":"https:\/\/www.suno.com.br\/noticias\/#\/schema\/person\/3f7693d5795a3f6d5ce15309ee785699","name":"Renan Dantas","image":{"@type":"ImageObject","inLanguage":"pt-BR","@id":"https:\/\/www.suno.com.br\/noticias\/#\/schema\/person\/image\/","url":"https:\/\/secure.gravatar.com\/avatar\/1787b83e7484a08e51d62ac8b41c8396?s=96&r=g","contentUrl":"https:\/\/secure.gravatar.com\/avatar\/1787b83e7484a08e51d62ac8b41c8396?s=96&r=g","caption":"Renan Dantas"},"description":"Escreve sobre pol\u00edtica e mercado financeiro para o portal Suno Not\u00edcias. Antes, atuou na assessoria de comunica\u00e7\u00e3o do Minist\u00e9rio P\u00fablico do Trabalho e na R\u00e1dio Mackenzie, onde apresentava e produzia um programa sobre artistas da m\u00fasica brasileira. \u00c9 estudante na Universidade Presbiteriana Mackenzie.","url":"https:\/\/www.suno.com.br\/noticias\/author\/renan-dantas\/"}]}},"default_loop_html":"<div class=\"cardsPage__listCard__boxs\"><div class=\"cardsPage__listCard__boxs__img\"><a href=\"https:\/\/www.suno.com.br\/noticias\/conversa-conserta-guedes-bolsonaro\/\"><img class=\"mask\" src=\"https:\/\/www.suno.com.br\/noticias\/wp-content\/themes\/suno\/resources\/images\/spotlight\/spotlight1img\/bg-mask.png\" alt=\"Image Mask\"\/><img src=\"https:\/\/files.sunoresearch.com.br\/n\/uploads\/2019\/04\/e38145ac-ibovespa-400x200.webp\" alt=\"Guedes diz que &#8220;uma conversa conserta tudo&#8221;, sobre decis\u00e3o de Bolsonaro\"\/><\/a><span class=\"spotlightCategory\"><a href=\"https:\/\/www.suno.com.br\/noticias\/economia\/\">Economia<\/a><\/span><\/div><div class=\"cardsPage__listCard__boxs__content\"><a href=\"https:\/\/www.suno.com.br\/noticias\/conversa-conserta-guedes-bolsonaro\/\"><h2 class=\"content__title\">Guedes diz que &#8220;uma conversa conserta tudo&#8221;, sobre decis\u00e3o de Bolsonaro<\/h2><\/a><div class=\"newsContent__article__meta\"><div class=\"newsContent__article__meta__authorBox\"><a href=\"https:\/\/www.suno.com.br\/noticias\/author\/renan-dantas\/\" class=\"authorBox__avatar noMobi\"><img src=\"https:\/\/secure.gravatar.com\/avatar\/1787b83e7484a08e51d62ac8b41c8396?s=96&#038;r=g\" alt=\"Renan Dantas\"><\/a><div class=\"authorBox__name\"><span>por\n\t\t\t<a href=\"https:\/\/www.suno.com.br\/noticias\/author\/renan-dantas\/\"><span itemprop=\"author\">Renan Dantas<\/span><\/a><\/span><time datetime=\"2019-04-14T12:21:44-03:00\" itemprop=\"datePublished\">14\/04\/2019 12:21<\/time><\/div><\/div><\/div><\/div><\/div>","single_layout":"posts","amp_enabled":true,"_links":{"self":[{"href":"https:\/\/www.suno.com.br\/noticias\/wp-json\/wp\/v2\/posts\/20921"}],"collection":[{"href":"https:\/\/www.suno.com.br\/noticias\/wp-json\/wp\/v2\/posts"}],"about":[{"href":"https:\/\/www.suno.com.br\/noticias\/wp-json\/wp\/v2\/types\/post"}],"author":[{"embeddable":true,"href":"https:\/\/www.suno.com.br\/noticias\/wp-json\/wp\/v2\/users\/14"}],"replies":[{"embeddable":true,"href":"https:\/\/www.suno.com.br\/noticias\/wp-json\/wp\/v2\/comments?post=20921"}],"version-history":[{"count":0,"href":"https:\/\/www.suno.com.br\/noticias\/wp-json\/wp\/v2\/posts\/20921\/revisions"}],"wp:featuredmedia":[{"embeddable":true,"href":"https:\/\/www.suno.com.br\/noticias\/wp-json\/wp\/v2\/media\/19823"}],"wp:attachment":[{"href":"https:\/\/www.suno.com.br\/noticias\/wp-json\/wp\/v2\/media?parent=20921"}],"wp:term":[{"taxonomy":"category","embeddable":true,"href":"https:\/\/www.suno.com.br\/noticias\/wp-json\/wp\/v2\/categories?post=20921"},{"taxonomy":"post_tag","embeddable":true,"href":"https:\/\/www.suno.com.br\/noticias\/wp-json\/wp\/v2\/tags?post=20921"},{"taxonomy":"suno_strategy","embeddable":true,"href":"https:\/\/www.suno.com.br\/noticias\/wp-json\/wp\/v2\/suno_strategy?post=20921"}],"curies":[{"name":"wp","href":"https:\/\/api.w.org\/{rel}","templated":true}]}}