{"id":209195,"date":"2021-11-26T12:41:41","date_gmt":"2021-11-26T15:41:41","guid":{"rendered":"https:\/\/www.suno.com.br\/noticias\/?p=209195"},"modified":"2021-11-26T12:42:19","modified_gmt":"2021-11-26T15:42:19","slug":"black-friday-lista-15-produtos-mais-desejados-pelos-consumidores","status":"publish","type":"post","link":"https:\/\/www.suno.com.br\/noticias\/black-friday-lista-15-produtos-mais-desejados-pelos-consumidores\/","title":{"rendered":"Black Friday: Veja a lista dos 15 produtos mais cobi\u00e7ados pelos consumidores"},"content":{"rendered":"<p>A<strong> Black Friday<\/strong> chegou e os brasileiros est\u00e3o \u00e0 procura de produtos com grandes descontos. Mas quais ser\u00e3o os itens que prometem bombar nesta sexta-feira de promo\u00e7\u00f5es? Segundo a pesquisa divulgada pela Conversion, ag\u00eancia de SEO que atua com dados e tecnologia, os celulares s\u00e3o os itens mais desejados pelos consumidores, com 66,67% da inten\u00e7\u00e3o de compras.<\/p>\t<div class=\"wrapper-featured-image\">\n\t\t<figure class=\"spotlightImg\">\n\n\t\t\t<picture>\n\t\t\t\t<source media=\"(max-width: 768px)\" srcset=\"https:\/\/files.sunoresearch.com.br\/n\/uploads\/2021\/07\/03855f70-iphone-410311_1280-400x200.jpg\">\n\t\t\t\t<img loading=\"lazy\" decoding=\"async\" class=\"newsContent__article__imgCapa lazyloadDisabled \" src=\"https:\/\/files.sunoresearch.com.br\/n\/uploads\/2021\/07\/03855f70-iphone-410311_1280-800x450.jpg\" width=\"800\" height=\"450\" alt=\"Black Friday: Veja a lista dos 15 produtos mais cobi\u00e7ados pelos consumidores\" fetchpriority=high \/>\n\t\t\t<\/picture>\n\n\t\t\t<figcaption class=\"wp-caption-text wp-caption-text--show\">Celular. Foto: Pixabay<\/figcaption>\n\t\t<\/figure>\n\t<\/div>\n\n\n\t<p>\n\t\t<a href=\"https:\/\/lp.suno.com.br\/planilha-controle-gastos\/\" target=\"_blank\" data-element=\"shortcode-suno-banner\" title=\"Banner SUNO, clique e saiba mais\">\n\t\t\t<picture>\n\t\t\t\t<source media=\"(max-width: 500px)\" srcset=\"https:\/\/files.sunoresearch.com.br\/n\/uploads\/2023\/03\/400x300-Planilha-controle-de-gastos.png\">\n\t\t\t\t<img class=\"newsContent__article__imgCapa newsContent__article__imgCapa--banner\"\n\t\t\t\t\tsrc=\"https:\/\/files.sunoresearch.com.br\/n\/uploads\/2023\/03\/1420x240-Planilha-controle-de-gastos.png\"\n\t\t\t\t\tdata-promo-id=\"101751\"\t\t\t\t\t\t\t\t\t\twidth='1420' height='240'\t\t\t\t\talt=\"https:\/\/files.sunoresearch.com.br\/n\/uploads\/2023\/03\/1420x240-Planilha-controle-de-gastos.png\"\n\t\t\t\t>\n\t\t\t<\/picture>\n\t\t<\/a>\n\t<\/p>\n\n\n<p>A pesquisa da Conversion foi realizada em outubro e consultou 400 brasileiros conectados \u00e0 internet. O levantamento aponta que o aspecto mais importante na decis\u00e3o de <strong>compra na Black Friday<\/strong> para 83,48% dos consumidores \u00e9 o<strong> pre\u00e7o do produto<\/strong>. Mas ser uma loja conhecida para efetuar a compra (54,7%), ter selos de seguran\u00e7a (38,18%) e boa avalia\u00e7\u00e3o no Reclame Aqui (37,89%) tamb\u00e9m s\u00e3o importantes para os consumidores.<\/p>\n<p>Veja a lista dos 15 produtos mais desejados da Black Friday:<\/p>\n<ol>\n<li>Celulares &#8211; 66,67%<\/li>\n<li>Eletr\u00f4nicos e Eletrodom\u00e9sticos &#8211; 60,68%<\/li>\n<li>Moda e Acess\u00f3rios &#8211; 47,59%<\/li>\n<li>Cal\u00e7ados &#8211; 40,46%<\/li>\n<li>Casa e M\u00f3veis &#8211; 26,93%<\/li>\n<li>Cosm\u00e9ticos &#8211; 23,36%<\/li>\n<li>Infantil &#8211; 22,79%<\/li>\n<li>Educa\u00e7\u00e3o, Livros e Papelaria &#8211; 20,8%<\/li>\n<li>Material Esportivo &#8211; 17,09%<\/li>\n<li>Joias e Rel\u00f3gios &#8211; 16,81%<\/li>\n<li>Turismo e Viagens &#8211; 12,82%<\/li>\n<li>Servi\u00e7os &#8211; 9,12%<\/li>\n<li>Pet &#8211; 7,69%<\/li>\n<li>Pacote de internet &#8211; 7,69%<\/li>\n<li>Im\u00f3veis &#8211; 6,84%<\/li>\n<\/ol>\n\t<p>\n\t\t<a href=\"https:\/\/lp.suno.com.br\/planilha-da-vida-financeira\/\" target=\"_blank\" data-element=\"shortcode-suno-banner\" title=\"Banner SUNO, clique e saiba mais\">\n\t\t\t<picture>\n\t\t\t\t<source media=\"(max-width: 500px)\" srcset=\"https:\/\/files.sunoresearch.com.br\/n\/uploads\/2023\/04\/400x300-Planilha-vida-financeira-true.png\">\n\t\t\t\t<img class=\"newsContent__article__imgCapa newsContent__article__imgCapa--banner\"\n\t\t\t\t\tsrc=\"https:\/\/files.sunoresearch.com.br\/n\/uploads\/2023\/04\/1420x240-Planilha-vida-financeira-true.png\"\n\t\t\t\t\tdata-promo-id=\"106682\"\t\t\t\t\t\t\t\t\t\twidth='1420' height='240'\t\t\t\t\talt=\"https:\/\/files.sunoresearch.com.br\/n\/uploads\/2023\/04\/1420x240-Planilha-vida-financeira-true.png\"\n\t\t\t\t>\n\t\t\t<\/picture>\n\t\t<\/a>\n\t<\/p>\n\n\n<p>Segundo a Conversion, os gastos planejados para as <strong>compras de Black Friday<\/strong> este ano est\u00e3o na faixa de R$ 500 a R$ 3.000. Dos entrevistados, apenas 4,56% est\u00e3o mais cautelosos e pretendem realizar compras at\u00e9 R$ 150.<\/p>\n<p>Na an\u00e1lise da pesquisa a sexta-feira de promo\u00e7\u00f5es deste ano deve ser maior do que a do ano passado, por causa do aumento na <strong>inten\u00e7\u00e3o de compra<\/strong> entre os consumidores. Em 2020, apenas 76,5% dos brasileiros realizaram compras no per\u00edodo, enquanto que para este ano a previs\u00e3o \u00e9 de que esse n\u00famero avance para 87,75%, alta de 14,7%.<\/p>\n<h2>Liderando o ranking, a ind\u00fastria de eletr\u00f4nicos v\u00ea mercado abastecido para Black Friday<\/h2>\n<p>Segundo a associa\u00e7\u00e3o dos fabricantes de aparelhos eletr\u00f4nicos (Abinee), o consumidor interessado em aproveitar a Black Friday para comprar itens como <strong>celular<\/strong>, <strong>notebook<\/strong> ou <strong>televisores<\/strong> n\u00e3o deve, em geral, deixar de ser atendido, apesar da falta de componentes que vem dificultando a produ\u00e7\u00e3o de praticamente metade das f\u00e1bricas destes e outros produtos eletr\u00f4nicos.<\/p>\n\t<div data-element=\"shortcode-read-more\" class=\"knowMore\">\n\t\t\t\t<span class=\"knowMore__title\">Saiba Mais<\/span>\n\t\t\t\t<a class=\"knowMore__link\" href=\"https:\/\/www.suno.com.br\/noticias\/black-friday-eletronicos-abastecido\/\">\n\t\t\tBlack Friday: Ind\u00fastria de eletr\u00f4nicos v\u00ea mercado abastecido para vendas\t\t<\/a>\n\t<\/div>\n\n\n<p>Mesmo que n\u00e3o se possa descartar a possibilidade de faltar algum modelo nas lojas, a informa\u00e7\u00e3o da ind\u00fastria de <strong>aparelhos eletroeletr\u00f4nicos<\/strong> \u00e9 de que as lojas est\u00e3o abastecidas e n\u00e3o devem perder vendas na Black Friday por n\u00e3o terem produtos.<\/p>\n<p>&#8220;Nosso setor, felizmente, fornece uma variedade grande de produtos. Se eventualmente faltar algum modelo na <strong>Black Friday<\/strong>, o consumidor sempre ter\u00e1 a seu dispor alguma outra op\u00e7\u00e3o compat\u00edvel com o que procura. Dificilmente algu\u00e9m vai ficar sem produto&#8221;, prev\u00ea Humberto Barbato, <strong>presidente da Abinee<\/strong>, a associa\u00e7\u00e3o dos fabricantes de aparelhos eletroeletr\u00f4nicos.<\/p>\n\t<p>\n\t\t<a href=\"https:\/\/lp.suno.com.br\/planilha-de-controle-de-investimentos\/\" target=\"_blank\" data-element=\"shortcode-suno-banner\" title=\"Banner SUNO, clique e saiba mais\">\n\t\t\t<picture>\n\t\t\t\t<source media=\"(max-width: 500px)\" srcset=\"https:\/\/files.sunoresearch.com.br\/n\/uploads\/2023\/03\/400x300-Controle-de-Investimentos.png\">\n\t\t\t\t<img class=\"newsContent__article__imgCapa newsContent__article__imgCapa--banner\"\n\t\t\t\t\tsrc=\"https:\/\/files.sunoresearch.com.br\/n\/uploads\/2023\/03\/1420x240-Controle-de-Investimentos.png\"\n\t\t\t\t\tdata-promo-id=\"75934\"\t\t\t\t\t\t\t\t\t\twidth='1420' height='240'\t\t\t\t\talt=\"https:\/\/files.sunoresearch.com.br\/n\/uploads\/2023\/03\/1420x240-Controle-de-Investimentos.png\"\n\t\t\t\t>\n\t\t\t<\/picture>\n\t\t<\/a>\n\t<\/p>\n\n\n","protected":false},"excerpt":{"rendered":"<p>A Black Friday chegou e os brasileiros est\u00e3o \u00e0 procura de produtos com grandes descontos. Mas quais ser\u00e3o os itens que prometem bombar nesta sexta-feira de promo\u00e7\u00f5es? Segundo a pesquisa divulgada pela Conversion, ag\u00eancia de SEO que atua com dados e tecnologia, os celulares s\u00e3o os itens mais desejados pelos consumidores, com 66,67% da inten\u00e7\u00e3o [&hellip;]<\/p>\n","protected":false},"author":15,"featured_media":164245,"comment_status":"closed","ping_status":"closed","sticky":false,"template":"","format":"standard","meta":[],"categories":[64],"tags":[768],"suno_strategy":[],"class_list":["post-209195","post","type-post","status-publish","format-standard","has-post-thumbnail","hentry","category-negocios","tag-black-friday"],"yoast_head":"<!-- This site is optimized with the Yoast SEO plugin v24.4 - https:\/\/yoast.com\/wordpress\/plugins\/seo\/ -->\n<title>Black Friday: Veja a lista dos 15 produtos mais desejados<\/title>\n<meta name=\"description\" content=\"Segundo a pesquisa da Conversion, os celulares s\u00e3o os itens mais desejado pelos consumidores na Black Friday. Clique aqui e veja\" \/>\n<meta name=\"robots\" content=\"index, follow, max-snippet:-1, max-image-preview:large, max-video-preview:-1\" \/>\n<link rel=\"canonical\" href=\"https:\/\/www.suno.com.br\/noticias\/black-friday-lista-15-produtos-mais-desejados-pelos-consumidores\/\" \/>\n<meta property=\"og:locale\" content=\"pt_BR\" \/>\n<meta property=\"og:type\" content=\"article\" \/>\n<meta property=\"og:title\" content=\"Black Friday: Veja a lista dos 15 produtos mais desejados\" \/>\n<meta property=\"og:description\" content=\"Segundo a pesquisa da Conversion, os celulares s\u00e3o os itens mais desejado pelos consumidores na Black Friday. Clique aqui e veja\" \/>\n<meta property=\"og:url\" content=\"https:\/\/www.suno.com.br\/noticias\/black-friday-lista-15-produtos-mais-desejados-pelos-consumidores\/\" \/>\n<meta property=\"og:site_name\" content=\"Suno Not\u00edcias\" \/>\n<meta property=\"article:publisher\" content=\"https:\/\/facebook.com\/sunoresearch\" \/>\n<meta property=\"og:image\" content=\"https:\/\/files.sunoresearch.com.br\/n\/uploads\/2021\/07\/03855f70-iphone-410311_1280.jpg\" \/>\n\t<meta property=\"og:image:width\" content=\"1280\" \/>\n\t<meta property=\"og:image:height\" content=\"853\" \/>\n\t<meta property=\"og:image:type\" content=\"image\/jpeg\" \/>\n<meta name=\"author\" content=\"Poliana Santos\" \/>\n<meta name=\"twitter:card\" content=\"summary_large_image\" \/>\n<meta name=\"twitter:creator\" content=\"@sunoresearch\" \/>\n<meta name=\"twitter:site\" content=\"@sunoresearch\" \/>\n<meta name=\"twitter:label1\" content=\"Escrito por\" \/>\n\t<meta name=\"twitter:data1\" content=\"Poliana Santos\" \/>\n\t<meta name=\"twitter:label2\" content=\"Est. tempo de leitura\" \/>\n\t<meta name=\"twitter:data2\" content=\"2 minutos\" \/>\n<script type=\"application\/ld+json\" class=\"yoast-schema-graph\">{\"@context\":\"https:\/\/schema.org\",\"@graph\":[{\"@type\":\"NewsArticle\",\"@id\":\"https:\/\/www.suno.com.br\/noticias\/black-friday-lista-15-produtos-mais-desejados-pelos-consumidores\/#article\",\"isPartOf\":{\"@id\":\"https:\/\/www.suno.com.br\/noticias\/black-friday-lista-15-produtos-mais-desejados-pelos-consumidores\/\"},\"author\":{\"name\":\"Poliana Santos\",\"@id\":\"https:\/\/www.suno.com.br\/noticias\/#\/schema\/person\/02ec1f752758247878a2bf4abee1aeda\"},\"headline\":\"Black Friday: Veja a lista dos 15 produtos mais cobi\u00e7ados pelos consumidores\",\"datePublished\":\"2021-11-26T15:41:41+00:00\",\"dateModified\":\"2021-11-26T15:42:19+00:00\",\"mainEntityOfPage\":{\"@id\":\"https:\/\/www.suno.com.br\/noticias\/black-friday-lista-15-produtos-mais-desejados-pelos-consumidores\/\"},\"wordCount\":491,\"publisher\":{\"@id\":\"https:\/\/www.suno.com.br\/noticias\/#organization\"},\"image\":{\"@id\":\"https:\/\/www.suno.com.br\/noticias\/black-friday-lista-15-produtos-mais-desejados-pelos-consumidores\/#primaryimage\"},\"thumbnailUrl\":\"https:\/\/files.sunoresearch.com.br\/n\/uploads\/2021\/07\/03855f70-iphone-410311_1280.jpg\",\"keywords\":[\"Black Friday\"],\"articleSection\":[\"Neg\u00f3cios\"],\"inLanguage\":\"pt-BR\"},{\"@type\":\"WebPage\",\"@id\":\"https:\/\/www.suno.com.br\/noticias\/black-friday-lista-15-produtos-mais-desejados-pelos-consumidores\/\",\"url\":\"https:\/\/www.suno.com.br\/noticias\/black-friday-lista-15-produtos-mais-desejados-pelos-consumidores\/\",\"name\":\"Black Friday: Veja a lista dos 15 produtos mais desejados\",\"isPartOf\":{\"@id\":\"https:\/\/www.suno.com.br\/noticias\/#website\"},\"primaryImageOfPage\":{\"@id\":\"https:\/\/www.suno.com.br\/noticias\/black-friday-lista-15-produtos-mais-desejados-pelos-consumidores\/#primaryimage\"},\"image\":{\"@id\":\"https:\/\/www.suno.com.br\/noticias\/black-friday-lista-15-produtos-mais-desejados-pelos-consumidores\/#primaryimage\"},\"thumbnailUrl\":\"https:\/\/files.sunoresearch.com.br\/n\/uploads\/2021\/07\/03855f70-iphone-410311_1280.jpg\",\"datePublished\":\"2021-11-26T15:41:41+00:00\",\"dateModified\":\"2021-11-26T15:42:19+00:00\",\"description\":\"Segundo a pesquisa da Conversion, os celulares s\u00e3o os itens mais desejado pelos consumidores na Black Friday. Clique aqui e veja\",\"breadcrumb\":{\"@id\":\"https:\/\/www.suno.com.br\/noticias\/black-friday-lista-15-produtos-mais-desejados-pelos-consumidores\/#breadcrumb\"},\"inLanguage\":\"pt-BR\",\"potentialAction\":[{\"@type\":\"ReadAction\",\"target\":[\"https:\/\/www.suno.com.br\/noticias\/black-friday-lista-15-produtos-mais-desejados-pelos-consumidores\/\"]}]},{\"@type\":\"ImageObject\",\"inLanguage\":\"pt-BR\",\"@id\":\"https:\/\/www.suno.com.br\/noticias\/black-friday-lista-15-produtos-mais-desejados-pelos-consumidores\/#primaryimage\",\"url\":\"https:\/\/files.sunoresearch.com.br\/n\/uploads\/2021\/07\/03855f70-iphone-410311_1280.jpg\",\"contentUrl\":\"https:\/\/files.sunoresearch.com.br\/n\/uploads\/2021\/07\/03855f70-iphone-410311_1280.jpg\",\"width\":1280,\"height\":853,\"caption\":\"Celular. Foto: Pixabay\"},{\"@type\":\"BreadcrumbList\",\"@id\":\"https:\/\/www.suno.com.br\/noticias\/black-friday-lista-15-produtos-mais-desejados-pelos-consumidores\/#breadcrumb\",\"itemListElement\":[{\"@type\":\"ListItem\",\"position\":1,\"name\":\"Not\u00edcias\",\"item\":\"https:\/\/www.suno.com.br\/noticias\/\"},{\"@type\":\"ListItem\",\"position\":2,\"name\":\"Neg\u00f3cios\",\"item\":\"https:\/\/www.suno.com.br\/noticias\/negocios\/\"},{\"@type\":\"ListItem\",\"position\":3,\"name\":\"Black Friday: Veja a lista dos 15 produtos mais cobi\u00e7ados pelos consumidores\"}]},{\"@type\":\"WebSite\",\"@id\":\"https:\/\/www.suno.com.br\/noticias\/#website\",\"url\":\"https:\/\/www.suno.com.br\/noticias\/\",\"name\":\"Suno Not\u00edcias\",\"description\":\"Seu portal de informa\u00e7\u00e3o sobre o mundo dos investimentos\",\"publisher\":{\"@id\":\"https:\/\/www.suno.com.br\/noticias\/#organization\"},\"potentialAction\":[{\"@type\":\"SearchAction\",\"target\":{\"@type\":\"EntryPoint\",\"urlTemplate\":\"https:\/\/www.suno.com.br\/noticias\/?s={search_term_string}\"},\"query-input\":{\"@type\":\"PropertyValueSpecification\",\"valueRequired\":true,\"valueName\":\"search_term_string\"}}],\"inLanguage\":\"pt-BR\"},{\"@type\":\"Organization\",\"@id\":\"https:\/\/www.suno.com.br\/noticias\/#organization\",\"name\":\"Suno Not\u00edcias\",\"url\":\"https:\/\/www.suno.com.br\/noticias\/\",\"logo\":{\"@type\":\"ImageObject\",\"inLanguage\":\"pt-BR\",\"@id\":\"https:\/\/www.suno.com.br\/noticias\/#\/schema\/logo\/image\/\",\"url\":\"https:\/\/files.sunoresearch.com.br\/n\/uploads\/2021\/09\/suno-logo.png\",\"contentUrl\":\"https:\/\/files.sunoresearch.com.br\/n\/uploads\/2021\/09\/suno-logo.png\",\"width\":180,\"height\":180,\"caption\":\"Suno Not\u00edcias\"},\"image\":{\"@id\":\"https:\/\/www.suno.com.br\/noticias\/#\/schema\/logo\/image\/\"},\"sameAs\":[\"https:\/\/facebook.com\/sunoresearch\",\"https:\/\/x.com\/sunoresearch\",\"https:\/\/www.instagram.com\/suno\",\"https:\/\/www.linkedin.com\/company\/suno-research\/\",\"https:\/\/www.youtube.com\/c\/sunoresearch\"]},{\"@type\":\"Person\",\"@id\":\"https:\/\/www.suno.com.br\/noticias\/#\/schema\/person\/02ec1f752758247878a2bf4abee1aeda\",\"name\":\"Poliana Santos\",\"image\":{\"@type\":\"ImageObject\",\"inLanguage\":\"pt-BR\",\"@id\":\"https:\/\/www.suno.com.br\/noticias\/#\/schema\/person\/image\/\",\"url\":\"https:\/\/secure.gravatar.com\/avatar\/0645bd32f23d87b2130f2b2dff1d3f8d?s=96&r=g\",\"contentUrl\":\"https:\/\/secure.gravatar.com\/avatar\/0645bd32f23d87b2130f2b2dff1d3f8d?s=96&r=g\",\"caption\":\"Poliana Santos\"},\"description\":\"Rep\u00f3rter no Suno Not\u00edcias, com cobertura em mercado financeiro, economia, finan\u00e7as pessoais, renda fixa e varejo. Jornalista formada pela Faculdade C\u00e1sper L\u00edbero e possui passagem na R\u00e1dio Gazeta AM com a produ\u00e7\u00e3o de conte\u00fado sobre economia, pol\u00edtica, sa\u00fade, moda e m\u00fasica. Possui certificado de conclus\u00e3o do curso de An\u00e1lise de Balan\u00e7os pela Funda\u00e7\u00e3o Bradesco, Agenda Brasil pela FAAP, Educa\u00e7\u00e3o Pol\u00edtica por Alexandre Garcia e do Tesouro Direto e Mercado de A\u00e7\u00f5es pela B3.\",\"url\":\"https:\/\/www.suno.com.br\/noticias\/author\/poliana-santos\/\"}]}<\/script>\n<!-- \/ Yoast SEO plugin. -->","yoast_head_json":{"title":"Black Friday: Veja a lista dos 15 produtos mais desejados","description":"Segundo a pesquisa da Conversion, os celulares s\u00e3o os itens mais desejado pelos consumidores na Black Friday. Clique aqui e veja","robots":{"index":"index","follow":"follow","max-snippet":"max-snippet:-1","max-image-preview":"max-image-preview:large","max-video-preview":"max-video-preview:-1"},"canonical":"https:\/\/www.suno.com.br\/noticias\/black-friday-lista-15-produtos-mais-desejados-pelos-consumidores\/","og_locale":"pt_BR","og_type":"article","og_title":"Black Friday: Veja a lista dos 15 produtos mais desejados","og_description":"Segundo a pesquisa da Conversion, os celulares s\u00e3o os itens mais desejado pelos consumidores na Black Friday. Clique aqui e veja","og_url":"https:\/\/www.suno.com.br\/noticias\/black-friday-lista-15-produtos-mais-desejados-pelos-consumidores\/","og_site_name":"Suno Not\u00edcias","article_publisher":"https:\/\/facebook.com\/sunoresearch","og_image":[{"width":1280,"height":853,"url":"https:\/\/files.sunoresearch.com.br\/n\/uploads\/2021\/07\/03855f70-iphone-410311_1280.jpg","type":"image\/jpeg"}],"author":"Poliana Santos","twitter_card":"summary_large_image","twitter_creator":"@sunoresearch","twitter_site":"@sunoresearch","twitter_misc":{"Escrito por":"Poliana Santos","Est. tempo de leitura":"2 minutos"},"schema":{"@context":"https:\/\/schema.org","@graph":[{"@type":"NewsArticle","@id":"https:\/\/www.suno.com.br\/noticias\/black-friday-lista-15-produtos-mais-desejados-pelos-consumidores\/#article","isPartOf":{"@id":"https:\/\/www.suno.com.br\/noticias\/black-friday-lista-15-produtos-mais-desejados-pelos-consumidores\/"},"author":{"name":"Poliana Santos","@id":"https:\/\/www.suno.com.br\/noticias\/#\/schema\/person\/02ec1f752758247878a2bf4abee1aeda"},"headline":"Black Friday: Veja a lista dos 15 produtos mais cobi\u00e7ados pelos consumidores","datePublished":"2021-11-26T15:41:41+00:00","dateModified":"2021-11-26T15:42:19+00:00","mainEntityOfPage":{"@id":"https:\/\/www.suno.com.br\/noticias\/black-friday-lista-15-produtos-mais-desejados-pelos-consumidores\/"},"wordCount":491,"publisher":{"@id":"https:\/\/www.suno.com.br\/noticias\/#organization"},"image":{"@id":"https:\/\/www.suno.com.br\/noticias\/black-friday-lista-15-produtos-mais-desejados-pelos-consumidores\/#primaryimage"},"thumbnailUrl":"https:\/\/files.sunoresearch.com.br\/n\/uploads\/2021\/07\/03855f70-iphone-410311_1280.jpg","keywords":["Black Friday"],"articleSection":["Neg\u00f3cios"],"inLanguage":"pt-BR"},{"@type":"WebPage","@id":"https:\/\/www.suno.com.br\/noticias\/black-friday-lista-15-produtos-mais-desejados-pelos-consumidores\/","url":"https:\/\/www.suno.com.br\/noticias\/black-friday-lista-15-produtos-mais-desejados-pelos-consumidores\/","name":"Black Friday: Veja a lista dos 15 produtos mais desejados","isPartOf":{"@id":"https:\/\/www.suno.com.br\/noticias\/#website"},"primaryImageOfPage":{"@id":"https:\/\/www.suno.com.br\/noticias\/black-friday-lista-15-produtos-mais-desejados-pelos-consumidores\/#primaryimage"},"image":{"@id":"https:\/\/www.suno.com.br\/noticias\/black-friday-lista-15-produtos-mais-desejados-pelos-consumidores\/#primaryimage"},"thumbnailUrl":"https:\/\/files.sunoresearch.com.br\/n\/uploads\/2021\/07\/03855f70-iphone-410311_1280.jpg","datePublished":"2021-11-26T15:41:41+00:00","dateModified":"2021-11-26T15:42:19+00:00","description":"Segundo a pesquisa da Conversion, os celulares s\u00e3o os itens mais desejado pelos consumidores na Black Friday. Clique aqui e veja","breadcrumb":{"@id":"https:\/\/www.suno.com.br\/noticias\/black-friday-lista-15-produtos-mais-desejados-pelos-consumidores\/#breadcrumb"},"inLanguage":"pt-BR","potentialAction":[{"@type":"ReadAction","target":["https:\/\/www.suno.com.br\/noticias\/black-friday-lista-15-produtos-mais-desejados-pelos-consumidores\/"]}]},{"@type":"ImageObject","inLanguage":"pt-BR","@id":"https:\/\/www.suno.com.br\/noticias\/black-friday-lista-15-produtos-mais-desejados-pelos-consumidores\/#primaryimage","url":"https:\/\/files.sunoresearch.com.br\/n\/uploads\/2021\/07\/03855f70-iphone-410311_1280.jpg","contentUrl":"https:\/\/files.sunoresearch.com.br\/n\/uploads\/2021\/07\/03855f70-iphone-410311_1280.jpg","width":1280,"height":853,"caption":"Celular. Foto: Pixabay"},{"@type":"BreadcrumbList","@id":"https:\/\/www.suno.com.br\/noticias\/black-friday-lista-15-produtos-mais-desejados-pelos-consumidores\/#breadcrumb","itemListElement":[{"@type":"ListItem","position":1,"name":"Not\u00edcias","item":"https:\/\/www.suno.com.br\/noticias\/"},{"@type":"ListItem","position":2,"name":"Neg\u00f3cios","item":"https:\/\/www.suno.com.br\/noticias\/negocios\/"},{"@type":"ListItem","position":3,"name":"Black Friday: Veja a lista dos 15 produtos mais cobi\u00e7ados pelos consumidores"}]},{"@type":"WebSite","@id":"https:\/\/www.suno.com.br\/noticias\/#website","url":"https:\/\/www.suno.com.br\/noticias\/","name":"Suno Not\u00edcias","description":"Seu portal de informa\u00e7\u00e3o sobre o mundo dos investimentos","publisher":{"@id":"https:\/\/www.suno.com.br\/noticias\/#organization"},"potentialAction":[{"@type":"SearchAction","target":{"@type":"EntryPoint","urlTemplate":"https:\/\/www.suno.com.br\/noticias\/?s={search_term_string}"},"query-input":{"@type":"PropertyValueSpecification","valueRequired":true,"valueName":"search_term_string"}}],"inLanguage":"pt-BR"},{"@type":"Organization","@id":"https:\/\/www.suno.com.br\/noticias\/#organization","name":"Suno Not\u00edcias","url":"https:\/\/www.suno.com.br\/noticias\/","logo":{"@type":"ImageObject","inLanguage":"pt-BR","@id":"https:\/\/www.suno.com.br\/noticias\/#\/schema\/logo\/image\/","url":"https:\/\/files.sunoresearch.com.br\/n\/uploads\/2021\/09\/suno-logo.png","contentUrl":"https:\/\/files.sunoresearch.com.br\/n\/uploads\/2021\/09\/suno-logo.png","width":180,"height":180,"caption":"Suno Not\u00edcias"},"image":{"@id":"https:\/\/www.suno.com.br\/noticias\/#\/schema\/logo\/image\/"},"sameAs":["https:\/\/facebook.com\/sunoresearch","https:\/\/x.com\/sunoresearch","https:\/\/www.instagram.com\/suno","https:\/\/www.linkedin.com\/company\/suno-research\/","https:\/\/www.youtube.com\/c\/sunoresearch"]},{"@type":"Person","@id":"https:\/\/www.suno.com.br\/noticias\/#\/schema\/person\/02ec1f752758247878a2bf4abee1aeda","name":"Poliana Santos","image":{"@type":"ImageObject","inLanguage":"pt-BR","@id":"https:\/\/www.suno.com.br\/noticias\/#\/schema\/person\/image\/","url":"https:\/\/secure.gravatar.com\/avatar\/0645bd32f23d87b2130f2b2dff1d3f8d?s=96&r=g","contentUrl":"https:\/\/secure.gravatar.com\/avatar\/0645bd32f23d87b2130f2b2dff1d3f8d?s=96&r=g","caption":"Poliana Santos"},"description":"Rep\u00f3rter no Suno Not\u00edcias, com cobertura em mercado financeiro, economia, finan\u00e7as pessoais, renda fixa e varejo. Jornalista formada pela Faculdade C\u00e1sper L\u00edbero e possui passagem na R\u00e1dio Gazeta AM com a produ\u00e7\u00e3o de conte\u00fado sobre economia, pol\u00edtica, sa\u00fade, moda e m\u00fasica. Possui certificado de conclus\u00e3o do curso de An\u00e1lise de Balan\u00e7os pela Funda\u00e7\u00e3o Bradesco, Agenda Brasil pela FAAP, Educa\u00e7\u00e3o Pol\u00edtica por Alexandre Garcia e do Tesouro Direto e Mercado de A\u00e7\u00f5es pela B3.","url":"https:\/\/www.suno.com.br\/noticias\/author\/poliana-santos\/"}]}},"default_loop_html":"<div class=\"cardsPage__listCard__boxs\"><div class=\"cardsPage__listCard__boxs__img\"><a href=\"https:\/\/www.suno.com.br\/noticias\/black-friday-lista-15-produtos-mais-desejados-pelos-consumidores\/\"><img class=\"mask\" src=\"https:\/\/www.suno.com.br\/noticias\/wp-content\/themes\/suno\/resources\/images\/spotlight\/spotlight1img\/bg-mask.png\" alt=\"Image Mask\"\/><img src=\"https:\/\/files.sunoresearch.com.br\/n\/uploads\/2021\/07\/03855f70-iphone-410311_1280-400x200.jpg\" alt=\"Black Friday: Veja a lista dos 15 produtos mais cobi\u00e7ados pelos consumidores\"\/><\/a><span class=\"spotlightCategory\"><a href=\"https:\/\/www.suno.com.br\/noticias\/negocios\/\">Neg\u00f3cios<\/a><\/span><\/div><div class=\"cardsPage__listCard__boxs__content\"><a href=\"https:\/\/www.suno.com.br\/noticias\/black-friday-lista-15-produtos-mais-desejados-pelos-consumidores\/\"><h2 class=\"content__title\">Black Friday: Veja a lista dos 15 produtos mais cobi\u00e7ados pelos consumidores<\/h2><\/a><div class=\"newsContent__article__meta\"><div class=\"newsContent__article__meta__authorBox\"><a href=\"https:\/\/www.suno.com.br\/noticias\/author\/poliana-santos\/\" class=\"authorBox__avatar noMobi\"><img src=\"https:\/\/files.sunoresearch.com.br\/n\/uploads\/2020\/08\/7ef34026-whatsapp-image-2020-08-03-at-12.37.57-150x150.webp\" alt=\"Poliana Santos\"><\/a><div class=\"authorBox__name\"><span>por\n\t\t\t<a href=\"https:\/\/www.suno.com.br\/noticias\/author\/poliana-santos\/\"><span itemprop=\"author\">Poliana Santos<\/span><\/a><\/span><time datetime=\"2021-11-26T12:41:41-03:00\" itemprop=\"datePublished\">26\/11\/2021 12:41<\/time><\/div><\/div><\/div><\/div><\/div>","single_layout":"posts","amp_enabled":true,"_links":{"self":[{"href":"https:\/\/www.suno.com.br\/noticias\/wp-json\/wp\/v2\/posts\/209195"}],"collection":[{"href":"https:\/\/www.suno.com.br\/noticias\/wp-json\/wp\/v2\/posts"}],"about":[{"href":"https:\/\/www.suno.com.br\/noticias\/wp-json\/wp\/v2\/types\/post"}],"author":[{"embeddable":true,"href":"https:\/\/www.suno.com.br\/noticias\/wp-json\/wp\/v2\/users\/15"}],"replies":[{"embeddable":true,"href":"https:\/\/www.suno.com.br\/noticias\/wp-json\/wp\/v2\/comments?post=209195"}],"version-history":[{"count":3,"href":"https:\/\/www.suno.com.br\/noticias\/wp-json\/wp\/v2\/posts\/209195\/revisions"}],"predecessor-version":[{"id":209243,"href":"https:\/\/www.suno.com.br\/noticias\/wp-json\/wp\/v2\/posts\/209195\/revisions\/209243"}],"wp:featuredmedia":[{"embeddable":true,"href":"https:\/\/www.suno.com.br\/noticias\/wp-json\/wp\/v2\/media\/164245"}],"wp:attachment":[{"href":"https:\/\/www.suno.com.br\/noticias\/wp-json\/wp\/v2\/media?parent=209195"}],"wp:term":[{"taxonomy":"category","embeddable":true,"href":"https:\/\/www.suno.com.br\/noticias\/wp-json\/wp\/v2\/categories?post=209195"},{"taxonomy":"post_tag","embeddable":true,"href":"https:\/\/www.suno.com.br\/noticias\/wp-json\/wp\/v2\/tags?post=209195"},{"taxonomy":"suno_strategy","embeddable":true,"href":"https:\/\/www.suno.com.br\/noticias\/wp-json\/wp\/v2\/suno_strategy?post=209195"}],"curies":[{"name":"wp","href":"https:\/\/api.w.org\/{rel}","templated":true}]}}