{"id":209162,"date":"2021-11-26T10:38:14","date_gmt":"2021-11-26T13:38:14","guid":{"rendered":"https:\/\/www.suno.com.br\/noticias\/?p=209162"},"modified":"2021-11-26T10:38:14","modified_gmt":"2021-11-26T13:38:14","slug":"black-friday-magazine-luiza-mglu3-via-viia3-americanas-amer3","status":"publish","type":"post","link":"https:\/\/www.suno.com.br\/noticias\/black-friday-magazine-luiza-mglu3-via-viia3-americanas-amer3\/","title":{"rendered":"Black Friday do Magazine Luiza (MGLU3), Via (VIIA3) e Americanas (AMER3): Veja como as empresas se prepararam"},"content":{"rendered":"<p>A sexta-feira mais esperada do ano para os consumidores chegou. A<strong> Black Friday<\/strong> que promete descontos e promo\u00e7\u00f5es &#8220;imperd\u00edveis&#8221; acontece hoje mas a prepara\u00e7\u00e3o das varejistas como <a class=\"suno-keyword\" href=\"https:\/\/www.suno.com.br\/acoes\/MGLU3\/\" target=\"_blank\" rel=\"noopener\" data-force=\"yes\" data-priority=\"2\">Magazine Luiza (MGLU3)<\/a>, Via (VIIA3) e Americanas (AMER3) vem ocorrendo h\u00e1 um bom tempo. Isso porque essa data \u00e9 de extrema import\u00e2ncia para as empresas pois elas conseguem um alto <a class=\"suno-keyword\" href=\"https:\/\/www.suno.com.br\/artigos\/ticket-medio\/\" target=\"_blank\" rel=\"noopener\" data-force=\"no\" data-priority=\"1\">ticket m\u00e9dio,<\/a>\u00a0uma vez que o consumidor se prepara financeiramente o ano inteiro para fazer compras.<\/p>\t<div class=\"wrapper-featured-image\">\n\t\t<figure class=\"spotlightImg\">\n\n\t\t\t<picture>\n\t\t\t\t<source media=\"(max-width: 768px)\" srcset=\"https:\/\/files.sunoresearch.com.br\/n\/uploads\/2021\/11\/black-friday-pixabay-400x200.jpg\">\n\t\t\t\t<img loading=\"lazy\" decoding=\"async\" class=\"newsContent__article__imgCapa lazyloadDisabled \" src=\"https:\/\/files.sunoresearch.com.br\/n\/uploads\/2021\/11\/black-friday-pixabay-800x450.jpg\" width=\"800\" height=\"450\" alt=\"Black Friday do Magazine Luiza (MGLU3), Via (VIIA3) e Americanas (AMER3): Veja como as empresas se prepararam\" fetchpriority=high \/>\n\t\t\t<\/picture>\n\n\t\t\t<figcaption class=\"wp-caption-text wp-caption-text--show\">Black Friday. Foto: Pixabay<\/figcaption>\n\t\t<\/figure>\n\t<\/div>\n\n\n\t<p>\n\t\t<a href=\"https:\/\/lp.suno.com.br\/planilha-controle-gastos\/\" target=\"_blank\" data-element=\"shortcode-suno-banner\" title=\"Banner SUNO, clique e saiba mais\">\n\t\t\t<picture>\n\t\t\t\t<source media=\"(max-width: 500px)\" srcset=\"https:\/\/files.sunoresearch.com.br\/n\/uploads\/2023\/03\/400x300-Planilha-controle-de-gastos.png\">\n\t\t\t\t<img class=\"newsContent__article__imgCapa newsContent__article__imgCapa--banner\"\n\t\t\t\t\tsrc=\"https:\/\/files.sunoresearch.com.br\/n\/uploads\/2023\/03\/1420x240-Planilha-controle-de-gastos.png\"\n\t\t\t\t\tdata-promo-id=\"101751\"\t\t\t\t\t\t\t\t\t\twidth='1420' height='240'\t\t\t\t\talt=\"https:\/\/files.sunoresearch.com.br\/n\/uploads\/2023\/03\/1420x240-Planilha-controle-de-gastos.png\"\n\t\t\t\t>\n\t\t\t<\/picture>\n\t\t<\/a>\n\t<\/p>\n\n\n<p>Com base nisso, o <strong>Magazine Luiza<\/strong> focou no segmento de produtos premium para tentar a maior Black Friday da sua hist\u00f3ria. A gigante do e-commerce come\u00e7ou a se preparar para no final do terceiro trimestre do ano passado. O primeiro ponto de aten\u00e7\u00e3o foi a garantia de estoques. Hoje a economia global enfrenta enfrenta uma escassez de chips no mercado \u2014 necess\u00e1rio ao funcionamento desde smartphones a geladeiras modernas.<\/p>\n<p>Dentro da classe de eletr\u00f4nicos, o Magalu projetou uma demanda aquecida de artigos do <strong>segmento premium<\/strong>, entre os quais:<\/p>\n<ul>\n<li>iPhones;<\/li>\n<li>Televis\u00f5es acima de 82 polegadas, OLEDs e QLEDs;<\/li>\n<li>Samsung S21;<\/li>\n<li>Refrigeradores de alto padr\u00e3o da Samsung, da Brastemp;<\/li>\n<li>Notebooks core i5, core i7;<\/li>\n<li>Notebooks gamers.<\/li>\n<\/ul>\n<p>Al\u00e9m das categorias, o Magazine Luiza oferecer\u00e1 produtos de importa\u00e7\u00e3o direta para o segmento de utilidade dom\u00e9stica, incluindo pratos, panelas, talheres e mais produtos exclusivos, com os quais a empresa nunca havia trabalhado.<\/p>\n\t<div data-element=\"shortcode-read-more\" class=\"knowMore\">\n\t\t\t\t<span class=\"knowMore__title\">Saiba Mais<\/span>\n\t\t\t\t<a class=\"knowMore__link\" href=\"https:\/\/www.suno.com.br\/noticias\/mrv-mrve3-magazine-luiza-mglu3-apartamentos-black-friday\/\">\n\t\t\tMRV (MRVE3) e Magazine Luiza (MGLU3) fazem parceria para venda de apartamentos na Black Friday\t\t<\/a>\n\t<\/div>\n\n\n<p>O Magazine Luiza ampliou o prazo de ofertas para o m\u00eas inteiro com a campanha &#8220;<strong>Agora ou Nunca<\/strong>&#8220;, a partir da qual liberar\u00e1 diariamente descontos de at\u00e9 80% em todas as categorias. As ofertas duram apenas 24 horas e valem tanto nas lojas f\u00edsicas, como no site e no superapp. As ofertas antecipadas n\u00e3o voltar\u00e3o mais baratas no dia da Black Friday.<\/p>\n<p>Al\u00e9m disso, o Magalu se uniu com a construtora <a class=\"suno-keyword\" href=\"https:\/\/www.suno.com.br\/acoes\/MRVE3\/\" target=\"_blank\" rel=\"noopener\" data-force=\"yes\" data-priority=\"2\"><strong>MRV<\/strong> (MRVE3)<\/a> para vender apartamentos com descontos durante a Black Friday.<\/p>\n\t<p>\n\t\t<a href=\"https:\/\/lp.suno.com.br\/planilha-da-vida-financeira\/\" target=\"_blank\" data-element=\"shortcode-suno-banner\" title=\"Banner SUNO, clique e saiba mais\">\n\t\t\t<picture>\n\t\t\t\t<source media=\"(max-width: 500px)\" srcset=\"https:\/\/files.sunoresearch.com.br\/n\/uploads\/2023\/04\/400x300-Planilha-vida-financeira-true.png\">\n\t\t\t\t<img class=\"newsContent__article__imgCapa newsContent__article__imgCapa--banner\"\n\t\t\t\t\tsrc=\"https:\/\/files.sunoresearch.com.br\/n\/uploads\/2023\/04\/1420x240-Planilha-vida-financeira-true.png\"\n\t\t\t\t\tdata-promo-id=\"106682\"\t\t\t\t\t\t\t\t\t\twidth='1420' height='240'\t\t\t\t\talt=\"https:\/\/files.sunoresearch.com.br\/n\/uploads\/2023\/04\/1420x240-Planilha-vida-financeira-true.png\"\n\t\t\t\t>\n\t\t\t<\/picture>\n\t\t<\/a>\n\t<\/p>\n\n\n<h2>Via refor\u00e7a estoques para sexta-feira de promo\u00e7\u00f5es<\/h2>\n<p>Assim como o Magalu, h\u00e1 meses que a Via vem trabalhando o abastecimento do seu <strong>estoque<\/strong> de produtos, por causa da crise na cadeia de suprimentos em meio \u00e0 pandemia e tamb\u00e9m pela prepara\u00e7\u00e3o da Black Friday e as festas natalinas.<\/p>\n<p>De acordo com \u00a0o CEO Roberto Fulcherberguer, o setor de varejo passa por um per\u00edodo agressivo em vista da maior concorr\u00eancia e deve se manter assim neste per\u00edodo de Black Friday. Por\u00e9m, a expectativa da Via \u00e9 que as vendas da Black Friday sejam t\u00e3o fortes quanto os \u00faltimos anos ou at\u00e9 maiores. \u201cTemos promo\u00e7\u00f5es e estoque para isso\u201d, disse o CEO.<\/p>\n<p>No ano passado, as<strong>\u00a0vendas da Via<\/strong>\u00a0foram recordes, somando R$ 3 bilh\u00f5es. J\u00e1 no ano anterior, 2019, o valor foi de R$ 2,2 bilh\u00f5es. De acordo com a dona das\u00a0<strong>Casas Bahia<\/strong>, as vendas online cresceram 99% em 2020 e responderam por 62,4% das vendas do per\u00edodo.<\/p>\n\t<p>\n\t\t<a href=\"https:\/\/lp.suno.com.br\/ebook-como-analisar-uma-acao\/\" target=\"_blank\" data-element=\"shortcode-suno-banner\" title=\"Banner SUNO, clique e saiba mais\">\n\t\t\t<picture>\n\t\t\t\t<source media=\"(max-width: 500px)\" srcset=\"https:\/\/files.sunoresearch.com.br\/n\/uploads\/2023\/03\/Ebook-Acoes-Mobile-1.jpg\">\n\t\t\t\t<img class=\"newsContent__article__imgCapa newsContent__article__imgCapa--banner\"\n\t\t\t\t\tsrc=\"https:\/\/files.sunoresearch.com.br\/n\/uploads\/2023\/03\/Ebook-Acoes-Desktop-1.jpg\"\n\t\t\t\t\tdata-promo-id=\"171998\"\t\t\t\t\t\t\t\t\t\twidth='1420' height='286'\t\t\t\t\talt=\"https:\/\/files.sunoresearch.com.br\/n\/uploads\/2023\/03\/Ebook-Acoes-Desktop-1.jpg\"\n\t\t\t\t>\n\t\t\t<\/picture>\n\t\t<\/a>\n\t<\/p>\n\n\n<p>Para esse ano, a presen\u00e7a em diversas plataformas tamb\u00e9m \u00e9 uma das apostas da varejista. De acordo com Fulcherberguer, a\u00a0<strong>Black Friday da Via<\/strong>\u00a0vai envolver todo o sistema de vendas da companhia, com live commerce, marketplace, lojas f\u00edsicas, \u201cMe Chama no Zap\u201d.<\/p>\n<p>Para esse ano, a presen\u00e7a em diversas plataformas tamb\u00e9m \u00e9 uma das apostas da varejista. De acordo com Fulcherberguer, a Black Friday da Via vai envolver todo o sistema de vendas da companhia, com live commerce, marketplace, lojas f\u00edsicas e o aplicativo \u201cMe Chama no Zap\u201d.<\/p>\n<h2>Americanas turbina Black Friday com aquisi\u00e7\u00f5es<\/h2>\n<p>J\u00e1 a Americanas vai em outra linha, a varejista n\u00e3o aposta em produtos bomb\u00e1sticos, mas na solidez de suas aquisi\u00e7\u00f5es mais recentes, como Natural da Terra, Puket e Imaginarium.<\/p>\n<p>Embora existam ofertas de produtos das novas marcas do grupo, ainda n\u00e3o se trata de uma integra\u00e7\u00e3o completa. O <strong>Natural da Terra<\/strong>, com o apelo de saudabilidade e grande recorr\u00eancia, j\u00e1 entrou na plataforma da Americanas.\u00a0 Mas n\u00e3o se trata uma integra\u00e7\u00e3o de sistemas e processos: \u00e9 como se o Natural da Terra fosse mais uma loja dentro do\u00a0<strong>marketplace<\/strong>\u00a0(esp\u00e9cie de shopping virtual). Esse modelo valer\u00e1 tamb\u00e9m para outras marcas adquiridas.<\/p>\n<p>Uma das principais novidades planejadas para a data \u2013 um avi\u00e3o cargueiro pintado com o logotipo da Americanas, que seria respons\u00e1vel por abastecer mais rapidamente a regi\u00e3o Nordeste \u2013 foi adiada, mas a empresa est\u00e1 fazendo, como suas concorrentes, uma forte aposta em lives : a Americanas recrutou a vencedora do BBB 21, Juliette, e o influenciador Felipe Neto. A empresa tamb\u00e9m vai sortear 250 pares de ingressos do <strong>Rock in Rio<\/strong> \u2013 uma \u201cloteria\u201d para seus quase 50 milh\u00f5es de clientes.<\/p>\n<h2>Magalu, Via e Americanas apostam em redes sociais<\/h2>\n<p>Levantamento feito pela plataforma Buzzmonitor indica que o interesse pela Black Friday cresceu entre outubro e novembro nas redes sociais, como \u00e9 comum neste per\u00edodo. Em um m\u00eas, as publica\u00e7\u00f5es no Instagram sobre o tema cresceram 3.900%. \u201cDe um lado algumas empresas est\u00e3o cautelosas, mas de outro o cliente tenta tirar o atraso do que ele n\u00e3o fez durante a pandemia\u201d, diz o consultor Jaime Troiano, da Troiano Branding. Mas o cen\u00e1rio exige pondera\u00e7\u00f5es.<\/p>\n<p>O varejo v\u00ea o quadro ainda desolador. O\u00a0setor que recuou 1,3% em setembro em meio \u00e0 infla\u00e7\u00e3o em disparada coloca em d\u00favida a for\u00e7a de uma das datas mais esperadas do varejo. Diante do momento econ\u00f4mico dif\u00edcil, o jeito est\u00e1 sendo apostar na for\u00e7a da\u00a0<strong>comunica\u00e7\u00e3o para a Black Friday<\/strong>: desde o in\u00edcio deste m\u00eas, as marcas veiculam campanhas sobre a data na televis\u00e3o, nas redes sociais e at\u00e9 em jogos de computador.<\/p>\n<p>Nomes como\u00a0Magazine Luiza<strong>, <\/strong>Via e Mercado Livre prometem nas campanhas facilidades como frete gr\u00e1tis, parcelamentos e descontos que v\u00e3o de 20% at\u00e9 70% nos produtos de plataformas digitais e em lojas f\u00edsicas na<strong> Black Friday<\/strong>.<\/p>\n\t<p>\n\t\t<a href=\"https:\/\/lp.suno.com.br\/planilha-de-controle-de-investimentos\/\" target=\"_blank\" data-element=\"shortcode-suno-banner\" title=\"Banner SUNO, clique e saiba mais\">\n\t\t\t<picture>\n\t\t\t\t<source media=\"(max-width: 500px)\" srcset=\"https:\/\/files.sunoresearch.com.br\/n\/uploads\/2023\/03\/400x300-Controle-de-Investimentos.png\">\n\t\t\t\t<img class=\"newsContent__article__imgCapa newsContent__article__imgCapa--banner\"\n\t\t\t\t\tsrc=\"https:\/\/files.sunoresearch.com.br\/n\/uploads\/2023\/03\/1420x240-Controle-de-Investimentos.png\"\n\t\t\t\t\tdata-promo-id=\"75934\"\t\t\t\t\t\t\t\t\t\twidth='1420' height='240'\t\t\t\t\talt=\"https:\/\/files.sunoresearch.com.br\/n\/uploads\/2023\/03\/1420x240-Controle-de-Investimentos.png\"\n\t\t\t\t>\n\t\t\t<\/picture>\n\t\t<\/a>\n\t<\/p>\n\n\n","protected":false},"excerpt":{"rendered":"<p>A sexta-feira mais esperada do ano para os consumidores chegou. A Black Friday que promete descontos e promo\u00e7\u00f5es &#8220;imperd\u00edveis&#8221; acontece hoje mas a prepara\u00e7\u00e3o das varejistas como Magazine Luiza (MGLU3), Via (VIIA3) e Americanas (AMER3) vem ocorrendo h\u00e1 um bom tempo. Isso porque essa data \u00e9 de extrema import\u00e2ncia para as empresas pois elas conseguem [&hellip;]<\/p>\n","protected":false},"author":15,"featured_media":209145,"comment_status":"closed","ping_status":"closed","sticky":false,"template":"","format":"standard","meta":[],"categories":[64],"tags":[106605,548,106935],"suno_strategy":[],"class_list":["post-209162","post","type-post","status-publish","format-standard","has-post-thumbnail","hentry","category-negocios","tag-americanas-s-a-amer3","tag-magazine-luiza-mglu3","tag-via-viia3"],"yoast_head":"<!-- This site is optimized with the Yoast SEO plugin v24.4 - https:\/\/yoast.com\/wordpress\/plugins\/seo\/ -->\n<title>Black Friday do Magalu (MGLU3) e Via (VIIA3): Veja a prepara\u00e7\u00e3o<\/title>\n<meta name=\"description\" content=\"A Black Friday acontece hoje mas a prepara\u00e7\u00e3o das varejistas como Magazine Luiza (MGLU3) vem ocorrendo h\u00e1 um bom tempo. Clique e veja\" \/>\n<meta name=\"robots\" content=\"index, follow, max-snippet:-1, max-image-preview:large, max-video-preview:-1\" \/>\n<link rel=\"canonical\" href=\"https:\/\/www.suno.com.br\/noticias\/black-friday-magazine-luiza-mglu3-via-viia3-americanas-amer3\/\" \/>\n<meta property=\"og:locale\" content=\"pt_BR\" \/>\n<meta property=\"og:type\" content=\"article\" \/>\n<meta property=\"og:title\" content=\"Black Friday do Magalu (MGLU3) e Via (VIIA3): Veja a prepara\u00e7\u00e3o\" \/>\n<meta property=\"og:description\" content=\"A Black Friday acontece hoje mas a prepara\u00e7\u00e3o das varejistas como Magazine Luiza (MGLU3) vem ocorrendo h\u00e1 um bom tempo. Clique e veja\" \/>\n<meta property=\"og:url\" content=\"https:\/\/www.suno.com.br\/noticias\/black-friday-magazine-luiza-mglu3-via-viia3-americanas-amer3\/\" \/>\n<meta property=\"og:site_name\" content=\"Suno Not\u00edcias\" \/>\n<meta property=\"article:publisher\" content=\"https:\/\/facebook.com\/sunoresearch\" \/>\n<meta property=\"og:image\" content=\"https:\/\/files.sunoresearch.com.br\/n\/uploads\/2021\/11\/black-friday-pixabay.jpg\" \/>\n\t<meta property=\"og:image:width\" content=\"1920\" \/>\n\t<meta property=\"og:image:height\" content=\"1279\" \/>\n\t<meta property=\"og:image:type\" content=\"image\/jpeg\" \/>\n<meta name=\"author\" content=\"Poliana Santos\" \/>\n<meta name=\"twitter:card\" content=\"summary_large_image\" \/>\n<meta name=\"twitter:creator\" content=\"@sunoresearch\" \/>\n<meta name=\"twitter:site\" content=\"@sunoresearch\" \/>\n<meta name=\"twitter:label1\" content=\"Escrito por\" \/>\n\t<meta name=\"twitter:data1\" content=\"Poliana Santos\" \/>\n\t<meta name=\"twitter:label2\" content=\"Est. tempo de leitura\" \/>\n\t<meta name=\"twitter:data2\" content=\"5 minutos\" \/>\n<script type=\"application\/ld+json\" class=\"yoast-schema-graph\">{\"@context\":\"https:\/\/schema.org\",\"@graph\":[{\"@type\":\"NewsArticle\",\"@id\":\"https:\/\/www.suno.com.br\/noticias\/black-friday-magazine-luiza-mglu3-via-viia3-americanas-amer3\/#article\",\"isPartOf\":{\"@id\":\"https:\/\/www.suno.com.br\/noticias\/black-friday-magazine-luiza-mglu3-via-viia3-americanas-amer3\/\"},\"author\":{\"name\":\"Poliana Santos\",\"@id\":\"https:\/\/www.suno.com.br\/noticias\/#\/schema\/person\/02ec1f752758247878a2bf4abee1aeda\"},\"headline\":\"Black Friday do Magazine Luiza (MGLU3), Via (VIIA3) e Americanas (AMER3): Veja como as empresas se prepararam\",\"datePublished\":\"2021-11-26T13:38:14+00:00\",\"mainEntityOfPage\":{\"@id\":\"https:\/\/www.suno.com.br\/noticias\/black-friday-magazine-luiza-mglu3-via-viia3-americanas-amer3\/\"},\"wordCount\":1012,\"publisher\":{\"@id\":\"https:\/\/www.suno.com.br\/noticias\/#organization\"},\"image\":{\"@id\":\"https:\/\/www.suno.com.br\/noticias\/black-friday-magazine-luiza-mglu3-via-viia3-americanas-amer3\/#primaryimage\"},\"thumbnailUrl\":\"https:\/\/files.sunoresearch.com.br\/n\/uploads\/2021\/11\/black-friday-pixabay.jpg\",\"keywords\":[\"Americanas (AMER3)\",\"Magazine Luiza (MGLU3)\",\"Via (VIIA3)\"],\"articleSection\":[\"Neg\u00f3cios\"],\"inLanguage\":\"pt-BR\"},{\"@type\":\"WebPage\",\"@id\":\"https:\/\/www.suno.com.br\/noticias\/black-friday-magazine-luiza-mglu3-via-viia3-americanas-amer3\/\",\"url\":\"https:\/\/www.suno.com.br\/noticias\/black-friday-magazine-luiza-mglu3-via-viia3-americanas-amer3\/\",\"name\":\"Black Friday do Magalu (MGLU3) e Via (VIIA3): Veja a prepara\u00e7\u00e3o\",\"isPartOf\":{\"@id\":\"https:\/\/www.suno.com.br\/noticias\/#website\"},\"primaryImageOfPage\":{\"@id\":\"https:\/\/www.suno.com.br\/noticias\/black-friday-magazine-luiza-mglu3-via-viia3-americanas-amer3\/#primaryimage\"},\"image\":{\"@id\":\"https:\/\/www.suno.com.br\/noticias\/black-friday-magazine-luiza-mglu3-via-viia3-americanas-amer3\/#primaryimage\"},\"thumbnailUrl\":\"https:\/\/files.sunoresearch.com.br\/n\/uploads\/2021\/11\/black-friday-pixabay.jpg\",\"datePublished\":\"2021-11-26T13:38:14+00:00\",\"description\":\"A Black Friday acontece hoje mas a prepara\u00e7\u00e3o das varejistas como Magazine Luiza (MGLU3) vem ocorrendo h\u00e1 um bom tempo. Clique e veja\",\"breadcrumb\":{\"@id\":\"https:\/\/www.suno.com.br\/noticias\/black-friday-magazine-luiza-mglu3-via-viia3-americanas-amer3\/#breadcrumb\"},\"inLanguage\":\"pt-BR\",\"potentialAction\":[{\"@type\":\"ReadAction\",\"target\":[\"https:\/\/www.suno.com.br\/noticias\/black-friday-magazine-luiza-mglu3-via-viia3-americanas-amer3\/\"]}]},{\"@type\":\"ImageObject\",\"inLanguage\":\"pt-BR\",\"@id\":\"https:\/\/www.suno.com.br\/noticias\/black-friday-magazine-luiza-mglu3-via-viia3-americanas-amer3\/#primaryimage\",\"url\":\"https:\/\/files.sunoresearch.com.br\/n\/uploads\/2021\/11\/black-friday-pixabay.jpg\",\"contentUrl\":\"https:\/\/files.sunoresearch.com.br\/n\/uploads\/2021\/11\/black-friday-pixabay.jpg\",\"width\":1920,\"height\":1279,\"caption\":\"Black Friday. Foto: Pixabay\"},{\"@type\":\"BreadcrumbList\",\"@id\":\"https:\/\/www.suno.com.br\/noticias\/black-friday-magazine-luiza-mglu3-via-viia3-americanas-amer3\/#breadcrumb\",\"itemListElement\":[{\"@type\":\"ListItem\",\"position\":1,\"name\":\"Not\u00edcias\",\"item\":\"https:\/\/www.suno.com.br\/noticias\/\"},{\"@type\":\"ListItem\",\"position\":2,\"name\":\"Neg\u00f3cios\",\"item\":\"https:\/\/www.suno.com.br\/noticias\/negocios\/\"},{\"@type\":\"ListItem\",\"position\":3,\"name\":\"Black Friday do Magazine Luiza (MGLU3), Via (VIIA3) e Americanas (AMER3): Veja como as empresas se prepararam\"}]},{\"@type\":\"WebSite\",\"@id\":\"https:\/\/www.suno.com.br\/noticias\/#website\",\"url\":\"https:\/\/www.suno.com.br\/noticias\/\",\"name\":\"Suno Not\u00edcias\",\"description\":\"Seu portal de informa\u00e7\u00e3o sobre o mundo dos investimentos\",\"publisher\":{\"@id\":\"https:\/\/www.suno.com.br\/noticias\/#organization\"},\"potentialAction\":[{\"@type\":\"SearchAction\",\"target\":{\"@type\":\"EntryPoint\",\"urlTemplate\":\"https:\/\/www.suno.com.br\/noticias\/?s={search_term_string}\"},\"query-input\":{\"@type\":\"PropertyValueSpecification\",\"valueRequired\":true,\"valueName\":\"search_term_string\"}}],\"inLanguage\":\"pt-BR\"},{\"@type\":\"Organization\",\"@id\":\"https:\/\/www.suno.com.br\/noticias\/#organization\",\"name\":\"Suno Not\u00edcias\",\"url\":\"https:\/\/www.suno.com.br\/noticias\/\",\"logo\":{\"@type\":\"ImageObject\",\"inLanguage\":\"pt-BR\",\"@id\":\"https:\/\/www.suno.com.br\/noticias\/#\/schema\/logo\/image\/\",\"url\":\"https:\/\/files.sunoresearch.com.br\/n\/uploads\/2021\/09\/suno-logo.png\",\"contentUrl\":\"https:\/\/files.sunoresearch.com.br\/n\/uploads\/2021\/09\/suno-logo.png\",\"width\":180,\"height\":180,\"caption\":\"Suno Not\u00edcias\"},\"image\":{\"@id\":\"https:\/\/www.suno.com.br\/noticias\/#\/schema\/logo\/image\/\"},\"sameAs\":[\"https:\/\/facebook.com\/sunoresearch\",\"https:\/\/x.com\/sunoresearch\",\"https:\/\/www.instagram.com\/suno\",\"https:\/\/www.linkedin.com\/company\/suno-research\/\",\"https:\/\/www.youtube.com\/c\/sunoresearch\"]},{\"@type\":\"Person\",\"@id\":\"https:\/\/www.suno.com.br\/noticias\/#\/schema\/person\/02ec1f752758247878a2bf4abee1aeda\",\"name\":\"Poliana Santos\",\"image\":{\"@type\":\"ImageObject\",\"inLanguage\":\"pt-BR\",\"@id\":\"https:\/\/www.suno.com.br\/noticias\/#\/schema\/person\/image\/\",\"url\":\"https:\/\/secure.gravatar.com\/avatar\/0645bd32f23d87b2130f2b2dff1d3f8d?s=96&r=g\",\"contentUrl\":\"https:\/\/secure.gravatar.com\/avatar\/0645bd32f23d87b2130f2b2dff1d3f8d?s=96&r=g\",\"caption\":\"Poliana Santos\"},\"description\":\"Rep\u00f3rter no Suno Not\u00edcias, com cobertura em mercado financeiro, economia, finan\u00e7as pessoais, renda fixa e varejo. Jornalista formada pela Faculdade C\u00e1sper L\u00edbero e possui passagem na R\u00e1dio Gazeta AM com a produ\u00e7\u00e3o de conte\u00fado sobre economia, pol\u00edtica, sa\u00fade, moda e m\u00fasica. Possui certificado de conclus\u00e3o do curso de An\u00e1lise de Balan\u00e7os pela Funda\u00e7\u00e3o Bradesco, Agenda Brasil pela FAAP, Educa\u00e7\u00e3o Pol\u00edtica por Alexandre Garcia e do Tesouro Direto e Mercado de A\u00e7\u00f5es pela B3.\",\"url\":\"https:\/\/www.suno.com.br\/noticias\/author\/poliana-santos\/\"}]}<\/script>\n<!-- \/ Yoast SEO plugin. -->","yoast_head_json":{"title":"Black Friday do Magalu (MGLU3) e Via (VIIA3): Veja a prepara\u00e7\u00e3o","description":"A Black Friday acontece hoje mas a prepara\u00e7\u00e3o das varejistas como Magazine Luiza (MGLU3) vem ocorrendo h\u00e1 um bom tempo. Clique e veja","robots":{"index":"index","follow":"follow","max-snippet":"max-snippet:-1","max-image-preview":"max-image-preview:large","max-video-preview":"max-video-preview:-1"},"canonical":"https:\/\/www.suno.com.br\/noticias\/black-friday-magazine-luiza-mglu3-via-viia3-americanas-amer3\/","og_locale":"pt_BR","og_type":"article","og_title":"Black Friday do Magalu (MGLU3) e Via (VIIA3): Veja a prepara\u00e7\u00e3o","og_description":"A Black Friday acontece hoje mas a prepara\u00e7\u00e3o das varejistas como Magazine Luiza (MGLU3) vem ocorrendo h\u00e1 um bom tempo. Clique e veja","og_url":"https:\/\/www.suno.com.br\/noticias\/black-friday-magazine-luiza-mglu3-via-viia3-americanas-amer3\/","og_site_name":"Suno Not\u00edcias","article_publisher":"https:\/\/facebook.com\/sunoresearch","og_image":[{"width":1920,"height":1279,"url":"https:\/\/files.sunoresearch.com.br\/n\/uploads\/2021\/11\/black-friday-pixabay.jpg","type":"image\/jpeg"}],"author":"Poliana Santos","twitter_card":"summary_large_image","twitter_creator":"@sunoresearch","twitter_site":"@sunoresearch","twitter_misc":{"Escrito por":"Poliana Santos","Est. tempo de leitura":"5 minutos"},"schema":{"@context":"https:\/\/schema.org","@graph":[{"@type":"NewsArticle","@id":"https:\/\/www.suno.com.br\/noticias\/black-friday-magazine-luiza-mglu3-via-viia3-americanas-amer3\/#article","isPartOf":{"@id":"https:\/\/www.suno.com.br\/noticias\/black-friday-magazine-luiza-mglu3-via-viia3-americanas-amer3\/"},"author":{"name":"Poliana Santos","@id":"https:\/\/www.suno.com.br\/noticias\/#\/schema\/person\/02ec1f752758247878a2bf4abee1aeda"},"headline":"Black Friday do Magazine Luiza (MGLU3), Via (VIIA3) e Americanas (AMER3): Veja como as empresas se prepararam","datePublished":"2021-11-26T13:38:14+00:00","mainEntityOfPage":{"@id":"https:\/\/www.suno.com.br\/noticias\/black-friday-magazine-luiza-mglu3-via-viia3-americanas-amer3\/"},"wordCount":1012,"publisher":{"@id":"https:\/\/www.suno.com.br\/noticias\/#organization"},"image":{"@id":"https:\/\/www.suno.com.br\/noticias\/black-friday-magazine-luiza-mglu3-via-viia3-americanas-amer3\/#primaryimage"},"thumbnailUrl":"https:\/\/files.sunoresearch.com.br\/n\/uploads\/2021\/11\/black-friday-pixabay.jpg","keywords":["Americanas (AMER3)","Magazine Luiza (MGLU3)","Via (VIIA3)"],"articleSection":["Neg\u00f3cios"],"inLanguage":"pt-BR"},{"@type":"WebPage","@id":"https:\/\/www.suno.com.br\/noticias\/black-friday-magazine-luiza-mglu3-via-viia3-americanas-amer3\/","url":"https:\/\/www.suno.com.br\/noticias\/black-friday-magazine-luiza-mglu3-via-viia3-americanas-amer3\/","name":"Black Friday do Magalu (MGLU3) e Via (VIIA3): Veja a prepara\u00e7\u00e3o","isPartOf":{"@id":"https:\/\/www.suno.com.br\/noticias\/#website"},"primaryImageOfPage":{"@id":"https:\/\/www.suno.com.br\/noticias\/black-friday-magazine-luiza-mglu3-via-viia3-americanas-amer3\/#primaryimage"},"image":{"@id":"https:\/\/www.suno.com.br\/noticias\/black-friday-magazine-luiza-mglu3-via-viia3-americanas-amer3\/#primaryimage"},"thumbnailUrl":"https:\/\/files.sunoresearch.com.br\/n\/uploads\/2021\/11\/black-friday-pixabay.jpg","datePublished":"2021-11-26T13:38:14+00:00","description":"A Black Friday acontece hoje mas a prepara\u00e7\u00e3o das varejistas como Magazine Luiza (MGLU3) vem ocorrendo h\u00e1 um bom tempo. Clique e veja","breadcrumb":{"@id":"https:\/\/www.suno.com.br\/noticias\/black-friday-magazine-luiza-mglu3-via-viia3-americanas-amer3\/#breadcrumb"},"inLanguage":"pt-BR","potentialAction":[{"@type":"ReadAction","target":["https:\/\/www.suno.com.br\/noticias\/black-friday-magazine-luiza-mglu3-via-viia3-americanas-amer3\/"]}]},{"@type":"ImageObject","inLanguage":"pt-BR","@id":"https:\/\/www.suno.com.br\/noticias\/black-friday-magazine-luiza-mglu3-via-viia3-americanas-amer3\/#primaryimage","url":"https:\/\/files.sunoresearch.com.br\/n\/uploads\/2021\/11\/black-friday-pixabay.jpg","contentUrl":"https:\/\/files.sunoresearch.com.br\/n\/uploads\/2021\/11\/black-friday-pixabay.jpg","width":1920,"height":1279,"caption":"Black Friday. Foto: Pixabay"},{"@type":"BreadcrumbList","@id":"https:\/\/www.suno.com.br\/noticias\/black-friday-magazine-luiza-mglu3-via-viia3-americanas-amer3\/#breadcrumb","itemListElement":[{"@type":"ListItem","position":1,"name":"Not\u00edcias","item":"https:\/\/www.suno.com.br\/noticias\/"},{"@type":"ListItem","position":2,"name":"Neg\u00f3cios","item":"https:\/\/www.suno.com.br\/noticias\/negocios\/"},{"@type":"ListItem","position":3,"name":"Black Friday do Magazine Luiza (MGLU3), Via (VIIA3) e Americanas (AMER3): Veja como as empresas se prepararam"}]},{"@type":"WebSite","@id":"https:\/\/www.suno.com.br\/noticias\/#website","url":"https:\/\/www.suno.com.br\/noticias\/","name":"Suno Not\u00edcias","description":"Seu portal de informa\u00e7\u00e3o sobre o mundo dos investimentos","publisher":{"@id":"https:\/\/www.suno.com.br\/noticias\/#organization"},"potentialAction":[{"@type":"SearchAction","target":{"@type":"EntryPoint","urlTemplate":"https:\/\/www.suno.com.br\/noticias\/?s={search_term_string}"},"query-input":{"@type":"PropertyValueSpecification","valueRequired":true,"valueName":"search_term_string"}}],"inLanguage":"pt-BR"},{"@type":"Organization","@id":"https:\/\/www.suno.com.br\/noticias\/#organization","name":"Suno Not\u00edcias","url":"https:\/\/www.suno.com.br\/noticias\/","logo":{"@type":"ImageObject","inLanguage":"pt-BR","@id":"https:\/\/www.suno.com.br\/noticias\/#\/schema\/logo\/image\/","url":"https:\/\/files.sunoresearch.com.br\/n\/uploads\/2021\/09\/suno-logo.png","contentUrl":"https:\/\/files.sunoresearch.com.br\/n\/uploads\/2021\/09\/suno-logo.png","width":180,"height":180,"caption":"Suno Not\u00edcias"},"image":{"@id":"https:\/\/www.suno.com.br\/noticias\/#\/schema\/logo\/image\/"},"sameAs":["https:\/\/facebook.com\/sunoresearch","https:\/\/x.com\/sunoresearch","https:\/\/www.instagram.com\/suno","https:\/\/www.linkedin.com\/company\/suno-research\/","https:\/\/www.youtube.com\/c\/sunoresearch"]},{"@type":"Person","@id":"https:\/\/www.suno.com.br\/noticias\/#\/schema\/person\/02ec1f752758247878a2bf4abee1aeda","name":"Poliana Santos","image":{"@type":"ImageObject","inLanguage":"pt-BR","@id":"https:\/\/www.suno.com.br\/noticias\/#\/schema\/person\/image\/","url":"https:\/\/secure.gravatar.com\/avatar\/0645bd32f23d87b2130f2b2dff1d3f8d?s=96&r=g","contentUrl":"https:\/\/secure.gravatar.com\/avatar\/0645bd32f23d87b2130f2b2dff1d3f8d?s=96&r=g","caption":"Poliana Santos"},"description":"Rep\u00f3rter no Suno Not\u00edcias, com cobertura em mercado financeiro, economia, finan\u00e7as pessoais, renda fixa e varejo. Jornalista formada pela Faculdade C\u00e1sper L\u00edbero e possui passagem na R\u00e1dio Gazeta AM com a produ\u00e7\u00e3o de conte\u00fado sobre economia, pol\u00edtica, sa\u00fade, moda e m\u00fasica. Possui certificado de conclus\u00e3o do curso de An\u00e1lise de Balan\u00e7os pela Funda\u00e7\u00e3o Bradesco, Agenda Brasil pela FAAP, Educa\u00e7\u00e3o Pol\u00edtica por Alexandre Garcia e do Tesouro Direto e Mercado de A\u00e7\u00f5es pela B3.","url":"https:\/\/www.suno.com.br\/noticias\/author\/poliana-santos\/"}]}},"default_loop_html":"<div class=\"cardsPage__listCard__boxs\"><div class=\"cardsPage__listCard__boxs__img\"><a href=\"https:\/\/www.suno.com.br\/noticias\/black-friday-magazine-luiza-mglu3-via-viia3-americanas-amer3\/\"><img class=\"mask\" src=\"https:\/\/www.suno.com.br\/noticias\/wp-content\/themes\/suno\/resources\/images\/spotlight\/spotlight1img\/bg-mask.png\" alt=\"Image Mask\"\/><img src=\"https:\/\/files.sunoresearch.com.br\/n\/uploads\/2021\/11\/black-friday-pixabay-400x200.jpg\" alt=\"Black Friday do Magazine Luiza (MGLU3), Via (VIIA3) e Americanas (AMER3): Veja como as empresas se prepararam\"\/><\/a><span class=\"spotlightCategory\"><a href=\"https:\/\/www.suno.com.br\/noticias\/negocios\/\">Neg\u00f3cios<\/a><\/span><\/div><div class=\"cardsPage__listCard__boxs__content\"><a href=\"https:\/\/www.suno.com.br\/noticias\/black-friday-magazine-luiza-mglu3-via-viia3-americanas-amer3\/\"><h2 class=\"content__title\">Black Friday do Magazine Luiza (MGLU3), Via (VIIA3) e Americanas (AMER3): Veja como as empresas se prepararam<\/h2><\/a><div class=\"newsContent__article__meta\"><div class=\"newsContent__article__meta__authorBox\"><a href=\"https:\/\/www.suno.com.br\/noticias\/author\/poliana-santos\/\" class=\"authorBox__avatar noMobi\"><img src=\"https:\/\/files.sunoresearch.com.br\/n\/uploads\/2020\/08\/7ef34026-whatsapp-image-2020-08-03-at-12.37.57-150x150.webp\" alt=\"Poliana Santos\"><\/a><div class=\"authorBox__name\"><span>por\n\t\t\t<a href=\"https:\/\/www.suno.com.br\/noticias\/author\/poliana-santos\/\"><span itemprop=\"author\">Poliana Santos<\/span><\/a><\/span><time datetime=\"2021-11-26T10:38:14-03:00\" itemprop=\"datePublished\">26\/11\/2021 10:38<\/time><\/div><\/div><\/div><\/div><\/div>","single_layout":"posts","amp_enabled":true,"_links":{"self":[{"href":"https:\/\/www.suno.com.br\/noticias\/wp-json\/wp\/v2\/posts\/209162"}],"collection":[{"href":"https:\/\/www.suno.com.br\/noticias\/wp-json\/wp\/v2\/posts"}],"about":[{"href":"https:\/\/www.suno.com.br\/noticias\/wp-json\/wp\/v2\/types\/post"}],"author":[{"embeddable":true,"href":"https:\/\/www.suno.com.br\/noticias\/wp-json\/wp\/v2\/users\/15"}],"replies":[{"embeddable":true,"href":"https:\/\/www.suno.com.br\/noticias\/wp-json\/wp\/v2\/comments?post=209162"}],"version-history":[{"count":3,"href":"https:\/\/www.suno.com.br\/noticias\/wp-json\/wp\/v2\/posts\/209162\/revisions"}],"predecessor-version":[{"id":209186,"href":"https:\/\/www.suno.com.br\/noticias\/wp-json\/wp\/v2\/posts\/209162\/revisions\/209186"}],"wp:featuredmedia":[{"embeddable":true,"href":"https:\/\/www.suno.com.br\/noticias\/wp-json\/wp\/v2\/media\/209145"}],"wp:attachment":[{"href":"https:\/\/www.suno.com.br\/noticias\/wp-json\/wp\/v2\/media?parent=209162"}],"wp:term":[{"taxonomy":"category","embeddable":true,"href":"https:\/\/www.suno.com.br\/noticias\/wp-json\/wp\/v2\/categories?post=209162"},{"taxonomy":"post_tag","embeddable":true,"href":"https:\/\/www.suno.com.br\/noticias\/wp-json\/wp\/v2\/tags?post=209162"},{"taxonomy":"suno_strategy","embeddable":true,"href":"https:\/\/www.suno.com.br\/noticias\/wp-json\/wp\/v2\/suno_strategy?post=209162"}],"curies":[{"name":"wp","href":"https:\/\/api.w.org\/{rel}","templated":true}]}}