{"id":209123,"date":"2021-11-26T08:28:04","date_gmt":"2021-11-26T11:28:04","guid":{"rendered":"https:\/\/www.suno.com.br\/noticias\/?p=209123"},"modified":"2021-11-26T08:28:04","modified_gmt":"2021-11-26T11:28:04","slug":"nova-variante-covid-19-coronavirus-africana-bolsas-mundiais-caem","status":"publish","type":"post","link":"https:\/\/www.suno.com.br\/noticias\/nova-variante-covid-19-coronavirus-africana-bolsas-mundiais-caem\/","title":{"rendered":"Com nova variante da Covid-19, bolsas mundiais caem mais de 4%"},"content":{"rendered":"<p>Com a nova variante da <strong>Covid-19<\/strong>, as <a href=\"https:\/\/www.suno.com.br\/artigos\/bear-market\">bolsas mundiais amanhecem em quedas dr\u00e1sticas nesta sexta-feira (26)<\/a>, com abertura em queda de quase 4% em Paris e 3,3% em Mil\u00e3o.<\/p>\t<div class=\"wrapper-featured-image\">\n\t\t<figure class=\"spotlightImg\">\n\n\t\t\t<picture>\n\t\t\t\t<source media=\"(max-width: 768px)\" srcset=\"https:\/\/files.sunoresearch.com.br\/n\/uploads\/2021\/11\/person-g915b8c2cb_1920-400x200.jpg\">\n\t\t\t\t<img loading=\"lazy\" decoding=\"async\" class=\"newsContent__article__imgCapa lazyloadDisabled \" src=\"https:\/\/files.sunoresearch.com.br\/n\/uploads\/2021\/11\/person-g915b8c2cb_1920-800x450.jpg\" width=\"800\" height=\"450\" alt=\"Com nova variante da Covid-19, bolsas mundiais caem mais de 4%\" fetchpriority=high \/>\n\t\t\t<\/picture>\n\n\t\t\t<figcaption class=\"wp-caption-text wp-caption-text--show\">Com alta de casos da Covid-19, China aumenta press\u00e3o em Xangai e Pequim - Foto: Pixabay<\/figcaption>\n\t\t<\/figure>\n\t<\/div>\n\n\n\t<p>\n\t\t<a href=\"https:\/\/lp.suno.com.br\/planilha-controle-gastos\/\" target=\"_blank\" data-element=\"shortcode-suno-banner\" title=\"Banner SUNO, clique e saiba mais\">\n\t\t\t<picture>\n\t\t\t\t<source media=\"(max-width: 500px)\" srcset=\"https:\/\/files.sunoresearch.com.br\/n\/uploads\/2023\/03\/400x300-Planilha-controle-de-gastos.png\">\n\t\t\t\t<img class=\"newsContent__article__imgCapa newsContent__article__imgCapa--banner\"\n\t\t\t\t\tsrc=\"https:\/\/files.sunoresearch.com.br\/n\/uploads\/2023\/03\/1420x240-Planilha-controle-de-gastos.png\"\n\t\t\t\t\tdata-promo-id=\"101751\"\t\t\t\t\t\t\t\t\t\twidth='1420' height='240'\t\t\t\t\talt=\"https:\/\/files.sunoresearch.com.br\/n\/uploads\/2023\/03\/1420x240-Planilha-controle-de-gastos.png\"\n\t\t\t\t>\n\t\t\t<\/picture>\n\t\t<\/a>\n\t<\/p>\n\n\n<p>No premarket americano, os investidores sinalizam quedas na abertura de volta do feriado, com baixa de 2,3% no <a class=\"suno-keyword\" href=\"https:\/\/www.suno.com.br\/artigos\/indice-dow-jones-djia\/\" target=\"_blank\" rel=\"noopener\" data-force=\"no\" data-priority=\"2\">Dow Jones<\/a>. Segundo os especialistas, apesar da ainda n\u00e3o se saber muita coisa sobre a <strong>variante<\/strong>, \u00e9 destacado que trata-se de uma das mais potentes muta\u00e7\u00f5es da Covid-19.<\/p>\n<p>A<strong> B.1.1.529<\/strong> tem caracter\u00edsticas incomuns e apresenta sinais de uma transmissibilidade muito maior do que as demais.<\/p>\n<p>A <strong>\u00c1frica<\/strong> <strong>do<\/strong> <strong>Sul<\/strong> j\u00e1 confirmou cerca de 100 esp\u00e9cimes como B.1.1.529, mas a variante tamb\u00e9m foi encontrada em Botswana e Hong Kong.<\/p>\n<h3>Veja como amanhecem as bolsas mundiais<\/h3>\n<ul>\n<li><a href=\"https:\/\/www.suno.com.br\/artigos\/indice-dow-jones-djia\/\">Nova York Dow Jones (DJIA) futuro<\/a>: -2,1%<\/li>\n<li><a href=\"https:\/\/www.suno.com.br\/artigos\/futuro-de-sp-500\/\">Nova York (S&amp;P 500) futuro<\/a>: -1,64%<\/li>\n<li><a href=\"https:\/\/www.suno.com.br\/artigos\/nasdaq\">Nova York Nasdaq futuro<\/a>: -1,08%<\/li>\n<li><a href=\"https:\/\/www.suno.com.br\/artigos\/dax-30\/\">Frankfurt (DAX 30)<\/a>: -2,56%<\/li>\n<li><a href=\"https:\/\/www.suno.com.br\/artigos\/ftse-100\/\">Londres (FTSE 100)<\/a>: -2,66%<\/li>\n<li><a href=\"https:\/\/www.suno.com.br\/artigos\/cac-40\/\">Paris (CAC 40)<\/a>: -3,50%<\/li>\n<li><a href=\"https:\/\/www.suno.com.br\/artigos\/ftse-mib\/\">Mil\u00e3o (FTSE\/MIB)<\/a>: -2,86%<\/li>\n<li><a href=\"https:\/\/www.suno.com.br\/artigos\/euro-stoxx-50\/\">Euro Stoxx-600<\/a>: -2,40%<\/li>\n<\/ul>\n<p>Na prov\u00edncia de <strong>Guteng<\/strong>, onde ela foi identificada, especialistas acreditam que at\u00e9 90% dos casos novos de poderiam ser da B.1.1.529.<\/p>\n\t<div data-element=\"shortcode-read-more\" class=\"knowMore\">\n\t\t\t\t<span class=\"knowMore__title\">Leia mais<\/span>\n\t\t\t\t<a class=\"knowMore__link\" href=\"https:\/\/www.suno.com.br\/noticias\/ibovespa-hoje-26112021\/\">\n\t\t\tIbovespa afunda 3,39% com temor pela variante \u00f4micron; a\u00e9reas, CVC (CVCB3) e PetroRio (PRIO3) tombam\t\t<\/a>\n\t<\/div>\n\n\n<p>Em coletiva recente, o professor Tulio de Oliveira, que \u00e9 diretor do Centro para Resposta Epid\u00eamica e Inova\u00e7\u00e3o, na \u00c1frica do Sul, disse que foram localizadas 50 muta\u00e7\u00f5es na variante, sendo delas mais de 30 na prote\u00edna <em>spike<\/em>, o que caracteriza a transmissibilidade.<\/p>\n<p>&#8220;Esta variante nos surpreendeu, ela deu um grande salto na evolu\u00e7\u00e3o [e traz] muitas mais muta\u00e7\u00f5es do que esper\u00e1vamos&#8221;, disse ele.<\/p>\n<p>A preocupa\u00e7\u00e3o maios \u00e9 com a imuniza\u00e7\u00e3o, visto que as vacinas foram produzidas visando a cepa original do <strong>v\u00edrus<\/strong>, de Wuhan, na China.<\/p>\n<p>O fato da <strong>variante africana<\/strong> ter tantas muta\u00e7\u00f5es em rela\u00e7\u00e3o ao v\u00edrus inicial pode significar que as vacinas n\u00e3o funcionem t\u00e3o bem.<\/p>\n\t<p>\n\t\t<a href=\"https:\/\/lp.suno.com.br\/planilha-da-vida-financeira\/\" target=\"_blank\" data-element=\"shortcode-suno-banner\" title=\"Banner SUNO, clique e saiba mais\">\n\t\t\t<picture>\n\t\t\t\t<source media=\"(max-width: 500px)\" srcset=\"https:\/\/files.sunoresearch.com.br\/n\/uploads\/2023\/04\/400x300-Planilha-vida-financeira-true.png\">\n\t\t\t\t<img class=\"newsContent__article__imgCapa newsContent__article__imgCapa--banner\"\n\t\t\t\t\tsrc=\"https:\/\/files.sunoresearch.com.br\/n\/uploads\/2023\/04\/1420x240-Planilha-vida-financeira-true.png\"\n\t\t\t\t\tdata-promo-id=\"106682\"\t\t\t\t\t\t\t\t\t\twidth='1420' height='240'\t\t\t\t\talt=\"https:\/\/files.sunoresearch.com.br\/n\/uploads\/2023\/04\/1420x240-Planilha-vida-financeira-true.png\"\n\t\t\t\t>\n\t\t\t<\/picture>\n\t\t<\/a>\n\t<\/p>\n\n\n<p>Al\u00e9m disso, pa\u00edses da Europa est\u00e3o sofrendo mais nas \u00faltimas semanas com a quebra do recorde de <strong>casos<\/strong> di\u00e1rios, estudando a possibilidade de medidas mais restritivas.<\/p>\n<h2>Alemanha passou perto de um Lockdown<\/h2>\n<p>A <strong>Alemanha<\/strong> decidiu por restri\u00e7\u00f5es mais duras com rela\u00e7\u00e3o \u00e0 alta de casos da Covid-19, apesar de ter evitado um fechamento completo do pa\u00eds.<\/p>\n<p>Com uma 5\u00aa onda em curso, o pa\u00eds enfrenta as restri\u00e7\u00f5es mais duras em meio a infec\u00e7\u00f5es di\u00e1rias recordes e \u00e0 press\u00e3o crescente sobre os hospitais.<\/p>\n\t<p>\n\t\t<a href=\"https:\/\/lp.suno.com.br\/ebook-como-analisar-uma-acao\/\" target=\"_blank\" data-element=\"shortcode-suno-banner\" title=\"Banner SUNO, clique e saiba mais\">\n\t\t\t<picture>\n\t\t\t\t<source media=\"(max-width: 500px)\" srcset=\"https:\/\/files.sunoresearch.com.br\/n\/uploads\/2023\/03\/Ebook-Acoes-Mobile-1.jpg\">\n\t\t\t\t<img class=\"newsContent__article__imgCapa newsContent__article__imgCapa--banner\"\n\t\t\t\t\tsrc=\"https:\/\/files.sunoresearch.com.br\/n\/uploads\/2023\/03\/Ebook-Acoes-Desktop-1.jpg\"\n\t\t\t\t\tdata-promo-id=\"171998\"\t\t\t\t\t\t\t\t\t\twidth='1420' height='286'\t\t\t\t\talt=\"https:\/\/files.sunoresearch.com.br\/n\/uploads\/2023\/03\/Ebook-Acoes-Desktop-1.jpg\"\n\t\t\t\t>\n\t\t\t<\/picture>\n\t\t<\/a>\n\t<\/p>\n\n\n<p>Olaf Scholz, chanceler da Alemanha, disse nesta quarta (24) que a situa\u00e7\u00e3o de <strong>Covid<\/strong> \u00e9\u00a0grave e que o pa\u00eds pressionaria massivamente sua campanha de<a href=\"https:\/\/www.suno.com.br\/noticias\/tags\/vacina\/\"> vacina\u00e7\u00e3o, observando que \u201ca vacina\u00e7\u00e3o \u00e9 a sa\u00edda para esta pandemia\u201d<\/a>.<\/p>\n<p>Scholz afirmou que a Alemanha &#8220;deve tornar a <a href=\"https:\/\/www.suno.com.br\/noticias\/pfizer-pilula-comprimido-covid-19-coronavirus-brasil-ficou-de-fora\/\"><strong>vacina\u00e7\u00e3o<\/strong> obrigat\u00f3ria para certos grupos<\/a>&#8220;, sem declarar quais grupos, enquanto o novo ministro das Finan\u00e7as, Christian Lindner, lembrou que os alem\u00e3es devem evitar todos os contatos desnecess\u00e1rios neste inverno &#8220;para preservar toda a nossa sa\u00fade nesta pandemia&#8221;.<\/p>\n<p>O ministro da sa\u00fade alem\u00e3o que est\u00e1 de sa\u00edda do cargo, Jens Spahn, disse que at\u00e9 o fim do inverno toda a popula\u00e7\u00e3o da maior economia europeia est\u00e1 vacinada, recuperada ou morta.<\/p>\n\t<p>\n\t\t<a href=\"https:\/\/lp.suno.com.br\/planilha-de-controle-de-investimentos\/\" target=\"_blank\" data-element=\"shortcode-suno-banner\" title=\"Banner SUNO, clique e saiba mais\">\n\t\t\t<picture>\n\t\t\t\t<source media=\"(max-width: 500px)\" srcset=\"https:\/\/files.sunoresearch.com.br\/n\/uploads\/2023\/03\/400x300-Controle-de-Investimentos.png\">\n\t\t\t\t<img class=\"newsContent__article__imgCapa newsContent__article__imgCapa--banner\"\n\t\t\t\t\tsrc=\"https:\/\/files.sunoresearch.com.br\/n\/uploads\/2023\/03\/1420x240-Controle-de-Investimentos.png\"\n\t\t\t\t\tdata-promo-id=\"75934\"\t\t\t\t\t\t\t\t\t\twidth='1420' height='240'\t\t\t\t\talt=\"https:\/\/files.sunoresearch.com.br\/n\/uploads\/2023\/03\/1420x240-Controle-de-Investimentos.png\"\n\t\t\t\t>\n\t\t\t<\/picture>\n\t\t<\/a>\n\t<\/p>\n\n\n<div class=\"bbc-19j92fr e57qer20\" dir=\"ltr\">\n<h2>Continente \u00e9 epicentro da 5\u00aa onda da Covid-19<\/h2>\n<\/div>\n<p>Com aumento das contamina\u00e7\u00f5es, nesta \u00faltima sexta (26), a Alemanha registra um total de 75\u00a0 mil <strong>casos da Covid-19<\/strong>.<\/p>\n<p>Neste contexto, o continente inteiro repensa a sua estrat\u00e9gia de combate ao coronav\u00edrus ap\u00f3s o parecer da<a href=\"https:\/\/www.suno.com.br\/noticias\/tags\/oms\/\"> Organiza\u00e7\u00e3o Mundial da Sa\u00fade (<strong>OMS<\/strong>)<\/a>, que classificou a regi\u00e3o como atual epicentro da <strong>pandemia<\/strong>.<\/p>\n<p>Desta forma, ap\u00f3s um relaxamento das restri\u00e7\u00f5es por causa da alta da <strong>vacina\u00e7\u00e3o<\/strong>, os pa\u00edses europeus podem voltar a adotar medidas sanit\u00e1rias.<\/p>\n<p>Com os recordes de casos di\u00e1rios quebrados pela Alemanha, o pa\u00eds ainda pode obrigar a popula\u00e7\u00e3o a apresentar um comprovante de vacina\u00e7\u00e3o ou recupera\u00e7\u00e3o recente do v\u00edrus, ou um teste negativo para<strong> Covid-19<\/strong>. Esta informa\u00e7\u00e3o foi apurada pela ag\u00eancia Reuters, que obteve um rascunho de uma reuni\u00e3o de autoridades alem\u00e3s.<\/p>\n\t<p>\n\t\t<a href=\"\" target=\"_blank\" data-element=\"shortcode-suno-banner\" title=\"Banner SUNO, clique e saiba mais\">\n\t\t\t<picture>\n\t\t\t\t<source media=\"(max-width: 500px)\" srcset=\"\">\n\t\t\t\t<img class=\"newsContent__article__imgCapa newsContent__article__imgCapa--banner\"\n\t\t\t\t\tsrc=\"\"\n\t\t\t\t\tdata-promo-id=\"184190\"\t\t\t\t\t\t\t\t\t\t\t\t\t\t\talt=\"\"\n\t\t\t\t>\n\t\t\t<\/picture>\n\t\t<\/a>\n\t<\/p>\n\n\n","protected":false},"excerpt":{"rendered":"<p>Com a nova variante da Covid-19, as bolsas mundiais amanhecem em quedas dr\u00e1sticas nesta sexta-feira (26), com abertura em queda de quase 4% em Paris e 3,3% em Mil\u00e3o. Com alta de casos da Covid-19, China aumenta press\u00e3o em Xangai e Pequim &#8211; Foto: Pixabay No premarket americano, os investidores sinalizam quedas na abertura de [&hellip;]<\/p>\n","protected":false},"author":73,"featured_media":209127,"comment_status":"closed","ping_status":"closed","sticky":false,"template":"","format":"standard","meta":[],"categories":[63],"tags":[104703,11122,2487,5255,3745,2006,3746,105068,964,2748,2667,105069,25002],"suno_strategy":[],"class_list":["post-209123","post","type-post","status-publish","format-standard","has-post-thumbnail","hentry","category-internacional","tag-bolsas-mundiais","tag-cac-40","tag-coronavirus","tag-covid-19","tag-dax-30","tag-dow-jones","tag-ftse-100","tag-ftse-mib","tag-nasdaq","tag-pandemia","tag-sp-500","tag-stoxx-600-europe","tag-vacina"],"yoast_head":"<!-- This site is optimized with the Yoast SEO plugin v24.4 - https:\/\/yoast.com\/wordpress\/plugins\/seo\/ -->\n<title>Com nova variante da Covid-19, bolsas mundiais caem mais de 4%<\/title>\n<meta name=\"description\" content=\"Variante africana da Covid-19 preocupa especialistas dada a quantidade de muta\u00e7\u00f5es em rela\u00e7\u00e3o ao v\u00edrus original. Clique aqui e leia mais.\" \/>\n<meta name=\"robots\" content=\"index, follow, max-snippet:-1, max-image-preview:large, max-video-preview:-1\" \/>\n<link rel=\"canonical\" href=\"https:\/\/www.suno.com.br\/noticias\/nova-variante-covid-19-coronavirus-africana-bolsas-mundiais-caem\/\" \/>\n<meta property=\"og:locale\" content=\"pt_BR\" \/>\n<meta property=\"og:type\" content=\"article\" \/>\n<meta property=\"og:title\" content=\"Com nova variante da Covid-19, bolsas mundiais caem mais de 4%\" \/>\n<meta property=\"og:description\" content=\"Variante africana da Covid-19 preocupa especialistas dada a quantidade de muta\u00e7\u00f5es em rela\u00e7\u00e3o ao v\u00edrus original. Clique aqui e leia mais.\" \/>\n<meta property=\"og:url\" content=\"https:\/\/www.suno.com.br\/noticias\/nova-variante-covid-19-coronavirus-africana-bolsas-mundiais-caem\/\" \/>\n<meta property=\"og:site_name\" content=\"Suno Not\u00edcias\" \/>\n<meta property=\"article:publisher\" content=\"https:\/\/facebook.com\/sunoresearch\" \/>\n<meta property=\"og:image\" content=\"https:\/\/files.sunoresearch.com.br\/n\/uploads\/2021\/11\/person-g915b8c2cb_1920.jpg\" \/>\n\t<meta property=\"og:image:width\" content=\"1920\" \/>\n\t<meta property=\"og:image:height\" content=\"1280\" \/>\n\t<meta property=\"og:image:type\" content=\"image\/jpeg\" \/>\n<meta name=\"author\" content=\"Eduardo Vargas\" \/>\n<meta name=\"twitter:card\" content=\"summary_large_image\" \/>\n<meta name=\"twitter:creator\" content=\"@sunoresearch\" \/>\n<meta name=\"twitter:site\" content=\"@sunoresearch\" \/>\n<meta name=\"twitter:label1\" content=\"Escrito por\" \/>\n\t<meta name=\"twitter:data1\" content=\"Eduardo Vargas\" \/>\n\t<meta name=\"twitter:label2\" content=\"Est. tempo de leitura\" \/>\n\t<meta name=\"twitter:data2\" content=\"3 minutos\" \/>\n<script type=\"application\/ld+json\" class=\"yoast-schema-graph\">{\"@context\":\"https:\/\/schema.org\",\"@graph\":[{\"@type\":\"NewsArticle\",\"@id\":\"https:\/\/www.suno.com.br\/noticias\/nova-variante-covid-19-coronavirus-africana-bolsas-mundiais-caem\/#article\",\"isPartOf\":{\"@id\":\"https:\/\/www.suno.com.br\/noticias\/nova-variante-covid-19-coronavirus-africana-bolsas-mundiais-caem\/\"},\"author\":{\"name\":\"Eduardo Vargas\",\"@id\":\"https:\/\/www.suno.com.br\/noticias\/#\/schema\/person\/7f4d362bf3518e76090143ae77bb49a5\"},\"headline\":\"Com nova variante da Covid-19, bolsas mundiais caem mais de 4%\",\"datePublished\":\"2021-11-26T11:28:04+00:00\",\"mainEntityOfPage\":{\"@id\":\"https:\/\/www.suno.com.br\/noticias\/nova-variante-covid-19-coronavirus-africana-bolsas-mundiais-caem\/\"},\"wordCount\":695,\"publisher\":{\"@id\":\"https:\/\/www.suno.com.br\/noticias\/#organization\"},\"image\":{\"@id\":\"https:\/\/www.suno.com.br\/noticias\/nova-variante-covid-19-coronavirus-africana-bolsas-mundiais-caem\/#primaryimage\"},\"thumbnailUrl\":\"https:\/\/files.sunoresearch.com.br\/n\/uploads\/2021\/11\/person-g915b8c2cb_1920.jpg\",\"keywords\":[\"Bolsas mundiais\",\"CAC 40\",\"coronav\u00edrus\",\"covid-19\",\"Dax\u00a030\",\"Dow Jones\",\"FTSE 100\",\"FTSE MIB\",\"Nasdaq\",\"pandemia\",\"S&amp;P 500\",\"Stoxx 600 Europe\",\"vacina\"],\"articleSection\":[\"Internacional\"],\"inLanguage\":\"pt-BR\"},{\"@type\":\"WebPage\",\"@id\":\"https:\/\/www.suno.com.br\/noticias\/nova-variante-covid-19-coronavirus-africana-bolsas-mundiais-caem\/\",\"url\":\"https:\/\/www.suno.com.br\/noticias\/nova-variante-covid-19-coronavirus-africana-bolsas-mundiais-caem\/\",\"name\":\"Com nova variante da Covid-19, bolsas mundiais caem mais de 4%\",\"isPartOf\":{\"@id\":\"https:\/\/www.suno.com.br\/noticias\/#website\"},\"primaryImageOfPage\":{\"@id\":\"https:\/\/www.suno.com.br\/noticias\/nova-variante-covid-19-coronavirus-africana-bolsas-mundiais-caem\/#primaryimage\"},\"image\":{\"@id\":\"https:\/\/www.suno.com.br\/noticias\/nova-variante-covid-19-coronavirus-africana-bolsas-mundiais-caem\/#primaryimage\"},\"thumbnailUrl\":\"https:\/\/files.sunoresearch.com.br\/n\/uploads\/2021\/11\/person-g915b8c2cb_1920.jpg\",\"datePublished\":\"2021-11-26T11:28:04+00:00\",\"description\":\"Variante africana da Covid-19 preocupa especialistas dada a quantidade de muta\u00e7\u00f5es em rela\u00e7\u00e3o ao v\u00edrus original. Clique aqui e leia mais.\",\"breadcrumb\":{\"@id\":\"https:\/\/www.suno.com.br\/noticias\/nova-variante-covid-19-coronavirus-africana-bolsas-mundiais-caem\/#breadcrumb\"},\"inLanguage\":\"pt-BR\",\"potentialAction\":[{\"@type\":\"ReadAction\",\"target\":[\"https:\/\/www.suno.com.br\/noticias\/nova-variante-covid-19-coronavirus-africana-bolsas-mundiais-caem\/\"]}]},{\"@type\":\"ImageObject\",\"inLanguage\":\"pt-BR\",\"@id\":\"https:\/\/www.suno.com.br\/noticias\/nova-variante-covid-19-coronavirus-africana-bolsas-mundiais-caem\/#primaryimage\",\"url\":\"https:\/\/files.sunoresearch.com.br\/n\/uploads\/2021\/11\/person-g915b8c2cb_1920.jpg\",\"contentUrl\":\"https:\/\/files.sunoresearch.com.br\/n\/uploads\/2021\/11\/person-g915b8c2cb_1920.jpg\",\"width\":1920,\"height\":1280,\"caption\":\"Com alta de casos da Covid-19, China aumenta press\u00e3o em Xangai e Pequim - Foto: Pixabay\"},{\"@type\":\"BreadcrumbList\",\"@id\":\"https:\/\/www.suno.com.br\/noticias\/nova-variante-covid-19-coronavirus-africana-bolsas-mundiais-caem\/#breadcrumb\",\"itemListElement\":[{\"@type\":\"ListItem\",\"position\":1,\"name\":\"Not\u00edcias\",\"item\":\"https:\/\/www.suno.com.br\/noticias\/\"},{\"@type\":\"ListItem\",\"position\":2,\"name\":\"Internacional\",\"item\":\"https:\/\/www.suno.com.br\/noticias\/internacional\/\"},{\"@type\":\"ListItem\",\"position\":3,\"name\":\"Com nova variante da Covid-19, bolsas mundiais caem mais de 4%\"}]},{\"@type\":\"WebSite\",\"@id\":\"https:\/\/www.suno.com.br\/noticias\/#website\",\"url\":\"https:\/\/www.suno.com.br\/noticias\/\",\"name\":\"Suno Not\u00edcias\",\"description\":\"Seu portal de informa\u00e7\u00e3o sobre o mundo dos investimentos\",\"publisher\":{\"@id\":\"https:\/\/www.suno.com.br\/noticias\/#organization\"},\"potentialAction\":[{\"@type\":\"SearchAction\",\"target\":{\"@type\":\"EntryPoint\",\"urlTemplate\":\"https:\/\/www.suno.com.br\/noticias\/?s={search_term_string}\"},\"query-input\":{\"@type\":\"PropertyValueSpecification\",\"valueRequired\":true,\"valueName\":\"search_term_string\"}}],\"inLanguage\":\"pt-BR\"},{\"@type\":\"Organization\",\"@id\":\"https:\/\/www.suno.com.br\/noticias\/#organization\",\"name\":\"Suno Not\u00edcias\",\"url\":\"https:\/\/www.suno.com.br\/noticias\/\",\"logo\":{\"@type\":\"ImageObject\",\"inLanguage\":\"pt-BR\",\"@id\":\"https:\/\/www.suno.com.br\/noticias\/#\/schema\/logo\/image\/\",\"url\":\"https:\/\/files.sunoresearch.com.br\/n\/uploads\/2021\/09\/suno-logo.png\",\"contentUrl\":\"https:\/\/files.sunoresearch.com.br\/n\/uploads\/2021\/09\/suno-logo.png\",\"width\":180,\"height\":180,\"caption\":\"Suno Not\u00edcias\"},\"image\":{\"@id\":\"https:\/\/www.suno.com.br\/noticias\/#\/schema\/logo\/image\/\"},\"sameAs\":[\"https:\/\/facebook.com\/sunoresearch\",\"https:\/\/x.com\/sunoresearch\",\"https:\/\/www.instagram.com\/suno\",\"https:\/\/www.linkedin.com\/company\/suno-research\/\",\"https:\/\/www.youtube.com\/c\/sunoresearch\"]},{\"@type\":\"Person\",\"@id\":\"https:\/\/www.suno.com.br\/noticias\/#\/schema\/person\/7f4d362bf3518e76090143ae77bb49a5\",\"name\":\"Eduardo Vargas\",\"image\":{\"@type\":\"ImageObject\",\"inLanguage\":\"pt-BR\",\"@id\":\"https:\/\/www.suno.com.br\/noticias\/#\/schema\/person\/image\/\",\"url\":\"https:\/\/secure.gravatar.com\/avatar\/dac340933427a22924c9f99d1eb2e3f2?s=96&r=g\",\"contentUrl\":\"https:\/\/secure.gravatar.com\/avatar\/dac340933427a22924c9f99d1eb2e3f2?s=96&r=g\",\"caption\":\"Eduardo Vargas\"},\"description\":\"Jornalista formado pela UFSC, cobre macroeconomia, neg\u00f3cios e startups para o Suno Not\u00edcias, escrevendo principalmente not\u00edcias sobre o mercado financeiro e a bolsa de valores. No YouTube e no Instagram, \u00e9 respons\u00e1vel pela produ\u00e7\u00e3o de Reels e Shorts do Suno Not\u00edcias. Anteriormente, trabalhou cobrindo economia e cotidiano no ND+ e para o ND, maior jornal impresso de Santa Catarina. Cursou um semestre letivo de Estudos de M\u00eddia na Universidad de Buenos Aires.\",\"url\":\"https:\/\/www.suno.com.br\/noticias\/author\/eduardo-vargas\/\"}]}<\/script>\n<!-- \/ Yoast SEO plugin. -->","yoast_head_json":{"title":"Com nova variante da Covid-19, bolsas mundiais caem mais de 4%","description":"Variante africana da Covid-19 preocupa especialistas dada a quantidade de muta\u00e7\u00f5es em rela\u00e7\u00e3o ao v\u00edrus original. Clique aqui e leia mais.","robots":{"index":"index","follow":"follow","max-snippet":"max-snippet:-1","max-image-preview":"max-image-preview:large","max-video-preview":"max-video-preview:-1"},"canonical":"https:\/\/www.suno.com.br\/noticias\/nova-variante-covid-19-coronavirus-africana-bolsas-mundiais-caem\/","og_locale":"pt_BR","og_type":"article","og_title":"Com nova variante da Covid-19, bolsas mundiais caem mais de 4%","og_description":"Variante africana da Covid-19 preocupa especialistas dada a quantidade de muta\u00e7\u00f5es em rela\u00e7\u00e3o ao v\u00edrus original. Clique aqui e leia mais.","og_url":"https:\/\/www.suno.com.br\/noticias\/nova-variante-covid-19-coronavirus-africana-bolsas-mundiais-caem\/","og_site_name":"Suno Not\u00edcias","article_publisher":"https:\/\/facebook.com\/sunoresearch","og_image":[{"width":1920,"height":1280,"url":"https:\/\/files.sunoresearch.com.br\/n\/uploads\/2021\/11\/person-g915b8c2cb_1920.jpg","type":"image\/jpeg"}],"author":"Eduardo Vargas","twitter_card":"summary_large_image","twitter_creator":"@sunoresearch","twitter_site":"@sunoresearch","twitter_misc":{"Escrito por":"Eduardo Vargas","Est. tempo de leitura":"3 minutos"},"schema":{"@context":"https:\/\/schema.org","@graph":[{"@type":"NewsArticle","@id":"https:\/\/www.suno.com.br\/noticias\/nova-variante-covid-19-coronavirus-africana-bolsas-mundiais-caem\/#article","isPartOf":{"@id":"https:\/\/www.suno.com.br\/noticias\/nova-variante-covid-19-coronavirus-africana-bolsas-mundiais-caem\/"},"author":{"name":"Eduardo Vargas","@id":"https:\/\/www.suno.com.br\/noticias\/#\/schema\/person\/7f4d362bf3518e76090143ae77bb49a5"},"headline":"Com nova variante da Covid-19, bolsas mundiais caem mais de 4%","datePublished":"2021-11-26T11:28:04+00:00","mainEntityOfPage":{"@id":"https:\/\/www.suno.com.br\/noticias\/nova-variante-covid-19-coronavirus-africana-bolsas-mundiais-caem\/"},"wordCount":695,"publisher":{"@id":"https:\/\/www.suno.com.br\/noticias\/#organization"},"image":{"@id":"https:\/\/www.suno.com.br\/noticias\/nova-variante-covid-19-coronavirus-africana-bolsas-mundiais-caem\/#primaryimage"},"thumbnailUrl":"https:\/\/files.sunoresearch.com.br\/n\/uploads\/2021\/11\/person-g915b8c2cb_1920.jpg","keywords":["Bolsas mundiais","CAC 40","coronav\u00edrus","covid-19","Dax\u00a030","Dow Jones","FTSE 100","FTSE MIB","Nasdaq","pandemia","S&amp;P 500","Stoxx 600 Europe","vacina"],"articleSection":["Internacional"],"inLanguage":"pt-BR"},{"@type":"WebPage","@id":"https:\/\/www.suno.com.br\/noticias\/nova-variante-covid-19-coronavirus-africana-bolsas-mundiais-caem\/","url":"https:\/\/www.suno.com.br\/noticias\/nova-variante-covid-19-coronavirus-africana-bolsas-mundiais-caem\/","name":"Com nova variante da Covid-19, bolsas mundiais caem mais de 4%","isPartOf":{"@id":"https:\/\/www.suno.com.br\/noticias\/#website"},"primaryImageOfPage":{"@id":"https:\/\/www.suno.com.br\/noticias\/nova-variante-covid-19-coronavirus-africana-bolsas-mundiais-caem\/#primaryimage"},"image":{"@id":"https:\/\/www.suno.com.br\/noticias\/nova-variante-covid-19-coronavirus-africana-bolsas-mundiais-caem\/#primaryimage"},"thumbnailUrl":"https:\/\/files.sunoresearch.com.br\/n\/uploads\/2021\/11\/person-g915b8c2cb_1920.jpg","datePublished":"2021-11-26T11:28:04+00:00","description":"Variante africana da Covid-19 preocupa especialistas dada a quantidade de muta\u00e7\u00f5es em rela\u00e7\u00e3o ao v\u00edrus original. Clique aqui e leia mais.","breadcrumb":{"@id":"https:\/\/www.suno.com.br\/noticias\/nova-variante-covid-19-coronavirus-africana-bolsas-mundiais-caem\/#breadcrumb"},"inLanguage":"pt-BR","potentialAction":[{"@type":"ReadAction","target":["https:\/\/www.suno.com.br\/noticias\/nova-variante-covid-19-coronavirus-africana-bolsas-mundiais-caem\/"]}]},{"@type":"ImageObject","inLanguage":"pt-BR","@id":"https:\/\/www.suno.com.br\/noticias\/nova-variante-covid-19-coronavirus-africana-bolsas-mundiais-caem\/#primaryimage","url":"https:\/\/files.sunoresearch.com.br\/n\/uploads\/2021\/11\/person-g915b8c2cb_1920.jpg","contentUrl":"https:\/\/files.sunoresearch.com.br\/n\/uploads\/2021\/11\/person-g915b8c2cb_1920.jpg","width":1920,"height":1280,"caption":"Com alta de casos da Covid-19, China aumenta press\u00e3o em Xangai e Pequim - Foto: Pixabay"},{"@type":"BreadcrumbList","@id":"https:\/\/www.suno.com.br\/noticias\/nova-variante-covid-19-coronavirus-africana-bolsas-mundiais-caem\/#breadcrumb","itemListElement":[{"@type":"ListItem","position":1,"name":"Not\u00edcias","item":"https:\/\/www.suno.com.br\/noticias\/"},{"@type":"ListItem","position":2,"name":"Internacional","item":"https:\/\/www.suno.com.br\/noticias\/internacional\/"},{"@type":"ListItem","position":3,"name":"Com nova variante da Covid-19, bolsas mundiais caem mais de 4%"}]},{"@type":"WebSite","@id":"https:\/\/www.suno.com.br\/noticias\/#website","url":"https:\/\/www.suno.com.br\/noticias\/","name":"Suno Not\u00edcias","description":"Seu portal de informa\u00e7\u00e3o sobre o mundo dos investimentos","publisher":{"@id":"https:\/\/www.suno.com.br\/noticias\/#organization"},"potentialAction":[{"@type":"SearchAction","target":{"@type":"EntryPoint","urlTemplate":"https:\/\/www.suno.com.br\/noticias\/?s={search_term_string}"},"query-input":{"@type":"PropertyValueSpecification","valueRequired":true,"valueName":"search_term_string"}}],"inLanguage":"pt-BR"},{"@type":"Organization","@id":"https:\/\/www.suno.com.br\/noticias\/#organization","name":"Suno Not\u00edcias","url":"https:\/\/www.suno.com.br\/noticias\/","logo":{"@type":"ImageObject","inLanguage":"pt-BR","@id":"https:\/\/www.suno.com.br\/noticias\/#\/schema\/logo\/image\/","url":"https:\/\/files.sunoresearch.com.br\/n\/uploads\/2021\/09\/suno-logo.png","contentUrl":"https:\/\/files.sunoresearch.com.br\/n\/uploads\/2021\/09\/suno-logo.png","width":180,"height":180,"caption":"Suno Not\u00edcias"},"image":{"@id":"https:\/\/www.suno.com.br\/noticias\/#\/schema\/logo\/image\/"},"sameAs":["https:\/\/facebook.com\/sunoresearch","https:\/\/x.com\/sunoresearch","https:\/\/www.instagram.com\/suno","https:\/\/www.linkedin.com\/company\/suno-research\/","https:\/\/www.youtube.com\/c\/sunoresearch"]},{"@type":"Person","@id":"https:\/\/www.suno.com.br\/noticias\/#\/schema\/person\/7f4d362bf3518e76090143ae77bb49a5","name":"Eduardo Vargas","image":{"@type":"ImageObject","inLanguage":"pt-BR","@id":"https:\/\/www.suno.com.br\/noticias\/#\/schema\/person\/image\/","url":"https:\/\/secure.gravatar.com\/avatar\/dac340933427a22924c9f99d1eb2e3f2?s=96&r=g","contentUrl":"https:\/\/secure.gravatar.com\/avatar\/dac340933427a22924c9f99d1eb2e3f2?s=96&r=g","caption":"Eduardo Vargas"},"description":"Jornalista formado pela UFSC, cobre macroeconomia, neg\u00f3cios e startups para o Suno Not\u00edcias, escrevendo principalmente not\u00edcias sobre o mercado financeiro e a bolsa de valores. No YouTube e no Instagram, \u00e9 respons\u00e1vel pela produ\u00e7\u00e3o de Reels e Shorts do Suno Not\u00edcias. Anteriormente, trabalhou cobrindo economia e cotidiano no ND+ e para o ND, maior jornal impresso de Santa Catarina. Cursou um semestre letivo de Estudos de M\u00eddia na Universidad de Buenos Aires.","url":"https:\/\/www.suno.com.br\/noticias\/author\/eduardo-vargas\/"}]}},"default_loop_html":"<div class=\"cardsPage__listCard__boxs\"><div class=\"cardsPage__listCard__boxs__img\"><a href=\"https:\/\/www.suno.com.br\/noticias\/nova-variante-covid-19-coronavirus-africana-bolsas-mundiais-caem\/\"><img class=\"mask\" src=\"https:\/\/www.suno.com.br\/noticias\/wp-content\/themes\/suno\/resources\/images\/spotlight\/spotlight1img\/bg-mask.png\" alt=\"Image Mask\"\/><img src=\"https:\/\/files.sunoresearch.com.br\/n\/uploads\/2021\/11\/person-g915b8c2cb_1920-400x200.jpg\" alt=\"Com nova variante da Covid-19, bolsas mundiais caem mais de 4%\"\/><\/a><span class=\"spotlightCategory\"><a href=\"https:\/\/www.suno.com.br\/noticias\/internacional\/\">Internacional<\/a><\/span><\/div><div class=\"cardsPage__listCard__boxs__content\"><a href=\"https:\/\/www.suno.com.br\/noticias\/nova-variante-covid-19-coronavirus-africana-bolsas-mundiais-caem\/\"><h2 class=\"content__title\">Com nova variante da Covid-19, bolsas mundiais caem mais de 4%<\/h2><\/a><div class=\"newsContent__article__meta\"><div class=\"newsContent__article__meta__authorBox\"><a href=\"https:\/\/www.suno.com.br\/noticias\/author\/eduardo-vargas\/\" class=\"authorBox__avatar noMobi\"><img src=\"https:\/\/secure.gravatar.com\/avatar\/dac340933427a22924c9f99d1eb2e3f2?s=96&#038;r=g\" alt=\"Eduardo Vargas\"><\/a><div class=\"authorBox__name\"><span>por\n\t\t\t<a href=\"https:\/\/www.suno.com.br\/noticias\/author\/eduardo-vargas\/\"><span itemprop=\"author\">Eduardo Vargas<\/span><\/a><\/span><time datetime=\"2021-11-26T08:28:04-03:00\" itemprop=\"datePublished\">26\/11\/2021 08:28<\/time><\/div><\/div><\/div><\/div><\/div>","single_layout":"posts","amp_enabled":true,"_links":{"self":[{"href":"https:\/\/www.suno.com.br\/noticias\/wp-json\/wp\/v2\/posts\/209123"}],"collection":[{"href":"https:\/\/www.suno.com.br\/noticias\/wp-json\/wp\/v2\/posts"}],"about":[{"href":"https:\/\/www.suno.com.br\/noticias\/wp-json\/wp\/v2\/types\/post"}],"author":[{"embeddable":true,"href":"https:\/\/www.suno.com.br\/noticias\/wp-json\/wp\/v2\/users\/73"}],"replies":[{"embeddable":true,"href":"https:\/\/www.suno.com.br\/noticias\/wp-json\/wp\/v2\/comments?post=209123"}],"version-history":[{"count":1,"href":"https:\/\/www.suno.com.br\/noticias\/wp-json\/wp\/v2\/posts\/209123\/revisions"}],"predecessor-version":[{"id":209129,"href":"https:\/\/www.suno.com.br\/noticias\/wp-json\/wp\/v2\/posts\/209123\/revisions\/209129"}],"wp:featuredmedia":[{"embeddable":true,"href":"https:\/\/www.suno.com.br\/noticias\/wp-json\/wp\/v2\/media\/209127"}],"wp:attachment":[{"href":"https:\/\/www.suno.com.br\/noticias\/wp-json\/wp\/v2\/media?parent=209123"}],"wp:term":[{"taxonomy":"category","embeddable":true,"href":"https:\/\/www.suno.com.br\/noticias\/wp-json\/wp\/v2\/categories?post=209123"},{"taxonomy":"post_tag","embeddable":true,"href":"https:\/\/www.suno.com.br\/noticias\/wp-json\/wp\/v2\/tags?post=209123"},{"taxonomy":"suno_strategy","embeddable":true,"href":"https:\/\/www.suno.com.br\/noticias\/wp-json\/wp\/v2\/suno_strategy?post=209123"}],"curies":[{"name":"wp","href":"https:\/\/api.w.org\/{rel}","templated":true}]}}