{"id":20880,"date":"2019-04-13T12:24:28","date_gmt":"2019-04-13T15:24:28","guid":{"rendered":"https:\/\/www.suno.com.br\/noticias\/?p=20880"},"modified":"2019-04-13T12:24:28","modified_gmt":"2019-04-13T15:24:28","slug":"greve-bolsonaro-pedido-caminhoneiros","status":"publish","type":"post","link":"https:\/\/www.suno.com.br\/noticias\/greve-bolsonaro-pedido-caminhoneiros\/","title":{"rendered":"Bolsonaro interv\u00e9m em alta do diesel e Petrobras despenca"},"content":{"rendered":"<p>A \u00faltima sexta-feira (12) foi marcada pela interven\u00e7\u00e3o do presidente Jair Bolsonaro na alta do diesel e consequentemente a queda da <strong>Petrobras<\/strong> na Bolsa de Valores.<\/p>\t<div class=\"wrapper-featured-image\">\n\t\t<figure class=\"spotlightImg\">\n\n\t\t\t<picture>\n\t\t\t\t<source media=\"(max-width: 768px)\" srcset=\"https:\/\/files.sunoresearch.com.br\/n\/uploads\/2019\/04\/8d1a7df0-bolsonaro-400x200.webp\">\n\t\t\t\t<img loading=\"lazy\" decoding=\"async\" class=\"newsContent__article__imgCapa lazyloadDisabled newsContent__article__imgCapa--noCaption\" src=\"https:\/\/files.sunoresearch.com.br\/n\/uploads\/2019\/04\/8d1a7df0-bolsonaro-800x450.webp\" width=\"800\" height=\"450\" alt=\"Bolsonaro interv\u00e9m em alta do diesel e Petrobras despenca\" fetchpriority=high \/>\n\t\t\t<\/picture>\n\n\t\t\t<figcaption class=\"wp-caption-text wp-caption-text--hide\">Governo anuncia aux\u00edlio para caminhoneiros<\/figcaption>\n\t\t<\/figure>\n\t<\/div>\n\n\n<p>A atitude de <strong>Bolsonaro<\/strong> est\u00e1 totalmente ligada a press\u00e3o dos caminhoneiros. Isso porque dias antes da decis\u00e3o o governo recebeu relat\u00f3rios da <strong>Ag\u00eancia Brasileira de Intelig\u00eancia (Abin)<\/strong> que apontavam uma certa preocupa\u00e7\u00e3o referente a uma nova <strong>greve dos caminhoneiros<\/strong>.<\/p>\n<div>[optin-monster-shortcode id=&#8221;npkxlwaleraa8psvnego&#8221;]<\/div>\n<p>Dessa forma, sem mesmo consultar o ministro da Economia, Paulo Guedes, Bolsonaro foi aconselhado por seus assessores de que uma greve traria mais problemas pol\u00edticos do que uma interven\u00e7\u00e3o a alta do combust\u00edvel.<\/p>\n<p>O <strong>Gabinete de Seguran\u00e7a Institucional (GSI)<\/strong> da Presid\u00eancia passou a monitorar a movimenta\u00e7\u00e3o dos caminhoneiros desde o \u00faltimo m\u00eas e isso fez com que o governo intervisse na alta que havia sido publicada pela pr\u00f3pria Petrobras, em seu site.<\/p>\n<p>Ap\u00f3s ser comunicado do reajuste, o presidente Jair Bolsonaro entrou em contato, via liga\u00e7\u00e3o, com o presidente da Petrobras, Roberto Castelo Branco, &#8220;preocupado com o porcentual em um n\u00edvel sequer previsto para a taxa de infla\u00e7\u00e3o deste ano&#8221;.<\/p>\n<p><a href=\"https:\/\/www.suno.com.br\/noticias\/petrobras-perda-valor-mercado\/\">Saiba mais:\u00a0Petrobras tem perda de R$ 32 bi em valor de mercado com interfer\u00eancia de Bolsonaro<\/a><\/p>\n<p>Diante disso, o presidente da estatal &#8220;suspendeu temporariamente&#8221; o aumento. Al\u00e9m de recuar em rela\u00e7\u00e3o a alta de 5,7% no <strong>pre\u00e7o diesel<\/strong>, o Planalto junto ao Minist\u00e9rio de Minas e Energia estudam atender a outros pedidos dos caminhoneiros, como a mudan\u00e7a no valor do frete.<\/p>\n<p>Na pr\u00f3xima segunda-feira (15), Bolsonaro deve se reunir com ministros e a \u00e1rea t\u00e9cnica para discutir demandas para os caminhoneiros.<\/p>\n<h2>Petrobras despenca<\/h2>\n<p>A interfer\u00eancia do <strong>governo<\/strong> provocou receios no mercado. Tanto, que as\u00a0<a href=\"https:\/\/www.suno.com.br\/artigos\/acoes-ordinarias\/\"><strong>a\u00e7\u00f5es ordin\u00e1rias<\/strong> <\/a>da<strong> Petrobras <\/strong>(PETR3) ca\u00edram\u00a08,54%, sendo negociadas a R$ 29,13, enquanto as <strong>a\u00e7\u00f5es preferenciais<\/strong> fecharam a R$ 25,83. Em Nova York, os recibos de a\u00e7\u00f5es tiveram perda de mais de 9%.<\/p>\n<div>\t<p>\n\t\t<a href=\"https:\/\/lp.statusinvest.com.br\/ao\/assessoria-status-invest\/\" target=\"_blank\" data-element=\"shortcode-suno-banner\" title=\"Banner SUNO, clique e saiba mais\">\n\t\t\t<picture>\n\t\t\t\t<source media=\"(max-width: 500px)\" srcset=\"https:\/\/files.sunoresearch.com.br\/n\/uploads\/2024\/03\/400x300-Mobile-1.png\">\n\t\t\t\t<img class=\"newsContent__article__imgCapa newsContent__article__imgCapa--banner\"\n\t\t\t\t\tsrc=\"https:\/\/files.sunoresearch.com.br\/n\/uploads\/2024\/03\/1420-x-240-Desktop.png\"\n\t\t\t\t\tdata-promo-id=\"537299\"\t\t\t\t\t\t\t\t\t\twidth='1420' height='250'\t\t\t\t\talt=\"https:\/\/files.sunoresearch.com.br\/n\/uploads\/2024\/03\/1420-x-240-Desktop.png\"\n\t\t\t\t>\n\t\t\t<\/picture>\n\t\t<\/a>\n\t<\/p>\n\n<\/div>\n<p>Dessa forma, a <strong>Petrobras<\/strong> registrou uma perda de R$ 32,4 bilh\u00f5es em valor de mercado depois do presidente Jair Bolsonaro intervir na pol\u00edtica de pre\u00e7os da estatal. A mudan\u00e7a estava prevista para ocorrer na \u00faltima sexta-feira (12), mas <strong>Bolsonaro<\/strong> pediu para o presidente da estatal, <strong>Roberto Castello Branco<\/strong>, cancelar a medida.<\/p>\n","protected":false},"excerpt":{"rendered":"<p>A \u00faltima sexta-feira (12) foi marcada pela interven\u00e7\u00e3o do presidente Jair Bolsonaro na alta do diesel e consequentemente a queda da Petrobras na Bolsa de Valores. Governo anuncia aux\u00edlio para caminhoneiros A atitude de Bolsonaro est\u00e1 totalmente ligada a press\u00e3o dos caminhoneiros. Isso porque dias antes da decis\u00e3o o governo recebeu relat\u00f3rios da Ag\u00eancia Brasileira [&hellip;]<\/p>\n","protected":false},"author":11,"featured_media":20883,"comment_status":"closed","ping_status":"closed","sticky":false,"template":"","format":"standard","meta":[],"categories":[61],"tags":[833,719,595],"suno_strategy":[],"class_list":["post-20880","post","type-post","status-publish","format-standard","has-post-thumbnail","hentry","category-politica","tag-greve-dos-caminhoneiros","tag-jair-bolsonaro","tag-petrobras-petr4"],"yoast_head":"<!-- This site is optimized with the Yoast SEO plugin v24.4 - https:\/\/yoast.com\/wordpress\/plugins\/seo\/ -->\n<title>Bolsonaro interv\u00e9m em alta do diesel e Petrobras despenca<\/title>\n<meta name=\"description\" content=\"Alerta sobre greve faz Bolsonaro intervir sobre alta do Diesel; Decis\u00e3o faz Petrobras perder R$ 32 bi em valor. Clique para saber mais.\" \/>\n<meta name=\"robots\" content=\"index, follow, max-snippet:-1, max-image-preview:large, max-video-preview:-1\" \/>\n<link rel=\"canonical\" href=\"https:\/\/www.suno.com.br\/noticias\/greve-bolsonaro-pedido-caminhoneiros\/\" \/>\n<meta property=\"og:locale\" content=\"pt_BR\" \/>\n<meta property=\"og:type\" content=\"article\" \/>\n<meta property=\"og:title\" content=\"Bolsonaro interv\u00e9m em alta do diesel e Petrobras despenca\" \/>\n<meta property=\"og:description\" content=\"Alerta sobre greve faz Bolsonaro intervir sobre alta do Diesel; Decis\u00e3o faz Petrobras perder R$ 32 bi em valor. Clique para saber mais.\" \/>\n<meta property=\"og:url\" content=\"https:\/\/www.suno.com.br\/noticias\/greve-bolsonaro-pedido-caminhoneiros\/\" \/>\n<meta property=\"og:site_name\" content=\"Suno Not\u00edcias\" \/>\n<meta property=\"article:publisher\" content=\"https:\/\/facebook.com\/sunoresearch\" \/>\n<meta property=\"og:image\" content=\"https:\/\/files.sunoresearch.com.br\/n\/uploads\/2019\/04\/8d1a7df0-bolsonaro.jpg\" \/>\n\t<meta property=\"og:image:width\" content=\"1140\" \/>\n\t<meta property=\"og:image:height\" content=\"760\" \/>\n\t<meta property=\"og:image:type\" content=\"image\/jpeg\" \/>\n<meta name=\"author\" content=\"Renan Bandeira\" \/>\n<meta name=\"twitter:card\" content=\"summary_large_image\" \/>\n<meta name=\"twitter:creator\" content=\"@sunoresearch\" \/>\n<meta name=\"twitter:site\" content=\"@sunoresearch\" \/>\n<meta name=\"twitter:label1\" content=\"Escrito por\" \/>\n\t<meta name=\"twitter:data1\" content=\"Renan Bandeira\" \/>\n\t<meta name=\"twitter:label2\" content=\"Est. tempo de leitura\" \/>\n\t<meta name=\"twitter:data2\" content=\"2 minutos\" \/>\n<script type=\"application\/ld+json\" class=\"yoast-schema-graph\">{\"@context\":\"https:\/\/schema.org\",\"@graph\":[{\"@type\":\"NewsArticle\",\"@id\":\"https:\/\/www.suno.com.br\/noticias\/greve-bolsonaro-pedido-caminhoneiros\/#article\",\"isPartOf\":{\"@id\":\"https:\/\/www.suno.com.br\/noticias\/greve-bolsonaro-pedido-caminhoneiros\/\"},\"author\":{\"name\":\"Renan Bandeira\",\"@id\":\"https:\/\/www.suno.com.br\/noticias\/#\/schema\/person\/fc144a1c6108bd1dcd43784e88a3c138\"},\"headline\":\"Bolsonaro interv\u00e9m em alta do diesel e Petrobras despenca\",\"datePublished\":\"2019-04-13T15:24:28+00:00\",\"mainEntityOfPage\":{\"@id\":\"https:\/\/www.suno.com.br\/noticias\/greve-bolsonaro-pedido-caminhoneiros\/\"},\"wordCount\":398,\"publisher\":{\"@id\":\"https:\/\/www.suno.com.br\/noticias\/#organization\"},\"image\":{\"@id\":\"https:\/\/www.suno.com.br\/noticias\/greve-bolsonaro-pedido-caminhoneiros\/#primaryimage\"},\"thumbnailUrl\":\"https:\/\/files.sunoresearch.com.br\/n\/uploads\/2019\/04\/8d1a7df0-bolsonaro-jpg.webp\",\"keywords\":[\"greve dos caminhoneiros\",\"Jair Bolsonaro\",\"Petrobras (PETR4)\"],\"articleSection\":[\"Pol\u00edtica\"],\"inLanguage\":\"pt-BR\"},{\"@type\":\"WebPage\",\"@id\":\"https:\/\/www.suno.com.br\/noticias\/greve-bolsonaro-pedido-caminhoneiros\/\",\"url\":\"https:\/\/www.suno.com.br\/noticias\/greve-bolsonaro-pedido-caminhoneiros\/\",\"name\":\"Bolsonaro interv\u00e9m em alta do diesel e Petrobras despenca\",\"isPartOf\":{\"@id\":\"https:\/\/www.suno.com.br\/noticias\/#website\"},\"primaryImageOfPage\":{\"@id\":\"https:\/\/www.suno.com.br\/noticias\/greve-bolsonaro-pedido-caminhoneiros\/#primaryimage\"},\"image\":{\"@id\":\"https:\/\/www.suno.com.br\/noticias\/greve-bolsonaro-pedido-caminhoneiros\/#primaryimage\"},\"thumbnailUrl\":\"https:\/\/files.sunoresearch.com.br\/n\/uploads\/2019\/04\/8d1a7df0-bolsonaro-jpg.webp\",\"datePublished\":\"2019-04-13T15:24:28+00:00\",\"description\":\"Alerta sobre greve faz Bolsonaro intervir sobre alta do Diesel; Decis\u00e3o faz Petrobras perder R$ 32 bi em valor. Clique para saber mais.\",\"breadcrumb\":{\"@id\":\"https:\/\/www.suno.com.br\/noticias\/greve-bolsonaro-pedido-caminhoneiros\/#breadcrumb\"},\"inLanguage\":\"pt-BR\",\"potentialAction\":[{\"@type\":\"ReadAction\",\"target\":[\"https:\/\/www.suno.com.br\/noticias\/greve-bolsonaro-pedido-caminhoneiros\/\"]}]},{\"@type\":\"ImageObject\",\"inLanguage\":\"pt-BR\",\"@id\":\"https:\/\/www.suno.com.br\/noticias\/greve-bolsonaro-pedido-caminhoneiros\/#primaryimage\",\"url\":\"https:\/\/files.sunoresearch.com.br\/n\/uploads\/2019\/04\/8d1a7df0-bolsonaro-jpg.webp\",\"contentUrl\":\"https:\/\/files.sunoresearch.com.br\/n\/uploads\/2019\/04\/8d1a7df0-bolsonaro-jpg.webp\",\"width\":1140,\"height\":760,\"caption\":\"Governo anuncia aux\u00edlio para caminhoneiros\"},{\"@type\":\"BreadcrumbList\",\"@id\":\"https:\/\/www.suno.com.br\/noticias\/greve-bolsonaro-pedido-caminhoneiros\/#breadcrumb\",\"itemListElement\":[{\"@type\":\"ListItem\",\"position\":1,\"name\":\"Not\u00edcias\",\"item\":\"https:\/\/www.suno.com.br\/noticias\/\"},{\"@type\":\"ListItem\",\"position\":2,\"name\":\"Pol\u00edtica\",\"item\":\"https:\/\/www.suno.com.br\/noticias\/politica\/\"},{\"@type\":\"ListItem\",\"position\":3,\"name\":\"Bolsonaro interv\u00e9m em alta do diesel e Petrobras despenca\"}]},{\"@type\":\"WebSite\",\"@id\":\"https:\/\/www.suno.com.br\/noticias\/#website\",\"url\":\"https:\/\/www.suno.com.br\/noticias\/\",\"name\":\"Suno Not\u00edcias\",\"description\":\"Seu portal de informa\u00e7\u00e3o sobre o mundo dos investimentos\",\"publisher\":{\"@id\":\"https:\/\/www.suno.com.br\/noticias\/#organization\"},\"potentialAction\":[{\"@type\":\"SearchAction\",\"target\":{\"@type\":\"EntryPoint\",\"urlTemplate\":\"https:\/\/www.suno.com.br\/noticias\/?s={search_term_string}\"},\"query-input\":{\"@type\":\"PropertyValueSpecification\",\"valueRequired\":true,\"valueName\":\"search_term_string\"}}],\"inLanguage\":\"pt-BR\"},{\"@type\":\"Organization\",\"@id\":\"https:\/\/www.suno.com.br\/noticias\/#organization\",\"name\":\"Suno Not\u00edcias\",\"url\":\"https:\/\/www.suno.com.br\/noticias\/\",\"logo\":{\"@type\":\"ImageObject\",\"inLanguage\":\"pt-BR\",\"@id\":\"https:\/\/www.suno.com.br\/noticias\/#\/schema\/logo\/image\/\",\"url\":\"https:\/\/files.sunoresearch.com.br\/n\/uploads\/2021\/09\/suno-logo.png\",\"contentUrl\":\"https:\/\/files.sunoresearch.com.br\/n\/uploads\/2021\/09\/suno-logo.png\",\"width\":180,\"height\":180,\"caption\":\"Suno Not\u00edcias\"},\"image\":{\"@id\":\"https:\/\/www.suno.com.br\/noticias\/#\/schema\/logo\/image\/\"},\"sameAs\":[\"https:\/\/facebook.com\/sunoresearch\",\"https:\/\/x.com\/sunoresearch\",\"https:\/\/www.instagram.com\/suno\",\"https:\/\/www.linkedin.com\/company\/suno-research\/\",\"https:\/\/www.youtube.com\/c\/sunoresearch\"]},{\"@type\":\"Person\",\"@id\":\"https:\/\/www.suno.com.br\/noticias\/#\/schema\/person\/fc144a1c6108bd1dcd43784e88a3c138\",\"name\":\"Renan Bandeira\",\"image\":{\"@type\":\"ImageObject\",\"inLanguage\":\"pt-BR\",\"@id\":\"https:\/\/www.suno.com.br\/noticias\/#\/schema\/person\/image\/\",\"url\":\"https:\/\/secure.gravatar.com\/avatar\/68359cdb608f14f11bbefcb78f3fc747?s=96&r=g\",\"contentUrl\":\"https:\/\/secure.gravatar.com\/avatar\/68359cdb608f14f11bbefcb78f3fc747?s=96&r=g\",\"caption\":\"Renan Bandeira\"},\"description\":\"Renan Bandeira escreve sobre pol\u00edtica e economia para o portal da Suno Research. Antes da Suno, trabalhou em uma rede de televis\u00e3o, onde fazia reportagens sobre os mesmos temas. Estuda na Universidade Metodista de S\u00e3o Paulo.\",\"url\":\"https:\/\/www.suno.com.br\/noticias\/author\/renan-bandeira\/\"}]}<\/script>\n<!-- \/ Yoast SEO plugin. -->","yoast_head_json":{"title":"Bolsonaro interv\u00e9m em alta do diesel e Petrobras despenca","description":"Alerta sobre greve faz Bolsonaro intervir sobre alta do Diesel; Decis\u00e3o faz Petrobras perder R$ 32 bi em valor. Clique para saber mais.","robots":{"index":"index","follow":"follow","max-snippet":"max-snippet:-1","max-image-preview":"max-image-preview:large","max-video-preview":"max-video-preview:-1"},"canonical":"https:\/\/www.suno.com.br\/noticias\/greve-bolsonaro-pedido-caminhoneiros\/","og_locale":"pt_BR","og_type":"article","og_title":"Bolsonaro interv\u00e9m em alta do diesel e Petrobras despenca","og_description":"Alerta sobre greve faz Bolsonaro intervir sobre alta do Diesel; Decis\u00e3o faz Petrobras perder R$ 32 bi em valor. Clique para saber mais.","og_url":"https:\/\/www.suno.com.br\/noticias\/greve-bolsonaro-pedido-caminhoneiros\/","og_site_name":"Suno Not\u00edcias","article_publisher":"https:\/\/facebook.com\/sunoresearch","og_image":[{"width":1140,"height":760,"url":"https:\/\/files.sunoresearch.com.br\/n\/uploads\/2019\/04\/8d1a7df0-bolsonaro.jpg","type":"image\/jpeg"}],"author":"Renan Bandeira","twitter_card":"summary_large_image","twitter_creator":"@sunoresearch","twitter_site":"@sunoresearch","twitter_misc":{"Escrito por":"Renan Bandeira","Est. tempo de leitura":"2 minutos"},"schema":{"@context":"https:\/\/schema.org","@graph":[{"@type":"NewsArticle","@id":"https:\/\/www.suno.com.br\/noticias\/greve-bolsonaro-pedido-caminhoneiros\/#article","isPartOf":{"@id":"https:\/\/www.suno.com.br\/noticias\/greve-bolsonaro-pedido-caminhoneiros\/"},"author":{"name":"Renan Bandeira","@id":"https:\/\/www.suno.com.br\/noticias\/#\/schema\/person\/fc144a1c6108bd1dcd43784e88a3c138"},"headline":"Bolsonaro interv\u00e9m em alta do diesel e Petrobras despenca","datePublished":"2019-04-13T15:24:28+00:00","mainEntityOfPage":{"@id":"https:\/\/www.suno.com.br\/noticias\/greve-bolsonaro-pedido-caminhoneiros\/"},"wordCount":398,"publisher":{"@id":"https:\/\/www.suno.com.br\/noticias\/#organization"},"image":{"@id":"https:\/\/www.suno.com.br\/noticias\/greve-bolsonaro-pedido-caminhoneiros\/#primaryimage"},"thumbnailUrl":"https:\/\/files.sunoresearch.com.br\/n\/uploads\/2019\/04\/8d1a7df0-bolsonaro-jpg.webp","keywords":["greve dos caminhoneiros","Jair Bolsonaro","Petrobras (PETR4)"],"articleSection":["Pol\u00edtica"],"inLanguage":"pt-BR"},{"@type":"WebPage","@id":"https:\/\/www.suno.com.br\/noticias\/greve-bolsonaro-pedido-caminhoneiros\/","url":"https:\/\/www.suno.com.br\/noticias\/greve-bolsonaro-pedido-caminhoneiros\/","name":"Bolsonaro interv\u00e9m em alta do diesel e Petrobras despenca","isPartOf":{"@id":"https:\/\/www.suno.com.br\/noticias\/#website"},"primaryImageOfPage":{"@id":"https:\/\/www.suno.com.br\/noticias\/greve-bolsonaro-pedido-caminhoneiros\/#primaryimage"},"image":{"@id":"https:\/\/www.suno.com.br\/noticias\/greve-bolsonaro-pedido-caminhoneiros\/#primaryimage"},"thumbnailUrl":"https:\/\/files.sunoresearch.com.br\/n\/uploads\/2019\/04\/8d1a7df0-bolsonaro-jpg.webp","datePublished":"2019-04-13T15:24:28+00:00","description":"Alerta sobre greve faz Bolsonaro intervir sobre alta do Diesel; Decis\u00e3o faz Petrobras perder R$ 32 bi em valor. Clique para saber mais.","breadcrumb":{"@id":"https:\/\/www.suno.com.br\/noticias\/greve-bolsonaro-pedido-caminhoneiros\/#breadcrumb"},"inLanguage":"pt-BR","potentialAction":[{"@type":"ReadAction","target":["https:\/\/www.suno.com.br\/noticias\/greve-bolsonaro-pedido-caminhoneiros\/"]}]},{"@type":"ImageObject","inLanguage":"pt-BR","@id":"https:\/\/www.suno.com.br\/noticias\/greve-bolsonaro-pedido-caminhoneiros\/#primaryimage","url":"https:\/\/files.sunoresearch.com.br\/n\/uploads\/2019\/04\/8d1a7df0-bolsonaro-jpg.webp","contentUrl":"https:\/\/files.sunoresearch.com.br\/n\/uploads\/2019\/04\/8d1a7df0-bolsonaro-jpg.webp","width":1140,"height":760,"caption":"Governo anuncia aux\u00edlio para caminhoneiros"},{"@type":"BreadcrumbList","@id":"https:\/\/www.suno.com.br\/noticias\/greve-bolsonaro-pedido-caminhoneiros\/#breadcrumb","itemListElement":[{"@type":"ListItem","position":1,"name":"Not\u00edcias","item":"https:\/\/www.suno.com.br\/noticias\/"},{"@type":"ListItem","position":2,"name":"Pol\u00edtica","item":"https:\/\/www.suno.com.br\/noticias\/politica\/"},{"@type":"ListItem","position":3,"name":"Bolsonaro interv\u00e9m em alta do diesel e Petrobras despenca"}]},{"@type":"WebSite","@id":"https:\/\/www.suno.com.br\/noticias\/#website","url":"https:\/\/www.suno.com.br\/noticias\/","name":"Suno Not\u00edcias","description":"Seu portal de informa\u00e7\u00e3o sobre o mundo dos investimentos","publisher":{"@id":"https:\/\/www.suno.com.br\/noticias\/#organization"},"potentialAction":[{"@type":"SearchAction","target":{"@type":"EntryPoint","urlTemplate":"https:\/\/www.suno.com.br\/noticias\/?s={search_term_string}"},"query-input":{"@type":"PropertyValueSpecification","valueRequired":true,"valueName":"search_term_string"}}],"inLanguage":"pt-BR"},{"@type":"Organization","@id":"https:\/\/www.suno.com.br\/noticias\/#organization","name":"Suno Not\u00edcias","url":"https:\/\/www.suno.com.br\/noticias\/","logo":{"@type":"ImageObject","inLanguage":"pt-BR","@id":"https:\/\/www.suno.com.br\/noticias\/#\/schema\/logo\/image\/","url":"https:\/\/files.sunoresearch.com.br\/n\/uploads\/2021\/09\/suno-logo.png","contentUrl":"https:\/\/files.sunoresearch.com.br\/n\/uploads\/2021\/09\/suno-logo.png","width":180,"height":180,"caption":"Suno Not\u00edcias"},"image":{"@id":"https:\/\/www.suno.com.br\/noticias\/#\/schema\/logo\/image\/"},"sameAs":["https:\/\/facebook.com\/sunoresearch","https:\/\/x.com\/sunoresearch","https:\/\/www.instagram.com\/suno","https:\/\/www.linkedin.com\/company\/suno-research\/","https:\/\/www.youtube.com\/c\/sunoresearch"]},{"@type":"Person","@id":"https:\/\/www.suno.com.br\/noticias\/#\/schema\/person\/fc144a1c6108bd1dcd43784e88a3c138","name":"Renan Bandeira","image":{"@type":"ImageObject","inLanguage":"pt-BR","@id":"https:\/\/www.suno.com.br\/noticias\/#\/schema\/person\/image\/","url":"https:\/\/secure.gravatar.com\/avatar\/68359cdb608f14f11bbefcb78f3fc747?s=96&r=g","contentUrl":"https:\/\/secure.gravatar.com\/avatar\/68359cdb608f14f11bbefcb78f3fc747?s=96&r=g","caption":"Renan Bandeira"},"description":"Renan Bandeira escreve sobre pol\u00edtica e economia para o portal da Suno Research. Antes da Suno, trabalhou em uma rede de televis\u00e3o, onde fazia reportagens sobre os mesmos temas. Estuda na Universidade Metodista de S\u00e3o Paulo.","url":"https:\/\/www.suno.com.br\/noticias\/author\/renan-bandeira\/"}]}},"default_loop_html":"<div class=\"cardsPage__listCard__boxs\"><div class=\"cardsPage__listCard__boxs__img\"><a href=\"https:\/\/www.suno.com.br\/noticias\/greve-bolsonaro-pedido-caminhoneiros\/\"><img class=\"mask\" src=\"https:\/\/www.suno.com.br\/noticias\/wp-content\/themes\/suno\/resources\/images\/spotlight\/spotlight1img\/bg-mask.png\" alt=\"Image Mask\"\/><img src=\"https:\/\/files.sunoresearch.com.br\/n\/uploads\/2019\/04\/8d1a7df0-bolsonaro-400x200.webp\" alt=\"Bolsonaro interv\u00e9m em alta do diesel e Petrobras despenca\"\/><\/a><span class=\"spotlightCategory\"><a href=\"https:\/\/www.suno.com.br\/noticias\/politica\/\">Pol\u00edtica<\/a><\/span><\/div><div class=\"cardsPage__listCard__boxs__content\"><a href=\"https:\/\/www.suno.com.br\/noticias\/greve-bolsonaro-pedido-caminhoneiros\/\"><h2 class=\"content__title\">Bolsonaro interv\u00e9m em alta do diesel e Petrobras despenca<\/h2><\/a><div class=\"newsContent__article__meta\"><div class=\"newsContent__article__meta__authorBox\"><a href=\"https:\/\/www.suno.com.br\/noticias\/author\/renan-bandeira\/\" class=\"authorBox__avatar noMobi\"><img src=\"https:\/\/secure.gravatar.com\/avatar\/68359cdb608f14f11bbefcb78f3fc747?s=96&#038;r=g\" alt=\"Renan Bandeira\"><\/a><div class=\"authorBox__name\"><span>por\n\t\t\t<a href=\"https:\/\/www.suno.com.br\/noticias\/author\/renan-bandeira\/\"><span itemprop=\"author\">Renan Bandeira<\/span><\/a><\/span><time datetime=\"2019-04-13T12:24:28-03:00\" itemprop=\"datePublished\">13\/04\/2019 12:24<\/time><\/div><\/div><\/div><\/div><\/div>","single_layout":"posts","amp_enabled":true,"_links":{"self":[{"href":"https:\/\/www.suno.com.br\/noticias\/wp-json\/wp\/v2\/posts\/20880"}],"collection":[{"href":"https:\/\/www.suno.com.br\/noticias\/wp-json\/wp\/v2\/posts"}],"about":[{"href":"https:\/\/www.suno.com.br\/noticias\/wp-json\/wp\/v2\/types\/post"}],"author":[{"embeddable":true,"href":"https:\/\/www.suno.com.br\/noticias\/wp-json\/wp\/v2\/users\/11"}],"replies":[{"embeddable":true,"href":"https:\/\/www.suno.com.br\/noticias\/wp-json\/wp\/v2\/comments?post=20880"}],"version-history":[{"count":0,"href":"https:\/\/www.suno.com.br\/noticias\/wp-json\/wp\/v2\/posts\/20880\/revisions"}],"wp:featuredmedia":[{"embeddable":true,"href":"https:\/\/www.suno.com.br\/noticias\/wp-json\/wp\/v2\/media\/20883"}],"wp:attachment":[{"href":"https:\/\/www.suno.com.br\/noticias\/wp-json\/wp\/v2\/media?parent=20880"}],"wp:term":[{"taxonomy":"category","embeddable":true,"href":"https:\/\/www.suno.com.br\/noticias\/wp-json\/wp\/v2\/categories?post=20880"},{"taxonomy":"post_tag","embeddable":true,"href":"https:\/\/www.suno.com.br\/noticias\/wp-json\/wp\/v2\/tags?post=20880"},{"taxonomy":"suno_strategy","embeddable":true,"href":"https:\/\/www.suno.com.br\/noticias\/wp-json\/wp\/v2\/suno_strategy?post=20880"}],"curies":[{"name":"wp","href":"https:\/\/api.w.org\/{rel}","templated":true}]}}