{"id":20870,"date":"2019-04-12T20:48:23","date_gmt":"2019-04-12T23:48:23","guid":{"rendered":"https:\/\/www.suno.com.br\/noticias\/?p=20870"},"modified":"2019-04-13T00:13:00","modified_gmt":"2019-04-13T03:13:00","slug":"paulo-guedes-intervencao-petrobras","status":"publish","type":"post","link":"https:\/\/www.suno.com.br\/noticias\/paulo-guedes-intervencao-petrobras\/","title":{"rendered":"Paulo Guedes sobre interven\u00e7\u00e3o na Petrobras: &#8220;N\u00e3o sei do que voc\u00eas est\u00e3o falando&#8221;"},"content":{"rendered":"<p>O ministro da Economia, Paulo Guedes, se manisfestou sobre a interven\u00e7\u00e3o do governo de Jair Bolsonaro na pol\u00edtica de pre\u00e7os da Petrobras.\u00a0Na noite da \u00faltima quinta (11) o presidente\u00a0cancelou o reajuste de 5,7% nos pre\u00e7os do diesel nas refinarias da Petrobras.<\/p>\t<div class=\"wrapper-featured-image\">\n\t\t<figure class=\"spotlightImg\">\n\n\t\t\t<picture>\n\t\t\t\t<source media=\"(max-width: 768px)\" srcset=\"https:\/\/files.sunoresearch.com.br\/n\/uploads\/2019\/04\/4cc1416c-guedes-400x200.webp\">\n\t\t\t\t<img loading=\"lazy\" decoding=\"async\" class=\"newsContent__article__imgCapa lazyloadDisabled newsContent__article__imgCapa--noCaption\" src=\"https:\/\/files.sunoresearch.com.br\/n\/uploads\/2019\/04\/4cc1416c-guedes-800x450.webp\" width=\"800\" height=\"450\" alt=\"Paulo Guedes sobre interven\u00e7\u00e3o na Petrobras: &#8220;N\u00e3o sei do que voc\u00eas est\u00e3o falando&#8221;\" fetchpriority=high \/>\n\t\t\t<\/picture>\n\n\t\t\t<figcaption class=\"wp-caption-text wp-caption-text--hide\">Petrobras<\/figcaption>\n\t\t<\/figure>\n\t<\/div>\n\n\n<p>&#8220;Eu n\u00e3o sei nem do que voc\u00eas est\u00e3o falando&#8221;, disse Guedes ap\u00f3s ser questionados por jornalistas.\u00a0O ministro declarou que passou\u00a0&#8220;o dia todo trabalhando&#8221; e que n\u00e3o tem informa\u00e7\u00f5es a respeito do ocorrido.\u00a0&#8220;Eu tenho um sil\u00eancio ensurdecedor para os senhores&#8221;, afirmou.<\/p>\n<p>A fala ocorreu na sa\u00edda de uma reuni\u00e3o no<strong> Fundo Monet\u00e1rio Internacional<\/strong> (FMI) em Washington. O ministro participa da reuni\u00f5es do <strong>FMI<\/strong>, do<strong>\u00a0Banco Mundial<\/strong> e de encontros do G-20 e dos Brics.<\/p>\n<p><a href=\"https:\/\/www.suno.com.br\/noticias\/petrobras-queda-acoes-ordinarias-preferenciais-petrobras-oito\/\">Saiba mais:\u00a0Queda de a\u00e7\u00f5es ordin\u00e1rias e preferenciais da Petrobras bate 8%<\/a><\/p>\n<p>\u201cEu queria conversar com voc\u00eas sobre o andamento do dia [em Washington], a\u00ed aconteceu alguma coisa l\u00e1 que eu vou ter que me informar, porque eu passei o dia na sala enquanto voc\u00eas estavam tendo informa\u00e7\u00e3o\u201d, disse Guedes.<\/p>\n<p>[optin-monster-shortcode id=&#8221;npkxlwaleraa8psvnego&#8221;]<\/p>\n<p>&nbsp;<\/p>\n<h2>Roberto Campos Neto<\/h2>\n<p>Paulo Guedes n\u00e3o foi o \u00fanico a ser questionado sobre a interven\u00e7\u00e3o do governo na <strong>Petrobras<\/strong>. Mais cedo, o\u00a0presidente do <strong>Banco Central<\/strong>, <strong>Roberto Campo Neto<\/strong>, disse que n\u00e3o acredita que o <strong>governo<\/strong> <strong>Jair Bolsonaro<\/strong> ir\u00e1 adotar pr\u00e1ticas de controle de pre\u00e7os. A medida foi implementada pela ex-presidente <strong>Dilma Rousseff<\/strong>.<\/p>\n<p><strong>Campos Neto<\/strong> n\u00e3o quis comentar a quest\u00e3o da suspens\u00e3o dos pre\u00e7os por <strong>Bolsonaro<\/strong>. \u201cEu cheguei aqui na quarta-feira, n\u00e3o estou acompanhando as not\u00edcias. N\u00e3o tem possibilidade de um dirigente do <strong>Banco Central<\/strong> falar de pr\u00e1tica de pre\u00e7os da <strong>Petrobras<\/strong>\u201d, afirmou.<\/p>\n<h2>Reuni\u00e3o no Planalto<\/h2>\n<p>O presidente Jair Bolsonaro convocou uma reuni\u00e3o com ministros e t\u00e9cnicos para tratar da quest\u00e3o da pol\u00edtica de pre\u00e7os da Petrobras.\u00a0A reuni\u00e3o dever\u00e1 ocorrer na pr\u00f3xima\u00a0ter\u00e7a-feira (16).<\/p>\n<p>A reuni\u00e3o convocada pelo presidente foi confirmada pelo porta-voz do <strong>Pal\u00e1cio do Planalto<\/strong>, general Ot\u00e1vio R\u00eago Barros. Segundo Barros, <strong>Bolsonaro<\/strong> estaria preocupado com o impacto do ajuste do combust\u00edvel.<\/p>\n<p>&#8220;O encontro de ter\u00e7a caracteriza a necessidade do dirigente do poder executivo de identificar quais os aspectos que levam realmente \u00e0s decis\u00f5es que s\u00e3o t\u00e3o importantes \u00e0 sociedade&#8221;, explicou o porta-voz da Presid\u00eancia da Rep\u00fablica.<\/p>\n<p>Entretanto, Barros n\u00e3o esclareceu se durante a reuni\u00e3o ser\u00e1 tomada uma decis\u00e3o sobre os <strong>pre\u00e7os do diesel<\/strong>. &#8220;A reuni\u00e3o, por princ\u00edpio, \u00e9 para tomar uma decis\u00e3o. Mas se exigir um aprofundamento de alguns dados, naturalmente n\u00e3o ser\u00e1 na ter\u00e7a-feira o resultado final&#8221;, afirmou o porta-voz da Presid\u00eancia.<\/p>\n\t<p>\n\t\t<a href=\"https:\/\/lp.suno.com.br\/ebook-investindo-em-dividendos\/\" target=\"_blank\" data-element=\"shortcode-suno-banner\" title=\"Banner SUNO, clique e saiba mais\">\n\t\t\t<picture>\n\t\t\t\t<source media=\"(max-width: 500px)\" srcset=\"https:\/\/files.sunoresearch.com.br\/n\/uploads\/2023\/03\/400x300-Dividendos.png\">\n\t\t\t\t<img class=\"newsContent__article__imgCapa newsContent__article__imgCapa--banner\"\n\t\t\t\t\tsrc=\"https:\/\/files.sunoresearch.com.br\/n\/uploads\/2023\/03\/1420x240-Dividendos.png\"\n\t\t\t\t\tdata-promo-id=\"383163\"\t\t\t\t\t\t\t\t\t\twidth='1420' height='240'\t\t\t\t\talt=\"https:\/\/files.sunoresearch.com.br\/n\/uploads\/2023\/03\/1420x240-Dividendos.png\"\n\t\t\t\t>\n\t\t\t<\/picture>\n\t\t<\/a>\n\t<\/p>\n\n\n<h2>Nenhuma interfer\u00eancia<\/h2>\n<p>Barros afirmou que, a princ\u00edpio, <strong>Bolsonaro<\/strong> considera que o governo n\u00e3o deve interferir na pol\u00edtica de pre\u00e7os da Petrobras.<\/p>\n<p><a href=\"https:\/\/www.suno.com.br\/noticias\/bolsonaro-convoca-precos-petrobras\/\">Saiba mais: Bolsonaro convoca reuni\u00e3o para tratar de pre\u00e7os da Petrobras<\/a><\/p>\n<p>&#8220;Por princ\u00edpio, o presidente entende que a <strong>Petrobras<\/strong>, uma empresa de capital aberto, sujeita \u00e0s regras de mercado, n\u00e3o deve sofrer interfer\u00eancia pol\u00edtica em sua gest\u00e3o. Ali\u00e1s, uma das raz\u00f5es para a crise que v\u00ednhamos incorrendo em governos passados e que quase distribuiu aquela empresa&#8221;, explicou o porta-voz.<\/p>\n<p>&nbsp;<\/p>\n","protected":false},"excerpt":{"rendered":"<p>O ministro da Economia, Paulo Guedes, se manisfestou sobre a interven\u00e7\u00e3o do governo de Jair Bolsonaro na pol\u00edtica de pre\u00e7os da Petrobras.\u00a0Na noite da \u00faltima quinta (11) o presidente\u00a0cancelou o reajuste de 5,7% nos pre\u00e7os do diesel nas refinarias da Petrobras. Petrobras &#8220;Eu n\u00e3o sei nem do que voc\u00eas est\u00e3o falando&#8221;, disse Guedes ap\u00f3s ser [&hellip;]<\/p>\n","protected":false},"author":14,"featured_media":19896,"comment_status":"closed","ping_status":"closed","sticky":false,"template":"","format":"standard","meta":[],"categories":[64],"tags":[286,740,719,796,595,1113],"suno_strategy":[],"class_list":["post-20870","post","type-post","status-publish","format-standard","has-post-thumbnail","hentry","category-negocios","tag-acoes","tag-economia","tag-jair-bolsonaro","tag-paulo-guedes","tag-petrobras-petr4","tag-roberto-campos-neto"],"yoast_head":"<!-- This site is optimized with the Yoast SEO plugin v24.4 - https:\/\/yoast.com\/wordpress\/plugins\/seo\/ -->\n<title>Paulo Guedes sobre interven\u00e7\u00e3o na Petrobras: &quot;N\u00e3o sei do que voc\u00eas est\u00e3o falando&quot;<\/title>\n<meta name=\"description\" content=\"Na noite da \u00faltima quinta o presidente\u00a0cancelou o reajuste de 5,7% nos pre\u00e7os do diesel nas refinarias da Petrobras. Clique saber mais.\" \/>\n<meta name=\"robots\" content=\"index, follow, max-snippet:-1, max-image-preview:large, max-video-preview:-1\" \/>\n<link rel=\"canonical\" href=\"https:\/\/www.suno.com.br\/noticias\/paulo-guedes-intervencao-petrobras\/\" \/>\n<meta property=\"og:locale\" content=\"pt_BR\" \/>\n<meta property=\"og:type\" content=\"article\" \/>\n<meta property=\"og:title\" content=\"Paulo Guedes sobre interven\u00e7\u00e3o na Petrobras: &quot;N\u00e3o sei do que voc\u00eas est\u00e3o falando&quot;\" \/>\n<meta property=\"og:description\" content=\"Na noite da \u00faltima quinta o presidente\u00a0cancelou o reajuste de 5,7% nos pre\u00e7os do diesel nas refinarias da Petrobras. Clique saber mais.\" \/>\n<meta property=\"og:url\" content=\"https:\/\/www.suno.com.br\/noticias\/paulo-guedes-intervencao-petrobras\/\" \/>\n<meta property=\"og:site_name\" content=\"Suno Not\u00edcias\" \/>\n<meta property=\"article:publisher\" content=\"https:\/\/facebook.com\/sunoresearch\" \/>\n<meta property=\"og:image\" content=\"https:\/\/files.sunoresearch.com.br\/n\/uploads\/2019\/04\/4cc1416c-guedes.jpg\" \/>\n\t<meta property=\"og:image:width\" content=\"1140\" \/>\n\t<meta property=\"og:image:height\" content=\"760\" \/>\n\t<meta property=\"og:image:type\" content=\"image\/jpeg\" \/>\n<meta name=\"author\" content=\"Renan Dantas\" \/>\n<meta name=\"twitter:card\" content=\"summary_large_image\" \/>\n<meta name=\"twitter:creator\" content=\"@sunoresearch\" \/>\n<meta name=\"twitter:site\" content=\"@sunoresearch\" \/>\n<meta name=\"twitter:label1\" content=\"Escrito por\" \/>\n\t<meta name=\"twitter:data1\" content=\"Renan Dantas\" \/>\n\t<meta name=\"twitter:label2\" content=\"Est. tempo de leitura\" \/>\n\t<meta name=\"twitter:data2\" content=\"3 minutos\" \/>\n<script type=\"application\/ld+json\" class=\"yoast-schema-graph\">{\"@context\":\"https:\/\/schema.org\",\"@graph\":[{\"@type\":\"NewsArticle\",\"@id\":\"https:\/\/www.suno.com.br\/noticias\/paulo-guedes-intervencao-petrobras\/#article\",\"isPartOf\":{\"@id\":\"https:\/\/www.suno.com.br\/noticias\/paulo-guedes-intervencao-petrobras\/\"},\"author\":{\"name\":\"Renan Dantas\",\"@id\":\"https:\/\/www.suno.com.br\/noticias\/#\/schema\/person\/3f7693d5795a3f6d5ce15309ee785699\"},\"headline\":\"Paulo Guedes sobre interven\u00e7\u00e3o na Petrobras: &#8220;N\u00e3o sei do que voc\u00eas est\u00e3o falando&#8221;\",\"datePublished\":\"2019-04-12T23:48:23+00:00\",\"dateModified\":\"2019-04-13T03:13:00+00:00\",\"mainEntityOfPage\":{\"@id\":\"https:\/\/www.suno.com.br\/noticias\/paulo-guedes-intervencao-petrobras\/\"},\"wordCount\":584,\"publisher\":{\"@id\":\"https:\/\/www.suno.com.br\/noticias\/#organization\"},\"image\":{\"@id\":\"https:\/\/www.suno.com.br\/noticias\/paulo-guedes-intervencao-petrobras\/#primaryimage\"},\"thumbnailUrl\":\"https:\/\/files.sunoresearch.com.br\/n\/uploads\/2019\/04\/4cc1416c-guedes-jpg.webp\",\"keywords\":[\"A\u00e7\u00f5es\",\"Economia\",\"Jair Bolsonaro\",\"Paulo Guedes\",\"Petrobras (PETR4)\",\"Roberto Campos Neto\"],\"articleSection\":[\"Neg\u00f3cios\"],\"inLanguage\":\"pt-BR\"},{\"@type\":\"WebPage\",\"@id\":\"https:\/\/www.suno.com.br\/noticias\/paulo-guedes-intervencao-petrobras\/\",\"url\":\"https:\/\/www.suno.com.br\/noticias\/paulo-guedes-intervencao-petrobras\/\",\"name\":\"Paulo Guedes sobre interven\u00e7\u00e3o na Petrobras: \\\"N\u00e3o sei do que voc\u00eas est\u00e3o falando\\\"\",\"isPartOf\":{\"@id\":\"https:\/\/www.suno.com.br\/noticias\/#website\"},\"primaryImageOfPage\":{\"@id\":\"https:\/\/www.suno.com.br\/noticias\/paulo-guedes-intervencao-petrobras\/#primaryimage\"},\"image\":{\"@id\":\"https:\/\/www.suno.com.br\/noticias\/paulo-guedes-intervencao-petrobras\/#primaryimage\"},\"thumbnailUrl\":\"https:\/\/files.sunoresearch.com.br\/n\/uploads\/2019\/04\/4cc1416c-guedes-jpg.webp\",\"datePublished\":\"2019-04-12T23:48:23+00:00\",\"dateModified\":\"2019-04-13T03:13:00+00:00\",\"description\":\"Na noite da \u00faltima quinta o presidente\u00a0cancelou o reajuste de 5,7% nos pre\u00e7os do diesel nas refinarias da Petrobras. Clique saber mais.\",\"breadcrumb\":{\"@id\":\"https:\/\/www.suno.com.br\/noticias\/paulo-guedes-intervencao-petrobras\/#breadcrumb\"},\"inLanguage\":\"pt-BR\",\"potentialAction\":[{\"@type\":\"ReadAction\",\"target\":[\"https:\/\/www.suno.com.br\/noticias\/paulo-guedes-intervencao-petrobras\/\"]}]},{\"@type\":\"ImageObject\",\"inLanguage\":\"pt-BR\",\"@id\":\"https:\/\/www.suno.com.br\/noticias\/paulo-guedes-intervencao-petrobras\/#primaryimage\",\"url\":\"https:\/\/files.sunoresearch.com.br\/n\/uploads\/2019\/04\/4cc1416c-guedes-jpg.webp\",\"contentUrl\":\"https:\/\/files.sunoresearch.com.br\/n\/uploads\/2019\/04\/4cc1416c-guedes-jpg.webp\",\"width\":1140,\"height\":760,\"caption\":\"Petrobras\"},{\"@type\":\"BreadcrumbList\",\"@id\":\"https:\/\/www.suno.com.br\/noticias\/paulo-guedes-intervencao-petrobras\/#breadcrumb\",\"itemListElement\":[{\"@type\":\"ListItem\",\"position\":1,\"name\":\"Not\u00edcias\",\"item\":\"https:\/\/www.suno.com.br\/noticias\/\"},{\"@type\":\"ListItem\",\"position\":2,\"name\":\"Neg\u00f3cios\",\"item\":\"https:\/\/www.suno.com.br\/noticias\/negocios\/\"},{\"@type\":\"ListItem\",\"position\":3,\"name\":\"Paulo Guedes sobre interven\u00e7\u00e3o na Petrobras: &#8220;N\u00e3o sei do que voc\u00eas est\u00e3o falando&#8221;\"}]},{\"@type\":\"WebSite\",\"@id\":\"https:\/\/www.suno.com.br\/noticias\/#website\",\"url\":\"https:\/\/www.suno.com.br\/noticias\/\",\"name\":\"Suno Not\u00edcias\",\"description\":\"Seu portal de informa\u00e7\u00e3o sobre o mundo dos investimentos\",\"publisher\":{\"@id\":\"https:\/\/www.suno.com.br\/noticias\/#organization\"},\"potentialAction\":[{\"@type\":\"SearchAction\",\"target\":{\"@type\":\"EntryPoint\",\"urlTemplate\":\"https:\/\/www.suno.com.br\/noticias\/?s={search_term_string}\"},\"query-input\":{\"@type\":\"PropertyValueSpecification\",\"valueRequired\":true,\"valueName\":\"search_term_string\"}}],\"inLanguage\":\"pt-BR\"},{\"@type\":\"Organization\",\"@id\":\"https:\/\/www.suno.com.br\/noticias\/#organization\",\"name\":\"Suno Not\u00edcias\",\"url\":\"https:\/\/www.suno.com.br\/noticias\/\",\"logo\":{\"@type\":\"ImageObject\",\"inLanguage\":\"pt-BR\",\"@id\":\"https:\/\/www.suno.com.br\/noticias\/#\/schema\/logo\/image\/\",\"url\":\"https:\/\/files.sunoresearch.com.br\/n\/uploads\/2021\/09\/suno-logo.png\",\"contentUrl\":\"https:\/\/files.sunoresearch.com.br\/n\/uploads\/2021\/09\/suno-logo.png\",\"width\":180,\"height\":180,\"caption\":\"Suno Not\u00edcias\"},\"image\":{\"@id\":\"https:\/\/www.suno.com.br\/noticias\/#\/schema\/logo\/image\/\"},\"sameAs\":[\"https:\/\/facebook.com\/sunoresearch\",\"https:\/\/x.com\/sunoresearch\",\"https:\/\/www.instagram.com\/suno\",\"https:\/\/www.linkedin.com\/company\/suno-research\/\",\"https:\/\/www.youtube.com\/c\/sunoresearch\"]},{\"@type\":\"Person\",\"@id\":\"https:\/\/www.suno.com.br\/noticias\/#\/schema\/person\/3f7693d5795a3f6d5ce15309ee785699\",\"name\":\"Renan Dantas\",\"image\":{\"@type\":\"ImageObject\",\"inLanguage\":\"pt-BR\",\"@id\":\"https:\/\/www.suno.com.br\/noticias\/#\/schema\/person\/image\/\",\"url\":\"https:\/\/secure.gravatar.com\/avatar\/1787b83e7484a08e51d62ac8b41c8396?s=96&r=g\",\"contentUrl\":\"https:\/\/secure.gravatar.com\/avatar\/1787b83e7484a08e51d62ac8b41c8396?s=96&r=g\",\"caption\":\"Renan Dantas\"},\"description\":\"Escreve sobre pol\u00edtica e mercado financeiro para o portal Suno Not\u00edcias. Antes, atuou na assessoria de comunica\u00e7\u00e3o do Minist\u00e9rio P\u00fablico do Trabalho e na R\u00e1dio Mackenzie, onde apresentava e produzia um programa sobre artistas da m\u00fasica brasileira. \u00c9 estudante na Universidade Presbiteriana Mackenzie.\",\"url\":\"https:\/\/www.suno.com.br\/noticias\/author\/renan-dantas\/\"}]}<\/script>\n<!-- \/ Yoast SEO plugin. -->","yoast_head_json":{"title":"Paulo Guedes sobre interven\u00e7\u00e3o na Petrobras: \"N\u00e3o sei do que voc\u00eas est\u00e3o falando\"","description":"Na noite da \u00faltima quinta o presidente\u00a0cancelou o reajuste de 5,7% nos pre\u00e7os do diesel nas refinarias da Petrobras. Clique saber mais.","robots":{"index":"index","follow":"follow","max-snippet":"max-snippet:-1","max-image-preview":"max-image-preview:large","max-video-preview":"max-video-preview:-1"},"canonical":"https:\/\/www.suno.com.br\/noticias\/paulo-guedes-intervencao-petrobras\/","og_locale":"pt_BR","og_type":"article","og_title":"Paulo Guedes sobre interven\u00e7\u00e3o na Petrobras: \"N\u00e3o sei do que voc\u00eas est\u00e3o falando\"","og_description":"Na noite da \u00faltima quinta o presidente\u00a0cancelou o reajuste de 5,7% nos pre\u00e7os do diesel nas refinarias da Petrobras. Clique saber mais.","og_url":"https:\/\/www.suno.com.br\/noticias\/paulo-guedes-intervencao-petrobras\/","og_site_name":"Suno Not\u00edcias","article_publisher":"https:\/\/facebook.com\/sunoresearch","og_image":[{"width":1140,"height":760,"url":"https:\/\/files.sunoresearch.com.br\/n\/uploads\/2019\/04\/4cc1416c-guedes.jpg","type":"image\/jpeg"}],"author":"Renan Dantas","twitter_card":"summary_large_image","twitter_creator":"@sunoresearch","twitter_site":"@sunoresearch","twitter_misc":{"Escrito por":"Renan Dantas","Est. tempo de leitura":"3 minutos"},"schema":{"@context":"https:\/\/schema.org","@graph":[{"@type":"NewsArticle","@id":"https:\/\/www.suno.com.br\/noticias\/paulo-guedes-intervencao-petrobras\/#article","isPartOf":{"@id":"https:\/\/www.suno.com.br\/noticias\/paulo-guedes-intervencao-petrobras\/"},"author":{"name":"Renan Dantas","@id":"https:\/\/www.suno.com.br\/noticias\/#\/schema\/person\/3f7693d5795a3f6d5ce15309ee785699"},"headline":"Paulo Guedes sobre interven\u00e7\u00e3o na Petrobras: &#8220;N\u00e3o sei do que voc\u00eas est\u00e3o falando&#8221;","datePublished":"2019-04-12T23:48:23+00:00","dateModified":"2019-04-13T03:13:00+00:00","mainEntityOfPage":{"@id":"https:\/\/www.suno.com.br\/noticias\/paulo-guedes-intervencao-petrobras\/"},"wordCount":584,"publisher":{"@id":"https:\/\/www.suno.com.br\/noticias\/#organization"},"image":{"@id":"https:\/\/www.suno.com.br\/noticias\/paulo-guedes-intervencao-petrobras\/#primaryimage"},"thumbnailUrl":"https:\/\/files.sunoresearch.com.br\/n\/uploads\/2019\/04\/4cc1416c-guedes-jpg.webp","keywords":["A\u00e7\u00f5es","Economia","Jair Bolsonaro","Paulo Guedes","Petrobras (PETR4)","Roberto Campos Neto"],"articleSection":["Neg\u00f3cios"],"inLanguage":"pt-BR"},{"@type":"WebPage","@id":"https:\/\/www.suno.com.br\/noticias\/paulo-guedes-intervencao-petrobras\/","url":"https:\/\/www.suno.com.br\/noticias\/paulo-guedes-intervencao-petrobras\/","name":"Paulo Guedes sobre interven\u00e7\u00e3o na Petrobras: \"N\u00e3o sei do que voc\u00eas est\u00e3o falando\"","isPartOf":{"@id":"https:\/\/www.suno.com.br\/noticias\/#website"},"primaryImageOfPage":{"@id":"https:\/\/www.suno.com.br\/noticias\/paulo-guedes-intervencao-petrobras\/#primaryimage"},"image":{"@id":"https:\/\/www.suno.com.br\/noticias\/paulo-guedes-intervencao-petrobras\/#primaryimage"},"thumbnailUrl":"https:\/\/files.sunoresearch.com.br\/n\/uploads\/2019\/04\/4cc1416c-guedes-jpg.webp","datePublished":"2019-04-12T23:48:23+00:00","dateModified":"2019-04-13T03:13:00+00:00","description":"Na noite da \u00faltima quinta o presidente\u00a0cancelou o reajuste de 5,7% nos pre\u00e7os do diesel nas refinarias da Petrobras. Clique saber mais.","breadcrumb":{"@id":"https:\/\/www.suno.com.br\/noticias\/paulo-guedes-intervencao-petrobras\/#breadcrumb"},"inLanguage":"pt-BR","potentialAction":[{"@type":"ReadAction","target":["https:\/\/www.suno.com.br\/noticias\/paulo-guedes-intervencao-petrobras\/"]}]},{"@type":"ImageObject","inLanguage":"pt-BR","@id":"https:\/\/www.suno.com.br\/noticias\/paulo-guedes-intervencao-petrobras\/#primaryimage","url":"https:\/\/files.sunoresearch.com.br\/n\/uploads\/2019\/04\/4cc1416c-guedes-jpg.webp","contentUrl":"https:\/\/files.sunoresearch.com.br\/n\/uploads\/2019\/04\/4cc1416c-guedes-jpg.webp","width":1140,"height":760,"caption":"Petrobras"},{"@type":"BreadcrumbList","@id":"https:\/\/www.suno.com.br\/noticias\/paulo-guedes-intervencao-petrobras\/#breadcrumb","itemListElement":[{"@type":"ListItem","position":1,"name":"Not\u00edcias","item":"https:\/\/www.suno.com.br\/noticias\/"},{"@type":"ListItem","position":2,"name":"Neg\u00f3cios","item":"https:\/\/www.suno.com.br\/noticias\/negocios\/"},{"@type":"ListItem","position":3,"name":"Paulo Guedes sobre interven\u00e7\u00e3o na Petrobras: &#8220;N\u00e3o sei do que voc\u00eas est\u00e3o falando&#8221;"}]},{"@type":"WebSite","@id":"https:\/\/www.suno.com.br\/noticias\/#website","url":"https:\/\/www.suno.com.br\/noticias\/","name":"Suno Not\u00edcias","description":"Seu portal de informa\u00e7\u00e3o sobre o mundo dos investimentos","publisher":{"@id":"https:\/\/www.suno.com.br\/noticias\/#organization"},"potentialAction":[{"@type":"SearchAction","target":{"@type":"EntryPoint","urlTemplate":"https:\/\/www.suno.com.br\/noticias\/?s={search_term_string}"},"query-input":{"@type":"PropertyValueSpecification","valueRequired":true,"valueName":"search_term_string"}}],"inLanguage":"pt-BR"},{"@type":"Organization","@id":"https:\/\/www.suno.com.br\/noticias\/#organization","name":"Suno Not\u00edcias","url":"https:\/\/www.suno.com.br\/noticias\/","logo":{"@type":"ImageObject","inLanguage":"pt-BR","@id":"https:\/\/www.suno.com.br\/noticias\/#\/schema\/logo\/image\/","url":"https:\/\/files.sunoresearch.com.br\/n\/uploads\/2021\/09\/suno-logo.png","contentUrl":"https:\/\/files.sunoresearch.com.br\/n\/uploads\/2021\/09\/suno-logo.png","width":180,"height":180,"caption":"Suno Not\u00edcias"},"image":{"@id":"https:\/\/www.suno.com.br\/noticias\/#\/schema\/logo\/image\/"},"sameAs":["https:\/\/facebook.com\/sunoresearch","https:\/\/x.com\/sunoresearch","https:\/\/www.instagram.com\/suno","https:\/\/www.linkedin.com\/company\/suno-research\/","https:\/\/www.youtube.com\/c\/sunoresearch"]},{"@type":"Person","@id":"https:\/\/www.suno.com.br\/noticias\/#\/schema\/person\/3f7693d5795a3f6d5ce15309ee785699","name":"Renan Dantas","image":{"@type":"ImageObject","inLanguage":"pt-BR","@id":"https:\/\/www.suno.com.br\/noticias\/#\/schema\/person\/image\/","url":"https:\/\/secure.gravatar.com\/avatar\/1787b83e7484a08e51d62ac8b41c8396?s=96&r=g","contentUrl":"https:\/\/secure.gravatar.com\/avatar\/1787b83e7484a08e51d62ac8b41c8396?s=96&r=g","caption":"Renan Dantas"},"description":"Escreve sobre pol\u00edtica e mercado financeiro para o portal Suno Not\u00edcias. Antes, atuou na assessoria de comunica\u00e7\u00e3o do Minist\u00e9rio P\u00fablico do Trabalho e na R\u00e1dio Mackenzie, onde apresentava e produzia um programa sobre artistas da m\u00fasica brasileira. \u00c9 estudante na Universidade Presbiteriana Mackenzie.","url":"https:\/\/www.suno.com.br\/noticias\/author\/renan-dantas\/"}]}},"default_loop_html":"<div class=\"cardsPage__listCard__boxs\"><div class=\"cardsPage__listCard__boxs__img\"><a href=\"https:\/\/www.suno.com.br\/noticias\/paulo-guedes-intervencao-petrobras\/\"><img class=\"mask\" src=\"https:\/\/www.suno.com.br\/noticias\/wp-content\/themes\/suno\/resources\/images\/spotlight\/spotlight1img\/bg-mask.png\" alt=\"Image Mask\"\/><img src=\"https:\/\/files.sunoresearch.com.br\/n\/uploads\/2019\/04\/4cc1416c-guedes-400x200.webp\" alt=\"Paulo Guedes sobre interven\u00e7\u00e3o na Petrobras: &#8220;N\u00e3o sei do que voc\u00eas est\u00e3o falando&#8221;\"\/><\/a><span class=\"spotlightCategory\"><a href=\"https:\/\/www.suno.com.br\/noticias\/negocios\/\">Neg\u00f3cios<\/a><\/span><\/div><div class=\"cardsPage__listCard__boxs__content\"><a href=\"https:\/\/www.suno.com.br\/noticias\/paulo-guedes-intervencao-petrobras\/\"><h2 class=\"content__title\">Paulo Guedes sobre interven\u00e7\u00e3o na Petrobras: &#8220;N\u00e3o sei do que voc\u00eas est\u00e3o falando&#8221;<\/h2><\/a><div class=\"newsContent__article__meta\"><div class=\"newsContent__article__meta__authorBox\"><a href=\"https:\/\/www.suno.com.br\/noticias\/author\/renan-dantas\/\" class=\"authorBox__avatar noMobi\"><img src=\"https:\/\/secure.gravatar.com\/avatar\/1787b83e7484a08e51d62ac8b41c8396?s=96&#038;r=g\" alt=\"Renan Dantas\"><\/a><div class=\"authorBox__name\"><span>por\n\t\t\t<a href=\"https:\/\/www.suno.com.br\/noticias\/author\/renan-dantas\/\"><span itemprop=\"author\">Renan Dantas<\/span><\/a><\/span><time datetime=\"2019-04-12T20:48:23-03:00\" itemprop=\"datePublished\">12\/04\/2019 20:48<\/time><\/div><\/div><\/div><\/div><\/div>","single_layout":"posts","amp_enabled":true,"_links":{"self":[{"href":"https:\/\/www.suno.com.br\/noticias\/wp-json\/wp\/v2\/posts\/20870"}],"collection":[{"href":"https:\/\/www.suno.com.br\/noticias\/wp-json\/wp\/v2\/posts"}],"about":[{"href":"https:\/\/www.suno.com.br\/noticias\/wp-json\/wp\/v2\/types\/post"}],"author":[{"embeddable":true,"href":"https:\/\/www.suno.com.br\/noticias\/wp-json\/wp\/v2\/users\/14"}],"replies":[{"embeddable":true,"href":"https:\/\/www.suno.com.br\/noticias\/wp-json\/wp\/v2\/comments?post=20870"}],"version-history":[{"count":0,"href":"https:\/\/www.suno.com.br\/noticias\/wp-json\/wp\/v2\/posts\/20870\/revisions"}],"wp:featuredmedia":[{"embeddable":true,"href":"https:\/\/www.suno.com.br\/noticias\/wp-json\/wp\/v2\/media\/19896"}],"wp:attachment":[{"href":"https:\/\/www.suno.com.br\/noticias\/wp-json\/wp\/v2\/media?parent=20870"}],"wp:term":[{"taxonomy":"category","embeddable":true,"href":"https:\/\/www.suno.com.br\/noticias\/wp-json\/wp\/v2\/categories?post=20870"},{"taxonomy":"post_tag","embeddable":true,"href":"https:\/\/www.suno.com.br\/noticias\/wp-json\/wp\/v2\/tags?post=20870"},{"taxonomy":"suno_strategy","embeddable":true,"href":"https:\/\/www.suno.com.br\/noticias\/wp-json\/wp\/v2\/suno_strategy?post=20870"}],"curies":[{"name":"wp","href":"https:\/\/api.w.org\/{rel}","templated":true}]}}