{"id":20864,"date":"2019-04-12T20:01:21","date_gmt":"2019-04-12T23:01:21","guid":{"rendered":"https:\/\/www.suno.com.br\/noticias\/?p=20864"},"modified":"2019-04-13T00:13:30","modified_gmt":"2019-04-13T03:13:30","slug":"bolsonaro-convoca-precos-petrobras","status":"publish","type":"post","link":"https:\/\/www.suno.com.br\/noticias\/bolsonaro-convoca-precos-petrobras\/","title":{"rendered":"Bolsonaro convoca reuni\u00e3o para tratar de pre\u00e7os da Petrobras"},"content":{"rendered":"<p>O presidente Jair Bolsonaro convocou uma reuni\u00e3o com ministros e t\u00e9cnicos para tratar da quest\u00e3o da pol\u00edtica de pre\u00e7os da Petrobras. A reuni\u00e3o deveria ocorrer na pr\u00f3xima\u00a0ter\u00e7a-feira (16).<\/p>\t<div class=\"wrapper-featured-image\">\n\t\t<figure class=\"spotlightImg\">\n\n\t\t\t<picture>\n\t\t\t\t<source media=\"(max-width: 768px)\" srcset=\"https:\/\/files.sunoresearch.com.br\/n\/uploads\/2019\/02\/c03adae2-petrobras-400x200.webp\">\n\t\t\t\t<img loading=\"lazy\" decoding=\"async\" class=\"newsContent__article__imgCapa lazyloadDisabled newsContent__article__imgCapa--noCaption\" src=\"https:\/\/files.sunoresearch.com.br\/n\/uploads\/2019\/02\/c03adae2-petrobras-800x450.webp\" width=\"800\" height=\"450\" alt=\"Bolsonaro convoca reuni\u00e3o para tratar de pre\u00e7os da Petrobras\" fetchpriority=high \/>\n\t\t\t<\/picture>\n\n\t\t\t<figcaption class=\"wp-caption-text wp-caption-text--hide\">Petrobras<\/figcaption>\n\t\t<\/figure>\n\t<\/div>\n\n\n<p><strong>Bolsonaro<\/strong> convocou o encontro ap\u00f3s a interven\u00e7\u00e3o do <strong>governo<\/strong> sobre a pol\u00edtica de reajustes de pre\u00e7os da <strong>Petrobras<\/strong>. O Executivo barrou a decis\u00e3o da estatal de aumentar de 5,7% o pre\u00e7o do \u00f3leo <strong>diesel<\/strong>.<\/p>\n<p><a href=\"https:\/\/www.suno.com.br\/noticias\/petrobras-queda-acoes-ordinarias-preferenciais-petrobras-oito\/\">Saiba mais:\u00a0Queda de a\u00e7\u00f5es ordin\u00e1rias e preferenciais da Petrobras bate 8%<\/a><\/p>\n<p>A decis\u00e3o de barrar o aumento de pre\u00e7os provocou uma forte queda das a\u00e7\u00f5es da <strong>Petrobras<\/strong> na <strong>Bolsa de Valores<\/strong>. A estatal perdeu R$ 32 bilh\u00f5es do valor de mercado da empresa.<\/p>\n<p>[optin-monster-shortcode id=&#8221;npkxlwaleraa8psvnego&#8221;]<\/p>\n<h2>Reuni\u00e3o confirmada pelo Planalto<\/h2>\n<p>A reuni\u00e3o convocada pelo presidente foi confirmada pelo porta-voz do <strong>Pal\u00e1cio do Planalto<\/strong>, general Ot\u00e1vio R\u00eago Barros. Segundo Barros, <strong>Bolsonaro<\/strong> estaria preocupado com o impacto do ajuste do combust\u00edvel.<\/p>\n<p>&#8220;O encontro de ter\u00e7a caracteriza a necessidade do dirigente do poder executivo de identificar quais os aspectos que levam realmente \u00e0s decis\u00f5es que s\u00e3o t\u00e3o importantes \u00e0 sociedade&#8221;, explicou o porta-voz da Presid\u00eancia da Rep\u00fablica.<\/p>\n<p>Entretanto, Barros n\u00e3o esclareceu se durante a reuni\u00e3o ser\u00e1 tomada uma decis\u00e3o sobre os <strong>pre\u00e7os do diesel<\/strong>. &#8220;A reuni\u00e3o, por princ\u00edpio, \u00e9 para tomar uma decis\u00e3o. Mas se exigir um aprofundamento de alguns dados, naturalmente n\u00e3o ser\u00e1 na ter\u00e7a-feira o resultado final&#8221;, afirmou o porta-voz da Presid\u00eancia.<\/p>\n<h2>Petrobras reafirma independ\u00eancia<\/h2>\n<p>O presidente da <strong>Petrobras<\/strong>,<strong> Roberto Castello Branco<\/strong>, reafirmou a independ\u00eancia da estatal. &#8220;A Petrobras \u00e9 uma companhia completamente aut\u00f4noma na tomada de decis\u00f5es&#8221;, afirmou o executivo.<\/p>\n<h2>Nenhuma interfer\u00eancia<\/h2>\n<p>Barros afirmou que, a princ\u00edpio, <strong>Bolsonaro<\/strong> considera que o governo n\u00e3o deve interferir na pol\u00edtica de pre\u00e7os da Petrobras.<\/p>\n<p>&#8220;Por princ\u00edpio, o presidente entende que a <strong>Petrobras<\/strong>, uma empresa de capital aberto, sujeita \u00e0s regras de mercado, n\u00e3o deve sofrer interfer\u00eancia pol\u00edtica em sua gest\u00e3o. Ali\u00e1s, uma das raz\u00f5es para a crise que v\u00ednhamos incorrendo em governos passados e que quase distribuiu aquela empresa&#8221;, explicou o porta-voz.<\/p>\n<p><a href=\"https:\/\/www.suno.com.br\/noticias\/refino-participacao-petrobras-menor\/\">Saiba mais: Mercado de refino brasileiro pode ter menor participa\u00e7\u00e3o da Petrobras<\/a><\/p>\n\t<p>\n\t\t<a href=\"https:\/\/lp.suno.com.br\/ao\/sessao-estrategica-consultoria-c\/?utm_source=suno-noticias&#038;utm_medium=banner&#038;utm_campaing=dividendos-taxacao-pl\" target=\"_blank\" data-element=\"shortcode-suno-banner\" title=\"Banner SUNO, clique e saiba mais\">\n\t\t\t<picture>\n\t\t\t\t<source media=\"(max-width: 500px)\" srcset=\"https:\/\/files.sunoresearch.com.br\/n\/uploads\/2025\/09\/300x400.webp\">\n\t\t\t\t<img class=\"newsContent__article__imgCapa newsContent__article__imgCapa--banner\"\n\t\t\t\t\tsrc=\"https:\/\/files.sunoresearch.com.br\/n\/uploads\/2025\/09\/SN-DT-1420x240-1.webp\"\n\t\t\t\t\tdata-promo-id=\"628283\"\t\t\t\t\t\t\t\t\t\twidth='1420' height='240'\t\t\t\t\talt=\"https:\/\/files.sunoresearch.com.br\/n\/uploads\/2025\/09\/SN-DT-1420x240-1.webp\"\n\t\t\t\t>\n\t\t\t<\/picture>\n\t\t<\/a>\n\t<\/p>\n\n\n<p>Barros negou que a interven\u00e7\u00e3o na pol\u00edtica de pre\u00e7os signifique que o governo ficar\u00e1 ref\u00e9m dos <strong>caminhoneiros<\/strong>. A categoria vem amea\u00e7ando poss\u00edvel greves caso o pre\u00e7o do combust\u00edvel aumente.\u00a0 &#8220;O <strong>governo<\/strong> n\u00e3o \u00e9 ref\u00e9m de ningu\u00e9m, est\u00e1 aqui representando a sociedade e para conduzir o pa\u00eds para os rumos para os quais a sociedade deseja, n\u00e3o rumos transversos e equivocados do passado&#8221;, explicou o porta-voz.<\/p>\n<h2>Paulo Guedes<\/h2>\n<p>Questionado sobre a interfer\u00eancia do governo nos pre\u00e7os da <strong>Petrobras<\/strong>, o <strong>ministro da Economia<\/strong>, <strong>Paulo Guedes<\/strong>, respondeu:\u00a0&#8220;Eu n\u00e3o sei nem do que voc\u00eas est\u00e3o falando&#8221;. O ministro disse que passou\u00a0&#8220;o dia todo trabalhando&#8221; e que n\u00e3o tem informa\u00e7\u00f5es a respeito do ocorrido.\u00a0&#8220;Eu tenho um sil\u00eancio ensurdecedor para os senhores&#8221;, disse para jornalistas.<\/p>\n","protected":false},"excerpt":{"rendered":"<p>O presidente Jair Bolsonaro convocou uma reuni\u00e3o com ministros e t\u00e9cnicos para tratar da quest\u00e3o da pol\u00edtica de pre\u00e7os da Petrobras. A reuni\u00e3o deveria ocorrer na pr\u00f3xima\u00a0ter\u00e7a-feira (16). Petrobras Bolsonaro convocou o encontro ap\u00f3s a interven\u00e7\u00e3o do governo sobre a pol\u00edtica de reajustes de pre\u00e7os da Petrobras. O Executivo barrou a decis\u00e3o da estatal de [&hellip;]<\/p>\n","protected":false},"author":9,"featured_media":16437,"comment_status":"closed","ping_status":"closed","sticky":false,"template":"","format":"standard","meta":[],"categories":[62],"tags":[833,719,796,595],"suno_strategy":[],"class_list":["post-20864","post","type-post","status-publish","format-standard","has-post-thumbnail","hentry","category-economia","tag-greve-dos-caminhoneiros","tag-jair-bolsonaro","tag-paulo-guedes","tag-petrobras-petr4"],"yoast_head":"<!-- This site is optimized with the Yoast SEO plugin v24.4 - https:\/\/yoast.com\/wordpress\/plugins\/seo\/ -->\n<title>Bolsonaro convoca reuni\u00e3o para tratar de pre\u00e7os da Petrobras<\/title>\n<meta name=\"description\" content=\"Bolsonaro convocou o encontro ap\u00f3s a interven\u00e7\u00e3o do governo sobre a pol\u00edtica de reajustes de pre\u00e7os da Petrobras. Clique para saber mais.\" \/>\n<meta name=\"robots\" content=\"index, follow, max-snippet:-1, max-image-preview:large, max-video-preview:-1\" \/>\n<link rel=\"canonical\" href=\"https:\/\/www.suno.com.br\/noticias\/bolsonaro-convoca-precos-petrobras\/\" \/>\n<meta property=\"og:locale\" content=\"pt_BR\" \/>\n<meta property=\"og:type\" content=\"article\" \/>\n<meta property=\"og:title\" content=\"Bolsonaro convoca reuni\u00e3o para tratar de pre\u00e7os da Petrobras\" \/>\n<meta property=\"og:description\" content=\"Bolsonaro convocou o encontro ap\u00f3s a interven\u00e7\u00e3o do governo sobre a pol\u00edtica de reajustes de pre\u00e7os da Petrobras. Clique para saber mais.\" \/>\n<meta property=\"og:url\" content=\"https:\/\/www.suno.com.br\/noticias\/bolsonaro-convoca-precos-petrobras\/\" \/>\n<meta property=\"og:site_name\" content=\"Suno Not\u00edcias\" \/>\n<meta property=\"article:publisher\" content=\"https:\/\/facebook.com\/sunoresearch\" \/>\n<meta property=\"og:image\" content=\"https:\/\/files.sunoresearch.com.br\/n\/uploads\/2019\/02\/c03adae2-petrobras-1024x683.jpg\" \/>\n\t<meta property=\"og:image:width\" content=\"1024\" \/>\n\t<meta property=\"og:image:height\" content=\"683\" \/>\n\t<meta property=\"og:image:type\" content=\"image\/jpeg\" \/>\n<meta name=\"author\" content=\"Carlo Cauti\" \/>\n<meta name=\"twitter:card\" content=\"summary_large_image\" \/>\n<meta name=\"twitter:creator\" content=\"@sunoresearch\" \/>\n<meta name=\"twitter:site\" content=\"@sunoresearch\" \/>\n<meta name=\"twitter:label1\" content=\"Escrito por\" \/>\n\t<meta name=\"twitter:data1\" content=\"Carlo Cauti\" \/>\n\t<meta name=\"twitter:label2\" content=\"Est. tempo de leitura\" \/>\n\t<meta name=\"twitter:data2\" content=\"3 minutos\" \/>\n<script type=\"application\/ld+json\" class=\"yoast-schema-graph\">{\"@context\":\"https:\/\/schema.org\",\"@graph\":[{\"@type\":\"NewsArticle\",\"@id\":\"https:\/\/www.suno.com.br\/noticias\/bolsonaro-convoca-precos-petrobras\/#article\",\"isPartOf\":{\"@id\":\"https:\/\/www.suno.com.br\/noticias\/bolsonaro-convoca-precos-petrobras\/\"},\"author\":{\"name\":\"Carlo Cauti\",\"@id\":\"https:\/\/www.suno.com.br\/noticias\/#\/schema\/person\/e6e0f723cc177805027f4566c1d5e0c8\"},\"headline\":\"Bolsonaro convoca reuni\u00e3o para tratar de pre\u00e7os da Petrobras\",\"datePublished\":\"2019-04-12T23:01:21+00:00\",\"dateModified\":\"2019-04-13T03:13:30+00:00\",\"mainEntityOfPage\":{\"@id\":\"https:\/\/www.suno.com.br\/noticias\/bolsonaro-convoca-precos-petrobras\/\"},\"wordCount\":545,\"publisher\":{\"@id\":\"https:\/\/www.suno.com.br\/noticias\/#organization\"},\"image\":{\"@id\":\"https:\/\/www.suno.com.br\/noticias\/bolsonaro-convoca-precos-petrobras\/#primaryimage\"},\"thumbnailUrl\":\"https:\/\/files.sunoresearch.com.br\/n\/uploads\/2019\/02\/c03adae2-petrobras-scaled.webp\",\"keywords\":[\"greve dos caminhoneiros\",\"Jair Bolsonaro\",\"Paulo Guedes\",\"Petrobras (PETR4)\"],\"articleSection\":[\"Economia\"],\"inLanguage\":\"pt-BR\"},{\"@type\":\"WebPage\",\"@id\":\"https:\/\/www.suno.com.br\/noticias\/bolsonaro-convoca-precos-petrobras\/\",\"url\":\"https:\/\/www.suno.com.br\/noticias\/bolsonaro-convoca-precos-petrobras\/\",\"name\":\"Bolsonaro convoca reuni\u00e3o para tratar de pre\u00e7os da Petrobras\",\"isPartOf\":{\"@id\":\"https:\/\/www.suno.com.br\/noticias\/#website\"},\"primaryImageOfPage\":{\"@id\":\"https:\/\/www.suno.com.br\/noticias\/bolsonaro-convoca-precos-petrobras\/#primaryimage\"},\"image\":{\"@id\":\"https:\/\/www.suno.com.br\/noticias\/bolsonaro-convoca-precos-petrobras\/#primaryimage\"},\"thumbnailUrl\":\"https:\/\/files.sunoresearch.com.br\/n\/uploads\/2019\/02\/c03adae2-petrobras-scaled.webp\",\"datePublished\":\"2019-04-12T23:01:21+00:00\",\"dateModified\":\"2019-04-13T03:13:30+00:00\",\"description\":\"Bolsonaro convocou o encontro ap\u00f3s a interven\u00e7\u00e3o do governo sobre a pol\u00edtica de reajustes de pre\u00e7os da Petrobras. Clique para saber mais.\",\"breadcrumb\":{\"@id\":\"https:\/\/www.suno.com.br\/noticias\/bolsonaro-convoca-precos-petrobras\/#breadcrumb\"},\"inLanguage\":\"pt-BR\",\"potentialAction\":[{\"@type\":\"ReadAction\",\"target\":[\"https:\/\/www.suno.com.br\/noticias\/bolsonaro-convoca-precos-petrobras\/\"]}]},{\"@type\":\"ImageObject\",\"inLanguage\":\"pt-BR\",\"@id\":\"https:\/\/www.suno.com.br\/noticias\/bolsonaro-convoca-precos-petrobras\/#primaryimage\",\"url\":\"https:\/\/files.sunoresearch.com.br\/n\/uploads\/2019\/02\/c03adae2-petrobras-scaled.webp\",\"contentUrl\":\"https:\/\/files.sunoresearch.com.br\/n\/uploads\/2019\/02\/c03adae2-petrobras-scaled.webp\",\"width\":2560,\"height\":1707,\"caption\":\"Petrobras\"},{\"@type\":\"BreadcrumbList\",\"@id\":\"https:\/\/www.suno.com.br\/noticias\/bolsonaro-convoca-precos-petrobras\/#breadcrumb\",\"itemListElement\":[{\"@type\":\"ListItem\",\"position\":1,\"name\":\"Not\u00edcias\",\"item\":\"https:\/\/www.suno.com.br\/noticias\/\"},{\"@type\":\"ListItem\",\"position\":2,\"name\":\"Economia\",\"item\":\"https:\/\/www.suno.com.br\/noticias\/economia\/\"},{\"@type\":\"ListItem\",\"position\":3,\"name\":\"Bolsonaro convoca reuni\u00e3o para tratar de pre\u00e7os da Petrobras\"}]},{\"@type\":\"WebSite\",\"@id\":\"https:\/\/www.suno.com.br\/noticias\/#website\",\"url\":\"https:\/\/www.suno.com.br\/noticias\/\",\"name\":\"Suno Not\u00edcias\",\"description\":\"Seu portal de informa\u00e7\u00e3o sobre o mundo dos investimentos\",\"publisher\":{\"@id\":\"https:\/\/www.suno.com.br\/noticias\/#organization\"},\"potentialAction\":[{\"@type\":\"SearchAction\",\"target\":{\"@type\":\"EntryPoint\",\"urlTemplate\":\"https:\/\/www.suno.com.br\/noticias\/?s={search_term_string}\"},\"query-input\":{\"@type\":\"PropertyValueSpecification\",\"valueRequired\":true,\"valueName\":\"search_term_string\"}}],\"inLanguage\":\"pt-BR\"},{\"@type\":\"Organization\",\"@id\":\"https:\/\/www.suno.com.br\/noticias\/#organization\",\"name\":\"Suno Not\u00edcias\",\"url\":\"https:\/\/www.suno.com.br\/noticias\/\",\"logo\":{\"@type\":\"ImageObject\",\"inLanguage\":\"pt-BR\",\"@id\":\"https:\/\/www.suno.com.br\/noticias\/#\/schema\/logo\/image\/\",\"url\":\"https:\/\/files.sunoresearch.com.br\/n\/uploads\/2021\/09\/suno-logo.png\",\"contentUrl\":\"https:\/\/files.sunoresearch.com.br\/n\/uploads\/2021\/09\/suno-logo.png\",\"width\":180,\"height\":180,\"caption\":\"Suno Not\u00edcias\"},\"image\":{\"@id\":\"https:\/\/www.suno.com.br\/noticias\/#\/schema\/logo\/image\/\"},\"sameAs\":[\"https:\/\/facebook.com\/sunoresearch\",\"https:\/\/x.com\/sunoresearch\",\"https:\/\/www.instagram.com\/suno\",\"https:\/\/www.linkedin.com\/company\/suno-research\/\",\"https:\/\/www.youtube.com\/c\/sunoresearch\"]},{\"@type\":\"Person\",\"@id\":\"https:\/\/www.suno.com.br\/noticias\/#\/schema\/person\/e6e0f723cc177805027f4566c1d5e0c8\",\"name\":\"Carlo Cauti\",\"image\":{\"@type\":\"ImageObject\",\"inLanguage\":\"pt-BR\",\"@id\":\"https:\/\/www.suno.com.br\/noticias\/#\/schema\/person\/image\/\",\"url\":\"https:\/\/secure.gravatar.com\/avatar\/3ada9e0bd164c23abd4792a9606d583c?s=96&r=g\",\"contentUrl\":\"https:\/\/secure.gravatar.com\/avatar\/3ada9e0bd164c23abd4792a9606d583c?s=96&r=g\",\"caption\":\"Carlo Cauti\"},\"description\":\"Editor multim\u00eddia do SUNO Not\u00edcias. Italiano, formado em Ci\u00eancias Pol\u00edticas pela universidade LUISS G. Carli de Roma e mestre cum laude em Rela\u00e7\u00f5es Internacionais, Jornalismo Internacional e de Guerra e em Economia Internacional. Concluiu tamb\u00e9m um MBA em Finan\u00e7as na B3. No Brasil, teve passagem por ve\u00edculos como Estad\u00e3o, Globo, Veja e EXAME. e nas ag\u00eancias de not\u00edcias italianas ANSA e NOVA.\",\"url\":\"https:\/\/www.suno.com.br\/noticias\/author\/carlo-cauti\/\"}]}<\/script>\n<!-- \/ Yoast SEO plugin. -->","yoast_head_json":{"title":"Bolsonaro convoca reuni\u00e3o para tratar de pre\u00e7os da Petrobras","description":"Bolsonaro convocou o encontro ap\u00f3s a interven\u00e7\u00e3o do governo sobre a pol\u00edtica de reajustes de pre\u00e7os da Petrobras. Clique para saber mais.","robots":{"index":"index","follow":"follow","max-snippet":"max-snippet:-1","max-image-preview":"max-image-preview:large","max-video-preview":"max-video-preview:-1"},"canonical":"https:\/\/www.suno.com.br\/noticias\/bolsonaro-convoca-precos-petrobras\/","og_locale":"pt_BR","og_type":"article","og_title":"Bolsonaro convoca reuni\u00e3o para tratar de pre\u00e7os da Petrobras","og_description":"Bolsonaro convocou o encontro ap\u00f3s a interven\u00e7\u00e3o do governo sobre a pol\u00edtica de reajustes de pre\u00e7os da Petrobras. Clique para saber mais.","og_url":"https:\/\/www.suno.com.br\/noticias\/bolsonaro-convoca-precos-petrobras\/","og_site_name":"Suno Not\u00edcias","article_publisher":"https:\/\/facebook.com\/sunoresearch","og_image":[{"width":1024,"height":683,"url":"https:\/\/files.sunoresearch.com.br\/n\/uploads\/2019\/02\/c03adae2-petrobras-1024x683.jpg","type":"image\/jpeg"}],"author":"Carlo Cauti","twitter_card":"summary_large_image","twitter_creator":"@sunoresearch","twitter_site":"@sunoresearch","twitter_misc":{"Escrito por":"Carlo Cauti","Est. tempo de leitura":"3 minutos"},"schema":{"@context":"https:\/\/schema.org","@graph":[{"@type":"NewsArticle","@id":"https:\/\/www.suno.com.br\/noticias\/bolsonaro-convoca-precos-petrobras\/#article","isPartOf":{"@id":"https:\/\/www.suno.com.br\/noticias\/bolsonaro-convoca-precos-petrobras\/"},"author":{"name":"Carlo Cauti","@id":"https:\/\/www.suno.com.br\/noticias\/#\/schema\/person\/e6e0f723cc177805027f4566c1d5e0c8"},"headline":"Bolsonaro convoca reuni\u00e3o para tratar de pre\u00e7os da Petrobras","datePublished":"2019-04-12T23:01:21+00:00","dateModified":"2019-04-13T03:13:30+00:00","mainEntityOfPage":{"@id":"https:\/\/www.suno.com.br\/noticias\/bolsonaro-convoca-precos-petrobras\/"},"wordCount":545,"publisher":{"@id":"https:\/\/www.suno.com.br\/noticias\/#organization"},"image":{"@id":"https:\/\/www.suno.com.br\/noticias\/bolsonaro-convoca-precos-petrobras\/#primaryimage"},"thumbnailUrl":"https:\/\/files.sunoresearch.com.br\/n\/uploads\/2019\/02\/c03adae2-petrobras-scaled.webp","keywords":["greve dos caminhoneiros","Jair Bolsonaro","Paulo Guedes","Petrobras (PETR4)"],"articleSection":["Economia"],"inLanguage":"pt-BR"},{"@type":"WebPage","@id":"https:\/\/www.suno.com.br\/noticias\/bolsonaro-convoca-precos-petrobras\/","url":"https:\/\/www.suno.com.br\/noticias\/bolsonaro-convoca-precos-petrobras\/","name":"Bolsonaro convoca reuni\u00e3o para tratar de pre\u00e7os da Petrobras","isPartOf":{"@id":"https:\/\/www.suno.com.br\/noticias\/#website"},"primaryImageOfPage":{"@id":"https:\/\/www.suno.com.br\/noticias\/bolsonaro-convoca-precos-petrobras\/#primaryimage"},"image":{"@id":"https:\/\/www.suno.com.br\/noticias\/bolsonaro-convoca-precos-petrobras\/#primaryimage"},"thumbnailUrl":"https:\/\/files.sunoresearch.com.br\/n\/uploads\/2019\/02\/c03adae2-petrobras-scaled.webp","datePublished":"2019-04-12T23:01:21+00:00","dateModified":"2019-04-13T03:13:30+00:00","description":"Bolsonaro convocou o encontro ap\u00f3s a interven\u00e7\u00e3o do governo sobre a pol\u00edtica de reajustes de pre\u00e7os da Petrobras. Clique para saber mais.","breadcrumb":{"@id":"https:\/\/www.suno.com.br\/noticias\/bolsonaro-convoca-precos-petrobras\/#breadcrumb"},"inLanguage":"pt-BR","potentialAction":[{"@type":"ReadAction","target":["https:\/\/www.suno.com.br\/noticias\/bolsonaro-convoca-precos-petrobras\/"]}]},{"@type":"ImageObject","inLanguage":"pt-BR","@id":"https:\/\/www.suno.com.br\/noticias\/bolsonaro-convoca-precos-petrobras\/#primaryimage","url":"https:\/\/files.sunoresearch.com.br\/n\/uploads\/2019\/02\/c03adae2-petrobras-scaled.webp","contentUrl":"https:\/\/files.sunoresearch.com.br\/n\/uploads\/2019\/02\/c03adae2-petrobras-scaled.webp","width":2560,"height":1707,"caption":"Petrobras"},{"@type":"BreadcrumbList","@id":"https:\/\/www.suno.com.br\/noticias\/bolsonaro-convoca-precos-petrobras\/#breadcrumb","itemListElement":[{"@type":"ListItem","position":1,"name":"Not\u00edcias","item":"https:\/\/www.suno.com.br\/noticias\/"},{"@type":"ListItem","position":2,"name":"Economia","item":"https:\/\/www.suno.com.br\/noticias\/economia\/"},{"@type":"ListItem","position":3,"name":"Bolsonaro convoca reuni\u00e3o para tratar de pre\u00e7os da Petrobras"}]},{"@type":"WebSite","@id":"https:\/\/www.suno.com.br\/noticias\/#website","url":"https:\/\/www.suno.com.br\/noticias\/","name":"Suno Not\u00edcias","description":"Seu portal de informa\u00e7\u00e3o sobre o mundo dos investimentos","publisher":{"@id":"https:\/\/www.suno.com.br\/noticias\/#organization"},"potentialAction":[{"@type":"SearchAction","target":{"@type":"EntryPoint","urlTemplate":"https:\/\/www.suno.com.br\/noticias\/?s={search_term_string}"},"query-input":{"@type":"PropertyValueSpecification","valueRequired":true,"valueName":"search_term_string"}}],"inLanguage":"pt-BR"},{"@type":"Organization","@id":"https:\/\/www.suno.com.br\/noticias\/#organization","name":"Suno Not\u00edcias","url":"https:\/\/www.suno.com.br\/noticias\/","logo":{"@type":"ImageObject","inLanguage":"pt-BR","@id":"https:\/\/www.suno.com.br\/noticias\/#\/schema\/logo\/image\/","url":"https:\/\/files.sunoresearch.com.br\/n\/uploads\/2021\/09\/suno-logo.png","contentUrl":"https:\/\/files.sunoresearch.com.br\/n\/uploads\/2021\/09\/suno-logo.png","width":180,"height":180,"caption":"Suno Not\u00edcias"},"image":{"@id":"https:\/\/www.suno.com.br\/noticias\/#\/schema\/logo\/image\/"},"sameAs":["https:\/\/facebook.com\/sunoresearch","https:\/\/x.com\/sunoresearch","https:\/\/www.instagram.com\/suno","https:\/\/www.linkedin.com\/company\/suno-research\/","https:\/\/www.youtube.com\/c\/sunoresearch"]},{"@type":"Person","@id":"https:\/\/www.suno.com.br\/noticias\/#\/schema\/person\/e6e0f723cc177805027f4566c1d5e0c8","name":"Carlo Cauti","image":{"@type":"ImageObject","inLanguage":"pt-BR","@id":"https:\/\/www.suno.com.br\/noticias\/#\/schema\/person\/image\/","url":"https:\/\/secure.gravatar.com\/avatar\/3ada9e0bd164c23abd4792a9606d583c?s=96&r=g","contentUrl":"https:\/\/secure.gravatar.com\/avatar\/3ada9e0bd164c23abd4792a9606d583c?s=96&r=g","caption":"Carlo Cauti"},"description":"Editor multim\u00eddia do SUNO Not\u00edcias. Italiano, formado em Ci\u00eancias Pol\u00edticas pela universidade LUISS G. Carli de Roma e mestre cum laude em Rela\u00e7\u00f5es Internacionais, Jornalismo Internacional e de Guerra e em Economia Internacional. Concluiu tamb\u00e9m um MBA em Finan\u00e7as na B3. No Brasil, teve passagem por ve\u00edculos como Estad\u00e3o, Globo, Veja e EXAME. e nas ag\u00eancias de not\u00edcias italianas ANSA e NOVA.","url":"https:\/\/www.suno.com.br\/noticias\/author\/carlo-cauti\/"}]}},"default_loop_html":"<div class=\"cardsPage__listCard__boxs\"><div class=\"cardsPage__listCard__boxs__img\"><a href=\"https:\/\/www.suno.com.br\/noticias\/bolsonaro-convoca-precos-petrobras\/\"><img class=\"mask\" src=\"https:\/\/www.suno.com.br\/noticias\/wp-content\/themes\/suno\/resources\/images\/spotlight\/spotlight1img\/bg-mask.png\" alt=\"Image Mask\"\/><img src=\"https:\/\/files.sunoresearch.com.br\/n\/uploads\/2019\/02\/c03adae2-petrobras-400x200.webp\" alt=\"Bolsonaro convoca reuni\u00e3o para tratar de pre\u00e7os da Petrobras\"\/><\/a><span class=\"spotlightCategory\"><a href=\"https:\/\/www.suno.com.br\/noticias\/economia\/\">Economia<\/a><\/span><\/div><div class=\"cardsPage__listCard__boxs__content\"><a href=\"https:\/\/www.suno.com.br\/noticias\/bolsonaro-convoca-precos-petrobras\/\"><h2 class=\"content__title\">Bolsonaro convoca reuni\u00e3o para tratar de pre\u00e7os da Petrobras<\/h2><\/a><div class=\"newsContent__article__meta\"><div class=\"newsContent__article__meta__authorBox\"><a href=\"https:\/\/www.suno.com.br\/noticias\/author\/carlo-cauti\/\" class=\"authorBox__avatar noMobi\"><img src=\"https:\/\/files.sunoresearch.com.br\/n\/uploads\/2020\/08\/e3745f9a-perfil-carlo-cauti-150x150.webp\" alt=\"Carlo Cauti\"><\/a><div class=\"authorBox__name\"><span>por\n\t\t\t<a href=\"https:\/\/www.suno.com.br\/noticias\/author\/carlo-cauti\/\"><span itemprop=\"author\">Carlo Cauti<\/span><\/a><\/span><time datetime=\"2019-04-12T20:01:21-03:00\" itemprop=\"datePublished\">12\/04\/2019 20:01<\/time><\/div><\/div><\/div><\/div><\/div>","single_layout":"posts","amp_enabled":true,"_links":{"self":[{"href":"https:\/\/www.suno.com.br\/noticias\/wp-json\/wp\/v2\/posts\/20864"}],"collection":[{"href":"https:\/\/www.suno.com.br\/noticias\/wp-json\/wp\/v2\/posts"}],"about":[{"href":"https:\/\/www.suno.com.br\/noticias\/wp-json\/wp\/v2\/types\/post"}],"author":[{"embeddable":true,"href":"https:\/\/www.suno.com.br\/noticias\/wp-json\/wp\/v2\/users\/9"}],"replies":[{"embeddable":true,"href":"https:\/\/www.suno.com.br\/noticias\/wp-json\/wp\/v2\/comments?post=20864"}],"version-history":[{"count":0,"href":"https:\/\/www.suno.com.br\/noticias\/wp-json\/wp\/v2\/posts\/20864\/revisions"}],"wp:featuredmedia":[{"embeddable":true,"href":"https:\/\/www.suno.com.br\/noticias\/wp-json\/wp\/v2\/media\/16437"}],"wp:attachment":[{"href":"https:\/\/www.suno.com.br\/noticias\/wp-json\/wp\/v2\/media?parent=20864"}],"wp:term":[{"taxonomy":"category","embeddable":true,"href":"https:\/\/www.suno.com.br\/noticias\/wp-json\/wp\/v2\/categories?post=20864"},{"taxonomy":"post_tag","embeddable":true,"href":"https:\/\/www.suno.com.br\/noticias\/wp-json\/wp\/v2\/tags?post=20864"},{"taxonomy":"suno_strategy","embeddable":true,"href":"https:\/\/www.suno.com.br\/noticias\/wp-json\/wp\/v2\/suno_strategy?post=20864"}],"curies":[{"name":"wp","href":"https:\/\/api.w.org\/{rel}","templated":true}]}}